{"id":928,"date":"2018-11-09T18:54:07","date_gmt":"2018-11-09T17:54:07","guid":{"rendered":"https:\/\/regions-snetap-fsu.fr\/hdf\/?p=928"},"modified":"2018-11-09T18:54:07","modified_gmt":"2018-11-09T17:54:07","slug":"on-ne-lache-surtout-pas","status":"publish","type":"post","link":"https:\/\/regions-snetap-fsu.fr\/formation\/2018\/11\/09\/on-ne-lache-surtout-pas\/","title":{"rendered":"On ne l\u00e2che surtout pas !"},"content":{"rendered":"<p style=\"text-align: center\"><span style=\"color: #ff0000\"><strong><span style=\"font-size: 18pt\">On ne l\u00e2che surtout pas !<\/span><\/strong><\/span><\/p>\n<p style=\"text-align: justify\"><span style=\"color: #0000ff\">L&rsquo;effectif des mobilis\u00e9\u00b7es dans la r\u00e9gion des Hauts-de-France se conforte pour la manifestation \u00e0 Paris le 12 novembre pour une ambition pour l&rsquo;Enseignement Agricole Public.<\/span><\/p>\n<p style=\"text-align: justify\"><span style=\"color: #0000ff\">Ne doutant pas de l&rsquo;engagement de chacun.e d&rsquo;entre-vous, nous connaissons toutes et tous la difficult\u00e9 de franchir le pas de la gr\u00e8ve, voire du d\u00e9placement militant&#8230; mais il est tout aussi vrai qu&rsquo;il n&rsquo;existe pas de microclimats plus propice \u00e0 la mobilisation ici qu&rsquo;ailleurs.<\/span><\/p>\n<p><span style=\"color: #0000ff\">Merci pour les efforts de chacun\u00b7e d&rsquo;entre-vous qui ne sont pas des moindres.<\/span><\/p>\n<p style=\"text-align: justify\"><span style=\"color: #0000ff\">Bien entendu, les derni\u00e8res d\u00e9cisions pour notre mobilisation seront les biens-venues pour ne rien l\u00e2cher ! Plus on augmente le nombre, plus forte sera la n\u00e9gociation avec le Ministre qui v\u00e9rifiera les chiffres de la mobilisation. Le SNETAP-FSU couvrira vos frais de d\u00e9placement.<\/span><\/p>\n<p style=\"text-align: center\"><span style=\"font-size: 14pt\"><strong><span style=\"color: #ff0000\">Rassemblement 10H-11H \u00e0 la DGER au 1 ter avenue de Lowendal.<\/span><\/strong><\/span><\/p>\n<p><span style=\"color: #0000ff\">Pour celles et ceux qui arriverons en <strong>gare du Nord<\/strong> voici l&rsquo;itin\u00e9raire pour rejoindre la DGER :<\/span><\/p>\n<p><span style=\"color: #ff0000\"><strong>Lignes 4 et 8 :<\/strong><\/span><\/p>\n<div><span style=\"color: #0000ff\"><strong>Attention<\/strong> pour raison de travaux la <strong>station Strasbourg-St-Denis de la ligne 4 est ferm\u00e9e<\/strong> et donc ne vous permettra pas de prendre la correspondance de la ligne 8. Il faudra descendre avant !<\/span><\/div>\n<div><span style=\"color: #0000ff\">Sur la ligne 4, descendre \u00e0 Ch\u00e2teau d&rsquo;Eau =&gt; 5 min \u00e0 pied vers Strasbourg-St-Denis (sinon bus ci-dessous) =&gt; Prendre ligne 8 direction Balard =&gt; descendre \u00e0 la station \u00c9cole militaire =&gt; 7 min \u00e0 pied pour 1 ter avenue de Lowendal.<\/span><\/div>\n<div>\n<div><img decoding=\"async\" src=\"https:\/\/webmail.laposte.net\/service\/home\/~\/?auth=co&amp;id=66561&amp;part=1.2.2\" alt=\"\" \/><\/div>\n<\/div>\n<div><a href=\"https:\/\/drive.google.com\/file\/d\/1sF6yIL8FqNgrNWovvXiiQHEx__jwxpeJ\/view?usp=sharing\" target=\"_blank\" rel=\"noopener\"><span style=\"text-decoration: underline;color: #000000\">Lien : M\u00e9tro ligne 4<\/span><\/a><\/div>\n<div><a href=\"https:\/\/drive.google.com\/file\/d\/1grdBmxkCGO2jb3HW8vSN8RG6HCDL4Bgz\/view?usp=sharing\" target=\"_blank\" rel=\"noopener\"><span style=\"text-decoration: underline;color: #000000\">Lien : M\u00e9tro ligne 8<\/span><\/a><\/div>\n<div><\/div>\n<div><span style=\"color: #ff0000\"><strong>Lignes 5 et 8<\/strong> :<\/span><\/div>\n<div>\n<div><span style=\"color: #0000ff\">Si vous souhaitez <strong>rester en m\u00e9tro\u00a0<\/strong> : Ligne 5 direction Place d&rsquo;Italie =&gt; descendre \u00e0 R\u00e9publique\u00a0 =&gt; Prendre ligne 8 direction Balard =&gt; descendre \u00e0 la station \u00c9cole militaire =&gt; 7 min \u00e0 pied pour 1 ter avenue de Lowendal.<\/span><\/div>\n<div><a href=\"https:\/\/drive.google.com\/file\/d\/1uMrqSfTNfPnPrmT1XsaDqycv3FPf4F3I\/view?usp=sharing\" target=\"_blank\" rel=\"noopener\"><span style=\"text-decoration: underline\"><span style=\"color: #000000;text-decoration: underline\">Lien : M\u00e9tro ligne 5<\/span><\/span><\/a><\/div>\n<div><a href=\"https:\/\/drive.google.com\/file\/d\/1grdBmxkCGO2jb3HW8vSN8RG6HCDL4Bgz\/view?usp=sharing\" target=\"_blank\" rel=\"noopener\"><span style=\"text-decoration: underline;color: #000000\">Lien : M\u00e9tro ligne 8<\/span><\/a><\/div>\n<div><\/div>\n<div><span style=\"color: #0000ff\"><span style=\"color: #ff0000\"><strong>Pour les v\u00e9hicules<\/strong><\/span> : il y a des parkings au niveau de l\u2019\u00c9cole militaire proche de la DGER.<\/span><\/div>\n<div><\/div>\n<\/div>\n<div>\n<p style=\"text-align: center\"><span style=\"color: #ff0000\"><strong>Pr\u00e9voir un pique-nique et bien s\u00fbr des badges, drapeaux, banderol<\/strong><strong>es, sifflets, etc.<\/strong><\/span><\/p>\n<p style=\"text-align: center\"><strong><span style=\"color: #ff0000\">Attention, pr\u00e9vision de pluie. Sortez couvert !<\/span><\/strong><\/p>\n<\/div>\n<div><\/div>\n<div>\n<div><strong><span style=\"color: #ff0000\">A <span id=\"OBJ_PREFIX_DWT903_com_zimbra_date\" class=\"Object\">lundi<\/span>, bonne route, bonne mobilisation<\/span><\/strong><\/div>\n<\/div>\n","protected":false},"excerpt":{"rendered":"<p>On ne l\u00e2che surtout pas ! L&rsquo;effectif des mobilis\u00e9\u00b7es dans la r\u00e9gion des Hauts-de-France se conforte pour la manifestation \u00e0 Paris le 12 novembre pour une ambition pour l&rsquo;Enseignement Agricole Public. Ne doutant pas de l&rsquo;engagement de chacun.e d&rsquo;entre-vous, nous connaissons toutes et tous la difficult\u00e9 de franchir le pas de la gr\u00e8ve, voire du [&hellip;]<\/p>\n","protected":false},"author":138,"featured_media":0,"comment_status":"closed","ping_status":"closed","sticky":false,"template":"","format":"standard","meta":{"ocean_post_layout":"","ocean_both_sidebars_style":"","ocean_both_sidebars_content_width":0,"ocean_both_sidebars_sidebars_width":0,"ocean_sidebar":"","ocean_second_sidebar":"","ocean_disable_margins":"enable","ocean_add_body_class":"","ocean_shortcode_before_top_bar":"","ocean_shortcode_after_top_bar":"","ocean_shortcode_before_header":"","ocean_shortcode_after_header":"","ocean_has_shortcode":"","ocean_shortcode_after_title":"","ocean_shortcode_before_footer_widgets":"","ocean_shortcode_after_footer_widgets":"","ocean_shortcode_before_footer_bottom":"","ocean_shortcode_after_footer_bottom":"","ocean_display_top_bar":"default","ocean_display_header":"default","ocean_header_style":"","ocean_center_header_left_menu":"","ocean_custom_header_template":"","ocean_custom_logo":0,"ocean_custom_retina_logo":0,"ocean_custom_logo_max_width":0,"ocean_custom_logo_tablet_max_width":0,"ocean_custom_logo_mobile_max_width":0,"ocean_custom_logo_max_height":0,"ocean_custom_logo_tablet_max_height":0,"ocean_custom_logo_mobile_max_height":0,"ocean_header_custom_menu":"","ocean_menu_typo_font_family":"","ocean_menu_typo_font_subset":"","ocean_menu_typo_font_size":0,"ocean_menu_typo_font_size_tablet":0,"ocean_menu_typo_font_size_mobile":0,"ocean_menu_typo_font_size_unit":"px","ocean_menu_typo_font_weight":"","ocean_menu_typo_font_weight_tablet":"","ocean_menu_typo_font_weight_mobile":"","ocean_menu_typo_transform":"","ocean_menu_typo_transform_tablet":"","ocean_menu_typo_transform_mobile":"","ocean_menu_typo_line_height":0,"ocean_menu_typo_line_height_tablet":0,"ocean_menu_typo_line_height_mobile":0,"ocean_menu_typo_line_height_unit":"","ocean_menu_typo_spacing":0,"ocean_menu_typo_spacing_tablet":0,"ocean_menu_typo_spacing_mobile":0,"ocean_menu_typo_spacing_unit":"","ocean_menu_link_color":"","ocean_menu_link_color_hover":"","ocean_menu_link_color_active":"","ocean_menu_link_background":"","ocean_menu_link_hover_background":"","ocean_menu_link_active_background":"","ocean_menu_social_links_bg":"","ocean_menu_social_hover_links_bg":"","ocean_menu_social_links_color":"","ocean_menu_social_hover_links_color":"","ocean_disable_title":"default","ocean_disable_heading":"default","ocean_post_title":"","ocean_post_subheading":"","ocean_post_title_style":"","ocean_post_title_background_color":"","ocean_post_title_background":0,"ocean_post_title_bg_image_position":"","ocean_post_title_bg_image_attachment":"","ocean_post_title_bg_image_repeat":"","ocean_post_title_bg_image_size":"","ocean_post_title_height":0,"ocean_post_title_bg_overlay":0.5,"ocean_post_title_bg_overlay_color":"","ocean_disable_breadcrumbs":"default","ocean_breadcrumbs_color":"","ocean_breadcrumbs_separator_color":"","ocean_breadcrumbs_links_color":"","ocean_breadcrumbs_links_hover_color":"","ocean_display_footer_widgets":"default","ocean_display_footer_bottom":"default","ocean_custom_footer_template":"","ocean_post_oembed":"","ocean_post_self_hosted_media":"","ocean_post_video_embed":"","ocean_link_format":"","ocean_link_format_target":"self","ocean_quote_format":"","ocean_quote_format_link":"post","ocean_gallery_link_images":"on","ocean_gallery_id":[],"footnotes":""},"categories":[3],"tags":[],"post_folder":[],"class_list":["post-928","post","type-post","status-publish","format-standard","hentry","category-actions-greves-manifs","entry"],"yoast_head":"<!-- This site is optimized with the Yoast SEO plugin v27.4 - https:\/\/yoast.com\/product\/yoast-seo-wordpress\/ -->\n<title>On ne l\u00e2che surtout pas ! - Formation des sites R\u00e9gionaux du SNETAP-FSU<\/title>\n<meta name=\"robots\" content=\"index, follow, max-snippet:-1, max-image-preview:large, max-video-preview:-1\" \/>\n<link rel=\"canonical\" href=\"https:\/\/regions-snetap-fsu.fr\/formation\/2018\/11\/09\/on-ne-lache-surtout-pas\/\" \/>\n<meta property=\"og:locale\" content=\"fr_FR\" \/>\n<meta property=\"og:type\" content=\"article\" \/>\n<meta property=\"og:title\" content=\"On ne l\u00e2che surtout pas ! - Formation des sites R\u00e9gionaux du SNETAP-FSU\" \/>\n<meta property=\"og:description\" content=\"On ne l\u00e2che surtout pas ! L&rsquo;effectif des mobilis\u00e9\u00b7es dans la r\u00e9gion des Hauts-de-France se conforte pour la manifestation \u00e0 Paris le 12 novembre pour une ambition pour l&rsquo;Enseignement Agricole Public. Ne doutant pas de l&rsquo;engagement de chacun.e d&rsquo;entre-vous, nous connaissons toutes et tous la difficult\u00e9 de franchir le pas de la gr\u00e8ve, voire du [&hellip;]\" \/>\n<meta property=\"og:url\" content=\"https:\/\/regions-snetap-fsu.fr\/formation\/2018\/11\/09\/on-ne-lache-surtout-pas\/\" \/>\n<meta property=\"og:site_name\" content=\"Formation des sites R\u00e9gionaux du SNETAP-FSU\" \/>\n<meta property=\"article:published_time\" content=\"2018-11-09T17:54:07+00:00\" \/>\n<meta property=\"og:image\" content=\"https:\/\/webmail.laposte.net\/service\/home\/~\/?auth=co&amp;id=66561&amp;part=1.2.2\" \/>\n<meta name=\"author\" content=\"yoctavien\" \/>\n<meta name=\"twitter:card\" content=\"summary_large_image\" \/>\n<meta name=\"twitter:label1\" content=\"\u00c9crit par\" \/>\n\t<meta name=\"twitter:data1\" content=\"yoctavien\" \/>\n\t<meta name=\"twitter:label2\" content=\"Dur\u00e9e de lecture estim\u00e9e\" \/>\n\t<meta name=\"twitter:data2\" content=\"2 minutes\" \/>\n<script type=\"application\/ld+json\" class=\"yoast-schema-graph\">{\"@context\":\"https:\\\/\\\/schema.org\",\"@graph\":[{\"@type\":\"Article\",\"@id\":\"https:\\\/\\\/regions-snetap-fsu.fr\\\/formation\\\/2018\\\/11\\\/09\\\/on-ne-lache-surtout-pas\\\/#article\",\"isPartOf\":{\"@id\":\"https:\\\/\\\/regions-snetap-fsu.fr\\\/formation\\\/2018\\\/11\\\/09\\\/on-ne-lache-surtout-pas\\\/\"},\"author\":{\"name\":\"yoctavien\",\"@id\":\"https:\\\/\\\/regions-snetap-fsu.fr\\\/formation\\\/#\\\/schema\\\/person\\\/f5dc7b6354e942ca9c5fa8e9ff7e5c93\"},\"headline\":\"On ne l\u00e2che surtout pas !\",\"datePublished\":\"2018-11-09T17:54:07+00:00\",\"mainEntityOfPage\":{\"@id\":\"https:\\\/\\\/regions-snetap-fsu.fr\\\/formation\\\/2018\\\/11\\\/09\\\/on-ne-lache-surtout-pas\\\/\"},\"wordCount\":349,\"publisher\":{\"@id\":\"https:\\\/\\\/regions-snetap-fsu.fr\\\/formation\\\/#organization\"},\"image\":{\"@id\":\"https:\\\/\\\/regions-snetap-fsu.fr\\\/formation\\\/2018\\\/11\\\/09\\\/on-ne-lache-surtout-pas\\\/#primaryimage\"},\"thumbnailUrl\":\"https:\\\/\\\/webmail.laposte.net\\\/service\\\/home\\\/~\\\/?auth=co&amp;id=66561&amp;part=1.2.2\",\"articleSection\":[\"Actions - Gr\u00e8ves - Manifs\"],\"inLanguage\":\"fr-FR\"},{\"@type\":\"WebPage\",\"@id\":\"https:\\\/\\\/regions-snetap-fsu.fr\\\/formation\\\/2018\\\/11\\\/09\\\/on-ne-lache-surtout-pas\\\/\",\"url\":\"https:\\\/\\\/regions-snetap-fsu.fr\\\/formation\\\/2018\\\/11\\\/09\\\/on-ne-lache-surtout-pas\\\/\",\"name\":\"On ne l\u00e2che surtout pas ! - Formation des sites R\u00e9gionaux du SNETAP-FSU\",\"isPartOf\":{\"@id\":\"https:\\\/\\\/regions-snetap-fsu.fr\\\/formation\\\/#website\"},\"primaryImageOfPage\":{\"@id\":\"https:\\\/\\\/regions-snetap-fsu.fr\\\/formation\\\/2018\\\/11\\\/09\\\/on-ne-lache-surtout-pas\\\/#primaryimage\"},\"image\":{\"@id\":\"https:\\\/\\\/regions-snetap-fsu.fr\\\/formation\\\/2018\\\/11\\\/09\\\/on-ne-lache-surtout-pas\\\/#primaryimage\"},\"thumbnailUrl\":\"https:\\\/\\\/webmail.laposte.net\\\/service\\\/home\\\/~\\\/?auth=co&amp;id=66561&amp;part=1.2.2\",\"datePublished\":\"2018-11-09T17:54:07+00:00\",\"breadcrumb\":{\"@id\":\"https:\\\/\\\/regions-snetap-fsu.fr\\\/formation\\\/2018\\\/11\\\/09\\\/on-ne-lache-surtout-pas\\\/#breadcrumb\"},\"inLanguage\":\"fr-FR\",\"potentialAction\":[{\"@type\":\"ReadAction\",\"target\":[\"https:\\\/\\\/regions-snetap-fsu.fr\\\/formation\\\/2018\\\/11\\\/09\\\/on-ne-lache-surtout-pas\\\/\"]}]},{\"@type\":\"ImageObject\",\"inLanguage\":\"fr-FR\",\"@id\":\"https:\\\/\\\/regions-snetap-fsu.fr\\\/formation\\\/2018\\\/11\\\/09\\\/on-ne-lache-surtout-pas\\\/#primaryimage\",\"url\":\"https:\\\/\\\/webmail.laposte.net\\\/service\\\/home\\\/~\\\/?auth=co&amp;id=66561&amp;part=1.2.2\",\"contentUrl\":\"https:\\\/\\\/webmail.laposte.net\\\/service\\\/home\\\/~\\\/?auth=co&amp;id=66561&amp;part=1.2.2\"},{\"@type\":\"BreadcrumbList\",\"@id\":\"https:\\\/\\\/regions-snetap-fsu.fr\\\/formation\\\/2018\\\/11\\\/09\\\/on-ne-lache-surtout-pas\\\/#breadcrumb\",\"itemListElement\":[{\"@type\":\"ListItem\",\"position\":1,\"name\":\"Accueil\",\"item\":\"https:\\\/\\\/regions-snetap-fsu.fr\\\/formation\\\/\"},{\"@type\":\"ListItem\",\"position\":2,\"name\":\"On ne l\u00e2che surtout pas !\"}]},{\"@type\":\"WebSite\",\"@id\":\"https:\\\/\\\/regions-snetap-fsu.fr\\\/formation\\\/#website\",\"url\":\"https:\\\/\\\/regions-snetap-fsu.fr\\\/formation\\\/\",\"name\":\"Formation des sites R\u00e9gionaux du SNETAP-FSU\",\"description\":\"\",\"publisher\":{\"@id\":\"https:\\\/\\\/regions-snetap-fsu.fr\\\/formation\\\/#organization\"},\"potentialAction\":[{\"@type\":\"SearchAction\",\"target\":{\"@type\":\"EntryPoint\",\"urlTemplate\":\"https:\\\/\\\/regions-snetap-fsu.fr\\\/formation\\\/?s={search_term_string}\"},\"query-input\":{\"@type\":\"PropertyValueSpecification\",\"valueRequired\":true,\"valueName\":\"search_term_string\"}}],\"inLanguage\":\"fr-FR\"},{\"@type\":\"Organization\",\"@id\":\"https:\\\/\\\/regions-snetap-fsu.fr\\\/formation\\\/#organization\",\"name\":\"Formation des sites R\u00e9gionaux du SNETAP-FSU\",\"url\":\"https:\\\/\\\/regions-snetap-fsu.fr\\\/formation\\\/\",\"logo\":{\"@type\":\"ImageObject\",\"inLanguage\":\"fr-FR\",\"@id\":\"https:\\\/\\\/regions-snetap-fsu.fr\\\/formation\\\/#\\\/schema\\\/logo\\\/image\\\/\",\"url\":\"https:\\\/\\\/regions-snetap-fsu.fr\\\/formation\\\/wp-content\\\/uploads\\\/sites\\\/20\\\/2025\\\/04\\\/cropped-Logo_blanc_fond_transparent_1000x755.png\",\"contentUrl\":\"https:\\\/\\\/regions-snetap-fsu.fr\\\/formation\\\/wp-content\\\/uploads\\\/sites\\\/20\\\/2025\\\/04\\\/cropped-Logo_blanc_fond_transparent_1000x755.png\",\"width\":998,\"height\":689,\"caption\":\"Formation des sites R\u00e9gionaux du SNETAP-FSU\"},\"image\":{\"@id\":\"https:\\\/\\\/regions-snetap-fsu.fr\\\/formation\\\/#\\\/schema\\\/logo\\\/image\\\/\"}},{\"@type\":\"Person\",\"@id\":\"https:\\\/\\\/regions-snetap-fsu.fr\\\/formation\\\/#\\\/schema\\\/person\\\/f5dc7b6354e942ca9c5fa8e9ff7e5c93\",\"name\":\"yoctavien\",\"image\":{\"@type\":\"ImageObject\",\"inLanguage\":\"fr-FR\",\"@id\":\"https:\\\/\\\/secure.gravatar.com\\\/avatar\\\/382642c092b6b9da14641d3c478df2f3da4a2d17eea25691c232d4dbf735c292?s=96&d=mm&r=g\",\"url\":\"https:\\\/\\\/secure.gravatar.com\\\/avatar\\\/382642c092b6b9da14641d3c478df2f3da4a2d17eea25691c232d4dbf735c292?s=96&d=mm&r=g\",\"contentUrl\":\"https:\\\/\\\/secure.gravatar.com\\\/avatar\\\/382642c092b6b9da14641d3c478df2f3da4a2d17eea25691c232d4dbf735c292?s=96&d=mm&r=g\",\"caption\":\"yoctavien\"},\"url\":\"https:\\\/\\\/regions-snetap-fsu.fr\\\/formation\\\/author\\\/yoctavien\\\/\"}]}<\/script>\n<!-- \/ Yoast SEO plugin. -->","yoast_head_json":{"title":"On ne l\u00e2che surtout pas ! - Formation des sites R\u00e9gionaux du SNETAP-FSU","robots":{"index":"index","follow":"follow","max-snippet":"max-snippet:-1","max-image-preview":"max-image-preview:large","max-video-preview":"max-video-preview:-1"},"canonical":"https:\/\/regions-snetap-fsu.fr\/formation\/2018\/11\/09\/on-ne-lache-surtout-pas\/","og_locale":"fr_FR","og_type":"article","og_title":"On ne l\u00e2che surtout pas ! - Formation des sites R\u00e9gionaux du SNETAP-FSU","og_description":"On ne l\u00e2che surtout pas ! L&rsquo;effectif des mobilis\u00e9\u00b7es dans la r\u00e9gion des Hauts-de-France se conforte pour la manifestation \u00e0 Paris le 12 novembre pour une ambition pour l&rsquo;Enseignement Agricole Public. Ne doutant pas de l&rsquo;engagement de chacun.e d&rsquo;entre-vous, nous connaissons toutes et tous la difficult\u00e9 de franchir le pas de la gr\u00e8ve, voire du [&hellip;]","og_url":"https:\/\/regions-snetap-fsu.fr\/formation\/2018\/11\/09\/on-ne-lache-surtout-pas\/","og_site_name":"Formation des sites R\u00e9gionaux du SNETAP-FSU","article_published_time":"2018-11-09T17:54:07+00:00","og_image":[{"url":"https:\/\/webmail.laposte.net\/service\/home\/~\/?auth=co&amp;id=66561&amp;part=1.2.2","type":"","width":"","height":""}],"author":"yoctavien","twitter_card":"summary_large_image","twitter_misc":{"\u00c9crit par":"yoctavien","Dur\u00e9e de lecture estim\u00e9e":"2 minutes"},"schema":{"@context":"https:\/\/schema.org","@graph":[{"@type":"Article","@id":"https:\/\/regions-snetap-fsu.fr\/formation\/2018\/11\/09\/on-ne-lache-surtout-pas\/#article","isPartOf":{"@id":"https:\/\/regions-snetap-fsu.fr\/formation\/2018\/11\/09\/on-ne-lache-surtout-pas\/"},"author":{"name":"yoctavien","@id":"https:\/\/regions-snetap-fsu.fr\/formation\/#\/schema\/person\/f5dc7b6354e942ca9c5fa8e9ff7e5c93"},"headline":"On ne l\u00e2che surtout pas !","datePublished":"2018-11-09T17:54:07+00:00","mainEntityOfPage":{"@id":"https:\/\/regions-snetap-fsu.fr\/formation\/2018\/11\/09\/on-ne-lache-surtout-pas\/"},"wordCount":349,"publisher":{"@id":"https:\/\/regions-snetap-fsu.fr\/formation\/#organization"},"image":{"@id":"https:\/\/regions-snetap-fsu.fr\/formation\/2018\/11\/09\/on-ne-lache-surtout-pas\/#primaryimage"},"thumbnailUrl":"https:\/\/webmail.laposte.net\/service\/home\/~\/?auth=co&amp;id=66561&amp;part=1.2.2","articleSection":["Actions - Gr\u00e8ves - Manifs"],"inLanguage":"fr-FR"},{"@type":"WebPage","@id":"https:\/\/regions-snetap-fsu.fr\/formation\/2018\/11\/09\/on-ne-lache-surtout-pas\/","url":"https:\/\/regions-snetap-fsu.fr\/formation\/2018\/11\/09\/on-ne-lache-surtout-pas\/","name":"On ne l\u00e2che surtout pas ! - Formation des sites R\u00e9gionaux du SNETAP-FSU","isPartOf":{"@id":"https:\/\/regions-snetap-fsu.fr\/formation\/#website"},"primaryImageOfPage":{"@id":"https:\/\/regions-snetap-fsu.fr\/formation\/2018\/11\/09\/on-ne-lache-surtout-pas\/#primaryimage"},"image":{"@id":"https:\/\/regions-snetap-fsu.fr\/formation\/2018\/11\/09\/on-ne-lache-surtout-pas\/#primaryimage"},"thumbnailUrl":"https:\/\/webmail.laposte.net\/service\/home\/~\/?auth=co&amp;id=66561&amp;part=1.2.2","datePublished":"2018-11-09T17:54:07+00:00","breadcrumb":{"@id":"https:\/\/regions-snetap-fsu.fr\/formation\/2018\/11\/09\/on-ne-lache-surtout-pas\/#breadcrumb"},"inLanguage":"fr-FR","potentialAction":[{"@type":"ReadAction","target":["https:\/\/regions-snetap-fsu.fr\/formation\/2018\/11\/09\/on-ne-lache-surtout-pas\/"]}]},{"@type":"ImageObject","inLanguage":"fr-FR","@id":"https:\/\/regions-snetap-fsu.fr\/formation\/2018\/11\/09\/on-ne-lache-surtout-pas\/#primaryimage","url":"https:\/\/webmail.laposte.net\/service\/home\/~\/?auth=co&amp;id=66561&amp;part=1.2.2","contentUrl":"https:\/\/webmail.laposte.net\/service\/home\/~\/?auth=co&amp;id=66561&amp;part=1.2.2"},{"@type":"BreadcrumbList","@id":"https:\/\/regions-snetap-fsu.fr\/formation\/2018\/11\/09\/on-ne-lache-surtout-pas\/#breadcrumb","itemListElement":[{"@type":"ListItem","position":1,"name":"Accueil","item":"https:\/\/regions-snetap-fsu.fr\/formation\/"},{"@type":"ListItem","position":2,"name":"On ne l\u00e2che surtout pas !"}]},{"@type":"WebSite","@id":"https:\/\/regions-snetap-fsu.fr\/formation\/#website","url":"https:\/\/regions-snetap-fsu.fr\/formation\/","name":"Formation des sites R\u00e9gionaux du SNETAP-FSU","description":"","publisher":{"@id":"https:\/\/regions-snetap-fsu.fr\/formation\/#organization"},"potentialAction":[{"@type":"SearchAction","target":{"@type":"EntryPoint","urlTemplate":"https:\/\/regions-snetap-fsu.fr\/formation\/?s={search_term_string}"},"query-input":{"@type":"PropertyValueSpecification","valueRequired":true,"valueName":"search_term_string"}}],"inLanguage":"fr-FR"},{"@type":"Organization","@id":"https:\/\/regions-snetap-fsu.fr\/formation\/#organization","name":"Formation des sites R\u00e9gionaux du SNETAP-FSU","url":"https:\/\/regions-snetap-fsu.fr\/formation\/","logo":{"@type":"ImageObject","inLanguage":"fr-FR","@id":"https:\/\/regions-snetap-fsu.fr\/formation\/#\/schema\/logo\/image\/","url":"https:\/\/regions-snetap-fsu.fr\/formation\/wp-content\/uploads\/sites\/20\/2025\/04\/cropped-Logo_blanc_fond_transparent_1000x755.png","contentUrl":"https:\/\/regions-snetap-fsu.fr\/formation\/wp-content\/uploads\/sites\/20\/2025\/04\/cropped-Logo_blanc_fond_transparent_1000x755.png","width":998,"height":689,"caption":"Formation des sites R\u00e9gionaux du SNETAP-FSU"},"image":{"@id":"https:\/\/regions-snetap-fsu.fr\/formation\/#\/schema\/logo\/image\/"}},{"@type":"Person","@id":"https:\/\/regions-snetap-fsu.fr\/formation\/#\/schema\/person\/f5dc7b6354e942ca9c5fa8e9ff7e5c93","name":"yoctavien","image":{"@type":"ImageObject","inLanguage":"fr-FR","@id":"https:\/\/secure.gravatar.com\/avatar\/382642c092b6b9da14641d3c478df2f3da4a2d17eea25691c232d4dbf735c292?s=96&d=mm&r=g","url":"https:\/\/secure.gravatar.com\/avatar\/382642c092b6b9da14641d3c478df2f3da4a2d17eea25691c232d4dbf735c292?s=96&d=mm&r=g","contentUrl":"https:\/\/secure.gravatar.com\/avatar\/382642c092b6b9da14641d3c478df2f3da4a2d17eea25691c232d4dbf735c292?s=96&d=mm&r=g","caption":"yoctavien"},"url":"https:\/\/regions-snetap-fsu.fr\/formation\/author\/yoctavien\/"}]}},"_links":{"self":[{"href":"https:\/\/regions-snetap-fsu.fr\/formation\/wp-json\/wp\/v2\/posts\/928","targetHints":{"allow":["GET"]}}],"collection":[{"href":"https:\/\/regions-snetap-fsu.fr\/formation\/wp-json\/wp\/v2\/posts"}],"about":[{"href":"https:\/\/regions-snetap-fsu.fr\/formation\/wp-json\/wp\/v2\/types\/post"}],"author":[{"embeddable":true,"href":"https:\/\/regions-snetap-fsu.fr\/formation\/wp-json\/wp\/v2\/users\/138"}],"replies":[{"embeddable":true,"href":"https:\/\/regions-snetap-fsu.fr\/formation\/wp-json\/wp\/v2\/comments?post=928"}],"version-history":[{"count":0,"href":"https:\/\/regions-snetap-fsu.fr\/formation\/wp-json\/wp\/v2\/posts\/928\/revisions"}],"wp:attachment":[{"href":"https:\/\/regions-snetap-fsu.fr\/formation\/wp-json\/wp\/v2\/media?parent=928"}],"wp:term":[{"taxonomy":"category","embeddable":true,"href":"https:\/\/regions-snetap-fsu.fr\/formation\/wp-json\/wp\/v2\/categories?post=928"},{"taxonomy":"post_tag","embeddable":true,"href":"https:\/\/regions-snetap-fsu.fr\/formation\/wp-json\/wp\/v2\/tags?post=928"},{"taxonomy":"post_folder","embeddable":true,"href":"https:\/\/regions-snetap-fsu.fr\/formation\/wp-json\/wp\/v2\/post_folder?post=928"}],"curies":[{"name":"wp","href":"https:\/\/api.w.org\/{rel}","templated":true}]}}