{"id":883,"date":"2018-11-06T00:05:06","date_gmt":"2018-11-05T23:05:06","guid":{"rendered":"https:\/\/regions-snetap-fsu.fr\/hdf\/?p=883"},"modified":"2018-11-06T00:05:06","modified_gmt":"2018-11-05T23:05:06","slug":"serrons-nos-rangs-pour-inverser-la-tendance-le-12-novembre","status":"publish","type":"post","link":"https:\/\/regions-snetap-fsu.fr\/formation\/2018\/11\/06\/serrons-nos-rangs-pour-inverser-la-tendance-le-12-novembre\/","title":{"rendered":"Serrons nos rangs pour inverser la tendance le 12 novembre"},"content":{"rendered":"<div style=\"text-align: center\"><span style=\"font-size: 18pt\"><strong><span style=\"color: #ff0000\">Serrons nos rangs pour inverser la tendance<\/span><\/strong><\/span><\/div>\n<div style=\"text-align: center\"><span style=\"font-size: 18pt\"><strong><span style=\"color: #ff0000\"> le 12 novembre !<\/span><\/strong><br \/>\n<\/span><\/div>\n<div>\n<p class=\"entry-title\" style=\"text-align: center\"><strong><span style=\"color: #ff0000;font-size: 18pt\">Pour une ambition pour<\/span><\/strong><\/p>\n<p class=\"entry-title\" style=\"text-align: center\"><strong><span style=\"color: #ff0000;font-size: 18pt\"> l\u2019Enseignement Agricole Public.<\/span><\/strong><\/p>\n<p class=\"entry-title\" style=\"text-align: center\"><strong><span style=\"color: #ff0000;font-size: 18pt\">Tous et toutes \u00e0 Paris et en gr\u00e8ve le 12 novembre !<br \/>\n<\/span><\/strong><\/p>\n<\/div>\n<div><\/div>\n<div>\n<p style=\"text-align: justify\"><span style=\"color: #0000ff\">L&rsquo;heure est \u00e0 la reprise&#8230; et plus que jamais \u00e0 la mobilisation\u00a0! Nous devons \u00eatre nombreux sur Paris pour d\u00e9fendre l&rsquo;Enseignement Agricole Public &#8211; EAP &#8211; (budget, postes, r\u00e9formes) !<\/span><\/p>\n<p style=\"text-align: justify\"><span style=\"color: #0000ff\">Comme vous le savez, le SNETAP-FSU, la CGT Agri et SUD Rural Territoires appellent les personnels de l&rsquo;Enseignement Agricole public (EAP) \u00e0 venir manifester le <span id=\"OBJ_PREFIX_DWT256_com_zimbra_date\" class=\"Object\"><span id=\"OBJ_PREFIX_DWT257_com_zimbra_date\" class=\"Object\"><span id=\"OBJ_PREFIX_DWT267_com_zimbra_date\" class=\"Object\">lundi<\/span><\/span><\/span> 12 novembre prochain devant la DGER et le Minist\u00e8re, dans le cadre de l&rsquo;appel \u00e0 la gr\u00e8ve lanc\u00e9 par les syndicats de l\u2019\u00c9ducation.<\/span><\/p>\n<\/div>\n<p style=\"text-align: justify\"><span style=\"color: #0000ff\">Plusieurs mots d&rsquo;ordre et autant des revendications pour t\u00e2cher d&rsquo;inverser la tendance\u00a0:<\/span><br \/>\n<span style=\"color: #0000ff\">&#8211; <strong>refus<\/strong> de la reprise des <strong>suppressions d&#8217;emplois<\/strong> (50 ETP de moins \u00e0 la rentr\u00e9e 2019);<\/span><br \/>\n<span style=\"color: #0000ff\">&#8211; <strong>refus<\/strong> de la <strong>suppression des d\u00e9doublements<\/strong> (intention dont la DGER a fait part lors d&rsquo;une r\u00e9union sur le \u00ab\u00a0sch\u00e9ma d&#8217;emplois\u00a0\u00bb du 30 octobre&#8230; pour \u00ab\u00a0d\u00e9gager les marges budg\u00e9taires n\u00e9cessaires\u00a0\u00bb);<\/span><br \/>\n<span style=\"color: #0000ff\">&#8211; refus d&rsquo;un surcro\u00eet d&rsquo;heures suppl\u00e9mentaires <strong>au d\u00e9triment des ACEN<\/strong> (<strong>r\u00e9ductions de quotit\u00e9 de contrats annonc\u00e9s, voire licenciements d\u00e8s la rentr\u00e9e prochaine<\/strong>);<\/span><br \/>\n<span style=\"color: #0000ff\">&#8211; <strong>demande<\/strong> d&rsquo;une v\u00e9ritable <strong>ambition<\/strong> pour nos \u00e9tablissements et nos \u00e9l\u00e8ves, avec d&rsquo;autres r\u00e9formes des <strong>voies g\u00e9n\u00e9rale, technologique et professionnelle;<\/strong><\/span><br \/>\n<span style=\"color: #0000ff\">&#8211; <strong>abrogation de la loi apprentissage<\/strong> et exigence d&rsquo;un d\u00e9cret statutaire visant \u00e0 encadrer les conditions d&#8217;emplois des agents contractuels de nos <strong>CFA-CFPPA.<\/strong><\/span><\/p>\n<div style=\"text-align: justify\"><span style=\"color: #0000ff\">Vous trouverez au lien suivant un tract reprenant d&rsquo;une part notre plate-forme revendicative intersyndicale et le programme de cette journ\u00e9e de mobilisation parisienne avec rassemblements et manifestation EAP en matin\u00e9e et manifestation <\/span><span style=\"color: #0000ff\">\u00c9ducation aux c\u00f4t\u00e9s des coll\u00e8gues de l&rsquo;EN en apm. <\/span><span id=\"OBJ_PREFIX_DWT258_com_zimbra_url\" class=\"Object\"><span id=\"OBJ_PREFIX_DWT268_com_zimbra_url\" class=\"Object\"><a href=\"https:\/\/www.snetap-fsu.fr\/Pour-une-ambition-pour-l-EAP-Tous-et-toutes-a-Paris-et-en-greve-le-12-novembre.html\" target=\"_blank\" rel=\"noopener\"><span style=\"text-decoration: underline;color: #000000\">Lien : Pour une ambition de l&rsquo;EAP<\/span><\/a><\/span><\/span><\/div>\n<div>.<\/div>\n<div style=\"text-align: justify\"><span style=\"color: #0000ff\">Pour ce faire, le SNETAP-FSU prendra les frais de d\u00e9placements en charge \u00e0 100% (pensez \u00e0 favoriser les billets de groupe, le co-voiturage&#8230; et \u00e0 vous rapprocher des militants des autres organisations syndicales si elles sont pr\u00e9sentes sur votre EPL). C\u00f4t\u00e9 collation, l&rsquo;Intersyndicale pr\u00e9voira le caf\u00e9 d&rsquo;accueil devant la DG, le d\u00e9jeuner lui sera \u00ab\u00a0tir\u00e9 du sac\u00a0\u00bb. <\/span><br \/>\n<span style=\"color: #0000ff\">Pensez \u00e9galement \u00e0 emmener drapeaux, banderoles et cornes de brume\u00a0!<\/span><\/div>\n<div>.<\/div>\n<div style=\"text-align: justify\"><span style=\"color: #0000ff\">Une journ\u00e9e de gr\u00e8ve (une retenue sur salaire d&rsquo;un 1\/30\u00e8me sur notre feuille paye de mars ou d&rsquo;avril) s&rsquo;impose en regard de ce qui s&rsquo;annonce pour nos \u00e9tablissements, pour nos conditions de travail ou encore pour un certain nombre de coll\u00e8gues ACEN susceptibles d&rsquo;\u00eatre remerci\u00e9\u00b7es \u00e0 court terme&#8230; Des pr\u00e9avis de gr\u00e8ve ont \u00e9t\u00e9 d\u00e9pos\u00e9s en vue de permettre \u00e0 l&rsquo;ensemble des personnels (agents territoriaux des lyc\u00e9es compris) de se mobiliser pour d\u00e9fendre nos \u00e9tablissements et nos emplois.<\/span><\/div>\n<div>.<\/div>\n<div style=\"text-align: justify\"><span style=\"color: #0000ff\">Sur la base de notre d\u00e9cision d&rsquo;action prise \u00e0 l&rsquo;unanimit\u00e9 lors de notre CSN de rentr\u00e9e suite \u00e0 un d\u00e9bat nourri, nous avons r\u00e9ussi \u00e0 emmener derri\u00e8re notre proposition de manif nationale EAP la CGT et SUD, aussi sommes nous bien sur un <strong>appel intersyndical<\/strong> qui doit aboutir \u00e0 une mobilisation en nombre.<\/span><\/div>\n<div>.<\/div>\n<div><span style=\"color: #0000ff\">L&rsquo;essentiel de la mobilisation va reposer sur ses propres troupes&#8230; aussi \u00e0 nous, de pousser et de faire le nombre !<\/span><\/div>\n<div style=\"text-align: justify\"><span style=\"color: #0000ff\">Nous ne pouvons pas sur un appel \u00e0 manifestation nationale en faveur de l&rsquo;EAP \u00eatre \u00e0 moins de 250 participant.e.s (d\u00e9claration basse faite en Pr\u00e9fecture pour d\u00e9clarer notre mouvement), ce qui revient \u00e0 faire monter sur Paris un nombre cons\u00e9quent par \u00ab\u00a0grandes r\u00e9gions\u00a0\u00bb et par \u00ab\u00a0anciennes r\u00e9gions\u00a0\u00bb. D&rsquo;autant plus que les \u00ab\u00a0Hauts-de-france\u00a0\u00bb sont parmi les plus proches de Paris !<\/span><\/div>\n<div>.<\/div>\n<div style=\"text-align: justify\"><span style=\"color: #0000ff\">Pour l&rsquo;EAP, nos postes, le budget, la p\u00e9dagogie, d&rsquo;autres r\u00e9formes, serrons nos rangs vers une bonne mobilisation&#8230; r\u00e9solument\u00a0!<\/span><\/div>\n<div><span style=\"color: #0000ff\">De la part du CSN et BN SNETAP-FSU<\/span><\/div>\n<div>.<\/div>\n<div><a href=\"https:\/\/www.snetap-fsu.fr\/IMG\/pdf\/appel_manif_eap_paris_12_novembre-1.pdf\" target=\"_blank\" rel=\"noopener\"><span style=\"text-decoration: underline\"><span style=\"color: #000000;text-decoration: underline\">Lien : Appel manif EAP Paris 12 novembre<\/span><\/span><\/a><\/div>\n","protected":false},"excerpt":{"rendered":"<p>Serrons nos rangs pour inverser la tendance le 12 novembre ! Pour une ambition pour l\u2019Enseignement Agricole Public. Tous et toutes \u00e0 Paris et en gr\u00e8ve le 12 novembre ! L&rsquo;heure est \u00e0 la reprise&#8230; et plus que jamais \u00e0 la mobilisation\u00a0! Nous devons \u00eatre nombreux sur Paris pour d\u00e9fendre l&rsquo;Enseignement Agricole Public &#8211; EAP [&hellip;]<\/p>\n","protected":false},"author":138,"featured_media":0,"comment_status":"closed","ping_status":"closed","sticky":false,"template":"","format":"standard","meta":{"ocean_post_layout":"","ocean_both_sidebars_style":"","ocean_both_sidebars_content_width":0,"ocean_both_sidebars_sidebars_width":0,"ocean_sidebar":"","ocean_second_sidebar":"","ocean_disable_margins":"enable","ocean_add_body_class":"","ocean_shortcode_before_top_bar":"","ocean_shortcode_after_top_bar":"","ocean_shortcode_before_header":"","ocean_shortcode_after_header":"","ocean_has_shortcode":"","ocean_shortcode_after_title":"","ocean_shortcode_before_footer_widgets":"","ocean_shortcode_after_footer_widgets":"","ocean_shortcode_before_footer_bottom":"","ocean_shortcode_after_footer_bottom":"","ocean_display_top_bar":"default","ocean_display_header":"default","ocean_header_style":"","ocean_center_header_left_menu":"","ocean_custom_header_template":"","ocean_custom_logo":0,"ocean_custom_retina_logo":0,"ocean_custom_logo_max_width":0,"ocean_custom_logo_tablet_max_width":0,"ocean_custom_logo_mobile_max_width":0,"ocean_custom_logo_max_height":0,"ocean_custom_logo_tablet_max_height":0,"ocean_custom_logo_mobile_max_height":0,"ocean_header_custom_menu":"","ocean_menu_typo_font_family":"","ocean_menu_typo_font_subset":"","ocean_menu_typo_font_size":0,"ocean_menu_typo_font_size_tablet":0,"ocean_menu_typo_font_size_mobile":0,"ocean_menu_typo_font_size_unit":"px","ocean_menu_typo_font_weight":"","ocean_menu_typo_font_weight_tablet":"","ocean_menu_typo_font_weight_mobile":"","ocean_menu_typo_transform":"","ocean_menu_typo_transform_tablet":"","ocean_menu_typo_transform_mobile":"","ocean_menu_typo_line_height":0,"ocean_menu_typo_line_height_tablet":0,"ocean_menu_typo_line_height_mobile":0,"ocean_menu_typo_line_height_unit":"","ocean_menu_typo_spacing":0,"ocean_menu_typo_spacing_tablet":0,"ocean_menu_typo_spacing_mobile":0,"ocean_menu_typo_spacing_unit":"","ocean_menu_link_color":"","ocean_menu_link_color_hover":"","ocean_menu_link_color_active":"","ocean_menu_link_background":"","ocean_menu_link_hover_background":"","ocean_menu_link_active_background":"","ocean_menu_social_links_bg":"","ocean_menu_social_hover_links_bg":"","ocean_menu_social_links_color":"","ocean_menu_social_hover_links_color":"","ocean_disable_title":"default","ocean_disable_heading":"default","ocean_post_title":"","ocean_post_subheading":"","ocean_post_title_style":"","ocean_post_title_background_color":"","ocean_post_title_background":0,"ocean_post_title_bg_image_position":"","ocean_post_title_bg_image_attachment":"","ocean_post_title_bg_image_repeat":"","ocean_post_title_bg_image_size":"","ocean_post_title_height":0,"ocean_post_title_bg_overlay":0.5,"ocean_post_title_bg_overlay_color":"","ocean_disable_breadcrumbs":"default","ocean_breadcrumbs_color":"","ocean_breadcrumbs_separator_color":"","ocean_breadcrumbs_links_color":"","ocean_breadcrumbs_links_hover_color":"","ocean_display_footer_widgets":"default","ocean_display_footer_bottom":"default","ocean_custom_footer_template":"","ocean_post_oembed":"","ocean_post_self_hosted_media":"","ocean_post_video_embed":"","ocean_link_format":"","ocean_link_format_target":"self","ocean_quote_format":"","ocean_quote_format_link":"post","ocean_gallery_link_images":"on","ocean_gallery_id":[],"footnotes":""},"categories":[3],"tags":[],"post_folder":[],"class_list":["post-883","post","type-post","status-publish","format-standard","hentry","category-actions-greves-manifs","entry"],"yoast_head":"<!-- This site is optimized with the Yoast SEO plugin v27.4 - https:\/\/yoast.com\/product\/yoast-seo-wordpress\/ -->\n<title>Serrons nos rangs pour inverser la tendance le 12 novembre - Formation des sites R\u00e9gionaux du SNETAP-FSU<\/title>\n<meta name=\"robots\" content=\"index, follow, max-snippet:-1, max-image-preview:large, max-video-preview:-1\" \/>\n<link rel=\"canonical\" href=\"https:\/\/regions-snetap-fsu.fr\/formation\/2018\/11\/06\/serrons-nos-rangs-pour-inverser-la-tendance-le-12-novembre\/\" \/>\n<meta property=\"og:locale\" content=\"fr_FR\" \/>\n<meta property=\"og:type\" content=\"article\" \/>\n<meta property=\"og:title\" content=\"Serrons nos rangs pour inverser la tendance le 12 novembre - Formation des sites R\u00e9gionaux du SNETAP-FSU\" \/>\n<meta property=\"og:description\" content=\"Serrons nos rangs pour inverser la tendance le 12 novembre ! Pour une ambition pour l\u2019Enseignement Agricole Public. Tous et toutes \u00e0 Paris et en gr\u00e8ve le 12 novembre ! L&rsquo;heure est \u00e0 la reprise&#8230; et plus que jamais \u00e0 la mobilisation\u00a0! Nous devons \u00eatre nombreux sur Paris pour d\u00e9fendre l&rsquo;Enseignement Agricole Public &#8211; EAP [&hellip;]\" \/>\n<meta property=\"og:url\" content=\"https:\/\/regions-snetap-fsu.fr\/formation\/2018\/11\/06\/serrons-nos-rangs-pour-inverser-la-tendance-le-12-novembre\/\" \/>\n<meta property=\"og:site_name\" content=\"Formation des sites R\u00e9gionaux du SNETAP-FSU\" \/>\n<meta property=\"article:published_time\" content=\"2018-11-05T23:05:06+00:00\" \/>\n<meta name=\"author\" content=\"yoctavien\" \/>\n<meta name=\"twitter:card\" content=\"summary_large_image\" \/>\n<meta name=\"twitter:label1\" content=\"\u00c9crit par\" \/>\n\t<meta name=\"twitter:data1\" content=\"yoctavien\" \/>\n\t<meta name=\"twitter:label2\" content=\"Dur\u00e9e de lecture estim\u00e9e\" \/>\n\t<meta name=\"twitter:data2\" content=\"3 minutes\" \/>\n<script type=\"application\/ld+json\" class=\"yoast-schema-graph\">{\"@context\":\"https:\\\/\\\/schema.org\",\"@graph\":[{\"@type\":\"Article\",\"@id\":\"https:\\\/\\\/regions-snetap-fsu.fr\\\/formation\\\/2018\\\/11\\\/06\\\/serrons-nos-rangs-pour-inverser-la-tendance-le-12-novembre\\\/#article\",\"isPartOf\":{\"@id\":\"https:\\\/\\\/regions-snetap-fsu.fr\\\/formation\\\/2018\\\/11\\\/06\\\/serrons-nos-rangs-pour-inverser-la-tendance-le-12-novembre\\\/\"},\"author\":{\"name\":\"yoctavien\",\"@id\":\"https:\\\/\\\/regions-snetap-fsu.fr\\\/formation\\\/#\\\/schema\\\/person\\\/f5dc7b6354e942ca9c5fa8e9ff7e5c93\"},\"headline\":\"Serrons nos rangs pour inverser la tendance le 12 novembre\",\"datePublished\":\"2018-11-05T23:05:06+00:00\",\"mainEntityOfPage\":{\"@id\":\"https:\\\/\\\/regions-snetap-fsu.fr\\\/formation\\\/2018\\\/11\\\/06\\\/serrons-nos-rangs-pour-inverser-la-tendance-le-12-novembre\\\/\"},\"wordCount\":662,\"publisher\":{\"@id\":\"https:\\\/\\\/regions-snetap-fsu.fr\\\/formation\\\/#organization\"},\"articleSection\":[\"Actions - Gr\u00e8ves - Manifs\"],\"inLanguage\":\"fr-FR\"},{\"@type\":\"WebPage\",\"@id\":\"https:\\\/\\\/regions-snetap-fsu.fr\\\/formation\\\/2018\\\/11\\\/06\\\/serrons-nos-rangs-pour-inverser-la-tendance-le-12-novembre\\\/\",\"url\":\"https:\\\/\\\/regions-snetap-fsu.fr\\\/formation\\\/2018\\\/11\\\/06\\\/serrons-nos-rangs-pour-inverser-la-tendance-le-12-novembre\\\/\",\"name\":\"Serrons nos rangs pour inverser la tendance le 12 novembre - Formation des sites R\u00e9gionaux du SNETAP-FSU\",\"isPartOf\":{\"@id\":\"https:\\\/\\\/regions-snetap-fsu.fr\\\/formation\\\/#website\"},\"datePublished\":\"2018-11-05T23:05:06+00:00\",\"breadcrumb\":{\"@id\":\"https:\\\/\\\/regions-snetap-fsu.fr\\\/formation\\\/2018\\\/11\\\/06\\\/serrons-nos-rangs-pour-inverser-la-tendance-le-12-novembre\\\/#breadcrumb\"},\"inLanguage\":\"fr-FR\",\"potentialAction\":[{\"@type\":\"ReadAction\",\"target\":[\"https:\\\/\\\/regions-snetap-fsu.fr\\\/formation\\\/2018\\\/11\\\/06\\\/serrons-nos-rangs-pour-inverser-la-tendance-le-12-novembre\\\/\"]}]},{\"@type\":\"BreadcrumbList\",\"@id\":\"https:\\\/\\\/regions-snetap-fsu.fr\\\/formation\\\/2018\\\/11\\\/06\\\/serrons-nos-rangs-pour-inverser-la-tendance-le-12-novembre\\\/#breadcrumb\",\"itemListElement\":[{\"@type\":\"ListItem\",\"position\":1,\"name\":\"Accueil\",\"item\":\"https:\\\/\\\/regions-snetap-fsu.fr\\\/formation\\\/\"},{\"@type\":\"ListItem\",\"position\":2,\"name\":\"Serrons nos rangs pour inverser la tendance le 12 novembre\"}]},{\"@type\":\"WebSite\",\"@id\":\"https:\\\/\\\/regions-snetap-fsu.fr\\\/formation\\\/#website\",\"url\":\"https:\\\/\\\/regions-snetap-fsu.fr\\\/formation\\\/\",\"name\":\"Formation des sites R\u00e9gionaux du SNETAP-FSU\",\"description\":\"\",\"publisher\":{\"@id\":\"https:\\\/\\\/regions-snetap-fsu.fr\\\/formation\\\/#organization\"},\"potentialAction\":[{\"@type\":\"SearchAction\",\"target\":{\"@type\":\"EntryPoint\",\"urlTemplate\":\"https:\\\/\\\/regions-snetap-fsu.fr\\\/formation\\\/?s={search_term_string}\"},\"query-input\":{\"@type\":\"PropertyValueSpecification\",\"valueRequired\":true,\"valueName\":\"search_term_string\"}}],\"inLanguage\":\"fr-FR\"},{\"@type\":\"Organization\",\"@id\":\"https:\\\/\\\/regions-snetap-fsu.fr\\\/formation\\\/#organization\",\"name\":\"Formation des sites R\u00e9gionaux du SNETAP-FSU\",\"url\":\"https:\\\/\\\/regions-snetap-fsu.fr\\\/formation\\\/\",\"logo\":{\"@type\":\"ImageObject\",\"inLanguage\":\"fr-FR\",\"@id\":\"https:\\\/\\\/regions-snetap-fsu.fr\\\/formation\\\/#\\\/schema\\\/logo\\\/image\\\/\",\"url\":\"https:\\\/\\\/regions-snetap-fsu.fr\\\/formation\\\/wp-content\\\/uploads\\\/sites\\\/20\\\/2025\\\/04\\\/cropped-Logo_blanc_fond_transparent_1000x755.png\",\"contentUrl\":\"https:\\\/\\\/regions-snetap-fsu.fr\\\/formation\\\/wp-content\\\/uploads\\\/sites\\\/20\\\/2025\\\/04\\\/cropped-Logo_blanc_fond_transparent_1000x755.png\",\"width\":998,\"height\":689,\"caption\":\"Formation des sites R\u00e9gionaux du SNETAP-FSU\"},\"image\":{\"@id\":\"https:\\\/\\\/regions-snetap-fsu.fr\\\/formation\\\/#\\\/schema\\\/logo\\\/image\\\/\"}},{\"@type\":\"Person\",\"@id\":\"https:\\\/\\\/regions-snetap-fsu.fr\\\/formation\\\/#\\\/schema\\\/person\\\/f5dc7b6354e942ca9c5fa8e9ff7e5c93\",\"name\":\"yoctavien\",\"image\":{\"@type\":\"ImageObject\",\"inLanguage\":\"fr-FR\",\"@id\":\"https:\\\/\\\/secure.gravatar.com\\\/avatar\\\/382642c092b6b9da14641d3c478df2f3da4a2d17eea25691c232d4dbf735c292?s=96&d=mm&r=g\",\"url\":\"https:\\\/\\\/secure.gravatar.com\\\/avatar\\\/382642c092b6b9da14641d3c478df2f3da4a2d17eea25691c232d4dbf735c292?s=96&d=mm&r=g\",\"contentUrl\":\"https:\\\/\\\/secure.gravatar.com\\\/avatar\\\/382642c092b6b9da14641d3c478df2f3da4a2d17eea25691c232d4dbf735c292?s=96&d=mm&r=g\",\"caption\":\"yoctavien\"},\"url\":\"https:\\\/\\\/regions-snetap-fsu.fr\\\/formation\\\/author\\\/yoctavien\\\/\"}]}<\/script>\n<!-- \/ Yoast SEO plugin. -->","yoast_head_json":{"title":"Serrons nos rangs pour inverser la tendance le 12 novembre - Formation des sites R\u00e9gionaux du SNETAP-FSU","robots":{"index":"index","follow":"follow","max-snippet":"max-snippet:-1","max-image-preview":"max-image-preview:large","max-video-preview":"max-video-preview:-1"},"canonical":"https:\/\/regions-snetap-fsu.fr\/formation\/2018\/11\/06\/serrons-nos-rangs-pour-inverser-la-tendance-le-12-novembre\/","og_locale":"fr_FR","og_type":"article","og_title":"Serrons nos rangs pour inverser la tendance le 12 novembre - Formation des sites R\u00e9gionaux du SNETAP-FSU","og_description":"Serrons nos rangs pour inverser la tendance le 12 novembre ! Pour une ambition pour l\u2019Enseignement Agricole Public. Tous et toutes \u00e0 Paris et en gr\u00e8ve le 12 novembre ! L&rsquo;heure est \u00e0 la reprise&#8230; et plus que jamais \u00e0 la mobilisation\u00a0! Nous devons \u00eatre nombreux sur Paris pour d\u00e9fendre l&rsquo;Enseignement Agricole Public &#8211; EAP [&hellip;]","og_url":"https:\/\/regions-snetap-fsu.fr\/formation\/2018\/11\/06\/serrons-nos-rangs-pour-inverser-la-tendance-le-12-novembre\/","og_site_name":"Formation des sites R\u00e9gionaux du SNETAP-FSU","article_published_time":"2018-11-05T23:05:06+00:00","author":"yoctavien","twitter_card":"summary_large_image","twitter_misc":{"\u00c9crit par":"yoctavien","Dur\u00e9e de lecture estim\u00e9e":"3 minutes"},"schema":{"@context":"https:\/\/schema.org","@graph":[{"@type":"Article","@id":"https:\/\/regions-snetap-fsu.fr\/formation\/2018\/11\/06\/serrons-nos-rangs-pour-inverser-la-tendance-le-12-novembre\/#article","isPartOf":{"@id":"https:\/\/regions-snetap-fsu.fr\/formation\/2018\/11\/06\/serrons-nos-rangs-pour-inverser-la-tendance-le-12-novembre\/"},"author":{"name":"yoctavien","@id":"https:\/\/regions-snetap-fsu.fr\/formation\/#\/schema\/person\/f5dc7b6354e942ca9c5fa8e9ff7e5c93"},"headline":"Serrons nos rangs pour inverser la tendance le 12 novembre","datePublished":"2018-11-05T23:05:06+00:00","mainEntityOfPage":{"@id":"https:\/\/regions-snetap-fsu.fr\/formation\/2018\/11\/06\/serrons-nos-rangs-pour-inverser-la-tendance-le-12-novembre\/"},"wordCount":662,"publisher":{"@id":"https:\/\/regions-snetap-fsu.fr\/formation\/#organization"},"articleSection":["Actions - Gr\u00e8ves - Manifs"],"inLanguage":"fr-FR"},{"@type":"WebPage","@id":"https:\/\/regions-snetap-fsu.fr\/formation\/2018\/11\/06\/serrons-nos-rangs-pour-inverser-la-tendance-le-12-novembre\/","url":"https:\/\/regions-snetap-fsu.fr\/formation\/2018\/11\/06\/serrons-nos-rangs-pour-inverser-la-tendance-le-12-novembre\/","name":"Serrons nos rangs pour inverser la tendance le 12 novembre - Formation des sites R\u00e9gionaux du SNETAP-FSU","isPartOf":{"@id":"https:\/\/regions-snetap-fsu.fr\/formation\/#website"},"datePublished":"2018-11-05T23:05:06+00:00","breadcrumb":{"@id":"https:\/\/regions-snetap-fsu.fr\/formation\/2018\/11\/06\/serrons-nos-rangs-pour-inverser-la-tendance-le-12-novembre\/#breadcrumb"},"inLanguage":"fr-FR","potentialAction":[{"@type":"ReadAction","target":["https:\/\/regions-snetap-fsu.fr\/formation\/2018\/11\/06\/serrons-nos-rangs-pour-inverser-la-tendance-le-12-novembre\/"]}]},{"@type":"BreadcrumbList","@id":"https:\/\/regions-snetap-fsu.fr\/formation\/2018\/11\/06\/serrons-nos-rangs-pour-inverser-la-tendance-le-12-novembre\/#breadcrumb","itemListElement":[{"@type":"ListItem","position":1,"name":"Accueil","item":"https:\/\/regions-snetap-fsu.fr\/formation\/"},{"@type":"ListItem","position":2,"name":"Serrons nos rangs pour inverser la tendance le 12 novembre"}]},{"@type":"WebSite","@id":"https:\/\/regions-snetap-fsu.fr\/formation\/#website","url":"https:\/\/regions-snetap-fsu.fr\/formation\/","name":"Formation des sites R\u00e9gionaux du SNETAP-FSU","description":"","publisher":{"@id":"https:\/\/regions-snetap-fsu.fr\/formation\/#organization"},"potentialAction":[{"@type":"SearchAction","target":{"@type":"EntryPoint","urlTemplate":"https:\/\/regions-snetap-fsu.fr\/formation\/?s={search_term_string}"},"query-input":{"@type":"PropertyValueSpecification","valueRequired":true,"valueName":"search_term_string"}}],"inLanguage":"fr-FR"},{"@type":"Organization","@id":"https:\/\/regions-snetap-fsu.fr\/formation\/#organization","name":"Formation des sites R\u00e9gionaux du SNETAP-FSU","url":"https:\/\/regions-snetap-fsu.fr\/formation\/","logo":{"@type":"ImageObject","inLanguage":"fr-FR","@id":"https:\/\/regions-snetap-fsu.fr\/formation\/#\/schema\/logo\/image\/","url":"https:\/\/regions-snetap-fsu.fr\/formation\/wp-content\/uploads\/sites\/20\/2025\/04\/cropped-Logo_blanc_fond_transparent_1000x755.png","contentUrl":"https:\/\/regions-snetap-fsu.fr\/formation\/wp-content\/uploads\/sites\/20\/2025\/04\/cropped-Logo_blanc_fond_transparent_1000x755.png","width":998,"height":689,"caption":"Formation des sites R\u00e9gionaux du SNETAP-FSU"},"image":{"@id":"https:\/\/regions-snetap-fsu.fr\/formation\/#\/schema\/logo\/image\/"}},{"@type":"Person","@id":"https:\/\/regions-snetap-fsu.fr\/formation\/#\/schema\/person\/f5dc7b6354e942ca9c5fa8e9ff7e5c93","name":"yoctavien","image":{"@type":"ImageObject","inLanguage":"fr-FR","@id":"https:\/\/secure.gravatar.com\/avatar\/382642c092b6b9da14641d3c478df2f3da4a2d17eea25691c232d4dbf735c292?s=96&d=mm&r=g","url":"https:\/\/secure.gravatar.com\/avatar\/382642c092b6b9da14641d3c478df2f3da4a2d17eea25691c232d4dbf735c292?s=96&d=mm&r=g","contentUrl":"https:\/\/secure.gravatar.com\/avatar\/382642c092b6b9da14641d3c478df2f3da4a2d17eea25691c232d4dbf735c292?s=96&d=mm&r=g","caption":"yoctavien"},"url":"https:\/\/regions-snetap-fsu.fr\/formation\/author\/yoctavien\/"}]}},"_links":{"self":[{"href":"https:\/\/regions-snetap-fsu.fr\/formation\/wp-json\/wp\/v2\/posts\/883","targetHints":{"allow":["GET"]}}],"collection":[{"href":"https:\/\/regions-snetap-fsu.fr\/formation\/wp-json\/wp\/v2\/posts"}],"about":[{"href":"https:\/\/regions-snetap-fsu.fr\/formation\/wp-json\/wp\/v2\/types\/post"}],"author":[{"embeddable":true,"href":"https:\/\/regions-snetap-fsu.fr\/formation\/wp-json\/wp\/v2\/users\/138"}],"replies":[{"embeddable":true,"href":"https:\/\/regions-snetap-fsu.fr\/formation\/wp-json\/wp\/v2\/comments?post=883"}],"version-history":[{"count":0,"href":"https:\/\/regions-snetap-fsu.fr\/formation\/wp-json\/wp\/v2\/posts\/883\/revisions"}],"wp:attachment":[{"href":"https:\/\/regions-snetap-fsu.fr\/formation\/wp-json\/wp\/v2\/media?parent=883"}],"wp:term":[{"taxonomy":"category","embeddable":true,"href":"https:\/\/regions-snetap-fsu.fr\/formation\/wp-json\/wp\/v2\/categories?post=883"},{"taxonomy":"post_tag","embeddable":true,"href":"https:\/\/regions-snetap-fsu.fr\/formation\/wp-json\/wp\/v2\/tags?post=883"},{"taxonomy":"post_folder","embeddable":true,"href":"https:\/\/regions-snetap-fsu.fr\/formation\/wp-json\/wp\/v2\/post_folder?post=883"}],"curies":[{"name":"wp","href":"https:\/\/api.w.org\/{rel}","templated":true}]}}