{"id":855,"date":"2018-11-01T09:31:43","date_gmt":"2018-11-01T08:31:43","guid":{"rendered":"https:\/\/regions-snetap-fsu.fr\/hdf\/?p=855"},"modified":"2018-11-01T09:31:43","modified_gmt":"2018-11-01T08:31:43","slug":"forum-retraite-es-de-la-fsu-le-12-novembre-2018-a-lille","status":"publish","type":"post","link":"https:\/\/regions-snetap-fsu.fr\/formation\/2018\/11\/01\/forum-retraite-es-de-la-fsu-le-12-novembre-2018-a-lille\/","title":{"rendered":"FORUM retrait\u00e9-es de la FSU le 12 novembre 2018 \u00e0 Lille"},"content":{"rendered":"<div style=\"text-align: center\"><span style=\"font-size: 14pt;color: #ff0000\"><strong>FORUM retrait\u00e9-es de la FSU le 12 novembre 2018<\/strong><\/span><\/div>\n<div style=\"text-align: center\"><span style=\"font-size: 14pt;color: #ff0000\"><strong>\u00c0 la Bourse du travail de Lille<\/strong><\/span><\/div>\n<div><\/div>\n<div style=\"text-align: justify\"><span style=\"color: #0000ff\">Le forum des retrait\u00e9-es de la Section F\u00e9d\u00e9rale des Retrait\u00e9\u00b7es FSU 59\/62 aura lieu le 12 novembre 2018 \u00e0 la Bourse du Travail 254 Boulevard de l\u2019usine 59000 Lille.<\/span><\/div>\n<p><span style=\"color: #0000ff\">Les inscriptions doivent se faire avant le 9 novembre 2018 aupr\u00e8s de :<\/span><\/p>\n<p><!--more--><\/p>\n<ul>\n<li><span style=\"color: #0000ff\">Agn\u00e8s Huret :<\/span> <a href=\"mailto:agnes.huret@ouvaton.org\" target=\"_blank\" rel=\"noopener\"><span style=\"text-decoration: underline\"><span style=\"color: #000000;text-decoration: underline\">agnes.huret@ouvaton.org<\/span><\/span><\/a><\/li>\n<li><span style=\"color: #0000ff\">Andr\u00e9 L\u00e9ger : 06 37 39 43 41- courriel<\/span> : <span style=\"text-decoration: underline;color: #000000\"><a style=\"color: #000000;text-decoration: underline\" href=\"mailto:andre.leger59@gmail.com\" target=\"_blank\" rel=\"noopener\">andre.leger59@gmail.com<\/a><\/span><\/li>\n<li><span style=\"color: #0000ff\">Jean-Paul Machen : 06 74 53 26 03 &#8211; courriel :<\/span> <a href=\"mailto:jeanpaulmachen@gmail.co\" target=\"_blank\" rel=\"noopener\"><span style=\"text-decoration: underline;color: #000000\">jeanpaulmachen@gmail.co<\/span><\/a><\/li>\n<\/ul>\n<p><span style=\"color: #0000ff\">Ci-dessous le d\u00e9roul\u00e9 :<\/span><\/p>\n\n\t\t<div class=\"wppdfemb-frame-container-1\" style=\"-webkit-overflow-scrolling:auto;\">\n\t\t\t<iframe class=\"pdfembed-iframe nonfullscreen wppdf-emb-iframe-1\"\n\t\t\t\tsrc=\"https:\/\/regions-snetap-fsu.fr\/formation\/?pdfemb-data=eyJ1cmwiOiJodHRwczpcL1wvcmVnaW9ucy1zbmV0YXAtZnN1LmZyXC9oZGZcL3dwLWNvbnRlbnRcL3VwbG9hZHNcL3NpdGVzXC81XC8yMDE4XC8xMFwvZFx1MDBlOXJvdWxcdTAwZTktRk9SVU0tcmV0cmFpdFx1MDBlOS1lcy0yMDE4LnBkZiIsInRpdGxlIjoiZFx1MDBlOXJvdWxcdTAwZTkgRk9SVU0gcmV0cmFpdFx1MDBlOS1lcyAyMDE4IiwiaW5kZXgiOjEsInBkZklEIjowfQ\"\n\t\t\t\ttitle=\"d\u00e9roul\u00e9 FORUM retrait\u00e9-es 2018\"\t\t\t\tdata-pdf-id=\"0\"\n\t\t\t\tdata-pdf-index=\"1\"\n\t\t\t\tstyle=\"border:none;width:100%;max-width:100%;height:100vh;\"\n\t\t\t\tscrolling=\"yes\">\n\t\t\t<\/iframe>\n\t\t<\/div>\n\n\t\t\n<p><span style=\"color: #0000ff\">Pour les d\u00e9placements, vous pouvez soit effectuer le covoiturage; pour cela s&rsquo;adresser \u00e0<\/span> <a href=\"mailto:dercourtalain@orange.fr\" target=\"_blank\" rel=\"noopener\"><span style=\"text-decoration: underline;color: #000000\">dercourtalain@orange.fr<\/span><\/a><\/p>\n<p><span style=\"color: #0000ff\">soit choisir les bus FSU (Attention, arriv\u00e9s pour la manif de l&rsquo;apr\u00e8s-midi; inscription jusqu&rsquo;au 7 novembre) :<\/span><\/p>\n\n\t\t<div class=\"wppdfemb-frame-container-2\" style=\"-webkit-overflow-scrolling:auto;\">\n\t\t\t<iframe class=\"pdfembed-iframe nonfullscreen wppdf-emb-iframe-2\"\n\t\t\t\tsrc=\"https:\/\/regions-snetap-fsu.fr\/formation\/?pdfemb-data=eyJ1cmwiOiJodHRwczpcL1wvcmVnaW9ucy1zbmV0YXAtZnN1LmZyXC9oZGZcL3dwLWNvbnRlbnRcL3VwbG9hZHNcL3NpdGVzXC81XC8yMDE4XC8xMFwvQnVzLU1hbmlmZXN0YXRpb24tZHUtbHVuZGktMTItbm92ZW1icmUtMjAxOC5wZGYiLCJ0aXRsZSI6IkJ1cy1NYW5pZmVzdGF0aW9uIGR1IGx1bmRpIDEyIG5vdmVtYnJlIDIwMTgiLCJpbmRleCI6MiwicGRmSUQiOjB9\"\n\t\t\t\ttitle=\"Bus-Manifestation du lundi 12 novembre 2018\"\t\t\t\tdata-pdf-id=\"0\"\n\t\t\t\tdata-pdf-index=\"2\"\n\t\t\t\tstyle=\"border:none;width:100%;max-width:100%;height:100vh;\"\n\t\t\t\tscrolling=\"yes\">\n\t\t\t<\/iframe>\n\t\t<\/div>\n\n\t\t\n<p><span style=\"color: #ff0000\">N&rsquo;oubliez pas de vous inscrire !<\/span><\/p>\n","protected":false},"excerpt":{"rendered":"<p>FORUM retrait\u00e9-es de la FSU le 12 novembre 2018 \u00c0 la Bourse du travail de Lille Le forum des retrait\u00e9-es de la Section F\u00e9d\u00e9rale des Retrait\u00e9\u00b7es FSU 59\/62 aura lieu le 12 novembre 2018 \u00e0 la Bourse du Travail 254 Boulevard de l\u2019usine 59000 Lille. Les inscriptions doivent se faire avant le 9 novembre 2018 [&hellip;]<\/p>\n","protected":false},"author":138,"featured_media":0,"comment_status":"closed","ping_status":"closed","sticky":false,"template":"","format":"standard","meta":{"ocean_post_layout":"","ocean_both_sidebars_style":"","ocean_both_sidebars_content_width":0,"ocean_both_sidebars_sidebars_width":0,"ocean_sidebar":"","ocean_second_sidebar":"","ocean_disable_margins":"enable","ocean_add_body_class":"","ocean_shortcode_before_top_bar":"","ocean_shortcode_after_top_bar":"","ocean_shortcode_before_header":"","ocean_shortcode_after_header":"","ocean_has_shortcode":"","ocean_shortcode_after_title":"","ocean_shortcode_before_footer_widgets":"","ocean_shortcode_after_footer_widgets":"","ocean_shortcode_before_footer_bottom":"","ocean_shortcode_after_footer_bottom":"","ocean_display_top_bar":"default","ocean_display_header":"default","ocean_header_style":"","ocean_center_header_left_menu":"","ocean_custom_header_template":"","ocean_custom_logo":0,"ocean_custom_retina_logo":0,"ocean_custom_logo_max_width":0,"ocean_custom_logo_tablet_max_width":0,"ocean_custom_logo_mobile_max_width":0,"ocean_custom_logo_max_height":0,"ocean_custom_logo_tablet_max_height":0,"ocean_custom_logo_mobile_max_height":0,"ocean_header_custom_menu":"","ocean_menu_typo_font_family":"","ocean_menu_typo_font_subset":"","ocean_menu_typo_font_size":0,"ocean_menu_typo_font_size_tablet":0,"ocean_menu_typo_font_size_mobile":0,"ocean_menu_typo_font_size_unit":"px","ocean_menu_typo_font_weight":"","ocean_menu_typo_font_weight_tablet":"","ocean_menu_typo_font_weight_mobile":"","ocean_menu_typo_transform":"","ocean_menu_typo_transform_tablet":"","ocean_menu_typo_transform_mobile":"","ocean_menu_typo_line_height":0,"ocean_menu_typo_line_height_tablet":0,"ocean_menu_typo_line_height_mobile":0,"ocean_menu_typo_line_height_unit":"","ocean_menu_typo_spacing":0,"ocean_menu_typo_spacing_tablet":0,"ocean_menu_typo_spacing_mobile":0,"ocean_menu_typo_spacing_unit":"","ocean_menu_link_color":"","ocean_menu_link_color_hover":"","ocean_menu_link_color_active":"","ocean_menu_link_background":"","ocean_menu_link_hover_background":"","ocean_menu_link_active_background":"","ocean_menu_social_links_bg":"","ocean_menu_social_hover_links_bg":"","ocean_menu_social_links_color":"","ocean_menu_social_hover_links_color":"","ocean_disable_title":"default","ocean_disable_heading":"default","ocean_post_title":"","ocean_post_subheading":"","ocean_post_title_style":"","ocean_post_title_background_color":"","ocean_post_title_background":0,"ocean_post_title_bg_image_position":"","ocean_post_title_bg_image_attachment":"","ocean_post_title_bg_image_repeat":"","ocean_post_title_bg_image_size":"","ocean_post_title_height":0,"ocean_post_title_bg_overlay":0.5,"ocean_post_title_bg_overlay_color":"","ocean_disable_breadcrumbs":"default","ocean_breadcrumbs_color":"","ocean_breadcrumbs_separator_color":"","ocean_breadcrumbs_links_color":"","ocean_breadcrumbs_links_hover_color":"","ocean_display_footer_widgets":"default","ocean_display_footer_bottom":"default","ocean_custom_footer_template":"","ocean_post_oembed":"","ocean_post_self_hosted_media":"","ocean_post_video_embed":"","ocean_link_format":"","ocean_link_format_target":"self","ocean_quote_format":"","ocean_quote_format_link":"post","ocean_gallery_link_images":"on","ocean_gallery_id":[],"footnotes":""},"categories":[3],"tags":[],"post_folder":[],"class_list":["post-855","post","type-post","status-publish","format-standard","hentry","category-actions-greves-manifs","entry"],"yoast_head":"<!-- This site is optimized with the Yoast SEO plugin v27.4 - https:\/\/yoast.com\/product\/yoast-seo-wordpress\/ -->\n<title>FORUM retrait\u00e9-es de la FSU le 12 novembre 2018 \u00e0 Lille - Formation des sites R\u00e9gionaux du SNETAP-FSU<\/title>\n<meta name=\"robots\" content=\"index, follow, max-snippet:-1, max-image-preview:large, max-video-preview:-1\" \/>\n<link rel=\"canonical\" href=\"https:\/\/regions-snetap-fsu.fr\/formation\/2018\/11\/01\/forum-retraite-es-de-la-fsu-le-12-novembre-2018-a-lille\/\" \/>\n<meta property=\"og:locale\" content=\"fr_FR\" \/>\n<meta property=\"og:type\" content=\"article\" \/>\n<meta property=\"og:title\" content=\"FORUM retrait\u00e9-es de la FSU le 12 novembre 2018 \u00e0 Lille - Formation des sites R\u00e9gionaux du SNETAP-FSU\" \/>\n<meta property=\"og:description\" content=\"FORUM retrait\u00e9-es de la FSU le 12 novembre 2018 \u00c0 la Bourse du travail de Lille Le forum des retrait\u00e9-es de la Section F\u00e9d\u00e9rale des Retrait\u00e9\u00b7es FSU 59\/62 aura lieu le 12 novembre 2018 \u00e0 la Bourse du Travail 254 Boulevard de l\u2019usine 59000 Lille. Les inscriptions doivent se faire avant le 9 novembre 2018 [&hellip;]\" \/>\n<meta property=\"og:url\" content=\"https:\/\/regions-snetap-fsu.fr\/formation\/2018\/11\/01\/forum-retraite-es-de-la-fsu-le-12-novembre-2018-a-lille\/\" \/>\n<meta property=\"og:site_name\" content=\"Formation des sites R\u00e9gionaux du SNETAP-FSU\" \/>\n<meta property=\"article:published_time\" content=\"2018-11-01T08:31:43+00:00\" \/>\n<meta name=\"author\" content=\"yoctavien\" \/>\n<meta name=\"twitter:card\" content=\"summary_large_image\" \/>\n<meta name=\"twitter:label1\" content=\"\u00c9crit par\" \/>\n\t<meta name=\"twitter:data1\" content=\"yoctavien\" \/>\n\t<meta name=\"twitter:label2\" content=\"Dur\u00e9e de lecture estim\u00e9e\" \/>\n\t<meta name=\"twitter:data2\" content=\"1 minute\" \/>\n<script type=\"application\/ld+json\" class=\"yoast-schema-graph\">{\"@context\":\"https:\\\/\\\/schema.org\",\"@graph\":[{\"@type\":\"Article\",\"@id\":\"https:\\\/\\\/regions-snetap-fsu.fr\\\/formation\\\/2018\\\/11\\\/01\\\/forum-retraite-es-de-la-fsu-le-12-novembre-2018-a-lille\\\/#article\",\"isPartOf\":{\"@id\":\"https:\\\/\\\/regions-snetap-fsu.fr\\\/formation\\\/2018\\\/11\\\/01\\\/forum-retraite-es-de-la-fsu-le-12-novembre-2018-a-lille\\\/\"},\"author\":{\"name\":\"yoctavien\",\"@id\":\"https:\\\/\\\/regions-snetap-fsu.fr\\\/formation\\\/#\\\/schema\\\/person\\\/f5dc7b6354e942ca9c5fa8e9ff7e5c93\"},\"headline\":\"FORUM retrait\u00e9-es de la FSU le 12 novembre 2018 \u00e0 Lille\",\"datePublished\":\"2018-11-01T08:31:43+00:00\",\"mainEntityOfPage\":{\"@id\":\"https:\\\/\\\/regions-snetap-fsu.fr\\\/formation\\\/2018\\\/11\\\/01\\\/forum-retraite-es-de-la-fsu-le-12-novembre-2018-a-lille\\\/\"},\"wordCount\":168,\"publisher\":{\"@id\":\"https:\\\/\\\/regions-snetap-fsu.fr\\\/formation\\\/#organization\"},\"articleSection\":[\"Actions - Gr\u00e8ves - Manifs\"],\"inLanguage\":\"fr-FR\"},{\"@type\":\"WebPage\",\"@id\":\"https:\\\/\\\/regions-snetap-fsu.fr\\\/formation\\\/2018\\\/11\\\/01\\\/forum-retraite-es-de-la-fsu-le-12-novembre-2018-a-lille\\\/\",\"url\":\"https:\\\/\\\/regions-snetap-fsu.fr\\\/formation\\\/2018\\\/11\\\/01\\\/forum-retraite-es-de-la-fsu-le-12-novembre-2018-a-lille\\\/\",\"name\":\"FORUM retrait\u00e9-es de la FSU le 12 novembre 2018 \u00e0 Lille - Formation des sites R\u00e9gionaux du SNETAP-FSU\",\"isPartOf\":{\"@id\":\"https:\\\/\\\/regions-snetap-fsu.fr\\\/formation\\\/#website\"},\"datePublished\":\"2018-11-01T08:31:43+00:00\",\"breadcrumb\":{\"@id\":\"https:\\\/\\\/regions-snetap-fsu.fr\\\/formation\\\/2018\\\/11\\\/01\\\/forum-retraite-es-de-la-fsu-le-12-novembre-2018-a-lille\\\/#breadcrumb\"},\"inLanguage\":\"fr-FR\",\"potentialAction\":[{\"@type\":\"ReadAction\",\"target\":[\"https:\\\/\\\/regions-snetap-fsu.fr\\\/formation\\\/2018\\\/11\\\/01\\\/forum-retraite-es-de-la-fsu-le-12-novembre-2018-a-lille\\\/\"]}]},{\"@type\":\"BreadcrumbList\",\"@id\":\"https:\\\/\\\/regions-snetap-fsu.fr\\\/formation\\\/2018\\\/11\\\/01\\\/forum-retraite-es-de-la-fsu-le-12-novembre-2018-a-lille\\\/#breadcrumb\",\"itemListElement\":[{\"@type\":\"ListItem\",\"position\":1,\"name\":\"Accueil\",\"item\":\"https:\\\/\\\/regions-snetap-fsu.fr\\\/formation\\\/\"},{\"@type\":\"ListItem\",\"position\":2,\"name\":\"FORUM retrait\u00e9-es de la FSU le 12 novembre 2018 \u00e0 Lille\"}]},{\"@type\":\"WebSite\",\"@id\":\"https:\\\/\\\/regions-snetap-fsu.fr\\\/formation\\\/#website\",\"url\":\"https:\\\/\\\/regions-snetap-fsu.fr\\\/formation\\\/\",\"name\":\"Formation des sites R\u00e9gionaux du SNETAP-FSU\",\"description\":\"\",\"publisher\":{\"@id\":\"https:\\\/\\\/regions-snetap-fsu.fr\\\/formation\\\/#organization\"},\"potentialAction\":[{\"@type\":\"SearchAction\",\"target\":{\"@type\":\"EntryPoint\",\"urlTemplate\":\"https:\\\/\\\/regions-snetap-fsu.fr\\\/formation\\\/?s={search_term_string}\"},\"query-input\":{\"@type\":\"PropertyValueSpecification\",\"valueRequired\":true,\"valueName\":\"search_term_string\"}}],\"inLanguage\":\"fr-FR\"},{\"@type\":\"Organization\",\"@id\":\"https:\\\/\\\/regions-snetap-fsu.fr\\\/formation\\\/#organization\",\"name\":\"Formation des sites R\u00e9gionaux du SNETAP-FSU\",\"url\":\"https:\\\/\\\/regions-snetap-fsu.fr\\\/formation\\\/\",\"logo\":{\"@type\":\"ImageObject\",\"inLanguage\":\"fr-FR\",\"@id\":\"https:\\\/\\\/regions-snetap-fsu.fr\\\/formation\\\/#\\\/schema\\\/logo\\\/image\\\/\",\"url\":\"https:\\\/\\\/regions-snetap-fsu.fr\\\/formation\\\/wp-content\\\/uploads\\\/sites\\\/20\\\/2025\\\/04\\\/cropped-Logo_blanc_fond_transparent_1000x755.png\",\"contentUrl\":\"https:\\\/\\\/regions-snetap-fsu.fr\\\/formation\\\/wp-content\\\/uploads\\\/sites\\\/20\\\/2025\\\/04\\\/cropped-Logo_blanc_fond_transparent_1000x755.png\",\"width\":998,\"height\":689,\"caption\":\"Formation des sites R\u00e9gionaux du SNETAP-FSU\"},\"image\":{\"@id\":\"https:\\\/\\\/regions-snetap-fsu.fr\\\/formation\\\/#\\\/schema\\\/logo\\\/image\\\/\"}},{\"@type\":\"Person\",\"@id\":\"https:\\\/\\\/regions-snetap-fsu.fr\\\/formation\\\/#\\\/schema\\\/person\\\/f5dc7b6354e942ca9c5fa8e9ff7e5c93\",\"name\":\"yoctavien\",\"image\":{\"@type\":\"ImageObject\",\"inLanguage\":\"fr-FR\",\"@id\":\"https:\\\/\\\/secure.gravatar.com\\\/avatar\\\/382642c092b6b9da14641d3c478df2f3da4a2d17eea25691c232d4dbf735c292?s=96&d=mm&r=g\",\"url\":\"https:\\\/\\\/secure.gravatar.com\\\/avatar\\\/382642c092b6b9da14641d3c478df2f3da4a2d17eea25691c232d4dbf735c292?s=96&d=mm&r=g\",\"contentUrl\":\"https:\\\/\\\/secure.gravatar.com\\\/avatar\\\/382642c092b6b9da14641d3c478df2f3da4a2d17eea25691c232d4dbf735c292?s=96&d=mm&r=g\",\"caption\":\"yoctavien\"},\"url\":\"https:\\\/\\\/regions-snetap-fsu.fr\\\/formation\\\/author\\\/yoctavien\\\/\"}]}<\/script>\n<!-- \/ Yoast SEO plugin. -->","yoast_head_json":{"title":"FORUM retrait\u00e9-es de la FSU le 12 novembre 2018 \u00e0 Lille - Formation des sites R\u00e9gionaux du SNETAP-FSU","robots":{"index":"index","follow":"follow","max-snippet":"max-snippet:-1","max-image-preview":"max-image-preview:large","max-video-preview":"max-video-preview:-1"},"canonical":"https:\/\/regions-snetap-fsu.fr\/formation\/2018\/11\/01\/forum-retraite-es-de-la-fsu-le-12-novembre-2018-a-lille\/","og_locale":"fr_FR","og_type":"article","og_title":"FORUM retrait\u00e9-es de la FSU le 12 novembre 2018 \u00e0 Lille - Formation des sites R\u00e9gionaux du SNETAP-FSU","og_description":"FORUM retrait\u00e9-es de la FSU le 12 novembre 2018 \u00c0 la Bourse du travail de Lille Le forum des retrait\u00e9-es de la Section F\u00e9d\u00e9rale des Retrait\u00e9\u00b7es FSU 59\/62 aura lieu le 12 novembre 2018 \u00e0 la Bourse du Travail 254 Boulevard de l\u2019usine 59000 Lille. Les inscriptions doivent se faire avant le 9 novembre 2018 [&hellip;]","og_url":"https:\/\/regions-snetap-fsu.fr\/formation\/2018\/11\/01\/forum-retraite-es-de-la-fsu-le-12-novembre-2018-a-lille\/","og_site_name":"Formation des sites R\u00e9gionaux du SNETAP-FSU","article_published_time":"2018-11-01T08:31:43+00:00","author":"yoctavien","twitter_card":"summary_large_image","twitter_misc":{"\u00c9crit par":"yoctavien","Dur\u00e9e de lecture estim\u00e9e":"1 minute"},"schema":{"@context":"https:\/\/schema.org","@graph":[{"@type":"Article","@id":"https:\/\/regions-snetap-fsu.fr\/formation\/2018\/11\/01\/forum-retraite-es-de-la-fsu-le-12-novembre-2018-a-lille\/#article","isPartOf":{"@id":"https:\/\/regions-snetap-fsu.fr\/formation\/2018\/11\/01\/forum-retraite-es-de-la-fsu-le-12-novembre-2018-a-lille\/"},"author":{"name":"yoctavien","@id":"https:\/\/regions-snetap-fsu.fr\/formation\/#\/schema\/person\/f5dc7b6354e942ca9c5fa8e9ff7e5c93"},"headline":"FORUM retrait\u00e9-es de la FSU le 12 novembre 2018 \u00e0 Lille","datePublished":"2018-11-01T08:31:43+00:00","mainEntityOfPage":{"@id":"https:\/\/regions-snetap-fsu.fr\/formation\/2018\/11\/01\/forum-retraite-es-de-la-fsu-le-12-novembre-2018-a-lille\/"},"wordCount":168,"publisher":{"@id":"https:\/\/regions-snetap-fsu.fr\/formation\/#organization"},"articleSection":["Actions - Gr\u00e8ves - Manifs"],"inLanguage":"fr-FR"},{"@type":"WebPage","@id":"https:\/\/regions-snetap-fsu.fr\/formation\/2018\/11\/01\/forum-retraite-es-de-la-fsu-le-12-novembre-2018-a-lille\/","url":"https:\/\/regions-snetap-fsu.fr\/formation\/2018\/11\/01\/forum-retraite-es-de-la-fsu-le-12-novembre-2018-a-lille\/","name":"FORUM retrait\u00e9-es de la FSU le 12 novembre 2018 \u00e0 Lille - Formation des sites R\u00e9gionaux du SNETAP-FSU","isPartOf":{"@id":"https:\/\/regions-snetap-fsu.fr\/formation\/#website"},"datePublished":"2018-11-01T08:31:43+00:00","breadcrumb":{"@id":"https:\/\/regions-snetap-fsu.fr\/formation\/2018\/11\/01\/forum-retraite-es-de-la-fsu-le-12-novembre-2018-a-lille\/#breadcrumb"},"inLanguage":"fr-FR","potentialAction":[{"@type":"ReadAction","target":["https:\/\/regions-snetap-fsu.fr\/formation\/2018\/11\/01\/forum-retraite-es-de-la-fsu-le-12-novembre-2018-a-lille\/"]}]},{"@type":"BreadcrumbList","@id":"https:\/\/regions-snetap-fsu.fr\/formation\/2018\/11\/01\/forum-retraite-es-de-la-fsu-le-12-novembre-2018-a-lille\/#breadcrumb","itemListElement":[{"@type":"ListItem","position":1,"name":"Accueil","item":"https:\/\/regions-snetap-fsu.fr\/formation\/"},{"@type":"ListItem","position":2,"name":"FORUM retrait\u00e9-es de la FSU le 12 novembre 2018 \u00e0 Lille"}]},{"@type":"WebSite","@id":"https:\/\/regions-snetap-fsu.fr\/formation\/#website","url":"https:\/\/regions-snetap-fsu.fr\/formation\/","name":"Formation des sites R\u00e9gionaux du SNETAP-FSU","description":"","publisher":{"@id":"https:\/\/regions-snetap-fsu.fr\/formation\/#organization"},"potentialAction":[{"@type":"SearchAction","target":{"@type":"EntryPoint","urlTemplate":"https:\/\/regions-snetap-fsu.fr\/formation\/?s={search_term_string}"},"query-input":{"@type":"PropertyValueSpecification","valueRequired":true,"valueName":"search_term_string"}}],"inLanguage":"fr-FR"},{"@type":"Organization","@id":"https:\/\/regions-snetap-fsu.fr\/formation\/#organization","name":"Formation des sites R\u00e9gionaux du SNETAP-FSU","url":"https:\/\/regions-snetap-fsu.fr\/formation\/","logo":{"@type":"ImageObject","inLanguage":"fr-FR","@id":"https:\/\/regions-snetap-fsu.fr\/formation\/#\/schema\/logo\/image\/","url":"https:\/\/regions-snetap-fsu.fr\/formation\/wp-content\/uploads\/sites\/20\/2025\/04\/cropped-Logo_blanc_fond_transparent_1000x755.png","contentUrl":"https:\/\/regions-snetap-fsu.fr\/formation\/wp-content\/uploads\/sites\/20\/2025\/04\/cropped-Logo_blanc_fond_transparent_1000x755.png","width":998,"height":689,"caption":"Formation des sites R\u00e9gionaux du SNETAP-FSU"},"image":{"@id":"https:\/\/regions-snetap-fsu.fr\/formation\/#\/schema\/logo\/image\/"}},{"@type":"Person","@id":"https:\/\/regions-snetap-fsu.fr\/formation\/#\/schema\/person\/f5dc7b6354e942ca9c5fa8e9ff7e5c93","name":"yoctavien","image":{"@type":"ImageObject","inLanguage":"fr-FR","@id":"https:\/\/secure.gravatar.com\/avatar\/382642c092b6b9da14641d3c478df2f3da4a2d17eea25691c232d4dbf735c292?s=96&d=mm&r=g","url":"https:\/\/secure.gravatar.com\/avatar\/382642c092b6b9da14641d3c478df2f3da4a2d17eea25691c232d4dbf735c292?s=96&d=mm&r=g","contentUrl":"https:\/\/secure.gravatar.com\/avatar\/382642c092b6b9da14641d3c478df2f3da4a2d17eea25691c232d4dbf735c292?s=96&d=mm&r=g","caption":"yoctavien"},"url":"https:\/\/regions-snetap-fsu.fr\/formation\/author\/yoctavien\/"}]}},"_links":{"self":[{"href":"https:\/\/regions-snetap-fsu.fr\/formation\/wp-json\/wp\/v2\/posts\/855","targetHints":{"allow":["GET"]}}],"collection":[{"href":"https:\/\/regions-snetap-fsu.fr\/formation\/wp-json\/wp\/v2\/posts"}],"about":[{"href":"https:\/\/regions-snetap-fsu.fr\/formation\/wp-json\/wp\/v2\/types\/post"}],"author":[{"embeddable":true,"href":"https:\/\/regions-snetap-fsu.fr\/formation\/wp-json\/wp\/v2\/users\/138"}],"replies":[{"embeddable":true,"href":"https:\/\/regions-snetap-fsu.fr\/formation\/wp-json\/wp\/v2\/comments?post=855"}],"version-history":[{"count":0,"href":"https:\/\/regions-snetap-fsu.fr\/formation\/wp-json\/wp\/v2\/posts\/855\/revisions"}],"wp:attachment":[{"href":"https:\/\/regions-snetap-fsu.fr\/formation\/wp-json\/wp\/v2\/media?parent=855"}],"wp:term":[{"taxonomy":"category","embeddable":true,"href":"https:\/\/regions-snetap-fsu.fr\/formation\/wp-json\/wp\/v2\/categories?post=855"},{"taxonomy":"post_tag","embeddable":true,"href":"https:\/\/regions-snetap-fsu.fr\/formation\/wp-json\/wp\/v2\/tags?post=855"},{"taxonomy":"post_folder","embeddable":true,"href":"https:\/\/regions-snetap-fsu.fr\/formation\/wp-json\/wp\/v2\/post_folder?post=855"}],"curies":[{"name":"wp","href":"https:\/\/api.w.org\/{rel}","templated":true}]}}