{"id":704,"date":"2018-10-23T18:49:21","date_gmt":"2018-10-23T16:49:21","guid":{"rendered":"https:\/\/regions-snetap-fsu.fr\/hdf\/?p=704"},"modified":"2018-10-23T18:49:21","modified_gmt":"2018-10-23T16:49:21","slug":"12-novembre-tous-ensemble-a-paris","status":"publish","type":"post","link":"https:\/\/regions-snetap-fsu.fr\/formation\/2018\/10\/23\/12-novembre-tous-ensemble-a-paris\/","title":{"rendered":"12 novembre, tous ensemble \u00e0 Paris !"},"content":{"rendered":"<div style=\"text-align: center\"><span style=\"font-size: 18pt;color: #ff0000\">Pour l&rsquo;enseignement agricole,<\/span><\/div>\n<div style=\"text-align: center\"><span style=\"font-size: 18pt;color: #ff0000\"> 12 novembre, tous ensemble \u00e0 Paris !<br \/>\n<\/span><\/div>\n<div><span style=\"color: #0000ff\">\u00a0<\/span><\/div>\n<div><span style=\"color: #0000ff\">Pour nos apprenants&#8230; nos postes&#8230; \u00e0 noter dans vos agendas : <strong>Toutes et tous \u00e0 Paris le 12 novembre 2018<\/strong>.<\/span><\/div>\n<div><\/div>\n<div><span style=\"color: #0000ff\">2 650 postes d\u2019enseignant.es et 400 de personnels administratifs supprim\u00e9s \u00e0 l\u2019EN, et <strong>50 postes dans l\u2019Enseignement Agricole<\/strong>&#8230; la FSU et le SNETAP ont d\u00e9couvert avec consternation et incompr\u00e9hension les annonces budg\u00e9taires pour l\u2019ann\u00e9e 2019 enterrant de fait la priorit\u00e9 \u00e0 l\u2019\u00c9ducation dans notre pays.<\/span><\/div>\n<div><span style=\"color: #0000ff\">\u00a0<\/span><\/div>\n<div><span style=\"color: #0000ff\">Cette <strong>nouvelle d\u00e9gradation des conditions d\u2019\u00e9tudes<\/strong> des jeunes qui nous sont confi\u00e9s <strong>et de travail des personnels<\/strong> programm\u00e9e (sur fond de r\u00e9formes r\u00e9gressives tant du lyc\u00e9e que de l&rsquo;apprentissage) n\u2019est pas compatible avec l\u2019ambition d\u2019un enseignement de qualit\u00e9 et d\u2019une plus grande \u00e9galit\u00e9 de r\u00e9ussite, ni d\u2019une bonne administration du syst\u00e8me \u00e9ducatif.<\/span><\/div>\n<div><span style=\"color: #0000ff\">\u00a0<\/span><\/div>\n<p><!--more--><\/p>\n<div><span style=\"color: #0000ff\">Les Personnels de l\u2019\u00c9ducation ne peuvent que <strong>d\u00e9noncer et s&rsquo;opposer \u00e0 ces suppressions d\u2019emplois<\/strong> dans un contexte d\u2019augmentation d\u00e9mographique. La FSU et le SNETAP demandent au gouvernement de renoncer \u00e0 ce projet et appellent les personnels de l\u2019\u00c9ducation \u00e0 une journ\u00e9e de <strong>gr\u00e8ve et d\u2019action le <span id=\"OBJ_PREFIX_DWT1157_com_zimbra_date\" class=\"Object\"><span id=\"OBJ_PREFIX_DWT1158_com_zimbra_date\" class=\"Object\"><span id=\"OBJ_PREFIX_DWT1167_com_zimbra_date\" class=\"Object\">lundi<\/span><\/span><\/span> 12 novembre prochain<\/strong>.<\/span><\/div>\n<div><span style=\"color: #0000ff\">\u00a0<\/span><\/div>\n<div><span style=\"color: #0000ff\">Dans le cadre de cette journ\u00e9e de mobilisation, le Snetap-FSU, la CGT Agri et SUD Rural Territoires ont d\u00e9cid\u00e9 d&rsquo;une <strong>action nationale sp\u00e9cifique \u00e0 l\u2019Enseignement Agricole Public.<\/strong><\/span><\/div>\n<div><span style=\"color: #0000ff\">\u00a0<\/span><\/div>\n<div><span style=\"color: #0000ff\"><strong>Organisation<\/strong> :<br \/>\n<\/span><\/div>\n<div>\n<ul>\n<li><span style=\"color: #0000ff\">en matin\u00e9e\u00a0: rassemblement (10h devant la DGER) et manifestation Enseignement Agricole Public (11h30 devant le Minist\u00e8re de l&rsquo;Agriculture, avec demande d&rsquo;audience au nouveau ministre \/ 12h30 devant l&rsquo;Assembl\u00e9e Nationale (avec demande de soutien aux groupes parlementaires sur fond de d\u00e9bat budg\u00e9taire).<\/span><\/li>\n<li><span style=\"color: #0000ff\">en apr\u00e8s-midi : manifestation \u00c9ducation (jonction avec le cort\u00e8ge parisien et les personnels de l&rsquo;Enseignement Professionnel)<\/span><\/li>\n<\/ul>\n<\/div>\n<div><\/div>\n<div><span style=\"color: #0000ff\">Nous reviendrons vers vous d\u00e8s le 5 novembre pour pr\u00e9ciser les conditions mat\u00e9rielles de notre action (sachant d&rsquo;ores et d\u00e9j\u00e0 que les frais \u00ab\u00a0group\u00e9s\u00a0\u00bb de d\u00e9placement seront int\u00e9gralement pris en charge).<\/span><\/div>\n<div><\/div>\n<div><img fetchpriority=\"high\" decoding=\"async\" class=\" wp-image-706 aligncenter\" src=\"https:\/\/regions-snetap-fsu.fr\/hdf\/wp-content\/uploads\/sites\/5\/2018\/10\/12-novembre-paris42-212x300.jpg\" alt=\"\" width=\"315\" height=\"446\" \/><\/div>\n<div><\/div>\n<div><span style=\"color: #0000ff\">La mobilisation est assur\u00e9ment n\u00e9cessaire et au regard de l&rsquo;enjeu, montons toutes et tous \u00e0 Paris le 12 novembre prochain, si l&rsquo;on veut infl\u00e9chir la donne en faveur de nos \u00e9tablissements, de nos jeunes et&#8230; de nos postes.<\/span><\/div>\n<div><\/div>\n<div><span style=\"color: #0000ff\">Pour le Bureau National du SNETAP-FSU.<\/span><\/div>\n","protected":false},"excerpt":{"rendered":"<p>Pour l&rsquo;enseignement agricole, 12 novembre, tous ensemble \u00e0 Paris ! \u00a0 Pour nos apprenants&#8230; nos postes&#8230; \u00e0 noter dans vos agendas : Toutes et tous \u00e0 Paris le 12 novembre 2018. 2 650 postes d\u2019enseignant.es et 400 de personnels administratifs supprim\u00e9s \u00e0 l\u2019EN, et 50 postes dans l\u2019Enseignement Agricole&#8230; la FSU et le SNETAP ont [&hellip;]<\/p>\n","protected":false},"author":138,"featured_media":0,"comment_status":"closed","ping_status":"closed","sticky":false,"template":"","format":"standard","meta":{"ocean_post_layout":"","ocean_both_sidebars_style":"","ocean_both_sidebars_content_width":0,"ocean_both_sidebars_sidebars_width":0,"ocean_sidebar":"","ocean_second_sidebar":"","ocean_disable_margins":"enable","ocean_add_body_class":"","ocean_shortcode_before_top_bar":"","ocean_shortcode_after_top_bar":"","ocean_shortcode_before_header":"","ocean_shortcode_after_header":"","ocean_has_shortcode":"","ocean_shortcode_after_title":"","ocean_shortcode_before_footer_widgets":"","ocean_shortcode_after_footer_widgets":"","ocean_shortcode_before_footer_bottom":"","ocean_shortcode_after_footer_bottom":"","ocean_display_top_bar":"default","ocean_display_header":"default","ocean_header_style":"","ocean_center_header_left_menu":"","ocean_custom_header_template":"","ocean_custom_logo":0,"ocean_custom_retina_logo":0,"ocean_custom_logo_max_width":0,"ocean_custom_logo_tablet_max_width":0,"ocean_custom_logo_mobile_max_width":0,"ocean_custom_logo_max_height":0,"ocean_custom_logo_tablet_max_height":0,"ocean_custom_logo_mobile_max_height":0,"ocean_header_custom_menu":"","ocean_menu_typo_font_family":"","ocean_menu_typo_font_subset":"","ocean_menu_typo_font_size":0,"ocean_menu_typo_font_size_tablet":0,"ocean_menu_typo_font_size_mobile":0,"ocean_menu_typo_font_size_unit":"px","ocean_menu_typo_font_weight":"","ocean_menu_typo_font_weight_tablet":"","ocean_menu_typo_font_weight_mobile":"","ocean_menu_typo_transform":"","ocean_menu_typo_transform_tablet":"","ocean_menu_typo_transform_mobile":"","ocean_menu_typo_line_height":0,"ocean_menu_typo_line_height_tablet":0,"ocean_menu_typo_line_height_mobile":0,"ocean_menu_typo_line_height_unit":"","ocean_menu_typo_spacing":0,"ocean_menu_typo_spacing_tablet":0,"ocean_menu_typo_spacing_mobile":0,"ocean_menu_typo_spacing_unit":"","ocean_menu_link_color":"","ocean_menu_link_color_hover":"","ocean_menu_link_color_active":"","ocean_menu_link_background":"","ocean_menu_link_hover_background":"","ocean_menu_link_active_background":"","ocean_menu_social_links_bg":"","ocean_menu_social_hover_links_bg":"","ocean_menu_social_links_color":"","ocean_menu_social_hover_links_color":"","ocean_disable_title":"default","ocean_disable_heading":"default","ocean_post_title":"","ocean_post_subheading":"","ocean_post_title_style":"","ocean_post_title_background_color":"","ocean_post_title_background":0,"ocean_post_title_bg_image_position":"","ocean_post_title_bg_image_attachment":"","ocean_post_title_bg_image_repeat":"","ocean_post_title_bg_image_size":"","ocean_post_title_height":0,"ocean_post_title_bg_overlay":0.5,"ocean_post_title_bg_overlay_color":"","ocean_disable_breadcrumbs":"default","ocean_breadcrumbs_color":"","ocean_breadcrumbs_separator_color":"","ocean_breadcrumbs_links_color":"","ocean_breadcrumbs_links_hover_color":"","ocean_display_footer_widgets":"default","ocean_display_footer_bottom":"default","ocean_custom_footer_template":"","ocean_post_oembed":"","ocean_post_self_hosted_media":"","ocean_post_video_embed":"","ocean_link_format":"","ocean_link_format_target":"self","ocean_quote_format":"","ocean_quote_format_link":"post","ocean_gallery_link_images":"on","ocean_gallery_id":[],"footnotes":""},"categories":[3],"tags":[],"post_folder":[],"class_list":["post-704","post","type-post","status-publish","format-standard","hentry","category-actions-greves-manifs","entry"],"yoast_head":"<!-- This site is optimized with the Yoast SEO plugin v27.4 - https:\/\/yoast.com\/product\/yoast-seo-wordpress\/ -->\n<title>12 novembre, tous ensemble \u00e0 Paris ! - Formation des sites R\u00e9gionaux du SNETAP-FSU<\/title>\n<meta name=\"robots\" content=\"index, follow, max-snippet:-1, max-image-preview:large, max-video-preview:-1\" \/>\n<link rel=\"canonical\" href=\"https:\/\/regions-snetap-fsu.fr\/formation\/2018\/10\/23\/12-novembre-tous-ensemble-a-paris\/\" \/>\n<meta property=\"og:locale\" content=\"fr_FR\" \/>\n<meta property=\"og:type\" content=\"article\" \/>\n<meta property=\"og:title\" content=\"12 novembre, tous ensemble \u00e0 Paris ! - Formation des sites R\u00e9gionaux du SNETAP-FSU\" \/>\n<meta property=\"og:description\" content=\"Pour l&rsquo;enseignement agricole, 12 novembre, tous ensemble \u00e0 Paris ! \u00a0 Pour nos apprenants&#8230; nos postes&#8230; \u00e0 noter dans vos agendas : Toutes et tous \u00e0 Paris le 12 novembre 2018. 2 650 postes d\u2019enseignant.es et 400 de personnels administratifs supprim\u00e9s \u00e0 l\u2019EN, et 50 postes dans l\u2019Enseignement Agricole&#8230; la FSU et le SNETAP ont [&hellip;]\" \/>\n<meta property=\"og:url\" content=\"https:\/\/regions-snetap-fsu.fr\/formation\/2018\/10\/23\/12-novembre-tous-ensemble-a-paris\/\" \/>\n<meta property=\"og:site_name\" content=\"Formation des sites R\u00e9gionaux du SNETAP-FSU\" \/>\n<meta property=\"article:published_time\" content=\"2018-10-23T16:49:21+00:00\" \/>\n<meta name=\"author\" content=\"yoctavien\" \/>\n<meta name=\"twitter:card\" content=\"summary_large_image\" \/>\n<meta name=\"twitter:label1\" content=\"\u00c9crit par\" \/>\n\t<meta name=\"twitter:data1\" content=\"yoctavien\" \/>\n\t<meta name=\"twitter:label2\" content=\"Dur\u00e9e de lecture estim\u00e9e\" \/>\n\t<meta name=\"twitter:data2\" content=\"2 minutes\" \/>\n<script type=\"application\/ld+json\" class=\"yoast-schema-graph\">{\"@context\":\"https:\\\/\\\/schema.org\",\"@graph\":[{\"@type\":\"Article\",\"@id\":\"https:\\\/\\\/regions-snetap-fsu.fr\\\/formation\\\/2018\\\/10\\\/23\\\/12-novembre-tous-ensemble-a-paris\\\/#article\",\"isPartOf\":{\"@id\":\"https:\\\/\\\/regions-snetap-fsu.fr\\\/formation\\\/2018\\\/10\\\/23\\\/12-novembre-tous-ensemble-a-paris\\\/\"},\"author\":{\"name\":\"yoctavien\",\"@id\":\"https:\\\/\\\/regions-snetap-fsu.fr\\\/formation\\\/#\\\/schema\\\/person\\\/f5dc7b6354e942ca9c5fa8e9ff7e5c93\"},\"headline\":\"12 novembre, tous ensemble \u00e0 Paris !\",\"datePublished\":\"2018-10-23T16:49:21+00:00\",\"mainEntityOfPage\":{\"@id\":\"https:\\\/\\\/regions-snetap-fsu.fr\\\/formation\\\/2018\\\/10\\\/23\\\/12-novembre-tous-ensemble-a-paris\\\/\"},\"wordCount\":382,\"publisher\":{\"@id\":\"https:\\\/\\\/regions-snetap-fsu.fr\\\/formation\\\/#organization\"},\"image\":{\"@id\":\"https:\\\/\\\/regions-snetap-fsu.fr\\\/formation\\\/2018\\\/10\\\/23\\\/12-novembre-tous-ensemble-a-paris\\\/#primaryimage\"},\"thumbnailUrl\":\"https:\\\/\\\/regions-snetap-fsu.fr\\\/hdf\\\/wp-content\\\/uploads\\\/sites\\\/5\\\/2018\\\/10\\\/12-novembre-paris42-212x300.jpg\",\"articleSection\":[\"Actions - Gr\u00e8ves - Manifs\"],\"inLanguage\":\"fr-FR\"},{\"@type\":\"WebPage\",\"@id\":\"https:\\\/\\\/regions-snetap-fsu.fr\\\/formation\\\/2018\\\/10\\\/23\\\/12-novembre-tous-ensemble-a-paris\\\/\",\"url\":\"https:\\\/\\\/regions-snetap-fsu.fr\\\/formation\\\/2018\\\/10\\\/23\\\/12-novembre-tous-ensemble-a-paris\\\/\",\"name\":\"12 novembre, tous ensemble \u00e0 Paris ! - Formation des sites R\u00e9gionaux du SNETAP-FSU\",\"isPartOf\":{\"@id\":\"https:\\\/\\\/regions-snetap-fsu.fr\\\/formation\\\/#website\"},\"primaryImageOfPage\":{\"@id\":\"https:\\\/\\\/regions-snetap-fsu.fr\\\/formation\\\/2018\\\/10\\\/23\\\/12-novembre-tous-ensemble-a-paris\\\/#primaryimage\"},\"image\":{\"@id\":\"https:\\\/\\\/regions-snetap-fsu.fr\\\/formation\\\/2018\\\/10\\\/23\\\/12-novembre-tous-ensemble-a-paris\\\/#primaryimage\"},\"thumbnailUrl\":\"https:\\\/\\\/regions-snetap-fsu.fr\\\/hdf\\\/wp-content\\\/uploads\\\/sites\\\/5\\\/2018\\\/10\\\/12-novembre-paris42-212x300.jpg\",\"datePublished\":\"2018-10-23T16:49:21+00:00\",\"breadcrumb\":{\"@id\":\"https:\\\/\\\/regions-snetap-fsu.fr\\\/formation\\\/2018\\\/10\\\/23\\\/12-novembre-tous-ensemble-a-paris\\\/#breadcrumb\"},\"inLanguage\":\"fr-FR\",\"potentialAction\":[{\"@type\":\"ReadAction\",\"target\":[\"https:\\\/\\\/regions-snetap-fsu.fr\\\/formation\\\/2018\\\/10\\\/23\\\/12-novembre-tous-ensemble-a-paris\\\/\"]}]},{\"@type\":\"ImageObject\",\"inLanguage\":\"fr-FR\",\"@id\":\"https:\\\/\\\/regions-snetap-fsu.fr\\\/formation\\\/2018\\\/10\\\/23\\\/12-novembre-tous-ensemble-a-paris\\\/#primaryimage\",\"url\":\"https:\\\/\\\/regions-snetap-fsu.fr\\\/hdf\\\/wp-content\\\/uploads\\\/sites\\\/5\\\/2018\\\/10\\\/12-novembre-paris42-212x300.jpg\",\"contentUrl\":\"https:\\\/\\\/regions-snetap-fsu.fr\\\/hdf\\\/wp-content\\\/uploads\\\/sites\\\/5\\\/2018\\\/10\\\/12-novembre-paris42-212x300.jpg\"},{\"@type\":\"BreadcrumbList\",\"@id\":\"https:\\\/\\\/regions-snetap-fsu.fr\\\/formation\\\/2018\\\/10\\\/23\\\/12-novembre-tous-ensemble-a-paris\\\/#breadcrumb\",\"itemListElement\":[{\"@type\":\"ListItem\",\"position\":1,\"name\":\"Accueil\",\"item\":\"https:\\\/\\\/regions-snetap-fsu.fr\\\/formation\\\/\"},{\"@type\":\"ListItem\",\"position\":2,\"name\":\"12 novembre, tous ensemble \u00e0 Paris !\"}]},{\"@type\":\"WebSite\",\"@id\":\"https:\\\/\\\/regions-snetap-fsu.fr\\\/formation\\\/#website\",\"url\":\"https:\\\/\\\/regions-snetap-fsu.fr\\\/formation\\\/\",\"name\":\"Formation des sites R\u00e9gionaux du SNETAP-FSU\",\"description\":\"\",\"publisher\":{\"@id\":\"https:\\\/\\\/regions-snetap-fsu.fr\\\/formation\\\/#organization\"},\"potentialAction\":[{\"@type\":\"SearchAction\",\"target\":{\"@type\":\"EntryPoint\",\"urlTemplate\":\"https:\\\/\\\/regions-snetap-fsu.fr\\\/formation\\\/?s={search_term_string}\"},\"query-input\":{\"@type\":\"PropertyValueSpecification\",\"valueRequired\":true,\"valueName\":\"search_term_string\"}}],\"inLanguage\":\"fr-FR\"},{\"@type\":\"Organization\",\"@id\":\"https:\\\/\\\/regions-snetap-fsu.fr\\\/formation\\\/#organization\",\"name\":\"Formation des sites R\u00e9gionaux du SNETAP-FSU\",\"url\":\"https:\\\/\\\/regions-snetap-fsu.fr\\\/formation\\\/\",\"logo\":{\"@type\":\"ImageObject\",\"inLanguage\":\"fr-FR\",\"@id\":\"https:\\\/\\\/regions-snetap-fsu.fr\\\/formation\\\/#\\\/schema\\\/logo\\\/image\\\/\",\"url\":\"https:\\\/\\\/regions-snetap-fsu.fr\\\/formation\\\/wp-content\\\/uploads\\\/sites\\\/20\\\/2025\\\/04\\\/cropped-Logo_blanc_fond_transparent_1000x755.png\",\"contentUrl\":\"https:\\\/\\\/regions-snetap-fsu.fr\\\/formation\\\/wp-content\\\/uploads\\\/sites\\\/20\\\/2025\\\/04\\\/cropped-Logo_blanc_fond_transparent_1000x755.png\",\"width\":998,\"height\":689,\"caption\":\"Formation des sites R\u00e9gionaux du SNETAP-FSU\"},\"image\":{\"@id\":\"https:\\\/\\\/regions-snetap-fsu.fr\\\/formation\\\/#\\\/schema\\\/logo\\\/image\\\/\"}},{\"@type\":\"Person\",\"@id\":\"https:\\\/\\\/regions-snetap-fsu.fr\\\/formation\\\/#\\\/schema\\\/person\\\/f5dc7b6354e942ca9c5fa8e9ff7e5c93\",\"name\":\"yoctavien\",\"image\":{\"@type\":\"ImageObject\",\"inLanguage\":\"fr-FR\",\"@id\":\"https:\\\/\\\/secure.gravatar.com\\\/avatar\\\/382642c092b6b9da14641d3c478df2f3da4a2d17eea25691c232d4dbf735c292?s=96&d=mm&r=g\",\"url\":\"https:\\\/\\\/secure.gravatar.com\\\/avatar\\\/382642c092b6b9da14641d3c478df2f3da4a2d17eea25691c232d4dbf735c292?s=96&d=mm&r=g\",\"contentUrl\":\"https:\\\/\\\/secure.gravatar.com\\\/avatar\\\/382642c092b6b9da14641d3c478df2f3da4a2d17eea25691c232d4dbf735c292?s=96&d=mm&r=g\",\"caption\":\"yoctavien\"},\"url\":\"https:\\\/\\\/regions-snetap-fsu.fr\\\/formation\\\/author\\\/yoctavien\\\/\"}]}<\/script>\n<!-- \/ Yoast SEO plugin. -->","yoast_head_json":{"title":"12 novembre, tous ensemble \u00e0 Paris ! - Formation des sites R\u00e9gionaux du SNETAP-FSU","robots":{"index":"index","follow":"follow","max-snippet":"max-snippet:-1","max-image-preview":"max-image-preview:large","max-video-preview":"max-video-preview:-1"},"canonical":"https:\/\/regions-snetap-fsu.fr\/formation\/2018\/10\/23\/12-novembre-tous-ensemble-a-paris\/","og_locale":"fr_FR","og_type":"article","og_title":"12 novembre, tous ensemble \u00e0 Paris ! - Formation des sites R\u00e9gionaux du SNETAP-FSU","og_description":"Pour l&rsquo;enseignement agricole, 12 novembre, tous ensemble \u00e0 Paris ! \u00a0 Pour nos apprenants&#8230; nos postes&#8230; \u00e0 noter dans vos agendas : Toutes et tous \u00e0 Paris le 12 novembre 2018. 2 650 postes d\u2019enseignant.es et 400 de personnels administratifs supprim\u00e9s \u00e0 l\u2019EN, et 50 postes dans l\u2019Enseignement Agricole&#8230; la FSU et le SNETAP ont [&hellip;]","og_url":"https:\/\/regions-snetap-fsu.fr\/formation\/2018\/10\/23\/12-novembre-tous-ensemble-a-paris\/","og_site_name":"Formation des sites R\u00e9gionaux du SNETAP-FSU","article_published_time":"2018-10-23T16:49:21+00:00","author":"yoctavien","twitter_card":"summary_large_image","twitter_misc":{"\u00c9crit par":"yoctavien","Dur\u00e9e de lecture estim\u00e9e":"2 minutes"},"schema":{"@context":"https:\/\/schema.org","@graph":[{"@type":"Article","@id":"https:\/\/regions-snetap-fsu.fr\/formation\/2018\/10\/23\/12-novembre-tous-ensemble-a-paris\/#article","isPartOf":{"@id":"https:\/\/regions-snetap-fsu.fr\/formation\/2018\/10\/23\/12-novembre-tous-ensemble-a-paris\/"},"author":{"name":"yoctavien","@id":"https:\/\/regions-snetap-fsu.fr\/formation\/#\/schema\/person\/f5dc7b6354e942ca9c5fa8e9ff7e5c93"},"headline":"12 novembre, tous ensemble \u00e0 Paris !","datePublished":"2018-10-23T16:49:21+00:00","mainEntityOfPage":{"@id":"https:\/\/regions-snetap-fsu.fr\/formation\/2018\/10\/23\/12-novembre-tous-ensemble-a-paris\/"},"wordCount":382,"publisher":{"@id":"https:\/\/regions-snetap-fsu.fr\/formation\/#organization"},"image":{"@id":"https:\/\/regions-snetap-fsu.fr\/formation\/2018\/10\/23\/12-novembre-tous-ensemble-a-paris\/#primaryimage"},"thumbnailUrl":"https:\/\/regions-snetap-fsu.fr\/hdf\/wp-content\/uploads\/sites\/5\/2018\/10\/12-novembre-paris42-212x300.jpg","articleSection":["Actions - Gr\u00e8ves - Manifs"],"inLanguage":"fr-FR"},{"@type":"WebPage","@id":"https:\/\/regions-snetap-fsu.fr\/formation\/2018\/10\/23\/12-novembre-tous-ensemble-a-paris\/","url":"https:\/\/regions-snetap-fsu.fr\/formation\/2018\/10\/23\/12-novembre-tous-ensemble-a-paris\/","name":"12 novembre, tous ensemble \u00e0 Paris ! - Formation des sites R\u00e9gionaux du SNETAP-FSU","isPartOf":{"@id":"https:\/\/regions-snetap-fsu.fr\/formation\/#website"},"primaryImageOfPage":{"@id":"https:\/\/regions-snetap-fsu.fr\/formation\/2018\/10\/23\/12-novembre-tous-ensemble-a-paris\/#primaryimage"},"image":{"@id":"https:\/\/regions-snetap-fsu.fr\/formation\/2018\/10\/23\/12-novembre-tous-ensemble-a-paris\/#primaryimage"},"thumbnailUrl":"https:\/\/regions-snetap-fsu.fr\/hdf\/wp-content\/uploads\/sites\/5\/2018\/10\/12-novembre-paris42-212x300.jpg","datePublished":"2018-10-23T16:49:21+00:00","breadcrumb":{"@id":"https:\/\/regions-snetap-fsu.fr\/formation\/2018\/10\/23\/12-novembre-tous-ensemble-a-paris\/#breadcrumb"},"inLanguage":"fr-FR","potentialAction":[{"@type":"ReadAction","target":["https:\/\/regions-snetap-fsu.fr\/formation\/2018\/10\/23\/12-novembre-tous-ensemble-a-paris\/"]}]},{"@type":"ImageObject","inLanguage":"fr-FR","@id":"https:\/\/regions-snetap-fsu.fr\/formation\/2018\/10\/23\/12-novembre-tous-ensemble-a-paris\/#primaryimage","url":"https:\/\/regions-snetap-fsu.fr\/hdf\/wp-content\/uploads\/sites\/5\/2018\/10\/12-novembre-paris42-212x300.jpg","contentUrl":"https:\/\/regions-snetap-fsu.fr\/hdf\/wp-content\/uploads\/sites\/5\/2018\/10\/12-novembre-paris42-212x300.jpg"},{"@type":"BreadcrumbList","@id":"https:\/\/regions-snetap-fsu.fr\/formation\/2018\/10\/23\/12-novembre-tous-ensemble-a-paris\/#breadcrumb","itemListElement":[{"@type":"ListItem","position":1,"name":"Accueil","item":"https:\/\/regions-snetap-fsu.fr\/formation\/"},{"@type":"ListItem","position":2,"name":"12 novembre, tous ensemble \u00e0 Paris !"}]},{"@type":"WebSite","@id":"https:\/\/regions-snetap-fsu.fr\/formation\/#website","url":"https:\/\/regions-snetap-fsu.fr\/formation\/","name":"Formation des sites R\u00e9gionaux du SNETAP-FSU","description":"","publisher":{"@id":"https:\/\/regions-snetap-fsu.fr\/formation\/#organization"},"potentialAction":[{"@type":"SearchAction","target":{"@type":"EntryPoint","urlTemplate":"https:\/\/regions-snetap-fsu.fr\/formation\/?s={search_term_string}"},"query-input":{"@type":"PropertyValueSpecification","valueRequired":true,"valueName":"search_term_string"}}],"inLanguage":"fr-FR"},{"@type":"Organization","@id":"https:\/\/regions-snetap-fsu.fr\/formation\/#organization","name":"Formation des sites R\u00e9gionaux du SNETAP-FSU","url":"https:\/\/regions-snetap-fsu.fr\/formation\/","logo":{"@type":"ImageObject","inLanguage":"fr-FR","@id":"https:\/\/regions-snetap-fsu.fr\/formation\/#\/schema\/logo\/image\/","url":"https:\/\/regions-snetap-fsu.fr\/formation\/wp-content\/uploads\/sites\/20\/2025\/04\/cropped-Logo_blanc_fond_transparent_1000x755.png","contentUrl":"https:\/\/regions-snetap-fsu.fr\/formation\/wp-content\/uploads\/sites\/20\/2025\/04\/cropped-Logo_blanc_fond_transparent_1000x755.png","width":998,"height":689,"caption":"Formation des sites R\u00e9gionaux du SNETAP-FSU"},"image":{"@id":"https:\/\/regions-snetap-fsu.fr\/formation\/#\/schema\/logo\/image\/"}},{"@type":"Person","@id":"https:\/\/regions-snetap-fsu.fr\/formation\/#\/schema\/person\/f5dc7b6354e942ca9c5fa8e9ff7e5c93","name":"yoctavien","image":{"@type":"ImageObject","inLanguage":"fr-FR","@id":"https:\/\/secure.gravatar.com\/avatar\/382642c092b6b9da14641d3c478df2f3da4a2d17eea25691c232d4dbf735c292?s=96&d=mm&r=g","url":"https:\/\/secure.gravatar.com\/avatar\/382642c092b6b9da14641d3c478df2f3da4a2d17eea25691c232d4dbf735c292?s=96&d=mm&r=g","contentUrl":"https:\/\/secure.gravatar.com\/avatar\/382642c092b6b9da14641d3c478df2f3da4a2d17eea25691c232d4dbf735c292?s=96&d=mm&r=g","caption":"yoctavien"},"url":"https:\/\/regions-snetap-fsu.fr\/formation\/author\/yoctavien\/"}]}},"_links":{"self":[{"href":"https:\/\/regions-snetap-fsu.fr\/formation\/wp-json\/wp\/v2\/posts\/704","targetHints":{"allow":["GET"]}}],"collection":[{"href":"https:\/\/regions-snetap-fsu.fr\/formation\/wp-json\/wp\/v2\/posts"}],"about":[{"href":"https:\/\/regions-snetap-fsu.fr\/formation\/wp-json\/wp\/v2\/types\/post"}],"author":[{"embeddable":true,"href":"https:\/\/regions-snetap-fsu.fr\/formation\/wp-json\/wp\/v2\/users\/138"}],"replies":[{"embeddable":true,"href":"https:\/\/regions-snetap-fsu.fr\/formation\/wp-json\/wp\/v2\/comments?post=704"}],"version-history":[{"count":0,"href":"https:\/\/regions-snetap-fsu.fr\/formation\/wp-json\/wp\/v2\/posts\/704\/revisions"}],"wp:attachment":[{"href":"https:\/\/regions-snetap-fsu.fr\/formation\/wp-json\/wp\/v2\/media?parent=704"}],"wp:term":[{"taxonomy":"category","embeddable":true,"href":"https:\/\/regions-snetap-fsu.fr\/formation\/wp-json\/wp\/v2\/categories?post=704"},{"taxonomy":"post_tag","embeddable":true,"href":"https:\/\/regions-snetap-fsu.fr\/formation\/wp-json\/wp\/v2\/tags?post=704"},{"taxonomy":"post_folder","embeddable":true,"href":"https:\/\/regions-snetap-fsu.fr\/formation\/wp-json\/wp\/v2\/post_folder?post=704"}],"curies":[{"name":"wp","href":"https:\/\/api.w.org\/{rel}","templated":true}]}}