{"id":700,"date":"2018-10-17T17:26:40","date_gmt":"2018-10-17T15:26:40","guid":{"rendered":"https:\/\/regions-snetap-fsu.fr\/hdf\/?p=700"},"modified":"2018-10-17T17:26:40","modified_gmt":"2018-10-17T15:26:40","slug":"handicap-au-sein-de-lecole-une-infamie","status":"publish","type":"post","link":"https:\/\/regions-snetap-fsu.fr\/formation\/2018\/10\/17\/handicap-au-sein-de-lecole-une-infamie\/","title":{"rendered":"Handicap au sein de l\u2019\u00e9cole\u2026 une infamie\u00a0!"},"content":{"rendered":"<p align=\"center\"><span style=\"font-size: 18pt;color: #ff0000\"><b>Handicap au sein de l\u2019\u00e9cole\u2026 une infamie\u00a0!<\/b><\/span><\/p>\n<p align=\"justify\"><span style=\"color: #0000ff\">Ce jeudi 11 octobre, l\u2019Assembl\u00e9e nationale a assist\u00e9 \u00e0 la col\u00e8re du d\u00e9put\u00e9 LFI de la 1<sup>\u00e8re<\/sup> circonscription de la Somme, Fran\u00e7ois Ruffin, apr\u00e8s le rejet d&rsquo;une proposition de loi port\u00e9e par le d\u00e9put\u00e9 LR de la 1<sup>\u00e8re<\/sup> circonscription du Lot, Aur\u00e9lien Pradi\u00e9, pr\u00e9voyant un meilleur accompagnement des \u00e9l\u00e8ves handicap\u00e9s.<\/span><\/p>\n<p align=\"justify\"><span style=\"color: #0000ff\">L&rsquo;\u00e9lu de la Somme a d\u00e9nonc\u00e9 la \u00ab\u00a0paresse\u00a0\u00bb et le \u00ab\u00a0sectarisme\u00a0\u00bb de la majorit\u00e9. \u00ab\u00a0Ce vote vous collera \u00e0 la peau comme une infamie\u00a0\u00bb, a-t-il lanc\u00e9.<\/span><\/p>\n<p align=\"justify\"><a href=\"https:\/\/www.youtube.com\/watch?v=sVIt6RT7Nn0&amp;feature=youtu.be\" target=\"_blank\" rel=\"noopener\"><span style=\"text-decoration: underline\"><span style=\"color: #000000;text-decoration: underline\">Lien\u00a0: Intervention de Fran\u00e7ois Ruffin<\/span><\/span><\/a><\/p>\n<p align=\"justify\"><span style=\"color: #0000ff\">On pourrait dire la m\u00eame chose des directions d&rsquo;\u00e9tablissement qui, l&rsquo;an pass\u00e9, ont refus\u00e9 de transformer les contrats \u00ab\u00a0AVS\u00a0\u00bb en contrat \u00ab\u00a0AESH\u00a0\u00bb (plus valorisant) des agent\u00b7es. Malgr\u00e9 que le handicap est une des (nombreuses&#8230;) priorit\u00e9s du gouvernement.<\/span><\/p>\n<p align=\"left\"><span style=\"color: #0000ff\">Pour plus de d\u00e9tail l\u2019article de Franceinfo :<\/span><\/p>\n<p align=\"left\"><span style=\"text-decoration: underline\"><span style=\"color: #000000;text-decoration: underline\"><a style=\"color: #000000;text-decoration: underline\" href=\"https:\/\/www.francetvinfo.fr\/sante\/handicap\/le-rejet-d-un-texte-sur-les-eleves-handicapes-a-l-assemblee-est-il-une-infamie-on-vous-explique-le-contexte-de-la-colere-de-francois-ruffin_2982285.html\" target=\"_blank\" rel=\"noopener\">Lien : Article Franceinfo \u00ab\u00a0Le rejet d&rsquo;un texte sur les \u00e9l\u00e8ves handicap\u00e9s \u00e0 l&rsquo;Assembl\u00e9e\u00a0\u00bb<\/a><\/span><\/span><\/p>\n","protected":false},"excerpt":{"rendered":"<p>Handicap au sein de l\u2019\u00e9cole\u2026 une infamie\u00a0! Ce jeudi 11 octobre, l\u2019Assembl\u00e9e nationale a assist\u00e9 \u00e0 la col\u00e8re du d\u00e9put\u00e9 LFI de la 1\u00e8re circonscription de la Somme, Fran\u00e7ois Ruffin, apr\u00e8s le rejet d&rsquo;une proposition de loi port\u00e9e par le d\u00e9put\u00e9 LR de la 1\u00e8re circonscription du Lot, Aur\u00e9lien Pradi\u00e9, pr\u00e9voyant un meilleur accompagnement des [&hellip;]<\/p>\n","protected":false},"author":138,"featured_media":0,"comment_status":"closed","ping_status":"closed","sticky":false,"template":"","format":"standard","meta":{"ocean_post_layout":"","ocean_both_sidebars_style":"","ocean_both_sidebars_content_width":0,"ocean_both_sidebars_sidebars_width":0,"ocean_sidebar":"","ocean_second_sidebar":"","ocean_disable_margins":"enable","ocean_add_body_class":"","ocean_shortcode_before_top_bar":"","ocean_shortcode_after_top_bar":"","ocean_shortcode_before_header":"","ocean_shortcode_after_header":"","ocean_has_shortcode":"","ocean_shortcode_after_title":"","ocean_shortcode_before_footer_widgets":"","ocean_shortcode_after_footer_widgets":"","ocean_shortcode_before_footer_bottom":"","ocean_shortcode_after_footer_bottom":"","ocean_display_top_bar":"default","ocean_display_header":"default","ocean_header_style":"","ocean_center_header_left_menu":"","ocean_custom_header_template":"","ocean_custom_logo":0,"ocean_custom_retina_logo":0,"ocean_custom_logo_max_width":0,"ocean_custom_logo_tablet_max_width":0,"ocean_custom_logo_mobile_max_width":0,"ocean_custom_logo_max_height":0,"ocean_custom_logo_tablet_max_height":0,"ocean_custom_logo_mobile_max_height":0,"ocean_header_custom_menu":"","ocean_menu_typo_font_family":"","ocean_menu_typo_font_subset":"","ocean_menu_typo_font_size":0,"ocean_menu_typo_font_size_tablet":0,"ocean_menu_typo_font_size_mobile":0,"ocean_menu_typo_font_size_unit":"px","ocean_menu_typo_font_weight":"","ocean_menu_typo_font_weight_tablet":"","ocean_menu_typo_font_weight_mobile":"","ocean_menu_typo_transform":"","ocean_menu_typo_transform_tablet":"","ocean_menu_typo_transform_mobile":"","ocean_menu_typo_line_height":0,"ocean_menu_typo_line_height_tablet":0,"ocean_menu_typo_line_height_mobile":0,"ocean_menu_typo_line_height_unit":"","ocean_menu_typo_spacing":0,"ocean_menu_typo_spacing_tablet":0,"ocean_menu_typo_spacing_mobile":0,"ocean_menu_typo_spacing_unit":"","ocean_menu_link_color":"","ocean_menu_link_color_hover":"","ocean_menu_link_color_active":"","ocean_menu_link_background":"","ocean_menu_link_hover_background":"","ocean_menu_link_active_background":"","ocean_menu_social_links_bg":"","ocean_menu_social_hover_links_bg":"","ocean_menu_social_links_color":"","ocean_menu_social_hover_links_color":"","ocean_disable_title":"default","ocean_disable_heading":"default","ocean_post_title":"","ocean_post_subheading":"","ocean_post_title_style":"","ocean_post_title_background_color":"","ocean_post_title_background":0,"ocean_post_title_bg_image_position":"","ocean_post_title_bg_image_attachment":"","ocean_post_title_bg_image_repeat":"","ocean_post_title_bg_image_size":"","ocean_post_title_height":0,"ocean_post_title_bg_overlay":0.5,"ocean_post_title_bg_overlay_color":"","ocean_disable_breadcrumbs":"default","ocean_breadcrumbs_color":"","ocean_breadcrumbs_separator_color":"","ocean_breadcrumbs_links_color":"","ocean_breadcrumbs_links_hover_color":"","ocean_display_footer_widgets":"default","ocean_display_footer_bottom":"default","ocean_custom_footer_template":"","ocean_post_oembed":"","ocean_post_self_hosted_media":"","ocean_post_video_embed":"","ocean_link_format":"","ocean_link_format_target":"self","ocean_quote_format":"","ocean_quote_format_link":"post","ocean_gallery_link_images":"on","ocean_gallery_id":[],"footnotes":""},"categories":[11],"tags":[],"post_folder":[],"class_list":["post-700","post","type-post","status-publish","format-standard","hentry","category-communiques","entry"],"yoast_head":"<!-- This site is optimized with the Yoast SEO plugin v27.4 - https:\/\/yoast.com\/product\/yoast-seo-wordpress\/ -->\n<title>Handicap au sein de l\u2019\u00e9cole\u2026 une infamie\u00a0! - Formation des sites R\u00e9gionaux du SNETAP-FSU<\/title>\n<meta name=\"robots\" content=\"index, follow, max-snippet:-1, max-image-preview:large, max-video-preview:-1\" \/>\n<link rel=\"canonical\" href=\"https:\/\/regions-snetap-fsu.fr\/formation\/2018\/10\/17\/handicap-au-sein-de-lecole-une-infamie\/\" \/>\n<meta property=\"og:locale\" content=\"fr_FR\" \/>\n<meta property=\"og:type\" content=\"article\" \/>\n<meta property=\"og:title\" content=\"Handicap au sein de l\u2019\u00e9cole\u2026 une infamie\u00a0! - Formation des sites R\u00e9gionaux du SNETAP-FSU\" \/>\n<meta property=\"og:description\" content=\"Handicap au sein de l\u2019\u00e9cole\u2026 une infamie\u00a0! Ce jeudi 11 octobre, l\u2019Assembl\u00e9e nationale a assist\u00e9 \u00e0 la col\u00e8re du d\u00e9put\u00e9 LFI de la 1\u00e8re circonscription de la Somme, Fran\u00e7ois Ruffin, apr\u00e8s le rejet d&rsquo;une proposition de loi port\u00e9e par le d\u00e9put\u00e9 LR de la 1\u00e8re circonscription du Lot, Aur\u00e9lien Pradi\u00e9, pr\u00e9voyant un meilleur accompagnement des [&hellip;]\" \/>\n<meta property=\"og:url\" content=\"https:\/\/regions-snetap-fsu.fr\/formation\/2018\/10\/17\/handicap-au-sein-de-lecole-une-infamie\/\" \/>\n<meta property=\"og:site_name\" content=\"Formation des sites R\u00e9gionaux du SNETAP-FSU\" \/>\n<meta property=\"article:published_time\" content=\"2018-10-17T15:26:40+00:00\" \/>\n<meta name=\"author\" content=\"yoctavien\" \/>\n<meta name=\"twitter:card\" content=\"summary_large_image\" \/>\n<meta name=\"twitter:label1\" content=\"\u00c9crit par\" \/>\n\t<meta name=\"twitter:data1\" content=\"yoctavien\" \/>\n\t<meta name=\"twitter:label2\" content=\"Dur\u00e9e de lecture estim\u00e9e\" \/>\n\t<meta name=\"twitter:data2\" content=\"1 minute\" \/>\n<script type=\"application\/ld+json\" class=\"yoast-schema-graph\">{\"@context\":\"https:\\\/\\\/schema.org\",\"@graph\":[{\"@type\":\"Article\",\"@id\":\"https:\\\/\\\/regions-snetap-fsu.fr\\\/formation\\\/2018\\\/10\\\/17\\\/handicap-au-sein-de-lecole-une-infamie\\\/#article\",\"isPartOf\":{\"@id\":\"https:\\\/\\\/regions-snetap-fsu.fr\\\/formation\\\/2018\\\/10\\\/17\\\/handicap-au-sein-de-lecole-une-infamie\\\/\"},\"author\":{\"name\":\"yoctavien\",\"@id\":\"https:\\\/\\\/regions-snetap-fsu.fr\\\/formation\\\/#\\\/schema\\\/person\\\/f5dc7b6354e942ca9c5fa8e9ff7e5c93\"},\"headline\":\"Handicap au sein de l\u2019\u00e9cole\u2026 une infamie\u00a0!\",\"datePublished\":\"2018-10-17T15:26:40+00:00\",\"mainEntityOfPage\":{\"@id\":\"https:\\\/\\\/regions-snetap-fsu.fr\\\/formation\\\/2018\\\/10\\\/17\\\/handicap-au-sein-de-lecole-une-infamie\\\/\"},\"wordCount\":178,\"publisher\":{\"@id\":\"https:\\\/\\\/regions-snetap-fsu.fr\\\/formation\\\/#organization\"},\"articleSection\":[\"Communiqu\u00e9s\"],\"inLanguage\":\"fr-FR\"},{\"@type\":\"WebPage\",\"@id\":\"https:\\\/\\\/regions-snetap-fsu.fr\\\/formation\\\/2018\\\/10\\\/17\\\/handicap-au-sein-de-lecole-une-infamie\\\/\",\"url\":\"https:\\\/\\\/regions-snetap-fsu.fr\\\/formation\\\/2018\\\/10\\\/17\\\/handicap-au-sein-de-lecole-une-infamie\\\/\",\"name\":\"Handicap au sein de l\u2019\u00e9cole\u2026 une infamie\u00a0! - Formation des sites R\u00e9gionaux du SNETAP-FSU\",\"isPartOf\":{\"@id\":\"https:\\\/\\\/regions-snetap-fsu.fr\\\/formation\\\/#website\"},\"datePublished\":\"2018-10-17T15:26:40+00:00\",\"breadcrumb\":{\"@id\":\"https:\\\/\\\/regions-snetap-fsu.fr\\\/formation\\\/2018\\\/10\\\/17\\\/handicap-au-sein-de-lecole-une-infamie\\\/#breadcrumb\"},\"inLanguage\":\"fr-FR\",\"potentialAction\":[{\"@type\":\"ReadAction\",\"target\":[\"https:\\\/\\\/regions-snetap-fsu.fr\\\/formation\\\/2018\\\/10\\\/17\\\/handicap-au-sein-de-lecole-une-infamie\\\/\"]}]},{\"@type\":\"BreadcrumbList\",\"@id\":\"https:\\\/\\\/regions-snetap-fsu.fr\\\/formation\\\/2018\\\/10\\\/17\\\/handicap-au-sein-de-lecole-une-infamie\\\/#breadcrumb\",\"itemListElement\":[{\"@type\":\"ListItem\",\"position\":1,\"name\":\"Accueil\",\"item\":\"https:\\\/\\\/regions-snetap-fsu.fr\\\/formation\\\/\"},{\"@type\":\"ListItem\",\"position\":2,\"name\":\"Handicap au sein de l\u2019\u00e9cole\u2026 une infamie\u00a0!\"}]},{\"@type\":\"WebSite\",\"@id\":\"https:\\\/\\\/regions-snetap-fsu.fr\\\/formation\\\/#website\",\"url\":\"https:\\\/\\\/regions-snetap-fsu.fr\\\/formation\\\/\",\"name\":\"Formation des sites R\u00e9gionaux du SNETAP-FSU\",\"description\":\"\",\"publisher\":{\"@id\":\"https:\\\/\\\/regions-snetap-fsu.fr\\\/formation\\\/#organization\"},\"potentialAction\":[{\"@type\":\"SearchAction\",\"target\":{\"@type\":\"EntryPoint\",\"urlTemplate\":\"https:\\\/\\\/regions-snetap-fsu.fr\\\/formation\\\/?s={search_term_string}\"},\"query-input\":{\"@type\":\"PropertyValueSpecification\",\"valueRequired\":true,\"valueName\":\"search_term_string\"}}],\"inLanguage\":\"fr-FR\"},{\"@type\":\"Organization\",\"@id\":\"https:\\\/\\\/regions-snetap-fsu.fr\\\/formation\\\/#organization\",\"name\":\"Formation des sites R\u00e9gionaux du SNETAP-FSU\",\"url\":\"https:\\\/\\\/regions-snetap-fsu.fr\\\/formation\\\/\",\"logo\":{\"@type\":\"ImageObject\",\"inLanguage\":\"fr-FR\",\"@id\":\"https:\\\/\\\/regions-snetap-fsu.fr\\\/formation\\\/#\\\/schema\\\/logo\\\/image\\\/\",\"url\":\"https:\\\/\\\/regions-snetap-fsu.fr\\\/formation\\\/wp-content\\\/uploads\\\/sites\\\/20\\\/2025\\\/04\\\/cropped-Logo_blanc_fond_transparent_1000x755.png\",\"contentUrl\":\"https:\\\/\\\/regions-snetap-fsu.fr\\\/formation\\\/wp-content\\\/uploads\\\/sites\\\/20\\\/2025\\\/04\\\/cropped-Logo_blanc_fond_transparent_1000x755.png\",\"width\":998,\"height\":689,\"caption\":\"Formation des sites R\u00e9gionaux du SNETAP-FSU\"},\"image\":{\"@id\":\"https:\\\/\\\/regions-snetap-fsu.fr\\\/formation\\\/#\\\/schema\\\/logo\\\/image\\\/\"}},{\"@type\":\"Person\",\"@id\":\"https:\\\/\\\/regions-snetap-fsu.fr\\\/formation\\\/#\\\/schema\\\/person\\\/f5dc7b6354e942ca9c5fa8e9ff7e5c93\",\"name\":\"yoctavien\",\"image\":{\"@type\":\"ImageObject\",\"inLanguage\":\"fr-FR\",\"@id\":\"https:\\\/\\\/secure.gravatar.com\\\/avatar\\\/382642c092b6b9da14641d3c478df2f3da4a2d17eea25691c232d4dbf735c292?s=96&d=mm&r=g\",\"url\":\"https:\\\/\\\/secure.gravatar.com\\\/avatar\\\/382642c092b6b9da14641d3c478df2f3da4a2d17eea25691c232d4dbf735c292?s=96&d=mm&r=g\",\"contentUrl\":\"https:\\\/\\\/secure.gravatar.com\\\/avatar\\\/382642c092b6b9da14641d3c478df2f3da4a2d17eea25691c232d4dbf735c292?s=96&d=mm&r=g\",\"caption\":\"yoctavien\"},\"url\":\"https:\\\/\\\/regions-snetap-fsu.fr\\\/formation\\\/author\\\/yoctavien\\\/\"}]}<\/script>\n<!-- \/ Yoast SEO plugin. -->","yoast_head_json":{"title":"Handicap au sein de l\u2019\u00e9cole\u2026 une infamie\u00a0! - Formation des sites R\u00e9gionaux du SNETAP-FSU","robots":{"index":"index","follow":"follow","max-snippet":"max-snippet:-1","max-image-preview":"max-image-preview:large","max-video-preview":"max-video-preview:-1"},"canonical":"https:\/\/regions-snetap-fsu.fr\/formation\/2018\/10\/17\/handicap-au-sein-de-lecole-une-infamie\/","og_locale":"fr_FR","og_type":"article","og_title":"Handicap au sein de l\u2019\u00e9cole\u2026 une infamie\u00a0! - Formation des sites R\u00e9gionaux du SNETAP-FSU","og_description":"Handicap au sein de l\u2019\u00e9cole\u2026 une infamie\u00a0! Ce jeudi 11 octobre, l\u2019Assembl\u00e9e nationale a assist\u00e9 \u00e0 la col\u00e8re du d\u00e9put\u00e9 LFI de la 1\u00e8re circonscription de la Somme, Fran\u00e7ois Ruffin, apr\u00e8s le rejet d&rsquo;une proposition de loi port\u00e9e par le d\u00e9put\u00e9 LR de la 1\u00e8re circonscription du Lot, Aur\u00e9lien Pradi\u00e9, pr\u00e9voyant un meilleur accompagnement des [&hellip;]","og_url":"https:\/\/regions-snetap-fsu.fr\/formation\/2018\/10\/17\/handicap-au-sein-de-lecole-une-infamie\/","og_site_name":"Formation des sites R\u00e9gionaux du SNETAP-FSU","article_published_time":"2018-10-17T15:26:40+00:00","author":"yoctavien","twitter_card":"summary_large_image","twitter_misc":{"\u00c9crit par":"yoctavien","Dur\u00e9e de lecture estim\u00e9e":"1 minute"},"schema":{"@context":"https:\/\/schema.org","@graph":[{"@type":"Article","@id":"https:\/\/regions-snetap-fsu.fr\/formation\/2018\/10\/17\/handicap-au-sein-de-lecole-une-infamie\/#article","isPartOf":{"@id":"https:\/\/regions-snetap-fsu.fr\/formation\/2018\/10\/17\/handicap-au-sein-de-lecole-une-infamie\/"},"author":{"name":"yoctavien","@id":"https:\/\/regions-snetap-fsu.fr\/formation\/#\/schema\/person\/f5dc7b6354e942ca9c5fa8e9ff7e5c93"},"headline":"Handicap au sein de l\u2019\u00e9cole\u2026 une infamie\u00a0!","datePublished":"2018-10-17T15:26:40+00:00","mainEntityOfPage":{"@id":"https:\/\/regions-snetap-fsu.fr\/formation\/2018\/10\/17\/handicap-au-sein-de-lecole-une-infamie\/"},"wordCount":178,"publisher":{"@id":"https:\/\/regions-snetap-fsu.fr\/formation\/#organization"},"articleSection":["Communiqu\u00e9s"],"inLanguage":"fr-FR"},{"@type":"WebPage","@id":"https:\/\/regions-snetap-fsu.fr\/formation\/2018\/10\/17\/handicap-au-sein-de-lecole-une-infamie\/","url":"https:\/\/regions-snetap-fsu.fr\/formation\/2018\/10\/17\/handicap-au-sein-de-lecole-une-infamie\/","name":"Handicap au sein de l\u2019\u00e9cole\u2026 une infamie\u00a0! - Formation des sites R\u00e9gionaux du SNETAP-FSU","isPartOf":{"@id":"https:\/\/regions-snetap-fsu.fr\/formation\/#website"},"datePublished":"2018-10-17T15:26:40+00:00","breadcrumb":{"@id":"https:\/\/regions-snetap-fsu.fr\/formation\/2018\/10\/17\/handicap-au-sein-de-lecole-une-infamie\/#breadcrumb"},"inLanguage":"fr-FR","potentialAction":[{"@type":"ReadAction","target":["https:\/\/regions-snetap-fsu.fr\/formation\/2018\/10\/17\/handicap-au-sein-de-lecole-une-infamie\/"]}]},{"@type":"BreadcrumbList","@id":"https:\/\/regions-snetap-fsu.fr\/formation\/2018\/10\/17\/handicap-au-sein-de-lecole-une-infamie\/#breadcrumb","itemListElement":[{"@type":"ListItem","position":1,"name":"Accueil","item":"https:\/\/regions-snetap-fsu.fr\/formation\/"},{"@type":"ListItem","position":2,"name":"Handicap au sein de l\u2019\u00e9cole\u2026 une infamie\u00a0!"}]},{"@type":"WebSite","@id":"https:\/\/regions-snetap-fsu.fr\/formation\/#website","url":"https:\/\/regions-snetap-fsu.fr\/formation\/","name":"Formation des sites R\u00e9gionaux du SNETAP-FSU","description":"","publisher":{"@id":"https:\/\/regions-snetap-fsu.fr\/formation\/#organization"},"potentialAction":[{"@type":"SearchAction","target":{"@type":"EntryPoint","urlTemplate":"https:\/\/regions-snetap-fsu.fr\/formation\/?s={search_term_string}"},"query-input":{"@type":"PropertyValueSpecification","valueRequired":true,"valueName":"search_term_string"}}],"inLanguage":"fr-FR"},{"@type":"Organization","@id":"https:\/\/regions-snetap-fsu.fr\/formation\/#organization","name":"Formation des sites R\u00e9gionaux du SNETAP-FSU","url":"https:\/\/regions-snetap-fsu.fr\/formation\/","logo":{"@type":"ImageObject","inLanguage":"fr-FR","@id":"https:\/\/regions-snetap-fsu.fr\/formation\/#\/schema\/logo\/image\/","url":"https:\/\/regions-snetap-fsu.fr\/formation\/wp-content\/uploads\/sites\/20\/2025\/04\/cropped-Logo_blanc_fond_transparent_1000x755.png","contentUrl":"https:\/\/regions-snetap-fsu.fr\/formation\/wp-content\/uploads\/sites\/20\/2025\/04\/cropped-Logo_blanc_fond_transparent_1000x755.png","width":998,"height":689,"caption":"Formation des sites R\u00e9gionaux du SNETAP-FSU"},"image":{"@id":"https:\/\/regions-snetap-fsu.fr\/formation\/#\/schema\/logo\/image\/"}},{"@type":"Person","@id":"https:\/\/regions-snetap-fsu.fr\/formation\/#\/schema\/person\/f5dc7b6354e942ca9c5fa8e9ff7e5c93","name":"yoctavien","image":{"@type":"ImageObject","inLanguage":"fr-FR","@id":"https:\/\/secure.gravatar.com\/avatar\/382642c092b6b9da14641d3c478df2f3da4a2d17eea25691c232d4dbf735c292?s=96&d=mm&r=g","url":"https:\/\/secure.gravatar.com\/avatar\/382642c092b6b9da14641d3c478df2f3da4a2d17eea25691c232d4dbf735c292?s=96&d=mm&r=g","contentUrl":"https:\/\/secure.gravatar.com\/avatar\/382642c092b6b9da14641d3c478df2f3da4a2d17eea25691c232d4dbf735c292?s=96&d=mm&r=g","caption":"yoctavien"},"url":"https:\/\/regions-snetap-fsu.fr\/formation\/author\/yoctavien\/"}]}},"_links":{"self":[{"href":"https:\/\/regions-snetap-fsu.fr\/formation\/wp-json\/wp\/v2\/posts\/700","targetHints":{"allow":["GET"]}}],"collection":[{"href":"https:\/\/regions-snetap-fsu.fr\/formation\/wp-json\/wp\/v2\/posts"}],"about":[{"href":"https:\/\/regions-snetap-fsu.fr\/formation\/wp-json\/wp\/v2\/types\/post"}],"author":[{"embeddable":true,"href":"https:\/\/regions-snetap-fsu.fr\/formation\/wp-json\/wp\/v2\/users\/138"}],"replies":[{"embeddable":true,"href":"https:\/\/regions-snetap-fsu.fr\/formation\/wp-json\/wp\/v2\/comments?post=700"}],"version-history":[{"count":0,"href":"https:\/\/regions-snetap-fsu.fr\/formation\/wp-json\/wp\/v2\/posts\/700\/revisions"}],"wp:attachment":[{"href":"https:\/\/regions-snetap-fsu.fr\/formation\/wp-json\/wp\/v2\/media?parent=700"}],"wp:term":[{"taxonomy":"category","embeddable":true,"href":"https:\/\/regions-snetap-fsu.fr\/formation\/wp-json\/wp\/v2\/categories?post=700"},{"taxonomy":"post_tag","embeddable":true,"href":"https:\/\/regions-snetap-fsu.fr\/formation\/wp-json\/wp\/v2\/tags?post=700"},{"taxonomy":"post_folder","embeddable":true,"href":"https:\/\/regions-snetap-fsu.fr\/formation\/wp-json\/wp\/v2\/post_folder?post=700"}],"curies":[{"name":"wp","href":"https:\/\/api.w.org\/{rel}","templated":true}]}}