{"id":620,"date":"2018-11-17T11:39:58","date_gmt":"2018-11-17T10:39:58","guid":{"rendered":"https:\/\/regions-snetap-fsu.fr\/hdf\/?p=620"},"modified":"2018-11-17T11:39:58","modified_gmt":"2018-11-17T10:39:58","slug":"mode-demploi-et-enjeux","status":"publish","type":"post","link":"https:\/\/regions-snetap-fsu.fr\/formation\/2018\/11\/17\/mode-demploi-et-enjeux\/","title":{"rendered":"Mode d&#8217;emploi et enjeux"},"content":{"rendered":"<p><span style=\"color: #0000ff\">Les \u00e9lections professionnelles du 6 d\u00e9cembre sont tr\u00e8s importante\u00a0:<\/span><\/p>\n<ul>\n<li><span style=\"color: #0000ff\">pour votre salaire, vos conditions de travail,votre statut, votre carri\u00e8re, votre retraite\u2026<\/span><\/li>\n<li><span style=\"color: #0000ff\">pour permettre \u00e0 la FSU de prendre ensemble nos positions sur l\u2019avenir du service public<\/span><\/li>\n<li><span style=\"color: #0000ff\">pour permettre au SNETAP-FSU de prendre ensemble nos positions sur l\u2019avenir de l\u2019enseignement agricole public<\/span><\/li>\n<li><span style=\"color: #0000ff\">pour d\u00e9signer vos repr\u00e9sentant\u00b7es SNETAP-FSU qui si\u00e9gerons en votre nom et pour 4 ans dans les diff\u00e9rentes instances que sont le\u00a0:<\/span>\n<ul>\n<li><span style=\"color: #0000ff\">le CTREA\u00a0: Comit\u00e9 Technique R\u00e9gional de l\u2019Enseignement Agricole<\/span><\/li>\n<li><span style=\"color: #0000ff\">le CTEA\u00a0: Comit\u00e9 Technique (national) de l\u2019Enseignement Agricole<\/span><\/li>\n<li><span style=\"color: #0000ff\">le CTM\u00a0: Comit\u00e9 Technique du Minist\u00e8re de l\u2019agriculture<\/span><\/li>\n<li><span style=\"color: #0000ff\">le CT\u00a0: Comit\u00e9 Technique du conseil r\u00e9gional<\/span><\/li>\n<li><span style=\"color: #0000ff\">la CAP\u00a0: Commission Administrative Paritaire<\/span><\/li>\n<li><span style=\"color: #0000ff\">la CCP\u00a0: Commission Consultative Paritaire des contractuel\u00b7es<\/span><\/li>\n<\/ul>\n<\/li>\n<li><span style=\"color: #0000ff\">pour donner au SNETAP-FSU les moyens allou\u00e9s pour porter vos mandats (Repr\u00e9sentativit\u00e9, Autorisation d\u2019absences, \u2026)<\/span><\/li>\n<li><span style=\"color: #0000ff\">pour permettre au SNETAP-FSU de d\u00e9fendre ensemble nos valeurs de l\u2019enseignement agricole public<\/span><\/li>\n<li><span style=\"color: #0000ff\">pour d\u00e9signer vos coll\u00e8gues de vos \u00e9tablissements, engag\u00e9\u00b7es et d\u00e9termin\u00e9\u00b7es \u00e0 se battre pour am\u00e9liorer votre quotidien professionnel. <span style=\"text-decoration: underline\"><a href=\"https:\/\/www.snetap-fsu.fr\/Vos-elu-es-SNETAP-FSU-engage-es-au-quotidien.html\" target=\"_blank\" rel=\"noopener\">Lien : vos \u00e9lu\u00b7es SNETAP-FSU engag\u00e9\u00b7es au quotidien<\/a><\/span><\/span><\/li>\n<li><span style=\"color: #0000ff\">pour d\u00e9fendre un enseignement et un service de qualit\u00e9.<\/span><\/li>\n<\/ul>\n<p><a href=\"https:\/\/www.snetap-fsu.fr\/IMG\/pdf\/fsu-livret-elec-2018-hd.pdf\" target=\"_blank\" rel=\"noopener\"><span style=\"text-decoration: underline\">Lien : Pour qui ? Pour quoi ? Quand et comment ? Quels sont les enjeux ?<\/span><\/a><\/p>\n<p><img decoding=\"async\" class=\" wp-image-731 aligncenter\" src=\"https:\/\/regions-snetap-fsu.fr\/hdf\/wp-content\/uploads\/sites\/5\/2018\/10\/Vote_FSU_engage-300x105.png\" alt=\"\" width=\"354\" height=\"124\" \/><\/p>\n","protected":false},"excerpt":{"rendered":"<p>Les \u00e9lections professionnelles du 6 d\u00e9cembre sont tr\u00e8s importante\u00a0: pour votre salaire, vos conditions de travail,votre statut, votre carri\u00e8re, votre retraite\u2026 pour permettre \u00e0 la FSU de prendre ensemble nos positions sur l\u2019avenir du service public pour permettre au SNETAP-FSU de prendre ensemble nos positions sur l\u2019avenir de l\u2019enseignement agricole public pour d\u00e9signer vos repr\u00e9sentant\u00b7es [&hellip;]<\/p>\n","protected":false},"author":138,"featured_media":0,"comment_status":"closed","ping_status":"closed","sticky":false,"template":"","format":"standard","meta":{"ocean_post_layout":"","ocean_both_sidebars_style":"","ocean_both_sidebars_content_width":0,"ocean_both_sidebars_sidebars_width":0,"ocean_sidebar":"","ocean_second_sidebar":"","ocean_disable_margins":"enable","ocean_add_body_class":"","ocean_shortcode_before_top_bar":"","ocean_shortcode_after_top_bar":"","ocean_shortcode_before_header":"","ocean_shortcode_after_header":"","ocean_has_shortcode":"","ocean_shortcode_after_title":"","ocean_shortcode_before_footer_widgets":"","ocean_shortcode_after_footer_widgets":"","ocean_shortcode_before_footer_bottom":"","ocean_shortcode_after_footer_bottom":"","ocean_display_top_bar":"default","ocean_display_header":"default","ocean_header_style":"","ocean_center_header_left_menu":"","ocean_custom_header_template":"","ocean_custom_logo":0,"ocean_custom_retina_logo":0,"ocean_custom_logo_max_width":0,"ocean_custom_logo_tablet_max_width":0,"ocean_custom_logo_mobile_max_width":0,"ocean_custom_logo_max_height":0,"ocean_custom_logo_tablet_max_height":0,"ocean_custom_logo_mobile_max_height":0,"ocean_header_custom_menu":"","ocean_menu_typo_font_family":"","ocean_menu_typo_font_subset":"","ocean_menu_typo_font_size":0,"ocean_menu_typo_font_size_tablet":0,"ocean_menu_typo_font_size_mobile":0,"ocean_menu_typo_font_size_unit":"px","ocean_menu_typo_font_weight":"","ocean_menu_typo_font_weight_tablet":"","ocean_menu_typo_font_weight_mobile":"","ocean_menu_typo_transform":"","ocean_menu_typo_transform_tablet":"","ocean_menu_typo_transform_mobile":"","ocean_menu_typo_line_height":0,"ocean_menu_typo_line_height_tablet":0,"ocean_menu_typo_line_height_mobile":0,"ocean_menu_typo_line_height_unit":"","ocean_menu_typo_spacing":0,"ocean_menu_typo_spacing_tablet":0,"ocean_menu_typo_spacing_mobile":0,"ocean_menu_typo_spacing_unit":"","ocean_menu_link_color":"","ocean_menu_link_color_hover":"","ocean_menu_link_color_active":"","ocean_menu_link_background":"","ocean_menu_link_hover_background":"","ocean_menu_link_active_background":"","ocean_menu_social_links_bg":"","ocean_menu_social_hover_links_bg":"","ocean_menu_social_links_color":"","ocean_menu_social_hover_links_color":"","ocean_disable_title":"default","ocean_disable_heading":"default","ocean_post_title":"","ocean_post_subheading":"","ocean_post_title_style":"","ocean_post_title_background_color":"","ocean_post_title_background":0,"ocean_post_title_bg_image_position":"","ocean_post_title_bg_image_attachment":"","ocean_post_title_bg_image_repeat":"","ocean_post_title_bg_image_size":"","ocean_post_title_height":0,"ocean_post_title_bg_overlay":0.5,"ocean_post_title_bg_overlay_color":"","ocean_disable_breadcrumbs":"default","ocean_breadcrumbs_color":"","ocean_breadcrumbs_separator_color":"","ocean_breadcrumbs_links_color":"","ocean_breadcrumbs_links_hover_color":"","ocean_display_footer_widgets":"default","ocean_display_footer_bottom":"default","ocean_custom_footer_template":"","ocean_post_oembed":"","ocean_post_self_hosted_media":"","ocean_post_video_embed":"","ocean_link_format":"","ocean_link_format_target":"self","ocean_quote_format":"","ocean_quote_format_link":"post","ocean_gallery_link_images":"on","ocean_gallery_id":[],"footnotes":""},"categories":[25],"tags":[],"post_folder":[],"class_list":["post-620","post","type-post","status-publish","format-standard","hentry","category-mode-demploi","entry"],"yoast_head":"<!-- This site is optimized with the Yoast SEO plugin v27.4 - https:\/\/yoast.com\/product\/yoast-seo-wordpress\/ -->\n<title>Mode d&#039;emploi et enjeux - Formation des sites R\u00e9gionaux du SNETAP-FSU<\/title>\n<meta name=\"robots\" content=\"index, follow, max-snippet:-1, max-image-preview:large, max-video-preview:-1\" \/>\n<link rel=\"canonical\" href=\"https:\/\/regions-snetap-fsu.fr\/formation\/2018\/11\/17\/mode-demploi-et-enjeux\/\" \/>\n<meta property=\"og:locale\" content=\"fr_FR\" \/>\n<meta property=\"og:type\" content=\"article\" \/>\n<meta property=\"og:title\" content=\"Mode d&#039;emploi et enjeux - Formation des sites R\u00e9gionaux du SNETAP-FSU\" \/>\n<meta property=\"og:description\" content=\"Les \u00e9lections professionnelles du 6 d\u00e9cembre sont tr\u00e8s importante\u00a0: pour votre salaire, vos conditions de travail,votre statut, votre carri\u00e8re, votre retraite\u2026 pour permettre \u00e0 la FSU de prendre ensemble nos positions sur l\u2019avenir du service public pour permettre au SNETAP-FSU de prendre ensemble nos positions sur l\u2019avenir de l\u2019enseignement agricole public pour d\u00e9signer vos repr\u00e9sentant\u00b7es [&hellip;]\" \/>\n<meta property=\"og:url\" content=\"https:\/\/regions-snetap-fsu.fr\/formation\/2018\/11\/17\/mode-demploi-et-enjeux\/\" \/>\n<meta property=\"og:site_name\" content=\"Formation des sites R\u00e9gionaux du SNETAP-FSU\" \/>\n<meta property=\"article:published_time\" content=\"2018-11-17T10:39:58+00:00\" \/>\n<meta name=\"author\" content=\"yoctavien\" \/>\n<meta name=\"twitter:card\" content=\"summary_large_image\" \/>\n<meta name=\"twitter:label1\" content=\"\u00c9crit par\" \/>\n\t<meta name=\"twitter:data1\" content=\"yoctavien\" \/>\n\t<meta name=\"twitter:label2\" content=\"Dur\u00e9e de lecture estim\u00e9e\" \/>\n\t<meta name=\"twitter:data2\" content=\"1 minute\" \/>\n<script type=\"application\/ld+json\" class=\"yoast-schema-graph\">{\"@context\":\"https:\\\/\\\/schema.org\",\"@graph\":[{\"@type\":\"Article\",\"@id\":\"https:\\\/\\\/regions-snetap-fsu.fr\\\/formation\\\/2018\\\/11\\\/17\\\/mode-demploi-et-enjeux\\\/#article\",\"isPartOf\":{\"@id\":\"https:\\\/\\\/regions-snetap-fsu.fr\\\/formation\\\/2018\\\/11\\\/17\\\/mode-demploi-et-enjeux\\\/\"},\"author\":{\"name\":\"yoctavien\",\"@id\":\"https:\\\/\\\/regions-snetap-fsu.fr\\\/formation\\\/#\\\/schema\\\/person\\\/f5dc7b6354e942ca9c5fa8e9ff7e5c93\"},\"headline\":\"Mode d&#8217;emploi et enjeux\",\"datePublished\":\"2018-11-17T10:39:58+00:00\",\"mainEntityOfPage\":{\"@id\":\"https:\\\/\\\/regions-snetap-fsu.fr\\\/formation\\\/2018\\\/11\\\/17\\\/mode-demploi-et-enjeux\\\/\"},\"wordCount\":222,\"publisher\":{\"@id\":\"https:\\\/\\\/regions-snetap-fsu.fr\\\/formation\\\/#organization\"},\"image\":{\"@id\":\"https:\\\/\\\/regions-snetap-fsu.fr\\\/formation\\\/2018\\\/11\\\/17\\\/mode-demploi-et-enjeux\\\/#primaryimage\"},\"thumbnailUrl\":\"https:\\\/\\\/regions-snetap-fsu.fr\\\/hdf\\\/wp-content\\\/uploads\\\/sites\\\/5\\\/2018\\\/10\\\/Vote_FSU_engage-300x105.png\",\"articleSection\":[\"Mode d'emploi\"],\"inLanguage\":\"fr-FR\"},{\"@type\":\"WebPage\",\"@id\":\"https:\\\/\\\/regions-snetap-fsu.fr\\\/formation\\\/2018\\\/11\\\/17\\\/mode-demploi-et-enjeux\\\/\",\"url\":\"https:\\\/\\\/regions-snetap-fsu.fr\\\/formation\\\/2018\\\/11\\\/17\\\/mode-demploi-et-enjeux\\\/\",\"name\":\"Mode d'emploi et enjeux - Formation des sites R\u00e9gionaux du SNETAP-FSU\",\"isPartOf\":{\"@id\":\"https:\\\/\\\/regions-snetap-fsu.fr\\\/formation\\\/#website\"},\"primaryImageOfPage\":{\"@id\":\"https:\\\/\\\/regions-snetap-fsu.fr\\\/formation\\\/2018\\\/11\\\/17\\\/mode-demploi-et-enjeux\\\/#primaryimage\"},\"image\":{\"@id\":\"https:\\\/\\\/regions-snetap-fsu.fr\\\/formation\\\/2018\\\/11\\\/17\\\/mode-demploi-et-enjeux\\\/#primaryimage\"},\"thumbnailUrl\":\"https:\\\/\\\/regions-snetap-fsu.fr\\\/hdf\\\/wp-content\\\/uploads\\\/sites\\\/5\\\/2018\\\/10\\\/Vote_FSU_engage-300x105.png\",\"datePublished\":\"2018-11-17T10:39:58+00:00\",\"breadcrumb\":{\"@id\":\"https:\\\/\\\/regions-snetap-fsu.fr\\\/formation\\\/2018\\\/11\\\/17\\\/mode-demploi-et-enjeux\\\/#breadcrumb\"},\"inLanguage\":\"fr-FR\",\"potentialAction\":[{\"@type\":\"ReadAction\",\"target\":[\"https:\\\/\\\/regions-snetap-fsu.fr\\\/formation\\\/2018\\\/11\\\/17\\\/mode-demploi-et-enjeux\\\/\"]}]},{\"@type\":\"ImageObject\",\"inLanguage\":\"fr-FR\",\"@id\":\"https:\\\/\\\/regions-snetap-fsu.fr\\\/formation\\\/2018\\\/11\\\/17\\\/mode-demploi-et-enjeux\\\/#primaryimage\",\"url\":\"https:\\\/\\\/regions-snetap-fsu.fr\\\/hdf\\\/wp-content\\\/uploads\\\/sites\\\/5\\\/2018\\\/10\\\/Vote_FSU_engage-300x105.png\",\"contentUrl\":\"https:\\\/\\\/regions-snetap-fsu.fr\\\/hdf\\\/wp-content\\\/uploads\\\/sites\\\/5\\\/2018\\\/10\\\/Vote_FSU_engage-300x105.png\"},{\"@type\":\"BreadcrumbList\",\"@id\":\"https:\\\/\\\/regions-snetap-fsu.fr\\\/formation\\\/2018\\\/11\\\/17\\\/mode-demploi-et-enjeux\\\/#breadcrumb\",\"itemListElement\":[{\"@type\":\"ListItem\",\"position\":1,\"name\":\"Accueil\",\"item\":\"https:\\\/\\\/regions-snetap-fsu.fr\\\/formation\\\/\"},{\"@type\":\"ListItem\",\"position\":2,\"name\":\"Mode d&#8217;emploi et enjeux\"}]},{\"@type\":\"WebSite\",\"@id\":\"https:\\\/\\\/regions-snetap-fsu.fr\\\/formation\\\/#website\",\"url\":\"https:\\\/\\\/regions-snetap-fsu.fr\\\/formation\\\/\",\"name\":\"Formation des sites R\u00e9gionaux du SNETAP-FSU\",\"description\":\"\",\"publisher\":{\"@id\":\"https:\\\/\\\/regions-snetap-fsu.fr\\\/formation\\\/#organization\"},\"potentialAction\":[{\"@type\":\"SearchAction\",\"target\":{\"@type\":\"EntryPoint\",\"urlTemplate\":\"https:\\\/\\\/regions-snetap-fsu.fr\\\/formation\\\/?s={search_term_string}\"},\"query-input\":{\"@type\":\"PropertyValueSpecification\",\"valueRequired\":true,\"valueName\":\"search_term_string\"}}],\"inLanguage\":\"fr-FR\"},{\"@type\":\"Organization\",\"@id\":\"https:\\\/\\\/regions-snetap-fsu.fr\\\/formation\\\/#organization\",\"name\":\"Formation des sites R\u00e9gionaux du SNETAP-FSU\",\"url\":\"https:\\\/\\\/regions-snetap-fsu.fr\\\/formation\\\/\",\"logo\":{\"@type\":\"ImageObject\",\"inLanguage\":\"fr-FR\",\"@id\":\"https:\\\/\\\/regions-snetap-fsu.fr\\\/formation\\\/#\\\/schema\\\/logo\\\/image\\\/\",\"url\":\"https:\\\/\\\/regions-snetap-fsu.fr\\\/formation\\\/wp-content\\\/uploads\\\/sites\\\/20\\\/2025\\\/04\\\/cropped-Logo_blanc_fond_transparent_1000x755.png\",\"contentUrl\":\"https:\\\/\\\/regions-snetap-fsu.fr\\\/formation\\\/wp-content\\\/uploads\\\/sites\\\/20\\\/2025\\\/04\\\/cropped-Logo_blanc_fond_transparent_1000x755.png\",\"width\":998,\"height\":689,\"caption\":\"Formation des sites R\u00e9gionaux du SNETAP-FSU\"},\"image\":{\"@id\":\"https:\\\/\\\/regions-snetap-fsu.fr\\\/formation\\\/#\\\/schema\\\/logo\\\/image\\\/\"}},{\"@type\":\"Person\",\"@id\":\"https:\\\/\\\/regions-snetap-fsu.fr\\\/formation\\\/#\\\/schema\\\/person\\\/f5dc7b6354e942ca9c5fa8e9ff7e5c93\",\"name\":\"yoctavien\",\"image\":{\"@type\":\"ImageObject\",\"inLanguage\":\"fr-FR\",\"@id\":\"https:\\\/\\\/secure.gravatar.com\\\/avatar\\\/382642c092b6b9da14641d3c478df2f3da4a2d17eea25691c232d4dbf735c292?s=96&d=mm&r=g\",\"url\":\"https:\\\/\\\/secure.gravatar.com\\\/avatar\\\/382642c092b6b9da14641d3c478df2f3da4a2d17eea25691c232d4dbf735c292?s=96&d=mm&r=g\",\"contentUrl\":\"https:\\\/\\\/secure.gravatar.com\\\/avatar\\\/382642c092b6b9da14641d3c478df2f3da4a2d17eea25691c232d4dbf735c292?s=96&d=mm&r=g\",\"caption\":\"yoctavien\"},\"url\":\"https:\\\/\\\/regions-snetap-fsu.fr\\\/formation\\\/author\\\/yoctavien\\\/\"}]}<\/script>\n<!-- \/ Yoast SEO plugin. -->","yoast_head_json":{"title":"Mode d'emploi et enjeux - Formation des sites R\u00e9gionaux du SNETAP-FSU","robots":{"index":"index","follow":"follow","max-snippet":"max-snippet:-1","max-image-preview":"max-image-preview:large","max-video-preview":"max-video-preview:-1"},"canonical":"https:\/\/regions-snetap-fsu.fr\/formation\/2018\/11\/17\/mode-demploi-et-enjeux\/","og_locale":"fr_FR","og_type":"article","og_title":"Mode d'emploi et enjeux - Formation des sites R\u00e9gionaux du SNETAP-FSU","og_description":"Les \u00e9lections professionnelles du 6 d\u00e9cembre sont tr\u00e8s importante\u00a0: pour votre salaire, vos conditions de travail,votre statut, votre carri\u00e8re, votre retraite\u2026 pour permettre \u00e0 la FSU de prendre ensemble nos positions sur l\u2019avenir du service public pour permettre au SNETAP-FSU de prendre ensemble nos positions sur l\u2019avenir de l\u2019enseignement agricole public pour d\u00e9signer vos repr\u00e9sentant\u00b7es [&hellip;]","og_url":"https:\/\/regions-snetap-fsu.fr\/formation\/2018\/11\/17\/mode-demploi-et-enjeux\/","og_site_name":"Formation des sites R\u00e9gionaux du SNETAP-FSU","article_published_time":"2018-11-17T10:39:58+00:00","author":"yoctavien","twitter_card":"summary_large_image","twitter_misc":{"\u00c9crit par":"yoctavien","Dur\u00e9e de lecture estim\u00e9e":"1 minute"},"schema":{"@context":"https:\/\/schema.org","@graph":[{"@type":"Article","@id":"https:\/\/regions-snetap-fsu.fr\/formation\/2018\/11\/17\/mode-demploi-et-enjeux\/#article","isPartOf":{"@id":"https:\/\/regions-snetap-fsu.fr\/formation\/2018\/11\/17\/mode-demploi-et-enjeux\/"},"author":{"name":"yoctavien","@id":"https:\/\/regions-snetap-fsu.fr\/formation\/#\/schema\/person\/f5dc7b6354e942ca9c5fa8e9ff7e5c93"},"headline":"Mode d&#8217;emploi et enjeux","datePublished":"2018-11-17T10:39:58+00:00","mainEntityOfPage":{"@id":"https:\/\/regions-snetap-fsu.fr\/formation\/2018\/11\/17\/mode-demploi-et-enjeux\/"},"wordCount":222,"publisher":{"@id":"https:\/\/regions-snetap-fsu.fr\/formation\/#organization"},"image":{"@id":"https:\/\/regions-snetap-fsu.fr\/formation\/2018\/11\/17\/mode-demploi-et-enjeux\/#primaryimage"},"thumbnailUrl":"https:\/\/regions-snetap-fsu.fr\/hdf\/wp-content\/uploads\/sites\/5\/2018\/10\/Vote_FSU_engage-300x105.png","articleSection":["Mode d'emploi"],"inLanguage":"fr-FR"},{"@type":"WebPage","@id":"https:\/\/regions-snetap-fsu.fr\/formation\/2018\/11\/17\/mode-demploi-et-enjeux\/","url":"https:\/\/regions-snetap-fsu.fr\/formation\/2018\/11\/17\/mode-demploi-et-enjeux\/","name":"Mode d'emploi et enjeux - Formation des sites R\u00e9gionaux du SNETAP-FSU","isPartOf":{"@id":"https:\/\/regions-snetap-fsu.fr\/formation\/#website"},"primaryImageOfPage":{"@id":"https:\/\/regions-snetap-fsu.fr\/formation\/2018\/11\/17\/mode-demploi-et-enjeux\/#primaryimage"},"image":{"@id":"https:\/\/regions-snetap-fsu.fr\/formation\/2018\/11\/17\/mode-demploi-et-enjeux\/#primaryimage"},"thumbnailUrl":"https:\/\/regions-snetap-fsu.fr\/hdf\/wp-content\/uploads\/sites\/5\/2018\/10\/Vote_FSU_engage-300x105.png","datePublished":"2018-11-17T10:39:58+00:00","breadcrumb":{"@id":"https:\/\/regions-snetap-fsu.fr\/formation\/2018\/11\/17\/mode-demploi-et-enjeux\/#breadcrumb"},"inLanguage":"fr-FR","potentialAction":[{"@type":"ReadAction","target":["https:\/\/regions-snetap-fsu.fr\/formation\/2018\/11\/17\/mode-demploi-et-enjeux\/"]}]},{"@type":"ImageObject","inLanguage":"fr-FR","@id":"https:\/\/regions-snetap-fsu.fr\/formation\/2018\/11\/17\/mode-demploi-et-enjeux\/#primaryimage","url":"https:\/\/regions-snetap-fsu.fr\/hdf\/wp-content\/uploads\/sites\/5\/2018\/10\/Vote_FSU_engage-300x105.png","contentUrl":"https:\/\/regions-snetap-fsu.fr\/hdf\/wp-content\/uploads\/sites\/5\/2018\/10\/Vote_FSU_engage-300x105.png"},{"@type":"BreadcrumbList","@id":"https:\/\/regions-snetap-fsu.fr\/formation\/2018\/11\/17\/mode-demploi-et-enjeux\/#breadcrumb","itemListElement":[{"@type":"ListItem","position":1,"name":"Accueil","item":"https:\/\/regions-snetap-fsu.fr\/formation\/"},{"@type":"ListItem","position":2,"name":"Mode d&#8217;emploi et enjeux"}]},{"@type":"WebSite","@id":"https:\/\/regions-snetap-fsu.fr\/formation\/#website","url":"https:\/\/regions-snetap-fsu.fr\/formation\/","name":"Formation des sites R\u00e9gionaux du SNETAP-FSU","description":"","publisher":{"@id":"https:\/\/regions-snetap-fsu.fr\/formation\/#organization"},"potentialAction":[{"@type":"SearchAction","target":{"@type":"EntryPoint","urlTemplate":"https:\/\/regions-snetap-fsu.fr\/formation\/?s={search_term_string}"},"query-input":{"@type":"PropertyValueSpecification","valueRequired":true,"valueName":"search_term_string"}}],"inLanguage":"fr-FR"},{"@type":"Organization","@id":"https:\/\/regions-snetap-fsu.fr\/formation\/#organization","name":"Formation des sites R\u00e9gionaux du SNETAP-FSU","url":"https:\/\/regions-snetap-fsu.fr\/formation\/","logo":{"@type":"ImageObject","inLanguage":"fr-FR","@id":"https:\/\/regions-snetap-fsu.fr\/formation\/#\/schema\/logo\/image\/","url":"https:\/\/regions-snetap-fsu.fr\/formation\/wp-content\/uploads\/sites\/20\/2025\/04\/cropped-Logo_blanc_fond_transparent_1000x755.png","contentUrl":"https:\/\/regions-snetap-fsu.fr\/formation\/wp-content\/uploads\/sites\/20\/2025\/04\/cropped-Logo_blanc_fond_transparent_1000x755.png","width":998,"height":689,"caption":"Formation des sites R\u00e9gionaux du SNETAP-FSU"},"image":{"@id":"https:\/\/regions-snetap-fsu.fr\/formation\/#\/schema\/logo\/image\/"}},{"@type":"Person","@id":"https:\/\/regions-snetap-fsu.fr\/formation\/#\/schema\/person\/f5dc7b6354e942ca9c5fa8e9ff7e5c93","name":"yoctavien","image":{"@type":"ImageObject","inLanguage":"fr-FR","@id":"https:\/\/secure.gravatar.com\/avatar\/382642c092b6b9da14641d3c478df2f3da4a2d17eea25691c232d4dbf735c292?s=96&d=mm&r=g","url":"https:\/\/secure.gravatar.com\/avatar\/382642c092b6b9da14641d3c478df2f3da4a2d17eea25691c232d4dbf735c292?s=96&d=mm&r=g","contentUrl":"https:\/\/secure.gravatar.com\/avatar\/382642c092b6b9da14641d3c478df2f3da4a2d17eea25691c232d4dbf735c292?s=96&d=mm&r=g","caption":"yoctavien"},"url":"https:\/\/regions-snetap-fsu.fr\/formation\/author\/yoctavien\/"}]}},"_links":{"self":[{"href":"https:\/\/regions-snetap-fsu.fr\/formation\/wp-json\/wp\/v2\/posts\/620","targetHints":{"allow":["GET"]}}],"collection":[{"href":"https:\/\/regions-snetap-fsu.fr\/formation\/wp-json\/wp\/v2\/posts"}],"about":[{"href":"https:\/\/regions-snetap-fsu.fr\/formation\/wp-json\/wp\/v2\/types\/post"}],"author":[{"embeddable":true,"href":"https:\/\/regions-snetap-fsu.fr\/formation\/wp-json\/wp\/v2\/users\/138"}],"replies":[{"embeddable":true,"href":"https:\/\/regions-snetap-fsu.fr\/formation\/wp-json\/wp\/v2\/comments?post=620"}],"version-history":[{"count":0,"href":"https:\/\/regions-snetap-fsu.fr\/formation\/wp-json\/wp\/v2\/posts\/620\/revisions"}],"wp:attachment":[{"href":"https:\/\/regions-snetap-fsu.fr\/formation\/wp-json\/wp\/v2\/media?parent=620"}],"wp:term":[{"taxonomy":"category","embeddable":true,"href":"https:\/\/regions-snetap-fsu.fr\/formation\/wp-json\/wp\/v2\/categories?post=620"},{"taxonomy":"post_tag","embeddable":true,"href":"https:\/\/regions-snetap-fsu.fr\/formation\/wp-json\/wp\/v2\/tags?post=620"},{"taxonomy":"post_folder","embeddable":true,"href":"https:\/\/regions-snetap-fsu.fr\/formation\/wp-json\/wp\/v2\/post_folder?post=620"}],"curies":[{"name":"wp","href":"https:\/\/api.w.org\/{rel}","templated":true}]}}