{"id":5123,"date":"2020-05-11T09:50:07","date_gmt":"2020-05-11T07:50:07","guid":{"rendered":"https:\/\/regions-snetap-fsu.fr\/hdf\/?p=5123"},"modified":"2020-05-11T09:50:07","modified_gmt":"2020-05-11T07:50:07","slug":"pas-douverture-precipitee-depl-dans-les-hauts-de-france","status":"publish","type":"post","link":"https:\/\/regions-snetap-fsu.fr\/formation\/2020\/05\/11\/pas-douverture-precipitee-depl-dans-les-hauts-de-france\/","title":{"rendered":"Pas d&rsquo;ouverture pr\u00e9cipit\u00e9e d&rsquo;EPL dans les Hauts-de-France"},"content":{"rendered":"<h2 style=\"text-align: center\"><span style=\"font-family: tahoma, arial, helvetica, sans-serif;color: #ff0000\">Pas d&rsquo;ouverture pr\u00e9cipit\u00e9e<\/span><\/h2>\n<h2 style=\"text-align: center\"><span style=\"font-family: tahoma, arial, helvetica, sans-serif;color: #ff0000\">d&rsquo;EPLEFPA<\/span><\/h2>\n<h2 style=\"text-align: center\"><span style=\"font-family: tahoma, arial, helvetica, sans-serif;color: #ff0000\">dans les Hauts-de-France<\/span><\/h2>\n<blockquote>\n<p style=\"text-align: justify\"><span style=\"font-family: tahoma, arial, helvetica, sans-serif;color: #0000ff\">Quelques agent\u00b7es ont exprim\u00e9\u00b7es leur inqui\u00e9tude de se voir convoqu\u00e9s d\u00e8s ce lundi 11 mai ou dans le courant de cette semaine pour reprendre tout ou partie de leur service en EPL (administratifs, TFR, AE, ou encore enseignant\u00b7es de UFA ou de CFPPA &#8211; suite en particulier aux r\u00e9centes annonces m\u00e9diatiques de la ministre du travail).<\/span><\/p>\n<p style=\"text-align: justify\"><span style=\"font-family: tahoma, arial, helvetica, sans-serif;color: #0000ff\">Par ce message nous tenons \u00e0 appeler votre attention sur l&rsquo;application de la consigne nationale \u00e9mise par le Minist\u00e8re (courriel de la Directrice G\u00e9n\u00e9rale) en fin de matin\u00e9e de ce dimanche 10 mai 2020 indiquant qu&rsquo;en aucun cas les \u00e9tablissements ne pouvaient ouvrir leurs portes avant que les instances nationales (CHSCTM-CTEA) ne se soient prononc\u00e9es sur le protocole de reprise et que les CHSCT REA comme les Co-HS des \u00e9tablissements ne se soient r\u00e9unis pour d\u00e9cliner la mise en \u0153uvre dudit protocole national&#8230;<\/span><\/p>\n<\/blockquote>\n<p><!--more--><\/p>\n<p style=\"text-align: justify\"><img fetchpriority=\"high\" decoding=\"async\" class=\"aligncenter size-medium wp-image-4605\" src=\"https:\/\/regions-snetap-fsu.fr\/hdf\/wp-content\/uploads\/sites\/5\/2020\/02\/Covid19_25_220-300x180.png\" alt=\"\" width=\"300\" height=\"180\" \/><\/p>\n<p style=\"text-align: justify\"><span style=\"font-family: tahoma, arial, helvetica, sans-serif;color: #0000ff;font-size: 12pt\">Le SNETAP-FSU a \u00e9t\u00e9 amen\u00e9 \u00e0 saisir la DGER et les DRAAF de ces r\u00e9ouvertures pr\u00e9cipit\u00e9es et en tout \u00e9tat de cause s&rsquo;affranchissant tant du plan de reprise national du minist\u00e8re, sur fond de mesures sanitaires encore non stabilis\u00e9es (le CHSCTM, le CTEA et le CTM \u00e9tant encore appel\u00e9s \u00e0 faire \u00e9voluer ces textes r\u00e9glementaires et \u00e0 se prononcer formellement les 11, 12 et 13 mai) que de la consultation des Co-HS qui devra suivre la publication de ce cadre national. La secr\u00e9taire du CHSCTM a engag\u00e9 vendredi 8 mai 2020 la m\u00eame d\u00e9marche d&rsquo;alerte aupr\u00e8s du Pr\u00e9sident du CHSCTM.<\/span><\/p>\n<p style=\"text-align: justify\"><span style=\"font-family: tahoma, arial, helvetica, sans-serif;color: #0000ff;font-size: 12pt\">Ce dimanche 10 mai en fin de matin\u00e9e, le Minist\u00e8re a clarifi\u00e9 sa position et un message sans ambigu\u00eft\u00e9 a \u00e9t\u00e9 ainsi transmis aux DRAAF-SRFD et \u00e0 nos directions d&rsquo;EPL par la Directrice G\u00e9n\u00e9rale &#8211; extrait :<\/span><\/p>\n<p style=\"text-align: justify\"><span style=\"font-family: tahoma, arial, helvetica, sans-serif;font-size: 12pt\">\u00ab\u00a0Mesdames et messieurs les directeurs, &#8230;<\/span><\/p>\n<p style=\"text-align: justify\"><span style=\"font-family: tahoma, arial, helvetica, sans-serif;font-size: 12pt\">&#8230; Compte tenu de l&rsquo;\u00e9volution de la situation sanitaire le gouvernement a d\u00e9cid\u00e9 la lev\u00e9e progressive des mesures de confinement \u00e0 compter du 11 mai ; &#8230;<\/span><\/p>\n<p style=\"text-align: justify\"><span style=\"font-family: tahoma, arial, helvetica, sans-serif;font-size: 12pt\">&#8230; S&rsquo;agissant des lyc\u00e9es et des classes de 4\u00e8me et 3\u00e8me, le retour en pr\u00e9sentiel des \u00e9l\u00e8ves interviendra au plus t\u00f4t d\u00e9but Juin, en fonction de l&rsquo;\u00e9volution de la situation (la d\u00e9cision sera prise par le gouvernement fin mai). Le calendrier de retour des apprentis suivra le m\u00eame calendrier ; &#8230;<\/span><\/p>\n<p style=\"text-align: justify\"><span style=\"font-family: tahoma, arial, helvetica, sans-serif;font-size: 12pt\">&#8230; L&rsquo;accueil des stagiaires en formation continue pourrait en principe reprendre d\u00e8s lundi 11. Toutefois, je souhaite appeler votre attention sur les principes sur lesquels doit reposer cette reprise s&rsquo;agissant des<\/span><br \/>\n<span style=\"font-family: tahoma, arial, helvetica, sans-serif;font-size: 12pt\">\u00e9tablissement d&rsquo;enseignement agricole, principes que le ministre a rappel\u00e9 aux DRAAF lors de leur r\u00e9union du 5 mai (\u2026). &#8230;<\/span><\/p>\n<p style=\"text-align: justify\"><span style=\"font-family: tahoma, arial, helvetica, sans-serif;font-size: 12pt\">&#8230; A l&rsquo;issue de ces diff\u00e9rentes consultations nationales [CHSCTM du 11, CTEA du 12, CTM du 13], un travail devra \u00eatre conduit par chaque \u00e9tablissement afin d&rsquo;\u00e9laborer un projet de cadre pour le d\u00e9confinement, et une consultation des instances sera organis\u00e9e. Ce travail devra se r\u00e9aliser autant que faire ce peut en distanciel. &#8230;<\/span><\/p>\n<p style=\"text-align: justify\"><span style=\"font-family: tahoma, arial, helvetica, sans-serif;font-size: 12pt\">&#8230; Ainsi (\u2026) m\u00eame si le travail a d\u00e9j\u00e0 pu d\u00e9buter au niveau de chaque \u00e9tablissement, notamment sur la base des projets qui ont \u00e9t\u00e9 diffus\u00e9s, la finalisation du document de reprise et la mise en \u0153uvre effective des mesures d\u00e9cid\u00e9es ne sauraient avoir lieu avant m\u00eame que les instances nationales ne se soient prononc\u00e9es. En revanche, il est possible de programmer d\u00e8s \u00e0 pr\u00e9sent les instances locales (qui pourraient se tenir d\u00e8s la fin de cette semaine du 11 mai), afin de pouvoir, aussi rapidement que possible, dans le respect des principes ci-dessus rappel\u00e9s, accueillir \u00e0 nouveau les stagiaires en formation continue. &#8230;<\/span><\/p>\n<p style=\"text-align: justify\"><span style=\"font-family: tahoma, arial, helvetica, sans-serif;font-size: 12pt\">&#8230; Comptant sur votre pleine implication pour la mise en \u0153uvre de ces dispositions, &#8230;<\/span><\/p>\n<p style=\"text-align: justify\"><span style=\"font-family: tahoma, arial, helvetica, sans-serif;font-size: 12pt\">&#8230; Bien cordialement &#8230;<\/span><\/p>\n<p style=\"text-align: justify\"><span style=\"font-family: tahoma, arial, helvetica, sans-serif;font-size: 12pt\">&#8230; Isabelle CHMITELIN &#8230;\u00a0\u00bb<\/span><\/p>\n<p style=\"text-align: justify\"><span style=\"font-family: tahoma, arial, helvetica, sans-serif;color: #0000ff;font-size: 12pt\">A la suite de ce rappel tr\u00e8s explicite de la consigne de non ouverture de tout ou partie de nos \u00e9tablissements, comme de non reprise en pr\u00e9sentiel &#8211; m\u00eame partielle &#8211; des \u00e9quipes (ATLS, AE) en dehors du Plan de Continuit\u00e9 d&rsquo;Activit\u00e9 toujours en vigueur, au niveau national, plusieurs chefs d&rsquo;\u00e9tablissements sont revenus dans l&rsquo;apr\u00e8s-midi de ce dimanche 10 mai 2020 sur leur intention de rouvrir cette semaine.<\/span><\/p>\n<p style=\"text-align: justify\"><span style=\"font-family: tahoma, arial, helvetica, sans-serif;color: #0000ff;font-size: 12pt\">Lors du CHSCT REA du 30 avril 2020, la DRRAF-SRFD des Hauts-de-France s&rsquo;est engag\u00e9e \u00e0 respecter cette proc\u00e9dure. Elle a programm\u00e9e le prochain CHSCT REA pour le 26 mai 2020 en esp\u00e9rant que d&rsquo;ici l\u00e0 le cadrage national sera valid\u00e9 (avec la possibilit\u00e9 de l&rsquo;avancer si le cadrage national serait transmis plus t\u00f4t que pr\u00e9vu).<\/span><\/p>\n<p style=\"text-align: justify\"><span style=\"font-family: tahoma, arial, helvetica, sans-serif;color: #ff0000;font-size: 12pt\">Si il devait en aller autrement dans certains \u00e9tablissements, interpellez votre secr\u00e9taire de section SNETAP-FSU ou vos repr\u00e9sentant\u00b7es de la section r\u00e9gionale SNETAP-FSU des Hauts-de-France, afin qu&rsquo;ils fassent, aupr\u00e8s de votre chef d&rsquo;\u00e9tablissement, valoir sans d\u00e9lai la directive sans ambigu\u00eft\u00e9 adress\u00e9e par la DGER.<\/span><\/p>\n<p style=\"text-align: justify\"><span style=\"font-family: tahoma, arial, helvetica, sans-serif;color: #0000ff;font-size: 12pt\">Dans ce m\u00eame principe aucun Co-HS avec objet de reprise ne doit se tenir avant le CHSCT REA.<\/span><\/p>\n<p style=\"text-align: justify\"><span style=\"font-family: tahoma, arial, helvetica, sans-serif;font-size: 12pt\"><strong><span style=\"color: #008000\">La priorit\u00e9 doit demeurer \u00e0 la sant\u00e9 et \u00e0 la s\u00e9curit\u00e9 des agents et de nos usagers !<\/span><\/strong><\/span><\/p>\n","protected":false},"excerpt":{"rendered":"<p>Pas d&rsquo;ouverture pr\u00e9cipit\u00e9e d&rsquo;EPLEFPA dans les Hauts-de-France Quelques agent\u00b7es ont exprim\u00e9\u00b7es leur inqui\u00e9tude de se voir convoqu\u00e9s d\u00e8s ce lundi 11 mai ou dans le courant de cette semaine pour reprendre tout ou partie de leur service en EPL (administratifs, TFR, AE, ou encore enseignant\u00b7es de UFA ou de CFPPA &#8211; suite en particulier aux [&hellip;]<\/p>\n","protected":false},"author":138,"featured_media":0,"comment_status":"closed","ping_status":"closed","sticky":false,"template":"","format":"standard","meta":{"ocean_post_layout":"","ocean_both_sidebars_style":"","ocean_both_sidebars_content_width":0,"ocean_both_sidebars_sidebars_width":0,"ocean_sidebar":"","ocean_second_sidebar":"","ocean_disable_margins":"enable","ocean_add_body_class":"","ocean_shortcode_before_top_bar":"","ocean_shortcode_after_top_bar":"","ocean_shortcode_before_header":"","ocean_shortcode_after_header":"","ocean_has_shortcode":"","ocean_shortcode_after_title":"","ocean_shortcode_before_footer_widgets":"","ocean_shortcode_after_footer_widgets":"","ocean_shortcode_before_footer_bottom":"","ocean_shortcode_after_footer_bottom":"","ocean_display_top_bar":"default","ocean_display_header":"default","ocean_header_style":"","ocean_center_header_left_menu":"","ocean_custom_header_template":"","ocean_custom_logo":0,"ocean_custom_retina_logo":0,"ocean_custom_logo_max_width":0,"ocean_custom_logo_tablet_max_width":0,"ocean_custom_logo_mobile_max_width":0,"ocean_custom_logo_max_height":0,"ocean_custom_logo_tablet_max_height":0,"ocean_custom_logo_mobile_max_height":0,"ocean_header_custom_menu":"","ocean_menu_typo_font_family":"","ocean_menu_typo_font_subset":"","ocean_menu_typo_font_size":0,"ocean_menu_typo_font_size_tablet":0,"ocean_menu_typo_font_size_mobile":0,"ocean_menu_typo_font_size_unit":"px","ocean_menu_typo_font_weight":"","ocean_menu_typo_font_weight_tablet":"","ocean_menu_typo_font_weight_mobile":"","ocean_menu_typo_transform":"","ocean_menu_typo_transform_tablet":"","ocean_menu_typo_transform_mobile":"","ocean_menu_typo_line_height":0,"ocean_menu_typo_line_height_tablet":0,"ocean_menu_typo_line_height_mobile":0,"ocean_menu_typo_line_height_unit":"","ocean_menu_typo_spacing":0,"ocean_menu_typo_spacing_tablet":0,"ocean_menu_typo_spacing_mobile":0,"ocean_menu_typo_spacing_unit":"","ocean_menu_link_color":"","ocean_menu_link_color_hover":"","ocean_menu_link_color_active":"","ocean_menu_link_background":"","ocean_menu_link_hover_background":"","ocean_menu_link_active_background":"","ocean_menu_social_links_bg":"","ocean_menu_social_hover_links_bg":"","ocean_menu_social_links_color":"","ocean_menu_social_hover_links_color":"","ocean_disable_title":"default","ocean_disable_heading":"default","ocean_post_title":"","ocean_post_subheading":"","ocean_post_title_style":"","ocean_post_title_background_color":"","ocean_post_title_background":0,"ocean_post_title_bg_image_position":"","ocean_post_title_bg_image_attachment":"","ocean_post_title_bg_image_repeat":"","ocean_post_title_bg_image_size":"","ocean_post_title_height":0,"ocean_post_title_bg_overlay":0.5,"ocean_post_title_bg_overlay_color":"","ocean_disable_breadcrumbs":"default","ocean_breadcrumbs_color":"","ocean_breadcrumbs_separator_color":"","ocean_breadcrumbs_links_color":"","ocean_breadcrumbs_links_hover_color":"","ocean_display_footer_widgets":"default","ocean_display_footer_bottom":"default","ocean_custom_footer_template":"","ocean_post_oembed":"","ocean_post_self_hosted_media":"","ocean_post_video_embed":"","ocean_link_format":"","ocean_link_format_target":"self","ocean_quote_format":"","ocean_quote_format_link":"post","ocean_gallery_link_images":"on","ocean_gallery_id":[],"footnotes":""},"categories":[1],"tags":[],"post_folder":[],"class_list":["post-5123","post","type-post","status-publish","format-standard","hentry","category-non-classe","entry"],"yoast_head":"<!-- This site is optimized with the Yoast SEO plugin v27.4 - https:\/\/yoast.com\/product\/yoast-seo-wordpress\/ -->\n<title>Pas d&#039;ouverture pr\u00e9cipit\u00e9e d&#039;EPL dans les Hauts-de-France - Formation des sites R\u00e9gionaux du SNETAP-FSU<\/title>\n<meta name=\"robots\" content=\"index, follow, max-snippet:-1, max-image-preview:large, max-video-preview:-1\" \/>\n<link rel=\"canonical\" href=\"https:\/\/regions-snetap-fsu.fr\/formation\/2020\/05\/11\/pas-douverture-precipitee-depl-dans-les-hauts-de-france\/\" \/>\n<meta property=\"og:locale\" content=\"fr_FR\" \/>\n<meta property=\"og:type\" content=\"article\" \/>\n<meta property=\"og:title\" content=\"Pas d&#039;ouverture pr\u00e9cipit\u00e9e d&#039;EPL dans les Hauts-de-France - Formation des sites R\u00e9gionaux du SNETAP-FSU\" \/>\n<meta property=\"og:description\" content=\"Pas d&rsquo;ouverture pr\u00e9cipit\u00e9e d&rsquo;EPLEFPA dans les Hauts-de-France Quelques agent\u00b7es ont exprim\u00e9\u00b7es leur inqui\u00e9tude de se voir convoqu\u00e9s d\u00e8s ce lundi 11 mai ou dans le courant de cette semaine pour reprendre tout ou partie de leur service en EPL (administratifs, TFR, AE, ou encore enseignant\u00b7es de UFA ou de CFPPA &#8211; suite en particulier aux [&hellip;]\" \/>\n<meta property=\"og:url\" content=\"https:\/\/regions-snetap-fsu.fr\/formation\/2020\/05\/11\/pas-douverture-precipitee-depl-dans-les-hauts-de-france\/\" \/>\n<meta property=\"og:site_name\" content=\"Formation des sites R\u00e9gionaux du SNETAP-FSU\" \/>\n<meta property=\"article:published_time\" content=\"2020-05-11T07:50:07+00:00\" \/>\n<meta name=\"author\" content=\"yoctavien\" \/>\n<meta name=\"twitter:card\" content=\"summary_large_image\" \/>\n<meta name=\"twitter:label1\" content=\"\u00c9crit par\" \/>\n\t<meta name=\"twitter:data1\" content=\"yoctavien\" \/>\n\t<meta name=\"twitter:label2\" content=\"Dur\u00e9e de lecture estim\u00e9e\" \/>\n\t<meta name=\"twitter:data2\" content=\"4 minutes\" \/>\n<script type=\"application\/ld+json\" class=\"yoast-schema-graph\">{\"@context\":\"https:\\\/\\\/schema.org\",\"@graph\":[{\"@type\":\"Article\",\"@id\":\"https:\\\/\\\/regions-snetap-fsu.fr\\\/formation\\\/2020\\\/05\\\/11\\\/pas-douverture-precipitee-depl-dans-les-hauts-de-france\\\/#article\",\"isPartOf\":{\"@id\":\"https:\\\/\\\/regions-snetap-fsu.fr\\\/formation\\\/2020\\\/05\\\/11\\\/pas-douverture-precipitee-depl-dans-les-hauts-de-france\\\/\"},\"author\":{\"name\":\"yoctavien\",\"@id\":\"https:\\\/\\\/regions-snetap-fsu.fr\\\/formation\\\/#\\\/schema\\\/person\\\/f5dc7b6354e942ca9c5fa8e9ff7e5c93\"},\"headline\":\"Pas d&rsquo;ouverture pr\u00e9cipit\u00e9e d&rsquo;EPL dans les Hauts-de-France\",\"datePublished\":\"2020-05-11T07:50:07+00:00\",\"mainEntityOfPage\":{\"@id\":\"https:\\\/\\\/regions-snetap-fsu.fr\\\/formation\\\/2020\\\/05\\\/11\\\/pas-douverture-precipitee-depl-dans-les-hauts-de-france\\\/\"},\"wordCount\":861,\"publisher\":{\"@id\":\"https:\\\/\\\/regions-snetap-fsu.fr\\\/formation\\\/#organization\"},\"image\":{\"@id\":\"https:\\\/\\\/regions-snetap-fsu.fr\\\/formation\\\/2020\\\/05\\\/11\\\/pas-douverture-precipitee-depl-dans-les-hauts-de-france\\\/#primaryimage\"},\"thumbnailUrl\":\"https:\\\/\\\/regions-snetap-fsu.fr\\\/hdf\\\/wp-content\\\/uploads\\\/sites\\\/5\\\/2020\\\/02\\\/Covid19_25_220-300x180.png\",\"inLanguage\":\"fr-FR\"},{\"@type\":\"WebPage\",\"@id\":\"https:\\\/\\\/regions-snetap-fsu.fr\\\/formation\\\/2020\\\/05\\\/11\\\/pas-douverture-precipitee-depl-dans-les-hauts-de-france\\\/\",\"url\":\"https:\\\/\\\/regions-snetap-fsu.fr\\\/formation\\\/2020\\\/05\\\/11\\\/pas-douverture-precipitee-depl-dans-les-hauts-de-france\\\/\",\"name\":\"Pas d'ouverture pr\u00e9cipit\u00e9e d'EPL dans les Hauts-de-France - Formation des sites R\u00e9gionaux du SNETAP-FSU\",\"isPartOf\":{\"@id\":\"https:\\\/\\\/regions-snetap-fsu.fr\\\/formation\\\/#website\"},\"primaryImageOfPage\":{\"@id\":\"https:\\\/\\\/regions-snetap-fsu.fr\\\/formation\\\/2020\\\/05\\\/11\\\/pas-douverture-precipitee-depl-dans-les-hauts-de-france\\\/#primaryimage\"},\"image\":{\"@id\":\"https:\\\/\\\/regions-snetap-fsu.fr\\\/formation\\\/2020\\\/05\\\/11\\\/pas-douverture-precipitee-depl-dans-les-hauts-de-france\\\/#primaryimage\"},\"thumbnailUrl\":\"https:\\\/\\\/regions-snetap-fsu.fr\\\/hdf\\\/wp-content\\\/uploads\\\/sites\\\/5\\\/2020\\\/02\\\/Covid19_25_220-300x180.png\",\"datePublished\":\"2020-05-11T07:50:07+00:00\",\"breadcrumb\":{\"@id\":\"https:\\\/\\\/regions-snetap-fsu.fr\\\/formation\\\/2020\\\/05\\\/11\\\/pas-douverture-precipitee-depl-dans-les-hauts-de-france\\\/#breadcrumb\"},\"inLanguage\":\"fr-FR\",\"potentialAction\":[{\"@type\":\"ReadAction\",\"target\":[\"https:\\\/\\\/regions-snetap-fsu.fr\\\/formation\\\/2020\\\/05\\\/11\\\/pas-douverture-precipitee-depl-dans-les-hauts-de-france\\\/\"]}]},{\"@type\":\"ImageObject\",\"inLanguage\":\"fr-FR\",\"@id\":\"https:\\\/\\\/regions-snetap-fsu.fr\\\/formation\\\/2020\\\/05\\\/11\\\/pas-douverture-precipitee-depl-dans-les-hauts-de-france\\\/#primaryimage\",\"url\":\"https:\\\/\\\/regions-snetap-fsu.fr\\\/hdf\\\/wp-content\\\/uploads\\\/sites\\\/5\\\/2020\\\/02\\\/Covid19_25_220-300x180.png\",\"contentUrl\":\"https:\\\/\\\/regions-snetap-fsu.fr\\\/hdf\\\/wp-content\\\/uploads\\\/sites\\\/5\\\/2020\\\/02\\\/Covid19_25_220-300x180.png\"},{\"@type\":\"BreadcrumbList\",\"@id\":\"https:\\\/\\\/regions-snetap-fsu.fr\\\/formation\\\/2020\\\/05\\\/11\\\/pas-douverture-precipitee-depl-dans-les-hauts-de-france\\\/#breadcrumb\",\"itemListElement\":[{\"@type\":\"ListItem\",\"position\":1,\"name\":\"Accueil\",\"item\":\"https:\\\/\\\/regions-snetap-fsu.fr\\\/formation\\\/\"},{\"@type\":\"ListItem\",\"position\":2,\"name\":\"Pas d&rsquo;ouverture pr\u00e9cipit\u00e9e d&rsquo;EPL dans les Hauts-de-France\"}]},{\"@type\":\"WebSite\",\"@id\":\"https:\\\/\\\/regions-snetap-fsu.fr\\\/formation\\\/#website\",\"url\":\"https:\\\/\\\/regions-snetap-fsu.fr\\\/formation\\\/\",\"name\":\"Formation des sites R\u00e9gionaux du SNETAP-FSU\",\"description\":\"\",\"publisher\":{\"@id\":\"https:\\\/\\\/regions-snetap-fsu.fr\\\/formation\\\/#organization\"},\"potentialAction\":[{\"@type\":\"SearchAction\",\"target\":{\"@type\":\"EntryPoint\",\"urlTemplate\":\"https:\\\/\\\/regions-snetap-fsu.fr\\\/formation\\\/?s={search_term_string}\"},\"query-input\":{\"@type\":\"PropertyValueSpecification\",\"valueRequired\":true,\"valueName\":\"search_term_string\"}}],\"inLanguage\":\"fr-FR\"},{\"@type\":\"Organization\",\"@id\":\"https:\\\/\\\/regions-snetap-fsu.fr\\\/formation\\\/#organization\",\"name\":\"Formation des sites R\u00e9gionaux du SNETAP-FSU\",\"url\":\"https:\\\/\\\/regions-snetap-fsu.fr\\\/formation\\\/\",\"logo\":{\"@type\":\"ImageObject\",\"inLanguage\":\"fr-FR\",\"@id\":\"https:\\\/\\\/regions-snetap-fsu.fr\\\/formation\\\/#\\\/schema\\\/logo\\\/image\\\/\",\"url\":\"https:\\\/\\\/regions-snetap-fsu.fr\\\/formation\\\/wp-content\\\/uploads\\\/sites\\\/20\\\/2025\\\/04\\\/cropped-Logo_blanc_fond_transparent_1000x755.png\",\"contentUrl\":\"https:\\\/\\\/regions-snetap-fsu.fr\\\/formation\\\/wp-content\\\/uploads\\\/sites\\\/20\\\/2025\\\/04\\\/cropped-Logo_blanc_fond_transparent_1000x755.png\",\"width\":998,\"height\":689,\"caption\":\"Formation des sites R\u00e9gionaux du SNETAP-FSU\"},\"image\":{\"@id\":\"https:\\\/\\\/regions-snetap-fsu.fr\\\/formation\\\/#\\\/schema\\\/logo\\\/image\\\/\"}},{\"@type\":\"Person\",\"@id\":\"https:\\\/\\\/regions-snetap-fsu.fr\\\/formation\\\/#\\\/schema\\\/person\\\/f5dc7b6354e942ca9c5fa8e9ff7e5c93\",\"name\":\"yoctavien\",\"image\":{\"@type\":\"ImageObject\",\"inLanguage\":\"fr-FR\",\"@id\":\"https:\\\/\\\/secure.gravatar.com\\\/avatar\\\/382642c092b6b9da14641d3c478df2f3da4a2d17eea25691c232d4dbf735c292?s=96&d=mm&r=g\",\"url\":\"https:\\\/\\\/secure.gravatar.com\\\/avatar\\\/382642c092b6b9da14641d3c478df2f3da4a2d17eea25691c232d4dbf735c292?s=96&d=mm&r=g\",\"contentUrl\":\"https:\\\/\\\/secure.gravatar.com\\\/avatar\\\/382642c092b6b9da14641d3c478df2f3da4a2d17eea25691c232d4dbf735c292?s=96&d=mm&r=g\",\"caption\":\"yoctavien\"},\"url\":\"https:\\\/\\\/regions-snetap-fsu.fr\\\/formation\\\/author\\\/yoctavien\\\/\"}]}<\/script>\n<!-- \/ Yoast SEO plugin. -->","yoast_head_json":{"title":"Pas d'ouverture pr\u00e9cipit\u00e9e d'EPL dans les Hauts-de-France - Formation des sites R\u00e9gionaux du SNETAP-FSU","robots":{"index":"index","follow":"follow","max-snippet":"max-snippet:-1","max-image-preview":"max-image-preview:large","max-video-preview":"max-video-preview:-1"},"canonical":"https:\/\/regions-snetap-fsu.fr\/formation\/2020\/05\/11\/pas-douverture-precipitee-depl-dans-les-hauts-de-france\/","og_locale":"fr_FR","og_type":"article","og_title":"Pas d'ouverture pr\u00e9cipit\u00e9e d'EPL dans les Hauts-de-France - Formation des sites R\u00e9gionaux du SNETAP-FSU","og_description":"Pas d&rsquo;ouverture pr\u00e9cipit\u00e9e d&rsquo;EPLEFPA dans les Hauts-de-France Quelques agent\u00b7es ont exprim\u00e9\u00b7es leur inqui\u00e9tude de se voir convoqu\u00e9s d\u00e8s ce lundi 11 mai ou dans le courant de cette semaine pour reprendre tout ou partie de leur service en EPL (administratifs, TFR, AE, ou encore enseignant\u00b7es de UFA ou de CFPPA &#8211; suite en particulier aux [&hellip;]","og_url":"https:\/\/regions-snetap-fsu.fr\/formation\/2020\/05\/11\/pas-douverture-precipitee-depl-dans-les-hauts-de-france\/","og_site_name":"Formation des sites R\u00e9gionaux du SNETAP-FSU","article_published_time":"2020-05-11T07:50:07+00:00","author":"yoctavien","twitter_card":"summary_large_image","twitter_misc":{"\u00c9crit par":"yoctavien","Dur\u00e9e de lecture estim\u00e9e":"4 minutes"},"schema":{"@context":"https:\/\/schema.org","@graph":[{"@type":"Article","@id":"https:\/\/regions-snetap-fsu.fr\/formation\/2020\/05\/11\/pas-douverture-precipitee-depl-dans-les-hauts-de-france\/#article","isPartOf":{"@id":"https:\/\/regions-snetap-fsu.fr\/formation\/2020\/05\/11\/pas-douverture-precipitee-depl-dans-les-hauts-de-france\/"},"author":{"name":"yoctavien","@id":"https:\/\/regions-snetap-fsu.fr\/formation\/#\/schema\/person\/f5dc7b6354e942ca9c5fa8e9ff7e5c93"},"headline":"Pas d&rsquo;ouverture pr\u00e9cipit\u00e9e d&rsquo;EPL dans les Hauts-de-France","datePublished":"2020-05-11T07:50:07+00:00","mainEntityOfPage":{"@id":"https:\/\/regions-snetap-fsu.fr\/formation\/2020\/05\/11\/pas-douverture-precipitee-depl-dans-les-hauts-de-france\/"},"wordCount":861,"publisher":{"@id":"https:\/\/regions-snetap-fsu.fr\/formation\/#organization"},"image":{"@id":"https:\/\/regions-snetap-fsu.fr\/formation\/2020\/05\/11\/pas-douverture-precipitee-depl-dans-les-hauts-de-france\/#primaryimage"},"thumbnailUrl":"https:\/\/regions-snetap-fsu.fr\/hdf\/wp-content\/uploads\/sites\/5\/2020\/02\/Covid19_25_220-300x180.png","inLanguage":"fr-FR"},{"@type":"WebPage","@id":"https:\/\/regions-snetap-fsu.fr\/formation\/2020\/05\/11\/pas-douverture-precipitee-depl-dans-les-hauts-de-france\/","url":"https:\/\/regions-snetap-fsu.fr\/formation\/2020\/05\/11\/pas-douverture-precipitee-depl-dans-les-hauts-de-france\/","name":"Pas d'ouverture pr\u00e9cipit\u00e9e d'EPL dans les Hauts-de-France - Formation des sites R\u00e9gionaux du SNETAP-FSU","isPartOf":{"@id":"https:\/\/regions-snetap-fsu.fr\/formation\/#website"},"primaryImageOfPage":{"@id":"https:\/\/regions-snetap-fsu.fr\/formation\/2020\/05\/11\/pas-douverture-precipitee-depl-dans-les-hauts-de-france\/#primaryimage"},"image":{"@id":"https:\/\/regions-snetap-fsu.fr\/formation\/2020\/05\/11\/pas-douverture-precipitee-depl-dans-les-hauts-de-france\/#primaryimage"},"thumbnailUrl":"https:\/\/regions-snetap-fsu.fr\/hdf\/wp-content\/uploads\/sites\/5\/2020\/02\/Covid19_25_220-300x180.png","datePublished":"2020-05-11T07:50:07+00:00","breadcrumb":{"@id":"https:\/\/regions-snetap-fsu.fr\/formation\/2020\/05\/11\/pas-douverture-precipitee-depl-dans-les-hauts-de-france\/#breadcrumb"},"inLanguage":"fr-FR","potentialAction":[{"@type":"ReadAction","target":["https:\/\/regions-snetap-fsu.fr\/formation\/2020\/05\/11\/pas-douverture-precipitee-depl-dans-les-hauts-de-france\/"]}]},{"@type":"ImageObject","inLanguage":"fr-FR","@id":"https:\/\/regions-snetap-fsu.fr\/formation\/2020\/05\/11\/pas-douverture-precipitee-depl-dans-les-hauts-de-france\/#primaryimage","url":"https:\/\/regions-snetap-fsu.fr\/hdf\/wp-content\/uploads\/sites\/5\/2020\/02\/Covid19_25_220-300x180.png","contentUrl":"https:\/\/regions-snetap-fsu.fr\/hdf\/wp-content\/uploads\/sites\/5\/2020\/02\/Covid19_25_220-300x180.png"},{"@type":"BreadcrumbList","@id":"https:\/\/regions-snetap-fsu.fr\/formation\/2020\/05\/11\/pas-douverture-precipitee-depl-dans-les-hauts-de-france\/#breadcrumb","itemListElement":[{"@type":"ListItem","position":1,"name":"Accueil","item":"https:\/\/regions-snetap-fsu.fr\/formation\/"},{"@type":"ListItem","position":2,"name":"Pas d&rsquo;ouverture pr\u00e9cipit\u00e9e d&rsquo;EPL dans les Hauts-de-France"}]},{"@type":"WebSite","@id":"https:\/\/regions-snetap-fsu.fr\/formation\/#website","url":"https:\/\/regions-snetap-fsu.fr\/formation\/","name":"Formation des sites R\u00e9gionaux du SNETAP-FSU","description":"","publisher":{"@id":"https:\/\/regions-snetap-fsu.fr\/formation\/#organization"},"potentialAction":[{"@type":"SearchAction","target":{"@type":"EntryPoint","urlTemplate":"https:\/\/regions-snetap-fsu.fr\/formation\/?s={search_term_string}"},"query-input":{"@type":"PropertyValueSpecification","valueRequired":true,"valueName":"search_term_string"}}],"inLanguage":"fr-FR"},{"@type":"Organization","@id":"https:\/\/regions-snetap-fsu.fr\/formation\/#organization","name":"Formation des sites R\u00e9gionaux du SNETAP-FSU","url":"https:\/\/regions-snetap-fsu.fr\/formation\/","logo":{"@type":"ImageObject","inLanguage":"fr-FR","@id":"https:\/\/regions-snetap-fsu.fr\/formation\/#\/schema\/logo\/image\/","url":"https:\/\/regions-snetap-fsu.fr\/formation\/wp-content\/uploads\/sites\/20\/2025\/04\/cropped-Logo_blanc_fond_transparent_1000x755.png","contentUrl":"https:\/\/regions-snetap-fsu.fr\/formation\/wp-content\/uploads\/sites\/20\/2025\/04\/cropped-Logo_blanc_fond_transparent_1000x755.png","width":998,"height":689,"caption":"Formation des sites R\u00e9gionaux du SNETAP-FSU"},"image":{"@id":"https:\/\/regions-snetap-fsu.fr\/formation\/#\/schema\/logo\/image\/"}},{"@type":"Person","@id":"https:\/\/regions-snetap-fsu.fr\/formation\/#\/schema\/person\/f5dc7b6354e942ca9c5fa8e9ff7e5c93","name":"yoctavien","image":{"@type":"ImageObject","inLanguage":"fr-FR","@id":"https:\/\/secure.gravatar.com\/avatar\/382642c092b6b9da14641d3c478df2f3da4a2d17eea25691c232d4dbf735c292?s=96&d=mm&r=g","url":"https:\/\/secure.gravatar.com\/avatar\/382642c092b6b9da14641d3c478df2f3da4a2d17eea25691c232d4dbf735c292?s=96&d=mm&r=g","contentUrl":"https:\/\/secure.gravatar.com\/avatar\/382642c092b6b9da14641d3c478df2f3da4a2d17eea25691c232d4dbf735c292?s=96&d=mm&r=g","caption":"yoctavien"},"url":"https:\/\/regions-snetap-fsu.fr\/formation\/author\/yoctavien\/"}]}},"_links":{"self":[{"href":"https:\/\/regions-snetap-fsu.fr\/formation\/wp-json\/wp\/v2\/posts\/5123","targetHints":{"allow":["GET"]}}],"collection":[{"href":"https:\/\/regions-snetap-fsu.fr\/formation\/wp-json\/wp\/v2\/posts"}],"about":[{"href":"https:\/\/regions-snetap-fsu.fr\/formation\/wp-json\/wp\/v2\/types\/post"}],"author":[{"embeddable":true,"href":"https:\/\/regions-snetap-fsu.fr\/formation\/wp-json\/wp\/v2\/users\/138"}],"replies":[{"embeddable":true,"href":"https:\/\/regions-snetap-fsu.fr\/formation\/wp-json\/wp\/v2\/comments?post=5123"}],"version-history":[{"count":0,"href":"https:\/\/regions-snetap-fsu.fr\/formation\/wp-json\/wp\/v2\/posts\/5123\/revisions"}],"wp:attachment":[{"href":"https:\/\/regions-snetap-fsu.fr\/formation\/wp-json\/wp\/v2\/media?parent=5123"}],"wp:term":[{"taxonomy":"category","embeddable":true,"href":"https:\/\/regions-snetap-fsu.fr\/formation\/wp-json\/wp\/v2\/categories?post=5123"},{"taxonomy":"post_tag","embeddable":true,"href":"https:\/\/regions-snetap-fsu.fr\/formation\/wp-json\/wp\/v2\/tags?post=5123"},{"taxonomy":"post_folder","embeddable":true,"href":"https:\/\/regions-snetap-fsu.fr\/formation\/wp-json\/wp\/v2\/post_folder?post=5123"}],"curies":[{"name":"wp","href":"https:\/\/api.w.org\/{rel}","templated":true}]}}