{"id":5103,"date":"2020-05-02T16:35:48","date_gmt":"2020-05-02T14:35:48","guid":{"rendered":"https:\/\/regions-snetap-fsu.fr\/hdf\/?p=5103"},"modified":"2020-05-02T16:35:48","modified_gmt":"2020-05-02T14:35:48","slug":"chsct-rea-hauts-de-france-du-30-avril-2020","status":"publish","type":"post","link":"https:\/\/regions-snetap-fsu.fr\/formation\/2020\/05\/02\/chsct-rea-hauts-de-france-du-30-avril-2020\/","title":{"rendered":"CHSCT REA Hauts-de-France du 30 avril 2020"},"content":{"rendered":"<h2 style=\"text-align: center\"><span style=\"font-family: tahoma, arial, helvetica, sans-serif;color: #ff0000\">CHSCT REA Hauts-de-France<\/span><\/h2>\n<h2 style=\"text-align: center\"><span style=\"font-family: tahoma, arial, helvetica, sans-serif;color: #ff0000\">du 30 avril 2020<\/span><\/h2>\n<blockquote>\n<p style=\"text-align: justify\"><span style=\"font-family: tahoma, arial, helvetica, sans-serif;font-size: 12pt;color: #0000ff\">Les repr\u00e9sentant\u00b7es r\u00e9gionaux du SNETAP-FSU des Hauts-de-France ont particip\u00e9 au CHSCT REA\u00a0 en visioconf\u00e9rence le jeudi 30 avril 2020 \u00e0 10H. Cette r\u00e9union a \u00e9t\u00e9 l\u2019occasion, pour les repr\u00e9sentant\u00b7es du SNETAP-FSU des Hauts-de-France de pr\u00e9senter, sur leur base du travail, des avis qui ont \u00e9t\u00e9 discut\u00e9s et vot\u00e9s lors de cette r\u00e9union.<\/span><\/p>\n<p style=\"text-align: justify\"><span style=\"color: #0000ff;font-family: tahoma, arial, helvetica, sans-serif;font-size: 12pt\"> Les avis du CHSCT REA des Hauts-de-France ont \u00e9t\u00e9 vot\u00e9s \u00e0 l&rsquo;unanimit\u00e9 ( 6 SNETAP-FSU, 1 FO, 1 SUD Rural Territoires et 1 UNSA)&#8230;<\/span><\/p>\n<\/blockquote>\n<p><!--more--><\/p>\n<p><img fetchpriority=\"high\" decoding=\"async\" class=\"aligncenter size-medium wp-image-1133\" src=\"https:\/\/regions-snetap-fsu.fr\/hdf\/wp-content\/uploads\/sites\/5\/2018\/11\/logo-snetap-petit-300x225.jpg\" alt=\"Logo du Snetap-FSU\" width=\"300\" height=\"225\" \/><\/p>\n<p><span style=\"font-family: tahoma, arial, helvetica, sans-serif;color: #008000;font-size: 12pt\"><b>Avis 1<\/b><\/span><\/p>\n<p class=\"western\" style=\"text-align: justify\"><span style=\"font-family: tahoma, arial, helvetica, sans-serif;font-size: 12pt;color: #0000ff\">Le CHCST REA consid\u00e8re que pour que les \u00e9tablissements et service du MAA r\u00e9-ouvrent et continuent leur activit\u00e9, toutes les garanties doivent \u00eatre prises.<\/span><\/p>\n<p class=\"western\" style=\"text-align: justify\"><span style=\"font-family: tahoma, arial, helvetica, sans-serif;font-size: 12pt;color: #0000ff\">Pour que la reprise soit sereine et s\u00e9curis\u00e9e pour tous\u00b7tes, le CHCST REA demande un v\u00e9ritable plan national de reprise d\u2019activit\u00e9. Il doit tenir compte des prescriptions du conseil scientifique. Ce plan doit \u00eatre \u00e9labor\u00e9 en concertation avec les organisations syndicales, les collectivit\u00e9s locales et doit respecter toutes les mesures sanitaires possibles.<\/span><\/p>\n<p class=\"western\" style=\"text-align: justify\"><span style=\"font-family: tahoma, arial, helvetica, sans-serif;font-size: 12pt;color: #0000ff\">Il doit comprendre tous les protocoles n\u00e9cessaires pour la protection des agent\u00b7es et des apprenant\u00b7es.<\/span><\/p>\n<p class=\"western\" style=\"text-align: justify\"><span style=\"font-family: tahoma, arial, helvetica, sans-serif;font-size: 12pt;color: #0000ff\">Il doit ensuite \u00eatre diffus\u00e9 dans tous les services pour application imm\u00e9diate et sans r\u00e9serve.<\/span><\/p>\n<p class=\"western\" style=\"text-align: justify\"><span style=\"font-family: tahoma, arial, helvetica, sans-serif;font-size: 12pt;color: #0000ff\">Ce plan doit \u00eatre d\u00e9clin\u00e9 en collaboration avec les repr\u00e9sentant\u00b7es des personnels.<\/span><\/p>\n<p><span style=\"font-family: tahoma, arial, helvetica, sans-serif;font-size: 12pt\"><b><span style=\"color: #008000\">Avis 2<\/span><br \/>\n<\/b><\/span><\/p>\n<p class=\"western\" style=\"text-align: justify\"><span style=\"font-family: tahoma, arial, helvetica, sans-serif;font-size: 12pt;color: #0000ff\">Le CHSCT REA demande, notamment pour limiter le stress des personnels, l\u2019application stricte des conditions d\u2019examens dans chaque \u00e9tablissement des Hauts-de-France sur la base d\u2019une note explicative positionnant clairement les \u00e9l\u00e9ments relevant du local et du national, du num\u00e9rique et du pr\u00e9sentiel, dans les \u00e9valuations aussi bien formatives que comptant pour les examens (notamment sur l\u2019\u00e9valuation du stage technique). Les pr\u00e9cisions \u00e0 venir doivent \u00eatre en mesure de r\u00e9duire la pression sur les correcteurs\u00b7trices\/\u00e9valuateurs\u00b7trices et aussi les apprenant\u00b7es.<\/span><\/p>\n<p><span style=\"font-family: tahoma, arial, helvetica, sans-serif;font-size: 12pt\"><b><span style=\"color: #008000\">Avis 3<\/span><br \/>\n<\/b><\/span><\/p>\n<p class=\"western\" style=\"text-align: justify\"><span style=\"font-family: tahoma, arial, helvetica, sans-serif;font-size: 12pt;color: #0000ff\">Le CHSCT REA demande la tenue de CoHS dans tous les EPLEFPA en amont de la reprise effective d\u2019activit\u00e9 m\u00eame si celle-ci a \u00e9t\u00e9 d\u00e9cal\u00e9e. Ces CoHS ont pour objectif la d\u00e9clinaison du plan national de reprise d\u2019activit\u00e9. Les Cohs n\u2019ont pas pouvoir de d\u00e9cision, elles ont un r\u00f4le de conseil du chef d\u2019\u00e9tablissement. Les PV de ces CoHS doivent \u00eatre syst\u00e9matiquement transmis au CHSCTREA. Il est rappel\u00e9 que cette instance doit se r\u00e9unir r\u00e9guli\u00e8rement.<\/span><\/p>\n<p><span style=\"font-family: tahoma, arial, helvetica, sans-serif;font-size: 12pt\"><b><span style=\"color: #008000\">Avis 4<\/span><br \/>\n<\/b><\/span><\/p>\n<p class=\"western\" style=\"text-align: justify\"><span style=\"font-family: tahoma, arial, helvetica, sans-serif;color: #0000ff;font-size: 12pt\">Le CHSCT REA met en garde contre l\u2019\u00e9ventuelle tentative de d\u00e9roger aux obligations r\u00e9glementaires de service des enseignant\u00b7es. Le CHSCT REA affirme qu\u2019il n\u2019est pas possible d\u2019exiger d\u2019un\u00b7e enseignant\u00b7e \u2013 formateur\u00b7trice qu\u2019elle ou il assure \u00e0 la fois ses cours en pr\u00e9sentiel et \u00e0 distance, sans d\u00e9roger \u00e0 celles-ci. La reprise ne doit pas se traduire par une augmentation de la charge de travail ou une d\u00e9gradation des conditions de travail de l\u2019ensemble des agent\u00b7es.<\/span><\/p>\n<p><span style=\"font-family: tahoma, arial, helvetica, sans-serif;font-size: 12pt\"><b><span style=\"color: #008000\">Avis 5<\/span><br \/>\n<\/b><\/span><\/p>\n<p class=\"western\" style=\"text-align: justify\"><span style=\"font-family: tahoma, arial, helvetica, sans-serif;font-size: 12pt;color: #0000ff\">La r\u00e9ouverture des \u00e9tablissements aux publics \u00e9tant potentiellement fix\u00e9e pour le moment d\u00e9but juin, le CHSCT REA affirme qu\u2019il ne doit pas y avoir de reprise anticip\u00e9e g\u00e9n\u00e9ralis\u00e9e.<\/span><\/p>\n<p class=\"western\" style=\"text-align: justify\"><span style=\"font-family: tahoma, arial, helvetica, sans-serif;font-size: 12pt;color: #0000ff\">Quelle que soit la fonction exerc\u00e9e le t\u00e9l\u00e9travail doit rester la fa\u00e7on de travailler \u00e0 privil\u00e9gier, dans la continuit\u00e9 de ce qui se fait actuellement.<\/span><\/p>\n<p><span style=\"font-family: tahoma, arial, helvetica, sans-serif;font-size: 12pt\"><b><span style=\"color: #008000\">Avis 6<\/span><br \/>\n<\/b><\/span><\/p>\n<p class=\"western\" style=\"text-align: justify\"><span style=\"font-family: tahoma, arial, helvetica, sans-serif;font-size: 12pt;color: #0000ff\">Le CHSCT REA demande \u00e0 ce que chaque situation de sant\u00e9 de chaque agent\u00b7e soit prise en compte pour une reprise en pr\u00e9sentiel. Le choix de poursuivre en t\u00e9l\u00e9travail doit \u00eatre trait\u00e9 avec bienveillance.<\/span><\/p>\n<p><span style=\"font-family: tahoma, arial, helvetica, sans-serif;font-size: 12pt\"><b><span style=\"color: #008000\">Avis 7<\/span><br \/>\n<\/b><\/span><\/p>\n<p class=\"western\" style=\"text-align: justify\"><span style=\"font-family: tahoma, arial, helvetica, sans-serif;font-size: 12pt;color: #0000ff\">La pression sur la seule \u00e9preuve terminale (\u00e9preuve anticip\u00e9e de fran\u00e7ais) maintenue \u00e0 ce jour g\u00e9n\u00e8re des risques psychosociaux pour les enseignant\u00b7es et les apprenant\u00b7es \u00e0 cause des nombreuses incertitudes sur les conditions de sa r\u00e9alisation. Le CHSCT REA demande un positionnement clair et rapide sur cette \u00e9preuve.<\/span><\/p>\n<p><span style=\"font-family: tahoma, arial, helvetica, sans-serif;font-size: 12pt\"><b><span style=\"color: #008000\">Avis 8<\/span><br \/>\n<\/b><\/span><\/p>\n<p class=\"western\" style=\"text-align: justify\"><span style=\"font-family: tahoma, arial, helvetica, sans-serif;font-size: 12pt;color: #0000ff\">Le CHSCT REA demande \u00e0 ce que soit clarifi\u00e9 aux agent\u00b7es l\u2019impact sur les RTT et les cong\u00e9s du t\u00e9l\u00e9travail et des ASA. Toute d\u00e9cision doit \u00eatre prise dans les int\u00e9r\u00eats des personnels, du travail et des institutions.<\/span><\/p>\n","protected":false},"excerpt":{"rendered":"<p>CHSCT REA Hauts-de-France du 30 avril 2020 Les repr\u00e9sentant\u00b7es r\u00e9gionaux du SNETAP-FSU des Hauts-de-France ont particip\u00e9 au CHSCT REA\u00a0 en visioconf\u00e9rence le jeudi 30 avril 2020 \u00e0 10H. Cette r\u00e9union a \u00e9t\u00e9 l\u2019occasion, pour les repr\u00e9sentant\u00b7es du SNETAP-FSU des Hauts-de-France de pr\u00e9senter, sur leur base du travail, des avis qui ont \u00e9t\u00e9 discut\u00e9s et vot\u00e9s [&hellip;]<\/p>\n","protected":false},"author":138,"featured_media":0,"comment_status":"closed","ping_status":"closed","sticky":false,"template":"","format":"standard","meta":{"ocean_post_layout":"","ocean_both_sidebars_style":"","ocean_both_sidebars_content_width":0,"ocean_both_sidebars_sidebars_width":0,"ocean_sidebar":"0","ocean_second_sidebar":"0","ocean_disable_margins":"enable","ocean_add_body_class":"","ocean_shortcode_before_top_bar":"","ocean_shortcode_after_top_bar":"","ocean_shortcode_before_header":"","ocean_shortcode_after_header":"","ocean_has_shortcode":"","ocean_shortcode_after_title":"","ocean_shortcode_before_footer_widgets":"","ocean_shortcode_after_footer_widgets":"","ocean_shortcode_before_footer_bottom":"","ocean_shortcode_after_footer_bottom":"","ocean_display_top_bar":"default","ocean_display_header":"default","ocean_header_style":"","ocean_center_header_left_menu":"0","ocean_custom_header_template":"0","ocean_custom_logo":0,"ocean_custom_retina_logo":0,"ocean_custom_logo_max_width":0,"ocean_custom_logo_tablet_max_width":0,"ocean_custom_logo_mobile_max_width":0,"ocean_custom_logo_max_height":0,"ocean_custom_logo_tablet_max_height":0,"ocean_custom_logo_mobile_max_height":0,"ocean_header_custom_menu":"0","ocean_menu_typo_font_family":"0","ocean_menu_typo_font_subset":"","ocean_menu_typo_font_size":0,"ocean_menu_typo_font_size_tablet":0,"ocean_menu_typo_font_size_mobile":0,"ocean_menu_typo_font_size_unit":"px","ocean_menu_typo_font_weight":"","ocean_menu_typo_font_weight_tablet":"","ocean_menu_typo_font_weight_mobile":"","ocean_menu_typo_transform":"","ocean_menu_typo_transform_tablet":"","ocean_menu_typo_transform_mobile":"","ocean_menu_typo_line_height":0,"ocean_menu_typo_line_height_tablet":0,"ocean_menu_typo_line_height_mobile":0,"ocean_menu_typo_line_height_unit":"","ocean_menu_typo_spacing":0,"ocean_menu_typo_spacing_tablet":0,"ocean_menu_typo_spacing_mobile":0,"ocean_menu_typo_spacing_unit":"","ocean_menu_link_color":"","ocean_menu_link_color_hover":"","ocean_menu_link_color_active":"","ocean_menu_link_background":"","ocean_menu_link_hover_background":"","ocean_menu_link_active_background":"","ocean_menu_social_links_bg":"","ocean_menu_social_hover_links_bg":"","ocean_menu_social_links_color":"","ocean_menu_social_hover_links_color":"","ocean_disable_title":"default","ocean_disable_heading":"default","ocean_post_title":"","ocean_post_subheading":"","ocean_post_title_style":"","ocean_post_title_background_color":"","ocean_post_title_background":0,"ocean_post_title_bg_image_position":"","ocean_post_title_bg_image_attachment":"","ocean_post_title_bg_image_repeat":"","ocean_post_title_bg_image_size":"","ocean_post_title_height":0,"ocean_post_title_bg_overlay":0.5,"ocean_post_title_bg_overlay_color":"","ocean_disable_breadcrumbs":"default","ocean_breadcrumbs_color":"","ocean_breadcrumbs_separator_color":"","ocean_breadcrumbs_links_color":"","ocean_breadcrumbs_links_hover_color":"","ocean_display_footer_widgets":"default","ocean_display_footer_bottom":"default","ocean_custom_footer_template":"0","ocean_post_oembed":"","ocean_post_self_hosted_media":"","ocean_post_video_embed":"","ocean_link_format":"","ocean_link_format_target":"self","ocean_quote_format":"","ocean_quote_format_link":"post","ocean_gallery_link_images":"off","ocean_gallery_id":[],"footnotes":""},"categories":[7],"tags":[],"post_folder":[],"class_list":["post-5103","post","type-post","status-publish","format-standard","hentry","category-chsctrea","entry"],"yoast_head":"<!-- This site is optimized with the Yoast SEO plugin v27.4 - https:\/\/yoast.com\/product\/yoast-seo-wordpress\/ -->\n<title>CHSCT REA Hauts-de-France du 30 avril 2020 - Formation des sites R\u00e9gionaux du SNETAP-FSU<\/title>\n<meta name=\"robots\" content=\"index, follow, max-snippet:-1, max-image-preview:large, max-video-preview:-1\" \/>\n<link rel=\"canonical\" href=\"https:\/\/regions-snetap-fsu.fr\/formation\/2020\/05\/02\/chsct-rea-hauts-de-france-du-30-avril-2020\/\" \/>\n<meta property=\"og:locale\" content=\"fr_FR\" \/>\n<meta property=\"og:type\" content=\"article\" \/>\n<meta property=\"og:title\" content=\"CHSCT REA Hauts-de-France du 30 avril 2020 - Formation des sites R\u00e9gionaux du SNETAP-FSU\" \/>\n<meta property=\"og:description\" content=\"CHSCT REA Hauts-de-France du 30 avril 2020 Les repr\u00e9sentant\u00b7es r\u00e9gionaux du SNETAP-FSU des Hauts-de-France ont particip\u00e9 au CHSCT REA\u00a0 en visioconf\u00e9rence le jeudi 30 avril 2020 \u00e0 10H. Cette r\u00e9union a \u00e9t\u00e9 l\u2019occasion, pour les repr\u00e9sentant\u00b7es du SNETAP-FSU des Hauts-de-France de pr\u00e9senter, sur leur base du travail, des avis qui ont \u00e9t\u00e9 discut\u00e9s et vot\u00e9s [&hellip;]\" \/>\n<meta property=\"og:url\" content=\"https:\/\/regions-snetap-fsu.fr\/formation\/2020\/05\/02\/chsct-rea-hauts-de-france-du-30-avril-2020\/\" \/>\n<meta property=\"og:site_name\" content=\"Formation des sites R\u00e9gionaux du SNETAP-FSU\" \/>\n<meta property=\"article:published_time\" content=\"2020-05-02T14:35:48+00:00\" \/>\n<meta name=\"author\" content=\"yoctavien\" \/>\n<meta name=\"twitter:card\" content=\"summary_large_image\" \/>\n<meta name=\"twitter:label1\" content=\"\u00c9crit par\" \/>\n\t<meta name=\"twitter:data1\" content=\"yoctavien\" \/>\n\t<meta name=\"twitter:label2\" content=\"Dur\u00e9e de lecture estim\u00e9e\" \/>\n\t<meta name=\"twitter:data2\" content=\"3 minutes\" \/>\n<script type=\"application\/ld+json\" class=\"yoast-schema-graph\">{\"@context\":\"https:\\\/\\\/schema.org\",\"@graph\":[{\"@type\":\"Article\",\"@id\":\"https:\\\/\\\/regions-snetap-fsu.fr\\\/formation\\\/2020\\\/05\\\/02\\\/chsct-rea-hauts-de-france-du-30-avril-2020\\\/#article\",\"isPartOf\":{\"@id\":\"https:\\\/\\\/regions-snetap-fsu.fr\\\/formation\\\/2020\\\/05\\\/02\\\/chsct-rea-hauts-de-france-du-30-avril-2020\\\/\"},\"author\":{\"name\":\"yoctavien\",\"@id\":\"https:\\\/\\\/regions-snetap-fsu.fr\\\/formation\\\/#\\\/schema\\\/person\\\/f5dc7b6354e942ca9c5fa8e9ff7e5c93\"},\"headline\":\"CHSCT REA Hauts-de-France du 30 avril 2020\",\"datePublished\":\"2020-05-02T14:35:48+00:00\",\"mainEntityOfPage\":{\"@id\":\"https:\\\/\\\/regions-snetap-fsu.fr\\\/formation\\\/2020\\\/05\\\/02\\\/chsct-rea-hauts-de-france-du-30-avril-2020\\\/\"},\"wordCount\":700,\"publisher\":{\"@id\":\"https:\\\/\\\/regions-snetap-fsu.fr\\\/formation\\\/#organization\"},\"image\":{\"@id\":\"https:\\\/\\\/regions-snetap-fsu.fr\\\/formation\\\/2020\\\/05\\\/02\\\/chsct-rea-hauts-de-france-du-30-avril-2020\\\/#primaryimage\"},\"thumbnailUrl\":\"https:\\\/\\\/regions-snetap-fsu.fr\\\/hdf\\\/wp-content\\\/uploads\\\/sites\\\/5\\\/2018\\\/11\\\/logo-snetap-petit-300x225.jpg\",\"articleSection\":[\"CHSCTREA\"],\"inLanguage\":\"fr-FR\"},{\"@type\":\"WebPage\",\"@id\":\"https:\\\/\\\/regions-snetap-fsu.fr\\\/formation\\\/2020\\\/05\\\/02\\\/chsct-rea-hauts-de-france-du-30-avril-2020\\\/\",\"url\":\"https:\\\/\\\/regions-snetap-fsu.fr\\\/formation\\\/2020\\\/05\\\/02\\\/chsct-rea-hauts-de-france-du-30-avril-2020\\\/\",\"name\":\"CHSCT REA Hauts-de-France du 30 avril 2020 - Formation des sites R\u00e9gionaux du SNETAP-FSU\",\"isPartOf\":{\"@id\":\"https:\\\/\\\/regions-snetap-fsu.fr\\\/formation\\\/#website\"},\"primaryImageOfPage\":{\"@id\":\"https:\\\/\\\/regions-snetap-fsu.fr\\\/formation\\\/2020\\\/05\\\/02\\\/chsct-rea-hauts-de-france-du-30-avril-2020\\\/#primaryimage\"},\"image\":{\"@id\":\"https:\\\/\\\/regions-snetap-fsu.fr\\\/formation\\\/2020\\\/05\\\/02\\\/chsct-rea-hauts-de-france-du-30-avril-2020\\\/#primaryimage\"},\"thumbnailUrl\":\"https:\\\/\\\/regions-snetap-fsu.fr\\\/hdf\\\/wp-content\\\/uploads\\\/sites\\\/5\\\/2018\\\/11\\\/logo-snetap-petit-300x225.jpg\",\"datePublished\":\"2020-05-02T14:35:48+00:00\",\"breadcrumb\":{\"@id\":\"https:\\\/\\\/regions-snetap-fsu.fr\\\/formation\\\/2020\\\/05\\\/02\\\/chsct-rea-hauts-de-france-du-30-avril-2020\\\/#breadcrumb\"},\"inLanguage\":\"fr-FR\",\"potentialAction\":[{\"@type\":\"ReadAction\",\"target\":[\"https:\\\/\\\/regions-snetap-fsu.fr\\\/formation\\\/2020\\\/05\\\/02\\\/chsct-rea-hauts-de-france-du-30-avril-2020\\\/\"]}]},{\"@type\":\"ImageObject\",\"inLanguage\":\"fr-FR\",\"@id\":\"https:\\\/\\\/regions-snetap-fsu.fr\\\/formation\\\/2020\\\/05\\\/02\\\/chsct-rea-hauts-de-france-du-30-avril-2020\\\/#primaryimage\",\"url\":\"https:\\\/\\\/regions-snetap-fsu.fr\\\/hdf\\\/wp-content\\\/uploads\\\/sites\\\/5\\\/2018\\\/11\\\/logo-snetap-petit-300x225.jpg\",\"contentUrl\":\"https:\\\/\\\/regions-snetap-fsu.fr\\\/hdf\\\/wp-content\\\/uploads\\\/sites\\\/5\\\/2018\\\/11\\\/logo-snetap-petit-300x225.jpg\"},{\"@type\":\"BreadcrumbList\",\"@id\":\"https:\\\/\\\/regions-snetap-fsu.fr\\\/formation\\\/2020\\\/05\\\/02\\\/chsct-rea-hauts-de-france-du-30-avril-2020\\\/#breadcrumb\",\"itemListElement\":[{\"@type\":\"ListItem\",\"position\":1,\"name\":\"Accueil\",\"item\":\"https:\\\/\\\/regions-snetap-fsu.fr\\\/formation\\\/\"},{\"@type\":\"ListItem\",\"position\":2,\"name\":\"CHSCT REA Hauts-de-France du 30 avril 2020\"}]},{\"@type\":\"WebSite\",\"@id\":\"https:\\\/\\\/regions-snetap-fsu.fr\\\/formation\\\/#website\",\"url\":\"https:\\\/\\\/regions-snetap-fsu.fr\\\/formation\\\/\",\"name\":\"Formation des sites R\u00e9gionaux du SNETAP-FSU\",\"description\":\"\",\"publisher\":{\"@id\":\"https:\\\/\\\/regions-snetap-fsu.fr\\\/formation\\\/#organization\"},\"potentialAction\":[{\"@type\":\"SearchAction\",\"target\":{\"@type\":\"EntryPoint\",\"urlTemplate\":\"https:\\\/\\\/regions-snetap-fsu.fr\\\/formation\\\/?s={search_term_string}\"},\"query-input\":{\"@type\":\"PropertyValueSpecification\",\"valueRequired\":true,\"valueName\":\"search_term_string\"}}],\"inLanguage\":\"fr-FR\"},{\"@type\":\"Organization\",\"@id\":\"https:\\\/\\\/regions-snetap-fsu.fr\\\/formation\\\/#organization\",\"name\":\"Formation des sites R\u00e9gionaux du SNETAP-FSU\",\"url\":\"https:\\\/\\\/regions-snetap-fsu.fr\\\/formation\\\/\",\"logo\":{\"@type\":\"ImageObject\",\"inLanguage\":\"fr-FR\",\"@id\":\"https:\\\/\\\/regions-snetap-fsu.fr\\\/formation\\\/#\\\/schema\\\/logo\\\/image\\\/\",\"url\":\"https:\\\/\\\/regions-snetap-fsu.fr\\\/formation\\\/wp-content\\\/uploads\\\/sites\\\/20\\\/2025\\\/04\\\/cropped-Logo_blanc_fond_transparent_1000x755.png\",\"contentUrl\":\"https:\\\/\\\/regions-snetap-fsu.fr\\\/formation\\\/wp-content\\\/uploads\\\/sites\\\/20\\\/2025\\\/04\\\/cropped-Logo_blanc_fond_transparent_1000x755.png\",\"width\":998,\"height\":689,\"caption\":\"Formation des sites R\u00e9gionaux du SNETAP-FSU\"},\"image\":{\"@id\":\"https:\\\/\\\/regions-snetap-fsu.fr\\\/formation\\\/#\\\/schema\\\/logo\\\/image\\\/\"}},{\"@type\":\"Person\",\"@id\":\"https:\\\/\\\/regions-snetap-fsu.fr\\\/formation\\\/#\\\/schema\\\/person\\\/f5dc7b6354e942ca9c5fa8e9ff7e5c93\",\"name\":\"yoctavien\",\"image\":{\"@type\":\"ImageObject\",\"inLanguage\":\"fr-FR\",\"@id\":\"https:\\\/\\\/secure.gravatar.com\\\/avatar\\\/382642c092b6b9da14641d3c478df2f3da4a2d17eea25691c232d4dbf735c292?s=96&d=mm&r=g\",\"url\":\"https:\\\/\\\/secure.gravatar.com\\\/avatar\\\/382642c092b6b9da14641d3c478df2f3da4a2d17eea25691c232d4dbf735c292?s=96&d=mm&r=g\",\"contentUrl\":\"https:\\\/\\\/secure.gravatar.com\\\/avatar\\\/382642c092b6b9da14641d3c478df2f3da4a2d17eea25691c232d4dbf735c292?s=96&d=mm&r=g\",\"caption\":\"yoctavien\"},\"url\":\"https:\\\/\\\/regions-snetap-fsu.fr\\\/formation\\\/author\\\/yoctavien\\\/\"}]}<\/script>\n<!-- \/ Yoast SEO plugin. -->","yoast_head_json":{"title":"CHSCT REA Hauts-de-France du 30 avril 2020 - Formation des sites R\u00e9gionaux du SNETAP-FSU","robots":{"index":"index","follow":"follow","max-snippet":"max-snippet:-1","max-image-preview":"max-image-preview:large","max-video-preview":"max-video-preview:-1"},"canonical":"https:\/\/regions-snetap-fsu.fr\/formation\/2020\/05\/02\/chsct-rea-hauts-de-france-du-30-avril-2020\/","og_locale":"fr_FR","og_type":"article","og_title":"CHSCT REA Hauts-de-France du 30 avril 2020 - Formation des sites R\u00e9gionaux du SNETAP-FSU","og_description":"CHSCT REA Hauts-de-France du 30 avril 2020 Les repr\u00e9sentant\u00b7es r\u00e9gionaux du SNETAP-FSU des Hauts-de-France ont particip\u00e9 au CHSCT REA\u00a0 en visioconf\u00e9rence le jeudi 30 avril 2020 \u00e0 10H. Cette r\u00e9union a \u00e9t\u00e9 l\u2019occasion, pour les repr\u00e9sentant\u00b7es du SNETAP-FSU des Hauts-de-France de pr\u00e9senter, sur leur base du travail, des avis qui ont \u00e9t\u00e9 discut\u00e9s et vot\u00e9s [&hellip;]","og_url":"https:\/\/regions-snetap-fsu.fr\/formation\/2020\/05\/02\/chsct-rea-hauts-de-france-du-30-avril-2020\/","og_site_name":"Formation des sites R\u00e9gionaux du SNETAP-FSU","article_published_time":"2020-05-02T14:35:48+00:00","author":"yoctavien","twitter_card":"summary_large_image","twitter_misc":{"\u00c9crit par":"yoctavien","Dur\u00e9e de lecture estim\u00e9e":"3 minutes"},"schema":{"@context":"https:\/\/schema.org","@graph":[{"@type":"Article","@id":"https:\/\/regions-snetap-fsu.fr\/formation\/2020\/05\/02\/chsct-rea-hauts-de-france-du-30-avril-2020\/#article","isPartOf":{"@id":"https:\/\/regions-snetap-fsu.fr\/formation\/2020\/05\/02\/chsct-rea-hauts-de-france-du-30-avril-2020\/"},"author":{"name":"yoctavien","@id":"https:\/\/regions-snetap-fsu.fr\/formation\/#\/schema\/person\/f5dc7b6354e942ca9c5fa8e9ff7e5c93"},"headline":"CHSCT REA Hauts-de-France du 30 avril 2020","datePublished":"2020-05-02T14:35:48+00:00","mainEntityOfPage":{"@id":"https:\/\/regions-snetap-fsu.fr\/formation\/2020\/05\/02\/chsct-rea-hauts-de-france-du-30-avril-2020\/"},"wordCount":700,"publisher":{"@id":"https:\/\/regions-snetap-fsu.fr\/formation\/#organization"},"image":{"@id":"https:\/\/regions-snetap-fsu.fr\/formation\/2020\/05\/02\/chsct-rea-hauts-de-france-du-30-avril-2020\/#primaryimage"},"thumbnailUrl":"https:\/\/regions-snetap-fsu.fr\/hdf\/wp-content\/uploads\/sites\/5\/2018\/11\/logo-snetap-petit-300x225.jpg","articleSection":["CHSCTREA"],"inLanguage":"fr-FR"},{"@type":"WebPage","@id":"https:\/\/regions-snetap-fsu.fr\/formation\/2020\/05\/02\/chsct-rea-hauts-de-france-du-30-avril-2020\/","url":"https:\/\/regions-snetap-fsu.fr\/formation\/2020\/05\/02\/chsct-rea-hauts-de-france-du-30-avril-2020\/","name":"CHSCT REA Hauts-de-France du 30 avril 2020 - Formation des sites R\u00e9gionaux du SNETAP-FSU","isPartOf":{"@id":"https:\/\/regions-snetap-fsu.fr\/formation\/#website"},"primaryImageOfPage":{"@id":"https:\/\/regions-snetap-fsu.fr\/formation\/2020\/05\/02\/chsct-rea-hauts-de-france-du-30-avril-2020\/#primaryimage"},"image":{"@id":"https:\/\/regions-snetap-fsu.fr\/formation\/2020\/05\/02\/chsct-rea-hauts-de-france-du-30-avril-2020\/#primaryimage"},"thumbnailUrl":"https:\/\/regions-snetap-fsu.fr\/hdf\/wp-content\/uploads\/sites\/5\/2018\/11\/logo-snetap-petit-300x225.jpg","datePublished":"2020-05-02T14:35:48+00:00","breadcrumb":{"@id":"https:\/\/regions-snetap-fsu.fr\/formation\/2020\/05\/02\/chsct-rea-hauts-de-france-du-30-avril-2020\/#breadcrumb"},"inLanguage":"fr-FR","potentialAction":[{"@type":"ReadAction","target":["https:\/\/regions-snetap-fsu.fr\/formation\/2020\/05\/02\/chsct-rea-hauts-de-france-du-30-avril-2020\/"]}]},{"@type":"ImageObject","inLanguage":"fr-FR","@id":"https:\/\/regions-snetap-fsu.fr\/formation\/2020\/05\/02\/chsct-rea-hauts-de-france-du-30-avril-2020\/#primaryimage","url":"https:\/\/regions-snetap-fsu.fr\/hdf\/wp-content\/uploads\/sites\/5\/2018\/11\/logo-snetap-petit-300x225.jpg","contentUrl":"https:\/\/regions-snetap-fsu.fr\/hdf\/wp-content\/uploads\/sites\/5\/2018\/11\/logo-snetap-petit-300x225.jpg"},{"@type":"BreadcrumbList","@id":"https:\/\/regions-snetap-fsu.fr\/formation\/2020\/05\/02\/chsct-rea-hauts-de-france-du-30-avril-2020\/#breadcrumb","itemListElement":[{"@type":"ListItem","position":1,"name":"Accueil","item":"https:\/\/regions-snetap-fsu.fr\/formation\/"},{"@type":"ListItem","position":2,"name":"CHSCT REA Hauts-de-France du 30 avril 2020"}]},{"@type":"WebSite","@id":"https:\/\/regions-snetap-fsu.fr\/formation\/#website","url":"https:\/\/regions-snetap-fsu.fr\/formation\/","name":"Formation des sites R\u00e9gionaux du SNETAP-FSU","description":"","publisher":{"@id":"https:\/\/regions-snetap-fsu.fr\/formation\/#organization"},"potentialAction":[{"@type":"SearchAction","target":{"@type":"EntryPoint","urlTemplate":"https:\/\/regions-snetap-fsu.fr\/formation\/?s={search_term_string}"},"query-input":{"@type":"PropertyValueSpecification","valueRequired":true,"valueName":"search_term_string"}}],"inLanguage":"fr-FR"},{"@type":"Organization","@id":"https:\/\/regions-snetap-fsu.fr\/formation\/#organization","name":"Formation des sites R\u00e9gionaux du SNETAP-FSU","url":"https:\/\/regions-snetap-fsu.fr\/formation\/","logo":{"@type":"ImageObject","inLanguage":"fr-FR","@id":"https:\/\/regions-snetap-fsu.fr\/formation\/#\/schema\/logo\/image\/","url":"https:\/\/regions-snetap-fsu.fr\/formation\/wp-content\/uploads\/sites\/20\/2025\/04\/cropped-Logo_blanc_fond_transparent_1000x755.png","contentUrl":"https:\/\/regions-snetap-fsu.fr\/formation\/wp-content\/uploads\/sites\/20\/2025\/04\/cropped-Logo_blanc_fond_transparent_1000x755.png","width":998,"height":689,"caption":"Formation des sites R\u00e9gionaux du SNETAP-FSU"},"image":{"@id":"https:\/\/regions-snetap-fsu.fr\/formation\/#\/schema\/logo\/image\/"}},{"@type":"Person","@id":"https:\/\/regions-snetap-fsu.fr\/formation\/#\/schema\/person\/f5dc7b6354e942ca9c5fa8e9ff7e5c93","name":"yoctavien","image":{"@type":"ImageObject","inLanguage":"fr-FR","@id":"https:\/\/secure.gravatar.com\/avatar\/382642c092b6b9da14641d3c478df2f3da4a2d17eea25691c232d4dbf735c292?s=96&d=mm&r=g","url":"https:\/\/secure.gravatar.com\/avatar\/382642c092b6b9da14641d3c478df2f3da4a2d17eea25691c232d4dbf735c292?s=96&d=mm&r=g","contentUrl":"https:\/\/secure.gravatar.com\/avatar\/382642c092b6b9da14641d3c478df2f3da4a2d17eea25691c232d4dbf735c292?s=96&d=mm&r=g","caption":"yoctavien"},"url":"https:\/\/regions-snetap-fsu.fr\/formation\/author\/yoctavien\/"}]}},"_links":{"self":[{"href":"https:\/\/regions-snetap-fsu.fr\/formation\/wp-json\/wp\/v2\/posts\/5103","targetHints":{"allow":["GET"]}}],"collection":[{"href":"https:\/\/regions-snetap-fsu.fr\/formation\/wp-json\/wp\/v2\/posts"}],"about":[{"href":"https:\/\/regions-snetap-fsu.fr\/formation\/wp-json\/wp\/v2\/types\/post"}],"author":[{"embeddable":true,"href":"https:\/\/regions-snetap-fsu.fr\/formation\/wp-json\/wp\/v2\/users\/138"}],"replies":[{"embeddable":true,"href":"https:\/\/regions-snetap-fsu.fr\/formation\/wp-json\/wp\/v2\/comments?post=5103"}],"version-history":[{"count":0,"href":"https:\/\/regions-snetap-fsu.fr\/formation\/wp-json\/wp\/v2\/posts\/5103\/revisions"}],"wp:attachment":[{"href":"https:\/\/regions-snetap-fsu.fr\/formation\/wp-json\/wp\/v2\/media?parent=5103"}],"wp:term":[{"taxonomy":"category","embeddable":true,"href":"https:\/\/regions-snetap-fsu.fr\/formation\/wp-json\/wp\/v2\/categories?post=5103"},{"taxonomy":"post_tag","embeddable":true,"href":"https:\/\/regions-snetap-fsu.fr\/formation\/wp-json\/wp\/v2\/tags?post=5103"},{"taxonomy":"post_folder","embeddable":true,"href":"https:\/\/regions-snetap-fsu.fr\/formation\/wp-json\/wp\/v2\/post_folder?post=5103"}],"curies":[{"name":"wp","href":"https:\/\/api.w.org\/{rel}","templated":true}]}}