{"id":5080,"date":"2020-04-30T18:12:09","date_gmt":"2020-04-30T16:12:09","guid":{"rendered":"https:\/\/regions-snetap-fsu.fr\/hdf\/?p=5080"},"modified":"2020-04-30T18:12:09","modified_gmt":"2020-04-30T16:12:09","slug":"1er-mai-fete-du-travail","status":"publish","type":"post","link":"https:\/\/regions-snetap-fsu.fr\/formation\/2020\/04\/30\/1er-mai-fete-du-travail\/","title":{"rendered":"1er mai : F\u00eate du travail"},"content":{"rendered":"<h2 style=\"text-align: center\"><span style=\"font-family: tahoma, arial, helvetica, sans-serif;color: #ff0000\">1<sup>er<\/sup> mai : F\u00eate des travailleur\u00b7ses<br \/>\n<\/span><\/h2>\n<h2 style=\"text-align: center\"><span style=\"color: #ff0000;font-family: tahoma, arial, helvetica, sans-serif\">Aussi une histoire sociale du Nord<\/span><\/h2>\n<blockquote>\n<p style=\"text-align: justify\"><span style=\"font-family: tahoma, arial, helvetica, sans-serif;color: #0000ff\">Le congr\u00e8s international socialiste, r\u00e9uni le 21 juillet 1889 \u00e0 l&rsquo;occasion du lendemain de la R\u00e9volution Fran\u00e7aise, prit la r\u00e9solution de faire du 1<sup>er<\/sup> mai une journ\u00e9e internationale de revendications sociales.<\/span><\/p>\n<p style=\"text-align: justify\"><span style=\"font-family: tahoma, arial, helvetica, sans-serif;color: #0000ff\">En France, le 1er mai 1890 ne remporte pas le succ\u00e8s escompt\u00e9 par les organisateurs.<\/span><\/p>\n<p style=\"text-align: justify\"><span style=\"font-family: tahoma, arial, helvetica, sans-serif;color: #0000ff\">L&rsquo;ann\u00e9e suivante a eu lieu le massacre de Fourmies. D\u00e8s lors, la manifestation du 1er mai est devenu une tradition internationale de f\u00eate des travailleurs\u00b7ses et d&rsquo;exposition de leurs revendications&#8230;<\/span><\/p>\n<\/blockquote>\n<p><!--more--><\/p>\n<h3 style=\"text-align: center\"><span style=\"font-family: tahoma, arial, helvetica, sans-serif;color: #008000\">Avant Fourmies, Chicago<\/span><\/h3>\n<p style=\"text-align: justify\"><span style=\"font-family: tahoma, arial, helvetica, sans-serif;color: #0000ff;font-size: 12pt\">C&rsquo;est aux \u00c9tats-Unis que le 1<sup>er<\/sup> mai trouve ses racines dans une p\u00e9riode de pleine croissance \u00e9conomique, dop\u00e9e par l&rsquo;industrialisation et les progr\u00e8s techniques. Mais en contrepartie, les conditions de travail n&rsquo;ont pas progress\u00e9 et sont particuli\u00e8rement inhumaines et d\u00e9plorables.<\/span><\/p>\n<p style=\"text-align: justify\"><span style=\"font-family: tahoma, arial, helvetica, sans-serif;color: #0000ff;font-size: 12pt\">A cette p\u00e9riode, des Hommes, des Femmes et des Enfants devaient parfois travailler jusqu&rsquo;\u00e0 17 heures par jour dans les ateliers et usines, sept jours sur sept pour un salaire de mis\u00e8re. <\/span><\/p>\n<p style=\"text-align: justify\"><span style=\"font-family: tahoma, arial, helvetica, sans-serif;color: #0000ff;font-size: 12pt\">Quelques philanthropes s&rsquo;en \u00e9meuvent et r\u00e9pandent les id\u00e9es de progr\u00e8s social.<\/span><\/p>\n<p style=\"text-align: justify\"><span style=\"font-family: tahoma, arial, helvetica, sans-serif;color: #0000ff;font-size: 12pt\">En 1886, les syndicats am\u00e9ricains, dont le c\u00e9l\u00e8bre Knigths of Labor (Chevaliers du Travail), se sont ralli\u00e9s \u00e0 un mot d&rsquo;ordre de gr\u00e8ve g\u00e9n\u00e9rale pour obtenir la journ\u00e9e de travail de 8 heures.<\/span><\/p>\n<p style=\"text-align: justify\"><span style=\"font-family: tahoma, arial, helvetica, sans-serif;color: #0000ff;font-size: 12pt\">A Chicago, o\u00f9 la tension sociale \u00e9tait exacerb\u00e9e, la gr\u00e8ve ne s&rsquo;arr\u00eata pas. Des heurts violents oppos\u00e8rent manifestants et force de police. Des coups de feu furent \u00e9chang\u00e9s, une bombe avait \u00e9clat\u00e9. Ce fut un terrible massacre dont on ignore exactement le nombre de victime. Apr\u00e8s une parodie de proc\u00e8s, 6 militants furent condamn\u00e9s \u00e0 mort. Les pendus de Chicago devinrent de v\u00e9ritables martyrs de la cause ouvri\u00e8re.<\/span><\/p>\n<h3 style=\"text-align: center\"><span style=\"font-family: tahoma, arial, helvetica, sans-serif;color: #008000\">Apr\u00e8s Chicago, Fourmies<\/span><\/h3>\n<p style=\"text-align: justify\"><span style=\"font-family: tahoma, arial, helvetica, sans-serif;color: #0000ff;font-size: 12pt\">Le 1<sup>er<\/sup> mai 1891, le massacre de Fourmies reproduit \u00e0 l&rsquo;identique les \u00e9v\u00e8nements dramatiques de Chicago.<\/span><\/p>\n<p style=\"text-align: justify\"><span style=\"font-family: tahoma, arial, helvetica, sans-serif;color: #0000ff;font-size: 12pt\">Ce jour l\u00e0, dans cette petite cit\u00e9 laini\u00e8re ouvri\u00e8re du Nord, apr\u00e8s l&rsquo;\u00e9clatement d&rsquo;incidents entre gr\u00e9vistes et non-gr\u00e9viste, la troupe militaire met fin dans le sang \u00e0 une manifestation qui se voulait festive pour revendiquer la journ\u00e9e de 8 heures.<\/span><\/p>\n<p style=\"text-align: justify\"><span style=\"font-family: tahoma, arial, helvetica, sans-serif;color: #0000ff;font-size: 12pt\">Le bilan est de 10 morts (interrogation sur le dixi\u00e8me), dont 2 enfants et de 35 bless\u00e9s.<\/span><\/p>\n<dl>\n<dt><span style=\"color: #0000ff;font-family: tahoma, arial, helvetica, sans-serif;font-size: 12pt\">Les morts :<sup id=\"cite_ref-17\" class=\"reference\"><\/sup><\/span><\/dt>\n<\/dl>\n<ul>\n<li><span style=\"color: #0000ff;font-family: tahoma, arial, helvetica, sans-serif;font-size: 12pt\">Maria Blondeau, 18\u00a0ans<sup id=\"cite_ref-18\" class=\"reference\"><\/sup><\/span><\/li>\n<li><span style=\"color: #0000ff;font-family: tahoma, arial, helvetica, sans-serif;font-size: 12pt\">Louise Hublet, 20\u00a0ans<\/span><\/li>\n<li><span style=\"color: #0000ff;font-family: tahoma, arial, helvetica, sans-serif;font-size: 12pt\">Ernestine Diot, 17\u00a0ans<\/span><\/li>\n<li><span style=\"color: #0000ff;font-family: tahoma, arial, helvetica, sans-serif;font-size: 12pt\">F\u00e9licie Tonnelier, 16\u00a0ans<\/span><\/li>\n<li><span style=\"color: #0000ff;font-family: tahoma, arial, helvetica, sans-serif;font-size: 12pt\">Kl\u00e9ber Giloteaux, 19\u00a0ans<\/span><\/li>\n<li><span style=\"color: #0000ff;font-family: tahoma, arial, helvetica, sans-serif;font-size: 12pt\">Charles Leroy, 20\u00a0ans<\/span><\/li>\n<li><span style=\"color: #0000ff;font-family: tahoma, arial, helvetica, sans-serif;font-size: 12pt\">\u00c9mile S\u00e9gaux, 30\u00a0ans<\/span><\/li>\n<li><span style=\"color: #0000ff;font-family: tahoma, arial, helvetica, sans-serif;font-size: 12pt\">Gustave Pestiaux, 14\u00a0ans<\/span><\/li>\n<li><span style=\"color: #0000ff;font-family: tahoma, arial, helvetica, sans-serif;font-size: 12pt\">\u00c9mile Cornaille, 11\u00a0ans<\/span><\/li>\n<\/ul>\n<p style=\"text-align: justify\"><span style=\"font-family: tahoma, arial, helvetica, sans-serif;color: #0000ff;font-size: 12pt\">Bien que les forces de l&rsquo;ordre aient \u00e9t\u00e9 mises en cause, 9 manifestants furent condamn\u00e9s pour entrave \u00e0 la libert\u00e9 de travail, outrage et violence \u00e0 agent et r\u00e9bellion, \u00e0 des peines de prison de 2 \u00e0 4 mois fermes.<\/span><\/p>\n<p style=\"text-align: justify\"><span style=\"font-family: tahoma, arial, helvetica, sans-serif;color: #0000ff;font-size: 12pt\">Un second proc\u00e8s a lieu le 4 et 5 juillet 1891\u00a0: la cour d&rsquo;assises de Douai condamne Hippolyte Culine et Paul Lafargue, consid\u00e9r\u00e9s comme les instigateurs de la gr\u00e8ve, pour provocation \u00e0 attroupement arm\u00e9<sup id=\"cite_ref-21\" class=\"reference\"><\/sup>. Le premier \u00e9cope de six ans de travaux forc\u00e9s et dix ans d&rsquo;interdiction de s\u00e9jour, le second d&rsquo;un an de prison. Toutefois, Lafargue est lib\u00e9r\u00e9 de fa\u00e7on anticip\u00e9e, apr\u00e8s son \u00e9lection comme d\u00e9put\u00e9, en novembre 1891. Cet \u00e9pisode contribue au progr\u00e8s du socialisme fran\u00e7ais et est un \u00e9v\u00e9nement fondateur de la Section Fran\u00e7aise de l&rsquo;Internationale Ouvri\u00e8re (SFIO). <\/span><\/p>\n<h3 style=\"text-align: center\"><span style=\"font-family: tahoma, arial, helvetica, sans-serif;color: #008000\">1<sup>er<\/sup> mai une pression populaire qui abouti \u00e0 des r\u00e9sultats<\/span><\/h3>\n<p style=\"text-align: justify\"><span style=\"font-family: tahoma, arial, helvetica, sans-serif;color: #0000ff;font-size: 12pt\">En France, cette pression populaire aboutit \u00e0 des r\u00e9sultats :<\/span><\/p>\n<ul>\n<li style=\"text-align: justify\"><span style=\"font-family: tahoma, arial, helvetica, sans-serif;color: #0000ff;font-size: 12pt\">En 1906, la loi sur le repos hebdomadaire est vot\u00e9e;<\/span><\/li>\n<li style=\"text-align: justify\"><span style=\"font-family: tahoma, arial, helvetica, sans-serif;color: #0000ff;font-size: 12pt\">En 1919, la loi sur la journ\u00e9e de 8 heures est vot\u00e9e;<\/span><\/li>\n<li style=\"text-align: justify\"><span style=\"font-family: tahoma, arial, helvetica, sans-serif;color: #0000ff;font-size: 12pt\">En 1939, la gr\u00e8ve g\u00e9n\u00e9rale du 1er mai salue la victoire du Front populaire. Elle pr\u00e9c\u00e8de un grand mouvement de gr\u00e8ves qui aboutit \u00e0 l&rsquo;obtention de la semaine des 40 heures et \u00e0 l&rsquo;instauration des \u00ab\u00a0cong\u00e9s pay\u00e9s\u00a0\u00bb.<\/span><\/li>\n<\/ul>\n<h3 style=\"text-align: center\"><span style=\"font-family: tahoma, arial, helvetica, sans-serif;color: #008000\">1<sup>er<\/sup> mai : F\u00eate du Travail, non des travailleurs\u00b7ses<br \/>\n<\/span><\/h3>\n<p style=\"text-align: justify\"><span style=\"font-family: tahoma, arial, helvetica, sans-serif;color: #0000ff;font-size: 12pt\">La \u00ab\u00a0f\u00eate du travail\u00a0\u00bb est ch\u00f4m\u00e9e (f\u00e9ri\u00e9e) dans certains pays comme la Belgique, l&rsquo;Allemagne, la France, l\u2019Italie, le Luxembourg, <span class=\"need_ref\" title=\"Ce passage n\u00e9cessite une r\u00e9f\u00e9rence.\">etc.<\/span><\/span><\/p>\n<p style=\"text-align: justify\"><span style=\"font-family: tahoma, arial, helvetica, sans-serif;color: #0000ff;font-size: 12pt\">On peut remarquer des diff\u00e9rences dans plusieurs pays sur la fa\u00e7on dont la \u00ab\u00a0f\u00eate du travail\u00a0\u00bb est pratiqu\u00e9e. Au Canada et aux \u00c9tats-Unis, la f\u00eate du travail est un jour f\u00e9ri\u00e9 du mois de septembre<sup id=\"cite_ref-1\" class=\"reference\"><\/sup>. En Australie, elle est f\u00eat\u00e9e \u00e0 diff\u00e9rentes dates proches du printemps ou de l\u2019automne.<\/span><\/p>\n<p style=\"text-align: justify\"><span style=\"font-family: tahoma, arial, helvetica, sans-serif;color: #0000ff;font-size: 12pt\">Dans certains pays, comme la France et la Suisse, elle se confond avec la <b>journ\u00e9e internationale des travailleurs\u00b7ses<\/b>, f\u00eate internationale instaur\u00e9e \u00e0 l&rsquo;origine comme journ\u00e9e annuelle de gr\u00e8ve pour revendiquer la journ\u00e9e de 8 heures, qui devint au <abbr class=\"abbr\" title=\"20\u1d49 si\u00e8cle\"><span class=\"romain\">XX<\/span><sup>e<\/sup><\/abbr> si\u00e8cle une journ\u00e9e de lutte et de c\u00e9l\u00e9bration des combats des salari\u00e9\u00b7es. <\/span><\/p>\n<p style=\"text-align: justify\"><span style=\"font-family: tahoma, arial, helvetica, sans-serif;color: #0000ff;font-size: 12pt\">C\u00e9l\u00e9br\u00e9e le <abbr class=\"abbr\" title=\"Premier\">1<sup>er<\/sup><\/abbr> mai dans de nombreux pays du monde, elle est l\u2019occasion pour les mouvements des travailleurs\u00b7ses d&rsquo;importantes revendications et de manifestations sociales.<\/span><\/p>\n<h3 style=\"text-align: center\"><span style=\"font-family: tahoma, arial, helvetica, sans-serif;color: #008000\">1<sup>er<\/sup> mai 2020 : \u00ab\u00a0plus jamais \u00e7a !\u00a0\u00bb<\/span><\/h3>\n<p style=\"text-align: justify\"><span style=\"font-family: tahoma, arial, helvetica, sans-serif;color: #0000ff;font-size: 12pt\">Nos organisations appellent \u00e0 participer aux mobilisations syndicales pour donner au 1er mai 2020, journ\u00e9e internationale de lutte des travailleuses et travailleurs, un \u00e9cho tout particulier dans le contexte de crise sanitaire. <strong>La pand\u00e9mie qui se r\u00e9pand dans le monde entier r\u00e9v\u00e8le de mani\u00e8re tragique les d\u00e9r\u00e8glements du capitalisme n\u00e9olib\u00e9ral et productiviste ainsi que les dysfonctionnements de l\u2019actuelle gouvernance mondiale.<\/strong> La situation n\u00e9cessite d\u2019affronter ensemble les urgences \u00e9cologiques, sociales et d\u00e9mocratiques.<\/span><\/p>\n<p style=\"text-align: justify\"><span style=\"font-family: tahoma, arial, helvetica, sans-serif;color: #0000ff;font-size: 12pt\">Les imp\u00e9ratifs de sant\u00e9 publique seront \u00e0 l\u2019honneur de ce 1er mai. Nos organisations appellent \u00e0 manifester la solidarit\u00e9 avec les travailleurs.ses, en France et dans tous les pays, dont les activit\u00e9s continuent, souvent sans m\u00eame le mat\u00e9riel de protection n\u00e9cessaire. La solidarit\u00e9 aussi avec les \u00ab invisibles \u00bb que la crise a pourtant r\u00e9v\u00e9l\u00e9.e.s comme indispensables, ainsi qu\u2019avec les pr\u00e9caires et les \u00ab sans \u00bb, dont la situation s\u2019est dramatiquement aggrav\u00e9e pendant la crise&#8230;<\/span><\/p>\n<p style=\"text-align: justify\"><span style=\"font-family: tahoma, arial, helvetica, sans-serif;color: #0000ff;font-size: 12pt\">Pour lire le communiqu\u00e9 complet, cliquez sur le lien ci-dessous :<\/span><\/p>\n<p><span style=\"text-decoration: underline;font-family: tahoma, arial, helvetica, sans-serif;font-size: 12pt\"><span style=\"color: #000000\"><a style=\"color: #000000;text-decoration: underline\" href=\"https:\/\/www.snetap-fsu.fr\/1er-mai-plus-jamais-ca.html\" target=\"_blank\" rel=\"noopener noreferrer\">Lien : SNETAP-FSU &#8211; 1er mai : \u00ab plus jamais \u00e7a ! \u00bb<\/a><\/span><\/span><\/p>\n","protected":false},"excerpt":{"rendered":"<p>1er mai : F\u00eate des travailleur\u00b7ses Aussi une histoire sociale du Nord Le congr\u00e8s international socialiste, r\u00e9uni le 21 juillet 1889 \u00e0 l&rsquo;occasion du lendemain de la R\u00e9volution Fran\u00e7aise, prit la r\u00e9solution de faire du 1er mai une journ\u00e9e internationale de revendications sociales. En France, le 1er mai 1890 ne remporte pas le succ\u00e8s escompt\u00e9 [&hellip;]<\/p>\n","protected":false},"author":138,"featured_media":0,"comment_status":"closed","ping_status":"closed","sticky":false,"template":"","format":"standard","meta":{"ocean_post_layout":"","ocean_both_sidebars_style":"","ocean_both_sidebars_content_width":0,"ocean_both_sidebars_sidebars_width":0,"ocean_sidebar":"","ocean_second_sidebar":"","ocean_disable_margins":"enable","ocean_add_body_class":"","ocean_shortcode_before_top_bar":"","ocean_shortcode_after_top_bar":"","ocean_shortcode_before_header":"","ocean_shortcode_after_header":"","ocean_has_shortcode":"","ocean_shortcode_after_title":"","ocean_shortcode_before_footer_widgets":"","ocean_shortcode_after_footer_widgets":"","ocean_shortcode_before_footer_bottom":"","ocean_shortcode_after_footer_bottom":"","ocean_display_top_bar":"default","ocean_display_header":"default","ocean_header_style":"","ocean_center_header_left_menu":"","ocean_custom_header_template":"","ocean_custom_logo":0,"ocean_custom_retina_logo":0,"ocean_custom_logo_max_width":0,"ocean_custom_logo_tablet_max_width":0,"ocean_custom_logo_mobile_max_width":0,"ocean_custom_logo_max_height":0,"ocean_custom_logo_tablet_max_height":0,"ocean_custom_logo_mobile_max_height":0,"ocean_header_custom_menu":"","ocean_menu_typo_font_family":"","ocean_menu_typo_font_subset":"","ocean_menu_typo_font_size":0,"ocean_menu_typo_font_size_tablet":0,"ocean_menu_typo_font_size_mobile":0,"ocean_menu_typo_font_size_unit":"px","ocean_menu_typo_font_weight":"","ocean_menu_typo_font_weight_tablet":"","ocean_menu_typo_font_weight_mobile":"","ocean_menu_typo_transform":"","ocean_menu_typo_transform_tablet":"","ocean_menu_typo_transform_mobile":"","ocean_menu_typo_line_height":0,"ocean_menu_typo_line_height_tablet":0,"ocean_menu_typo_line_height_mobile":0,"ocean_menu_typo_line_height_unit":"","ocean_menu_typo_spacing":0,"ocean_menu_typo_spacing_tablet":0,"ocean_menu_typo_spacing_mobile":0,"ocean_menu_typo_spacing_unit":"","ocean_menu_link_color":"","ocean_menu_link_color_hover":"","ocean_menu_link_color_active":"","ocean_menu_link_background":"","ocean_menu_link_hover_background":"","ocean_menu_link_active_background":"","ocean_menu_social_links_bg":"","ocean_menu_social_hover_links_bg":"","ocean_menu_social_links_color":"","ocean_menu_social_hover_links_color":"","ocean_disable_title":"default","ocean_disable_heading":"default","ocean_post_title":"","ocean_post_subheading":"","ocean_post_title_style":"","ocean_post_title_background_color":"","ocean_post_title_background":0,"ocean_post_title_bg_image_position":"","ocean_post_title_bg_image_attachment":"","ocean_post_title_bg_image_repeat":"","ocean_post_title_bg_image_size":"","ocean_post_title_height":0,"ocean_post_title_bg_overlay":0.5,"ocean_post_title_bg_overlay_color":"","ocean_disable_breadcrumbs":"default","ocean_breadcrumbs_color":"","ocean_breadcrumbs_separator_color":"","ocean_breadcrumbs_links_color":"","ocean_breadcrumbs_links_hover_color":"","ocean_display_footer_widgets":"default","ocean_display_footer_bottom":"default","ocean_custom_footer_template":"","ocean_post_oembed":"","ocean_post_self_hosted_media":"","ocean_post_video_embed":"","ocean_link_format":"","ocean_link_format_target":"self","ocean_quote_format":"","ocean_quote_format_link":"post","ocean_gallery_link_images":"on","ocean_gallery_id":[],"footnotes":""},"categories":[11],"tags":[],"post_folder":[],"class_list":["post-5080","post","type-post","status-publish","format-standard","hentry","category-communiques","entry"],"yoast_head":"<!-- This site is optimized with the Yoast SEO plugin v27.4 - https:\/\/yoast.com\/product\/yoast-seo-wordpress\/ -->\n<title>1er mai : F\u00eate du travail - Formation des sites R\u00e9gionaux du SNETAP-FSU<\/title>\n<meta name=\"robots\" content=\"index, follow, max-snippet:-1, max-image-preview:large, max-video-preview:-1\" \/>\n<link rel=\"canonical\" href=\"https:\/\/regions-snetap-fsu.fr\/formation\/2020\/04\/30\/1er-mai-fete-du-travail\/\" \/>\n<meta property=\"og:locale\" content=\"fr_FR\" \/>\n<meta property=\"og:type\" content=\"article\" \/>\n<meta property=\"og:title\" content=\"1er mai : F\u00eate du travail - Formation des sites R\u00e9gionaux du SNETAP-FSU\" \/>\n<meta property=\"og:description\" content=\"1er mai : F\u00eate des travailleur\u00b7ses Aussi une histoire sociale du Nord Le congr\u00e8s international socialiste, r\u00e9uni le 21 juillet 1889 \u00e0 l&rsquo;occasion du lendemain de la R\u00e9volution Fran\u00e7aise, prit la r\u00e9solution de faire du 1er mai une journ\u00e9e internationale de revendications sociales. En France, le 1er mai 1890 ne remporte pas le succ\u00e8s escompt\u00e9 [&hellip;]\" \/>\n<meta property=\"og:url\" content=\"https:\/\/regions-snetap-fsu.fr\/formation\/2020\/04\/30\/1er-mai-fete-du-travail\/\" \/>\n<meta property=\"og:site_name\" content=\"Formation des sites R\u00e9gionaux du SNETAP-FSU\" \/>\n<meta property=\"article:published_time\" content=\"2020-04-30T16:12:09+00:00\" \/>\n<meta name=\"author\" content=\"yoctavien\" \/>\n<meta name=\"twitter:card\" content=\"summary_large_image\" \/>\n<meta name=\"twitter:label1\" content=\"\u00c9crit par\" \/>\n\t<meta name=\"twitter:data1\" content=\"yoctavien\" \/>\n\t<meta name=\"twitter:label2\" content=\"Dur\u00e9e de lecture estim\u00e9e\" \/>\n\t<meta name=\"twitter:data2\" content=\"5 minutes\" \/>\n<script type=\"application\/ld+json\" class=\"yoast-schema-graph\">{\"@context\":\"https:\\\/\\\/schema.org\",\"@graph\":[{\"@type\":\"Article\",\"@id\":\"https:\\\/\\\/regions-snetap-fsu.fr\\\/formation\\\/2020\\\/04\\\/30\\\/1er-mai-fete-du-travail\\\/#article\",\"isPartOf\":{\"@id\":\"https:\\\/\\\/regions-snetap-fsu.fr\\\/formation\\\/2020\\\/04\\\/30\\\/1er-mai-fete-du-travail\\\/\"},\"author\":{\"name\":\"yoctavien\",\"@id\":\"https:\\\/\\\/regions-snetap-fsu.fr\\\/formation\\\/#\\\/schema\\\/person\\\/f5dc7b6354e942ca9c5fa8e9ff7e5c93\"},\"headline\":\"1er mai : F\u00eate du travail\",\"datePublished\":\"2020-04-30T16:12:09+00:00\",\"mainEntityOfPage\":{\"@id\":\"https:\\\/\\\/regions-snetap-fsu.fr\\\/formation\\\/2020\\\/04\\\/30\\\/1er-mai-fete-du-travail\\\/\"},\"wordCount\":1038,\"publisher\":{\"@id\":\"https:\\\/\\\/regions-snetap-fsu.fr\\\/formation\\\/#organization\"},\"articleSection\":[\"Communiqu\u00e9s\"],\"inLanguage\":\"fr-FR\"},{\"@type\":\"WebPage\",\"@id\":\"https:\\\/\\\/regions-snetap-fsu.fr\\\/formation\\\/2020\\\/04\\\/30\\\/1er-mai-fete-du-travail\\\/\",\"url\":\"https:\\\/\\\/regions-snetap-fsu.fr\\\/formation\\\/2020\\\/04\\\/30\\\/1er-mai-fete-du-travail\\\/\",\"name\":\"1er mai : F\u00eate du travail - Formation des sites R\u00e9gionaux du SNETAP-FSU\",\"isPartOf\":{\"@id\":\"https:\\\/\\\/regions-snetap-fsu.fr\\\/formation\\\/#website\"},\"datePublished\":\"2020-04-30T16:12:09+00:00\",\"breadcrumb\":{\"@id\":\"https:\\\/\\\/regions-snetap-fsu.fr\\\/formation\\\/2020\\\/04\\\/30\\\/1er-mai-fete-du-travail\\\/#breadcrumb\"},\"inLanguage\":\"fr-FR\",\"potentialAction\":[{\"@type\":\"ReadAction\",\"target\":[\"https:\\\/\\\/regions-snetap-fsu.fr\\\/formation\\\/2020\\\/04\\\/30\\\/1er-mai-fete-du-travail\\\/\"]}]},{\"@type\":\"BreadcrumbList\",\"@id\":\"https:\\\/\\\/regions-snetap-fsu.fr\\\/formation\\\/2020\\\/04\\\/30\\\/1er-mai-fete-du-travail\\\/#breadcrumb\",\"itemListElement\":[{\"@type\":\"ListItem\",\"position\":1,\"name\":\"Accueil\",\"item\":\"https:\\\/\\\/regions-snetap-fsu.fr\\\/formation\\\/\"},{\"@type\":\"ListItem\",\"position\":2,\"name\":\"1er mai : F\u00eate du travail\"}]},{\"@type\":\"WebSite\",\"@id\":\"https:\\\/\\\/regions-snetap-fsu.fr\\\/formation\\\/#website\",\"url\":\"https:\\\/\\\/regions-snetap-fsu.fr\\\/formation\\\/\",\"name\":\"Formation des sites R\u00e9gionaux du SNETAP-FSU\",\"description\":\"\",\"publisher\":{\"@id\":\"https:\\\/\\\/regions-snetap-fsu.fr\\\/formation\\\/#organization\"},\"potentialAction\":[{\"@type\":\"SearchAction\",\"target\":{\"@type\":\"EntryPoint\",\"urlTemplate\":\"https:\\\/\\\/regions-snetap-fsu.fr\\\/formation\\\/?s={search_term_string}\"},\"query-input\":{\"@type\":\"PropertyValueSpecification\",\"valueRequired\":true,\"valueName\":\"search_term_string\"}}],\"inLanguage\":\"fr-FR\"},{\"@type\":\"Organization\",\"@id\":\"https:\\\/\\\/regions-snetap-fsu.fr\\\/formation\\\/#organization\",\"name\":\"Formation des sites R\u00e9gionaux du SNETAP-FSU\",\"url\":\"https:\\\/\\\/regions-snetap-fsu.fr\\\/formation\\\/\",\"logo\":{\"@type\":\"ImageObject\",\"inLanguage\":\"fr-FR\",\"@id\":\"https:\\\/\\\/regions-snetap-fsu.fr\\\/formation\\\/#\\\/schema\\\/logo\\\/image\\\/\",\"url\":\"https:\\\/\\\/regions-snetap-fsu.fr\\\/formation\\\/wp-content\\\/uploads\\\/sites\\\/20\\\/2025\\\/04\\\/cropped-Logo_blanc_fond_transparent_1000x755.png\",\"contentUrl\":\"https:\\\/\\\/regions-snetap-fsu.fr\\\/formation\\\/wp-content\\\/uploads\\\/sites\\\/20\\\/2025\\\/04\\\/cropped-Logo_blanc_fond_transparent_1000x755.png\",\"width\":998,\"height\":689,\"caption\":\"Formation des sites R\u00e9gionaux du SNETAP-FSU\"},\"image\":{\"@id\":\"https:\\\/\\\/regions-snetap-fsu.fr\\\/formation\\\/#\\\/schema\\\/logo\\\/image\\\/\"}},{\"@type\":\"Person\",\"@id\":\"https:\\\/\\\/regions-snetap-fsu.fr\\\/formation\\\/#\\\/schema\\\/person\\\/f5dc7b6354e942ca9c5fa8e9ff7e5c93\",\"name\":\"yoctavien\",\"image\":{\"@type\":\"ImageObject\",\"inLanguage\":\"fr-FR\",\"@id\":\"https:\\\/\\\/secure.gravatar.com\\\/avatar\\\/382642c092b6b9da14641d3c478df2f3da4a2d17eea25691c232d4dbf735c292?s=96&d=mm&r=g\",\"url\":\"https:\\\/\\\/secure.gravatar.com\\\/avatar\\\/382642c092b6b9da14641d3c478df2f3da4a2d17eea25691c232d4dbf735c292?s=96&d=mm&r=g\",\"contentUrl\":\"https:\\\/\\\/secure.gravatar.com\\\/avatar\\\/382642c092b6b9da14641d3c478df2f3da4a2d17eea25691c232d4dbf735c292?s=96&d=mm&r=g\",\"caption\":\"yoctavien\"},\"url\":\"https:\\\/\\\/regions-snetap-fsu.fr\\\/formation\\\/author\\\/yoctavien\\\/\"}]}<\/script>\n<!-- \/ Yoast SEO plugin. -->","yoast_head_json":{"title":"1er mai : F\u00eate du travail - Formation des sites R\u00e9gionaux du SNETAP-FSU","robots":{"index":"index","follow":"follow","max-snippet":"max-snippet:-1","max-image-preview":"max-image-preview:large","max-video-preview":"max-video-preview:-1"},"canonical":"https:\/\/regions-snetap-fsu.fr\/formation\/2020\/04\/30\/1er-mai-fete-du-travail\/","og_locale":"fr_FR","og_type":"article","og_title":"1er mai : F\u00eate du travail - Formation des sites R\u00e9gionaux du SNETAP-FSU","og_description":"1er mai : F\u00eate des travailleur\u00b7ses Aussi une histoire sociale du Nord Le congr\u00e8s international socialiste, r\u00e9uni le 21 juillet 1889 \u00e0 l&rsquo;occasion du lendemain de la R\u00e9volution Fran\u00e7aise, prit la r\u00e9solution de faire du 1er mai une journ\u00e9e internationale de revendications sociales. En France, le 1er mai 1890 ne remporte pas le succ\u00e8s escompt\u00e9 [&hellip;]","og_url":"https:\/\/regions-snetap-fsu.fr\/formation\/2020\/04\/30\/1er-mai-fete-du-travail\/","og_site_name":"Formation des sites R\u00e9gionaux du SNETAP-FSU","article_published_time":"2020-04-30T16:12:09+00:00","author":"yoctavien","twitter_card":"summary_large_image","twitter_misc":{"\u00c9crit par":"yoctavien","Dur\u00e9e de lecture estim\u00e9e":"5 minutes"},"schema":{"@context":"https:\/\/schema.org","@graph":[{"@type":"Article","@id":"https:\/\/regions-snetap-fsu.fr\/formation\/2020\/04\/30\/1er-mai-fete-du-travail\/#article","isPartOf":{"@id":"https:\/\/regions-snetap-fsu.fr\/formation\/2020\/04\/30\/1er-mai-fete-du-travail\/"},"author":{"name":"yoctavien","@id":"https:\/\/regions-snetap-fsu.fr\/formation\/#\/schema\/person\/f5dc7b6354e942ca9c5fa8e9ff7e5c93"},"headline":"1er mai : F\u00eate du travail","datePublished":"2020-04-30T16:12:09+00:00","mainEntityOfPage":{"@id":"https:\/\/regions-snetap-fsu.fr\/formation\/2020\/04\/30\/1er-mai-fete-du-travail\/"},"wordCount":1038,"publisher":{"@id":"https:\/\/regions-snetap-fsu.fr\/formation\/#organization"},"articleSection":["Communiqu\u00e9s"],"inLanguage":"fr-FR"},{"@type":"WebPage","@id":"https:\/\/regions-snetap-fsu.fr\/formation\/2020\/04\/30\/1er-mai-fete-du-travail\/","url":"https:\/\/regions-snetap-fsu.fr\/formation\/2020\/04\/30\/1er-mai-fete-du-travail\/","name":"1er mai : F\u00eate du travail - Formation des sites R\u00e9gionaux du SNETAP-FSU","isPartOf":{"@id":"https:\/\/regions-snetap-fsu.fr\/formation\/#website"},"datePublished":"2020-04-30T16:12:09+00:00","breadcrumb":{"@id":"https:\/\/regions-snetap-fsu.fr\/formation\/2020\/04\/30\/1er-mai-fete-du-travail\/#breadcrumb"},"inLanguage":"fr-FR","potentialAction":[{"@type":"ReadAction","target":["https:\/\/regions-snetap-fsu.fr\/formation\/2020\/04\/30\/1er-mai-fete-du-travail\/"]}]},{"@type":"BreadcrumbList","@id":"https:\/\/regions-snetap-fsu.fr\/formation\/2020\/04\/30\/1er-mai-fete-du-travail\/#breadcrumb","itemListElement":[{"@type":"ListItem","position":1,"name":"Accueil","item":"https:\/\/regions-snetap-fsu.fr\/formation\/"},{"@type":"ListItem","position":2,"name":"1er mai : F\u00eate du travail"}]},{"@type":"WebSite","@id":"https:\/\/regions-snetap-fsu.fr\/formation\/#website","url":"https:\/\/regions-snetap-fsu.fr\/formation\/","name":"Formation des sites R\u00e9gionaux du SNETAP-FSU","description":"","publisher":{"@id":"https:\/\/regions-snetap-fsu.fr\/formation\/#organization"},"potentialAction":[{"@type":"SearchAction","target":{"@type":"EntryPoint","urlTemplate":"https:\/\/regions-snetap-fsu.fr\/formation\/?s={search_term_string}"},"query-input":{"@type":"PropertyValueSpecification","valueRequired":true,"valueName":"search_term_string"}}],"inLanguage":"fr-FR"},{"@type":"Organization","@id":"https:\/\/regions-snetap-fsu.fr\/formation\/#organization","name":"Formation des sites R\u00e9gionaux du SNETAP-FSU","url":"https:\/\/regions-snetap-fsu.fr\/formation\/","logo":{"@type":"ImageObject","inLanguage":"fr-FR","@id":"https:\/\/regions-snetap-fsu.fr\/formation\/#\/schema\/logo\/image\/","url":"https:\/\/regions-snetap-fsu.fr\/formation\/wp-content\/uploads\/sites\/20\/2025\/04\/cropped-Logo_blanc_fond_transparent_1000x755.png","contentUrl":"https:\/\/regions-snetap-fsu.fr\/formation\/wp-content\/uploads\/sites\/20\/2025\/04\/cropped-Logo_blanc_fond_transparent_1000x755.png","width":998,"height":689,"caption":"Formation des sites R\u00e9gionaux du SNETAP-FSU"},"image":{"@id":"https:\/\/regions-snetap-fsu.fr\/formation\/#\/schema\/logo\/image\/"}},{"@type":"Person","@id":"https:\/\/regions-snetap-fsu.fr\/formation\/#\/schema\/person\/f5dc7b6354e942ca9c5fa8e9ff7e5c93","name":"yoctavien","image":{"@type":"ImageObject","inLanguage":"fr-FR","@id":"https:\/\/secure.gravatar.com\/avatar\/382642c092b6b9da14641d3c478df2f3da4a2d17eea25691c232d4dbf735c292?s=96&d=mm&r=g","url":"https:\/\/secure.gravatar.com\/avatar\/382642c092b6b9da14641d3c478df2f3da4a2d17eea25691c232d4dbf735c292?s=96&d=mm&r=g","contentUrl":"https:\/\/secure.gravatar.com\/avatar\/382642c092b6b9da14641d3c478df2f3da4a2d17eea25691c232d4dbf735c292?s=96&d=mm&r=g","caption":"yoctavien"},"url":"https:\/\/regions-snetap-fsu.fr\/formation\/author\/yoctavien\/"}]}},"_links":{"self":[{"href":"https:\/\/regions-snetap-fsu.fr\/formation\/wp-json\/wp\/v2\/posts\/5080","targetHints":{"allow":["GET"]}}],"collection":[{"href":"https:\/\/regions-snetap-fsu.fr\/formation\/wp-json\/wp\/v2\/posts"}],"about":[{"href":"https:\/\/regions-snetap-fsu.fr\/formation\/wp-json\/wp\/v2\/types\/post"}],"author":[{"embeddable":true,"href":"https:\/\/regions-snetap-fsu.fr\/formation\/wp-json\/wp\/v2\/users\/138"}],"replies":[{"embeddable":true,"href":"https:\/\/regions-snetap-fsu.fr\/formation\/wp-json\/wp\/v2\/comments?post=5080"}],"version-history":[{"count":0,"href":"https:\/\/regions-snetap-fsu.fr\/formation\/wp-json\/wp\/v2\/posts\/5080\/revisions"}],"wp:attachment":[{"href":"https:\/\/regions-snetap-fsu.fr\/formation\/wp-json\/wp\/v2\/media?parent=5080"}],"wp:term":[{"taxonomy":"category","embeddable":true,"href":"https:\/\/regions-snetap-fsu.fr\/formation\/wp-json\/wp\/v2\/categories?post=5080"},{"taxonomy":"post_tag","embeddable":true,"href":"https:\/\/regions-snetap-fsu.fr\/formation\/wp-json\/wp\/v2\/tags?post=5080"},{"taxonomy":"post_folder","embeddable":true,"href":"https:\/\/regions-snetap-fsu.fr\/formation\/wp-json\/wp\/v2\/post_folder?post=5080"}],"curies":[{"name":"wp","href":"https:\/\/api.w.org\/{rel}","templated":true}]}}