{"id":4995,"date":"2020-04-11T16:04:41","date_gmt":"2020-04-11T14:04:41","guid":{"rendered":"https:\/\/regions-snetap-fsu.fr\/hdf\/?p=4995"},"modified":"2020-04-11T16:04:41","modified_gmt":"2020-04-11T14:04:41","slug":"coronavirus-violences-stress-sous-confinement","status":"publish","type":"post","link":"https:\/\/regions-snetap-fsu.fr\/formation\/2020\/04\/11\/coronavirus-violences-stress-sous-confinement\/","title":{"rendered":"Coronavirus : Violences, stress sous confinement"},"content":{"rendered":"<h2 style=\"text-align: center\"><span style=\"font-family: tahoma, arial, helvetica, sans-serif;color: #ff0000\">Coronavirus : Violences, stress<\/span><\/h2>\n<h2 style=\"text-align: center\"><span style=\"font-family: tahoma, arial, helvetica, sans-serif;color: #ff0000\">sous confinement<\/span><\/h2>\n<blockquote>\n<p style=\"text-align: justify\"><span style=\"font-family: tahoma, arial, helvetica, sans-serif;color: #0000ff;font-size: 12pt\">Depuis la mise en place du confinement le 16 mars en raison de l&rsquo;\u00e9pid\u00e9mie de coronavirus, le nombre d&rsquo;actes violents \u00e0 l&rsquo;\u00e9gard des femmes mais aussi des enfants est en augmentation. Les hommes aussi ne sont pas \u00e9pargn\u00e9s. <\/span><\/p>\n<p style=\"text-align: justify\"><span style=\"font-family: tahoma, arial, helvetica, sans-serif;font-size: 12pt;color: #0000ff\">Ces violences intrafamiliales touchent toutes les cat\u00e9gories socioprofessionnelles de notre soci\u00e9t\u00e9.<\/span><\/p>\n<p style=\"text-align: justify\"><span style=\"font-family: tahoma, arial, helvetica, sans-serif;color: #0000ff;font-size: 12pt\">C&rsquo;est pourquoi, avec nos comp\u00e9tences limit\u00e9es, nous publions quelques recommandations pour les victimes ou t\u00e9moins (valable aussi pour les victimes de voisins violents)&#8230;<\/span><\/p>\n<\/blockquote>\n<p><!--more--><\/p>\n<h3 style=\"text-align: center\"><span style=\"font-family: tahoma, arial, helvetica, sans-serif;color: #008000\">Sommaire<\/span><\/h3>\n<p><span style=\"font-family: tahoma, arial, helvetica, sans-serif;font-size: 12pt;color: #008000\">Introduction<\/span><\/p>\n<p><span style=\"font-family: tahoma, arial, helvetica, sans-serif;font-size: 12pt;color: #008000\">Discret et en urgence<\/span><\/p>\n<p><span style=\"font-family: tahoma, arial, helvetica, sans-serif;font-size: 12pt;color: #008000\">Les num\u00e9ros, messageries<\/span><\/p>\n<p class=\"h3_style\"><span style=\"font-family: tahoma, arial, helvetica, sans-serif;font-size: 12pt;color: #008000\">Comment effacer les traces de votre passage<\/span><\/p>\n<p><span style=\"font-family: tahoma, arial, helvetica, sans-serif;font-size: 12pt;color: #008000\">Stress<\/span><\/p>\n<h3 style=\"text-align: center\"><span style=\"font-family: tahoma, arial, helvetica, sans-serif;color: #008000\">Introduction<\/span><\/h3>\n<p style=\"text-align: justify\"><span style=\"font-family: tahoma, arial, helvetica, sans-serif;color: #0000ff;font-size: 12pt\">Les violences conjugales sont un comportement de totale emprise exerc\u00e9e par un individu sur sa\u00b7son partenaire ou ex-partenaire. Une tyrannie infernale qui peut s&rsquo;exprimer de diff\u00e9rentes fa\u00e7ons : psychologique, verbale, \u00e9conomique ou sexuelle. Ces actes aboutissent g\u00e9n\u00e9ralement rapidement \u00e0 la violence physique. C&rsquo;est souvent cette brutalit\u00e9 que la majorit\u00e9 des gens retient, car elle en est la forme la plus visible.<\/span><\/p>\n<p style=\"text-align: justify\"><span style=\"font-family: tahoma, arial, helvetica, sans-serif;font-size: 12pt;color: #0000ff\">Le confinement rend difficile de sortir de cette emprise infernale, mais des \u00e9chappatoires peuvent se r\u00e9aliser.<\/span><\/p>\n<p style=\"text-align: justify\"><span style=\"font-family: tahoma, arial, helvetica, sans-serif;font-size: 12pt;color: #0000ff\">Si vous \u00eates victime de violence conjugale, vous devez<b> commencer par prendre pleinement conscience de la situation.<\/b><\/span><\/p>\n<ul>\n<li style=\"text-align: justify\"><span style=\"font-family: tahoma, arial, helvetica, sans-serif;color: #0000ff;font-size: 12pt\">Prendre conscience que <b>vous n\u2019\u00eates pas responsable <\/b>des actes violents de votre partenaire (ou ex-partenaire).<\/span><\/li>\n<\/ul>\n<ul style=\"text-align: justify\">\n<li><span style=\"font-family: tahoma, arial, helvetica, sans-serif;color: #0000ff;font-size: 12pt\">Prendre conscience que <b>votre vie, votre sant\u00e9 et votre bonheur <\/b>(ainsi que ceux de vos enfants)<b> sont en danger.<\/b><\/span><\/li>\n<\/ul>\n<ul style=\"text-align: justify\">\n<li><span style=\"font-family: tahoma, arial, helvetica, sans-serif;color: #0000ff;font-size: 12pt\">Prendre conscience que <b>vous \u00eates manipul\u00e9\u00b7e et probablement sous l\u2019emprise <\/b>de la personne violente.<\/span><\/li>\n<\/ul>\n<ul>\n<li style=\"text-align: justify\"><span style=\"font-family: tahoma, arial, helvetica, sans-serif;color: #0000ff;font-size: 12pt\">Prendre conscience que<b> vous avez des droits<\/b> dont le premier est celui, en cette p\u00e9riode de confinement, de sortir !<\/span><\/li>\n<\/ul>\n<h3 style=\"text-align: center\"><span style=\"font-family: tahoma, arial, helvetica, sans-serif;color: #008000\">Discret et en urgence<\/span><\/h3>\n<p style=\"text-align: justify\"><span style=\"font-family: tahoma, arial, helvetica, sans-serif;color: #0000ff;font-size: 12pt\">Si vous ne pouvez pas le faire discr\u00e8tement chez vous, prenez le pr\u00e9texte de devoir chercher en pharmacie un m\u00e9dicament pour votre enfant ou pour vous et une fois sur place, alertez votre pharmacien\u00b7ne en demandant<span class=\"css-901oao css-16my406 r-1qd0xha r-ad9z0x r-bcqeeo r-qvutc0\"> \u201cun masque 19\u201d<\/span>. Pour cette p\u00e9riode de confinement, un r\u00e9seau \u00e0 \u00e9t\u00e9 cr\u00e9\u00e9 par le biais des pharmacies. <\/span><\/p>\n<p style=\"text-align: justify\"><span style=\"font-family: tahoma, arial, helvetica, sans-serif;color: #0000ff;font-size: 12pt\">Mais <strong>en cas de danger<\/strong>, mieux vaut sortir de chez vous, <span style=\"text-decoration: underline\">m\u00eame sans attestation,<\/span> pour obtenir de l&rsquo;aide.<\/span><\/p>\n<h3 style=\"text-align: center\"><span style=\"font-family: tahoma, arial, helvetica, sans-serif;color: #008000\">Les num\u00e9ros, messageries<br \/>\n<\/span><\/h3>\n<p><span style=\"font-family: tahoma, arial, helvetica, sans-serif;font-size: 12pt\"><strong><span style=\"color: #0000ff\"><span style=\"text-decoration: underline\">En cas d&rsquo;urgence<\/span> :<\/span><\/strong><\/span><\/p>\n<ul>\n<li><span style=\"font-family: tahoma, arial, helvetica, sans-serif;color: #0000ff;font-size: 12pt\">Le <strong>17<\/strong> : pour appeler en urgence la police ou la gendarmerie en France.<\/span><\/li>\n<li style=\"text-align: justify\"><span style=\"color: #0000ff;font-family: tahoma, arial, helvetica, sans-serif;font-size: 12pt\">Le <strong>114<\/strong> : Par SMS, si vous ne pouvez pas parler ou que vous \u00eates sourd\u00b7e ou malentendant\u00b7e, vous communiquerez, gratuitement 24h\/24, 7 jours\/7, par \u00e9crit avec votre correspondant.<\/span><\/li>\n<li style=\"text-align: justify\"><span style=\"font-family: tahoma, arial, helvetica, sans-serif;font-size: 12pt;color: #0000ff\">Le <strong>112<\/strong> : pour appeler en urgence la police ou la gendarmerie dans un des pays de l&rsquo;Union europ\u00e9enne.<\/span><\/li>\n<\/ul>\n<p style=\"text-align: justify\"><span style=\"font-family: tahoma, arial, helvetica, sans-serif;color: #0000ff;font-size: 12pt\">Ces num\u00e9ros ne doivent \u00eatre utilis\u00e9s qu&rsquo;en cas d&rsquo;urgence, lorsqu&rsquo;une intervention rapide est n\u00e9cessaire. Vous ne devez pas les utiliser pour signaler un d\u00e9lit qui s&rsquo;est d\u00e9roul\u00e9 plusieurs jours auparavant par exemple.<\/span><\/p>\n<p style=\"text-align: justify\"><span style=\"font-family: tahoma, arial, helvetica, sans-serif;color: #0000ff;font-size: 12pt\">Ces trois num\u00e9ros d\u2019urgence sont gratuits et peuvent \u00eatre compos\u00e9s \u00e0 partir d\u2019un t\u00e9l\u00e9phone fixe ou portable, m\u00eame bloqu\u00e9 ou sans cr\u00e9dit.<\/span><\/p>\n<p style=\"text-align: justify\"><strong><span style=\"text-decoration: underline;font-family: tahoma, arial, helvetica, sans-serif;font-size: 12pt\"><span style=\"color: #0000ff;text-decoration: underline\">Les autres num\u00e9ros pour des soins suites \u00e0 ces actes de violence :<\/span><\/span><\/strong><\/p>\n<ul>\n<li style=\"text-align: justify\"><span style=\"font-family: tahoma, arial, helvetica, sans-serif;font-size: 12pt;color: #0000ff\">Le <strong>15<\/strong> : SAMU,\u00a0 pour les situations d&rsquo;urgences m\u00e9dicales. Appel gratuit depuis un poste fixe et un mobile en France m\u00e9tropolitaine et Outre-mer. Fonctionne 24h\/24 et 7j\/7.<\/span><\/li>\n<li style=\"text-align: justify\"><span style=\"font-family: tahoma, arial, helvetica, sans-serif;color: #0000ff;font-size: 12pt\">Le <strong>18<\/strong> : Pompier. Depuis un t\u00e9l\u00e9phone portable, composez le 112. <\/span><\/li>\n<\/ul>\n<p style=\"text-align: justify\"><span style=\"font-family: tahoma, arial, helvetica, sans-serif;color: #0000ff;font-size: 12pt\">Ces deux num\u00e9ros d\u2019urgence sont gratuits et peuvent \u00eatre compos\u00e9s \u00e0 partir d\u2019un t\u00e9l\u00e9phone fixe ou portable, m\u00eame bloqu\u00e9 ou sans cr\u00e9dit.<\/span><\/p>\n<p style=\"text-align: justify\"><strong><span style=\"text-decoration: underline;font-family: tahoma, arial, helvetica, sans-serif;font-size: 12pt\"><span style=\"color: #0000ff;text-decoration: underline\">Pour les situations non urgentes :<\/span><\/span><\/strong><\/p>\n<ul>\n<li style=\"text-align: justify\"><span style=\"font-family: tahoma, arial, helvetica, sans-serif;color: #0000ff;font-size: 12pt\">Le <strong>3919<\/strong> : Ne traite pas les situations d&rsquo;urgence (ce n&rsquo;est pas un service de police ou de gendarmerie). Gratuit et anonyme, ce num\u00e9ro de t\u00e9l\u00e9phone est, en raison des circonstances exceptionnelles dues \u00e0 l&rsquo;\u00e9pid\u00e9mie du coronavirus et jusqu&rsquo;\u00e0 nouvel ordre, accessible de 9h \u00e0 19h du lundi au samedi. Le\u00a03919 <span class=\"expression\"><em>Violence Femmes Info<\/em><\/span> constitue le num\u00e9ro national de r\u00e9f\u00e9rence pour les femmes victimes de violences (conjugales, sexuelles, psychologiques, mariages forc\u00e9s, mutilations sexuelles, harc\u00e8lement&#8230;). Il propose une \u00e9coute, il informe et il oriente vers des dispositifs d&rsquo;accompagnement et de prise en charge. Ce num\u00e9ro garantit l&rsquo;anonymat des personnes appelantes mais n&rsquo;est pas un num\u00e9ro d&rsquo;urgence comme le\u00a017 par exemple qui permet pour sa part, en cas de danger imm\u00e9diat, de t\u00e9l\u00e9phoner \u00e0 la police ou la gendarmerie.<\/span><\/li>\n<li style=\"text-align: justify\"><span style=\"font-family: tahoma, arial, helvetica, sans-serif;font-size: 12pt;color: #0000ff\">Le <strong>119<\/strong> : <span class=\"address-name\">Enfance en danger<\/span>. Appel gratuit 24h\/24 et 7jours\/7. Informations, par une \u00e9quipe de professionnels et d&rsquo;administratifs, aux mineurs, aux familles et \u00e0 toute personne confront\u00e9e \u00e0 un risque de mise en danger d&rsquo;enfant imminent ou non ou \u00e0 une mise en danger av\u00e9r\u00e9e.<\/span><\/li>\n<\/ul>\n<p><span style=\"text-decoration: underline;color: #0000ff\"><span style=\"font-family: tahoma, arial, helvetica, sans-serif;font-size: 12pt\"><strong>Alerte par messagerie instantan\u00e9e :<\/strong><\/span><\/span><\/p>\n<ul>\n<li style=\"text-align: justify\"><span style=\"font-family: tahoma, arial, helvetica, sans-serif;font-size: 12pt;color: #0000ff\"><strong>Adulte<\/strong> : Un service de messagerie instantan\u00e9e (chat) vous permet de dialoguer avec un personnel de police ou de gendarmerie. \u00c0 tout moment, l&rsquo;historique de discussion pourra \u00eatre effac\u00e9 de votre ordinateur, t\u00e9l\u00e9phone portable ou tablette.<\/span><\/li>\n<\/ul>\n<p><span style=\"font-family: tahoma, arial, helvetica, sans-serif;font-size: 12pt;color: #0000ff\"><a style=\"color: #0000ff\" href=\"https:\/\/www.service-public.fr\/cmi\" target=\"_blank\" rel=\"noopener noreferrer\"><span style=\"text-decoration: underline\"><span style=\"color: #000000;text-decoration: underline\">Lien : Signalement en ligne de violences sexuelles et sexistes<\/span><\/span><\/a><\/span><\/p>\n<ul>\n<li style=\"text-align: justify\"><span style=\"font-family: tahoma, arial, helvetica, sans-serif;color: #0000ff;font-size: 12pt\"><strong>Enfants<\/strong> : Un acc\u00e8s au formulaire en ligne permet de poser par courriel une question d&rsquo;ordre g\u00e9n\u00e9ral aux services du 119. <strong>Attention<\/strong> : ce formulaire ne permet pas de signaler un cas d&rsquo;enfant en danger, mais de demander des informations et de renseigner, notamment les enfants. Pour signaler un cas de maltraitance, il convient de composer le 119. Vous pouvez \u00e9galement contacter les services du d\u00e9partement : aide sociale \u00e0 l&rsquo;enfance (ASE) ou cellule de recueil des informations pr\u00e9occupantes (Crip).<\/span><\/li>\n<\/ul>\n<p><a href=\"https:\/\/www.allo119.gouv.fr\/vos-questions\" target=\"_blank\" rel=\"noopener noreferrer\"><span style=\"text-decoration: underline;color: #000000\"><span style=\"font-family: tahoma, arial, helvetica, sans-serif;font-size: 12pt\">Lien : Formulaire en ligne du 119<\/span><\/span><\/a><\/p>\n<h3 class=\"h3_style\" style=\"text-align: center\"><span style=\"font-family: tahoma, arial, helvetica, sans-serif;color: #008000\">Comment effacer les traces<\/span><\/h3>\n<h3 class=\"h3_style\" style=\"text-align: center\"><span style=\"font-family: tahoma, arial, helvetica, sans-serif;color: #008000\">de votre passage<\/span><\/h3>\n<p style=\"text-align: justify\"><span style=\"font-family: tahoma, arial, helvetica, sans-serif;color: #0000ff;font-size: 12pt\">Les navigateurs Web gardent en m\u00e9moire les sites visit\u00e9s et les recherches effectu\u00e9es. Si vous craignez que quelqu\u2019un d\u00e9couvre que vous avez visit\u00e9 ce site, il est possible d\u2019effacer ces traces.<\/span><\/p>\n<p><strong><span style=\"text-decoration: underline;font-family: tahoma, arial, helvetica, sans-serif;font-size: 12pt\"><span style=\"color: #0000ff;text-decoration: underline\">Effacer l&rsquo;historique<\/span><\/span><\/strong><\/p>\n<p style=\"text-align: justify\"><span style=\"font-family: tahoma, arial, helvetica, sans-serif;color: #0000ff;font-size: 12pt\">Pour effacer toute trace des sites que vous avez visit\u00e9s, choisissez une des marches \u00e0 suivre pr\u00e9sent\u00e9es ci-dessous selon le navigateur dont vous disposez.<\/span><\/p>\n<dl class=\"spip_document_7 spip_documents spip_documents_left\">\n<dt><span style=\"font-family: tahoma, arial, helvetica, sans-serif;font-size: 12pt\"><img decoding=\"async\" src=\"https:\/\/www.stop-violences-femmes.gouv.fr\/IMG\/jpg\/Icone_IE.jpg\" alt=\"\" width=\"27\" height=\"25\" \/><\/span><\/dt>\n<\/dl>\n<h4 style=\"text-align: justify\"><span style=\"font-family: tahoma, arial, helvetica, sans-serif;color: #0000ff;font-size: 12pt\">Microsoft Internet Explorer<\/span><\/h4>\n<ul class=\"spip\">\n<li style=\"text-align: justify\"><span style=\"font-family: tahoma, arial, helvetica, sans-serif;color: #0000ff;font-size: 12pt\">Ouvrez le menu \u00ab\u00a0Outils\u00a0\u00bb en haut \u00e0 droite<\/span><\/li>\n<li style=\"text-align: justify\"><span style=\"font-family: tahoma, arial, helvetica, sans-serif;color: #0000ff;font-size: 12pt\">Choisissez \u00ab\u00a0S\u00e9curit\u00e9\u00a0\u00bb<\/span><\/li>\n<li style=\"text-align: justify\"><span style=\"font-family: tahoma, arial, helvetica, sans-serif;color: #0000ff;font-size: 12pt\">Cliquez sur \u00ab\u00a0Supprimer l\u2019historique de navigation\u00a0\u00bb<\/span><\/li>\n<li style=\"text-align: justify\"><span style=\"font-family: tahoma, arial, helvetica, sans-serif;color: #0000ff;font-size: 12pt\">Cochez \u00ab\u00a0Historique\u00a0\u00bb et \u00ab\u00a0Cookies et donn\u00e9es de sites web\u00a0\u00bb<\/span><\/li>\n<li style=\"text-align: justify\"><span style=\"font-family: tahoma, arial, helvetica, sans-serif;color: #0000ff;font-size: 12pt\">Cliquez sur \u00ab\u00a0Supprimer\u00a0\u00bb<\/span><\/li>\n<li style=\"text-align: justify\"><span style=\"font-family: tahoma, arial, helvetica, sans-serif;color: #0000ff;font-size: 12pt\">Fermer la bo\u00eete de dialogue<\/span><br class=\"autobr\" \/><span style=\"font-family: tahoma, arial, helvetica, sans-serif;color: #0000ff;font-size: 12pt\">Vous pouvez \u00e9galement utiliser le clavier en combinant les touches Ctrl + Maj + Suppr pour ouvrir la bo\u00eete de dialogue \u00ab\u00a0Supprimer l\u2019historique de navigation\u00a0\u00bb<\/span><\/li>\n<\/ul>\n<dl class=\"spip_document_8 spip_documents spip_documents_left\">\n<dt><span style=\"font-family: tahoma, arial, helvetica, sans-serif;font-size: 12pt\"><img decoding=\"async\" src=\"https:\/\/www.stop-violences-femmes.gouv.fr\/IMG\/jpg\/Icone_Firefox.jpg\" alt=\"\" width=\"27\" height=\"25\" \/><\/span><\/dt>\n<\/dl>\n<h4 style=\"text-align: justify\"><span style=\"font-family: tahoma, arial, helvetica, sans-serif;color: #0000ff;font-size: 12pt\">Mozilla Firefox<\/span><\/h4>\n<ul class=\"spip\">\n<li style=\"text-align: justify\"><span style=\"font-family: tahoma, arial, helvetica, sans-serif;color: #0000ff;font-size: 12pt\">Ouvrez le menu \u00ab\u00a0Outils\u00a0\u00bb en haut \u00e0 droite<\/span><\/li>\n<li style=\"text-align: justify\"><span style=\"font-family: tahoma, arial, helvetica, sans-serif;color: #0000ff;font-size: 12pt\">Choisissez \u00ab\u00a0Options\u00a0\u00bb &gt; \u00ab\u00a0Vie priv\u00e9e\u00a0\u00bb&gt; \u00ab\u00a0Historique\u00a0\u00bb<\/span><\/li>\n<li style=\"text-align: justify\"><span style=\"font-family: tahoma, arial, helvetica, sans-serif;color: #0000ff;font-size: 12pt\">Cliquez sur \u00ab\u00a0Effacer votre historique r\u00e9cent\u00a0\u00bb<\/span><\/li>\n<li style=\"text-align: justify\"><span style=\"font-family: tahoma, arial, helvetica, sans-serif;color: #0000ff;font-size: 12pt\">Cochez \u00ab\u00a0Historique de navigation et des t\u00e9l\u00e9chargements\u00a0\u00bb et \u00ab\u00a0Cookies\u00a0\u00bb<\/span><\/li>\n<li style=\"text-align: justify\"><span style=\"font-family: tahoma, arial, helvetica, sans-serif;color: #0000ff;font-size: 12pt\">Choisissez la p\u00e9riode \u00e0 supprimer<\/span><\/li>\n<li style=\"text-align: justify\"><span style=\"font-family: tahoma, arial, helvetica, sans-serif;color: #0000ff;font-size: 12pt\">Cliquez sur \u00ab\u00a0Effacer maintenant\u00a0\u00bb<\/span><\/li>\n<li style=\"text-align: justify\"><span style=\"font-family: tahoma, arial, helvetica, sans-serif;color: #0000ff;font-size: 12pt\">Fermez la bo\u00eete de dialogue<\/span><br class=\"autobr\" \/><span style=\"font-family: tahoma, arial, helvetica, sans-serif;color: #0000ff;font-size: 12pt\">Vous pouvez \u00e9galement utiliser le clavier en combinant les touches Ctrl + Maj + Suppr pour ouvrir la bo\u00eete de dialogue \u00ab\u00a0Effacer votre historique r\u00e9cent\u00a0\u00bb<\/span><\/li>\n<\/ul>\n<dl class=\"spip_document_9 spip_documents spip_documents_left\">\n<dt><span style=\"font-family: tahoma, arial, helvetica, sans-serif;font-size: 12pt\"><img decoding=\"async\" src=\"https:\/\/www.stop-violences-femmes.gouv.fr\/IMG\/jpg\/Icone_Safari.jpg\" alt=\"\" width=\"27\" height=\"25\" \/><\/span><\/dt>\n<\/dl>\n<h4 style=\"text-align: justify\"><span style=\"font-family: tahoma, arial, helvetica, sans-serif;color: #0000ff;font-size: 12pt\">Safari<\/span><\/h4>\n<ul class=\"spip\">\n<li style=\"text-align: justify\"><span style=\"font-family: tahoma, arial, helvetica, sans-serif;color: #0000ff;font-size: 12pt\">Cliquez sur le menu \u00ab\u00a0Safari\u00a0\u00bb en haut \u00e0 gauche<\/span><\/li>\n<li style=\"text-align: justify\"><span style=\"font-family: tahoma, arial, helvetica, sans-serif;color: #0000ff;font-size: 12pt\">Cliquez sur \u00ab\u00a0Effacer l\u2019historique\u00a0\u00bb<\/span><\/li>\n<li style=\"text-align: justify\"><span style=\"font-family: tahoma, arial, helvetica, sans-serif;color: #0000ff;font-size: 12pt\">Choisissez la p\u00e9riode \u00e0 supprimer<\/span><\/li>\n<li style=\"text-align: justify\"><span style=\"font-family: tahoma, arial, helvetica, sans-serif;color: #0000ff;font-size: 12pt\">Cliquez sur \u00ab\u00a0Effacer l\u2019historique\u00a0\u00bb<\/span><\/li>\n<\/ul>\n<dl class=\"spip_document_504 spip_documents spip_documents_left\">\n<dt><span style=\"font-family: tahoma, arial, helvetica, sans-serif;font-size: 12pt\"><img loading=\"lazy\" decoding=\"async\" src=\"https:\/\/www.stop-violences-femmes.gouv.fr\/IMG\/jpg\/icone_chrome.jpg\" alt=\"\" width=\"25\" height=\"25\" \/><\/span><\/dt>\n<\/dl>\n<h4 style=\"text-align: justify\"><span style=\"font-family: tahoma, arial, helvetica, sans-serif;color: #0000ff;font-size: 12pt\">Chrome<\/span><\/h4>\n<ul class=\"spip\">\n<li style=\"text-align: justify\"><span style=\"font-family: tahoma, arial, helvetica, sans-serif;color: #0000ff;font-size: 12pt\">Ouvrez le menu \u00ab\u00a0Outils\u00a0\u00bb en haut \u00e0 droite<\/span><\/li>\n<li style=\"text-align: justify\"><span style=\"font-family: tahoma, arial, helvetica, sans-serif;color: #0000ff;font-size: 12pt\">Choisissez \u00ab\u00a0Historique\u00a0\u00bb<\/span><\/li>\n<li style=\"text-align: justify\"><span style=\"font-family: tahoma, arial, helvetica, sans-serif;color: #0000ff;font-size: 12pt\">Cliquez sur \u00ab\u00a0Historique\u00a0\u00bb<\/span><\/li>\n<li style=\"text-align: justify\"><span style=\"font-family: tahoma, arial, helvetica, sans-serif;color: #0000ff;font-size: 12pt\">Cliquez sur \u00ab\u00a0Effacer les donn\u00e9es de navigation\u00a0\u00bb<\/span><\/li>\n<li style=\"text-align: justify\"><span style=\"font-family: tahoma, arial, helvetica, sans-serif;color: #0000ff;font-size: 12pt\">Dans l\u2019onglet \u00ab\u00a0G\u00e9n\u00e9ral\u00a0\u00bb, cochez \u00ab\u00a0Historique de navigation\u00a0\u00bb et \u00ab\u00a0Cookies et autres donn\u00e9es de site\u00a0\u00bb<\/span><\/li>\n<li style=\"text-align: justify\"><span style=\"font-family: tahoma, arial, helvetica, sans-serif;color: #0000ff;font-size: 12pt\">Cliquez sur \u00ab\u00a0Effacer les donn\u00e9es\u00a0\u00bb<\/span><br class=\"autobr\" \/><span style=\"font-family: tahoma, arial, helvetica, sans-serif;color: #0000ff;font-size: 12pt\">Vous pouvez \u00e9galement utiliser le clavier en combinant les touches Ctrl + Maj + Suppr pour ouvrir la bo\u00eete de dialogue \u00ab\u00a0Effacer les donn\u00e9es de navigation\u00a0\u00bb<\/span><\/li>\n<\/ul>\n<p style=\"text-align: justify\"><strong><span style=\"text-decoration: underline;font-family: tahoma, arial, helvetica, sans-serif;font-size: 12pt\"><span style=\"color: #0000ff;text-decoration: underline\">Annuler la saisie semi-automatique<\/span><\/span><\/strong><\/p>\n<p style=\"text-align: justify\"><span style=\"font-family: tahoma, arial, helvetica, sans-serif;color: #0000ff;font-size: 12pt\">Pour effacer toute trace des mots introduits dans les moteurs de recherche, choisissez une des marches \u00e0 suivre pr\u00e9sent\u00e9es ci-dessous selon le navigateur dont vous disposez.<\/span><\/p>\n<dl class=\"spip_document_7 spip_documents spip_documents_left\">\n<dt><span style=\"font-family: tahoma, arial, helvetica, sans-serif;font-size: 12pt\"><img decoding=\"async\" src=\"https:\/\/www.stop-violences-femmes.gouv.fr\/IMG\/jpg\/Icone_IE.jpg\" alt=\"\" width=\"27\" height=\"25\" \/><\/span><\/dt>\n<\/dl>\n<h4 style=\"text-align: justify\"><span style=\"font-family: tahoma, arial, helvetica, sans-serif;color: #0000ff;font-size: 12pt\">Microsoft Internet Explorer<\/span><\/h4>\n<ul class=\"spip\">\n<li style=\"text-align: justify\"><span style=\"font-family: tahoma, arial, helvetica, sans-serif;color: #0000ff;font-size: 12pt\">Ouvrez le menu \u00ab\u00a0Outils\u00a0\u00bb en haut \u00e0 droite<\/span><\/li>\n<li style=\"text-align: justify\"><span style=\"font-family: tahoma, arial, helvetica, sans-serif;color: #0000ff;font-size: 12pt\">Choisissez \u00ab\u00a0Options Internet\u00a0\u00bb, puis l\u2019onglet \u00ab\u00a0Contenu\u00a0\u00bb<\/span><\/li>\n<li style=\"text-align: justify\"><span style=\"font-family: tahoma, arial, helvetica, sans-serif;color: #0000ff;font-size: 12pt\">Dans la zone \u00ab\u00a0Saisie semi-automatique\u00a0\u00bb, cliquez sur \u00ab\u00a0Param\u00e8tres\u00a0\u00bb<\/span><\/li>\n<li style=\"text-align: justify\"><span style=\"font-family: tahoma, arial, helvetica, sans-serif;color: #0000ff;font-size: 12pt\">Cliquez sur \u00ab\u00a0Supprimer l\u2019historique de saisie semi-automatique\u00a0\u00bb<\/span><\/li>\n<li style=\"text-align: justify\"><span style=\"font-family: tahoma, arial, helvetica, sans-serif;color: #0000ff;font-size: 12pt\">Cochez \u00ab\u00a0Donn\u00e9es de formulaires\u00a0\u00bb et cliquez sur \u00ab\u00a0Supprimer\u00a0\u00bb<\/span><br class=\"autobr\" \/><span style=\"font-family: tahoma, arial, helvetica, sans-serif;color: #0000ff;font-size: 12pt\">Vous pouvez \u00e9galement d\u00e9cocher la case \u00ab\u00a0Formulaires\u00a0\u00bb de la bo\u00eete de dialogue \u00ab\u00a0Param\u00e8tres de la saisie automatique\u00a0\u00bb afin d\u2019\u00e9viter le stockage de ces informations \u00e0 l\u2019avenir.<\/span><\/li>\n<li style=\"text-align: justify\"><span style=\"font-family: tahoma, arial, helvetica, sans-serif;color: #0000ff;font-size: 12pt\">Cliquez sur \u00ab\u00a0OK\u00a0\u00bb pour fermer la bo\u00eete de dialogue<\/span><\/li>\n<\/ul>\n<dl class=\"spip_document_8 spip_documents spip_documents_left\">\n<dt><span style=\"font-family: tahoma, arial, helvetica, sans-serif;font-size: 12pt\"><img decoding=\"async\" src=\"https:\/\/www.stop-violences-femmes.gouv.fr\/IMG\/jpg\/Icone_Firefox.jpg\" alt=\"\" width=\"27\" height=\"25\" \/><\/span><\/dt>\n<\/dl>\n<h4 style=\"text-align: justify\"><span style=\"font-family: tahoma, arial, helvetica, sans-serif;color: #0000ff;font-size: 12pt\">Mozilla Firefox<\/span><\/h4>\n<ul class=\"spip\">\n<li style=\"text-align: justify\"><span style=\"font-family: tahoma, arial, helvetica, sans-serif;color: #0000ff;font-size: 12pt\">Ouvrez le menu \u00ab\u00a0Outils\u00a0\u00bb en haut \u00e0 droite<\/span><\/li>\n<li style=\"text-align: justify\"><span style=\"font-family: tahoma, arial, helvetica, sans-serif;color: #0000ff;font-size: 12pt\">Choisissez \u00ab\u00a0Options\u00a0\u00bb &gt; \u00ab\u00a0Vie priv\u00e9e\u00a0\u00bb&gt; \u00ab\u00a0Historique\u00a0\u00bb<\/span><\/li>\n<li style=\"text-align: justify\"><span style=\"font-family: tahoma, arial, helvetica, sans-serif;color: #0000ff;font-size: 12pt\">Cliquez sur \u00ab\u00a0Effacer votre historique r\u00e9cent\u00a0\u00bb<\/span><\/li>\n<li style=\"text-align: justify\"><span style=\"font-family: tahoma, arial, helvetica, sans-serif;color: #0000ff;font-size: 12pt\">Cochez \u00ab\u00a0Historique des formulaires et des recherches\u00a0\u00bb<\/span><\/li>\n<li style=\"text-align: justify\"><span style=\"font-family: tahoma, arial, helvetica, sans-serif;color: #0000ff;font-size: 12pt\">Choisissez la p\u00e9riode \u00e0 supprimer<\/span><\/li>\n<li style=\"text-align: justify\"><span style=\"font-family: tahoma, arial, helvetica, sans-serif;color: #0000ff;font-size: 12pt\">Cliquez sur \u00ab\u00a0Effacer maintenant\u00a0\u00bb<\/span><\/li>\n<li style=\"text-align: justify\"><span style=\"font-family: tahoma, arial, helvetica, sans-serif;color: #0000ff;font-size: 12pt\">Fermez la bo\u00eete de dialogue<\/span><\/li>\n<\/ul>\n<dl class=\"spip_document_9 spip_documents spip_documents_left\">\n<dt><span style=\"font-family: tahoma, arial, helvetica, sans-serif;font-size: 12pt\"><img decoding=\"async\" src=\"https:\/\/www.stop-violences-femmes.gouv.fr\/IMG\/jpg\/Icone_Safari.jpg\" alt=\"\" width=\"27\" height=\"25\" \/><\/span><\/dt>\n<\/dl>\n<h4 style=\"text-align: justify\"><span style=\"font-family: tahoma, arial, helvetica, sans-serif;color: #0000ff;font-size: 12pt\">Safari<\/span><\/h4>\n<ul class=\"spip\">\n<li style=\"text-align: justify\"><span style=\"font-family: tahoma, arial, helvetica, sans-serif;color: #0000ff;font-size: 12pt\">Ouvrez le menu \u00ab\u00a0Safari\u00a0\u00bb et choisissez \u00ab\u00a0Pr\u00e9f\u00e9rences\u00a0\u00bb<\/span><\/li>\n<li style=\"text-align: justify\"><span style=\"font-family: tahoma, arial, helvetica, sans-serif;color: #0000ff;font-size: 12pt\">Dans les menus qui apparaissent, choisissez \u00ab\u00a0Remplissage Automatique\u00a0\u00bb<\/span><\/li>\n<li style=\"text-align: justify\"><span style=\"font-family: tahoma, arial, helvetica, sans-serif;color: #0000ff;font-size: 12pt\">Recherchez la ligne \u00ab\u00a0Autres formulaires\u00a0\u00bb et cliquez sur le bouton \u00ab\u00a0Modifier\u00a0\u00bb<\/span><\/li>\n<\/ul>\n<dl class=\"spip_document_504 spip_documents spip_documents_left\">\n<dt><span style=\"font-family: tahoma, arial, helvetica, sans-serif;font-size: 12pt\"><img loading=\"lazy\" decoding=\"async\" src=\"https:\/\/www.stop-violences-femmes.gouv.fr\/IMG\/jpg\/icone_chrome.jpg\" alt=\"\" width=\"25\" height=\"25\" \/><\/span><\/dt>\n<\/dl>\n<h4 style=\"text-align: justify\"><span style=\"font-family: tahoma, arial, helvetica, sans-serif;color: #0000ff;font-size: 12pt\">Chrome<\/span><\/h4>\n<ul class=\"spip\">\n<li style=\"text-align: justify\"><span style=\"font-family: tahoma, arial, helvetica, sans-serif;color: #0000ff;font-size: 12pt\">Ouvrez le menu \u00ab\u00a0Outils\u00a0\u00bb en haut \u00e0 droite<\/span><\/li>\n<li style=\"text-align: justify\"><span style=\"font-family: tahoma, arial, helvetica, sans-serif;color: #0000ff;font-size: 12pt\">Choisissez \u00ab\u00a0Historique\u00a0\u00bb<\/span><\/li>\n<li style=\"text-align: justify\"><span style=\"font-family: tahoma, arial, helvetica, sans-serif;color: #0000ff;font-size: 12pt\">Cliquez sur \u00ab\u00a0Historique\u00a0\u00bb<\/span><\/li>\n<li style=\"text-align: justify\"><span style=\"font-family: tahoma, arial, helvetica, sans-serif;color: #0000ff;font-size: 12pt\">Cliquez sur \u00ab\u00a0Effacer les donn\u00e9es de navigation\u00a0\u00bb<\/span><\/li>\n<li style=\"text-align: justify\"><span style=\"font-family: tahoma, arial, helvetica, sans-serif;color: #0000ff;font-size: 12pt\">Aller dans l\u2019onglet \u00ab\u00a0Param\u00e8tres avanc\u00e9es\u00a0\u00bb et cochez \u00ab\u00a0Donn\u00e9es de saisie automatique\u00a0\u00bb<\/span><\/li>\n<li style=\"text-align: justify\"><span style=\"font-family: tahoma, arial, helvetica, sans-serif;color: #0000ff;font-size: 12pt\">Cliquez sur \u00ab\u00a0Effacer les donn\u00e9es\u00a0\u00bb<\/span><br class=\"autobr\" \/><span style=\"font-family: tahoma, arial, helvetica, sans-serif;color: #0000ff;font-size: 12pt\">Vous pouvez \u00e9galement utiliser le clavier en combinant les touches Ctrl + Maj + Suppr pour ouvrir la bo\u00eete de dialogue \u00ab\u00a0Effacer les donn\u00e9es de navigation\u00a0\u00bb<\/span><\/li>\n<\/ul>\n<p><span style=\"font-family: tahoma, arial, helvetica, sans-serif;font-size: 12pt\">(Source : <a href=\"https:\/\/www.service-public.fr\/\" target=\"_blank\" rel=\"noopener noreferrer\">www.service-public.fr<\/a> &#8211; <a href=\"https:\/\/www.egalite-femmes-hommes.gouv.fr\/\" target=\"_blank\" rel=\"noopener noreferrer\">www.egalite-femmes-hommes.gouv.fr<\/a> )<\/span><\/p>\n<h3 style=\"text-align: center\"><span style=\"font-family: tahoma, arial, helvetica, sans-serif;color: #008000\">Stress<\/span><\/h3>\n<p><span style=\"font-family: tahoma, arial, helvetica, sans-serif;color: #0000ff;font-size: 12pt\">Ci-dessous le message de l&rsquo;assistance sociale de la DRAAF-SRFD des Hauts-de-France :<\/span><\/p>\n<p style=\"text-align: justify\"><span style=\"color: #000000;font-family: tahoma, arial, helvetica, sans-serif;font-size: 12pt\">\u00ab\u00a0Bonjour \u00e0 toutes et \u00e0 tous,<\/span><\/p>\n<p style=\"text-align: justify\"><span style=\"color: #000000;font-family: tahoma, arial, helvetica, sans-serif;font-size: 12pt\">Cela fait un peu plus de 23 jours que nous sommes toutes et tous confin\u00e9(e)s.<\/span><\/p>\n<p style=\"text-align: justify\"><span style=\"color: #000000;font-family: tahoma, arial, helvetica, sans-serif;font-size: 12pt\">Chacun vit le confinement de fa\u00e7on diff\u00e9rente : c\u00e9libataire seul(e) chez soi, en famille restreinte ou \u00e9largie, avec des conditions d&rsquo;h\u00e9bergement \u00e9galement tr\u00e8s variables&#8230;. Tous ces \u00e9l\u00e9ments font que nous vivons chacun(e) le confinement de mani\u00e8re tr\u00e8s diff\u00e9rente. Pour les uns cela ne posera pas de probl\u00e8me particulier mais pour d&rsquo;autres cette obligation \u00e0 restreindre de fa\u00e7on drastique ses d\u00e9placements, l&rsquo;obligation de r\u00e9organiser sa vie en tenant compte du danger potentiel qu&rsquo;est le COVID 19 n&rsquo;est pas ou peu supportable.<\/span><\/p>\n<p style=\"text-align: justify\"><span style=\"color: #000000;font-family: tahoma, arial, helvetica, sans-serif;font-size: 12pt\">De plus les situations personnelles de chacun(e)s peuvent \u00eatre source de stress difficilement g\u00e9rable dans une situation de confinement. Ces r\u00e9actions sont tout \u00e0 fait normales et il faut en parler.<\/span><\/p>\n<p style=\"text-align: justify\"><span style=\"color: #000000;font-family: tahoma, arial, helvetica, sans-serif;font-size: 12pt\">Comme vous le savez sans doute, je suis en t\u00e9l\u00e9travail et joignable par mail ou par t\u00e9l\u00e9phone. N&rsquo;h\u00e9sitez pas \u00e0 me contacter si vous souhaitez parler de votre situation, de votre difficult\u00e9 \u00e0 vivre le confinement. Le fait de pouvoir exprimer ses ressentis et \u00e9motions est aujourd&rsquo;hui tr\u00e8s important pour vivre le mieux possible (ou le moins mal possible) cette p\u00e9riode \u00e9trange et in\u00e9dite.<\/span><\/p>\n<p style=\"text-align: justify\"><span style=\"color: #000000;font-family: tahoma, arial, helvetica, sans-serif;font-size: 12pt\">Pour les agents du minist\u00e8re de l\u2019agriculture, une autre possibilit\u00e9 d&rsquo;exprimer son mal-\u00eatre est \u00e9galement possible : le minist\u00e8re met \u00e0 disposition des agents qui le souhaitent une cellule de soutien psychologique ouverte 24h\/24 et 7 jours sur 7. Cette cellule est anim\u00e9e par des psychologues. Cette prestation, gratuite, sera ouverte jusqu&rsquo;au 31 d\u00e9cembre 2020. <b>Le num\u00e9ro vert \u00e0 contacter est le 08 00 10 30 32.<\/b><\/span><\/p>\n<p style=\"text-align: justify\"><span style=\"color: #000000;font-family: tahoma, arial, helvetica, sans-serif;font-size: 12pt\">Si vous ressentez un mal-\u00eatre, du stress ou des angoisses, n\u2019h\u00e9sitez pas \u00e0 me contacter ou \u00e0 contacter le num\u00e9ro vert (uniquement pour les agents du minist\u00e8re de l\u2019agriculture).\u00a0\u00bb <span style=\"color: #0000ff\">[<em>le SNETAP national insiste aupr\u00e8s du minist\u00e8re pour y inclure les personnels sur budget et nous vous conseillons d&rsquo;appeler si vous en exprim\u00e9 le besoin<\/em>]<\/span> \u00ab\u00a0Le plus important aujourd\u2019hui est de ne pas rester seul(e) face aux r\u00e9percussions du confinement.<\/span><\/p>\n<p style=\"text-align: justify\"><span style=\"color: #000000;font-family: tahoma, arial, helvetica, sans-serif;font-size: 12pt\">Je reste bien entendu \u00e0 disposition de tous les agents qu\u2019ils rel\u00e8vent du minist\u00e8re de l\u2019agriculture, des budgets d\u2019\u00e9tablissements ou du conseil r\u00e9gional.<\/span><\/p>\n<p style=\"text-align: justify\"><span style=\"color: #000000;font-family: tahoma, arial, helvetica, sans-serif;font-size: 12pt\">Je vous souhaite \u00e0 toutes et tous une bonne journ\u00e9e et prenez soin de vous.\u00a0\u00bb<\/span><\/p>\n<p style=\"text-align: justify\"><span style=\"color: #0000ff;font-family: tahoma, arial, helvetica, sans-serif;font-size: 12pt\">[Si vous souhaitez obtenir les coordonn\u00e9s de l&rsquo;assistance sociale, contactez votre repr\u00e9sentant\u00b7es SNETAP-FSU]<\/span><\/p>\n","protected":false},"excerpt":{"rendered":"<p>Coronavirus : Violences, stress sous confinement Depuis la mise en place du confinement le 16 mars en raison de l&rsquo;\u00e9pid\u00e9mie de coronavirus, le nombre d&rsquo;actes violents \u00e0 l&rsquo;\u00e9gard des femmes mais aussi des enfants est en augmentation. Les hommes aussi ne sont pas \u00e9pargn\u00e9s. Ces violences intrafamiliales touchent toutes les cat\u00e9gories socioprofessionnelles de notre soci\u00e9t\u00e9. [&hellip;]<\/p>\n","protected":false},"author":138,"featured_media":0,"comment_status":"closed","ping_status":"closed","sticky":false,"template":"","format":"standard","meta":{"ocean_post_layout":"","ocean_both_sidebars_style":"","ocean_both_sidebars_content_width":0,"ocean_both_sidebars_sidebars_width":0,"ocean_sidebar":"","ocean_second_sidebar":"","ocean_disable_margins":"enable","ocean_add_body_class":"","ocean_shortcode_before_top_bar":"","ocean_shortcode_after_top_bar":"","ocean_shortcode_before_header":"","ocean_shortcode_after_header":"","ocean_has_shortcode":"","ocean_shortcode_after_title":"","ocean_shortcode_before_footer_widgets":"","ocean_shortcode_after_footer_widgets":"","ocean_shortcode_before_footer_bottom":"","ocean_shortcode_after_footer_bottom":"","ocean_display_top_bar":"default","ocean_display_header":"default","ocean_header_style":"","ocean_center_header_left_menu":"","ocean_custom_header_template":"","ocean_custom_logo":0,"ocean_custom_retina_logo":0,"ocean_custom_logo_max_width":0,"ocean_custom_logo_tablet_max_width":0,"ocean_custom_logo_mobile_max_width":0,"ocean_custom_logo_max_height":0,"ocean_custom_logo_tablet_max_height":0,"ocean_custom_logo_mobile_max_height":0,"ocean_header_custom_menu":"","ocean_menu_typo_font_family":"","ocean_menu_typo_font_subset":"","ocean_menu_typo_font_size":0,"ocean_menu_typo_font_size_tablet":0,"ocean_menu_typo_font_size_mobile":0,"ocean_menu_typo_font_size_unit":"px","ocean_menu_typo_font_weight":"","ocean_menu_typo_font_weight_tablet":"","ocean_menu_typo_font_weight_mobile":"","ocean_menu_typo_transform":"","ocean_menu_typo_transform_tablet":"","ocean_menu_typo_transform_mobile":"","ocean_menu_typo_line_height":0,"ocean_menu_typo_line_height_tablet":0,"ocean_menu_typo_line_height_mobile":0,"ocean_menu_typo_line_height_unit":"","ocean_menu_typo_spacing":0,"ocean_menu_typo_spacing_tablet":0,"ocean_menu_typo_spacing_mobile":0,"ocean_menu_typo_spacing_unit":"","ocean_menu_link_color":"","ocean_menu_link_color_hover":"","ocean_menu_link_color_active":"","ocean_menu_link_background":"","ocean_menu_link_hover_background":"","ocean_menu_link_active_background":"","ocean_menu_social_links_bg":"","ocean_menu_social_hover_links_bg":"","ocean_menu_social_links_color":"","ocean_menu_social_hover_links_color":"","ocean_disable_title":"default","ocean_disable_heading":"default","ocean_post_title":"","ocean_post_subheading":"","ocean_post_title_style":"","ocean_post_title_background_color":"","ocean_post_title_background":0,"ocean_post_title_bg_image_position":"","ocean_post_title_bg_image_attachment":"","ocean_post_title_bg_image_repeat":"","ocean_post_title_bg_image_size":"","ocean_post_title_height":0,"ocean_post_title_bg_overlay":0.5,"ocean_post_title_bg_overlay_color":"","ocean_disable_breadcrumbs":"default","ocean_breadcrumbs_color":"","ocean_breadcrumbs_separator_color":"","ocean_breadcrumbs_links_color":"","ocean_breadcrumbs_links_hover_color":"","ocean_display_footer_widgets":"default","ocean_display_footer_bottom":"default","ocean_custom_footer_template":"","ocean_post_oembed":"","ocean_post_self_hosted_media":"","ocean_post_video_embed":"","ocean_link_format":"","ocean_link_format_target":"self","ocean_quote_format":"","ocean_quote_format_link":"post","ocean_gallery_link_images":"on","ocean_gallery_id":[],"footnotes":""},"categories":[7,11],"tags":[],"post_folder":[],"class_list":["post-4995","post","type-post","status-publish","format-standard","hentry","category-chsctrea","category-communiques","entry"],"yoast_head":"<!-- This site is optimized with the Yoast SEO plugin v27.4 - https:\/\/yoast.com\/product\/yoast-seo-wordpress\/ -->\n<title>Coronavirus : Violences, stress sous confinement - Formation des sites R\u00e9gionaux du SNETAP-FSU<\/title>\n<meta name=\"robots\" content=\"index, follow, max-snippet:-1, max-image-preview:large, max-video-preview:-1\" \/>\n<link rel=\"canonical\" href=\"https:\/\/regions-snetap-fsu.fr\/formation\/2020\/04\/11\/coronavirus-violences-stress-sous-confinement\/\" \/>\n<meta property=\"og:locale\" content=\"fr_FR\" \/>\n<meta property=\"og:type\" content=\"article\" \/>\n<meta property=\"og:title\" content=\"Coronavirus : Violences, stress sous confinement - Formation des sites R\u00e9gionaux du SNETAP-FSU\" \/>\n<meta property=\"og:description\" content=\"Coronavirus : Violences, stress sous confinement Depuis la mise en place du confinement le 16 mars en raison de l&rsquo;\u00e9pid\u00e9mie de coronavirus, le nombre d&rsquo;actes violents \u00e0 l&rsquo;\u00e9gard des femmes mais aussi des enfants est en augmentation. Les hommes aussi ne sont pas \u00e9pargn\u00e9s. Ces violences intrafamiliales touchent toutes les cat\u00e9gories socioprofessionnelles de notre soci\u00e9t\u00e9. [&hellip;]\" \/>\n<meta property=\"og:url\" content=\"https:\/\/regions-snetap-fsu.fr\/formation\/2020\/04\/11\/coronavirus-violences-stress-sous-confinement\/\" \/>\n<meta property=\"og:site_name\" content=\"Formation des sites R\u00e9gionaux du SNETAP-FSU\" \/>\n<meta property=\"article:published_time\" content=\"2020-04-11T14:04:41+00:00\" \/>\n<meta property=\"og:image\" content=\"https:\/\/www.stop-violences-femmes.gouv.fr\/IMG\/jpg\/Icone_IE.jpg\" \/>\n<meta name=\"author\" content=\"yoctavien\" \/>\n<meta name=\"twitter:card\" content=\"summary_large_image\" \/>\n<meta name=\"twitter:label1\" content=\"\u00c9crit par\" \/>\n\t<meta name=\"twitter:data1\" content=\"yoctavien\" \/>\n\t<meta name=\"twitter:label2\" content=\"Dur\u00e9e de lecture estim\u00e9e\" \/>\n\t<meta name=\"twitter:data2\" content=\"9 minutes\" \/>\n<script type=\"application\/ld+json\" class=\"yoast-schema-graph\">{\"@context\":\"https:\\\/\\\/schema.org\",\"@graph\":[{\"@type\":\"Article\",\"@id\":\"https:\\\/\\\/regions-snetap-fsu.fr\\\/formation\\\/2020\\\/04\\\/11\\\/coronavirus-violences-stress-sous-confinement\\\/#article\",\"isPartOf\":{\"@id\":\"https:\\\/\\\/regions-snetap-fsu.fr\\\/formation\\\/2020\\\/04\\\/11\\\/coronavirus-violences-stress-sous-confinement\\\/\"},\"author\":{\"name\":\"yoctavien\",\"@id\":\"https:\\\/\\\/regions-snetap-fsu.fr\\\/formation\\\/#\\\/schema\\\/person\\\/f5dc7b6354e942ca9c5fa8e9ff7e5c93\"},\"headline\":\"Coronavirus : Violences, stress sous confinement\",\"datePublished\":\"2020-04-11T14:04:41+00:00\",\"mainEntityOfPage\":{\"@id\":\"https:\\\/\\\/regions-snetap-fsu.fr\\\/formation\\\/2020\\\/04\\\/11\\\/coronavirus-violences-stress-sous-confinement\\\/\"},\"wordCount\":1925,\"publisher\":{\"@id\":\"https:\\\/\\\/regions-snetap-fsu.fr\\\/formation\\\/#organization\"},\"image\":{\"@id\":\"https:\\\/\\\/regions-snetap-fsu.fr\\\/formation\\\/2020\\\/04\\\/11\\\/coronavirus-violences-stress-sous-confinement\\\/#primaryimage\"},\"thumbnailUrl\":\"https:\\\/\\\/www.stop-violences-femmes.gouv.fr\\\/IMG\\\/jpg\\\/Icone_IE.jpg\",\"articleSection\":[\"CHSCTREA\",\"Communiqu\u00e9s\"],\"inLanguage\":\"fr-FR\"},{\"@type\":\"WebPage\",\"@id\":\"https:\\\/\\\/regions-snetap-fsu.fr\\\/formation\\\/2020\\\/04\\\/11\\\/coronavirus-violences-stress-sous-confinement\\\/\",\"url\":\"https:\\\/\\\/regions-snetap-fsu.fr\\\/formation\\\/2020\\\/04\\\/11\\\/coronavirus-violences-stress-sous-confinement\\\/\",\"name\":\"Coronavirus : Violences, stress sous confinement - Formation des sites R\u00e9gionaux du SNETAP-FSU\",\"isPartOf\":{\"@id\":\"https:\\\/\\\/regions-snetap-fsu.fr\\\/formation\\\/#website\"},\"primaryImageOfPage\":{\"@id\":\"https:\\\/\\\/regions-snetap-fsu.fr\\\/formation\\\/2020\\\/04\\\/11\\\/coronavirus-violences-stress-sous-confinement\\\/#primaryimage\"},\"image\":{\"@id\":\"https:\\\/\\\/regions-snetap-fsu.fr\\\/formation\\\/2020\\\/04\\\/11\\\/coronavirus-violences-stress-sous-confinement\\\/#primaryimage\"},\"thumbnailUrl\":\"https:\\\/\\\/www.stop-violences-femmes.gouv.fr\\\/IMG\\\/jpg\\\/Icone_IE.jpg\",\"datePublished\":\"2020-04-11T14:04:41+00:00\",\"breadcrumb\":{\"@id\":\"https:\\\/\\\/regions-snetap-fsu.fr\\\/formation\\\/2020\\\/04\\\/11\\\/coronavirus-violences-stress-sous-confinement\\\/#breadcrumb\"},\"inLanguage\":\"fr-FR\",\"potentialAction\":[{\"@type\":\"ReadAction\",\"target\":[\"https:\\\/\\\/regions-snetap-fsu.fr\\\/formation\\\/2020\\\/04\\\/11\\\/coronavirus-violences-stress-sous-confinement\\\/\"]}]},{\"@type\":\"ImageObject\",\"inLanguage\":\"fr-FR\",\"@id\":\"https:\\\/\\\/regions-snetap-fsu.fr\\\/formation\\\/2020\\\/04\\\/11\\\/coronavirus-violences-stress-sous-confinement\\\/#primaryimage\",\"url\":\"https:\\\/\\\/www.stop-violences-femmes.gouv.fr\\\/IMG\\\/jpg\\\/Icone_IE.jpg\",\"contentUrl\":\"https:\\\/\\\/www.stop-violences-femmes.gouv.fr\\\/IMG\\\/jpg\\\/Icone_IE.jpg\"},{\"@type\":\"BreadcrumbList\",\"@id\":\"https:\\\/\\\/regions-snetap-fsu.fr\\\/formation\\\/2020\\\/04\\\/11\\\/coronavirus-violences-stress-sous-confinement\\\/#breadcrumb\",\"itemListElement\":[{\"@type\":\"ListItem\",\"position\":1,\"name\":\"Accueil\",\"item\":\"https:\\\/\\\/regions-snetap-fsu.fr\\\/formation\\\/\"},{\"@type\":\"ListItem\",\"position\":2,\"name\":\"Coronavirus : Violences, stress sous confinement\"}]},{\"@type\":\"WebSite\",\"@id\":\"https:\\\/\\\/regions-snetap-fsu.fr\\\/formation\\\/#website\",\"url\":\"https:\\\/\\\/regions-snetap-fsu.fr\\\/formation\\\/\",\"name\":\"Formation des sites R\u00e9gionaux du SNETAP-FSU\",\"description\":\"\",\"publisher\":{\"@id\":\"https:\\\/\\\/regions-snetap-fsu.fr\\\/formation\\\/#organization\"},\"potentialAction\":[{\"@type\":\"SearchAction\",\"target\":{\"@type\":\"EntryPoint\",\"urlTemplate\":\"https:\\\/\\\/regions-snetap-fsu.fr\\\/formation\\\/?s={search_term_string}\"},\"query-input\":{\"@type\":\"PropertyValueSpecification\",\"valueRequired\":true,\"valueName\":\"search_term_string\"}}],\"inLanguage\":\"fr-FR\"},{\"@type\":\"Organization\",\"@id\":\"https:\\\/\\\/regions-snetap-fsu.fr\\\/formation\\\/#organization\",\"name\":\"Formation des sites R\u00e9gionaux du SNETAP-FSU\",\"url\":\"https:\\\/\\\/regions-snetap-fsu.fr\\\/formation\\\/\",\"logo\":{\"@type\":\"ImageObject\",\"inLanguage\":\"fr-FR\",\"@id\":\"https:\\\/\\\/regions-snetap-fsu.fr\\\/formation\\\/#\\\/schema\\\/logo\\\/image\\\/\",\"url\":\"https:\\\/\\\/regions-snetap-fsu.fr\\\/formation\\\/wp-content\\\/uploads\\\/sites\\\/20\\\/2025\\\/04\\\/cropped-Logo_blanc_fond_transparent_1000x755.png\",\"contentUrl\":\"https:\\\/\\\/regions-snetap-fsu.fr\\\/formation\\\/wp-content\\\/uploads\\\/sites\\\/20\\\/2025\\\/04\\\/cropped-Logo_blanc_fond_transparent_1000x755.png\",\"width\":998,\"height\":689,\"caption\":\"Formation des sites R\u00e9gionaux du SNETAP-FSU\"},\"image\":{\"@id\":\"https:\\\/\\\/regions-snetap-fsu.fr\\\/formation\\\/#\\\/schema\\\/logo\\\/image\\\/\"}},{\"@type\":\"Person\",\"@id\":\"https:\\\/\\\/regions-snetap-fsu.fr\\\/formation\\\/#\\\/schema\\\/person\\\/f5dc7b6354e942ca9c5fa8e9ff7e5c93\",\"name\":\"yoctavien\",\"image\":{\"@type\":\"ImageObject\",\"inLanguage\":\"fr-FR\",\"@id\":\"https:\\\/\\\/secure.gravatar.com\\\/avatar\\\/382642c092b6b9da14641d3c478df2f3da4a2d17eea25691c232d4dbf735c292?s=96&d=mm&r=g\",\"url\":\"https:\\\/\\\/secure.gravatar.com\\\/avatar\\\/382642c092b6b9da14641d3c478df2f3da4a2d17eea25691c232d4dbf735c292?s=96&d=mm&r=g\",\"contentUrl\":\"https:\\\/\\\/secure.gravatar.com\\\/avatar\\\/382642c092b6b9da14641d3c478df2f3da4a2d17eea25691c232d4dbf735c292?s=96&d=mm&r=g\",\"caption\":\"yoctavien\"},\"url\":\"https:\\\/\\\/regions-snetap-fsu.fr\\\/formation\\\/author\\\/yoctavien\\\/\"}]}<\/script>\n<!-- \/ Yoast SEO plugin. -->","yoast_head_json":{"title":"Coronavirus : Violences, stress sous confinement - Formation des sites R\u00e9gionaux du SNETAP-FSU","robots":{"index":"index","follow":"follow","max-snippet":"max-snippet:-1","max-image-preview":"max-image-preview:large","max-video-preview":"max-video-preview:-1"},"canonical":"https:\/\/regions-snetap-fsu.fr\/formation\/2020\/04\/11\/coronavirus-violences-stress-sous-confinement\/","og_locale":"fr_FR","og_type":"article","og_title":"Coronavirus : Violences, stress sous confinement - Formation des sites R\u00e9gionaux du SNETAP-FSU","og_description":"Coronavirus : Violences, stress sous confinement Depuis la mise en place du confinement le 16 mars en raison de l&rsquo;\u00e9pid\u00e9mie de coronavirus, le nombre d&rsquo;actes violents \u00e0 l&rsquo;\u00e9gard des femmes mais aussi des enfants est en augmentation. Les hommes aussi ne sont pas \u00e9pargn\u00e9s. Ces violences intrafamiliales touchent toutes les cat\u00e9gories socioprofessionnelles de notre soci\u00e9t\u00e9. [&hellip;]","og_url":"https:\/\/regions-snetap-fsu.fr\/formation\/2020\/04\/11\/coronavirus-violences-stress-sous-confinement\/","og_site_name":"Formation des sites R\u00e9gionaux du SNETAP-FSU","article_published_time":"2020-04-11T14:04:41+00:00","og_image":[{"url":"https:\/\/www.stop-violences-femmes.gouv.fr\/IMG\/jpg\/Icone_IE.jpg","type":"","width":"","height":""}],"author":"yoctavien","twitter_card":"summary_large_image","twitter_misc":{"\u00c9crit par":"yoctavien","Dur\u00e9e de lecture estim\u00e9e":"9 minutes"},"schema":{"@context":"https:\/\/schema.org","@graph":[{"@type":"Article","@id":"https:\/\/regions-snetap-fsu.fr\/formation\/2020\/04\/11\/coronavirus-violences-stress-sous-confinement\/#article","isPartOf":{"@id":"https:\/\/regions-snetap-fsu.fr\/formation\/2020\/04\/11\/coronavirus-violences-stress-sous-confinement\/"},"author":{"name":"yoctavien","@id":"https:\/\/regions-snetap-fsu.fr\/formation\/#\/schema\/person\/f5dc7b6354e942ca9c5fa8e9ff7e5c93"},"headline":"Coronavirus : Violences, stress sous confinement","datePublished":"2020-04-11T14:04:41+00:00","mainEntityOfPage":{"@id":"https:\/\/regions-snetap-fsu.fr\/formation\/2020\/04\/11\/coronavirus-violences-stress-sous-confinement\/"},"wordCount":1925,"publisher":{"@id":"https:\/\/regions-snetap-fsu.fr\/formation\/#organization"},"image":{"@id":"https:\/\/regions-snetap-fsu.fr\/formation\/2020\/04\/11\/coronavirus-violences-stress-sous-confinement\/#primaryimage"},"thumbnailUrl":"https:\/\/www.stop-violences-femmes.gouv.fr\/IMG\/jpg\/Icone_IE.jpg","articleSection":["CHSCTREA","Communiqu\u00e9s"],"inLanguage":"fr-FR"},{"@type":"WebPage","@id":"https:\/\/regions-snetap-fsu.fr\/formation\/2020\/04\/11\/coronavirus-violences-stress-sous-confinement\/","url":"https:\/\/regions-snetap-fsu.fr\/formation\/2020\/04\/11\/coronavirus-violences-stress-sous-confinement\/","name":"Coronavirus : Violences, stress sous confinement - Formation des sites R\u00e9gionaux du SNETAP-FSU","isPartOf":{"@id":"https:\/\/regions-snetap-fsu.fr\/formation\/#website"},"primaryImageOfPage":{"@id":"https:\/\/regions-snetap-fsu.fr\/formation\/2020\/04\/11\/coronavirus-violences-stress-sous-confinement\/#primaryimage"},"image":{"@id":"https:\/\/regions-snetap-fsu.fr\/formation\/2020\/04\/11\/coronavirus-violences-stress-sous-confinement\/#primaryimage"},"thumbnailUrl":"https:\/\/www.stop-violences-femmes.gouv.fr\/IMG\/jpg\/Icone_IE.jpg","datePublished":"2020-04-11T14:04:41+00:00","breadcrumb":{"@id":"https:\/\/regions-snetap-fsu.fr\/formation\/2020\/04\/11\/coronavirus-violences-stress-sous-confinement\/#breadcrumb"},"inLanguage":"fr-FR","potentialAction":[{"@type":"ReadAction","target":["https:\/\/regions-snetap-fsu.fr\/formation\/2020\/04\/11\/coronavirus-violences-stress-sous-confinement\/"]}]},{"@type":"ImageObject","inLanguage":"fr-FR","@id":"https:\/\/regions-snetap-fsu.fr\/formation\/2020\/04\/11\/coronavirus-violences-stress-sous-confinement\/#primaryimage","url":"https:\/\/www.stop-violences-femmes.gouv.fr\/IMG\/jpg\/Icone_IE.jpg","contentUrl":"https:\/\/www.stop-violences-femmes.gouv.fr\/IMG\/jpg\/Icone_IE.jpg"},{"@type":"BreadcrumbList","@id":"https:\/\/regions-snetap-fsu.fr\/formation\/2020\/04\/11\/coronavirus-violences-stress-sous-confinement\/#breadcrumb","itemListElement":[{"@type":"ListItem","position":1,"name":"Accueil","item":"https:\/\/regions-snetap-fsu.fr\/formation\/"},{"@type":"ListItem","position":2,"name":"Coronavirus : Violences, stress sous confinement"}]},{"@type":"WebSite","@id":"https:\/\/regions-snetap-fsu.fr\/formation\/#website","url":"https:\/\/regions-snetap-fsu.fr\/formation\/","name":"Formation des sites R\u00e9gionaux du SNETAP-FSU","description":"","publisher":{"@id":"https:\/\/regions-snetap-fsu.fr\/formation\/#organization"},"potentialAction":[{"@type":"SearchAction","target":{"@type":"EntryPoint","urlTemplate":"https:\/\/regions-snetap-fsu.fr\/formation\/?s={search_term_string}"},"query-input":{"@type":"PropertyValueSpecification","valueRequired":true,"valueName":"search_term_string"}}],"inLanguage":"fr-FR"},{"@type":"Organization","@id":"https:\/\/regions-snetap-fsu.fr\/formation\/#organization","name":"Formation des sites R\u00e9gionaux du SNETAP-FSU","url":"https:\/\/regions-snetap-fsu.fr\/formation\/","logo":{"@type":"ImageObject","inLanguage":"fr-FR","@id":"https:\/\/regions-snetap-fsu.fr\/formation\/#\/schema\/logo\/image\/","url":"https:\/\/regions-snetap-fsu.fr\/formation\/wp-content\/uploads\/sites\/20\/2025\/04\/cropped-Logo_blanc_fond_transparent_1000x755.png","contentUrl":"https:\/\/regions-snetap-fsu.fr\/formation\/wp-content\/uploads\/sites\/20\/2025\/04\/cropped-Logo_blanc_fond_transparent_1000x755.png","width":998,"height":689,"caption":"Formation des sites R\u00e9gionaux du SNETAP-FSU"},"image":{"@id":"https:\/\/regions-snetap-fsu.fr\/formation\/#\/schema\/logo\/image\/"}},{"@type":"Person","@id":"https:\/\/regions-snetap-fsu.fr\/formation\/#\/schema\/person\/f5dc7b6354e942ca9c5fa8e9ff7e5c93","name":"yoctavien","image":{"@type":"ImageObject","inLanguage":"fr-FR","@id":"https:\/\/secure.gravatar.com\/avatar\/382642c092b6b9da14641d3c478df2f3da4a2d17eea25691c232d4dbf735c292?s=96&d=mm&r=g","url":"https:\/\/secure.gravatar.com\/avatar\/382642c092b6b9da14641d3c478df2f3da4a2d17eea25691c232d4dbf735c292?s=96&d=mm&r=g","contentUrl":"https:\/\/secure.gravatar.com\/avatar\/382642c092b6b9da14641d3c478df2f3da4a2d17eea25691c232d4dbf735c292?s=96&d=mm&r=g","caption":"yoctavien"},"url":"https:\/\/regions-snetap-fsu.fr\/formation\/author\/yoctavien\/"}]}},"_links":{"self":[{"href":"https:\/\/regions-snetap-fsu.fr\/formation\/wp-json\/wp\/v2\/posts\/4995","targetHints":{"allow":["GET"]}}],"collection":[{"href":"https:\/\/regions-snetap-fsu.fr\/formation\/wp-json\/wp\/v2\/posts"}],"about":[{"href":"https:\/\/regions-snetap-fsu.fr\/formation\/wp-json\/wp\/v2\/types\/post"}],"author":[{"embeddable":true,"href":"https:\/\/regions-snetap-fsu.fr\/formation\/wp-json\/wp\/v2\/users\/138"}],"replies":[{"embeddable":true,"href":"https:\/\/regions-snetap-fsu.fr\/formation\/wp-json\/wp\/v2\/comments?post=4995"}],"version-history":[{"count":0,"href":"https:\/\/regions-snetap-fsu.fr\/formation\/wp-json\/wp\/v2\/posts\/4995\/revisions"}],"wp:attachment":[{"href":"https:\/\/regions-snetap-fsu.fr\/formation\/wp-json\/wp\/v2\/media?parent=4995"}],"wp:term":[{"taxonomy":"category","embeddable":true,"href":"https:\/\/regions-snetap-fsu.fr\/formation\/wp-json\/wp\/v2\/categories?post=4995"},{"taxonomy":"post_tag","embeddable":true,"href":"https:\/\/regions-snetap-fsu.fr\/formation\/wp-json\/wp\/v2\/tags?post=4995"},{"taxonomy":"post_folder","embeddable":true,"href":"https:\/\/regions-snetap-fsu.fr\/formation\/wp-json\/wp\/v2\/post_folder?post=4995"}],"curies":[{"name":"wp","href":"https:\/\/api.w.org\/{rel}","templated":true}]}}