{"id":4972,"date":"2020-04-11T16:08:21","date_gmt":"2020-04-11T14:08:21","guid":{"rendered":"https:\/\/regions-snetap-fsu.fr\/hdf\/?p=4972"},"modified":"2020-04-11T16:08:21","modified_gmt":"2020-04-11T14:08:21","slug":"groupe-de-travail-chsct-rea-du-10-avril-2020","status":"publish","type":"post","link":"https:\/\/regions-snetap-fsu.fr\/formation\/2020\/04\/11\/groupe-de-travail-chsct-rea-du-10-avril-2020\/","title":{"rendered":"Groupe de travail CHSCT REA du 10 avril 2020"},"content":{"rendered":"<h2 style=\"text-align: center\"><span style=\"font-family: tahoma, arial, helvetica, sans-serif;color: #ff0000;font-size: 18pt\">Compte rendu du groupe de travail CHSCT REA<\/span><\/h2>\n<h2 style=\"text-align: center\"><span style=\"font-family: tahoma, arial, helvetica, sans-serif;color: #ff0000;font-size: 18pt\">du 10 avril 2020<\/span><\/h2>\n<p class=\"western\" align=\"justify\"><span style=\"font-family: tahoma, arial, helvetica, sans-serif;color: #0000ff\">\u00a0<\/span><\/p>\n<p align=\"justify\"><img decoding=\"async\" class=\" wp-image-4973 alignleft\" src=\"https:\/\/regions-snetap-fsu.fr\/hdf\/wp-content\/uploads\/sites\/5\/2020\/04\/Logo_snetap_HdF-300x180.jpg\" alt=\"\" width=\"223\" height=\"134\" \/><img decoding=\"async\" class=\"aligncenter wp-image-972\" src=\"https:\/\/regions-snetap-fsu.fr\/hdf\/wp-content\/uploads\/sites\/5\/2018\/10\/fsu-sign-vertic-bleu-203x300.png\" alt=\"Logo FSU engag\u00e9s au quotidien\" width=\"104\" height=\"153\" \/><\/p>\n<blockquote>\n<p style=\"text-align: justify\" align=\"justify\"><span style=\"font-family: tahoma, arial, helvetica, sans-serif;color: #0000ff;font-size: 12pt\">Voici un compte rendu du groupe de travail (visioconf\u00e9rence d&rsquo;1h30 avec les organisations syndicales et la DRAAF-SRFD vendredi 10 avril 2020 au matin)&#8230;<\/span><\/p>\n<\/blockquote>\n<p align=\"justify\"><!--more--><\/p>\n<h3 style=\"text-align: center\"><span style=\"font-family: tahoma, arial, helvetica, sans-serif;font-size: 14pt;color: #008000\"><b>Le SRFD a fait un point d&rsquo;\u00e9tape<\/b><\/span><\/h3>\n<ul>\n<li class=\"western\" style=\"text-align: justify\"><span style=\"font-family: tahoma, arial, helvetica, sans-serif;font-size: 12pt;color: #0000ff\">La note de service du 16 avril sur la fin d&rsquo;ann\u00e9e sera \u00ab\u00a0un gros pav\u00e9\u00a0\u00bb. Elle confirmera l&rsquo;arr\u00eat des notes de CCF au d\u00e9but du confinement, elle explicitera les conditions \u00e9ventuelles d&rsquo;\u00e9valuation de stage, de coefficients entre mati\u00e8res par rapport aux \u00e9preuves terminales qui n&rsquo;auront pas lieu.<\/span><\/li>\n<li class=\"western\" style=\"text-align: justify\"><span style=\"font-family: tahoma, arial, helvetica, sans-serif;font-size: 12pt;color: #0000ff\">Le DRAAF a envoy\u00e9 un message de soutien aux agents dont la qualit\u00e9 a \u00e9t\u00e9 soulign\u00e9e.<\/span><\/li>\n<li class=\"western\" style=\"text-align: justify\"><span style=\"font-family: tahoma, arial, helvetica, sans-serif;font-size: 12pt;color: #0000ff\">La cellule d&rsquo;\u00e9coute est disponible pour les personnels du minist\u00e8re, le SNETAP national insiste aupr\u00e8s du minist\u00e8re pour y inclure les personnels sur budget (\u00a0<span style=\"text-decoration: underline;color: #000000\"><a style=\"color: #000000;text-decoration: underline\" href=\"https:\/\/regions-snetap-fsu.fr\/hdf\/2020\/04\/09\/le-coronavirus-dans-les-hauts-de-france-droits-et-mesures\/\" target=\"_blank\" rel=\"noopener noreferrer\">Le coronavirus dans les Hauts-de-France &#8211; Droits et mesures<\/a><\/span> ).<\/span><\/li>\n<\/ul>\n<h3 class=\"western\" style=\"text-align: center\" align=\"justify\"><span style=\"font-family: tahoma, arial, helvetica, sans-serif;color: #008000;font-size: 14pt\"><b>Apr\u00e8s ce point d&rsquo;\u00e9tape, il a \u00e9t\u00e9 not\u00e9 que les situations \u00e9taient tr\u00e8s diff\u00e9rentes d&rsquo;un EPL \u00e0 l&rsquo;autre<\/b><\/span><\/h3>\n<ul>\n<li>\n<p class=\"western\" style=\"text-align: justify\" align=\"justify\"><span style=\"font-family: tahoma, arial, helvetica, sans-serif;font-size: 12pt;color: #0000ff\">Un message sera envoy\u00e9 aux \u00e9tablissements pour organiser des Co-HS (sant\u00e9 des personnels) et pour qu&rsquo;un registre hygi\u00e8ne et s\u00e9curit\u00e9 en ligne puisse \u00eatre renseign\u00e9 dans les \u00e9tablissements. <\/span><\/p>\n<\/li>\n<li>\n<p class=\"western\" style=\"text-align: justify\" align=\"justify\"><span style=\"font-family: tahoma, arial, helvetica, sans-serif;font-size: 12pt;color: #0000ff\">Il a \u00e9t\u00e9 aussi demand\u00e9 d&rsquo;\u00e9viter les r\u00e9unions \u00ab\u00a0visioconf\u00e9rences\u00a0\u00bb trop longues (parfois plus de 3h) et de ne pas faire pointer les personnels pour les obliger \u00e0 \u00eatre strictement pr\u00e9sents du d\u00e9but \u00e0 la fin.<\/span><\/p>\n<\/li>\n<li style=\"text-align: justify\"><span style=\"font-family: tahoma, arial, helvetica, sans-serif;color: #0000ff;font-size: 12pt\">Le dispositif d&rsquo;HSE pour l&rsquo;accompagnement personnalis\u00e9 a \u00e9t\u00e9 \u00e9voqu\u00e9. C&rsquo;est une initiative du Minist\u00e8re que la DRAAF a fait suivre aux \u00e9tablissements. Il est strictement bas\u00e9 sur le volontariat (personnel et apprenant\u00b7e). Il ne peut \u00eatre engag\u00e9 qu&rsquo;apr\u00e8s validation par la DRAAF. Les repr\u00e9sentant\u00b7es des personnels ont fait remarquer qu&rsquo;il y avait sans doute d&rsquo;autres priorit\u00e9s que de faire des classes virtuelles notamment par rapport aux personnels en pr\u00e9sentiel, \u00e0 l&rsquo;activit\u00e9 au retour des vacances et au soutien qui sera n\u00e9cessaire en septembre.<\/span><\/li>\n<\/ul>\n<p class=\"western\" style=\"text-align: justify\" align=\"justify\"><span style=\"font-family: tahoma, arial, helvetica, sans-serif;font-size: 12pt;color: #0000ff\">Une discussion a ensuite \u00e9t\u00e9 engag\u00e9e sur de nombreux cas li\u00e9s aux stages, CCF, examens, contr\u00f4le continu. Tant que la note de service n&rsquo;est pas publi\u00e9e, les r\u00e9ponses ne peuvent \u00eatre faites.<\/span><\/p>\n<p class=\"western\" style=\"text-align: justify\" align=\"justify\"><span style=\"font-family: tahoma, arial, helvetica, sans-serif;font-size: 12pt;color: #0000ff\">Il a \u00e9t\u00e9 unanimement soulign\u00e9 que les conditions de la continuit\u00e9 p\u00e9dagogique \u00e9taient extr\u00eamement diff\u00e9rentes en fonction du niveau des classes et de la localisation g\u00e9ographique des \u00e9tablissements.<\/span><\/p>\n<p class=\"western\" style=\"text-align: justify\" align=\"justify\"><span style=\"font-family: tahoma, arial, helvetica, sans-serif;color: #0000ff;font-size: 12pt\">Il faut aussi rappeler que le pr\u00e9sentiel dans les \u00e9tablissements n\u2019est pas la r\u00e8gle, mais l\u2019exception et que toutes les mesures (nettoyage, distance, masques\u2026) doivent \u00eatre prises pour la s\u00e9curit\u00e9 des personnels.<\/span><\/p>\n<p class=\"western\" style=\"text-align: justify\" align=\"justify\"><span style=\"font-family: tahoma, arial, helvetica, sans-serif;color: #0000ff;font-size: 12pt\">L&rsquo;impossibilit\u00e9 de ch\u00f4mage partiel pour les personnels des UFA et CFPPA a \u00e9t\u00e9 mise en avant. Le minist\u00e8re de l&rsquo;Agriculture est saisi du dossier. Tous les acteurs ont conscience qu&rsquo;il faut trouver une solution pour permettre le paiement au-del\u00e0 de septembre sans mettre en danger les finances des \u00e9tablissements.<\/span><\/p>\n<p class=\"western\" style=\"text-align: justify\" align=\"justify\"><span style=\"font-family: tahoma, arial, helvetica, sans-serif;font-size: 12pt;color: #0000ff\">L&rsquo;assistante sociale, suite \u00e0 notre questionnement, a pr\u00e9cis\u00e9 les mesures d&rsquo;aides pour les personnes victimes de violences psychologiques ou\/et physiques.<\/span><\/p>\n<blockquote>\n<p class=\"western\" style=\"text-align: justify\" align=\"justify\"><span style=\"font-family: tahoma, arial, helvetica, sans-serif;font-size: 12pt;color: #0000ff\">Nous avons enfin soulign\u00e9 qu&rsquo;il \u00e9tait n\u00e9cessaire que m\u00eame avec le confinement, les vacances d&rsquo;avril soient de vraies vacances et qu&rsquo;il n&rsquo;y ait pas de visioconf\u00e9rence pour \u00e9tudier la note de service lors de cette p\u00e9riode dans les \u00e9tablissements. Tous les personnels vont lire avec attention ce texte, mais nous souhaitons que les r\u00e9unions de fili\u00e8res, de pr\u00e9paration ne se d\u00e9roulent qu&rsquo;\u00e0 partir du lundi 27 avril (rentr\u00e9e).<\/span><\/p>\n<p class=\"western\" style=\"text-align: justify\" align=\"justify\"><span style=\"font-family: tahoma, arial, helvetica, sans-serif;font-size: 12pt;color: #0000ff\">Le SRFD fera, d\u00e8s publication de la note de service, un courrier aux parents pour leur expliquer que les \u00e9tablissements communiqueront sur les nouvelles conditions d&rsquo;examens au d\u00e9but de la semaine de rentr\u00e9e.<\/span><\/p>\n<\/blockquote>\n<p class=\"western\" align=\"justify\"><strong><span style=\"font-family: tahoma, arial, helvetica, sans-serif;font-size: 12pt;color: #ff0000\">Un CHSCT REA se d\u00e9roulera le jeudi 30 avril 2020 \u00e0 10h pour faire le point sur tous ces \u00e9l\u00e9ments.<\/span><\/strong><\/p>\n<p class=\"western\" align=\"right\"><span style=\"font-family: tahoma, arial, helvetica, sans-serif;font-size: 12pt;color: #0000ff\">Les repr\u00e9sentant\u00b7es SNETAP-FSU des Hauts de France<\/span><\/p>\n","protected":false},"excerpt":{"rendered":"<p>Compte rendu du groupe de travail CHSCT REA du 10 avril 2020 \u00a0 Voici un compte rendu du groupe de travail (visioconf\u00e9rence d&rsquo;1h30 avec les organisations syndicales et la DRAAF-SRFD vendredi 10 avril 2020 au matin)&#8230;<\/p>\n","protected":false},"author":138,"featured_media":0,"comment_status":"closed","ping_status":"closed","sticky":false,"template":"","format":"standard","meta":{"ocean_post_layout":"","ocean_both_sidebars_style":"","ocean_both_sidebars_content_width":0,"ocean_both_sidebars_sidebars_width":0,"ocean_sidebar":"","ocean_second_sidebar":"","ocean_disable_margins":"enable","ocean_add_body_class":"","ocean_shortcode_before_top_bar":"","ocean_shortcode_after_top_bar":"","ocean_shortcode_before_header":"","ocean_shortcode_after_header":"","ocean_has_shortcode":"","ocean_shortcode_after_title":"","ocean_shortcode_before_footer_widgets":"","ocean_shortcode_after_footer_widgets":"","ocean_shortcode_before_footer_bottom":"","ocean_shortcode_after_footer_bottom":"","ocean_display_top_bar":"default","ocean_display_header":"default","ocean_header_style":"","ocean_center_header_left_menu":"","ocean_custom_header_template":"","ocean_custom_logo":0,"ocean_custom_retina_logo":0,"ocean_custom_logo_max_width":0,"ocean_custom_logo_tablet_max_width":0,"ocean_custom_logo_mobile_max_width":0,"ocean_custom_logo_max_height":0,"ocean_custom_logo_tablet_max_height":0,"ocean_custom_logo_mobile_max_height":0,"ocean_header_custom_menu":"","ocean_menu_typo_font_family":"","ocean_menu_typo_font_subset":"","ocean_menu_typo_font_size":0,"ocean_menu_typo_font_size_tablet":0,"ocean_menu_typo_font_size_mobile":0,"ocean_menu_typo_font_size_unit":"px","ocean_menu_typo_font_weight":"","ocean_menu_typo_font_weight_tablet":"","ocean_menu_typo_font_weight_mobile":"","ocean_menu_typo_transform":"","ocean_menu_typo_transform_tablet":"","ocean_menu_typo_transform_mobile":"","ocean_menu_typo_line_height":0,"ocean_menu_typo_line_height_tablet":0,"ocean_menu_typo_line_height_mobile":0,"ocean_menu_typo_line_height_unit":"","ocean_menu_typo_spacing":0,"ocean_menu_typo_spacing_tablet":0,"ocean_menu_typo_spacing_mobile":0,"ocean_menu_typo_spacing_unit":"","ocean_menu_link_color":"","ocean_menu_link_color_hover":"","ocean_menu_link_color_active":"","ocean_menu_link_background":"","ocean_menu_link_hover_background":"","ocean_menu_link_active_background":"","ocean_menu_social_links_bg":"","ocean_menu_social_hover_links_bg":"","ocean_menu_social_links_color":"","ocean_menu_social_hover_links_color":"","ocean_disable_title":"default","ocean_disable_heading":"default","ocean_post_title":"","ocean_post_subheading":"","ocean_post_title_style":"","ocean_post_title_background_color":"","ocean_post_title_background":0,"ocean_post_title_bg_image_position":"","ocean_post_title_bg_image_attachment":"","ocean_post_title_bg_image_repeat":"","ocean_post_title_bg_image_size":"","ocean_post_title_height":0,"ocean_post_title_bg_overlay":0.5,"ocean_post_title_bg_overlay_color":"","ocean_disable_breadcrumbs":"default","ocean_breadcrumbs_color":"","ocean_breadcrumbs_separator_color":"","ocean_breadcrumbs_links_color":"","ocean_breadcrumbs_links_hover_color":"","ocean_display_footer_widgets":"default","ocean_display_footer_bottom":"default","ocean_custom_footer_template":"","ocean_post_oembed":"","ocean_post_self_hosted_media":"","ocean_post_video_embed":"","ocean_link_format":"","ocean_link_format_target":"self","ocean_quote_format":"","ocean_quote_format_link":"post","ocean_gallery_link_images":"on","ocean_gallery_id":[],"footnotes":""},"categories":[7],"tags":[],"post_folder":[],"class_list":["post-4972","post","type-post","status-publish","format-standard","hentry","category-chsctrea","entry"],"yoast_head":"<!-- This site is optimized with the Yoast SEO plugin v27.4 - https:\/\/yoast.com\/product\/yoast-seo-wordpress\/ -->\n<title>Groupe de travail CHSCT REA du 10 avril 2020 - Formation des sites R\u00e9gionaux du SNETAP-FSU<\/title>\n<meta name=\"robots\" content=\"index, follow, max-snippet:-1, max-image-preview:large, max-video-preview:-1\" \/>\n<link rel=\"canonical\" href=\"https:\/\/regions-snetap-fsu.fr\/formation\/2020\/04\/11\/groupe-de-travail-chsct-rea-du-10-avril-2020\/\" \/>\n<meta property=\"og:locale\" content=\"fr_FR\" \/>\n<meta property=\"og:type\" content=\"article\" \/>\n<meta property=\"og:title\" content=\"Groupe de travail CHSCT REA du 10 avril 2020 - Formation des sites R\u00e9gionaux du SNETAP-FSU\" \/>\n<meta property=\"og:description\" content=\"Compte rendu du groupe de travail CHSCT REA du 10 avril 2020 \u00a0 Voici un compte rendu du groupe de travail (visioconf\u00e9rence d&rsquo;1h30 avec les organisations syndicales et la DRAAF-SRFD vendredi 10 avril 2020 au matin)&#8230;\" \/>\n<meta property=\"og:url\" content=\"https:\/\/regions-snetap-fsu.fr\/formation\/2020\/04\/11\/groupe-de-travail-chsct-rea-du-10-avril-2020\/\" \/>\n<meta property=\"og:site_name\" content=\"Formation des sites R\u00e9gionaux du SNETAP-FSU\" \/>\n<meta property=\"article:published_time\" content=\"2020-04-11T14:08:21+00:00\" \/>\n<meta name=\"author\" content=\"yoctavien\" \/>\n<meta name=\"twitter:card\" content=\"summary_large_image\" \/>\n<meta name=\"twitter:label1\" content=\"\u00c9crit par\" \/>\n\t<meta name=\"twitter:data1\" content=\"yoctavien\" \/>\n\t<meta name=\"twitter:label2\" content=\"Dur\u00e9e de lecture estim\u00e9e\" \/>\n\t<meta name=\"twitter:data2\" content=\"3 minutes\" \/>\n<script type=\"application\/ld+json\" class=\"yoast-schema-graph\">{\"@context\":\"https:\\\/\\\/schema.org\",\"@graph\":[{\"@type\":\"Article\",\"@id\":\"https:\\\/\\\/regions-snetap-fsu.fr\\\/formation\\\/2020\\\/04\\\/11\\\/groupe-de-travail-chsct-rea-du-10-avril-2020\\\/#article\",\"isPartOf\":{\"@id\":\"https:\\\/\\\/regions-snetap-fsu.fr\\\/formation\\\/2020\\\/04\\\/11\\\/groupe-de-travail-chsct-rea-du-10-avril-2020\\\/\"},\"author\":{\"name\":\"yoctavien\",\"@id\":\"https:\\\/\\\/regions-snetap-fsu.fr\\\/formation\\\/#\\\/schema\\\/person\\\/f5dc7b6354e942ca9c5fa8e9ff7e5c93\"},\"headline\":\"Groupe de travail CHSCT REA du 10 avril 2020\",\"datePublished\":\"2020-04-11T14:08:21+00:00\",\"mainEntityOfPage\":{\"@id\":\"https:\\\/\\\/regions-snetap-fsu.fr\\\/formation\\\/2020\\\/04\\\/11\\\/groupe-de-travail-chsct-rea-du-10-avril-2020\\\/\"},\"wordCount\":674,\"publisher\":{\"@id\":\"https:\\\/\\\/regions-snetap-fsu.fr\\\/formation\\\/#organization\"},\"image\":{\"@id\":\"https:\\\/\\\/regions-snetap-fsu.fr\\\/formation\\\/2020\\\/04\\\/11\\\/groupe-de-travail-chsct-rea-du-10-avril-2020\\\/#primaryimage\"},\"thumbnailUrl\":\"https:\\\/\\\/regions-snetap-fsu.fr\\\/hdf\\\/wp-content\\\/uploads\\\/sites\\\/5\\\/2020\\\/04\\\/Logo_snetap_HdF-300x180.jpg\",\"articleSection\":[\"CHSCTREA\"],\"inLanguage\":\"fr-FR\"},{\"@type\":\"WebPage\",\"@id\":\"https:\\\/\\\/regions-snetap-fsu.fr\\\/formation\\\/2020\\\/04\\\/11\\\/groupe-de-travail-chsct-rea-du-10-avril-2020\\\/\",\"url\":\"https:\\\/\\\/regions-snetap-fsu.fr\\\/formation\\\/2020\\\/04\\\/11\\\/groupe-de-travail-chsct-rea-du-10-avril-2020\\\/\",\"name\":\"Groupe de travail CHSCT REA du 10 avril 2020 - Formation des sites R\u00e9gionaux du SNETAP-FSU\",\"isPartOf\":{\"@id\":\"https:\\\/\\\/regions-snetap-fsu.fr\\\/formation\\\/#website\"},\"primaryImageOfPage\":{\"@id\":\"https:\\\/\\\/regions-snetap-fsu.fr\\\/formation\\\/2020\\\/04\\\/11\\\/groupe-de-travail-chsct-rea-du-10-avril-2020\\\/#primaryimage\"},\"image\":{\"@id\":\"https:\\\/\\\/regions-snetap-fsu.fr\\\/formation\\\/2020\\\/04\\\/11\\\/groupe-de-travail-chsct-rea-du-10-avril-2020\\\/#primaryimage\"},\"thumbnailUrl\":\"https:\\\/\\\/regions-snetap-fsu.fr\\\/hdf\\\/wp-content\\\/uploads\\\/sites\\\/5\\\/2020\\\/04\\\/Logo_snetap_HdF-300x180.jpg\",\"datePublished\":\"2020-04-11T14:08:21+00:00\",\"breadcrumb\":{\"@id\":\"https:\\\/\\\/regions-snetap-fsu.fr\\\/formation\\\/2020\\\/04\\\/11\\\/groupe-de-travail-chsct-rea-du-10-avril-2020\\\/#breadcrumb\"},\"inLanguage\":\"fr-FR\",\"potentialAction\":[{\"@type\":\"ReadAction\",\"target\":[\"https:\\\/\\\/regions-snetap-fsu.fr\\\/formation\\\/2020\\\/04\\\/11\\\/groupe-de-travail-chsct-rea-du-10-avril-2020\\\/\"]}]},{\"@type\":\"ImageObject\",\"inLanguage\":\"fr-FR\",\"@id\":\"https:\\\/\\\/regions-snetap-fsu.fr\\\/formation\\\/2020\\\/04\\\/11\\\/groupe-de-travail-chsct-rea-du-10-avril-2020\\\/#primaryimage\",\"url\":\"https:\\\/\\\/regions-snetap-fsu.fr\\\/hdf\\\/wp-content\\\/uploads\\\/sites\\\/5\\\/2020\\\/04\\\/Logo_snetap_HdF-300x180.jpg\",\"contentUrl\":\"https:\\\/\\\/regions-snetap-fsu.fr\\\/hdf\\\/wp-content\\\/uploads\\\/sites\\\/5\\\/2020\\\/04\\\/Logo_snetap_HdF-300x180.jpg\"},{\"@type\":\"BreadcrumbList\",\"@id\":\"https:\\\/\\\/regions-snetap-fsu.fr\\\/formation\\\/2020\\\/04\\\/11\\\/groupe-de-travail-chsct-rea-du-10-avril-2020\\\/#breadcrumb\",\"itemListElement\":[{\"@type\":\"ListItem\",\"position\":1,\"name\":\"Accueil\",\"item\":\"https:\\\/\\\/regions-snetap-fsu.fr\\\/formation\\\/\"},{\"@type\":\"ListItem\",\"position\":2,\"name\":\"Groupe de travail CHSCT REA du 10 avril 2020\"}]},{\"@type\":\"WebSite\",\"@id\":\"https:\\\/\\\/regions-snetap-fsu.fr\\\/formation\\\/#website\",\"url\":\"https:\\\/\\\/regions-snetap-fsu.fr\\\/formation\\\/\",\"name\":\"Formation des sites R\u00e9gionaux du SNETAP-FSU\",\"description\":\"\",\"publisher\":{\"@id\":\"https:\\\/\\\/regions-snetap-fsu.fr\\\/formation\\\/#organization\"},\"potentialAction\":[{\"@type\":\"SearchAction\",\"target\":{\"@type\":\"EntryPoint\",\"urlTemplate\":\"https:\\\/\\\/regions-snetap-fsu.fr\\\/formation\\\/?s={search_term_string}\"},\"query-input\":{\"@type\":\"PropertyValueSpecification\",\"valueRequired\":true,\"valueName\":\"search_term_string\"}}],\"inLanguage\":\"fr-FR\"},{\"@type\":\"Organization\",\"@id\":\"https:\\\/\\\/regions-snetap-fsu.fr\\\/formation\\\/#organization\",\"name\":\"Formation des sites R\u00e9gionaux du SNETAP-FSU\",\"url\":\"https:\\\/\\\/regions-snetap-fsu.fr\\\/formation\\\/\",\"logo\":{\"@type\":\"ImageObject\",\"inLanguage\":\"fr-FR\",\"@id\":\"https:\\\/\\\/regions-snetap-fsu.fr\\\/formation\\\/#\\\/schema\\\/logo\\\/image\\\/\",\"url\":\"https:\\\/\\\/regions-snetap-fsu.fr\\\/formation\\\/wp-content\\\/uploads\\\/sites\\\/20\\\/2025\\\/04\\\/cropped-Logo_blanc_fond_transparent_1000x755.png\",\"contentUrl\":\"https:\\\/\\\/regions-snetap-fsu.fr\\\/formation\\\/wp-content\\\/uploads\\\/sites\\\/20\\\/2025\\\/04\\\/cropped-Logo_blanc_fond_transparent_1000x755.png\",\"width\":998,\"height\":689,\"caption\":\"Formation des sites R\u00e9gionaux du SNETAP-FSU\"},\"image\":{\"@id\":\"https:\\\/\\\/regions-snetap-fsu.fr\\\/formation\\\/#\\\/schema\\\/logo\\\/image\\\/\"}},{\"@type\":\"Person\",\"@id\":\"https:\\\/\\\/regions-snetap-fsu.fr\\\/formation\\\/#\\\/schema\\\/person\\\/f5dc7b6354e942ca9c5fa8e9ff7e5c93\",\"name\":\"yoctavien\",\"image\":{\"@type\":\"ImageObject\",\"inLanguage\":\"fr-FR\",\"@id\":\"https:\\\/\\\/secure.gravatar.com\\\/avatar\\\/382642c092b6b9da14641d3c478df2f3da4a2d17eea25691c232d4dbf735c292?s=96&d=mm&r=g\",\"url\":\"https:\\\/\\\/secure.gravatar.com\\\/avatar\\\/382642c092b6b9da14641d3c478df2f3da4a2d17eea25691c232d4dbf735c292?s=96&d=mm&r=g\",\"contentUrl\":\"https:\\\/\\\/secure.gravatar.com\\\/avatar\\\/382642c092b6b9da14641d3c478df2f3da4a2d17eea25691c232d4dbf735c292?s=96&d=mm&r=g\",\"caption\":\"yoctavien\"},\"url\":\"https:\\\/\\\/regions-snetap-fsu.fr\\\/formation\\\/author\\\/yoctavien\\\/\"}]}<\/script>\n<!-- \/ Yoast SEO plugin. -->","yoast_head_json":{"title":"Groupe de travail CHSCT REA du 10 avril 2020 - Formation des sites R\u00e9gionaux du SNETAP-FSU","robots":{"index":"index","follow":"follow","max-snippet":"max-snippet:-1","max-image-preview":"max-image-preview:large","max-video-preview":"max-video-preview:-1"},"canonical":"https:\/\/regions-snetap-fsu.fr\/formation\/2020\/04\/11\/groupe-de-travail-chsct-rea-du-10-avril-2020\/","og_locale":"fr_FR","og_type":"article","og_title":"Groupe de travail CHSCT REA du 10 avril 2020 - Formation des sites R\u00e9gionaux du SNETAP-FSU","og_description":"Compte rendu du groupe de travail CHSCT REA du 10 avril 2020 \u00a0 Voici un compte rendu du groupe de travail (visioconf\u00e9rence d&rsquo;1h30 avec les organisations syndicales et la DRAAF-SRFD vendredi 10 avril 2020 au matin)&#8230;","og_url":"https:\/\/regions-snetap-fsu.fr\/formation\/2020\/04\/11\/groupe-de-travail-chsct-rea-du-10-avril-2020\/","og_site_name":"Formation des sites R\u00e9gionaux du SNETAP-FSU","article_published_time":"2020-04-11T14:08:21+00:00","author":"yoctavien","twitter_card":"summary_large_image","twitter_misc":{"\u00c9crit par":"yoctavien","Dur\u00e9e de lecture estim\u00e9e":"3 minutes"},"schema":{"@context":"https:\/\/schema.org","@graph":[{"@type":"Article","@id":"https:\/\/regions-snetap-fsu.fr\/formation\/2020\/04\/11\/groupe-de-travail-chsct-rea-du-10-avril-2020\/#article","isPartOf":{"@id":"https:\/\/regions-snetap-fsu.fr\/formation\/2020\/04\/11\/groupe-de-travail-chsct-rea-du-10-avril-2020\/"},"author":{"name":"yoctavien","@id":"https:\/\/regions-snetap-fsu.fr\/formation\/#\/schema\/person\/f5dc7b6354e942ca9c5fa8e9ff7e5c93"},"headline":"Groupe de travail CHSCT REA du 10 avril 2020","datePublished":"2020-04-11T14:08:21+00:00","mainEntityOfPage":{"@id":"https:\/\/regions-snetap-fsu.fr\/formation\/2020\/04\/11\/groupe-de-travail-chsct-rea-du-10-avril-2020\/"},"wordCount":674,"publisher":{"@id":"https:\/\/regions-snetap-fsu.fr\/formation\/#organization"},"image":{"@id":"https:\/\/regions-snetap-fsu.fr\/formation\/2020\/04\/11\/groupe-de-travail-chsct-rea-du-10-avril-2020\/#primaryimage"},"thumbnailUrl":"https:\/\/regions-snetap-fsu.fr\/hdf\/wp-content\/uploads\/sites\/5\/2020\/04\/Logo_snetap_HdF-300x180.jpg","articleSection":["CHSCTREA"],"inLanguage":"fr-FR"},{"@type":"WebPage","@id":"https:\/\/regions-snetap-fsu.fr\/formation\/2020\/04\/11\/groupe-de-travail-chsct-rea-du-10-avril-2020\/","url":"https:\/\/regions-snetap-fsu.fr\/formation\/2020\/04\/11\/groupe-de-travail-chsct-rea-du-10-avril-2020\/","name":"Groupe de travail CHSCT REA du 10 avril 2020 - Formation des sites R\u00e9gionaux du SNETAP-FSU","isPartOf":{"@id":"https:\/\/regions-snetap-fsu.fr\/formation\/#website"},"primaryImageOfPage":{"@id":"https:\/\/regions-snetap-fsu.fr\/formation\/2020\/04\/11\/groupe-de-travail-chsct-rea-du-10-avril-2020\/#primaryimage"},"image":{"@id":"https:\/\/regions-snetap-fsu.fr\/formation\/2020\/04\/11\/groupe-de-travail-chsct-rea-du-10-avril-2020\/#primaryimage"},"thumbnailUrl":"https:\/\/regions-snetap-fsu.fr\/hdf\/wp-content\/uploads\/sites\/5\/2020\/04\/Logo_snetap_HdF-300x180.jpg","datePublished":"2020-04-11T14:08:21+00:00","breadcrumb":{"@id":"https:\/\/regions-snetap-fsu.fr\/formation\/2020\/04\/11\/groupe-de-travail-chsct-rea-du-10-avril-2020\/#breadcrumb"},"inLanguage":"fr-FR","potentialAction":[{"@type":"ReadAction","target":["https:\/\/regions-snetap-fsu.fr\/formation\/2020\/04\/11\/groupe-de-travail-chsct-rea-du-10-avril-2020\/"]}]},{"@type":"ImageObject","inLanguage":"fr-FR","@id":"https:\/\/regions-snetap-fsu.fr\/formation\/2020\/04\/11\/groupe-de-travail-chsct-rea-du-10-avril-2020\/#primaryimage","url":"https:\/\/regions-snetap-fsu.fr\/hdf\/wp-content\/uploads\/sites\/5\/2020\/04\/Logo_snetap_HdF-300x180.jpg","contentUrl":"https:\/\/regions-snetap-fsu.fr\/hdf\/wp-content\/uploads\/sites\/5\/2020\/04\/Logo_snetap_HdF-300x180.jpg"},{"@type":"BreadcrumbList","@id":"https:\/\/regions-snetap-fsu.fr\/formation\/2020\/04\/11\/groupe-de-travail-chsct-rea-du-10-avril-2020\/#breadcrumb","itemListElement":[{"@type":"ListItem","position":1,"name":"Accueil","item":"https:\/\/regions-snetap-fsu.fr\/formation\/"},{"@type":"ListItem","position":2,"name":"Groupe de travail CHSCT REA du 10 avril 2020"}]},{"@type":"WebSite","@id":"https:\/\/regions-snetap-fsu.fr\/formation\/#website","url":"https:\/\/regions-snetap-fsu.fr\/formation\/","name":"Formation des sites R\u00e9gionaux du SNETAP-FSU","description":"","publisher":{"@id":"https:\/\/regions-snetap-fsu.fr\/formation\/#organization"},"potentialAction":[{"@type":"SearchAction","target":{"@type":"EntryPoint","urlTemplate":"https:\/\/regions-snetap-fsu.fr\/formation\/?s={search_term_string}"},"query-input":{"@type":"PropertyValueSpecification","valueRequired":true,"valueName":"search_term_string"}}],"inLanguage":"fr-FR"},{"@type":"Organization","@id":"https:\/\/regions-snetap-fsu.fr\/formation\/#organization","name":"Formation des sites R\u00e9gionaux du SNETAP-FSU","url":"https:\/\/regions-snetap-fsu.fr\/formation\/","logo":{"@type":"ImageObject","inLanguage":"fr-FR","@id":"https:\/\/regions-snetap-fsu.fr\/formation\/#\/schema\/logo\/image\/","url":"https:\/\/regions-snetap-fsu.fr\/formation\/wp-content\/uploads\/sites\/20\/2025\/04\/cropped-Logo_blanc_fond_transparent_1000x755.png","contentUrl":"https:\/\/regions-snetap-fsu.fr\/formation\/wp-content\/uploads\/sites\/20\/2025\/04\/cropped-Logo_blanc_fond_transparent_1000x755.png","width":998,"height":689,"caption":"Formation des sites R\u00e9gionaux du SNETAP-FSU"},"image":{"@id":"https:\/\/regions-snetap-fsu.fr\/formation\/#\/schema\/logo\/image\/"}},{"@type":"Person","@id":"https:\/\/regions-snetap-fsu.fr\/formation\/#\/schema\/person\/f5dc7b6354e942ca9c5fa8e9ff7e5c93","name":"yoctavien","image":{"@type":"ImageObject","inLanguage":"fr-FR","@id":"https:\/\/secure.gravatar.com\/avatar\/382642c092b6b9da14641d3c478df2f3da4a2d17eea25691c232d4dbf735c292?s=96&d=mm&r=g","url":"https:\/\/secure.gravatar.com\/avatar\/382642c092b6b9da14641d3c478df2f3da4a2d17eea25691c232d4dbf735c292?s=96&d=mm&r=g","contentUrl":"https:\/\/secure.gravatar.com\/avatar\/382642c092b6b9da14641d3c478df2f3da4a2d17eea25691c232d4dbf735c292?s=96&d=mm&r=g","caption":"yoctavien"},"url":"https:\/\/regions-snetap-fsu.fr\/formation\/author\/yoctavien\/"}]}},"_links":{"self":[{"href":"https:\/\/regions-snetap-fsu.fr\/formation\/wp-json\/wp\/v2\/posts\/4972","targetHints":{"allow":["GET"]}}],"collection":[{"href":"https:\/\/regions-snetap-fsu.fr\/formation\/wp-json\/wp\/v2\/posts"}],"about":[{"href":"https:\/\/regions-snetap-fsu.fr\/formation\/wp-json\/wp\/v2\/types\/post"}],"author":[{"embeddable":true,"href":"https:\/\/regions-snetap-fsu.fr\/formation\/wp-json\/wp\/v2\/users\/138"}],"replies":[{"embeddable":true,"href":"https:\/\/regions-snetap-fsu.fr\/formation\/wp-json\/wp\/v2\/comments?post=4972"}],"version-history":[{"count":0,"href":"https:\/\/regions-snetap-fsu.fr\/formation\/wp-json\/wp\/v2\/posts\/4972\/revisions"}],"wp:attachment":[{"href":"https:\/\/regions-snetap-fsu.fr\/formation\/wp-json\/wp\/v2\/media?parent=4972"}],"wp:term":[{"taxonomy":"category","embeddable":true,"href":"https:\/\/regions-snetap-fsu.fr\/formation\/wp-json\/wp\/v2\/categories?post=4972"},{"taxonomy":"post_tag","embeddable":true,"href":"https:\/\/regions-snetap-fsu.fr\/formation\/wp-json\/wp\/v2\/tags?post=4972"},{"taxonomy":"post_folder","embeddable":true,"href":"https:\/\/regions-snetap-fsu.fr\/formation\/wp-json\/wp\/v2\/post_folder?post=4972"}],"curies":[{"name":"wp","href":"https:\/\/api.w.org\/{rel}","templated":true}]}}