{"id":4946,"date":"2020-04-05T19:16:14","date_gmt":"2020-04-05T17:16:14","guid":{"rendered":"https:\/\/regions-snetap-fsu.fr\/hdf\/?p=4946"},"modified":"2020-04-05T19:16:14","modified_gmt":"2020-04-05T17:16:14","slug":"manger-pendant-la-crise-du-covid-19","status":"publish","type":"post","link":"https:\/\/regions-snetap-fsu.fr\/formation\/2020\/04\/05\/manger-pendant-la-crise-du-covid-19\/","title":{"rendered":"Manger pendant la crise du covid-19"},"content":{"rendered":"<h2 style=\"text-align: center\"><span class=\"subject\" style=\"font-family: tahoma, arial, helvetica, sans-serif;color: #ff0000\">Manger pendant la crise du covid 19<\/span><\/h2>\n<h2 style=\"text-align: center\"><span class=\"subject\" style=\"font-family: tahoma, arial, helvetica, sans-serif;color: #ff0000\"> urgence alimentaire<\/span><\/h2>\n<blockquote>\n<p style=\"text-align: justify\"><span style=\"font-family: tahoma, arial, helvetica, sans-serif;font-size: 12pt;color: #0000ff\">Vous le savez, depuis plusieurs ann\u00e9es des familles rroms vivent ou plut\u00f4t tentent de survivre dans le bassin minier du Pas de Calais sur diff\u00e9rents sites.<\/span><\/p>\n<p style=\"text-align: justify\"><span style=\"font-family: tahoma, arial, helvetica, sans-serif;font-size: 12pt;color: #0000ff\">Aujourd&rsquo;hui, dans le contexte actuel de crise sanitaire, nous tirons la sonnette d&rsquo;alarme<strong> : il y a, \u00e0 c\u00f4t\u00e9 de chez nous, des gens, des enfants, qui ne mangent pas. <\/strong>Parce que des personnes qui leur venaient en aide sont confin\u00e9es, parce qu&rsquo;ils ne peuvent plus faire la manche, ou maintenir la petite activit\u00e9 que certains ont d\u00e9velopp\u00e9e, leurs maigres moyens de subsistance se sont taris&#8230;<\/span><\/p>\n<p>&nbsp;<\/p><\/blockquote>\n<p><!--more--><\/p>\n<p><img decoding=\"async\" id=\"_x0000_i1025\" class=\"aligncenter\" src=\"https:\/\/apis-mail.laposte.net\/webmail\/download\/Download.html?IDMSG=3061&amp;PJRANG=2&amp;NAME=image001.jpg&amp;FOLDER=INBOX&amp;STREAM_TYPE=IMAGE&amp;EMBEDDED=true\" alt=\"Fraternit\u00e9 rroms\" width=\"90\" height=\"87\" border=\"0\" \/><\/p>\n<p style=\"text-align: justify\"><span style=\"font-family: tahoma, arial, helvetica, sans-serif;font-size: 12pt;color: #0000ff\">Nous avons alert\u00e9 les pouvoirs publics, des associations caritatives, sans effet \u00e0 ce jour. <strong>Aussi, dans l&rsquo;urgence, nous faisons appel \u00e0 la solidarit\u00e9.<\/strong><\/span><\/p>\n<p style=\"text-align: justify\"><span style=\"font-family: tahoma, arial, helvetica, sans-serif;font-size: 12pt;color: #0000ff\">Vous pouvez :<\/span><br \/>\n<span style=\"font-family: tahoma, arial, helvetica, sans-serif;font-size: 12pt;color: #0000ff\">&#8211; faire un don par virement sur le compte de Fraternit\u00e9 rroms (demandez le RIB au Collectif Fraternit\u00e9 rroms)<\/span><br \/>\n<span style=\"font-family: tahoma, arial, helvetica, sans-serif;font-size: 12pt;color: #0000ff\">&#8211; envoyer un ch\u00e8que au Collectif, \u00e0 l&rsquo;adresse postale du Lag : Lag, 23 avenue Jean Jaur\u00e8s 62800 Li\u00e9vin<\/span><br \/>\n<span style=\"font-family: tahoma, arial, helvetica, sans-serif;font-size: 12pt;color: #0000ff\">&#8211; faire parvenir des esp\u00e8ces (dans ce cas, prenez contact avec nous pour les modalit\u00e9s)<\/span><\/p>\n<p style=\"text-align: justify\"><span style=\"font-family: tahoma, arial, helvetica, sans-serif;font-size: 12pt;color: #0000ff\">Dans tous les cas, vous pouvez nous pr\u00e9venir de votre don \u00e0 l&rsquo;adresse <a style=\"color: #0000ff\" href=\"mailto:fraternite.rroms@free.fr\">fraternite.rroms@free.fr<\/a>. Cela nous permettra d&rsquo;anticiper les achats.<\/span><\/p>\n<p style=\"text-align: justify\"><span style=\"font-family: tahoma, arial, helvetica, sans-serif;font-size: 12pt;color: #0000ff\">Vous pouvez \u00e9galement diffuser l&rsquo;information. <strong>Quel que soit le montant, toute contribution est importante.<\/strong><\/span><\/p>\n<p style=\"text-align: justify\"><span style=\"font-family: tahoma, arial, helvetica, sans-serif;font-size: 12pt;color: #0000ff\">Un grand merci \u00e0 vous.<\/span><\/p>\n<p style=\"text-align: justify\"><span style=\"font-family: tahoma, arial, helvetica, sans-serif;font-size: 12pt;color: #0000ff\">le Collectif Fraternit\u00e9 rroms<\/span><\/p>\n","protected":false},"excerpt":{"rendered":"<p>Manger pendant la crise du covid 19 urgence alimentaire Vous le savez, depuis plusieurs ann\u00e9es des familles rroms vivent ou plut\u00f4t tentent de survivre dans le bassin minier du Pas de Calais sur diff\u00e9rents sites. Aujourd&rsquo;hui, dans le contexte actuel de crise sanitaire, nous tirons la sonnette d&rsquo;alarme : il y a, \u00e0 c\u00f4t\u00e9 de [&hellip;]<\/p>\n","protected":false},"author":138,"featured_media":0,"comment_status":"closed","ping_status":"closed","sticky":false,"template":"","format":"standard","meta":{"ocean_post_layout":"","ocean_both_sidebars_style":"","ocean_both_sidebars_content_width":0,"ocean_both_sidebars_sidebars_width":0,"ocean_sidebar":"","ocean_second_sidebar":"","ocean_disable_margins":"enable","ocean_add_body_class":"","ocean_shortcode_before_top_bar":"","ocean_shortcode_after_top_bar":"","ocean_shortcode_before_header":"","ocean_shortcode_after_header":"","ocean_has_shortcode":"","ocean_shortcode_after_title":"","ocean_shortcode_before_footer_widgets":"","ocean_shortcode_after_footer_widgets":"","ocean_shortcode_before_footer_bottom":"","ocean_shortcode_after_footer_bottom":"","ocean_display_top_bar":"default","ocean_display_header":"default","ocean_header_style":"","ocean_center_header_left_menu":"","ocean_custom_header_template":"","ocean_custom_logo":0,"ocean_custom_retina_logo":0,"ocean_custom_logo_max_width":0,"ocean_custom_logo_tablet_max_width":0,"ocean_custom_logo_mobile_max_width":0,"ocean_custom_logo_max_height":0,"ocean_custom_logo_tablet_max_height":0,"ocean_custom_logo_mobile_max_height":0,"ocean_header_custom_menu":"","ocean_menu_typo_font_family":"","ocean_menu_typo_font_subset":"","ocean_menu_typo_font_size":0,"ocean_menu_typo_font_size_tablet":0,"ocean_menu_typo_font_size_mobile":0,"ocean_menu_typo_font_size_unit":"px","ocean_menu_typo_font_weight":"","ocean_menu_typo_font_weight_tablet":"","ocean_menu_typo_font_weight_mobile":"","ocean_menu_typo_transform":"","ocean_menu_typo_transform_tablet":"","ocean_menu_typo_transform_mobile":"","ocean_menu_typo_line_height":0,"ocean_menu_typo_line_height_tablet":0,"ocean_menu_typo_line_height_mobile":0,"ocean_menu_typo_line_height_unit":"","ocean_menu_typo_spacing":0,"ocean_menu_typo_spacing_tablet":0,"ocean_menu_typo_spacing_mobile":0,"ocean_menu_typo_spacing_unit":"","ocean_menu_link_color":"","ocean_menu_link_color_hover":"","ocean_menu_link_color_active":"","ocean_menu_link_background":"","ocean_menu_link_hover_background":"","ocean_menu_link_active_background":"","ocean_menu_social_links_bg":"","ocean_menu_social_hover_links_bg":"","ocean_menu_social_links_color":"","ocean_menu_social_hover_links_color":"","ocean_disable_title":"default","ocean_disable_heading":"default","ocean_post_title":"","ocean_post_subheading":"","ocean_post_title_style":"","ocean_post_title_background_color":"","ocean_post_title_background":0,"ocean_post_title_bg_image_position":"","ocean_post_title_bg_image_attachment":"","ocean_post_title_bg_image_repeat":"","ocean_post_title_bg_image_size":"","ocean_post_title_height":0,"ocean_post_title_bg_overlay":0.5,"ocean_post_title_bg_overlay_color":"","ocean_disable_breadcrumbs":"default","ocean_breadcrumbs_color":"","ocean_breadcrumbs_separator_color":"","ocean_breadcrumbs_links_color":"","ocean_breadcrumbs_links_hover_color":"","ocean_display_footer_widgets":"default","ocean_display_footer_bottom":"default","ocean_custom_footer_template":"","ocean_post_oembed":"","ocean_post_self_hosted_media":"","ocean_post_video_embed":"","ocean_link_format":"","ocean_link_format_target":"self","ocean_quote_format":"","ocean_quote_format_link":"post","ocean_gallery_link_images":"on","ocean_gallery_id":[],"footnotes":""},"categories":[21,1],"tags":[],"post_folder":[],"class_list":["post-4946","post","type-post","status-publish","format-standard","hentry","category-humanitaire","category-non-classe","entry"],"yoast_head":"<!-- This site is optimized with the Yoast SEO plugin v27.4 - https:\/\/yoast.com\/product\/yoast-seo-wordpress\/ -->\n<title>Manger pendant la crise du covid-19 - Formation des sites R\u00e9gionaux du SNETAP-FSU<\/title>\n<meta name=\"robots\" content=\"index, follow, max-snippet:-1, max-image-preview:large, max-video-preview:-1\" \/>\n<link rel=\"canonical\" href=\"https:\/\/regions-snetap-fsu.fr\/formation\/2020\/04\/05\/manger-pendant-la-crise-du-covid-19\/\" \/>\n<meta property=\"og:locale\" content=\"fr_FR\" \/>\n<meta property=\"og:type\" content=\"article\" \/>\n<meta property=\"og:title\" content=\"Manger pendant la crise du covid-19 - Formation des sites R\u00e9gionaux du SNETAP-FSU\" \/>\n<meta property=\"og:description\" content=\"Manger pendant la crise du covid 19 urgence alimentaire Vous le savez, depuis plusieurs ann\u00e9es des familles rroms vivent ou plut\u00f4t tentent de survivre dans le bassin minier du Pas de Calais sur diff\u00e9rents sites. Aujourd&rsquo;hui, dans le contexte actuel de crise sanitaire, nous tirons la sonnette d&rsquo;alarme : il y a, \u00e0 c\u00f4t\u00e9 de [&hellip;]\" \/>\n<meta property=\"og:url\" content=\"https:\/\/regions-snetap-fsu.fr\/formation\/2020\/04\/05\/manger-pendant-la-crise-du-covid-19\/\" \/>\n<meta property=\"og:site_name\" content=\"Formation des sites R\u00e9gionaux du SNETAP-FSU\" \/>\n<meta property=\"article:published_time\" content=\"2020-04-05T17:16:14+00:00\" \/>\n<meta property=\"og:image\" content=\"https:\/\/apis-mail.laposte.net\/webmail\/download\/Download.html?IDMSG=3061&amp;PJRANG=2&amp;NAME=image001.jpg&amp;FOLDER=INBOX&amp;STREAM_TYPE=IMAGE&amp;EMBEDDED=true\" \/>\n<meta name=\"author\" content=\"yoctavien\" \/>\n<meta name=\"twitter:card\" content=\"summary_large_image\" \/>\n<meta name=\"twitter:label1\" content=\"\u00c9crit par\" \/>\n\t<meta name=\"twitter:data1\" content=\"yoctavien\" \/>\n\t<meta name=\"twitter:label2\" content=\"Dur\u00e9e de lecture estim\u00e9e\" \/>\n\t<meta name=\"twitter:data2\" content=\"1 minute\" \/>\n<script type=\"application\/ld+json\" class=\"yoast-schema-graph\">{\"@context\":\"https:\\\/\\\/schema.org\",\"@graph\":[{\"@type\":\"Article\",\"@id\":\"https:\\\/\\\/regions-snetap-fsu.fr\\\/formation\\\/2020\\\/04\\\/05\\\/manger-pendant-la-crise-du-covid-19\\\/#article\",\"isPartOf\":{\"@id\":\"https:\\\/\\\/regions-snetap-fsu.fr\\\/formation\\\/2020\\\/04\\\/05\\\/manger-pendant-la-crise-du-covid-19\\\/\"},\"author\":{\"name\":\"yoctavien\",\"@id\":\"https:\\\/\\\/regions-snetap-fsu.fr\\\/formation\\\/#\\\/schema\\\/person\\\/f5dc7b6354e942ca9c5fa8e9ff7e5c93\"},\"headline\":\"Manger pendant la crise du covid-19\",\"datePublished\":\"2020-04-05T17:16:14+00:00\",\"mainEntityOfPage\":{\"@id\":\"https:\\\/\\\/regions-snetap-fsu.fr\\\/formation\\\/2020\\\/04\\\/05\\\/manger-pendant-la-crise-du-covid-19\\\/\"},\"wordCount\":242,\"publisher\":{\"@id\":\"https:\\\/\\\/regions-snetap-fsu.fr\\\/formation\\\/#organization\"},\"image\":{\"@id\":\"https:\\\/\\\/regions-snetap-fsu.fr\\\/formation\\\/2020\\\/04\\\/05\\\/manger-pendant-la-crise-du-covid-19\\\/#primaryimage\"},\"thumbnailUrl\":\"https:\\\/\\\/apis-mail.laposte.net\\\/webmail\\\/download\\\/Download.html?IDMSG=3061&amp;PJRANG=2&amp;NAME=image001.jpg&amp;FOLDER=INBOX&amp;STREAM_TYPE=IMAGE&amp;EMBEDDED=true\",\"articleSection\":[\"Bulletins\"],\"inLanguage\":\"fr-FR\"},{\"@type\":\"WebPage\",\"@id\":\"https:\\\/\\\/regions-snetap-fsu.fr\\\/formation\\\/2020\\\/04\\\/05\\\/manger-pendant-la-crise-du-covid-19\\\/\",\"url\":\"https:\\\/\\\/regions-snetap-fsu.fr\\\/formation\\\/2020\\\/04\\\/05\\\/manger-pendant-la-crise-du-covid-19\\\/\",\"name\":\"Manger pendant la crise du covid-19 - Formation des sites R\u00e9gionaux du SNETAP-FSU\",\"isPartOf\":{\"@id\":\"https:\\\/\\\/regions-snetap-fsu.fr\\\/formation\\\/#website\"},\"primaryImageOfPage\":{\"@id\":\"https:\\\/\\\/regions-snetap-fsu.fr\\\/formation\\\/2020\\\/04\\\/05\\\/manger-pendant-la-crise-du-covid-19\\\/#primaryimage\"},\"image\":{\"@id\":\"https:\\\/\\\/regions-snetap-fsu.fr\\\/formation\\\/2020\\\/04\\\/05\\\/manger-pendant-la-crise-du-covid-19\\\/#primaryimage\"},\"thumbnailUrl\":\"https:\\\/\\\/apis-mail.laposte.net\\\/webmail\\\/download\\\/Download.html?IDMSG=3061&amp;PJRANG=2&amp;NAME=image001.jpg&amp;FOLDER=INBOX&amp;STREAM_TYPE=IMAGE&amp;EMBEDDED=true\",\"datePublished\":\"2020-04-05T17:16:14+00:00\",\"breadcrumb\":{\"@id\":\"https:\\\/\\\/regions-snetap-fsu.fr\\\/formation\\\/2020\\\/04\\\/05\\\/manger-pendant-la-crise-du-covid-19\\\/#breadcrumb\"},\"inLanguage\":\"fr-FR\",\"potentialAction\":[{\"@type\":\"ReadAction\",\"target\":[\"https:\\\/\\\/regions-snetap-fsu.fr\\\/formation\\\/2020\\\/04\\\/05\\\/manger-pendant-la-crise-du-covid-19\\\/\"]}]},{\"@type\":\"ImageObject\",\"inLanguage\":\"fr-FR\",\"@id\":\"https:\\\/\\\/regions-snetap-fsu.fr\\\/formation\\\/2020\\\/04\\\/05\\\/manger-pendant-la-crise-du-covid-19\\\/#primaryimage\",\"url\":\"https:\\\/\\\/apis-mail.laposte.net\\\/webmail\\\/download\\\/Download.html?IDMSG=3061&amp;PJRANG=2&amp;NAME=image001.jpg&amp;FOLDER=INBOX&amp;STREAM_TYPE=IMAGE&amp;EMBEDDED=true\",\"contentUrl\":\"https:\\\/\\\/apis-mail.laposte.net\\\/webmail\\\/download\\\/Download.html?IDMSG=3061&amp;PJRANG=2&amp;NAME=image001.jpg&amp;FOLDER=INBOX&amp;STREAM_TYPE=IMAGE&amp;EMBEDDED=true\"},{\"@type\":\"BreadcrumbList\",\"@id\":\"https:\\\/\\\/regions-snetap-fsu.fr\\\/formation\\\/2020\\\/04\\\/05\\\/manger-pendant-la-crise-du-covid-19\\\/#breadcrumb\",\"itemListElement\":[{\"@type\":\"ListItem\",\"position\":1,\"name\":\"Accueil\",\"item\":\"https:\\\/\\\/regions-snetap-fsu.fr\\\/formation\\\/\"},{\"@type\":\"ListItem\",\"position\":2,\"name\":\"Manger pendant la crise du covid-19\"}]},{\"@type\":\"WebSite\",\"@id\":\"https:\\\/\\\/regions-snetap-fsu.fr\\\/formation\\\/#website\",\"url\":\"https:\\\/\\\/regions-snetap-fsu.fr\\\/formation\\\/\",\"name\":\"Formation des sites R\u00e9gionaux du SNETAP-FSU\",\"description\":\"\",\"publisher\":{\"@id\":\"https:\\\/\\\/regions-snetap-fsu.fr\\\/formation\\\/#organization\"},\"potentialAction\":[{\"@type\":\"SearchAction\",\"target\":{\"@type\":\"EntryPoint\",\"urlTemplate\":\"https:\\\/\\\/regions-snetap-fsu.fr\\\/formation\\\/?s={search_term_string}\"},\"query-input\":{\"@type\":\"PropertyValueSpecification\",\"valueRequired\":true,\"valueName\":\"search_term_string\"}}],\"inLanguage\":\"fr-FR\"},{\"@type\":\"Organization\",\"@id\":\"https:\\\/\\\/regions-snetap-fsu.fr\\\/formation\\\/#organization\",\"name\":\"Formation des sites R\u00e9gionaux du SNETAP-FSU\",\"url\":\"https:\\\/\\\/regions-snetap-fsu.fr\\\/formation\\\/\",\"logo\":{\"@type\":\"ImageObject\",\"inLanguage\":\"fr-FR\",\"@id\":\"https:\\\/\\\/regions-snetap-fsu.fr\\\/formation\\\/#\\\/schema\\\/logo\\\/image\\\/\",\"url\":\"https:\\\/\\\/regions-snetap-fsu.fr\\\/formation\\\/wp-content\\\/uploads\\\/sites\\\/20\\\/2025\\\/04\\\/cropped-Logo_blanc_fond_transparent_1000x755.png\",\"contentUrl\":\"https:\\\/\\\/regions-snetap-fsu.fr\\\/formation\\\/wp-content\\\/uploads\\\/sites\\\/20\\\/2025\\\/04\\\/cropped-Logo_blanc_fond_transparent_1000x755.png\",\"width\":998,\"height\":689,\"caption\":\"Formation des sites R\u00e9gionaux du SNETAP-FSU\"},\"image\":{\"@id\":\"https:\\\/\\\/regions-snetap-fsu.fr\\\/formation\\\/#\\\/schema\\\/logo\\\/image\\\/\"}},{\"@type\":\"Person\",\"@id\":\"https:\\\/\\\/regions-snetap-fsu.fr\\\/formation\\\/#\\\/schema\\\/person\\\/f5dc7b6354e942ca9c5fa8e9ff7e5c93\",\"name\":\"yoctavien\",\"image\":{\"@type\":\"ImageObject\",\"inLanguage\":\"fr-FR\",\"@id\":\"https:\\\/\\\/secure.gravatar.com\\\/avatar\\\/382642c092b6b9da14641d3c478df2f3da4a2d17eea25691c232d4dbf735c292?s=96&d=mm&r=g\",\"url\":\"https:\\\/\\\/secure.gravatar.com\\\/avatar\\\/382642c092b6b9da14641d3c478df2f3da4a2d17eea25691c232d4dbf735c292?s=96&d=mm&r=g\",\"contentUrl\":\"https:\\\/\\\/secure.gravatar.com\\\/avatar\\\/382642c092b6b9da14641d3c478df2f3da4a2d17eea25691c232d4dbf735c292?s=96&d=mm&r=g\",\"caption\":\"yoctavien\"},\"url\":\"https:\\\/\\\/regions-snetap-fsu.fr\\\/formation\\\/author\\\/yoctavien\\\/\"}]}<\/script>\n<!-- \/ Yoast SEO plugin. -->","yoast_head_json":{"title":"Manger pendant la crise du covid-19 - Formation des sites R\u00e9gionaux du SNETAP-FSU","robots":{"index":"index","follow":"follow","max-snippet":"max-snippet:-1","max-image-preview":"max-image-preview:large","max-video-preview":"max-video-preview:-1"},"canonical":"https:\/\/regions-snetap-fsu.fr\/formation\/2020\/04\/05\/manger-pendant-la-crise-du-covid-19\/","og_locale":"fr_FR","og_type":"article","og_title":"Manger pendant la crise du covid-19 - Formation des sites R\u00e9gionaux du SNETAP-FSU","og_description":"Manger pendant la crise du covid 19 urgence alimentaire Vous le savez, depuis plusieurs ann\u00e9es des familles rroms vivent ou plut\u00f4t tentent de survivre dans le bassin minier du Pas de Calais sur diff\u00e9rents sites. Aujourd&rsquo;hui, dans le contexte actuel de crise sanitaire, nous tirons la sonnette d&rsquo;alarme : il y a, \u00e0 c\u00f4t\u00e9 de [&hellip;]","og_url":"https:\/\/regions-snetap-fsu.fr\/formation\/2020\/04\/05\/manger-pendant-la-crise-du-covid-19\/","og_site_name":"Formation des sites R\u00e9gionaux du SNETAP-FSU","article_published_time":"2020-04-05T17:16:14+00:00","og_image":[{"url":"https:\/\/apis-mail.laposte.net\/webmail\/download\/Download.html?IDMSG=3061&amp;PJRANG=2&amp;NAME=image001.jpg&amp;FOLDER=INBOX&amp;STREAM_TYPE=IMAGE&amp;EMBEDDED=true","type":"","width":"","height":""}],"author":"yoctavien","twitter_card":"summary_large_image","twitter_misc":{"\u00c9crit par":"yoctavien","Dur\u00e9e de lecture estim\u00e9e":"1 minute"},"schema":{"@context":"https:\/\/schema.org","@graph":[{"@type":"Article","@id":"https:\/\/regions-snetap-fsu.fr\/formation\/2020\/04\/05\/manger-pendant-la-crise-du-covid-19\/#article","isPartOf":{"@id":"https:\/\/regions-snetap-fsu.fr\/formation\/2020\/04\/05\/manger-pendant-la-crise-du-covid-19\/"},"author":{"name":"yoctavien","@id":"https:\/\/regions-snetap-fsu.fr\/formation\/#\/schema\/person\/f5dc7b6354e942ca9c5fa8e9ff7e5c93"},"headline":"Manger pendant la crise du covid-19","datePublished":"2020-04-05T17:16:14+00:00","mainEntityOfPage":{"@id":"https:\/\/regions-snetap-fsu.fr\/formation\/2020\/04\/05\/manger-pendant-la-crise-du-covid-19\/"},"wordCount":242,"publisher":{"@id":"https:\/\/regions-snetap-fsu.fr\/formation\/#organization"},"image":{"@id":"https:\/\/regions-snetap-fsu.fr\/formation\/2020\/04\/05\/manger-pendant-la-crise-du-covid-19\/#primaryimage"},"thumbnailUrl":"https:\/\/apis-mail.laposte.net\/webmail\/download\/Download.html?IDMSG=3061&amp;PJRANG=2&amp;NAME=image001.jpg&amp;FOLDER=INBOX&amp;STREAM_TYPE=IMAGE&amp;EMBEDDED=true","articleSection":["Bulletins"],"inLanguage":"fr-FR"},{"@type":"WebPage","@id":"https:\/\/regions-snetap-fsu.fr\/formation\/2020\/04\/05\/manger-pendant-la-crise-du-covid-19\/","url":"https:\/\/regions-snetap-fsu.fr\/formation\/2020\/04\/05\/manger-pendant-la-crise-du-covid-19\/","name":"Manger pendant la crise du covid-19 - Formation des sites R\u00e9gionaux du SNETAP-FSU","isPartOf":{"@id":"https:\/\/regions-snetap-fsu.fr\/formation\/#website"},"primaryImageOfPage":{"@id":"https:\/\/regions-snetap-fsu.fr\/formation\/2020\/04\/05\/manger-pendant-la-crise-du-covid-19\/#primaryimage"},"image":{"@id":"https:\/\/regions-snetap-fsu.fr\/formation\/2020\/04\/05\/manger-pendant-la-crise-du-covid-19\/#primaryimage"},"thumbnailUrl":"https:\/\/apis-mail.laposte.net\/webmail\/download\/Download.html?IDMSG=3061&amp;PJRANG=2&amp;NAME=image001.jpg&amp;FOLDER=INBOX&amp;STREAM_TYPE=IMAGE&amp;EMBEDDED=true","datePublished":"2020-04-05T17:16:14+00:00","breadcrumb":{"@id":"https:\/\/regions-snetap-fsu.fr\/formation\/2020\/04\/05\/manger-pendant-la-crise-du-covid-19\/#breadcrumb"},"inLanguage":"fr-FR","potentialAction":[{"@type":"ReadAction","target":["https:\/\/regions-snetap-fsu.fr\/formation\/2020\/04\/05\/manger-pendant-la-crise-du-covid-19\/"]}]},{"@type":"ImageObject","inLanguage":"fr-FR","@id":"https:\/\/regions-snetap-fsu.fr\/formation\/2020\/04\/05\/manger-pendant-la-crise-du-covid-19\/#primaryimage","url":"https:\/\/apis-mail.laposte.net\/webmail\/download\/Download.html?IDMSG=3061&amp;PJRANG=2&amp;NAME=image001.jpg&amp;FOLDER=INBOX&amp;STREAM_TYPE=IMAGE&amp;EMBEDDED=true","contentUrl":"https:\/\/apis-mail.laposte.net\/webmail\/download\/Download.html?IDMSG=3061&amp;PJRANG=2&amp;NAME=image001.jpg&amp;FOLDER=INBOX&amp;STREAM_TYPE=IMAGE&amp;EMBEDDED=true"},{"@type":"BreadcrumbList","@id":"https:\/\/regions-snetap-fsu.fr\/formation\/2020\/04\/05\/manger-pendant-la-crise-du-covid-19\/#breadcrumb","itemListElement":[{"@type":"ListItem","position":1,"name":"Accueil","item":"https:\/\/regions-snetap-fsu.fr\/formation\/"},{"@type":"ListItem","position":2,"name":"Manger pendant la crise du covid-19"}]},{"@type":"WebSite","@id":"https:\/\/regions-snetap-fsu.fr\/formation\/#website","url":"https:\/\/regions-snetap-fsu.fr\/formation\/","name":"Formation des sites R\u00e9gionaux du SNETAP-FSU","description":"","publisher":{"@id":"https:\/\/regions-snetap-fsu.fr\/formation\/#organization"},"potentialAction":[{"@type":"SearchAction","target":{"@type":"EntryPoint","urlTemplate":"https:\/\/regions-snetap-fsu.fr\/formation\/?s={search_term_string}"},"query-input":{"@type":"PropertyValueSpecification","valueRequired":true,"valueName":"search_term_string"}}],"inLanguage":"fr-FR"},{"@type":"Organization","@id":"https:\/\/regions-snetap-fsu.fr\/formation\/#organization","name":"Formation des sites R\u00e9gionaux du SNETAP-FSU","url":"https:\/\/regions-snetap-fsu.fr\/formation\/","logo":{"@type":"ImageObject","inLanguage":"fr-FR","@id":"https:\/\/regions-snetap-fsu.fr\/formation\/#\/schema\/logo\/image\/","url":"https:\/\/regions-snetap-fsu.fr\/formation\/wp-content\/uploads\/sites\/20\/2025\/04\/cropped-Logo_blanc_fond_transparent_1000x755.png","contentUrl":"https:\/\/regions-snetap-fsu.fr\/formation\/wp-content\/uploads\/sites\/20\/2025\/04\/cropped-Logo_blanc_fond_transparent_1000x755.png","width":998,"height":689,"caption":"Formation des sites R\u00e9gionaux du SNETAP-FSU"},"image":{"@id":"https:\/\/regions-snetap-fsu.fr\/formation\/#\/schema\/logo\/image\/"}},{"@type":"Person","@id":"https:\/\/regions-snetap-fsu.fr\/formation\/#\/schema\/person\/f5dc7b6354e942ca9c5fa8e9ff7e5c93","name":"yoctavien","image":{"@type":"ImageObject","inLanguage":"fr-FR","@id":"https:\/\/secure.gravatar.com\/avatar\/382642c092b6b9da14641d3c478df2f3da4a2d17eea25691c232d4dbf735c292?s=96&d=mm&r=g","url":"https:\/\/secure.gravatar.com\/avatar\/382642c092b6b9da14641d3c478df2f3da4a2d17eea25691c232d4dbf735c292?s=96&d=mm&r=g","contentUrl":"https:\/\/secure.gravatar.com\/avatar\/382642c092b6b9da14641d3c478df2f3da4a2d17eea25691c232d4dbf735c292?s=96&d=mm&r=g","caption":"yoctavien"},"url":"https:\/\/regions-snetap-fsu.fr\/formation\/author\/yoctavien\/"}]}},"_links":{"self":[{"href":"https:\/\/regions-snetap-fsu.fr\/formation\/wp-json\/wp\/v2\/posts\/4946","targetHints":{"allow":["GET"]}}],"collection":[{"href":"https:\/\/regions-snetap-fsu.fr\/formation\/wp-json\/wp\/v2\/posts"}],"about":[{"href":"https:\/\/regions-snetap-fsu.fr\/formation\/wp-json\/wp\/v2\/types\/post"}],"author":[{"embeddable":true,"href":"https:\/\/regions-snetap-fsu.fr\/formation\/wp-json\/wp\/v2\/users\/138"}],"replies":[{"embeddable":true,"href":"https:\/\/regions-snetap-fsu.fr\/formation\/wp-json\/wp\/v2\/comments?post=4946"}],"version-history":[{"count":0,"href":"https:\/\/regions-snetap-fsu.fr\/formation\/wp-json\/wp\/v2\/posts\/4946\/revisions"}],"wp:attachment":[{"href":"https:\/\/regions-snetap-fsu.fr\/formation\/wp-json\/wp\/v2\/media?parent=4946"}],"wp:term":[{"taxonomy":"category","embeddable":true,"href":"https:\/\/regions-snetap-fsu.fr\/formation\/wp-json\/wp\/v2\/categories?post=4946"},{"taxonomy":"post_tag","embeddable":true,"href":"https:\/\/regions-snetap-fsu.fr\/formation\/wp-json\/wp\/v2\/tags?post=4946"},{"taxonomy":"post_folder","embeddable":true,"href":"https:\/\/regions-snetap-fsu.fr\/formation\/wp-json\/wp\/v2\/post_folder?post=4946"}],"curies":[{"name":"wp","href":"https:\/\/api.w.org\/{rel}","templated":true}]}}