{"id":4937,"date":"2020-04-05T18:58:22","date_gmt":"2020-04-05T16:58:22","guid":{"rendered":"https:\/\/regions-snetap-fsu.fr\/hdf\/?p=4937"},"modified":"2020-04-05T18:58:22","modified_gmt":"2020-04-05T16:58:22","slug":"situation-des-refugies-il-est-urgent-dagir","status":"publish","type":"post","link":"https:\/\/regions-snetap-fsu.fr\/formation\/2020\/04\/05\/situation-des-refugies-il-est-urgent-dagir\/","title":{"rendered":"Situation des r\u00e9fugi\u00e9s\u00a0: il est urgent d\u2019agir"},"content":{"rendered":"<h2 style=\"text-align: center\" align=\"center\"><span style=\"font-size: 18pt;font-family: tahoma, arial, helvetica, sans-serif;color: #ff0000\"><b>Situation des r\u00e9fugi\u00e9s<\/b><\/span><\/h2>\n<h2 style=\"text-align: center\" align=\"center\"><span style=\"font-size: 18pt;font-family: tahoma, arial, helvetica, sans-serif;color: #ff0000\"><b>dans le Calaisis et Grande Synthe<\/b><\/span><\/h2>\n<h2 style=\"text-align: center\" align=\"center\"><span style=\"font-size: 18pt;font-family: tahoma, arial, helvetica, sans-serif;color: #ff0000\"><b>il est urgent d\u2019agir<\/b><\/span><\/h2>\n<p style=\"text-align: justify\" align=\"justify\"><span style=\"font-family: tahoma, arial, helvetica, sans-serif;font-size: 12pt\"><span style=\"color: #0000ff\">La cr<\/span><img decoding=\"async\" class=\" wp-image-972 alignleft\" src=\"https:\/\/regions-snetap-fsu.fr\/hdf\/wp-content\/uploads\/sites\/5\/2018\/10\/fsu-sign-vertic-bleu-203x300.png\" alt=\"Logo FSU engag\u00e9s au quotidien\" width=\"110\" height=\"163\" \/><span style=\"color: #0000ff\">ise sanitaire du coronavirus a servi de r\u00e9v\u00e9lateur \u00e0 l\u2019\u00e9tat catastrophique du syst\u00e8me de sant\u00e9 en France, situation d\u00e9nonc\u00e9e depuis plusieurs ann\u00e9es par les organisations syndicales de ce secteur. Cette crise est d\u2019autant plus violente pour les populations les plus pr\u00e9caires et l\u2019est davantage pour les r\u00e9fugi\u00e9s pr\u00e9sents dans le Calaisis et \u00e0 Grande Synthe- <\/span><span style=\"color: #0000ff\">les plus pauvres parmi les pauvres&#8230;<\/span><\/span><\/p>\n<p align=\"justify\"><!--more--><\/p>\n<p style=\"text-align: justify\" align=\"justify\"><span style=\"font-family: tahoma, arial, helvetica, sans-serif;font-size: 12pt;color: #0000ff\">Depuis le 16 mars, les 24 associations d\u2019aide aux migrants ont demand\u00e9 dans une lettre ouverte au pr\u00e9fet du Pas-de-Calais des mesures d\u2019urgence pour assurer la protection sanitaire des r\u00e9fugi\u00e9s, leurs conditions d\u2019existence dans les diff\u00e9rents campements \u00e9tant plus que pr\u00e9caires.<\/span><\/p>\n<p style=\"text-align: justify\" align=\"justify\"><span style=\"font-family: tahoma, arial, helvetica, sans-serif;font-size: 12pt;color: #0000ff\">Il est compliqu\u00e9 d\u2019avoir acc\u00e8s \u00e0 point d\u2019eau pour se laver les mains par exemple. En outre, l\u2019association Refugee Community Kitchen qui pr\u00e9parait les repas depuis Octobre 2015 a d\u00fb suspendre son activit\u00e9 en raison de la crise du covid19. Cela va d\u00e9grader un peu plus la situation m\u00eame si certaines associations tentent d\u2019organiser la distribution de repas.<\/span><\/p>\n<p style=\"text-align: justify\" align=\"justify\"><span style=\"font-family: tahoma, arial, helvetica, sans-serif;font-size: 12pt;color: #0000ff\">L\u2019\u00c9tat et ses repr\u00e9sentants ont commenc\u00e9 tardivement \u00e0 r\u00e9agir pour s\u2019occuper de cette population fragile face \u00e0 la pand\u00e9mie. Il a \u00e9t\u00e9 annonc\u00e9 que les r\u00e9fugi\u00e9s volontaires pourraient \u00eatre amen\u00e9s dans des centres d\u2019h\u00e9bergements \u00e9loign\u00e9s de Calais et de Grande-Synthe accueillant au maximum une centaine de personnes alors qu\u2019il y a environ un millier de r\u00e9fugi\u00e9s \u00e0 Calais. C\u2019est la m\u00eame fa\u00e7on de proc\u00e9der que lors du d\u00e9mant\u00e8lement de la Jungle.<\/span><\/p>\n<p style=\"text-align: justify\" align=\"justify\"><span style=\"font-family: tahoma, arial, helvetica, sans-serif;font-size: 12pt;color: #0000ff\">Pour les associations, les dispositifs d\u2019h\u00e9bergements doivent \u00eatre \u00e0 proximit\u00e9 des lieux habituels et les modalit\u00e9s de confinement s\u2019appliquant aux r\u00e9fugi\u00e9s doivent \u00eatre les m\u00eames que pour le reste de la population.<\/span><\/p>\n<p style=\"text-align: justify\" align=\"justify\"><span style=\"font-family: tahoma, arial, helvetica, sans-serif;font-size: 12pt;color: #0000ff\">Par ailleurs, la situation sanitaire dans les CRA de Coquelles et Lesquin est plus qu\u2019alarmante\u00a0: pourquoi maintenir enferm\u00e9es, dans des conditions de risques de contagion extr\u00eames, des personnes qui n\u2019ont commis aucun d\u00e9lit\u00a0? Nombre d\u2019associations et d\u2019organisations demandent depuis le d\u00e9but du confinement la lib\u00e9ration des retenus et leur prise en charge humanitaire, sans r\u00e9ponse jusqu\u2019\u00e0 pr\u00e9sent des pouvoirs publics.<\/span><\/p>\n<p style=\"text-align: justify\" align=\"justify\"><span style=\"font-family: tahoma, arial, helvetica, sans-serif;font-size: 12pt;color: #0000ff\">La FSU59\/62 d\u00e9nonce depuis des ann\u00e9es la mani\u00e8re dont sont trait\u00e9s les r\u00e9fugi\u00e9s depuis des ann\u00e9es et r\u00e9clame, outre la libert\u00e9 de circulation et d\u2019installation, des conditions d\u00e9centes pour accueillir ces populations fuyant la guerre et la mis\u00e8re. La FSU 59\/62 apporte son soutien et sa solidarit\u00e9 aux exil\u00e9s et aux associations. Il est imp\u00e9ratif que l\u2019\u00c9tat prenne les mesures n\u00e9cessaires en accord avec les associations pour assurer la protection sanitaire des exil\u00e9s.<\/span><\/p>\n","protected":false},"excerpt":{"rendered":"<p>Situation des r\u00e9fugi\u00e9s dans le Calaisis et Grande Synthe il est urgent d\u2019agir La crise sanitaire du coronavirus a servi de r\u00e9v\u00e9lateur \u00e0 l\u2019\u00e9tat catastrophique du syst\u00e8me de sant\u00e9 en France, situation d\u00e9nonc\u00e9e depuis plusieurs ann\u00e9es par les organisations syndicales de ce secteur. Cette crise est d\u2019autant plus violente pour les populations les plus pr\u00e9caires [&hellip;]<\/p>\n","protected":false},"author":138,"featured_media":0,"comment_status":"closed","ping_status":"closed","sticky":false,"template":"","format":"standard","meta":{"ocean_post_layout":"","ocean_both_sidebars_style":"","ocean_both_sidebars_content_width":0,"ocean_both_sidebars_sidebars_width":0,"ocean_sidebar":"","ocean_second_sidebar":"","ocean_disable_margins":"enable","ocean_add_body_class":"","ocean_shortcode_before_top_bar":"","ocean_shortcode_after_top_bar":"","ocean_shortcode_before_header":"","ocean_shortcode_after_header":"","ocean_has_shortcode":"","ocean_shortcode_after_title":"","ocean_shortcode_before_footer_widgets":"","ocean_shortcode_after_footer_widgets":"","ocean_shortcode_before_footer_bottom":"","ocean_shortcode_after_footer_bottom":"","ocean_display_top_bar":"default","ocean_display_header":"default","ocean_header_style":"","ocean_center_header_left_menu":"","ocean_custom_header_template":"","ocean_custom_logo":0,"ocean_custom_retina_logo":0,"ocean_custom_logo_max_width":0,"ocean_custom_logo_tablet_max_width":0,"ocean_custom_logo_mobile_max_width":0,"ocean_custom_logo_max_height":0,"ocean_custom_logo_tablet_max_height":0,"ocean_custom_logo_mobile_max_height":0,"ocean_header_custom_menu":"","ocean_menu_typo_font_family":"","ocean_menu_typo_font_subset":"","ocean_menu_typo_font_size":0,"ocean_menu_typo_font_size_tablet":0,"ocean_menu_typo_font_size_mobile":0,"ocean_menu_typo_font_size_unit":"px","ocean_menu_typo_font_weight":"","ocean_menu_typo_font_weight_tablet":"","ocean_menu_typo_font_weight_mobile":"","ocean_menu_typo_transform":"","ocean_menu_typo_transform_tablet":"","ocean_menu_typo_transform_mobile":"","ocean_menu_typo_line_height":0,"ocean_menu_typo_line_height_tablet":0,"ocean_menu_typo_line_height_mobile":0,"ocean_menu_typo_line_height_unit":"","ocean_menu_typo_spacing":0,"ocean_menu_typo_spacing_tablet":0,"ocean_menu_typo_spacing_mobile":0,"ocean_menu_typo_spacing_unit":"","ocean_menu_link_color":"","ocean_menu_link_color_hover":"","ocean_menu_link_color_active":"","ocean_menu_link_background":"","ocean_menu_link_hover_background":"","ocean_menu_link_active_background":"","ocean_menu_social_links_bg":"","ocean_menu_social_hover_links_bg":"","ocean_menu_social_links_color":"","ocean_menu_social_hover_links_color":"","ocean_disable_title":"default","ocean_disable_heading":"default","ocean_post_title":"","ocean_post_subheading":"","ocean_post_title_style":"","ocean_post_title_background_color":"","ocean_post_title_background":0,"ocean_post_title_bg_image_position":"","ocean_post_title_bg_image_attachment":"","ocean_post_title_bg_image_repeat":"","ocean_post_title_bg_image_size":"","ocean_post_title_height":0,"ocean_post_title_bg_overlay":0.5,"ocean_post_title_bg_overlay_color":"","ocean_disable_breadcrumbs":"default","ocean_breadcrumbs_color":"","ocean_breadcrumbs_separator_color":"","ocean_breadcrumbs_links_color":"","ocean_breadcrumbs_links_hover_color":"","ocean_display_footer_widgets":"default","ocean_display_footer_bottom":"default","ocean_custom_footer_template":"","ocean_post_oembed":"","ocean_post_self_hosted_media":"","ocean_post_video_embed":"","ocean_link_format":"","ocean_link_format_target":"self","ocean_quote_format":"","ocean_quote_format_link":"post","ocean_gallery_link_images":"on","ocean_gallery_id":[],"footnotes":""},"categories":[21],"tags":[],"post_folder":[],"class_list":["post-4937","post","type-post","status-publish","format-standard","hentry","category-humanitaire","entry"],"yoast_head":"<!-- This site is optimized with the Yoast SEO plugin v27.4 - https:\/\/yoast.com\/product\/yoast-seo-wordpress\/ -->\n<title>Situation des r\u00e9fugi\u00e9s\u00a0: il est urgent d\u2019agir - Formation des sites R\u00e9gionaux du SNETAP-FSU<\/title>\n<meta name=\"robots\" content=\"index, follow, max-snippet:-1, max-image-preview:large, max-video-preview:-1\" \/>\n<link rel=\"canonical\" href=\"https:\/\/regions-snetap-fsu.fr\/formation\/2020\/04\/05\/situation-des-refugies-il-est-urgent-dagir\/\" \/>\n<meta property=\"og:locale\" content=\"fr_FR\" \/>\n<meta property=\"og:type\" content=\"article\" \/>\n<meta property=\"og:title\" content=\"Situation des r\u00e9fugi\u00e9s\u00a0: il est urgent d\u2019agir - Formation des sites R\u00e9gionaux du SNETAP-FSU\" \/>\n<meta property=\"og:description\" content=\"Situation des r\u00e9fugi\u00e9s dans le Calaisis et Grande Synthe il est urgent d\u2019agir La crise sanitaire du coronavirus a servi de r\u00e9v\u00e9lateur \u00e0 l\u2019\u00e9tat catastrophique du syst\u00e8me de sant\u00e9 en France, situation d\u00e9nonc\u00e9e depuis plusieurs ann\u00e9es par les organisations syndicales de ce secteur. Cette crise est d\u2019autant plus violente pour les populations les plus pr\u00e9caires [&hellip;]\" \/>\n<meta property=\"og:url\" content=\"https:\/\/regions-snetap-fsu.fr\/formation\/2020\/04\/05\/situation-des-refugies-il-est-urgent-dagir\/\" \/>\n<meta property=\"og:site_name\" content=\"Formation des sites R\u00e9gionaux du SNETAP-FSU\" \/>\n<meta property=\"article:published_time\" content=\"2020-04-05T16:58:22+00:00\" \/>\n<meta name=\"author\" content=\"yoctavien\" \/>\n<meta name=\"twitter:card\" content=\"summary_large_image\" \/>\n<meta name=\"twitter:label1\" content=\"\u00c9crit par\" \/>\n\t<meta name=\"twitter:data1\" content=\"yoctavien\" \/>\n\t<meta name=\"twitter:label2\" content=\"Dur\u00e9e de lecture estim\u00e9e\" \/>\n\t<meta name=\"twitter:data2\" content=\"2 minutes\" \/>\n<script type=\"application\/ld+json\" class=\"yoast-schema-graph\">{\"@context\":\"https:\\\/\\\/schema.org\",\"@graph\":[{\"@type\":\"Article\",\"@id\":\"https:\\\/\\\/regions-snetap-fsu.fr\\\/formation\\\/2020\\\/04\\\/05\\\/situation-des-refugies-il-est-urgent-dagir\\\/#article\",\"isPartOf\":{\"@id\":\"https:\\\/\\\/regions-snetap-fsu.fr\\\/formation\\\/2020\\\/04\\\/05\\\/situation-des-refugies-il-est-urgent-dagir\\\/\"},\"author\":{\"name\":\"yoctavien\",\"@id\":\"https:\\\/\\\/regions-snetap-fsu.fr\\\/formation\\\/#\\\/schema\\\/person\\\/f5dc7b6354e942ca9c5fa8e9ff7e5c93\"},\"headline\":\"Situation des r\u00e9fugi\u00e9s\u00a0: il est urgent d\u2019agir\",\"datePublished\":\"2020-04-05T16:58:22+00:00\",\"mainEntityOfPage\":{\"@id\":\"https:\\\/\\\/regions-snetap-fsu.fr\\\/formation\\\/2020\\\/04\\\/05\\\/situation-des-refugies-il-est-urgent-dagir\\\/\"},\"wordCount\":496,\"publisher\":{\"@id\":\"https:\\\/\\\/regions-snetap-fsu.fr\\\/formation\\\/#organization\"},\"image\":{\"@id\":\"https:\\\/\\\/regions-snetap-fsu.fr\\\/formation\\\/2020\\\/04\\\/05\\\/situation-des-refugies-il-est-urgent-dagir\\\/#primaryimage\"},\"thumbnailUrl\":\"https:\\\/\\\/regions-snetap-fsu.fr\\\/hdf\\\/wp-content\\\/uploads\\\/sites\\\/5\\\/2018\\\/10\\\/fsu-sign-vertic-bleu-203x300.png\",\"articleSection\":[\"Bulletins\"],\"inLanguage\":\"fr-FR\"},{\"@type\":\"WebPage\",\"@id\":\"https:\\\/\\\/regions-snetap-fsu.fr\\\/formation\\\/2020\\\/04\\\/05\\\/situation-des-refugies-il-est-urgent-dagir\\\/\",\"url\":\"https:\\\/\\\/regions-snetap-fsu.fr\\\/formation\\\/2020\\\/04\\\/05\\\/situation-des-refugies-il-est-urgent-dagir\\\/\",\"name\":\"Situation des r\u00e9fugi\u00e9s\u00a0: il est urgent d\u2019agir - Formation des sites R\u00e9gionaux du SNETAP-FSU\",\"isPartOf\":{\"@id\":\"https:\\\/\\\/regions-snetap-fsu.fr\\\/formation\\\/#website\"},\"primaryImageOfPage\":{\"@id\":\"https:\\\/\\\/regions-snetap-fsu.fr\\\/formation\\\/2020\\\/04\\\/05\\\/situation-des-refugies-il-est-urgent-dagir\\\/#primaryimage\"},\"image\":{\"@id\":\"https:\\\/\\\/regions-snetap-fsu.fr\\\/formation\\\/2020\\\/04\\\/05\\\/situation-des-refugies-il-est-urgent-dagir\\\/#primaryimage\"},\"thumbnailUrl\":\"https:\\\/\\\/regions-snetap-fsu.fr\\\/hdf\\\/wp-content\\\/uploads\\\/sites\\\/5\\\/2018\\\/10\\\/fsu-sign-vertic-bleu-203x300.png\",\"datePublished\":\"2020-04-05T16:58:22+00:00\",\"breadcrumb\":{\"@id\":\"https:\\\/\\\/regions-snetap-fsu.fr\\\/formation\\\/2020\\\/04\\\/05\\\/situation-des-refugies-il-est-urgent-dagir\\\/#breadcrumb\"},\"inLanguage\":\"fr-FR\",\"potentialAction\":[{\"@type\":\"ReadAction\",\"target\":[\"https:\\\/\\\/regions-snetap-fsu.fr\\\/formation\\\/2020\\\/04\\\/05\\\/situation-des-refugies-il-est-urgent-dagir\\\/\"]}]},{\"@type\":\"ImageObject\",\"inLanguage\":\"fr-FR\",\"@id\":\"https:\\\/\\\/regions-snetap-fsu.fr\\\/formation\\\/2020\\\/04\\\/05\\\/situation-des-refugies-il-est-urgent-dagir\\\/#primaryimage\",\"url\":\"https:\\\/\\\/regions-snetap-fsu.fr\\\/hdf\\\/wp-content\\\/uploads\\\/sites\\\/5\\\/2018\\\/10\\\/fsu-sign-vertic-bleu-203x300.png\",\"contentUrl\":\"https:\\\/\\\/regions-snetap-fsu.fr\\\/hdf\\\/wp-content\\\/uploads\\\/sites\\\/5\\\/2018\\\/10\\\/fsu-sign-vertic-bleu-203x300.png\"},{\"@type\":\"BreadcrumbList\",\"@id\":\"https:\\\/\\\/regions-snetap-fsu.fr\\\/formation\\\/2020\\\/04\\\/05\\\/situation-des-refugies-il-est-urgent-dagir\\\/#breadcrumb\",\"itemListElement\":[{\"@type\":\"ListItem\",\"position\":1,\"name\":\"Accueil\",\"item\":\"https:\\\/\\\/regions-snetap-fsu.fr\\\/formation\\\/\"},{\"@type\":\"ListItem\",\"position\":2,\"name\":\"Situation des r\u00e9fugi\u00e9s\u00a0: il est urgent d\u2019agir\"}]},{\"@type\":\"WebSite\",\"@id\":\"https:\\\/\\\/regions-snetap-fsu.fr\\\/formation\\\/#website\",\"url\":\"https:\\\/\\\/regions-snetap-fsu.fr\\\/formation\\\/\",\"name\":\"Formation des sites R\u00e9gionaux du SNETAP-FSU\",\"description\":\"\",\"publisher\":{\"@id\":\"https:\\\/\\\/regions-snetap-fsu.fr\\\/formation\\\/#organization\"},\"potentialAction\":[{\"@type\":\"SearchAction\",\"target\":{\"@type\":\"EntryPoint\",\"urlTemplate\":\"https:\\\/\\\/regions-snetap-fsu.fr\\\/formation\\\/?s={search_term_string}\"},\"query-input\":{\"@type\":\"PropertyValueSpecification\",\"valueRequired\":true,\"valueName\":\"search_term_string\"}}],\"inLanguage\":\"fr-FR\"},{\"@type\":\"Organization\",\"@id\":\"https:\\\/\\\/regions-snetap-fsu.fr\\\/formation\\\/#organization\",\"name\":\"Formation des sites R\u00e9gionaux du SNETAP-FSU\",\"url\":\"https:\\\/\\\/regions-snetap-fsu.fr\\\/formation\\\/\",\"logo\":{\"@type\":\"ImageObject\",\"inLanguage\":\"fr-FR\",\"@id\":\"https:\\\/\\\/regions-snetap-fsu.fr\\\/formation\\\/#\\\/schema\\\/logo\\\/image\\\/\",\"url\":\"https:\\\/\\\/regions-snetap-fsu.fr\\\/formation\\\/wp-content\\\/uploads\\\/sites\\\/20\\\/2025\\\/04\\\/cropped-Logo_blanc_fond_transparent_1000x755.png\",\"contentUrl\":\"https:\\\/\\\/regions-snetap-fsu.fr\\\/formation\\\/wp-content\\\/uploads\\\/sites\\\/20\\\/2025\\\/04\\\/cropped-Logo_blanc_fond_transparent_1000x755.png\",\"width\":998,\"height\":689,\"caption\":\"Formation des sites R\u00e9gionaux du SNETAP-FSU\"},\"image\":{\"@id\":\"https:\\\/\\\/regions-snetap-fsu.fr\\\/formation\\\/#\\\/schema\\\/logo\\\/image\\\/\"}},{\"@type\":\"Person\",\"@id\":\"https:\\\/\\\/regions-snetap-fsu.fr\\\/formation\\\/#\\\/schema\\\/person\\\/f5dc7b6354e942ca9c5fa8e9ff7e5c93\",\"name\":\"yoctavien\",\"image\":{\"@type\":\"ImageObject\",\"inLanguage\":\"fr-FR\",\"@id\":\"https:\\\/\\\/secure.gravatar.com\\\/avatar\\\/382642c092b6b9da14641d3c478df2f3da4a2d17eea25691c232d4dbf735c292?s=96&d=mm&r=g\",\"url\":\"https:\\\/\\\/secure.gravatar.com\\\/avatar\\\/382642c092b6b9da14641d3c478df2f3da4a2d17eea25691c232d4dbf735c292?s=96&d=mm&r=g\",\"contentUrl\":\"https:\\\/\\\/secure.gravatar.com\\\/avatar\\\/382642c092b6b9da14641d3c478df2f3da4a2d17eea25691c232d4dbf735c292?s=96&d=mm&r=g\",\"caption\":\"yoctavien\"},\"url\":\"https:\\\/\\\/regions-snetap-fsu.fr\\\/formation\\\/author\\\/yoctavien\\\/\"}]}<\/script>\n<!-- \/ Yoast SEO plugin. -->","yoast_head_json":{"title":"Situation des r\u00e9fugi\u00e9s\u00a0: il est urgent d\u2019agir - Formation des sites R\u00e9gionaux du SNETAP-FSU","robots":{"index":"index","follow":"follow","max-snippet":"max-snippet:-1","max-image-preview":"max-image-preview:large","max-video-preview":"max-video-preview:-1"},"canonical":"https:\/\/regions-snetap-fsu.fr\/formation\/2020\/04\/05\/situation-des-refugies-il-est-urgent-dagir\/","og_locale":"fr_FR","og_type":"article","og_title":"Situation des r\u00e9fugi\u00e9s\u00a0: il est urgent d\u2019agir - Formation des sites R\u00e9gionaux du SNETAP-FSU","og_description":"Situation des r\u00e9fugi\u00e9s dans le Calaisis et Grande Synthe il est urgent d\u2019agir La crise sanitaire du coronavirus a servi de r\u00e9v\u00e9lateur \u00e0 l\u2019\u00e9tat catastrophique du syst\u00e8me de sant\u00e9 en France, situation d\u00e9nonc\u00e9e depuis plusieurs ann\u00e9es par les organisations syndicales de ce secteur. Cette crise est d\u2019autant plus violente pour les populations les plus pr\u00e9caires [&hellip;]","og_url":"https:\/\/regions-snetap-fsu.fr\/formation\/2020\/04\/05\/situation-des-refugies-il-est-urgent-dagir\/","og_site_name":"Formation des sites R\u00e9gionaux du SNETAP-FSU","article_published_time":"2020-04-05T16:58:22+00:00","author":"yoctavien","twitter_card":"summary_large_image","twitter_misc":{"\u00c9crit par":"yoctavien","Dur\u00e9e de lecture estim\u00e9e":"2 minutes"},"schema":{"@context":"https:\/\/schema.org","@graph":[{"@type":"Article","@id":"https:\/\/regions-snetap-fsu.fr\/formation\/2020\/04\/05\/situation-des-refugies-il-est-urgent-dagir\/#article","isPartOf":{"@id":"https:\/\/regions-snetap-fsu.fr\/formation\/2020\/04\/05\/situation-des-refugies-il-est-urgent-dagir\/"},"author":{"name":"yoctavien","@id":"https:\/\/regions-snetap-fsu.fr\/formation\/#\/schema\/person\/f5dc7b6354e942ca9c5fa8e9ff7e5c93"},"headline":"Situation des r\u00e9fugi\u00e9s\u00a0: il est urgent d\u2019agir","datePublished":"2020-04-05T16:58:22+00:00","mainEntityOfPage":{"@id":"https:\/\/regions-snetap-fsu.fr\/formation\/2020\/04\/05\/situation-des-refugies-il-est-urgent-dagir\/"},"wordCount":496,"publisher":{"@id":"https:\/\/regions-snetap-fsu.fr\/formation\/#organization"},"image":{"@id":"https:\/\/regions-snetap-fsu.fr\/formation\/2020\/04\/05\/situation-des-refugies-il-est-urgent-dagir\/#primaryimage"},"thumbnailUrl":"https:\/\/regions-snetap-fsu.fr\/hdf\/wp-content\/uploads\/sites\/5\/2018\/10\/fsu-sign-vertic-bleu-203x300.png","articleSection":["Bulletins"],"inLanguage":"fr-FR"},{"@type":"WebPage","@id":"https:\/\/regions-snetap-fsu.fr\/formation\/2020\/04\/05\/situation-des-refugies-il-est-urgent-dagir\/","url":"https:\/\/regions-snetap-fsu.fr\/formation\/2020\/04\/05\/situation-des-refugies-il-est-urgent-dagir\/","name":"Situation des r\u00e9fugi\u00e9s\u00a0: il est urgent d\u2019agir - Formation des sites R\u00e9gionaux du SNETAP-FSU","isPartOf":{"@id":"https:\/\/regions-snetap-fsu.fr\/formation\/#website"},"primaryImageOfPage":{"@id":"https:\/\/regions-snetap-fsu.fr\/formation\/2020\/04\/05\/situation-des-refugies-il-est-urgent-dagir\/#primaryimage"},"image":{"@id":"https:\/\/regions-snetap-fsu.fr\/formation\/2020\/04\/05\/situation-des-refugies-il-est-urgent-dagir\/#primaryimage"},"thumbnailUrl":"https:\/\/regions-snetap-fsu.fr\/hdf\/wp-content\/uploads\/sites\/5\/2018\/10\/fsu-sign-vertic-bleu-203x300.png","datePublished":"2020-04-05T16:58:22+00:00","breadcrumb":{"@id":"https:\/\/regions-snetap-fsu.fr\/formation\/2020\/04\/05\/situation-des-refugies-il-est-urgent-dagir\/#breadcrumb"},"inLanguage":"fr-FR","potentialAction":[{"@type":"ReadAction","target":["https:\/\/regions-snetap-fsu.fr\/formation\/2020\/04\/05\/situation-des-refugies-il-est-urgent-dagir\/"]}]},{"@type":"ImageObject","inLanguage":"fr-FR","@id":"https:\/\/regions-snetap-fsu.fr\/formation\/2020\/04\/05\/situation-des-refugies-il-est-urgent-dagir\/#primaryimage","url":"https:\/\/regions-snetap-fsu.fr\/hdf\/wp-content\/uploads\/sites\/5\/2018\/10\/fsu-sign-vertic-bleu-203x300.png","contentUrl":"https:\/\/regions-snetap-fsu.fr\/hdf\/wp-content\/uploads\/sites\/5\/2018\/10\/fsu-sign-vertic-bleu-203x300.png"},{"@type":"BreadcrumbList","@id":"https:\/\/regions-snetap-fsu.fr\/formation\/2020\/04\/05\/situation-des-refugies-il-est-urgent-dagir\/#breadcrumb","itemListElement":[{"@type":"ListItem","position":1,"name":"Accueil","item":"https:\/\/regions-snetap-fsu.fr\/formation\/"},{"@type":"ListItem","position":2,"name":"Situation des r\u00e9fugi\u00e9s\u00a0: il est urgent d\u2019agir"}]},{"@type":"WebSite","@id":"https:\/\/regions-snetap-fsu.fr\/formation\/#website","url":"https:\/\/regions-snetap-fsu.fr\/formation\/","name":"Formation des sites R\u00e9gionaux du SNETAP-FSU","description":"","publisher":{"@id":"https:\/\/regions-snetap-fsu.fr\/formation\/#organization"},"potentialAction":[{"@type":"SearchAction","target":{"@type":"EntryPoint","urlTemplate":"https:\/\/regions-snetap-fsu.fr\/formation\/?s={search_term_string}"},"query-input":{"@type":"PropertyValueSpecification","valueRequired":true,"valueName":"search_term_string"}}],"inLanguage":"fr-FR"},{"@type":"Organization","@id":"https:\/\/regions-snetap-fsu.fr\/formation\/#organization","name":"Formation des sites R\u00e9gionaux du SNETAP-FSU","url":"https:\/\/regions-snetap-fsu.fr\/formation\/","logo":{"@type":"ImageObject","inLanguage":"fr-FR","@id":"https:\/\/regions-snetap-fsu.fr\/formation\/#\/schema\/logo\/image\/","url":"https:\/\/regions-snetap-fsu.fr\/formation\/wp-content\/uploads\/sites\/20\/2025\/04\/cropped-Logo_blanc_fond_transparent_1000x755.png","contentUrl":"https:\/\/regions-snetap-fsu.fr\/formation\/wp-content\/uploads\/sites\/20\/2025\/04\/cropped-Logo_blanc_fond_transparent_1000x755.png","width":998,"height":689,"caption":"Formation des sites R\u00e9gionaux du SNETAP-FSU"},"image":{"@id":"https:\/\/regions-snetap-fsu.fr\/formation\/#\/schema\/logo\/image\/"}},{"@type":"Person","@id":"https:\/\/regions-snetap-fsu.fr\/formation\/#\/schema\/person\/f5dc7b6354e942ca9c5fa8e9ff7e5c93","name":"yoctavien","image":{"@type":"ImageObject","inLanguage":"fr-FR","@id":"https:\/\/secure.gravatar.com\/avatar\/382642c092b6b9da14641d3c478df2f3da4a2d17eea25691c232d4dbf735c292?s=96&d=mm&r=g","url":"https:\/\/secure.gravatar.com\/avatar\/382642c092b6b9da14641d3c478df2f3da4a2d17eea25691c232d4dbf735c292?s=96&d=mm&r=g","contentUrl":"https:\/\/secure.gravatar.com\/avatar\/382642c092b6b9da14641d3c478df2f3da4a2d17eea25691c232d4dbf735c292?s=96&d=mm&r=g","caption":"yoctavien"},"url":"https:\/\/regions-snetap-fsu.fr\/formation\/author\/yoctavien\/"}]}},"_links":{"self":[{"href":"https:\/\/regions-snetap-fsu.fr\/formation\/wp-json\/wp\/v2\/posts\/4937","targetHints":{"allow":["GET"]}}],"collection":[{"href":"https:\/\/regions-snetap-fsu.fr\/formation\/wp-json\/wp\/v2\/posts"}],"about":[{"href":"https:\/\/regions-snetap-fsu.fr\/formation\/wp-json\/wp\/v2\/types\/post"}],"author":[{"embeddable":true,"href":"https:\/\/regions-snetap-fsu.fr\/formation\/wp-json\/wp\/v2\/users\/138"}],"replies":[{"embeddable":true,"href":"https:\/\/regions-snetap-fsu.fr\/formation\/wp-json\/wp\/v2\/comments?post=4937"}],"version-history":[{"count":0,"href":"https:\/\/regions-snetap-fsu.fr\/formation\/wp-json\/wp\/v2\/posts\/4937\/revisions"}],"wp:attachment":[{"href":"https:\/\/regions-snetap-fsu.fr\/formation\/wp-json\/wp\/v2\/media?parent=4937"}],"wp:term":[{"taxonomy":"category","embeddable":true,"href":"https:\/\/regions-snetap-fsu.fr\/formation\/wp-json\/wp\/v2\/categories?post=4937"},{"taxonomy":"post_tag","embeddable":true,"href":"https:\/\/regions-snetap-fsu.fr\/formation\/wp-json\/wp\/v2\/tags?post=4937"},{"taxonomy":"post_folder","embeddable":true,"href":"https:\/\/regions-snetap-fsu.fr\/formation\/wp-json\/wp\/v2\/post_folder?post=4937"}],"curies":[{"name":"wp","href":"https:\/\/api.w.org\/{rel}","templated":true}]}}