{"id":4842,"date":"2020-03-26T15:53:33","date_gmt":"2020-03-26T14:53:33","guid":{"rendered":"https:\/\/regions-snetap-fsu.fr\/hdf\/?p=4842"},"modified":"2020-03-26T15:53:33","modified_gmt":"2020-03-26T14:53:33","slug":"enquete-conditions-de-travail-dans-les-hauts-de-france-suite-au-confinement","status":"publish","type":"post","link":"https:\/\/regions-snetap-fsu.fr\/formation\/2020\/03\/26\/enquete-conditions-de-travail-dans-les-hauts-de-france-suite-au-confinement\/","title":{"rendered":"Enqu\u00eate : Conditions de travail dans les Hauts de France suite au confinement"},"content":{"rendered":"<h2 style=\"text-align: center\"><span style=\"color: #ff0000;font-family: tahoma, arial, helvetica, sans-serif\">Enqu\u00eate : Conditions de travail dans les Hauts de France suite au confinement<\/span><\/h2>\n<div style=\"text-align: justify\" align=\"left\"><span style=\"font-family: tahoma, arial, helvetica, sans-serif;color: #0000ff\">Le SNETAP-FSU des Hauts-de-France a demand\u00e9 l&rsquo;organisation d&rsquo;une commission hygi\u00e8ne et s\u00e9curit\u00e9 et conditions de travail de l&rsquo;enseignement agricole public des Hauts-de-France.<\/span><\/div>\n<div align=\"left\"><\/div>\n<div style=\"text-align: justify\" align=\"left\"><span style=\"font-family: tahoma, arial, helvetica, sans-serif;color: #0000ff\">Elle aura lieu <span id=\"OBJ_PREFIX_DWT172_com_zimbra_date\" class=\"Object\"><span id=\"OBJ_PREFIX_DWT176_com_zimbra_date\" class=\"Object\"><span id=\"OBJ_PREFIX_DWT3014_com_zimbra_date\" class=\"Object\">mardi<\/span><\/span><\/span> <span id=\"OBJ_PREFIX_DWT3015_com_zimbra_date\" class=\"Object\">31 mars 2020<\/span>.<\/span><\/div>\n<div align=\"left\"><\/div>\n<div align=\"left\"><span style=\"font-family: tahoma, arial, helvetica, sans-serif;color: #0000ff\">D&rsquo;ici l\u00e0, nous souhaiterions avoir votre ressenti sur le d\u00e9roulement du t\u00e9l\u00e9travail ou autres dans les \u00e9tablissements.<\/span><\/div>\n<div align=\"left\">\n<div style=\"text-align: justify\" align=\"left\"><span style=\"font-family: tahoma, arial, helvetica, sans-serif;color: #0000ff\">Vous pouvez aussi nous mettre les \u00e9l\u00e9ments vous paraissant int\u00e9ressants sur vos conditions de travail.<\/span><\/div>\n<div align=\"left\"><\/div>\n<div style=\"text-align: justify\" align=\"left\"><del><span style=\"font-family: tahoma, arial, helvetica, sans-serif;color: #0000ff\"><strong>S&rsquo;il vous pla\u00eet, nous vous demandons de r\u00e9pondre avant le <span id=\"OBJ_PREFIX_DWT3016_com_zimbra_date\" class=\"Object\">lundi<\/span> 30 mars 8h00, pour nous laisser le temps d\u2019effectuer l&rsquo;analyse des r\u00e9ponses. Merci.<\/strong><\/span><\/del><\/div>\n<div align=\"left\"><span style=\"color: #ff0000\"><strong><span style=\"font-family: tahoma, arial, helvetica, sans-serif;font-size: 12pt\">Vous pouvez encore r\u00e9pondre, si vous ne l&rsquo;avez pas encore fait.<\/span><\/strong><\/span><\/div>\n<\/div>\n<div align=\"left\"><\/div>\n<div align=\"left\"><span style=\"font-family: tahoma, arial, helvetica, sans-serif;color: #0000ff\">Ci-dessous, le lien pour r\u00e9pondre \u00e0 notre enqu\u00eate r\u00e9serv\u00e9e aux personnels des \u00e9tablissements agricoles publics des Haut-de-France :<br \/>\n<\/span><\/div>\n<div align=\"left\"><span style=\"text-decoration: underline;color: #000000\"><span style=\"font-family: tahoma, arial, helvetica, sans-serif\"><a style=\"color: #000000;text-decoration: underline\" href=\"https:\/\/framaforms.org\/conditions-de-travail-dans-les-hauts-de-france-suite-au-confinement-1585131263\" target=\"_blank\" rel=\"noopener noreferrer\">Lien : Enqu\u00eate &#8211; Conditions de travail dans les Hauts de France suite au confinement<\/a><\/span><\/span><\/div>\n","protected":false},"excerpt":{"rendered":"<p>Enqu\u00eate : Conditions de travail dans les Hauts de France suite au confinement Le SNETAP-FSU des Hauts-de-France a demand\u00e9 l&rsquo;organisation d&rsquo;une commission hygi\u00e8ne et s\u00e9curit\u00e9 et conditions de travail de l&rsquo;enseignement agricole public des Hauts-de-France. Elle aura lieu mardi 31 mars 2020. D&rsquo;ici l\u00e0, nous souhaiterions avoir votre ressenti sur le d\u00e9roulement du t\u00e9l\u00e9travail ou [&hellip;]<\/p>\n","protected":false},"author":138,"featured_media":0,"comment_status":"closed","ping_status":"closed","sticky":false,"template":"","format":"standard","meta":{"ocean_post_layout":"","ocean_both_sidebars_style":"","ocean_both_sidebars_content_width":0,"ocean_both_sidebars_sidebars_width":0,"ocean_sidebar":"","ocean_second_sidebar":"","ocean_disable_margins":"enable","ocean_add_body_class":"","ocean_shortcode_before_top_bar":"","ocean_shortcode_after_top_bar":"","ocean_shortcode_before_header":"","ocean_shortcode_after_header":"","ocean_has_shortcode":"","ocean_shortcode_after_title":"","ocean_shortcode_before_footer_widgets":"","ocean_shortcode_after_footer_widgets":"","ocean_shortcode_before_footer_bottom":"","ocean_shortcode_after_footer_bottom":"","ocean_display_top_bar":"default","ocean_display_header":"default","ocean_header_style":"","ocean_center_header_left_menu":"","ocean_custom_header_template":"","ocean_custom_logo":0,"ocean_custom_retina_logo":0,"ocean_custom_logo_max_width":0,"ocean_custom_logo_tablet_max_width":0,"ocean_custom_logo_mobile_max_width":0,"ocean_custom_logo_max_height":0,"ocean_custom_logo_tablet_max_height":0,"ocean_custom_logo_mobile_max_height":0,"ocean_header_custom_menu":"","ocean_menu_typo_font_family":"","ocean_menu_typo_font_subset":"","ocean_menu_typo_font_size":0,"ocean_menu_typo_font_size_tablet":0,"ocean_menu_typo_font_size_mobile":0,"ocean_menu_typo_font_size_unit":"px","ocean_menu_typo_font_weight":"","ocean_menu_typo_font_weight_tablet":"","ocean_menu_typo_font_weight_mobile":"","ocean_menu_typo_transform":"","ocean_menu_typo_transform_tablet":"","ocean_menu_typo_transform_mobile":"","ocean_menu_typo_line_height":0,"ocean_menu_typo_line_height_tablet":0,"ocean_menu_typo_line_height_mobile":0,"ocean_menu_typo_line_height_unit":"","ocean_menu_typo_spacing":0,"ocean_menu_typo_spacing_tablet":0,"ocean_menu_typo_spacing_mobile":0,"ocean_menu_typo_spacing_unit":"","ocean_menu_link_color":"","ocean_menu_link_color_hover":"","ocean_menu_link_color_active":"","ocean_menu_link_background":"","ocean_menu_link_hover_background":"","ocean_menu_link_active_background":"","ocean_menu_social_links_bg":"","ocean_menu_social_hover_links_bg":"","ocean_menu_social_links_color":"","ocean_menu_social_hover_links_color":"","ocean_disable_title":"default","ocean_disable_heading":"default","ocean_post_title":"","ocean_post_subheading":"","ocean_post_title_style":"","ocean_post_title_background_color":"","ocean_post_title_background":0,"ocean_post_title_bg_image_position":"","ocean_post_title_bg_image_attachment":"","ocean_post_title_bg_image_repeat":"","ocean_post_title_bg_image_size":"","ocean_post_title_height":0,"ocean_post_title_bg_overlay":0.5,"ocean_post_title_bg_overlay_color":"","ocean_disable_breadcrumbs":"default","ocean_breadcrumbs_color":"","ocean_breadcrumbs_separator_color":"","ocean_breadcrumbs_links_color":"","ocean_breadcrumbs_links_hover_color":"","ocean_display_footer_widgets":"default","ocean_display_footer_bottom":"default","ocean_custom_footer_template":"","ocean_post_oembed":"","ocean_post_self_hosted_media":"","ocean_post_video_embed":"","ocean_link_format":"","ocean_link_format_target":"self","ocean_quote_format":"","ocean_quote_format_link":"post","ocean_gallery_link_images":"on","ocean_gallery_id":[],"footnotes":""},"categories":[7],"tags":[],"post_folder":[],"class_list":["post-4842","post","type-post","status-publish","format-standard","hentry","category-chsctrea","entry"],"yoast_head":"<!-- This site is optimized with the Yoast SEO plugin v27.4 - https:\/\/yoast.com\/product\/yoast-seo-wordpress\/ -->\n<title>Enqu\u00eate : Conditions de travail dans les Hauts de France suite au confinement - Formation des sites R\u00e9gionaux du SNETAP-FSU<\/title>\n<meta name=\"robots\" content=\"index, follow, max-snippet:-1, max-image-preview:large, max-video-preview:-1\" \/>\n<link rel=\"canonical\" href=\"https:\/\/regions-snetap-fsu.fr\/formation\/2020\/03\/26\/enquete-conditions-de-travail-dans-les-hauts-de-france-suite-au-confinement\/\" \/>\n<meta property=\"og:locale\" content=\"fr_FR\" \/>\n<meta property=\"og:type\" content=\"article\" \/>\n<meta property=\"og:title\" content=\"Enqu\u00eate : Conditions de travail dans les Hauts de France suite au confinement - Formation des sites R\u00e9gionaux du SNETAP-FSU\" \/>\n<meta property=\"og:description\" content=\"Enqu\u00eate : Conditions de travail dans les Hauts de France suite au confinement Le SNETAP-FSU des Hauts-de-France a demand\u00e9 l&rsquo;organisation d&rsquo;une commission hygi\u00e8ne et s\u00e9curit\u00e9 et conditions de travail de l&rsquo;enseignement agricole public des Hauts-de-France. Elle aura lieu mardi 31 mars 2020. D&rsquo;ici l\u00e0, nous souhaiterions avoir votre ressenti sur le d\u00e9roulement du t\u00e9l\u00e9travail ou [&hellip;]\" \/>\n<meta property=\"og:url\" content=\"https:\/\/regions-snetap-fsu.fr\/formation\/2020\/03\/26\/enquete-conditions-de-travail-dans-les-hauts-de-france-suite-au-confinement\/\" \/>\n<meta property=\"og:site_name\" content=\"Formation des sites R\u00e9gionaux du SNETAP-FSU\" \/>\n<meta property=\"article:published_time\" content=\"2020-03-26T14:53:33+00:00\" \/>\n<meta name=\"author\" content=\"yoctavien\" \/>\n<meta name=\"twitter:card\" content=\"summary_large_image\" \/>\n<meta name=\"twitter:label1\" content=\"\u00c9crit par\" \/>\n\t<meta name=\"twitter:data1\" content=\"yoctavien\" \/>\n\t<meta name=\"twitter:label2\" content=\"Dur\u00e9e de lecture estim\u00e9e\" \/>\n\t<meta name=\"twitter:data2\" content=\"1 minute\" \/>\n<script type=\"application\/ld+json\" class=\"yoast-schema-graph\">{\"@context\":\"https:\\\/\\\/schema.org\",\"@graph\":[{\"@type\":\"Article\",\"@id\":\"https:\\\/\\\/regions-snetap-fsu.fr\\\/formation\\\/2020\\\/03\\\/26\\\/enquete-conditions-de-travail-dans-les-hauts-de-france-suite-au-confinement\\\/#article\",\"isPartOf\":{\"@id\":\"https:\\\/\\\/regions-snetap-fsu.fr\\\/formation\\\/2020\\\/03\\\/26\\\/enquete-conditions-de-travail-dans-les-hauts-de-france-suite-au-confinement\\\/\"},\"author\":{\"name\":\"yoctavien\",\"@id\":\"https:\\\/\\\/regions-snetap-fsu.fr\\\/formation\\\/#\\\/schema\\\/person\\\/f5dc7b6354e942ca9c5fa8e9ff7e5c93\"},\"headline\":\"Enqu\u00eate : Conditions de travail dans les Hauts de France suite au confinement\",\"datePublished\":\"2020-03-26T14:53:33+00:00\",\"mainEntityOfPage\":{\"@id\":\"https:\\\/\\\/regions-snetap-fsu.fr\\\/formation\\\/2020\\\/03\\\/26\\\/enquete-conditions-de-travail-dans-les-hauts-de-france-suite-au-confinement\\\/\"},\"wordCount\":173,\"publisher\":{\"@id\":\"https:\\\/\\\/regions-snetap-fsu.fr\\\/formation\\\/#organization\"},\"articleSection\":[\"CHSCTREA\"],\"inLanguage\":\"fr-FR\"},{\"@type\":\"WebPage\",\"@id\":\"https:\\\/\\\/regions-snetap-fsu.fr\\\/formation\\\/2020\\\/03\\\/26\\\/enquete-conditions-de-travail-dans-les-hauts-de-france-suite-au-confinement\\\/\",\"url\":\"https:\\\/\\\/regions-snetap-fsu.fr\\\/formation\\\/2020\\\/03\\\/26\\\/enquete-conditions-de-travail-dans-les-hauts-de-france-suite-au-confinement\\\/\",\"name\":\"Enqu\u00eate : Conditions de travail dans les Hauts de France suite au confinement - Formation des sites R\u00e9gionaux du SNETAP-FSU\",\"isPartOf\":{\"@id\":\"https:\\\/\\\/regions-snetap-fsu.fr\\\/formation\\\/#website\"},\"datePublished\":\"2020-03-26T14:53:33+00:00\",\"breadcrumb\":{\"@id\":\"https:\\\/\\\/regions-snetap-fsu.fr\\\/formation\\\/2020\\\/03\\\/26\\\/enquete-conditions-de-travail-dans-les-hauts-de-france-suite-au-confinement\\\/#breadcrumb\"},\"inLanguage\":\"fr-FR\",\"potentialAction\":[{\"@type\":\"ReadAction\",\"target\":[\"https:\\\/\\\/regions-snetap-fsu.fr\\\/formation\\\/2020\\\/03\\\/26\\\/enquete-conditions-de-travail-dans-les-hauts-de-france-suite-au-confinement\\\/\"]}]},{\"@type\":\"BreadcrumbList\",\"@id\":\"https:\\\/\\\/regions-snetap-fsu.fr\\\/formation\\\/2020\\\/03\\\/26\\\/enquete-conditions-de-travail-dans-les-hauts-de-france-suite-au-confinement\\\/#breadcrumb\",\"itemListElement\":[{\"@type\":\"ListItem\",\"position\":1,\"name\":\"Accueil\",\"item\":\"https:\\\/\\\/regions-snetap-fsu.fr\\\/formation\\\/\"},{\"@type\":\"ListItem\",\"position\":2,\"name\":\"Enqu\u00eate : Conditions de travail dans les Hauts de France suite au confinement\"}]},{\"@type\":\"WebSite\",\"@id\":\"https:\\\/\\\/regions-snetap-fsu.fr\\\/formation\\\/#website\",\"url\":\"https:\\\/\\\/regions-snetap-fsu.fr\\\/formation\\\/\",\"name\":\"Formation des sites R\u00e9gionaux du SNETAP-FSU\",\"description\":\"\",\"publisher\":{\"@id\":\"https:\\\/\\\/regions-snetap-fsu.fr\\\/formation\\\/#organization\"},\"potentialAction\":[{\"@type\":\"SearchAction\",\"target\":{\"@type\":\"EntryPoint\",\"urlTemplate\":\"https:\\\/\\\/regions-snetap-fsu.fr\\\/formation\\\/?s={search_term_string}\"},\"query-input\":{\"@type\":\"PropertyValueSpecification\",\"valueRequired\":true,\"valueName\":\"search_term_string\"}}],\"inLanguage\":\"fr-FR\"},{\"@type\":\"Organization\",\"@id\":\"https:\\\/\\\/regions-snetap-fsu.fr\\\/formation\\\/#organization\",\"name\":\"Formation des sites R\u00e9gionaux du SNETAP-FSU\",\"url\":\"https:\\\/\\\/regions-snetap-fsu.fr\\\/formation\\\/\",\"logo\":{\"@type\":\"ImageObject\",\"inLanguage\":\"fr-FR\",\"@id\":\"https:\\\/\\\/regions-snetap-fsu.fr\\\/formation\\\/#\\\/schema\\\/logo\\\/image\\\/\",\"url\":\"https:\\\/\\\/regions-snetap-fsu.fr\\\/formation\\\/wp-content\\\/uploads\\\/sites\\\/20\\\/2025\\\/04\\\/cropped-Logo_blanc_fond_transparent_1000x755.png\",\"contentUrl\":\"https:\\\/\\\/regions-snetap-fsu.fr\\\/formation\\\/wp-content\\\/uploads\\\/sites\\\/20\\\/2025\\\/04\\\/cropped-Logo_blanc_fond_transparent_1000x755.png\",\"width\":998,\"height\":689,\"caption\":\"Formation des sites R\u00e9gionaux du SNETAP-FSU\"},\"image\":{\"@id\":\"https:\\\/\\\/regions-snetap-fsu.fr\\\/formation\\\/#\\\/schema\\\/logo\\\/image\\\/\"}},{\"@type\":\"Person\",\"@id\":\"https:\\\/\\\/regions-snetap-fsu.fr\\\/formation\\\/#\\\/schema\\\/person\\\/f5dc7b6354e942ca9c5fa8e9ff7e5c93\",\"name\":\"yoctavien\",\"image\":{\"@type\":\"ImageObject\",\"inLanguage\":\"fr-FR\",\"@id\":\"https:\\\/\\\/secure.gravatar.com\\\/avatar\\\/382642c092b6b9da14641d3c478df2f3da4a2d17eea25691c232d4dbf735c292?s=96&d=mm&r=g\",\"url\":\"https:\\\/\\\/secure.gravatar.com\\\/avatar\\\/382642c092b6b9da14641d3c478df2f3da4a2d17eea25691c232d4dbf735c292?s=96&d=mm&r=g\",\"contentUrl\":\"https:\\\/\\\/secure.gravatar.com\\\/avatar\\\/382642c092b6b9da14641d3c478df2f3da4a2d17eea25691c232d4dbf735c292?s=96&d=mm&r=g\",\"caption\":\"yoctavien\"},\"url\":\"https:\\\/\\\/regions-snetap-fsu.fr\\\/formation\\\/author\\\/yoctavien\\\/\"}]}<\/script>\n<!-- \/ Yoast SEO plugin. -->","yoast_head_json":{"title":"Enqu\u00eate : Conditions de travail dans les Hauts de France suite au confinement - Formation des sites R\u00e9gionaux du SNETAP-FSU","robots":{"index":"index","follow":"follow","max-snippet":"max-snippet:-1","max-image-preview":"max-image-preview:large","max-video-preview":"max-video-preview:-1"},"canonical":"https:\/\/regions-snetap-fsu.fr\/formation\/2020\/03\/26\/enquete-conditions-de-travail-dans-les-hauts-de-france-suite-au-confinement\/","og_locale":"fr_FR","og_type":"article","og_title":"Enqu\u00eate : Conditions de travail dans les Hauts de France suite au confinement - Formation des sites R\u00e9gionaux du SNETAP-FSU","og_description":"Enqu\u00eate : Conditions de travail dans les Hauts de France suite au confinement Le SNETAP-FSU des Hauts-de-France a demand\u00e9 l&rsquo;organisation d&rsquo;une commission hygi\u00e8ne et s\u00e9curit\u00e9 et conditions de travail de l&rsquo;enseignement agricole public des Hauts-de-France. Elle aura lieu mardi 31 mars 2020. D&rsquo;ici l\u00e0, nous souhaiterions avoir votre ressenti sur le d\u00e9roulement du t\u00e9l\u00e9travail ou [&hellip;]","og_url":"https:\/\/regions-snetap-fsu.fr\/formation\/2020\/03\/26\/enquete-conditions-de-travail-dans-les-hauts-de-france-suite-au-confinement\/","og_site_name":"Formation des sites R\u00e9gionaux du SNETAP-FSU","article_published_time":"2020-03-26T14:53:33+00:00","author":"yoctavien","twitter_card":"summary_large_image","twitter_misc":{"\u00c9crit par":"yoctavien","Dur\u00e9e de lecture estim\u00e9e":"1 minute"},"schema":{"@context":"https:\/\/schema.org","@graph":[{"@type":"Article","@id":"https:\/\/regions-snetap-fsu.fr\/formation\/2020\/03\/26\/enquete-conditions-de-travail-dans-les-hauts-de-france-suite-au-confinement\/#article","isPartOf":{"@id":"https:\/\/regions-snetap-fsu.fr\/formation\/2020\/03\/26\/enquete-conditions-de-travail-dans-les-hauts-de-france-suite-au-confinement\/"},"author":{"name":"yoctavien","@id":"https:\/\/regions-snetap-fsu.fr\/formation\/#\/schema\/person\/f5dc7b6354e942ca9c5fa8e9ff7e5c93"},"headline":"Enqu\u00eate : Conditions de travail dans les Hauts de France suite au confinement","datePublished":"2020-03-26T14:53:33+00:00","mainEntityOfPage":{"@id":"https:\/\/regions-snetap-fsu.fr\/formation\/2020\/03\/26\/enquete-conditions-de-travail-dans-les-hauts-de-france-suite-au-confinement\/"},"wordCount":173,"publisher":{"@id":"https:\/\/regions-snetap-fsu.fr\/formation\/#organization"},"articleSection":["CHSCTREA"],"inLanguage":"fr-FR"},{"@type":"WebPage","@id":"https:\/\/regions-snetap-fsu.fr\/formation\/2020\/03\/26\/enquete-conditions-de-travail-dans-les-hauts-de-france-suite-au-confinement\/","url":"https:\/\/regions-snetap-fsu.fr\/formation\/2020\/03\/26\/enquete-conditions-de-travail-dans-les-hauts-de-france-suite-au-confinement\/","name":"Enqu\u00eate : Conditions de travail dans les Hauts de France suite au confinement - Formation des sites R\u00e9gionaux du SNETAP-FSU","isPartOf":{"@id":"https:\/\/regions-snetap-fsu.fr\/formation\/#website"},"datePublished":"2020-03-26T14:53:33+00:00","breadcrumb":{"@id":"https:\/\/regions-snetap-fsu.fr\/formation\/2020\/03\/26\/enquete-conditions-de-travail-dans-les-hauts-de-france-suite-au-confinement\/#breadcrumb"},"inLanguage":"fr-FR","potentialAction":[{"@type":"ReadAction","target":["https:\/\/regions-snetap-fsu.fr\/formation\/2020\/03\/26\/enquete-conditions-de-travail-dans-les-hauts-de-france-suite-au-confinement\/"]}]},{"@type":"BreadcrumbList","@id":"https:\/\/regions-snetap-fsu.fr\/formation\/2020\/03\/26\/enquete-conditions-de-travail-dans-les-hauts-de-france-suite-au-confinement\/#breadcrumb","itemListElement":[{"@type":"ListItem","position":1,"name":"Accueil","item":"https:\/\/regions-snetap-fsu.fr\/formation\/"},{"@type":"ListItem","position":2,"name":"Enqu\u00eate : Conditions de travail dans les Hauts de France suite au confinement"}]},{"@type":"WebSite","@id":"https:\/\/regions-snetap-fsu.fr\/formation\/#website","url":"https:\/\/regions-snetap-fsu.fr\/formation\/","name":"Formation des sites R\u00e9gionaux du SNETAP-FSU","description":"","publisher":{"@id":"https:\/\/regions-snetap-fsu.fr\/formation\/#organization"},"potentialAction":[{"@type":"SearchAction","target":{"@type":"EntryPoint","urlTemplate":"https:\/\/regions-snetap-fsu.fr\/formation\/?s={search_term_string}"},"query-input":{"@type":"PropertyValueSpecification","valueRequired":true,"valueName":"search_term_string"}}],"inLanguage":"fr-FR"},{"@type":"Organization","@id":"https:\/\/regions-snetap-fsu.fr\/formation\/#organization","name":"Formation des sites R\u00e9gionaux du SNETAP-FSU","url":"https:\/\/regions-snetap-fsu.fr\/formation\/","logo":{"@type":"ImageObject","inLanguage":"fr-FR","@id":"https:\/\/regions-snetap-fsu.fr\/formation\/#\/schema\/logo\/image\/","url":"https:\/\/regions-snetap-fsu.fr\/formation\/wp-content\/uploads\/sites\/20\/2025\/04\/cropped-Logo_blanc_fond_transparent_1000x755.png","contentUrl":"https:\/\/regions-snetap-fsu.fr\/formation\/wp-content\/uploads\/sites\/20\/2025\/04\/cropped-Logo_blanc_fond_transparent_1000x755.png","width":998,"height":689,"caption":"Formation des sites R\u00e9gionaux du SNETAP-FSU"},"image":{"@id":"https:\/\/regions-snetap-fsu.fr\/formation\/#\/schema\/logo\/image\/"}},{"@type":"Person","@id":"https:\/\/regions-snetap-fsu.fr\/formation\/#\/schema\/person\/f5dc7b6354e942ca9c5fa8e9ff7e5c93","name":"yoctavien","image":{"@type":"ImageObject","inLanguage":"fr-FR","@id":"https:\/\/secure.gravatar.com\/avatar\/382642c092b6b9da14641d3c478df2f3da4a2d17eea25691c232d4dbf735c292?s=96&d=mm&r=g","url":"https:\/\/secure.gravatar.com\/avatar\/382642c092b6b9da14641d3c478df2f3da4a2d17eea25691c232d4dbf735c292?s=96&d=mm&r=g","contentUrl":"https:\/\/secure.gravatar.com\/avatar\/382642c092b6b9da14641d3c478df2f3da4a2d17eea25691c232d4dbf735c292?s=96&d=mm&r=g","caption":"yoctavien"},"url":"https:\/\/regions-snetap-fsu.fr\/formation\/author\/yoctavien\/"}]}},"_links":{"self":[{"href":"https:\/\/regions-snetap-fsu.fr\/formation\/wp-json\/wp\/v2\/posts\/4842","targetHints":{"allow":["GET"]}}],"collection":[{"href":"https:\/\/regions-snetap-fsu.fr\/formation\/wp-json\/wp\/v2\/posts"}],"about":[{"href":"https:\/\/regions-snetap-fsu.fr\/formation\/wp-json\/wp\/v2\/types\/post"}],"author":[{"embeddable":true,"href":"https:\/\/regions-snetap-fsu.fr\/formation\/wp-json\/wp\/v2\/users\/138"}],"replies":[{"embeddable":true,"href":"https:\/\/regions-snetap-fsu.fr\/formation\/wp-json\/wp\/v2\/comments?post=4842"}],"version-history":[{"count":0,"href":"https:\/\/regions-snetap-fsu.fr\/formation\/wp-json\/wp\/v2\/posts\/4842\/revisions"}],"wp:attachment":[{"href":"https:\/\/regions-snetap-fsu.fr\/formation\/wp-json\/wp\/v2\/media?parent=4842"}],"wp:term":[{"taxonomy":"category","embeddable":true,"href":"https:\/\/regions-snetap-fsu.fr\/formation\/wp-json\/wp\/v2\/categories?post=4842"},{"taxonomy":"post_tag","embeddable":true,"href":"https:\/\/regions-snetap-fsu.fr\/formation\/wp-json\/wp\/v2\/tags?post=4842"},{"taxonomy":"post_folder","embeddable":true,"href":"https:\/\/regions-snetap-fsu.fr\/formation\/wp-json\/wp\/v2\/post_folder?post=4842"}],"curies":[{"name":"wp","href":"https:\/\/api.w.org\/{rel}","templated":true}]}}