{"id":4665,"date":"2020-03-08T23:25:31","date_gmt":"2020-03-08T22:25:31","guid":{"rendered":"https:\/\/regions-snetap-fsu.fr\/hdf\/?p=4665"},"modified":"2020-03-08T23:25:31","modified_gmt":"2020-03-08T22:25:31","slug":"marches-climat-des-13-et-14-mars-2020","status":"publish","type":"post","link":"https:\/\/regions-snetap-fsu.fr\/formation\/2020\/03\/08\/marches-climat-des-13-et-14-mars-2020\/","title":{"rendered":"Marches climat des 13 et 14 mars 2020"},"content":{"rendered":"<h2 style=\"text-align: center\"><span style=\"font-family: tahoma, arial, helvetica, sans-serif;color: #ff0000\">Marches climat des 13 et 14 mars 2020<\/span><\/h2>\n<h2 style=\"text-align: center\"><span style=\"font-family: tahoma, arial, helvetica, sans-serif;color: #ff0000\">dans les Hauts-de-France<\/span><\/h2>\n<blockquote>\n<p style=\"text-align: justify\"><span style=\"font-family: tahoma, arial, helvetica, sans-serif;color: #0000ff\">La FSU et ses syndicats appellent \u00e0 participer dans le cadre de l\u2019appel des organisations ATTAC, CGT, Conf\u00e9d\u00e9ration Paysanne, FSU, Greenpeace, Les Amis de la Terre, Oxfam, Union Syndicale Solidaires aux marches pour le climat le vendredi 13 mars\u00a0 , aux c\u00f4t\u00e9s du mouvement des jeunes pour le climat (un pr\u00e9avis national FSU a \u00e9t\u00e9 d\u00e9pos\u00e9 pour couvrir les coll\u00e8gues le cas \u00e9ch\u00e9ant et un pr\u00e9avis de gr\u00e8ve SNETAP couvre jusqu&rsquo;au 9 mai) et le samedi 14 mars&#8230;<\/span><\/p>\n<\/blockquote>\n<p><span style=\"font-family: tahoma, arial, helvetica, sans-serif\"><!--more--><\/span><\/p>\n<p><span style=\"font-family: tahoma, arial, helvetica, sans-serif\"><img decoding=\"async\" class=\"rg_i Q4LuWd tx8vtf aligncenter\" src=\"https:\/\/encrypted-tbn0.gstatic.com\/images?q=tbn%3AANd9GcS-ybc_0TpzkZPzWMlPvGOvcFjxN_tGYoNruvrI7r-55GPqE-PB\" alt=\"R\u00e9sultat de recherche d'images pour &quot;marche pour le climat&quot;\" data-src=\"https:\/\/encrypted-tbn0.gstatic.com\/images?q=tbn%3AANd9GcS-ybc_0TpzkZPzWMlPvGOvcFjxN_tGYoNruvrI7r-55GPqE-PB\" data-lt=\"\" \/><\/span><\/p>\n<h3 style=\"text-align: center\"><span style=\"font-family: tahoma, arial, helvetica, sans-serif;color: #ff0000\">Vendredi 13 mars<\/span><\/h3>\n<ul>\n<li style=\"text-align: justify\"><span style=\"font-family: tahoma, arial, helvetica, sans-serif;color: #0000ff;font-size: 12pt\"><strong>Lille<\/strong> : 15h, Grand Place , Marche des jeunes pour le Climat. <span style=\"color: #ff0000;font-size: 18pt\">Annul\u00e9<\/span><br \/>\n<\/span><\/li>\n<\/ul>\n<p><img decoding=\"async\" src=\"https:\/\/webmail.laposte.net\/service\/home\/~\/?auth=co&amp;loc=fr&amp;id=69301&amp;part=2\" alt=\"https:\/\/webmail.laposte.net\/service\/home\/~\/?auth=co&amp;loc=fr&amp;id=69301&amp;part=2\" \/><\/p>\n<h3 style=\"text-align: center\"><span style=\"font-family: tahoma, arial, helvetica, sans-serif;color: #ff0000\">Samedi 14 mars<\/span><\/h3>\n<ul>\n<li style=\"text-align: justify\"><span style=\"font-family: tahoma, arial, helvetica, sans-serif;color: #0000ff;font-size: 12pt\"><strong>Valenciennes, <\/strong>10h, Place d\u2019armes.<\/span><\/li>\n<li style=\"text-align: justify\"><span style=\"font-family: tahoma, arial, helvetica, sans-serif;color: #0000ff;font-size: 12pt\"><strong>Boulogne ,<\/strong> 14h, Bourse du Travail. <span style=\"font-size: 18pt;color: #ff0000\">Annul\u00e9<\/span><br \/>\n<\/span><\/li>\n<li style=\"text-align: justify\"><span style=\"font-family: tahoma, arial, helvetica, sans-serif;color: #0000ff;font-size: 12pt\"><strong>Calais, <\/strong>14h, Quai du Commerce. <span style=\"font-size: 18pt;color: #ff0000\">Annul\u00e9<\/span><br \/>\n<\/span><\/li>\n<li style=\"text-align: justify\"><span style=\"font-family: tahoma, arial, helvetica, sans-serif;color: #0000ff;font-size: 12pt\"><strong>Arras, <\/strong>14h30, Gare. <span style=\"font-size: 18pt;color: #ff0000\">Annul\u00e9<\/span><br \/>\n<\/span><\/li>\n<li style=\"text-align: justify\"><span style=\"font-family: tahoma, arial, helvetica, sans-serif;color: #0000ff;font-size: 12pt\"><strong>Dunkerque, <\/strong>15h, Place du Minck. <span style=\"font-size: 18pt;color: #ff0000\">Annul\u00e9<\/span><br \/>\n<\/span><\/li>\n<li><span style=\"font-family: tahoma, arial, helvetica, sans-serif;font-size: 12pt;color: #0000ff\"><strong>Amiens<\/strong>, 16h, Place Ren\u00e9 Goblet, devant la statue du G\u00e9n\u00e9ral Leclerc. <span style=\"font-size: 18pt;color: #ff0000\">Annul\u00e9<\/span><br \/>\n<\/span><\/li>\n<\/ul>\n<p style=\"text-align: justify\"><span style=\"font-family: tahoma, arial, helvetica, sans-serif;font-size: 12pt;color: #0000ff\">Consultez l&rsquo;appel \u00e0 dimension fonction publique en cliquant sur le lien ci-dessous :<\/span><\/p>\n<p><a href=\"https:\/\/www.snetap-fsu.fr\/Affronter-ensemble-les-crises-sociales-et-ecologiques-c-est-urgent-et-vital.html\" target=\"_blank\" rel=\"noopener noreferrer\"><span style=\"text-decoration: underline;color: #000000\"><span style=\"font-family: tahoma, arial, helvetica, sans-serif;font-size: 12pt\">Fonction publique &#8211; Affronter ensemble les crises sociales et \u00e9cologiques, c\u2019est urgent et vital ! <\/span><\/span><\/a><\/p>\n<p style=\"text-align: justify\"><span style=\"font-family: tahoma, arial, helvetica, sans-serif;color: #0000ff;font-size: 12pt\">Ci-dessous l&rsquo;appel de l&rsquo;intersyndicale :<\/span><\/p>\n<p><span style=\"font-family: tahoma, arial, helvetica, sans-serif\">\n\t\t<div class=\"wppdfemb-frame-container-1\" style=\"-webkit-overflow-scrolling:auto;\">\n\t\t\t<iframe class=\"pdfembed-iframe nonfullscreen wppdf-emb-iframe-1\"\n\t\t\t\tsrc=\"https:\/\/regions-snetap-fsu.fr\/formation\/?pdfemb-data=eyJ1cmwiOiJodHRwczpcL1wvcmVnaW9ucy1zbmV0YXAtZnN1LmZyXC9oZGZcL3dwLWNvbnRlbnRcL3VwbG9hZHNcL3NpdGVzXC81XC8yMDIwXC8wM1wvTWFyY2hlc19jbGltYXRfNG1hcnMyMDIwLnBkZiIsImluZGV4IjoxLCJwZGZJRCI6MH0\"\n\t\t\t\t\t\t\t\tdata-pdf-id=\"0\"\n\t\t\t\tdata-pdf-index=\"1\"\n\t\t\t\tstyle=\"border:none;width:100%;max-width:100%;height:100vh;\"\n\t\t\t\tscrolling=\"yes\">\n\t\t\t<\/iframe>\n\t\t<\/div>\n\n\t\t<\/span><\/p>\n<p><span style=\"text-decoration: underline;color: #000000;font-family: tahoma, arial, helvetica, sans-serif\"><a style=\"color: #000000;text-decoration: underline\" href=\"https:\/\/regions-snetap-fsu.fr\/hdf\/wp-content\/uploads\/sites\/5\/2020\/03\/Marches_climat_4mars2020.pdf\" target=\"_blank\" rel=\"noopener noreferrer\"><span style=\"font-size: 12pt\">Lien : Pour t\u00e9l\u00e9charger l&rsquo;appel intersyndicale<\/span><\/a><\/span><\/p>\n<p style=\"text-align: justify\"><span style=\"font-family: tahoma, arial, helvetica, sans-serif;color: #0000ff;font-size: 12pt\">Ci-dessous l&rsquo;appel des organisations :<\/span><\/p>\n<p style=\"text-align: left\">\n\t\t<div class=\"wppdfemb-frame-container-2\" style=\"-webkit-overflow-scrolling:auto;\">\n\t\t\t<iframe class=\"pdfembed-iframe nonfullscreen wppdf-emb-iframe-2\"\n\t\t\t\tsrc=\"https:\/\/regions-snetap-fsu.fr\/formation\/?pdfemb-data=eyJ1cmwiOiJodHRwczpcL1wvcmVnaW9ucy1zbmV0YXAtZnN1LmZyXC9oZGZcL3dwLWNvbnRlbnRcL3VwbG9hZHNcL3NpdGVzXC81XC8yMDIwXC8wM1wvQXBwZWxfb3JnYW5pc2F0aW9uc19tYXJjaGVzX2NsaW1hdF8xNG1hcnMyMDIwLnBkZiIsImluZGV4IjoyLCJwZGZJRCI6MH0\"\n\t\t\t\t\t\t\t\tdata-pdf-id=\"0\"\n\t\t\t\tdata-pdf-index=\"2\"\n\t\t\t\tstyle=\"border:none;width:100%;max-width:100%;height:100vh;\"\n\t\t\t\tscrolling=\"yes\">\n\t\t\t<\/iframe>\n\t\t<\/div>\n\n\t\t<\/p>\n<p><span style=\"text-decoration: underline;color: #000000\"><span style=\"font-family: tahoma, arial, helvetica, sans-serif\"><a style=\"color: #000000;text-decoration: underline\" href=\"https:\/\/regions-snetap-fsu.fr\/hdf\/wp-content\/uploads\/sites\/5\/2020\/03\/Appel_organisations_marches_climat_14mars2020.pdf\" target=\"_blank\" rel=\"noopener noreferrer\"><span style=\"font-size: 12pt\">Lien : Pour t\u00e9l\u00e9charger l&rsquo;appel des organisations<\/span><\/a><\/span><\/span><\/p>\n<blockquote>\n<p style=\"text-align: center\"><span style=\"font-family: tahoma, arial, helvetica, sans-serif;color: #ff0000\"><strong>Attention,<\/strong><\/span><\/p>\n<p style=\"text-align: center\"><span style=\"font-family: tahoma, arial, helvetica, sans-serif;color: #ff0000\"><strong>cet article est susceptible d&rsquo;\u00e9voluer au gr\u00e9 des informations, n&rsquo;h\u00e9sitez pas \u00e0 le consulter r\u00e9guli\u00e8rement.<\/strong><\/span><\/p>\n<\/blockquote>\n","protected":false},"excerpt":{"rendered":"<p>Marches climat des 13 et 14 mars 2020 dans les Hauts-de-France La FSU et ses syndicats appellent \u00e0 participer dans le cadre de l\u2019appel des organisations ATTAC, CGT, Conf\u00e9d\u00e9ration Paysanne, FSU, Greenpeace, Les Amis de la Terre, Oxfam, Union Syndicale Solidaires aux marches pour le climat le vendredi 13 mars\u00a0 , aux c\u00f4t\u00e9s du mouvement [&hellip;]<\/p>\n","protected":false},"author":138,"featured_media":0,"comment_status":"closed","ping_status":"closed","sticky":false,"template":"","format":"standard","meta":{"ocean_post_layout":"","ocean_both_sidebars_style":"","ocean_both_sidebars_content_width":0,"ocean_both_sidebars_sidebars_width":0,"ocean_sidebar":"","ocean_second_sidebar":"","ocean_disable_margins":"enable","ocean_add_body_class":"","ocean_shortcode_before_top_bar":"","ocean_shortcode_after_top_bar":"","ocean_shortcode_before_header":"","ocean_shortcode_after_header":"","ocean_has_shortcode":"","ocean_shortcode_after_title":"","ocean_shortcode_before_footer_widgets":"","ocean_shortcode_after_footer_widgets":"","ocean_shortcode_before_footer_bottom":"","ocean_shortcode_after_footer_bottom":"","ocean_display_top_bar":"default","ocean_display_header":"default","ocean_header_style":"","ocean_center_header_left_menu":"","ocean_custom_header_template":"","ocean_custom_logo":0,"ocean_custom_retina_logo":0,"ocean_custom_logo_max_width":0,"ocean_custom_logo_tablet_max_width":0,"ocean_custom_logo_mobile_max_width":0,"ocean_custom_logo_max_height":0,"ocean_custom_logo_tablet_max_height":0,"ocean_custom_logo_mobile_max_height":0,"ocean_header_custom_menu":"","ocean_menu_typo_font_family":"","ocean_menu_typo_font_subset":"","ocean_menu_typo_font_size":0,"ocean_menu_typo_font_size_tablet":0,"ocean_menu_typo_font_size_mobile":0,"ocean_menu_typo_font_size_unit":"px","ocean_menu_typo_font_weight":"","ocean_menu_typo_font_weight_tablet":"","ocean_menu_typo_font_weight_mobile":"","ocean_menu_typo_transform":"","ocean_menu_typo_transform_tablet":"","ocean_menu_typo_transform_mobile":"","ocean_menu_typo_line_height":0,"ocean_menu_typo_line_height_tablet":0,"ocean_menu_typo_line_height_mobile":0,"ocean_menu_typo_line_height_unit":"","ocean_menu_typo_spacing":0,"ocean_menu_typo_spacing_tablet":0,"ocean_menu_typo_spacing_mobile":0,"ocean_menu_typo_spacing_unit":"","ocean_menu_link_color":"","ocean_menu_link_color_hover":"","ocean_menu_link_color_active":"","ocean_menu_link_background":"","ocean_menu_link_hover_background":"","ocean_menu_link_active_background":"","ocean_menu_social_links_bg":"","ocean_menu_social_hover_links_bg":"","ocean_menu_social_links_color":"","ocean_menu_social_hover_links_color":"","ocean_disable_title":"default","ocean_disable_heading":"default","ocean_post_title":"","ocean_post_subheading":"","ocean_post_title_style":"","ocean_post_title_background_color":"","ocean_post_title_background":0,"ocean_post_title_bg_image_position":"","ocean_post_title_bg_image_attachment":"","ocean_post_title_bg_image_repeat":"","ocean_post_title_bg_image_size":"","ocean_post_title_height":0,"ocean_post_title_bg_overlay":0.5,"ocean_post_title_bg_overlay_color":"","ocean_disable_breadcrumbs":"default","ocean_breadcrumbs_color":"","ocean_breadcrumbs_separator_color":"","ocean_breadcrumbs_links_color":"","ocean_breadcrumbs_links_hover_color":"","ocean_display_footer_widgets":"default","ocean_display_footer_bottom":"default","ocean_custom_footer_template":"","ocean_post_oembed":"","ocean_post_self_hosted_media":"","ocean_post_video_embed":"","ocean_link_format":"","ocean_link_format_target":"self","ocean_quote_format":"","ocean_quote_format_link":"post","ocean_gallery_link_images":"on","ocean_gallery_id":[],"footnotes":""},"categories":[3],"tags":[],"post_folder":[],"class_list":["post-4665","post","type-post","status-publish","format-standard","hentry","category-actions-greves-manifs","entry"],"yoast_head":"<!-- This site is optimized with the Yoast SEO plugin v27.4 - https:\/\/yoast.com\/product\/yoast-seo-wordpress\/ -->\n<title>Marches climat des 13 et 14 mars 2020 - Formation des sites R\u00e9gionaux du SNETAP-FSU<\/title>\n<meta name=\"robots\" content=\"index, follow, max-snippet:-1, max-image-preview:large, max-video-preview:-1\" \/>\n<link rel=\"canonical\" href=\"https:\/\/regions-snetap-fsu.fr\/formation\/2020\/03\/08\/marches-climat-des-13-et-14-mars-2020\/\" \/>\n<meta property=\"og:locale\" content=\"fr_FR\" \/>\n<meta property=\"og:type\" content=\"article\" \/>\n<meta property=\"og:title\" content=\"Marches climat des 13 et 14 mars 2020 - Formation des sites R\u00e9gionaux du SNETAP-FSU\" \/>\n<meta property=\"og:description\" content=\"Marches climat des 13 et 14 mars 2020 dans les Hauts-de-France La FSU et ses syndicats appellent \u00e0 participer dans le cadre de l\u2019appel des organisations ATTAC, CGT, Conf\u00e9d\u00e9ration Paysanne, FSU, Greenpeace, Les Amis de la Terre, Oxfam, Union Syndicale Solidaires aux marches pour le climat le vendredi 13 mars\u00a0 , aux c\u00f4t\u00e9s du mouvement [&hellip;]\" \/>\n<meta property=\"og:url\" content=\"https:\/\/regions-snetap-fsu.fr\/formation\/2020\/03\/08\/marches-climat-des-13-et-14-mars-2020\/\" \/>\n<meta property=\"og:site_name\" content=\"Formation des sites R\u00e9gionaux du SNETAP-FSU\" \/>\n<meta property=\"article:published_time\" content=\"2020-03-08T22:25:31+00:00\" \/>\n<meta property=\"og:image\" content=\"https:\/\/encrypted-tbn0.gstatic.com\/images?q=tbn%3AANd9GcS-ybc_0TpzkZPzWMlPvGOvcFjxN_tGYoNruvrI7r-55GPqE-PB\" \/>\n<meta name=\"author\" content=\"yoctavien\" \/>\n<meta name=\"twitter:card\" content=\"summary_large_image\" \/>\n<meta name=\"twitter:label1\" content=\"\u00c9crit par\" \/>\n\t<meta name=\"twitter:data1\" content=\"yoctavien\" \/>\n\t<meta name=\"twitter:label2\" content=\"Dur\u00e9e de lecture estim\u00e9e\" \/>\n\t<meta name=\"twitter:data2\" content=\"1 minute\" \/>\n<script type=\"application\/ld+json\" class=\"yoast-schema-graph\">{\"@context\":\"https:\\\/\\\/schema.org\",\"@graph\":[{\"@type\":\"Article\",\"@id\":\"https:\\\/\\\/regions-snetap-fsu.fr\\\/formation\\\/2020\\\/03\\\/08\\\/marches-climat-des-13-et-14-mars-2020\\\/#article\",\"isPartOf\":{\"@id\":\"https:\\\/\\\/regions-snetap-fsu.fr\\\/formation\\\/2020\\\/03\\\/08\\\/marches-climat-des-13-et-14-mars-2020\\\/\"},\"author\":{\"name\":\"yoctavien\",\"@id\":\"https:\\\/\\\/regions-snetap-fsu.fr\\\/formation\\\/#\\\/schema\\\/person\\\/f5dc7b6354e942ca9c5fa8e9ff7e5c93\"},\"headline\":\"Marches climat des 13 et 14 mars 2020\",\"datePublished\":\"2020-03-08T22:25:31+00:00\",\"mainEntityOfPage\":{\"@id\":\"https:\\\/\\\/regions-snetap-fsu.fr\\\/formation\\\/2020\\\/03\\\/08\\\/marches-climat-des-13-et-14-mars-2020\\\/\"},\"wordCount\":257,\"publisher\":{\"@id\":\"https:\\\/\\\/regions-snetap-fsu.fr\\\/formation\\\/#organization\"},\"image\":{\"@id\":\"https:\\\/\\\/regions-snetap-fsu.fr\\\/formation\\\/2020\\\/03\\\/08\\\/marches-climat-des-13-et-14-mars-2020\\\/#primaryimage\"},\"thumbnailUrl\":\"https:\\\/\\\/encrypted-tbn0.gstatic.com\\\/images?q=tbn%3AANd9GcS-ybc_0TpzkZPzWMlPvGOvcFjxN_tGYoNruvrI7r-55GPqE-PB\",\"articleSection\":[\"Actions - Gr\u00e8ves - Manifs\"],\"inLanguage\":\"fr-FR\"},{\"@type\":\"WebPage\",\"@id\":\"https:\\\/\\\/regions-snetap-fsu.fr\\\/formation\\\/2020\\\/03\\\/08\\\/marches-climat-des-13-et-14-mars-2020\\\/\",\"url\":\"https:\\\/\\\/regions-snetap-fsu.fr\\\/formation\\\/2020\\\/03\\\/08\\\/marches-climat-des-13-et-14-mars-2020\\\/\",\"name\":\"Marches climat des 13 et 14 mars 2020 - Formation des sites R\u00e9gionaux du SNETAP-FSU\",\"isPartOf\":{\"@id\":\"https:\\\/\\\/regions-snetap-fsu.fr\\\/formation\\\/#website\"},\"primaryImageOfPage\":{\"@id\":\"https:\\\/\\\/regions-snetap-fsu.fr\\\/formation\\\/2020\\\/03\\\/08\\\/marches-climat-des-13-et-14-mars-2020\\\/#primaryimage\"},\"image\":{\"@id\":\"https:\\\/\\\/regions-snetap-fsu.fr\\\/formation\\\/2020\\\/03\\\/08\\\/marches-climat-des-13-et-14-mars-2020\\\/#primaryimage\"},\"thumbnailUrl\":\"https:\\\/\\\/encrypted-tbn0.gstatic.com\\\/images?q=tbn%3AANd9GcS-ybc_0TpzkZPzWMlPvGOvcFjxN_tGYoNruvrI7r-55GPqE-PB\",\"datePublished\":\"2020-03-08T22:25:31+00:00\",\"breadcrumb\":{\"@id\":\"https:\\\/\\\/regions-snetap-fsu.fr\\\/formation\\\/2020\\\/03\\\/08\\\/marches-climat-des-13-et-14-mars-2020\\\/#breadcrumb\"},\"inLanguage\":\"fr-FR\",\"potentialAction\":[{\"@type\":\"ReadAction\",\"target\":[\"https:\\\/\\\/regions-snetap-fsu.fr\\\/formation\\\/2020\\\/03\\\/08\\\/marches-climat-des-13-et-14-mars-2020\\\/\"]}]},{\"@type\":\"ImageObject\",\"inLanguage\":\"fr-FR\",\"@id\":\"https:\\\/\\\/regions-snetap-fsu.fr\\\/formation\\\/2020\\\/03\\\/08\\\/marches-climat-des-13-et-14-mars-2020\\\/#primaryimage\",\"url\":\"https:\\\/\\\/encrypted-tbn0.gstatic.com\\\/images?q=tbn%3AANd9GcS-ybc_0TpzkZPzWMlPvGOvcFjxN_tGYoNruvrI7r-55GPqE-PB\",\"contentUrl\":\"https:\\\/\\\/encrypted-tbn0.gstatic.com\\\/images?q=tbn%3AANd9GcS-ybc_0TpzkZPzWMlPvGOvcFjxN_tGYoNruvrI7r-55GPqE-PB\"},{\"@type\":\"BreadcrumbList\",\"@id\":\"https:\\\/\\\/regions-snetap-fsu.fr\\\/formation\\\/2020\\\/03\\\/08\\\/marches-climat-des-13-et-14-mars-2020\\\/#breadcrumb\",\"itemListElement\":[{\"@type\":\"ListItem\",\"position\":1,\"name\":\"Accueil\",\"item\":\"https:\\\/\\\/regions-snetap-fsu.fr\\\/formation\\\/\"},{\"@type\":\"ListItem\",\"position\":2,\"name\":\"Marches climat des 13 et 14 mars 2020\"}]},{\"@type\":\"WebSite\",\"@id\":\"https:\\\/\\\/regions-snetap-fsu.fr\\\/formation\\\/#website\",\"url\":\"https:\\\/\\\/regions-snetap-fsu.fr\\\/formation\\\/\",\"name\":\"Formation des sites R\u00e9gionaux du SNETAP-FSU\",\"description\":\"\",\"publisher\":{\"@id\":\"https:\\\/\\\/regions-snetap-fsu.fr\\\/formation\\\/#organization\"},\"potentialAction\":[{\"@type\":\"SearchAction\",\"target\":{\"@type\":\"EntryPoint\",\"urlTemplate\":\"https:\\\/\\\/regions-snetap-fsu.fr\\\/formation\\\/?s={search_term_string}\"},\"query-input\":{\"@type\":\"PropertyValueSpecification\",\"valueRequired\":true,\"valueName\":\"search_term_string\"}}],\"inLanguage\":\"fr-FR\"},{\"@type\":\"Organization\",\"@id\":\"https:\\\/\\\/regions-snetap-fsu.fr\\\/formation\\\/#organization\",\"name\":\"Formation des sites R\u00e9gionaux du SNETAP-FSU\",\"url\":\"https:\\\/\\\/regions-snetap-fsu.fr\\\/formation\\\/\",\"logo\":{\"@type\":\"ImageObject\",\"inLanguage\":\"fr-FR\",\"@id\":\"https:\\\/\\\/regions-snetap-fsu.fr\\\/formation\\\/#\\\/schema\\\/logo\\\/image\\\/\",\"url\":\"https:\\\/\\\/regions-snetap-fsu.fr\\\/formation\\\/wp-content\\\/uploads\\\/sites\\\/20\\\/2025\\\/04\\\/cropped-Logo_blanc_fond_transparent_1000x755.png\",\"contentUrl\":\"https:\\\/\\\/regions-snetap-fsu.fr\\\/formation\\\/wp-content\\\/uploads\\\/sites\\\/20\\\/2025\\\/04\\\/cropped-Logo_blanc_fond_transparent_1000x755.png\",\"width\":998,\"height\":689,\"caption\":\"Formation des sites R\u00e9gionaux du SNETAP-FSU\"},\"image\":{\"@id\":\"https:\\\/\\\/regions-snetap-fsu.fr\\\/formation\\\/#\\\/schema\\\/logo\\\/image\\\/\"}},{\"@type\":\"Person\",\"@id\":\"https:\\\/\\\/regions-snetap-fsu.fr\\\/formation\\\/#\\\/schema\\\/person\\\/f5dc7b6354e942ca9c5fa8e9ff7e5c93\",\"name\":\"yoctavien\",\"image\":{\"@type\":\"ImageObject\",\"inLanguage\":\"fr-FR\",\"@id\":\"https:\\\/\\\/secure.gravatar.com\\\/avatar\\\/382642c092b6b9da14641d3c478df2f3da4a2d17eea25691c232d4dbf735c292?s=96&d=mm&r=g\",\"url\":\"https:\\\/\\\/secure.gravatar.com\\\/avatar\\\/382642c092b6b9da14641d3c478df2f3da4a2d17eea25691c232d4dbf735c292?s=96&d=mm&r=g\",\"contentUrl\":\"https:\\\/\\\/secure.gravatar.com\\\/avatar\\\/382642c092b6b9da14641d3c478df2f3da4a2d17eea25691c232d4dbf735c292?s=96&d=mm&r=g\",\"caption\":\"yoctavien\"},\"url\":\"https:\\\/\\\/regions-snetap-fsu.fr\\\/formation\\\/author\\\/yoctavien\\\/\"}]}<\/script>\n<!-- \/ Yoast SEO plugin. -->","yoast_head_json":{"title":"Marches climat des 13 et 14 mars 2020 - Formation des sites R\u00e9gionaux du SNETAP-FSU","robots":{"index":"index","follow":"follow","max-snippet":"max-snippet:-1","max-image-preview":"max-image-preview:large","max-video-preview":"max-video-preview:-1"},"canonical":"https:\/\/regions-snetap-fsu.fr\/formation\/2020\/03\/08\/marches-climat-des-13-et-14-mars-2020\/","og_locale":"fr_FR","og_type":"article","og_title":"Marches climat des 13 et 14 mars 2020 - Formation des sites R\u00e9gionaux du SNETAP-FSU","og_description":"Marches climat des 13 et 14 mars 2020 dans les Hauts-de-France La FSU et ses syndicats appellent \u00e0 participer dans le cadre de l\u2019appel des organisations ATTAC, CGT, Conf\u00e9d\u00e9ration Paysanne, FSU, Greenpeace, Les Amis de la Terre, Oxfam, Union Syndicale Solidaires aux marches pour le climat le vendredi 13 mars\u00a0 , aux c\u00f4t\u00e9s du mouvement [&hellip;]","og_url":"https:\/\/regions-snetap-fsu.fr\/formation\/2020\/03\/08\/marches-climat-des-13-et-14-mars-2020\/","og_site_name":"Formation des sites R\u00e9gionaux du SNETAP-FSU","article_published_time":"2020-03-08T22:25:31+00:00","og_image":[{"url":"https:\/\/encrypted-tbn0.gstatic.com\/images?q=tbn%3AANd9GcS-ybc_0TpzkZPzWMlPvGOvcFjxN_tGYoNruvrI7r-55GPqE-PB","type":"","width":"","height":""}],"author":"yoctavien","twitter_card":"summary_large_image","twitter_misc":{"\u00c9crit par":"yoctavien","Dur\u00e9e de lecture estim\u00e9e":"1 minute"},"schema":{"@context":"https:\/\/schema.org","@graph":[{"@type":"Article","@id":"https:\/\/regions-snetap-fsu.fr\/formation\/2020\/03\/08\/marches-climat-des-13-et-14-mars-2020\/#article","isPartOf":{"@id":"https:\/\/regions-snetap-fsu.fr\/formation\/2020\/03\/08\/marches-climat-des-13-et-14-mars-2020\/"},"author":{"name":"yoctavien","@id":"https:\/\/regions-snetap-fsu.fr\/formation\/#\/schema\/person\/f5dc7b6354e942ca9c5fa8e9ff7e5c93"},"headline":"Marches climat des 13 et 14 mars 2020","datePublished":"2020-03-08T22:25:31+00:00","mainEntityOfPage":{"@id":"https:\/\/regions-snetap-fsu.fr\/formation\/2020\/03\/08\/marches-climat-des-13-et-14-mars-2020\/"},"wordCount":257,"publisher":{"@id":"https:\/\/regions-snetap-fsu.fr\/formation\/#organization"},"image":{"@id":"https:\/\/regions-snetap-fsu.fr\/formation\/2020\/03\/08\/marches-climat-des-13-et-14-mars-2020\/#primaryimage"},"thumbnailUrl":"https:\/\/encrypted-tbn0.gstatic.com\/images?q=tbn%3AANd9GcS-ybc_0TpzkZPzWMlPvGOvcFjxN_tGYoNruvrI7r-55GPqE-PB","articleSection":["Actions - Gr\u00e8ves - Manifs"],"inLanguage":"fr-FR"},{"@type":"WebPage","@id":"https:\/\/regions-snetap-fsu.fr\/formation\/2020\/03\/08\/marches-climat-des-13-et-14-mars-2020\/","url":"https:\/\/regions-snetap-fsu.fr\/formation\/2020\/03\/08\/marches-climat-des-13-et-14-mars-2020\/","name":"Marches climat des 13 et 14 mars 2020 - Formation des sites R\u00e9gionaux du SNETAP-FSU","isPartOf":{"@id":"https:\/\/regions-snetap-fsu.fr\/formation\/#website"},"primaryImageOfPage":{"@id":"https:\/\/regions-snetap-fsu.fr\/formation\/2020\/03\/08\/marches-climat-des-13-et-14-mars-2020\/#primaryimage"},"image":{"@id":"https:\/\/regions-snetap-fsu.fr\/formation\/2020\/03\/08\/marches-climat-des-13-et-14-mars-2020\/#primaryimage"},"thumbnailUrl":"https:\/\/encrypted-tbn0.gstatic.com\/images?q=tbn%3AANd9GcS-ybc_0TpzkZPzWMlPvGOvcFjxN_tGYoNruvrI7r-55GPqE-PB","datePublished":"2020-03-08T22:25:31+00:00","breadcrumb":{"@id":"https:\/\/regions-snetap-fsu.fr\/formation\/2020\/03\/08\/marches-climat-des-13-et-14-mars-2020\/#breadcrumb"},"inLanguage":"fr-FR","potentialAction":[{"@type":"ReadAction","target":["https:\/\/regions-snetap-fsu.fr\/formation\/2020\/03\/08\/marches-climat-des-13-et-14-mars-2020\/"]}]},{"@type":"ImageObject","inLanguage":"fr-FR","@id":"https:\/\/regions-snetap-fsu.fr\/formation\/2020\/03\/08\/marches-climat-des-13-et-14-mars-2020\/#primaryimage","url":"https:\/\/encrypted-tbn0.gstatic.com\/images?q=tbn%3AANd9GcS-ybc_0TpzkZPzWMlPvGOvcFjxN_tGYoNruvrI7r-55GPqE-PB","contentUrl":"https:\/\/encrypted-tbn0.gstatic.com\/images?q=tbn%3AANd9GcS-ybc_0TpzkZPzWMlPvGOvcFjxN_tGYoNruvrI7r-55GPqE-PB"},{"@type":"BreadcrumbList","@id":"https:\/\/regions-snetap-fsu.fr\/formation\/2020\/03\/08\/marches-climat-des-13-et-14-mars-2020\/#breadcrumb","itemListElement":[{"@type":"ListItem","position":1,"name":"Accueil","item":"https:\/\/regions-snetap-fsu.fr\/formation\/"},{"@type":"ListItem","position":2,"name":"Marches climat des 13 et 14 mars 2020"}]},{"@type":"WebSite","@id":"https:\/\/regions-snetap-fsu.fr\/formation\/#website","url":"https:\/\/regions-snetap-fsu.fr\/formation\/","name":"Formation des sites R\u00e9gionaux du SNETAP-FSU","description":"","publisher":{"@id":"https:\/\/regions-snetap-fsu.fr\/formation\/#organization"},"potentialAction":[{"@type":"SearchAction","target":{"@type":"EntryPoint","urlTemplate":"https:\/\/regions-snetap-fsu.fr\/formation\/?s={search_term_string}"},"query-input":{"@type":"PropertyValueSpecification","valueRequired":true,"valueName":"search_term_string"}}],"inLanguage":"fr-FR"},{"@type":"Organization","@id":"https:\/\/regions-snetap-fsu.fr\/formation\/#organization","name":"Formation des sites R\u00e9gionaux du SNETAP-FSU","url":"https:\/\/regions-snetap-fsu.fr\/formation\/","logo":{"@type":"ImageObject","inLanguage":"fr-FR","@id":"https:\/\/regions-snetap-fsu.fr\/formation\/#\/schema\/logo\/image\/","url":"https:\/\/regions-snetap-fsu.fr\/formation\/wp-content\/uploads\/sites\/20\/2025\/04\/cropped-Logo_blanc_fond_transparent_1000x755.png","contentUrl":"https:\/\/regions-snetap-fsu.fr\/formation\/wp-content\/uploads\/sites\/20\/2025\/04\/cropped-Logo_blanc_fond_transparent_1000x755.png","width":998,"height":689,"caption":"Formation des sites R\u00e9gionaux du SNETAP-FSU"},"image":{"@id":"https:\/\/regions-snetap-fsu.fr\/formation\/#\/schema\/logo\/image\/"}},{"@type":"Person","@id":"https:\/\/regions-snetap-fsu.fr\/formation\/#\/schema\/person\/f5dc7b6354e942ca9c5fa8e9ff7e5c93","name":"yoctavien","image":{"@type":"ImageObject","inLanguage":"fr-FR","@id":"https:\/\/secure.gravatar.com\/avatar\/382642c092b6b9da14641d3c478df2f3da4a2d17eea25691c232d4dbf735c292?s=96&d=mm&r=g","url":"https:\/\/secure.gravatar.com\/avatar\/382642c092b6b9da14641d3c478df2f3da4a2d17eea25691c232d4dbf735c292?s=96&d=mm&r=g","contentUrl":"https:\/\/secure.gravatar.com\/avatar\/382642c092b6b9da14641d3c478df2f3da4a2d17eea25691c232d4dbf735c292?s=96&d=mm&r=g","caption":"yoctavien"},"url":"https:\/\/regions-snetap-fsu.fr\/formation\/author\/yoctavien\/"}]}},"_links":{"self":[{"href":"https:\/\/regions-snetap-fsu.fr\/formation\/wp-json\/wp\/v2\/posts\/4665","targetHints":{"allow":["GET"]}}],"collection":[{"href":"https:\/\/regions-snetap-fsu.fr\/formation\/wp-json\/wp\/v2\/posts"}],"about":[{"href":"https:\/\/regions-snetap-fsu.fr\/formation\/wp-json\/wp\/v2\/types\/post"}],"author":[{"embeddable":true,"href":"https:\/\/regions-snetap-fsu.fr\/formation\/wp-json\/wp\/v2\/users\/138"}],"replies":[{"embeddable":true,"href":"https:\/\/regions-snetap-fsu.fr\/formation\/wp-json\/wp\/v2\/comments?post=4665"}],"version-history":[{"count":0,"href":"https:\/\/regions-snetap-fsu.fr\/formation\/wp-json\/wp\/v2\/posts\/4665\/revisions"}],"wp:attachment":[{"href":"https:\/\/regions-snetap-fsu.fr\/formation\/wp-json\/wp\/v2\/media?parent=4665"}],"wp:term":[{"taxonomy":"category","embeddable":true,"href":"https:\/\/regions-snetap-fsu.fr\/formation\/wp-json\/wp\/v2\/categories?post=4665"},{"taxonomy":"post_tag","embeddable":true,"href":"https:\/\/regions-snetap-fsu.fr\/formation\/wp-json\/wp\/v2\/tags?post=4665"},{"taxonomy":"post_folder","embeddable":true,"href":"https:\/\/regions-snetap-fsu.fr\/formation\/wp-json\/wp\/v2\/post_folder?post=4665"}],"curies":[{"name":"wp","href":"https:\/\/api.w.org\/{rel}","templated":true}]}}