{"id":4619,"date":"2020-03-01T19:14:05","date_gmt":"2020-03-01T18:14:05","guid":{"rendered":"https:\/\/regions-snetap-fsu.fr\/hdf\/?p=4619"},"modified":"2020-03-01T19:14:05","modified_gmt":"2020-03-01T18:14:05","slug":"actions-retraites-du-2-au-8-mars-2020","status":"publish","type":"post","link":"https:\/\/regions-snetap-fsu.fr\/formation\/2020\/03\/01\/actions-retraites-du-2-au-8-mars-2020\/","title":{"rendered":"Actions retraites du 2 au 8 mars 2020"},"content":{"rendered":"<h2 style=\"text-align: center\"><span style=\"font-family: tahoma, arial, helvetica, sans-serif;color: #ff0000\">Actions retraites<\/span><\/h2>\n<h2 style=\"text-align: center\"><span style=\"font-family: tahoma, arial, helvetica, sans-serif;color: #ff0000\">dans les Hauts-de-France<\/span><\/h2>\n<h2 style=\"text-align: center\"><span style=\"font-family: tahoma, arial, helvetica, sans-serif;color: #ff0000\">du 2 au 8 mars 2020<\/span><\/h2>\n<blockquote>\n<p style=\"text-align: justify\"><span style=\"font-family: tahoma, arial, helvetica, sans-serif;color: #0000ff\"><span class=\"css-901oao css-16my406 r-1qd0xha r-ad9z0x r-bcqeeo r-qvutc0\">Le 5 Juillet 2016, Manuel Valls (pas mieux dans sa perception de la d\u00e9mocratie) annonce l\u2019utilisation du 49.3 pour faire passer en force la loi travail. Scandalis\u00e9, le futur 1<sup>er<\/sup> ministre Edouard Philippe <\/span><span class=\"css-901oao css-16my406 r-1qd0xha r-ad9z0x r-bcqeeo r-qvutc0\"> quitte l\u2019Assembl\u00e9e Nationale.<\/span><\/span><\/p>\n<p style=\"text-align: justify\"><a href=\"https:\/\/twitter.com\/i\/status\/1233856474251747329\" target=\"_blank\" rel=\"noopener noreferrer\"><span style=\"text-decoration: underline\"><span style=\"font-family: tahoma, arial, helvetica, sans-serif;color: #000000;text-decoration: underline\">Lien : Tweet avec vid\u00e9o de l&rsquo;AFP TV auquel Edouard Philippe quitte l&rsquo;assembl\u00e9 nationale suite \u00e0 l&rsquo;annonce du 49.3 par Manuel Valls<\/span><\/span><\/a><\/p>\n<p style=\"text-align: justify\"><span style=\"font-family: tahoma, arial, helvetica, sans-serif;color: #0000ff\">Ce samedi 29 f\u00e9vrier, le 1<sup>er<\/sup> ministre Edouard Philippe <span class=\"css-901oao css-16my406 r-1qd0xha r-ad9z0x r-bcqeeo r-qvutc0\">d\u00e9gaine, \u00e0 son tour, le 49.3 juste avant l&rsquo;examen des articles concernant la future valeur du point et l\u2019\u00e2ge d\u2019\u00e9quilibre, ce qui permet au gouvernement de s\u2019\u00e9pargner des d\u00e9bats houleux, notamment sur le revenu moyen d&rsquo;activit\u00e9.<\/span><\/span><\/p>\n<p style=\"text-align: justify\"><span style=\"color: #0000ff;font-family: tahoma, arial, helvetica, sans-serif\">Il s&rsquo;agit bien d&rsquo;un calcul honteux du gouvernement car cette annonce faite un samedi soir correspond \u00e0 la p\u00e9riode \u00e0 laquelle beaucoup de d\u00e9put\u00e9\u00b7es sont absent\u00b7es. Pour d\u00e9poser une motion de censure, contre le gouvernement, les d\u00e9put\u00e9\u00b7es ne disposent que de 24h pour r\u00e9unir 58 signatures. Si aucune motion de censure n&rsquo;est d\u00e9pos\u00e9e dans les d\u00e9lais et les conditions pr\u00e9vues, le texte est automatiquement adopt\u00e9.<\/span><\/p>\n<p style=\"text-align: justify\"><span style=\"font-family: tahoma, arial, helvetica, sans-serif;color: #0000ff\">Grace \u00e0 l&rsquo;opposition qui se mobilise pour d\u00e9poser une motion de censure, le projet de loi n&rsquo;est pas (encore) d\u00e9finitivement adopt\u00e9 : la navette parlementaire repart pour un tour, en commen\u00e7ant (cette fois) par le S\u00e9nat. La deuxi\u00e8me chambre va \u00e9tudier le texte dans son int\u00e9gralit\u00e9, avant de le renvoyer vers l&rsquo;Assembl\u00e9e nationale. A ce moment l\u00e0, le gouvernement peut de nouveau avoir recours au 49.3 pour \u00e9courter les d\u00e9bats jusqu&rsquo;\u00e0 un accord.<\/span><\/p>\n<p style=\"text-align: justify\"><span style=\"font-family: tahoma, arial, helvetica, sans-serif;color: #0000ff\">Enfin, un autre projet de loi relatif \u00e0 la r\u00e9forme des retraites doit aussi \u00eatre examin\u00e9 : le volet organique, qui compte cinq articles et environ 2 000 amendements selon Le Monde.<br \/>\n<\/span><\/p>\n<p style=\"text-align: justify\"><strong><span style=\"color: #ff0000;font-family: tahoma, arial, helvetica, sans-serif\">Donc rien n&rsquo;est perdu, maintenons la pression face \u00e0 un gouvernement qui f\u00e9brile de plus en plus. Toutes et tous ensemble mobilisons nous dans les diff\u00e9rentes actions dans les Hauts-de-France&#8230;<\/span><\/strong><\/p>\n<\/blockquote>\n<p><!--more--><\/p>\n<h3 style=\"text-align: center\"><span style=\"font-family: tahoma, arial, helvetica, sans-serif;color: #ff0000\">Mardi 3 mars<\/span><\/h3>\n<ul>\n<li style=\"text-align: justify\"><span style=\"font-family: tahoma, arial, helvetica, sans-serif;color: #0000ff;font-size: 12pt\"><strong>Calais<\/strong> : 9h30 Sous-pr\u00e9fecture.<\/span><\/li>\n<li style=\"text-align: justify\"><span style=\"font-family: tahoma, arial, helvetica, sans-serif;color: #0000ff;font-size: 12pt\"><strong>Boulogne<\/strong> : 10h, Sous-pr\u00e9fecture.<\/span><\/li>\n<li style=\"text-align: justify\"><span style=\"font-family: tahoma, arial, helvetica, sans-serif;color: #0000ff;font-size: 12pt\"><strong>Saint-Omer<\/strong> : 12-13h, Sous- pr\u00e9fecture.<\/span><\/li>\n<li style=\"text-align: justify\"><span style=\"font-family: tahoma, arial, helvetica, sans-serif;color: #0000ff;font-size: 12pt\"><strong>Lille<\/strong> : 2 rassemblements 14h30\u00a0 et 18h, pr\u00e9fecture.<\/span><\/li>\n<li style=\"text-align: justify\"><span style=\"font-family: tahoma, arial, helvetica, sans-serif;color: #0000ff;font-size: 12pt\"><strong>Arras<\/strong> : 18h, Pr\u00e9fecture.<\/span><\/li>\n<li style=\"text-align: justify\"><span style=\"font-family: tahoma, arial, helvetica, sans-serif;font-size: 12pt;color: #0000ff\"><strong>Cambrai<\/strong> : 17h, sous pr\u00e9fecture.<\/span><\/li>\n<li style=\"text-align: justify\"><span style=\"font-family: tahoma, arial, helvetica, sans-serif;font-size: 12pt;color: #0000ff\"><span style=\"font-family: tahoma, arial, helvetica, sans-serif;font-size: 12pt;color: #0000ff\"><strong>Beauvais<\/strong> : <del>18h, Place Jeanne Hachette. <\/del><\/span><\/span><strong><span style=\"font-family: tahoma, arial, helvetica, sans-serif;color: #ff0000\">Manifestation finalement interdite par le pr\u00e9fet, mais op\u00e9ration escargot autoris\u00e9e par le pr\u00e9fet : <\/span><\/strong><strong><span style=\"font-family: tahoma, arial, helvetica, sans-serif;color: #ff0000\">C&rsquo;est officiel ! Venez avec vos voitures et vos v\u00e9los ! 17h30 maison des syndicats de Beauvais<\/span><\/strong><span style=\"font-family: tahoma, arial, helvetica, sans-serif;font-size: 12pt;color: #0000ff\">\u00a0<span style=\"text-decoration: underline;color: #000000\"> <a style=\"color: #000000;text-decoration: underline\" href=\"https:\/\/fsu60.fsu.fr\/non-49-3-manifdepartementale-beauvais-18h00\/\" target=\"_blank\" rel=\"noopener noreferrer\">Lien : FSU60 &#8211; Non au 49.3 ! Non aux retraites par points ! Mardi 3 mars : manifestation d\u00e9partementale \u00e0 Beauvais 18h00 !<\/a><\/span><\/span><\/li>\n<\/ul>\n<p><img decoding=\"async\" class=\"spotlight aligncenter\" src=\"https:\/\/scontent-cdt1-1.xx.fbcdn.net\/v\/t1.0-9\/s960x960\/88186014_1364699060380344_7724097342931992576_o.jpg?_nc_cat=106&amp;_nc_sid=2d5d41&amp;_nc_ohc=u816qV3uArcAX_Y1xpm&amp;_nc_ht=scontent-cdt1-1.xx&amp;_nc_tp=7&amp;oh=92f9c5c6855104ce393ddaba26cfc85b&amp;oe=5E800F0D\" alt=\"Aucune description de photo disponible.\" \/><\/p>\n<ul>\n<li style=\"text-align: justify\"><span style=\"font-family: tahoma, arial, helvetica, sans-serif;font-size: 12pt;color: #0000ff\"><strong>Amiens<\/strong> : 18h, devant l\u2019h\u00f4tel de ville nouveau rassemblement contre le 49.3<\/span><\/li>\n<li style=\"text-align: justify\"><span style=\"font-family: tahoma, arial, helvetica, sans-serif;font-size: 12pt;color: #0000ff\"><strong> Pr\u00e9fecture et sous-pr\u00e9fectures de l&rsquo;Aisne<\/strong> : 18h, la FSU et la CGT proposent de se rassembler.<\/span><\/li>\n<li style=\"text-align: justify\"><span style=\"color: #0000ff;font-family: tahoma, arial, helvetica, sans-serif;font-size: 12pt\"><strong> Soissons<\/strong> : 14h, AG maison des syndicats.<\/span><strong><br \/>\n<\/strong><\/li>\n<\/ul>\n<h3 style=\"text-align: center\"><span style=\"font-family: tahoma, arial, helvetica, sans-serif;color: #ff0000\">Jeudi 5 mars<\/span><\/h3>\n<ul>\n<li style=\"text-align: justify\"><span style=\"font-family: tahoma, arial, helvetica, sans-serif;color: #0000ff;font-size: 12pt\"><strong>Lille <\/strong>: 14h30, manifestation intersyndicale r\u00e9forme du sup\u00e9rieur et retraites \u00e0 l\u2019appel de l\u2019intersyndicale, Porte de Paris.<\/span><\/li>\n<li style=\"text-align: justify\"><span style=\"font-family: tahoma, arial, helvetica, sans-serif;font-size: 12pt;color: #0000ff\"><b>Calais : <\/b>9h30, Sous-pr\u00e9fecture, Rassemblement.<\/span><\/li>\n<li style=\"text-align: justify\"><span style=\"color: #0000ff;font-family: tahoma, arial, helvetica, sans-serif;font-size: 12pt\"><strong>Avesnes\/Helpe<\/strong> : 14h30, rassemblement sous-pr\u00e9fecture.<\/span><\/li>\n<\/ul>\n<h3 style=\"text-align: center\"><span style=\"font-family: tahoma, arial, helvetica, sans-serif;color: #ff0000\">Vendredi 6 mars<\/span><\/h3>\n<ul>\n<li><span style=\"font-family: tahoma, arial, helvetica, sans-serif;color: #0000ff\"><span style=\"font-size: 12pt\"><strong>Arras<\/strong> : 18h, Retraite aux flambeaux, Beffroi. Ci-dessous le tract intersyndical pour Arras :<\/span><br \/>\n<\/span><\/li>\n<\/ul>\n\n\t\t<div class=\"wppdfemb-frame-container-1\" style=\"-webkit-overflow-scrolling:auto;\">\n\t\t\t<iframe class=\"pdfembed-iframe nonfullscreen wppdf-emb-iframe-1\"\n\t\t\t\tsrc=\"https:\/\/regions-snetap-fsu.fr\/formation\/?pdfemb-data=eyJ1cmwiOiJodHRwczpcL1wvcmVnaW9ucy1zbmV0YXAtZnN1LmZyXC9oZGZcL3dwLWNvbnRlbnRcL3VwbG9hZHNcL3NpdGVzXC81XC8yMDIwXC8wM1wvdHJhY3QtYXJyYXMtOC1tYXJzLTIwMjAucGRmIiwidGl0bGUiOiJ0cmFjdCBhcnJhcyA4IG1hcnMgMjAyMCIsImluZGV4IjoxLCJwZGZJRCI6MH0\"\n\t\t\t\ttitle=\"tract arras 8 mars 2020\"\t\t\t\tdata-pdf-id=\"0\"\n\t\t\t\tdata-pdf-index=\"1\"\n\t\t\t\tstyle=\"border:none;width:100%;max-width:100%;height:100vh;\"\n\t\t\t\tscrolling=\"yes\">\n\t\t\t<\/iframe>\n\t\t<\/div>\n\n\t\t\n<p><span style=\"text-decoration: underline;color: #000000\"><span style=\"font-family: tahoma, arial, helvetica, sans-serif\"><a style=\"color: #000000;text-decoration: underline\" href=\"https:\/\/regions-snetap-fsu.fr\/hdf\/wp-content\/uploads\/sites\/5\/2020\/03\/tract-arras-8-mars-2020.pdf\" target=\"_blank\" rel=\"noopener noreferrer\">Lien : Pour t\u00e9l\u00e9charger le tract<\/a><\/span><\/span><\/p>\n<h3 style=\"text-align: center\"><span style=\"font-family: tahoma, arial, helvetica, sans-serif\"><span style=\"color: #ff0000\">Samedi 7 mars<\/span><\/span><\/h3>\n<ul>\n<li><span style=\"color: #0000ff;font-family: tahoma, arial, helvetica, sans-serif;font-size: 12pt\"><strong>Montreuil-sur-<\/strong><span id=\"OBJ_PREFIX_DWT706_com_zimbra_date\" class=\"Object\"><strong>Mer<\/strong> : <\/span><span id=\"OBJ_PREFIX_DWT705_com_zimbra_date\" class=\"Object\">11<\/span>-13h, <span id=\"OBJ_PREFIX_DWT706_com_zimbra_date\" class=\"Object\"><\/span>, Rassemblement retraites, Place Gl de Gaulle.<\/span><\/li>\n<li style=\"text-align: justify\"><span style=\"font-family: tahoma, arial, helvetica, sans-serif;font-size: 12pt;color: #0000ff\"><strong>Saint-Omer<\/strong> : D\u00e9part et RDV 10h Parking de la cath\u00e9drale all\u00e9e des Glacis Saint Omer, Parcours dans la ville et sur la place du march\u00e9, Fin devant la permanence du d\u00e9put\u00e9 M. Potterie.<\/span><\/li>\n<li><span style=\"font-family: tahoma, arial, helvetica, sans-serif;font-size: 12pt;color: #0000ff\"><strong>Lille<\/strong> : 14h, manifestation femmes, Op\u00e9ra.<\/span><\/li>\n<\/ul>\n<h3 style=\"text-align: center\"><span style=\"font-family: tahoma, arial, helvetica, sans-serif;color: #ff0000\">Dimanche 8 mars<\/span><\/h3>\n<ul>\n<li><span style=\"font-family: tahoma, arial, helvetica, sans-serif;font-size: 12pt\"><span style=\"color: #0000ff\">Actions dans les Hauts-de-France <\/span>: <a href=\"https:\/\/regions-snetap-fsu.fr\/hdf\/2020\/02\/15\/8-mars-marche-des-grandes-gagnantes\/\" target=\"_blank\" rel=\"noopener noreferrer\"><span style=\"text-decoration: underline;color: #000000\">Lien : 8 mars : marche des grandes gagnantes <\/span><\/a><\/span><\/li>\n<\/ul>\n<blockquote>\n<p style=\"text-align: center\"><span style=\"font-family: tahoma, arial, helvetica, sans-serif;color: #ff0000\"><strong>Attention,<\/strong><\/span><\/p>\n<p style=\"text-align: center\"><span style=\"font-family: tahoma, arial, helvetica, sans-serif;color: #ff0000\"><strong>cet article est susceptible d&rsquo;\u00e9voluer au gr\u00e9 des informations, n&rsquo;h\u00e9sitez pas \u00e0 le consulter r\u00e9guli\u00e8rement.<\/strong><\/span><\/p>\n<\/blockquote>\n","protected":false},"excerpt":{"rendered":"<p>Actions retraites dans les Hauts-de-France du 2 au 8 mars 2020 Le 5 Juillet 2016, Manuel Valls (pas mieux dans sa perception de la d\u00e9mocratie) annonce l\u2019utilisation du 49.3 pour faire passer en force la loi travail. Scandalis\u00e9, le futur 1er ministre Edouard Philippe quitte l\u2019Assembl\u00e9e Nationale. Lien : Tweet avec vid\u00e9o de l&rsquo;AFP TV [&hellip;]<\/p>\n","protected":false},"author":138,"featured_media":0,"comment_status":"closed","ping_status":"closed","sticky":false,"template":"","format":"standard","meta":{"ocean_post_layout":"","ocean_both_sidebars_style":"","ocean_both_sidebars_content_width":0,"ocean_both_sidebars_sidebars_width":0,"ocean_sidebar":"","ocean_second_sidebar":"","ocean_disable_margins":"enable","ocean_add_body_class":"","ocean_shortcode_before_top_bar":"","ocean_shortcode_after_top_bar":"","ocean_shortcode_before_header":"","ocean_shortcode_after_header":"","ocean_has_shortcode":"","ocean_shortcode_after_title":"","ocean_shortcode_before_footer_widgets":"","ocean_shortcode_after_footer_widgets":"","ocean_shortcode_before_footer_bottom":"","ocean_shortcode_after_footer_bottom":"","ocean_display_top_bar":"default","ocean_display_header":"default","ocean_header_style":"","ocean_center_header_left_menu":"","ocean_custom_header_template":"","ocean_custom_logo":0,"ocean_custom_retina_logo":0,"ocean_custom_logo_max_width":0,"ocean_custom_logo_tablet_max_width":0,"ocean_custom_logo_mobile_max_width":0,"ocean_custom_logo_max_height":0,"ocean_custom_logo_tablet_max_height":0,"ocean_custom_logo_mobile_max_height":0,"ocean_header_custom_menu":"","ocean_menu_typo_font_family":"","ocean_menu_typo_font_subset":"","ocean_menu_typo_font_size":0,"ocean_menu_typo_font_size_tablet":0,"ocean_menu_typo_font_size_mobile":0,"ocean_menu_typo_font_size_unit":"px","ocean_menu_typo_font_weight":"","ocean_menu_typo_font_weight_tablet":"","ocean_menu_typo_font_weight_mobile":"","ocean_menu_typo_transform":"","ocean_menu_typo_transform_tablet":"","ocean_menu_typo_transform_mobile":"","ocean_menu_typo_line_height":0,"ocean_menu_typo_line_height_tablet":0,"ocean_menu_typo_line_height_mobile":0,"ocean_menu_typo_line_height_unit":"","ocean_menu_typo_spacing":0,"ocean_menu_typo_spacing_tablet":0,"ocean_menu_typo_spacing_mobile":0,"ocean_menu_typo_spacing_unit":"","ocean_menu_link_color":"","ocean_menu_link_color_hover":"","ocean_menu_link_color_active":"","ocean_menu_link_background":"","ocean_menu_link_hover_background":"","ocean_menu_link_active_background":"","ocean_menu_social_links_bg":"","ocean_menu_social_hover_links_bg":"","ocean_menu_social_links_color":"","ocean_menu_social_hover_links_color":"","ocean_disable_title":"default","ocean_disable_heading":"default","ocean_post_title":"","ocean_post_subheading":"","ocean_post_title_style":"","ocean_post_title_background_color":"","ocean_post_title_background":0,"ocean_post_title_bg_image_position":"","ocean_post_title_bg_image_attachment":"","ocean_post_title_bg_image_repeat":"","ocean_post_title_bg_image_size":"","ocean_post_title_height":0,"ocean_post_title_bg_overlay":0.5,"ocean_post_title_bg_overlay_color":"","ocean_disable_breadcrumbs":"default","ocean_breadcrumbs_color":"","ocean_breadcrumbs_separator_color":"","ocean_breadcrumbs_links_color":"","ocean_breadcrumbs_links_hover_color":"","ocean_display_footer_widgets":"default","ocean_display_footer_bottom":"default","ocean_custom_footer_template":"","ocean_post_oembed":"","ocean_post_self_hosted_media":"","ocean_post_video_embed":"","ocean_link_format":"","ocean_link_format_target":"self","ocean_quote_format":"","ocean_quote_format_link":"post","ocean_gallery_link_images":"on","ocean_gallery_id":[],"footnotes":""},"categories":[3],"tags":[],"post_folder":[],"class_list":["post-4619","post","type-post","status-publish","format-standard","hentry","category-actions-greves-manifs","entry"],"yoast_head":"<!-- This site is optimized with the Yoast SEO plugin v27.4 - https:\/\/yoast.com\/product\/yoast-seo-wordpress\/ -->\n<title>Actions retraites du 2 au 8 mars 2020 - Formation des sites R\u00e9gionaux du SNETAP-FSU<\/title>\n<meta name=\"robots\" content=\"index, follow, max-snippet:-1, max-image-preview:large, max-video-preview:-1\" \/>\n<link rel=\"canonical\" href=\"https:\/\/regions-snetap-fsu.fr\/formation\/2020\/03\/01\/actions-retraites-du-2-au-8-mars-2020\/\" \/>\n<meta property=\"og:locale\" content=\"fr_FR\" \/>\n<meta property=\"og:type\" content=\"article\" \/>\n<meta property=\"og:title\" content=\"Actions retraites du 2 au 8 mars 2020 - Formation des sites R\u00e9gionaux du SNETAP-FSU\" \/>\n<meta property=\"og:description\" content=\"Actions retraites dans les Hauts-de-France du 2 au 8 mars 2020 Le 5 Juillet 2016, Manuel Valls (pas mieux dans sa perception de la d\u00e9mocratie) annonce l\u2019utilisation du 49.3 pour faire passer en force la loi travail. Scandalis\u00e9, le futur 1er ministre Edouard Philippe quitte l\u2019Assembl\u00e9e Nationale. Lien : Tweet avec vid\u00e9o de l&rsquo;AFP TV [&hellip;]\" \/>\n<meta property=\"og:url\" content=\"https:\/\/regions-snetap-fsu.fr\/formation\/2020\/03\/01\/actions-retraites-du-2-au-8-mars-2020\/\" \/>\n<meta property=\"og:site_name\" content=\"Formation des sites R\u00e9gionaux du SNETAP-FSU\" \/>\n<meta property=\"article:published_time\" content=\"2020-03-01T18:14:05+00:00\" \/>\n<meta property=\"og:image\" content=\"https:\/\/scontent-cdt1-1.xx.fbcdn.net\/v\/t1.0-9\/s960x960\/88186014_1364699060380344_7724097342931992576_o.jpg?_nc_cat=106&amp;_nc_sid=2d5d41&amp;_nc_ohc=u816qV3uArcAX_Y1xpm&amp;_nc_ht=scontent-cdt1-1.xx&amp;_nc_tp=7&amp;oh=92f9c5c6855104ce393ddaba26cfc85b&amp;oe=5E800F0D\" \/>\n<meta name=\"author\" content=\"yoctavien\" \/>\n<meta name=\"twitter:card\" content=\"summary_large_image\" \/>\n<meta name=\"twitter:label1\" content=\"\u00c9crit par\" \/>\n\t<meta name=\"twitter:data1\" content=\"yoctavien\" \/>\n\t<meta name=\"twitter:label2\" content=\"Dur\u00e9e de lecture estim\u00e9e\" \/>\n\t<meta name=\"twitter:data2\" content=\"3 minutes\" \/>\n<script type=\"application\/ld+json\" class=\"yoast-schema-graph\">{\"@context\":\"https:\\\/\\\/schema.org\",\"@graph\":[{\"@type\":\"Article\",\"@id\":\"https:\\\/\\\/regions-snetap-fsu.fr\\\/formation\\\/2020\\\/03\\\/01\\\/actions-retraites-du-2-au-8-mars-2020\\\/#article\",\"isPartOf\":{\"@id\":\"https:\\\/\\\/regions-snetap-fsu.fr\\\/formation\\\/2020\\\/03\\\/01\\\/actions-retraites-du-2-au-8-mars-2020\\\/\"},\"author\":{\"name\":\"yoctavien\",\"@id\":\"https:\\\/\\\/regions-snetap-fsu.fr\\\/formation\\\/#\\\/schema\\\/person\\\/f5dc7b6354e942ca9c5fa8e9ff7e5c93\"},\"headline\":\"Actions retraites du 2 au 8 mars 2020\",\"datePublished\":\"2020-03-01T18:14:05+00:00\",\"mainEntityOfPage\":{\"@id\":\"https:\\\/\\\/regions-snetap-fsu.fr\\\/formation\\\/2020\\\/03\\\/01\\\/actions-retraites-du-2-au-8-mars-2020\\\/\"},\"wordCount\":621,\"publisher\":{\"@id\":\"https:\\\/\\\/regions-snetap-fsu.fr\\\/formation\\\/#organization\"},\"image\":{\"@id\":\"https:\\\/\\\/regions-snetap-fsu.fr\\\/formation\\\/2020\\\/03\\\/01\\\/actions-retraites-du-2-au-8-mars-2020\\\/#primaryimage\"},\"thumbnailUrl\":\"https:\\\/\\\/scontent-cdt1-1.xx.fbcdn.net\\\/v\\\/t1.0-9\\\/s960x960\\\/88186014_1364699060380344_7724097342931992576_o.jpg?_nc_cat=106&amp;_nc_sid=2d5d41&amp;_nc_ohc=u816qV3uArcAX_Y1xpm&amp;_nc_ht=scontent-cdt1-1.xx&amp;_nc_tp=7&amp;oh=92f9c5c6855104ce393ddaba26cfc85b&amp;oe=5E800F0D\",\"articleSection\":[\"Actions - Gr\u00e8ves - Manifs\"],\"inLanguage\":\"fr-FR\"},{\"@type\":\"WebPage\",\"@id\":\"https:\\\/\\\/regions-snetap-fsu.fr\\\/formation\\\/2020\\\/03\\\/01\\\/actions-retraites-du-2-au-8-mars-2020\\\/\",\"url\":\"https:\\\/\\\/regions-snetap-fsu.fr\\\/formation\\\/2020\\\/03\\\/01\\\/actions-retraites-du-2-au-8-mars-2020\\\/\",\"name\":\"Actions retraites du 2 au 8 mars 2020 - Formation des sites R\u00e9gionaux du SNETAP-FSU\",\"isPartOf\":{\"@id\":\"https:\\\/\\\/regions-snetap-fsu.fr\\\/formation\\\/#website\"},\"primaryImageOfPage\":{\"@id\":\"https:\\\/\\\/regions-snetap-fsu.fr\\\/formation\\\/2020\\\/03\\\/01\\\/actions-retraites-du-2-au-8-mars-2020\\\/#primaryimage\"},\"image\":{\"@id\":\"https:\\\/\\\/regions-snetap-fsu.fr\\\/formation\\\/2020\\\/03\\\/01\\\/actions-retraites-du-2-au-8-mars-2020\\\/#primaryimage\"},\"thumbnailUrl\":\"https:\\\/\\\/scontent-cdt1-1.xx.fbcdn.net\\\/v\\\/t1.0-9\\\/s960x960\\\/88186014_1364699060380344_7724097342931992576_o.jpg?_nc_cat=106&amp;_nc_sid=2d5d41&amp;_nc_ohc=u816qV3uArcAX_Y1xpm&amp;_nc_ht=scontent-cdt1-1.xx&amp;_nc_tp=7&amp;oh=92f9c5c6855104ce393ddaba26cfc85b&amp;oe=5E800F0D\",\"datePublished\":\"2020-03-01T18:14:05+00:00\",\"breadcrumb\":{\"@id\":\"https:\\\/\\\/regions-snetap-fsu.fr\\\/formation\\\/2020\\\/03\\\/01\\\/actions-retraites-du-2-au-8-mars-2020\\\/#breadcrumb\"},\"inLanguage\":\"fr-FR\",\"potentialAction\":[{\"@type\":\"ReadAction\",\"target\":[\"https:\\\/\\\/regions-snetap-fsu.fr\\\/formation\\\/2020\\\/03\\\/01\\\/actions-retraites-du-2-au-8-mars-2020\\\/\"]}]},{\"@type\":\"ImageObject\",\"inLanguage\":\"fr-FR\",\"@id\":\"https:\\\/\\\/regions-snetap-fsu.fr\\\/formation\\\/2020\\\/03\\\/01\\\/actions-retraites-du-2-au-8-mars-2020\\\/#primaryimage\",\"url\":\"https:\\\/\\\/scontent-cdt1-1.xx.fbcdn.net\\\/v\\\/t1.0-9\\\/s960x960\\\/88186014_1364699060380344_7724097342931992576_o.jpg?_nc_cat=106&amp;_nc_sid=2d5d41&amp;_nc_ohc=u816qV3uArcAX_Y1xpm&amp;_nc_ht=scontent-cdt1-1.xx&amp;_nc_tp=7&amp;oh=92f9c5c6855104ce393ddaba26cfc85b&amp;oe=5E800F0D\",\"contentUrl\":\"https:\\\/\\\/scontent-cdt1-1.xx.fbcdn.net\\\/v\\\/t1.0-9\\\/s960x960\\\/88186014_1364699060380344_7724097342931992576_o.jpg?_nc_cat=106&amp;_nc_sid=2d5d41&amp;_nc_ohc=u816qV3uArcAX_Y1xpm&amp;_nc_ht=scontent-cdt1-1.xx&amp;_nc_tp=7&amp;oh=92f9c5c6855104ce393ddaba26cfc85b&amp;oe=5E800F0D\"},{\"@type\":\"BreadcrumbList\",\"@id\":\"https:\\\/\\\/regions-snetap-fsu.fr\\\/formation\\\/2020\\\/03\\\/01\\\/actions-retraites-du-2-au-8-mars-2020\\\/#breadcrumb\",\"itemListElement\":[{\"@type\":\"ListItem\",\"position\":1,\"name\":\"Accueil\",\"item\":\"https:\\\/\\\/regions-snetap-fsu.fr\\\/formation\\\/\"},{\"@type\":\"ListItem\",\"position\":2,\"name\":\"Actions retraites du 2 au 8 mars 2020\"}]},{\"@type\":\"WebSite\",\"@id\":\"https:\\\/\\\/regions-snetap-fsu.fr\\\/formation\\\/#website\",\"url\":\"https:\\\/\\\/regions-snetap-fsu.fr\\\/formation\\\/\",\"name\":\"Formation des sites R\u00e9gionaux du SNETAP-FSU\",\"description\":\"\",\"publisher\":{\"@id\":\"https:\\\/\\\/regions-snetap-fsu.fr\\\/formation\\\/#organization\"},\"potentialAction\":[{\"@type\":\"SearchAction\",\"target\":{\"@type\":\"EntryPoint\",\"urlTemplate\":\"https:\\\/\\\/regions-snetap-fsu.fr\\\/formation\\\/?s={search_term_string}\"},\"query-input\":{\"@type\":\"PropertyValueSpecification\",\"valueRequired\":true,\"valueName\":\"search_term_string\"}}],\"inLanguage\":\"fr-FR\"},{\"@type\":\"Organization\",\"@id\":\"https:\\\/\\\/regions-snetap-fsu.fr\\\/formation\\\/#organization\",\"name\":\"Formation des sites R\u00e9gionaux du SNETAP-FSU\",\"url\":\"https:\\\/\\\/regions-snetap-fsu.fr\\\/formation\\\/\",\"logo\":{\"@type\":\"ImageObject\",\"inLanguage\":\"fr-FR\",\"@id\":\"https:\\\/\\\/regions-snetap-fsu.fr\\\/formation\\\/#\\\/schema\\\/logo\\\/image\\\/\",\"url\":\"https:\\\/\\\/regions-snetap-fsu.fr\\\/formation\\\/wp-content\\\/uploads\\\/sites\\\/20\\\/2025\\\/04\\\/cropped-Logo_blanc_fond_transparent_1000x755.png\",\"contentUrl\":\"https:\\\/\\\/regions-snetap-fsu.fr\\\/formation\\\/wp-content\\\/uploads\\\/sites\\\/20\\\/2025\\\/04\\\/cropped-Logo_blanc_fond_transparent_1000x755.png\",\"width\":998,\"height\":689,\"caption\":\"Formation des sites R\u00e9gionaux du SNETAP-FSU\"},\"image\":{\"@id\":\"https:\\\/\\\/regions-snetap-fsu.fr\\\/formation\\\/#\\\/schema\\\/logo\\\/image\\\/\"}},{\"@type\":\"Person\",\"@id\":\"https:\\\/\\\/regions-snetap-fsu.fr\\\/formation\\\/#\\\/schema\\\/person\\\/f5dc7b6354e942ca9c5fa8e9ff7e5c93\",\"name\":\"yoctavien\",\"image\":{\"@type\":\"ImageObject\",\"inLanguage\":\"fr-FR\",\"@id\":\"https:\\\/\\\/secure.gravatar.com\\\/avatar\\\/382642c092b6b9da14641d3c478df2f3da4a2d17eea25691c232d4dbf735c292?s=96&d=mm&r=g\",\"url\":\"https:\\\/\\\/secure.gravatar.com\\\/avatar\\\/382642c092b6b9da14641d3c478df2f3da4a2d17eea25691c232d4dbf735c292?s=96&d=mm&r=g\",\"contentUrl\":\"https:\\\/\\\/secure.gravatar.com\\\/avatar\\\/382642c092b6b9da14641d3c478df2f3da4a2d17eea25691c232d4dbf735c292?s=96&d=mm&r=g\",\"caption\":\"yoctavien\"},\"url\":\"https:\\\/\\\/regions-snetap-fsu.fr\\\/formation\\\/author\\\/yoctavien\\\/\"}]}<\/script>\n<!-- \/ Yoast SEO plugin. -->","yoast_head_json":{"title":"Actions retraites du 2 au 8 mars 2020 - Formation des sites R\u00e9gionaux du SNETAP-FSU","robots":{"index":"index","follow":"follow","max-snippet":"max-snippet:-1","max-image-preview":"max-image-preview:large","max-video-preview":"max-video-preview:-1"},"canonical":"https:\/\/regions-snetap-fsu.fr\/formation\/2020\/03\/01\/actions-retraites-du-2-au-8-mars-2020\/","og_locale":"fr_FR","og_type":"article","og_title":"Actions retraites du 2 au 8 mars 2020 - Formation des sites R\u00e9gionaux du SNETAP-FSU","og_description":"Actions retraites dans les Hauts-de-France du 2 au 8 mars 2020 Le 5 Juillet 2016, Manuel Valls (pas mieux dans sa perception de la d\u00e9mocratie) annonce l\u2019utilisation du 49.3 pour faire passer en force la loi travail. Scandalis\u00e9, le futur 1er ministre Edouard Philippe quitte l\u2019Assembl\u00e9e Nationale. Lien : Tweet avec vid\u00e9o de l&rsquo;AFP TV [&hellip;]","og_url":"https:\/\/regions-snetap-fsu.fr\/formation\/2020\/03\/01\/actions-retraites-du-2-au-8-mars-2020\/","og_site_name":"Formation des sites R\u00e9gionaux du SNETAP-FSU","article_published_time":"2020-03-01T18:14:05+00:00","og_image":[{"url":"https:\/\/scontent-cdt1-1.xx.fbcdn.net\/v\/t1.0-9\/s960x960\/88186014_1364699060380344_7724097342931992576_o.jpg?_nc_cat=106&amp;_nc_sid=2d5d41&amp;_nc_ohc=u816qV3uArcAX_Y1xpm&amp;_nc_ht=scontent-cdt1-1.xx&amp;_nc_tp=7&amp;oh=92f9c5c6855104ce393ddaba26cfc85b&amp;oe=5E800F0D","type":"","width":"","height":""}],"author":"yoctavien","twitter_card":"summary_large_image","twitter_misc":{"\u00c9crit par":"yoctavien","Dur\u00e9e de lecture estim\u00e9e":"3 minutes"},"schema":{"@context":"https:\/\/schema.org","@graph":[{"@type":"Article","@id":"https:\/\/regions-snetap-fsu.fr\/formation\/2020\/03\/01\/actions-retraites-du-2-au-8-mars-2020\/#article","isPartOf":{"@id":"https:\/\/regions-snetap-fsu.fr\/formation\/2020\/03\/01\/actions-retraites-du-2-au-8-mars-2020\/"},"author":{"name":"yoctavien","@id":"https:\/\/regions-snetap-fsu.fr\/formation\/#\/schema\/person\/f5dc7b6354e942ca9c5fa8e9ff7e5c93"},"headline":"Actions retraites du 2 au 8 mars 2020","datePublished":"2020-03-01T18:14:05+00:00","mainEntityOfPage":{"@id":"https:\/\/regions-snetap-fsu.fr\/formation\/2020\/03\/01\/actions-retraites-du-2-au-8-mars-2020\/"},"wordCount":621,"publisher":{"@id":"https:\/\/regions-snetap-fsu.fr\/formation\/#organization"},"image":{"@id":"https:\/\/regions-snetap-fsu.fr\/formation\/2020\/03\/01\/actions-retraites-du-2-au-8-mars-2020\/#primaryimage"},"thumbnailUrl":"https:\/\/scontent-cdt1-1.xx.fbcdn.net\/v\/t1.0-9\/s960x960\/88186014_1364699060380344_7724097342931992576_o.jpg?_nc_cat=106&amp;_nc_sid=2d5d41&amp;_nc_ohc=u816qV3uArcAX_Y1xpm&amp;_nc_ht=scontent-cdt1-1.xx&amp;_nc_tp=7&amp;oh=92f9c5c6855104ce393ddaba26cfc85b&amp;oe=5E800F0D","articleSection":["Actions - Gr\u00e8ves - Manifs"],"inLanguage":"fr-FR"},{"@type":"WebPage","@id":"https:\/\/regions-snetap-fsu.fr\/formation\/2020\/03\/01\/actions-retraites-du-2-au-8-mars-2020\/","url":"https:\/\/regions-snetap-fsu.fr\/formation\/2020\/03\/01\/actions-retraites-du-2-au-8-mars-2020\/","name":"Actions retraites du 2 au 8 mars 2020 - Formation des sites R\u00e9gionaux du SNETAP-FSU","isPartOf":{"@id":"https:\/\/regions-snetap-fsu.fr\/formation\/#website"},"primaryImageOfPage":{"@id":"https:\/\/regions-snetap-fsu.fr\/formation\/2020\/03\/01\/actions-retraites-du-2-au-8-mars-2020\/#primaryimage"},"image":{"@id":"https:\/\/regions-snetap-fsu.fr\/formation\/2020\/03\/01\/actions-retraites-du-2-au-8-mars-2020\/#primaryimage"},"thumbnailUrl":"https:\/\/scontent-cdt1-1.xx.fbcdn.net\/v\/t1.0-9\/s960x960\/88186014_1364699060380344_7724097342931992576_o.jpg?_nc_cat=106&amp;_nc_sid=2d5d41&amp;_nc_ohc=u816qV3uArcAX_Y1xpm&amp;_nc_ht=scontent-cdt1-1.xx&amp;_nc_tp=7&amp;oh=92f9c5c6855104ce393ddaba26cfc85b&amp;oe=5E800F0D","datePublished":"2020-03-01T18:14:05+00:00","breadcrumb":{"@id":"https:\/\/regions-snetap-fsu.fr\/formation\/2020\/03\/01\/actions-retraites-du-2-au-8-mars-2020\/#breadcrumb"},"inLanguage":"fr-FR","potentialAction":[{"@type":"ReadAction","target":["https:\/\/regions-snetap-fsu.fr\/formation\/2020\/03\/01\/actions-retraites-du-2-au-8-mars-2020\/"]}]},{"@type":"ImageObject","inLanguage":"fr-FR","@id":"https:\/\/regions-snetap-fsu.fr\/formation\/2020\/03\/01\/actions-retraites-du-2-au-8-mars-2020\/#primaryimage","url":"https:\/\/scontent-cdt1-1.xx.fbcdn.net\/v\/t1.0-9\/s960x960\/88186014_1364699060380344_7724097342931992576_o.jpg?_nc_cat=106&amp;_nc_sid=2d5d41&amp;_nc_ohc=u816qV3uArcAX_Y1xpm&amp;_nc_ht=scontent-cdt1-1.xx&amp;_nc_tp=7&amp;oh=92f9c5c6855104ce393ddaba26cfc85b&amp;oe=5E800F0D","contentUrl":"https:\/\/scontent-cdt1-1.xx.fbcdn.net\/v\/t1.0-9\/s960x960\/88186014_1364699060380344_7724097342931992576_o.jpg?_nc_cat=106&amp;_nc_sid=2d5d41&amp;_nc_ohc=u816qV3uArcAX_Y1xpm&amp;_nc_ht=scontent-cdt1-1.xx&amp;_nc_tp=7&amp;oh=92f9c5c6855104ce393ddaba26cfc85b&amp;oe=5E800F0D"},{"@type":"BreadcrumbList","@id":"https:\/\/regions-snetap-fsu.fr\/formation\/2020\/03\/01\/actions-retraites-du-2-au-8-mars-2020\/#breadcrumb","itemListElement":[{"@type":"ListItem","position":1,"name":"Accueil","item":"https:\/\/regions-snetap-fsu.fr\/formation\/"},{"@type":"ListItem","position":2,"name":"Actions retraites du 2 au 8 mars 2020"}]},{"@type":"WebSite","@id":"https:\/\/regions-snetap-fsu.fr\/formation\/#website","url":"https:\/\/regions-snetap-fsu.fr\/formation\/","name":"Formation des sites R\u00e9gionaux du SNETAP-FSU","description":"","publisher":{"@id":"https:\/\/regions-snetap-fsu.fr\/formation\/#organization"},"potentialAction":[{"@type":"SearchAction","target":{"@type":"EntryPoint","urlTemplate":"https:\/\/regions-snetap-fsu.fr\/formation\/?s={search_term_string}"},"query-input":{"@type":"PropertyValueSpecification","valueRequired":true,"valueName":"search_term_string"}}],"inLanguage":"fr-FR"},{"@type":"Organization","@id":"https:\/\/regions-snetap-fsu.fr\/formation\/#organization","name":"Formation des sites R\u00e9gionaux du SNETAP-FSU","url":"https:\/\/regions-snetap-fsu.fr\/formation\/","logo":{"@type":"ImageObject","inLanguage":"fr-FR","@id":"https:\/\/regions-snetap-fsu.fr\/formation\/#\/schema\/logo\/image\/","url":"https:\/\/regions-snetap-fsu.fr\/formation\/wp-content\/uploads\/sites\/20\/2025\/04\/cropped-Logo_blanc_fond_transparent_1000x755.png","contentUrl":"https:\/\/regions-snetap-fsu.fr\/formation\/wp-content\/uploads\/sites\/20\/2025\/04\/cropped-Logo_blanc_fond_transparent_1000x755.png","width":998,"height":689,"caption":"Formation des sites R\u00e9gionaux du SNETAP-FSU"},"image":{"@id":"https:\/\/regions-snetap-fsu.fr\/formation\/#\/schema\/logo\/image\/"}},{"@type":"Person","@id":"https:\/\/regions-snetap-fsu.fr\/formation\/#\/schema\/person\/f5dc7b6354e942ca9c5fa8e9ff7e5c93","name":"yoctavien","image":{"@type":"ImageObject","inLanguage":"fr-FR","@id":"https:\/\/secure.gravatar.com\/avatar\/382642c092b6b9da14641d3c478df2f3da4a2d17eea25691c232d4dbf735c292?s=96&d=mm&r=g","url":"https:\/\/secure.gravatar.com\/avatar\/382642c092b6b9da14641d3c478df2f3da4a2d17eea25691c232d4dbf735c292?s=96&d=mm&r=g","contentUrl":"https:\/\/secure.gravatar.com\/avatar\/382642c092b6b9da14641d3c478df2f3da4a2d17eea25691c232d4dbf735c292?s=96&d=mm&r=g","caption":"yoctavien"},"url":"https:\/\/regions-snetap-fsu.fr\/formation\/author\/yoctavien\/"}]}},"_links":{"self":[{"href":"https:\/\/regions-snetap-fsu.fr\/formation\/wp-json\/wp\/v2\/posts\/4619","targetHints":{"allow":["GET"]}}],"collection":[{"href":"https:\/\/regions-snetap-fsu.fr\/formation\/wp-json\/wp\/v2\/posts"}],"about":[{"href":"https:\/\/regions-snetap-fsu.fr\/formation\/wp-json\/wp\/v2\/types\/post"}],"author":[{"embeddable":true,"href":"https:\/\/regions-snetap-fsu.fr\/formation\/wp-json\/wp\/v2\/users\/138"}],"replies":[{"embeddable":true,"href":"https:\/\/regions-snetap-fsu.fr\/formation\/wp-json\/wp\/v2\/comments?post=4619"}],"version-history":[{"count":0,"href":"https:\/\/regions-snetap-fsu.fr\/formation\/wp-json\/wp\/v2\/posts\/4619\/revisions"}],"wp:attachment":[{"href":"https:\/\/regions-snetap-fsu.fr\/formation\/wp-json\/wp\/v2\/media?parent=4619"}],"wp:term":[{"taxonomy":"category","embeddable":true,"href":"https:\/\/regions-snetap-fsu.fr\/formation\/wp-json\/wp\/v2\/categories?post=4619"},{"taxonomy":"post_tag","embeddable":true,"href":"https:\/\/regions-snetap-fsu.fr\/formation\/wp-json\/wp\/v2\/tags?post=4619"},{"taxonomy":"post_folder","embeddable":true,"href":"https:\/\/regions-snetap-fsu.fr\/formation\/wp-json\/wp\/v2\/post_folder?post=4619"}],"curies":[{"name":"wp","href":"https:\/\/api.w.org\/{rel}","templated":true}]}}