{"id":4595,"date":"2020-02-24T17:45:06","date_gmt":"2020-02-24T16:45:06","guid":{"rendered":"https:\/\/regions-snetap-fsu.fr\/hdf\/?p=4595"},"modified":"2020-02-24T17:45:06","modified_gmt":"2020-02-24T16:45:06","slug":"mobilisations-dans-loise-pour-la-semaine-du-24-au-29-fevrier","status":"publish","type":"post","link":"https:\/\/regions-snetap-fsu.fr\/formation\/2020\/02\/24\/mobilisations-dans-loise-pour-la-semaine-du-24-au-29-fevrier\/","title":{"rendered":"Mobilisations dans l\u2019Oise pour la semaine du 24 au 29 f\u00e9vrier"},"content":{"rendered":"<h2 style=\"text-align: center\"><span style=\"font-family: tahoma, arial, helvetica, sans-serif;color: #ff0000\"> Mobilisations dans l\u2019Oise pour la semaine du 24 au 29 f\u00e9vrier<\/span><\/h2>\n<p><img fetchpriority=\"high\" decoding=\"async\" class=\"shrinkToFit aligncenter\" src=\"http:\/\/extranet.fsu.fr\/docrestreint.api\/2369\/b0a83019067ca1f6558c82ba2a770f8f7e89b919\/png\/fsu-retraite_fev_2020-twit-1200x6272.png\" alt=\"http:\/\/extranet.fsu.fr\/docrestreint.api\/2369\/b0a83019067ca1f6558c82ba2a770f8f7e89b919\/png\/fsu-retraite_fev_2020-twit-1200x6272.png\" width=\"568\" height=\"297\" \/><\/p>\n<div>\n<h3><span style=\"font-family: tahoma, arial, helvetica, sans-serif;color: #0000ff\"><b><u>JEUDI 27<\/u><\/b><u><b> FEVRIER :<\/b><\/u><\/span><u><b><br \/>\n<\/b><\/u><\/h3>\n<\/div>\n<div>\n<ul>\n<li><span style=\"font-family: tahoma, arial, helvetica, sans-serif;font-size: 12pt;color: #0000ff\"><strong>Beauvais<\/strong> : manifestation d\u00e9partementale qui partira \u00e0 14h00 du parvis de la gare SNCF.<\/span><\/li>\n<\/ul>\n<div>\n<div>\n<h3><span style=\"font-family: tahoma, arial, helvetica, sans-serif;color: #0000ff\"><b><u>SAMEDI 29 FEVRI<\/u><\/b><u><b>ER :<\/b><\/u><\/span><b><br \/>\n<\/b><\/h3>\n<div>\n<ul>\n<li><span style=\"font-family: tahoma, arial, helvetica, sans-serif;font-size: 12pt;color: #0000ff\"><strong>Beauvais<\/strong> : manifestation qui partira \u00e0 10h00 de la place Jeanne Hachette.<\/span><\/li>\n<li><span style=\"font-family: tahoma, arial, helvetica, sans-serif;font-size: 12pt;color: #0000ff\"><strong>Creil<\/strong> : r\u00e9union publique \u00ab <span style=\"color: #000000\"><a style=\"color: #000000\" href=\"https:\/\/fsu60.fsu.fr\/samedi-29-fevrier-reunion-publique-mettons-cette-reforme-a-la-retraite-b-t-creil-10h00\/\">METTONS CETTE REFORME A LA RETRAITE !<\/a><\/span> \u00bb (Bourse du Travail, 10h00).<\/span><\/li>\n<\/ul>\n<p><span style=\"text-decoration: underline;color: #000000;font-family: tahoma, arial, helvetica, sans-serif\"><a style=\"color: #000000;text-decoration: underline\" href=\"https:\/\/fsu60.fsu.fr\/faisons-les-battre-en-retraite-les-mobilisations-dans-loise-pour-la-semaine-du-24-au-29-fevrier\/\" target=\"_blank\" rel=\"noopener noreferrer\">Lien : FSU60 &#8211; Faisons les battre en retraite : les mobilisations dans l\u2019Oise pour la semaine du 24 au 29 f\u00e9vrier !<\/a><\/span><\/p>\n<p><span style=\"text-decoration: underline;font-family: tahoma, arial, helvetica, sans-serif;color: #000000\"><a style=\"color: #000000;text-decoration: underline\" href=\"https:\/\/fsu60.fsu.fr\/samedi-29-fevrier-reunion-publique-mettons-cette-reforme-a-la-retraite-b-t-creil-10h00\/\" target=\"_blank\" rel=\"noopener noreferrer\">Lien : FSU60 &#8211; Samedi 29 f\u00e9vrier : r\u00e9union publique \u00ab METTONS CETTE REFORME A LA RETRAITE ! \u00bb (B.T. Creil, 10h00)<\/a><\/span><\/p>\n<\/div>\n<\/div>\n<\/div>\n<\/div>\n","protected":false},"excerpt":{"rendered":"<p>Mobilisations dans l\u2019Oise pour la semaine du 24 au 29 f\u00e9vrier JEUDI 27 FEVRIER : Beauvais : manifestation d\u00e9partementale qui partira \u00e0 14h00 du parvis de la gare SNCF. SAMEDI 29 FEVRIER : Beauvais : manifestation qui partira \u00e0 10h00 de la place Jeanne Hachette. Creil : r\u00e9union publique \u00ab METTONS CETTE REFORME A LA [&hellip;]<\/p>\n","protected":false},"author":138,"featured_media":0,"comment_status":"closed","ping_status":"closed","sticky":false,"template":"","format":"standard","meta":{"ocean_post_layout":"","ocean_both_sidebars_style":"","ocean_both_sidebars_content_width":0,"ocean_both_sidebars_sidebars_width":0,"ocean_sidebar":"","ocean_second_sidebar":"","ocean_disable_margins":"enable","ocean_add_body_class":"","ocean_shortcode_before_top_bar":"","ocean_shortcode_after_top_bar":"","ocean_shortcode_before_header":"","ocean_shortcode_after_header":"","ocean_has_shortcode":"","ocean_shortcode_after_title":"","ocean_shortcode_before_footer_widgets":"","ocean_shortcode_after_footer_widgets":"","ocean_shortcode_before_footer_bottom":"","ocean_shortcode_after_footer_bottom":"","ocean_display_top_bar":"default","ocean_display_header":"default","ocean_header_style":"","ocean_center_header_left_menu":"","ocean_custom_header_template":"","ocean_custom_logo":0,"ocean_custom_retina_logo":0,"ocean_custom_logo_max_width":0,"ocean_custom_logo_tablet_max_width":0,"ocean_custom_logo_mobile_max_width":0,"ocean_custom_logo_max_height":0,"ocean_custom_logo_tablet_max_height":0,"ocean_custom_logo_mobile_max_height":0,"ocean_header_custom_menu":"","ocean_menu_typo_font_family":"","ocean_menu_typo_font_subset":"","ocean_menu_typo_font_size":0,"ocean_menu_typo_font_size_tablet":0,"ocean_menu_typo_font_size_mobile":0,"ocean_menu_typo_font_size_unit":"px","ocean_menu_typo_font_weight":"","ocean_menu_typo_font_weight_tablet":"","ocean_menu_typo_font_weight_mobile":"","ocean_menu_typo_transform":"","ocean_menu_typo_transform_tablet":"","ocean_menu_typo_transform_mobile":"","ocean_menu_typo_line_height":0,"ocean_menu_typo_line_height_tablet":0,"ocean_menu_typo_line_height_mobile":0,"ocean_menu_typo_line_height_unit":"","ocean_menu_typo_spacing":0,"ocean_menu_typo_spacing_tablet":0,"ocean_menu_typo_spacing_mobile":0,"ocean_menu_typo_spacing_unit":"","ocean_menu_link_color":"","ocean_menu_link_color_hover":"","ocean_menu_link_color_active":"","ocean_menu_link_background":"","ocean_menu_link_hover_background":"","ocean_menu_link_active_background":"","ocean_menu_social_links_bg":"","ocean_menu_social_hover_links_bg":"","ocean_menu_social_links_color":"","ocean_menu_social_hover_links_color":"","ocean_disable_title":"default","ocean_disable_heading":"default","ocean_post_title":"","ocean_post_subheading":"","ocean_post_title_style":"","ocean_post_title_background_color":"","ocean_post_title_background":0,"ocean_post_title_bg_image_position":"","ocean_post_title_bg_image_attachment":"","ocean_post_title_bg_image_repeat":"","ocean_post_title_bg_image_size":"","ocean_post_title_height":0,"ocean_post_title_bg_overlay":0.5,"ocean_post_title_bg_overlay_color":"","ocean_disable_breadcrumbs":"default","ocean_breadcrumbs_color":"","ocean_breadcrumbs_separator_color":"","ocean_breadcrumbs_links_color":"","ocean_breadcrumbs_links_hover_color":"","ocean_display_footer_widgets":"default","ocean_display_footer_bottom":"default","ocean_custom_footer_template":"","ocean_post_oembed":"","ocean_post_self_hosted_media":"","ocean_post_video_embed":"","ocean_link_format":"","ocean_link_format_target":"self","ocean_quote_format":"","ocean_quote_format_link":"post","ocean_gallery_link_images":"on","ocean_gallery_id":[],"footnotes":""},"categories":[3],"tags":[],"post_folder":[],"class_list":["post-4595","post","type-post","status-publish","format-standard","hentry","category-actions-greves-manifs","entry"],"yoast_head":"<!-- This site is optimized with the Yoast SEO plugin v27.4 - https:\/\/yoast.com\/product\/yoast-seo-wordpress\/ -->\n<title>Mobilisations dans l\u2019Oise pour la semaine du 24 au 29 f\u00e9vrier - Formation des sites R\u00e9gionaux du SNETAP-FSU<\/title>\n<meta name=\"robots\" content=\"index, follow, max-snippet:-1, max-image-preview:large, max-video-preview:-1\" \/>\n<link rel=\"canonical\" href=\"https:\/\/regions-snetap-fsu.fr\/formation\/2020\/02\/24\/mobilisations-dans-loise-pour-la-semaine-du-24-au-29-fevrier\/\" \/>\n<meta property=\"og:locale\" content=\"fr_FR\" \/>\n<meta property=\"og:type\" content=\"article\" \/>\n<meta property=\"og:title\" content=\"Mobilisations dans l\u2019Oise pour la semaine du 24 au 29 f\u00e9vrier - Formation des sites R\u00e9gionaux du SNETAP-FSU\" \/>\n<meta property=\"og:description\" content=\"Mobilisations dans l\u2019Oise pour la semaine du 24 au 29 f\u00e9vrier JEUDI 27 FEVRIER : Beauvais : manifestation d\u00e9partementale qui partira \u00e0 14h00 du parvis de la gare SNCF. SAMEDI 29 FEVRIER : Beauvais : manifestation qui partira \u00e0 10h00 de la place Jeanne Hachette. Creil : r\u00e9union publique \u00ab METTONS CETTE REFORME A LA [&hellip;]\" \/>\n<meta property=\"og:url\" content=\"https:\/\/regions-snetap-fsu.fr\/formation\/2020\/02\/24\/mobilisations-dans-loise-pour-la-semaine-du-24-au-29-fevrier\/\" \/>\n<meta property=\"og:site_name\" content=\"Formation des sites R\u00e9gionaux du SNETAP-FSU\" \/>\n<meta property=\"article:published_time\" content=\"2020-02-24T16:45:06+00:00\" \/>\n<meta property=\"og:image\" content=\"http:\/\/extranet.fsu.fr\/docrestreint.api\/2369\/b0a83019067ca1f6558c82ba2a770f8f7e89b919\/png\/fsu-retraite_fev_2020-twit-1200x6272.png\" \/>\n<meta name=\"author\" content=\"yoctavien\" \/>\n<meta name=\"twitter:card\" content=\"summary_large_image\" \/>\n<meta name=\"twitter:label1\" content=\"\u00c9crit par\" \/>\n\t<meta name=\"twitter:data1\" content=\"yoctavien\" \/>\n<script type=\"application\/ld+json\" class=\"yoast-schema-graph\">{\"@context\":\"https:\\\/\\\/schema.org\",\"@graph\":[{\"@type\":\"Article\",\"@id\":\"https:\\\/\\\/regions-snetap-fsu.fr\\\/formation\\\/2020\\\/02\\\/24\\\/mobilisations-dans-loise-pour-la-semaine-du-24-au-29-fevrier\\\/#article\",\"isPartOf\":{\"@id\":\"https:\\\/\\\/regions-snetap-fsu.fr\\\/formation\\\/2020\\\/02\\\/24\\\/mobilisations-dans-loise-pour-la-semaine-du-24-au-29-fevrier\\\/\"},\"author\":{\"name\":\"yoctavien\",\"@id\":\"https:\\\/\\\/regions-snetap-fsu.fr\\\/formation\\\/#\\\/schema\\\/person\\\/f5dc7b6354e942ca9c5fa8e9ff7e5c93\"},\"headline\":\"Mobilisations dans l\u2019Oise pour la semaine du 24 au 29 f\u00e9vrier\",\"datePublished\":\"2020-02-24T16:45:06+00:00\",\"mainEntityOfPage\":{\"@id\":\"https:\\\/\\\/regions-snetap-fsu.fr\\\/formation\\\/2020\\\/02\\\/24\\\/mobilisations-dans-loise-pour-la-semaine-du-24-au-29-fevrier\\\/\"},\"wordCount\":103,\"publisher\":{\"@id\":\"https:\\\/\\\/regions-snetap-fsu.fr\\\/formation\\\/#organization\"},\"image\":{\"@id\":\"https:\\\/\\\/regions-snetap-fsu.fr\\\/formation\\\/2020\\\/02\\\/24\\\/mobilisations-dans-loise-pour-la-semaine-du-24-au-29-fevrier\\\/#primaryimage\"},\"thumbnailUrl\":\"http:\\\/\\\/extranet.fsu.fr\\\/docrestreint.api\\\/2369\\\/b0a83019067ca1f6558c82ba2a770f8f7e89b919\\\/png\\\/fsu-retraite_fev_2020-twit-1200x6272.png\",\"articleSection\":[\"Actions - Gr\u00e8ves - Manifs\"],\"inLanguage\":\"fr-FR\"},{\"@type\":\"WebPage\",\"@id\":\"https:\\\/\\\/regions-snetap-fsu.fr\\\/formation\\\/2020\\\/02\\\/24\\\/mobilisations-dans-loise-pour-la-semaine-du-24-au-29-fevrier\\\/\",\"url\":\"https:\\\/\\\/regions-snetap-fsu.fr\\\/formation\\\/2020\\\/02\\\/24\\\/mobilisations-dans-loise-pour-la-semaine-du-24-au-29-fevrier\\\/\",\"name\":\"Mobilisations dans l\u2019Oise pour la semaine du 24 au 29 f\u00e9vrier - Formation des sites R\u00e9gionaux du SNETAP-FSU\",\"isPartOf\":{\"@id\":\"https:\\\/\\\/regions-snetap-fsu.fr\\\/formation\\\/#website\"},\"primaryImageOfPage\":{\"@id\":\"https:\\\/\\\/regions-snetap-fsu.fr\\\/formation\\\/2020\\\/02\\\/24\\\/mobilisations-dans-loise-pour-la-semaine-du-24-au-29-fevrier\\\/#primaryimage\"},\"image\":{\"@id\":\"https:\\\/\\\/regions-snetap-fsu.fr\\\/formation\\\/2020\\\/02\\\/24\\\/mobilisations-dans-loise-pour-la-semaine-du-24-au-29-fevrier\\\/#primaryimage\"},\"thumbnailUrl\":\"http:\\\/\\\/extranet.fsu.fr\\\/docrestreint.api\\\/2369\\\/b0a83019067ca1f6558c82ba2a770f8f7e89b919\\\/png\\\/fsu-retraite_fev_2020-twit-1200x6272.png\",\"datePublished\":\"2020-02-24T16:45:06+00:00\",\"breadcrumb\":{\"@id\":\"https:\\\/\\\/regions-snetap-fsu.fr\\\/formation\\\/2020\\\/02\\\/24\\\/mobilisations-dans-loise-pour-la-semaine-du-24-au-29-fevrier\\\/#breadcrumb\"},\"inLanguage\":\"fr-FR\",\"potentialAction\":[{\"@type\":\"ReadAction\",\"target\":[\"https:\\\/\\\/regions-snetap-fsu.fr\\\/formation\\\/2020\\\/02\\\/24\\\/mobilisations-dans-loise-pour-la-semaine-du-24-au-29-fevrier\\\/\"]}]},{\"@type\":\"ImageObject\",\"inLanguage\":\"fr-FR\",\"@id\":\"https:\\\/\\\/regions-snetap-fsu.fr\\\/formation\\\/2020\\\/02\\\/24\\\/mobilisations-dans-loise-pour-la-semaine-du-24-au-29-fevrier\\\/#primaryimage\",\"url\":\"http:\\\/\\\/extranet.fsu.fr\\\/docrestreint.api\\\/2369\\\/b0a83019067ca1f6558c82ba2a770f8f7e89b919\\\/png\\\/fsu-retraite_fev_2020-twit-1200x6272.png\",\"contentUrl\":\"http:\\\/\\\/extranet.fsu.fr\\\/docrestreint.api\\\/2369\\\/b0a83019067ca1f6558c82ba2a770f8f7e89b919\\\/png\\\/fsu-retraite_fev_2020-twit-1200x6272.png\"},{\"@type\":\"BreadcrumbList\",\"@id\":\"https:\\\/\\\/regions-snetap-fsu.fr\\\/formation\\\/2020\\\/02\\\/24\\\/mobilisations-dans-loise-pour-la-semaine-du-24-au-29-fevrier\\\/#breadcrumb\",\"itemListElement\":[{\"@type\":\"ListItem\",\"position\":1,\"name\":\"Accueil\",\"item\":\"https:\\\/\\\/regions-snetap-fsu.fr\\\/formation\\\/\"},{\"@type\":\"ListItem\",\"position\":2,\"name\":\"Mobilisations dans l\u2019Oise pour la semaine du 24 au 29 f\u00e9vrier\"}]},{\"@type\":\"WebSite\",\"@id\":\"https:\\\/\\\/regions-snetap-fsu.fr\\\/formation\\\/#website\",\"url\":\"https:\\\/\\\/regions-snetap-fsu.fr\\\/formation\\\/\",\"name\":\"Formation des sites R\u00e9gionaux du SNETAP-FSU\",\"description\":\"\",\"publisher\":{\"@id\":\"https:\\\/\\\/regions-snetap-fsu.fr\\\/formation\\\/#organization\"},\"potentialAction\":[{\"@type\":\"SearchAction\",\"target\":{\"@type\":\"EntryPoint\",\"urlTemplate\":\"https:\\\/\\\/regions-snetap-fsu.fr\\\/formation\\\/?s={search_term_string}\"},\"query-input\":{\"@type\":\"PropertyValueSpecification\",\"valueRequired\":true,\"valueName\":\"search_term_string\"}}],\"inLanguage\":\"fr-FR\"},{\"@type\":\"Organization\",\"@id\":\"https:\\\/\\\/regions-snetap-fsu.fr\\\/formation\\\/#organization\",\"name\":\"Formation des sites R\u00e9gionaux du SNETAP-FSU\",\"url\":\"https:\\\/\\\/regions-snetap-fsu.fr\\\/formation\\\/\",\"logo\":{\"@type\":\"ImageObject\",\"inLanguage\":\"fr-FR\",\"@id\":\"https:\\\/\\\/regions-snetap-fsu.fr\\\/formation\\\/#\\\/schema\\\/logo\\\/image\\\/\",\"url\":\"https:\\\/\\\/regions-snetap-fsu.fr\\\/formation\\\/wp-content\\\/uploads\\\/sites\\\/20\\\/2025\\\/04\\\/cropped-Logo_blanc_fond_transparent_1000x755.png\",\"contentUrl\":\"https:\\\/\\\/regions-snetap-fsu.fr\\\/formation\\\/wp-content\\\/uploads\\\/sites\\\/20\\\/2025\\\/04\\\/cropped-Logo_blanc_fond_transparent_1000x755.png\",\"width\":998,\"height\":689,\"caption\":\"Formation des sites R\u00e9gionaux du SNETAP-FSU\"},\"image\":{\"@id\":\"https:\\\/\\\/regions-snetap-fsu.fr\\\/formation\\\/#\\\/schema\\\/logo\\\/image\\\/\"}},{\"@type\":\"Person\",\"@id\":\"https:\\\/\\\/regions-snetap-fsu.fr\\\/formation\\\/#\\\/schema\\\/person\\\/f5dc7b6354e942ca9c5fa8e9ff7e5c93\",\"name\":\"yoctavien\",\"image\":{\"@type\":\"ImageObject\",\"inLanguage\":\"fr-FR\",\"@id\":\"https:\\\/\\\/secure.gravatar.com\\\/avatar\\\/382642c092b6b9da14641d3c478df2f3da4a2d17eea25691c232d4dbf735c292?s=96&d=mm&r=g\",\"url\":\"https:\\\/\\\/secure.gravatar.com\\\/avatar\\\/382642c092b6b9da14641d3c478df2f3da4a2d17eea25691c232d4dbf735c292?s=96&d=mm&r=g\",\"contentUrl\":\"https:\\\/\\\/secure.gravatar.com\\\/avatar\\\/382642c092b6b9da14641d3c478df2f3da4a2d17eea25691c232d4dbf735c292?s=96&d=mm&r=g\",\"caption\":\"yoctavien\"},\"url\":\"https:\\\/\\\/regions-snetap-fsu.fr\\\/formation\\\/author\\\/yoctavien\\\/\"}]}<\/script>\n<!-- \/ Yoast SEO plugin. -->","yoast_head_json":{"title":"Mobilisations dans l\u2019Oise pour la semaine du 24 au 29 f\u00e9vrier - Formation des sites R\u00e9gionaux du SNETAP-FSU","robots":{"index":"index","follow":"follow","max-snippet":"max-snippet:-1","max-image-preview":"max-image-preview:large","max-video-preview":"max-video-preview:-1"},"canonical":"https:\/\/regions-snetap-fsu.fr\/formation\/2020\/02\/24\/mobilisations-dans-loise-pour-la-semaine-du-24-au-29-fevrier\/","og_locale":"fr_FR","og_type":"article","og_title":"Mobilisations dans l\u2019Oise pour la semaine du 24 au 29 f\u00e9vrier - Formation des sites R\u00e9gionaux du SNETAP-FSU","og_description":"Mobilisations dans l\u2019Oise pour la semaine du 24 au 29 f\u00e9vrier JEUDI 27 FEVRIER : Beauvais : manifestation d\u00e9partementale qui partira \u00e0 14h00 du parvis de la gare SNCF. SAMEDI 29 FEVRIER : Beauvais : manifestation qui partira \u00e0 10h00 de la place Jeanne Hachette. Creil : r\u00e9union publique \u00ab METTONS CETTE REFORME A LA [&hellip;]","og_url":"https:\/\/regions-snetap-fsu.fr\/formation\/2020\/02\/24\/mobilisations-dans-loise-pour-la-semaine-du-24-au-29-fevrier\/","og_site_name":"Formation des sites R\u00e9gionaux du SNETAP-FSU","article_published_time":"2020-02-24T16:45:06+00:00","og_image":[{"url":"http:\/\/extranet.fsu.fr\/docrestreint.api\/2369\/b0a83019067ca1f6558c82ba2a770f8f7e89b919\/png\/fsu-retraite_fev_2020-twit-1200x6272.png","type":"","width":"","height":""}],"author":"yoctavien","twitter_card":"summary_large_image","twitter_misc":{"\u00c9crit par":"yoctavien"},"schema":{"@context":"https:\/\/schema.org","@graph":[{"@type":"Article","@id":"https:\/\/regions-snetap-fsu.fr\/formation\/2020\/02\/24\/mobilisations-dans-loise-pour-la-semaine-du-24-au-29-fevrier\/#article","isPartOf":{"@id":"https:\/\/regions-snetap-fsu.fr\/formation\/2020\/02\/24\/mobilisations-dans-loise-pour-la-semaine-du-24-au-29-fevrier\/"},"author":{"name":"yoctavien","@id":"https:\/\/regions-snetap-fsu.fr\/formation\/#\/schema\/person\/f5dc7b6354e942ca9c5fa8e9ff7e5c93"},"headline":"Mobilisations dans l\u2019Oise pour la semaine du 24 au 29 f\u00e9vrier","datePublished":"2020-02-24T16:45:06+00:00","mainEntityOfPage":{"@id":"https:\/\/regions-snetap-fsu.fr\/formation\/2020\/02\/24\/mobilisations-dans-loise-pour-la-semaine-du-24-au-29-fevrier\/"},"wordCount":103,"publisher":{"@id":"https:\/\/regions-snetap-fsu.fr\/formation\/#organization"},"image":{"@id":"https:\/\/regions-snetap-fsu.fr\/formation\/2020\/02\/24\/mobilisations-dans-loise-pour-la-semaine-du-24-au-29-fevrier\/#primaryimage"},"thumbnailUrl":"http:\/\/extranet.fsu.fr\/docrestreint.api\/2369\/b0a83019067ca1f6558c82ba2a770f8f7e89b919\/png\/fsu-retraite_fev_2020-twit-1200x6272.png","articleSection":["Actions - Gr\u00e8ves - Manifs"],"inLanguage":"fr-FR"},{"@type":"WebPage","@id":"https:\/\/regions-snetap-fsu.fr\/formation\/2020\/02\/24\/mobilisations-dans-loise-pour-la-semaine-du-24-au-29-fevrier\/","url":"https:\/\/regions-snetap-fsu.fr\/formation\/2020\/02\/24\/mobilisations-dans-loise-pour-la-semaine-du-24-au-29-fevrier\/","name":"Mobilisations dans l\u2019Oise pour la semaine du 24 au 29 f\u00e9vrier - Formation des sites R\u00e9gionaux du SNETAP-FSU","isPartOf":{"@id":"https:\/\/regions-snetap-fsu.fr\/formation\/#website"},"primaryImageOfPage":{"@id":"https:\/\/regions-snetap-fsu.fr\/formation\/2020\/02\/24\/mobilisations-dans-loise-pour-la-semaine-du-24-au-29-fevrier\/#primaryimage"},"image":{"@id":"https:\/\/regions-snetap-fsu.fr\/formation\/2020\/02\/24\/mobilisations-dans-loise-pour-la-semaine-du-24-au-29-fevrier\/#primaryimage"},"thumbnailUrl":"http:\/\/extranet.fsu.fr\/docrestreint.api\/2369\/b0a83019067ca1f6558c82ba2a770f8f7e89b919\/png\/fsu-retraite_fev_2020-twit-1200x6272.png","datePublished":"2020-02-24T16:45:06+00:00","breadcrumb":{"@id":"https:\/\/regions-snetap-fsu.fr\/formation\/2020\/02\/24\/mobilisations-dans-loise-pour-la-semaine-du-24-au-29-fevrier\/#breadcrumb"},"inLanguage":"fr-FR","potentialAction":[{"@type":"ReadAction","target":["https:\/\/regions-snetap-fsu.fr\/formation\/2020\/02\/24\/mobilisations-dans-loise-pour-la-semaine-du-24-au-29-fevrier\/"]}]},{"@type":"ImageObject","inLanguage":"fr-FR","@id":"https:\/\/regions-snetap-fsu.fr\/formation\/2020\/02\/24\/mobilisations-dans-loise-pour-la-semaine-du-24-au-29-fevrier\/#primaryimage","url":"http:\/\/extranet.fsu.fr\/docrestreint.api\/2369\/b0a83019067ca1f6558c82ba2a770f8f7e89b919\/png\/fsu-retraite_fev_2020-twit-1200x6272.png","contentUrl":"http:\/\/extranet.fsu.fr\/docrestreint.api\/2369\/b0a83019067ca1f6558c82ba2a770f8f7e89b919\/png\/fsu-retraite_fev_2020-twit-1200x6272.png"},{"@type":"BreadcrumbList","@id":"https:\/\/regions-snetap-fsu.fr\/formation\/2020\/02\/24\/mobilisations-dans-loise-pour-la-semaine-du-24-au-29-fevrier\/#breadcrumb","itemListElement":[{"@type":"ListItem","position":1,"name":"Accueil","item":"https:\/\/regions-snetap-fsu.fr\/formation\/"},{"@type":"ListItem","position":2,"name":"Mobilisations dans l\u2019Oise pour la semaine du 24 au 29 f\u00e9vrier"}]},{"@type":"WebSite","@id":"https:\/\/regions-snetap-fsu.fr\/formation\/#website","url":"https:\/\/regions-snetap-fsu.fr\/formation\/","name":"Formation des sites R\u00e9gionaux du SNETAP-FSU","description":"","publisher":{"@id":"https:\/\/regions-snetap-fsu.fr\/formation\/#organization"},"potentialAction":[{"@type":"SearchAction","target":{"@type":"EntryPoint","urlTemplate":"https:\/\/regions-snetap-fsu.fr\/formation\/?s={search_term_string}"},"query-input":{"@type":"PropertyValueSpecification","valueRequired":true,"valueName":"search_term_string"}}],"inLanguage":"fr-FR"},{"@type":"Organization","@id":"https:\/\/regions-snetap-fsu.fr\/formation\/#organization","name":"Formation des sites R\u00e9gionaux du SNETAP-FSU","url":"https:\/\/regions-snetap-fsu.fr\/formation\/","logo":{"@type":"ImageObject","inLanguage":"fr-FR","@id":"https:\/\/regions-snetap-fsu.fr\/formation\/#\/schema\/logo\/image\/","url":"https:\/\/regions-snetap-fsu.fr\/formation\/wp-content\/uploads\/sites\/20\/2025\/04\/cropped-Logo_blanc_fond_transparent_1000x755.png","contentUrl":"https:\/\/regions-snetap-fsu.fr\/formation\/wp-content\/uploads\/sites\/20\/2025\/04\/cropped-Logo_blanc_fond_transparent_1000x755.png","width":998,"height":689,"caption":"Formation des sites R\u00e9gionaux du SNETAP-FSU"},"image":{"@id":"https:\/\/regions-snetap-fsu.fr\/formation\/#\/schema\/logo\/image\/"}},{"@type":"Person","@id":"https:\/\/regions-snetap-fsu.fr\/formation\/#\/schema\/person\/f5dc7b6354e942ca9c5fa8e9ff7e5c93","name":"yoctavien","image":{"@type":"ImageObject","inLanguage":"fr-FR","@id":"https:\/\/secure.gravatar.com\/avatar\/382642c092b6b9da14641d3c478df2f3da4a2d17eea25691c232d4dbf735c292?s=96&d=mm&r=g","url":"https:\/\/secure.gravatar.com\/avatar\/382642c092b6b9da14641d3c478df2f3da4a2d17eea25691c232d4dbf735c292?s=96&d=mm&r=g","contentUrl":"https:\/\/secure.gravatar.com\/avatar\/382642c092b6b9da14641d3c478df2f3da4a2d17eea25691c232d4dbf735c292?s=96&d=mm&r=g","caption":"yoctavien"},"url":"https:\/\/regions-snetap-fsu.fr\/formation\/author\/yoctavien\/"}]}},"_links":{"self":[{"href":"https:\/\/regions-snetap-fsu.fr\/formation\/wp-json\/wp\/v2\/posts\/4595","targetHints":{"allow":["GET"]}}],"collection":[{"href":"https:\/\/regions-snetap-fsu.fr\/formation\/wp-json\/wp\/v2\/posts"}],"about":[{"href":"https:\/\/regions-snetap-fsu.fr\/formation\/wp-json\/wp\/v2\/types\/post"}],"author":[{"embeddable":true,"href":"https:\/\/regions-snetap-fsu.fr\/formation\/wp-json\/wp\/v2\/users\/138"}],"replies":[{"embeddable":true,"href":"https:\/\/regions-snetap-fsu.fr\/formation\/wp-json\/wp\/v2\/comments?post=4595"}],"version-history":[{"count":0,"href":"https:\/\/regions-snetap-fsu.fr\/formation\/wp-json\/wp\/v2\/posts\/4595\/revisions"}],"wp:attachment":[{"href":"https:\/\/regions-snetap-fsu.fr\/formation\/wp-json\/wp\/v2\/media?parent=4595"}],"wp:term":[{"taxonomy":"category","embeddable":true,"href":"https:\/\/regions-snetap-fsu.fr\/formation\/wp-json\/wp\/v2\/categories?post=4595"},{"taxonomy":"post_tag","embeddable":true,"href":"https:\/\/regions-snetap-fsu.fr\/formation\/wp-json\/wp\/v2\/tags?post=4595"},{"taxonomy":"post_folder","embeddable":true,"href":"https:\/\/regions-snetap-fsu.fr\/formation\/wp-json\/wp\/v2\/post_folder?post=4595"}],"curies":[{"name":"wp","href":"https:\/\/api.w.org\/{rel}","templated":true}]}}