{"id":4500,"date":"2020-02-15T15:33:00","date_gmt":"2020-02-15T14:33:00","guid":{"rendered":"https:\/\/regions-snetap-fsu.fr\/hdf\/?p=4500"},"modified":"2020-02-15T15:33:00","modified_gmt":"2020-02-15T14:33:00","slug":"8-mars-marche-des-grandes-gagnantes","status":"publish","type":"post","link":"https:\/\/regions-snetap-fsu.fr\/formation\/2020\/02\/15\/8-mars-marche-des-grandes-gagnantes\/","title":{"rendered":"8 mars : marche des grandes gagnantes !"},"content":{"rendered":"<h2 style=\"text-align: center\"><span style=\"font-family: tahoma, arial, helvetica, sans-serif;color: #ff0000\">8 mars 2020 : <\/span><\/h2>\n<h2 style=\"text-align: center\"><span style=\"font-family: tahoma, arial, helvetica, sans-serif;color: #ff0000\">marche des grandes gagnantes<\/span><\/h2>\n<h2 style=\"text-align: center\"><span style=\"font-family: tahoma, arial, helvetica, sans-serif;color: #ff0000\">dans les Hauts-de-France !<\/span><\/h2>\n<blockquote>\n<p style=\"text-align: justify\"><span style=\"font-family: tahoma, arial, helvetica, sans-serif;color: #0000ff\">Le week end du 8 mars, multiplions les actions et organisons la marche des grandes gagnantes dans les Hauts-de-France. Infirmi\u00e8res, agentes de la restauration, agentes du nettoyage, agentes de l&rsquo;administration, enseignantes, \u00e9tudiantes, retrait\u00e9es, &#8230;, de l&rsquo;enseignement agricole public, d\u00e9filons toutes en tenue de travail, \u00e0 l\u2019image de \u00ab Rosie la Riveteuse \u00bb, ic\u00f4ne de toutes les travailleuses invisibles. Revendiquons, dansons et chantons d\u2019une m\u00eame voix pour exiger le retrait de la r\u00e9forme des retraites et refuser qu\u2019\u00ab A cause de Macron, grandes perdantes nous soyons \u00bb. D\u00e9non\u00e7ons partout les in\u00e9galit\u00e9s de salaire et de pensions, exigeons l\u2019\u00e9galit\u00e9 professionnelle.<\/span><\/p>\n<p style=\"text-align: justify\"><strong><span style=\"font-family: tahoma, arial, helvetica, sans-serif;color: #0000ff\">Parce que les femmes partout dans le monde se l\u00e8vent et luttent pour l\u2019\u00e9galit\u00e9 et leur \u00e9mancipation, soyons les grandes gagnantes ce 8 mars 2020 !&#8230;<\/span><\/strong><\/p>\n<\/blockquote>\n<p><!--more--><\/p>\n\n\t\t<div class=\"wppdfemb-frame-container-1\" style=\"-webkit-overflow-scrolling:auto;\">\n\t\t\t<iframe class=\"pdfembed-iframe nonfullscreen wppdf-emb-iframe-1\"\n\t\t\t\tsrc=\"https:\/\/regions-snetap-fsu.fr\/formation\/?pdfemb-data=eyJ1cmwiOiJodHRwczpcL1wvcmVnaW9ucy1zbmV0YXAtZnN1LmZyXC9oZGZcL3dwLWNvbnRlbnRcL3VwbG9hZHNcL3NpdGVzXC81XC8yMDIwXC8wMlwvOC1tYXJzLTIwMjAtR3JhbmRlcy1HYWduYW50ZXMtQXBwZWxfRlAucGRmIiwiaW5kZXgiOjEsInBkZklEIjowfQ\"\n\t\t\t\t\t\t\t\tdata-pdf-id=\"0\"\n\t\t\t\tdata-pdf-index=\"1\"\n\t\t\t\tstyle=\"border:none;width:100%;max-width:100%;height:100vh;\"\n\t\t\t\tscrolling=\"yes\">\n\t\t\t<\/iframe>\n\t\t<\/div>\n\n\t\t\n<p>&nbsp;<\/p>\n<p><span style=\"text-decoration: underline;color: #000000\"><span style=\"font-family: tahoma, arial, helvetica, sans-serif;font-size: 12pt\"><a style=\"color: #000000;text-decoration: underline\" href=\"https:\/\/fsu.fr\/le-8-mars-des-grandes-gagnantes\/\" target=\"_blank\" rel=\"noopener noreferrer\">Lien : D\u00e9tails FSU : Collectif &#8211; Ev\u00e8nements &#8211; Communiqu\u00e9s<\/a><\/span><\/span><\/p>\n<h3 style=\"text-align: center\"><span style=\"color: #ff0000;font-family: tahoma, arial, helvetica, sans-serif\">Nord<\/span><\/h3>\n<ul>\n<li style=\"text-align: justify\"><span style=\"font-family: tahoma, arial, helvetica, sans-serif;font-size: 12pt;color: #0000ff\"><strong>Lille<\/strong> : <b>14h,<\/b> D\u00e9claration sur les marches de l&rsquo;<span id=\"OBJ_PREFIX_DWT82_com_zimbra_url\" class=\"Object\">Op\u00e9ra<\/span>\u00a0puis marche revendicative jusqu\u2019\u00e0 la salle du Gymnase. Avec la fanfare Oyamba.<\/span><\/li>\n<li style=\"text-align: justify\"><span style=\"font-family: tahoma, arial, helvetica, sans-serif;font-size: 12pt;color: #0000ff\"><strong>Lille : 16h,<\/strong> Apr\u00e8s-midi militante et festive dans la salle du Gymnase : village associatif, expositions Les Femmes de La Busette et Paroles de femmes, atelier gravure.<\/span><\/li>\n<li style=\"text-align: justify\"><span style=\"color: #0000ff;font-family: tahoma, arial, helvetica, sans-serif;font-size: 12pt\"><strong>Maubeuge<\/strong> : 10 h \u00e0 16 h 30 \u00e0 l&rsquo;UL, journ\u00e9e festive, d\u00e9bats et animations \u00e0 Douzies (quartier de MAUBEUGE) 61 rue Jeanne d&rsquo;Arc (pr\u00e8s de l&rsquo;ancien coll\u00e8ge Vauban).<\/span><\/li>\n<\/ul>\n<h3 style=\"text-align: center\"><span style=\"font-family: tahoma, arial, helvetica, sans-serif;color: #ff0000\">Pas de Calais<\/span><\/h3>\n<ul>\n<li><span style=\"font-family: tahoma, arial, helvetica, sans-serif;font-size: 12pt;color: #0000ff\"><strong>Boulogne<\/strong> : 15h, Manifestation March\u00e9 aux poissons.<\/span><\/li>\n<\/ul>\n<h3 style=\"text-align: center\"><span style=\"font-family: tahoma, arial, helvetica, sans-serif;color: #ff0000\">Somme<\/span><\/h3>\n<ul>\n<li style=\"text-align: justify\"><span style=\"font-family: tahoma, arial, helvetica, sans-serif;color: #0000ff;font-size: 12pt\"><strong>Amiens<\/strong> : RDV \u00e0 9h30 devant l&rsquo;Atrium pour une d\u00e9ambulation revendicative : pensez \u00e0 votre \u00ab\u00a0costume\u00a0\u00bb de Rosie la Riveteuse, pur celles qui peuvent (bleu de travail ou v\u00eatements bleus, bandeau rouge, gants de m\u00e9nage) et r\u00e9p\u00e9tez la chor\u00e9graphie (tutoriel en bas de cet article). Puis, 12h, on se retrouve apr\u00e8s la d\u00e9ambulation, pour un porteur de paroles au square Gauguin et un quizz au march\u00e9 du Pigeonnier.<\/span><\/li>\n<\/ul>\n<h3 style=\"text-align: center\"><span style=\"font-family: tahoma, arial, helvetica, sans-serif;color: #ff0000\">Oise<\/span><\/h3>\n<ul>\n<li style=\"text-align: justify\"><span style=\"font-family: tahoma, arial, helvetica, sans-serif;color: #0000ff\"><span style=\"font-size: 12pt\"><strong>Ch\u00e2teau de Compi\u00e8gne<\/strong> : 10h30, Flash Mob f\u00e9ministe pour la journ\u00e9e internationale de lutte pour les droits des femmes, suivie d\u2019une marche d\u00e9partementale. Inscription et d\u00e9tail au lien suivant : <\/span><span style=\"text-decoration: underline;color: #000000\"><a style=\"color: #000000;text-decoration: underline\" href=\"https:\/\/fsu60.fsu.fr\/8-mars-marche-des-grandes-gagnantes\/\" target=\"_blank\" rel=\"noopener noreferrer\"><span style=\"font-family: tahoma, arial, helvetica, sans-serif;font-size: 12pt\">Lien : FSU 60 &#8211; Flash Mob f\u00e9ministe et marche 8 mars<\/span><\/a><\/span><\/span><\/li>\n<\/ul>\n<h3 style=\"text-align: center\"><span style=\"font-family: tahoma, arial, helvetica, sans-serif;color: #ff0000\">Aisne<\/span><\/h3>\n<ul>\n<li style=\"text-align: justify\"><span style=\"font-family: tahoma, arial, helvetica, sans-serif;font-size: 12pt;color: #0000ff\"><strong>Laon<\/strong> : Le collectif de rosie\u2019s du 02 pr\u00e9pare une flash mob. A <strong>10H00<\/strong> devant la maison des syndicats \u00e0 Laon : r\u00e9p\u00e9tition de la chor\u00e9graphie d\u2019Attac sur l\u2019air de \u00ab<small class=\"fine\">\u00a0<\/small>\u00e0 cause des gar\u00e7ons<small class=\"fine\">\u00a0<\/small>\u00bb. Les paroles de la chanson renomm\u00e9e \u00ab<small class=\"fine\">\u00a0<\/small>\u00e0 cause de Macron<small class=\"fine\">\u00a0<\/small>\u00bb sensibilisent aux multiples difficult\u00e9s qui vont toucher les femmes \u00e0 cause de sa reforme des retraites. Plus il y aura de filles\/femmes, mieux se sera<small class=\"fine\">\u00a0<\/small>! Puis rassemblement interprofessionnel \u00e0 <strong>10H30<\/strong> place des droits de l\u2019Homme ( devant la gare ). Prise de paroles et parcours si suffisamment de monde (gare rue de Lyon<small class=\"fine\">\u00a0<\/small>; rue Eugene Leduc<small class=\"fine\">\u00a0<\/small>; rue Roger Salengro<small class=\"fine\">\u00a0<\/small>; gare)<\/span><\/li>\n<\/ul>\n<p><a href=\"https:\/\/vimeo.com\/386010150\" target=\"_blank\" rel=\"noopener noreferrer\"><img fetchpriority=\"high\" decoding=\"async\" class=\"aligncenter wp-image-4588 size-full\" src=\"https:\/\/regions-snetap-fsu.fr\/hdf\/wp-content\/uploads\/sites\/5\/2020\/02\/Image_tuto_a_cause_de_macron_24_220.jpg\" alt=\"\" width=\"300\" height=\"168\" \/><\/a><\/p>\n<p style=\"text-align: center\"><a href=\"https:\/\/vimeo.com\/386010150\" target=\"_blank\" rel=\"noopener noreferrer\"><span style=\"text-decoration: underline;font-family: tahoma, arial, helvetica, sans-serif;color: #000000\">Lien : Tutoriel chor\u00e9graphie &#8211; \u00c0 CAUSE DE MACRON<\/span><\/a><\/p>\n\n\t\t<div class=\"wppdfemb-frame-container-2\" style=\"-webkit-overflow-scrolling:auto;\">\n\t\t\t<iframe class=\"pdfembed-iframe nonfullscreen wppdf-emb-iframe-2\"\n\t\t\t\tsrc=\"https:\/\/regions-snetap-fsu.fr\/formation\/?pdfemb-data=eyJ1cmwiOiJodHRwczpcL1wvcmVnaW9ucy1zbmV0YXAtZnN1LmZyXC9oZGZcL3dwLWNvbnRlbnRcL3VwbG9hZHNcL3NpdGVzXC81XC8yMDIwXC8wMlwvUGFyb2xlc19hX2NhdXNlX2RlX01hY3Jvbl9mZW1pbmlzdGVfQXR0YWNfMjRfMjIwLnBkZiIsImluZGV4IjoyLCJwZGZJRCI6MH0\"\n\t\t\t\t\t\t\t\tdata-pdf-id=\"0\"\n\t\t\t\tdata-pdf-index=\"2\"\n\t\t\t\tstyle=\"border:none;width:100%;max-width:100%;height:100vh;\"\n\t\t\t\tscrolling=\"yes\">\n\t\t\t<\/iframe>\n\t\t<\/div>\n\n\t\t\n<p><span style=\"text-decoration: underline\"><span style=\"font-family: tahoma, arial, helvetica, sans-serif;font-size: 12pt;color: #000000\"><a style=\"color: #000000;text-decoration: underline\" href=\"https:\/\/regions-snetap-fsu.fr\/hdf\/wp-content\/uploads\/sites\/5\/2020\/02\/Paroles_a_cause_de_Macron_feministe_Attac_24_220.pdf\" target=\"_blank\" rel=\"noopener noreferrer\">Lien : Pour t\u00e9l\u00e9charger les paroles<\/a><\/span><\/span><\/p>\n<blockquote>\n<p style=\"text-align: center\"><span style=\"font-family: tahoma, arial, helvetica, sans-serif;color: #ff0000\"><strong>Attention,<\/strong><\/span><\/p>\n<p style=\"text-align: center\"><span style=\"font-family: tahoma, arial, helvetica, sans-serif;color: #ff0000\"><strong>cet article est susceptible d&rsquo;\u00e9voluer au gr\u00e9 des informations, n&rsquo;h\u00e9sitez pas \u00e0 le consulter r\u00e9guli\u00e8rement.<\/strong><\/span><\/p>\n<\/blockquote>\n","protected":false},"excerpt":{"rendered":"<p>8 mars 2020 : marche des grandes gagnantes dans les Hauts-de-France ! Le week end du 8 mars, multiplions les actions et organisons la marche des grandes gagnantes dans les Hauts-de-France. Infirmi\u00e8res, agentes de la restauration, agentes du nettoyage, agentes de l&rsquo;administration, enseignantes, \u00e9tudiantes, retrait\u00e9es, &#8230;, de l&rsquo;enseignement agricole public, d\u00e9filons toutes en tenue de [&hellip;]<\/p>\n","protected":false},"author":138,"featured_media":0,"comment_status":"closed","ping_status":"closed","sticky":false,"template":"","format":"standard","meta":{"ocean_post_layout":"","ocean_both_sidebars_style":"","ocean_both_sidebars_content_width":0,"ocean_both_sidebars_sidebars_width":0,"ocean_sidebar":"","ocean_second_sidebar":"","ocean_disable_margins":"enable","ocean_add_body_class":"","ocean_shortcode_before_top_bar":"","ocean_shortcode_after_top_bar":"","ocean_shortcode_before_header":"","ocean_shortcode_after_header":"","ocean_has_shortcode":"","ocean_shortcode_after_title":"","ocean_shortcode_before_footer_widgets":"","ocean_shortcode_after_footer_widgets":"","ocean_shortcode_before_footer_bottom":"","ocean_shortcode_after_footer_bottom":"","ocean_display_top_bar":"default","ocean_display_header":"default","ocean_header_style":"","ocean_center_header_left_menu":"","ocean_custom_header_template":"","ocean_custom_logo":0,"ocean_custom_retina_logo":0,"ocean_custom_logo_max_width":0,"ocean_custom_logo_tablet_max_width":0,"ocean_custom_logo_mobile_max_width":0,"ocean_custom_logo_max_height":0,"ocean_custom_logo_tablet_max_height":0,"ocean_custom_logo_mobile_max_height":0,"ocean_header_custom_menu":"","ocean_menu_typo_font_family":"","ocean_menu_typo_font_subset":"","ocean_menu_typo_font_size":0,"ocean_menu_typo_font_size_tablet":0,"ocean_menu_typo_font_size_mobile":0,"ocean_menu_typo_font_size_unit":"px","ocean_menu_typo_font_weight":"","ocean_menu_typo_font_weight_tablet":"","ocean_menu_typo_font_weight_mobile":"","ocean_menu_typo_transform":"","ocean_menu_typo_transform_tablet":"","ocean_menu_typo_transform_mobile":"","ocean_menu_typo_line_height":0,"ocean_menu_typo_line_height_tablet":0,"ocean_menu_typo_line_height_mobile":0,"ocean_menu_typo_line_height_unit":"","ocean_menu_typo_spacing":0,"ocean_menu_typo_spacing_tablet":0,"ocean_menu_typo_spacing_mobile":0,"ocean_menu_typo_spacing_unit":"","ocean_menu_link_color":"","ocean_menu_link_color_hover":"","ocean_menu_link_color_active":"","ocean_menu_link_background":"","ocean_menu_link_hover_background":"","ocean_menu_link_active_background":"","ocean_menu_social_links_bg":"","ocean_menu_social_hover_links_bg":"","ocean_menu_social_links_color":"","ocean_menu_social_hover_links_color":"","ocean_disable_title":"default","ocean_disable_heading":"default","ocean_post_title":"","ocean_post_subheading":"","ocean_post_title_style":"","ocean_post_title_background_color":"","ocean_post_title_background":0,"ocean_post_title_bg_image_position":"","ocean_post_title_bg_image_attachment":"","ocean_post_title_bg_image_repeat":"","ocean_post_title_bg_image_size":"","ocean_post_title_height":0,"ocean_post_title_bg_overlay":0.5,"ocean_post_title_bg_overlay_color":"","ocean_disable_breadcrumbs":"default","ocean_breadcrumbs_color":"","ocean_breadcrumbs_separator_color":"","ocean_breadcrumbs_links_color":"","ocean_breadcrumbs_links_hover_color":"","ocean_display_footer_widgets":"default","ocean_display_footer_bottom":"default","ocean_custom_footer_template":"","ocean_post_oembed":"","ocean_post_self_hosted_media":"","ocean_post_video_embed":"","ocean_link_format":"","ocean_link_format_target":"self","ocean_quote_format":"","ocean_quote_format_link":"post","ocean_gallery_link_images":"on","ocean_gallery_id":[],"footnotes":""},"categories":[3],"tags":[],"post_folder":[],"class_list":["post-4500","post","type-post","status-publish","format-standard","hentry","category-actions-greves-manifs","entry"],"yoast_head":"<!-- This site is optimized with the Yoast SEO plugin v27.4 - https:\/\/yoast.com\/product\/yoast-seo-wordpress\/ -->\n<title>8 mars : marche des grandes gagnantes ! - Formation des sites R\u00e9gionaux du SNETAP-FSU<\/title>\n<meta name=\"robots\" content=\"index, follow, max-snippet:-1, max-image-preview:large, max-video-preview:-1\" \/>\n<link rel=\"canonical\" href=\"https:\/\/regions-snetap-fsu.fr\/formation\/2020\/02\/15\/8-mars-marche-des-grandes-gagnantes\/\" \/>\n<meta property=\"og:locale\" content=\"fr_FR\" \/>\n<meta property=\"og:type\" content=\"article\" \/>\n<meta property=\"og:title\" content=\"8 mars : marche des grandes gagnantes ! - Formation des sites R\u00e9gionaux du SNETAP-FSU\" \/>\n<meta property=\"og:description\" content=\"8 mars 2020 : marche des grandes gagnantes dans les Hauts-de-France ! Le week end du 8 mars, multiplions les actions et organisons la marche des grandes gagnantes dans les Hauts-de-France. Infirmi\u00e8res, agentes de la restauration, agentes du nettoyage, agentes de l&rsquo;administration, enseignantes, \u00e9tudiantes, retrait\u00e9es, &#8230;, de l&rsquo;enseignement agricole public, d\u00e9filons toutes en tenue de [&hellip;]\" \/>\n<meta property=\"og:url\" content=\"https:\/\/regions-snetap-fsu.fr\/formation\/2020\/02\/15\/8-mars-marche-des-grandes-gagnantes\/\" \/>\n<meta property=\"og:site_name\" content=\"Formation des sites R\u00e9gionaux du SNETAP-FSU\" \/>\n<meta property=\"article:published_time\" content=\"2020-02-15T14:33:00+00:00\" \/>\n<meta name=\"author\" content=\"yoctavien\" \/>\n<meta name=\"twitter:card\" content=\"summary_large_image\" \/>\n<meta name=\"twitter:label1\" content=\"\u00c9crit par\" \/>\n\t<meta name=\"twitter:data1\" content=\"yoctavien\" \/>\n\t<meta name=\"twitter:label2\" content=\"Dur\u00e9e de lecture estim\u00e9e\" \/>\n\t<meta name=\"twitter:data2\" content=\"3 minutes\" \/>\n<script type=\"application\/ld+json\" class=\"yoast-schema-graph\">{\"@context\":\"https:\\\/\\\/schema.org\",\"@graph\":[{\"@type\":\"Article\",\"@id\":\"https:\\\/\\\/regions-snetap-fsu.fr\\\/formation\\\/2020\\\/02\\\/15\\\/8-mars-marche-des-grandes-gagnantes\\\/#article\",\"isPartOf\":{\"@id\":\"https:\\\/\\\/regions-snetap-fsu.fr\\\/formation\\\/2020\\\/02\\\/15\\\/8-mars-marche-des-grandes-gagnantes\\\/\"},\"author\":{\"name\":\"yoctavien\",\"@id\":\"https:\\\/\\\/regions-snetap-fsu.fr\\\/formation\\\/#\\\/schema\\\/person\\\/f5dc7b6354e942ca9c5fa8e9ff7e5c93\"},\"headline\":\"8 mars : marche des grandes gagnantes !\",\"datePublished\":\"2020-02-15T14:33:00+00:00\",\"mainEntityOfPage\":{\"@id\":\"https:\\\/\\\/regions-snetap-fsu.fr\\\/formation\\\/2020\\\/02\\\/15\\\/8-mars-marche-des-grandes-gagnantes\\\/\"},\"wordCount\":536,\"publisher\":{\"@id\":\"https:\\\/\\\/regions-snetap-fsu.fr\\\/formation\\\/#organization\"},\"image\":{\"@id\":\"https:\\\/\\\/regions-snetap-fsu.fr\\\/formation\\\/2020\\\/02\\\/15\\\/8-mars-marche-des-grandes-gagnantes\\\/#primaryimage\"},\"thumbnailUrl\":\"https:\\\/\\\/regions-snetap-fsu.fr\\\/hdf\\\/wp-content\\\/uploads\\\/sites\\\/5\\\/2020\\\/02\\\/Image_tuto_a_cause_de_macron_24_220.jpg\",\"articleSection\":[\"Actions - Gr\u00e8ves - Manifs\"],\"inLanguage\":\"fr-FR\"},{\"@type\":\"WebPage\",\"@id\":\"https:\\\/\\\/regions-snetap-fsu.fr\\\/formation\\\/2020\\\/02\\\/15\\\/8-mars-marche-des-grandes-gagnantes\\\/\",\"url\":\"https:\\\/\\\/regions-snetap-fsu.fr\\\/formation\\\/2020\\\/02\\\/15\\\/8-mars-marche-des-grandes-gagnantes\\\/\",\"name\":\"8 mars : marche des grandes gagnantes ! - Formation des sites R\u00e9gionaux du SNETAP-FSU\",\"isPartOf\":{\"@id\":\"https:\\\/\\\/regions-snetap-fsu.fr\\\/formation\\\/#website\"},\"primaryImageOfPage\":{\"@id\":\"https:\\\/\\\/regions-snetap-fsu.fr\\\/formation\\\/2020\\\/02\\\/15\\\/8-mars-marche-des-grandes-gagnantes\\\/#primaryimage\"},\"image\":{\"@id\":\"https:\\\/\\\/regions-snetap-fsu.fr\\\/formation\\\/2020\\\/02\\\/15\\\/8-mars-marche-des-grandes-gagnantes\\\/#primaryimage\"},\"thumbnailUrl\":\"https:\\\/\\\/regions-snetap-fsu.fr\\\/hdf\\\/wp-content\\\/uploads\\\/sites\\\/5\\\/2020\\\/02\\\/Image_tuto_a_cause_de_macron_24_220.jpg\",\"datePublished\":\"2020-02-15T14:33:00+00:00\",\"breadcrumb\":{\"@id\":\"https:\\\/\\\/regions-snetap-fsu.fr\\\/formation\\\/2020\\\/02\\\/15\\\/8-mars-marche-des-grandes-gagnantes\\\/#breadcrumb\"},\"inLanguage\":\"fr-FR\",\"potentialAction\":[{\"@type\":\"ReadAction\",\"target\":[\"https:\\\/\\\/regions-snetap-fsu.fr\\\/formation\\\/2020\\\/02\\\/15\\\/8-mars-marche-des-grandes-gagnantes\\\/\"]}]},{\"@type\":\"ImageObject\",\"inLanguage\":\"fr-FR\",\"@id\":\"https:\\\/\\\/regions-snetap-fsu.fr\\\/formation\\\/2020\\\/02\\\/15\\\/8-mars-marche-des-grandes-gagnantes\\\/#primaryimage\",\"url\":\"https:\\\/\\\/regions-snetap-fsu.fr\\\/hdf\\\/wp-content\\\/uploads\\\/sites\\\/5\\\/2020\\\/02\\\/Image_tuto_a_cause_de_macron_24_220.jpg\",\"contentUrl\":\"https:\\\/\\\/regions-snetap-fsu.fr\\\/hdf\\\/wp-content\\\/uploads\\\/sites\\\/5\\\/2020\\\/02\\\/Image_tuto_a_cause_de_macron_24_220.jpg\"},{\"@type\":\"BreadcrumbList\",\"@id\":\"https:\\\/\\\/regions-snetap-fsu.fr\\\/formation\\\/2020\\\/02\\\/15\\\/8-mars-marche-des-grandes-gagnantes\\\/#breadcrumb\",\"itemListElement\":[{\"@type\":\"ListItem\",\"position\":1,\"name\":\"Accueil\",\"item\":\"https:\\\/\\\/regions-snetap-fsu.fr\\\/formation\\\/\"},{\"@type\":\"ListItem\",\"position\":2,\"name\":\"8 mars : marche des grandes gagnantes !\"}]},{\"@type\":\"WebSite\",\"@id\":\"https:\\\/\\\/regions-snetap-fsu.fr\\\/formation\\\/#website\",\"url\":\"https:\\\/\\\/regions-snetap-fsu.fr\\\/formation\\\/\",\"name\":\"Formation des sites R\u00e9gionaux du SNETAP-FSU\",\"description\":\"\",\"publisher\":{\"@id\":\"https:\\\/\\\/regions-snetap-fsu.fr\\\/formation\\\/#organization\"},\"potentialAction\":[{\"@type\":\"SearchAction\",\"target\":{\"@type\":\"EntryPoint\",\"urlTemplate\":\"https:\\\/\\\/regions-snetap-fsu.fr\\\/formation\\\/?s={search_term_string}\"},\"query-input\":{\"@type\":\"PropertyValueSpecification\",\"valueRequired\":true,\"valueName\":\"search_term_string\"}}],\"inLanguage\":\"fr-FR\"},{\"@type\":\"Organization\",\"@id\":\"https:\\\/\\\/regions-snetap-fsu.fr\\\/formation\\\/#organization\",\"name\":\"Formation des sites R\u00e9gionaux du SNETAP-FSU\",\"url\":\"https:\\\/\\\/regions-snetap-fsu.fr\\\/formation\\\/\",\"logo\":{\"@type\":\"ImageObject\",\"inLanguage\":\"fr-FR\",\"@id\":\"https:\\\/\\\/regions-snetap-fsu.fr\\\/formation\\\/#\\\/schema\\\/logo\\\/image\\\/\",\"url\":\"https:\\\/\\\/regions-snetap-fsu.fr\\\/formation\\\/wp-content\\\/uploads\\\/sites\\\/20\\\/2025\\\/04\\\/cropped-Logo_blanc_fond_transparent_1000x755.png\",\"contentUrl\":\"https:\\\/\\\/regions-snetap-fsu.fr\\\/formation\\\/wp-content\\\/uploads\\\/sites\\\/20\\\/2025\\\/04\\\/cropped-Logo_blanc_fond_transparent_1000x755.png\",\"width\":998,\"height\":689,\"caption\":\"Formation des sites R\u00e9gionaux du SNETAP-FSU\"},\"image\":{\"@id\":\"https:\\\/\\\/regions-snetap-fsu.fr\\\/formation\\\/#\\\/schema\\\/logo\\\/image\\\/\"}},{\"@type\":\"Person\",\"@id\":\"https:\\\/\\\/regions-snetap-fsu.fr\\\/formation\\\/#\\\/schema\\\/person\\\/f5dc7b6354e942ca9c5fa8e9ff7e5c93\",\"name\":\"yoctavien\",\"image\":{\"@type\":\"ImageObject\",\"inLanguage\":\"fr-FR\",\"@id\":\"https:\\\/\\\/secure.gravatar.com\\\/avatar\\\/382642c092b6b9da14641d3c478df2f3da4a2d17eea25691c232d4dbf735c292?s=96&d=mm&r=g\",\"url\":\"https:\\\/\\\/secure.gravatar.com\\\/avatar\\\/382642c092b6b9da14641d3c478df2f3da4a2d17eea25691c232d4dbf735c292?s=96&d=mm&r=g\",\"contentUrl\":\"https:\\\/\\\/secure.gravatar.com\\\/avatar\\\/382642c092b6b9da14641d3c478df2f3da4a2d17eea25691c232d4dbf735c292?s=96&d=mm&r=g\",\"caption\":\"yoctavien\"},\"url\":\"https:\\\/\\\/regions-snetap-fsu.fr\\\/formation\\\/author\\\/yoctavien\\\/\"}]}<\/script>\n<!-- \/ Yoast SEO plugin. -->","yoast_head_json":{"title":"8 mars : marche des grandes gagnantes ! - Formation des sites R\u00e9gionaux du SNETAP-FSU","robots":{"index":"index","follow":"follow","max-snippet":"max-snippet:-1","max-image-preview":"max-image-preview:large","max-video-preview":"max-video-preview:-1"},"canonical":"https:\/\/regions-snetap-fsu.fr\/formation\/2020\/02\/15\/8-mars-marche-des-grandes-gagnantes\/","og_locale":"fr_FR","og_type":"article","og_title":"8 mars : marche des grandes gagnantes ! - Formation des sites R\u00e9gionaux du SNETAP-FSU","og_description":"8 mars 2020 : marche des grandes gagnantes dans les Hauts-de-France ! Le week end du 8 mars, multiplions les actions et organisons la marche des grandes gagnantes dans les Hauts-de-France. Infirmi\u00e8res, agentes de la restauration, agentes du nettoyage, agentes de l&rsquo;administration, enseignantes, \u00e9tudiantes, retrait\u00e9es, &#8230;, de l&rsquo;enseignement agricole public, d\u00e9filons toutes en tenue de [&hellip;]","og_url":"https:\/\/regions-snetap-fsu.fr\/formation\/2020\/02\/15\/8-mars-marche-des-grandes-gagnantes\/","og_site_name":"Formation des sites R\u00e9gionaux du SNETAP-FSU","article_published_time":"2020-02-15T14:33:00+00:00","author":"yoctavien","twitter_card":"summary_large_image","twitter_misc":{"\u00c9crit par":"yoctavien","Dur\u00e9e de lecture estim\u00e9e":"3 minutes"},"schema":{"@context":"https:\/\/schema.org","@graph":[{"@type":"Article","@id":"https:\/\/regions-snetap-fsu.fr\/formation\/2020\/02\/15\/8-mars-marche-des-grandes-gagnantes\/#article","isPartOf":{"@id":"https:\/\/regions-snetap-fsu.fr\/formation\/2020\/02\/15\/8-mars-marche-des-grandes-gagnantes\/"},"author":{"name":"yoctavien","@id":"https:\/\/regions-snetap-fsu.fr\/formation\/#\/schema\/person\/f5dc7b6354e942ca9c5fa8e9ff7e5c93"},"headline":"8 mars : marche des grandes gagnantes !","datePublished":"2020-02-15T14:33:00+00:00","mainEntityOfPage":{"@id":"https:\/\/regions-snetap-fsu.fr\/formation\/2020\/02\/15\/8-mars-marche-des-grandes-gagnantes\/"},"wordCount":536,"publisher":{"@id":"https:\/\/regions-snetap-fsu.fr\/formation\/#organization"},"image":{"@id":"https:\/\/regions-snetap-fsu.fr\/formation\/2020\/02\/15\/8-mars-marche-des-grandes-gagnantes\/#primaryimage"},"thumbnailUrl":"https:\/\/regions-snetap-fsu.fr\/hdf\/wp-content\/uploads\/sites\/5\/2020\/02\/Image_tuto_a_cause_de_macron_24_220.jpg","articleSection":["Actions - Gr\u00e8ves - Manifs"],"inLanguage":"fr-FR"},{"@type":"WebPage","@id":"https:\/\/regions-snetap-fsu.fr\/formation\/2020\/02\/15\/8-mars-marche-des-grandes-gagnantes\/","url":"https:\/\/regions-snetap-fsu.fr\/formation\/2020\/02\/15\/8-mars-marche-des-grandes-gagnantes\/","name":"8 mars : marche des grandes gagnantes ! - Formation des sites R\u00e9gionaux du SNETAP-FSU","isPartOf":{"@id":"https:\/\/regions-snetap-fsu.fr\/formation\/#website"},"primaryImageOfPage":{"@id":"https:\/\/regions-snetap-fsu.fr\/formation\/2020\/02\/15\/8-mars-marche-des-grandes-gagnantes\/#primaryimage"},"image":{"@id":"https:\/\/regions-snetap-fsu.fr\/formation\/2020\/02\/15\/8-mars-marche-des-grandes-gagnantes\/#primaryimage"},"thumbnailUrl":"https:\/\/regions-snetap-fsu.fr\/hdf\/wp-content\/uploads\/sites\/5\/2020\/02\/Image_tuto_a_cause_de_macron_24_220.jpg","datePublished":"2020-02-15T14:33:00+00:00","breadcrumb":{"@id":"https:\/\/regions-snetap-fsu.fr\/formation\/2020\/02\/15\/8-mars-marche-des-grandes-gagnantes\/#breadcrumb"},"inLanguage":"fr-FR","potentialAction":[{"@type":"ReadAction","target":["https:\/\/regions-snetap-fsu.fr\/formation\/2020\/02\/15\/8-mars-marche-des-grandes-gagnantes\/"]}]},{"@type":"ImageObject","inLanguage":"fr-FR","@id":"https:\/\/regions-snetap-fsu.fr\/formation\/2020\/02\/15\/8-mars-marche-des-grandes-gagnantes\/#primaryimage","url":"https:\/\/regions-snetap-fsu.fr\/hdf\/wp-content\/uploads\/sites\/5\/2020\/02\/Image_tuto_a_cause_de_macron_24_220.jpg","contentUrl":"https:\/\/regions-snetap-fsu.fr\/hdf\/wp-content\/uploads\/sites\/5\/2020\/02\/Image_tuto_a_cause_de_macron_24_220.jpg"},{"@type":"BreadcrumbList","@id":"https:\/\/regions-snetap-fsu.fr\/formation\/2020\/02\/15\/8-mars-marche-des-grandes-gagnantes\/#breadcrumb","itemListElement":[{"@type":"ListItem","position":1,"name":"Accueil","item":"https:\/\/regions-snetap-fsu.fr\/formation\/"},{"@type":"ListItem","position":2,"name":"8 mars : marche des grandes gagnantes !"}]},{"@type":"WebSite","@id":"https:\/\/regions-snetap-fsu.fr\/formation\/#website","url":"https:\/\/regions-snetap-fsu.fr\/formation\/","name":"Formation des sites R\u00e9gionaux du SNETAP-FSU","description":"","publisher":{"@id":"https:\/\/regions-snetap-fsu.fr\/formation\/#organization"},"potentialAction":[{"@type":"SearchAction","target":{"@type":"EntryPoint","urlTemplate":"https:\/\/regions-snetap-fsu.fr\/formation\/?s={search_term_string}"},"query-input":{"@type":"PropertyValueSpecification","valueRequired":true,"valueName":"search_term_string"}}],"inLanguage":"fr-FR"},{"@type":"Organization","@id":"https:\/\/regions-snetap-fsu.fr\/formation\/#organization","name":"Formation des sites R\u00e9gionaux du SNETAP-FSU","url":"https:\/\/regions-snetap-fsu.fr\/formation\/","logo":{"@type":"ImageObject","inLanguage":"fr-FR","@id":"https:\/\/regions-snetap-fsu.fr\/formation\/#\/schema\/logo\/image\/","url":"https:\/\/regions-snetap-fsu.fr\/formation\/wp-content\/uploads\/sites\/20\/2025\/04\/cropped-Logo_blanc_fond_transparent_1000x755.png","contentUrl":"https:\/\/regions-snetap-fsu.fr\/formation\/wp-content\/uploads\/sites\/20\/2025\/04\/cropped-Logo_blanc_fond_transparent_1000x755.png","width":998,"height":689,"caption":"Formation des sites R\u00e9gionaux du SNETAP-FSU"},"image":{"@id":"https:\/\/regions-snetap-fsu.fr\/formation\/#\/schema\/logo\/image\/"}},{"@type":"Person","@id":"https:\/\/regions-snetap-fsu.fr\/formation\/#\/schema\/person\/f5dc7b6354e942ca9c5fa8e9ff7e5c93","name":"yoctavien","image":{"@type":"ImageObject","inLanguage":"fr-FR","@id":"https:\/\/secure.gravatar.com\/avatar\/382642c092b6b9da14641d3c478df2f3da4a2d17eea25691c232d4dbf735c292?s=96&d=mm&r=g","url":"https:\/\/secure.gravatar.com\/avatar\/382642c092b6b9da14641d3c478df2f3da4a2d17eea25691c232d4dbf735c292?s=96&d=mm&r=g","contentUrl":"https:\/\/secure.gravatar.com\/avatar\/382642c092b6b9da14641d3c478df2f3da4a2d17eea25691c232d4dbf735c292?s=96&d=mm&r=g","caption":"yoctavien"},"url":"https:\/\/regions-snetap-fsu.fr\/formation\/author\/yoctavien\/"}]}},"_links":{"self":[{"href":"https:\/\/regions-snetap-fsu.fr\/formation\/wp-json\/wp\/v2\/posts\/4500","targetHints":{"allow":["GET"]}}],"collection":[{"href":"https:\/\/regions-snetap-fsu.fr\/formation\/wp-json\/wp\/v2\/posts"}],"about":[{"href":"https:\/\/regions-snetap-fsu.fr\/formation\/wp-json\/wp\/v2\/types\/post"}],"author":[{"embeddable":true,"href":"https:\/\/regions-snetap-fsu.fr\/formation\/wp-json\/wp\/v2\/users\/138"}],"replies":[{"embeddable":true,"href":"https:\/\/regions-snetap-fsu.fr\/formation\/wp-json\/wp\/v2\/comments?post=4500"}],"version-history":[{"count":0,"href":"https:\/\/regions-snetap-fsu.fr\/formation\/wp-json\/wp\/v2\/posts\/4500\/revisions"}],"wp:attachment":[{"href":"https:\/\/regions-snetap-fsu.fr\/formation\/wp-json\/wp\/v2\/media?parent=4500"}],"wp:term":[{"taxonomy":"category","embeddable":true,"href":"https:\/\/regions-snetap-fsu.fr\/formation\/wp-json\/wp\/v2\/categories?post=4500"},{"taxonomy":"post_tag","embeddable":true,"href":"https:\/\/regions-snetap-fsu.fr\/formation\/wp-json\/wp\/v2\/tags?post=4500"},{"taxonomy":"post_folder","embeddable":true,"href":"https:\/\/regions-snetap-fsu.fr\/formation\/wp-json\/wp\/v2\/post_folder?post=4500"}],"curies":[{"name":"wp","href":"https:\/\/api.w.org\/{rel}","templated":true}]}}