{"id":4480,"date":"2020-02-15T14:38:59","date_gmt":"2020-02-15T13:38:59","guid":{"rendered":"https:\/\/regions-snetap-fsu.fr\/hdf\/?p=4480"},"modified":"2020-02-15T14:38:59","modified_gmt":"2020-02-15T13:38:59","slug":"greve-et-manifestations-interprofessionnelles-le-20-fevrier-2020","status":"publish","type":"post","link":"https:\/\/regions-snetap-fsu.fr\/formation\/2020\/02\/15\/greve-et-manifestations-interprofessionnelles-le-20-fevrier-2020\/","title":{"rendered":"Gr\u00e8ve et manifestations interprofessionnelles le 20 f\u00e9vrier 2020"},"content":{"rendered":"<h2 style=\"text-align: center\"><span style=\"font-family: tahoma, arial, helvetica, sans-serif;color: #ff0000\">Gr\u00e8ve et manifestations interprofessionnelle<\/span><\/h2>\n<h2 style=\"text-align: center\"><span style=\"font-family: tahoma, arial, helvetica, sans-serif;color: #ff0000\">le jeudi 20 f\u00e9vrier 2020<\/span><\/h2>\n<blockquote><p><span style=\"font-family: tahoma, arial, helvetica, sans-serif;color: #0000ff;font-size: 12pt\">Tous les moyens d\u2019action sont utiles et importants. <\/span><br class=\"autobr\" \/><span style=\"font-family: tahoma, arial, helvetica, sans-serif;color: #0000ff;font-size: 12pt\">Pour mettre cette r\u00e9forme K.O., soyons encore dans la rue le jeudi 20 f\u00e9vrier, action interprofessionnelle et signons la p\u00e9tition en ligne.<\/span><br class=\"autobr\" \/><span style=\"font-family: tahoma, arial, helvetica, sans-serif;color: #0000ff;font-size: 12pt\">On l\u00e2che rien\u00a0!<\/span><\/p>\n<p><span style=\"font-family: tahoma, arial, helvetica, sans-serif;color: #0000ff;font-size: 12pt\">Les diff\u00e9rentes mobilisations dans les Hauts-de-France&#8230;<\/span><\/p><\/blockquote>\n<p><!--more--><\/p>\n<p><img fetchpriority=\"high\" decoding=\"async\" class=\"aligncenter size-medium wp-image-4482\" src=\"https:\/\/regions-snetap-fsu.fr\/hdf\/wp-content\/uploads\/sites\/5\/2020\/02\/Affiche_mobilisation_20fev20-212x300.png\" alt=\"\" width=\"212\" height=\"300\" \/><\/p>\n<p><span style=\"text-decoration: underline;color: #000000;font-family: tahoma, arial, helvetica, sans-serif;font-size: 12pt\"><a style=\"color: #000000;text-decoration: underline\" href=\"https:\/\/regions-snetap-fsu.fr\/hdf\/wp-content\/uploads\/sites\/5\/2020\/02\/Affiche_mobilisation_20fev20.png\" target=\"_blank\" rel=\"noopener noreferrer\">Lien : Pour t\u00e9l\u00e9charger l&rsquo;affiche<\/a><\/span><\/p>\n<p><span style=\"text-decoration: underline;color: #000000;font-family: tahoma, arial, helvetica, sans-serif;font-size: 12pt\"><a style=\"color: #000000;text-decoration: underline\" href=\"https:\/\/www.snetap-fsu.fr\/Le-retrait-point-Greve-interprofessionnelle-le-20-fevrier.html\" target=\"_blank\" rel=\"noopener noreferrer\">Lien : SNETAP-FSU &#8211; Le retrait, point ! Gr\u00e8ve interprofessionnelle le 20 f\u00e9vrier.<\/a><\/span><\/p>\n<p><a href=\"https:\/\/www.change.org\/p\/gouvernement-referendum-retraites?recruiter=1041987023&amp;recruited_by_id=835988c0-4b3e-11ea-ba26-cb54e8a30d6b&amp;utm_source=share_petition&amp;utm_medium=copylink&amp;utm_campaign=petition_dashboard\" target=\"_blank\" rel=\"noopener noreferrer\"><span style=\"text-decoration: underline;color: #000000;font-family: tahoma, arial, helvetica, sans-serif\"><span style=\"font-size: 12pt\">Lien : P\u00e9tition pour r\u00e9f\u00e9rendum sur le retrait projet r\u00e9forme des retraites<\/span><\/span><\/a><\/p>\n<h3><strong>\n\t\t<div class=\"wppdfemb-frame-container-1\" style=\"-webkit-overflow-scrolling:auto;\">\n\t\t\t<iframe class=\"pdfembed-iframe nonfullscreen wppdf-emb-iframe-1\"\n\t\t\t\tsrc=\"https:\/\/regions-snetap-fsu.fr\/formation\/?pdfemb-data=eyJ1cmwiOiJodHRwczpcL1wvcmVnaW9ucy1zbmV0YXAtZnN1LmZyXC9oZGZcL3dwLWNvbnRlbnRcL3VwbG9hZHNcL3NpdGVzXC81XC8yMDIwXC8wMlwvQ1AtRlNVX1JldHJhaXRlc191bl9wcm9qZXRfdGpyc19wbHVzX2Zsb3VfdGpyc19hdXRhbnRfaW5hY2NlcHRhYmxlXzE0XzIyMC5wZGYiLCJpbmRleCI6MSwicGRmSUQiOjB9\"\n\t\t\t\t\t\t\t\tdata-pdf-id=\"0\"\n\t\t\t\tdata-pdf-index=\"1\"\n\t\t\t\tstyle=\"border:none;width:100%;max-width:100%;height:100vh;\"\n\t\t\t\tscrolling=\"yes\">\n\t\t\t<\/iframe>\n\t\t<\/div>\n\n\t\t<\/strong><\/h3>\n<p style=\"text-align: justify\">(\u00ab clause \u00e0 l\u2019italienne \u00bb, L\u2019expression renvoie \u00e0 la r\u00e9forme des retraites men\u00e9e par le gouvernement de Lamberto Dini en 1995 en Italie, qui a introduit une distorsion entre les g\u00e9n\u00e9rations. \u00c0 l\u2019\u00e9poque, toutes les personnes qui ont d\u00e9j\u00e0 plus de 18 ans de cotisations continuent d\u2019avoir une pension calcul\u00e9e sur l\u2019ancien syst\u00e8me, tandis que les autres ont une pension calcul\u00e9e en deux parties : ancien et nouveau syst\u00e8mes.)<\/p>\n<h3 style=\"text-align: center\"><span style=\"font-family: tahoma, arial, helvetica, sans-serif;font-size: 14pt;color: #ff0000\">Nord<\/span><\/h3>\n<ul>\n<li style=\"text-align: justify\"><span style=\"font-family: tahoma, arial, helvetica, sans-serif;color: #0000ff;font-size: 12pt\"><strong>Lille <\/strong>: Manifestation, 14h30, Porte de Paris.<\/span><\/li>\n<li><span style=\"font-family: tahoma, arial, helvetica, sans-serif;font-size: 12pt;color: #0000ff\"><strong>Valenciennes : <\/strong>Manifestation, RDV 10h Place d\u2019Armes. Un bus au d\u00e9part de Cambrai sera affr\u00e9t\u00e9d\u00e9part 9h maison des syndicats de Cambrai =&gt; R\u00e9servation obligatoire au 07 69 83 04 65 par SMS de pr\u00e9f\u00e9rence avec noms et pr\u00e9noms.<\/span><\/li>\n<li style=\"text-align: justify\"><span style=\"font-family: tahoma, arial, helvetica, sans-serif;color: #0000ff;font-size: 12pt\"><strong>Maubeuge<\/strong> : Manifestation, 9h30 place de l&rsquo;h\u00f4tel de ville.<\/span><\/li>\n<\/ul>\n<h3 style=\"text-align: center\"><span style=\"font-family: tahoma, arial, helvetica, sans-serif;color: #ff0000;font-size: 14pt\">Pas-de-Calais<\/span><\/h3>\n<ul>\n<li style=\"text-align: justify\"><span style=\"font-family: tahoma, arial, helvetica, sans-serif;font-size: 12pt;color: #0000ff\"><strong>Calais : <\/strong>Manifestation \u00e0 9h30, gare de Calais-ville.<\/span><\/li>\n<li style=\"text-align: justify\"><span style=\"font-family: tahoma, arial, helvetica, sans-serif;font-size: 12pt\"><span style=\"color: #0000ff\"><strong>Boulogne-sur-mer<\/strong> : Manifestation, 9h30, CCI (chambre de commerce et d&rsquo;industrie &#8211; <\/span><span style=\"color: #0000ff\">98 boulevard Gambetta<\/span><span style=\"color: #0000ff\">).<br \/>\n<\/span><\/span><\/li>\n<li style=\"text-align: justify\"><span style=\"font-family: tahoma, arial, helvetica, sans-serif;color: #0000ff;font-size: 12pt\"><strong>Arras<\/strong> : Moment convivial \u00a0(musique) d\u00e8s 17h30, Beffroi (place des H\u00e9ros).<\/span><\/li>\n<li style=\"text-align: justify\"><span style=\"color: #0000ff;font-family: tahoma, arial, helvetica, sans-serif;font-size: 12pt\"><strong>Arras<\/strong> : Manifestation aux flambeaux, 18h, Beffroi (place des H\u00e9ros).<\/span><\/li>\n<\/ul>\n<p style=\"text-align: justify\"><span style=\"font-family: tahoma, arial, helvetica, sans-serif;color: #0000ff;font-size: 12pt\">Tracts du boulonnais :<\/span><\/p>\n\n\t\t<div class=\"wppdfemb-frame-container-2\" style=\"-webkit-overflow-scrolling:auto;\">\n\t\t\t<iframe class=\"pdfembed-iframe nonfullscreen wppdf-emb-iframe-2\"\n\t\t\t\tsrc=\"https:\/\/regions-snetap-fsu.fr\/formation\/?pdfemb-data=eyJ1cmwiOiJodHRwczpcL1wvcmVnaW9ucy1zbmV0YXAtZnN1LmZyXC9oZGZcL3dwLWNvbnRlbnRcL3VwbG9hZHNcL3NpdGVzXC81XC8yMDIwXC8wMlwvVHJhY3QtaW50ZXJzeW5kaWNhbC1Cb3Vsb2duZS1zdXItbWVyLWFwcGVsLVx1MDBlMC1tb2JpbGlzYXRpb24tMjAtMDItMjAyMC5wZGYiLCJ0aXRsZSI6IlRyYWN0IGludGVyc3luZGljYWwgQm91bG9nbmUgc3VyIG1lciBhcHBlbCBcdTAwZTAgbW9iaWxpc2F0aW9uIDIwIDAyIDIwMjAiLCJpbmRleCI6MiwicGRmSUQiOjB9\"\n\t\t\t\ttitle=\"Tract intersyndical Boulogne sur mer appel \u00e0 mobilisation 20 02 2020\"\t\t\t\tdata-pdf-id=\"0\"\n\t\t\t\tdata-pdf-index=\"2\"\n\t\t\t\tstyle=\"border:none;width:100%;max-width:100%;height:100vh;\"\n\t\t\t\tscrolling=\"yes\">\n\t\t\t<\/iframe>\n\t\t<\/div>\n\n\t\t\n\n\t\t<div class=\"wppdfemb-frame-container-3\" style=\"-webkit-overflow-scrolling:auto;\">\n\t\t\t<iframe class=\"pdfembed-iframe nonfullscreen wppdf-emb-iframe-3\"\n\t\t\t\tsrc=\"https:\/\/regions-snetap-fsu.fr\/formation\/?pdfemb-data=eyJ1cmwiOiJodHRwczpcL1wvcmVnaW9ucy1zbmV0YXAtZnN1LmZyXC9oZGZcL3dwLWNvbnRlbnRcL3VwbG9hZHNcL3NpdGVzXC81XC8yMDIwXC8wMlwvVHJhY3QtQm91bG9nbmUtc3VyLW1lci1hcHBlbC1cdTAwZTAtbW9iaWxpc2F0aW9uLWx5Y1x1MDBlOWVucy1cdTAwZTl0dWRpYW50cy0yMC0wMi0yMDIwLnBkZiIsInRpdGxlIjoiVHJhY3QgQm91bG9nbmUgc3VyIG1lciBhcHBlbCBcdTAwZTAgbW9iaWxpc2F0aW9uIGx5Y1x1MDBlOWVucyAmYW1wOyBcdTAwZTl0dWRpYW50cyAyMCAwMiAyMDIwIiwiaW5kZXgiOjMsInBkZklEIjowfQ\"\n\t\t\t\ttitle=\"Tract Boulogne sur mer appel \u00e0 mobilisation lyc\u00e9ens &amp; \u00e9tudiants 20 02 2020\"\t\t\t\tdata-pdf-id=\"0\"\n\t\t\t\tdata-pdf-index=\"3\"\n\t\t\t\tstyle=\"border:none;width:100%;max-width:100%;height:100vh;\"\n\t\t\t\tscrolling=\"yes\">\n\t\t\t<\/iframe>\n\t\t<\/div>\n\n\t\t\n<h3 style=\"text-align: center\"><span style=\"font-family: tahoma, arial, helvetica, sans-serif;color: #ff0000;font-size: 14pt\">Somme<\/span><\/h3>\n<ul>\n<li><span style=\"font-family: tahoma, arial, helvetica, sans-serif;font-size: 12pt;color: #0000ff\"><strong>Abbeville<\/strong> : Manifestation, 10h Boulevard Vauban.<i><\/i><\/span><\/li>\n<li style=\"text-align: justify\"><span style=\"font-family: tahoma, arial, helvetica, sans-serif;color: #0000ff;font-size: 12pt\"><strong>Amiens<\/strong> : 14h00, MACU (Maison de la culture), <span style=\"color: #ff0000\">A confirmer<\/span>.<\/span><\/li>\n<\/ul>\n<h3 style=\"text-align: center\"><span style=\"font-family: tahoma, arial, helvetica, sans-serif;font-size: 14pt;color: #ff0000\">Aisne<\/span><\/h3>\n<ul>\n<li><span style=\"color: #0000ff;font-family: tahoma, arial, helvetica, sans-serif;font-size: 12pt\"><strong>St Quentin \u00a0: <\/strong>15h30 &#8211; Place de Longueville.<\/span><\/li>\n<li><span style=\"font-family: tahoma, arial, helvetica, sans-serif;font-size: 12pt\"><span style=\"color: #0000ff\"><strong>Soissons\u00a0<\/strong>: 15h00 &#8211; Permanence du d\u00e9put\u00e9.<\/span><\/span><\/li>\n<li><span style=\"font-family: tahoma, arial, helvetica, sans-serif;font-size: 12pt\"><span style=\"color: #0000ff\"><strong>Tergnier \u00a0<\/strong>: 10h00 &#8211; H\u00f4tel de Ville <i>(La manifestation sera suivie d\u2019un barbecue festif Av du 5\u00e8me corps (pr\u00e8s de place Dautry).<\/i><\/span><\/span><\/li>\n<li><span style=\"font-family: tahoma, arial, helvetica, sans-serif;font-size: 12pt\"><span style=\"color: #0000ff\"><strong>Hirson : <\/strong>14h00 &#8211; Maison des travailleurs &#8211; Rue Dinant.<\/span><\/span><\/li>\n<\/ul>\n<h3 style=\"text-align: center\"><span style=\"font-family: tahoma, arial, helvetica, sans-serif;color: #ff0000;font-size: 14pt\">Oise<\/span><\/h3>\n<ul>\n<li><span style=\"font-family: tahoma, arial, helvetica, sans-serif;color: #0000ff;font-size: 12pt\"><strong>Beauvais<\/strong> : Manifestation, 14h00, Place Jeanne Hachette.<\/span><\/li>\n<li style=\"text-align: justify\"><span style=\"font-family: tahoma, arial, helvetica, sans-serif;font-size: 12pt;color: #0000ff\"><strong>Nogent sur Oise<\/strong> : Manifestation, 10h00, Pont Royal.<\/span><\/li>\n<li style=\"text-align: justify\"><span style=\"font-family: tahoma, arial, helvetica, sans-serif;font-size: 12pt;color: #0000ff\"><strong>Compi\u00e8gne<\/strong> : Manifestation, 10h00, Cours Guynemer.<\/span><\/li>\n<\/ul>\n<p><span style=\"font-family: tahoma, arial, helvetica, sans-serif;color: #0000ff;font-size: 12pt\">(Samedi 22 f\u00e9vrier \u00e0 Beauvais : manifestation qui partira \u00e0 10h00 de la place Jeanne Hachette)<\/span><\/p>\n<blockquote>\n<p style=\"text-align: center\"><span style=\"font-family: tahoma, arial, helvetica, sans-serif;font-size: 12pt;color: #ff0000\"><strong>Attention,<\/strong><\/span><\/p>\n<p style=\"text-align: center\"><span style=\"font-family: tahoma, arial, helvetica, sans-serif;font-size: 12pt;color: #ff0000\"><strong>cet article est susceptible d&rsquo;\u00e9voluer au gr\u00e9 des informations, n&rsquo;h\u00e9sitez pas \u00e0 le consulter r\u00e9guli\u00e8rement.<\/strong><\/span><\/p>\n<\/blockquote>\n","protected":false},"excerpt":{"rendered":"<p>Gr\u00e8ve et manifestations interprofessionnelle le jeudi 20 f\u00e9vrier 2020 Tous les moyens d\u2019action sont utiles et importants. Pour mettre cette r\u00e9forme K.O., soyons encore dans la rue le jeudi 20 f\u00e9vrier, action interprofessionnelle et signons la p\u00e9tition en ligne.On l\u00e2che rien\u00a0! Les diff\u00e9rentes mobilisations dans les Hauts-de-France&#8230;<\/p>\n","protected":false},"author":138,"featured_media":0,"comment_status":"closed","ping_status":"closed","sticky":false,"template":"","format":"standard","meta":{"ocean_post_layout":"","ocean_both_sidebars_style":"","ocean_both_sidebars_content_width":0,"ocean_both_sidebars_sidebars_width":0,"ocean_sidebar":"","ocean_second_sidebar":"","ocean_disable_margins":"enable","ocean_add_body_class":"","ocean_shortcode_before_top_bar":"","ocean_shortcode_after_top_bar":"","ocean_shortcode_before_header":"","ocean_shortcode_after_header":"","ocean_has_shortcode":"","ocean_shortcode_after_title":"","ocean_shortcode_before_footer_widgets":"","ocean_shortcode_after_footer_widgets":"","ocean_shortcode_before_footer_bottom":"","ocean_shortcode_after_footer_bottom":"","ocean_display_top_bar":"default","ocean_display_header":"default","ocean_header_style":"","ocean_center_header_left_menu":"","ocean_custom_header_template":"","ocean_custom_logo":0,"ocean_custom_retina_logo":0,"ocean_custom_logo_max_width":0,"ocean_custom_logo_tablet_max_width":0,"ocean_custom_logo_mobile_max_width":0,"ocean_custom_logo_max_height":0,"ocean_custom_logo_tablet_max_height":0,"ocean_custom_logo_mobile_max_height":0,"ocean_header_custom_menu":"","ocean_menu_typo_font_family":"","ocean_menu_typo_font_subset":"","ocean_menu_typo_font_size":0,"ocean_menu_typo_font_size_tablet":0,"ocean_menu_typo_font_size_mobile":0,"ocean_menu_typo_font_size_unit":"px","ocean_menu_typo_font_weight":"","ocean_menu_typo_font_weight_tablet":"","ocean_menu_typo_font_weight_mobile":"","ocean_menu_typo_transform":"","ocean_menu_typo_transform_tablet":"","ocean_menu_typo_transform_mobile":"","ocean_menu_typo_line_height":0,"ocean_menu_typo_line_height_tablet":0,"ocean_menu_typo_line_height_mobile":0,"ocean_menu_typo_line_height_unit":"","ocean_menu_typo_spacing":0,"ocean_menu_typo_spacing_tablet":0,"ocean_menu_typo_spacing_mobile":0,"ocean_menu_typo_spacing_unit":"","ocean_menu_link_color":"","ocean_menu_link_color_hover":"","ocean_menu_link_color_active":"","ocean_menu_link_background":"","ocean_menu_link_hover_background":"","ocean_menu_link_active_background":"","ocean_menu_social_links_bg":"","ocean_menu_social_hover_links_bg":"","ocean_menu_social_links_color":"","ocean_menu_social_hover_links_color":"","ocean_disable_title":"default","ocean_disable_heading":"default","ocean_post_title":"","ocean_post_subheading":"","ocean_post_title_style":"","ocean_post_title_background_color":"","ocean_post_title_background":0,"ocean_post_title_bg_image_position":"","ocean_post_title_bg_image_attachment":"","ocean_post_title_bg_image_repeat":"","ocean_post_title_bg_image_size":"","ocean_post_title_height":0,"ocean_post_title_bg_overlay":0.5,"ocean_post_title_bg_overlay_color":"","ocean_disable_breadcrumbs":"default","ocean_breadcrumbs_color":"","ocean_breadcrumbs_separator_color":"","ocean_breadcrumbs_links_color":"","ocean_breadcrumbs_links_hover_color":"","ocean_display_footer_widgets":"default","ocean_display_footer_bottom":"default","ocean_custom_footer_template":"","ocean_post_oembed":"","ocean_post_self_hosted_media":"","ocean_post_video_embed":"","ocean_link_format":"","ocean_link_format_target":"self","ocean_quote_format":"","ocean_quote_format_link":"post","ocean_gallery_link_images":"on","ocean_gallery_id":[],"footnotes":""},"categories":[3],"tags":[],"post_folder":[],"class_list":["post-4480","post","type-post","status-publish","format-standard","hentry","category-actions-greves-manifs","entry"],"yoast_head":"<!-- This site is optimized with the Yoast SEO plugin v27.4 - https:\/\/yoast.com\/product\/yoast-seo-wordpress\/ -->\n<title>Gr\u00e8ve et manifestations interprofessionnelles le 20 f\u00e9vrier 2020 - Formation des sites R\u00e9gionaux du SNETAP-FSU<\/title>\n<meta name=\"robots\" content=\"index, follow, max-snippet:-1, max-image-preview:large, max-video-preview:-1\" \/>\n<link rel=\"canonical\" href=\"https:\/\/regions-snetap-fsu.fr\/formation\/2020\/02\/15\/greve-et-manifestations-interprofessionnelles-le-20-fevrier-2020\/\" \/>\n<meta property=\"og:locale\" content=\"fr_FR\" \/>\n<meta property=\"og:type\" content=\"article\" \/>\n<meta property=\"og:title\" content=\"Gr\u00e8ve et manifestations interprofessionnelles le 20 f\u00e9vrier 2020 - Formation des sites R\u00e9gionaux du SNETAP-FSU\" \/>\n<meta property=\"og:description\" content=\"Gr\u00e8ve et manifestations interprofessionnelle le jeudi 20 f\u00e9vrier 2020 Tous les moyens d\u2019action sont utiles et importants. Pour mettre cette r\u00e9forme K.O., soyons encore dans la rue le jeudi 20 f\u00e9vrier, action interprofessionnelle et signons la p\u00e9tition en ligne.On l\u00e2che rien\u00a0! Les diff\u00e9rentes mobilisations dans les Hauts-de-France&#8230;\" \/>\n<meta property=\"og:url\" content=\"https:\/\/regions-snetap-fsu.fr\/formation\/2020\/02\/15\/greve-et-manifestations-interprofessionnelles-le-20-fevrier-2020\/\" \/>\n<meta property=\"og:site_name\" content=\"Formation des sites R\u00e9gionaux du SNETAP-FSU\" \/>\n<meta property=\"article:published_time\" content=\"2020-02-15T13:38:59+00:00\" \/>\n<meta name=\"author\" content=\"yoctavien\" \/>\n<meta name=\"twitter:card\" content=\"summary_large_image\" \/>\n<meta name=\"twitter:label1\" content=\"\u00c9crit par\" \/>\n\t<meta name=\"twitter:data1\" content=\"yoctavien\" \/>\n\t<meta name=\"twitter:label2\" content=\"Dur\u00e9e de lecture estim\u00e9e\" \/>\n\t<meta name=\"twitter:data2\" content=\"2 minutes\" \/>\n<script type=\"application\/ld+json\" class=\"yoast-schema-graph\">{\"@context\":\"https:\\\/\\\/schema.org\",\"@graph\":[{\"@type\":\"Article\",\"@id\":\"https:\\\/\\\/regions-snetap-fsu.fr\\\/formation\\\/2020\\\/02\\\/15\\\/greve-et-manifestations-interprofessionnelles-le-20-fevrier-2020\\\/#article\",\"isPartOf\":{\"@id\":\"https:\\\/\\\/regions-snetap-fsu.fr\\\/formation\\\/2020\\\/02\\\/15\\\/greve-et-manifestations-interprofessionnelles-le-20-fevrier-2020\\\/\"},\"author\":{\"name\":\"yoctavien\",\"@id\":\"https:\\\/\\\/regions-snetap-fsu.fr\\\/formation\\\/#\\\/schema\\\/person\\\/f5dc7b6354e942ca9c5fa8e9ff7e5c93\"},\"headline\":\"Gr\u00e8ve et manifestations interprofessionnelles le 20 f\u00e9vrier 2020\",\"datePublished\":\"2020-02-15T13:38:59+00:00\",\"mainEntityOfPage\":{\"@id\":\"https:\\\/\\\/regions-snetap-fsu.fr\\\/formation\\\/2020\\\/02\\\/15\\\/greve-et-manifestations-interprofessionnelles-le-20-fevrier-2020\\\/\"},\"wordCount\":459,\"publisher\":{\"@id\":\"https:\\\/\\\/regions-snetap-fsu.fr\\\/formation\\\/#organization\"},\"image\":{\"@id\":\"https:\\\/\\\/regions-snetap-fsu.fr\\\/formation\\\/2020\\\/02\\\/15\\\/greve-et-manifestations-interprofessionnelles-le-20-fevrier-2020\\\/#primaryimage\"},\"thumbnailUrl\":\"https:\\\/\\\/regions-snetap-fsu.fr\\\/hdf\\\/wp-content\\\/uploads\\\/sites\\\/5\\\/2020\\\/02\\\/Affiche_mobilisation_20fev20-212x300.png\",\"articleSection\":[\"Actions - Gr\u00e8ves - Manifs\"],\"inLanguage\":\"fr-FR\"},{\"@type\":\"WebPage\",\"@id\":\"https:\\\/\\\/regions-snetap-fsu.fr\\\/formation\\\/2020\\\/02\\\/15\\\/greve-et-manifestations-interprofessionnelles-le-20-fevrier-2020\\\/\",\"url\":\"https:\\\/\\\/regions-snetap-fsu.fr\\\/formation\\\/2020\\\/02\\\/15\\\/greve-et-manifestations-interprofessionnelles-le-20-fevrier-2020\\\/\",\"name\":\"Gr\u00e8ve et manifestations interprofessionnelles le 20 f\u00e9vrier 2020 - Formation des sites R\u00e9gionaux du SNETAP-FSU\",\"isPartOf\":{\"@id\":\"https:\\\/\\\/regions-snetap-fsu.fr\\\/formation\\\/#website\"},\"primaryImageOfPage\":{\"@id\":\"https:\\\/\\\/regions-snetap-fsu.fr\\\/formation\\\/2020\\\/02\\\/15\\\/greve-et-manifestations-interprofessionnelles-le-20-fevrier-2020\\\/#primaryimage\"},\"image\":{\"@id\":\"https:\\\/\\\/regions-snetap-fsu.fr\\\/formation\\\/2020\\\/02\\\/15\\\/greve-et-manifestations-interprofessionnelles-le-20-fevrier-2020\\\/#primaryimage\"},\"thumbnailUrl\":\"https:\\\/\\\/regions-snetap-fsu.fr\\\/hdf\\\/wp-content\\\/uploads\\\/sites\\\/5\\\/2020\\\/02\\\/Affiche_mobilisation_20fev20-212x300.png\",\"datePublished\":\"2020-02-15T13:38:59+00:00\",\"breadcrumb\":{\"@id\":\"https:\\\/\\\/regions-snetap-fsu.fr\\\/formation\\\/2020\\\/02\\\/15\\\/greve-et-manifestations-interprofessionnelles-le-20-fevrier-2020\\\/#breadcrumb\"},\"inLanguage\":\"fr-FR\",\"potentialAction\":[{\"@type\":\"ReadAction\",\"target\":[\"https:\\\/\\\/regions-snetap-fsu.fr\\\/formation\\\/2020\\\/02\\\/15\\\/greve-et-manifestations-interprofessionnelles-le-20-fevrier-2020\\\/\"]}]},{\"@type\":\"ImageObject\",\"inLanguage\":\"fr-FR\",\"@id\":\"https:\\\/\\\/regions-snetap-fsu.fr\\\/formation\\\/2020\\\/02\\\/15\\\/greve-et-manifestations-interprofessionnelles-le-20-fevrier-2020\\\/#primaryimage\",\"url\":\"https:\\\/\\\/regions-snetap-fsu.fr\\\/hdf\\\/wp-content\\\/uploads\\\/sites\\\/5\\\/2020\\\/02\\\/Affiche_mobilisation_20fev20-212x300.png\",\"contentUrl\":\"https:\\\/\\\/regions-snetap-fsu.fr\\\/hdf\\\/wp-content\\\/uploads\\\/sites\\\/5\\\/2020\\\/02\\\/Affiche_mobilisation_20fev20-212x300.png\"},{\"@type\":\"BreadcrumbList\",\"@id\":\"https:\\\/\\\/regions-snetap-fsu.fr\\\/formation\\\/2020\\\/02\\\/15\\\/greve-et-manifestations-interprofessionnelles-le-20-fevrier-2020\\\/#breadcrumb\",\"itemListElement\":[{\"@type\":\"ListItem\",\"position\":1,\"name\":\"Accueil\",\"item\":\"https:\\\/\\\/regions-snetap-fsu.fr\\\/formation\\\/\"},{\"@type\":\"ListItem\",\"position\":2,\"name\":\"Gr\u00e8ve et manifestations interprofessionnelles le 20 f\u00e9vrier 2020\"}]},{\"@type\":\"WebSite\",\"@id\":\"https:\\\/\\\/regions-snetap-fsu.fr\\\/formation\\\/#website\",\"url\":\"https:\\\/\\\/regions-snetap-fsu.fr\\\/formation\\\/\",\"name\":\"Formation des sites R\u00e9gionaux du SNETAP-FSU\",\"description\":\"\",\"publisher\":{\"@id\":\"https:\\\/\\\/regions-snetap-fsu.fr\\\/formation\\\/#organization\"},\"potentialAction\":[{\"@type\":\"SearchAction\",\"target\":{\"@type\":\"EntryPoint\",\"urlTemplate\":\"https:\\\/\\\/regions-snetap-fsu.fr\\\/formation\\\/?s={search_term_string}\"},\"query-input\":{\"@type\":\"PropertyValueSpecification\",\"valueRequired\":true,\"valueName\":\"search_term_string\"}}],\"inLanguage\":\"fr-FR\"},{\"@type\":\"Organization\",\"@id\":\"https:\\\/\\\/regions-snetap-fsu.fr\\\/formation\\\/#organization\",\"name\":\"Formation des sites R\u00e9gionaux du SNETAP-FSU\",\"url\":\"https:\\\/\\\/regions-snetap-fsu.fr\\\/formation\\\/\",\"logo\":{\"@type\":\"ImageObject\",\"inLanguage\":\"fr-FR\",\"@id\":\"https:\\\/\\\/regions-snetap-fsu.fr\\\/formation\\\/#\\\/schema\\\/logo\\\/image\\\/\",\"url\":\"https:\\\/\\\/regions-snetap-fsu.fr\\\/formation\\\/wp-content\\\/uploads\\\/sites\\\/20\\\/2025\\\/04\\\/cropped-Logo_blanc_fond_transparent_1000x755.png\",\"contentUrl\":\"https:\\\/\\\/regions-snetap-fsu.fr\\\/formation\\\/wp-content\\\/uploads\\\/sites\\\/20\\\/2025\\\/04\\\/cropped-Logo_blanc_fond_transparent_1000x755.png\",\"width\":998,\"height\":689,\"caption\":\"Formation des sites R\u00e9gionaux du SNETAP-FSU\"},\"image\":{\"@id\":\"https:\\\/\\\/regions-snetap-fsu.fr\\\/formation\\\/#\\\/schema\\\/logo\\\/image\\\/\"}},{\"@type\":\"Person\",\"@id\":\"https:\\\/\\\/regions-snetap-fsu.fr\\\/formation\\\/#\\\/schema\\\/person\\\/f5dc7b6354e942ca9c5fa8e9ff7e5c93\",\"name\":\"yoctavien\",\"image\":{\"@type\":\"ImageObject\",\"inLanguage\":\"fr-FR\",\"@id\":\"https:\\\/\\\/secure.gravatar.com\\\/avatar\\\/382642c092b6b9da14641d3c478df2f3da4a2d17eea25691c232d4dbf735c292?s=96&d=mm&r=g\",\"url\":\"https:\\\/\\\/secure.gravatar.com\\\/avatar\\\/382642c092b6b9da14641d3c478df2f3da4a2d17eea25691c232d4dbf735c292?s=96&d=mm&r=g\",\"contentUrl\":\"https:\\\/\\\/secure.gravatar.com\\\/avatar\\\/382642c092b6b9da14641d3c478df2f3da4a2d17eea25691c232d4dbf735c292?s=96&d=mm&r=g\",\"caption\":\"yoctavien\"},\"url\":\"https:\\\/\\\/regions-snetap-fsu.fr\\\/formation\\\/author\\\/yoctavien\\\/\"}]}<\/script>\n<!-- \/ Yoast SEO plugin. -->","yoast_head_json":{"title":"Gr\u00e8ve et manifestations interprofessionnelles le 20 f\u00e9vrier 2020 - Formation des sites R\u00e9gionaux du SNETAP-FSU","robots":{"index":"index","follow":"follow","max-snippet":"max-snippet:-1","max-image-preview":"max-image-preview:large","max-video-preview":"max-video-preview:-1"},"canonical":"https:\/\/regions-snetap-fsu.fr\/formation\/2020\/02\/15\/greve-et-manifestations-interprofessionnelles-le-20-fevrier-2020\/","og_locale":"fr_FR","og_type":"article","og_title":"Gr\u00e8ve et manifestations interprofessionnelles le 20 f\u00e9vrier 2020 - Formation des sites R\u00e9gionaux du SNETAP-FSU","og_description":"Gr\u00e8ve et manifestations interprofessionnelle le jeudi 20 f\u00e9vrier 2020 Tous les moyens d\u2019action sont utiles et importants. Pour mettre cette r\u00e9forme K.O., soyons encore dans la rue le jeudi 20 f\u00e9vrier, action interprofessionnelle et signons la p\u00e9tition en ligne.On l\u00e2che rien\u00a0! Les diff\u00e9rentes mobilisations dans les Hauts-de-France&#8230;","og_url":"https:\/\/regions-snetap-fsu.fr\/formation\/2020\/02\/15\/greve-et-manifestations-interprofessionnelles-le-20-fevrier-2020\/","og_site_name":"Formation des sites R\u00e9gionaux du SNETAP-FSU","article_published_time":"2020-02-15T13:38:59+00:00","author":"yoctavien","twitter_card":"summary_large_image","twitter_misc":{"\u00c9crit par":"yoctavien","Dur\u00e9e de lecture estim\u00e9e":"2 minutes"},"schema":{"@context":"https:\/\/schema.org","@graph":[{"@type":"Article","@id":"https:\/\/regions-snetap-fsu.fr\/formation\/2020\/02\/15\/greve-et-manifestations-interprofessionnelles-le-20-fevrier-2020\/#article","isPartOf":{"@id":"https:\/\/regions-snetap-fsu.fr\/formation\/2020\/02\/15\/greve-et-manifestations-interprofessionnelles-le-20-fevrier-2020\/"},"author":{"name":"yoctavien","@id":"https:\/\/regions-snetap-fsu.fr\/formation\/#\/schema\/person\/f5dc7b6354e942ca9c5fa8e9ff7e5c93"},"headline":"Gr\u00e8ve et manifestations interprofessionnelles le 20 f\u00e9vrier 2020","datePublished":"2020-02-15T13:38:59+00:00","mainEntityOfPage":{"@id":"https:\/\/regions-snetap-fsu.fr\/formation\/2020\/02\/15\/greve-et-manifestations-interprofessionnelles-le-20-fevrier-2020\/"},"wordCount":459,"publisher":{"@id":"https:\/\/regions-snetap-fsu.fr\/formation\/#organization"},"image":{"@id":"https:\/\/regions-snetap-fsu.fr\/formation\/2020\/02\/15\/greve-et-manifestations-interprofessionnelles-le-20-fevrier-2020\/#primaryimage"},"thumbnailUrl":"https:\/\/regions-snetap-fsu.fr\/hdf\/wp-content\/uploads\/sites\/5\/2020\/02\/Affiche_mobilisation_20fev20-212x300.png","articleSection":["Actions - Gr\u00e8ves - Manifs"],"inLanguage":"fr-FR"},{"@type":"WebPage","@id":"https:\/\/regions-snetap-fsu.fr\/formation\/2020\/02\/15\/greve-et-manifestations-interprofessionnelles-le-20-fevrier-2020\/","url":"https:\/\/regions-snetap-fsu.fr\/formation\/2020\/02\/15\/greve-et-manifestations-interprofessionnelles-le-20-fevrier-2020\/","name":"Gr\u00e8ve et manifestations interprofessionnelles le 20 f\u00e9vrier 2020 - Formation des sites R\u00e9gionaux du SNETAP-FSU","isPartOf":{"@id":"https:\/\/regions-snetap-fsu.fr\/formation\/#website"},"primaryImageOfPage":{"@id":"https:\/\/regions-snetap-fsu.fr\/formation\/2020\/02\/15\/greve-et-manifestations-interprofessionnelles-le-20-fevrier-2020\/#primaryimage"},"image":{"@id":"https:\/\/regions-snetap-fsu.fr\/formation\/2020\/02\/15\/greve-et-manifestations-interprofessionnelles-le-20-fevrier-2020\/#primaryimage"},"thumbnailUrl":"https:\/\/regions-snetap-fsu.fr\/hdf\/wp-content\/uploads\/sites\/5\/2020\/02\/Affiche_mobilisation_20fev20-212x300.png","datePublished":"2020-02-15T13:38:59+00:00","breadcrumb":{"@id":"https:\/\/regions-snetap-fsu.fr\/formation\/2020\/02\/15\/greve-et-manifestations-interprofessionnelles-le-20-fevrier-2020\/#breadcrumb"},"inLanguage":"fr-FR","potentialAction":[{"@type":"ReadAction","target":["https:\/\/regions-snetap-fsu.fr\/formation\/2020\/02\/15\/greve-et-manifestations-interprofessionnelles-le-20-fevrier-2020\/"]}]},{"@type":"ImageObject","inLanguage":"fr-FR","@id":"https:\/\/regions-snetap-fsu.fr\/formation\/2020\/02\/15\/greve-et-manifestations-interprofessionnelles-le-20-fevrier-2020\/#primaryimage","url":"https:\/\/regions-snetap-fsu.fr\/hdf\/wp-content\/uploads\/sites\/5\/2020\/02\/Affiche_mobilisation_20fev20-212x300.png","contentUrl":"https:\/\/regions-snetap-fsu.fr\/hdf\/wp-content\/uploads\/sites\/5\/2020\/02\/Affiche_mobilisation_20fev20-212x300.png"},{"@type":"BreadcrumbList","@id":"https:\/\/regions-snetap-fsu.fr\/formation\/2020\/02\/15\/greve-et-manifestations-interprofessionnelles-le-20-fevrier-2020\/#breadcrumb","itemListElement":[{"@type":"ListItem","position":1,"name":"Accueil","item":"https:\/\/regions-snetap-fsu.fr\/formation\/"},{"@type":"ListItem","position":2,"name":"Gr\u00e8ve et manifestations interprofessionnelles le 20 f\u00e9vrier 2020"}]},{"@type":"WebSite","@id":"https:\/\/regions-snetap-fsu.fr\/formation\/#website","url":"https:\/\/regions-snetap-fsu.fr\/formation\/","name":"Formation des sites R\u00e9gionaux du SNETAP-FSU","description":"","publisher":{"@id":"https:\/\/regions-snetap-fsu.fr\/formation\/#organization"},"potentialAction":[{"@type":"SearchAction","target":{"@type":"EntryPoint","urlTemplate":"https:\/\/regions-snetap-fsu.fr\/formation\/?s={search_term_string}"},"query-input":{"@type":"PropertyValueSpecification","valueRequired":true,"valueName":"search_term_string"}}],"inLanguage":"fr-FR"},{"@type":"Organization","@id":"https:\/\/regions-snetap-fsu.fr\/formation\/#organization","name":"Formation des sites R\u00e9gionaux du SNETAP-FSU","url":"https:\/\/regions-snetap-fsu.fr\/formation\/","logo":{"@type":"ImageObject","inLanguage":"fr-FR","@id":"https:\/\/regions-snetap-fsu.fr\/formation\/#\/schema\/logo\/image\/","url":"https:\/\/regions-snetap-fsu.fr\/formation\/wp-content\/uploads\/sites\/20\/2025\/04\/cropped-Logo_blanc_fond_transparent_1000x755.png","contentUrl":"https:\/\/regions-snetap-fsu.fr\/formation\/wp-content\/uploads\/sites\/20\/2025\/04\/cropped-Logo_blanc_fond_transparent_1000x755.png","width":998,"height":689,"caption":"Formation des sites R\u00e9gionaux du SNETAP-FSU"},"image":{"@id":"https:\/\/regions-snetap-fsu.fr\/formation\/#\/schema\/logo\/image\/"}},{"@type":"Person","@id":"https:\/\/regions-snetap-fsu.fr\/formation\/#\/schema\/person\/f5dc7b6354e942ca9c5fa8e9ff7e5c93","name":"yoctavien","image":{"@type":"ImageObject","inLanguage":"fr-FR","@id":"https:\/\/secure.gravatar.com\/avatar\/382642c092b6b9da14641d3c478df2f3da4a2d17eea25691c232d4dbf735c292?s=96&d=mm&r=g","url":"https:\/\/secure.gravatar.com\/avatar\/382642c092b6b9da14641d3c478df2f3da4a2d17eea25691c232d4dbf735c292?s=96&d=mm&r=g","contentUrl":"https:\/\/secure.gravatar.com\/avatar\/382642c092b6b9da14641d3c478df2f3da4a2d17eea25691c232d4dbf735c292?s=96&d=mm&r=g","caption":"yoctavien"},"url":"https:\/\/regions-snetap-fsu.fr\/formation\/author\/yoctavien\/"}]}},"_links":{"self":[{"href":"https:\/\/regions-snetap-fsu.fr\/formation\/wp-json\/wp\/v2\/posts\/4480","targetHints":{"allow":["GET"]}}],"collection":[{"href":"https:\/\/regions-snetap-fsu.fr\/formation\/wp-json\/wp\/v2\/posts"}],"about":[{"href":"https:\/\/regions-snetap-fsu.fr\/formation\/wp-json\/wp\/v2\/types\/post"}],"author":[{"embeddable":true,"href":"https:\/\/regions-snetap-fsu.fr\/formation\/wp-json\/wp\/v2\/users\/138"}],"replies":[{"embeddable":true,"href":"https:\/\/regions-snetap-fsu.fr\/formation\/wp-json\/wp\/v2\/comments?post=4480"}],"version-history":[{"count":0,"href":"https:\/\/regions-snetap-fsu.fr\/formation\/wp-json\/wp\/v2\/posts\/4480\/revisions"}],"wp:attachment":[{"href":"https:\/\/regions-snetap-fsu.fr\/formation\/wp-json\/wp\/v2\/media?parent=4480"}],"wp:term":[{"taxonomy":"category","embeddable":true,"href":"https:\/\/regions-snetap-fsu.fr\/formation\/wp-json\/wp\/v2\/categories?post=4480"},{"taxonomy":"post_tag","embeddable":true,"href":"https:\/\/regions-snetap-fsu.fr\/formation\/wp-json\/wp\/v2\/tags?post=4480"},{"taxonomy":"post_folder","embeddable":true,"href":"https:\/\/regions-snetap-fsu.fr\/formation\/wp-json\/wp\/v2\/post_folder?post=4480"}],"curies":[{"name":"wp","href":"https:\/\/api.w.org\/{rel}","templated":true}]}}