{"id":4464,"date":"2020-02-13T19:16:04","date_gmt":"2020-02-13T18:16:04","guid":{"rendered":"https:\/\/regions-snetap-fsu.fr\/hdf\/?p=4464"},"modified":"2020-02-13T19:16:04","modified_gmt":"2020-02-13T18:16:04","slug":"bilan-du-chsct-rea-du-24-janvier-2020","status":"publish","type":"post","link":"https:\/\/regions-snetap-fsu.fr\/formation\/2020\/02\/13\/bilan-du-chsct-rea-du-24-janvier-2020\/","title":{"rendered":"Bilan du CHSCT REA du 24 janvier 2020"},"content":{"rendered":"<h2 style=\"text-align: center\"><span style=\"color: #ff0000;font-family: tahoma, arial, helvetica, sans-serif\">Bilan du CHSCT REA<\/span><\/h2>\n<h2 style=\"text-align: center\"><span style=\"color: #ff0000;font-family: tahoma, arial, helvetica, sans-serif\">du 24 janvier 2020<\/span><\/h2>\n<blockquote>\n<p style=\"text-align: justify\"><span style=\"font-family: tahoma, arial, helvetica, sans-serif;font-size: 12pt;color: #0000ff\">Bien qu\u2019une journ\u00e9e d\u2019action avait lieu \u00e0 la m\u00eame date, apr\u00e8s de multiples discussions, il a \u00e9t\u00e9 d\u00e9cid\u00e9 de si\u00e9ger tout de m\u00eame afin que les personnels soient repr\u00e9sent\u00e9s.<\/span><\/p>\n<p style=\"text-align: justify\"><span style=\"font-family: tahoma, arial, helvetica, sans-serif;font-size: 12pt;color: #0000ff\">Les membres titulaires et suppl\u00e9ant\u00b7es ont donc eu le choix tant qu\u2019une d\u00e9l\u00e9gation suffisante puisse si\u00e8ger.<\/span><\/p>\n<p style=\"text-align: justify\"><span style=\"font-family: tahoma, arial, helvetica, sans-serif;font-size: 12pt;color: #0000ff\">FO, Solidaires \u2013 CGT AGRI et l\u2019UNSA ont si\u00e8g\u00e9s aux c\u00f4t\u00e9s de notre d\u00e9l\u00e9gation&#8230;<\/span><\/p>\n<\/blockquote>\n<p><!--more--><\/p>\n<p style=\"text-align: center\"><span style=\"color: #c9211e;font-size: 14pt\"><span style=\"font-family: Old Stamper\">Cadre legal a respecter<\/span><\/span><\/p>\n<h3 style=\"text-align: center\"><span style=\"font-family: tahoma, arial, helvetica, sans-serif;font-size: 12pt;color: #ff0000\">Une coquille soulev\u00e9e lors de notre pr\u00e9paration<\/span><\/h3>\n<p style=\"text-align: justify\" align=\"justify\"><span style=\"color: #0000ff;font-family: tahoma, arial, helvetica, sans-serif;font-size: 12pt\">Avant l\u2019installation de la s\u00e9ance \u00e0 14h05, l\u2019un de nous rel\u00e8ve que dans la convocation des membres invit\u00e9s, il y a le nom d\u2019une personne qui n\u2019est pas dans l\u2019arr\u00eat\u00e9 nominatif. Cette pr\u00e9sence n\u2019est pas l\u00e9gale et pose un probl\u00e8me de repr\u00e9sentation pour une organisation syndicale. Il indique qu\u2019il ne va \u00eatre possible de si\u00e9ger. Les repr\u00e9sentants SNETAP-FSU pr\u00e9cisent qu\u2019ils souhaitent que les actes soient r\u00e9alis\u00e9s dans un cadre l\u00e9gal, Cf. le CREA du 13\/12\/2019 o\u00f9 il y a eu des soucis.<\/span><\/p>\n<p align=\"justify\"><span style=\"font-family: tahoma, arial, helvetica, sans-serif;color: #000000\"><a style=\"color: #000000\" href=\"https:\/\/regions-snetap-fsu.fr\/hdf\/2019\/12\/18\/crea-du-13-12-19-la-draaf-a-franchi-la-ligne-rouge\/\" target=\"_blank\" rel=\"noopener noreferrer\"><span style=\"text-decoration: underline\">CREA du 13\/12\/19, la DRAAF a franchi la ligne rouge !<\/span><\/a><\/span><\/p>\n<p style=\"text-align: justify\" align=\"justify\"><span style=\"color: #0000ff;font-family: tahoma, arial, helvetica, sans-serif;font-size: 12pt\">Apr\u00e8s un temps de confusion, les repr\u00e9sentant\u00b7es de la DRAAF indique qu\u2019un nouvel arr\u00eat\u00e9 a \u00e9t\u00e9 produit. S\u2019il s\u2019av\u00e8re que le document existe, le DRAAF pr\u00e9cise qu\u2019il est d\u00e9sol\u00e9 que les repr\u00e9sentants des personnels n\u2019aient pas eu connaissance de cette modification mais du point de vue r\u00e9glementaire les membres d\u00e9sign\u00e9s par les organisations syndicales et pr\u00e9sents \u00e0 cette r\u00e9union sont bien pr\u00e9vus par un arr\u00eat\u00e9 pris le 9 janvier et publi\u00e9 le 15 janvier 2020 au RAA sur le site de la Pr\u00e9fecture de r\u00e9gion. Cette publication rend ex\u00e9cutoire les dispositions prises dans cet arr\u00eat\u00e9.<\/span><\/p>\n<p style=\"text-align: justify\" align=\"justify\"><span style=\"color: #0000ff;font-family: tahoma, arial, helvetica, sans-serif;font-size: 12pt\">Notre vigilance traduit notre professionnalisme dans la repr\u00e9sentation des personnels nous accordant leur confiance.<\/span><\/p>\n<h3 align=\"justify\"><img decoding=\"async\" class=\"aligncenter wp-image-3162 size-thumbnail\" src=\"https:\/\/regions-snetap-fsu.fr\/hdf\/wp-content\/uploads\/sites\/5\/2019\/10\/wordcloud_souffrance_travail_rogne_5_1019-150x150.jpg\" alt=\"\" width=\"150\" height=\"150\" \/><\/h3>\n<h3 style=\"text-align: center\" align=\"justify\"><span style=\"color: #ff0000;font-family: tahoma, arial, helvetica, sans-serif;font-size: 12pt\">Une instance qui peut maintenant commencer<\/span><\/h3>\n<p style=\"text-align: justify\" align=\"justify\"><span style=\"color: #0000ff;font-family: tahoma, arial, helvetica, sans-serif;font-size: 12pt\">Au fil du temps cette instance traite davantage les faits concernant l\u2019hygi\u00e8ne et la s\u00e9curit\u00e9, sans oublier les conditions de travail, de mani\u00e8re concr\u00e8te et approfondie.<\/span><\/p>\n<p style=\"text-align: justify\" align=\"justify\"><span style=\"color: #0000ff;font-family: tahoma, arial, helvetica, sans-serif;font-size: 12pt\"> Comme par exemple l\u2019\u00e9tude des registres hygi\u00e8ne et s\u00e9curit\u00e9 des \u00e9tablissements : on constate un manque d\u2019harmonisation tant sur le fond que sur la forme, les remarques r\u00e9currentes sont maintenues d\u00e9battues en CHSCT REA.<\/span><\/p>\n<p style=\"text-align: justify\" align=\"justify\"><span style=\"color: #0000ff;font-size: 12pt\"><span style=\"font-family: Arial, sans-serif\"><span style=\"font-family: tahoma, arial, helvetica, sans-serif\"> Les commissions consultatives locales conditions de travail sont mises en place mais on en est encore aux balbutiements.<\/span> <\/span><\/span><\/p>\n<p style=\"text-align: justify\" align=\"justify\"><span style=\"color: #0000ff;font-family: tahoma, arial, helvetica, sans-serif;font-size: 12pt\"> S\u2019en suit un point sur la mise en place des plans d\u2019actions sur la gestion des risques psycho sociaux, l\u00e0 encore que de disparit\u00e9s\u00a0!<\/span><\/p>\n<p style=\"text-align: justify\" align=\"justify\"><span style=\"color: #0000ff;font-family: tahoma, arial, helvetica, sans-serif;font-size: 12pt\"> Ce point nous a permis d\u2019aborder la mixit\u00e9 et les risques g\u00e9n\u00e9r\u00e9s. Apr\u00e8s avoir r\u00e9affirm\u00e9 notre refus, nous avons soulign\u00e9 que seul l\u2019humain (l\u2019enseignant\u00b7e &#8211; formateur\u00b7trice) s\u2019adapte ce \u00e0 quoi l\u2019administration a r\u00e9pondu qu\u2019il existe un plan national d\u2019accompagnement dont la m\u00e9connaissance est r\u00e9v\u00e9latrice d\u2019un manque de communication dans nos \u00e9tablissements.<\/span><\/p>\n<h3 align=\"justify\"><img decoding=\"async\" class=\"aligncenter wp-image-3246 size-thumbnail\" src=\"https:\/\/regions-snetap-fsu.fr\/hdf\/wp-content\/uploads\/sites\/5\/2019\/10\/Stress_au_travail_13_1019-150x150.jpg\" alt=\"\" width=\"150\" height=\"150\" \/><\/h3>\n<h3 style=\"text-align: center\" align=\"justify\"><span style=\"color: #ff0000;font-family: tahoma, arial, helvetica, sans-serif;font-size: 12pt\">Un point de l\u2019ordre du jour port\u00e9 par le SNETAP-FSU<\/span><\/h3>\n<p style=\"text-align: justify\" align=\"justify\"><span style=\"color: #0000ff;font-family: tahoma, arial, helvetica, sans-serif;font-size: 12pt\">S\u2019en suit donc l\u2019\u00e9tude de faits circonstanci\u00e9s g\u00e9n\u00e9rant des risques psychosociaux au sein de l\u2019EPLEFPA des Flandres. Nous avons r\u00e9ellement du batailler afin d\u2019aborder une situation ou un chef de service g\u00e9n\u00e8re des risques psycho-sociaux pour les personnels.<\/span><\/p>\n<p align=\"justify\"><span style=\"color: #0000ff;font-family: tahoma, arial, helvetica, sans-serif;font-size: 12pt\">Trop peu de situations se r\u00e8glent rapidement dans nos \u00e9tablissements, donc lorsque cela sera utile nous les porterons aupr\u00e8s de cette instance afin de r\u00e9duire la souffrance au travail<\/span><\/p>\n<h3 align=\"justify\"><img decoding=\"async\" class=\"aligncenter wp-image-4468 size-thumbnail\" src=\"https:\/\/regions-snetap-fsu.fr\/hdf\/wp-content\/uploads\/sites\/5\/2020\/02\/Main_ferm\u00e9e_12_220-150x150.jpg\" alt=\"\" width=\"150\" height=\"150\" \/><\/h3>\n<p style=\"text-align: center\"><span style=\"color: #c9211e\"><span style=\"font-family: Old Stamper\">Defendons nos conditions de travail<\/span><\/span><\/p>\n<h3 style=\"text-align: center\" align=\"justify\"><span style=\"color: #ff0000;font-family: tahoma, arial, helvetica, sans-serif;font-size: 12pt\">Suite et fin du d\u00e9roulement<\/span><\/h3>\n<p style=\"text-align: justify\" align=\"justify\"><span style=\"color: #0000ff;font-family: tahoma, arial, helvetica, sans-serif;font-size: 12pt\">Une analyse quantitative des accidents du travail qui doit \u00e9voluer vers du qualitatif afin de mieux cerner les probl\u00e9matiques. Et des questions diverses permettant d\u2019aborder d\u2019autres sujets.<\/span><\/p>\n<p style=\"text-align: justify\" align=\"justify\"><span style=\"color: #0000ff;font-family: tahoma, arial, helvetica, sans-serif;font-size: 12pt\">En conclusion, l\u2019hygi\u00e8ne, la s\u00e9curit\u00e9 et les conditions de travail sont diversement prises en compte dans les \u00e9tablissements des Hauts-de-France. Vos repr\u00e9sentant\u00b7es SNETAP-FSU agissent et continueront d\u2019agir dans cette instance pour l\u2019am\u00e9lioration des conditions de toutes et tous.<\/span><\/p>\n","protected":false},"excerpt":{"rendered":"<p>Bilan du CHSCT REA du 24 janvier 2020 Bien qu\u2019une journ\u00e9e d\u2019action avait lieu \u00e0 la m\u00eame date, apr\u00e8s de multiples discussions, il a \u00e9t\u00e9 d\u00e9cid\u00e9 de si\u00e9ger tout de m\u00eame afin que les personnels soient repr\u00e9sent\u00e9s. Les membres titulaires et suppl\u00e9ant\u00b7es ont donc eu le choix tant qu\u2019une d\u00e9l\u00e9gation suffisante puisse si\u00e8ger. FO, Solidaires [&hellip;]<\/p>\n","protected":false},"author":138,"featured_media":0,"comment_status":"closed","ping_status":"closed","sticky":false,"template":"","format":"standard","meta":{"ocean_post_layout":"","ocean_both_sidebars_style":"","ocean_both_sidebars_content_width":0,"ocean_both_sidebars_sidebars_width":0,"ocean_sidebar":"","ocean_second_sidebar":"","ocean_disable_margins":"enable","ocean_add_body_class":"","ocean_shortcode_before_top_bar":"","ocean_shortcode_after_top_bar":"","ocean_shortcode_before_header":"","ocean_shortcode_after_header":"","ocean_has_shortcode":"","ocean_shortcode_after_title":"","ocean_shortcode_before_footer_widgets":"","ocean_shortcode_after_footer_widgets":"","ocean_shortcode_before_footer_bottom":"","ocean_shortcode_after_footer_bottom":"","ocean_display_top_bar":"default","ocean_display_header":"default","ocean_header_style":"","ocean_center_header_left_menu":"","ocean_custom_header_template":"","ocean_custom_logo":0,"ocean_custom_retina_logo":0,"ocean_custom_logo_max_width":0,"ocean_custom_logo_tablet_max_width":0,"ocean_custom_logo_mobile_max_width":0,"ocean_custom_logo_max_height":0,"ocean_custom_logo_tablet_max_height":0,"ocean_custom_logo_mobile_max_height":0,"ocean_header_custom_menu":"","ocean_menu_typo_font_family":"","ocean_menu_typo_font_subset":"","ocean_menu_typo_font_size":0,"ocean_menu_typo_font_size_tablet":0,"ocean_menu_typo_font_size_mobile":0,"ocean_menu_typo_font_size_unit":"px","ocean_menu_typo_font_weight":"","ocean_menu_typo_font_weight_tablet":"","ocean_menu_typo_font_weight_mobile":"","ocean_menu_typo_transform":"","ocean_menu_typo_transform_tablet":"","ocean_menu_typo_transform_mobile":"","ocean_menu_typo_line_height":0,"ocean_menu_typo_line_height_tablet":0,"ocean_menu_typo_line_height_mobile":0,"ocean_menu_typo_line_height_unit":"","ocean_menu_typo_spacing":0,"ocean_menu_typo_spacing_tablet":0,"ocean_menu_typo_spacing_mobile":0,"ocean_menu_typo_spacing_unit":"","ocean_menu_link_color":"","ocean_menu_link_color_hover":"","ocean_menu_link_color_active":"","ocean_menu_link_background":"","ocean_menu_link_hover_background":"","ocean_menu_link_active_background":"","ocean_menu_social_links_bg":"","ocean_menu_social_hover_links_bg":"","ocean_menu_social_links_color":"","ocean_menu_social_hover_links_color":"","ocean_disable_title":"default","ocean_disable_heading":"default","ocean_post_title":"","ocean_post_subheading":"","ocean_post_title_style":"","ocean_post_title_background_color":"","ocean_post_title_background":0,"ocean_post_title_bg_image_position":"","ocean_post_title_bg_image_attachment":"","ocean_post_title_bg_image_repeat":"","ocean_post_title_bg_image_size":"","ocean_post_title_height":0,"ocean_post_title_bg_overlay":0.5,"ocean_post_title_bg_overlay_color":"","ocean_disable_breadcrumbs":"default","ocean_breadcrumbs_color":"","ocean_breadcrumbs_separator_color":"","ocean_breadcrumbs_links_color":"","ocean_breadcrumbs_links_hover_color":"","ocean_display_footer_widgets":"default","ocean_display_footer_bottom":"default","ocean_custom_footer_template":"","ocean_post_oembed":"","ocean_post_self_hosted_media":"","ocean_post_video_embed":"","ocean_link_format":"","ocean_link_format_target":"self","ocean_quote_format":"","ocean_quote_format_link":"post","ocean_gallery_link_images":"on","ocean_gallery_id":[],"footnotes":""},"categories":[7],"tags":[],"post_folder":[],"class_list":["post-4464","post","type-post","status-publish","format-standard","hentry","category-chsctrea","entry"],"yoast_head":"<!-- This site is optimized with the Yoast SEO plugin v27.4 - https:\/\/yoast.com\/product\/yoast-seo-wordpress\/ -->\n<title>Bilan du CHSCT REA du 24 janvier 2020 - Formation des sites R\u00e9gionaux du SNETAP-FSU<\/title>\n<meta name=\"robots\" content=\"index, follow, max-snippet:-1, max-image-preview:large, max-video-preview:-1\" \/>\n<link rel=\"canonical\" href=\"https:\/\/regions-snetap-fsu.fr\/formation\/2020\/02\/13\/bilan-du-chsct-rea-du-24-janvier-2020\/\" \/>\n<meta property=\"og:locale\" content=\"fr_FR\" \/>\n<meta property=\"og:type\" content=\"article\" \/>\n<meta property=\"og:title\" content=\"Bilan du CHSCT REA du 24 janvier 2020 - Formation des sites R\u00e9gionaux du SNETAP-FSU\" \/>\n<meta property=\"og:description\" content=\"Bilan du CHSCT REA du 24 janvier 2020 Bien qu\u2019une journ\u00e9e d\u2019action avait lieu \u00e0 la m\u00eame date, apr\u00e8s de multiples discussions, il a \u00e9t\u00e9 d\u00e9cid\u00e9 de si\u00e9ger tout de m\u00eame afin que les personnels soient repr\u00e9sent\u00e9s. Les membres titulaires et suppl\u00e9ant\u00b7es ont donc eu le choix tant qu\u2019une d\u00e9l\u00e9gation suffisante puisse si\u00e8ger. FO, Solidaires [&hellip;]\" \/>\n<meta property=\"og:url\" content=\"https:\/\/regions-snetap-fsu.fr\/formation\/2020\/02\/13\/bilan-du-chsct-rea-du-24-janvier-2020\/\" \/>\n<meta property=\"og:site_name\" content=\"Formation des sites R\u00e9gionaux du SNETAP-FSU\" \/>\n<meta property=\"article:published_time\" content=\"2020-02-13T18:16:04+00:00\" \/>\n<meta name=\"author\" content=\"yoctavien\" \/>\n<meta name=\"twitter:card\" content=\"summary_large_image\" \/>\n<meta name=\"twitter:label1\" content=\"\u00c9crit par\" \/>\n\t<meta name=\"twitter:data1\" content=\"yoctavien\" \/>\n\t<meta name=\"twitter:label2\" content=\"Dur\u00e9e de lecture estim\u00e9e\" \/>\n\t<meta name=\"twitter:data2\" content=\"4 minutes\" \/>\n<script type=\"application\/ld+json\" class=\"yoast-schema-graph\">{\"@context\":\"https:\\\/\\\/schema.org\",\"@graph\":[{\"@type\":\"Article\",\"@id\":\"https:\\\/\\\/regions-snetap-fsu.fr\\\/formation\\\/2020\\\/02\\\/13\\\/bilan-du-chsct-rea-du-24-janvier-2020\\\/#article\",\"isPartOf\":{\"@id\":\"https:\\\/\\\/regions-snetap-fsu.fr\\\/formation\\\/2020\\\/02\\\/13\\\/bilan-du-chsct-rea-du-24-janvier-2020\\\/\"},\"author\":{\"name\":\"yoctavien\",\"@id\":\"https:\\\/\\\/regions-snetap-fsu.fr\\\/formation\\\/#\\\/schema\\\/person\\\/f5dc7b6354e942ca9c5fa8e9ff7e5c93\"},\"headline\":\"Bilan du CHSCT REA du 24 janvier 2020\",\"datePublished\":\"2020-02-13T18:16:04+00:00\",\"mainEntityOfPage\":{\"@id\":\"https:\\\/\\\/regions-snetap-fsu.fr\\\/formation\\\/2020\\\/02\\\/13\\\/bilan-du-chsct-rea-du-24-janvier-2020\\\/\"},\"wordCount\":714,\"publisher\":{\"@id\":\"https:\\\/\\\/regions-snetap-fsu.fr\\\/formation\\\/#organization\"},\"image\":{\"@id\":\"https:\\\/\\\/regions-snetap-fsu.fr\\\/formation\\\/2020\\\/02\\\/13\\\/bilan-du-chsct-rea-du-24-janvier-2020\\\/#primaryimage\"},\"thumbnailUrl\":\"https:\\\/\\\/regions-snetap-fsu.fr\\\/hdf\\\/wp-content\\\/uploads\\\/sites\\\/5\\\/2019\\\/10\\\/wordcloud_souffrance_travail_rogne_5_1019-150x150.jpg\",\"articleSection\":[\"CHSCTREA\"],\"inLanguage\":\"fr-FR\"},{\"@type\":\"WebPage\",\"@id\":\"https:\\\/\\\/regions-snetap-fsu.fr\\\/formation\\\/2020\\\/02\\\/13\\\/bilan-du-chsct-rea-du-24-janvier-2020\\\/\",\"url\":\"https:\\\/\\\/regions-snetap-fsu.fr\\\/formation\\\/2020\\\/02\\\/13\\\/bilan-du-chsct-rea-du-24-janvier-2020\\\/\",\"name\":\"Bilan du CHSCT REA du 24 janvier 2020 - Formation des sites R\u00e9gionaux du SNETAP-FSU\",\"isPartOf\":{\"@id\":\"https:\\\/\\\/regions-snetap-fsu.fr\\\/formation\\\/#website\"},\"primaryImageOfPage\":{\"@id\":\"https:\\\/\\\/regions-snetap-fsu.fr\\\/formation\\\/2020\\\/02\\\/13\\\/bilan-du-chsct-rea-du-24-janvier-2020\\\/#primaryimage\"},\"image\":{\"@id\":\"https:\\\/\\\/regions-snetap-fsu.fr\\\/formation\\\/2020\\\/02\\\/13\\\/bilan-du-chsct-rea-du-24-janvier-2020\\\/#primaryimage\"},\"thumbnailUrl\":\"https:\\\/\\\/regions-snetap-fsu.fr\\\/hdf\\\/wp-content\\\/uploads\\\/sites\\\/5\\\/2019\\\/10\\\/wordcloud_souffrance_travail_rogne_5_1019-150x150.jpg\",\"datePublished\":\"2020-02-13T18:16:04+00:00\",\"breadcrumb\":{\"@id\":\"https:\\\/\\\/regions-snetap-fsu.fr\\\/formation\\\/2020\\\/02\\\/13\\\/bilan-du-chsct-rea-du-24-janvier-2020\\\/#breadcrumb\"},\"inLanguage\":\"fr-FR\",\"potentialAction\":[{\"@type\":\"ReadAction\",\"target\":[\"https:\\\/\\\/regions-snetap-fsu.fr\\\/formation\\\/2020\\\/02\\\/13\\\/bilan-du-chsct-rea-du-24-janvier-2020\\\/\"]}]},{\"@type\":\"ImageObject\",\"inLanguage\":\"fr-FR\",\"@id\":\"https:\\\/\\\/regions-snetap-fsu.fr\\\/formation\\\/2020\\\/02\\\/13\\\/bilan-du-chsct-rea-du-24-janvier-2020\\\/#primaryimage\",\"url\":\"https:\\\/\\\/regions-snetap-fsu.fr\\\/hdf\\\/wp-content\\\/uploads\\\/sites\\\/5\\\/2019\\\/10\\\/wordcloud_souffrance_travail_rogne_5_1019-150x150.jpg\",\"contentUrl\":\"https:\\\/\\\/regions-snetap-fsu.fr\\\/hdf\\\/wp-content\\\/uploads\\\/sites\\\/5\\\/2019\\\/10\\\/wordcloud_souffrance_travail_rogne_5_1019-150x150.jpg\"},{\"@type\":\"BreadcrumbList\",\"@id\":\"https:\\\/\\\/regions-snetap-fsu.fr\\\/formation\\\/2020\\\/02\\\/13\\\/bilan-du-chsct-rea-du-24-janvier-2020\\\/#breadcrumb\",\"itemListElement\":[{\"@type\":\"ListItem\",\"position\":1,\"name\":\"Accueil\",\"item\":\"https:\\\/\\\/regions-snetap-fsu.fr\\\/formation\\\/\"},{\"@type\":\"ListItem\",\"position\":2,\"name\":\"Bilan du CHSCT REA du 24 janvier 2020\"}]},{\"@type\":\"WebSite\",\"@id\":\"https:\\\/\\\/regions-snetap-fsu.fr\\\/formation\\\/#website\",\"url\":\"https:\\\/\\\/regions-snetap-fsu.fr\\\/formation\\\/\",\"name\":\"Formation des sites R\u00e9gionaux du SNETAP-FSU\",\"description\":\"\",\"publisher\":{\"@id\":\"https:\\\/\\\/regions-snetap-fsu.fr\\\/formation\\\/#organization\"},\"potentialAction\":[{\"@type\":\"SearchAction\",\"target\":{\"@type\":\"EntryPoint\",\"urlTemplate\":\"https:\\\/\\\/regions-snetap-fsu.fr\\\/formation\\\/?s={search_term_string}\"},\"query-input\":{\"@type\":\"PropertyValueSpecification\",\"valueRequired\":true,\"valueName\":\"search_term_string\"}}],\"inLanguage\":\"fr-FR\"},{\"@type\":\"Organization\",\"@id\":\"https:\\\/\\\/regions-snetap-fsu.fr\\\/formation\\\/#organization\",\"name\":\"Formation des sites R\u00e9gionaux du SNETAP-FSU\",\"url\":\"https:\\\/\\\/regions-snetap-fsu.fr\\\/formation\\\/\",\"logo\":{\"@type\":\"ImageObject\",\"inLanguage\":\"fr-FR\",\"@id\":\"https:\\\/\\\/regions-snetap-fsu.fr\\\/formation\\\/#\\\/schema\\\/logo\\\/image\\\/\",\"url\":\"https:\\\/\\\/regions-snetap-fsu.fr\\\/formation\\\/wp-content\\\/uploads\\\/sites\\\/20\\\/2025\\\/04\\\/cropped-Logo_blanc_fond_transparent_1000x755.png\",\"contentUrl\":\"https:\\\/\\\/regions-snetap-fsu.fr\\\/formation\\\/wp-content\\\/uploads\\\/sites\\\/20\\\/2025\\\/04\\\/cropped-Logo_blanc_fond_transparent_1000x755.png\",\"width\":998,\"height\":689,\"caption\":\"Formation des sites R\u00e9gionaux du SNETAP-FSU\"},\"image\":{\"@id\":\"https:\\\/\\\/regions-snetap-fsu.fr\\\/formation\\\/#\\\/schema\\\/logo\\\/image\\\/\"}},{\"@type\":\"Person\",\"@id\":\"https:\\\/\\\/regions-snetap-fsu.fr\\\/formation\\\/#\\\/schema\\\/person\\\/f5dc7b6354e942ca9c5fa8e9ff7e5c93\",\"name\":\"yoctavien\",\"image\":{\"@type\":\"ImageObject\",\"inLanguage\":\"fr-FR\",\"@id\":\"https:\\\/\\\/secure.gravatar.com\\\/avatar\\\/382642c092b6b9da14641d3c478df2f3da4a2d17eea25691c232d4dbf735c292?s=96&d=mm&r=g\",\"url\":\"https:\\\/\\\/secure.gravatar.com\\\/avatar\\\/382642c092b6b9da14641d3c478df2f3da4a2d17eea25691c232d4dbf735c292?s=96&d=mm&r=g\",\"contentUrl\":\"https:\\\/\\\/secure.gravatar.com\\\/avatar\\\/382642c092b6b9da14641d3c478df2f3da4a2d17eea25691c232d4dbf735c292?s=96&d=mm&r=g\",\"caption\":\"yoctavien\"},\"url\":\"https:\\\/\\\/regions-snetap-fsu.fr\\\/formation\\\/author\\\/yoctavien\\\/\"}]}<\/script>\n<!-- \/ Yoast SEO plugin. -->","yoast_head_json":{"title":"Bilan du CHSCT REA du 24 janvier 2020 - Formation des sites R\u00e9gionaux du SNETAP-FSU","robots":{"index":"index","follow":"follow","max-snippet":"max-snippet:-1","max-image-preview":"max-image-preview:large","max-video-preview":"max-video-preview:-1"},"canonical":"https:\/\/regions-snetap-fsu.fr\/formation\/2020\/02\/13\/bilan-du-chsct-rea-du-24-janvier-2020\/","og_locale":"fr_FR","og_type":"article","og_title":"Bilan du CHSCT REA du 24 janvier 2020 - Formation des sites R\u00e9gionaux du SNETAP-FSU","og_description":"Bilan du CHSCT REA du 24 janvier 2020 Bien qu\u2019une journ\u00e9e d\u2019action avait lieu \u00e0 la m\u00eame date, apr\u00e8s de multiples discussions, il a \u00e9t\u00e9 d\u00e9cid\u00e9 de si\u00e9ger tout de m\u00eame afin que les personnels soient repr\u00e9sent\u00e9s. Les membres titulaires et suppl\u00e9ant\u00b7es ont donc eu le choix tant qu\u2019une d\u00e9l\u00e9gation suffisante puisse si\u00e8ger. FO, Solidaires [&hellip;]","og_url":"https:\/\/regions-snetap-fsu.fr\/formation\/2020\/02\/13\/bilan-du-chsct-rea-du-24-janvier-2020\/","og_site_name":"Formation des sites R\u00e9gionaux du SNETAP-FSU","article_published_time":"2020-02-13T18:16:04+00:00","author":"yoctavien","twitter_card":"summary_large_image","twitter_misc":{"\u00c9crit par":"yoctavien","Dur\u00e9e de lecture estim\u00e9e":"4 minutes"},"schema":{"@context":"https:\/\/schema.org","@graph":[{"@type":"Article","@id":"https:\/\/regions-snetap-fsu.fr\/formation\/2020\/02\/13\/bilan-du-chsct-rea-du-24-janvier-2020\/#article","isPartOf":{"@id":"https:\/\/regions-snetap-fsu.fr\/formation\/2020\/02\/13\/bilan-du-chsct-rea-du-24-janvier-2020\/"},"author":{"name":"yoctavien","@id":"https:\/\/regions-snetap-fsu.fr\/formation\/#\/schema\/person\/f5dc7b6354e942ca9c5fa8e9ff7e5c93"},"headline":"Bilan du CHSCT REA du 24 janvier 2020","datePublished":"2020-02-13T18:16:04+00:00","mainEntityOfPage":{"@id":"https:\/\/regions-snetap-fsu.fr\/formation\/2020\/02\/13\/bilan-du-chsct-rea-du-24-janvier-2020\/"},"wordCount":714,"publisher":{"@id":"https:\/\/regions-snetap-fsu.fr\/formation\/#organization"},"image":{"@id":"https:\/\/regions-snetap-fsu.fr\/formation\/2020\/02\/13\/bilan-du-chsct-rea-du-24-janvier-2020\/#primaryimage"},"thumbnailUrl":"https:\/\/regions-snetap-fsu.fr\/hdf\/wp-content\/uploads\/sites\/5\/2019\/10\/wordcloud_souffrance_travail_rogne_5_1019-150x150.jpg","articleSection":["CHSCTREA"],"inLanguage":"fr-FR"},{"@type":"WebPage","@id":"https:\/\/regions-snetap-fsu.fr\/formation\/2020\/02\/13\/bilan-du-chsct-rea-du-24-janvier-2020\/","url":"https:\/\/regions-snetap-fsu.fr\/formation\/2020\/02\/13\/bilan-du-chsct-rea-du-24-janvier-2020\/","name":"Bilan du CHSCT REA du 24 janvier 2020 - Formation des sites R\u00e9gionaux du SNETAP-FSU","isPartOf":{"@id":"https:\/\/regions-snetap-fsu.fr\/formation\/#website"},"primaryImageOfPage":{"@id":"https:\/\/regions-snetap-fsu.fr\/formation\/2020\/02\/13\/bilan-du-chsct-rea-du-24-janvier-2020\/#primaryimage"},"image":{"@id":"https:\/\/regions-snetap-fsu.fr\/formation\/2020\/02\/13\/bilan-du-chsct-rea-du-24-janvier-2020\/#primaryimage"},"thumbnailUrl":"https:\/\/regions-snetap-fsu.fr\/hdf\/wp-content\/uploads\/sites\/5\/2019\/10\/wordcloud_souffrance_travail_rogne_5_1019-150x150.jpg","datePublished":"2020-02-13T18:16:04+00:00","breadcrumb":{"@id":"https:\/\/regions-snetap-fsu.fr\/formation\/2020\/02\/13\/bilan-du-chsct-rea-du-24-janvier-2020\/#breadcrumb"},"inLanguage":"fr-FR","potentialAction":[{"@type":"ReadAction","target":["https:\/\/regions-snetap-fsu.fr\/formation\/2020\/02\/13\/bilan-du-chsct-rea-du-24-janvier-2020\/"]}]},{"@type":"ImageObject","inLanguage":"fr-FR","@id":"https:\/\/regions-snetap-fsu.fr\/formation\/2020\/02\/13\/bilan-du-chsct-rea-du-24-janvier-2020\/#primaryimage","url":"https:\/\/regions-snetap-fsu.fr\/hdf\/wp-content\/uploads\/sites\/5\/2019\/10\/wordcloud_souffrance_travail_rogne_5_1019-150x150.jpg","contentUrl":"https:\/\/regions-snetap-fsu.fr\/hdf\/wp-content\/uploads\/sites\/5\/2019\/10\/wordcloud_souffrance_travail_rogne_5_1019-150x150.jpg"},{"@type":"BreadcrumbList","@id":"https:\/\/regions-snetap-fsu.fr\/formation\/2020\/02\/13\/bilan-du-chsct-rea-du-24-janvier-2020\/#breadcrumb","itemListElement":[{"@type":"ListItem","position":1,"name":"Accueil","item":"https:\/\/regions-snetap-fsu.fr\/formation\/"},{"@type":"ListItem","position":2,"name":"Bilan du CHSCT REA du 24 janvier 2020"}]},{"@type":"WebSite","@id":"https:\/\/regions-snetap-fsu.fr\/formation\/#website","url":"https:\/\/regions-snetap-fsu.fr\/formation\/","name":"Formation des sites R\u00e9gionaux du SNETAP-FSU","description":"","publisher":{"@id":"https:\/\/regions-snetap-fsu.fr\/formation\/#organization"},"potentialAction":[{"@type":"SearchAction","target":{"@type":"EntryPoint","urlTemplate":"https:\/\/regions-snetap-fsu.fr\/formation\/?s={search_term_string}"},"query-input":{"@type":"PropertyValueSpecification","valueRequired":true,"valueName":"search_term_string"}}],"inLanguage":"fr-FR"},{"@type":"Organization","@id":"https:\/\/regions-snetap-fsu.fr\/formation\/#organization","name":"Formation des sites R\u00e9gionaux du SNETAP-FSU","url":"https:\/\/regions-snetap-fsu.fr\/formation\/","logo":{"@type":"ImageObject","inLanguage":"fr-FR","@id":"https:\/\/regions-snetap-fsu.fr\/formation\/#\/schema\/logo\/image\/","url":"https:\/\/regions-snetap-fsu.fr\/formation\/wp-content\/uploads\/sites\/20\/2025\/04\/cropped-Logo_blanc_fond_transparent_1000x755.png","contentUrl":"https:\/\/regions-snetap-fsu.fr\/formation\/wp-content\/uploads\/sites\/20\/2025\/04\/cropped-Logo_blanc_fond_transparent_1000x755.png","width":998,"height":689,"caption":"Formation des sites R\u00e9gionaux du SNETAP-FSU"},"image":{"@id":"https:\/\/regions-snetap-fsu.fr\/formation\/#\/schema\/logo\/image\/"}},{"@type":"Person","@id":"https:\/\/regions-snetap-fsu.fr\/formation\/#\/schema\/person\/f5dc7b6354e942ca9c5fa8e9ff7e5c93","name":"yoctavien","image":{"@type":"ImageObject","inLanguage":"fr-FR","@id":"https:\/\/secure.gravatar.com\/avatar\/382642c092b6b9da14641d3c478df2f3da4a2d17eea25691c232d4dbf735c292?s=96&d=mm&r=g","url":"https:\/\/secure.gravatar.com\/avatar\/382642c092b6b9da14641d3c478df2f3da4a2d17eea25691c232d4dbf735c292?s=96&d=mm&r=g","contentUrl":"https:\/\/secure.gravatar.com\/avatar\/382642c092b6b9da14641d3c478df2f3da4a2d17eea25691c232d4dbf735c292?s=96&d=mm&r=g","caption":"yoctavien"},"url":"https:\/\/regions-snetap-fsu.fr\/formation\/author\/yoctavien\/"}]}},"_links":{"self":[{"href":"https:\/\/regions-snetap-fsu.fr\/formation\/wp-json\/wp\/v2\/posts\/4464","targetHints":{"allow":["GET"]}}],"collection":[{"href":"https:\/\/regions-snetap-fsu.fr\/formation\/wp-json\/wp\/v2\/posts"}],"about":[{"href":"https:\/\/regions-snetap-fsu.fr\/formation\/wp-json\/wp\/v2\/types\/post"}],"author":[{"embeddable":true,"href":"https:\/\/regions-snetap-fsu.fr\/formation\/wp-json\/wp\/v2\/users\/138"}],"replies":[{"embeddable":true,"href":"https:\/\/regions-snetap-fsu.fr\/formation\/wp-json\/wp\/v2\/comments?post=4464"}],"version-history":[{"count":0,"href":"https:\/\/regions-snetap-fsu.fr\/formation\/wp-json\/wp\/v2\/posts\/4464\/revisions"}],"wp:attachment":[{"href":"https:\/\/regions-snetap-fsu.fr\/formation\/wp-json\/wp\/v2\/media?parent=4464"}],"wp:term":[{"taxonomy":"category","embeddable":true,"href":"https:\/\/regions-snetap-fsu.fr\/formation\/wp-json\/wp\/v2\/categories?post=4464"},{"taxonomy":"post_tag","embeddable":true,"href":"https:\/\/regions-snetap-fsu.fr\/formation\/wp-json\/wp\/v2\/tags?post=4464"},{"taxonomy":"post_folder","embeddable":true,"href":"https:\/\/regions-snetap-fsu.fr\/formation\/wp-json\/wp\/v2\/post_folder?post=4464"}],"curies":[{"name":"wp","href":"https:\/\/api.w.org\/{rel}","templated":true}]}}