{"id":4455,"date":"2020-02-12T16:26:08","date_gmt":"2020-02-12T15:26:08","guid":{"rendered":"https:\/\/regions-snetap-fsu.fr\/hdf\/?p=4455"},"modified":"2020-02-12T16:26:08","modified_gmt":"2020-02-12T15:26:08","slug":"actions-dans-les-hauts-de-france-du-13-au-15-fevrier-2020","status":"publish","type":"post","link":"https:\/\/regions-snetap-fsu.fr\/formation\/2020\/02\/12\/actions-dans-les-hauts-de-france-du-13-au-15-fevrier-2020\/","title":{"rendered":"Actions dans les Hauts-de-France du 13 au 15 f\u00e9vrier 2020"},"content":{"rendered":"<h2 style=\"text-align: center\"><span style=\"font-family: tahoma, arial, helvetica, sans-serif;color: #ff0000\">Actions dans les Hauts-de-France du 13 au 15 f\u00e9vrier 2020<\/span><\/h2>\n<blockquote>\n<p style=\"text-align: justify\"><span style=\"font-family: tahoma, arial, helvetica, sans-serif;color: #0000ff\">Apr\u00e8s le Conseil d\u2019\u00c9tat, nouveau coup dur pour le projet de retraite par points par le S\u00e9nat.<\/span><\/p>\n<p style=\"text-align: justify\"><span style=\"font-family: tahoma, arial, helvetica, sans-serif;color: #0000ff\"><span class=\"css-901oao css-16my406 r-1qd0xha r-ad9z0x r-bcqeeo r-qvutc0\">Le S\u00e9nat <\/span><span class=\"css-901oao css-16my406 r-1qd0xha r-ad9z0x r-bcqeeo r-qvutc0\"> a demand\u00e9 la lev\u00e9e de la proc\u00e9dure d\u2019urgence pour l\u2019examen du texte sur les retraites car il faut laisser du temps au Parlement : \u00ab\u00a0Nous n\u2019avons pas les r\u00e9sultats de la conf\u00e9rence de financement donc ce programme l\u00e9gislatif nous semble incoh\u00e9rent\u00a0\u00bb&#8230;<\/span><\/span><\/p>\n<p style=\"text-align: justify\"><span style=\"font-family: tahoma, arial, helvetica, sans-serif;color: #0000ff\">A plus de deux mois, le mouvement social contre ce projet de r\u00e9forme des retraites ne s\u2019essouffle pas. Les avocats et les pompiers souhaitent durcir leur mouvement. <\/span><\/p>\n<p style=\"text-align: justify\"><span style=\"font-family: tahoma, arial, helvetica, sans-serif;color: #0000ff\">Nous avons gagn\u00e9 la bataille de l&rsquo;opinion publique qui soutient toujours notre contestation sociale.<\/span><\/p>\n<p style=\"text-align: justify\"><span style=\"font-family: tahoma, arial, helvetica, sans-serif;color: #0000ff\">Le gouvernement s&rsquo;ent\u00eate dans ses mensonges et ses incoh\u00e9rences mais personne n&rsquo;est dupe.<\/span><\/p>\n<p style=\"text-align: justify\"><span style=\"color: #0000ff;font-family: tahoma, arial, helvetica, sans-serif\">La victoire est toujours accessible, rappelez-vous le pr\u00e9sident Jacques Chirac avait d\u00e9cid\u00e9 de ne pas appliquer la loi sur le contrat premi\u00e8re embauche, qu&rsquo;il avait promulgu\u00e9e quelques jours avant. Comme le pr\u00e9sident Macron souhaite imiter le pr\u00e9sident Chirac, poussons le, \u00e0 faire mieux&#8230; Retirer le projet de loi de retraite par points avant sa promulgation.<br \/>\n<\/span><\/p>\n<p style=\"text-align: justify\"><span style=\"font-family: tahoma, arial, helvetica, sans-serif;color: #0000ff\">En attendant les temps forts du 20 f\u00e9vrier et du 8 mars, vous pouvez participer aux diff\u00e9rentes actions dans les Hauts-de-France&#8230;<\/span><\/p>\n<\/blockquote>\n<p><!--more--><\/p>\n<p><img fetchpriority=\"high\" decoding=\"async\" class=\"spotlight aligncenter\" src=\"https:\/\/scontent-cdg2-1.xx.fbcdn.net\/v\/t1.0-9\/p960x960\/84756436_4340560255968182_7341054756267229184_o.jpg?_nc_cat=110&amp;_nc_ohc=pv-H9Unz_xMAX9udIcw&amp;_nc_ht=scontent-cdg2-1.xx&amp;_nc_tp=6&amp;oh=17dcdaced4ceea4d1880096d51217339&amp;oe=5EB74D75\" alt=\"Aucune description de photo disponible.\" width=\"561\" height=\"561\" \/><\/p>\n<p style=\"text-align: justify\"><span style=\"font-family: tahoma, arial, helvetica, sans-serif;color: #0000ff\">N&rsquo;oubliez pas de signer la p\u00e9tition pour r\u00e9f\u00e9rendum sur le retrait projet r\u00e9forme des retraites au lien suivant :<\/span><\/p>\n<p><a href=\"https:\/\/www.change.org\/p\/gouvernement-referendum-retraites?recruiter=1041987023&amp;recruited_by_id=835988c0-4b3e-11ea-ba26-cb54e8a30d6b&amp;utm_source=share_petition&amp;utm_medium=copylink&amp;utm_campaign=petition_dashboard\" target=\"_blank\" rel=\"noopener noreferrer\"><span style=\"text-decoration: underline\"><span style=\"color: #000000;text-decoration: underline\">Retraites : Monsieur le Pr\u00e9sident, soumettez votre r\u00e9forme au r\u00e9f\u00e9rendum<\/span><\/span><\/a><\/p>\n<h3 style=\"text-align: center\"><span style=\"font-family: tahoma, arial, helvetica, sans-serif;color: #ff0000\">Jeudi 13 f\u00e9vrier 2020<\/span><\/h3>\n<ul>\n<li style=\"text-align: justify\"><span style=\"font-family: tahoma, arial, helvetica, sans-serif;color: #0000ff\"><strong>Lille<\/strong> : manifestation aux flambeaux \u00e0 18H Porte de Paris \u00e0 Lille, \u00e0 l\u2019initiative de l\u2019UD CGT NORD et avec le soutien de la FSU 59<\/span><\/li>\n<li style=\"text-align: justify\"><span style=\"font-family: tahoma, arial, helvetica, sans-serif;color: #0000ff\"><strong> Dunkerque<\/strong> : manifestation aux flambeaux \u00e0 18H place Jean Bart.<\/span><\/li>\n<li style=\"text-align: justify\"><span style=\"font-family: tahoma, arial, helvetica, sans-serif;color: #0000ff\"><strong>Creil<\/strong> : retraite aux flambeaux qui partira \u00e0 18h00 du Pont Royal<\/span><\/li>\n<li><span style=\"font-family: tahoma, arial, helvetica, sans-serif;color: #0000ff\"><strong>Beauvais <\/strong>: retraite aux flambeau \u00e0 18h00 place Jeanne hachette<\/span><\/li>\n<li style=\"text-align: justify\"><span style=\"color: #0000ff;font-family: tahoma, arial, helvetica, sans-serif\"><strong>Amiens<\/strong> : \u00e0 11h 30 devant le Palais de Justice, en soutien \u00e0 Romain et Titouan &#8211; sensibilisation et lutte contre les violences polici\u00e8res et les intimidations judiciaires<\/span><\/li>\n<\/ul>\n<h3 style=\"text-align: center\"><span style=\"font-family: tahoma, arial, helvetica, sans-serif;color: #ff0000\">Samedi 15 f\u00e9vrier 2020<\/span><\/h3>\n<ul>\n<li style=\"text-align: justify\"><span style=\"font-family: tahoma, arial, helvetica, sans-serif;color: #0000ff\"><strong>Desvres<\/strong> : Intersyndicale de l\u2019Audomarois : RDV samedi 15\/2 \u00e0 8h30 devant la permanence de M<sup class=\"typo_exposants\">me<\/sup>\u00a0Bouguignon, d\u00e9put\u00e9e et pr\u00e9sidente de la commission sp\u00e9ciale examinant la r\u00e9forme des retraites \u00e0 l\u2019assembl\u00e9e nationale.<\/span><br class=\"autobr\" \/><span style=\"font-family: tahoma, arial, helvetica, sans-serif;color: #0000ff\">RDV Aire de covoiturage de Setques 8h.<\/span><br class=\"autobr\" \/><span style=\"font-family: tahoma, arial, helvetica, sans-serif;color: #0000ff\">Vestes retourn\u00e9es pour toutes et tous.<\/span><br class=\"autobr\" \/><span style=\"font-family: tahoma, arial, helvetica, sans-serif;color: #0000ff\">Instruments de musique, m\u00e9gaphones, sifflets, slogans<small class=\"fine\">\u00a0<\/small>!<\/span><\/li>\n<li style=\"text-align: justify\"><span style=\"font-family: tahoma, arial, helvetica, sans-serif;color: #0000ff\"><strong>Beauvais<\/strong> : 10h00, place Jeanne Hachette tous les samedis matins pour manifester, m\u00eame pendant les vacances scolaires !<\/span><\/li>\n<\/ul>\n","protected":false},"excerpt":{"rendered":"<p>Actions dans les Hauts-de-France du 13 au 15 f\u00e9vrier 2020 Apr\u00e8s le Conseil d\u2019\u00c9tat, nouveau coup dur pour le projet de retraite par points par le S\u00e9nat. Le S\u00e9nat a demand\u00e9 la lev\u00e9e de la proc\u00e9dure d\u2019urgence pour l\u2019examen du texte sur les retraites car il faut laisser du temps au Parlement : \u00ab\u00a0Nous n\u2019avons [&hellip;]<\/p>\n","protected":false},"author":138,"featured_media":0,"comment_status":"closed","ping_status":"closed","sticky":false,"template":"","format":"standard","meta":{"ocean_post_layout":"","ocean_both_sidebars_style":"","ocean_both_sidebars_content_width":0,"ocean_both_sidebars_sidebars_width":0,"ocean_sidebar":"","ocean_second_sidebar":"","ocean_disable_margins":"enable","ocean_add_body_class":"","ocean_shortcode_before_top_bar":"","ocean_shortcode_after_top_bar":"","ocean_shortcode_before_header":"","ocean_shortcode_after_header":"","ocean_has_shortcode":"","ocean_shortcode_after_title":"","ocean_shortcode_before_footer_widgets":"","ocean_shortcode_after_footer_widgets":"","ocean_shortcode_before_footer_bottom":"","ocean_shortcode_after_footer_bottom":"","ocean_display_top_bar":"default","ocean_display_header":"default","ocean_header_style":"","ocean_center_header_left_menu":"","ocean_custom_header_template":"","ocean_custom_logo":0,"ocean_custom_retina_logo":0,"ocean_custom_logo_max_width":0,"ocean_custom_logo_tablet_max_width":0,"ocean_custom_logo_mobile_max_width":0,"ocean_custom_logo_max_height":0,"ocean_custom_logo_tablet_max_height":0,"ocean_custom_logo_mobile_max_height":0,"ocean_header_custom_menu":"","ocean_menu_typo_font_family":"","ocean_menu_typo_font_subset":"","ocean_menu_typo_font_size":0,"ocean_menu_typo_font_size_tablet":0,"ocean_menu_typo_font_size_mobile":0,"ocean_menu_typo_font_size_unit":"px","ocean_menu_typo_font_weight":"","ocean_menu_typo_font_weight_tablet":"","ocean_menu_typo_font_weight_mobile":"","ocean_menu_typo_transform":"","ocean_menu_typo_transform_tablet":"","ocean_menu_typo_transform_mobile":"","ocean_menu_typo_line_height":0,"ocean_menu_typo_line_height_tablet":0,"ocean_menu_typo_line_height_mobile":0,"ocean_menu_typo_line_height_unit":"","ocean_menu_typo_spacing":0,"ocean_menu_typo_spacing_tablet":0,"ocean_menu_typo_spacing_mobile":0,"ocean_menu_typo_spacing_unit":"","ocean_menu_link_color":"","ocean_menu_link_color_hover":"","ocean_menu_link_color_active":"","ocean_menu_link_background":"","ocean_menu_link_hover_background":"","ocean_menu_link_active_background":"","ocean_menu_social_links_bg":"","ocean_menu_social_hover_links_bg":"","ocean_menu_social_links_color":"","ocean_menu_social_hover_links_color":"","ocean_disable_title":"default","ocean_disable_heading":"default","ocean_post_title":"","ocean_post_subheading":"","ocean_post_title_style":"","ocean_post_title_background_color":"","ocean_post_title_background":0,"ocean_post_title_bg_image_position":"","ocean_post_title_bg_image_attachment":"","ocean_post_title_bg_image_repeat":"","ocean_post_title_bg_image_size":"","ocean_post_title_height":0,"ocean_post_title_bg_overlay":0.5,"ocean_post_title_bg_overlay_color":"","ocean_disable_breadcrumbs":"default","ocean_breadcrumbs_color":"","ocean_breadcrumbs_separator_color":"","ocean_breadcrumbs_links_color":"","ocean_breadcrumbs_links_hover_color":"","ocean_display_footer_widgets":"default","ocean_display_footer_bottom":"default","ocean_custom_footer_template":"","ocean_post_oembed":"","ocean_post_self_hosted_media":"","ocean_post_video_embed":"","ocean_link_format":"","ocean_link_format_target":"self","ocean_quote_format":"","ocean_quote_format_link":"post","ocean_gallery_link_images":"on","ocean_gallery_id":[],"footnotes":""},"categories":[3],"tags":[],"post_folder":[],"class_list":["post-4455","post","type-post","status-publish","format-standard","hentry","category-actions-greves-manifs","entry"],"yoast_head":"<!-- This site is optimized with the Yoast SEO plugin v27.4 - https:\/\/yoast.com\/product\/yoast-seo-wordpress\/ -->\n<title>Actions dans les Hauts-de-France du 13 au 15 f\u00e9vrier 2020 - Formation des sites R\u00e9gionaux du SNETAP-FSU<\/title>\n<meta name=\"robots\" content=\"index, follow, max-snippet:-1, max-image-preview:large, max-video-preview:-1\" \/>\n<link rel=\"canonical\" href=\"https:\/\/regions-snetap-fsu.fr\/formation\/2020\/02\/12\/actions-dans-les-hauts-de-france-du-13-au-15-fevrier-2020\/\" \/>\n<meta property=\"og:locale\" content=\"fr_FR\" \/>\n<meta property=\"og:type\" content=\"article\" \/>\n<meta property=\"og:title\" content=\"Actions dans les Hauts-de-France du 13 au 15 f\u00e9vrier 2020 - Formation des sites R\u00e9gionaux du SNETAP-FSU\" \/>\n<meta property=\"og:description\" content=\"Actions dans les Hauts-de-France du 13 au 15 f\u00e9vrier 2020 Apr\u00e8s le Conseil d\u2019\u00c9tat, nouveau coup dur pour le projet de retraite par points par le S\u00e9nat. Le S\u00e9nat a demand\u00e9 la lev\u00e9e de la proc\u00e9dure d\u2019urgence pour l\u2019examen du texte sur les retraites car il faut laisser du temps au Parlement : \u00ab\u00a0Nous n\u2019avons [&hellip;]\" \/>\n<meta property=\"og:url\" content=\"https:\/\/regions-snetap-fsu.fr\/formation\/2020\/02\/12\/actions-dans-les-hauts-de-france-du-13-au-15-fevrier-2020\/\" \/>\n<meta property=\"og:site_name\" content=\"Formation des sites R\u00e9gionaux du SNETAP-FSU\" \/>\n<meta property=\"article:published_time\" content=\"2020-02-12T15:26:08+00:00\" \/>\n<meta property=\"og:image\" content=\"https:\/\/scontent-cdg2-1.xx.fbcdn.net\/v\/t1.0-9\/p960x960\/84756436_4340560255968182_7341054756267229184_o.jpg?_nc_cat=110&amp;_nc_ohc=pv-H9Unz_xMAX9udIcw&amp;_nc_ht=scontent-cdg2-1.xx&amp;_nc_tp=6&amp;oh=17dcdaced4ceea4d1880096d51217339&amp;oe=5EB74D75\" \/>\n<meta name=\"author\" content=\"yoctavien\" \/>\n<meta name=\"twitter:card\" content=\"summary_large_image\" \/>\n<meta name=\"twitter:label1\" content=\"\u00c9crit par\" \/>\n\t<meta name=\"twitter:data1\" content=\"yoctavien\" \/>\n\t<meta name=\"twitter:label2\" content=\"Dur\u00e9e de lecture estim\u00e9e\" \/>\n\t<meta name=\"twitter:data2\" content=\"2 minutes\" \/>\n<script type=\"application\/ld+json\" class=\"yoast-schema-graph\">{\"@context\":\"https:\\\/\\\/schema.org\",\"@graph\":[{\"@type\":\"Article\",\"@id\":\"https:\\\/\\\/regions-snetap-fsu.fr\\\/formation\\\/2020\\\/02\\\/12\\\/actions-dans-les-hauts-de-france-du-13-au-15-fevrier-2020\\\/#article\",\"isPartOf\":{\"@id\":\"https:\\\/\\\/regions-snetap-fsu.fr\\\/formation\\\/2020\\\/02\\\/12\\\/actions-dans-les-hauts-de-france-du-13-au-15-fevrier-2020\\\/\"},\"author\":{\"name\":\"yoctavien\",\"@id\":\"https:\\\/\\\/regions-snetap-fsu.fr\\\/formation\\\/#\\\/schema\\\/person\\\/f5dc7b6354e942ca9c5fa8e9ff7e5c93\"},\"headline\":\"Actions dans les Hauts-de-France du 13 au 15 f\u00e9vrier 2020\",\"datePublished\":\"2020-02-12T15:26:08+00:00\",\"mainEntityOfPage\":{\"@id\":\"https:\\\/\\\/regions-snetap-fsu.fr\\\/formation\\\/2020\\\/02\\\/12\\\/actions-dans-les-hauts-de-france-du-13-au-15-fevrier-2020\\\/\"},\"wordCount\":420,\"publisher\":{\"@id\":\"https:\\\/\\\/regions-snetap-fsu.fr\\\/formation\\\/#organization\"},\"image\":{\"@id\":\"https:\\\/\\\/regions-snetap-fsu.fr\\\/formation\\\/2020\\\/02\\\/12\\\/actions-dans-les-hauts-de-france-du-13-au-15-fevrier-2020\\\/#primaryimage\"},\"thumbnailUrl\":\"https:\\\/\\\/scontent-cdg2-1.xx.fbcdn.net\\\/v\\\/t1.0-9\\\/p960x960\\\/84756436_4340560255968182_7341054756267229184_o.jpg?_nc_cat=110&amp;_nc_ohc=pv-H9Unz_xMAX9udIcw&amp;_nc_ht=scontent-cdg2-1.xx&amp;_nc_tp=6&amp;oh=17dcdaced4ceea4d1880096d51217339&amp;oe=5EB74D75\",\"articleSection\":[\"Actions - Gr\u00e8ves - Manifs\"],\"inLanguage\":\"fr-FR\"},{\"@type\":\"WebPage\",\"@id\":\"https:\\\/\\\/regions-snetap-fsu.fr\\\/formation\\\/2020\\\/02\\\/12\\\/actions-dans-les-hauts-de-france-du-13-au-15-fevrier-2020\\\/\",\"url\":\"https:\\\/\\\/regions-snetap-fsu.fr\\\/formation\\\/2020\\\/02\\\/12\\\/actions-dans-les-hauts-de-france-du-13-au-15-fevrier-2020\\\/\",\"name\":\"Actions dans les Hauts-de-France du 13 au 15 f\u00e9vrier 2020 - Formation des sites R\u00e9gionaux du SNETAP-FSU\",\"isPartOf\":{\"@id\":\"https:\\\/\\\/regions-snetap-fsu.fr\\\/formation\\\/#website\"},\"primaryImageOfPage\":{\"@id\":\"https:\\\/\\\/regions-snetap-fsu.fr\\\/formation\\\/2020\\\/02\\\/12\\\/actions-dans-les-hauts-de-france-du-13-au-15-fevrier-2020\\\/#primaryimage\"},\"image\":{\"@id\":\"https:\\\/\\\/regions-snetap-fsu.fr\\\/formation\\\/2020\\\/02\\\/12\\\/actions-dans-les-hauts-de-france-du-13-au-15-fevrier-2020\\\/#primaryimage\"},\"thumbnailUrl\":\"https:\\\/\\\/scontent-cdg2-1.xx.fbcdn.net\\\/v\\\/t1.0-9\\\/p960x960\\\/84756436_4340560255968182_7341054756267229184_o.jpg?_nc_cat=110&amp;_nc_ohc=pv-H9Unz_xMAX9udIcw&amp;_nc_ht=scontent-cdg2-1.xx&amp;_nc_tp=6&amp;oh=17dcdaced4ceea4d1880096d51217339&amp;oe=5EB74D75\",\"datePublished\":\"2020-02-12T15:26:08+00:00\",\"breadcrumb\":{\"@id\":\"https:\\\/\\\/regions-snetap-fsu.fr\\\/formation\\\/2020\\\/02\\\/12\\\/actions-dans-les-hauts-de-france-du-13-au-15-fevrier-2020\\\/#breadcrumb\"},\"inLanguage\":\"fr-FR\",\"potentialAction\":[{\"@type\":\"ReadAction\",\"target\":[\"https:\\\/\\\/regions-snetap-fsu.fr\\\/formation\\\/2020\\\/02\\\/12\\\/actions-dans-les-hauts-de-france-du-13-au-15-fevrier-2020\\\/\"]}]},{\"@type\":\"ImageObject\",\"inLanguage\":\"fr-FR\",\"@id\":\"https:\\\/\\\/regions-snetap-fsu.fr\\\/formation\\\/2020\\\/02\\\/12\\\/actions-dans-les-hauts-de-france-du-13-au-15-fevrier-2020\\\/#primaryimage\",\"url\":\"https:\\\/\\\/scontent-cdg2-1.xx.fbcdn.net\\\/v\\\/t1.0-9\\\/p960x960\\\/84756436_4340560255968182_7341054756267229184_o.jpg?_nc_cat=110&amp;_nc_ohc=pv-H9Unz_xMAX9udIcw&amp;_nc_ht=scontent-cdg2-1.xx&amp;_nc_tp=6&amp;oh=17dcdaced4ceea4d1880096d51217339&amp;oe=5EB74D75\",\"contentUrl\":\"https:\\\/\\\/scontent-cdg2-1.xx.fbcdn.net\\\/v\\\/t1.0-9\\\/p960x960\\\/84756436_4340560255968182_7341054756267229184_o.jpg?_nc_cat=110&amp;_nc_ohc=pv-H9Unz_xMAX9udIcw&amp;_nc_ht=scontent-cdg2-1.xx&amp;_nc_tp=6&amp;oh=17dcdaced4ceea4d1880096d51217339&amp;oe=5EB74D75\"},{\"@type\":\"BreadcrumbList\",\"@id\":\"https:\\\/\\\/regions-snetap-fsu.fr\\\/formation\\\/2020\\\/02\\\/12\\\/actions-dans-les-hauts-de-france-du-13-au-15-fevrier-2020\\\/#breadcrumb\",\"itemListElement\":[{\"@type\":\"ListItem\",\"position\":1,\"name\":\"Accueil\",\"item\":\"https:\\\/\\\/regions-snetap-fsu.fr\\\/formation\\\/\"},{\"@type\":\"ListItem\",\"position\":2,\"name\":\"Actions dans les Hauts-de-France du 13 au 15 f\u00e9vrier 2020\"}]},{\"@type\":\"WebSite\",\"@id\":\"https:\\\/\\\/regions-snetap-fsu.fr\\\/formation\\\/#website\",\"url\":\"https:\\\/\\\/regions-snetap-fsu.fr\\\/formation\\\/\",\"name\":\"Formation des sites R\u00e9gionaux du SNETAP-FSU\",\"description\":\"\",\"publisher\":{\"@id\":\"https:\\\/\\\/regions-snetap-fsu.fr\\\/formation\\\/#organization\"},\"potentialAction\":[{\"@type\":\"SearchAction\",\"target\":{\"@type\":\"EntryPoint\",\"urlTemplate\":\"https:\\\/\\\/regions-snetap-fsu.fr\\\/formation\\\/?s={search_term_string}\"},\"query-input\":{\"@type\":\"PropertyValueSpecification\",\"valueRequired\":true,\"valueName\":\"search_term_string\"}}],\"inLanguage\":\"fr-FR\"},{\"@type\":\"Organization\",\"@id\":\"https:\\\/\\\/regions-snetap-fsu.fr\\\/formation\\\/#organization\",\"name\":\"Formation des sites R\u00e9gionaux du SNETAP-FSU\",\"url\":\"https:\\\/\\\/regions-snetap-fsu.fr\\\/formation\\\/\",\"logo\":{\"@type\":\"ImageObject\",\"inLanguage\":\"fr-FR\",\"@id\":\"https:\\\/\\\/regions-snetap-fsu.fr\\\/formation\\\/#\\\/schema\\\/logo\\\/image\\\/\",\"url\":\"https:\\\/\\\/regions-snetap-fsu.fr\\\/formation\\\/wp-content\\\/uploads\\\/sites\\\/20\\\/2025\\\/04\\\/cropped-Logo_blanc_fond_transparent_1000x755.png\",\"contentUrl\":\"https:\\\/\\\/regions-snetap-fsu.fr\\\/formation\\\/wp-content\\\/uploads\\\/sites\\\/20\\\/2025\\\/04\\\/cropped-Logo_blanc_fond_transparent_1000x755.png\",\"width\":998,\"height\":689,\"caption\":\"Formation des sites R\u00e9gionaux du SNETAP-FSU\"},\"image\":{\"@id\":\"https:\\\/\\\/regions-snetap-fsu.fr\\\/formation\\\/#\\\/schema\\\/logo\\\/image\\\/\"}},{\"@type\":\"Person\",\"@id\":\"https:\\\/\\\/regions-snetap-fsu.fr\\\/formation\\\/#\\\/schema\\\/person\\\/f5dc7b6354e942ca9c5fa8e9ff7e5c93\",\"name\":\"yoctavien\",\"image\":{\"@type\":\"ImageObject\",\"inLanguage\":\"fr-FR\",\"@id\":\"https:\\\/\\\/secure.gravatar.com\\\/avatar\\\/382642c092b6b9da14641d3c478df2f3da4a2d17eea25691c232d4dbf735c292?s=96&d=mm&r=g\",\"url\":\"https:\\\/\\\/secure.gravatar.com\\\/avatar\\\/382642c092b6b9da14641d3c478df2f3da4a2d17eea25691c232d4dbf735c292?s=96&d=mm&r=g\",\"contentUrl\":\"https:\\\/\\\/secure.gravatar.com\\\/avatar\\\/382642c092b6b9da14641d3c478df2f3da4a2d17eea25691c232d4dbf735c292?s=96&d=mm&r=g\",\"caption\":\"yoctavien\"},\"url\":\"https:\\\/\\\/regions-snetap-fsu.fr\\\/formation\\\/author\\\/yoctavien\\\/\"}]}<\/script>\n<!-- \/ Yoast SEO plugin. -->","yoast_head_json":{"title":"Actions dans les Hauts-de-France du 13 au 15 f\u00e9vrier 2020 - Formation des sites R\u00e9gionaux du SNETAP-FSU","robots":{"index":"index","follow":"follow","max-snippet":"max-snippet:-1","max-image-preview":"max-image-preview:large","max-video-preview":"max-video-preview:-1"},"canonical":"https:\/\/regions-snetap-fsu.fr\/formation\/2020\/02\/12\/actions-dans-les-hauts-de-france-du-13-au-15-fevrier-2020\/","og_locale":"fr_FR","og_type":"article","og_title":"Actions dans les Hauts-de-France du 13 au 15 f\u00e9vrier 2020 - Formation des sites R\u00e9gionaux du SNETAP-FSU","og_description":"Actions dans les Hauts-de-France du 13 au 15 f\u00e9vrier 2020 Apr\u00e8s le Conseil d\u2019\u00c9tat, nouveau coup dur pour le projet de retraite par points par le S\u00e9nat. Le S\u00e9nat a demand\u00e9 la lev\u00e9e de la proc\u00e9dure d\u2019urgence pour l\u2019examen du texte sur les retraites car il faut laisser du temps au Parlement : \u00ab\u00a0Nous n\u2019avons [&hellip;]","og_url":"https:\/\/regions-snetap-fsu.fr\/formation\/2020\/02\/12\/actions-dans-les-hauts-de-france-du-13-au-15-fevrier-2020\/","og_site_name":"Formation des sites R\u00e9gionaux du SNETAP-FSU","article_published_time":"2020-02-12T15:26:08+00:00","og_image":[{"url":"https:\/\/scontent-cdg2-1.xx.fbcdn.net\/v\/t1.0-9\/p960x960\/84756436_4340560255968182_7341054756267229184_o.jpg?_nc_cat=110&amp;_nc_ohc=pv-H9Unz_xMAX9udIcw&amp;_nc_ht=scontent-cdg2-1.xx&amp;_nc_tp=6&amp;oh=17dcdaced4ceea4d1880096d51217339&amp;oe=5EB74D75","type":"","width":"","height":""}],"author":"yoctavien","twitter_card":"summary_large_image","twitter_misc":{"\u00c9crit par":"yoctavien","Dur\u00e9e de lecture estim\u00e9e":"2 minutes"},"schema":{"@context":"https:\/\/schema.org","@graph":[{"@type":"Article","@id":"https:\/\/regions-snetap-fsu.fr\/formation\/2020\/02\/12\/actions-dans-les-hauts-de-france-du-13-au-15-fevrier-2020\/#article","isPartOf":{"@id":"https:\/\/regions-snetap-fsu.fr\/formation\/2020\/02\/12\/actions-dans-les-hauts-de-france-du-13-au-15-fevrier-2020\/"},"author":{"name":"yoctavien","@id":"https:\/\/regions-snetap-fsu.fr\/formation\/#\/schema\/person\/f5dc7b6354e942ca9c5fa8e9ff7e5c93"},"headline":"Actions dans les Hauts-de-France du 13 au 15 f\u00e9vrier 2020","datePublished":"2020-02-12T15:26:08+00:00","mainEntityOfPage":{"@id":"https:\/\/regions-snetap-fsu.fr\/formation\/2020\/02\/12\/actions-dans-les-hauts-de-france-du-13-au-15-fevrier-2020\/"},"wordCount":420,"publisher":{"@id":"https:\/\/regions-snetap-fsu.fr\/formation\/#organization"},"image":{"@id":"https:\/\/regions-snetap-fsu.fr\/formation\/2020\/02\/12\/actions-dans-les-hauts-de-france-du-13-au-15-fevrier-2020\/#primaryimage"},"thumbnailUrl":"https:\/\/scontent-cdg2-1.xx.fbcdn.net\/v\/t1.0-9\/p960x960\/84756436_4340560255968182_7341054756267229184_o.jpg?_nc_cat=110&amp;_nc_ohc=pv-H9Unz_xMAX9udIcw&amp;_nc_ht=scontent-cdg2-1.xx&amp;_nc_tp=6&amp;oh=17dcdaced4ceea4d1880096d51217339&amp;oe=5EB74D75","articleSection":["Actions - Gr\u00e8ves - Manifs"],"inLanguage":"fr-FR"},{"@type":"WebPage","@id":"https:\/\/regions-snetap-fsu.fr\/formation\/2020\/02\/12\/actions-dans-les-hauts-de-france-du-13-au-15-fevrier-2020\/","url":"https:\/\/regions-snetap-fsu.fr\/formation\/2020\/02\/12\/actions-dans-les-hauts-de-france-du-13-au-15-fevrier-2020\/","name":"Actions dans les Hauts-de-France du 13 au 15 f\u00e9vrier 2020 - Formation des sites R\u00e9gionaux du SNETAP-FSU","isPartOf":{"@id":"https:\/\/regions-snetap-fsu.fr\/formation\/#website"},"primaryImageOfPage":{"@id":"https:\/\/regions-snetap-fsu.fr\/formation\/2020\/02\/12\/actions-dans-les-hauts-de-france-du-13-au-15-fevrier-2020\/#primaryimage"},"image":{"@id":"https:\/\/regions-snetap-fsu.fr\/formation\/2020\/02\/12\/actions-dans-les-hauts-de-france-du-13-au-15-fevrier-2020\/#primaryimage"},"thumbnailUrl":"https:\/\/scontent-cdg2-1.xx.fbcdn.net\/v\/t1.0-9\/p960x960\/84756436_4340560255968182_7341054756267229184_o.jpg?_nc_cat=110&amp;_nc_ohc=pv-H9Unz_xMAX9udIcw&amp;_nc_ht=scontent-cdg2-1.xx&amp;_nc_tp=6&amp;oh=17dcdaced4ceea4d1880096d51217339&amp;oe=5EB74D75","datePublished":"2020-02-12T15:26:08+00:00","breadcrumb":{"@id":"https:\/\/regions-snetap-fsu.fr\/formation\/2020\/02\/12\/actions-dans-les-hauts-de-france-du-13-au-15-fevrier-2020\/#breadcrumb"},"inLanguage":"fr-FR","potentialAction":[{"@type":"ReadAction","target":["https:\/\/regions-snetap-fsu.fr\/formation\/2020\/02\/12\/actions-dans-les-hauts-de-france-du-13-au-15-fevrier-2020\/"]}]},{"@type":"ImageObject","inLanguage":"fr-FR","@id":"https:\/\/regions-snetap-fsu.fr\/formation\/2020\/02\/12\/actions-dans-les-hauts-de-france-du-13-au-15-fevrier-2020\/#primaryimage","url":"https:\/\/scontent-cdg2-1.xx.fbcdn.net\/v\/t1.0-9\/p960x960\/84756436_4340560255968182_7341054756267229184_o.jpg?_nc_cat=110&amp;_nc_ohc=pv-H9Unz_xMAX9udIcw&amp;_nc_ht=scontent-cdg2-1.xx&amp;_nc_tp=6&amp;oh=17dcdaced4ceea4d1880096d51217339&amp;oe=5EB74D75","contentUrl":"https:\/\/scontent-cdg2-1.xx.fbcdn.net\/v\/t1.0-9\/p960x960\/84756436_4340560255968182_7341054756267229184_o.jpg?_nc_cat=110&amp;_nc_ohc=pv-H9Unz_xMAX9udIcw&amp;_nc_ht=scontent-cdg2-1.xx&amp;_nc_tp=6&amp;oh=17dcdaced4ceea4d1880096d51217339&amp;oe=5EB74D75"},{"@type":"BreadcrumbList","@id":"https:\/\/regions-snetap-fsu.fr\/formation\/2020\/02\/12\/actions-dans-les-hauts-de-france-du-13-au-15-fevrier-2020\/#breadcrumb","itemListElement":[{"@type":"ListItem","position":1,"name":"Accueil","item":"https:\/\/regions-snetap-fsu.fr\/formation\/"},{"@type":"ListItem","position":2,"name":"Actions dans les Hauts-de-France du 13 au 15 f\u00e9vrier 2020"}]},{"@type":"WebSite","@id":"https:\/\/regions-snetap-fsu.fr\/formation\/#website","url":"https:\/\/regions-snetap-fsu.fr\/formation\/","name":"Formation des sites R\u00e9gionaux du SNETAP-FSU","description":"","publisher":{"@id":"https:\/\/regions-snetap-fsu.fr\/formation\/#organization"},"potentialAction":[{"@type":"SearchAction","target":{"@type":"EntryPoint","urlTemplate":"https:\/\/regions-snetap-fsu.fr\/formation\/?s={search_term_string}"},"query-input":{"@type":"PropertyValueSpecification","valueRequired":true,"valueName":"search_term_string"}}],"inLanguage":"fr-FR"},{"@type":"Organization","@id":"https:\/\/regions-snetap-fsu.fr\/formation\/#organization","name":"Formation des sites R\u00e9gionaux du SNETAP-FSU","url":"https:\/\/regions-snetap-fsu.fr\/formation\/","logo":{"@type":"ImageObject","inLanguage":"fr-FR","@id":"https:\/\/regions-snetap-fsu.fr\/formation\/#\/schema\/logo\/image\/","url":"https:\/\/regions-snetap-fsu.fr\/formation\/wp-content\/uploads\/sites\/20\/2025\/04\/cropped-Logo_blanc_fond_transparent_1000x755.png","contentUrl":"https:\/\/regions-snetap-fsu.fr\/formation\/wp-content\/uploads\/sites\/20\/2025\/04\/cropped-Logo_blanc_fond_transparent_1000x755.png","width":998,"height":689,"caption":"Formation des sites R\u00e9gionaux du SNETAP-FSU"},"image":{"@id":"https:\/\/regions-snetap-fsu.fr\/formation\/#\/schema\/logo\/image\/"}},{"@type":"Person","@id":"https:\/\/regions-snetap-fsu.fr\/formation\/#\/schema\/person\/f5dc7b6354e942ca9c5fa8e9ff7e5c93","name":"yoctavien","image":{"@type":"ImageObject","inLanguage":"fr-FR","@id":"https:\/\/secure.gravatar.com\/avatar\/382642c092b6b9da14641d3c478df2f3da4a2d17eea25691c232d4dbf735c292?s=96&d=mm&r=g","url":"https:\/\/secure.gravatar.com\/avatar\/382642c092b6b9da14641d3c478df2f3da4a2d17eea25691c232d4dbf735c292?s=96&d=mm&r=g","contentUrl":"https:\/\/secure.gravatar.com\/avatar\/382642c092b6b9da14641d3c478df2f3da4a2d17eea25691c232d4dbf735c292?s=96&d=mm&r=g","caption":"yoctavien"},"url":"https:\/\/regions-snetap-fsu.fr\/formation\/author\/yoctavien\/"}]}},"_links":{"self":[{"href":"https:\/\/regions-snetap-fsu.fr\/formation\/wp-json\/wp\/v2\/posts\/4455","targetHints":{"allow":["GET"]}}],"collection":[{"href":"https:\/\/regions-snetap-fsu.fr\/formation\/wp-json\/wp\/v2\/posts"}],"about":[{"href":"https:\/\/regions-snetap-fsu.fr\/formation\/wp-json\/wp\/v2\/types\/post"}],"author":[{"embeddable":true,"href":"https:\/\/regions-snetap-fsu.fr\/formation\/wp-json\/wp\/v2\/users\/138"}],"replies":[{"embeddable":true,"href":"https:\/\/regions-snetap-fsu.fr\/formation\/wp-json\/wp\/v2\/comments?post=4455"}],"version-history":[{"count":0,"href":"https:\/\/regions-snetap-fsu.fr\/formation\/wp-json\/wp\/v2\/posts\/4455\/revisions"}],"wp:attachment":[{"href":"https:\/\/regions-snetap-fsu.fr\/formation\/wp-json\/wp\/v2\/media?parent=4455"}],"wp:term":[{"taxonomy":"category","embeddable":true,"href":"https:\/\/regions-snetap-fsu.fr\/formation\/wp-json\/wp\/v2\/categories?post=4455"},{"taxonomy":"post_tag","embeddable":true,"href":"https:\/\/regions-snetap-fsu.fr\/formation\/wp-json\/wp\/v2\/tags?post=4455"},{"taxonomy":"post_folder","embeddable":true,"href":"https:\/\/regions-snetap-fsu.fr\/formation\/wp-json\/wp\/v2\/post_folder?post=4455"}],"curies":[{"name":"wp","href":"https:\/\/api.w.org\/{rel}","templated":true}]}}