{"id":4208,"date":"2020-01-19T17:59:02","date_gmt":"2020-01-19T16:59:02","guid":{"rendered":"https:\/\/regions-snetap-fsu.fr\/hdf\/?p=4208"},"modified":"2020-01-19T17:59:02","modified_gmt":"2020-01-19T16:59:02","slug":"les-actions-dans-les-hauts-de-france-pour-la-semaine-4","status":"publish","type":"post","link":"https:\/\/regions-snetap-fsu.fr\/formation\/2020\/01\/19\/les-actions-dans-les-hauts-de-france-pour-la-semaine-4\/","title":{"rendered":"Les actions dans les Hauts-de-France pour la semaine 4"},"content":{"rendered":"<h2 style=\"text-align: center\"><span style=\"font-family: tahoma, arial, helvetica, sans-serif;color: #ff0000\">Les actions<\/span><\/h2>\n<h2 style=\"text-align: center\"><span style=\"font-family: tahoma, arial, helvetica, sans-serif;color: #ff0000\">dans les Hauts-de-France<\/span><\/h2>\n<h2 style=\"text-align: center\"><span style=\"font-family: tahoma, arial, helvetica, sans-serif;color: #ff0000\">pour la semaine du 20 au 24 janvier<\/span><\/h2>\n<blockquote>\n<p style=\"text-align: justify\"><span style=\"color: #0000ff;font-family: tahoma, arial, helvetica, sans-serif\">Gr\u00e8ve, manifs, interpellations, rassemblements, piquets de gr\u00e8ve, dons du sang, slogans, flash-mobs, clappings, happenings, chor\u00e9graphies, karaok\u00e9&#8230; La d\u00e9termination et la cr\u00e9ativit\u00e9 s&rsquo;amplifient dans tous les secteurs professionnels, priv\u00e9s et publics, pour ce mouvement social.<\/span><\/p>\n<p style=\"text-align: justify\"><span style=\"color: #0000ff;font-family: tahoma, arial, helvetica, sans-serif\">La communication gouvernementale visant \u00e0 nous expliquer \u00e0 nouveau que ce projet est \u00ab juste et simple \u00bb se heurte \u00e0 une opinion publique qui voit bien qu\u2019il s\u2019agit de nous faire travailler plus longtemps pour des pensions plus basses.<\/span><\/p>\n<p style=\"text-align: justify\"><strong><span style=\"color: #ff0000;font-family: tahoma, arial, helvetica, sans-serif\">Pour la g\u00e9n\u00e9ration 80, il sera fix\u00e9 \u00e0&#8230; 67 ans !&#8230;<\/span><\/strong><\/p>\n<\/blockquote>\n<p><!--more--><\/p>\n\n\t\t<div class=\"wppdfemb-frame-container-1\" style=\"-webkit-overflow-scrolling:auto;\">\n\t\t\t<iframe class=\"pdfembed-iframe nonfullscreen wppdf-emb-iframe-1\"\n\t\t\t\tsrc=\"https:\/\/regions-snetap-fsu.fr\/formation\/?pdfemb-data=eyJ1cmwiOiJodHRwczpcL1wvcmVnaW9ucy1zbmV0YXAtZnN1LmZyXC9oZGZcL3dwLWNvbnRlbnRcL3VwbG9hZHNcL3NpdGVzXC81XC8yMDIwXC8wMVwvYWZmaWNoZV9zbmV0YXBfLV9jb3VwX2RlX3BvaW5nXzI0LTAxX2NvcGllXzIucGRmIiwiaW5kZXgiOjEsInBkZklEIjowfQ\"\n\t\t\t\t\t\t\t\tdata-pdf-id=\"0\"\n\t\t\t\tdata-pdf-index=\"1\"\n\t\t\t\tstyle=\"border:none;width:100%;max-width:100%;height:100vh;\"\n\t\t\t\tscrolling=\"yes\">\n\t\t\t<\/iframe>\n\t\t<\/div>\n\n\t\t\n<p>&nbsp;<\/p>\n<p><span style=\"font-family: tahoma, arial, helvetica, sans-serif;color: #0000ff;font-size: 12pt\">Retraites, DGH, revalorisations, les actions pr\u00e9vues dans les Hauts-de-France, journ\u00e9e de gr\u00e8ve interprofessionnelle.<\/span><\/p>\n<h3 style=\"text-align: center\"><span style=\"font-family: tahoma, arial, helvetica, sans-serif;color: #ff0000;font-size: 14pt\">Nord<\/span><\/h3>\n<p><span style=\"font-family: tahoma, arial, helvetica, sans-serif;color: #0000ff;font-size: 12pt\"><span style=\"text-decoration: underline\"><strong>Mardi 21 janvier <\/strong><\/span>:<\/span><\/p>\n<ul>\n<li style=\"text-align: justify\"><span style=\"color: #0000ff;font-family: tahoma, arial, helvetica, sans-serif;font-size: 12pt\"><strong>Dunkerque<\/strong> : Action E3C Noordo 7h45 accueil caf\u00e9.<\/span><\/li>\n<\/ul>\n<p><span style=\"font-family: tahoma, arial, helvetica, sans-serif;color: #0000ff;font-size: 12pt\"><strong><span style=\"text-decoration: underline\">Mercredi 22 janvier<\/span> <\/strong>:<\/span><\/p>\n<ul>\n<li style=\"text-align: justify\"><span style=\"font-family: tahoma, arial, helvetica, sans-serif;font-size: 12pt;color: #0000ff\"><strong>Lille<\/strong> : Rassemblement FSU Enseignement adapt\u00e9\/Segpa\/Inclusion , Rectorat, 14h30. Et Rassemblement intersyndical CGT\/FSU\/FO\/Sud&#8230;Retraites\/E3C, Conditions de rentr\u00e9e, Rectorat , Lille, 14h30. Venez avec vos meilleures citations de Blanquer, Philippe, Macron&#8230; pour les c\u00e9sars du bobard. (Un nez de Pinocchio est de rigueur.)<br \/>\n<\/span><\/li>\n<\/ul>\n<p><span style=\"font-family: tahoma, arial, helvetica, sans-serif;color: #0000ff;font-size: 12pt\"><strong><span style=\"text-decoration: underline\">Jeudi 23 janvier<\/span> <\/strong>:<\/span><\/p>\n<ul>\n<li style=\"text-align: justify\"><span style=\"color: #0000ff;font-family: tahoma, arial, helvetica, sans-serif;font-size: 12pt\"><strong>Dunkerque <\/strong>: Retraite aux flambeaux jeudi soir et action Pyramide de Manuels au pied de Jean Bart 18h.<\/span><\/li>\n<li><span style=\"color: #0000ff;font-family: tahoma, arial, helvetica, sans-serif;font-size: 12pt\"><strong>Hazebrouck<\/strong> : RDV lyc\u00e9e des Flandres 17h puis retraite aux flambeaux vers la permanence de la d\u00e9put\u00e9e LREM.<\/span><\/li>\n<li style=\"text-align: justify\"><span style=\"font-family: tahoma, arial, helvetica, sans-serif;color: #0000ff;font-size: 12pt\"><strong>Cambrai<\/strong> : Retraite aux flambeaux \u00e0 18h30 (d\u00e9part boulevard de la libert\u00e9, parking de la piscine vers H\u00f4tel de ville).<\/span><\/li>\n<li><span style=\"font-family: tahoma, arial, helvetica, sans-serif;font-size: 12pt;color: #0000ff\"><strong>Lille<\/strong> : Retraite aux flambeaux, 18h30, Porte de Paris.<\/span><\/li>\n<li><span style=\"font-family: tahoma, arial, helvetica, sans-serif;font-size: 12pt;color: #0000ff\"><strong>Cambrai<\/strong> : Retraite aux flambeaux,18h30, Bd de la Libert\u00e9, Parking piscine.<\/span><\/li>\n<li><span style=\"font-family: tahoma, arial, helvetica, sans-serif;font-size: 12pt\"><span style=\"color: #0000ff\"><strong>Dunkerque<\/strong> : Retraite aux flambeaux<\/span> (horaire et lieu exact en attente de confirmation).<\/span><\/li>\n<\/ul>\n<p><span style=\"color: #0000ff;font-family: tahoma, arial, helvetica, sans-serif;font-size: 12pt\"><strong><span style=\"text-decoration: underline\">Vendredi 24 janvier<\/span> <\/strong>:<\/span><\/p>\n<ul>\n<li style=\"text-align: justify\"><span style=\"font-family: tahoma, arial, helvetica, sans-serif;font-size: 12pt\"><span style=\"color: #0000ff\"><span style=\"color: #0000ff\"><strong>Dunkerque<\/strong> : Manif 15h gr\u00e8ve interprofessionnelle <span style=\"color: #000000\">(<\/span><\/span><\/span><span style=\"color: #000000\">lieu en attente de confirmation).<\/span><\/span><\/li>\n<li style=\"text-align: justify\"><span style=\"font-family: tahoma, arial, helvetica, sans-serif;color: #0000ff;font-size: 12pt\"><strong>Grande-Synthe<\/strong> : Bus FSU pour manif de Lille, 13h15, Parking intersport Auchan.<\/span><\/li>\n<li style=\"text-align: justify\"><span style=\"font-family: tahoma, arial, helvetica, sans-serif;color: #0000ff;font-size: 12pt\"><strong>Bailleul<\/strong> : Bus FSU pour manif de Lille, 13h45, Parking D\u00e9cathlon<\/span><\/li>\n<li style=\"text-align: justify\"><span style=\"color: #0000ff;font-family: tahoma, arial, helvetica, sans-serif;font-size: 12pt\"><strong>Cambrai<\/strong> : l\u2019intersyndicale FSU\/CGT\/ FO\/ appelle \u00e0 participer de mani\u00e8re massive \u00e0 la gr\u00e8ve et \u00e0 la manifestation r\u00e9gionale.<\/span><br class=\"autobr\" \/><span style=\"color: #0000ff;font-family: tahoma, arial, helvetica, sans-serif;font-size: 12pt\">Bus intersyndical au d\u00e9part Mairie de Cambrai \u00e0 12h30, inscriptions par sms au 06 82 40 85 96 (Vincent).<\/span><\/li>\n<li style=\"text-align: justify\"><span style=\"font-family: tahoma, arial, helvetica, sans-serif;font-size: 12pt;color: #0000ff\"><strong>Hazebrouck<\/strong> : Rassemblement c\u00e9r\u00e9monie des v\u0153ux de la d\u00e9put\u00e9e LREM \u00e0 Strazeele, 18h30 ,salle des f\u00eates .<\/span><\/li>\n<li style=\"text-align: justify\"><span style=\"font-family: tahoma, arial, helvetica, sans-serif;font-size: 12pt\"><span style=\"color: #0000ff\"><span style=\"color: #0000ff\"><strong>Douai<\/strong> : Place d&rsquo;armes, 10h. Puis <\/span>Bus Douai : 13h15 &#8211; Place du Barlet. Contact : Vincent 06 82 40 85 96<\/span><\/span><\/li>\n<li style=\"text-align: justify\"><span style=\"font-size: 12pt;color: #ff0000;font-family: tahoma, arial, helvetica, sans-serif\"><strong>Lille : Manifestation r\u00e9gionale, 14h30, Porte de Paris<\/strong><\/span><\/li>\n<\/ul>\n<h3 style=\"text-align: center\"><span style=\"font-family: tahoma, arial, helvetica, sans-serif;color: #ff0000;font-size: 14pt\">Pas-de-Calais<\/span><\/h3>\n<p><span style=\"color: #0000ff;font-family: tahoma, arial, helvetica, sans-serif;font-size: 12pt\"><strong><span style=\"text-decoration: underline\">Mercredi 22 janvier<\/span> :<\/strong><\/span><\/p>\n<ul>\n<li style=\"text-align: justify\"><span style=\"color: #0000ff;font-family: tahoma, arial, helvetica, sans-serif;font-size: 12pt\"><strong>Arras<\/strong> : distribution massive de tracts, intersyndicale, aux entr\u00e9es d\u2019Arras (20000 tracts) et \u00e0 la fac.<\/span><\/li>\n<li style=\"text-align: justify\"><span style=\"font-family: tahoma, arial, helvetica, sans-serif;font-size: 12pt\"><span style=\"color: #0000ff\"><strong>Arras<\/strong> : Rassemblement intersyndical FSU\/CGT\/FO\/ Sud , Inspection Acad\u00e9mique , 15h (Bd de la Libert\u00e9) : retraites\/E3C\/ Conditions la rentr\u00e9e 2020. <\/span><span style=\"color: #0000ff\">Rassemblement bruyant (sifflets, cornes de brumes, casseroles\u2026.) et constitution d\u2019un mur de vieux manuels (apportez de quoi\u2026)<\/span><\/span><\/li>\n<\/ul>\n<p><span style=\"color: #0000ff;font-family: tahoma, arial, helvetica, sans-serif;font-size: 12pt\"><strong><span style=\"text-decoration: underline\">Jeudi 23 janvier<\/span> <\/strong>:<\/span><\/p>\n<ul>\n<li style=\"text-align: justify\"><span style=\"color: #0000ff;font-family: tahoma, arial, helvetica, sans-serif;font-size: 12pt\"><strong>Arras\u00a0<\/strong>: 18h, Rassemblement-Retraite aux flambeaux, Beffroi, Place des H\u00e9ros+ Bruit (on file la m\u00e9taphore \u00ab<small class=\"fine\">\u00a0<\/small>se faire entendre<small class=\"fine\">\u00a0<\/small>\u00bb).<\/span><\/li>\n<li><span style=\"font-family: tahoma, arial, helvetica, sans-serif;font-size: 12pt;color: #0000ff\"><strong>Lens<\/strong> : Retraite aux flambeaux, 18h, Gare<\/span><\/li>\n<\/ul>\n<p><span style=\"font-family: tahoma, arial, helvetica, sans-serif;color: #0000ff;font-size: 12pt\"><strong><span style=\"text-decoration: underline\">Vendredi 24 janvier<\/span> <\/strong>:<\/span><\/p>\n<ul>\n<li style=\"text-align: justify\"><span style=\"color: #0000ff;font-family: tahoma, arial, helvetica, sans-serif;font-size: 12pt\"><strong>Arras\u00a0: <\/strong>manifestation, 9h30, Place de la Gare<strong>.<\/strong><\/span><br class=\"autobr\" \/><span style=\"font-family: tahoma, arial, helvetica, sans-serif;font-size: 12pt\"><span style=\"color: #0000ff\">Puis bus intersyndical pour la manifestation r\u00e9gionale, Lille, 13h15, 71 Rue R.Salengro, Saint-Laurent. <\/span><span style=\"color: #0000ff\">Inscriptions aupr\u00e8s de : Solidaires et FSU (par SMS 06 63 10 79 13).<\/span><\/span><\/li>\n<li style=\"text-align: justify\"><span style=\"font-family: tahoma, arial, helvetica, sans-serif;font-size: 12pt\"><span style=\"color: #0000ff\"><strong>Boulogne sur Mer <\/strong>: Manifestation Chambre de Commerce et d&rsquo;Industrie , 9h30. <\/span><span style=\"color: #0000ff\">Puis Bus, 12h15, Parking Nausicaa, inscription Olivier 06 84 23 84 22 <\/span><\/span><\/li>\n<li style=\"text-align: justify\"><span style=\"font-family: tahoma, arial, helvetica, sans-serif;font-size: 12pt\"><span style=\"color: #0000ff\"><strong>Calais<\/strong> : Manifestation, 9h30, Gare. <\/span><span style=\"color: #0000ff\">Puis Bus, 12h45, Calais Parking Gifi, inscription Olivier 06 84 23 84 22 <\/span><\/span><\/li>\n<li style=\"text-align: justify\"><span style=\"font-family: tahoma, arial, helvetica, sans-serif;font-size: 12pt;color: #0000ff\"><strong>Lens <\/strong>: appel \u00e0 manifester \u00e0 ARRAS<\/span><\/li>\n<\/ul>\n<p><span style=\"font-family: tahoma, arial, helvetica, sans-serif;font-size: 12pt\"><span style=\"color: #0000ff\">Pour <strong>Arras<\/strong>, d\u00e9tail : <\/span><a href=\"https:\/\/regions-snetap-fsu.fr\/hdf\/2020\/01\/18\/arras-les-actions-pour-les-23-24-janvier-2020\/\" target=\"_blank\" rel=\"noopener noreferrer\"><span style=\"text-decoration: underline;color: #000000\">Lien : Arras, les actions pour les 23 et 24 janvier 2020<\/span><\/a><\/span><\/p>\n\n\t\t<div class=\"wppdfemb-frame-container-2\" style=\"-webkit-overflow-scrolling:auto;\">\n\t\t\t<iframe class=\"pdfembed-iframe nonfullscreen wppdf-emb-iframe-2\"\n\t\t\t\tsrc=\"https:\/\/regions-snetap-fsu.fr\/formation\/?pdfemb-data=eyJ1cmwiOiJodHRwczpcL1wvcmVnaW9ucy1zbmV0YXAtZnN1LmZyXC9oZGZcL3dwLWNvbnRlbnRcL3VwbG9hZHNcL3NpdGVzXC81XC8yMDIwXC8wMVwvYnVzLW1hbmlmLWR1LTI0LWphbnZpZXItMy5wZGYiLCJ0aXRsZSI6ImJ1cyBtYW5pZiBkdSAyNCBqYW52aWVyLTMiLCJpbmRleCI6MiwicGRmSUQiOjB9\"\n\t\t\t\ttitle=\"bus manif du 24 janvier-3\"\t\t\t\tdata-pdf-id=\"0\"\n\t\t\t\tdata-pdf-index=\"2\"\n\t\t\t\tstyle=\"border:none;width:100%;max-width:100%;height:100vh;\"\n\t\t\t\tscrolling=\"yes\">\n\t\t\t<\/iframe>\n\t\t<\/div>\n\n\t\t\n<p><span style=\"text-decoration: underline;color: #000000\"><span style=\"font-family: tahoma, arial, helvetica, sans-serif\"><a style=\"color: #000000;text-decoration: underline\" href=\"https:\/\/regions-snetap-fsu.fr\/hdf\/wp-content\/uploads\/sites\/5\/2020\/01\/bus-manif-du-24-janvier-3.pdf\" target=\"_blank\" rel=\"noopener noreferrer\">Lien : Pour t\u00e9l\u00e9charger l&rsquo;affiche ci-dessus<\/a><\/span><\/span><\/p>\n<p class=\"h-like-h mt-10 crayon article-titre-4280 \"><span style=\"font-family: tahoma, arial, helvetica, sans-serif;font-size: 12pt\"><span style=\"color: #0000ff\"><strong>#StopE3C<\/strong> :<\/span> <span style=\"text-decoration: underline;color: #000000\"><a style=\"color: #000000;text-decoration: underline\" href=\"https:\/\/lille.snes.edu\/StopE3C-les-actions-de-lutte-contre-les-E3C-dans-l-Academie-de-Lille.html\" target=\"_blank\" rel=\"noopener noreferrer\">Lien : SNES Lille &#8211; les actions de lutte contre les E3C dans l\u2019Acad\u00e9mie de Lille<\/a><\/span><br \/>\n<\/span><\/p>\n<h3 style=\"text-align: center\"><span style=\"color: #ff0000;font-family: tahoma, arial, helvetica, sans-serif;font-size: 14pt\">Aisne<\/span><\/h3>\n<p><span style=\"font-family: tahoma, arial, helvetica, sans-serif;color: #0000ff;font-size: 12pt\"><strong><span style=\"text-decoration: underline\">Jeudi 23 janvier<\/span> <\/strong>:<\/span><\/p>\n<ul>\n<li style=\"text-align: justify\"><span style=\"font-family: tahoma, arial, helvetica, sans-serif;color: #0000ff;font-size: 12pt\"><strong> Saint Quentin <\/strong>: Retraite aux flambeaux, 18h00, Place du 8 octobre.<\/span><\/li>\n<li style=\"text-align: justify\"><span style=\"font-family: tahoma, arial, helvetica, sans-serif;color: #0000ff;font-size: 12pt\"><strong>Laon<\/strong> : Retraite aux flambeaux, 18h00, Place Victor Hugo.<\/span><\/li>\n<li style=\"text-align: justify\"><span style=\"font-family: tahoma, arial, helvetica, sans-serif;color: #0000ff;font-size: 12pt\"><strong>Soissons<\/strong> : Retraite aux flambeaux, 17h30, Stade Jean Davesnes (rond point de la rue Barra).<\/span><\/li>\n<\/ul>\n<p><span style=\"font-family: tahoma, arial, helvetica, sans-serif;color: #0000ff;font-size: 12pt\"><strong><span style=\"text-decoration: underline\">Vendredi 24 janvier<\/span> <\/strong>:<\/span><\/p>\n<ul>\n<li style=\"text-align: justify\"><span style=\"font-family: tahoma, arial, helvetica, sans-serif;font-size: 12pt;color: #0000ff\"><strong>Laon <\/strong>: Manifestation d\u00e9partementale 10h ,d\u00e9part au rond point devant le lyc\u00e9e Paul Claudel.<\/span><\/li>\n<li style=\"text-align: justify\"><span style=\"font-family: tahoma, arial, helvetica, sans-serif;font-size: 12pt\"><span style=\"color: #0000ff\"><strong>Saint Quentin <\/strong>: Manifestation 15 h Bd Roosevelt (centre imp\u00f4ts).<\/span><br \/>\n<\/span><\/li>\n<li style=\"text-align: justify\"><span style=\"font-family: tahoma, arial, helvetica, sans-serif;font-size: 12pt;color: #0000ff\"><strong>Ch\u00e2teau Thierry<\/strong> : Manifestation 16h30 Place Paul Doumer.<\/span><\/li>\n<\/ul>\n<h3 style=\"text-align: center\"><span style=\"font-family: tahoma, arial, helvetica, sans-serif;color: #ff0000;font-size: 14pt\">Somme<\/span><\/h3>\n<p><span style=\"font-family: tahoma, arial, helvetica, sans-serif;color: #0000ff;font-size: 12pt\"><strong><span style=\"text-decoration: underline\">Mercredi 22 janvier<\/span> :<\/strong><\/span><\/p>\n<ul>\n<li style=\"text-align: justify\"><span style=\"font-family: tahoma, arial, helvetica, sans-serif;color: #0000ff;font-size: 12pt\"><strong>Amiens<\/strong> : Pique-nique revendicatif et rassemblement, 12h00, Pavis de la Maison de la Culture.<\/span><\/li>\n<li style=\"text-align: justify\"><span style=\"font-family: tahoma, arial, helvetica, sans-serif;color: #0000ff;font-size: 12pt\"><strong>Abbeville<\/strong> : Retraite aux flambeaux, 17h30, Boulevard Vauban<\/span><\/li>\n<\/ul>\n<p><span style=\"font-family: tahoma, arial, helvetica, sans-serif;color: #0000ff;font-size: 12pt\"><strong><span style=\"text-decoration: underline\">Jeudi 23 janvier<\/span> <\/strong>:<\/span><\/p>\n<ul>\n<li style=\"text-align: justify\"><span style=\"font-family: tahoma, arial, helvetica, sans-serif;color: #0000ff;font-size: 12pt\"><strong>Amiens<\/strong> : Retraite aux flambeaux, 17h30, Cit\u00e9 scolaire.<\/span><\/li>\n<\/ul>\n<p><span style=\"color: #0000ff;font-family: tahoma, arial, helvetica, sans-serif;font-size: 12pt\"><strong><span style=\"text-decoration: underline\">Vendredi 24 janvier<\/span> <\/strong>:<\/span><\/p>\n<ul>\n<li style=\"text-align: justify\"><strong><span style=\"font-family: tahoma, arial, helvetica, sans-serif;color: #ff0000;font-size: 12pt\">Amiens : Manifestation interprofessionnelle, 14h00, Maison de la Culture.<\/span><\/strong><\/li>\n<li style=\"text-align: justify\"><span style=\"color: #0000ff;font-family: tahoma, arial, helvetica, sans-serif;font-size: 12pt\"><strong>Abbeville<\/strong> : Manifestation, 10h, Boulevard Vauban<\/span><\/li>\n<\/ul>\n<p style=\"text-align: center\"><strong><span style=\"font-family: tahoma, arial, helvetica, sans-serif;color: #ff0000;font-size: 14pt\">Oise<\/span><\/strong><\/p>\n<p><span style=\"font-family: tahoma, arial, helvetica, sans-serif;color: #0000ff;font-size: 12pt\"><strong><span style=\"text-decoration: underline\">Lundi 20 janvier<\/span> :<\/strong><\/span><\/p>\n<ul>\n<li style=\"text-align: justify\"><span style=\"font-family: tahoma, arial, helvetica, sans-serif;color: #0000ff;font-size: 12pt\"><strong>Compi\u00e8gne<\/strong> : Rassemblement, 10h00, devant lyc\u00e9e P. D&rsquo;Ailly pour d\u00e9noncer les E3C.<\/span><\/li>\n<\/ul>\n<p><span style=\"font-family: tahoma, arial, helvetica, sans-serif;color: #0000ff;font-size: 12pt\"><strong><span style=\"text-decoration: underline\">Mardi 21 janvier<\/span> <\/strong>:<\/span><\/p>\n<ul>\n<li style=\"text-align: justify\"><span style=\"color: #0000ff;font-family: tahoma, arial, helvetica, sans-serif;font-size: 12pt\"><strong>Nogent-sur-Oise<\/strong> : Manifestation, 10h00, Pont Royal.<\/span><\/li>\n<\/ul>\n<p><span style=\"font-family: tahoma, arial, helvetica, sans-serif;color: #0000ff;font-size: 12pt\"><strong><span style=\"text-decoration: underline\">Mercredi 22 janvier<\/span> :<\/strong><\/span><\/p>\n<ul>\n<li style=\"text-align: justify\"><span style=\"font-family: tahoma, arial, helvetica, sans-serif;color: #0000ff;font-size: 12pt\"><strong>Beauvais<\/strong> : Manifestation, 14h00, Pr\u00e9fecture. Diff\u00e9rentes actions dont \u00ab\u00a0le d\u00e9p\u00f4t de nos outils de travail\u00a0\u00bb.<\/span><\/li>\n<\/ul>\n<p><span style=\"font-family: tahoma, arial, helvetica, sans-serif;color: #0000ff;font-size: 12pt\"><strong><span style=\"text-decoration: underline\">Jeudi 23 janvier<\/span> <\/strong>:<\/span><\/p>\n<ul>\n<li style=\"text-align: justify\"><span style=\"font-family: tahoma, arial, helvetica, sans-serif;color: #0000ff;font-size: 12pt\"><strong>Beauvais<\/strong> : Retraite aux flambeaux, 18h00, Place Jeanne Hachette.<\/span><\/li>\n<li style=\"text-align: justify\"><span style=\"font-family: tahoma, arial, helvetica, sans-serif;color: #0000ff;font-size: 12pt\"><strong>Compi\u00e8gne<\/strong> : Retraite aux flambeaux, 18h30, Place de l&rsquo;h\u00f4tel de ville.<\/span><\/li>\n<\/ul>\n<p><span style=\"color: #0000ff;font-family: tahoma, arial, helvetica, sans-serif;font-size: 12pt\"><strong><span style=\"text-decoration: underline\">Vendredi 24 janvier<\/span> <\/strong>:<\/span><\/p>\n<ul>\n<li style=\"text-align: justify\"><span style=\"font-family: tahoma, arial, helvetica, sans-serif;color: #0000ff;font-size: 12pt\"><strong>Beauvais<\/strong> : Manifestation d\u00e9partementale, 14h00, Place des Mar\u00e9chaux.<\/span><\/li>\n<li style=\"text-align: justify\"><span style=\"color: #0000ff;font-family: tahoma, arial, helvetica, sans-serif;font-size: 12pt\"><strong>Creil<\/strong> : AG interpro, 9h00, Bourse du Travail.<\/span><\/li>\n<li style=\"text-align: justify\"><span style=\"color: #0000ff;font-family: tahoma, arial, helvetica, sans-serif;font-size: 12pt\"><strong>Compi\u00e8gne<\/strong> : Pas de manif \/ Cars au d\u00e9part de Noyon (7h15 Place Saint-Jacques), Thourotte (7h40 parking Super U) et Compi\u00e8gne (8h00 Cours Guynemer) pour Paris. R\u00e9server sa place aupr\u00e8s de la FSU Oise (fsu60@fsu.fr) en indiquant Nom, Pr\u00e9nom, t\u00e9l\u00e9phone portable, lieu de mont\u00e9e).<\/span><\/li>\n<li><span style=\"font-family: tahoma, arial, helvetica, sans-serif;color: #0000ff;font-size: 12pt\"><strong>Beauvais<\/strong> : AG au Pr\u00e9-Martinet, 10h00.<\/span><\/li>\n<li><span style=\"color: #0000ff;font-family: tahoma, arial, helvetica, sans-serif;font-size: 12pt\"><strong>Beauvais<\/strong> : Manifestation d\u00e9partementale, 14h00, Place des Mar\u00e9chaux.<\/span><\/li>\n<\/ul>\n<p><img fetchpriority=\"high\" decoding=\"async\" class=\"aligncenter wp-image-4255 size-large\" src=\"https:\/\/regions-snetap-fsu.fr\/hdf\/wp-content\/uploads\/sites\/5\/2020\/01\/\u00e9ducation-Toutes-et-tous-en-gr\u00e8ve-vendredi-24-janvier--724x1024.jpg\" alt=\"\" width=\"605\" height=\"856\" \/><\/p>\n<p><span style=\"text-decoration: underline\"><span style=\"font-family: tahoma, arial, helvetica, sans-serif;color: #000000\"><a style=\"color: #000000;text-decoration: underline\" href=\"https:\/\/regions-snetap-fsu.fr\/hdf\/wp-content\/uploads\/sites\/5\/2020\/01\/\u00e9ducation-Toutes-et-tous-en-gr\u00e8ve-vendredi-24-janvier--scaled.jpg\" target=\"_blank\" rel=\"noopener noreferrer\">Lien : Pour t\u00e9l\u00e9charger le communiqu\u00e9 de presse FSU ci-dessus<\/a><\/span><\/span><\/p>\n<blockquote>\n<p style=\"text-align: center\"><span style=\"font-family: tahoma, arial, helvetica, sans-serif;color: #ff0000\"><strong>Attention,<\/strong><\/span><\/p>\n<p style=\"text-align: center\"><span style=\"font-family: tahoma, arial, helvetica, sans-serif;color: #ff0000\"><strong>cet article est susceptible d&rsquo;\u00e9voluer au gr\u00e9 des informations, n&rsquo;h\u00e9sitez pas \u00e0 le consulter r\u00e9guli\u00e8rement.<\/strong><\/span><\/p>\n<\/blockquote>\n","protected":false},"excerpt":{"rendered":"<p>Les actions dans les Hauts-de-France pour la semaine du 20 au 24 janvier Gr\u00e8ve, manifs, interpellations, rassemblements, piquets de gr\u00e8ve, dons du sang, slogans, flash-mobs, clappings, happenings, chor\u00e9graphies, karaok\u00e9&#8230; La d\u00e9termination et la cr\u00e9ativit\u00e9 s&rsquo;amplifient dans tous les secteurs professionnels, priv\u00e9s et publics, pour ce mouvement social. La communication gouvernementale visant \u00e0 nous expliquer \u00e0 [&hellip;]<\/p>\n","protected":false},"author":138,"featured_media":0,"comment_status":"closed","ping_status":"closed","sticky":false,"template":"","format":"standard","meta":{"ocean_post_layout":"","ocean_both_sidebars_style":"","ocean_both_sidebars_content_width":0,"ocean_both_sidebars_sidebars_width":0,"ocean_sidebar":"","ocean_second_sidebar":"","ocean_disable_margins":"enable","ocean_add_body_class":"","ocean_shortcode_before_top_bar":"","ocean_shortcode_after_top_bar":"","ocean_shortcode_before_header":"","ocean_shortcode_after_header":"","ocean_has_shortcode":"","ocean_shortcode_after_title":"","ocean_shortcode_before_footer_widgets":"","ocean_shortcode_after_footer_widgets":"","ocean_shortcode_before_footer_bottom":"","ocean_shortcode_after_footer_bottom":"","ocean_display_top_bar":"default","ocean_display_header":"default","ocean_header_style":"","ocean_center_header_left_menu":"","ocean_custom_header_template":"","ocean_custom_logo":0,"ocean_custom_retina_logo":0,"ocean_custom_logo_max_width":0,"ocean_custom_logo_tablet_max_width":0,"ocean_custom_logo_mobile_max_width":0,"ocean_custom_logo_max_height":0,"ocean_custom_logo_tablet_max_height":0,"ocean_custom_logo_mobile_max_height":0,"ocean_header_custom_menu":"","ocean_menu_typo_font_family":"","ocean_menu_typo_font_subset":"","ocean_menu_typo_font_size":0,"ocean_menu_typo_font_size_tablet":0,"ocean_menu_typo_font_size_mobile":0,"ocean_menu_typo_font_size_unit":"px","ocean_menu_typo_font_weight":"","ocean_menu_typo_font_weight_tablet":"","ocean_menu_typo_font_weight_mobile":"","ocean_menu_typo_transform":"","ocean_menu_typo_transform_tablet":"","ocean_menu_typo_transform_mobile":"","ocean_menu_typo_line_height":0,"ocean_menu_typo_line_height_tablet":0,"ocean_menu_typo_line_height_mobile":0,"ocean_menu_typo_line_height_unit":"","ocean_menu_typo_spacing":0,"ocean_menu_typo_spacing_tablet":0,"ocean_menu_typo_spacing_mobile":0,"ocean_menu_typo_spacing_unit":"","ocean_menu_link_color":"","ocean_menu_link_color_hover":"","ocean_menu_link_color_active":"","ocean_menu_link_background":"","ocean_menu_link_hover_background":"","ocean_menu_link_active_background":"","ocean_menu_social_links_bg":"","ocean_menu_social_hover_links_bg":"","ocean_menu_social_links_color":"","ocean_menu_social_hover_links_color":"","ocean_disable_title":"default","ocean_disable_heading":"default","ocean_post_title":"","ocean_post_subheading":"","ocean_post_title_style":"","ocean_post_title_background_color":"","ocean_post_title_background":0,"ocean_post_title_bg_image_position":"","ocean_post_title_bg_image_attachment":"","ocean_post_title_bg_image_repeat":"","ocean_post_title_bg_image_size":"","ocean_post_title_height":0,"ocean_post_title_bg_overlay":0.5,"ocean_post_title_bg_overlay_color":"","ocean_disable_breadcrumbs":"default","ocean_breadcrumbs_color":"","ocean_breadcrumbs_separator_color":"","ocean_breadcrumbs_links_color":"","ocean_breadcrumbs_links_hover_color":"","ocean_display_footer_widgets":"default","ocean_display_footer_bottom":"default","ocean_custom_footer_template":"","ocean_post_oembed":"","ocean_post_self_hosted_media":"","ocean_post_video_embed":"","ocean_link_format":"","ocean_link_format_target":"self","ocean_quote_format":"","ocean_quote_format_link":"post","ocean_gallery_link_images":"on","ocean_gallery_id":[],"footnotes":""},"categories":[3],"tags":[],"post_folder":[],"class_list":["post-4208","post","type-post","status-publish","format-standard","hentry","category-actions-greves-manifs","entry"],"yoast_head":"<!-- This site is optimized with the Yoast SEO plugin v27.4 - https:\/\/yoast.com\/product\/yoast-seo-wordpress\/ -->\n<title>Les actions dans les Hauts-de-France pour la semaine 4 - Formation des sites R\u00e9gionaux du SNETAP-FSU<\/title>\n<meta name=\"robots\" content=\"index, follow, max-snippet:-1, max-image-preview:large, max-video-preview:-1\" \/>\n<link rel=\"canonical\" href=\"https:\/\/regions-snetap-fsu.fr\/formation\/2020\/01\/19\/les-actions-dans-les-hauts-de-france-pour-la-semaine-4\/\" \/>\n<meta property=\"og:locale\" content=\"fr_FR\" \/>\n<meta property=\"og:type\" content=\"article\" \/>\n<meta property=\"og:title\" content=\"Les actions dans les Hauts-de-France pour la semaine 4 - Formation des sites R\u00e9gionaux du SNETAP-FSU\" \/>\n<meta property=\"og:description\" content=\"Les actions dans les Hauts-de-France pour la semaine du 20 au 24 janvier Gr\u00e8ve, manifs, interpellations, rassemblements, piquets de gr\u00e8ve, dons du sang, slogans, flash-mobs, clappings, happenings, chor\u00e9graphies, karaok\u00e9&#8230; La d\u00e9termination et la cr\u00e9ativit\u00e9 s&rsquo;amplifient dans tous les secteurs professionnels, priv\u00e9s et publics, pour ce mouvement social. La communication gouvernementale visant \u00e0 nous expliquer \u00e0 [&hellip;]\" \/>\n<meta property=\"og:url\" content=\"https:\/\/regions-snetap-fsu.fr\/formation\/2020\/01\/19\/les-actions-dans-les-hauts-de-france-pour-la-semaine-4\/\" \/>\n<meta property=\"og:site_name\" content=\"Formation des sites R\u00e9gionaux du SNETAP-FSU\" \/>\n<meta property=\"article:published_time\" content=\"2020-01-19T16:59:02+00:00\" \/>\n<meta name=\"author\" content=\"yoctavien\" \/>\n<meta name=\"twitter:card\" content=\"summary_large_image\" \/>\n<meta name=\"twitter:label1\" content=\"\u00c9crit par\" \/>\n\t<meta name=\"twitter:data1\" content=\"yoctavien\" \/>\n\t<meta name=\"twitter:label2\" content=\"Dur\u00e9e de lecture estim\u00e9e\" \/>\n\t<meta name=\"twitter:data2\" content=\"4 minutes\" \/>\n<script type=\"application\/ld+json\" class=\"yoast-schema-graph\">{\"@context\":\"https:\\\/\\\/schema.org\",\"@graph\":[{\"@type\":\"Article\",\"@id\":\"https:\\\/\\\/regions-snetap-fsu.fr\\\/formation\\\/2020\\\/01\\\/19\\\/les-actions-dans-les-hauts-de-france-pour-la-semaine-4\\\/#article\",\"isPartOf\":{\"@id\":\"https:\\\/\\\/regions-snetap-fsu.fr\\\/formation\\\/2020\\\/01\\\/19\\\/les-actions-dans-les-hauts-de-france-pour-la-semaine-4\\\/\"},\"author\":{\"name\":\"yoctavien\",\"@id\":\"https:\\\/\\\/regions-snetap-fsu.fr\\\/formation\\\/#\\\/schema\\\/person\\\/f5dc7b6354e942ca9c5fa8e9ff7e5c93\"},\"headline\":\"Les actions dans les Hauts-de-France pour la semaine 4\",\"datePublished\":\"2020-01-19T16:59:02+00:00\",\"mainEntityOfPage\":{\"@id\":\"https:\\\/\\\/regions-snetap-fsu.fr\\\/formation\\\/2020\\\/01\\\/19\\\/les-actions-dans-les-hauts-de-france-pour-la-semaine-4\\\/\"},\"wordCount\":914,\"publisher\":{\"@id\":\"https:\\\/\\\/regions-snetap-fsu.fr\\\/formation\\\/#organization\"},\"articleSection\":[\"Actions - Gr\u00e8ves - Manifs\"],\"inLanguage\":\"fr-FR\"},{\"@type\":\"WebPage\",\"@id\":\"https:\\\/\\\/regions-snetap-fsu.fr\\\/formation\\\/2020\\\/01\\\/19\\\/les-actions-dans-les-hauts-de-france-pour-la-semaine-4\\\/\",\"url\":\"https:\\\/\\\/regions-snetap-fsu.fr\\\/formation\\\/2020\\\/01\\\/19\\\/les-actions-dans-les-hauts-de-france-pour-la-semaine-4\\\/\",\"name\":\"Les actions dans les Hauts-de-France pour la semaine 4 - Formation des sites R\u00e9gionaux du SNETAP-FSU\",\"isPartOf\":{\"@id\":\"https:\\\/\\\/regions-snetap-fsu.fr\\\/formation\\\/#website\"},\"datePublished\":\"2020-01-19T16:59:02+00:00\",\"breadcrumb\":{\"@id\":\"https:\\\/\\\/regions-snetap-fsu.fr\\\/formation\\\/2020\\\/01\\\/19\\\/les-actions-dans-les-hauts-de-france-pour-la-semaine-4\\\/#breadcrumb\"},\"inLanguage\":\"fr-FR\",\"potentialAction\":[{\"@type\":\"ReadAction\",\"target\":[\"https:\\\/\\\/regions-snetap-fsu.fr\\\/formation\\\/2020\\\/01\\\/19\\\/les-actions-dans-les-hauts-de-france-pour-la-semaine-4\\\/\"]}]},{\"@type\":\"BreadcrumbList\",\"@id\":\"https:\\\/\\\/regions-snetap-fsu.fr\\\/formation\\\/2020\\\/01\\\/19\\\/les-actions-dans-les-hauts-de-france-pour-la-semaine-4\\\/#breadcrumb\",\"itemListElement\":[{\"@type\":\"ListItem\",\"position\":1,\"name\":\"Accueil\",\"item\":\"https:\\\/\\\/regions-snetap-fsu.fr\\\/formation\\\/\"},{\"@type\":\"ListItem\",\"position\":2,\"name\":\"Les actions dans les Hauts-de-France pour la semaine 4\"}]},{\"@type\":\"WebSite\",\"@id\":\"https:\\\/\\\/regions-snetap-fsu.fr\\\/formation\\\/#website\",\"url\":\"https:\\\/\\\/regions-snetap-fsu.fr\\\/formation\\\/\",\"name\":\"Formation des sites R\u00e9gionaux du SNETAP-FSU\",\"description\":\"\",\"publisher\":{\"@id\":\"https:\\\/\\\/regions-snetap-fsu.fr\\\/formation\\\/#organization\"},\"potentialAction\":[{\"@type\":\"SearchAction\",\"target\":{\"@type\":\"EntryPoint\",\"urlTemplate\":\"https:\\\/\\\/regions-snetap-fsu.fr\\\/formation\\\/?s={search_term_string}\"},\"query-input\":{\"@type\":\"PropertyValueSpecification\",\"valueRequired\":true,\"valueName\":\"search_term_string\"}}],\"inLanguage\":\"fr-FR\"},{\"@type\":\"Organization\",\"@id\":\"https:\\\/\\\/regions-snetap-fsu.fr\\\/formation\\\/#organization\",\"name\":\"Formation des sites R\u00e9gionaux du SNETAP-FSU\",\"url\":\"https:\\\/\\\/regions-snetap-fsu.fr\\\/formation\\\/\",\"logo\":{\"@type\":\"ImageObject\",\"inLanguage\":\"fr-FR\",\"@id\":\"https:\\\/\\\/regions-snetap-fsu.fr\\\/formation\\\/#\\\/schema\\\/logo\\\/image\\\/\",\"url\":\"https:\\\/\\\/regions-snetap-fsu.fr\\\/formation\\\/wp-content\\\/uploads\\\/sites\\\/20\\\/2025\\\/04\\\/cropped-Logo_blanc_fond_transparent_1000x755.png\",\"contentUrl\":\"https:\\\/\\\/regions-snetap-fsu.fr\\\/formation\\\/wp-content\\\/uploads\\\/sites\\\/20\\\/2025\\\/04\\\/cropped-Logo_blanc_fond_transparent_1000x755.png\",\"width\":998,\"height\":689,\"caption\":\"Formation des sites R\u00e9gionaux du SNETAP-FSU\"},\"image\":{\"@id\":\"https:\\\/\\\/regions-snetap-fsu.fr\\\/formation\\\/#\\\/schema\\\/logo\\\/image\\\/\"}},{\"@type\":\"Person\",\"@id\":\"https:\\\/\\\/regions-snetap-fsu.fr\\\/formation\\\/#\\\/schema\\\/person\\\/f5dc7b6354e942ca9c5fa8e9ff7e5c93\",\"name\":\"yoctavien\",\"image\":{\"@type\":\"ImageObject\",\"inLanguage\":\"fr-FR\",\"@id\":\"https:\\\/\\\/secure.gravatar.com\\\/avatar\\\/382642c092b6b9da14641d3c478df2f3da4a2d17eea25691c232d4dbf735c292?s=96&d=mm&r=g\",\"url\":\"https:\\\/\\\/secure.gravatar.com\\\/avatar\\\/382642c092b6b9da14641d3c478df2f3da4a2d17eea25691c232d4dbf735c292?s=96&d=mm&r=g\",\"contentUrl\":\"https:\\\/\\\/secure.gravatar.com\\\/avatar\\\/382642c092b6b9da14641d3c478df2f3da4a2d17eea25691c232d4dbf735c292?s=96&d=mm&r=g\",\"caption\":\"yoctavien\"},\"url\":\"https:\\\/\\\/regions-snetap-fsu.fr\\\/formation\\\/author\\\/yoctavien\\\/\"}]}<\/script>\n<!-- \/ Yoast SEO plugin. -->","yoast_head_json":{"title":"Les actions dans les Hauts-de-France pour la semaine 4 - Formation des sites R\u00e9gionaux du SNETAP-FSU","robots":{"index":"index","follow":"follow","max-snippet":"max-snippet:-1","max-image-preview":"max-image-preview:large","max-video-preview":"max-video-preview:-1"},"canonical":"https:\/\/regions-snetap-fsu.fr\/formation\/2020\/01\/19\/les-actions-dans-les-hauts-de-france-pour-la-semaine-4\/","og_locale":"fr_FR","og_type":"article","og_title":"Les actions dans les Hauts-de-France pour la semaine 4 - Formation des sites R\u00e9gionaux du SNETAP-FSU","og_description":"Les actions dans les Hauts-de-France pour la semaine du 20 au 24 janvier Gr\u00e8ve, manifs, interpellations, rassemblements, piquets de gr\u00e8ve, dons du sang, slogans, flash-mobs, clappings, happenings, chor\u00e9graphies, karaok\u00e9&#8230; La d\u00e9termination et la cr\u00e9ativit\u00e9 s&rsquo;amplifient dans tous les secteurs professionnels, priv\u00e9s et publics, pour ce mouvement social. La communication gouvernementale visant \u00e0 nous expliquer \u00e0 [&hellip;]","og_url":"https:\/\/regions-snetap-fsu.fr\/formation\/2020\/01\/19\/les-actions-dans-les-hauts-de-france-pour-la-semaine-4\/","og_site_name":"Formation des sites R\u00e9gionaux du SNETAP-FSU","article_published_time":"2020-01-19T16:59:02+00:00","author":"yoctavien","twitter_card":"summary_large_image","twitter_misc":{"\u00c9crit par":"yoctavien","Dur\u00e9e de lecture estim\u00e9e":"4 minutes"},"schema":{"@context":"https:\/\/schema.org","@graph":[{"@type":"Article","@id":"https:\/\/regions-snetap-fsu.fr\/formation\/2020\/01\/19\/les-actions-dans-les-hauts-de-france-pour-la-semaine-4\/#article","isPartOf":{"@id":"https:\/\/regions-snetap-fsu.fr\/formation\/2020\/01\/19\/les-actions-dans-les-hauts-de-france-pour-la-semaine-4\/"},"author":{"name":"yoctavien","@id":"https:\/\/regions-snetap-fsu.fr\/formation\/#\/schema\/person\/f5dc7b6354e942ca9c5fa8e9ff7e5c93"},"headline":"Les actions dans les Hauts-de-France pour la semaine 4","datePublished":"2020-01-19T16:59:02+00:00","mainEntityOfPage":{"@id":"https:\/\/regions-snetap-fsu.fr\/formation\/2020\/01\/19\/les-actions-dans-les-hauts-de-france-pour-la-semaine-4\/"},"wordCount":914,"publisher":{"@id":"https:\/\/regions-snetap-fsu.fr\/formation\/#organization"},"articleSection":["Actions - Gr\u00e8ves - Manifs"],"inLanguage":"fr-FR"},{"@type":"WebPage","@id":"https:\/\/regions-snetap-fsu.fr\/formation\/2020\/01\/19\/les-actions-dans-les-hauts-de-france-pour-la-semaine-4\/","url":"https:\/\/regions-snetap-fsu.fr\/formation\/2020\/01\/19\/les-actions-dans-les-hauts-de-france-pour-la-semaine-4\/","name":"Les actions dans les Hauts-de-France pour la semaine 4 - Formation des sites R\u00e9gionaux du SNETAP-FSU","isPartOf":{"@id":"https:\/\/regions-snetap-fsu.fr\/formation\/#website"},"datePublished":"2020-01-19T16:59:02+00:00","breadcrumb":{"@id":"https:\/\/regions-snetap-fsu.fr\/formation\/2020\/01\/19\/les-actions-dans-les-hauts-de-france-pour-la-semaine-4\/#breadcrumb"},"inLanguage":"fr-FR","potentialAction":[{"@type":"ReadAction","target":["https:\/\/regions-snetap-fsu.fr\/formation\/2020\/01\/19\/les-actions-dans-les-hauts-de-france-pour-la-semaine-4\/"]}]},{"@type":"BreadcrumbList","@id":"https:\/\/regions-snetap-fsu.fr\/formation\/2020\/01\/19\/les-actions-dans-les-hauts-de-france-pour-la-semaine-4\/#breadcrumb","itemListElement":[{"@type":"ListItem","position":1,"name":"Accueil","item":"https:\/\/regions-snetap-fsu.fr\/formation\/"},{"@type":"ListItem","position":2,"name":"Les actions dans les Hauts-de-France pour la semaine 4"}]},{"@type":"WebSite","@id":"https:\/\/regions-snetap-fsu.fr\/formation\/#website","url":"https:\/\/regions-snetap-fsu.fr\/formation\/","name":"Formation des sites R\u00e9gionaux du SNETAP-FSU","description":"","publisher":{"@id":"https:\/\/regions-snetap-fsu.fr\/formation\/#organization"},"potentialAction":[{"@type":"SearchAction","target":{"@type":"EntryPoint","urlTemplate":"https:\/\/regions-snetap-fsu.fr\/formation\/?s={search_term_string}"},"query-input":{"@type":"PropertyValueSpecification","valueRequired":true,"valueName":"search_term_string"}}],"inLanguage":"fr-FR"},{"@type":"Organization","@id":"https:\/\/regions-snetap-fsu.fr\/formation\/#organization","name":"Formation des sites R\u00e9gionaux du SNETAP-FSU","url":"https:\/\/regions-snetap-fsu.fr\/formation\/","logo":{"@type":"ImageObject","inLanguage":"fr-FR","@id":"https:\/\/regions-snetap-fsu.fr\/formation\/#\/schema\/logo\/image\/","url":"https:\/\/regions-snetap-fsu.fr\/formation\/wp-content\/uploads\/sites\/20\/2025\/04\/cropped-Logo_blanc_fond_transparent_1000x755.png","contentUrl":"https:\/\/regions-snetap-fsu.fr\/formation\/wp-content\/uploads\/sites\/20\/2025\/04\/cropped-Logo_blanc_fond_transparent_1000x755.png","width":998,"height":689,"caption":"Formation des sites R\u00e9gionaux du SNETAP-FSU"},"image":{"@id":"https:\/\/regions-snetap-fsu.fr\/formation\/#\/schema\/logo\/image\/"}},{"@type":"Person","@id":"https:\/\/regions-snetap-fsu.fr\/formation\/#\/schema\/person\/f5dc7b6354e942ca9c5fa8e9ff7e5c93","name":"yoctavien","image":{"@type":"ImageObject","inLanguage":"fr-FR","@id":"https:\/\/secure.gravatar.com\/avatar\/382642c092b6b9da14641d3c478df2f3da4a2d17eea25691c232d4dbf735c292?s=96&d=mm&r=g","url":"https:\/\/secure.gravatar.com\/avatar\/382642c092b6b9da14641d3c478df2f3da4a2d17eea25691c232d4dbf735c292?s=96&d=mm&r=g","contentUrl":"https:\/\/secure.gravatar.com\/avatar\/382642c092b6b9da14641d3c478df2f3da4a2d17eea25691c232d4dbf735c292?s=96&d=mm&r=g","caption":"yoctavien"},"url":"https:\/\/regions-snetap-fsu.fr\/formation\/author\/yoctavien\/"}]}},"_links":{"self":[{"href":"https:\/\/regions-snetap-fsu.fr\/formation\/wp-json\/wp\/v2\/posts\/4208","targetHints":{"allow":["GET"]}}],"collection":[{"href":"https:\/\/regions-snetap-fsu.fr\/formation\/wp-json\/wp\/v2\/posts"}],"about":[{"href":"https:\/\/regions-snetap-fsu.fr\/formation\/wp-json\/wp\/v2\/types\/post"}],"author":[{"embeddable":true,"href":"https:\/\/regions-snetap-fsu.fr\/formation\/wp-json\/wp\/v2\/users\/138"}],"replies":[{"embeddable":true,"href":"https:\/\/regions-snetap-fsu.fr\/formation\/wp-json\/wp\/v2\/comments?post=4208"}],"version-history":[{"count":0,"href":"https:\/\/regions-snetap-fsu.fr\/formation\/wp-json\/wp\/v2\/posts\/4208\/revisions"}],"wp:attachment":[{"href":"https:\/\/regions-snetap-fsu.fr\/formation\/wp-json\/wp\/v2\/media?parent=4208"}],"wp:term":[{"taxonomy":"category","embeddable":true,"href":"https:\/\/regions-snetap-fsu.fr\/formation\/wp-json\/wp\/v2\/categories?post=4208"},{"taxonomy":"post_tag","embeddable":true,"href":"https:\/\/regions-snetap-fsu.fr\/formation\/wp-json\/wp\/v2\/tags?post=4208"},{"taxonomy":"post_folder","embeddable":true,"href":"https:\/\/regions-snetap-fsu.fr\/formation\/wp-json\/wp\/v2\/post_folder?post=4208"}],"curies":[{"name":"wp","href":"https:\/\/api.w.org\/{rel}","templated":true}]}}