{"id":4187,"date":"2020-01-18T19:11:24","date_gmt":"2020-01-18T18:11:24","guid":{"rendered":"https:\/\/regions-snetap-fsu.fr\/hdf\/?p=4187"},"modified":"2020-01-18T19:11:24","modified_gmt":"2020-01-18T18:11:24","slug":"arras-les-actions-pour-les-23-24-janvier-2020","status":"publish","type":"post","link":"https:\/\/regions-snetap-fsu.fr\/formation\/2020\/01\/18\/arras-les-actions-pour-les-23-24-janvier-2020\/","title":{"rendered":"Arras, les actions pour les 23 et 24 janvier 2020"},"content":{"rendered":"<h2 style=\"text-align: center\"><span style=\"color: #ff0000\">Arras, toujours d\u00e9termin\u00e9\u00b7es pour le 23 &amp; 24 janvier 2020<\/span><\/h2>\n<blockquote>\n<p style=\"text-align: justify\"><span style=\"font-family: tahoma, arial, helvetica, sans-serif;color: #0000ff;font-size: 12pt\">Gr\u00e8ve, manifs, interpellations, rassemblements, piquets de gr\u00e8ve, dons du sang, slogans, flash-mobs, clappings, happenings, chor\u00e9graphies, karaok\u00e9&#8230; La d\u00e9termination et la cr\u00e9ativit\u00e9 s&rsquo;amplifient dans tous les secteurs professionnels, priv\u00e9s et publics, pour ce mouvement social.<\/span><\/p>\n<p style=\"text-align: justify\" align=\"justify\"><span style=\"font-family: tahoma, arial, helvetica, sans-serif;font-size: 12pt\"><span style=\"color: #0000ff\">Malgr\u00e9 les annonces du premier ministre et apr\u00e8s 6 semaines d\u2019un mouvement social in\u00e9dit, la population soutient toujours majoritairement la mobilisation contre ce projet absurde et injuste (60% de soutien, au barom\u00e8tre Harris Interactive du 14 janvier). La communication gouvernementale visant \u00e0 nous expliquer \u00e0 nouveau que ce projet est \u00ab juste et simple \u00bb se heurte \u00e0 une opinion publique qui voit bien qu\u2019il s\u2019agit de nous faire travailler plus longtemps pour des pensions plus basses.<\/span><span style=\"color: #0000ff\">..<\/span><\/span><\/p>\n<\/blockquote>\n<p style=\"text-align: justify\"><!--more--><\/p>\n<h3 style=\"text-align: center\"><span style=\"font-family: tahoma, arial, helvetica, sans-serif\"><strong><span style=\"color: #ff0000\">Mercredi 22 janvier<\/span><\/strong><\/span><\/h3>\n<p style=\"text-align: justify\"><span style=\"color: #0000ff;font-family: tahoma, arial, helvetica, sans-serif\"><strong>Distribution massive de tracts de l&rsquo;intersyndicale<\/strong>, aux entr\u00e9es de la ville et \u00e0 la fac d&rsquo;Arras.<br \/>\n<\/span><\/p>\n<p style=\"text-align: justify\"><span style=\"color: #0000ff;font-family: tahoma, arial, helvetica, sans-serif\"><span style=\"text-decoration: underline\">Horaire<\/span> : rendez-vous soit \u00e0 6h \u00e0 l\u2019UL CGT, soit \u00e0 6h30 sur les points de rendez-vous (\u00e0 voir avec votre secr\u00e9taire de section). Jusque 8h30-9h.<\/span><\/p>\n<p style=\"text-align: justify\"><span style=\"color: #0000ff;font-family: tahoma, arial, helvetica, sans-serif\">Les tracts seront achemin\u00e9s par les OS.<\/span><\/p>\n<p style=\"text-align: justify\"><span style=\"color: #0000ff;font-family: tahoma, arial, helvetica, sans-serif\">Pour la fac : rendez-vous \u00e0 8h30-10h30.<\/span><\/p>\n<p style=\"text-align: justify\"><span style=\"color: #0000ff;font-family: tahoma, arial, helvetica, sans-serif\">Ci-dessous, le tract pour diffusion directe dans les \u00e9tablissements et \u00e9coles.<\/span><\/p>\n\n\t\t<div class=\"wppdfemb-frame-container-1\" style=\"-webkit-overflow-scrolling:auto;\">\n\t\t\t<iframe class=\"pdfembed-iframe nonfullscreen wppdf-emb-iframe-1\"\n\t\t\t\tsrc=\"https:\/\/regions-snetap-fsu.fr\/formation\/?pdfemb-data=eyJ1cmwiOiJodHRwczpcL1wvcmVnaW9ucy1zbmV0YXAtZnN1LmZyXC9oZGZcL3dwLWNvbnRlbnRcL3VwbG9hZHNcL3NpdGVzXC81XC8yMDIwXC8wMVwvdHJhY3QtYXJyYXMtMjMtZXQtMjQtamFudmllci0yMDIwLnBkZiIsInRpdGxlIjoidHJhY3QgYXJyYXMgMjMgZXQgMjQgamFudmllciAyMDIwIiwiaW5kZXgiOjEsInBkZklEIjowfQ\"\n\t\t\t\ttitle=\"tract arras 23 et 24 janvier 2020\"\t\t\t\tdata-pdf-id=\"0\"\n\t\t\t\tdata-pdf-index=\"1\"\n\t\t\t\tstyle=\"border:none;width:100%;max-width:100%;height:100vh;\"\n\t\t\t\tscrolling=\"yes\">\n\t\t\t<\/iframe>\n\t\t<\/div>\n\n\t\t\n<p><a href=\"https:\/\/regions-snetap-fsu.fr\/hdf\/wp-content\/uploads\/sites\/5\/2020\/01\/tract-arras-23-et-24-janvier-2020.pdf\" target=\"_blank\" rel=\"noopener noreferrer\"><span style=\"text-decoration: underline;color: #000000;font-family: tahoma, arial, helvetica, sans-serif\">Lien : Pour t\u00e9l\u00e9charger le tract intersyndicale ci-dessus<\/span><\/a><\/p>\n<p style=\"text-align: justify\"><span style=\"font-family: tahoma, arial, helvetica, sans-serif;color: #0000ff\"><strong>Rassemblement bruyant devant l\u2019Inspection Acad\u00e9mique de l&rsquo;EN<\/strong>, Boulevard de la libert\u00e9 \u00e0 Arras \u00e0 15h. Action retraite et \u00c9ducation (bac et E3C, DGH, souffrance au travail etc\u2026) + Constitution d\u2019un mur de vieux manuels\/livres\u2026<\/span><\/p>\n<p style=\"text-align: justify\"><span style=\"font-family: tahoma, arial, helvetica, sans-serif;color: #0000ff\">Apporter des vieux livres en nombre.<\/span><\/p>\n<h3 style=\"text-align: center\"><span style=\"font-family: tahoma, arial, helvetica, sans-serif;color: #ff0000\"><strong>Jeudi 23 janvier<\/strong><\/span><\/h3>\n<p style=\"text-align: justify\"><span style=\"font-family: tahoma, arial, helvetica, sans-serif;color: #0000ff\"><strong>Rassemblement-Retraite aux flambeaux<\/strong> au Beffroi d&rsquo;Arras, Place des H\u00e9ros \u00e0 18h. Avec Bruits (on file la m\u00e9taphore \u00ab se faire entendre \u00bb).<\/span><\/p>\n<p style=\"text-align: justify\"><span style=\"font-family: tahoma, arial, helvetica, sans-serif;color: #0000ff\">La FSU apportera les flambeaux et le mat\u00e9riel lumineux (bracelets lumineux\u2026).<\/span><\/p>\n<p style=\"text-align: justify\"><span style=\"color: #0000ff;font-family: tahoma, arial, helvetica, sans-serif\"><strong>Soir\u00e9e Retraites<\/strong> ouverte \u00e0 toutes et \u00e0 tous \u00e0 partir de 19h. Organis\u00e9e par radio PFM 99.9.<\/span><\/p>\n<p><img fetchpriority=\"high\" decoding=\"async\" class=\"aligncenter size-medium wp-image-4191\" src=\"https:\/\/regions-snetap-fsu.fr\/hdf\/wp-content\/uploads\/sites\/5\/2020\/01\/ARRAS_retraite_flambeaux_2301-300x300.png\" alt=\"\" width=\"300\" height=\"300\" \/><\/p>\n<h3 style=\"text-align: center\"><span style=\"font-family: tahoma, arial, helvetica, sans-serif;color: #ff0000\"><strong>Vendredi 24 janvier<\/strong><\/span><\/h3>\n<p style=\"text-align: justify\"><span style=\"color: #0000ff;font-family: tahoma, arial, helvetica, sans-serif\"><strong>Manifestation<\/strong>, 9h30, Place de la Gare d&rsquo;Arras.<\/span><\/p>\n<p><span style=\"font-family: tahoma, arial, helvetica, sans-serif;color: #0000ff\">Puis &#8230; <\/span><span style=\"color: #000000\"><span style=\"font-family: tahoma, arial, helvetica, sans-serif\">Attente d&rsquo;informations compl\u00e9mentaires, v\u00e9rifiez la mise \u00e0 jour<\/span><\/span><\/p>\n<p><img decoding=\"async\" class=\"aligncenter size-medium wp-image-4190\" src=\"https:\/\/regions-snetap-fsu.fr\/hdf\/wp-content\/uploads\/sites\/5\/2020\/01\/ARRAS_manif_2401-300x300.png\" alt=\"\" width=\"300\" height=\"300\" \/><\/p>\n<p>&nbsp;<\/p>\n<p>&nbsp;<\/p>\n<p>&nbsp;<\/p>\n","protected":false},"excerpt":{"rendered":"<p>Arras, toujours d\u00e9termin\u00e9\u00b7es pour le 23 &amp; 24 janvier 2020 Gr\u00e8ve, manifs, interpellations, rassemblements, piquets de gr\u00e8ve, dons du sang, slogans, flash-mobs, clappings, happenings, chor\u00e9graphies, karaok\u00e9&#8230; La d\u00e9termination et la cr\u00e9ativit\u00e9 s&rsquo;amplifient dans tous les secteurs professionnels, priv\u00e9s et publics, pour ce mouvement social. Malgr\u00e9 les annonces du premier ministre et apr\u00e8s 6 semaines d\u2019un [&hellip;]<\/p>\n","protected":false},"author":138,"featured_media":0,"comment_status":"closed","ping_status":"closed","sticky":false,"template":"","format":"standard","meta":{"ocean_post_layout":"","ocean_both_sidebars_style":"","ocean_both_sidebars_content_width":0,"ocean_both_sidebars_sidebars_width":0,"ocean_sidebar":"","ocean_second_sidebar":"","ocean_disable_margins":"enable","ocean_add_body_class":"","ocean_shortcode_before_top_bar":"","ocean_shortcode_after_top_bar":"","ocean_shortcode_before_header":"","ocean_shortcode_after_header":"","ocean_has_shortcode":"","ocean_shortcode_after_title":"","ocean_shortcode_before_footer_widgets":"","ocean_shortcode_after_footer_widgets":"","ocean_shortcode_before_footer_bottom":"","ocean_shortcode_after_footer_bottom":"","ocean_display_top_bar":"default","ocean_display_header":"default","ocean_header_style":"","ocean_center_header_left_menu":"","ocean_custom_header_template":"","ocean_custom_logo":0,"ocean_custom_retina_logo":0,"ocean_custom_logo_max_width":0,"ocean_custom_logo_tablet_max_width":0,"ocean_custom_logo_mobile_max_width":0,"ocean_custom_logo_max_height":0,"ocean_custom_logo_tablet_max_height":0,"ocean_custom_logo_mobile_max_height":0,"ocean_header_custom_menu":"","ocean_menu_typo_font_family":"","ocean_menu_typo_font_subset":"","ocean_menu_typo_font_size":0,"ocean_menu_typo_font_size_tablet":0,"ocean_menu_typo_font_size_mobile":0,"ocean_menu_typo_font_size_unit":"px","ocean_menu_typo_font_weight":"","ocean_menu_typo_font_weight_tablet":"","ocean_menu_typo_font_weight_mobile":"","ocean_menu_typo_transform":"","ocean_menu_typo_transform_tablet":"","ocean_menu_typo_transform_mobile":"","ocean_menu_typo_line_height":0,"ocean_menu_typo_line_height_tablet":0,"ocean_menu_typo_line_height_mobile":0,"ocean_menu_typo_line_height_unit":"","ocean_menu_typo_spacing":0,"ocean_menu_typo_spacing_tablet":0,"ocean_menu_typo_spacing_mobile":0,"ocean_menu_typo_spacing_unit":"","ocean_menu_link_color":"","ocean_menu_link_color_hover":"","ocean_menu_link_color_active":"","ocean_menu_link_background":"","ocean_menu_link_hover_background":"","ocean_menu_link_active_background":"","ocean_menu_social_links_bg":"","ocean_menu_social_hover_links_bg":"","ocean_menu_social_links_color":"","ocean_menu_social_hover_links_color":"","ocean_disable_title":"default","ocean_disable_heading":"default","ocean_post_title":"","ocean_post_subheading":"","ocean_post_title_style":"","ocean_post_title_background_color":"","ocean_post_title_background":0,"ocean_post_title_bg_image_position":"","ocean_post_title_bg_image_attachment":"","ocean_post_title_bg_image_repeat":"","ocean_post_title_bg_image_size":"","ocean_post_title_height":0,"ocean_post_title_bg_overlay":0.5,"ocean_post_title_bg_overlay_color":"","ocean_disable_breadcrumbs":"default","ocean_breadcrumbs_color":"","ocean_breadcrumbs_separator_color":"","ocean_breadcrumbs_links_color":"","ocean_breadcrumbs_links_hover_color":"","ocean_display_footer_widgets":"default","ocean_display_footer_bottom":"default","ocean_custom_footer_template":"","ocean_post_oembed":"","ocean_post_self_hosted_media":"","ocean_post_video_embed":"","ocean_link_format":"","ocean_link_format_target":"self","ocean_quote_format":"","ocean_quote_format_link":"post","ocean_gallery_link_images":"on","ocean_gallery_id":[],"footnotes":""},"categories":[3],"tags":[],"post_folder":[],"class_list":["post-4187","post","type-post","status-publish","format-standard","hentry","category-actions-greves-manifs","entry"],"yoast_head":"<!-- This site is optimized with the Yoast SEO plugin v27.4 - https:\/\/yoast.com\/product\/yoast-seo-wordpress\/ -->\n<title>Arras, les actions pour les 23 et 24 janvier 2020 - Formation des sites R\u00e9gionaux du SNETAP-FSU<\/title>\n<meta name=\"robots\" content=\"index, follow, max-snippet:-1, max-image-preview:large, max-video-preview:-1\" \/>\n<link rel=\"canonical\" href=\"https:\/\/regions-snetap-fsu.fr\/formation\/2020\/01\/18\/arras-les-actions-pour-les-23-24-janvier-2020\/\" \/>\n<meta property=\"og:locale\" content=\"fr_FR\" \/>\n<meta property=\"og:type\" content=\"article\" \/>\n<meta property=\"og:title\" content=\"Arras, les actions pour les 23 et 24 janvier 2020 - Formation des sites R\u00e9gionaux du SNETAP-FSU\" \/>\n<meta property=\"og:description\" content=\"Arras, toujours d\u00e9termin\u00e9\u00b7es pour le 23 &amp; 24 janvier 2020 Gr\u00e8ve, manifs, interpellations, rassemblements, piquets de gr\u00e8ve, dons du sang, slogans, flash-mobs, clappings, happenings, chor\u00e9graphies, karaok\u00e9&#8230; La d\u00e9termination et la cr\u00e9ativit\u00e9 s&rsquo;amplifient dans tous les secteurs professionnels, priv\u00e9s et publics, pour ce mouvement social. Malgr\u00e9 les annonces du premier ministre et apr\u00e8s 6 semaines d\u2019un [&hellip;]\" \/>\n<meta property=\"og:url\" content=\"https:\/\/regions-snetap-fsu.fr\/formation\/2020\/01\/18\/arras-les-actions-pour-les-23-24-janvier-2020\/\" \/>\n<meta property=\"og:site_name\" content=\"Formation des sites R\u00e9gionaux du SNETAP-FSU\" \/>\n<meta property=\"article:published_time\" content=\"2020-01-18T18:11:24+00:00\" \/>\n<meta name=\"author\" content=\"yoctavien\" \/>\n<meta name=\"twitter:card\" content=\"summary_large_image\" \/>\n<meta name=\"twitter:label1\" content=\"\u00c9crit par\" \/>\n\t<meta name=\"twitter:data1\" content=\"yoctavien\" \/>\n\t<meta name=\"twitter:label2\" content=\"Dur\u00e9e de lecture estim\u00e9e\" \/>\n\t<meta name=\"twitter:data2\" content=\"2 minutes\" \/>\n<script type=\"application\/ld+json\" class=\"yoast-schema-graph\">{\"@context\":\"https:\\\/\\\/schema.org\",\"@graph\":[{\"@type\":\"Article\",\"@id\":\"https:\\\/\\\/regions-snetap-fsu.fr\\\/formation\\\/2020\\\/01\\\/18\\\/arras-les-actions-pour-les-23-24-janvier-2020\\\/#article\",\"isPartOf\":{\"@id\":\"https:\\\/\\\/regions-snetap-fsu.fr\\\/formation\\\/2020\\\/01\\\/18\\\/arras-les-actions-pour-les-23-24-janvier-2020\\\/\"},\"author\":{\"name\":\"yoctavien\",\"@id\":\"https:\\\/\\\/regions-snetap-fsu.fr\\\/formation\\\/#\\\/schema\\\/person\\\/f5dc7b6354e942ca9c5fa8e9ff7e5c93\"},\"headline\":\"Arras, les actions pour les 23 et 24 janvier 2020\",\"datePublished\":\"2020-01-18T18:11:24+00:00\",\"mainEntityOfPage\":{\"@id\":\"https:\\\/\\\/regions-snetap-fsu.fr\\\/formation\\\/2020\\\/01\\\/18\\\/arras-les-actions-pour-les-23-24-janvier-2020\\\/\"},\"wordCount\":348,\"publisher\":{\"@id\":\"https:\\\/\\\/regions-snetap-fsu.fr\\\/formation\\\/#organization\"},\"image\":{\"@id\":\"https:\\\/\\\/regions-snetap-fsu.fr\\\/formation\\\/2020\\\/01\\\/18\\\/arras-les-actions-pour-les-23-24-janvier-2020\\\/#primaryimage\"},\"thumbnailUrl\":\"https:\\\/\\\/regions-snetap-fsu.fr\\\/hdf\\\/wp-content\\\/uploads\\\/sites\\\/5\\\/2020\\\/01\\\/ARRAS_retraite_flambeaux_2301-300x300.png\",\"articleSection\":[\"Actions - Gr\u00e8ves - Manifs\"],\"inLanguage\":\"fr-FR\"},{\"@type\":\"WebPage\",\"@id\":\"https:\\\/\\\/regions-snetap-fsu.fr\\\/formation\\\/2020\\\/01\\\/18\\\/arras-les-actions-pour-les-23-24-janvier-2020\\\/\",\"url\":\"https:\\\/\\\/regions-snetap-fsu.fr\\\/formation\\\/2020\\\/01\\\/18\\\/arras-les-actions-pour-les-23-24-janvier-2020\\\/\",\"name\":\"Arras, les actions pour les 23 et 24 janvier 2020 - Formation des sites R\u00e9gionaux du SNETAP-FSU\",\"isPartOf\":{\"@id\":\"https:\\\/\\\/regions-snetap-fsu.fr\\\/formation\\\/#website\"},\"primaryImageOfPage\":{\"@id\":\"https:\\\/\\\/regions-snetap-fsu.fr\\\/formation\\\/2020\\\/01\\\/18\\\/arras-les-actions-pour-les-23-24-janvier-2020\\\/#primaryimage\"},\"image\":{\"@id\":\"https:\\\/\\\/regions-snetap-fsu.fr\\\/formation\\\/2020\\\/01\\\/18\\\/arras-les-actions-pour-les-23-24-janvier-2020\\\/#primaryimage\"},\"thumbnailUrl\":\"https:\\\/\\\/regions-snetap-fsu.fr\\\/hdf\\\/wp-content\\\/uploads\\\/sites\\\/5\\\/2020\\\/01\\\/ARRAS_retraite_flambeaux_2301-300x300.png\",\"datePublished\":\"2020-01-18T18:11:24+00:00\",\"breadcrumb\":{\"@id\":\"https:\\\/\\\/regions-snetap-fsu.fr\\\/formation\\\/2020\\\/01\\\/18\\\/arras-les-actions-pour-les-23-24-janvier-2020\\\/#breadcrumb\"},\"inLanguage\":\"fr-FR\",\"potentialAction\":[{\"@type\":\"ReadAction\",\"target\":[\"https:\\\/\\\/regions-snetap-fsu.fr\\\/formation\\\/2020\\\/01\\\/18\\\/arras-les-actions-pour-les-23-24-janvier-2020\\\/\"]}]},{\"@type\":\"ImageObject\",\"inLanguage\":\"fr-FR\",\"@id\":\"https:\\\/\\\/regions-snetap-fsu.fr\\\/formation\\\/2020\\\/01\\\/18\\\/arras-les-actions-pour-les-23-24-janvier-2020\\\/#primaryimage\",\"url\":\"https:\\\/\\\/regions-snetap-fsu.fr\\\/hdf\\\/wp-content\\\/uploads\\\/sites\\\/5\\\/2020\\\/01\\\/ARRAS_retraite_flambeaux_2301-300x300.png\",\"contentUrl\":\"https:\\\/\\\/regions-snetap-fsu.fr\\\/hdf\\\/wp-content\\\/uploads\\\/sites\\\/5\\\/2020\\\/01\\\/ARRAS_retraite_flambeaux_2301-300x300.png\"},{\"@type\":\"BreadcrumbList\",\"@id\":\"https:\\\/\\\/regions-snetap-fsu.fr\\\/formation\\\/2020\\\/01\\\/18\\\/arras-les-actions-pour-les-23-24-janvier-2020\\\/#breadcrumb\",\"itemListElement\":[{\"@type\":\"ListItem\",\"position\":1,\"name\":\"Accueil\",\"item\":\"https:\\\/\\\/regions-snetap-fsu.fr\\\/formation\\\/\"},{\"@type\":\"ListItem\",\"position\":2,\"name\":\"Arras, les actions pour les 23 et 24 janvier 2020\"}]},{\"@type\":\"WebSite\",\"@id\":\"https:\\\/\\\/regions-snetap-fsu.fr\\\/formation\\\/#website\",\"url\":\"https:\\\/\\\/regions-snetap-fsu.fr\\\/formation\\\/\",\"name\":\"Formation des sites R\u00e9gionaux du SNETAP-FSU\",\"description\":\"\",\"publisher\":{\"@id\":\"https:\\\/\\\/regions-snetap-fsu.fr\\\/formation\\\/#organization\"},\"potentialAction\":[{\"@type\":\"SearchAction\",\"target\":{\"@type\":\"EntryPoint\",\"urlTemplate\":\"https:\\\/\\\/regions-snetap-fsu.fr\\\/formation\\\/?s={search_term_string}\"},\"query-input\":{\"@type\":\"PropertyValueSpecification\",\"valueRequired\":true,\"valueName\":\"search_term_string\"}}],\"inLanguage\":\"fr-FR\"},{\"@type\":\"Organization\",\"@id\":\"https:\\\/\\\/regions-snetap-fsu.fr\\\/formation\\\/#organization\",\"name\":\"Formation des sites R\u00e9gionaux du SNETAP-FSU\",\"url\":\"https:\\\/\\\/regions-snetap-fsu.fr\\\/formation\\\/\",\"logo\":{\"@type\":\"ImageObject\",\"inLanguage\":\"fr-FR\",\"@id\":\"https:\\\/\\\/regions-snetap-fsu.fr\\\/formation\\\/#\\\/schema\\\/logo\\\/image\\\/\",\"url\":\"https:\\\/\\\/regions-snetap-fsu.fr\\\/formation\\\/wp-content\\\/uploads\\\/sites\\\/20\\\/2025\\\/04\\\/cropped-Logo_blanc_fond_transparent_1000x755.png\",\"contentUrl\":\"https:\\\/\\\/regions-snetap-fsu.fr\\\/formation\\\/wp-content\\\/uploads\\\/sites\\\/20\\\/2025\\\/04\\\/cropped-Logo_blanc_fond_transparent_1000x755.png\",\"width\":998,\"height\":689,\"caption\":\"Formation des sites R\u00e9gionaux du SNETAP-FSU\"},\"image\":{\"@id\":\"https:\\\/\\\/regions-snetap-fsu.fr\\\/formation\\\/#\\\/schema\\\/logo\\\/image\\\/\"}},{\"@type\":\"Person\",\"@id\":\"https:\\\/\\\/regions-snetap-fsu.fr\\\/formation\\\/#\\\/schema\\\/person\\\/f5dc7b6354e942ca9c5fa8e9ff7e5c93\",\"name\":\"yoctavien\",\"image\":{\"@type\":\"ImageObject\",\"inLanguage\":\"fr-FR\",\"@id\":\"https:\\\/\\\/secure.gravatar.com\\\/avatar\\\/382642c092b6b9da14641d3c478df2f3da4a2d17eea25691c232d4dbf735c292?s=96&d=mm&r=g\",\"url\":\"https:\\\/\\\/secure.gravatar.com\\\/avatar\\\/382642c092b6b9da14641d3c478df2f3da4a2d17eea25691c232d4dbf735c292?s=96&d=mm&r=g\",\"contentUrl\":\"https:\\\/\\\/secure.gravatar.com\\\/avatar\\\/382642c092b6b9da14641d3c478df2f3da4a2d17eea25691c232d4dbf735c292?s=96&d=mm&r=g\",\"caption\":\"yoctavien\"},\"url\":\"https:\\\/\\\/regions-snetap-fsu.fr\\\/formation\\\/author\\\/yoctavien\\\/\"}]}<\/script>\n<!-- \/ Yoast SEO plugin. -->","yoast_head_json":{"title":"Arras, les actions pour les 23 et 24 janvier 2020 - Formation des sites R\u00e9gionaux du SNETAP-FSU","robots":{"index":"index","follow":"follow","max-snippet":"max-snippet:-1","max-image-preview":"max-image-preview:large","max-video-preview":"max-video-preview:-1"},"canonical":"https:\/\/regions-snetap-fsu.fr\/formation\/2020\/01\/18\/arras-les-actions-pour-les-23-24-janvier-2020\/","og_locale":"fr_FR","og_type":"article","og_title":"Arras, les actions pour les 23 et 24 janvier 2020 - Formation des sites R\u00e9gionaux du SNETAP-FSU","og_description":"Arras, toujours d\u00e9termin\u00e9\u00b7es pour le 23 &amp; 24 janvier 2020 Gr\u00e8ve, manifs, interpellations, rassemblements, piquets de gr\u00e8ve, dons du sang, slogans, flash-mobs, clappings, happenings, chor\u00e9graphies, karaok\u00e9&#8230; La d\u00e9termination et la cr\u00e9ativit\u00e9 s&rsquo;amplifient dans tous les secteurs professionnels, priv\u00e9s et publics, pour ce mouvement social. Malgr\u00e9 les annonces du premier ministre et apr\u00e8s 6 semaines d\u2019un [&hellip;]","og_url":"https:\/\/regions-snetap-fsu.fr\/formation\/2020\/01\/18\/arras-les-actions-pour-les-23-24-janvier-2020\/","og_site_name":"Formation des sites R\u00e9gionaux du SNETAP-FSU","article_published_time":"2020-01-18T18:11:24+00:00","author":"yoctavien","twitter_card":"summary_large_image","twitter_misc":{"\u00c9crit par":"yoctavien","Dur\u00e9e de lecture estim\u00e9e":"2 minutes"},"schema":{"@context":"https:\/\/schema.org","@graph":[{"@type":"Article","@id":"https:\/\/regions-snetap-fsu.fr\/formation\/2020\/01\/18\/arras-les-actions-pour-les-23-24-janvier-2020\/#article","isPartOf":{"@id":"https:\/\/regions-snetap-fsu.fr\/formation\/2020\/01\/18\/arras-les-actions-pour-les-23-24-janvier-2020\/"},"author":{"name":"yoctavien","@id":"https:\/\/regions-snetap-fsu.fr\/formation\/#\/schema\/person\/f5dc7b6354e942ca9c5fa8e9ff7e5c93"},"headline":"Arras, les actions pour les 23 et 24 janvier 2020","datePublished":"2020-01-18T18:11:24+00:00","mainEntityOfPage":{"@id":"https:\/\/regions-snetap-fsu.fr\/formation\/2020\/01\/18\/arras-les-actions-pour-les-23-24-janvier-2020\/"},"wordCount":348,"publisher":{"@id":"https:\/\/regions-snetap-fsu.fr\/formation\/#organization"},"image":{"@id":"https:\/\/regions-snetap-fsu.fr\/formation\/2020\/01\/18\/arras-les-actions-pour-les-23-24-janvier-2020\/#primaryimage"},"thumbnailUrl":"https:\/\/regions-snetap-fsu.fr\/hdf\/wp-content\/uploads\/sites\/5\/2020\/01\/ARRAS_retraite_flambeaux_2301-300x300.png","articleSection":["Actions - Gr\u00e8ves - Manifs"],"inLanguage":"fr-FR"},{"@type":"WebPage","@id":"https:\/\/regions-snetap-fsu.fr\/formation\/2020\/01\/18\/arras-les-actions-pour-les-23-24-janvier-2020\/","url":"https:\/\/regions-snetap-fsu.fr\/formation\/2020\/01\/18\/arras-les-actions-pour-les-23-24-janvier-2020\/","name":"Arras, les actions pour les 23 et 24 janvier 2020 - Formation des sites R\u00e9gionaux du SNETAP-FSU","isPartOf":{"@id":"https:\/\/regions-snetap-fsu.fr\/formation\/#website"},"primaryImageOfPage":{"@id":"https:\/\/regions-snetap-fsu.fr\/formation\/2020\/01\/18\/arras-les-actions-pour-les-23-24-janvier-2020\/#primaryimage"},"image":{"@id":"https:\/\/regions-snetap-fsu.fr\/formation\/2020\/01\/18\/arras-les-actions-pour-les-23-24-janvier-2020\/#primaryimage"},"thumbnailUrl":"https:\/\/regions-snetap-fsu.fr\/hdf\/wp-content\/uploads\/sites\/5\/2020\/01\/ARRAS_retraite_flambeaux_2301-300x300.png","datePublished":"2020-01-18T18:11:24+00:00","breadcrumb":{"@id":"https:\/\/regions-snetap-fsu.fr\/formation\/2020\/01\/18\/arras-les-actions-pour-les-23-24-janvier-2020\/#breadcrumb"},"inLanguage":"fr-FR","potentialAction":[{"@type":"ReadAction","target":["https:\/\/regions-snetap-fsu.fr\/formation\/2020\/01\/18\/arras-les-actions-pour-les-23-24-janvier-2020\/"]}]},{"@type":"ImageObject","inLanguage":"fr-FR","@id":"https:\/\/regions-snetap-fsu.fr\/formation\/2020\/01\/18\/arras-les-actions-pour-les-23-24-janvier-2020\/#primaryimage","url":"https:\/\/regions-snetap-fsu.fr\/hdf\/wp-content\/uploads\/sites\/5\/2020\/01\/ARRAS_retraite_flambeaux_2301-300x300.png","contentUrl":"https:\/\/regions-snetap-fsu.fr\/hdf\/wp-content\/uploads\/sites\/5\/2020\/01\/ARRAS_retraite_flambeaux_2301-300x300.png"},{"@type":"BreadcrumbList","@id":"https:\/\/regions-snetap-fsu.fr\/formation\/2020\/01\/18\/arras-les-actions-pour-les-23-24-janvier-2020\/#breadcrumb","itemListElement":[{"@type":"ListItem","position":1,"name":"Accueil","item":"https:\/\/regions-snetap-fsu.fr\/formation\/"},{"@type":"ListItem","position":2,"name":"Arras, les actions pour les 23 et 24 janvier 2020"}]},{"@type":"WebSite","@id":"https:\/\/regions-snetap-fsu.fr\/formation\/#website","url":"https:\/\/regions-snetap-fsu.fr\/formation\/","name":"Formation des sites R\u00e9gionaux du SNETAP-FSU","description":"","publisher":{"@id":"https:\/\/regions-snetap-fsu.fr\/formation\/#organization"},"potentialAction":[{"@type":"SearchAction","target":{"@type":"EntryPoint","urlTemplate":"https:\/\/regions-snetap-fsu.fr\/formation\/?s={search_term_string}"},"query-input":{"@type":"PropertyValueSpecification","valueRequired":true,"valueName":"search_term_string"}}],"inLanguage":"fr-FR"},{"@type":"Organization","@id":"https:\/\/regions-snetap-fsu.fr\/formation\/#organization","name":"Formation des sites R\u00e9gionaux du SNETAP-FSU","url":"https:\/\/regions-snetap-fsu.fr\/formation\/","logo":{"@type":"ImageObject","inLanguage":"fr-FR","@id":"https:\/\/regions-snetap-fsu.fr\/formation\/#\/schema\/logo\/image\/","url":"https:\/\/regions-snetap-fsu.fr\/formation\/wp-content\/uploads\/sites\/20\/2025\/04\/cropped-Logo_blanc_fond_transparent_1000x755.png","contentUrl":"https:\/\/regions-snetap-fsu.fr\/formation\/wp-content\/uploads\/sites\/20\/2025\/04\/cropped-Logo_blanc_fond_transparent_1000x755.png","width":998,"height":689,"caption":"Formation des sites R\u00e9gionaux du SNETAP-FSU"},"image":{"@id":"https:\/\/regions-snetap-fsu.fr\/formation\/#\/schema\/logo\/image\/"}},{"@type":"Person","@id":"https:\/\/regions-snetap-fsu.fr\/formation\/#\/schema\/person\/f5dc7b6354e942ca9c5fa8e9ff7e5c93","name":"yoctavien","image":{"@type":"ImageObject","inLanguage":"fr-FR","@id":"https:\/\/secure.gravatar.com\/avatar\/382642c092b6b9da14641d3c478df2f3da4a2d17eea25691c232d4dbf735c292?s=96&d=mm&r=g","url":"https:\/\/secure.gravatar.com\/avatar\/382642c092b6b9da14641d3c478df2f3da4a2d17eea25691c232d4dbf735c292?s=96&d=mm&r=g","contentUrl":"https:\/\/secure.gravatar.com\/avatar\/382642c092b6b9da14641d3c478df2f3da4a2d17eea25691c232d4dbf735c292?s=96&d=mm&r=g","caption":"yoctavien"},"url":"https:\/\/regions-snetap-fsu.fr\/formation\/author\/yoctavien\/"}]}},"_links":{"self":[{"href":"https:\/\/regions-snetap-fsu.fr\/formation\/wp-json\/wp\/v2\/posts\/4187","targetHints":{"allow":["GET"]}}],"collection":[{"href":"https:\/\/regions-snetap-fsu.fr\/formation\/wp-json\/wp\/v2\/posts"}],"about":[{"href":"https:\/\/regions-snetap-fsu.fr\/formation\/wp-json\/wp\/v2\/types\/post"}],"author":[{"embeddable":true,"href":"https:\/\/regions-snetap-fsu.fr\/formation\/wp-json\/wp\/v2\/users\/138"}],"replies":[{"embeddable":true,"href":"https:\/\/regions-snetap-fsu.fr\/formation\/wp-json\/wp\/v2\/comments?post=4187"}],"version-history":[{"count":0,"href":"https:\/\/regions-snetap-fsu.fr\/formation\/wp-json\/wp\/v2\/posts\/4187\/revisions"}],"wp:attachment":[{"href":"https:\/\/regions-snetap-fsu.fr\/formation\/wp-json\/wp\/v2\/media?parent=4187"}],"wp:term":[{"taxonomy":"category","embeddable":true,"href":"https:\/\/regions-snetap-fsu.fr\/formation\/wp-json\/wp\/v2\/categories?post=4187"},{"taxonomy":"post_tag","embeddable":true,"href":"https:\/\/regions-snetap-fsu.fr\/formation\/wp-json\/wp\/v2\/tags?post=4187"},{"taxonomy":"post_folder","embeddable":true,"href":"https:\/\/regions-snetap-fsu.fr\/formation\/wp-json\/wp\/v2\/post_folder?post=4187"}],"curies":[{"name":"wp","href":"https:\/\/api.w.org\/{rel}","templated":true}]}}