{"id":4154,"date":"2020-01-18T17:24:36","date_gmt":"2020-01-18T16:24:36","guid":{"rendered":"https:\/\/regions-snetap-fsu.fr\/hdf\/?p=4154"},"modified":"2020-01-18T17:24:36","modified_gmt":"2020-01-18T16:24:36","slug":"pourquoi-laction-doit-continuer","status":"publish","type":"post","link":"https:\/\/regions-snetap-fsu.fr\/formation\/2020\/01\/18\/pourquoi-laction-doit-continuer\/","title":{"rendered":"Pourquoi l&rsquo;action doit continuer ?"},"content":{"rendered":"<h2 style=\"text-align: center\" align=\"left\"><span style=\"color: #ff0000;font-family: tahoma, arial, helvetica, sans-serif;font-size: 18pt\"><b>Malgr\u00e9 le leurre de la lettre<\/b><\/span><\/h2>\n<h2 style=\"text-align: center\" align=\"left\"><span style=\"color: #ff0000;font-family: tahoma, arial, helvetica, sans-serif;font-size: 18pt\"><b>du Premier ministre,<\/b><\/span><\/h2>\n<h2 style=\"text-align: center\" align=\"left\"><span style=\"color: #ff0000;font-family: tahoma, arial, helvetica, sans-serif;font-size: 18pt\"><b>l\u2019action continue dans les Hauts-de-France,<\/b><\/span><\/h2>\n<h2 style=\"text-align: center\" align=\"left\"><span style=\"color: #ff0000;font-family: tahoma, arial, helvetica, sans-serif;font-size: 18pt\"><b>pourquoi ?<\/b><\/span><\/h2>\n<blockquote>\n<p style=\"text-align: justify\"><span style=\"color: #0000ff;font-family: tahoma, arial, helvetica, sans-serif\">Le retrait de l\u2019\u00e2ge pivot n\u2019est absolument pas act\u00e9. Il s\u2019ag\u00eet juste de faire croire qu\u2019il peut \u00eatre remis en cause tout en pr\u00e9cisant qu\u2019il ne faut toucher \u00e0 rien d\u2019autre du projet lors de la conf\u00e9rence de financement. \u00c9douard Philippe ajoute m\u00eame que, pour lui, c\u2019est \u00ab la seule solution \u00bb\u2026<\/span><\/p>\n<\/blockquote>\n<p><!--more--><\/p>\n<figure id=\"attachment_2455\" aria-describedby=\"caption-attachment-2455\" style=\"width: 605px\" class=\"wp-caption aligncenter\"><img fetchpriority=\"high\" decoding=\"async\" class=\"wp-image-2455 size-large\" src=\"https:\/\/regions-snetap-fsu.fr\/hdf\/wp-content\/uploads\/sites\/5\/2019\/05\/21mai_Banderole-1024x609.jpg\" alt=\"\" width=\"605\" height=\"360\" \/><figcaption id=\"caption-attachment-2455\" class=\"wp-caption-text\">Photo d&rsquo;archive &#8211; L&rsquo;enseignement agricole public dans l&rsquo;action !<\/figcaption><\/figure>\n<div align=\"left\"><\/div>\n<div style=\"text-align: justify\" align=\"left\"><span style=\"color: #ff0000;font-family: tahoma, arial, helvetica, sans-serif\"><b>Il ne s\u2019agit absolument pas d\u2019un retrait de l\u2019\u00e2ge pivot, mais, une nouvelle fois, de laisser pourrir la situation.<\/b><\/span><\/div>\n<div align=\"left\"><\/div>\n<div align=\"left\">\n<div style=\"text-align: justify\" align=\"left\"><span style=\"color: #0000ff;font-family: tahoma, arial, helvetica, sans-serif\">Le Premier ministre met quand m\u00eame au vote son texte (avec l\u2019\u00e2ge pivot qui devient, en quelque sorte, un \u00e2ge de r\u00e9f\u00e9rence) en remettant son financement au vote en deuxi\u00e8me lecture.<\/span><\/div>\n<div style=\"text-align: justify\" align=\"left\"><span style=\"color: #ff0000;font-family: tahoma, arial, helvetica, sans-serif\"><b>En gros, on fait d\u00e9battre la repr\u00e9sentation sur un texte qui ne sera, de toute fa\u00e7on, pas le bon\u2026<\/b><\/span><\/div>\n<\/div>\n<div align=\"left\"><\/div>\n<div align=\"left\">\n<div style=\"text-align: justify\" align=\"left\"><span style=\"color: #0000ff;font-family: tahoma, arial, helvetica, sans-serif\">Tout le texte et son financement reposent sur des pr\u00e9visions que l\u2019INSEE annonce comme fausses\u2026<\/span><\/div>\n<\/div>\n<div align=\"left\">\n<div style=\"text-align: justify\" align=\"left\"><span style=\"color: #0000ff;font-family: tahoma, arial, helvetica, sans-serif\">La fixation de la valeur du point reste dans le brouillard\u2026<\/span><\/div>\n<div align=\"left\"><\/div>\n<\/div>\n<div align=\"left\">\n\t\t<div class=\"wppdfemb-frame-container-1\" style=\"-webkit-overflow-scrolling:auto;\">\n\t\t\t<iframe class=\"pdfembed-iframe nonfullscreen wppdf-emb-iframe-1\"\n\t\t\t\tsrc=\"https:\/\/regions-snetap-fsu.fr\/formation\/?pdfemb-data=eyJ1cmwiOiJodHRwczpcL1wvcmVnaW9ucy1zbmV0YXAtZnN1LmZyXC9oZGZcL3dwLWNvbnRlbnRcL3VwbG9hZHNcL3NpdGVzXC81XC8yMDIwXC8wMVwvSU5TRUVfYW5hbHlzZV9yZXRyYWl0ZXNfZGVjXzIwMTkucGRmIiwiaW5kZXgiOjEsInBkZklEIjowfQ\"\n\t\t\t\t\t\t\t\tdata-pdf-id=\"0\"\n\t\t\t\tdata-pdf-index=\"1\"\n\t\t\t\tstyle=\"border:none;width:100%;max-width:100%;height:100vh;\"\n\t\t\t\tscrolling=\"yes\">\n\t\t\t<\/iframe>\n\t\t<\/div>\n\n\t\t<\/div>\n<div align=\"left\"><span style=\"text-decoration: underline;color: #000000\"><a style=\"color: #000000;text-decoration: underline\" href=\"https:\/\/regions-snetap-fsu.fr\/hdf\/wp-content\/uploads\/sites\/5\/2020\/01\/INSEE_analyse_retraites_dec_2019.pdf\" target=\"_blank\" rel=\"noopener noreferrer\">Lien : Pour t\u00e9l\u00e9charger le document ci-dessus<\/a><\/span><\/div>\n<div align=\"left\"><\/div>\n<div align=\"left\">\n<h3 style=\"text-align: center\" align=\"left\"><span style=\"color: #ff0000;font-family: tahoma, arial, helvetica, sans-serif\">Pendant ce temps :<\/span><\/h3>\n<\/div>\n<div align=\"left\">\n<div style=\"text-align: justify\" align=\"left\"><span style=\"color: #0000ff;font-family: tahoma, arial, helvetica, sans-serif\">Le ministre de l\u2019\u00c9ducation confirme que la revalorisation n\u2019aura lieu au mieux qu\u2019en 2021, un an apr\u00e8s le texte des retraites. Il avoue aussi, d\u00e9finitivement, qu\u2019<span style=\"color: #ff0000\"><b>il ne s\u2019agira pas d\u2019une revalorisation, mais d\u2019une augmentation du temps de travail donc d\u2019une charge suppl\u00e9mentaire sur les enseignants compens\u00e9e (enti\u00e8rement ?) par une augmentation du salaire.<\/b><\/span><\/span><\/div>\n<div align=\"left\"><\/div>\n<\/div>\n<div align=\"left\">\n\t\t<div class=\"wppdfemb-frame-container-2\" style=\"-webkit-overflow-scrolling:auto;\">\n\t\t\t<iframe class=\"pdfembed-iframe nonfullscreen wppdf-emb-iframe-2\"\n\t\t\t\tsrc=\"https:\/\/regions-snetap-fsu.fr\/formation\/?pdfemb-data=eyJ1cmwiOiJodHRwczpcL1wvcmVnaW9ucy1zbmV0YXAtZnN1LmZyXC9oZGZcL3dwLWNvbnRlbnRcL3VwbG9hZHNcL3NpdGVzXC81XC8yMDIwXC8wMVwvQ1BfRlNVX3NhbGFpcmVfMTNqYW52MjAyMC1jb252ZXJ0aS5wZGYiLCJpbmRleCI6MiwicGRmSUQiOjB9\"\n\t\t\t\t\t\t\t\tdata-pdf-id=\"0\"\n\t\t\t\tdata-pdf-index=\"2\"\n\t\t\t\tstyle=\"border:none;width:100%;max-width:100%;height:100vh;\"\n\t\t\t\tscrolling=\"yes\">\n\t\t\t<\/iframe>\n\t\t<\/div>\n\n\t\t<\/div>\n<div align=\"left\"><a href=\"https:\/\/regions-snetap-fsu.fr\/hdf\/wp-content\/uploads\/sites\/5\/2020\/01\/CP_FSU_salaire_13janv2020-converti.pdf\" target=\"_blank\" rel=\"noopener noreferrer\"><span style=\"text-decoration: underline;color: #000000\">Lien : Pour t\u00e9l\u00e9charger le document ci-dessus<\/span><\/a><\/div>\n<div align=\"left\"><\/div>\n<div align=\"left\">\n<div style=\"text-align: justify\" align=\"left\"><span style=\"color: #0000ff\"><strong><span style=\"font-family: tahoma, arial, helvetica, sans-serif\">Prochaine \u00e9tape, \u00e9clatement du statut et privatisation de l\u2019enseignement ?<\/span><\/strong><\/span><\/div>\n<\/div>\n<div align=\"left\"><\/div>\n<div align=\"left\">\n<h3 style=\"text-align: center\" align=\"left\"><strong><span style=\"color: #ff0000;font-family: tahoma, arial, helvetica, sans-serif\">CONCLUSION<\/span><\/strong><\/h3>\n<div align=\"left\">\n<div style=\"text-align: justify\" align=\"left\"><span style=\"font-family: tahoma, arial, helvetica, sans-serif;color: #0000ff\">Il faut continuer \u00e0 montrer au gouvernement qu\u2019il ne peut pas faire n\u2019importe quoi. <span style=\"color: #ff0000\"><b>Si nous ne nous mobilisons pas, comme pour l\u2019accompagnement des \u00e9l\u00e8ves handicap\u00e9s, les E3C, la classe exceptionnelle, les seuils\u2026 Si nous ne suivons pas les actions qui prennent de l&rsquo;ampleur et qui se diversifient&#8230; Dos au mur, nous n\u2019aurons plus que les yeux pour pleurer\u2026<\/b><\/span><\/span><\/div>\n<\/div>\n<\/div>\n<div align=\"left\"><\/div>\n<div align=\"left\">\n<blockquote>\n<h3 style=\"text-align: center\" align=\"left\"><span style=\"color: #ff0000;font-family: tahoma, arial, helvetica, sans-serif;font-size: 14pt\"><b>Toutes et tous dans les manifestations et en gr\u00e8ve !<\/b><\/span><\/h3>\n<\/blockquote>\n<\/div>\n<h3 style=\"text-align: center\" align=\"left\"><strong><span style=\"font-family: tahoma, arial, helvetica, sans-serif;color: #008000\">Temps fort : Vendredi 24 janvier<br \/>\n<\/span><\/strong><\/h3>\n\n\t\t<div class=\"wppdfemb-frame-container-3\" style=\"-webkit-overflow-scrolling:auto;\">\n\t\t\t<iframe class=\"pdfembed-iframe nonfullscreen wppdf-emb-iframe-3\"\n\t\t\t\tsrc=\"https:\/\/regions-snetap-fsu.fr\/formation\/?pdfemb-data=eyJ1cmwiOiJodHRwczpcL1wvcmVnaW9ucy1zbmV0YXAtZnN1LmZyXC9oZGZcL3dwLWNvbnRlbnRcL3VwbG9hZHNcL3NpdGVzXC81XC8yMDIwXC8wMVwvYWZmaWNoZV9zbmV0YXBfLV9jb3VwX2RlX3BvaW5nXzI0LTAxX2NvcGllXzIucGRmIiwiaW5kZXgiOjMsInBkZklEIjowfQ\"\n\t\t\t\t\t\t\t\tdata-pdf-id=\"0\"\n\t\t\t\tdata-pdf-index=\"3\"\n\t\t\t\tstyle=\"border:none;width:100%;max-width:100%;height:100vh;\"\n\t\t\t\tscrolling=\"yes\">\n\t\t\t<\/iframe>\n\t\t<\/div>\n\n\t\t\n<p><span style=\"text-decoration: underline\"><span style=\"font-family: tahoma, arial, helvetica, sans-serif;color: #000000\"><a style=\"color: #000000;text-decoration: underline\" href=\"https:\/\/regions-snetap-fsu.fr\/hdf\/wp-content\/uploads\/sites\/5\/2020\/01\/affiche_snetap_-_coup_de_poing_24-01_copie_2.pdf\" target=\"_blank\" rel=\"noopener noreferrer\">Lien : Pour t\u00e9l\u00e9charger l&rsquo;affiche ci-dessus<\/a><\/span><\/span><\/p>\n<h3 style=\"text-align: center\"><span style=\"text-decoration: underline;color: #000000;font-family: tahoma, arial, helvetica, sans-serif\"><a style=\"color: #000000;text-decoration: underline\" href=\"http:\/\/fsu.fr\/note-fsu-reforme-des-retraites-point-detape\/\" target=\"_blank\" rel=\"noopener noreferrer\">Lien : Note FSU : R\u00e9forme des retraites, point d\u2019\u00e9tape<\/a><\/span><\/h3>\n","protected":false},"excerpt":{"rendered":"<p>Malgr\u00e9 le leurre de la lettre du Premier ministre, l\u2019action continue dans les Hauts-de-France, pourquoi ? Le retrait de l\u2019\u00e2ge pivot n\u2019est absolument pas act\u00e9. Il s\u2019ag\u00eet juste de faire croire qu\u2019il peut \u00eatre remis en cause tout en pr\u00e9cisant qu\u2019il ne faut toucher \u00e0 rien d\u2019autre du projet lors de la conf\u00e9rence de financement. [&hellip;]<\/p>\n","protected":false},"author":138,"featured_media":0,"comment_status":"closed","ping_status":"closed","sticky":false,"template":"","format":"standard","meta":{"ocean_post_layout":"","ocean_both_sidebars_style":"","ocean_both_sidebars_content_width":0,"ocean_both_sidebars_sidebars_width":0,"ocean_sidebar":"","ocean_second_sidebar":"","ocean_disable_margins":"enable","ocean_add_body_class":"","ocean_shortcode_before_top_bar":"","ocean_shortcode_after_top_bar":"","ocean_shortcode_before_header":"","ocean_shortcode_after_header":"","ocean_has_shortcode":"","ocean_shortcode_after_title":"","ocean_shortcode_before_footer_widgets":"","ocean_shortcode_after_footer_widgets":"","ocean_shortcode_before_footer_bottom":"","ocean_shortcode_after_footer_bottom":"","ocean_display_top_bar":"default","ocean_display_header":"default","ocean_header_style":"","ocean_center_header_left_menu":"","ocean_custom_header_template":"","ocean_custom_logo":0,"ocean_custom_retina_logo":0,"ocean_custom_logo_max_width":0,"ocean_custom_logo_tablet_max_width":0,"ocean_custom_logo_mobile_max_width":0,"ocean_custom_logo_max_height":0,"ocean_custom_logo_tablet_max_height":0,"ocean_custom_logo_mobile_max_height":0,"ocean_header_custom_menu":"","ocean_menu_typo_font_family":"","ocean_menu_typo_font_subset":"","ocean_menu_typo_font_size":0,"ocean_menu_typo_font_size_tablet":0,"ocean_menu_typo_font_size_mobile":0,"ocean_menu_typo_font_size_unit":"px","ocean_menu_typo_font_weight":"","ocean_menu_typo_font_weight_tablet":"","ocean_menu_typo_font_weight_mobile":"","ocean_menu_typo_transform":"","ocean_menu_typo_transform_tablet":"","ocean_menu_typo_transform_mobile":"","ocean_menu_typo_line_height":0,"ocean_menu_typo_line_height_tablet":0,"ocean_menu_typo_line_height_mobile":0,"ocean_menu_typo_line_height_unit":"","ocean_menu_typo_spacing":0,"ocean_menu_typo_spacing_tablet":0,"ocean_menu_typo_spacing_mobile":0,"ocean_menu_typo_spacing_unit":"","ocean_menu_link_color":"","ocean_menu_link_color_hover":"","ocean_menu_link_color_active":"","ocean_menu_link_background":"","ocean_menu_link_hover_background":"","ocean_menu_link_active_background":"","ocean_menu_social_links_bg":"","ocean_menu_social_hover_links_bg":"","ocean_menu_social_links_color":"","ocean_menu_social_hover_links_color":"","ocean_disable_title":"default","ocean_disable_heading":"default","ocean_post_title":"","ocean_post_subheading":"","ocean_post_title_style":"","ocean_post_title_background_color":"","ocean_post_title_background":0,"ocean_post_title_bg_image_position":"","ocean_post_title_bg_image_attachment":"","ocean_post_title_bg_image_repeat":"","ocean_post_title_bg_image_size":"","ocean_post_title_height":0,"ocean_post_title_bg_overlay":0.5,"ocean_post_title_bg_overlay_color":"","ocean_disable_breadcrumbs":"default","ocean_breadcrumbs_color":"","ocean_breadcrumbs_separator_color":"","ocean_breadcrumbs_links_color":"","ocean_breadcrumbs_links_hover_color":"","ocean_display_footer_widgets":"default","ocean_display_footer_bottom":"default","ocean_custom_footer_template":"","ocean_post_oembed":"","ocean_post_self_hosted_media":"","ocean_post_video_embed":"","ocean_link_format":"","ocean_link_format_target":"self","ocean_quote_format":"","ocean_quote_format_link":"post","ocean_gallery_link_images":"on","ocean_gallery_id":[],"footnotes":""},"categories":[3],"tags":[],"post_folder":[],"class_list":["post-4154","post","type-post","status-publish","format-standard","hentry","category-actions-greves-manifs","entry"],"yoast_head":"<!-- This site is optimized with the Yoast SEO plugin v27.4 - https:\/\/yoast.com\/product\/yoast-seo-wordpress\/ -->\n<title>Pourquoi l&#039;action doit continuer ? - Formation des sites R\u00e9gionaux du SNETAP-FSU<\/title>\n<meta name=\"robots\" content=\"index, follow, max-snippet:-1, max-image-preview:large, max-video-preview:-1\" \/>\n<link rel=\"canonical\" href=\"https:\/\/regions-snetap-fsu.fr\/formation\/2020\/01\/18\/pourquoi-laction-doit-continuer\/\" \/>\n<meta property=\"og:locale\" content=\"fr_FR\" \/>\n<meta property=\"og:type\" content=\"article\" \/>\n<meta property=\"og:title\" content=\"Pourquoi l&#039;action doit continuer ? - Formation des sites R\u00e9gionaux du SNETAP-FSU\" \/>\n<meta property=\"og:description\" content=\"Malgr\u00e9 le leurre de la lettre du Premier ministre, l\u2019action continue dans les Hauts-de-France, pourquoi ? Le retrait de l\u2019\u00e2ge pivot n\u2019est absolument pas act\u00e9. Il s\u2019ag\u00eet juste de faire croire qu\u2019il peut \u00eatre remis en cause tout en pr\u00e9cisant qu\u2019il ne faut toucher \u00e0 rien d\u2019autre du projet lors de la conf\u00e9rence de financement. [&hellip;]\" \/>\n<meta property=\"og:url\" content=\"https:\/\/regions-snetap-fsu.fr\/formation\/2020\/01\/18\/pourquoi-laction-doit-continuer\/\" \/>\n<meta property=\"og:site_name\" content=\"Formation des sites R\u00e9gionaux du SNETAP-FSU\" \/>\n<meta property=\"article:published_time\" content=\"2020-01-18T16:24:36+00:00\" \/>\n<meta name=\"author\" content=\"yoctavien\" \/>\n<meta name=\"twitter:card\" content=\"summary_large_image\" \/>\n<meta name=\"twitter:label1\" content=\"\u00c9crit par\" \/>\n\t<meta name=\"twitter:data1\" content=\"yoctavien\" \/>\n\t<meta name=\"twitter:label2\" content=\"Dur\u00e9e de lecture estim\u00e9e\" \/>\n\t<meta name=\"twitter:data2\" content=\"2 minutes\" \/>\n<script type=\"application\/ld+json\" class=\"yoast-schema-graph\">{\"@context\":\"https:\\\/\\\/schema.org\",\"@graph\":[{\"@type\":\"Article\",\"@id\":\"https:\\\/\\\/regions-snetap-fsu.fr\\\/formation\\\/2020\\\/01\\\/18\\\/pourquoi-laction-doit-continuer\\\/#article\",\"isPartOf\":{\"@id\":\"https:\\\/\\\/regions-snetap-fsu.fr\\\/formation\\\/2020\\\/01\\\/18\\\/pourquoi-laction-doit-continuer\\\/\"},\"author\":{\"name\":\"yoctavien\",\"@id\":\"https:\\\/\\\/regions-snetap-fsu.fr\\\/formation\\\/#\\\/schema\\\/person\\\/f5dc7b6354e942ca9c5fa8e9ff7e5c93\"},\"headline\":\"Pourquoi l&rsquo;action doit continuer ?\",\"datePublished\":\"2020-01-18T16:24:36+00:00\",\"mainEntityOfPage\":{\"@id\":\"https:\\\/\\\/regions-snetap-fsu.fr\\\/formation\\\/2020\\\/01\\\/18\\\/pourquoi-laction-doit-continuer\\\/\"},\"wordCount\":446,\"publisher\":{\"@id\":\"https:\\\/\\\/regions-snetap-fsu.fr\\\/formation\\\/#organization\"},\"image\":{\"@id\":\"https:\\\/\\\/regions-snetap-fsu.fr\\\/formation\\\/2020\\\/01\\\/18\\\/pourquoi-laction-doit-continuer\\\/#primaryimage\"},\"thumbnailUrl\":\"https:\\\/\\\/regions-snetap-fsu.fr\\\/hdf\\\/wp-content\\\/uploads\\\/sites\\\/5\\\/2019\\\/05\\\/21mai_Banderole-1024x609.jpg\",\"articleSection\":[\"Actions - Gr\u00e8ves - Manifs\"],\"inLanguage\":\"fr-FR\"},{\"@type\":\"WebPage\",\"@id\":\"https:\\\/\\\/regions-snetap-fsu.fr\\\/formation\\\/2020\\\/01\\\/18\\\/pourquoi-laction-doit-continuer\\\/\",\"url\":\"https:\\\/\\\/regions-snetap-fsu.fr\\\/formation\\\/2020\\\/01\\\/18\\\/pourquoi-laction-doit-continuer\\\/\",\"name\":\"Pourquoi l'action doit continuer ? - Formation des sites R\u00e9gionaux du SNETAP-FSU\",\"isPartOf\":{\"@id\":\"https:\\\/\\\/regions-snetap-fsu.fr\\\/formation\\\/#website\"},\"primaryImageOfPage\":{\"@id\":\"https:\\\/\\\/regions-snetap-fsu.fr\\\/formation\\\/2020\\\/01\\\/18\\\/pourquoi-laction-doit-continuer\\\/#primaryimage\"},\"image\":{\"@id\":\"https:\\\/\\\/regions-snetap-fsu.fr\\\/formation\\\/2020\\\/01\\\/18\\\/pourquoi-laction-doit-continuer\\\/#primaryimage\"},\"thumbnailUrl\":\"https:\\\/\\\/regions-snetap-fsu.fr\\\/hdf\\\/wp-content\\\/uploads\\\/sites\\\/5\\\/2019\\\/05\\\/21mai_Banderole-1024x609.jpg\",\"datePublished\":\"2020-01-18T16:24:36+00:00\",\"breadcrumb\":{\"@id\":\"https:\\\/\\\/regions-snetap-fsu.fr\\\/formation\\\/2020\\\/01\\\/18\\\/pourquoi-laction-doit-continuer\\\/#breadcrumb\"},\"inLanguage\":\"fr-FR\",\"potentialAction\":[{\"@type\":\"ReadAction\",\"target\":[\"https:\\\/\\\/regions-snetap-fsu.fr\\\/formation\\\/2020\\\/01\\\/18\\\/pourquoi-laction-doit-continuer\\\/\"]}]},{\"@type\":\"ImageObject\",\"inLanguage\":\"fr-FR\",\"@id\":\"https:\\\/\\\/regions-snetap-fsu.fr\\\/formation\\\/2020\\\/01\\\/18\\\/pourquoi-laction-doit-continuer\\\/#primaryimage\",\"url\":\"https:\\\/\\\/regions-snetap-fsu.fr\\\/hdf\\\/wp-content\\\/uploads\\\/sites\\\/5\\\/2019\\\/05\\\/21mai_Banderole-1024x609.jpg\",\"contentUrl\":\"https:\\\/\\\/regions-snetap-fsu.fr\\\/hdf\\\/wp-content\\\/uploads\\\/sites\\\/5\\\/2019\\\/05\\\/21mai_Banderole-1024x609.jpg\"},{\"@type\":\"BreadcrumbList\",\"@id\":\"https:\\\/\\\/regions-snetap-fsu.fr\\\/formation\\\/2020\\\/01\\\/18\\\/pourquoi-laction-doit-continuer\\\/#breadcrumb\",\"itemListElement\":[{\"@type\":\"ListItem\",\"position\":1,\"name\":\"Accueil\",\"item\":\"https:\\\/\\\/regions-snetap-fsu.fr\\\/formation\\\/\"},{\"@type\":\"ListItem\",\"position\":2,\"name\":\"Pourquoi l&rsquo;action doit continuer ?\"}]},{\"@type\":\"WebSite\",\"@id\":\"https:\\\/\\\/regions-snetap-fsu.fr\\\/formation\\\/#website\",\"url\":\"https:\\\/\\\/regions-snetap-fsu.fr\\\/formation\\\/\",\"name\":\"Formation des sites R\u00e9gionaux du SNETAP-FSU\",\"description\":\"\",\"publisher\":{\"@id\":\"https:\\\/\\\/regions-snetap-fsu.fr\\\/formation\\\/#organization\"},\"potentialAction\":[{\"@type\":\"SearchAction\",\"target\":{\"@type\":\"EntryPoint\",\"urlTemplate\":\"https:\\\/\\\/regions-snetap-fsu.fr\\\/formation\\\/?s={search_term_string}\"},\"query-input\":{\"@type\":\"PropertyValueSpecification\",\"valueRequired\":true,\"valueName\":\"search_term_string\"}}],\"inLanguage\":\"fr-FR\"},{\"@type\":\"Organization\",\"@id\":\"https:\\\/\\\/regions-snetap-fsu.fr\\\/formation\\\/#organization\",\"name\":\"Formation des sites R\u00e9gionaux du SNETAP-FSU\",\"url\":\"https:\\\/\\\/regions-snetap-fsu.fr\\\/formation\\\/\",\"logo\":{\"@type\":\"ImageObject\",\"inLanguage\":\"fr-FR\",\"@id\":\"https:\\\/\\\/regions-snetap-fsu.fr\\\/formation\\\/#\\\/schema\\\/logo\\\/image\\\/\",\"url\":\"https:\\\/\\\/regions-snetap-fsu.fr\\\/formation\\\/wp-content\\\/uploads\\\/sites\\\/20\\\/2025\\\/04\\\/cropped-Logo_blanc_fond_transparent_1000x755.png\",\"contentUrl\":\"https:\\\/\\\/regions-snetap-fsu.fr\\\/formation\\\/wp-content\\\/uploads\\\/sites\\\/20\\\/2025\\\/04\\\/cropped-Logo_blanc_fond_transparent_1000x755.png\",\"width\":998,\"height\":689,\"caption\":\"Formation des sites R\u00e9gionaux du SNETAP-FSU\"},\"image\":{\"@id\":\"https:\\\/\\\/regions-snetap-fsu.fr\\\/formation\\\/#\\\/schema\\\/logo\\\/image\\\/\"}},{\"@type\":\"Person\",\"@id\":\"https:\\\/\\\/regions-snetap-fsu.fr\\\/formation\\\/#\\\/schema\\\/person\\\/f5dc7b6354e942ca9c5fa8e9ff7e5c93\",\"name\":\"yoctavien\",\"image\":{\"@type\":\"ImageObject\",\"inLanguage\":\"fr-FR\",\"@id\":\"https:\\\/\\\/secure.gravatar.com\\\/avatar\\\/382642c092b6b9da14641d3c478df2f3da4a2d17eea25691c232d4dbf735c292?s=96&d=mm&r=g\",\"url\":\"https:\\\/\\\/secure.gravatar.com\\\/avatar\\\/382642c092b6b9da14641d3c478df2f3da4a2d17eea25691c232d4dbf735c292?s=96&d=mm&r=g\",\"contentUrl\":\"https:\\\/\\\/secure.gravatar.com\\\/avatar\\\/382642c092b6b9da14641d3c478df2f3da4a2d17eea25691c232d4dbf735c292?s=96&d=mm&r=g\",\"caption\":\"yoctavien\"},\"url\":\"https:\\\/\\\/regions-snetap-fsu.fr\\\/formation\\\/author\\\/yoctavien\\\/\"}]}<\/script>\n<!-- \/ Yoast SEO plugin. -->","yoast_head_json":{"title":"Pourquoi l'action doit continuer ? - Formation des sites R\u00e9gionaux du SNETAP-FSU","robots":{"index":"index","follow":"follow","max-snippet":"max-snippet:-1","max-image-preview":"max-image-preview:large","max-video-preview":"max-video-preview:-1"},"canonical":"https:\/\/regions-snetap-fsu.fr\/formation\/2020\/01\/18\/pourquoi-laction-doit-continuer\/","og_locale":"fr_FR","og_type":"article","og_title":"Pourquoi l'action doit continuer ? - Formation des sites R\u00e9gionaux du SNETAP-FSU","og_description":"Malgr\u00e9 le leurre de la lettre du Premier ministre, l\u2019action continue dans les Hauts-de-France, pourquoi ? Le retrait de l\u2019\u00e2ge pivot n\u2019est absolument pas act\u00e9. Il s\u2019ag\u00eet juste de faire croire qu\u2019il peut \u00eatre remis en cause tout en pr\u00e9cisant qu\u2019il ne faut toucher \u00e0 rien d\u2019autre du projet lors de la conf\u00e9rence de financement. [&hellip;]","og_url":"https:\/\/regions-snetap-fsu.fr\/formation\/2020\/01\/18\/pourquoi-laction-doit-continuer\/","og_site_name":"Formation des sites R\u00e9gionaux du SNETAP-FSU","article_published_time":"2020-01-18T16:24:36+00:00","author":"yoctavien","twitter_card":"summary_large_image","twitter_misc":{"\u00c9crit par":"yoctavien","Dur\u00e9e de lecture estim\u00e9e":"2 minutes"},"schema":{"@context":"https:\/\/schema.org","@graph":[{"@type":"Article","@id":"https:\/\/regions-snetap-fsu.fr\/formation\/2020\/01\/18\/pourquoi-laction-doit-continuer\/#article","isPartOf":{"@id":"https:\/\/regions-snetap-fsu.fr\/formation\/2020\/01\/18\/pourquoi-laction-doit-continuer\/"},"author":{"name":"yoctavien","@id":"https:\/\/regions-snetap-fsu.fr\/formation\/#\/schema\/person\/f5dc7b6354e942ca9c5fa8e9ff7e5c93"},"headline":"Pourquoi l&rsquo;action doit continuer ?","datePublished":"2020-01-18T16:24:36+00:00","mainEntityOfPage":{"@id":"https:\/\/regions-snetap-fsu.fr\/formation\/2020\/01\/18\/pourquoi-laction-doit-continuer\/"},"wordCount":446,"publisher":{"@id":"https:\/\/regions-snetap-fsu.fr\/formation\/#organization"},"image":{"@id":"https:\/\/regions-snetap-fsu.fr\/formation\/2020\/01\/18\/pourquoi-laction-doit-continuer\/#primaryimage"},"thumbnailUrl":"https:\/\/regions-snetap-fsu.fr\/hdf\/wp-content\/uploads\/sites\/5\/2019\/05\/21mai_Banderole-1024x609.jpg","articleSection":["Actions - Gr\u00e8ves - Manifs"],"inLanguage":"fr-FR"},{"@type":"WebPage","@id":"https:\/\/regions-snetap-fsu.fr\/formation\/2020\/01\/18\/pourquoi-laction-doit-continuer\/","url":"https:\/\/regions-snetap-fsu.fr\/formation\/2020\/01\/18\/pourquoi-laction-doit-continuer\/","name":"Pourquoi l'action doit continuer ? - Formation des sites R\u00e9gionaux du SNETAP-FSU","isPartOf":{"@id":"https:\/\/regions-snetap-fsu.fr\/formation\/#website"},"primaryImageOfPage":{"@id":"https:\/\/regions-snetap-fsu.fr\/formation\/2020\/01\/18\/pourquoi-laction-doit-continuer\/#primaryimage"},"image":{"@id":"https:\/\/regions-snetap-fsu.fr\/formation\/2020\/01\/18\/pourquoi-laction-doit-continuer\/#primaryimage"},"thumbnailUrl":"https:\/\/regions-snetap-fsu.fr\/hdf\/wp-content\/uploads\/sites\/5\/2019\/05\/21mai_Banderole-1024x609.jpg","datePublished":"2020-01-18T16:24:36+00:00","breadcrumb":{"@id":"https:\/\/regions-snetap-fsu.fr\/formation\/2020\/01\/18\/pourquoi-laction-doit-continuer\/#breadcrumb"},"inLanguage":"fr-FR","potentialAction":[{"@type":"ReadAction","target":["https:\/\/regions-snetap-fsu.fr\/formation\/2020\/01\/18\/pourquoi-laction-doit-continuer\/"]}]},{"@type":"ImageObject","inLanguage":"fr-FR","@id":"https:\/\/regions-snetap-fsu.fr\/formation\/2020\/01\/18\/pourquoi-laction-doit-continuer\/#primaryimage","url":"https:\/\/regions-snetap-fsu.fr\/hdf\/wp-content\/uploads\/sites\/5\/2019\/05\/21mai_Banderole-1024x609.jpg","contentUrl":"https:\/\/regions-snetap-fsu.fr\/hdf\/wp-content\/uploads\/sites\/5\/2019\/05\/21mai_Banderole-1024x609.jpg"},{"@type":"BreadcrumbList","@id":"https:\/\/regions-snetap-fsu.fr\/formation\/2020\/01\/18\/pourquoi-laction-doit-continuer\/#breadcrumb","itemListElement":[{"@type":"ListItem","position":1,"name":"Accueil","item":"https:\/\/regions-snetap-fsu.fr\/formation\/"},{"@type":"ListItem","position":2,"name":"Pourquoi l&rsquo;action doit continuer ?"}]},{"@type":"WebSite","@id":"https:\/\/regions-snetap-fsu.fr\/formation\/#website","url":"https:\/\/regions-snetap-fsu.fr\/formation\/","name":"Formation des sites R\u00e9gionaux du SNETAP-FSU","description":"","publisher":{"@id":"https:\/\/regions-snetap-fsu.fr\/formation\/#organization"},"potentialAction":[{"@type":"SearchAction","target":{"@type":"EntryPoint","urlTemplate":"https:\/\/regions-snetap-fsu.fr\/formation\/?s={search_term_string}"},"query-input":{"@type":"PropertyValueSpecification","valueRequired":true,"valueName":"search_term_string"}}],"inLanguage":"fr-FR"},{"@type":"Organization","@id":"https:\/\/regions-snetap-fsu.fr\/formation\/#organization","name":"Formation des sites R\u00e9gionaux du SNETAP-FSU","url":"https:\/\/regions-snetap-fsu.fr\/formation\/","logo":{"@type":"ImageObject","inLanguage":"fr-FR","@id":"https:\/\/regions-snetap-fsu.fr\/formation\/#\/schema\/logo\/image\/","url":"https:\/\/regions-snetap-fsu.fr\/formation\/wp-content\/uploads\/sites\/20\/2025\/04\/cropped-Logo_blanc_fond_transparent_1000x755.png","contentUrl":"https:\/\/regions-snetap-fsu.fr\/formation\/wp-content\/uploads\/sites\/20\/2025\/04\/cropped-Logo_blanc_fond_transparent_1000x755.png","width":998,"height":689,"caption":"Formation des sites R\u00e9gionaux du SNETAP-FSU"},"image":{"@id":"https:\/\/regions-snetap-fsu.fr\/formation\/#\/schema\/logo\/image\/"}},{"@type":"Person","@id":"https:\/\/regions-snetap-fsu.fr\/formation\/#\/schema\/person\/f5dc7b6354e942ca9c5fa8e9ff7e5c93","name":"yoctavien","image":{"@type":"ImageObject","inLanguage":"fr-FR","@id":"https:\/\/secure.gravatar.com\/avatar\/382642c092b6b9da14641d3c478df2f3da4a2d17eea25691c232d4dbf735c292?s=96&d=mm&r=g","url":"https:\/\/secure.gravatar.com\/avatar\/382642c092b6b9da14641d3c478df2f3da4a2d17eea25691c232d4dbf735c292?s=96&d=mm&r=g","contentUrl":"https:\/\/secure.gravatar.com\/avatar\/382642c092b6b9da14641d3c478df2f3da4a2d17eea25691c232d4dbf735c292?s=96&d=mm&r=g","caption":"yoctavien"},"url":"https:\/\/regions-snetap-fsu.fr\/formation\/author\/yoctavien\/"}]}},"_links":{"self":[{"href":"https:\/\/regions-snetap-fsu.fr\/formation\/wp-json\/wp\/v2\/posts\/4154","targetHints":{"allow":["GET"]}}],"collection":[{"href":"https:\/\/regions-snetap-fsu.fr\/formation\/wp-json\/wp\/v2\/posts"}],"about":[{"href":"https:\/\/regions-snetap-fsu.fr\/formation\/wp-json\/wp\/v2\/types\/post"}],"author":[{"embeddable":true,"href":"https:\/\/regions-snetap-fsu.fr\/formation\/wp-json\/wp\/v2\/users\/138"}],"replies":[{"embeddable":true,"href":"https:\/\/regions-snetap-fsu.fr\/formation\/wp-json\/wp\/v2\/comments?post=4154"}],"version-history":[{"count":0,"href":"https:\/\/regions-snetap-fsu.fr\/formation\/wp-json\/wp\/v2\/posts\/4154\/revisions"}],"wp:attachment":[{"href":"https:\/\/regions-snetap-fsu.fr\/formation\/wp-json\/wp\/v2\/media?parent=4154"}],"wp:term":[{"taxonomy":"category","embeddable":true,"href":"https:\/\/regions-snetap-fsu.fr\/formation\/wp-json\/wp\/v2\/categories?post=4154"},{"taxonomy":"post_tag","embeddable":true,"href":"https:\/\/regions-snetap-fsu.fr\/formation\/wp-json\/wp\/v2\/tags?post=4154"},{"taxonomy":"post_folder","embeddable":true,"href":"https:\/\/regions-snetap-fsu.fr\/formation\/wp-json\/wp\/v2\/post_folder?post=4154"}],"curies":[{"name":"wp","href":"https:\/\/api.w.org\/{rel}","templated":true}]}}