{"id":4055,"date":"2020-01-02T12:24:47","date_gmt":"2020-01-02T11:24:47","guid":{"rendered":"https:\/\/regions-snetap-fsu.fr\/hdf\/?p=4055"},"modified":"2020-01-02T12:24:47","modified_gmt":"2020-01-02T11:24:47","slug":"voeux-pour-lannee-2020","status":"publish","type":"post","link":"https:\/\/regions-snetap-fsu.fr\/formation\/2020\/01\/02\/voeux-pour-lannee-2020\/","title":{"rendered":"V\u0153ux pour l\u2019ann\u00e9e 2020"},"content":{"rendered":"<h2 style=\"text-align: center\"><span style=\"color: #008000;font-family: tahoma, arial, helvetica, sans-serif\"><span style=\"font-size: x-large\">V\u0153ux pour l\u2019ann\u00e9e 2020<\/span><\/span><\/h2>\n<p align=\"justify\"><img decoding=\"async\" class=\"aligncenter size-medium wp-image-4053\" src=\"https:\/\/regions-snetap-fsu.fr\/hdf\/wp-content\/uploads\/sites\/5\/2019\/12\/Bonne_annee_2020-300x99.png\" alt=\"\" width=\"300\" height=\"99\" \/><\/p>\n<blockquote>\n<p align=\"justify\"><span style=\"color: #008000;font-family: tahoma, arial, helvetica, sans-serif\"><b>Nous osons de croire que l\u2019entraide, la solidarit\u00e9 sont les meilleurs moyens pour lutter contre les in\u00e9galit\u00e9s et le recul social en apportant de la chaleur dans nos c\u0153urs.<\/b><\/span><\/p>\n<p style=\"text-align: justify\" align=\"justify\"><span style=\"font-family: tahoma, arial, helvetica, sans-serif;color: #ff0000\"><b>Que cette ann\u00e9e 2020, nous donne la force de nous indigner car nos choix commanderont notre destin pour longtemps&#8230;<\/b><\/span><\/p>\n<\/blockquote>\n<p align=\"justify\"><!--more--><\/p>\n<p style=\"text-align: justify\" align=\"justify\"><span style=\"color: #0000ff;font-family: tahoma, arial, helvetica, sans-serif\">Les difficult\u00e9s au quotidien sont de plus en plus pr\u00e9sentes face \u00e0 une politique lib\u00e9rale sans complexe, cherchant \u00e0 d\u00e9truire le mod\u00e8le social r\u00e9publicain h\u00e9rit\u00e9 du conseil national de la r\u00e9sistance et \u00e0 affaiblir le service public dont l\u2019Enseignement Agricole Public (EAP).<\/span><\/p>\n<p style=\"text-align: justify\" align=\"justify\"><span style=\"color: #0000ff;font-family: tahoma, arial, helvetica, sans-serif\">Depuis de la derni\u00e8re rentr\u00e9e scolaire, certain\u00b7es de nos coll\u00e8gues doivent faire face \u00e0 des soucis de d\u00e9r\u00e9glementation et de management, rendant ainsi des conditions de travail difficiles et au d\u00e9triment des projets p\u00e9dagogiques.<\/span><\/p>\n<p style=\"text-align: justify\" align=\"justify\"><span style=\"color: #0000ff;font-family: tahoma, arial, helvetica, sans-serif\">Nos coll\u00e8gues des UFA\/CFPPA doivent toujours g\u00e9rer l\u2019incertitude face \u00e0 la r\u00e9forme de l\u2019apprentissage et la mise en place du CFA R\u00e9gional. Les DRAAF-SRFD ne sont plus capables de conna\u00eetre toutes les formations par apprentissage qui se mettront en place par des organismes priv\u00e9s.<\/span><\/p>\n<p style=\"text-align: justify\" align=\"justify\"><span style=\"color: #0000ff;font-family: tahoma, arial, helvetica, sans-serif\">La DRAAF-SRFD des Hauts-de-France est d\u00e9termin\u00e9 \u00e0 faire son z\u00e8le dans la course aux r\u00e9ductions de moyens pour satisfaire une DGER, un ministre, un gouvernement et un Pr\u00e9sident de la R\u00e9publique \u00e0 la botte des plus fortun\u00e9\u00b7es, minoritaires, mais bien d\u00e9termin\u00e9\u00b7es \u00e0 augmenter encore leur capital avec le refus de partager \u00e9quitablement les richesses qui s\u2019accroissent.<\/span><\/p>\n<p style=\"text-align: justify\" align=\"justify\"><span style=\"color: #0000ff;font-family: tahoma, arial, helvetica, sans-serif\">Les strat\u00e9gies pour l\u2019ann\u00e9e 2020 et les autres ann\u00e9es qui suivront de la DRAAF-SRFD des Hauts-de-France, de la DGER et du gouvernement sont d\u00e9j\u00e0 sur table. Ce sont : mixit\u00e9 des parcours, mixit\u00e9 des publics, fusion d\u2019\u00e9tablissements, projet de r\u00e9forme des retraites, r\u00e9forme du statut de fonctionnaire qui cache plut\u00f4t l\u2019abandon du statut de fonctionnaire vers la \u00ab CDIsation \u00bb avec sa fausse revalorisation des agent\u00b7es (travailler plus, moins de vacances en \u00e9change d\u2019une obole), l\u2019accentuation du pouvoir des chefs d\u2019\u00e9tablissement qui pourront d\u00e9terminer votre paye et votre carri\u00e8re, la r\u00e9forme des formations vers le tout CCF&#8230;<\/span><\/p>\n<p style=\"text-align: justify\" align=\"justify\"><span style=\"color: #0000ff;font-family: tahoma, arial, helvetica, sans-serif\">Bref, si nous ne nous mobilisons pas, en l\u2019ann\u00e9e 2020, nous quitterons le grand mod\u00e8le de la solidarit\u00e9 du conseil national de la r\u00e9sistance pour mettre en place l\u2019individualisation dans lequel tout le monde sera perdant \u00e0 moyen terme.<\/span><\/p>\n<p style=\"text-align: justify\" align=\"justify\"><span style=\"color: #0000ff;font-family: tahoma, arial, helvetica, sans-serif\">Les organisations syndicales, dont le SNETAP-FSU, ayant compris les dangers de cette politique lib\u00e9rale sont de plus en plus m\u00e9pris\u00e9es et \u00e9cart\u00e9es du dialogue sociale et ceci \u00e0 tous les niveaux de la repr\u00e9sentativit\u00e9 syndicale.<\/span><\/p>\n<p style=\"text-align: justify\" align=\"justify\"><span style=\"color: #0000ff;font-family: tahoma, arial, helvetica, sans-serif\">La DRAAF-SFRD des Hauts-de-France ne respect m\u00eame plus la r\u00e9glementation pour l\u2019organisation des instances comme lors du dernier CREA.<\/span><\/p>\n<p style=\"text-align: justify\" align=\"justify\"><span style=\"color: #008000;font-family: tahoma, arial, helvetica, sans-serif\"><b>Nous osons de croire que l\u2019entraide, la solidarit\u00e9 sont les meilleurs moyens pour lutter contre les in\u00e9galit\u00e9s et le recul social en apportant de la chaleur dans nos c\u0153urs.<\/b><\/span><\/p>\n<p style=\"text-align: justify\" align=\"justify\"><span style=\"color: #ff0000;font-family: tahoma, arial, helvetica, sans-serif\"><b>Que l\u2019ann\u00e9e 2020 puisse apporter la force et la reconnaissance pour l\u2019EAP. Qu\u2019elle puisse vous apporter tout ce dont vous r\u00eavez car la vie ne serait rien sans une part de r\u00eave et d\u2019esp\u00e9rance.<\/b><\/span><\/p>\n<p style=\"text-align: justify\" align=\"justify\"><span style=\"color: #ff0000;font-family: tahoma, arial, helvetica, sans-serif\"><b>Que cette ann\u00e9e 2020, nous donne la force de nous indigner car nos choix commanderont notre destin pour longtemps.<\/b><\/span><\/p>\n<p style=\"text-align: justify\" align=\"justify\"><span style=\"color: #ff0000;font-family: tahoma, arial, helvetica, sans-serif\"><b>Que ces 12 mois qui arrivent nous renforcent dans notre solidarit\u00e9, dans nos combats syndicaux pour l\u2019humanit\u00e9, l\u2019\u00e9galit\u00e9, la justice, le progr\u00e8s social et l\u2019EAP.<\/b><\/span><\/p>\n","protected":false},"excerpt":{"rendered":"<p>V\u0153ux pour l\u2019ann\u00e9e 2020 Nous osons de croire que l\u2019entraide, la solidarit\u00e9 sont les meilleurs moyens pour lutter contre les in\u00e9galit\u00e9s et le recul social en apportant de la chaleur dans nos c\u0153urs. Que cette ann\u00e9e 2020, nous donne la force de nous indigner car nos choix commanderont notre destin pour longtemps&#8230;<\/p>\n","protected":false},"author":138,"featured_media":0,"comment_status":"closed","ping_status":"closed","sticky":false,"template":"","format":"standard","meta":{"ocean_post_layout":"","ocean_both_sidebars_style":"","ocean_both_sidebars_content_width":0,"ocean_both_sidebars_sidebars_width":0,"ocean_sidebar":"","ocean_second_sidebar":"","ocean_disable_margins":"enable","ocean_add_body_class":"","ocean_shortcode_before_top_bar":"","ocean_shortcode_after_top_bar":"","ocean_shortcode_before_header":"","ocean_shortcode_after_header":"","ocean_has_shortcode":"","ocean_shortcode_after_title":"","ocean_shortcode_before_footer_widgets":"","ocean_shortcode_after_footer_widgets":"","ocean_shortcode_before_footer_bottom":"","ocean_shortcode_after_footer_bottom":"","ocean_display_top_bar":"default","ocean_display_header":"default","ocean_header_style":"","ocean_center_header_left_menu":"","ocean_custom_header_template":"","ocean_custom_logo":0,"ocean_custom_retina_logo":0,"ocean_custom_logo_max_width":0,"ocean_custom_logo_tablet_max_width":0,"ocean_custom_logo_mobile_max_width":0,"ocean_custom_logo_max_height":0,"ocean_custom_logo_tablet_max_height":0,"ocean_custom_logo_mobile_max_height":0,"ocean_header_custom_menu":"","ocean_menu_typo_font_family":"","ocean_menu_typo_font_subset":"","ocean_menu_typo_font_size":0,"ocean_menu_typo_font_size_tablet":0,"ocean_menu_typo_font_size_mobile":0,"ocean_menu_typo_font_size_unit":"px","ocean_menu_typo_font_weight":"","ocean_menu_typo_font_weight_tablet":"","ocean_menu_typo_font_weight_mobile":"","ocean_menu_typo_transform":"","ocean_menu_typo_transform_tablet":"","ocean_menu_typo_transform_mobile":"","ocean_menu_typo_line_height":0,"ocean_menu_typo_line_height_tablet":0,"ocean_menu_typo_line_height_mobile":0,"ocean_menu_typo_line_height_unit":"","ocean_menu_typo_spacing":0,"ocean_menu_typo_spacing_tablet":0,"ocean_menu_typo_spacing_mobile":0,"ocean_menu_typo_spacing_unit":"","ocean_menu_link_color":"","ocean_menu_link_color_hover":"","ocean_menu_link_color_active":"","ocean_menu_link_background":"","ocean_menu_link_hover_background":"","ocean_menu_link_active_background":"","ocean_menu_social_links_bg":"","ocean_menu_social_hover_links_bg":"","ocean_menu_social_links_color":"","ocean_menu_social_hover_links_color":"","ocean_disable_title":"default","ocean_disable_heading":"default","ocean_post_title":"","ocean_post_subheading":"","ocean_post_title_style":"","ocean_post_title_background_color":"","ocean_post_title_background":0,"ocean_post_title_bg_image_position":"","ocean_post_title_bg_image_attachment":"","ocean_post_title_bg_image_repeat":"","ocean_post_title_bg_image_size":"","ocean_post_title_height":0,"ocean_post_title_bg_overlay":0.5,"ocean_post_title_bg_overlay_color":"","ocean_disable_breadcrumbs":"default","ocean_breadcrumbs_color":"","ocean_breadcrumbs_separator_color":"","ocean_breadcrumbs_links_color":"","ocean_breadcrumbs_links_hover_color":"","ocean_display_footer_widgets":"default","ocean_display_footer_bottom":"default","ocean_custom_footer_template":"","ocean_post_oembed":"","ocean_post_self_hosted_media":"","ocean_post_video_embed":"","ocean_link_format":"","ocean_link_format_target":"self","ocean_quote_format":"","ocean_quote_format_link":"post","ocean_gallery_link_images":"on","ocean_gallery_id":[],"footnotes":""},"categories":[11],"tags":[],"post_folder":[],"class_list":["post-4055","post","type-post","status-publish","format-standard","hentry","category-communiques","entry"],"yoast_head":"<!-- This site is optimized with the Yoast SEO plugin v27.4 - https:\/\/yoast.com\/product\/yoast-seo-wordpress\/ -->\n<title>V\u0153ux pour l\u2019ann\u00e9e 2020 - Formation des sites R\u00e9gionaux du SNETAP-FSU<\/title>\n<meta name=\"robots\" content=\"index, follow, max-snippet:-1, max-image-preview:large, max-video-preview:-1\" \/>\n<link rel=\"canonical\" href=\"https:\/\/regions-snetap-fsu.fr\/formation\/2020\/01\/02\/voeux-pour-lannee-2020\/\" \/>\n<meta property=\"og:locale\" content=\"fr_FR\" \/>\n<meta property=\"og:type\" content=\"article\" \/>\n<meta property=\"og:title\" content=\"V\u0153ux pour l\u2019ann\u00e9e 2020 - Formation des sites R\u00e9gionaux du SNETAP-FSU\" \/>\n<meta property=\"og:description\" content=\"V\u0153ux pour l\u2019ann\u00e9e 2020 Nous osons de croire que l\u2019entraide, la solidarit\u00e9 sont les meilleurs moyens pour lutter contre les in\u00e9galit\u00e9s et le recul social en apportant de la chaleur dans nos c\u0153urs. Que cette ann\u00e9e 2020, nous donne la force de nous indigner car nos choix commanderont notre destin pour longtemps&#8230;\" \/>\n<meta property=\"og:url\" content=\"https:\/\/regions-snetap-fsu.fr\/formation\/2020\/01\/02\/voeux-pour-lannee-2020\/\" \/>\n<meta property=\"og:site_name\" content=\"Formation des sites R\u00e9gionaux du SNETAP-FSU\" \/>\n<meta property=\"article:published_time\" content=\"2020-01-02T11:24:47+00:00\" \/>\n<meta name=\"author\" content=\"yoctavien\" \/>\n<meta name=\"twitter:card\" content=\"summary_large_image\" \/>\n<meta name=\"twitter:label1\" content=\"\u00c9crit par\" \/>\n\t<meta name=\"twitter:data1\" content=\"yoctavien\" \/>\n\t<meta name=\"twitter:label2\" content=\"Dur\u00e9e de lecture estim\u00e9e\" \/>\n\t<meta name=\"twitter:data2\" content=\"3 minutes\" \/>\n<script type=\"application\/ld+json\" class=\"yoast-schema-graph\">{\"@context\":\"https:\\\/\\\/schema.org\",\"@graph\":[{\"@type\":\"Article\",\"@id\":\"https:\\\/\\\/regions-snetap-fsu.fr\\\/formation\\\/2020\\\/01\\\/02\\\/voeux-pour-lannee-2020\\\/#article\",\"isPartOf\":{\"@id\":\"https:\\\/\\\/regions-snetap-fsu.fr\\\/formation\\\/2020\\\/01\\\/02\\\/voeux-pour-lannee-2020\\\/\"},\"author\":{\"name\":\"yoctavien\",\"@id\":\"https:\\\/\\\/regions-snetap-fsu.fr\\\/formation\\\/#\\\/schema\\\/person\\\/f5dc7b6354e942ca9c5fa8e9ff7e5c93\"},\"headline\":\"V\u0153ux pour l\u2019ann\u00e9e 2020\",\"datePublished\":\"2020-01-02T11:24:47+00:00\",\"mainEntityOfPage\":{\"@id\":\"https:\\\/\\\/regions-snetap-fsu.fr\\\/formation\\\/2020\\\/01\\\/02\\\/voeux-pour-lannee-2020\\\/\"},\"wordCount\":601,\"publisher\":{\"@id\":\"https:\\\/\\\/regions-snetap-fsu.fr\\\/formation\\\/#organization\"},\"image\":{\"@id\":\"https:\\\/\\\/regions-snetap-fsu.fr\\\/formation\\\/2020\\\/01\\\/02\\\/voeux-pour-lannee-2020\\\/#primaryimage\"},\"thumbnailUrl\":\"https:\\\/\\\/regions-snetap-fsu.fr\\\/hdf\\\/wp-content\\\/uploads\\\/sites\\\/5\\\/2019\\\/12\\\/Bonne_annee_2020-300x99.png\",\"articleSection\":[\"Communiqu\u00e9s\"],\"inLanguage\":\"fr-FR\"},{\"@type\":\"WebPage\",\"@id\":\"https:\\\/\\\/regions-snetap-fsu.fr\\\/formation\\\/2020\\\/01\\\/02\\\/voeux-pour-lannee-2020\\\/\",\"url\":\"https:\\\/\\\/regions-snetap-fsu.fr\\\/formation\\\/2020\\\/01\\\/02\\\/voeux-pour-lannee-2020\\\/\",\"name\":\"V\u0153ux pour l\u2019ann\u00e9e 2020 - Formation des sites R\u00e9gionaux du SNETAP-FSU\",\"isPartOf\":{\"@id\":\"https:\\\/\\\/regions-snetap-fsu.fr\\\/formation\\\/#website\"},\"primaryImageOfPage\":{\"@id\":\"https:\\\/\\\/regions-snetap-fsu.fr\\\/formation\\\/2020\\\/01\\\/02\\\/voeux-pour-lannee-2020\\\/#primaryimage\"},\"image\":{\"@id\":\"https:\\\/\\\/regions-snetap-fsu.fr\\\/formation\\\/2020\\\/01\\\/02\\\/voeux-pour-lannee-2020\\\/#primaryimage\"},\"thumbnailUrl\":\"https:\\\/\\\/regions-snetap-fsu.fr\\\/hdf\\\/wp-content\\\/uploads\\\/sites\\\/5\\\/2019\\\/12\\\/Bonne_annee_2020-300x99.png\",\"datePublished\":\"2020-01-02T11:24:47+00:00\",\"breadcrumb\":{\"@id\":\"https:\\\/\\\/regions-snetap-fsu.fr\\\/formation\\\/2020\\\/01\\\/02\\\/voeux-pour-lannee-2020\\\/#breadcrumb\"},\"inLanguage\":\"fr-FR\",\"potentialAction\":[{\"@type\":\"ReadAction\",\"target\":[\"https:\\\/\\\/regions-snetap-fsu.fr\\\/formation\\\/2020\\\/01\\\/02\\\/voeux-pour-lannee-2020\\\/\"]}]},{\"@type\":\"ImageObject\",\"inLanguage\":\"fr-FR\",\"@id\":\"https:\\\/\\\/regions-snetap-fsu.fr\\\/formation\\\/2020\\\/01\\\/02\\\/voeux-pour-lannee-2020\\\/#primaryimage\",\"url\":\"https:\\\/\\\/regions-snetap-fsu.fr\\\/hdf\\\/wp-content\\\/uploads\\\/sites\\\/5\\\/2019\\\/12\\\/Bonne_annee_2020-300x99.png\",\"contentUrl\":\"https:\\\/\\\/regions-snetap-fsu.fr\\\/hdf\\\/wp-content\\\/uploads\\\/sites\\\/5\\\/2019\\\/12\\\/Bonne_annee_2020-300x99.png\"},{\"@type\":\"BreadcrumbList\",\"@id\":\"https:\\\/\\\/regions-snetap-fsu.fr\\\/formation\\\/2020\\\/01\\\/02\\\/voeux-pour-lannee-2020\\\/#breadcrumb\",\"itemListElement\":[{\"@type\":\"ListItem\",\"position\":1,\"name\":\"Accueil\",\"item\":\"https:\\\/\\\/regions-snetap-fsu.fr\\\/formation\\\/\"},{\"@type\":\"ListItem\",\"position\":2,\"name\":\"V\u0153ux pour l\u2019ann\u00e9e 2020\"}]},{\"@type\":\"WebSite\",\"@id\":\"https:\\\/\\\/regions-snetap-fsu.fr\\\/formation\\\/#website\",\"url\":\"https:\\\/\\\/regions-snetap-fsu.fr\\\/formation\\\/\",\"name\":\"Formation des sites R\u00e9gionaux du SNETAP-FSU\",\"description\":\"\",\"publisher\":{\"@id\":\"https:\\\/\\\/regions-snetap-fsu.fr\\\/formation\\\/#organization\"},\"potentialAction\":[{\"@type\":\"SearchAction\",\"target\":{\"@type\":\"EntryPoint\",\"urlTemplate\":\"https:\\\/\\\/regions-snetap-fsu.fr\\\/formation\\\/?s={search_term_string}\"},\"query-input\":{\"@type\":\"PropertyValueSpecification\",\"valueRequired\":true,\"valueName\":\"search_term_string\"}}],\"inLanguage\":\"fr-FR\"},{\"@type\":\"Organization\",\"@id\":\"https:\\\/\\\/regions-snetap-fsu.fr\\\/formation\\\/#organization\",\"name\":\"Formation des sites R\u00e9gionaux du SNETAP-FSU\",\"url\":\"https:\\\/\\\/regions-snetap-fsu.fr\\\/formation\\\/\",\"logo\":{\"@type\":\"ImageObject\",\"inLanguage\":\"fr-FR\",\"@id\":\"https:\\\/\\\/regions-snetap-fsu.fr\\\/formation\\\/#\\\/schema\\\/logo\\\/image\\\/\",\"url\":\"https:\\\/\\\/regions-snetap-fsu.fr\\\/formation\\\/wp-content\\\/uploads\\\/sites\\\/20\\\/2025\\\/04\\\/cropped-Logo_blanc_fond_transparent_1000x755.png\",\"contentUrl\":\"https:\\\/\\\/regions-snetap-fsu.fr\\\/formation\\\/wp-content\\\/uploads\\\/sites\\\/20\\\/2025\\\/04\\\/cropped-Logo_blanc_fond_transparent_1000x755.png\",\"width\":998,\"height\":689,\"caption\":\"Formation des sites R\u00e9gionaux du SNETAP-FSU\"},\"image\":{\"@id\":\"https:\\\/\\\/regions-snetap-fsu.fr\\\/formation\\\/#\\\/schema\\\/logo\\\/image\\\/\"}},{\"@type\":\"Person\",\"@id\":\"https:\\\/\\\/regions-snetap-fsu.fr\\\/formation\\\/#\\\/schema\\\/person\\\/f5dc7b6354e942ca9c5fa8e9ff7e5c93\",\"name\":\"yoctavien\",\"image\":{\"@type\":\"ImageObject\",\"inLanguage\":\"fr-FR\",\"@id\":\"https:\\\/\\\/secure.gravatar.com\\\/avatar\\\/382642c092b6b9da14641d3c478df2f3da4a2d17eea25691c232d4dbf735c292?s=96&d=mm&r=g\",\"url\":\"https:\\\/\\\/secure.gravatar.com\\\/avatar\\\/382642c092b6b9da14641d3c478df2f3da4a2d17eea25691c232d4dbf735c292?s=96&d=mm&r=g\",\"contentUrl\":\"https:\\\/\\\/secure.gravatar.com\\\/avatar\\\/382642c092b6b9da14641d3c478df2f3da4a2d17eea25691c232d4dbf735c292?s=96&d=mm&r=g\",\"caption\":\"yoctavien\"},\"url\":\"https:\\\/\\\/regions-snetap-fsu.fr\\\/formation\\\/author\\\/yoctavien\\\/\"}]}<\/script>\n<!-- \/ Yoast SEO plugin. -->","yoast_head_json":{"title":"V\u0153ux pour l\u2019ann\u00e9e 2020 - Formation des sites R\u00e9gionaux du SNETAP-FSU","robots":{"index":"index","follow":"follow","max-snippet":"max-snippet:-1","max-image-preview":"max-image-preview:large","max-video-preview":"max-video-preview:-1"},"canonical":"https:\/\/regions-snetap-fsu.fr\/formation\/2020\/01\/02\/voeux-pour-lannee-2020\/","og_locale":"fr_FR","og_type":"article","og_title":"V\u0153ux pour l\u2019ann\u00e9e 2020 - Formation des sites R\u00e9gionaux du SNETAP-FSU","og_description":"V\u0153ux pour l\u2019ann\u00e9e 2020 Nous osons de croire que l\u2019entraide, la solidarit\u00e9 sont les meilleurs moyens pour lutter contre les in\u00e9galit\u00e9s et le recul social en apportant de la chaleur dans nos c\u0153urs. Que cette ann\u00e9e 2020, nous donne la force de nous indigner car nos choix commanderont notre destin pour longtemps&#8230;","og_url":"https:\/\/regions-snetap-fsu.fr\/formation\/2020\/01\/02\/voeux-pour-lannee-2020\/","og_site_name":"Formation des sites R\u00e9gionaux du SNETAP-FSU","article_published_time":"2020-01-02T11:24:47+00:00","author":"yoctavien","twitter_card":"summary_large_image","twitter_misc":{"\u00c9crit par":"yoctavien","Dur\u00e9e de lecture estim\u00e9e":"3 minutes"},"schema":{"@context":"https:\/\/schema.org","@graph":[{"@type":"Article","@id":"https:\/\/regions-snetap-fsu.fr\/formation\/2020\/01\/02\/voeux-pour-lannee-2020\/#article","isPartOf":{"@id":"https:\/\/regions-snetap-fsu.fr\/formation\/2020\/01\/02\/voeux-pour-lannee-2020\/"},"author":{"name":"yoctavien","@id":"https:\/\/regions-snetap-fsu.fr\/formation\/#\/schema\/person\/f5dc7b6354e942ca9c5fa8e9ff7e5c93"},"headline":"V\u0153ux pour l\u2019ann\u00e9e 2020","datePublished":"2020-01-02T11:24:47+00:00","mainEntityOfPage":{"@id":"https:\/\/regions-snetap-fsu.fr\/formation\/2020\/01\/02\/voeux-pour-lannee-2020\/"},"wordCount":601,"publisher":{"@id":"https:\/\/regions-snetap-fsu.fr\/formation\/#organization"},"image":{"@id":"https:\/\/regions-snetap-fsu.fr\/formation\/2020\/01\/02\/voeux-pour-lannee-2020\/#primaryimage"},"thumbnailUrl":"https:\/\/regions-snetap-fsu.fr\/hdf\/wp-content\/uploads\/sites\/5\/2019\/12\/Bonne_annee_2020-300x99.png","articleSection":["Communiqu\u00e9s"],"inLanguage":"fr-FR"},{"@type":"WebPage","@id":"https:\/\/regions-snetap-fsu.fr\/formation\/2020\/01\/02\/voeux-pour-lannee-2020\/","url":"https:\/\/regions-snetap-fsu.fr\/formation\/2020\/01\/02\/voeux-pour-lannee-2020\/","name":"V\u0153ux pour l\u2019ann\u00e9e 2020 - Formation des sites R\u00e9gionaux du SNETAP-FSU","isPartOf":{"@id":"https:\/\/regions-snetap-fsu.fr\/formation\/#website"},"primaryImageOfPage":{"@id":"https:\/\/regions-snetap-fsu.fr\/formation\/2020\/01\/02\/voeux-pour-lannee-2020\/#primaryimage"},"image":{"@id":"https:\/\/regions-snetap-fsu.fr\/formation\/2020\/01\/02\/voeux-pour-lannee-2020\/#primaryimage"},"thumbnailUrl":"https:\/\/regions-snetap-fsu.fr\/hdf\/wp-content\/uploads\/sites\/5\/2019\/12\/Bonne_annee_2020-300x99.png","datePublished":"2020-01-02T11:24:47+00:00","breadcrumb":{"@id":"https:\/\/regions-snetap-fsu.fr\/formation\/2020\/01\/02\/voeux-pour-lannee-2020\/#breadcrumb"},"inLanguage":"fr-FR","potentialAction":[{"@type":"ReadAction","target":["https:\/\/regions-snetap-fsu.fr\/formation\/2020\/01\/02\/voeux-pour-lannee-2020\/"]}]},{"@type":"ImageObject","inLanguage":"fr-FR","@id":"https:\/\/regions-snetap-fsu.fr\/formation\/2020\/01\/02\/voeux-pour-lannee-2020\/#primaryimage","url":"https:\/\/regions-snetap-fsu.fr\/hdf\/wp-content\/uploads\/sites\/5\/2019\/12\/Bonne_annee_2020-300x99.png","contentUrl":"https:\/\/regions-snetap-fsu.fr\/hdf\/wp-content\/uploads\/sites\/5\/2019\/12\/Bonne_annee_2020-300x99.png"},{"@type":"BreadcrumbList","@id":"https:\/\/regions-snetap-fsu.fr\/formation\/2020\/01\/02\/voeux-pour-lannee-2020\/#breadcrumb","itemListElement":[{"@type":"ListItem","position":1,"name":"Accueil","item":"https:\/\/regions-snetap-fsu.fr\/formation\/"},{"@type":"ListItem","position":2,"name":"V\u0153ux pour l\u2019ann\u00e9e 2020"}]},{"@type":"WebSite","@id":"https:\/\/regions-snetap-fsu.fr\/formation\/#website","url":"https:\/\/regions-snetap-fsu.fr\/formation\/","name":"Formation des sites R\u00e9gionaux du SNETAP-FSU","description":"","publisher":{"@id":"https:\/\/regions-snetap-fsu.fr\/formation\/#organization"},"potentialAction":[{"@type":"SearchAction","target":{"@type":"EntryPoint","urlTemplate":"https:\/\/regions-snetap-fsu.fr\/formation\/?s={search_term_string}"},"query-input":{"@type":"PropertyValueSpecification","valueRequired":true,"valueName":"search_term_string"}}],"inLanguage":"fr-FR"},{"@type":"Organization","@id":"https:\/\/regions-snetap-fsu.fr\/formation\/#organization","name":"Formation des sites R\u00e9gionaux du SNETAP-FSU","url":"https:\/\/regions-snetap-fsu.fr\/formation\/","logo":{"@type":"ImageObject","inLanguage":"fr-FR","@id":"https:\/\/regions-snetap-fsu.fr\/formation\/#\/schema\/logo\/image\/","url":"https:\/\/regions-snetap-fsu.fr\/formation\/wp-content\/uploads\/sites\/20\/2025\/04\/cropped-Logo_blanc_fond_transparent_1000x755.png","contentUrl":"https:\/\/regions-snetap-fsu.fr\/formation\/wp-content\/uploads\/sites\/20\/2025\/04\/cropped-Logo_blanc_fond_transparent_1000x755.png","width":998,"height":689,"caption":"Formation des sites R\u00e9gionaux du SNETAP-FSU"},"image":{"@id":"https:\/\/regions-snetap-fsu.fr\/formation\/#\/schema\/logo\/image\/"}},{"@type":"Person","@id":"https:\/\/regions-snetap-fsu.fr\/formation\/#\/schema\/person\/f5dc7b6354e942ca9c5fa8e9ff7e5c93","name":"yoctavien","image":{"@type":"ImageObject","inLanguage":"fr-FR","@id":"https:\/\/secure.gravatar.com\/avatar\/382642c092b6b9da14641d3c478df2f3da4a2d17eea25691c232d4dbf735c292?s=96&d=mm&r=g","url":"https:\/\/secure.gravatar.com\/avatar\/382642c092b6b9da14641d3c478df2f3da4a2d17eea25691c232d4dbf735c292?s=96&d=mm&r=g","contentUrl":"https:\/\/secure.gravatar.com\/avatar\/382642c092b6b9da14641d3c478df2f3da4a2d17eea25691c232d4dbf735c292?s=96&d=mm&r=g","caption":"yoctavien"},"url":"https:\/\/regions-snetap-fsu.fr\/formation\/author\/yoctavien\/"}]}},"_links":{"self":[{"href":"https:\/\/regions-snetap-fsu.fr\/formation\/wp-json\/wp\/v2\/posts\/4055","targetHints":{"allow":["GET"]}}],"collection":[{"href":"https:\/\/regions-snetap-fsu.fr\/formation\/wp-json\/wp\/v2\/posts"}],"about":[{"href":"https:\/\/regions-snetap-fsu.fr\/formation\/wp-json\/wp\/v2\/types\/post"}],"author":[{"embeddable":true,"href":"https:\/\/regions-snetap-fsu.fr\/formation\/wp-json\/wp\/v2\/users\/138"}],"replies":[{"embeddable":true,"href":"https:\/\/regions-snetap-fsu.fr\/formation\/wp-json\/wp\/v2\/comments?post=4055"}],"version-history":[{"count":0,"href":"https:\/\/regions-snetap-fsu.fr\/formation\/wp-json\/wp\/v2\/posts\/4055\/revisions"}],"wp:attachment":[{"href":"https:\/\/regions-snetap-fsu.fr\/formation\/wp-json\/wp\/v2\/media?parent=4055"}],"wp:term":[{"taxonomy":"category","embeddable":true,"href":"https:\/\/regions-snetap-fsu.fr\/formation\/wp-json\/wp\/v2\/categories?post=4055"},{"taxonomy":"post_tag","embeddable":true,"href":"https:\/\/regions-snetap-fsu.fr\/formation\/wp-json\/wp\/v2\/tags?post=4055"},{"taxonomy":"post_folder","embeddable":true,"href":"https:\/\/regions-snetap-fsu.fr\/formation\/wp-json\/wp\/v2\/post_folder?post=4055"}],"curies":[{"name":"wp","href":"https:\/\/api.w.org\/{rel}","templated":true}]}}