{"id":3993,"date":"2019-12-22T12:45:43","date_gmt":"2019-12-22T11:45:43","guid":{"rendered":"https:\/\/regions-snetap-fsu.fr\/hdf\/?p=3993"},"modified":"2019-12-22T12:45:43","modified_gmt":"2019-12-22T11:45:43","slug":"63-la-belle-histoire-de-solidarite-pour-les-mineurs-chtis","status":"publish","type":"post","link":"https:\/\/regions-snetap-fsu.fr\/formation\/2019\/12\/22\/63-la-belle-histoire-de-solidarite-pour-les-mineurs-chtis\/","title":{"rendered":"63, la belle histoire de solidarit\u00e9 pour les mineurs Ch&#8217;tis"},"content":{"rendered":"<h2 style=\"text-align: center\"><span style=\"color: #ff0000\">1963, lors d&rsquo;un conflit sociale<\/span><\/h2>\n<h2 style=\"text-align: center\"><span style=\"color: #ff0000\">de 5 semaines,<\/span><\/h2>\n<h2 style=\"text-align: center\"><span style=\"color: #ff0000\">la belle histoire de solidarit\u00e9<\/span><\/h2>\n<h2 style=\"text-align: center\"><span style=\"color: #ff0000\">pour les mineurs Ch&#8217;tis<\/span><\/h2>\n<blockquote>\n<p style=\"text-align: justify\"><span style=\"color: #0000ff;font-family: tahoma, arial, helvetica, sans-serif\">En 1963, la cagnotte des mineurs affam\u00e9s et engag\u00e9s dans un conflit sociale qui a dur\u00e9 5 semaines, \u00e0 l&rsquo;\u00e9poque o\u00f9 Leetchi ou le Pot commun n&rsquo;existaient pas, atteint au total l&rsquo;\u00e9quivalent de 2 millions d&rsquo;euros.<\/span><\/p>\n<p style=\"text-align: justify\"><span style=\"color: #0000ff;font-family: tahoma, arial, helvetica, sans-serif\">Parmi les g\u00e9n\u00e9reux particuliers, Johny Hallyday, avait laiss\u00e9 le cachet d&rsquo;un de ses concerts aux gueules noires.<\/span><\/p>\n<p style=\"text-align: justify\"><span style=\"color: #0000ff;font-family: tahoma, arial, helvetica, sans-serif\">M\u00eame l\u2019\u00c9glise catholique avait apport\u00e9 son soutien \u00e0 des mineurs communistes dont certains \u00e9taient des \u00ab\u00a0bouffeurs de cur\u00e9\u00a0\u00bb &#8230;<\/span><\/p>\n<\/blockquote>\n<p><!--more--><\/p>\n<p><img decoding=\"async\" class=\"aligncenter\" src=\"https:\/\/s1.qwant.com\/thumbr\/0x0\/2\/2\/c35eb7496d00ad77017b3137051608c3ce52c05b75d6b5ec86a17caae416c6\/220px-BassinminierglobalNordPDC.svg.png?u=https%3A%2F%2Fupload.wikimedia.org%2Fwikipedia%2Fcommons%2Fthumb%2F1%2F14%2FBassinminierglobalNordPDC.svg%2F220px-BassinminierglobalNordPDC.svg.png&amp;q=0&amp;b=1&amp;p=0&amp;a=1\" alt=\"Nord-Pas-de-Calais \u2014 Wikip\u00e9dia\" \/><\/p>\n<p>&nbsp;<\/p>\n<p style=\"text-align: justify\"><span style=\"font-family: tahoma, arial, helvetica, sans-serif\"><em><span style=\"color: #000000\">\u00ab\u00a0Cette gr\u00e8ve, on ne l&rsquo;a pas gagn\u00e9e tous seuls, les mineurs. Sans tous les gens qui nous ont aid\u00e9s, jamais on aurait tenu 34 jours, jamais on aurait fait plier De Gaulle.\u00a0\u00bb Martial Ansart, ancien mineur de fond \u00e0 Hersin-Coupigny (Pas-de-Calais).<\/span><br \/>\n<\/em><\/span><\/p>\n<p style=\"text-align: justify\"><span style=\"color: #0000ff;font-family: tahoma, arial, helvetica, sans-serif\">Si ce conflit social est l&rsquo;un des plus durs du XX<sup>e<\/sup> si\u00e8cle en France, il est entr\u00e9 dans l&rsquo;histoire pour l&rsquo;\u00e9lan de solidarit\u00e9 incroyable qui a travers\u00e9 l&rsquo;hexagone et au del\u00e0 de nos fronti\u00e8res.<\/span><\/p>\n<p style=\"text-align: justify\"><span style=\"color: #0000ff;font-family: tahoma, arial, helvetica, sans-serif\">Avec l&rsquo;article de Franceinfo, remontez le temps, direction 1963 pour \u00e9voquer la gr\u00e8ve des mineurs qui avait dur\u00e9 5 semaines.<\/span><\/p>\n<p style=\"text-align: justify\"><span style=\"font-family: tahoma, arial, helvetica, sans-serif;color: #0000ff\">C&rsquo;est l&rsquo;histoire d&rsquo;Hersin-Coupigny, d&rsquo;Harnes, de Lens, de Lewarde, de Cambrais, d&rsquo;Arras&#8230;<\/span><\/p>\n<p style=\"text-align: justify\"><span style=\"color: #0000ff;font-family: tahoma, arial, helvetica, sans-serif\">A l&rsquo;approche de la f\u00eate de No\u00ebl, d\u00e9couvrez l&rsquo;esprit de No\u00ebl d&rsquo;un temps que les moins de 56 ans ne peuvent pas conna\u00eetre, en cliquant sur le lien ci-dessous :<\/span><\/p>\n<p style=\"text-align: justify\"><a href=\"https:\/\/www.francetvinfo.fr\/economie\/retraite\/reforme-des-retraites\/cinquante-six-ans-avant-la-cagnotte-pour-les-grevistes-de-la-sncf-l-incroyable-elan-de-solidarite-pour-les-mineurs-de-1963_3749847.html\" target=\"_blank\" rel=\"noopener noreferrer\"><span style=\"font-family: tahoma, arial, helvetica, sans-serif;color: #000000\"><span style=\"text-decoration: underline\">Lien : Franceinfo &#8211; Cinquante-six ans avant la cagnotte pour les gr\u00e9vistes de la SNCF, retour sur l&rsquo;incroyable \u00e9lan de solidarit\u00e9 pour les mineurs de 1963<\/span><\/span><\/a><\/p>\n<h3 style=\"text-align: center\"><span style=\"color: #ff0000;font-family: tahoma, arial, helvetica, sans-serif\">Jeudi 9 janvier 2020<\/span><\/h3>\n<h3 style=\"text-align: center\"><span style=\"color: #ff0000;font-family: tahoma, arial, helvetica, sans-serif\">On ne l\u00e2che rien !<\/span><\/h3>\n<h3 style=\"text-align: center\"><span style=\"color: #ff0000;font-family: tahoma, arial, helvetica, sans-serif\">Toutes et tous ensemble<\/span><\/h3>\n<h3 style=\"text-align: center\"><span style=\"color: #ff0000;font-family: tahoma, arial, helvetica, sans-serif\">en gr\u00e8ve et aux manifestations<\/span><\/h3>\n<h3 style=\"text-align: center\"><span style=\"color: #ff0000;font-family: tahoma, arial, helvetica, sans-serif\">interprofessionnelles et<\/span><\/h3>\n<h3 style=\"text-align: center\"><span style=\"color: #ff0000;font-family: tahoma, arial, helvetica, sans-serif\">interg\u00e9n\u00e9rationnelles !<\/span><\/h3>\n","protected":false},"excerpt":{"rendered":"<p>1963, lors d&rsquo;un conflit sociale de 5 semaines, la belle histoire de solidarit\u00e9 pour les mineurs Ch&#8217;tis En 1963, la cagnotte des mineurs affam\u00e9s et engag\u00e9s dans un conflit sociale qui a dur\u00e9 5 semaines, \u00e0 l&rsquo;\u00e9poque o\u00f9 Leetchi ou le Pot commun n&rsquo;existaient pas, atteint au total l&rsquo;\u00e9quivalent de 2 millions d&rsquo;euros. Parmi les [&hellip;]<\/p>\n","protected":false},"author":138,"featured_media":0,"comment_status":"closed","ping_status":"closed","sticky":false,"template":"","format":"standard","meta":{"ocean_post_layout":"","ocean_both_sidebars_style":"","ocean_both_sidebars_content_width":0,"ocean_both_sidebars_sidebars_width":0,"ocean_sidebar":"","ocean_second_sidebar":"","ocean_disable_margins":"enable","ocean_add_body_class":"","ocean_shortcode_before_top_bar":"","ocean_shortcode_after_top_bar":"","ocean_shortcode_before_header":"","ocean_shortcode_after_header":"","ocean_has_shortcode":"","ocean_shortcode_after_title":"","ocean_shortcode_before_footer_widgets":"","ocean_shortcode_after_footer_widgets":"","ocean_shortcode_before_footer_bottom":"","ocean_shortcode_after_footer_bottom":"","ocean_display_top_bar":"default","ocean_display_header":"default","ocean_header_style":"","ocean_center_header_left_menu":"","ocean_custom_header_template":"","ocean_custom_logo":0,"ocean_custom_retina_logo":0,"ocean_custom_logo_max_width":0,"ocean_custom_logo_tablet_max_width":0,"ocean_custom_logo_mobile_max_width":0,"ocean_custom_logo_max_height":0,"ocean_custom_logo_tablet_max_height":0,"ocean_custom_logo_mobile_max_height":0,"ocean_header_custom_menu":"","ocean_menu_typo_font_family":"","ocean_menu_typo_font_subset":"","ocean_menu_typo_font_size":0,"ocean_menu_typo_font_size_tablet":0,"ocean_menu_typo_font_size_mobile":0,"ocean_menu_typo_font_size_unit":"px","ocean_menu_typo_font_weight":"","ocean_menu_typo_font_weight_tablet":"","ocean_menu_typo_font_weight_mobile":"","ocean_menu_typo_transform":"","ocean_menu_typo_transform_tablet":"","ocean_menu_typo_transform_mobile":"","ocean_menu_typo_line_height":0,"ocean_menu_typo_line_height_tablet":0,"ocean_menu_typo_line_height_mobile":0,"ocean_menu_typo_line_height_unit":"","ocean_menu_typo_spacing":0,"ocean_menu_typo_spacing_tablet":0,"ocean_menu_typo_spacing_mobile":0,"ocean_menu_typo_spacing_unit":"","ocean_menu_link_color":"","ocean_menu_link_color_hover":"","ocean_menu_link_color_active":"","ocean_menu_link_background":"","ocean_menu_link_hover_background":"","ocean_menu_link_active_background":"","ocean_menu_social_links_bg":"","ocean_menu_social_hover_links_bg":"","ocean_menu_social_links_color":"","ocean_menu_social_hover_links_color":"","ocean_disable_title":"default","ocean_disable_heading":"default","ocean_post_title":"","ocean_post_subheading":"","ocean_post_title_style":"","ocean_post_title_background_color":"","ocean_post_title_background":0,"ocean_post_title_bg_image_position":"","ocean_post_title_bg_image_attachment":"","ocean_post_title_bg_image_repeat":"","ocean_post_title_bg_image_size":"","ocean_post_title_height":0,"ocean_post_title_bg_overlay":0.5,"ocean_post_title_bg_overlay_color":"","ocean_disable_breadcrumbs":"default","ocean_breadcrumbs_color":"","ocean_breadcrumbs_separator_color":"","ocean_breadcrumbs_links_color":"","ocean_breadcrumbs_links_hover_color":"","ocean_display_footer_widgets":"default","ocean_display_footer_bottom":"default","ocean_custom_footer_template":"","ocean_post_oembed":"","ocean_post_self_hosted_media":"","ocean_post_video_embed":"","ocean_link_format":"","ocean_link_format_target":"self","ocean_quote_format":"","ocean_quote_format_link":"post","ocean_gallery_link_images":"on","ocean_gallery_id":[],"footnotes":""},"categories":[3,27],"tags":[],"post_folder":[],"class_list":["post-3993","post","type-post","status-publish","format-standard","hentry","category-actions-greves-manifs","category-pour-information","entry"],"yoast_head":"<!-- This site is optimized with the Yoast SEO plugin v27.4 - https:\/\/yoast.com\/product\/yoast-seo-wordpress\/ -->\n<title>63, la belle histoire de solidarit\u00e9 pour les mineurs Ch&#039;tis - Formation des sites R\u00e9gionaux du SNETAP-FSU<\/title>\n<meta name=\"robots\" content=\"index, follow, max-snippet:-1, max-image-preview:large, max-video-preview:-1\" \/>\n<link rel=\"canonical\" href=\"https:\/\/regions-snetap-fsu.fr\/formation\/2019\/12\/22\/63-la-belle-histoire-de-solidarite-pour-les-mineurs-chtis\/\" \/>\n<meta property=\"og:locale\" content=\"fr_FR\" \/>\n<meta property=\"og:type\" content=\"article\" \/>\n<meta property=\"og:title\" content=\"63, la belle histoire de solidarit\u00e9 pour les mineurs Ch&#039;tis - Formation des sites R\u00e9gionaux du SNETAP-FSU\" \/>\n<meta property=\"og:description\" content=\"1963, lors d&rsquo;un conflit sociale de 5 semaines, la belle histoire de solidarit\u00e9 pour les mineurs Ch&#8217;tis En 1963, la cagnotte des mineurs affam\u00e9s et engag\u00e9s dans un conflit sociale qui a dur\u00e9 5 semaines, \u00e0 l&rsquo;\u00e9poque o\u00f9 Leetchi ou le Pot commun n&rsquo;existaient pas, atteint au total l&rsquo;\u00e9quivalent de 2 millions d&rsquo;euros. Parmi les [&hellip;]\" \/>\n<meta property=\"og:url\" content=\"https:\/\/regions-snetap-fsu.fr\/formation\/2019\/12\/22\/63-la-belle-histoire-de-solidarite-pour-les-mineurs-chtis\/\" \/>\n<meta property=\"og:site_name\" content=\"Formation des sites R\u00e9gionaux du SNETAP-FSU\" \/>\n<meta property=\"article:published_time\" content=\"2019-12-22T11:45:43+00:00\" \/>\n<meta property=\"og:image\" content=\"https:\/\/s1.qwant.com\/thumbr\/0x0\/2\/2\/c35eb7496d00ad77017b3137051608c3ce52c05b75d6b5ec86a17caae416c6\/220px-BassinminierglobalNordPDC.svg.png?u=https%3A%2F%2Fupload.wikimedia.org%2Fwikipedia%2Fcommons%2Fthumb%2F1%2F14%2FBassinminierglobalNordPDC.svg%2F220px-BassinminierglobalNordPDC.svg.png&amp;q=0&amp;b=1&amp;p=0&amp;a=1\" \/>\n<meta name=\"author\" content=\"yoctavien\" \/>\n<meta name=\"twitter:card\" content=\"summary_large_image\" \/>\n<meta name=\"twitter:label1\" content=\"\u00c9crit par\" \/>\n\t<meta name=\"twitter:data1\" content=\"yoctavien\" \/>\n\t<meta name=\"twitter:label2\" content=\"Dur\u00e9e de lecture estim\u00e9e\" \/>\n\t<meta name=\"twitter:data2\" content=\"1 minute\" \/>\n<script type=\"application\/ld+json\" class=\"yoast-schema-graph\">{\"@context\":\"https:\\\/\\\/schema.org\",\"@graph\":[{\"@type\":\"Article\",\"@id\":\"https:\\\/\\\/regions-snetap-fsu.fr\\\/formation\\\/2019\\\/12\\\/22\\\/63-la-belle-histoire-de-solidarite-pour-les-mineurs-chtis\\\/#article\",\"isPartOf\":{\"@id\":\"https:\\\/\\\/regions-snetap-fsu.fr\\\/formation\\\/2019\\\/12\\\/22\\\/63-la-belle-histoire-de-solidarite-pour-les-mineurs-chtis\\\/\"},\"author\":{\"name\":\"yoctavien\",\"@id\":\"https:\\\/\\\/regions-snetap-fsu.fr\\\/formation\\\/#\\\/schema\\\/person\\\/f5dc7b6354e942ca9c5fa8e9ff7e5c93\"},\"headline\":\"63, la belle histoire de solidarit\u00e9 pour les mineurs Ch&#8217;tis\",\"datePublished\":\"2019-12-22T11:45:43+00:00\",\"mainEntityOfPage\":{\"@id\":\"https:\\\/\\\/regions-snetap-fsu.fr\\\/formation\\\/2019\\\/12\\\/22\\\/63-la-belle-histoire-de-solidarite-pour-les-mineurs-chtis\\\/\"},\"wordCount\":308,\"publisher\":{\"@id\":\"https:\\\/\\\/regions-snetap-fsu.fr\\\/formation\\\/#organization\"},\"image\":{\"@id\":\"https:\\\/\\\/regions-snetap-fsu.fr\\\/formation\\\/2019\\\/12\\\/22\\\/63-la-belle-histoire-de-solidarite-pour-les-mineurs-chtis\\\/#primaryimage\"},\"thumbnailUrl\":\"https:\\\/\\\/s1.qwant.com\\\/thumbr\\\/0x0\\\/2\\\/2\\\/c35eb7496d00ad77017b3137051608c3ce52c05b75d6b5ec86a17caae416c6\\\/220px-BassinminierglobalNordPDC.svg.png?u=https%3A%2F%2Fupload.wikimedia.org%2Fwikipedia%2Fcommons%2Fthumb%2F1%2F14%2FBassinminierglobalNordPDC.svg%2F220px-BassinminierglobalNordPDC.svg.png&amp;q=0&amp;b=1&amp;p=0&amp;a=1\",\"articleSection\":[\"Actions - Gr\u00e8ves - Manifs\",\"Pour information\"],\"inLanguage\":\"fr-FR\"},{\"@type\":\"WebPage\",\"@id\":\"https:\\\/\\\/regions-snetap-fsu.fr\\\/formation\\\/2019\\\/12\\\/22\\\/63-la-belle-histoire-de-solidarite-pour-les-mineurs-chtis\\\/\",\"url\":\"https:\\\/\\\/regions-snetap-fsu.fr\\\/formation\\\/2019\\\/12\\\/22\\\/63-la-belle-histoire-de-solidarite-pour-les-mineurs-chtis\\\/\",\"name\":\"63, la belle histoire de solidarit\u00e9 pour les mineurs Ch'tis - Formation des sites R\u00e9gionaux du SNETAP-FSU\",\"isPartOf\":{\"@id\":\"https:\\\/\\\/regions-snetap-fsu.fr\\\/formation\\\/#website\"},\"primaryImageOfPage\":{\"@id\":\"https:\\\/\\\/regions-snetap-fsu.fr\\\/formation\\\/2019\\\/12\\\/22\\\/63-la-belle-histoire-de-solidarite-pour-les-mineurs-chtis\\\/#primaryimage\"},\"image\":{\"@id\":\"https:\\\/\\\/regions-snetap-fsu.fr\\\/formation\\\/2019\\\/12\\\/22\\\/63-la-belle-histoire-de-solidarite-pour-les-mineurs-chtis\\\/#primaryimage\"},\"thumbnailUrl\":\"https:\\\/\\\/s1.qwant.com\\\/thumbr\\\/0x0\\\/2\\\/2\\\/c35eb7496d00ad77017b3137051608c3ce52c05b75d6b5ec86a17caae416c6\\\/220px-BassinminierglobalNordPDC.svg.png?u=https%3A%2F%2Fupload.wikimedia.org%2Fwikipedia%2Fcommons%2Fthumb%2F1%2F14%2FBassinminierglobalNordPDC.svg%2F220px-BassinminierglobalNordPDC.svg.png&amp;q=0&amp;b=1&amp;p=0&amp;a=1\",\"datePublished\":\"2019-12-22T11:45:43+00:00\",\"breadcrumb\":{\"@id\":\"https:\\\/\\\/regions-snetap-fsu.fr\\\/formation\\\/2019\\\/12\\\/22\\\/63-la-belle-histoire-de-solidarite-pour-les-mineurs-chtis\\\/#breadcrumb\"},\"inLanguage\":\"fr-FR\",\"potentialAction\":[{\"@type\":\"ReadAction\",\"target\":[\"https:\\\/\\\/regions-snetap-fsu.fr\\\/formation\\\/2019\\\/12\\\/22\\\/63-la-belle-histoire-de-solidarite-pour-les-mineurs-chtis\\\/\"]}]},{\"@type\":\"ImageObject\",\"inLanguage\":\"fr-FR\",\"@id\":\"https:\\\/\\\/regions-snetap-fsu.fr\\\/formation\\\/2019\\\/12\\\/22\\\/63-la-belle-histoire-de-solidarite-pour-les-mineurs-chtis\\\/#primaryimage\",\"url\":\"https:\\\/\\\/s1.qwant.com\\\/thumbr\\\/0x0\\\/2\\\/2\\\/c35eb7496d00ad77017b3137051608c3ce52c05b75d6b5ec86a17caae416c6\\\/220px-BassinminierglobalNordPDC.svg.png?u=https%3A%2F%2Fupload.wikimedia.org%2Fwikipedia%2Fcommons%2Fthumb%2F1%2F14%2FBassinminierglobalNordPDC.svg%2F220px-BassinminierglobalNordPDC.svg.png&amp;q=0&amp;b=1&amp;p=0&amp;a=1\",\"contentUrl\":\"https:\\\/\\\/s1.qwant.com\\\/thumbr\\\/0x0\\\/2\\\/2\\\/c35eb7496d00ad77017b3137051608c3ce52c05b75d6b5ec86a17caae416c6\\\/220px-BassinminierglobalNordPDC.svg.png?u=https%3A%2F%2Fupload.wikimedia.org%2Fwikipedia%2Fcommons%2Fthumb%2F1%2F14%2FBassinminierglobalNordPDC.svg%2F220px-BassinminierglobalNordPDC.svg.png&amp;q=0&amp;b=1&amp;p=0&amp;a=1\"},{\"@type\":\"BreadcrumbList\",\"@id\":\"https:\\\/\\\/regions-snetap-fsu.fr\\\/formation\\\/2019\\\/12\\\/22\\\/63-la-belle-histoire-de-solidarite-pour-les-mineurs-chtis\\\/#breadcrumb\",\"itemListElement\":[{\"@type\":\"ListItem\",\"position\":1,\"name\":\"Accueil\",\"item\":\"https:\\\/\\\/regions-snetap-fsu.fr\\\/formation\\\/\"},{\"@type\":\"ListItem\",\"position\":2,\"name\":\"63, la belle histoire de solidarit\u00e9 pour les mineurs Ch&#8217;tis\"}]},{\"@type\":\"WebSite\",\"@id\":\"https:\\\/\\\/regions-snetap-fsu.fr\\\/formation\\\/#website\",\"url\":\"https:\\\/\\\/regions-snetap-fsu.fr\\\/formation\\\/\",\"name\":\"Formation des sites R\u00e9gionaux du SNETAP-FSU\",\"description\":\"\",\"publisher\":{\"@id\":\"https:\\\/\\\/regions-snetap-fsu.fr\\\/formation\\\/#organization\"},\"potentialAction\":[{\"@type\":\"SearchAction\",\"target\":{\"@type\":\"EntryPoint\",\"urlTemplate\":\"https:\\\/\\\/regions-snetap-fsu.fr\\\/formation\\\/?s={search_term_string}\"},\"query-input\":{\"@type\":\"PropertyValueSpecification\",\"valueRequired\":true,\"valueName\":\"search_term_string\"}}],\"inLanguage\":\"fr-FR\"},{\"@type\":\"Organization\",\"@id\":\"https:\\\/\\\/regions-snetap-fsu.fr\\\/formation\\\/#organization\",\"name\":\"Formation des sites R\u00e9gionaux du SNETAP-FSU\",\"url\":\"https:\\\/\\\/regions-snetap-fsu.fr\\\/formation\\\/\",\"logo\":{\"@type\":\"ImageObject\",\"inLanguage\":\"fr-FR\",\"@id\":\"https:\\\/\\\/regions-snetap-fsu.fr\\\/formation\\\/#\\\/schema\\\/logo\\\/image\\\/\",\"url\":\"https:\\\/\\\/regions-snetap-fsu.fr\\\/formation\\\/wp-content\\\/uploads\\\/sites\\\/20\\\/2025\\\/04\\\/cropped-Logo_blanc_fond_transparent_1000x755.png\",\"contentUrl\":\"https:\\\/\\\/regions-snetap-fsu.fr\\\/formation\\\/wp-content\\\/uploads\\\/sites\\\/20\\\/2025\\\/04\\\/cropped-Logo_blanc_fond_transparent_1000x755.png\",\"width\":998,\"height\":689,\"caption\":\"Formation des sites R\u00e9gionaux du SNETAP-FSU\"},\"image\":{\"@id\":\"https:\\\/\\\/regions-snetap-fsu.fr\\\/formation\\\/#\\\/schema\\\/logo\\\/image\\\/\"}},{\"@type\":\"Person\",\"@id\":\"https:\\\/\\\/regions-snetap-fsu.fr\\\/formation\\\/#\\\/schema\\\/person\\\/f5dc7b6354e942ca9c5fa8e9ff7e5c93\",\"name\":\"yoctavien\",\"image\":{\"@type\":\"ImageObject\",\"inLanguage\":\"fr-FR\",\"@id\":\"https:\\\/\\\/secure.gravatar.com\\\/avatar\\\/382642c092b6b9da14641d3c478df2f3da4a2d17eea25691c232d4dbf735c292?s=96&d=mm&r=g\",\"url\":\"https:\\\/\\\/secure.gravatar.com\\\/avatar\\\/382642c092b6b9da14641d3c478df2f3da4a2d17eea25691c232d4dbf735c292?s=96&d=mm&r=g\",\"contentUrl\":\"https:\\\/\\\/secure.gravatar.com\\\/avatar\\\/382642c092b6b9da14641d3c478df2f3da4a2d17eea25691c232d4dbf735c292?s=96&d=mm&r=g\",\"caption\":\"yoctavien\"},\"url\":\"https:\\\/\\\/regions-snetap-fsu.fr\\\/formation\\\/author\\\/yoctavien\\\/\"}]}<\/script>\n<!-- \/ Yoast SEO plugin. -->","yoast_head_json":{"title":"63, la belle histoire de solidarit\u00e9 pour les mineurs Ch'tis - Formation des sites R\u00e9gionaux du SNETAP-FSU","robots":{"index":"index","follow":"follow","max-snippet":"max-snippet:-1","max-image-preview":"max-image-preview:large","max-video-preview":"max-video-preview:-1"},"canonical":"https:\/\/regions-snetap-fsu.fr\/formation\/2019\/12\/22\/63-la-belle-histoire-de-solidarite-pour-les-mineurs-chtis\/","og_locale":"fr_FR","og_type":"article","og_title":"63, la belle histoire de solidarit\u00e9 pour les mineurs Ch'tis - Formation des sites R\u00e9gionaux du SNETAP-FSU","og_description":"1963, lors d&rsquo;un conflit sociale de 5 semaines, la belle histoire de solidarit\u00e9 pour les mineurs Ch&#8217;tis En 1963, la cagnotte des mineurs affam\u00e9s et engag\u00e9s dans un conflit sociale qui a dur\u00e9 5 semaines, \u00e0 l&rsquo;\u00e9poque o\u00f9 Leetchi ou le Pot commun n&rsquo;existaient pas, atteint au total l&rsquo;\u00e9quivalent de 2 millions d&rsquo;euros. Parmi les [&hellip;]","og_url":"https:\/\/regions-snetap-fsu.fr\/formation\/2019\/12\/22\/63-la-belle-histoire-de-solidarite-pour-les-mineurs-chtis\/","og_site_name":"Formation des sites R\u00e9gionaux du SNETAP-FSU","article_published_time":"2019-12-22T11:45:43+00:00","og_image":[{"url":"https:\/\/s1.qwant.com\/thumbr\/0x0\/2\/2\/c35eb7496d00ad77017b3137051608c3ce52c05b75d6b5ec86a17caae416c6\/220px-BassinminierglobalNordPDC.svg.png?u=https%3A%2F%2Fupload.wikimedia.org%2Fwikipedia%2Fcommons%2Fthumb%2F1%2F14%2FBassinminierglobalNordPDC.svg%2F220px-BassinminierglobalNordPDC.svg.png&amp;q=0&amp;b=1&amp;p=0&amp;a=1","type":"","width":"","height":""}],"author":"yoctavien","twitter_card":"summary_large_image","twitter_misc":{"\u00c9crit par":"yoctavien","Dur\u00e9e de lecture estim\u00e9e":"1 minute"},"schema":{"@context":"https:\/\/schema.org","@graph":[{"@type":"Article","@id":"https:\/\/regions-snetap-fsu.fr\/formation\/2019\/12\/22\/63-la-belle-histoire-de-solidarite-pour-les-mineurs-chtis\/#article","isPartOf":{"@id":"https:\/\/regions-snetap-fsu.fr\/formation\/2019\/12\/22\/63-la-belle-histoire-de-solidarite-pour-les-mineurs-chtis\/"},"author":{"name":"yoctavien","@id":"https:\/\/regions-snetap-fsu.fr\/formation\/#\/schema\/person\/f5dc7b6354e942ca9c5fa8e9ff7e5c93"},"headline":"63, la belle histoire de solidarit\u00e9 pour les mineurs Ch&#8217;tis","datePublished":"2019-12-22T11:45:43+00:00","mainEntityOfPage":{"@id":"https:\/\/regions-snetap-fsu.fr\/formation\/2019\/12\/22\/63-la-belle-histoire-de-solidarite-pour-les-mineurs-chtis\/"},"wordCount":308,"publisher":{"@id":"https:\/\/regions-snetap-fsu.fr\/formation\/#organization"},"image":{"@id":"https:\/\/regions-snetap-fsu.fr\/formation\/2019\/12\/22\/63-la-belle-histoire-de-solidarite-pour-les-mineurs-chtis\/#primaryimage"},"thumbnailUrl":"https:\/\/s1.qwant.com\/thumbr\/0x0\/2\/2\/c35eb7496d00ad77017b3137051608c3ce52c05b75d6b5ec86a17caae416c6\/220px-BassinminierglobalNordPDC.svg.png?u=https%3A%2F%2Fupload.wikimedia.org%2Fwikipedia%2Fcommons%2Fthumb%2F1%2F14%2FBassinminierglobalNordPDC.svg%2F220px-BassinminierglobalNordPDC.svg.png&amp;q=0&amp;b=1&amp;p=0&amp;a=1","articleSection":["Actions - Gr\u00e8ves - Manifs","Pour information"],"inLanguage":"fr-FR"},{"@type":"WebPage","@id":"https:\/\/regions-snetap-fsu.fr\/formation\/2019\/12\/22\/63-la-belle-histoire-de-solidarite-pour-les-mineurs-chtis\/","url":"https:\/\/regions-snetap-fsu.fr\/formation\/2019\/12\/22\/63-la-belle-histoire-de-solidarite-pour-les-mineurs-chtis\/","name":"63, la belle histoire de solidarit\u00e9 pour les mineurs Ch'tis - Formation des sites R\u00e9gionaux du SNETAP-FSU","isPartOf":{"@id":"https:\/\/regions-snetap-fsu.fr\/formation\/#website"},"primaryImageOfPage":{"@id":"https:\/\/regions-snetap-fsu.fr\/formation\/2019\/12\/22\/63-la-belle-histoire-de-solidarite-pour-les-mineurs-chtis\/#primaryimage"},"image":{"@id":"https:\/\/regions-snetap-fsu.fr\/formation\/2019\/12\/22\/63-la-belle-histoire-de-solidarite-pour-les-mineurs-chtis\/#primaryimage"},"thumbnailUrl":"https:\/\/s1.qwant.com\/thumbr\/0x0\/2\/2\/c35eb7496d00ad77017b3137051608c3ce52c05b75d6b5ec86a17caae416c6\/220px-BassinminierglobalNordPDC.svg.png?u=https%3A%2F%2Fupload.wikimedia.org%2Fwikipedia%2Fcommons%2Fthumb%2F1%2F14%2FBassinminierglobalNordPDC.svg%2F220px-BassinminierglobalNordPDC.svg.png&amp;q=0&amp;b=1&amp;p=0&amp;a=1","datePublished":"2019-12-22T11:45:43+00:00","breadcrumb":{"@id":"https:\/\/regions-snetap-fsu.fr\/formation\/2019\/12\/22\/63-la-belle-histoire-de-solidarite-pour-les-mineurs-chtis\/#breadcrumb"},"inLanguage":"fr-FR","potentialAction":[{"@type":"ReadAction","target":["https:\/\/regions-snetap-fsu.fr\/formation\/2019\/12\/22\/63-la-belle-histoire-de-solidarite-pour-les-mineurs-chtis\/"]}]},{"@type":"ImageObject","inLanguage":"fr-FR","@id":"https:\/\/regions-snetap-fsu.fr\/formation\/2019\/12\/22\/63-la-belle-histoire-de-solidarite-pour-les-mineurs-chtis\/#primaryimage","url":"https:\/\/s1.qwant.com\/thumbr\/0x0\/2\/2\/c35eb7496d00ad77017b3137051608c3ce52c05b75d6b5ec86a17caae416c6\/220px-BassinminierglobalNordPDC.svg.png?u=https%3A%2F%2Fupload.wikimedia.org%2Fwikipedia%2Fcommons%2Fthumb%2F1%2F14%2FBassinminierglobalNordPDC.svg%2F220px-BassinminierglobalNordPDC.svg.png&amp;q=0&amp;b=1&amp;p=0&amp;a=1","contentUrl":"https:\/\/s1.qwant.com\/thumbr\/0x0\/2\/2\/c35eb7496d00ad77017b3137051608c3ce52c05b75d6b5ec86a17caae416c6\/220px-BassinminierglobalNordPDC.svg.png?u=https%3A%2F%2Fupload.wikimedia.org%2Fwikipedia%2Fcommons%2Fthumb%2F1%2F14%2FBassinminierglobalNordPDC.svg%2F220px-BassinminierglobalNordPDC.svg.png&amp;q=0&amp;b=1&amp;p=0&amp;a=1"},{"@type":"BreadcrumbList","@id":"https:\/\/regions-snetap-fsu.fr\/formation\/2019\/12\/22\/63-la-belle-histoire-de-solidarite-pour-les-mineurs-chtis\/#breadcrumb","itemListElement":[{"@type":"ListItem","position":1,"name":"Accueil","item":"https:\/\/regions-snetap-fsu.fr\/formation\/"},{"@type":"ListItem","position":2,"name":"63, la belle histoire de solidarit\u00e9 pour les mineurs Ch&#8217;tis"}]},{"@type":"WebSite","@id":"https:\/\/regions-snetap-fsu.fr\/formation\/#website","url":"https:\/\/regions-snetap-fsu.fr\/formation\/","name":"Formation des sites R\u00e9gionaux du SNETAP-FSU","description":"","publisher":{"@id":"https:\/\/regions-snetap-fsu.fr\/formation\/#organization"},"potentialAction":[{"@type":"SearchAction","target":{"@type":"EntryPoint","urlTemplate":"https:\/\/regions-snetap-fsu.fr\/formation\/?s={search_term_string}"},"query-input":{"@type":"PropertyValueSpecification","valueRequired":true,"valueName":"search_term_string"}}],"inLanguage":"fr-FR"},{"@type":"Organization","@id":"https:\/\/regions-snetap-fsu.fr\/formation\/#organization","name":"Formation des sites R\u00e9gionaux du SNETAP-FSU","url":"https:\/\/regions-snetap-fsu.fr\/formation\/","logo":{"@type":"ImageObject","inLanguage":"fr-FR","@id":"https:\/\/regions-snetap-fsu.fr\/formation\/#\/schema\/logo\/image\/","url":"https:\/\/regions-snetap-fsu.fr\/formation\/wp-content\/uploads\/sites\/20\/2025\/04\/cropped-Logo_blanc_fond_transparent_1000x755.png","contentUrl":"https:\/\/regions-snetap-fsu.fr\/formation\/wp-content\/uploads\/sites\/20\/2025\/04\/cropped-Logo_blanc_fond_transparent_1000x755.png","width":998,"height":689,"caption":"Formation des sites R\u00e9gionaux du SNETAP-FSU"},"image":{"@id":"https:\/\/regions-snetap-fsu.fr\/formation\/#\/schema\/logo\/image\/"}},{"@type":"Person","@id":"https:\/\/regions-snetap-fsu.fr\/formation\/#\/schema\/person\/f5dc7b6354e942ca9c5fa8e9ff7e5c93","name":"yoctavien","image":{"@type":"ImageObject","inLanguage":"fr-FR","@id":"https:\/\/secure.gravatar.com\/avatar\/382642c092b6b9da14641d3c478df2f3da4a2d17eea25691c232d4dbf735c292?s=96&d=mm&r=g","url":"https:\/\/secure.gravatar.com\/avatar\/382642c092b6b9da14641d3c478df2f3da4a2d17eea25691c232d4dbf735c292?s=96&d=mm&r=g","contentUrl":"https:\/\/secure.gravatar.com\/avatar\/382642c092b6b9da14641d3c478df2f3da4a2d17eea25691c232d4dbf735c292?s=96&d=mm&r=g","caption":"yoctavien"},"url":"https:\/\/regions-snetap-fsu.fr\/formation\/author\/yoctavien\/"}]}},"_links":{"self":[{"href":"https:\/\/regions-snetap-fsu.fr\/formation\/wp-json\/wp\/v2\/posts\/3993","targetHints":{"allow":["GET"]}}],"collection":[{"href":"https:\/\/regions-snetap-fsu.fr\/formation\/wp-json\/wp\/v2\/posts"}],"about":[{"href":"https:\/\/regions-snetap-fsu.fr\/formation\/wp-json\/wp\/v2\/types\/post"}],"author":[{"embeddable":true,"href":"https:\/\/regions-snetap-fsu.fr\/formation\/wp-json\/wp\/v2\/users\/138"}],"replies":[{"embeddable":true,"href":"https:\/\/regions-snetap-fsu.fr\/formation\/wp-json\/wp\/v2\/comments?post=3993"}],"version-history":[{"count":0,"href":"https:\/\/regions-snetap-fsu.fr\/formation\/wp-json\/wp\/v2\/posts\/3993\/revisions"}],"wp:attachment":[{"href":"https:\/\/regions-snetap-fsu.fr\/formation\/wp-json\/wp\/v2\/media?parent=3993"}],"wp:term":[{"taxonomy":"category","embeddable":true,"href":"https:\/\/regions-snetap-fsu.fr\/formation\/wp-json\/wp\/v2\/categories?post=3993"},{"taxonomy":"post_tag","embeddable":true,"href":"https:\/\/regions-snetap-fsu.fr\/formation\/wp-json\/wp\/v2\/tags?post=3993"},{"taxonomy":"post_folder","embeddable":true,"href":"https:\/\/regions-snetap-fsu.fr\/formation\/wp-json\/wp\/v2\/post_folder?post=3993"}],"curies":[{"name":"wp","href":"https:\/\/api.w.org\/{rel}","templated":true}]}}