{"id":3972,"date":"2019-12-18T18:49:29","date_gmt":"2019-12-18T17:49:29","guid":{"rendered":"https:\/\/regions-snetap-fsu.fr\/hdf\/?p=3972"},"modified":"2019-12-18T18:49:29","modified_gmt":"2019-12-18T17:49:29","slug":"crea-du-13-12-19-la-draaf-a-franchi-la-ligne-rouge","status":"publish","type":"post","link":"https:\/\/regions-snetap-fsu.fr\/formation\/2019\/12\/18\/crea-du-13-12-19-la-draaf-a-franchi-la-ligne-rouge\/","title":{"rendered":"CREA du 13\/12\/19, la DRAAF a franchi la ligne rouge !"},"content":{"rendered":"<h2 style=\"text-align: center\"><span style=\"color: #ff0000\">CREA du vendredi 13 d\u00e9cembre 2019,<\/span><\/h2>\n<h2 style=\"text-align: center\"><span style=\"color: #ff0000\"> la DRAAF a franchi la ligne rouge !<\/span><\/h2>\n<blockquote>\n<p style=\"text-align: justify\"><span style=\"font-family: tahoma, arial, helvetica, sans-serif;color: #0000ff\">La DRAAF des Hauts-de-France ne respecte plus ses obligations !<\/span><\/p>\n<p style=\"text-align: justify\"><span style=\"font-family: tahoma, arial, helvetica, sans-serif;color: #0000ff\">Apr\u00e8s un report du CREA (Comit\u00e9 R\u00e9gional de l&rsquo;Enseignement Agricole) parce que la DRAAF avait convoqu\u00e9 des personnes sur la base de l&rsquo;arr\u00eat\u00e9 d&rsquo;avant les \u00e9lections g\u00e9n\u00e9rales de l&rsquo;an dernier, elle a convoqu\u00e9 sans invitation officielle, sans respect du d\u00e9lai l\u00e9gal d&rsquo;invitation, deux \u00e9l\u00e8ves du lyc\u00e9e du Paraclet &#8230;<\/span><\/p>\n<\/blockquote>\n<p><!--more--><\/p>\n<h3 align=\"center\"><span style=\"color: #c9211e\"><span style=\"font-family: Old Stamper\">ATTENTION<\/span><\/span><\/h3>\n<h3 align=\"center\"><span style=\"color: #c9211e\"><span style=\"font-family: Old Stamper\">LIGNE ROUGE FRANCHIE<\/span><\/span><\/h3>\n<p style=\"text-align: justify\" align=\"center\"><span style=\"color: #0000ff;font-family: tahoma, arial, helvetica, sans-serif\">Ces deux \u00e9l\u00e8ves se sont retrouv\u00e9s en s\u00e9ance, sans documents transmis au pr\u00e9alable. Ils ont d\u00e9couvert les documents et l&rsquo;ordre du jour sur table lors de ce CREA. Apr\u00e8s la d\u00e9claration de l&rsquo;intersyndicale expliquant les raisons de leur boycott, sous la pression des membres pr\u00e9sents, ils ont d\u00fb prendre des d\u00e9cisions sur la strat\u00e9gie de la DRAAF, notamment sur la mixit\u00e9 des parcours et la mixit\u00e9 des publics.<\/span><\/p>\n<p style=\"text-align: justify\" align=\"center\"><strong><span style=\"color: #ff0000;font-family: tahoma, arial, helvetica, sans-serif\">Le SNETAP-FSU consid\u00e8re que le cadre l\u00e9gal de ce comit\u00e9 n&rsquo;est pas respect\u00e9 et demande l&rsquo;annulation de toutes les d\u00e9lib\u00e9rations de ce CREA.<\/span><\/strong><\/p>\n<p style=\"text-align: justify\" align=\"center\"><span style=\"font-family: tahoma, arial, helvetica, sans-serif;color: #0000ff\">Ci-dessous, le courrier du SNETAP-FSU des Hauts-de-France demandant l&rsquo;annulation du CREA du vendredi 13 d\u00e9cembre 2019 (2 pages) :<\/span><\/p>\n<p style=\"text-align: justify\" align=\"center\">\n\t\t<div class=\"wppdfemb-frame-container-1\" style=\"-webkit-overflow-scrolling:auto;\">\n\t\t\t<iframe class=\"pdfembed-iframe nonfullscreen wppdf-emb-iframe-1\"\n\t\t\t\tsrc=\"https:\/\/regions-snetap-fsu.fr\/formation\/?pdfemb-data=eyJ1cmwiOiJodHRwczpcL1wvcmVnaW9ucy1zbmV0YXAtZnN1LmZyXC9oZGZcL3dwLWNvbnRlbnRcL3VwbG9hZHNcL3NpdGVzXC81XC8yMDE5XC8xMlwvZGVtYW5kZS1hbm51bGF0aW9uLUNSRUEtMTMtMTItMjAxOS5wZGYiLCJ0aXRsZSI6ImRlbWFuZGUgYW5udWxhdGlvbiBDUkVBIDEzIDEyIDIwMTkiLCJpbmRleCI6MSwicGRmSUQiOjB9\"\n\t\t\t\ttitle=\"demande annulation CREA 13 12 2019\"\t\t\t\tdata-pdf-id=\"0\"\n\t\t\t\tdata-pdf-index=\"1\"\n\t\t\t\tstyle=\"border:none;width:100%;max-width:100%;height:100vh;\"\n\t\t\t\tscrolling=\"yes\">\n\t\t\t<\/iframe>\n\t\t<\/div>\n\n\t\t<\/p>\n<p style=\"text-align: justify\" align=\"center\"><span style=\"color: #0000ff;font-family: tahoma, arial, helvetica, sans-serif\">Pour d\u00e9couvrir les raisons du boycott de ce CREA par toutes les organisations syndicales de l&rsquo;enseignement agricole public, cliquez sur le lien ci-dessous.<\/span><\/p>\n<p style=\"text-align: justify\" align=\"center\"><span style=\"text-decoration: underline;color: #000000\"><a style=\"color: #000000;text-decoration: underline\" href=\"https:\/\/regions-snetap-fsu.fr\/hdf\/2019\/12\/14\/boycott-des-instances-par-tous-les-syndicats-representatifs\/\" target=\"_blank\" rel=\"noopener noreferrer\">Lien : Boycott des instances par tous les syndicats repr\u00e9sentatifs<\/a><\/span><\/p>\n","protected":false},"excerpt":{"rendered":"<p>CREA du vendredi 13 d\u00e9cembre 2019, la DRAAF a franchi la ligne rouge ! La DRAAF des Hauts-de-France ne respecte plus ses obligations ! Apr\u00e8s un report du CREA (Comit\u00e9 R\u00e9gional de l&rsquo;Enseignement Agricole) parce que la DRAAF avait convoqu\u00e9 des personnes sur la base de l&rsquo;arr\u00eat\u00e9 d&rsquo;avant les \u00e9lections g\u00e9n\u00e9rales de l&rsquo;an dernier, elle [&hellip;]<\/p>\n","protected":false},"author":138,"featured_media":0,"comment_status":"closed","ping_status":"closed","sticky":false,"template":"","format":"standard","meta":{"ocean_post_layout":"","ocean_both_sidebars_style":"","ocean_both_sidebars_content_width":0,"ocean_both_sidebars_sidebars_width":0,"ocean_sidebar":"","ocean_second_sidebar":"","ocean_disable_margins":"enable","ocean_add_body_class":"","ocean_shortcode_before_top_bar":"","ocean_shortcode_after_top_bar":"","ocean_shortcode_before_header":"","ocean_shortcode_after_header":"","ocean_has_shortcode":"","ocean_shortcode_after_title":"","ocean_shortcode_before_footer_widgets":"","ocean_shortcode_after_footer_widgets":"","ocean_shortcode_before_footer_bottom":"","ocean_shortcode_after_footer_bottom":"","ocean_display_top_bar":"default","ocean_display_header":"default","ocean_header_style":"","ocean_center_header_left_menu":"","ocean_custom_header_template":"","ocean_custom_logo":0,"ocean_custom_retina_logo":0,"ocean_custom_logo_max_width":0,"ocean_custom_logo_tablet_max_width":0,"ocean_custom_logo_mobile_max_width":0,"ocean_custom_logo_max_height":0,"ocean_custom_logo_tablet_max_height":0,"ocean_custom_logo_mobile_max_height":0,"ocean_header_custom_menu":"","ocean_menu_typo_font_family":"","ocean_menu_typo_font_subset":"","ocean_menu_typo_font_size":0,"ocean_menu_typo_font_size_tablet":0,"ocean_menu_typo_font_size_mobile":0,"ocean_menu_typo_font_size_unit":"px","ocean_menu_typo_font_weight":"","ocean_menu_typo_font_weight_tablet":"","ocean_menu_typo_font_weight_mobile":"","ocean_menu_typo_transform":"","ocean_menu_typo_transform_tablet":"","ocean_menu_typo_transform_mobile":"","ocean_menu_typo_line_height":0,"ocean_menu_typo_line_height_tablet":0,"ocean_menu_typo_line_height_mobile":0,"ocean_menu_typo_line_height_unit":"","ocean_menu_typo_spacing":0,"ocean_menu_typo_spacing_tablet":0,"ocean_menu_typo_spacing_mobile":0,"ocean_menu_typo_spacing_unit":"","ocean_menu_link_color":"","ocean_menu_link_color_hover":"","ocean_menu_link_color_active":"","ocean_menu_link_background":"","ocean_menu_link_hover_background":"","ocean_menu_link_active_background":"","ocean_menu_social_links_bg":"","ocean_menu_social_hover_links_bg":"","ocean_menu_social_links_color":"","ocean_menu_social_hover_links_color":"","ocean_disable_title":"default","ocean_disable_heading":"default","ocean_post_title":"","ocean_post_subheading":"","ocean_post_title_style":"","ocean_post_title_background_color":"","ocean_post_title_background":0,"ocean_post_title_bg_image_position":"","ocean_post_title_bg_image_attachment":"","ocean_post_title_bg_image_repeat":"","ocean_post_title_bg_image_size":"","ocean_post_title_height":0,"ocean_post_title_bg_overlay":0.5,"ocean_post_title_bg_overlay_color":"","ocean_disable_breadcrumbs":"default","ocean_breadcrumbs_color":"","ocean_breadcrumbs_separator_color":"","ocean_breadcrumbs_links_color":"","ocean_breadcrumbs_links_hover_color":"","ocean_display_footer_widgets":"default","ocean_display_footer_bottom":"default","ocean_custom_footer_template":"","ocean_post_oembed":"","ocean_post_self_hosted_media":"","ocean_post_video_embed":"","ocean_link_format":"","ocean_link_format_target":"self","ocean_quote_format":"","ocean_quote_format_link":"post","ocean_gallery_link_images":"on","ocean_gallery_id":[],"footnotes":""},"categories":[11,15],"tags":[],"post_folder":[],"class_list":["post-3972","post","type-post","status-publish","format-standard","hentry","category-communiques","category-crea","entry"],"yoast_head":"<!-- This site is optimized with the Yoast SEO plugin v27.4 - https:\/\/yoast.com\/product\/yoast-seo-wordpress\/ -->\n<title>CREA du 13\/12\/19, la DRAAF a franchi la ligne rouge ! - Formation des sites R\u00e9gionaux du SNETAP-FSU<\/title>\n<meta name=\"robots\" content=\"index, follow, max-snippet:-1, max-image-preview:large, max-video-preview:-1\" \/>\n<link rel=\"canonical\" href=\"https:\/\/regions-snetap-fsu.fr\/formation\/2019\/12\/18\/crea-du-13-12-19-la-draaf-a-franchi-la-ligne-rouge\/\" \/>\n<meta property=\"og:locale\" content=\"fr_FR\" \/>\n<meta property=\"og:type\" content=\"article\" \/>\n<meta property=\"og:title\" content=\"CREA du 13\/12\/19, la DRAAF a franchi la ligne rouge ! - Formation des sites R\u00e9gionaux du SNETAP-FSU\" \/>\n<meta property=\"og:description\" content=\"CREA du vendredi 13 d\u00e9cembre 2019, la DRAAF a franchi la ligne rouge ! La DRAAF des Hauts-de-France ne respecte plus ses obligations ! Apr\u00e8s un report du CREA (Comit\u00e9 R\u00e9gional de l&rsquo;Enseignement Agricole) parce que la DRAAF avait convoqu\u00e9 des personnes sur la base de l&rsquo;arr\u00eat\u00e9 d&rsquo;avant les \u00e9lections g\u00e9n\u00e9rales de l&rsquo;an dernier, elle [&hellip;]\" \/>\n<meta property=\"og:url\" content=\"https:\/\/regions-snetap-fsu.fr\/formation\/2019\/12\/18\/crea-du-13-12-19-la-draaf-a-franchi-la-ligne-rouge\/\" \/>\n<meta property=\"og:site_name\" content=\"Formation des sites R\u00e9gionaux du SNETAP-FSU\" \/>\n<meta property=\"article:published_time\" content=\"2019-12-18T17:49:29+00:00\" \/>\n<meta name=\"author\" content=\"yoctavien\" \/>\n<meta name=\"twitter:card\" content=\"summary_large_image\" \/>\n<meta name=\"twitter:label1\" content=\"\u00c9crit par\" \/>\n\t<meta name=\"twitter:data1\" content=\"yoctavien\" \/>\n\t<meta name=\"twitter:label2\" content=\"Dur\u00e9e de lecture estim\u00e9e\" \/>\n\t<meta name=\"twitter:data2\" content=\"1 minute\" \/>\n<script type=\"application\/ld+json\" class=\"yoast-schema-graph\">{\"@context\":\"https:\\\/\\\/schema.org\",\"@graph\":[{\"@type\":\"Article\",\"@id\":\"https:\\\/\\\/regions-snetap-fsu.fr\\\/formation\\\/2019\\\/12\\\/18\\\/crea-du-13-12-19-la-draaf-a-franchi-la-ligne-rouge\\\/#article\",\"isPartOf\":{\"@id\":\"https:\\\/\\\/regions-snetap-fsu.fr\\\/formation\\\/2019\\\/12\\\/18\\\/crea-du-13-12-19-la-draaf-a-franchi-la-ligne-rouge\\\/\"},\"author\":{\"name\":\"yoctavien\",\"@id\":\"https:\\\/\\\/regions-snetap-fsu.fr\\\/formation\\\/#\\\/schema\\\/person\\\/f5dc7b6354e942ca9c5fa8e9ff7e5c93\"},\"headline\":\"CREA du 13\\\/12\\\/19, la DRAAF a franchi la ligne rouge !\",\"datePublished\":\"2019-12-18T17:49:29+00:00\",\"mainEntityOfPage\":{\"@id\":\"https:\\\/\\\/regions-snetap-fsu.fr\\\/formation\\\/2019\\\/12\\\/18\\\/crea-du-13-12-19-la-draaf-a-franchi-la-ligne-rouge\\\/\"},\"wordCount\":274,\"publisher\":{\"@id\":\"https:\\\/\\\/regions-snetap-fsu.fr\\\/formation\\\/#organization\"},\"articleSection\":[\"Communiqu\u00e9s\",\"CREA\"],\"inLanguage\":\"fr-FR\"},{\"@type\":\"WebPage\",\"@id\":\"https:\\\/\\\/regions-snetap-fsu.fr\\\/formation\\\/2019\\\/12\\\/18\\\/crea-du-13-12-19-la-draaf-a-franchi-la-ligne-rouge\\\/\",\"url\":\"https:\\\/\\\/regions-snetap-fsu.fr\\\/formation\\\/2019\\\/12\\\/18\\\/crea-du-13-12-19-la-draaf-a-franchi-la-ligne-rouge\\\/\",\"name\":\"CREA du 13\\\/12\\\/19, la DRAAF a franchi la ligne rouge ! - Formation des sites R\u00e9gionaux du SNETAP-FSU\",\"isPartOf\":{\"@id\":\"https:\\\/\\\/regions-snetap-fsu.fr\\\/formation\\\/#website\"},\"datePublished\":\"2019-12-18T17:49:29+00:00\",\"breadcrumb\":{\"@id\":\"https:\\\/\\\/regions-snetap-fsu.fr\\\/formation\\\/2019\\\/12\\\/18\\\/crea-du-13-12-19-la-draaf-a-franchi-la-ligne-rouge\\\/#breadcrumb\"},\"inLanguage\":\"fr-FR\",\"potentialAction\":[{\"@type\":\"ReadAction\",\"target\":[\"https:\\\/\\\/regions-snetap-fsu.fr\\\/formation\\\/2019\\\/12\\\/18\\\/crea-du-13-12-19-la-draaf-a-franchi-la-ligne-rouge\\\/\"]}]},{\"@type\":\"BreadcrumbList\",\"@id\":\"https:\\\/\\\/regions-snetap-fsu.fr\\\/formation\\\/2019\\\/12\\\/18\\\/crea-du-13-12-19-la-draaf-a-franchi-la-ligne-rouge\\\/#breadcrumb\",\"itemListElement\":[{\"@type\":\"ListItem\",\"position\":1,\"name\":\"Accueil\",\"item\":\"https:\\\/\\\/regions-snetap-fsu.fr\\\/formation\\\/\"},{\"@type\":\"ListItem\",\"position\":2,\"name\":\"CREA du 13\\\/12\\\/19, la DRAAF a franchi la ligne rouge !\"}]},{\"@type\":\"WebSite\",\"@id\":\"https:\\\/\\\/regions-snetap-fsu.fr\\\/formation\\\/#website\",\"url\":\"https:\\\/\\\/regions-snetap-fsu.fr\\\/formation\\\/\",\"name\":\"Formation des sites R\u00e9gionaux du SNETAP-FSU\",\"description\":\"\",\"publisher\":{\"@id\":\"https:\\\/\\\/regions-snetap-fsu.fr\\\/formation\\\/#organization\"},\"potentialAction\":[{\"@type\":\"SearchAction\",\"target\":{\"@type\":\"EntryPoint\",\"urlTemplate\":\"https:\\\/\\\/regions-snetap-fsu.fr\\\/formation\\\/?s={search_term_string}\"},\"query-input\":{\"@type\":\"PropertyValueSpecification\",\"valueRequired\":true,\"valueName\":\"search_term_string\"}}],\"inLanguage\":\"fr-FR\"},{\"@type\":\"Organization\",\"@id\":\"https:\\\/\\\/regions-snetap-fsu.fr\\\/formation\\\/#organization\",\"name\":\"Formation des sites R\u00e9gionaux du SNETAP-FSU\",\"url\":\"https:\\\/\\\/regions-snetap-fsu.fr\\\/formation\\\/\",\"logo\":{\"@type\":\"ImageObject\",\"inLanguage\":\"fr-FR\",\"@id\":\"https:\\\/\\\/regions-snetap-fsu.fr\\\/formation\\\/#\\\/schema\\\/logo\\\/image\\\/\",\"url\":\"https:\\\/\\\/regions-snetap-fsu.fr\\\/formation\\\/wp-content\\\/uploads\\\/sites\\\/20\\\/2025\\\/04\\\/cropped-Logo_blanc_fond_transparent_1000x755.png\",\"contentUrl\":\"https:\\\/\\\/regions-snetap-fsu.fr\\\/formation\\\/wp-content\\\/uploads\\\/sites\\\/20\\\/2025\\\/04\\\/cropped-Logo_blanc_fond_transparent_1000x755.png\",\"width\":998,\"height\":689,\"caption\":\"Formation des sites R\u00e9gionaux du SNETAP-FSU\"},\"image\":{\"@id\":\"https:\\\/\\\/regions-snetap-fsu.fr\\\/formation\\\/#\\\/schema\\\/logo\\\/image\\\/\"}},{\"@type\":\"Person\",\"@id\":\"https:\\\/\\\/regions-snetap-fsu.fr\\\/formation\\\/#\\\/schema\\\/person\\\/f5dc7b6354e942ca9c5fa8e9ff7e5c93\",\"name\":\"yoctavien\",\"image\":{\"@type\":\"ImageObject\",\"inLanguage\":\"fr-FR\",\"@id\":\"https:\\\/\\\/secure.gravatar.com\\\/avatar\\\/382642c092b6b9da14641d3c478df2f3da4a2d17eea25691c232d4dbf735c292?s=96&d=mm&r=g\",\"url\":\"https:\\\/\\\/secure.gravatar.com\\\/avatar\\\/382642c092b6b9da14641d3c478df2f3da4a2d17eea25691c232d4dbf735c292?s=96&d=mm&r=g\",\"contentUrl\":\"https:\\\/\\\/secure.gravatar.com\\\/avatar\\\/382642c092b6b9da14641d3c478df2f3da4a2d17eea25691c232d4dbf735c292?s=96&d=mm&r=g\",\"caption\":\"yoctavien\"},\"url\":\"https:\\\/\\\/regions-snetap-fsu.fr\\\/formation\\\/author\\\/yoctavien\\\/\"}]}<\/script>\n<!-- \/ Yoast SEO plugin. -->","yoast_head_json":{"title":"CREA du 13\/12\/19, la DRAAF a franchi la ligne rouge ! - Formation des sites R\u00e9gionaux du SNETAP-FSU","robots":{"index":"index","follow":"follow","max-snippet":"max-snippet:-1","max-image-preview":"max-image-preview:large","max-video-preview":"max-video-preview:-1"},"canonical":"https:\/\/regions-snetap-fsu.fr\/formation\/2019\/12\/18\/crea-du-13-12-19-la-draaf-a-franchi-la-ligne-rouge\/","og_locale":"fr_FR","og_type":"article","og_title":"CREA du 13\/12\/19, la DRAAF a franchi la ligne rouge ! - Formation des sites R\u00e9gionaux du SNETAP-FSU","og_description":"CREA du vendredi 13 d\u00e9cembre 2019, la DRAAF a franchi la ligne rouge ! La DRAAF des Hauts-de-France ne respecte plus ses obligations ! Apr\u00e8s un report du CREA (Comit\u00e9 R\u00e9gional de l&rsquo;Enseignement Agricole) parce que la DRAAF avait convoqu\u00e9 des personnes sur la base de l&rsquo;arr\u00eat\u00e9 d&rsquo;avant les \u00e9lections g\u00e9n\u00e9rales de l&rsquo;an dernier, elle [&hellip;]","og_url":"https:\/\/regions-snetap-fsu.fr\/formation\/2019\/12\/18\/crea-du-13-12-19-la-draaf-a-franchi-la-ligne-rouge\/","og_site_name":"Formation des sites R\u00e9gionaux du SNETAP-FSU","article_published_time":"2019-12-18T17:49:29+00:00","author":"yoctavien","twitter_card":"summary_large_image","twitter_misc":{"\u00c9crit par":"yoctavien","Dur\u00e9e de lecture estim\u00e9e":"1 minute"},"schema":{"@context":"https:\/\/schema.org","@graph":[{"@type":"Article","@id":"https:\/\/regions-snetap-fsu.fr\/formation\/2019\/12\/18\/crea-du-13-12-19-la-draaf-a-franchi-la-ligne-rouge\/#article","isPartOf":{"@id":"https:\/\/regions-snetap-fsu.fr\/formation\/2019\/12\/18\/crea-du-13-12-19-la-draaf-a-franchi-la-ligne-rouge\/"},"author":{"name":"yoctavien","@id":"https:\/\/regions-snetap-fsu.fr\/formation\/#\/schema\/person\/f5dc7b6354e942ca9c5fa8e9ff7e5c93"},"headline":"CREA du 13\/12\/19, la DRAAF a franchi la ligne rouge !","datePublished":"2019-12-18T17:49:29+00:00","mainEntityOfPage":{"@id":"https:\/\/regions-snetap-fsu.fr\/formation\/2019\/12\/18\/crea-du-13-12-19-la-draaf-a-franchi-la-ligne-rouge\/"},"wordCount":274,"publisher":{"@id":"https:\/\/regions-snetap-fsu.fr\/formation\/#organization"},"articleSection":["Communiqu\u00e9s","CREA"],"inLanguage":"fr-FR"},{"@type":"WebPage","@id":"https:\/\/regions-snetap-fsu.fr\/formation\/2019\/12\/18\/crea-du-13-12-19-la-draaf-a-franchi-la-ligne-rouge\/","url":"https:\/\/regions-snetap-fsu.fr\/formation\/2019\/12\/18\/crea-du-13-12-19-la-draaf-a-franchi-la-ligne-rouge\/","name":"CREA du 13\/12\/19, la DRAAF a franchi la ligne rouge ! - Formation des sites R\u00e9gionaux du SNETAP-FSU","isPartOf":{"@id":"https:\/\/regions-snetap-fsu.fr\/formation\/#website"},"datePublished":"2019-12-18T17:49:29+00:00","breadcrumb":{"@id":"https:\/\/regions-snetap-fsu.fr\/formation\/2019\/12\/18\/crea-du-13-12-19-la-draaf-a-franchi-la-ligne-rouge\/#breadcrumb"},"inLanguage":"fr-FR","potentialAction":[{"@type":"ReadAction","target":["https:\/\/regions-snetap-fsu.fr\/formation\/2019\/12\/18\/crea-du-13-12-19-la-draaf-a-franchi-la-ligne-rouge\/"]}]},{"@type":"BreadcrumbList","@id":"https:\/\/regions-snetap-fsu.fr\/formation\/2019\/12\/18\/crea-du-13-12-19-la-draaf-a-franchi-la-ligne-rouge\/#breadcrumb","itemListElement":[{"@type":"ListItem","position":1,"name":"Accueil","item":"https:\/\/regions-snetap-fsu.fr\/formation\/"},{"@type":"ListItem","position":2,"name":"CREA du 13\/12\/19, la DRAAF a franchi la ligne rouge !"}]},{"@type":"WebSite","@id":"https:\/\/regions-snetap-fsu.fr\/formation\/#website","url":"https:\/\/regions-snetap-fsu.fr\/formation\/","name":"Formation des sites R\u00e9gionaux du SNETAP-FSU","description":"","publisher":{"@id":"https:\/\/regions-snetap-fsu.fr\/formation\/#organization"},"potentialAction":[{"@type":"SearchAction","target":{"@type":"EntryPoint","urlTemplate":"https:\/\/regions-snetap-fsu.fr\/formation\/?s={search_term_string}"},"query-input":{"@type":"PropertyValueSpecification","valueRequired":true,"valueName":"search_term_string"}}],"inLanguage":"fr-FR"},{"@type":"Organization","@id":"https:\/\/regions-snetap-fsu.fr\/formation\/#organization","name":"Formation des sites R\u00e9gionaux du SNETAP-FSU","url":"https:\/\/regions-snetap-fsu.fr\/formation\/","logo":{"@type":"ImageObject","inLanguage":"fr-FR","@id":"https:\/\/regions-snetap-fsu.fr\/formation\/#\/schema\/logo\/image\/","url":"https:\/\/regions-snetap-fsu.fr\/formation\/wp-content\/uploads\/sites\/20\/2025\/04\/cropped-Logo_blanc_fond_transparent_1000x755.png","contentUrl":"https:\/\/regions-snetap-fsu.fr\/formation\/wp-content\/uploads\/sites\/20\/2025\/04\/cropped-Logo_blanc_fond_transparent_1000x755.png","width":998,"height":689,"caption":"Formation des sites R\u00e9gionaux du SNETAP-FSU"},"image":{"@id":"https:\/\/regions-snetap-fsu.fr\/formation\/#\/schema\/logo\/image\/"}},{"@type":"Person","@id":"https:\/\/regions-snetap-fsu.fr\/formation\/#\/schema\/person\/f5dc7b6354e942ca9c5fa8e9ff7e5c93","name":"yoctavien","image":{"@type":"ImageObject","inLanguage":"fr-FR","@id":"https:\/\/secure.gravatar.com\/avatar\/382642c092b6b9da14641d3c478df2f3da4a2d17eea25691c232d4dbf735c292?s=96&d=mm&r=g","url":"https:\/\/secure.gravatar.com\/avatar\/382642c092b6b9da14641d3c478df2f3da4a2d17eea25691c232d4dbf735c292?s=96&d=mm&r=g","contentUrl":"https:\/\/secure.gravatar.com\/avatar\/382642c092b6b9da14641d3c478df2f3da4a2d17eea25691c232d4dbf735c292?s=96&d=mm&r=g","caption":"yoctavien"},"url":"https:\/\/regions-snetap-fsu.fr\/formation\/author\/yoctavien\/"}]}},"_links":{"self":[{"href":"https:\/\/regions-snetap-fsu.fr\/formation\/wp-json\/wp\/v2\/posts\/3972","targetHints":{"allow":["GET"]}}],"collection":[{"href":"https:\/\/regions-snetap-fsu.fr\/formation\/wp-json\/wp\/v2\/posts"}],"about":[{"href":"https:\/\/regions-snetap-fsu.fr\/formation\/wp-json\/wp\/v2\/types\/post"}],"author":[{"embeddable":true,"href":"https:\/\/regions-snetap-fsu.fr\/formation\/wp-json\/wp\/v2\/users\/138"}],"replies":[{"embeddable":true,"href":"https:\/\/regions-snetap-fsu.fr\/formation\/wp-json\/wp\/v2\/comments?post=3972"}],"version-history":[{"count":0,"href":"https:\/\/regions-snetap-fsu.fr\/formation\/wp-json\/wp\/v2\/posts\/3972\/revisions"}],"wp:attachment":[{"href":"https:\/\/regions-snetap-fsu.fr\/formation\/wp-json\/wp\/v2\/media?parent=3972"}],"wp:term":[{"taxonomy":"category","embeddable":true,"href":"https:\/\/regions-snetap-fsu.fr\/formation\/wp-json\/wp\/v2\/categories?post=3972"},{"taxonomy":"post_tag","embeddable":true,"href":"https:\/\/regions-snetap-fsu.fr\/formation\/wp-json\/wp\/v2\/tags?post=3972"},{"taxonomy":"post_folder","embeddable":true,"href":"https:\/\/regions-snetap-fsu.fr\/formation\/wp-json\/wp\/v2\/post_folder?post=3972"}],"curies":[{"name":"wp","href":"https:\/\/api.w.org\/{rel}","templated":true}]}}