{"id":3953,"date":"2019-12-15T18:31:23","date_gmt":"2019-12-15T17:31:23","guid":{"rendered":"https:\/\/regions-snetap-fsu.fr\/hdf\/?p=3953"},"modified":"2019-12-15T18:31:23","modified_gmt":"2019-12-15T17:31:23","slug":"les-plans-de-macron-contre-lenseignement","status":"publish","type":"post","link":"https:\/\/regions-snetap-fsu.fr\/formation\/2019\/12\/15\/les-plans-de-macron-contre-lenseignement\/","title":{"rendered":"Les plans de Macron contre l&rsquo;enseignement"},"content":{"rendered":"<h2 style=\"text-align: center\"><span style=\"color: #ff0000\">Les plans de Macron contre l&rsquo;enseignement<\/span><\/h2>\n<blockquote>\n<div style=\"text-align: justify\" align=\"left\"><span style=\"color: #0000ff;font-family: tahoma, arial, helvetica, sans-serif;font-size: 14pt\">Quand le gouvernement parle de revalorisation, de quoi parle-t-il ?<\/span><\/div>\n<div style=\"text-align: justify\" align=\"left\"><span style=\"font-family: tahoma, arial, helvetica, sans-serif;font-size: 14pt;color: #0000ff\">Quand le gouvernement parle de repenser la carri\u00e8re, de quoi parle-t-il ?<\/span><\/div>\n<div style=\"text-align: justify\" align=\"left\"><span style=\"font-family: tahoma, arial, helvetica, sans-serif;color: #0000ff;font-size: 14pt\">Quand le pr\u00e9sident Macron dit \u00ab\u00a0on regarde les vacances\u00a0\u00bb, de quoi parle-t-il ?<\/span><\/div>\n<div style=\"text-align: justify\" align=\"left\"><span style=\"font-family: tahoma, arial, helvetica, sans-serif;color: #0000ff;font-size: 14pt\">Est-ce la fin de notre statut d&rsquo;enseignant ? &#8230;<\/span><\/div>\n<\/blockquote>\n<p><!--more--><\/p>\n<h3 style=\"text-align: center\" align=\"left\"><span style=\"color: #ff0000;font-family: tahoma, arial, helvetica, sans-serif;font-size: 14pt\"><b>TOUTES ET TOUS EN GR\u00c8VE ET AUX MANIFESTATIONS<\/b><\/span><\/h3>\n<h3 style=\"text-align: center\" align=\"left\"><span style=\"color: #ff0000;font-family: tahoma, arial, helvetica, sans-serif;font-size: 14pt\"><b>LE <span id=\"OBJ_PREFIX_DWT412_com_zimbra_date\" class=\"Object\">MARDI<\/span> 17 D\u00c9CEMBRE !<\/b><\/span><\/h3>\n<div align=\"left\">\n<div style=\"text-align: justify\" align=\"left\"><span style=\"color: #0000ff;font-family: tahoma, arial, helvetica, sans-serif;font-size: 12pt\">Quand le gouvernement parle de revalorisation, de quoi parle-t-il ?<\/span><\/div>\n<div style=\"text-align: justify\" align=\"left\"><span style=\"color: #000000;font-family: tahoma, arial, helvetica, sans-serif;font-size: 12pt\">Emmanuel Macron, le 5 octobre : \u00ab\u00a0<i>Le passage au nouveau syst\u00e8me (de retraite) pour le corps enseignant ne peut aller qu&rsquo;avec une transformation de la carri\u00e8re. Il faudra repenser la carri\u00e8re dans toutes ses composantes.. Il faut repenser la carri\u00e8re. Il faut arriver \u00e0 ce que la carri\u00e8re progresse davantage. <b>Comme on paye mieux, on change le temps de travail (des enseignants) pour accompagner les jeunes diff\u00e9remment&#8230; On regarde les vacances. Et on valorise la carri\u00e8re de directeur\u00a0\u00bb<\/b><\/i>.<\/span><\/div>\n<\/div>\n<div align=\"left\">.<\/div>\n<div align=\"left\">\n<div style=\"text-align: justify\" align=\"left\"><span style=\"color: #0000ff;font-family: tahoma, arial, helvetica, sans-serif;font-size: 12pt\">La revalorisation pour le gouvernement n\u2019est donc pas une am\u00e9lioration du traitement, une augmentation du salaire, mais :<\/span><\/div>\n<ul>\n<li><span style=\"color: #0000ff;font-family: tahoma, arial, helvetica, sans-serif;font-size: 12pt\"><b>Une hausse du temps de travail ;<\/b><\/span><\/li>\n<li><span style=\"color: #0000ff;font-family: tahoma, arial, helvetica, sans-serif;font-size: 12pt\"><b>Une suppression d\u2019une partie des vacances ;<\/b><\/span><\/li>\n<li><span style=\"color: #0000ff;font-family: tahoma, arial, helvetica, sans-serif;font-size: 12pt\"><b>Un allongement de la journ\u00e9e ;<\/b><\/span><\/li>\n<li><span style=\"color: #0000ff;font-family: tahoma, arial, helvetica, sans-serif;font-size: 12pt\"><b>L\u2019annualisation du temps de travail.<\/b><\/span><\/li>\n<\/ul>\n<p><span style=\"color: #ff0000;font-family: tahoma, arial, helvetica, sans-serif;font-size: 12pt\"><b>C\u2019est la fin du statut d\u2019enseignant\u2026<\/b><\/span><\/p>\n<p><span style=\"color: #0000ff;font-family: tahoma, arial, helvetica, sans-serif;font-size: 12pt\"><b>Sarkozy en a r\u00eav\u00e9, Macron veut le faire.<\/b><\/span><\/p>\n<div style=\"text-align: justify\" align=\"left\"><span style=\"color: #0000ff;font-family: tahoma, arial, helvetica, sans-serif;font-size: 12pt\">Au moment de ne pas faire gr\u00e8ve <span id=\"OBJ_PREFIX_DWT413_com_zimbra_date\" class=\"Object\">mardi 17\/12\/2019<\/span>, de ne pas manifester, vous pourrez y penser.<\/span><\/div>\n<div style=\"text-align: justify\" align=\"left\"><span style=\"color: #0000ff;font-family: tahoma, arial, helvetica, sans-serif;font-size: 12pt\">Pourquoi Michel Blanquer parle de rencontre pour aborder la revalorisation apr\u00e8s le vote de la r\u00e9forme des retraites ? \u2026<\/span><\/div>\n<div style=\"text-align: justify\" align=\"left\"><span style=\"color: #0000ff;font-family: tahoma, arial, helvetica, sans-serif;font-size: 12pt\">La premi\u00e8re mesure de ce gouvernement a \u00e9t\u00e9 de stopper le (faible) plan de revalorisation des salaires des fonctionnaires et maintenant, il nous promet une revalorisation, mais apr\u00e8s la d\u00e9valorisation des retraites. Rassurez-vous, nous disent-ils, nous l\u2019\u00e9crirons dans la loi (la m\u00eame qu\u2019ils ont abrog\u00e9e sur la pr\u00e9c\u00e9dente revalorisation ?).<\/span><\/div>\n<\/div>\n<div align=\"left\">.<\/div>\n<div align=\"left\">\n<div style=\"text-align: justify\" align=\"left\"><span style=\"color: #0000ff;font-family: tahoma, arial, helvetica, sans-serif;font-size: 12pt\"><b>Suppression des seuils, annualisation, fonctions suppl\u00e9mentaires et comme d\u2019habitude, valorisation de toutes les fonctions autres que p\u00e9dagogiques. Ce n\u2019est pas une revalorisation, c\u2019est une augmentation de la charge de travail, une d\u00e9gradation des conditions de travail pour, \u00e9ventuellement, gagner un peu plus en supprimant un maximum de postes.<\/b><\/span><\/div>\n<\/div>\n<div align=\"left\">.<\/div>\n<div align=\"left\">\n<div style=\"text-align: justify\" align=\"left\"><span style=\"color: #0000ff;font-family: tahoma, arial, helvetica, sans-serif;font-size: 12pt\">Ce n\u2019est pas qu\u2019une r\u00e9forme des retraites, c\u2019est la destruction de notre m\u00e9tier, c\u2019est la destruction de l\u2019enseignement agricole public qui est programm\u00e9e avec la mise en avant du chacun pour soi.<\/span><\/div>\n<div align=\"left\">.<\/div>\n<div style=\"text-align: justify\" align=\"left\"><span style=\"font-family: tahoma, arial, helvetica, sans-serif;font-size: 12pt;color: #0000ff\">Pour davantage d&rsquo;information, cliquez sur le lien ci-dessous :<\/span><\/div>\n<\/div>\n<p align=\"left\"><span style=\"font-family: tahoma, arial, helvetica, sans-serif;font-size: 12pt\"><a href=\"https:\/\/regions-snetap-fsu.fr\/hdf\/2019\/12\/15\/pour-changer-les-statuts-la-reforme-des-retraites-arrive-a-point\/\" target=\"_blank\" rel=\"noopener noreferrer\"><span style=\"text-decoration: underline\"><span style=\"color: #000000;text-decoration: underline\">Lien : Pour changer les statuts, la r\u00e9forme des retraites arrive \u00e0 point !<\/span><\/span><\/a><\/span><\/p>\n<div align=\"left\">\n<h3 align=\"center\"><span style=\"color: #ff0000;font-family: tahoma, arial, helvetica, sans-serif;font-size: 14pt\"><b>LE <span id=\"OBJ_PREFIX_DWT414_com_zimbra_date\" class=\"Object\">MARDI<\/span> 17 D\u00c9CEMBRE 2019<br \/>\n<\/b><\/span><\/h3>\n<h3 align=\"center\"><span style=\"color: #ff0000;font-family: tahoma, arial, helvetica, sans-serif;font-size: 14pt\"><b>TOUTES ET TOUS EN GR\u00c8VE<\/b><\/span><\/h3>\n<h3 align=\"center\"><span style=\"color: #ff0000;font-family: tahoma, arial, helvetica, sans-serif;font-size: 14pt\"><b>TOUTES ET TOUS AUX MANIFESTATIONS !<\/b><\/span><\/h3>\n<p><span style=\"font-family: tahoma, arial, helvetica, sans-serif;color: #0000ff;font-size: 12pt\">Pour conna\u00eetre les lieux, cliquez sur le lien ci-dessous :<\/span><\/p>\n<\/div>\n<div align=\"left\">\n<p><a href=\"https:\/\/regions-snetap-fsu.fr\/hdf\/2019\/12\/15\/nouveau-temps-fort-mardi-17-decembre-2019-les-lieux\/\" target=\"_blank\" rel=\"noopener noreferrer\"><span style=\"text-decoration: underline\"><span style=\"font-family: tahoma, arial, helvetica, sans-serif;color: #000000;text-decoration: underline\"><span style=\"font-size: 12pt\">Lien : Nouveau temps fort, mardi 17 d\u00e9cembre 2019, les lieux<\/span><\/span><\/span><\/a><\/p>\n\n\t\t<div class=\"wppdfemb-frame-container-1\" style=\"-webkit-overflow-scrolling:auto;\">\n\t\t\t<iframe class=\"pdfembed-iframe nonfullscreen wppdf-emb-iframe-1\"\n\t\t\t\tsrc=\"https:\/\/regions-snetap-fsu.fr\/formation\/?pdfemb-data=eyJ1cmwiOiJodHRwczpcL1wvcmVnaW9ucy1zbmV0YXAtZnN1LmZyXC9oZGZcL3dwLWNvbnRlbnRcL3VwbG9hZHNcL3NpdGVzXC81XC8yMDE5XC8xMlwvQWZmaWNoZV9SZXRyYWl0ZV8xNy0xMi0xOV9BbGxhbkJhcnRlX2JvbmJvbi5wZGYiLCJpbmRleCI6MSwicGRmSUQiOjB9\"\n\t\t\t\t\t\t\t\tdata-pdf-id=\"0\"\n\t\t\t\tdata-pdf-index=\"1\"\n\t\t\t\tstyle=\"border:none;width:100%;max-width:100%;height:100vh;\"\n\t\t\t\tscrolling=\"yes\">\n\t\t\t<\/iframe>\n\t\t<\/div>\n\n\t\t\n<\/div>\n<div align=\"left\">\n<p><a href=\"https:\/\/regions-snetap-fsu.fr\/hdf\/wp-content\/uploads\/sites\/5\/2019\/12\/Affiche_Retraite_17-12-19_AllanBarte_bonbon.pdf\" target=\"_blank\" rel=\"noopener noreferrer\"><span style=\"text-decoration: underline;color: #000000\">Lien : Pour t\u00e9l\u00e9charger l&rsquo;affiche<\/span><\/a><\/p>\n<\/div>\n","protected":false},"excerpt":{"rendered":"<p>Les plans de Macron contre l&rsquo;enseignement Quand le gouvernement parle de revalorisation, de quoi parle-t-il ? Quand le gouvernement parle de repenser la carri\u00e8re, de quoi parle-t-il ? Quand le pr\u00e9sident Macron dit \u00ab\u00a0on regarde les vacances\u00a0\u00bb, de quoi parle-t-il ? Est-ce la fin de notre statut d&rsquo;enseignant ? &#8230;<\/p>\n","protected":false},"author":138,"featured_media":0,"comment_status":"closed","ping_status":"closed","sticky":false,"template":"","format":"standard","meta":{"ocean_post_layout":"","ocean_both_sidebars_style":"","ocean_both_sidebars_content_width":0,"ocean_both_sidebars_sidebars_width":0,"ocean_sidebar":"","ocean_second_sidebar":"","ocean_disable_margins":"enable","ocean_add_body_class":"","ocean_shortcode_before_top_bar":"","ocean_shortcode_after_top_bar":"","ocean_shortcode_before_header":"","ocean_shortcode_after_header":"","ocean_has_shortcode":"","ocean_shortcode_after_title":"","ocean_shortcode_before_footer_widgets":"","ocean_shortcode_after_footer_widgets":"","ocean_shortcode_before_footer_bottom":"","ocean_shortcode_after_footer_bottom":"","ocean_display_top_bar":"default","ocean_display_header":"default","ocean_header_style":"","ocean_center_header_left_menu":"","ocean_custom_header_template":"","ocean_custom_logo":0,"ocean_custom_retina_logo":0,"ocean_custom_logo_max_width":0,"ocean_custom_logo_tablet_max_width":0,"ocean_custom_logo_mobile_max_width":0,"ocean_custom_logo_max_height":0,"ocean_custom_logo_tablet_max_height":0,"ocean_custom_logo_mobile_max_height":0,"ocean_header_custom_menu":"","ocean_menu_typo_font_family":"","ocean_menu_typo_font_subset":"","ocean_menu_typo_font_size":0,"ocean_menu_typo_font_size_tablet":0,"ocean_menu_typo_font_size_mobile":0,"ocean_menu_typo_font_size_unit":"px","ocean_menu_typo_font_weight":"","ocean_menu_typo_font_weight_tablet":"","ocean_menu_typo_font_weight_mobile":"","ocean_menu_typo_transform":"","ocean_menu_typo_transform_tablet":"","ocean_menu_typo_transform_mobile":"","ocean_menu_typo_line_height":0,"ocean_menu_typo_line_height_tablet":0,"ocean_menu_typo_line_height_mobile":0,"ocean_menu_typo_line_height_unit":"","ocean_menu_typo_spacing":0,"ocean_menu_typo_spacing_tablet":0,"ocean_menu_typo_spacing_mobile":0,"ocean_menu_typo_spacing_unit":"","ocean_menu_link_color":"","ocean_menu_link_color_hover":"","ocean_menu_link_color_active":"","ocean_menu_link_background":"","ocean_menu_link_hover_background":"","ocean_menu_link_active_background":"","ocean_menu_social_links_bg":"","ocean_menu_social_hover_links_bg":"","ocean_menu_social_links_color":"","ocean_menu_social_hover_links_color":"","ocean_disable_title":"default","ocean_disable_heading":"default","ocean_post_title":"","ocean_post_subheading":"","ocean_post_title_style":"","ocean_post_title_background_color":"","ocean_post_title_background":0,"ocean_post_title_bg_image_position":"","ocean_post_title_bg_image_attachment":"","ocean_post_title_bg_image_repeat":"","ocean_post_title_bg_image_size":"","ocean_post_title_height":0,"ocean_post_title_bg_overlay":0.5,"ocean_post_title_bg_overlay_color":"","ocean_disable_breadcrumbs":"default","ocean_breadcrumbs_color":"","ocean_breadcrumbs_separator_color":"","ocean_breadcrumbs_links_color":"","ocean_breadcrumbs_links_hover_color":"","ocean_display_footer_widgets":"default","ocean_display_footer_bottom":"default","ocean_custom_footer_template":"","ocean_post_oembed":"","ocean_post_self_hosted_media":"","ocean_post_video_embed":"","ocean_link_format":"","ocean_link_format_target":"self","ocean_quote_format":"","ocean_quote_format_link":"post","ocean_gallery_link_images":"on","ocean_gallery_id":[],"footnotes":""},"categories":[3,11],"tags":[],"post_folder":[],"class_list":["post-3953","post","type-post","status-publish","format-standard","hentry","category-actions-greves-manifs","category-communiques","entry"],"yoast_head":"<!-- This site is optimized with the Yoast SEO plugin v27.4 - https:\/\/yoast.com\/product\/yoast-seo-wordpress\/ -->\n<title>Les plans de Macron contre l&#039;enseignement - Formation des sites R\u00e9gionaux du SNETAP-FSU<\/title>\n<meta name=\"robots\" content=\"index, follow, max-snippet:-1, max-image-preview:large, max-video-preview:-1\" \/>\n<link rel=\"canonical\" href=\"https:\/\/regions-snetap-fsu.fr\/formation\/2019\/12\/15\/les-plans-de-macron-contre-lenseignement\/\" \/>\n<meta property=\"og:locale\" content=\"fr_FR\" \/>\n<meta property=\"og:type\" content=\"article\" \/>\n<meta property=\"og:title\" content=\"Les plans de Macron contre l&#039;enseignement - Formation des sites R\u00e9gionaux du SNETAP-FSU\" \/>\n<meta property=\"og:description\" content=\"Les plans de Macron contre l&rsquo;enseignement Quand le gouvernement parle de revalorisation, de quoi parle-t-il ? Quand le gouvernement parle de repenser la carri\u00e8re, de quoi parle-t-il ? Quand le pr\u00e9sident Macron dit \u00ab\u00a0on regarde les vacances\u00a0\u00bb, de quoi parle-t-il ? Est-ce la fin de notre statut d&rsquo;enseignant ? &#8230;\" \/>\n<meta property=\"og:url\" content=\"https:\/\/regions-snetap-fsu.fr\/formation\/2019\/12\/15\/les-plans-de-macron-contre-lenseignement\/\" \/>\n<meta property=\"og:site_name\" content=\"Formation des sites R\u00e9gionaux du SNETAP-FSU\" \/>\n<meta property=\"article:published_time\" content=\"2019-12-15T17:31:23+00:00\" \/>\n<meta name=\"author\" content=\"yoctavien\" \/>\n<meta name=\"twitter:card\" content=\"summary_large_image\" \/>\n<meta name=\"twitter:label1\" content=\"\u00c9crit par\" \/>\n\t<meta name=\"twitter:data1\" content=\"yoctavien\" \/>\n\t<meta name=\"twitter:label2\" content=\"Dur\u00e9e de lecture estim\u00e9e\" \/>\n\t<meta name=\"twitter:data2\" content=\"2 minutes\" \/>\n<script type=\"application\/ld+json\" class=\"yoast-schema-graph\">{\"@context\":\"https:\\\/\\\/schema.org\",\"@graph\":[{\"@type\":\"Article\",\"@id\":\"https:\\\/\\\/regions-snetap-fsu.fr\\\/formation\\\/2019\\\/12\\\/15\\\/les-plans-de-macron-contre-lenseignement\\\/#article\",\"isPartOf\":{\"@id\":\"https:\\\/\\\/regions-snetap-fsu.fr\\\/formation\\\/2019\\\/12\\\/15\\\/les-plans-de-macron-contre-lenseignement\\\/\"},\"author\":{\"name\":\"yoctavien\",\"@id\":\"https:\\\/\\\/regions-snetap-fsu.fr\\\/formation\\\/#\\\/schema\\\/person\\\/f5dc7b6354e942ca9c5fa8e9ff7e5c93\"},\"headline\":\"Les plans de Macron contre l&rsquo;enseignement\",\"datePublished\":\"2019-12-15T17:31:23+00:00\",\"mainEntityOfPage\":{\"@id\":\"https:\\\/\\\/regions-snetap-fsu.fr\\\/formation\\\/2019\\\/12\\\/15\\\/les-plans-de-macron-contre-lenseignement\\\/\"},\"wordCount\":489,\"publisher\":{\"@id\":\"https:\\\/\\\/regions-snetap-fsu.fr\\\/formation\\\/#organization\"},\"articleSection\":[\"Actions - Gr\u00e8ves - Manifs\",\"Communiqu\u00e9s\"],\"inLanguage\":\"fr-FR\"},{\"@type\":\"WebPage\",\"@id\":\"https:\\\/\\\/regions-snetap-fsu.fr\\\/formation\\\/2019\\\/12\\\/15\\\/les-plans-de-macron-contre-lenseignement\\\/\",\"url\":\"https:\\\/\\\/regions-snetap-fsu.fr\\\/formation\\\/2019\\\/12\\\/15\\\/les-plans-de-macron-contre-lenseignement\\\/\",\"name\":\"Les plans de Macron contre l'enseignement - Formation des sites R\u00e9gionaux du SNETAP-FSU\",\"isPartOf\":{\"@id\":\"https:\\\/\\\/regions-snetap-fsu.fr\\\/formation\\\/#website\"},\"datePublished\":\"2019-12-15T17:31:23+00:00\",\"breadcrumb\":{\"@id\":\"https:\\\/\\\/regions-snetap-fsu.fr\\\/formation\\\/2019\\\/12\\\/15\\\/les-plans-de-macron-contre-lenseignement\\\/#breadcrumb\"},\"inLanguage\":\"fr-FR\",\"potentialAction\":[{\"@type\":\"ReadAction\",\"target\":[\"https:\\\/\\\/regions-snetap-fsu.fr\\\/formation\\\/2019\\\/12\\\/15\\\/les-plans-de-macron-contre-lenseignement\\\/\"]}]},{\"@type\":\"BreadcrumbList\",\"@id\":\"https:\\\/\\\/regions-snetap-fsu.fr\\\/formation\\\/2019\\\/12\\\/15\\\/les-plans-de-macron-contre-lenseignement\\\/#breadcrumb\",\"itemListElement\":[{\"@type\":\"ListItem\",\"position\":1,\"name\":\"Accueil\",\"item\":\"https:\\\/\\\/regions-snetap-fsu.fr\\\/formation\\\/\"},{\"@type\":\"ListItem\",\"position\":2,\"name\":\"Les plans de Macron contre l&rsquo;enseignement\"}]},{\"@type\":\"WebSite\",\"@id\":\"https:\\\/\\\/regions-snetap-fsu.fr\\\/formation\\\/#website\",\"url\":\"https:\\\/\\\/regions-snetap-fsu.fr\\\/formation\\\/\",\"name\":\"Formation des sites R\u00e9gionaux du SNETAP-FSU\",\"description\":\"\",\"publisher\":{\"@id\":\"https:\\\/\\\/regions-snetap-fsu.fr\\\/formation\\\/#organization\"},\"potentialAction\":[{\"@type\":\"SearchAction\",\"target\":{\"@type\":\"EntryPoint\",\"urlTemplate\":\"https:\\\/\\\/regions-snetap-fsu.fr\\\/formation\\\/?s={search_term_string}\"},\"query-input\":{\"@type\":\"PropertyValueSpecification\",\"valueRequired\":true,\"valueName\":\"search_term_string\"}}],\"inLanguage\":\"fr-FR\"},{\"@type\":\"Organization\",\"@id\":\"https:\\\/\\\/regions-snetap-fsu.fr\\\/formation\\\/#organization\",\"name\":\"Formation des sites R\u00e9gionaux du SNETAP-FSU\",\"url\":\"https:\\\/\\\/regions-snetap-fsu.fr\\\/formation\\\/\",\"logo\":{\"@type\":\"ImageObject\",\"inLanguage\":\"fr-FR\",\"@id\":\"https:\\\/\\\/regions-snetap-fsu.fr\\\/formation\\\/#\\\/schema\\\/logo\\\/image\\\/\",\"url\":\"https:\\\/\\\/regions-snetap-fsu.fr\\\/formation\\\/wp-content\\\/uploads\\\/sites\\\/20\\\/2025\\\/04\\\/cropped-Logo_blanc_fond_transparent_1000x755.png\",\"contentUrl\":\"https:\\\/\\\/regions-snetap-fsu.fr\\\/formation\\\/wp-content\\\/uploads\\\/sites\\\/20\\\/2025\\\/04\\\/cropped-Logo_blanc_fond_transparent_1000x755.png\",\"width\":998,\"height\":689,\"caption\":\"Formation des sites R\u00e9gionaux du SNETAP-FSU\"},\"image\":{\"@id\":\"https:\\\/\\\/regions-snetap-fsu.fr\\\/formation\\\/#\\\/schema\\\/logo\\\/image\\\/\"}},{\"@type\":\"Person\",\"@id\":\"https:\\\/\\\/regions-snetap-fsu.fr\\\/formation\\\/#\\\/schema\\\/person\\\/f5dc7b6354e942ca9c5fa8e9ff7e5c93\",\"name\":\"yoctavien\",\"image\":{\"@type\":\"ImageObject\",\"inLanguage\":\"fr-FR\",\"@id\":\"https:\\\/\\\/secure.gravatar.com\\\/avatar\\\/382642c092b6b9da14641d3c478df2f3da4a2d17eea25691c232d4dbf735c292?s=96&d=mm&r=g\",\"url\":\"https:\\\/\\\/secure.gravatar.com\\\/avatar\\\/382642c092b6b9da14641d3c478df2f3da4a2d17eea25691c232d4dbf735c292?s=96&d=mm&r=g\",\"contentUrl\":\"https:\\\/\\\/secure.gravatar.com\\\/avatar\\\/382642c092b6b9da14641d3c478df2f3da4a2d17eea25691c232d4dbf735c292?s=96&d=mm&r=g\",\"caption\":\"yoctavien\"},\"url\":\"https:\\\/\\\/regions-snetap-fsu.fr\\\/formation\\\/author\\\/yoctavien\\\/\"}]}<\/script>\n<!-- \/ Yoast SEO plugin. -->","yoast_head_json":{"title":"Les plans de Macron contre l'enseignement - Formation des sites R\u00e9gionaux du SNETAP-FSU","robots":{"index":"index","follow":"follow","max-snippet":"max-snippet:-1","max-image-preview":"max-image-preview:large","max-video-preview":"max-video-preview:-1"},"canonical":"https:\/\/regions-snetap-fsu.fr\/formation\/2019\/12\/15\/les-plans-de-macron-contre-lenseignement\/","og_locale":"fr_FR","og_type":"article","og_title":"Les plans de Macron contre l'enseignement - Formation des sites R\u00e9gionaux du SNETAP-FSU","og_description":"Les plans de Macron contre l&rsquo;enseignement Quand le gouvernement parle de revalorisation, de quoi parle-t-il ? Quand le gouvernement parle de repenser la carri\u00e8re, de quoi parle-t-il ? Quand le pr\u00e9sident Macron dit \u00ab\u00a0on regarde les vacances\u00a0\u00bb, de quoi parle-t-il ? Est-ce la fin de notre statut d&rsquo;enseignant ? &#8230;","og_url":"https:\/\/regions-snetap-fsu.fr\/formation\/2019\/12\/15\/les-plans-de-macron-contre-lenseignement\/","og_site_name":"Formation des sites R\u00e9gionaux du SNETAP-FSU","article_published_time":"2019-12-15T17:31:23+00:00","author":"yoctavien","twitter_card":"summary_large_image","twitter_misc":{"\u00c9crit par":"yoctavien","Dur\u00e9e de lecture estim\u00e9e":"2 minutes"},"schema":{"@context":"https:\/\/schema.org","@graph":[{"@type":"Article","@id":"https:\/\/regions-snetap-fsu.fr\/formation\/2019\/12\/15\/les-plans-de-macron-contre-lenseignement\/#article","isPartOf":{"@id":"https:\/\/regions-snetap-fsu.fr\/formation\/2019\/12\/15\/les-plans-de-macron-contre-lenseignement\/"},"author":{"name":"yoctavien","@id":"https:\/\/regions-snetap-fsu.fr\/formation\/#\/schema\/person\/f5dc7b6354e942ca9c5fa8e9ff7e5c93"},"headline":"Les plans de Macron contre l&rsquo;enseignement","datePublished":"2019-12-15T17:31:23+00:00","mainEntityOfPage":{"@id":"https:\/\/regions-snetap-fsu.fr\/formation\/2019\/12\/15\/les-plans-de-macron-contre-lenseignement\/"},"wordCount":489,"publisher":{"@id":"https:\/\/regions-snetap-fsu.fr\/formation\/#organization"},"articleSection":["Actions - Gr\u00e8ves - Manifs","Communiqu\u00e9s"],"inLanguage":"fr-FR"},{"@type":"WebPage","@id":"https:\/\/regions-snetap-fsu.fr\/formation\/2019\/12\/15\/les-plans-de-macron-contre-lenseignement\/","url":"https:\/\/regions-snetap-fsu.fr\/formation\/2019\/12\/15\/les-plans-de-macron-contre-lenseignement\/","name":"Les plans de Macron contre l'enseignement - Formation des sites R\u00e9gionaux du SNETAP-FSU","isPartOf":{"@id":"https:\/\/regions-snetap-fsu.fr\/formation\/#website"},"datePublished":"2019-12-15T17:31:23+00:00","breadcrumb":{"@id":"https:\/\/regions-snetap-fsu.fr\/formation\/2019\/12\/15\/les-plans-de-macron-contre-lenseignement\/#breadcrumb"},"inLanguage":"fr-FR","potentialAction":[{"@type":"ReadAction","target":["https:\/\/regions-snetap-fsu.fr\/formation\/2019\/12\/15\/les-plans-de-macron-contre-lenseignement\/"]}]},{"@type":"BreadcrumbList","@id":"https:\/\/regions-snetap-fsu.fr\/formation\/2019\/12\/15\/les-plans-de-macron-contre-lenseignement\/#breadcrumb","itemListElement":[{"@type":"ListItem","position":1,"name":"Accueil","item":"https:\/\/regions-snetap-fsu.fr\/formation\/"},{"@type":"ListItem","position":2,"name":"Les plans de Macron contre l&rsquo;enseignement"}]},{"@type":"WebSite","@id":"https:\/\/regions-snetap-fsu.fr\/formation\/#website","url":"https:\/\/regions-snetap-fsu.fr\/formation\/","name":"Formation des sites R\u00e9gionaux du SNETAP-FSU","description":"","publisher":{"@id":"https:\/\/regions-snetap-fsu.fr\/formation\/#organization"},"potentialAction":[{"@type":"SearchAction","target":{"@type":"EntryPoint","urlTemplate":"https:\/\/regions-snetap-fsu.fr\/formation\/?s={search_term_string}"},"query-input":{"@type":"PropertyValueSpecification","valueRequired":true,"valueName":"search_term_string"}}],"inLanguage":"fr-FR"},{"@type":"Organization","@id":"https:\/\/regions-snetap-fsu.fr\/formation\/#organization","name":"Formation des sites R\u00e9gionaux du SNETAP-FSU","url":"https:\/\/regions-snetap-fsu.fr\/formation\/","logo":{"@type":"ImageObject","inLanguage":"fr-FR","@id":"https:\/\/regions-snetap-fsu.fr\/formation\/#\/schema\/logo\/image\/","url":"https:\/\/regions-snetap-fsu.fr\/formation\/wp-content\/uploads\/sites\/20\/2025\/04\/cropped-Logo_blanc_fond_transparent_1000x755.png","contentUrl":"https:\/\/regions-snetap-fsu.fr\/formation\/wp-content\/uploads\/sites\/20\/2025\/04\/cropped-Logo_blanc_fond_transparent_1000x755.png","width":998,"height":689,"caption":"Formation des sites R\u00e9gionaux du SNETAP-FSU"},"image":{"@id":"https:\/\/regions-snetap-fsu.fr\/formation\/#\/schema\/logo\/image\/"}},{"@type":"Person","@id":"https:\/\/regions-snetap-fsu.fr\/formation\/#\/schema\/person\/f5dc7b6354e942ca9c5fa8e9ff7e5c93","name":"yoctavien","image":{"@type":"ImageObject","inLanguage":"fr-FR","@id":"https:\/\/secure.gravatar.com\/avatar\/382642c092b6b9da14641d3c478df2f3da4a2d17eea25691c232d4dbf735c292?s=96&d=mm&r=g","url":"https:\/\/secure.gravatar.com\/avatar\/382642c092b6b9da14641d3c478df2f3da4a2d17eea25691c232d4dbf735c292?s=96&d=mm&r=g","contentUrl":"https:\/\/secure.gravatar.com\/avatar\/382642c092b6b9da14641d3c478df2f3da4a2d17eea25691c232d4dbf735c292?s=96&d=mm&r=g","caption":"yoctavien"},"url":"https:\/\/regions-snetap-fsu.fr\/formation\/author\/yoctavien\/"}]}},"_links":{"self":[{"href":"https:\/\/regions-snetap-fsu.fr\/formation\/wp-json\/wp\/v2\/posts\/3953","targetHints":{"allow":["GET"]}}],"collection":[{"href":"https:\/\/regions-snetap-fsu.fr\/formation\/wp-json\/wp\/v2\/posts"}],"about":[{"href":"https:\/\/regions-snetap-fsu.fr\/formation\/wp-json\/wp\/v2\/types\/post"}],"author":[{"embeddable":true,"href":"https:\/\/regions-snetap-fsu.fr\/formation\/wp-json\/wp\/v2\/users\/138"}],"replies":[{"embeddable":true,"href":"https:\/\/regions-snetap-fsu.fr\/formation\/wp-json\/wp\/v2\/comments?post=3953"}],"version-history":[{"count":0,"href":"https:\/\/regions-snetap-fsu.fr\/formation\/wp-json\/wp\/v2\/posts\/3953\/revisions"}],"wp:attachment":[{"href":"https:\/\/regions-snetap-fsu.fr\/formation\/wp-json\/wp\/v2\/media?parent=3953"}],"wp:term":[{"taxonomy":"category","embeddable":true,"href":"https:\/\/regions-snetap-fsu.fr\/formation\/wp-json\/wp\/v2\/categories?post=3953"},{"taxonomy":"post_tag","embeddable":true,"href":"https:\/\/regions-snetap-fsu.fr\/formation\/wp-json\/wp\/v2\/tags?post=3953"},{"taxonomy":"post_folder","embeddable":true,"href":"https:\/\/regions-snetap-fsu.fr\/formation\/wp-json\/wp\/v2\/post_folder?post=3953"}],"curies":[{"name":"wp","href":"https:\/\/api.w.org\/{rel}","templated":true}]}}