{"id":3934,"date":"2019-12-14T18:40:36","date_gmt":"2019-12-14T17:40:36","guid":{"rendered":"https:\/\/regions-snetap-fsu.fr\/hdf\/?p=3934"},"modified":"2019-12-14T18:40:36","modified_gmt":"2019-12-14T17:40:36","slug":"lumiere-sur-mairies-brunes-des-hauts-de-france","status":"publish","type":"post","link":"https:\/\/regions-snetap-fsu.fr\/formation\/2019\/12\/14\/lumiere-sur-mairies-brunes-des-hauts-de-france\/","title":{"rendered":"Lumi\u00e8re sur mairies brunes des Hauts-de-France"},"content":{"rendered":"<h2 style=\"text-align: center\"><span style=\"font-family: tahoma, arial, helvetica, sans-serif;color: #ff0000\">Lumi\u00e8re sur mairies brunes des Hauts-de-France<\/span><\/h2>\n<blockquote>\n<p style=\"text-align: justify\"><span style=\"font-family: tahoma, arial, helvetica, sans-serif;color: #0000ff\">Avec Eric Zemmour et Robert M\u00e9nard, le ton est bien dangereusement donn\u00e9 pour une campagne municipale en 2020 avec des surench\u00e8res racistes, homophobes et int\u00e9gristes tartin\u00e9es de haines de grande ampleur. Le mouvement antifasciste doit continuer plus que jamais \u00e0 r\u00e9agir partout et dans l&rsquo;unit\u00e9.<\/span><\/p>\n<p style=\"text-align: justify\"><span style=\"font-family: tahoma, arial, helvetica, sans-serif;color: #0000ff\">VISA dans sa chronique n\u00b013 de mai \u00e0 novembre 2019, fait le point des maries brunes &#8230;<\/span><\/p>\n<\/blockquote>\n<p><!--more--><\/p>\n<p><img decoding=\"async\" class=\"spotlight aligncenter\" src=\"https:\/\/scontent-cdg2-1.xx.fbcdn.net\/v\/t1.0-9\/10801555_729960657080320_8969378314515763123_n.jpg?_nc_cat=110&amp;_nc_ohc=wcPoXlfuZRoAQk2QLmdvkVdlWOQduphXGgR69x6oq41Vs5sUmS7PuXizg&amp;_nc_ht=scontent-cdg2-1.xx&amp;oh=979750a0cd6e254f29ee5146012678a2&amp;oe=5EB0E2A9\" alt=\"Aucune description de photo disponible.\" width=\"166\" height=\"169\" \/><\/p>\n<p><span style=\"text-decoration: underline;color: #000000\"><a style=\"color: #000000;text-decoration: underline\" href=\"https:\/\/www.visa-isa.org\/content\/lumiere-sur-mairies-brunes-la-chronique-n-13-de-mai-novembre-2019\" target=\"_blank\" rel=\"noopener noreferrer\"><span style=\"font-family: tahoma, arial, helvetica, sans-serif\">Lien : Article complet VISA, Lumi\u00e8re sur mairies brunes : la chronique n\u00b013 de mai \u00e0 novembre 2019<\/span><\/a><\/span><\/p>\n<p style=\"text-align: justify\"><span style=\"font-family: tahoma, arial, helvetica, sans-serif;color: #0000ff\">Extrait concernant les Hauts-de-France :<\/span><\/p>\n<p align=\"CENTER\"><span style=\"color: #ff0000;font-family: tahoma, arial, helvetica, sans-serif\"><span style=\"font-size: large\"><b>Villers-Cotter\u00eats (Aisne)<\/b><\/span><\/span><\/p>\n<p style=\"text-align: justify\" align=\"JUSTIFY\"><span style=\"color: #0000ff\"><span style=\"font-family: Arial, sans-serif\"><span style=\"font-family: tahoma, arial, helvetica, sans-serif\">\u00c9lu depuis 2014, le maire FN de Villers-Cotter\u00eats, Franck Briffaut, exerce son mandat avec une certaine discr\u00e9tion. Il g\u00e8re avec la plus grande \u00e9conomie les finances de la ville et le montant de la \u00ab\u00a0cagnotte\u00a0\u00bb ainsi aliment\u00e9e ne cesse d\u2019augmenter. Cela est d\u00e9nonc\u00e9 par l\u2019opposition qui s\u2019\u00e9tonne du peu d\u2019investissements depuis son arriv\u00e9e en soulignant le manque d\u2019entretien des voiries et de travaux dans le centre ville.<\/span> <\/span><\/span><\/p>\n<p style=\"text-align: justify\" align=\"JUSTIFY\"><span style=\"color: #0000ff;font-family: tahoma, arial, helvetica, sans-serif\">Ces \u00e9conomies se sont faites aux d\u00e9pens des aides aux transports scolaires ou de la gratuit\u00e9 des ateliers de la m\u00e9diath\u00e8que. La taxe d\u2019am\u00e9nagement a augment\u00e9 et les demandes d\u2019extension de la cr\u00e8che ou de r\u00e9novation de la cantine scolaire n\u2019ont pas \u00e9t\u00e9 entendues.<\/span><\/p>\n<p style=\"text-align: justify\" align=\"JUSTIFY\"><span style=\"color: #0000ff;font-family: tahoma, arial, helvetica, sans-serif\">Cet ancien militaire aime l\u2019autorit\u00e9 et d\u00e9plore dans un interview que <i>\u00ab\u00a0<\/i><i>Aujourd&rsquo;hui, on ne peut plus mettre une baffe \u00e0 un jeune qui commet une b\u00eatise\u00a0\u00bb<\/i>&#8230; Il aime les discours nationalistes vibrants devant les monuments aux morts, mais il a refus\u00e9 jusqu\u2019ici de participer \u00e0 la journ\u00e9e de comm\u00e9moration de l\u2019esclavage, en d\u00e9non\u00e7ant la loi Taubira qui <i>\u00ab\u00a0vise \u00e0 culpabiliser la France<\/i>\u00a0\u00bb. Faute de pouvoir se tenir en ville comme cela se faisait pr\u00e9c\u00e9demment, la comm\u00e9moration devait se tenir au ch\u00e2teau, domaine de l\u2019\u00c9tat.<\/span><\/p>\n<p style=\"text-align: justify\" align=\"JUSTIFY\"><span style=\"color: #0000ff\"><span style=\"font-family: Arial, sans-serif\"><span style=\"font-family: tahoma, arial, helvetica, sans-serif\">Mais cette ann\u00e9e, il s\u2019agit de participer au grand projet pr\u00e9sidentiel de cr\u00e9ation d\u2019un Centre de la Francophonie pour faire de la vieille demeure royale \u00ab<i>\u00a0un p\u00f4le innovant de diffusion de la culture en langue fran\u00e7aise dans le monde<\/i>\u00a0\u00bb. C\u2019est un tr\u00e8s gros projet, men\u00e9 tambour battant par l\u2019\u00c9tat avec l\u2019objectif d\u2019ouvrir en 2022 (prochaines pr\u00e9sidentielles). Il suscite un grand int\u00e9r\u00eat tant du maire que des habitants qui esp\u00e8rent ainsi une revitalisation notable de la ville.<\/span> <\/span><\/span><\/p>\n<p style=\"text-align: justify\" align=\"JUSTIFY\"><span style=\"font-family: tahoma, arial, helvetica, sans-serif;color: #0000ff\">On comprend d\u00e8s lors que le maire ne peut plus bouder ostensiblement les c\u00e9r\u00e9monies du 10 mai, et il y a particip\u00e9 cette ann\u00e9e. Mais il maintient son opinion en pr\u00e9cisant \u00ab\u00a0<em>Je suis contre une culpabilisation exclusive de la France. [&#8230;] C\u2019est en Afrique qu\u2019on a aboli l\u2019esclavage en dernier. Et c\u2019est au Moyen-Orient que s\u00e9vit l\u2019esclavage moderne.\u00a0\u00bb<\/em><\/span><\/p>\n<p style=\"text-align: justify\" align=\"JUSTIFY\"><span style=\"color: #0000ff;font-family: tahoma, arial, helvetica, sans-serif\">Et il n\u2019h\u00e9site pas \u00e0 affirmer\u00a0: \u00ab<i>\u00a0Si Villers-Cotter\u00eats <\/i><i>n&rsquo;avait pas \u00e9t\u00e9 la ville FN la plus proche de Paris, Macron ne serait peut-\u00eatre pas venu y faire campagne et il n&rsquo;y aurait pas de <\/i><i>projet au ch\u00e2teau\u00bb.<\/i>.<\/span><\/p>\n<p style=\"text-align: justify\" align=\"JUSTIFY\"><span style=\"color: #0000ff\"><span style=\"font-family: Arial, sans-serif\"><span style=\"font-family: tahoma, arial, helvetica, sans-serif\">La campagne pour les \u00e9lections municipales se met en route et Franck Briffaut a annonc\u00e9 qu\u2019il se repr\u00e9senterait. Il pr\u00e9pare le terrain en utilisant la rh\u00e9torique du parti sur le face \u00e0 face RN\/LREM\u00a0: \u00ab\u00a0<\/span><i><span style=\"font-family: tahoma, arial, helvetica, sans-serif\">le clivage id\u00e9ologique qui se met en place depuis quelques ann\u00e9es oppos[e] les partisans d\u2019un mondialisme exacerb\u00e9, sans fronti\u00e8re (&#8230;) et ceux qui savent que les peuples sont enracin\u00e9s dans un p\u00e9rim\u00e8tre garant de leur histoire, de leurs traditions et de leur culture et que l\u2019on appelle nation\u00a0\u00bb.<\/span> <\/i><\/span><\/span><\/p>\n<p style=\"text-align: justify\" align=\"JUSTIFY\"><span style=\"color: #0000ff\"><span style=\"font-family: Arial, sans-serif\"><span style=\"font-family: tahoma, arial, helvetica, sans-serif\">Il peut bien entendu compter sur la caisse de r\u00e9sonance que constitue le d\u00e9partement de l\u2019Aisne, un des principaux bastion du FN\/RN o\u00f9 les \u00e9lections pr\u00e9c\u00e9dentes ont toutes plac\u00e9 ce parti d\u2019extr\u00eame droite en premi\u00e8re place&#8230;<\/span> <\/span><\/span><\/p>\n<p align=\"CENTER\"><span style=\"color: #ff0000\"><strong><span style=\"font-family: Arial, sans-serif\"><span style=\"font-size: large\"><b><span style=\"font-family: tahoma, arial, helvetica, sans-serif\">H\u00e9nin-Beaumont<\/span> <\/b><\/span><\/span><\/strong><\/span><\/p>\n<p style=\"text-align: justify\" align=\"JUSTIFY\"><span style=\"color: #0000ff\"><span style=\"font-family: Arial, sans-serif\"><span style=\"font-family: tahoma, arial, helvetica, sans-serif\">Cette commune, la seule que le FN de l\u2019\u00e9poque avait conquis avec une majorit\u00e9 absolue d\u00e8s le premier tour des \u00e9lections municipales de mars 2014, constitue la vitrine la plus visible du parti. La cheffe, Marine Le Pen, occupe d\u2019ailleurs un si\u00e8ge de d\u00e9put\u00e9e dans le voisinage, dans la onzi\u00e8me circonscription du Pas-de-Calais.<\/span> <\/span><\/span><\/p>\n<p style=\"text-align: justify\" align=\"JUSTIFY\"><span style=\"color: #0000ff\"><span style=\"font-family: Arial, sans-serif\"><span style=\"font-family: tahoma, arial, helvetica, sans-serif\">Ici, le parti fait preuve d\u2019une certaine prudence dans ses actes locaux, afin de ne pas trop susciter de mauvaise presse. Ce qui ne signifie pas pour autant qu\u2019il s\u2019abstienne de faire sa propagande, bien au contraire. Marine Le Pen avait choisi la ville d\u2019H\u00e9nin-Beaumont pour faire sa \u00ab\u00a0rentr\u00e9e politique nationale\u00a0\u00bb \u2013 sa premi\u00e8re apparition publique et m\u00e9diatique apr\u00e8s la pause estivale -, le dimanche 8 septembre. Lors de la braderie d\u2019H\u00e9nin-Beaumont, elle se d\u00e9pla\u00e7a en compagnie du maire Steeve Briois.<\/span> <\/span><\/span><\/p>\n<p style=\"text-align: justify\" align=\"JUSTIFY\"><span style=\"font-family: tahoma, arial, helvetica, sans-serif;color: #0000ff\">A cette occasion, le quotidien <em>Le Monde<\/em> donna la parole \u00e0 l\u2019\u00e9lue d\u2019opposition Marine Tondelier\u00a0: <strong>\u00ab\u00a0<\/strong><em>#ffffff\u00a0\u00bb&gt;La vitrine, la vitrine\u2026 Nous, ce qu\u2019on voit, c\u2019est surtout les ravages dans l\u2019arri\u00e8re-boutique<\/em><strong>#ffffff\u00a0\u00bb&gt;, <\/strong><em>#ffffff\u00a0\u00bb&gt;gronde Marine Tondelier, depuis le stand de l\u2019opposition que la d\u00e9l\u00e9gation Briois-Le Pen prend bien soin d\u2019\u00e9viter.\u00a0S\u2019ils ne passent jamais devant ceux qui ne sont pas d\u2019accord avec eux, c\u2019est facile, ils font une campagne en pantoufles\u00a0!\u00a0\u00bb <\/em><strong>#ffffff\u00a0\u00bb&gt;La conseill\u00e8re municipale \u00e9cologiste est \u00e0 l\u2019initiative de la liste citoyenne Osons pour H\u00e9nin-Beaumont, o\u00f9 se retrouvent des militants socialistes, \u00e9cologistes, communistes, Insoumis\u2026 Une union rare en ces temps d\u2019atomisation de la vie politique fran\u00e7aise.<\/strong><strong> \u00bb\u00a0<\/strong><\/span><\/p>\n<p style=\"text-align: justify\" align=\"JUSTIFY\"><span style=\"color: #0000ff\"><span style=\"font-family: tahoma, arial, helvetica, sans-serif\">Lors de ce m\u00eame d\u00e9placement \u00e0 H\u00e9nin-Beaumont, Marine Le Pen, loin de jouer sur l\u2019apparence d\u2019unanimit\u00e9, prit soin de marteler les fondamentaux du RN, mettant en avant sur le plan th\u00e9matique \u00ab\u00a0<em>l\u2019immigration incontr\u00f4l\u00e9e\u00a0<\/em>\u00bb et\u00a0\u00ab\u00a0<em>l\u2019ensauvagement de la soci\u00e9t\u00e9<\/em>\u00a0\u00bb, annon\u00e7ant par ailleurs que le RN placera \u00ab\u00a0<em>la s\u00e9curit\u00e9<\/em><\/span><span style=\"font-family: Arial, sans-serif\"><span style=\"font-family: tahoma, arial, helvetica, sans-serif\">\u00a0\u00bb au c\u0153ur de sa future campagne aux municipales.<\/span> <\/span><\/span><\/p>\n<p style=\"text-align: justify\" align=\"JUSTIFY\"><span style=\"color: #0000ff;font-family: tahoma, arial, helvetica, sans-serif\">A H\u00e9nin-Beaumont, aussi, l\u2019id\u00e9ologie du RN est bien au rendez-vous. La municipalit\u00e9 ne fait pas que projeter des piscines, comme celle qui a fait l\u2019objet d\u2019un conseil municipal du 8 novembre. Des actes autrement plus id\u00e9ologiques portent \u00e9galement sa signature.<\/span><\/p>\n<p style=\"text-align: justify\" align=\"JUSTIFY\"><span style=\"font-family: tahoma, arial, helvetica, sans-serif;color: #0000ff\">Ainsi la municipalit\u00e9 s\u2019est oppos\u00e9e, lors d\u2019un vote du 10 octobre 2019 dans le cadre de la Communaut\u00e9 d\u2019agglom\u00e9ration, \u00e0 une subvention pour l\u2019ouverture r\u00e9cente d\u2019un fast-food de l\u2019enseigne <em>BBQ <\/em>\u00e0 H\u00e9nin-Beaumont. Motif\u00a0: l\u2019\u00e9tablissement ne propose pas d\u2019alcool \u00e0 sa client\u00e8le\u2026 ce qui ne rel\u00e8ve d\u2019aucune obligation. La municipalit\u00e9 RN y voit, automatiquement, une \u00ab\u00a0<em>d\u00e9rive communautariste<\/em>\u00a0\u00bb. Fran\u00e7ais, Fran\u00e7aises, bourrez-vous la gueule, pour montrer que vous n\u2019\u00eates point des m\u00e9chants musulmans\u2026\u00a0!!<\/span><\/p>\n<p align=\"JUSTIFY\"><img decoding=\"async\" class=\"aligncenter\" src=\"https:\/\/www.visa-isa.org\/files\/Mairies%28A2%29.jpg\" alt=\"\" \/><\/p>\n","protected":false},"excerpt":{"rendered":"<p>Lumi\u00e8re sur mairies brunes des Hauts-de-France Avec Eric Zemmour et Robert M\u00e9nard, le ton est bien dangereusement donn\u00e9 pour une campagne municipale en 2020 avec des surench\u00e8res racistes, homophobes et int\u00e9gristes tartin\u00e9es de haines de grande ampleur. Le mouvement antifasciste doit continuer plus que jamais \u00e0 r\u00e9agir partout et dans l&rsquo;unit\u00e9. VISA dans sa chronique [&hellip;]<\/p>\n","protected":false},"author":138,"featured_media":0,"comment_status":"closed","ping_status":"closed","sticky":false,"template":"","format":"standard","meta":{"ocean_post_layout":"","ocean_both_sidebars_style":"","ocean_both_sidebars_content_width":0,"ocean_both_sidebars_sidebars_width":0,"ocean_sidebar":"","ocean_second_sidebar":"","ocean_disable_margins":"enable","ocean_add_body_class":"","ocean_shortcode_before_top_bar":"","ocean_shortcode_after_top_bar":"","ocean_shortcode_before_header":"","ocean_shortcode_after_header":"","ocean_has_shortcode":"","ocean_shortcode_after_title":"","ocean_shortcode_before_footer_widgets":"","ocean_shortcode_after_footer_widgets":"","ocean_shortcode_before_footer_bottom":"","ocean_shortcode_after_footer_bottom":"","ocean_display_top_bar":"default","ocean_display_header":"default","ocean_header_style":"","ocean_center_header_left_menu":"","ocean_custom_header_template":"","ocean_custom_logo":0,"ocean_custom_retina_logo":0,"ocean_custom_logo_max_width":0,"ocean_custom_logo_tablet_max_width":0,"ocean_custom_logo_mobile_max_width":0,"ocean_custom_logo_max_height":0,"ocean_custom_logo_tablet_max_height":0,"ocean_custom_logo_mobile_max_height":0,"ocean_header_custom_menu":"","ocean_menu_typo_font_family":"","ocean_menu_typo_font_subset":"","ocean_menu_typo_font_size":0,"ocean_menu_typo_font_size_tablet":0,"ocean_menu_typo_font_size_mobile":0,"ocean_menu_typo_font_size_unit":"px","ocean_menu_typo_font_weight":"","ocean_menu_typo_font_weight_tablet":"","ocean_menu_typo_font_weight_mobile":"","ocean_menu_typo_transform":"","ocean_menu_typo_transform_tablet":"","ocean_menu_typo_transform_mobile":"","ocean_menu_typo_line_height":0,"ocean_menu_typo_line_height_tablet":0,"ocean_menu_typo_line_height_mobile":0,"ocean_menu_typo_line_height_unit":"","ocean_menu_typo_spacing":0,"ocean_menu_typo_spacing_tablet":0,"ocean_menu_typo_spacing_mobile":0,"ocean_menu_typo_spacing_unit":"","ocean_menu_link_color":"","ocean_menu_link_color_hover":"","ocean_menu_link_color_active":"","ocean_menu_link_background":"","ocean_menu_link_hover_background":"","ocean_menu_link_active_background":"","ocean_menu_social_links_bg":"","ocean_menu_social_hover_links_bg":"","ocean_menu_social_links_color":"","ocean_menu_social_hover_links_color":"","ocean_disable_title":"default","ocean_disable_heading":"default","ocean_post_title":"","ocean_post_subheading":"","ocean_post_title_style":"","ocean_post_title_background_color":"","ocean_post_title_background":0,"ocean_post_title_bg_image_position":"","ocean_post_title_bg_image_attachment":"","ocean_post_title_bg_image_repeat":"","ocean_post_title_bg_image_size":"","ocean_post_title_height":0,"ocean_post_title_bg_overlay":0.5,"ocean_post_title_bg_overlay_color":"","ocean_disable_breadcrumbs":"default","ocean_breadcrumbs_color":"","ocean_breadcrumbs_separator_color":"","ocean_breadcrumbs_links_color":"","ocean_breadcrumbs_links_hover_color":"","ocean_display_footer_widgets":"default","ocean_display_footer_bottom":"default","ocean_custom_footer_template":"","ocean_post_oembed":"","ocean_post_self_hosted_media":"","ocean_post_video_embed":"","ocean_link_format":"","ocean_link_format_target":"self","ocean_quote_format":"","ocean_quote_format_link":"post","ocean_gallery_link_images":"on","ocean_gallery_id":[],"footnotes":""},"categories":[27],"tags":[],"post_folder":[],"class_list":["post-3934","post","type-post","status-publish","format-standard","hentry","category-pour-information","entry"],"yoast_head":"<!-- This site is optimized with the Yoast SEO plugin v27.4 - https:\/\/yoast.com\/product\/yoast-seo-wordpress\/ -->\n<title>Lumi\u00e8re sur mairies brunes des Hauts-de-France - Formation des sites R\u00e9gionaux du SNETAP-FSU<\/title>\n<meta name=\"robots\" content=\"index, follow, max-snippet:-1, max-image-preview:large, max-video-preview:-1\" \/>\n<link rel=\"canonical\" href=\"https:\/\/regions-snetap-fsu.fr\/formation\/2019\/12\/14\/lumiere-sur-mairies-brunes-des-hauts-de-france\/\" \/>\n<meta property=\"og:locale\" content=\"fr_FR\" \/>\n<meta property=\"og:type\" content=\"article\" \/>\n<meta property=\"og:title\" content=\"Lumi\u00e8re sur mairies brunes des Hauts-de-France - Formation des sites R\u00e9gionaux du SNETAP-FSU\" \/>\n<meta property=\"og:description\" content=\"Lumi\u00e8re sur mairies brunes des Hauts-de-France Avec Eric Zemmour et Robert M\u00e9nard, le ton est bien dangereusement donn\u00e9 pour une campagne municipale en 2020 avec des surench\u00e8res racistes, homophobes et int\u00e9gristes tartin\u00e9es de haines de grande ampleur. Le mouvement antifasciste doit continuer plus que jamais \u00e0 r\u00e9agir partout et dans l&rsquo;unit\u00e9. VISA dans sa chronique [&hellip;]\" \/>\n<meta property=\"og:url\" content=\"https:\/\/regions-snetap-fsu.fr\/formation\/2019\/12\/14\/lumiere-sur-mairies-brunes-des-hauts-de-france\/\" \/>\n<meta property=\"og:site_name\" content=\"Formation des sites R\u00e9gionaux du SNETAP-FSU\" \/>\n<meta property=\"article:published_time\" content=\"2019-12-14T17:40:36+00:00\" \/>\n<meta property=\"og:image\" content=\"https:\/\/scontent-cdg2-1.xx.fbcdn.net\/v\/t1.0-9\/10801555_729960657080320_8969378314515763123_n.jpg?_nc_cat=110&amp;_nc_ohc=wcPoXlfuZRoAQk2QLmdvkVdlWOQduphXGgR69x6oq41Vs5sUmS7PuXizg&amp;_nc_ht=scontent-cdg2-1.xx&amp;oh=979750a0cd6e254f29ee5146012678a2&amp;oe=5EB0E2A9\" \/>\n<meta name=\"author\" content=\"yoctavien\" \/>\n<meta name=\"twitter:card\" content=\"summary_large_image\" \/>\n<meta name=\"twitter:label1\" content=\"\u00c9crit par\" \/>\n\t<meta name=\"twitter:data1\" content=\"yoctavien\" \/>\n\t<meta name=\"twitter:label2\" content=\"Dur\u00e9e de lecture estim\u00e9e\" \/>\n\t<meta name=\"twitter:data2\" content=\"6 minutes\" \/>\n<script type=\"application\/ld+json\" class=\"yoast-schema-graph\">{\"@context\":\"https:\\\/\\\/schema.org\",\"@graph\":[{\"@type\":\"Article\",\"@id\":\"https:\\\/\\\/regions-snetap-fsu.fr\\\/formation\\\/2019\\\/12\\\/14\\\/lumiere-sur-mairies-brunes-des-hauts-de-france\\\/#article\",\"isPartOf\":{\"@id\":\"https:\\\/\\\/regions-snetap-fsu.fr\\\/formation\\\/2019\\\/12\\\/14\\\/lumiere-sur-mairies-brunes-des-hauts-de-france\\\/\"},\"author\":{\"name\":\"yoctavien\",\"@id\":\"https:\\\/\\\/regions-snetap-fsu.fr\\\/formation\\\/#\\\/schema\\\/person\\\/f5dc7b6354e942ca9c5fa8e9ff7e5c93\"},\"headline\":\"Lumi\u00e8re sur mairies brunes des Hauts-de-France\",\"datePublished\":\"2019-12-14T17:40:36+00:00\",\"mainEntityOfPage\":{\"@id\":\"https:\\\/\\\/regions-snetap-fsu.fr\\\/formation\\\/2019\\\/12\\\/14\\\/lumiere-sur-mairies-brunes-des-hauts-de-france\\\/\"},\"wordCount\":1142,\"publisher\":{\"@id\":\"https:\\\/\\\/regions-snetap-fsu.fr\\\/formation\\\/#organization\"},\"image\":{\"@id\":\"https:\\\/\\\/regions-snetap-fsu.fr\\\/formation\\\/2019\\\/12\\\/14\\\/lumiere-sur-mairies-brunes-des-hauts-de-france\\\/#primaryimage\"},\"thumbnailUrl\":\"https:\\\/\\\/scontent-cdg2-1.xx.fbcdn.net\\\/v\\\/t1.0-9\\\/10801555_729960657080320_8969378314515763123_n.jpg?_nc_cat=110&amp;_nc_ohc=wcPoXlfuZRoAQk2QLmdvkVdlWOQduphXGgR69x6oq41Vs5sUmS7PuXizg&amp;_nc_ht=scontent-cdg2-1.xx&amp;oh=979750a0cd6e254f29ee5146012678a2&amp;oe=5EB0E2A9\",\"articleSection\":[\"Pour information\"],\"inLanguage\":\"fr-FR\"},{\"@type\":\"WebPage\",\"@id\":\"https:\\\/\\\/regions-snetap-fsu.fr\\\/formation\\\/2019\\\/12\\\/14\\\/lumiere-sur-mairies-brunes-des-hauts-de-france\\\/\",\"url\":\"https:\\\/\\\/regions-snetap-fsu.fr\\\/formation\\\/2019\\\/12\\\/14\\\/lumiere-sur-mairies-brunes-des-hauts-de-france\\\/\",\"name\":\"Lumi\u00e8re sur mairies brunes des Hauts-de-France - Formation des sites R\u00e9gionaux du SNETAP-FSU\",\"isPartOf\":{\"@id\":\"https:\\\/\\\/regions-snetap-fsu.fr\\\/formation\\\/#website\"},\"primaryImageOfPage\":{\"@id\":\"https:\\\/\\\/regions-snetap-fsu.fr\\\/formation\\\/2019\\\/12\\\/14\\\/lumiere-sur-mairies-brunes-des-hauts-de-france\\\/#primaryimage\"},\"image\":{\"@id\":\"https:\\\/\\\/regions-snetap-fsu.fr\\\/formation\\\/2019\\\/12\\\/14\\\/lumiere-sur-mairies-brunes-des-hauts-de-france\\\/#primaryimage\"},\"thumbnailUrl\":\"https:\\\/\\\/scontent-cdg2-1.xx.fbcdn.net\\\/v\\\/t1.0-9\\\/10801555_729960657080320_8969378314515763123_n.jpg?_nc_cat=110&amp;_nc_ohc=wcPoXlfuZRoAQk2QLmdvkVdlWOQduphXGgR69x6oq41Vs5sUmS7PuXizg&amp;_nc_ht=scontent-cdg2-1.xx&amp;oh=979750a0cd6e254f29ee5146012678a2&amp;oe=5EB0E2A9\",\"datePublished\":\"2019-12-14T17:40:36+00:00\",\"breadcrumb\":{\"@id\":\"https:\\\/\\\/regions-snetap-fsu.fr\\\/formation\\\/2019\\\/12\\\/14\\\/lumiere-sur-mairies-brunes-des-hauts-de-france\\\/#breadcrumb\"},\"inLanguage\":\"fr-FR\",\"potentialAction\":[{\"@type\":\"ReadAction\",\"target\":[\"https:\\\/\\\/regions-snetap-fsu.fr\\\/formation\\\/2019\\\/12\\\/14\\\/lumiere-sur-mairies-brunes-des-hauts-de-france\\\/\"]}]},{\"@type\":\"ImageObject\",\"inLanguage\":\"fr-FR\",\"@id\":\"https:\\\/\\\/regions-snetap-fsu.fr\\\/formation\\\/2019\\\/12\\\/14\\\/lumiere-sur-mairies-brunes-des-hauts-de-france\\\/#primaryimage\",\"url\":\"https:\\\/\\\/scontent-cdg2-1.xx.fbcdn.net\\\/v\\\/t1.0-9\\\/10801555_729960657080320_8969378314515763123_n.jpg?_nc_cat=110&amp;_nc_ohc=wcPoXlfuZRoAQk2QLmdvkVdlWOQduphXGgR69x6oq41Vs5sUmS7PuXizg&amp;_nc_ht=scontent-cdg2-1.xx&amp;oh=979750a0cd6e254f29ee5146012678a2&amp;oe=5EB0E2A9\",\"contentUrl\":\"https:\\\/\\\/scontent-cdg2-1.xx.fbcdn.net\\\/v\\\/t1.0-9\\\/10801555_729960657080320_8969378314515763123_n.jpg?_nc_cat=110&amp;_nc_ohc=wcPoXlfuZRoAQk2QLmdvkVdlWOQduphXGgR69x6oq41Vs5sUmS7PuXizg&amp;_nc_ht=scontent-cdg2-1.xx&amp;oh=979750a0cd6e254f29ee5146012678a2&amp;oe=5EB0E2A9\"},{\"@type\":\"BreadcrumbList\",\"@id\":\"https:\\\/\\\/regions-snetap-fsu.fr\\\/formation\\\/2019\\\/12\\\/14\\\/lumiere-sur-mairies-brunes-des-hauts-de-france\\\/#breadcrumb\",\"itemListElement\":[{\"@type\":\"ListItem\",\"position\":1,\"name\":\"Accueil\",\"item\":\"https:\\\/\\\/regions-snetap-fsu.fr\\\/formation\\\/\"},{\"@type\":\"ListItem\",\"position\":2,\"name\":\"Lumi\u00e8re sur mairies brunes des Hauts-de-France\"}]},{\"@type\":\"WebSite\",\"@id\":\"https:\\\/\\\/regions-snetap-fsu.fr\\\/formation\\\/#website\",\"url\":\"https:\\\/\\\/regions-snetap-fsu.fr\\\/formation\\\/\",\"name\":\"Formation des sites R\u00e9gionaux du SNETAP-FSU\",\"description\":\"\",\"publisher\":{\"@id\":\"https:\\\/\\\/regions-snetap-fsu.fr\\\/formation\\\/#organization\"},\"potentialAction\":[{\"@type\":\"SearchAction\",\"target\":{\"@type\":\"EntryPoint\",\"urlTemplate\":\"https:\\\/\\\/regions-snetap-fsu.fr\\\/formation\\\/?s={search_term_string}\"},\"query-input\":{\"@type\":\"PropertyValueSpecification\",\"valueRequired\":true,\"valueName\":\"search_term_string\"}}],\"inLanguage\":\"fr-FR\"},{\"@type\":\"Organization\",\"@id\":\"https:\\\/\\\/regions-snetap-fsu.fr\\\/formation\\\/#organization\",\"name\":\"Formation des sites R\u00e9gionaux du SNETAP-FSU\",\"url\":\"https:\\\/\\\/regions-snetap-fsu.fr\\\/formation\\\/\",\"logo\":{\"@type\":\"ImageObject\",\"inLanguage\":\"fr-FR\",\"@id\":\"https:\\\/\\\/regions-snetap-fsu.fr\\\/formation\\\/#\\\/schema\\\/logo\\\/image\\\/\",\"url\":\"https:\\\/\\\/regions-snetap-fsu.fr\\\/formation\\\/wp-content\\\/uploads\\\/sites\\\/20\\\/2025\\\/04\\\/cropped-Logo_blanc_fond_transparent_1000x755.png\",\"contentUrl\":\"https:\\\/\\\/regions-snetap-fsu.fr\\\/formation\\\/wp-content\\\/uploads\\\/sites\\\/20\\\/2025\\\/04\\\/cropped-Logo_blanc_fond_transparent_1000x755.png\",\"width\":998,\"height\":689,\"caption\":\"Formation des sites R\u00e9gionaux du SNETAP-FSU\"},\"image\":{\"@id\":\"https:\\\/\\\/regions-snetap-fsu.fr\\\/formation\\\/#\\\/schema\\\/logo\\\/image\\\/\"}},{\"@type\":\"Person\",\"@id\":\"https:\\\/\\\/regions-snetap-fsu.fr\\\/formation\\\/#\\\/schema\\\/person\\\/f5dc7b6354e942ca9c5fa8e9ff7e5c93\",\"name\":\"yoctavien\",\"image\":{\"@type\":\"ImageObject\",\"inLanguage\":\"fr-FR\",\"@id\":\"https:\\\/\\\/secure.gravatar.com\\\/avatar\\\/382642c092b6b9da14641d3c478df2f3da4a2d17eea25691c232d4dbf735c292?s=96&d=mm&r=g\",\"url\":\"https:\\\/\\\/secure.gravatar.com\\\/avatar\\\/382642c092b6b9da14641d3c478df2f3da4a2d17eea25691c232d4dbf735c292?s=96&d=mm&r=g\",\"contentUrl\":\"https:\\\/\\\/secure.gravatar.com\\\/avatar\\\/382642c092b6b9da14641d3c478df2f3da4a2d17eea25691c232d4dbf735c292?s=96&d=mm&r=g\",\"caption\":\"yoctavien\"},\"url\":\"https:\\\/\\\/regions-snetap-fsu.fr\\\/formation\\\/author\\\/yoctavien\\\/\"}]}<\/script>\n<!-- \/ Yoast SEO plugin. -->","yoast_head_json":{"title":"Lumi\u00e8re sur mairies brunes des Hauts-de-France - Formation des sites R\u00e9gionaux du SNETAP-FSU","robots":{"index":"index","follow":"follow","max-snippet":"max-snippet:-1","max-image-preview":"max-image-preview:large","max-video-preview":"max-video-preview:-1"},"canonical":"https:\/\/regions-snetap-fsu.fr\/formation\/2019\/12\/14\/lumiere-sur-mairies-brunes-des-hauts-de-france\/","og_locale":"fr_FR","og_type":"article","og_title":"Lumi\u00e8re sur mairies brunes des Hauts-de-France - Formation des sites R\u00e9gionaux du SNETAP-FSU","og_description":"Lumi\u00e8re sur mairies brunes des Hauts-de-France Avec Eric Zemmour et Robert M\u00e9nard, le ton est bien dangereusement donn\u00e9 pour une campagne municipale en 2020 avec des surench\u00e8res racistes, homophobes et int\u00e9gristes tartin\u00e9es de haines de grande ampleur. Le mouvement antifasciste doit continuer plus que jamais \u00e0 r\u00e9agir partout et dans l&rsquo;unit\u00e9. VISA dans sa chronique [&hellip;]","og_url":"https:\/\/regions-snetap-fsu.fr\/formation\/2019\/12\/14\/lumiere-sur-mairies-brunes-des-hauts-de-france\/","og_site_name":"Formation des sites R\u00e9gionaux du SNETAP-FSU","article_published_time":"2019-12-14T17:40:36+00:00","og_image":[{"url":"https:\/\/scontent-cdg2-1.xx.fbcdn.net\/v\/t1.0-9\/10801555_729960657080320_8969378314515763123_n.jpg?_nc_cat=110&amp;_nc_ohc=wcPoXlfuZRoAQk2QLmdvkVdlWOQduphXGgR69x6oq41Vs5sUmS7PuXizg&amp;_nc_ht=scontent-cdg2-1.xx&amp;oh=979750a0cd6e254f29ee5146012678a2&amp;oe=5EB0E2A9","type":"","width":"","height":""}],"author":"yoctavien","twitter_card":"summary_large_image","twitter_misc":{"\u00c9crit par":"yoctavien","Dur\u00e9e de lecture estim\u00e9e":"6 minutes"},"schema":{"@context":"https:\/\/schema.org","@graph":[{"@type":"Article","@id":"https:\/\/regions-snetap-fsu.fr\/formation\/2019\/12\/14\/lumiere-sur-mairies-brunes-des-hauts-de-france\/#article","isPartOf":{"@id":"https:\/\/regions-snetap-fsu.fr\/formation\/2019\/12\/14\/lumiere-sur-mairies-brunes-des-hauts-de-france\/"},"author":{"name":"yoctavien","@id":"https:\/\/regions-snetap-fsu.fr\/formation\/#\/schema\/person\/f5dc7b6354e942ca9c5fa8e9ff7e5c93"},"headline":"Lumi\u00e8re sur mairies brunes des Hauts-de-France","datePublished":"2019-12-14T17:40:36+00:00","mainEntityOfPage":{"@id":"https:\/\/regions-snetap-fsu.fr\/formation\/2019\/12\/14\/lumiere-sur-mairies-brunes-des-hauts-de-france\/"},"wordCount":1142,"publisher":{"@id":"https:\/\/regions-snetap-fsu.fr\/formation\/#organization"},"image":{"@id":"https:\/\/regions-snetap-fsu.fr\/formation\/2019\/12\/14\/lumiere-sur-mairies-brunes-des-hauts-de-france\/#primaryimage"},"thumbnailUrl":"https:\/\/scontent-cdg2-1.xx.fbcdn.net\/v\/t1.0-9\/10801555_729960657080320_8969378314515763123_n.jpg?_nc_cat=110&amp;_nc_ohc=wcPoXlfuZRoAQk2QLmdvkVdlWOQduphXGgR69x6oq41Vs5sUmS7PuXizg&amp;_nc_ht=scontent-cdg2-1.xx&amp;oh=979750a0cd6e254f29ee5146012678a2&amp;oe=5EB0E2A9","articleSection":["Pour information"],"inLanguage":"fr-FR"},{"@type":"WebPage","@id":"https:\/\/regions-snetap-fsu.fr\/formation\/2019\/12\/14\/lumiere-sur-mairies-brunes-des-hauts-de-france\/","url":"https:\/\/regions-snetap-fsu.fr\/formation\/2019\/12\/14\/lumiere-sur-mairies-brunes-des-hauts-de-france\/","name":"Lumi\u00e8re sur mairies brunes des Hauts-de-France - Formation des sites R\u00e9gionaux du SNETAP-FSU","isPartOf":{"@id":"https:\/\/regions-snetap-fsu.fr\/formation\/#website"},"primaryImageOfPage":{"@id":"https:\/\/regions-snetap-fsu.fr\/formation\/2019\/12\/14\/lumiere-sur-mairies-brunes-des-hauts-de-france\/#primaryimage"},"image":{"@id":"https:\/\/regions-snetap-fsu.fr\/formation\/2019\/12\/14\/lumiere-sur-mairies-brunes-des-hauts-de-france\/#primaryimage"},"thumbnailUrl":"https:\/\/scontent-cdg2-1.xx.fbcdn.net\/v\/t1.0-9\/10801555_729960657080320_8969378314515763123_n.jpg?_nc_cat=110&amp;_nc_ohc=wcPoXlfuZRoAQk2QLmdvkVdlWOQduphXGgR69x6oq41Vs5sUmS7PuXizg&amp;_nc_ht=scontent-cdg2-1.xx&amp;oh=979750a0cd6e254f29ee5146012678a2&amp;oe=5EB0E2A9","datePublished":"2019-12-14T17:40:36+00:00","breadcrumb":{"@id":"https:\/\/regions-snetap-fsu.fr\/formation\/2019\/12\/14\/lumiere-sur-mairies-brunes-des-hauts-de-france\/#breadcrumb"},"inLanguage":"fr-FR","potentialAction":[{"@type":"ReadAction","target":["https:\/\/regions-snetap-fsu.fr\/formation\/2019\/12\/14\/lumiere-sur-mairies-brunes-des-hauts-de-france\/"]}]},{"@type":"ImageObject","inLanguage":"fr-FR","@id":"https:\/\/regions-snetap-fsu.fr\/formation\/2019\/12\/14\/lumiere-sur-mairies-brunes-des-hauts-de-france\/#primaryimage","url":"https:\/\/scontent-cdg2-1.xx.fbcdn.net\/v\/t1.0-9\/10801555_729960657080320_8969378314515763123_n.jpg?_nc_cat=110&amp;_nc_ohc=wcPoXlfuZRoAQk2QLmdvkVdlWOQduphXGgR69x6oq41Vs5sUmS7PuXizg&amp;_nc_ht=scontent-cdg2-1.xx&amp;oh=979750a0cd6e254f29ee5146012678a2&amp;oe=5EB0E2A9","contentUrl":"https:\/\/scontent-cdg2-1.xx.fbcdn.net\/v\/t1.0-9\/10801555_729960657080320_8969378314515763123_n.jpg?_nc_cat=110&amp;_nc_ohc=wcPoXlfuZRoAQk2QLmdvkVdlWOQduphXGgR69x6oq41Vs5sUmS7PuXizg&amp;_nc_ht=scontent-cdg2-1.xx&amp;oh=979750a0cd6e254f29ee5146012678a2&amp;oe=5EB0E2A9"},{"@type":"BreadcrumbList","@id":"https:\/\/regions-snetap-fsu.fr\/formation\/2019\/12\/14\/lumiere-sur-mairies-brunes-des-hauts-de-france\/#breadcrumb","itemListElement":[{"@type":"ListItem","position":1,"name":"Accueil","item":"https:\/\/regions-snetap-fsu.fr\/formation\/"},{"@type":"ListItem","position":2,"name":"Lumi\u00e8re sur mairies brunes des Hauts-de-France"}]},{"@type":"WebSite","@id":"https:\/\/regions-snetap-fsu.fr\/formation\/#website","url":"https:\/\/regions-snetap-fsu.fr\/formation\/","name":"Formation des sites R\u00e9gionaux du SNETAP-FSU","description":"","publisher":{"@id":"https:\/\/regions-snetap-fsu.fr\/formation\/#organization"},"potentialAction":[{"@type":"SearchAction","target":{"@type":"EntryPoint","urlTemplate":"https:\/\/regions-snetap-fsu.fr\/formation\/?s={search_term_string}"},"query-input":{"@type":"PropertyValueSpecification","valueRequired":true,"valueName":"search_term_string"}}],"inLanguage":"fr-FR"},{"@type":"Organization","@id":"https:\/\/regions-snetap-fsu.fr\/formation\/#organization","name":"Formation des sites R\u00e9gionaux du SNETAP-FSU","url":"https:\/\/regions-snetap-fsu.fr\/formation\/","logo":{"@type":"ImageObject","inLanguage":"fr-FR","@id":"https:\/\/regions-snetap-fsu.fr\/formation\/#\/schema\/logo\/image\/","url":"https:\/\/regions-snetap-fsu.fr\/formation\/wp-content\/uploads\/sites\/20\/2025\/04\/cropped-Logo_blanc_fond_transparent_1000x755.png","contentUrl":"https:\/\/regions-snetap-fsu.fr\/formation\/wp-content\/uploads\/sites\/20\/2025\/04\/cropped-Logo_blanc_fond_transparent_1000x755.png","width":998,"height":689,"caption":"Formation des sites R\u00e9gionaux du SNETAP-FSU"},"image":{"@id":"https:\/\/regions-snetap-fsu.fr\/formation\/#\/schema\/logo\/image\/"}},{"@type":"Person","@id":"https:\/\/regions-snetap-fsu.fr\/formation\/#\/schema\/person\/f5dc7b6354e942ca9c5fa8e9ff7e5c93","name":"yoctavien","image":{"@type":"ImageObject","inLanguage":"fr-FR","@id":"https:\/\/secure.gravatar.com\/avatar\/382642c092b6b9da14641d3c478df2f3da4a2d17eea25691c232d4dbf735c292?s=96&d=mm&r=g","url":"https:\/\/secure.gravatar.com\/avatar\/382642c092b6b9da14641d3c478df2f3da4a2d17eea25691c232d4dbf735c292?s=96&d=mm&r=g","contentUrl":"https:\/\/secure.gravatar.com\/avatar\/382642c092b6b9da14641d3c478df2f3da4a2d17eea25691c232d4dbf735c292?s=96&d=mm&r=g","caption":"yoctavien"},"url":"https:\/\/regions-snetap-fsu.fr\/formation\/author\/yoctavien\/"}]}},"_links":{"self":[{"href":"https:\/\/regions-snetap-fsu.fr\/formation\/wp-json\/wp\/v2\/posts\/3934","targetHints":{"allow":["GET"]}}],"collection":[{"href":"https:\/\/regions-snetap-fsu.fr\/formation\/wp-json\/wp\/v2\/posts"}],"about":[{"href":"https:\/\/regions-snetap-fsu.fr\/formation\/wp-json\/wp\/v2\/types\/post"}],"author":[{"embeddable":true,"href":"https:\/\/regions-snetap-fsu.fr\/formation\/wp-json\/wp\/v2\/users\/138"}],"replies":[{"embeddable":true,"href":"https:\/\/regions-snetap-fsu.fr\/formation\/wp-json\/wp\/v2\/comments?post=3934"}],"version-history":[{"count":0,"href":"https:\/\/regions-snetap-fsu.fr\/formation\/wp-json\/wp\/v2\/posts\/3934\/revisions"}],"wp:attachment":[{"href":"https:\/\/regions-snetap-fsu.fr\/formation\/wp-json\/wp\/v2\/media?parent=3934"}],"wp:term":[{"taxonomy":"category","embeddable":true,"href":"https:\/\/regions-snetap-fsu.fr\/formation\/wp-json\/wp\/v2\/categories?post=3934"},{"taxonomy":"post_tag","embeddable":true,"href":"https:\/\/regions-snetap-fsu.fr\/formation\/wp-json\/wp\/v2\/tags?post=3934"},{"taxonomy":"post_folder","embeddable":true,"href":"https:\/\/regions-snetap-fsu.fr\/formation\/wp-json\/wp\/v2\/post_folder?post=3934"}],"curies":[{"name":"wp","href":"https:\/\/api.w.org\/{rel}","templated":true}]}}