{"id":3885,"date":"2019-12-15T15:35:55","date_gmt":"2019-12-15T14:35:55","guid":{"rendered":"https:\/\/regions-snetap-fsu.fr\/hdf\/?p=3885"},"modified":"2019-12-15T15:35:55","modified_gmt":"2019-12-15T14:35:55","slug":"pour-changer-les-statuts-la-reforme-des-retraites-arrive-a-point","status":"publish","type":"post","link":"https:\/\/regions-snetap-fsu.fr\/formation\/2019\/12\/15\/pour-changer-les-statuts-la-reforme-des-retraites-arrive-a-point\/","title":{"rendered":"Pour changer les statuts, la r\u00e9forme des retraites arrive \u00e0 point !"},"content":{"rendered":"<h2 style=\"text-align: center\"><span style=\"color: #ff0000;font-family: tahoma, arial, helvetica, sans-serif\">Pour changer les statuts, la r\u00e9forme des retraites arrive \u00e0 point !<\/span><\/h2>\n<blockquote>\n<p style=\"text-align: justify\"><span style=\"font-family: tahoma, arial, helvetica, sans-serif;color: #0000ff\">Le cadre de ce nouveau (futur ?) m\u00e9tier d&rsquo;enseignement est d\u00e9j\u00e0 d\u00e9fini par le ministre de l&rsquo;\u00e9ducation nationale.<\/span><\/p>\n<p style=\"text-align: justify\"><span style=\"font-family: tahoma, arial, helvetica, sans-serif;color: #0000ff\">Le gouvernement a d\u00e9j\u00e0 mis en place certaines mesures, &#8230;, il reste la cr\u00e9ation d&rsquo;un nouveau corps enseignant\u00b7es travaillant plus et acceptant plus de souplesse dans sa gestion. Ceci sous l&rsquo;autorit\u00e9 de chefs d&rsquo;\u00e9tablissement qui doivent devenir des managers pouvant recruter et d\u00e9cidant de la paye.<\/span><\/p>\n<p style=\"text-align: justify\"><span style=\"color: #ff0000;font-family: tahoma, arial, helvetica, sans-serif\">Souhaitez-vous \u00eatre les suppl\u00e9tifs de vos chefs d&rsquo;\u00e9tablissement pour pr\u00e9server votre paye ?<\/span><\/p>\n<p style=\"text-align: justify\"><span style=\"color: #ff0000;font-family: tahoma, arial, helvetica, sans-serif\">Pour mettre en place ce dernier point (nouveau corps enseignant\u00b7es), la r\u00e9forme des retraites arrive \u00e0 point !&#8230;<\/span><\/p>\n<\/blockquote>\n<p><!--more--><\/p>\n<p><span style=\"font-family: tahoma, arial, helvetica, sans-serif;color: #0000ff\">Pour davantage d&rsquo;information lisez, l&rsquo;article du \u00ab\u00a0Caf\u00e9 p\u00e9dagogique\u00a0\u00bb, en cliquant sur le lien ci-dessous. C&rsquo;est assez long, mais c&rsquo;est tr\u00e8s instructif sur les orientations du gouvernement et c&rsquo;est tellement bien dit <\/span><span style=\"color: #0000ff\">!<\/span><\/p>\n<p><a href=\"http:\/\/www.cafepedagogique.net\/lexpresso\/Pages\/2019\/12\/13122019Article637118205408676553.aspx\" target=\"_blank\" rel=\"noopener noreferrer\"><span style=\"text-decoration: underline\"><span style=\"font-family: tahoma, arial, helvetica, sans-serif;color: #000000;text-decoration: underline\">Lien : Le caf\u00e9 p\u00e9dagogique -Retraites : Comment le gouvernement veut r\u00e9former le travail enseignant<\/span><\/span><\/a><\/p>\n<p><img fetchpriority=\"high\" decoding=\"async\" class=\"alignnone size-medium wp-image-14532 aligncenter\" src=\"https:\/\/fsu04.fsu.fr\/wp-content\/uploads\/sites\/55\/2019\/12\/impact-retraite-254x300.png\" alt=\"\" width=\"254\" height=\"300\" \/><\/p>\n<p style=\"text-align: justify\"><span style=\"font-family: tahoma, arial, helvetica, sans-serif;color: #0000ff\">Vous \u00eates toutes et tous concern\u00e9\u00b7es si vous \u00eates n\u00e9\u00b7es apr\u00e8s 1959 et pas assur\u00e9\u00b7es si vous \u00eates n\u00e9\u00b7es avant 1959 :<\/span><\/p>\n<p><a href=\"https:\/\/fsu04.fsu.fr\/decryptage-retraites-toutes-et-tous-concernees-si-nees-apres-1959\/\" target=\"_blank\" rel=\"noopener noreferrer\"><span style=\"text-decoration: underline;color: #000000\"><span style=\"font-family: tahoma, arial, helvetica, sans-serif\">Lien : FSU 04 &#8211; D\u00e9cryptage retraites : Toutes et tous concern\u00e9es si n\u00e9es apr\u00e8s 1959<\/span><\/span><\/a><\/p>\n\n\t\t<div class=\"wppdfemb-frame-container-1\" style=\"-webkit-overflow-scrolling:auto;\">\n\t\t\t<iframe class=\"pdfembed-iframe nonfullscreen wppdf-emb-iframe-1\"\n\t\t\t\tsrc=\"https:\/\/regions-snetap-fsu.fr\/formation\/?pdfemb-data=eyJ1cmwiOiJodHRwczpcL1wvcmVnaW9ucy1zbmV0YXAtZnN1LmZyXC9oZGZcL3dwLWNvbnRlbnRcL3VwbG9hZHNcL3NpdGVzXC81XC8yMDE5XC8xMlwvQWZmaWNoZV9SZXRyYWl0ZV8xNy0xMi0xOV9BbGxhbkJhcnRlX2pldW5lcy5wZGYiLCJpbmRleCI6MSwicGRmSUQiOjB9\"\n\t\t\t\t\t\t\t\tdata-pdf-id=\"0\"\n\t\t\t\tdata-pdf-index=\"1\"\n\t\t\t\tstyle=\"border:none;width:100%;max-width:100%;height:100vh;\"\n\t\t\t\tscrolling=\"yes\">\n\t\t\t<\/iframe>\n\t\t<\/div>\n\n\t\t\n<p><a href=\"https:\/\/regions-snetap-fsu.fr\/hdf\/wp-content\/uploads\/sites\/5\/2019\/12\/Affiche_Retraite_17-12-19_AllanBarte_jeunes.pdf\" target=\"_blank\" rel=\"noopener noreferrer\"><span style=\"text-decoration: underline\"><span style=\"color: #000000;text-decoration: underline\">Lien : Pour t\u00e9l\u00e9charger l&rsquo;affiche<\/span><\/span><\/a><\/p>\n<p><span style=\"font-family: tahoma, arial, helvetica, sans-serif;color: #0000ff\">Pour conna\u00eetre les lieux de manif, cliquez sur le lien ci-dessous :<\/span><\/p>\n<p><span style=\"text-decoration: underline;color: #000000\"><span style=\"font-family: tahoma, arial, helvetica, sans-serif\"><a style=\"color: #000000;text-decoration: underline\" href=\"https:\/\/regions-snetap-fsu.fr\/hdf\/2019\/12\/13\/nouveau-temps-fort-mardi-17-decembre-2019-les-lieux\/\" target=\"_blank\" rel=\"noopener noreferrer\">Lien : Nouveau temps fort, mardi 17 d\u00e9cembre 2019, les lieux<\/a><\/span><\/span><\/p>\n<p><span style=\"text-decoration: underline;color: #000000;font-family: tahoma, arial, helvetica, sans-serif\"><a style=\"color: #000000;text-decoration: underline\" href=\"https:\/\/regions-snetap-fsu.fr\/hdf\/2019\/12\/12\/bus-fsu-pour-la-manifestation-du-17-decembre-2019-14h30-porte-de-paris-a-lille\/\" target=\"_blank\" rel=\"noopener noreferrer\">Lien : BUS FSU pour la manifestation du 17 d\u00e9cembre 2019, 14h30 Porte de Paris \u00e0 Lille<\/a><\/span><\/p>\n","protected":false},"excerpt":{"rendered":"<p>Pour changer les statuts, la r\u00e9forme des retraites arrive \u00e0 point ! Le cadre de ce nouveau (futur ?) m\u00e9tier d&rsquo;enseignement est d\u00e9j\u00e0 d\u00e9fini par le ministre de l&rsquo;\u00e9ducation nationale. Le gouvernement a d\u00e9j\u00e0 mis en place certaines mesures, &#8230;, il reste la cr\u00e9ation d&rsquo;un nouveau corps enseignant\u00b7es travaillant plus et acceptant plus de souplesse [&hellip;]<\/p>\n","protected":false},"author":138,"featured_media":0,"comment_status":"closed","ping_status":"closed","sticky":false,"template":"","format":"standard","meta":{"ocean_post_layout":"","ocean_both_sidebars_style":"","ocean_both_sidebars_content_width":0,"ocean_both_sidebars_sidebars_width":0,"ocean_sidebar":"","ocean_second_sidebar":"","ocean_disable_margins":"enable","ocean_add_body_class":"","ocean_shortcode_before_top_bar":"","ocean_shortcode_after_top_bar":"","ocean_shortcode_before_header":"","ocean_shortcode_after_header":"","ocean_has_shortcode":"","ocean_shortcode_after_title":"","ocean_shortcode_before_footer_widgets":"","ocean_shortcode_after_footer_widgets":"","ocean_shortcode_before_footer_bottom":"","ocean_shortcode_after_footer_bottom":"","ocean_display_top_bar":"default","ocean_display_header":"default","ocean_header_style":"","ocean_center_header_left_menu":"","ocean_custom_header_template":"","ocean_custom_logo":0,"ocean_custom_retina_logo":0,"ocean_custom_logo_max_width":0,"ocean_custom_logo_tablet_max_width":0,"ocean_custom_logo_mobile_max_width":0,"ocean_custom_logo_max_height":0,"ocean_custom_logo_tablet_max_height":0,"ocean_custom_logo_mobile_max_height":0,"ocean_header_custom_menu":"","ocean_menu_typo_font_family":"","ocean_menu_typo_font_subset":"","ocean_menu_typo_font_size":0,"ocean_menu_typo_font_size_tablet":0,"ocean_menu_typo_font_size_mobile":0,"ocean_menu_typo_font_size_unit":"px","ocean_menu_typo_font_weight":"","ocean_menu_typo_font_weight_tablet":"","ocean_menu_typo_font_weight_mobile":"","ocean_menu_typo_transform":"","ocean_menu_typo_transform_tablet":"","ocean_menu_typo_transform_mobile":"","ocean_menu_typo_line_height":0,"ocean_menu_typo_line_height_tablet":0,"ocean_menu_typo_line_height_mobile":0,"ocean_menu_typo_line_height_unit":"","ocean_menu_typo_spacing":0,"ocean_menu_typo_spacing_tablet":0,"ocean_menu_typo_spacing_mobile":0,"ocean_menu_typo_spacing_unit":"","ocean_menu_link_color":"","ocean_menu_link_color_hover":"","ocean_menu_link_color_active":"","ocean_menu_link_background":"","ocean_menu_link_hover_background":"","ocean_menu_link_active_background":"","ocean_menu_social_links_bg":"","ocean_menu_social_hover_links_bg":"","ocean_menu_social_links_color":"","ocean_menu_social_hover_links_color":"","ocean_disable_title":"default","ocean_disable_heading":"default","ocean_post_title":"","ocean_post_subheading":"","ocean_post_title_style":"","ocean_post_title_background_color":"","ocean_post_title_background":0,"ocean_post_title_bg_image_position":"","ocean_post_title_bg_image_attachment":"","ocean_post_title_bg_image_repeat":"","ocean_post_title_bg_image_size":"","ocean_post_title_height":0,"ocean_post_title_bg_overlay":0.5,"ocean_post_title_bg_overlay_color":"","ocean_disable_breadcrumbs":"default","ocean_breadcrumbs_color":"","ocean_breadcrumbs_separator_color":"","ocean_breadcrumbs_links_color":"","ocean_breadcrumbs_links_hover_color":"","ocean_display_footer_widgets":"default","ocean_display_footer_bottom":"default","ocean_custom_footer_template":"","ocean_post_oembed":"","ocean_post_self_hosted_media":"","ocean_post_video_embed":"","ocean_link_format":"","ocean_link_format_target":"self","ocean_quote_format":"","ocean_quote_format_link":"post","ocean_gallery_link_images":"on","ocean_gallery_id":[],"footnotes":""},"categories":[3,11],"tags":[],"post_folder":[],"class_list":["post-3885","post","type-post","status-publish","format-standard","hentry","category-actions-greves-manifs","category-communiques","entry"],"yoast_head":"<!-- This site is optimized with the Yoast SEO plugin v27.4 - https:\/\/yoast.com\/product\/yoast-seo-wordpress\/ -->\n<title>Pour changer les statuts, la r\u00e9forme des retraites arrive \u00e0 point ! - Formation des sites R\u00e9gionaux du SNETAP-FSU<\/title>\n<meta name=\"robots\" content=\"index, follow, max-snippet:-1, max-image-preview:large, max-video-preview:-1\" \/>\n<link rel=\"canonical\" href=\"https:\/\/regions-snetap-fsu.fr\/formation\/2019\/12\/15\/pour-changer-les-statuts-la-reforme-des-retraites-arrive-a-point\/\" \/>\n<meta property=\"og:locale\" content=\"fr_FR\" \/>\n<meta property=\"og:type\" content=\"article\" \/>\n<meta property=\"og:title\" content=\"Pour changer les statuts, la r\u00e9forme des retraites arrive \u00e0 point ! - Formation des sites R\u00e9gionaux du SNETAP-FSU\" \/>\n<meta property=\"og:description\" content=\"Pour changer les statuts, la r\u00e9forme des retraites arrive \u00e0 point ! Le cadre de ce nouveau (futur ?) m\u00e9tier d&rsquo;enseignement est d\u00e9j\u00e0 d\u00e9fini par le ministre de l&rsquo;\u00e9ducation nationale. Le gouvernement a d\u00e9j\u00e0 mis en place certaines mesures, &#8230;, il reste la cr\u00e9ation d&rsquo;un nouveau corps enseignant\u00b7es travaillant plus et acceptant plus de souplesse [&hellip;]\" \/>\n<meta property=\"og:url\" content=\"https:\/\/regions-snetap-fsu.fr\/formation\/2019\/12\/15\/pour-changer-les-statuts-la-reforme-des-retraites-arrive-a-point\/\" \/>\n<meta property=\"og:site_name\" content=\"Formation des sites R\u00e9gionaux du SNETAP-FSU\" \/>\n<meta property=\"article:published_time\" content=\"2019-12-15T14:35:55+00:00\" \/>\n<meta name=\"author\" content=\"yoctavien\" \/>\n<meta name=\"twitter:card\" content=\"summary_large_image\" \/>\n<meta name=\"twitter:label1\" content=\"\u00c9crit par\" \/>\n\t<meta name=\"twitter:data1\" content=\"yoctavien\" \/>\n\t<meta name=\"twitter:label2\" content=\"Dur\u00e9e de lecture estim\u00e9e\" \/>\n\t<meta name=\"twitter:data2\" content=\"1 minute\" \/>\n<script type=\"application\/ld+json\" class=\"yoast-schema-graph\">{\"@context\":\"https:\\\/\\\/schema.org\",\"@graph\":[{\"@type\":\"Article\",\"@id\":\"https:\\\/\\\/regions-snetap-fsu.fr\\\/formation\\\/2019\\\/12\\\/15\\\/pour-changer-les-statuts-la-reforme-des-retraites-arrive-a-point\\\/#article\",\"isPartOf\":{\"@id\":\"https:\\\/\\\/regions-snetap-fsu.fr\\\/formation\\\/2019\\\/12\\\/15\\\/pour-changer-les-statuts-la-reforme-des-retraites-arrive-a-point\\\/\"},\"author\":{\"name\":\"yoctavien\",\"@id\":\"https:\\\/\\\/regions-snetap-fsu.fr\\\/formation\\\/#\\\/schema\\\/person\\\/f5dc7b6354e942ca9c5fa8e9ff7e5c93\"},\"headline\":\"Pour changer les statuts, la r\u00e9forme des retraites arrive \u00e0 point !\",\"datePublished\":\"2019-12-15T14:35:55+00:00\",\"mainEntityOfPage\":{\"@id\":\"https:\\\/\\\/regions-snetap-fsu.fr\\\/formation\\\/2019\\\/12\\\/15\\\/pour-changer-les-statuts-la-reforme-des-retraites-arrive-a-point\\\/\"},\"wordCount\":280,\"publisher\":{\"@id\":\"https:\\\/\\\/regions-snetap-fsu.fr\\\/formation\\\/#organization\"},\"image\":{\"@id\":\"https:\\\/\\\/regions-snetap-fsu.fr\\\/formation\\\/2019\\\/12\\\/15\\\/pour-changer-les-statuts-la-reforme-des-retraites-arrive-a-point\\\/#primaryimage\"},\"thumbnailUrl\":\"https:\\\/\\\/fsu04.fsu.fr\\\/wp-content\\\/uploads\\\/sites\\\/55\\\/2019\\\/12\\\/impact-retraite-254x300.png\",\"articleSection\":[\"Actions - Gr\u00e8ves - Manifs\",\"Communiqu\u00e9s\"],\"inLanguage\":\"fr-FR\"},{\"@type\":\"WebPage\",\"@id\":\"https:\\\/\\\/regions-snetap-fsu.fr\\\/formation\\\/2019\\\/12\\\/15\\\/pour-changer-les-statuts-la-reforme-des-retraites-arrive-a-point\\\/\",\"url\":\"https:\\\/\\\/regions-snetap-fsu.fr\\\/formation\\\/2019\\\/12\\\/15\\\/pour-changer-les-statuts-la-reforme-des-retraites-arrive-a-point\\\/\",\"name\":\"Pour changer les statuts, la r\u00e9forme des retraites arrive \u00e0 point ! - Formation des sites R\u00e9gionaux du SNETAP-FSU\",\"isPartOf\":{\"@id\":\"https:\\\/\\\/regions-snetap-fsu.fr\\\/formation\\\/#website\"},\"primaryImageOfPage\":{\"@id\":\"https:\\\/\\\/regions-snetap-fsu.fr\\\/formation\\\/2019\\\/12\\\/15\\\/pour-changer-les-statuts-la-reforme-des-retraites-arrive-a-point\\\/#primaryimage\"},\"image\":{\"@id\":\"https:\\\/\\\/regions-snetap-fsu.fr\\\/formation\\\/2019\\\/12\\\/15\\\/pour-changer-les-statuts-la-reforme-des-retraites-arrive-a-point\\\/#primaryimage\"},\"thumbnailUrl\":\"https:\\\/\\\/fsu04.fsu.fr\\\/wp-content\\\/uploads\\\/sites\\\/55\\\/2019\\\/12\\\/impact-retraite-254x300.png\",\"datePublished\":\"2019-12-15T14:35:55+00:00\",\"breadcrumb\":{\"@id\":\"https:\\\/\\\/regions-snetap-fsu.fr\\\/formation\\\/2019\\\/12\\\/15\\\/pour-changer-les-statuts-la-reforme-des-retraites-arrive-a-point\\\/#breadcrumb\"},\"inLanguage\":\"fr-FR\",\"potentialAction\":[{\"@type\":\"ReadAction\",\"target\":[\"https:\\\/\\\/regions-snetap-fsu.fr\\\/formation\\\/2019\\\/12\\\/15\\\/pour-changer-les-statuts-la-reforme-des-retraites-arrive-a-point\\\/\"]}]},{\"@type\":\"ImageObject\",\"inLanguage\":\"fr-FR\",\"@id\":\"https:\\\/\\\/regions-snetap-fsu.fr\\\/formation\\\/2019\\\/12\\\/15\\\/pour-changer-les-statuts-la-reforme-des-retraites-arrive-a-point\\\/#primaryimage\",\"url\":\"https:\\\/\\\/fsu04.fsu.fr\\\/wp-content\\\/uploads\\\/sites\\\/55\\\/2019\\\/12\\\/impact-retraite-254x300.png\",\"contentUrl\":\"https:\\\/\\\/fsu04.fsu.fr\\\/wp-content\\\/uploads\\\/sites\\\/55\\\/2019\\\/12\\\/impact-retraite-254x300.png\"},{\"@type\":\"BreadcrumbList\",\"@id\":\"https:\\\/\\\/regions-snetap-fsu.fr\\\/formation\\\/2019\\\/12\\\/15\\\/pour-changer-les-statuts-la-reforme-des-retraites-arrive-a-point\\\/#breadcrumb\",\"itemListElement\":[{\"@type\":\"ListItem\",\"position\":1,\"name\":\"Accueil\",\"item\":\"https:\\\/\\\/regions-snetap-fsu.fr\\\/formation\\\/\"},{\"@type\":\"ListItem\",\"position\":2,\"name\":\"Pour changer les statuts, la r\u00e9forme des retraites arrive \u00e0 point !\"}]},{\"@type\":\"WebSite\",\"@id\":\"https:\\\/\\\/regions-snetap-fsu.fr\\\/formation\\\/#website\",\"url\":\"https:\\\/\\\/regions-snetap-fsu.fr\\\/formation\\\/\",\"name\":\"Formation des sites R\u00e9gionaux du SNETAP-FSU\",\"description\":\"\",\"publisher\":{\"@id\":\"https:\\\/\\\/regions-snetap-fsu.fr\\\/formation\\\/#organization\"},\"potentialAction\":[{\"@type\":\"SearchAction\",\"target\":{\"@type\":\"EntryPoint\",\"urlTemplate\":\"https:\\\/\\\/regions-snetap-fsu.fr\\\/formation\\\/?s={search_term_string}\"},\"query-input\":{\"@type\":\"PropertyValueSpecification\",\"valueRequired\":true,\"valueName\":\"search_term_string\"}}],\"inLanguage\":\"fr-FR\"},{\"@type\":\"Organization\",\"@id\":\"https:\\\/\\\/regions-snetap-fsu.fr\\\/formation\\\/#organization\",\"name\":\"Formation des sites R\u00e9gionaux du SNETAP-FSU\",\"url\":\"https:\\\/\\\/regions-snetap-fsu.fr\\\/formation\\\/\",\"logo\":{\"@type\":\"ImageObject\",\"inLanguage\":\"fr-FR\",\"@id\":\"https:\\\/\\\/regions-snetap-fsu.fr\\\/formation\\\/#\\\/schema\\\/logo\\\/image\\\/\",\"url\":\"https:\\\/\\\/regions-snetap-fsu.fr\\\/formation\\\/wp-content\\\/uploads\\\/sites\\\/20\\\/2025\\\/04\\\/cropped-Logo_blanc_fond_transparent_1000x755.png\",\"contentUrl\":\"https:\\\/\\\/regions-snetap-fsu.fr\\\/formation\\\/wp-content\\\/uploads\\\/sites\\\/20\\\/2025\\\/04\\\/cropped-Logo_blanc_fond_transparent_1000x755.png\",\"width\":998,\"height\":689,\"caption\":\"Formation des sites R\u00e9gionaux du SNETAP-FSU\"},\"image\":{\"@id\":\"https:\\\/\\\/regions-snetap-fsu.fr\\\/formation\\\/#\\\/schema\\\/logo\\\/image\\\/\"}},{\"@type\":\"Person\",\"@id\":\"https:\\\/\\\/regions-snetap-fsu.fr\\\/formation\\\/#\\\/schema\\\/person\\\/f5dc7b6354e942ca9c5fa8e9ff7e5c93\",\"name\":\"yoctavien\",\"image\":{\"@type\":\"ImageObject\",\"inLanguage\":\"fr-FR\",\"@id\":\"https:\\\/\\\/secure.gravatar.com\\\/avatar\\\/382642c092b6b9da14641d3c478df2f3da4a2d17eea25691c232d4dbf735c292?s=96&d=mm&r=g\",\"url\":\"https:\\\/\\\/secure.gravatar.com\\\/avatar\\\/382642c092b6b9da14641d3c478df2f3da4a2d17eea25691c232d4dbf735c292?s=96&d=mm&r=g\",\"contentUrl\":\"https:\\\/\\\/secure.gravatar.com\\\/avatar\\\/382642c092b6b9da14641d3c478df2f3da4a2d17eea25691c232d4dbf735c292?s=96&d=mm&r=g\",\"caption\":\"yoctavien\"},\"url\":\"https:\\\/\\\/regions-snetap-fsu.fr\\\/formation\\\/author\\\/yoctavien\\\/\"}]}<\/script>\n<!-- \/ Yoast SEO plugin. -->","yoast_head_json":{"title":"Pour changer les statuts, la r\u00e9forme des retraites arrive \u00e0 point ! - Formation des sites R\u00e9gionaux du SNETAP-FSU","robots":{"index":"index","follow":"follow","max-snippet":"max-snippet:-1","max-image-preview":"max-image-preview:large","max-video-preview":"max-video-preview:-1"},"canonical":"https:\/\/regions-snetap-fsu.fr\/formation\/2019\/12\/15\/pour-changer-les-statuts-la-reforme-des-retraites-arrive-a-point\/","og_locale":"fr_FR","og_type":"article","og_title":"Pour changer les statuts, la r\u00e9forme des retraites arrive \u00e0 point ! - Formation des sites R\u00e9gionaux du SNETAP-FSU","og_description":"Pour changer les statuts, la r\u00e9forme des retraites arrive \u00e0 point ! Le cadre de ce nouveau (futur ?) m\u00e9tier d&rsquo;enseignement est d\u00e9j\u00e0 d\u00e9fini par le ministre de l&rsquo;\u00e9ducation nationale. Le gouvernement a d\u00e9j\u00e0 mis en place certaines mesures, &#8230;, il reste la cr\u00e9ation d&rsquo;un nouveau corps enseignant\u00b7es travaillant plus et acceptant plus de souplesse [&hellip;]","og_url":"https:\/\/regions-snetap-fsu.fr\/formation\/2019\/12\/15\/pour-changer-les-statuts-la-reforme-des-retraites-arrive-a-point\/","og_site_name":"Formation des sites R\u00e9gionaux du SNETAP-FSU","article_published_time":"2019-12-15T14:35:55+00:00","author":"yoctavien","twitter_card":"summary_large_image","twitter_misc":{"\u00c9crit par":"yoctavien","Dur\u00e9e de lecture estim\u00e9e":"1 minute"},"schema":{"@context":"https:\/\/schema.org","@graph":[{"@type":"Article","@id":"https:\/\/regions-snetap-fsu.fr\/formation\/2019\/12\/15\/pour-changer-les-statuts-la-reforme-des-retraites-arrive-a-point\/#article","isPartOf":{"@id":"https:\/\/regions-snetap-fsu.fr\/formation\/2019\/12\/15\/pour-changer-les-statuts-la-reforme-des-retraites-arrive-a-point\/"},"author":{"name":"yoctavien","@id":"https:\/\/regions-snetap-fsu.fr\/formation\/#\/schema\/person\/f5dc7b6354e942ca9c5fa8e9ff7e5c93"},"headline":"Pour changer les statuts, la r\u00e9forme des retraites arrive \u00e0 point !","datePublished":"2019-12-15T14:35:55+00:00","mainEntityOfPage":{"@id":"https:\/\/regions-snetap-fsu.fr\/formation\/2019\/12\/15\/pour-changer-les-statuts-la-reforme-des-retraites-arrive-a-point\/"},"wordCount":280,"publisher":{"@id":"https:\/\/regions-snetap-fsu.fr\/formation\/#organization"},"image":{"@id":"https:\/\/regions-snetap-fsu.fr\/formation\/2019\/12\/15\/pour-changer-les-statuts-la-reforme-des-retraites-arrive-a-point\/#primaryimage"},"thumbnailUrl":"https:\/\/fsu04.fsu.fr\/wp-content\/uploads\/sites\/55\/2019\/12\/impact-retraite-254x300.png","articleSection":["Actions - Gr\u00e8ves - Manifs","Communiqu\u00e9s"],"inLanguage":"fr-FR"},{"@type":"WebPage","@id":"https:\/\/regions-snetap-fsu.fr\/formation\/2019\/12\/15\/pour-changer-les-statuts-la-reforme-des-retraites-arrive-a-point\/","url":"https:\/\/regions-snetap-fsu.fr\/formation\/2019\/12\/15\/pour-changer-les-statuts-la-reforme-des-retraites-arrive-a-point\/","name":"Pour changer les statuts, la r\u00e9forme des retraites arrive \u00e0 point ! - Formation des sites R\u00e9gionaux du SNETAP-FSU","isPartOf":{"@id":"https:\/\/regions-snetap-fsu.fr\/formation\/#website"},"primaryImageOfPage":{"@id":"https:\/\/regions-snetap-fsu.fr\/formation\/2019\/12\/15\/pour-changer-les-statuts-la-reforme-des-retraites-arrive-a-point\/#primaryimage"},"image":{"@id":"https:\/\/regions-snetap-fsu.fr\/formation\/2019\/12\/15\/pour-changer-les-statuts-la-reforme-des-retraites-arrive-a-point\/#primaryimage"},"thumbnailUrl":"https:\/\/fsu04.fsu.fr\/wp-content\/uploads\/sites\/55\/2019\/12\/impact-retraite-254x300.png","datePublished":"2019-12-15T14:35:55+00:00","breadcrumb":{"@id":"https:\/\/regions-snetap-fsu.fr\/formation\/2019\/12\/15\/pour-changer-les-statuts-la-reforme-des-retraites-arrive-a-point\/#breadcrumb"},"inLanguage":"fr-FR","potentialAction":[{"@type":"ReadAction","target":["https:\/\/regions-snetap-fsu.fr\/formation\/2019\/12\/15\/pour-changer-les-statuts-la-reforme-des-retraites-arrive-a-point\/"]}]},{"@type":"ImageObject","inLanguage":"fr-FR","@id":"https:\/\/regions-snetap-fsu.fr\/formation\/2019\/12\/15\/pour-changer-les-statuts-la-reforme-des-retraites-arrive-a-point\/#primaryimage","url":"https:\/\/fsu04.fsu.fr\/wp-content\/uploads\/sites\/55\/2019\/12\/impact-retraite-254x300.png","contentUrl":"https:\/\/fsu04.fsu.fr\/wp-content\/uploads\/sites\/55\/2019\/12\/impact-retraite-254x300.png"},{"@type":"BreadcrumbList","@id":"https:\/\/regions-snetap-fsu.fr\/formation\/2019\/12\/15\/pour-changer-les-statuts-la-reforme-des-retraites-arrive-a-point\/#breadcrumb","itemListElement":[{"@type":"ListItem","position":1,"name":"Accueil","item":"https:\/\/regions-snetap-fsu.fr\/formation\/"},{"@type":"ListItem","position":2,"name":"Pour changer les statuts, la r\u00e9forme des retraites arrive \u00e0 point !"}]},{"@type":"WebSite","@id":"https:\/\/regions-snetap-fsu.fr\/formation\/#website","url":"https:\/\/regions-snetap-fsu.fr\/formation\/","name":"Formation des sites R\u00e9gionaux du SNETAP-FSU","description":"","publisher":{"@id":"https:\/\/regions-snetap-fsu.fr\/formation\/#organization"},"potentialAction":[{"@type":"SearchAction","target":{"@type":"EntryPoint","urlTemplate":"https:\/\/regions-snetap-fsu.fr\/formation\/?s={search_term_string}"},"query-input":{"@type":"PropertyValueSpecification","valueRequired":true,"valueName":"search_term_string"}}],"inLanguage":"fr-FR"},{"@type":"Organization","@id":"https:\/\/regions-snetap-fsu.fr\/formation\/#organization","name":"Formation des sites R\u00e9gionaux du SNETAP-FSU","url":"https:\/\/regions-snetap-fsu.fr\/formation\/","logo":{"@type":"ImageObject","inLanguage":"fr-FR","@id":"https:\/\/regions-snetap-fsu.fr\/formation\/#\/schema\/logo\/image\/","url":"https:\/\/regions-snetap-fsu.fr\/formation\/wp-content\/uploads\/sites\/20\/2025\/04\/cropped-Logo_blanc_fond_transparent_1000x755.png","contentUrl":"https:\/\/regions-snetap-fsu.fr\/formation\/wp-content\/uploads\/sites\/20\/2025\/04\/cropped-Logo_blanc_fond_transparent_1000x755.png","width":998,"height":689,"caption":"Formation des sites R\u00e9gionaux du SNETAP-FSU"},"image":{"@id":"https:\/\/regions-snetap-fsu.fr\/formation\/#\/schema\/logo\/image\/"}},{"@type":"Person","@id":"https:\/\/regions-snetap-fsu.fr\/formation\/#\/schema\/person\/f5dc7b6354e942ca9c5fa8e9ff7e5c93","name":"yoctavien","image":{"@type":"ImageObject","inLanguage":"fr-FR","@id":"https:\/\/secure.gravatar.com\/avatar\/382642c092b6b9da14641d3c478df2f3da4a2d17eea25691c232d4dbf735c292?s=96&d=mm&r=g","url":"https:\/\/secure.gravatar.com\/avatar\/382642c092b6b9da14641d3c478df2f3da4a2d17eea25691c232d4dbf735c292?s=96&d=mm&r=g","contentUrl":"https:\/\/secure.gravatar.com\/avatar\/382642c092b6b9da14641d3c478df2f3da4a2d17eea25691c232d4dbf735c292?s=96&d=mm&r=g","caption":"yoctavien"},"url":"https:\/\/regions-snetap-fsu.fr\/formation\/author\/yoctavien\/"}]}},"_links":{"self":[{"href":"https:\/\/regions-snetap-fsu.fr\/formation\/wp-json\/wp\/v2\/posts\/3885","targetHints":{"allow":["GET"]}}],"collection":[{"href":"https:\/\/regions-snetap-fsu.fr\/formation\/wp-json\/wp\/v2\/posts"}],"about":[{"href":"https:\/\/regions-snetap-fsu.fr\/formation\/wp-json\/wp\/v2\/types\/post"}],"author":[{"embeddable":true,"href":"https:\/\/regions-snetap-fsu.fr\/formation\/wp-json\/wp\/v2\/users\/138"}],"replies":[{"embeddable":true,"href":"https:\/\/regions-snetap-fsu.fr\/formation\/wp-json\/wp\/v2\/comments?post=3885"}],"version-history":[{"count":0,"href":"https:\/\/regions-snetap-fsu.fr\/formation\/wp-json\/wp\/v2\/posts\/3885\/revisions"}],"wp:attachment":[{"href":"https:\/\/regions-snetap-fsu.fr\/formation\/wp-json\/wp\/v2\/media?parent=3885"}],"wp:term":[{"taxonomy":"category","embeddable":true,"href":"https:\/\/regions-snetap-fsu.fr\/formation\/wp-json\/wp\/v2\/categories?post=3885"},{"taxonomy":"post_tag","embeddable":true,"href":"https:\/\/regions-snetap-fsu.fr\/formation\/wp-json\/wp\/v2\/tags?post=3885"},{"taxonomy":"post_folder","embeddable":true,"href":"https:\/\/regions-snetap-fsu.fr\/formation\/wp-json\/wp\/v2\/post_folder?post=3885"}],"curies":[{"name":"wp","href":"https:\/\/api.w.org\/{rel}","templated":true}]}}