{"id":3867,"date":"2019-12-15T15:25:48","date_gmt":"2019-12-15T14:25:48","guid":{"rendered":"https:\/\/regions-snetap-fsu.fr\/hdf\/?p=3867"},"modified":"2019-12-15T15:25:48","modified_gmt":"2019-12-15T14:25:48","slug":"communique-du-snetap-fsu-hauts-de-france-pour-eap","status":"publish","type":"post","link":"https:\/\/regions-snetap-fsu.fr\/formation\/2019\/12\/15\/communique-du-snetap-fsu-hauts-de-france-pour-eap\/","title":{"rendered":"Communiqu\u00e9 du SNETAP-FSU Hauts-de-France pour l&rsquo;EAP"},"content":{"rendered":"<h2 style=\"text-align: center\"><span style=\"color: #ff0000;font-family: tahoma, arial, helvetica, sans-serif\">Communiqu\u00e9 du SNETAP-FSU Hauts-de-France<\/span><\/h2>\n<h2 style=\"text-align: center\"><span style=\"color: #ff0000;font-family: tahoma, arial, helvetica, sans-serif\">pour l&rsquo;Enseignement Agricole Public<\/span><\/h2>\n<blockquote>\n<p style=\"text-align: justify\"><span style=\"font-family: tahoma, arial, helvetica, sans-serif;color: #0000ff\">La section r\u00e9gionale SNETAP-FSU des Hauts-de-France fait le bilan sur le gouvernement, la r\u00e9forme du bac, le dialogue social de la DRAAF-SRFD, l&rsquo;apprentissage, l&rsquo;EAP, les retraites et appelle \u00e0 la mobilisation, en nombre, le mardi 17 d\u00e9cembre 2019&#8230; <\/span><\/p>\n<\/blockquote>\n<p><!--more--><\/p>\n<h3><img decoding=\"async\" class=\"aligncenter\" src=\"https:\/\/s2.qwant.com\/thumbr\/0x380\/6\/c\/8569f1458abeb8ec9564aa573e8fcf2e3af2c1821c60a55efd02dab45dd2d6\/big.jpg?u=https%3A%2F%2Fs3-eu-west-1.amazonaws.com%2Fstatic.anygator.com%2Fstatic-anygator2%2Fthumbs%2Ffr%2F2e%2F2e3906105a6d9f5bd287fa15af5ea5c2bcd61a4e%2Fbig.jpg&amp;q=0&amp;b=1&amp;p=0&amp;a=1\" alt=\"Crise de l'h\u00f4pital public, &quot;gilets jaunes&quot;, mobilisation ...\" width=\"233\" height=\"175\" \/><\/h3>\n<h3 style=\"text-align: center\"><span style=\"font-family: tahoma, arial, helvetica, sans-serif;color: #ff0000\">Le gouvernement continue<\/span><\/h3>\n<h3 style=\"text-align: center\"><span style=\"font-family: tahoma, arial, helvetica, sans-serif;color: #ff0000\">\u00e0 se moquer de nous<\/span><\/h3>\n<p style=\"text-align: justify\"><span style=\"font-family: tahoma, arial, helvetica, sans-serif;color: #0000ff\">Sur les retraites (d\u00e9claration d\u2019\u00c9douard Philippe le 11\/12) :<\/span><br \/>\n<span style=\"font-family: tahoma, arial, helvetica, sans-serif;color: #0000ff\">Proposition d\u2019une augmentation de salaire non d\u00e9finie qui montera en charge progressivement.<\/span><br \/>\n<span style=\"font-family: tahoma, arial, helvetica, sans-serif;color: #0000ff\">Nous ne comprenons pas que nous sommes les gagnants de cette r\u00e9forme.<\/span><br \/>\n<span style=\"font-family: tahoma, arial, helvetica, sans-serif;color: #0000ff\">Nous sommes tellement l<\/span><span style=\"font-family: tahoma, arial, helvetica, sans-serif;color: #0000ff\">es gagnants que les syndicats dits \u00ab r\u00e9formateurs \u00bb CFDT et UNSA viennent de rejoindre l\u2019appel \u00e0 la <strong>gr\u00e8ve et manifestation <span id=\"DWT1124\" class=\"ZmSearchResult\"><span id=\"DWT1127\" class=\"ZmSearchResult\"><span id=\"DWT1156\" class=\"ZmSearchResult\">du<\/span><\/span><\/span> <span id=\"OBJ_PREFIX_DWT1125_com_zimbra_date\" class=\"Object\"><span id=\"OBJ_PREFIX_DWT1128_com_zimbra_date\" class=\"Object\"><span id=\"OBJ_PREFIX_DWT1157_com_zimbra_date\" class=\"Object\">mardi<\/span><\/span><\/span> 17 d\u00e9cembre.<\/strong><\/span><\/p>\n<p><span style=\"text-decoration: underline;color: #000000;font-family: tahoma, arial, helvetica, sans-serif\"><a style=\"color: #000000;text-decoration: underline\" href=\"https:\/\/regions-snetap-fsu.fr\/hdf\/2019\/12\/11\/retraites-apres-le-5-le-10-le-12-et-le-17-toujours-plus-mobilise%c2%b7es-pour-gagner\/\" target=\"_blank\" rel=\"noopener noreferrer\">Lien : Retraites, apr\u00e8s le 5, le 10&#8230; le 12 et le 17 toujours plus mobilis\u00e9\u00b7es pour gagner ! (d\u00e9cryptage par \u00ab\u00a0R\u00e9seau Retraites\u00a0\u00bb)<\/a><\/span><\/p>\n<h3><img decoding=\"async\" class=\"aligncenter\" src=\"https:\/\/s1.qwant.com\/thumbr\/0x380\/3\/5\/4cecf7f1f976f9b3d4b4b0b6515b43804242a669ddf15fadbe6a4b095588b6\/Ministere-Agriculture-rue-Varenne.jpg?u=https%3A%2F%2Fwww.forestopic.com%2Fimages%2FArticles%2FMinistere-Agriculture-rue-Varenne.jpg&amp;q=0&amp;b=1&amp;p=0&amp;a=1\" alt=\"P\u00e9pini\u00e8res Naudet, des plans pour les plants forestiers\" width=\"264\" height=\"171\" \/><\/h3>\n<h3 style=\"text-align: center\"><span style=\"font-family: tahoma, arial, helvetica, sans-serif;color: #ff0000\">A l\u2019agriculture<\/span><\/h3>\n<p style=\"text-align: justify\"><span style=\"font-family: tahoma, arial, helvetica, sans-serif;color: #0000ff\">Les E3C <span id=\"DWT1131\" class=\"ZmSearchResult\"><span id=\"DWT1133\" class=\"ZmSearchResult\"><span id=\"DWT1160\" class=\"ZmSearchResult\">du<\/span><\/span><\/span> bac g\u00e9n\u00e9ral sont au points morts ;<\/span><br \/>\n<span style=\"font-family: tahoma, arial, helvetica, sans-serif;color: #0000ff\">Le Ministre reverse 3 millions <span id=\"DWT1135\" class=\"ZmSearchResult\"><span id=\"DWT1137\" class=\"ZmSearchResult\"><span id=\"DWT1162\" class=\"ZmSearchResult\">du<\/span><\/span><\/span> budget de l\u2019enseignement au budget de l\u2019hygi\u00e8ne ;<\/span><br \/>\n<span style=\"font-family: tahoma, arial, helvetica, sans-serif;color: #0000ff\">L\u2019enqu\u00eate PISA indique que le seul point en grande r\u00e9gression en France est le trop grand nombre d\u2019\u00e9l\u00e8ves par classe au moment o\u00f9 l\u2019agriculture augmente ses seuils qui deviennent indicatifs\u2026<\/span><\/p>\n<figure id=\"attachment_2874\" aria-describedby=\"caption-attachment-2874\" style=\"width: 300px\" class=\"wp-caption aligncenter\"><img fetchpriority=\"high\" decoding=\"async\" class=\"size-medium wp-image-2874\" src=\"https:\/\/regions-snetap-fsu.fr\/hdf\/wp-content\/uploads\/sites\/5\/2019\/07\/Plaque_drapeaux_DRAAF_Amiens_4_719-300x193.jpg\" alt=\"Plaque DRAAF-SFRD \u00e0 Amiens\" width=\"300\" height=\"193\" \/><figcaption id=\"caption-attachment-2874\" class=\"wp-caption-text\">DRAAF-SRFD \u00e0 Amiens<\/figcaption><\/figure>\n<h3 style=\"text-align: center\"><span style=\"font-family: tahoma, arial, helvetica, sans-serif;color: #ff0000\">Dans les Hauts de France<\/span><\/h3>\n<p style=\"text-align: justify\"><span style=\"color: #0000ff;font-family: tahoma, arial, helvetica, sans-serif\">L\u2019intersyndicale (SNETAP-FO-SUD-CGT-UNSA) est oblig\u00e9e de multiplier les actions fortes (manifestations, boycott, d\u00e9claration, demande de rencontres) pour simplement pouvoir porter son message de repr\u00e9sentation des personnels.<\/span><br \/>\n<span style=\"color: #0000ff;font-family: tahoma, arial, helvetica, sans-serif\">Attente \u00e0 l\u2019apprentissage public et aux statuts des formateurs par l\u2019accompagnement avec diligence et application de la r\u00e9forme de la voie de l\u2019apprentissage;<\/span><br \/>\n<span style=\"color: #0000ff;font-family: tahoma, arial, helvetica, sans-serif\">Couverture des manques de moyens pour la formation par la mise en avant de la mixit\u00e9 dont les seuls r\u00e9sultats seraient une complexit\u00e9 accrue de l\u2019enseignement tout en masquant la disparition de moyens pour la voie scolaire par l\u2019affichage <span id=\"DWT1139\" class=\"ZmSearchResult\"><span id=\"DWT1141\" class=\"ZmSearchResult\"><span id=\"DWT1164\" class=\"ZmSearchResult\">du<\/span><\/span><\/span> maintien des formations.<\/span><br \/>\n<span style=\"color: #0000ff;font-family: tahoma, arial, helvetica, sans-serif\">Volont\u00e9 de fusion d\u2019\u00e9tablissements dans le but, l\u00e0 aussi m\u00eame si la DRAAF s\u2019en d\u00e9fend, de faire des \u00e9conomies d\u2019\u00e9chelle.<\/span><\/p>\n<p><img decoding=\"async\" class=\"aligncenter\" src=\"https:\/\/s2.qwant.com\/thumbr\/0x0\/4\/e\/8a8327068a97a7293afa8a7f12123e752fe9a07d89b082bae198aea1cc6299\/xCZvk6qqVkkxnktS4YH8KECy0AA.jpg?u=http%3A%2F%2Fekladata.com%2FxCZvk6qqVkkxnktS4YH8KECy0AA.jpg&amp;q=0&amp;b=1&amp;p=0&amp;a=1\" alt=\"La rupture de la relation de travail - Love Communication ...\" \/><\/p>\n<h3 style=\"text-align: center\"><span style=\"color: #ff0000\">Personne n\u2019a \u00e0 y gagner !<\/span><\/h3>\n<p style=\"text-align: justify\"><span style=\"font-family: tahoma, arial, helvetica, sans-serif;color: #0000ff\">Les formateurs vont voir leurs conditions de travail se d\u00e9t\u00e9riorer et des postes dispara\u00eetre;<\/span><br \/>\n<span style=\"font-family: tahoma, arial, helvetica, sans-serif;color: #0000ff\">Les enseignants vont voir leurs postes et leurs statuts dispara\u00eetre.<\/span><br \/>\n<span style=\"font-family: tahoma, arial, helvetica, sans-serif;color: #0000ff\">Les formations vont devenir de vraies \u00ab usines \u00e0 gaz \u00bb.<\/span><\/p>\n<p style=\"text-align: justify\"><span style=\"color: #0000ff;font-family: tahoma, arial, helvetica, sans-serif\">La seule lettre de mission de la DRAAF dans les Hauts de France est de rendre des moyens d\u2019ici la rentr\u00e9e 2021. Elle devra donc, de toute fa\u00e7on, rendre des postes quelques soient les sacrifices que vous accepteriez de faire !<\/span><br \/>\n<strong><span style=\"font-family: tahoma, arial, helvetica, sans-serif;color: #ff0000\">La seule solution est d\u2019\u00eatre dans l\u2019action pour monter que tout n\u2019est pas possible.<\/span><\/strong><\/p>\n<p><img loading=\"lazy\" decoding=\"async\" class=\"aligncenter\" src=\"https:\/\/s1.qwant.com\/thumbr\/0x380\/1\/7\/c096ab1fb209d22475c5ad911fe549fdf48298ffe3c22418323065c77a9930\/call-to-action.jpg?u=http%3A%2F%2F2.bp.blogspot.com%2F-thBcmFzTk0I%2FVZ-SDP3xOMI%2FAAAAAAAAMFI%2FZ2P4sDaR_Rw%2Fs1600%2Fcall-to-action.jpg&amp;q=0&amp;b=1&amp;p=0&amp;a=1\" alt=\"Life of an Educator - Dr. Justin Tarte: What we know vs ...\" width=\"155\" height=\"124\" \/><\/p>\n<p style=\"text-align: justify\"><span style=\"font-family: tahoma, arial, helvetica, sans-serif;color: #0000ff\">Le sacrifice de l\u2019enseignement agricole public et la disparition de 30% des retraites des enseignants est un choix politique pas une r\u00e9alit\u00e9 \u00e9conomique.<\/span><\/p>\n<p style=\"text-align: justify\"><span style=\"color: #0000ff;font-family: tahoma, arial, helvetica, sans-serif\">La seule fa\u00e7on d\u2019avoir une chance de lutter contre cette casse est d\u2019\u00eatre <strong>plus nombreux dans les cort\u00e8ges <span id=\"OBJ_PREFIX_DWT1142_com_zimbra_date\" class=\"Object\"><span id=\"OBJ_PREFIX_DWT1143_com_zimbra_date\" class=\"Object\"><span id=\"OBJ_PREFIX_DWT1165_com_zimbra_date\" class=\"Object\">mardi<\/span><\/span><\/span> 17 d\u00e9cembre<\/strong> que nous \u00e9tions <span id=\"OBJ_PREFIX_DWT1144_com_zimbra_date\" class=\"Object\"><span id=\"OBJ_PREFIX_DWT1145_com_zimbra_date\" class=\"Object\"><span id=\"OBJ_PREFIX_DWT1166_com_zimbra_date\" class=\"Object\">Jeudi<\/span><\/span><\/span> 5. Si nous sommes moins nombreux le 17 que le 5, le gouvernement aura beau <span id=\"OBJ_PREFIX_DWT1146_com_zimbra_date\" class=\"Object\"><span id=\"OBJ_PREFIX_DWT1147_com_zimbra_date\" class=\"Object\"><span id=\"OBJ_PREFIX_DWT1167_com_zimbra_date\" class=\"Object\">jeu<\/span><\/span><\/span> de dire \u00ab vous voyez notre r\u00e9forme n\u00e9cessaire est comprise \u00bb. Si nous sommes moins nombreux, le Minist\u00e8re est la DRAAF pourront dire que nos statuts sont de \u00ab l\u2019ancien monde \u00bb et continuer la casse de l\u2019enseignement agricole public\u2026<\/span><\/p>\n<p style=\"text-align: justify\"><span style=\"color: #0000ff;font-family: tahoma, arial, helvetica, sans-serif\">Ce n\u2019est pas les syndicats qui prennent les usagers en otages, c&rsquo;est le gouvernement qui prend le sens <span id=\"DWT1149\" class=\"ZmSearchResult\"><span id=\"DWT1151\" class=\"ZmSearchResult\"><span id=\"DWT1169\" class=\"ZmSearchResult\">du<\/span><\/span><\/span> service public de ces agent\u00b7es en otages.<\/span><\/p>\n<h3 style=\"text-align: center\"><span style=\"color: #ff0000;font-family: tahoma, arial, helvetica, sans-serif\">Toutes et tous aux manifestations !<\/span><br \/>\n<span style=\"color: #ff0000;font-family: tahoma, arial, helvetica, sans-serif\">Toutes et tous en Gr\u00e8ve !<\/span><\/h3>\n<h3 style=\"text-align: center\"><span style=\"color: #ff0000;font-family: tahoma, arial, helvetica, sans-serif\">Mardi 17 d\u00e9cembre 2019<\/span><\/h3>\n<p><img decoding=\"async\" src=\"https:\/\/s1.qwant.com\/thumbr\/700x0\/1\/2\/20a3846771f1790001d4a013b14bc8294c3e96902d9fcab8d4436b3c61a1b8\/Mob-protest-dreamstime_111755862-1-740x400.jpg?u=https%3A%2F%2Ffabiusmaximus.com%2Fwp-content%2Fuploads%2F2018%2F12%2FMob-protest-dreamstime_111755862-1-740x400.jpg&amp;q=0&amp;b=1&amp;p=0&amp;a=1\" alt=\"Science &amp; Nature - Fabius Maximus website\" \/><\/p>\n<p><span style=\"font-family: tahoma, arial, helvetica, sans-serif;color: #0000ff\">La section r\u00e9gionale SNETAP-FSU, jeudi 12 d\u00e9cembre 2019<\/span><\/p>\n","protected":false},"excerpt":{"rendered":"<p>Communiqu\u00e9 du SNETAP-FSU Hauts-de-France pour l&rsquo;Enseignement Agricole Public La section r\u00e9gionale SNETAP-FSU des Hauts-de-France fait le bilan sur le gouvernement, la r\u00e9forme du bac, le dialogue social de la DRAAF-SRFD, l&rsquo;apprentissage, l&rsquo;EAP, les retraites et appelle \u00e0 la mobilisation, en nombre, le mardi 17 d\u00e9cembre 2019&#8230;<\/p>\n","protected":false},"author":138,"featured_media":0,"comment_status":"closed","ping_status":"closed","sticky":false,"template":"","format":"standard","meta":{"ocean_post_layout":"","ocean_both_sidebars_style":"","ocean_both_sidebars_content_width":0,"ocean_both_sidebars_sidebars_width":0,"ocean_sidebar":"","ocean_second_sidebar":"","ocean_disable_margins":"enable","ocean_add_body_class":"","ocean_shortcode_before_top_bar":"","ocean_shortcode_after_top_bar":"","ocean_shortcode_before_header":"","ocean_shortcode_after_header":"","ocean_has_shortcode":"","ocean_shortcode_after_title":"","ocean_shortcode_before_footer_widgets":"","ocean_shortcode_after_footer_widgets":"","ocean_shortcode_before_footer_bottom":"","ocean_shortcode_after_footer_bottom":"","ocean_display_top_bar":"default","ocean_display_header":"default","ocean_header_style":"","ocean_center_header_left_menu":"","ocean_custom_header_template":"","ocean_custom_logo":0,"ocean_custom_retina_logo":0,"ocean_custom_logo_max_width":0,"ocean_custom_logo_tablet_max_width":0,"ocean_custom_logo_mobile_max_width":0,"ocean_custom_logo_max_height":0,"ocean_custom_logo_tablet_max_height":0,"ocean_custom_logo_mobile_max_height":0,"ocean_header_custom_menu":"","ocean_menu_typo_font_family":"","ocean_menu_typo_font_subset":"","ocean_menu_typo_font_size":0,"ocean_menu_typo_font_size_tablet":0,"ocean_menu_typo_font_size_mobile":0,"ocean_menu_typo_font_size_unit":"px","ocean_menu_typo_font_weight":"","ocean_menu_typo_font_weight_tablet":"","ocean_menu_typo_font_weight_mobile":"","ocean_menu_typo_transform":"","ocean_menu_typo_transform_tablet":"","ocean_menu_typo_transform_mobile":"","ocean_menu_typo_line_height":0,"ocean_menu_typo_line_height_tablet":0,"ocean_menu_typo_line_height_mobile":0,"ocean_menu_typo_line_height_unit":"","ocean_menu_typo_spacing":0,"ocean_menu_typo_spacing_tablet":0,"ocean_menu_typo_spacing_mobile":0,"ocean_menu_typo_spacing_unit":"","ocean_menu_link_color":"","ocean_menu_link_color_hover":"","ocean_menu_link_color_active":"","ocean_menu_link_background":"","ocean_menu_link_hover_background":"","ocean_menu_link_active_background":"","ocean_menu_social_links_bg":"","ocean_menu_social_hover_links_bg":"","ocean_menu_social_links_color":"","ocean_menu_social_hover_links_color":"","ocean_disable_title":"default","ocean_disable_heading":"default","ocean_post_title":"","ocean_post_subheading":"","ocean_post_title_style":"","ocean_post_title_background_color":"","ocean_post_title_background":0,"ocean_post_title_bg_image_position":"","ocean_post_title_bg_image_attachment":"","ocean_post_title_bg_image_repeat":"","ocean_post_title_bg_image_size":"","ocean_post_title_height":0,"ocean_post_title_bg_overlay":0.5,"ocean_post_title_bg_overlay_color":"","ocean_disable_breadcrumbs":"default","ocean_breadcrumbs_color":"","ocean_breadcrumbs_separator_color":"","ocean_breadcrumbs_links_color":"","ocean_breadcrumbs_links_hover_color":"","ocean_display_footer_widgets":"default","ocean_display_footer_bottom":"default","ocean_custom_footer_template":"","ocean_post_oembed":"","ocean_post_self_hosted_media":"","ocean_post_video_embed":"","ocean_link_format":"","ocean_link_format_target":"self","ocean_quote_format":"","ocean_quote_format_link":"post","ocean_gallery_link_images":"on","ocean_gallery_id":[],"footnotes":""},"categories":[3,11],"tags":[],"post_folder":[],"class_list":["post-3867","post","type-post","status-publish","format-standard","hentry","category-actions-greves-manifs","category-communiques","entry"],"yoast_head":"<!-- This site is optimized with the Yoast SEO plugin v27.4 - https:\/\/yoast.com\/product\/yoast-seo-wordpress\/ -->\n<title>Communiqu\u00e9 du SNETAP-FSU Hauts-de-France pour l&#039;EAP - Formation des sites R\u00e9gionaux du SNETAP-FSU<\/title>\n<meta name=\"robots\" content=\"index, follow, max-snippet:-1, max-image-preview:large, max-video-preview:-1\" \/>\n<link rel=\"canonical\" href=\"https:\/\/regions-snetap-fsu.fr\/formation\/2019\/12\/15\/communique-du-snetap-fsu-hauts-de-france-pour-eap\/\" \/>\n<meta property=\"og:locale\" content=\"fr_FR\" \/>\n<meta property=\"og:type\" content=\"article\" \/>\n<meta property=\"og:title\" content=\"Communiqu\u00e9 du SNETAP-FSU Hauts-de-France pour l&#039;EAP - Formation des sites R\u00e9gionaux du SNETAP-FSU\" \/>\n<meta property=\"og:description\" content=\"Communiqu\u00e9 du SNETAP-FSU Hauts-de-France pour l&rsquo;Enseignement Agricole Public La section r\u00e9gionale SNETAP-FSU des Hauts-de-France fait le bilan sur le gouvernement, la r\u00e9forme du bac, le dialogue social de la DRAAF-SRFD, l&rsquo;apprentissage, l&rsquo;EAP, les retraites et appelle \u00e0 la mobilisation, en nombre, le mardi 17 d\u00e9cembre 2019&#8230;\" \/>\n<meta property=\"og:url\" content=\"https:\/\/regions-snetap-fsu.fr\/formation\/2019\/12\/15\/communique-du-snetap-fsu-hauts-de-france-pour-eap\/\" \/>\n<meta property=\"og:site_name\" content=\"Formation des sites R\u00e9gionaux du SNETAP-FSU\" \/>\n<meta property=\"article:published_time\" content=\"2019-12-15T14:25:48+00:00\" \/>\n<meta property=\"og:image\" content=\"https:\/\/s2.qwant.com\/thumbr\/0x380\/6\/c\/8569f1458abeb8ec9564aa573e8fcf2e3af2c1821c60a55efd02dab45dd2d6\/big.jpg?u=https%3A%2F%2Fs3-eu-west-1.amazonaws.com%2Fstatic.anygator.com%2Fstatic-anygator2%2Fthumbs%2Ffr%2F2e%2F2e3906105a6d9f5bd287fa15af5ea5c2bcd61a4e%2Fbig.jpg&amp;q=0&amp;b=1&amp;p=0&amp;a=1\" \/>\n<meta name=\"author\" content=\"yoctavien\" \/>\n<meta name=\"twitter:card\" content=\"summary_large_image\" \/>\n<meta name=\"twitter:label1\" content=\"\u00c9crit par\" \/>\n\t<meta name=\"twitter:data1\" content=\"yoctavien\" \/>\n\t<meta name=\"twitter:label2\" content=\"Dur\u00e9e de lecture estim\u00e9e\" \/>\n\t<meta name=\"twitter:data2\" content=\"3 minutes\" \/>\n<script type=\"application\/ld+json\" class=\"yoast-schema-graph\">{\"@context\":\"https:\\\/\\\/schema.org\",\"@graph\":[{\"@type\":\"Article\",\"@id\":\"https:\\\/\\\/regions-snetap-fsu.fr\\\/formation\\\/2019\\\/12\\\/15\\\/communique-du-snetap-fsu-hauts-de-france-pour-eap\\\/#article\",\"isPartOf\":{\"@id\":\"https:\\\/\\\/regions-snetap-fsu.fr\\\/formation\\\/2019\\\/12\\\/15\\\/communique-du-snetap-fsu-hauts-de-france-pour-eap\\\/\"},\"author\":{\"name\":\"yoctavien\",\"@id\":\"https:\\\/\\\/regions-snetap-fsu.fr\\\/formation\\\/#\\\/schema\\\/person\\\/f5dc7b6354e942ca9c5fa8e9ff7e5c93\"},\"headline\":\"Communiqu\u00e9 du SNETAP-FSU Hauts-de-France pour l&rsquo;EAP\",\"datePublished\":\"2019-12-15T14:25:48+00:00\",\"mainEntityOfPage\":{\"@id\":\"https:\\\/\\\/regions-snetap-fsu.fr\\\/formation\\\/2019\\\/12\\\/15\\\/communique-du-snetap-fsu-hauts-de-france-pour-eap\\\/\"},\"wordCount\":613,\"publisher\":{\"@id\":\"https:\\\/\\\/regions-snetap-fsu.fr\\\/formation\\\/#organization\"},\"image\":{\"@id\":\"https:\\\/\\\/regions-snetap-fsu.fr\\\/formation\\\/2019\\\/12\\\/15\\\/communique-du-snetap-fsu-hauts-de-france-pour-eap\\\/#primaryimage\"},\"thumbnailUrl\":\"https:\\\/\\\/s2.qwant.com\\\/thumbr\\\/0x380\\\/6\\\/c\\\/8569f1458abeb8ec9564aa573e8fcf2e3af2c1821c60a55efd02dab45dd2d6\\\/big.jpg?u=https%3A%2F%2Fs3-eu-west-1.amazonaws.com%2Fstatic.anygator.com%2Fstatic-anygator2%2Fthumbs%2Ffr%2F2e%2F2e3906105a6d9f5bd287fa15af5ea5c2bcd61a4e%2Fbig.jpg&amp;q=0&amp;b=1&amp;p=0&amp;a=1\",\"articleSection\":[\"Actions - Gr\u00e8ves - Manifs\",\"Communiqu\u00e9s\"],\"inLanguage\":\"fr-FR\"},{\"@type\":\"WebPage\",\"@id\":\"https:\\\/\\\/regions-snetap-fsu.fr\\\/formation\\\/2019\\\/12\\\/15\\\/communique-du-snetap-fsu-hauts-de-france-pour-eap\\\/\",\"url\":\"https:\\\/\\\/regions-snetap-fsu.fr\\\/formation\\\/2019\\\/12\\\/15\\\/communique-du-snetap-fsu-hauts-de-france-pour-eap\\\/\",\"name\":\"Communiqu\u00e9 du SNETAP-FSU Hauts-de-France pour l'EAP - Formation des sites R\u00e9gionaux du SNETAP-FSU\",\"isPartOf\":{\"@id\":\"https:\\\/\\\/regions-snetap-fsu.fr\\\/formation\\\/#website\"},\"primaryImageOfPage\":{\"@id\":\"https:\\\/\\\/regions-snetap-fsu.fr\\\/formation\\\/2019\\\/12\\\/15\\\/communique-du-snetap-fsu-hauts-de-france-pour-eap\\\/#primaryimage\"},\"image\":{\"@id\":\"https:\\\/\\\/regions-snetap-fsu.fr\\\/formation\\\/2019\\\/12\\\/15\\\/communique-du-snetap-fsu-hauts-de-france-pour-eap\\\/#primaryimage\"},\"thumbnailUrl\":\"https:\\\/\\\/s2.qwant.com\\\/thumbr\\\/0x380\\\/6\\\/c\\\/8569f1458abeb8ec9564aa573e8fcf2e3af2c1821c60a55efd02dab45dd2d6\\\/big.jpg?u=https%3A%2F%2Fs3-eu-west-1.amazonaws.com%2Fstatic.anygator.com%2Fstatic-anygator2%2Fthumbs%2Ffr%2F2e%2F2e3906105a6d9f5bd287fa15af5ea5c2bcd61a4e%2Fbig.jpg&amp;q=0&amp;b=1&amp;p=0&amp;a=1\",\"datePublished\":\"2019-12-15T14:25:48+00:00\",\"breadcrumb\":{\"@id\":\"https:\\\/\\\/regions-snetap-fsu.fr\\\/formation\\\/2019\\\/12\\\/15\\\/communique-du-snetap-fsu-hauts-de-france-pour-eap\\\/#breadcrumb\"},\"inLanguage\":\"fr-FR\",\"potentialAction\":[{\"@type\":\"ReadAction\",\"target\":[\"https:\\\/\\\/regions-snetap-fsu.fr\\\/formation\\\/2019\\\/12\\\/15\\\/communique-du-snetap-fsu-hauts-de-france-pour-eap\\\/\"]}]},{\"@type\":\"ImageObject\",\"inLanguage\":\"fr-FR\",\"@id\":\"https:\\\/\\\/regions-snetap-fsu.fr\\\/formation\\\/2019\\\/12\\\/15\\\/communique-du-snetap-fsu-hauts-de-france-pour-eap\\\/#primaryimage\",\"url\":\"https:\\\/\\\/s2.qwant.com\\\/thumbr\\\/0x380\\\/6\\\/c\\\/8569f1458abeb8ec9564aa573e8fcf2e3af2c1821c60a55efd02dab45dd2d6\\\/big.jpg?u=https%3A%2F%2Fs3-eu-west-1.amazonaws.com%2Fstatic.anygator.com%2Fstatic-anygator2%2Fthumbs%2Ffr%2F2e%2F2e3906105a6d9f5bd287fa15af5ea5c2bcd61a4e%2Fbig.jpg&amp;q=0&amp;b=1&amp;p=0&amp;a=1\",\"contentUrl\":\"https:\\\/\\\/s2.qwant.com\\\/thumbr\\\/0x380\\\/6\\\/c\\\/8569f1458abeb8ec9564aa573e8fcf2e3af2c1821c60a55efd02dab45dd2d6\\\/big.jpg?u=https%3A%2F%2Fs3-eu-west-1.amazonaws.com%2Fstatic.anygator.com%2Fstatic-anygator2%2Fthumbs%2Ffr%2F2e%2F2e3906105a6d9f5bd287fa15af5ea5c2bcd61a4e%2Fbig.jpg&amp;q=0&amp;b=1&amp;p=0&amp;a=1\"},{\"@type\":\"BreadcrumbList\",\"@id\":\"https:\\\/\\\/regions-snetap-fsu.fr\\\/formation\\\/2019\\\/12\\\/15\\\/communique-du-snetap-fsu-hauts-de-france-pour-eap\\\/#breadcrumb\",\"itemListElement\":[{\"@type\":\"ListItem\",\"position\":1,\"name\":\"Accueil\",\"item\":\"https:\\\/\\\/regions-snetap-fsu.fr\\\/formation\\\/\"},{\"@type\":\"ListItem\",\"position\":2,\"name\":\"Communiqu\u00e9 du SNETAP-FSU Hauts-de-France pour l&rsquo;EAP\"}]},{\"@type\":\"WebSite\",\"@id\":\"https:\\\/\\\/regions-snetap-fsu.fr\\\/formation\\\/#website\",\"url\":\"https:\\\/\\\/regions-snetap-fsu.fr\\\/formation\\\/\",\"name\":\"Formation des sites R\u00e9gionaux du SNETAP-FSU\",\"description\":\"\",\"publisher\":{\"@id\":\"https:\\\/\\\/regions-snetap-fsu.fr\\\/formation\\\/#organization\"},\"potentialAction\":[{\"@type\":\"SearchAction\",\"target\":{\"@type\":\"EntryPoint\",\"urlTemplate\":\"https:\\\/\\\/regions-snetap-fsu.fr\\\/formation\\\/?s={search_term_string}\"},\"query-input\":{\"@type\":\"PropertyValueSpecification\",\"valueRequired\":true,\"valueName\":\"search_term_string\"}}],\"inLanguage\":\"fr-FR\"},{\"@type\":\"Organization\",\"@id\":\"https:\\\/\\\/regions-snetap-fsu.fr\\\/formation\\\/#organization\",\"name\":\"Formation des sites R\u00e9gionaux du SNETAP-FSU\",\"url\":\"https:\\\/\\\/regions-snetap-fsu.fr\\\/formation\\\/\",\"logo\":{\"@type\":\"ImageObject\",\"inLanguage\":\"fr-FR\",\"@id\":\"https:\\\/\\\/regions-snetap-fsu.fr\\\/formation\\\/#\\\/schema\\\/logo\\\/image\\\/\",\"url\":\"https:\\\/\\\/regions-snetap-fsu.fr\\\/formation\\\/wp-content\\\/uploads\\\/sites\\\/20\\\/2025\\\/04\\\/cropped-Logo_blanc_fond_transparent_1000x755.png\",\"contentUrl\":\"https:\\\/\\\/regions-snetap-fsu.fr\\\/formation\\\/wp-content\\\/uploads\\\/sites\\\/20\\\/2025\\\/04\\\/cropped-Logo_blanc_fond_transparent_1000x755.png\",\"width\":998,\"height\":689,\"caption\":\"Formation des sites R\u00e9gionaux du SNETAP-FSU\"},\"image\":{\"@id\":\"https:\\\/\\\/regions-snetap-fsu.fr\\\/formation\\\/#\\\/schema\\\/logo\\\/image\\\/\"}},{\"@type\":\"Person\",\"@id\":\"https:\\\/\\\/regions-snetap-fsu.fr\\\/formation\\\/#\\\/schema\\\/person\\\/f5dc7b6354e942ca9c5fa8e9ff7e5c93\",\"name\":\"yoctavien\",\"image\":{\"@type\":\"ImageObject\",\"inLanguage\":\"fr-FR\",\"@id\":\"https:\\\/\\\/secure.gravatar.com\\\/avatar\\\/382642c092b6b9da14641d3c478df2f3da4a2d17eea25691c232d4dbf735c292?s=96&d=mm&r=g\",\"url\":\"https:\\\/\\\/secure.gravatar.com\\\/avatar\\\/382642c092b6b9da14641d3c478df2f3da4a2d17eea25691c232d4dbf735c292?s=96&d=mm&r=g\",\"contentUrl\":\"https:\\\/\\\/secure.gravatar.com\\\/avatar\\\/382642c092b6b9da14641d3c478df2f3da4a2d17eea25691c232d4dbf735c292?s=96&d=mm&r=g\",\"caption\":\"yoctavien\"},\"url\":\"https:\\\/\\\/regions-snetap-fsu.fr\\\/formation\\\/author\\\/yoctavien\\\/\"}]}<\/script>\n<!-- \/ Yoast SEO plugin. -->","yoast_head_json":{"title":"Communiqu\u00e9 du SNETAP-FSU Hauts-de-France pour l'EAP - Formation des sites R\u00e9gionaux du SNETAP-FSU","robots":{"index":"index","follow":"follow","max-snippet":"max-snippet:-1","max-image-preview":"max-image-preview:large","max-video-preview":"max-video-preview:-1"},"canonical":"https:\/\/regions-snetap-fsu.fr\/formation\/2019\/12\/15\/communique-du-snetap-fsu-hauts-de-france-pour-eap\/","og_locale":"fr_FR","og_type":"article","og_title":"Communiqu\u00e9 du SNETAP-FSU Hauts-de-France pour l'EAP - Formation des sites R\u00e9gionaux du SNETAP-FSU","og_description":"Communiqu\u00e9 du SNETAP-FSU Hauts-de-France pour l&rsquo;Enseignement Agricole Public La section r\u00e9gionale SNETAP-FSU des Hauts-de-France fait le bilan sur le gouvernement, la r\u00e9forme du bac, le dialogue social de la DRAAF-SRFD, l&rsquo;apprentissage, l&rsquo;EAP, les retraites et appelle \u00e0 la mobilisation, en nombre, le mardi 17 d\u00e9cembre 2019&#8230;","og_url":"https:\/\/regions-snetap-fsu.fr\/formation\/2019\/12\/15\/communique-du-snetap-fsu-hauts-de-france-pour-eap\/","og_site_name":"Formation des sites R\u00e9gionaux du SNETAP-FSU","article_published_time":"2019-12-15T14:25:48+00:00","og_image":[{"url":"https:\/\/s2.qwant.com\/thumbr\/0x380\/6\/c\/8569f1458abeb8ec9564aa573e8fcf2e3af2c1821c60a55efd02dab45dd2d6\/big.jpg?u=https%3A%2F%2Fs3-eu-west-1.amazonaws.com%2Fstatic.anygator.com%2Fstatic-anygator2%2Fthumbs%2Ffr%2F2e%2F2e3906105a6d9f5bd287fa15af5ea5c2bcd61a4e%2Fbig.jpg&amp;q=0&amp;b=1&amp;p=0&amp;a=1","type":"","width":"","height":""}],"author":"yoctavien","twitter_card":"summary_large_image","twitter_misc":{"\u00c9crit par":"yoctavien","Dur\u00e9e de lecture estim\u00e9e":"3 minutes"},"schema":{"@context":"https:\/\/schema.org","@graph":[{"@type":"Article","@id":"https:\/\/regions-snetap-fsu.fr\/formation\/2019\/12\/15\/communique-du-snetap-fsu-hauts-de-france-pour-eap\/#article","isPartOf":{"@id":"https:\/\/regions-snetap-fsu.fr\/formation\/2019\/12\/15\/communique-du-snetap-fsu-hauts-de-france-pour-eap\/"},"author":{"name":"yoctavien","@id":"https:\/\/regions-snetap-fsu.fr\/formation\/#\/schema\/person\/f5dc7b6354e942ca9c5fa8e9ff7e5c93"},"headline":"Communiqu\u00e9 du SNETAP-FSU Hauts-de-France pour l&rsquo;EAP","datePublished":"2019-12-15T14:25:48+00:00","mainEntityOfPage":{"@id":"https:\/\/regions-snetap-fsu.fr\/formation\/2019\/12\/15\/communique-du-snetap-fsu-hauts-de-france-pour-eap\/"},"wordCount":613,"publisher":{"@id":"https:\/\/regions-snetap-fsu.fr\/formation\/#organization"},"image":{"@id":"https:\/\/regions-snetap-fsu.fr\/formation\/2019\/12\/15\/communique-du-snetap-fsu-hauts-de-france-pour-eap\/#primaryimage"},"thumbnailUrl":"https:\/\/s2.qwant.com\/thumbr\/0x380\/6\/c\/8569f1458abeb8ec9564aa573e8fcf2e3af2c1821c60a55efd02dab45dd2d6\/big.jpg?u=https%3A%2F%2Fs3-eu-west-1.amazonaws.com%2Fstatic.anygator.com%2Fstatic-anygator2%2Fthumbs%2Ffr%2F2e%2F2e3906105a6d9f5bd287fa15af5ea5c2bcd61a4e%2Fbig.jpg&amp;q=0&amp;b=1&amp;p=0&amp;a=1","articleSection":["Actions - Gr\u00e8ves - Manifs","Communiqu\u00e9s"],"inLanguage":"fr-FR"},{"@type":"WebPage","@id":"https:\/\/regions-snetap-fsu.fr\/formation\/2019\/12\/15\/communique-du-snetap-fsu-hauts-de-france-pour-eap\/","url":"https:\/\/regions-snetap-fsu.fr\/formation\/2019\/12\/15\/communique-du-snetap-fsu-hauts-de-france-pour-eap\/","name":"Communiqu\u00e9 du SNETAP-FSU Hauts-de-France pour l'EAP - Formation des sites R\u00e9gionaux du SNETAP-FSU","isPartOf":{"@id":"https:\/\/regions-snetap-fsu.fr\/formation\/#website"},"primaryImageOfPage":{"@id":"https:\/\/regions-snetap-fsu.fr\/formation\/2019\/12\/15\/communique-du-snetap-fsu-hauts-de-france-pour-eap\/#primaryimage"},"image":{"@id":"https:\/\/regions-snetap-fsu.fr\/formation\/2019\/12\/15\/communique-du-snetap-fsu-hauts-de-france-pour-eap\/#primaryimage"},"thumbnailUrl":"https:\/\/s2.qwant.com\/thumbr\/0x380\/6\/c\/8569f1458abeb8ec9564aa573e8fcf2e3af2c1821c60a55efd02dab45dd2d6\/big.jpg?u=https%3A%2F%2Fs3-eu-west-1.amazonaws.com%2Fstatic.anygator.com%2Fstatic-anygator2%2Fthumbs%2Ffr%2F2e%2F2e3906105a6d9f5bd287fa15af5ea5c2bcd61a4e%2Fbig.jpg&amp;q=0&amp;b=1&amp;p=0&amp;a=1","datePublished":"2019-12-15T14:25:48+00:00","breadcrumb":{"@id":"https:\/\/regions-snetap-fsu.fr\/formation\/2019\/12\/15\/communique-du-snetap-fsu-hauts-de-france-pour-eap\/#breadcrumb"},"inLanguage":"fr-FR","potentialAction":[{"@type":"ReadAction","target":["https:\/\/regions-snetap-fsu.fr\/formation\/2019\/12\/15\/communique-du-snetap-fsu-hauts-de-france-pour-eap\/"]}]},{"@type":"ImageObject","inLanguage":"fr-FR","@id":"https:\/\/regions-snetap-fsu.fr\/formation\/2019\/12\/15\/communique-du-snetap-fsu-hauts-de-france-pour-eap\/#primaryimage","url":"https:\/\/s2.qwant.com\/thumbr\/0x380\/6\/c\/8569f1458abeb8ec9564aa573e8fcf2e3af2c1821c60a55efd02dab45dd2d6\/big.jpg?u=https%3A%2F%2Fs3-eu-west-1.amazonaws.com%2Fstatic.anygator.com%2Fstatic-anygator2%2Fthumbs%2Ffr%2F2e%2F2e3906105a6d9f5bd287fa15af5ea5c2bcd61a4e%2Fbig.jpg&amp;q=0&amp;b=1&amp;p=0&amp;a=1","contentUrl":"https:\/\/s2.qwant.com\/thumbr\/0x380\/6\/c\/8569f1458abeb8ec9564aa573e8fcf2e3af2c1821c60a55efd02dab45dd2d6\/big.jpg?u=https%3A%2F%2Fs3-eu-west-1.amazonaws.com%2Fstatic.anygator.com%2Fstatic-anygator2%2Fthumbs%2Ffr%2F2e%2F2e3906105a6d9f5bd287fa15af5ea5c2bcd61a4e%2Fbig.jpg&amp;q=0&amp;b=1&amp;p=0&amp;a=1"},{"@type":"BreadcrumbList","@id":"https:\/\/regions-snetap-fsu.fr\/formation\/2019\/12\/15\/communique-du-snetap-fsu-hauts-de-france-pour-eap\/#breadcrumb","itemListElement":[{"@type":"ListItem","position":1,"name":"Accueil","item":"https:\/\/regions-snetap-fsu.fr\/formation\/"},{"@type":"ListItem","position":2,"name":"Communiqu\u00e9 du SNETAP-FSU Hauts-de-France pour l&rsquo;EAP"}]},{"@type":"WebSite","@id":"https:\/\/regions-snetap-fsu.fr\/formation\/#website","url":"https:\/\/regions-snetap-fsu.fr\/formation\/","name":"Formation des sites R\u00e9gionaux du SNETAP-FSU","description":"","publisher":{"@id":"https:\/\/regions-snetap-fsu.fr\/formation\/#organization"},"potentialAction":[{"@type":"SearchAction","target":{"@type":"EntryPoint","urlTemplate":"https:\/\/regions-snetap-fsu.fr\/formation\/?s={search_term_string}"},"query-input":{"@type":"PropertyValueSpecification","valueRequired":true,"valueName":"search_term_string"}}],"inLanguage":"fr-FR"},{"@type":"Organization","@id":"https:\/\/regions-snetap-fsu.fr\/formation\/#organization","name":"Formation des sites R\u00e9gionaux du SNETAP-FSU","url":"https:\/\/regions-snetap-fsu.fr\/formation\/","logo":{"@type":"ImageObject","inLanguage":"fr-FR","@id":"https:\/\/regions-snetap-fsu.fr\/formation\/#\/schema\/logo\/image\/","url":"https:\/\/regions-snetap-fsu.fr\/formation\/wp-content\/uploads\/sites\/20\/2025\/04\/cropped-Logo_blanc_fond_transparent_1000x755.png","contentUrl":"https:\/\/regions-snetap-fsu.fr\/formation\/wp-content\/uploads\/sites\/20\/2025\/04\/cropped-Logo_blanc_fond_transparent_1000x755.png","width":998,"height":689,"caption":"Formation des sites R\u00e9gionaux du SNETAP-FSU"},"image":{"@id":"https:\/\/regions-snetap-fsu.fr\/formation\/#\/schema\/logo\/image\/"}},{"@type":"Person","@id":"https:\/\/regions-snetap-fsu.fr\/formation\/#\/schema\/person\/f5dc7b6354e942ca9c5fa8e9ff7e5c93","name":"yoctavien","image":{"@type":"ImageObject","inLanguage":"fr-FR","@id":"https:\/\/secure.gravatar.com\/avatar\/382642c092b6b9da14641d3c478df2f3da4a2d17eea25691c232d4dbf735c292?s=96&d=mm&r=g","url":"https:\/\/secure.gravatar.com\/avatar\/382642c092b6b9da14641d3c478df2f3da4a2d17eea25691c232d4dbf735c292?s=96&d=mm&r=g","contentUrl":"https:\/\/secure.gravatar.com\/avatar\/382642c092b6b9da14641d3c478df2f3da4a2d17eea25691c232d4dbf735c292?s=96&d=mm&r=g","caption":"yoctavien"},"url":"https:\/\/regions-snetap-fsu.fr\/formation\/author\/yoctavien\/"}]}},"_links":{"self":[{"href":"https:\/\/regions-snetap-fsu.fr\/formation\/wp-json\/wp\/v2\/posts\/3867","targetHints":{"allow":["GET"]}}],"collection":[{"href":"https:\/\/regions-snetap-fsu.fr\/formation\/wp-json\/wp\/v2\/posts"}],"about":[{"href":"https:\/\/regions-snetap-fsu.fr\/formation\/wp-json\/wp\/v2\/types\/post"}],"author":[{"embeddable":true,"href":"https:\/\/regions-snetap-fsu.fr\/formation\/wp-json\/wp\/v2\/users\/138"}],"replies":[{"embeddable":true,"href":"https:\/\/regions-snetap-fsu.fr\/formation\/wp-json\/wp\/v2\/comments?post=3867"}],"version-history":[{"count":0,"href":"https:\/\/regions-snetap-fsu.fr\/formation\/wp-json\/wp\/v2\/posts\/3867\/revisions"}],"wp:attachment":[{"href":"https:\/\/regions-snetap-fsu.fr\/formation\/wp-json\/wp\/v2\/media?parent=3867"}],"wp:term":[{"taxonomy":"category","embeddable":true,"href":"https:\/\/regions-snetap-fsu.fr\/formation\/wp-json\/wp\/v2\/categories?post=3867"},{"taxonomy":"post_tag","embeddable":true,"href":"https:\/\/regions-snetap-fsu.fr\/formation\/wp-json\/wp\/v2\/tags?post=3867"},{"taxonomy":"post_folder","embeddable":true,"href":"https:\/\/regions-snetap-fsu.fr\/formation\/wp-json\/wp\/v2\/post_folder?post=3867"}],"curies":[{"name":"wp","href":"https:\/\/api.w.org\/{rel}","templated":true}]}}