{"id":3766,"date":"2019-12-07T12:36:24","date_gmt":"2019-12-07T11:36:24","guid":{"rendered":"https:\/\/regions-snetap-fsu.fr\/hdf\/?p=3766"},"modified":"2019-12-07T12:36:24","modified_gmt":"2019-12-07T11:36:24","slug":"petition-ldh-amnesty-pour-mettre-fin-au-harcelement-de-camille-halut","status":"publish","type":"post","link":"https:\/\/regions-snetap-fsu.fr\/formation\/2019\/12\/07\/petition-ldh-amnesty-pour-mettre-fin-au-harcelement-de-camille-halut\/","title":{"rendered":"P\u00e9tition LDH\/Amnesty pour mettre fin au harc\u00e8lement de Camille Halut"},"content":{"rendered":"<h2 style=\"text-align: center\"><span style=\"font-family: tahoma, arial, helvetica, sans-serif;color: #ff0000\">Signez la nouvelle p\u00e9tition LDH\/Amnesty pour mettre fin au harc\u00e8lement de Camille Halut<\/span><\/h2>\n<blockquote>\n<p style=\"text-align: justify\"><span style=\"color: #0000ff;font-family: tahoma, arial, helvetica, sans-serif\">Mettez fin au harc\u00e8lement de Camille Halut et des observateurs des pratiques polici\u00e8res !&#8230;<\/span><\/p>\n<p><img decoding=\"async\" id=\"_x0000_i1025\" class=\"aligncenter\" src=\"http:\/\/lien.ldh-france.org\/tplimg\/j1g1\/b\/xol0z\/vjxgt.jpeg\" width=\"225\" \/><img decoding=\"async\" id=\"_x0000_i1026\" class=\"aligncenter\" src=\"http:\/\/lien.ldh-france.org\/tplimg\/j1g1\/b\/xol0z\/vjxgv.jpeg\" width=\"225\" \/><\/p><\/blockquote>\n<p><!--more--><\/p>\n<p style=\"text-align: justify\"><span style=\"font-family: tahoma, arial, helvetica, sans-serif;color: #0000ff\">La LDH et Amnesty lancent une nouvelle p\u00e9tition de soutien \u00e0 Camille Halut, et plus largement aux observatrices et observateurs des pratiques polici\u00e8res et des libert\u00e9s, \u00e0 l&rsquo;attention du ministre de l&rsquo;Int\u00e9rieur, Christophe Castaner.<\/span><\/p>\n<p style=\"text-align: justify\"><span style=\"font-family: tahoma, arial, helvetica, sans-serif;color: #ff0000\"><b>Manifester est un droit mis \u00e0 mal par les politiques de maintien de l&rsquo;ordre actuelles, d\u00e9fendons le ! Nous avons jusqu&rsquo;au 31 d\u00e9cembre pour nous mobiliser afin de r\u00e9colter le plus de signatures que possible !<\/b><\/span><\/p>\n<p style=\"text-align: justify\"><span style=\"font-family: tahoma, arial, helvetica, sans-serif;color: #0000ff\">Pour d\u00e9couvrir la lettre de p\u00e9tition, signer la p\u00e9tition et t\u00e9l\u00e9charger la version imprimable, cliquez sur le lien ci-dessous :<\/span><\/p>\n<p><span style=\"color: #000000;font-family: tahoma, arial, helvetica, sans-serif\"><a style=\"color: #000000\" href=\"https:\/\/www.amnesty.fr\/petitions\/mettez-fin-au-harcelement-de-camille-halut-et-des-observateurs\" target=\"_blank\" rel=\"noopener noreferrer\"><span style=\"text-decoration: underline\">Lien : LDH et Amnesty international &#8211; Mettez fin au harc\u00e8lement de Camille Halut et des observateurs des pratiques polici\u00e8res !<\/span><\/a><\/span><\/p>\n<p><img decoding=\"async\" id=\"_x0000_i1027\" class=\"aligncenter\" src=\"http:\/\/lien.ldh-france.org\/tplimg\/j1g1\/b\/xov99\/vjny1.jpeg\" width=\"450\" border=\"0\" \/><\/p>\n<p style=\"text-align: justify\"><span style=\"font-family: tahoma, arial, helvetica, sans-serif;color: #0000ff\">Camille Halut est observatrice \u00e0 la LDH. Depuis avril 2019, elle a d\u00e9j\u00e0 pass\u00e9 56 heures en garde \u00e0 vue. Le 12 d\u00e9cembre prochain, elle sera jug\u00e9e pour r\u00e9bellion et dissimulation de visage, alors qu\u2019elle \u00e9tait clairement identifi\u00e9e comme observatrice pour la LDH lors de l\u2019Acte 45 des Gilets jaunes. Les d\u00e9lits dont elle est accus\u00e9e sont passibles d\u2019un an d\u2019emprisonnement et de 15000 euros d\u2019amende.<\/span><\/p>\n<p style=\"text-align: justify\"><span style=\"font-family: tahoma, arial, helvetica, sans-serif;color: #0000ff\">La LDH est particuli\u00e8rement mobilis\u00e9e sur ce sujet de par ses sections et f\u00e9d\u00e9rations qui ont d\u00e9velopp\u00e9 des Observatoires des libert\u00e9s et des pratiques polici\u00e8res partout en France<\/span><\/p>\n","protected":false},"excerpt":{"rendered":"<p>Signez la nouvelle p\u00e9tition LDH\/Amnesty pour mettre fin au harc\u00e8lement de Camille Halut Mettez fin au harc\u00e8lement de Camille Halut et des observateurs des pratiques polici\u00e8res !&#8230;<\/p>\n","protected":false},"author":138,"featured_media":0,"comment_status":"closed","ping_status":"closed","sticky":false,"template":"","format":"standard","meta":{"ocean_post_layout":"","ocean_both_sidebars_style":"","ocean_both_sidebars_content_width":0,"ocean_both_sidebars_sidebars_width":0,"ocean_sidebar":"","ocean_second_sidebar":"","ocean_disable_margins":"enable","ocean_add_body_class":"","ocean_shortcode_before_top_bar":"","ocean_shortcode_after_top_bar":"","ocean_shortcode_before_header":"","ocean_shortcode_after_header":"","ocean_has_shortcode":"","ocean_shortcode_after_title":"","ocean_shortcode_before_footer_widgets":"","ocean_shortcode_after_footer_widgets":"","ocean_shortcode_before_footer_bottom":"","ocean_shortcode_after_footer_bottom":"","ocean_display_top_bar":"default","ocean_display_header":"default","ocean_header_style":"","ocean_center_header_left_menu":"","ocean_custom_header_template":"","ocean_custom_logo":0,"ocean_custom_retina_logo":0,"ocean_custom_logo_max_width":0,"ocean_custom_logo_tablet_max_width":0,"ocean_custom_logo_mobile_max_width":0,"ocean_custom_logo_max_height":0,"ocean_custom_logo_tablet_max_height":0,"ocean_custom_logo_mobile_max_height":0,"ocean_header_custom_menu":"","ocean_menu_typo_font_family":"","ocean_menu_typo_font_subset":"","ocean_menu_typo_font_size":0,"ocean_menu_typo_font_size_tablet":0,"ocean_menu_typo_font_size_mobile":0,"ocean_menu_typo_font_size_unit":"px","ocean_menu_typo_font_weight":"","ocean_menu_typo_font_weight_tablet":"","ocean_menu_typo_font_weight_mobile":"","ocean_menu_typo_transform":"","ocean_menu_typo_transform_tablet":"","ocean_menu_typo_transform_mobile":"","ocean_menu_typo_line_height":0,"ocean_menu_typo_line_height_tablet":0,"ocean_menu_typo_line_height_mobile":0,"ocean_menu_typo_line_height_unit":"","ocean_menu_typo_spacing":0,"ocean_menu_typo_spacing_tablet":0,"ocean_menu_typo_spacing_mobile":0,"ocean_menu_typo_spacing_unit":"","ocean_menu_link_color":"","ocean_menu_link_color_hover":"","ocean_menu_link_color_active":"","ocean_menu_link_background":"","ocean_menu_link_hover_background":"","ocean_menu_link_active_background":"","ocean_menu_social_links_bg":"","ocean_menu_social_hover_links_bg":"","ocean_menu_social_links_color":"","ocean_menu_social_hover_links_color":"","ocean_disable_title":"default","ocean_disable_heading":"default","ocean_post_title":"","ocean_post_subheading":"","ocean_post_title_style":"","ocean_post_title_background_color":"","ocean_post_title_background":0,"ocean_post_title_bg_image_position":"","ocean_post_title_bg_image_attachment":"","ocean_post_title_bg_image_repeat":"","ocean_post_title_bg_image_size":"","ocean_post_title_height":0,"ocean_post_title_bg_overlay":0.5,"ocean_post_title_bg_overlay_color":"","ocean_disable_breadcrumbs":"default","ocean_breadcrumbs_color":"","ocean_breadcrumbs_separator_color":"","ocean_breadcrumbs_links_color":"","ocean_breadcrumbs_links_hover_color":"","ocean_display_footer_widgets":"default","ocean_display_footer_bottom":"default","ocean_custom_footer_template":"","ocean_post_oembed":"","ocean_post_self_hosted_media":"","ocean_post_video_embed":"","ocean_link_format":"","ocean_link_format_target":"self","ocean_quote_format":"","ocean_quote_format_link":"post","ocean_gallery_link_images":"on","ocean_gallery_id":[],"footnotes":""},"categories":[27],"tags":[],"post_folder":[],"class_list":["post-3766","post","type-post","status-publish","format-standard","hentry","category-pour-information","entry"],"yoast_head":"<!-- This site is optimized with the Yoast SEO plugin v27.4 - https:\/\/yoast.com\/product\/yoast-seo-wordpress\/ -->\n<title>P\u00e9tition LDH\/Amnesty pour mettre fin au harc\u00e8lement de Camille Halut - Formation des sites R\u00e9gionaux du SNETAP-FSU<\/title>\n<meta name=\"robots\" content=\"index, follow, max-snippet:-1, max-image-preview:large, max-video-preview:-1\" \/>\n<link rel=\"canonical\" href=\"https:\/\/regions-snetap-fsu.fr\/formation\/2019\/12\/07\/petition-ldh-amnesty-pour-mettre-fin-au-harcelement-de-camille-halut\/\" \/>\n<meta property=\"og:locale\" content=\"fr_FR\" \/>\n<meta property=\"og:type\" content=\"article\" \/>\n<meta property=\"og:title\" content=\"P\u00e9tition LDH\/Amnesty pour mettre fin au harc\u00e8lement de Camille Halut - Formation des sites R\u00e9gionaux du SNETAP-FSU\" \/>\n<meta property=\"og:description\" content=\"Signez la nouvelle p\u00e9tition LDH\/Amnesty pour mettre fin au harc\u00e8lement de Camille Halut Mettez fin au harc\u00e8lement de Camille Halut et des observateurs des pratiques polici\u00e8res !&#8230;\" \/>\n<meta property=\"og:url\" content=\"https:\/\/regions-snetap-fsu.fr\/formation\/2019\/12\/07\/petition-ldh-amnesty-pour-mettre-fin-au-harcelement-de-camille-halut\/\" \/>\n<meta property=\"og:site_name\" content=\"Formation des sites R\u00e9gionaux du SNETAP-FSU\" \/>\n<meta property=\"article:published_time\" content=\"2019-12-07T11:36:24+00:00\" \/>\n<meta property=\"og:image\" content=\"http:\/\/lien.ldh-france.org\/tplimg\/j1g1\/b\/xol0z\/vjxgt.jpeg\" \/>\n<meta name=\"author\" content=\"yoctavien\" \/>\n<meta name=\"twitter:card\" content=\"summary_large_image\" \/>\n<meta name=\"twitter:label1\" content=\"\u00c9crit par\" \/>\n\t<meta name=\"twitter:data1\" content=\"yoctavien\" \/>\n\t<meta name=\"twitter:label2\" content=\"Dur\u00e9e de lecture estim\u00e9e\" \/>\n\t<meta name=\"twitter:data2\" content=\"1 minute\" \/>\n<script type=\"application\/ld+json\" class=\"yoast-schema-graph\">{\"@context\":\"https:\\\/\\\/schema.org\",\"@graph\":[{\"@type\":\"Article\",\"@id\":\"https:\\\/\\\/regions-snetap-fsu.fr\\\/formation\\\/2019\\\/12\\\/07\\\/petition-ldh-amnesty-pour-mettre-fin-au-harcelement-de-camille-halut\\\/#article\",\"isPartOf\":{\"@id\":\"https:\\\/\\\/regions-snetap-fsu.fr\\\/formation\\\/2019\\\/12\\\/07\\\/petition-ldh-amnesty-pour-mettre-fin-au-harcelement-de-camille-halut\\\/\"},\"author\":{\"name\":\"yoctavien\",\"@id\":\"https:\\\/\\\/regions-snetap-fsu.fr\\\/formation\\\/#\\\/schema\\\/person\\\/f5dc7b6354e942ca9c5fa8e9ff7e5c93\"},\"headline\":\"P\u00e9tition LDH\\\/Amnesty pour mettre fin au harc\u00e8lement de Camille Halut\",\"datePublished\":\"2019-12-07T11:36:24+00:00\",\"mainEntityOfPage\":{\"@id\":\"https:\\\/\\\/regions-snetap-fsu.fr\\\/formation\\\/2019\\\/12\\\/07\\\/petition-ldh-amnesty-pour-mettre-fin-au-harcelement-de-camille-halut\\\/\"},\"wordCount\":270,\"publisher\":{\"@id\":\"https:\\\/\\\/regions-snetap-fsu.fr\\\/formation\\\/#organization\"},\"image\":{\"@id\":\"https:\\\/\\\/regions-snetap-fsu.fr\\\/formation\\\/2019\\\/12\\\/07\\\/petition-ldh-amnesty-pour-mettre-fin-au-harcelement-de-camille-halut\\\/#primaryimage\"},\"thumbnailUrl\":\"http:\\\/\\\/lien.ldh-france.org\\\/tplimg\\\/j1g1\\\/b\\\/xol0z\\\/vjxgt.jpeg\",\"articleSection\":[\"Pour information\"],\"inLanguage\":\"fr-FR\"},{\"@type\":\"WebPage\",\"@id\":\"https:\\\/\\\/regions-snetap-fsu.fr\\\/formation\\\/2019\\\/12\\\/07\\\/petition-ldh-amnesty-pour-mettre-fin-au-harcelement-de-camille-halut\\\/\",\"url\":\"https:\\\/\\\/regions-snetap-fsu.fr\\\/formation\\\/2019\\\/12\\\/07\\\/petition-ldh-amnesty-pour-mettre-fin-au-harcelement-de-camille-halut\\\/\",\"name\":\"P\u00e9tition LDH\\\/Amnesty pour mettre fin au harc\u00e8lement de Camille Halut - Formation des sites R\u00e9gionaux du SNETAP-FSU\",\"isPartOf\":{\"@id\":\"https:\\\/\\\/regions-snetap-fsu.fr\\\/formation\\\/#website\"},\"primaryImageOfPage\":{\"@id\":\"https:\\\/\\\/regions-snetap-fsu.fr\\\/formation\\\/2019\\\/12\\\/07\\\/petition-ldh-amnesty-pour-mettre-fin-au-harcelement-de-camille-halut\\\/#primaryimage\"},\"image\":{\"@id\":\"https:\\\/\\\/regions-snetap-fsu.fr\\\/formation\\\/2019\\\/12\\\/07\\\/petition-ldh-amnesty-pour-mettre-fin-au-harcelement-de-camille-halut\\\/#primaryimage\"},\"thumbnailUrl\":\"http:\\\/\\\/lien.ldh-france.org\\\/tplimg\\\/j1g1\\\/b\\\/xol0z\\\/vjxgt.jpeg\",\"datePublished\":\"2019-12-07T11:36:24+00:00\",\"breadcrumb\":{\"@id\":\"https:\\\/\\\/regions-snetap-fsu.fr\\\/formation\\\/2019\\\/12\\\/07\\\/petition-ldh-amnesty-pour-mettre-fin-au-harcelement-de-camille-halut\\\/#breadcrumb\"},\"inLanguage\":\"fr-FR\",\"potentialAction\":[{\"@type\":\"ReadAction\",\"target\":[\"https:\\\/\\\/regions-snetap-fsu.fr\\\/formation\\\/2019\\\/12\\\/07\\\/petition-ldh-amnesty-pour-mettre-fin-au-harcelement-de-camille-halut\\\/\"]}]},{\"@type\":\"ImageObject\",\"inLanguage\":\"fr-FR\",\"@id\":\"https:\\\/\\\/regions-snetap-fsu.fr\\\/formation\\\/2019\\\/12\\\/07\\\/petition-ldh-amnesty-pour-mettre-fin-au-harcelement-de-camille-halut\\\/#primaryimage\",\"url\":\"http:\\\/\\\/lien.ldh-france.org\\\/tplimg\\\/j1g1\\\/b\\\/xol0z\\\/vjxgt.jpeg\",\"contentUrl\":\"http:\\\/\\\/lien.ldh-france.org\\\/tplimg\\\/j1g1\\\/b\\\/xol0z\\\/vjxgt.jpeg\"},{\"@type\":\"BreadcrumbList\",\"@id\":\"https:\\\/\\\/regions-snetap-fsu.fr\\\/formation\\\/2019\\\/12\\\/07\\\/petition-ldh-amnesty-pour-mettre-fin-au-harcelement-de-camille-halut\\\/#breadcrumb\",\"itemListElement\":[{\"@type\":\"ListItem\",\"position\":1,\"name\":\"Accueil\",\"item\":\"https:\\\/\\\/regions-snetap-fsu.fr\\\/formation\\\/\"},{\"@type\":\"ListItem\",\"position\":2,\"name\":\"P\u00e9tition LDH\\\/Amnesty pour mettre fin au harc\u00e8lement de Camille Halut\"}]},{\"@type\":\"WebSite\",\"@id\":\"https:\\\/\\\/regions-snetap-fsu.fr\\\/formation\\\/#website\",\"url\":\"https:\\\/\\\/regions-snetap-fsu.fr\\\/formation\\\/\",\"name\":\"Formation des sites R\u00e9gionaux du SNETAP-FSU\",\"description\":\"\",\"publisher\":{\"@id\":\"https:\\\/\\\/regions-snetap-fsu.fr\\\/formation\\\/#organization\"},\"potentialAction\":[{\"@type\":\"SearchAction\",\"target\":{\"@type\":\"EntryPoint\",\"urlTemplate\":\"https:\\\/\\\/regions-snetap-fsu.fr\\\/formation\\\/?s={search_term_string}\"},\"query-input\":{\"@type\":\"PropertyValueSpecification\",\"valueRequired\":true,\"valueName\":\"search_term_string\"}}],\"inLanguage\":\"fr-FR\"},{\"@type\":\"Organization\",\"@id\":\"https:\\\/\\\/regions-snetap-fsu.fr\\\/formation\\\/#organization\",\"name\":\"Formation des sites R\u00e9gionaux du SNETAP-FSU\",\"url\":\"https:\\\/\\\/regions-snetap-fsu.fr\\\/formation\\\/\",\"logo\":{\"@type\":\"ImageObject\",\"inLanguage\":\"fr-FR\",\"@id\":\"https:\\\/\\\/regions-snetap-fsu.fr\\\/formation\\\/#\\\/schema\\\/logo\\\/image\\\/\",\"url\":\"https:\\\/\\\/regions-snetap-fsu.fr\\\/formation\\\/wp-content\\\/uploads\\\/sites\\\/20\\\/2025\\\/04\\\/cropped-Logo_blanc_fond_transparent_1000x755.png\",\"contentUrl\":\"https:\\\/\\\/regions-snetap-fsu.fr\\\/formation\\\/wp-content\\\/uploads\\\/sites\\\/20\\\/2025\\\/04\\\/cropped-Logo_blanc_fond_transparent_1000x755.png\",\"width\":998,\"height\":689,\"caption\":\"Formation des sites R\u00e9gionaux du SNETAP-FSU\"},\"image\":{\"@id\":\"https:\\\/\\\/regions-snetap-fsu.fr\\\/formation\\\/#\\\/schema\\\/logo\\\/image\\\/\"}},{\"@type\":\"Person\",\"@id\":\"https:\\\/\\\/regions-snetap-fsu.fr\\\/formation\\\/#\\\/schema\\\/person\\\/f5dc7b6354e942ca9c5fa8e9ff7e5c93\",\"name\":\"yoctavien\",\"image\":{\"@type\":\"ImageObject\",\"inLanguage\":\"fr-FR\",\"@id\":\"https:\\\/\\\/secure.gravatar.com\\\/avatar\\\/382642c092b6b9da14641d3c478df2f3da4a2d17eea25691c232d4dbf735c292?s=96&d=mm&r=g\",\"url\":\"https:\\\/\\\/secure.gravatar.com\\\/avatar\\\/382642c092b6b9da14641d3c478df2f3da4a2d17eea25691c232d4dbf735c292?s=96&d=mm&r=g\",\"contentUrl\":\"https:\\\/\\\/secure.gravatar.com\\\/avatar\\\/382642c092b6b9da14641d3c478df2f3da4a2d17eea25691c232d4dbf735c292?s=96&d=mm&r=g\",\"caption\":\"yoctavien\"},\"url\":\"https:\\\/\\\/regions-snetap-fsu.fr\\\/formation\\\/author\\\/yoctavien\\\/\"}]}<\/script>\n<!-- \/ Yoast SEO plugin. -->","yoast_head_json":{"title":"P\u00e9tition LDH\/Amnesty pour mettre fin au harc\u00e8lement de Camille Halut - Formation des sites R\u00e9gionaux du SNETAP-FSU","robots":{"index":"index","follow":"follow","max-snippet":"max-snippet:-1","max-image-preview":"max-image-preview:large","max-video-preview":"max-video-preview:-1"},"canonical":"https:\/\/regions-snetap-fsu.fr\/formation\/2019\/12\/07\/petition-ldh-amnesty-pour-mettre-fin-au-harcelement-de-camille-halut\/","og_locale":"fr_FR","og_type":"article","og_title":"P\u00e9tition LDH\/Amnesty pour mettre fin au harc\u00e8lement de Camille Halut - Formation des sites R\u00e9gionaux du SNETAP-FSU","og_description":"Signez la nouvelle p\u00e9tition LDH\/Amnesty pour mettre fin au harc\u00e8lement de Camille Halut Mettez fin au harc\u00e8lement de Camille Halut et des observateurs des pratiques polici\u00e8res !&#8230;","og_url":"https:\/\/regions-snetap-fsu.fr\/formation\/2019\/12\/07\/petition-ldh-amnesty-pour-mettre-fin-au-harcelement-de-camille-halut\/","og_site_name":"Formation des sites R\u00e9gionaux du SNETAP-FSU","article_published_time":"2019-12-07T11:36:24+00:00","og_image":[{"url":"http:\/\/lien.ldh-france.org\/tplimg\/j1g1\/b\/xol0z\/vjxgt.jpeg","type":"","width":"","height":""}],"author":"yoctavien","twitter_card":"summary_large_image","twitter_misc":{"\u00c9crit par":"yoctavien","Dur\u00e9e de lecture estim\u00e9e":"1 minute"},"schema":{"@context":"https:\/\/schema.org","@graph":[{"@type":"Article","@id":"https:\/\/regions-snetap-fsu.fr\/formation\/2019\/12\/07\/petition-ldh-amnesty-pour-mettre-fin-au-harcelement-de-camille-halut\/#article","isPartOf":{"@id":"https:\/\/regions-snetap-fsu.fr\/formation\/2019\/12\/07\/petition-ldh-amnesty-pour-mettre-fin-au-harcelement-de-camille-halut\/"},"author":{"name":"yoctavien","@id":"https:\/\/regions-snetap-fsu.fr\/formation\/#\/schema\/person\/f5dc7b6354e942ca9c5fa8e9ff7e5c93"},"headline":"P\u00e9tition LDH\/Amnesty pour mettre fin au harc\u00e8lement de Camille Halut","datePublished":"2019-12-07T11:36:24+00:00","mainEntityOfPage":{"@id":"https:\/\/regions-snetap-fsu.fr\/formation\/2019\/12\/07\/petition-ldh-amnesty-pour-mettre-fin-au-harcelement-de-camille-halut\/"},"wordCount":270,"publisher":{"@id":"https:\/\/regions-snetap-fsu.fr\/formation\/#organization"},"image":{"@id":"https:\/\/regions-snetap-fsu.fr\/formation\/2019\/12\/07\/petition-ldh-amnesty-pour-mettre-fin-au-harcelement-de-camille-halut\/#primaryimage"},"thumbnailUrl":"http:\/\/lien.ldh-france.org\/tplimg\/j1g1\/b\/xol0z\/vjxgt.jpeg","articleSection":["Pour information"],"inLanguage":"fr-FR"},{"@type":"WebPage","@id":"https:\/\/regions-snetap-fsu.fr\/formation\/2019\/12\/07\/petition-ldh-amnesty-pour-mettre-fin-au-harcelement-de-camille-halut\/","url":"https:\/\/regions-snetap-fsu.fr\/formation\/2019\/12\/07\/petition-ldh-amnesty-pour-mettre-fin-au-harcelement-de-camille-halut\/","name":"P\u00e9tition LDH\/Amnesty pour mettre fin au harc\u00e8lement de Camille Halut - Formation des sites R\u00e9gionaux du SNETAP-FSU","isPartOf":{"@id":"https:\/\/regions-snetap-fsu.fr\/formation\/#website"},"primaryImageOfPage":{"@id":"https:\/\/regions-snetap-fsu.fr\/formation\/2019\/12\/07\/petition-ldh-amnesty-pour-mettre-fin-au-harcelement-de-camille-halut\/#primaryimage"},"image":{"@id":"https:\/\/regions-snetap-fsu.fr\/formation\/2019\/12\/07\/petition-ldh-amnesty-pour-mettre-fin-au-harcelement-de-camille-halut\/#primaryimage"},"thumbnailUrl":"http:\/\/lien.ldh-france.org\/tplimg\/j1g1\/b\/xol0z\/vjxgt.jpeg","datePublished":"2019-12-07T11:36:24+00:00","breadcrumb":{"@id":"https:\/\/regions-snetap-fsu.fr\/formation\/2019\/12\/07\/petition-ldh-amnesty-pour-mettre-fin-au-harcelement-de-camille-halut\/#breadcrumb"},"inLanguage":"fr-FR","potentialAction":[{"@type":"ReadAction","target":["https:\/\/regions-snetap-fsu.fr\/formation\/2019\/12\/07\/petition-ldh-amnesty-pour-mettre-fin-au-harcelement-de-camille-halut\/"]}]},{"@type":"ImageObject","inLanguage":"fr-FR","@id":"https:\/\/regions-snetap-fsu.fr\/formation\/2019\/12\/07\/petition-ldh-amnesty-pour-mettre-fin-au-harcelement-de-camille-halut\/#primaryimage","url":"http:\/\/lien.ldh-france.org\/tplimg\/j1g1\/b\/xol0z\/vjxgt.jpeg","contentUrl":"http:\/\/lien.ldh-france.org\/tplimg\/j1g1\/b\/xol0z\/vjxgt.jpeg"},{"@type":"BreadcrumbList","@id":"https:\/\/regions-snetap-fsu.fr\/formation\/2019\/12\/07\/petition-ldh-amnesty-pour-mettre-fin-au-harcelement-de-camille-halut\/#breadcrumb","itemListElement":[{"@type":"ListItem","position":1,"name":"Accueil","item":"https:\/\/regions-snetap-fsu.fr\/formation\/"},{"@type":"ListItem","position":2,"name":"P\u00e9tition LDH\/Amnesty pour mettre fin au harc\u00e8lement de Camille Halut"}]},{"@type":"WebSite","@id":"https:\/\/regions-snetap-fsu.fr\/formation\/#website","url":"https:\/\/regions-snetap-fsu.fr\/formation\/","name":"Formation des sites R\u00e9gionaux du SNETAP-FSU","description":"","publisher":{"@id":"https:\/\/regions-snetap-fsu.fr\/formation\/#organization"},"potentialAction":[{"@type":"SearchAction","target":{"@type":"EntryPoint","urlTemplate":"https:\/\/regions-snetap-fsu.fr\/formation\/?s={search_term_string}"},"query-input":{"@type":"PropertyValueSpecification","valueRequired":true,"valueName":"search_term_string"}}],"inLanguage":"fr-FR"},{"@type":"Organization","@id":"https:\/\/regions-snetap-fsu.fr\/formation\/#organization","name":"Formation des sites R\u00e9gionaux du SNETAP-FSU","url":"https:\/\/regions-snetap-fsu.fr\/formation\/","logo":{"@type":"ImageObject","inLanguage":"fr-FR","@id":"https:\/\/regions-snetap-fsu.fr\/formation\/#\/schema\/logo\/image\/","url":"https:\/\/regions-snetap-fsu.fr\/formation\/wp-content\/uploads\/sites\/20\/2025\/04\/cropped-Logo_blanc_fond_transparent_1000x755.png","contentUrl":"https:\/\/regions-snetap-fsu.fr\/formation\/wp-content\/uploads\/sites\/20\/2025\/04\/cropped-Logo_blanc_fond_transparent_1000x755.png","width":998,"height":689,"caption":"Formation des sites R\u00e9gionaux du SNETAP-FSU"},"image":{"@id":"https:\/\/regions-snetap-fsu.fr\/formation\/#\/schema\/logo\/image\/"}},{"@type":"Person","@id":"https:\/\/regions-snetap-fsu.fr\/formation\/#\/schema\/person\/f5dc7b6354e942ca9c5fa8e9ff7e5c93","name":"yoctavien","image":{"@type":"ImageObject","inLanguage":"fr-FR","@id":"https:\/\/secure.gravatar.com\/avatar\/382642c092b6b9da14641d3c478df2f3da4a2d17eea25691c232d4dbf735c292?s=96&d=mm&r=g","url":"https:\/\/secure.gravatar.com\/avatar\/382642c092b6b9da14641d3c478df2f3da4a2d17eea25691c232d4dbf735c292?s=96&d=mm&r=g","contentUrl":"https:\/\/secure.gravatar.com\/avatar\/382642c092b6b9da14641d3c478df2f3da4a2d17eea25691c232d4dbf735c292?s=96&d=mm&r=g","caption":"yoctavien"},"url":"https:\/\/regions-snetap-fsu.fr\/formation\/author\/yoctavien\/"}]}},"_links":{"self":[{"href":"https:\/\/regions-snetap-fsu.fr\/formation\/wp-json\/wp\/v2\/posts\/3766","targetHints":{"allow":["GET"]}}],"collection":[{"href":"https:\/\/regions-snetap-fsu.fr\/formation\/wp-json\/wp\/v2\/posts"}],"about":[{"href":"https:\/\/regions-snetap-fsu.fr\/formation\/wp-json\/wp\/v2\/types\/post"}],"author":[{"embeddable":true,"href":"https:\/\/regions-snetap-fsu.fr\/formation\/wp-json\/wp\/v2\/users\/138"}],"replies":[{"embeddable":true,"href":"https:\/\/regions-snetap-fsu.fr\/formation\/wp-json\/wp\/v2\/comments?post=3766"}],"version-history":[{"count":0,"href":"https:\/\/regions-snetap-fsu.fr\/formation\/wp-json\/wp\/v2\/posts\/3766\/revisions"}],"wp:attachment":[{"href":"https:\/\/regions-snetap-fsu.fr\/formation\/wp-json\/wp\/v2\/media?parent=3766"}],"wp:term":[{"taxonomy":"category","embeddable":true,"href":"https:\/\/regions-snetap-fsu.fr\/formation\/wp-json\/wp\/v2\/categories?post=3766"},{"taxonomy":"post_tag","embeddable":true,"href":"https:\/\/regions-snetap-fsu.fr\/formation\/wp-json\/wp\/v2\/tags?post=3766"},{"taxonomy":"post_folder","embeddable":true,"href":"https:\/\/regions-snetap-fsu.fr\/formation\/wp-json\/wp\/v2\/post_folder?post=3766"}],"curies":[{"name":"wp","href":"https:\/\/api.w.org\/{rel}","templated":true}]}}