{"id":3753,"date":"2019-12-07T16:32:31","date_gmt":"2019-12-07T15:32:31","guid":{"rendered":"https:\/\/regions-snetap-fsu.fr\/hdf\/?p=3753"},"modified":"2019-12-07T16:32:31","modified_gmt":"2019-12-07T15:32:31","slug":"appel-du-snetap-fsu-des-hauts-de-france-pour-le-10-decembre-2019","status":"publish","type":"post","link":"https:\/\/regions-snetap-fsu.fr\/formation\/2019\/12\/07\/appel-du-snetap-fsu-des-hauts-de-france-pour-le-10-decembre-2019\/","title":{"rendered":"Appel du SNETAP-FSU des Hauts-de-France pour le 10 d\u00e9cembre 2019"},"content":{"rendered":"<h2 style=\"text-align: center\"><span style=\"color: #ff0000;font-family: tahoma, arial, helvetica, sans-serif\">Appel du SNETAP-FSU<\/span><\/h2>\n<h2 style=\"text-align: center\"><span style=\"color: #ff0000;font-family: tahoma, arial, helvetica, sans-serif\">des Hauts-de-France<\/span><\/h2>\n<h2 style=\"text-align: center\"><span style=\"color: #ff0000;font-family: tahoma, arial, helvetica, sans-serif\">pour le mardi 10 d\u00e9cembre 2019<\/span><\/h2>\n<blockquote>\n<p style=\"text-align: justify\"><span style=\"font-family: tahoma, arial, helvetica, sans-serif;color: #0000ff\">Suite \u00e0 la gr\u00e8ve du 5 d\u00e9cembre et malgr\u00e9 la tr\u00e8s forte mobilisation (au moins 800 000 en France, plus de 30 000 \u00e0 Lille, 8 000 \u00e0 Amiens\u2026), le gouvernement reste sourd. Il maintient tout juste un \u00ab pseudo-dialogue \u00bb <span id=\"OBJ_PREFIX_DWT205_com_zimbra_date\" class=\"Object\"><span id=\"OBJ_PREFIX_DWT213_com_zimbra_date\" class=\"Object\">lundi<\/span><\/span> prochain&#8230;<\/span><\/p>\n<\/blockquote>\n<p style=\"text-align: justify\"><!--more--><\/p>\n<figure id=\"attachment_2455\" aria-describedby=\"caption-attachment-2455\" style=\"width: 300px\" class=\"wp-caption aligncenter\"><img fetchpriority=\"high\" decoding=\"async\" class=\"size-medium wp-image-2455\" src=\"https:\/\/regions-snetap-fsu.fr\/hdf\/wp-content\/uploads\/sites\/5\/2019\/05\/21mai_Banderole-300x178.jpg\" alt=\"\" width=\"300\" height=\"178\" \/><figcaption id=\"caption-attachment-2455\" class=\"wp-caption-text\">L&rsquo;enseignement agricole public dans l&rsquo;action !<\/figcaption><\/figure>\n<p style=\"text-align: justify\"><span style=\"font-family: tahoma, arial, helvetica, sans-serif;color: #0000ff\">55 % de gr\u00e9vistes dans le primaire, 45 % dans le secondaire, d&rsquo;apr\u00e8s le sondage de d\u00e9but de journ\u00e9e de l&rsquo;EN qui sous-estime donc la mobilisation.<\/span><\/p>\n<p style=\"text-align: justify\"><span style=\"font-family: tahoma, arial, helvetica, sans-serif;color: #0000ff\">Les signaux de nos dirigeants sont contradictoires : un coup le Ministre des finances d\u00e9clare que l\u2019aspect financier de la r\u00e9forme n\u2019est pas n\u00e9gociable, deux jours plus tard, le Ministre de l\u2019\u00e9ducation annonce une large revalorisation des enseignant\u00b7es pour combler le manque du nouveau syst\u00e8me des retraites, enfin, le cabinet du chef de l\u2019\u00e9tat annonce que \u00ab revaloriser les enseignant\u00b7es co\u00fbtera trop cher \u00bb. Pire, le Ministre de l\u2019\u00e9ducation affirme que les enseignant\u00b7es seront gagnants dans la r\u00e9forme.<\/span><\/p>\n<p style=\"text-align: justify\"><span style=\"font-family: tahoma, arial, helvetica, sans-serif\"><strong><span style=\"color: #ff0000\">Le gouvernement refuse de revoir sa copie et de tenir compte de cette tr\u00e8s forte mobilisation.<\/span> <\/strong><\/span><\/p>\n<p style=\"text-align: justify\"><span style=\"font-family: tahoma, arial, helvetica, sans-serif;color: #0000ff\">Il fallait, selon Bercy, plusieurs milliards, Blanquer propose 500 millions\u2026<\/span><\/p>\n<p style=\"text-align: justify\"><span style=\"color: #0000ff;font-family: tahoma, arial, helvetica, sans-serif\">La presse fait m\u00eame \u00e9cho de la violence de ce lib\u00e9ralisme.<\/span><\/p>\n<p style=\"text-align: justify\"><span style=\"color: #0000ff;font-family: tahoma, arial, helvetica, sans-serif\">Ce n\u2019est pas un choix \u00e9conomique mais bien un choix politique. Emmanuel Macron ne se pose pas la question du financement de la guerre au Mali (plusieurs milliards dans le cadre des op\u00e9rations ext\u00e9rieurs sur 2017 et 2018). Il fait le choix politique d\u2019intervenir et l\u00e0, l\u2019argent n\u2019est pas important. Pour l\u2019enseignement, la justice, les h\u00f4pitaux, les retraites, par contre, il n\u2019y a pas d\u2019argent\u2026<\/span><\/p>\n<p style=\"text-align: justify\"><span style=\"font-family: tahoma, arial, helvetica, sans-serif;color: #0000ff\">La mobilisation du 5 doit donc continuer si nous voulons montrer au gouvernement que trop c\u2019est trop. Ce ne peut \u00eatre un coup unique si nous voulons obtenir un vrai r\u00e9sultat.<\/span><\/p>\n<p style=\"text-align: justify\"><span style=\"font-family: tahoma, arial, helvetica, sans-serif;color: #0000ff\">L\u2019intersyndicale (communiqu\u00e9 : <span style=\"text-decoration: underline;color: #000000\"><a style=\"color: #000000;text-decoration: underline\" href=\"https:\/\/regions-snetap-fsu.fr\/hdf\/2019\/12\/07\/on-continue-greve-et-manifestation-le-10-decembre-2019\/\" target=\"_blank\" rel=\"noopener noreferrer\">Lien : \u00e0 la fin de l&rsquo;article, On continue ! Gr\u00e8ve et manifestation le 10 d\u00e9cembre 2019<\/a><\/span>) appelle \u00e0 <strong>manifester le <span id=\"OBJ_PREFIX_DWT207_com_zimbra_date\" class=\"Object\"><span id=\"OBJ_PREFIX_DWT208_com_zimbra_date\" class=\"Object\"><span id=\"OBJ_PREFIX_DWT215_com_zimbra_date\" class=\"Object\">mardi<\/span><\/span><\/span> 10 <span id=\"OBJ_PREFIX_DWT209_com_zimbra_date\" class=\"Object\"><span id=\"OBJ_PREFIX_DWT216_com_zimbra_date\" class=\"Object\">d\u00e9cembre 2019<\/span><\/span><\/strong>. Des cort\u00e8ges sont d\u2019ores et d\u00e9j\u00e0 pr\u00e9vus. Pour en savoir plus, cliquez sur le lien ci-dessous :<\/span><\/p>\n<p><span style=\"text-decoration: underline;color: #000000;font-family: tahoma, arial, helvetica, sans-serif\"><a style=\"color: #000000;text-decoration: underline\" href=\"https:\/\/regions-snetap-fsu.fr\/hdf\/2019\/12\/07\/on-continue-greve-et-manifestation-le-10-decembre-2019\/\" target=\"_blank\" rel=\"noopener noreferrer\">Lien : On continue ! Gr\u00e8ve et manifestation le 10 d\u00e9cembre 2019<\/a><\/span><\/p>\n<h3 style=\"text-align: center\"><span style=\"font-family: tahoma, arial, helvetica, sans-serif;color: #ff0000\">Le SNETAP invite tous les personnels de l\u2019enseignement agricole public des Hauts-de-France \u00e0 rejoindre ces manifestations.<\/span><\/h3>\n<figure id=\"attachment_2395\" aria-describedby=\"caption-attachment-2395\" style=\"width: 300px\" class=\"wp-caption aligncenter\"><img decoding=\"async\" class=\"size-medium wp-image-2395\" src=\"https:\/\/regions-snetap-fsu.fr\/hdf\/wp-content\/uploads\/sites\/5\/2019\/05\/18mai19_Snetap_demarre-300x235.jpg\" alt=\"\" width=\"300\" height=\"235\" \/><figcaption id=\"caption-attachment-2395\" class=\"wp-caption-text\">Le SNETAP-FSU rejoint les cort\u00e8ges !<\/figcaption><\/figure>\n\n\t\t<div class=\"wppdfemb-frame-container-1\" style=\"-webkit-overflow-scrolling:auto;\">\n\t\t\t<iframe class=\"pdfembed-iframe nonfullscreen wppdf-emb-iframe-1\"\n\t\t\t\tsrc=\"https:\/\/regions-snetap-fsu.fr\/formation\/?pdfemb-data=eyJ1cmwiOiJodHRwczpcL1wvcmVnaW9ucy1zbmV0YXAtZnN1LmZyXC9oZGZcL3dwLWNvbnRlbnRcL3VwbG9hZHNcL3NpdGVzXC81XC8yMDE5XC8xMlwvQWZmaWNoZV9tb2JpbHNhdGlvbl9yZXRyYWl0ZV8xMF9kZWNfMjAxOS5wZGYiLCJpbmRleCI6MSwicGRmSUQiOjB9\"\n\t\t\t\t\t\t\t\tdata-pdf-id=\"0\"\n\t\t\t\tdata-pdf-index=\"1\"\n\t\t\t\tstyle=\"border:none;width:100%;max-width:100%;height:100vh;\"\n\t\t\t\tscrolling=\"yes\">\n\t\t\t<\/iframe>\n\t\t<\/div>\n\n\t\t\n<p><span style=\"text-decoration: underline;color: #000000\"><a style=\"color: #000000;text-decoration: underline\" href=\"https:\/\/regions-snetap-fsu.fr\/hdf\/wp-content\/uploads\/sites\/5\/2019\/12\/Affiche_mobilsation_retraite_10_dec_2019.pdf\" target=\"_blank\" rel=\"noopener noreferrer\">Lien : Pour t\u00e9l\u00e9charger l&rsquo;affiche<\/a><\/span><\/p>\n","protected":false},"excerpt":{"rendered":"<p>Appel du SNETAP-FSU des Hauts-de-France pour le mardi 10 d\u00e9cembre 2019 Suite \u00e0 la gr\u00e8ve du 5 d\u00e9cembre et malgr\u00e9 la tr\u00e8s forte mobilisation (au moins 800 000 en France, plus de 30 000 \u00e0 Lille, 8 000 \u00e0 Amiens\u2026), le gouvernement reste sourd. Il maintient tout juste un \u00ab pseudo-dialogue \u00bb lundi prochain&#8230;<\/p>\n","protected":false},"author":138,"featured_media":0,"comment_status":"closed","ping_status":"closed","sticky":false,"template":"","format":"standard","meta":{"ocean_post_layout":"","ocean_both_sidebars_style":"","ocean_both_sidebars_content_width":0,"ocean_both_sidebars_sidebars_width":0,"ocean_sidebar":"","ocean_second_sidebar":"","ocean_disable_margins":"enable","ocean_add_body_class":"","ocean_shortcode_before_top_bar":"","ocean_shortcode_after_top_bar":"","ocean_shortcode_before_header":"","ocean_shortcode_after_header":"","ocean_has_shortcode":"","ocean_shortcode_after_title":"","ocean_shortcode_before_footer_widgets":"","ocean_shortcode_after_footer_widgets":"","ocean_shortcode_before_footer_bottom":"","ocean_shortcode_after_footer_bottom":"","ocean_display_top_bar":"default","ocean_display_header":"default","ocean_header_style":"","ocean_center_header_left_menu":"","ocean_custom_header_template":"","ocean_custom_logo":0,"ocean_custom_retina_logo":0,"ocean_custom_logo_max_width":0,"ocean_custom_logo_tablet_max_width":0,"ocean_custom_logo_mobile_max_width":0,"ocean_custom_logo_max_height":0,"ocean_custom_logo_tablet_max_height":0,"ocean_custom_logo_mobile_max_height":0,"ocean_header_custom_menu":"","ocean_menu_typo_font_family":"","ocean_menu_typo_font_subset":"","ocean_menu_typo_font_size":0,"ocean_menu_typo_font_size_tablet":0,"ocean_menu_typo_font_size_mobile":0,"ocean_menu_typo_font_size_unit":"px","ocean_menu_typo_font_weight":"","ocean_menu_typo_font_weight_tablet":"","ocean_menu_typo_font_weight_mobile":"","ocean_menu_typo_transform":"","ocean_menu_typo_transform_tablet":"","ocean_menu_typo_transform_mobile":"","ocean_menu_typo_line_height":0,"ocean_menu_typo_line_height_tablet":0,"ocean_menu_typo_line_height_mobile":0,"ocean_menu_typo_line_height_unit":"","ocean_menu_typo_spacing":0,"ocean_menu_typo_spacing_tablet":0,"ocean_menu_typo_spacing_mobile":0,"ocean_menu_typo_spacing_unit":"","ocean_menu_link_color":"","ocean_menu_link_color_hover":"","ocean_menu_link_color_active":"","ocean_menu_link_background":"","ocean_menu_link_hover_background":"","ocean_menu_link_active_background":"","ocean_menu_social_links_bg":"","ocean_menu_social_hover_links_bg":"","ocean_menu_social_links_color":"","ocean_menu_social_hover_links_color":"","ocean_disable_title":"default","ocean_disable_heading":"default","ocean_post_title":"","ocean_post_subheading":"","ocean_post_title_style":"","ocean_post_title_background_color":"","ocean_post_title_background":0,"ocean_post_title_bg_image_position":"","ocean_post_title_bg_image_attachment":"","ocean_post_title_bg_image_repeat":"","ocean_post_title_bg_image_size":"","ocean_post_title_height":0,"ocean_post_title_bg_overlay":0.5,"ocean_post_title_bg_overlay_color":"","ocean_disable_breadcrumbs":"default","ocean_breadcrumbs_color":"","ocean_breadcrumbs_separator_color":"","ocean_breadcrumbs_links_color":"","ocean_breadcrumbs_links_hover_color":"","ocean_display_footer_widgets":"default","ocean_display_footer_bottom":"default","ocean_custom_footer_template":"","ocean_post_oembed":"","ocean_post_self_hosted_media":"","ocean_post_video_embed":"","ocean_link_format":"","ocean_link_format_target":"self","ocean_quote_format":"","ocean_quote_format_link":"post","ocean_gallery_link_images":"on","ocean_gallery_id":[],"footnotes":""},"categories":[1],"tags":[],"post_folder":[],"class_list":["post-3753","post","type-post","status-publish","format-standard","hentry","category-non-classe","entry"],"yoast_head":"<!-- This site is optimized with the Yoast SEO plugin v27.4 - https:\/\/yoast.com\/product\/yoast-seo-wordpress\/ -->\n<title>Appel du SNETAP-FSU des Hauts-de-France pour le 10 d\u00e9cembre 2019 - Formation des sites R\u00e9gionaux du SNETAP-FSU<\/title>\n<meta name=\"robots\" content=\"index, follow, max-snippet:-1, max-image-preview:large, max-video-preview:-1\" \/>\n<link rel=\"canonical\" href=\"https:\/\/regions-snetap-fsu.fr\/formation\/2019\/12\/07\/appel-du-snetap-fsu-des-hauts-de-france-pour-le-10-decembre-2019\/\" \/>\n<meta property=\"og:locale\" content=\"fr_FR\" \/>\n<meta property=\"og:type\" content=\"article\" \/>\n<meta property=\"og:title\" content=\"Appel du SNETAP-FSU des Hauts-de-France pour le 10 d\u00e9cembre 2019 - Formation des sites R\u00e9gionaux du SNETAP-FSU\" \/>\n<meta property=\"og:description\" content=\"Appel du SNETAP-FSU des Hauts-de-France pour le mardi 10 d\u00e9cembre 2019 Suite \u00e0 la gr\u00e8ve du 5 d\u00e9cembre et malgr\u00e9 la tr\u00e8s forte mobilisation (au moins 800 000 en France, plus de 30 000 \u00e0 Lille, 8 000 \u00e0 Amiens\u2026), le gouvernement reste sourd. Il maintient tout juste un \u00ab pseudo-dialogue \u00bb lundi prochain&#8230;\" \/>\n<meta property=\"og:url\" content=\"https:\/\/regions-snetap-fsu.fr\/formation\/2019\/12\/07\/appel-du-snetap-fsu-des-hauts-de-france-pour-le-10-decembre-2019\/\" \/>\n<meta property=\"og:site_name\" content=\"Formation des sites R\u00e9gionaux du SNETAP-FSU\" \/>\n<meta property=\"article:published_time\" content=\"2019-12-07T15:32:31+00:00\" \/>\n<meta name=\"author\" content=\"yoctavien\" \/>\n<meta name=\"twitter:card\" content=\"summary_large_image\" \/>\n<meta name=\"twitter:label1\" content=\"\u00c9crit par\" \/>\n\t<meta name=\"twitter:data1\" content=\"yoctavien\" \/>\n\t<meta name=\"twitter:label2\" content=\"Dur\u00e9e de lecture estim\u00e9e\" \/>\n\t<meta name=\"twitter:data2\" content=\"2 minutes\" \/>\n<script type=\"application\/ld+json\" class=\"yoast-schema-graph\">{\"@context\":\"https:\\\/\\\/schema.org\",\"@graph\":[{\"@type\":\"Article\",\"@id\":\"https:\\\/\\\/regions-snetap-fsu.fr\\\/formation\\\/2019\\\/12\\\/07\\\/appel-du-snetap-fsu-des-hauts-de-france-pour-le-10-decembre-2019\\\/#article\",\"isPartOf\":{\"@id\":\"https:\\\/\\\/regions-snetap-fsu.fr\\\/formation\\\/2019\\\/12\\\/07\\\/appel-du-snetap-fsu-des-hauts-de-france-pour-le-10-decembre-2019\\\/\"},\"author\":{\"name\":\"yoctavien\",\"@id\":\"https:\\\/\\\/regions-snetap-fsu.fr\\\/formation\\\/#\\\/schema\\\/person\\\/f5dc7b6354e942ca9c5fa8e9ff7e5c93\"},\"headline\":\"Appel du SNETAP-FSU des Hauts-de-France pour le 10 d\u00e9cembre 2019\",\"datePublished\":\"2019-12-07T15:32:31+00:00\",\"mainEntityOfPage\":{\"@id\":\"https:\\\/\\\/regions-snetap-fsu.fr\\\/formation\\\/2019\\\/12\\\/07\\\/appel-du-snetap-fsu-des-hauts-de-france-pour-le-10-decembre-2019\\\/\"},\"wordCount\":432,\"publisher\":{\"@id\":\"https:\\\/\\\/regions-snetap-fsu.fr\\\/formation\\\/#organization\"},\"image\":{\"@id\":\"https:\\\/\\\/regions-snetap-fsu.fr\\\/formation\\\/2019\\\/12\\\/07\\\/appel-du-snetap-fsu-des-hauts-de-france-pour-le-10-decembre-2019\\\/#primaryimage\"},\"thumbnailUrl\":\"https:\\\/\\\/regions-snetap-fsu.fr\\\/hdf\\\/wp-content\\\/uploads\\\/sites\\\/5\\\/2019\\\/05\\\/21mai_Banderole-300x178.jpg\",\"inLanguage\":\"fr-FR\"},{\"@type\":\"WebPage\",\"@id\":\"https:\\\/\\\/regions-snetap-fsu.fr\\\/formation\\\/2019\\\/12\\\/07\\\/appel-du-snetap-fsu-des-hauts-de-france-pour-le-10-decembre-2019\\\/\",\"url\":\"https:\\\/\\\/regions-snetap-fsu.fr\\\/formation\\\/2019\\\/12\\\/07\\\/appel-du-snetap-fsu-des-hauts-de-france-pour-le-10-decembre-2019\\\/\",\"name\":\"Appel du SNETAP-FSU des Hauts-de-France pour le 10 d\u00e9cembre 2019 - Formation des sites R\u00e9gionaux du SNETAP-FSU\",\"isPartOf\":{\"@id\":\"https:\\\/\\\/regions-snetap-fsu.fr\\\/formation\\\/#website\"},\"primaryImageOfPage\":{\"@id\":\"https:\\\/\\\/regions-snetap-fsu.fr\\\/formation\\\/2019\\\/12\\\/07\\\/appel-du-snetap-fsu-des-hauts-de-france-pour-le-10-decembre-2019\\\/#primaryimage\"},\"image\":{\"@id\":\"https:\\\/\\\/regions-snetap-fsu.fr\\\/formation\\\/2019\\\/12\\\/07\\\/appel-du-snetap-fsu-des-hauts-de-france-pour-le-10-decembre-2019\\\/#primaryimage\"},\"thumbnailUrl\":\"https:\\\/\\\/regions-snetap-fsu.fr\\\/hdf\\\/wp-content\\\/uploads\\\/sites\\\/5\\\/2019\\\/05\\\/21mai_Banderole-300x178.jpg\",\"datePublished\":\"2019-12-07T15:32:31+00:00\",\"breadcrumb\":{\"@id\":\"https:\\\/\\\/regions-snetap-fsu.fr\\\/formation\\\/2019\\\/12\\\/07\\\/appel-du-snetap-fsu-des-hauts-de-france-pour-le-10-decembre-2019\\\/#breadcrumb\"},\"inLanguage\":\"fr-FR\",\"potentialAction\":[{\"@type\":\"ReadAction\",\"target\":[\"https:\\\/\\\/regions-snetap-fsu.fr\\\/formation\\\/2019\\\/12\\\/07\\\/appel-du-snetap-fsu-des-hauts-de-france-pour-le-10-decembre-2019\\\/\"]}]},{\"@type\":\"ImageObject\",\"inLanguage\":\"fr-FR\",\"@id\":\"https:\\\/\\\/regions-snetap-fsu.fr\\\/formation\\\/2019\\\/12\\\/07\\\/appel-du-snetap-fsu-des-hauts-de-france-pour-le-10-decembre-2019\\\/#primaryimage\",\"url\":\"https:\\\/\\\/regions-snetap-fsu.fr\\\/hdf\\\/wp-content\\\/uploads\\\/sites\\\/5\\\/2019\\\/05\\\/21mai_Banderole-300x178.jpg\",\"contentUrl\":\"https:\\\/\\\/regions-snetap-fsu.fr\\\/hdf\\\/wp-content\\\/uploads\\\/sites\\\/5\\\/2019\\\/05\\\/21mai_Banderole-300x178.jpg\"},{\"@type\":\"BreadcrumbList\",\"@id\":\"https:\\\/\\\/regions-snetap-fsu.fr\\\/formation\\\/2019\\\/12\\\/07\\\/appel-du-snetap-fsu-des-hauts-de-france-pour-le-10-decembre-2019\\\/#breadcrumb\",\"itemListElement\":[{\"@type\":\"ListItem\",\"position\":1,\"name\":\"Accueil\",\"item\":\"https:\\\/\\\/regions-snetap-fsu.fr\\\/formation\\\/\"},{\"@type\":\"ListItem\",\"position\":2,\"name\":\"Appel du SNETAP-FSU des Hauts-de-France pour le 10 d\u00e9cembre 2019\"}]},{\"@type\":\"WebSite\",\"@id\":\"https:\\\/\\\/regions-snetap-fsu.fr\\\/formation\\\/#website\",\"url\":\"https:\\\/\\\/regions-snetap-fsu.fr\\\/formation\\\/\",\"name\":\"Formation des sites R\u00e9gionaux du SNETAP-FSU\",\"description\":\"\",\"publisher\":{\"@id\":\"https:\\\/\\\/regions-snetap-fsu.fr\\\/formation\\\/#organization\"},\"potentialAction\":[{\"@type\":\"SearchAction\",\"target\":{\"@type\":\"EntryPoint\",\"urlTemplate\":\"https:\\\/\\\/regions-snetap-fsu.fr\\\/formation\\\/?s={search_term_string}\"},\"query-input\":{\"@type\":\"PropertyValueSpecification\",\"valueRequired\":true,\"valueName\":\"search_term_string\"}}],\"inLanguage\":\"fr-FR\"},{\"@type\":\"Organization\",\"@id\":\"https:\\\/\\\/regions-snetap-fsu.fr\\\/formation\\\/#organization\",\"name\":\"Formation des sites R\u00e9gionaux du SNETAP-FSU\",\"url\":\"https:\\\/\\\/regions-snetap-fsu.fr\\\/formation\\\/\",\"logo\":{\"@type\":\"ImageObject\",\"inLanguage\":\"fr-FR\",\"@id\":\"https:\\\/\\\/regions-snetap-fsu.fr\\\/formation\\\/#\\\/schema\\\/logo\\\/image\\\/\",\"url\":\"https:\\\/\\\/regions-snetap-fsu.fr\\\/formation\\\/wp-content\\\/uploads\\\/sites\\\/20\\\/2025\\\/04\\\/cropped-Logo_blanc_fond_transparent_1000x755.png\",\"contentUrl\":\"https:\\\/\\\/regions-snetap-fsu.fr\\\/formation\\\/wp-content\\\/uploads\\\/sites\\\/20\\\/2025\\\/04\\\/cropped-Logo_blanc_fond_transparent_1000x755.png\",\"width\":998,\"height\":689,\"caption\":\"Formation des sites R\u00e9gionaux du SNETAP-FSU\"},\"image\":{\"@id\":\"https:\\\/\\\/regions-snetap-fsu.fr\\\/formation\\\/#\\\/schema\\\/logo\\\/image\\\/\"}},{\"@type\":\"Person\",\"@id\":\"https:\\\/\\\/regions-snetap-fsu.fr\\\/formation\\\/#\\\/schema\\\/person\\\/f5dc7b6354e942ca9c5fa8e9ff7e5c93\",\"name\":\"yoctavien\",\"image\":{\"@type\":\"ImageObject\",\"inLanguage\":\"fr-FR\",\"@id\":\"https:\\\/\\\/secure.gravatar.com\\\/avatar\\\/382642c092b6b9da14641d3c478df2f3da4a2d17eea25691c232d4dbf735c292?s=96&d=mm&r=g\",\"url\":\"https:\\\/\\\/secure.gravatar.com\\\/avatar\\\/382642c092b6b9da14641d3c478df2f3da4a2d17eea25691c232d4dbf735c292?s=96&d=mm&r=g\",\"contentUrl\":\"https:\\\/\\\/secure.gravatar.com\\\/avatar\\\/382642c092b6b9da14641d3c478df2f3da4a2d17eea25691c232d4dbf735c292?s=96&d=mm&r=g\",\"caption\":\"yoctavien\"},\"url\":\"https:\\\/\\\/regions-snetap-fsu.fr\\\/formation\\\/author\\\/yoctavien\\\/\"}]}<\/script>\n<!-- \/ Yoast SEO plugin. -->","yoast_head_json":{"title":"Appel du SNETAP-FSU des Hauts-de-France pour le 10 d\u00e9cembre 2019 - Formation des sites R\u00e9gionaux du SNETAP-FSU","robots":{"index":"index","follow":"follow","max-snippet":"max-snippet:-1","max-image-preview":"max-image-preview:large","max-video-preview":"max-video-preview:-1"},"canonical":"https:\/\/regions-snetap-fsu.fr\/formation\/2019\/12\/07\/appel-du-snetap-fsu-des-hauts-de-france-pour-le-10-decembre-2019\/","og_locale":"fr_FR","og_type":"article","og_title":"Appel du SNETAP-FSU des Hauts-de-France pour le 10 d\u00e9cembre 2019 - Formation des sites R\u00e9gionaux du SNETAP-FSU","og_description":"Appel du SNETAP-FSU des Hauts-de-France pour le mardi 10 d\u00e9cembre 2019 Suite \u00e0 la gr\u00e8ve du 5 d\u00e9cembre et malgr\u00e9 la tr\u00e8s forte mobilisation (au moins 800 000 en France, plus de 30 000 \u00e0 Lille, 8 000 \u00e0 Amiens\u2026), le gouvernement reste sourd. Il maintient tout juste un \u00ab pseudo-dialogue \u00bb lundi prochain&#8230;","og_url":"https:\/\/regions-snetap-fsu.fr\/formation\/2019\/12\/07\/appel-du-snetap-fsu-des-hauts-de-france-pour-le-10-decembre-2019\/","og_site_name":"Formation des sites R\u00e9gionaux du SNETAP-FSU","article_published_time":"2019-12-07T15:32:31+00:00","author":"yoctavien","twitter_card":"summary_large_image","twitter_misc":{"\u00c9crit par":"yoctavien","Dur\u00e9e de lecture estim\u00e9e":"2 minutes"},"schema":{"@context":"https:\/\/schema.org","@graph":[{"@type":"Article","@id":"https:\/\/regions-snetap-fsu.fr\/formation\/2019\/12\/07\/appel-du-snetap-fsu-des-hauts-de-france-pour-le-10-decembre-2019\/#article","isPartOf":{"@id":"https:\/\/regions-snetap-fsu.fr\/formation\/2019\/12\/07\/appel-du-snetap-fsu-des-hauts-de-france-pour-le-10-decembre-2019\/"},"author":{"name":"yoctavien","@id":"https:\/\/regions-snetap-fsu.fr\/formation\/#\/schema\/person\/f5dc7b6354e942ca9c5fa8e9ff7e5c93"},"headline":"Appel du SNETAP-FSU des Hauts-de-France pour le 10 d\u00e9cembre 2019","datePublished":"2019-12-07T15:32:31+00:00","mainEntityOfPage":{"@id":"https:\/\/regions-snetap-fsu.fr\/formation\/2019\/12\/07\/appel-du-snetap-fsu-des-hauts-de-france-pour-le-10-decembre-2019\/"},"wordCount":432,"publisher":{"@id":"https:\/\/regions-snetap-fsu.fr\/formation\/#organization"},"image":{"@id":"https:\/\/regions-snetap-fsu.fr\/formation\/2019\/12\/07\/appel-du-snetap-fsu-des-hauts-de-france-pour-le-10-decembre-2019\/#primaryimage"},"thumbnailUrl":"https:\/\/regions-snetap-fsu.fr\/hdf\/wp-content\/uploads\/sites\/5\/2019\/05\/21mai_Banderole-300x178.jpg","inLanguage":"fr-FR"},{"@type":"WebPage","@id":"https:\/\/regions-snetap-fsu.fr\/formation\/2019\/12\/07\/appel-du-snetap-fsu-des-hauts-de-france-pour-le-10-decembre-2019\/","url":"https:\/\/regions-snetap-fsu.fr\/formation\/2019\/12\/07\/appel-du-snetap-fsu-des-hauts-de-france-pour-le-10-decembre-2019\/","name":"Appel du SNETAP-FSU des Hauts-de-France pour le 10 d\u00e9cembre 2019 - Formation des sites R\u00e9gionaux du SNETAP-FSU","isPartOf":{"@id":"https:\/\/regions-snetap-fsu.fr\/formation\/#website"},"primaryImageOfPage":{"@id":"https:\/\/regions-snetap-fsu.fr\/formation\/2019\/12\/07\/appel-du-snetap-fsu-des-hauts-de-france-pour-le-10-decembre-2019\/#primaryimage"},"image":{"@id":"https:\/\/regions-snetap-fsu.fr\/formation\/2019\/12\/07\/appel-du-snetap-fsu-des-hauts-de-france-pour-le-10-decembre-2019\/#primaryimage"},"thumbnailUrl":"https:\/\/regions-snetap-fsu.fr\/hdf\/wp-content\/uploads\/sites\/5\/2019\/05\/21mai_Banderole-300x178.jpg","datePublished":"2019-12-07T15:32:31+00:00","breadcrumb":{"@id":"https:\/\/regions-snetap-fsu.fr\/formation\/2019\/12\/07\/appel-du-snetap-fsu-des-hauts-de-france-pour-le-10-decembre-2019\/#breadcrumb"},"inLanguage":"fr-FR","potentialAction":[{"@type":"ReadAction","target":["https:\/\/regions-snetap-fsu.fr\/formation\/2019\/12\/07\/appel-du-snetap-fsu-des-hauts-de-france-pour-le-10-decembre-2019\/"]}]},{"@type":"ImageObject","inLanguage":"fr-FR","@id":"https:\/\/regions-snetap-fsu.fr\/formation\/2019\/12\/07\/appel-du-snetap-fsu-des-hauts-de-france-pour-le-10-decembre-2019\/#primaryimage","url":"https:\/\/regions-snetap-fsu.fr\/hdf\/wp-content\/uploads\/sites\/5\/2019\/05\/21mai_Banderole-300x178.jpg","contentUrl":"https:\/\/regions-snetap-fsu.fr\/hdf\/wp-content\/uploads\/sites\/5\/2019\/05\/21mai_Banderole-300x178.jpg"},{"@type":"BreadcrumbList","@id":"https:\/\/regions-snetap-fsu.fr\/formation\/2019\/12\/07\/appel-du-snetap-fsu-des-hauts-de-france-pour-le-10-decembre-2019\/#breadcrumb","itemListElement":[{"@type":"ListItem","position":1,"name":"Accueil","item":"https:\/\/regions-snetap-fsu.fr\/formation\/"},{"@type":"ListItem","position":2,"name":"Appel du SNETAP-FSU des Hauts-de-France pour le 10 d\u00e9cembre 2019"}]},{"@type":"WebSite","@id":"https:\/\/regions-snetap-fsu.fr\/formation\/#website","url":"https:\/\/regions-snetap-fsu.fr\/formation\/","name":"Formation des sites R\u00e9gionaux du SNETAP-FSU","description":"","publisher":{"@id":"https:\/\/regions-snetap-fsu.fr\/formation\/#organization"},"potentialAction":[{"@type":"SearchAction","target":{"@type":"EntryPoint","urlTemplate":"https:\/\/regions-snetap-fsu.fr\/formation\/?s={search_term_string}"},"query-input":{"@type":"PropertyValueSpecification","valueRequired":true,"valueName":"search_term_string"}}],"inLanguage":"fr-FR"},{"@type":"Organization","@id":"https:\/\/regions-snetap-fsu.fr\/formation\/#organization","name":"Formation des sites R\u00e9gionaux du SNETAP-FSU","url":"https:\/\/regions-snetap-fsu.fr\/formation\/","logo":{"@type":"ImageObject","inLanguage":"fr-FR","@id":"https:\/\/regions-snetap-fsu.fr\/formation\/#\/schema\/logo\/image\/","url":"https:\/\/regions-snetap-fsu.fr\/formation\/wp-content\/uploads\/sites\/20\/2025\/04\/cropped-Logo_blanc_fond_transparent_1000x755.png","contentUrl":"https:\/\/regions-snetap-fsu.fr\/formation\/wp-content\/uploads\/sites\/20\/2025\/04\/cropped-Logo_blanc_fond_transparent_1000x755.png","width":998,"height":689,"caption":"Formation des sites R\u00e9gionaux du SNETAP-FSU"},"image":{"@id":"https:\/\/regions-snetap-fsu.fr\/formation\/#\/schema\/logo\/image\/"}},{"@type":"Person","@id":"https:\/\/regions-snetap-fsu.fr\/formation\/#\/schema\/person\/f5dc7b6354e942ca9c5fa8e9ff7e5c93","name":"yoctavien","image":{"@type":"ImageObject","inLanguage":"fr-FR","@id":"https:\/\/secure.gravatar.com\/avatar\/382642c092b6b9da14641d3c478df2f3da4a2d17eea25691c232d4dbf735c292?s=96&d=mm&r=g","url":"https:\/\/secure.gravatar.com\/avatar\/382642c092b6b9da14641d3c478df2f3da4a2d17eea25691c232d4dbf735c292?s=96&d=mm&r=g","contentUrl":"https:\/\/secure.gravatar.com\/avatar\/382642c092b6b9da14641d3c478df2f3da4a2d17eea25691c232d4dbf735c292?s=96&d=mm&r=g","caption":"yoctavien"},"url":"https:\/\/regions-snetap-fsu.fr\/formation\/author\/yoctavien\/"}]}},"_links":{"self":[{"href":"https:\/\/regions-snetap-fsu.fr\/formation\/wp-json\/wp\/v2\/posts\/3753","targetHints":{"allow":["GET"]}}],"collection":[{"href":"https:\/\/regions-snetap-fsu.fr\/formation\/wp-json\/wp\/v2\/posts"}],"about":[{"href":"https:\/\/regions-snetap-fsu.fr\/formation\/wp-json\/wp\/v2\/types\/post"}],"author":[{"embeddable":true,"href":"https:\/\/regions-snetap-fsu.fr\/formation\/wp-json\/wp\/v2\/users\/138"}],"replies":[{"embeddable":true,"href":"https:\/\/regions-snetap-fsu.fr\/formation\/wp-json\/wp\/v2\/comments?post=3753"}],"version-history":[{"count":0,"href":"https:\/\/regions-snetap-fsu.fr\/formation\/wp-json\/wp\/v2\/posts\/3753\/revisions"}],"wp:attachment":[{"href":"https:\/\/regions-snetap-fsu.fr\/formation\/wp-json\/wp\/v2\/media?parent=3753"}],"wp:term":[{"taxonomy":"category","embeddable":true,"href":"https:\/\/regions-snetap-fsu.fr\/formation\/wp-json\/wp\/v2\/categories?post=3753"},{"taxonomy":"post_tag","embeddable":true,"href":"https:\/\/regions-snetap-fsu.fr\/formation\/wp-json\/wp\/v2\/tags?post=3753"},{"taxonomy":"post_folder","embeddable":true,"href":"https:\/\/regions-snetap-fsu.fr\/formation\/wp-json\/wp\/v2\/post_folder?post=3753"}],"curies":[{"name":"wp","href":"https:\/\/api.w.org\/{rel}","templated":true}]}}