{"id":3691,"date":"2019-12-04T19:26:20","date_gmt":"2019-12-04T18:26:20","guid":{"rendered":"https:\/\/regions-snetap-fsu.fr\/hdf\/?p=3691"},"modified":"2019-12-04T19:26:20","modified_gmt":"2019-12-04T18:26:20","slug":"5-decembre-texte-action-congres-fsu-59-et-62","status":"publish","type":"post","link":"https:\/\/regions-snetap-fsu.fr\/formation\/2019\/12\/04\/5-decembre-texte-action-congres-fsu-59-et-62\/","title":{"rendered":"5 d\u00e9cembre, texte action Congr\u00e8s FSU 59 et 62"},"content":{"rendered":"<h2 style=\"text-align: center\"><span style=\"font-family: tahoma, arial, helvetica, sans-serif;color: #ff0000\">Texte action Congr\u00e8s FSU 59 et 62<\/span><\/h2>\n<h2 style=\"text-align: center\"><span style=\"font-family: tahoma, arial, helvetica, sans-serif;color: #ff0000\">pour le 5 d\u00e9cembre 2019<\/span><\/h2>\n<blockquote>\n<p style=\"text-align: justify\"><span style=\"font-family: tahoma, arial, helvetica, sans-serif;color: #0000ff\">Ci-dessous les deux textes \u00ab\u00a0action\u00a0\u00bb dont un adopt\u00e9 par le congr\u00e8s FSU 59 et l&rsquo;autre adopt\u00e9 par le congr\u00e8s FSU 62&#8230;<\/span><\/p>\n<\/blockquote>\n<p><!--more--><\/p>\n<h3 style=\"text-align: center\"><span style=\"font-family: tahoma, arial, helvetica, sans-serif;color: #008000\">Texte action adopt\u00e9 \u00e0 l&rsquo;unanimit\u00e9 par le congr\u00e8s FSU 59<\/span><\/h3>\n<p style=\"text-align: justify\"><span style=\"color: #0000ff;font-family: tahoma, arial, helvetica, sans-serif\"> Depuis les ann\u00e9es 2000, le n\u00e9o-lib\u00e9ralisme engendre des d\u00e9gradations structurelles et un accroissement des in\u00e9galit\u00e9s\u00a0: les gains de productivit\u00e9 n\u2019ont profit\u00e9 qu\u2019au capital au d\u00e9triment de l\u2019emploi et des conditions de travail. Le tarissement des ressources, par leur d\u00e9tournement au profit du capital entra\u00eene la baisse des dispositifs de protection sociale. Dans cette m\u00eame logique, depuis deux ans et demi, le pr\u00e9sident et sa majorit\u00e9 ne cessent de s&rsquo;attaquer aux droits sociaux des travailleurs, aux services publics et, plus g\u00e9n\u00e9ralement, \u00e0 tout ce qui contribue \u00e0 rendre notre soci\u00e9t\u00e9 plus juste et plus humaine. C&rsquo;est le r\u00e9sultat des luttes sociales.<\/span><\/p>\n<p style=\"text-align: justify\"><span style=\"color: #0000ff;font-family: tahoma, arial, helvetica, sans-serif\"> L&rsquo;attaque contre nos retraites constitue le point d&rsquo;orgue de cette politique r\u00e9actionnaire. Le syst\u00e8me de retraite par points pr\u00e9sent\u00e9 comme juste et \u00e9quitable va, en r\u00e9alit\u00e9 diminuer les pensions de tous de mani\u00e8re drastique (jusqu&rsquo;\u00e0 plusieurs centaines d&rsquo;euros par mois!).<\/span><\/p>\n<p style=\"text-align: justify\"><span style=\"color: #0000ff;font-family: tahoma, arial, helvetica, sans-serif\"> Au contraire, la FSU59-62 demande le maintien du syst\u00e8me actuel \u00e0 prestation d\u00e9finie. Elle d\u00e9fend son am\u00e9lioration en revenant sur les r\u00e9formes r\u00e9trogrades (1993, 2003, 2007, 2010, 2013) afin de permettre \u00e0 chacune et \u00e0 chacun de pouvoir partir au plus tard \u00e0 60 ans avec une retraite \u00e0 taux plein. Cela est possible, notamment en \u00e9largissant l&rsquo;assiette des cotisations sociales aux revenus financiers.<\/span><\/p>\n<p style=\"text-align: justify\"><span style=\"color: #0000ff;font-family: tahoma, arial, helvetica, sans-serif\"> La FSU est favorable au maintien du code des pensions pour la Fonction Publique et des r\u00e9gimes sp\u00e9ciaux.<\/span><\/p>\n<p style=\"text-align: justify\"><span style=\"color: #0000ff;font-family: tahoma, arial, helvetica, sans-serif\"> D&rsquo;ores et d\u00e9j\u00e0, la FSU59-62 appelle tous les salari\u00e9s \u00e0 se mettre en gr\u00e8ve et \u00e0 manifester le 5 d\u00e9cembre.<\/span><\/p>\n<p style=\"text-align: justify\"><span style=\"color: #0000ff;font-family: tahoma, arial, helvetica, sans-serif\">Ce mouvement doit s&rsquo;inscrire dans la dur\u00e9e, c&rsquo;est pourquoi, elle appelle les personnels \u00e0 se r\u00e9unir en AG, si possible f\u00e9d\u00e9rales, sur les lieux de travail et dans les territoires afin d&rsquo;envisager des modalit\u00e9s vari\u00e9es de poursuite de l&rsquo;action: Gr\u00e8ve reconductible quand c&rsquo;est possible, manifestations, rassemblements, p\u00e9titions, points-presse, adresses aux \u00e9lus locaux et aux parlementaires, motions dans toutes les instances&#8230;&#8230;.<\/span><\/p>\n<p style=\"text-align: justify\"><span style=\"color: #0000ff\"><span style=\"font-family: tahoma, arial, helvetica, sans-serif\">Elle demande \u00e0 la FSU nationale de d\u00e9poser un pr\u00e9avis de gr\u00e8ve pour chacun des jours qui suivent le 5 d\u00e9cembre.<\/span> <\/span><\/p>\n<p style=\"text-align: justify\"><span style=\"color: #0000ff;font-family: tahoma, arial, helvetica, sans-serif\">Elle demande que la FSU nationale, dans le cadre de l&rsquo;intersyndicale appelle \u00e0 une nouvelle journ\u00e9e de gr\u00e8ve interprofessionnelle public-priv\u00e9 dans la semaine qui suit.<\/span><\/p>\n<h3 style=\"text-align: center\"><span style=\"font-family: tahoma, arial, helvetica, sans-serif;color: #008000\">Texte action adopt\u00e9 par le congr\u00e8s FSU 62<br \/>\n<\/span><\/h3>\n<p style=\"text-align: justify\" align=\"justify\"><span style=\"font-family: tahoma, arial, helvetica, sans-serif;color: #0000ff\">Depuis plusieurs d\u00e9cennies, stimul\u00e9 par \u00ab\u00a0la construction europ\u00e9enne et sa logique destructive\u00a0\u00ab\u00a0, (\u00a0\u00ab\u00a0l\u2019Union Europ\u00e9enne est une \u00e9conomie de march\u00e9 ouverte sur le monde\u00a0o\u00f9 la concurrence est libre et non fauss\u00e9e \u00ab\u00a0), le n\u00e9o-lib\u00e9ralisme engendre des d\u00e9gradations structurelles et un accroissement des in\u00e9galit\u00e9s\u00a0: les gains de productivit\u00e9 n\u2019ont profit\u00e9 qu\u2019au capital au d\u00e9triment de l\u2019emploi et des conditions de travail. Par le tarissement des ressources, les dispositifs de protection sociale sont revus \u00e0 la baisse. Dans cette m\u00eame logique, depuis deux ans et demi, le pr\u00e9sident et sa majorit\u00e9 ne cessent de s&rsquo;attaquer aux droits sociaux des travailleurs-es conquis de haute lutte, aux services publics et, plus g\u00e9n\u00e9ralement, \u00e0 tout ce qui contribue \u00e0 rendre notre soci\u00e9t\u00e9 plus juste et plus humaine, telle qu\u2019\u00e9labor\u00e9e au lendemain de la 2<sup>nd<\/sup> guerre mondiale par Ambroise Croisat et ses \u00e9quipes.<\/span><\/p>\n<p style=\"text-align: justify\" align=\"justify\"><span style=\"color: #0000ff;font-family: tahoma, arial, helvetica, sans-serif\">L&rsquo;attaque contre nos retraites constitue un point d&rsquo;orgue de cette politique r\u00e9actionnaire. Le syst\u00e8me de retraite par points pr\u00e9sent\u00e9 comme juste et \u00e9quitable va, en r\u00e9alit\u00e9 diminuer les pensions de tous de mani\u00e8re drastique (jusqu&rsquo;\u00e0 plusieurs centaines d&rsquo;euros par mois !).<\/span><\/p>\n<p style=\"text-align: justify\" align=\"justify\"><span style=\"color: #0000ff;font-family: tahoma, arial, helvetica, sans-serif\">Au contraire, la FSU 62 demande le maintien et l&rsquo;am\u00e9lioration du syst\u00e8me actuel en revenant sur les r\u00e9formes r\u00e9trogrades (1993, 2003, 2007, 2010, 2013) afin de permettre \u00e0 chacune et \u00e0 chacun de pouvoir partir au plus tard \u00e0 60 ans avec une retraite \u00e0 taux plein, et au bout de 37,5 annuit\u00e9s incluant les ann\u00e9es d\u2019\u00e9tudes.<\/span><\/p>\n<p style=\"text-align: justify\" align=\"justify\"><span style=\"color: #0000ff;font-family: tahoma, arial, helvetica, sans-serif\">La FSU est favorable au maintien du code des pensions pour la Fonction Publique et des r\u00e9gimes sp\u00e9ciaux.<\/span><\/p>\n<p style=\"text-align: justify\" align=\"justify\"><span style=\"color: #0000ff;font-family: tahoma, arial, helvetica, sans-serif\">D&rsquo;ores et d\u00e9j\u00e0, la FSU 62 appelle tous les salari\u00e9s \u00e0 se mettre en gr\u00e8ve et \u00e0 manifester le 5 d\u00e9cembre.<\/span><br \/>\n<span style=\"color: #0000ff;font-family: tahoma, arial, helvetica, sans-serif\">Ce mouvement doit s&rsquo;inscrire dans la dur\u00e9e, c&rsquo;est pourquoi, elle appelle les personnels \u00e0 se r\u00e9unir en AG notamment sur les lieux de travail afin d&rsquo;envisager les modalit\u00e9s de poursuite du mouvement.<\/span><br \/>\n<span style=\"color: #0000ff;font-family: tahoma, arial, helvetica, sans-serif\">Elle demande \u00e0 la FSU nationale de d\u00e9poser un pr\u00e9avis de gr\u00e8ve chacun des jours qui suivent le 5 d\u00e9cembre.<\/span><\/p>\n<p style=\"text-align: justify\" align=\"justify\"><span style=\"font-family: tahoma, arial, helvetica, sans-serif;color: #0000ff\">Elle demande que la FSU nationale, dans le cadre de l&rsquo;intersyndicale soutienne un nouvel appel \u00e0 la gr\u00e8ve interprofessionnelle dans la semaine qui suit.<\/span><\/p>\n","protected":false},"excerpt":{"rendered":"<p>Texte action Congr\u00e8s FSU 59 et 62 pour le 5 d\u00e9cembre 2019 Ci-dessous les deux textes \u00ab\u00a0action\u00a0\u00bb dont un adopt\u00e9 par le congr\u00e8s FSU 59 et l&rsquo;autre adopt\u00e9 par le congr\u00e8s FSU 62&#8230;<\/p>\n","protected":false},"author":138,"featured_media":0,"comment_status":"closed","ping_status":"closed","sticky":false,"template":"","format":"standard","meta":{"ocean_post_layout":"","ocean_both_sidebars_style":"","ocean_both_sidebars_content_width":0,"ocean_both_sidebars_sidebars_width":0,"ocean_sidebar":"","ocean_second_sidebar":"","ocean_disable_margins":"enable","ocean_add_body_class":"","ocean_shortcode_before_top_bar":"","ocean_shortcode_after_top_bar":"","ocean_shortcode_before_header":"","ocean_shortcode_after_header":"","ocean_has_shortcode":"","ocean_shortcode_after_title":"","ocean_shortcode_before_footer_widgets":"","ocean_shortcode_after_footer_widgets":"","ocean_shortcode_before_footer_bottom":"","ocean_shortcode_after_footer_bottom":"","ocean_display_top_bar":"default","ocean_display_header":"default","ocean_header_style":"","ocean_center_header_left_menu":"","ocean_custom_header_template":"","ocean_custom_logo":0,"ocean_custom_retina_logo":0,"ocean_custom_logo_max_width":0,"ocean_custom_logo_tablet_max_width":0,"ocean_custom_logo_mobile_max_width":0,"ocean_custom_logo_max_height":0,"ocean_custom_logo_tablet_max_height":0,"ocean_custom_logo_mobile_max_height":0,"ocean_header_custom_menu":"","ocean_menu_typo_font_family":"","ocean_menu_typo_font_subset":"","ocean_menu_typo_font_size":0,"ocean_menu_typo_font_size_tablet":0,"ocean_menu_typo_font_size_mobile":0,"ocean_menu_typo_font_size_unit":"px","ocean_menu_typo_font_weight":"","ocean_menu_typo_font_weight_tablet":"","ocean_menu_typo_font_weight_mobile":"","ocean_menu_typo_transform":"","ocean_menu_typo_transform_tablet":"","ocean_menu_typo_transform_mobile":"","ocean_menu_typo_line_height":0,"ocean_menu_typo_line_height_tablet":0,"ocean_menu_typo_line_height_mobile":0,"ocean_menu_typo_line_height_unit":"","ocean_menu_typo_spacing":0,"ocean_menu_typo_spacing_tablet":0,"ocean_menu_typo_spacing_mobile":0,"ocean_menu_typo_spacing_unit":"","ocean_menu_link_color":"","ocean_menu_link_color_hover":"","ocean_menu_link_color_active":"","ocean_menu_link_background":"","ocean_menu_link_hover_background":"","ocean_menu_link_active_background":"","ocean_menu_social_links_bg":"","ocean_menu_social_hover_links_bg":"","ocean_menu_social_links_color":"","ocean_menu_social_hover_links_color":"","ocean_disable_title":"default","ocean_disable_heading":"default","ocean_post_title":"","ocean_post_subheading":"","ocean_post_title_style":"","ocean_post_title_background_color":"","ocean_post_title_background":0,"ocean_post_title_bg_image_position":"","ocean_post_title_bg_image_attachment":"","ocean_post_title_bg_image_repeat":"","ocean_post_title_bg_image_size":"","ocean_post_title_height":0,"ocean_post_title_bg_overlay":0.5,"ocean_post_title_bg_overlay_color":"","ocean_disable_breadcrumbs":"default","ocean_breadcrumbs_color":"","ocean_breadcrumbs_separator_color":"","ocean_breadcrumbs_links_color":"","ocean_breadcrumbs_links_hover_color":"","ocean_display_footer_widgets":"default","ocean_display_footer_bottom":"default","ocean_custom_footer_template":"","ocean_post_oembed":"","ocean_post_self_hosted_media":"","ocean_post_video_embed":"","ocean_link_format":"","ocean_link_format_target":"self","ocean_quote_format":"","ocean_quote_format_link":"post","ocean_gallery_link_images":"on","ocean_gallery_id":[],"footnotes":""},"categories":[3,11],"tags":[],"post_folder":[],"class_list":["post-3691","post","type-post","status-publish","format-standard","hentry","category-actions-greves-manifs","category-communiques","entry"],"yoast_head":"<!-- This site is optimized with the Yoast SEO plugin v27.4 - https:\/\/yoast.com\/product\/yoast-seo-wordpress\/ -->\n<title>5 d\u00e9cembre, texte action Congr\u00e8s FSU 59 et 62 - Formation des sites R\u00e9gionaux du SNETAP-FSU<\/title>\n<meta name=\"robots\" content=\"index, follow, max-snippet:-1, max-image-preview:large, max-video-preview:-1\" \/>\n<link rel=\"canonical\" href=\"https:\/\/regions-snetap-fsu.fr\/formation\/2019\/12\/04\/5-decembre-texte-action-congres-fsu-59-et-62\/\" \/>\n<meta property=\"og:locale\" content=\"fr_FR\" \/>\n<meta property=\"og:type\" content=\"article\" \/>\n<meta property=\"og:title\" content=\"5 d\u00e9cembre, texte action Congr\u00e8s FSU 59 et 62 - Formation des sites R\u00e9gionaux du SNETAP-FSU\" \/>\n<meta property=\"og:description\" content=\"Texte action Congr\u00e8s FSU 59 et 62 pour le 5 d\u00e9cembre 2019 Ci-dessous les deux textes \u00ab\u00a0action\u00a0\u00bb dont un adopt\u00e9 par le congr\u00e8s FSU 59 et l&rsquo;autre adopt\u00e9 par le congr\u00e8s FSU 62&#8230;\" \/>\n<meta property=\"og:url\" content=\"https:\/\/regions-snetap-fsu.fr\/formation\/2019\/12\/04\/5-decembre-texte-action-congres-fsu-59-et-62\/\" \/>\n<meta property=\"og:site_name\" content=\"Formation des sites R\u00e9gionaux du SNETAP-FSU\" \/>\n<meta property=\"article:published_time\" content=\"2019-12-04T18:26:20+00:00\" \/>\n<meta name=\"author\" content=\"yoctavien\" \/>\n<meta name=\"twitter:card\" content=\"summary_large_image\" \/>\n<meta name=\"twitter:label1\" content=\"\u00c9crit par\" \/>\n\t<meta name=\"twitter:data1\" content=\"yoctavien\" \/>\n\t<meta name=\"twitter:label2\" content=\"Dur\u00e9e de lecture estim\u00e9e\" \/>\n\t<meta name=\"twitter:data2\" content=\"4 minutes\" \/>\n<script type=\"application\/ld+json\" class=\"yoast-schema-graph\">{\"@context\":\"https:\\\/\\\/schema.org\",\"@graph\":[{\"@type\":\"Article\",\"@id\":\"https:\\\/\\\/regions-snetap-fsu.fr\\\/formation\\\/2019\\\/12\\\/04\\\/5-decembre-texte-action-congres-fsu-59-et-62\\\/#article\",\"isPartOf\":{\"@id\":\"https:\\\/\\\/regions-snetap-fsu.fr\\\/formation\\\/2019\\\/12\\\/04\\\/5-decembre-texte-action-congres-fsu-59-et-62\\\/\"},\"author\":{\"name\":\"yoctavien\",\"@id\":\"https:\\\/\\\/regions-snetap-fsu.fr\\\/formation\\\/#\\\/schema\\\/person\\\/f5dc7b6354e942ca9c5fa8e9ff7e5c93\"},\"headline\":\"5 d\u00e9cembre, texte action Congr\u00e8s FSU 59 et 62\",\"datePublished\":\"2019-12-04T18:26:20+00:00\",\"mainEntityOfPage\":{\"@id\":\"https:\\\/\\\/regions-snetap-fsu.fr\\\/formation\\\/2019\\\/12\\\/04\\\/5-decembre-texte-action-congres-fsu-59-et-62\\\/\"},\"wordCount\":831,\"publisher\":{\"@id\":\"https:\\\/\\\/regions-snetap-fsu.fr\\\/formation\\\/#organization\"},\"articleSection\":[\"Actions - Gr\u00e8ves - Manifs\",\"Communiqu\u00e9s\"],\"inLanguage\":\"fr-FR\"},{\"@type\":\"WebPage\",\"@id\":\"https:\\\/\\\/regions-snetap-fsu.fr\\\/formation\\\/2019\\\/12\\\/04\\\/5-decembre-texte-action-congres-fsu-59-et-62\\\/\",\"url\":\"https:\\\/\\\/regions-snetap-fsu.fr\\\/formation\\\/2019\\\/12\\\/04\\\/5-decembre-texte-action-congres-fsu-59-et-62\\\/\",\"name\":\"5 d\u00e9cembre, texte action Congr\u00e8s FSU 59 et 62 - Formation des sites R\u00e9gionaux du SNETAP-FSU\",\"isPartOf\":{\"@id\":\"https:\\\/\\\/regions-snetap-fsu.fr\\\/formation\\\/#website\"},\"datePublished\":\"2019-12-04T18:26:20+00:00\",\"breadcrumb\":{\"@id\":\"https:\\\/\\\/regions-snetap-fsu.fr\\\/formation\\\/2019\\\/12\\\/04\\\/5-decembre-texte-action-congres-fsu-59-et-62\\\/#breadcrumb\"},\"inLanguage\":\"fr-FR\",\"potentialAction\":[{\"@type\":\"ReadAction\",\"target\":[\"https:\\\/\\\/regions-snetap-fsu.fr\\\/formation\\\/2019\\\/12\\\/04\\\/5-decembre-texte-action-congres-fsu-59-et-62\\\/\"]}]},{\"@type\":\"BreadcrumbList\",\"@id\":\"https:\\\/\\\/regions-snetap-fsu.fr\\\/formation\\\/2019\\\/12\\\/04\\\/5-decembre-texte-action-congres-fsu-59-et-62\\\/#breadcrumb\",\"itemListElement\":[{\"@type\":\"ListItem\",\"position\":1,\"name\":\"Accueil\",\"item\":\"https:\\\/\\\/regions-snetap-fsu.fr\\\/formation\\\/\"},{\"@type\":\"ListItem\",\"position\":2,\"name\":\"5 d\u00e9cembre, texte action Congr\u00e8s FSU 59 et 62\"}]},{\"@type\":\"WebSite\",\"@id\":\"https:\\\/\\\/regions-snetap-fsu.fr\\\/formation\\\/#website\",\"url\":\"https:\\\/\\\/regions-snetap-fsu.fr\\\/formation\\\/\",\"name\":\"Formation des sites R\u00e9gionaux du SNETAP-FSU\",\"description\":\"\",\"publisher\":{\"@id\":\"https:\\\/\\\/regions-snetap-fsu.fr\\\/formation\\\/#organization\"},\"potentialAction\":[{\"@type\":\"SearchAction\",\"target\":{\"@type\":\"EntryPoint\",\"urlTemplate\":\"https:\\\/\\\/regions-snetap-fsu.fr\\\/formation\\\/?s={search_term_string}\"},\"query-input\":{\"@type\":\"PropertyValueSpecification\",\"valueRequired\":true,\"valueName\":\"search_term_string\"}}],\"inLanguage\":\"fr-FR\"},{\"@type\":\"Organization\",\"@id\":\"https:\\\/\\\/regions-snetap-fsu.fr\\\/formation\\\/#organization\",\"name\":\"Formation des sites R\u00e9gionaux du SNETAP-FSU\",\"url\":\"https:\\\/\\\/regions-snetap-fsu.fr\\\/formation\\\/\",\"logo\":{\"@type\":\"ImageObject\",\"inLanguage\":\"fr-FR\",\"@id\":\"https:\\\/\\\/regions-snetap-fsu.fr\\\/formation\\\/#\\\/schema\\\/logo\\\/image\\\/\",\"url\":\"https:\\\/\\\/regions-snetap-fsu.fr\\\/formation\\\/wp-content\\\/uploads\\\/sites\\\/20\\\/2025\\\/04\\\/cropped-Logo_blanc_fond_transparent_1000x755.png\",\"contentUrl\":\"https:\\\/\\\/regions-snetap-fsu.fr\\\/formation\\\/wp-content\\\/uploads\\\/sites\\\/20\\\/2025\\\/04\\\/cropped-Logo_blanc_fond_transparent_1000x755.png\",\"width\":998,\"height\":689,\"caption\":\"Formation des sites R\u00e9gionaux du SNETAP-FSU\"},\"image\":{\"@id\":\"https:\\\/\\\/regions-snetap-fsu.fr\\\/formation\\\/#\\\/schema\\\/logo\\\/image\\\/\"}},{\"@type\":\"Person\",\"@id\":\"https:\\\/\\\/regions-snetap-fsu.fr\\\/formation\\\/#\\\/schema\\\/person\\\/f5dc7b6354e942ca9c5fa8e9ff7e5c93\",\"name\":\"yoctavien\",\"image\":{\"@type\":\"ImageObject\",\"inLanguage\":\"fr-FR\",\"@id\":\"https:\\\/\\\/secure.gravatar.com\\\/avatar\\\/382642c092b6b9da14641d3c478df2f3da4a2d17eea25691c232d4dbf735c292?s=96&d=mm&r=g\",\"url\":\"https:\\\/\\\/secure.gravatar.com\\\/avatar\\\/382642c092b6b9da14641d3c478df2f3da4a2d17eea25691c232d4dbf735c292?s=96&d=mm&r=g\",\"contentUrl\":\"https:\\\/\\\/secure.gravatar.com\\\/avatar\\\/382642c092b6b9da14641d3c478df2f3da4a2d17eea25691c232d4dbf735c292?s=96&d=mm&r=g\",\"caption\":\"yoctavien\"},\"url\":\"https:\\\/\\\/regions-snetap-fsu.fr\\\/formation\\\/author\\\/yoctavien\\\/\"}]}<\/script>\n<!-- \/ Yoast SEO plugin. -->","yoast_head_json":{"title":"5 d\u00e9cembre, texte action Congr\u00e8s FSU 59 et 62 - Formation des sites R\u00e9gionaux du SNETAP-FSU","robots":{"index":"index","follow":"follow","max-snippet":"max-snippet:-1","max-image-preview":"max-image-preview:large","max-video-preview":"max-video-preview:-1"},"canonical":"https:\/\/regions-snetap-fsu.fr\/formation\/2019\/12\/04\/5-decembre-texte-action-congres-fsu-59-et-62\/","og_locale":"fr_FR","og_type":"article","og_title":"5 d\u00e9cembre, texte action Congr\u00e8s FSU 59 et 62 - Formation des sites R\u00e9gionaux du SNETAP-FSU","og_description":"Texte action Congr\u00e8s FSU 59 et 62 pour le 5 d\u00e9cembre 2019 Ci-dessous les deux textes \u00ab\u00a0action\u00a0\u00bb dont un adopt\u00e9 par le congr\u00e8s FSU 59 et l&rsquo;autre adopt\u00e9 par le congr\u00e8s FSU 62&#8230;","og_url":"https:\/\/regions-snetap-fsu.fr\/formation\/2019\/12\/04\/5-decembre-texte-action-congres-fsu-59-et-62\/","og_site_name":"Formation des sites R\u00e9gionaux du SNETAP-FSU","article_published_time":"2019-12-04T18:26:20+00:00","author":"yoctavien","twitter_card":"summary_large_image","twitter_misc":{"\u00c9crit par":"yoctavien","Dur\u00e9e de lecture estim\u00e9e":"4 minutes"},"schema":{"@context":"https:\/\/schema.org","@graph":[{"@type":"Article","@id":"https:\/\/regions-snetap-fsu.fr\/formation\/2019\/12\/04\/5-decembre-texte-action-congres-fsu-59-et-62\/#article","isPartOf":{"@id":"https:\/\/regions-snetap-fsu.fr\/formation\/2019\/12\/04\/5-decembre-texte-action-congres-fsu-59-et-62\/"},"author":{"name":"yoctavien","@id":"https:\/\/regions-snetap-fsu.fr\/formation\/#\/schema\/person\/f5dc7b6354e942ca9c5fa8e9ff7e5c93"},"headline":"5 d\u00e9cembre, texte action Congr\u00e8s FSU 59 et 62","datePublished":"2019-12-04T18:26:20+00:00","mainEntityOfPage":{"@id":"https:\/\/regions-snetap-fsu.fr\/formation\/2019\/12\/04\/5-decembre-texte-action-congres-fsu-59-et-62\/"},"wordCount":831,"publisher":{"@id":"https:\/\/regions-snetap-fsu.fr\/formation\/#organization"},"articleSection":["Actions - Gr\u00e8ves - Manifs","Communiqu\u00e9s"],"inLanguage":"fr-FR"},{"@type":"WebPage","@id":"https:\/\/regions-snetap-fsu.fr\/formation\/2019\/12\/04\/5-decembre-texte-action-congres-fsu-59-et-62\/","url":"https:\/\/regions-snetap-fsu.fr\/formation\/2019\/12\/04\/5-decembre-texte-action-congres-fsu-59-et-62\/","name":"5 d\u00e9cembre, texte action Congr\u00e8s FSU 59 et 62 - Formation des sites R\u00e9gionaux du SNETAP-FSU","isPartOf":{"@id":"https:\/\/regions-snetap-fsu.fr\/formation\/#website"},"datePublished":"2019-12-04T18:26:20+00:00","breadcrumb":{"@id":"https:\/\/regions-snetap-fsu.fr\/formation\/2019\/12\/04\/5-decembre-texte-action-congres-fsu-59-et-62\/#breadcrumb"},"inLanguage":"fr-FR","potentialAction":[{"@type":"ReadAction","target":["https:\/\/regions-snetap-fsu.fr\/formation\/2019\/12\/04\/5-decembre-texte-action-congres-fsu-59-et-62\/"]}]},{"@type":"BreadcrumbList","@id":"https:\/\/regions-snetap-fsu.fr\/formation\/2019\/12\/04\/5-decembre-texte-action-congres-fsu-59-et-62\/#breadcrumb","itemListElement":[{"@type":"ListItem","position":1,"name":"Accueil","item":"https:\/\/regions-snetap-fsu.fr\/formation\/"},{"@type":"ListItem","position":2,"name":"5 d\u00e9cembre, texte action Congr\u00e8s FSU 59 et 62"}]},{"@type":"WebSite","@id":"https:\/\/regions-snetap-fsu.fr\/formation\/#website","url":"https:\/\/regions-snetap-fsu.fr\/formation\/","name":"Formation des sites R\u00e9gionaux du SNETAP-FSU","description":"","publisher":{"@id":"https:\/\/regions-snetap-fsu.fr\/formation\/#organization"},"potentialAction":[{"@type":"SearchAction","target":{"@type":"EntryPoint","urlTemplate":"https:\/\/regions-snetap-fsu.fr\/formation\/?s={search_term_string}"},"query-input":{"@type":"PropertyValueSpecification","valueRequired":true,"valueName":"search_term_string"}}],"inLanguage":"fr-FR"},{"@type":"Organization","@id":"https:\/\/regions-snetap-fsu.fr\/formation\/#organization","name":"Formation des sites R\u00e9gionaux du SNETAP-FSU","url":"https:\/\/regions-snetap-fsu.fr\/formation\/","logo":{"@type":"ImageObject","inLanguage":"fr-FR","@id":"https:\/\/regions-snetap-fsu.fr\/formation\/#\/schema\/logo\/image\/","url":"https:\/\/regions-snetap-fsu.fr\/formation\/wp-content\/uploads\/sites\/20\/2025\/04\/cropped-Logo_blanc_fond_transparent_1000x755.png","contentUrl":"https:\/\/regions-snetap-fsu.fr\/formation\/wp-content\/uploads\/sites\/20\/2025\/04\/cropped-Logo_blanc_fond_transparent_1000x755.png","width":998,"height":689,"caption":"Formation des sites R\u00e9gionaux du SNETAP-FSU"},"image":{"@id":"https:\/\/regions-snetap-fsu.fr\/formation\/#\/schema\/logo\/image\/"}},{"@type":"Person","@id":"https:\/\/regions-snetap-fsu.fr\/formation\/#\/schema\/person\/f5dc7b6354e942ca9c5fa8e9ff7e5c93","name":"yoctavien","image":{"@type":"ImageObject","inLanguage":"fr-FR","@id":"https:\/\/secure.gravatar.com\/avatar\/382642c092b6b9da14641d3c478df2f3da4a2d17eea25691c232d4dbf735c292?s=96&d=mm&r=g","url":"https:\/\/secure.gravatar.com\/avatar\/382642c092b6b9da14641d3c478df2f3da4a2d17eea25691c232d4dbf735c292?s=96&d=mm&r=g","contentUrl":"https:\/\/secure.gravatar.com\/avatar\/382642c092b6b9da14641d3c478df2f3da4a2d17eea25691c232d4dbf735c292?s=96&d=mm&r=g","caption":"yoctavien"},"url":"https:\/\/regions-snetap-fsu.fr\/formation\/author\/yoctavien\/"}]}},"_links":{"self":[{"href":"https:\/\/regions-snetap-fsu.fr\/formation\/wp-json\/wp\/v2\/posts\/3691","targetHints":{"allow":["GET"]}}],"collection":[{"href":"https:\/\/regions-snetap-fsu.fr\/formation\/wp-json\/wp\/v2\/posts"}],"about":[{"href":"https:\/\/regions-snetap-fsu.fr\/formation\/wp-json\/wp\/v2\/types\/post"}],"author":[{"embeddable":true,"href":"https:\/\/regions-snetap-fsu.fr\/formation\/wp-json\/wp\/v2\/users\/138"}],"replies":[{"embeddable":true,"href":"https:\/\/regions-snetap-fsu.fr\/formation\/wp-json\/wp\/v2\/comments?post=3691"}],"version-history":[{"count":0,"href":"https:\/\/regions-snetap-fsu.fr\/formation\/wp-json\/wp\/v2\/posts\/3691\/revisions"}],"wp:attachment":[{"href":"https:\/\/regions-snetap-fsu.fr\/formation\/wp-json\/wp\/v2\/media?parent=3691"}],"wp:term":[{"taxonomy":"category","embeddable":true,"href":"https:\/\/regions-snetap-fsu.fr\/formation\/wp-json\/wp\/v2\/categories?post=3691"},{"taxonomy":"post_tag","embeddable":true,"href":"https:\/\/regions-snetap-fsu.fr\/formation\/wp-json\/wp\/v2\/tags?post=3691"},{"taxonomy":"post_folder","embeddable":true,"href":"https:\/\/regions-snetap-fsu.fr\/formation\/wp-json\/wp\/v2\/post_folder?post=3691"}],"curies":[{"name":"wp","href":"https:\/\/api.w.org\/{rel}","templated":true}]}}