{"id":3662,"date":"2019-12-01T12:06:40","date_gmt":"2019-12-01T11:06:40","guid":{"rendered":"https:\/\/regions-snetap-fsu.fr\/hdf\/?p=3662"},"modified":"2019-12-01T12:06:40","modified_gmt":"2019-12-01T11:06:40","slug":"on-parle-des-hauts-de-france-dans-la-revue-ea-n-405","status":"publish","type":"post","link":"https:\/\/regions-snetap-fsu.fr\/formation\/2019\/12\/01\/on-parle-des-hauts-de-france-dans-la-revue-ea-n-405\/","title":{"rendered":"On parle des Hauts-de-France dans la revue EA n\u00b0 405"},"content":{"rendered":"<h2 style=\"text-align: center\"><span style=\"font-family: tahoma, arial, helvetica, sans-serif;color: #ff0000\">On parle des Hauts-de-France dans la revue de l&rsquo;Enseignement Agricole<\/span><\/h2>\n<h2 style=\"text-align: center\"><span style=\"font-family: tahoma, arial, helvetica, sans-serif;color: #ff0000\"> n\u00b0 405 &#8211; Novembre, D\u00e9cembre 2019<br \/>\n<\/span><\/h2>\n<blockquote>\n<p style=\"text-align: justify\"><span style=\"font-family: tahoma, arial, helvetica, sans-serif;color: #0000ff\">En amont de l&rsquo;appel \u00e0 la mobilisation du 5 d\u00e9cembre prochain pour la d\u00e9fense de notre syst\u00e8me de retraite et refuser une diminution de nos futures pensions, notre organisation SNETAP-FSU a r\u00e9dig\u00e9 un bulletin sp\u00e9cial \u00ab\u00a0retraite\u00a0\u00bb qui devrait arriver dans vos casiers dans les jours prochains (pour les adh\u00e9rent\u00b7es).<\/span><\/p>\n<p style=\"text-align: justify\"><span style=\"font-family: tahoma, arial, helvetica, sans-serif;color: #0000ff\">Comme a son habitude en fin de revue, des pages sont consacr\u00e9es pour les \u00e9v\u00e8nements en r\u00e9gion et les actualit\u00e9s syndicales. Ce sont dans ces pages que la r\u00e9gion Hauts-de-France est cit\u00e9e (Mixit\u00e9 et CDDEAP \u00e0 Lomme).<\/span><\/p>\n<p><span style=\"font-family: tahoma, arial, helvetica, sans-serif;color: #0000ff\">D\u00e9couvrez dans cette article la primeur du n\u00b0 405 de la revue EA (sommaire en fin de cet article)&#8230;<\/span><\/p><\/blockquote>\n<p><!--more--><\/p>\n<h3 style=\"text-align: center\"><span style=\"font-family: tahoma, arial, helvetica, sans-serif;color: #008000\">MIXAGE \u00c0 FOND POUR LES HAUTS-DE-FRANCE<\/span><\/h3>\n<h3 style=\"text-align: center\"><span style=\"font-family: tahoma, arial, helvetica, sans-serif;color: #008000\">AVEC D\u00c9NI DE DIALOGUE SOCIAL<\/span><\/h3>\n<p style=\"text-align: justify\"><span style=\"font-family: tahoma, arial, helvetica, sans-serif;color: #0000ff\">La DRAAF des Hauts-de-France a d\u00e9j\u00e0 pr\u00e9sent\u00e9 sa strat\u00e9gie r\u00e9gionale pluriannuelle 2020-2022 en mati\u00e8re de structuration de l\u2019offre de formation de l\u2019enseignement agricole (voie initiale, apprentissage, formation continue) lors du s\u00e9minaire des directeurs adjoints le 25 septembre 2019.<\/span><\/p>\n<p style=\"text-align: justify\"><span style=\"font-family: tahoma, arial, helvetica, sans-serif;color: #0000ff\">D\u2019apr\u00e8s la lettre hebdo DGER n\u00b033\/2019 du 30 septembre 2019, cette strat\u00e9gie construite avec les \u00e9quipes de direction, a \u00e9t\u00e9 pr\u00e9sent\u00e9e \u00e0 la DGER et valid\u00e9e dans le cadre du <\/span><span style=\"font-family: tahoma, arial, helvetica, sans-serif;color: #0000ff\">dialogue de gestion 2019.<\/span><\/p>\n<p style=\"text-align: justify\"><span style=\"font-family: tahoma, arial, helvetica, sans-serif;color: #0000ff\">Sans scrupule, l\u2019Administration ose af\ufb01rmer que cette strat\u00e9gie a \u00e9t\u00e9 construite sur la base d\u2019un diagnostic partag\u00e9. Cela n\u2019a pas \u00e9t\u00e9 le cas avec ses agent\u00b7es, ni avec les organisations syndicales.<\/span><\/p>\n<p style=\"text-align: justify\"><span style=\"font-family: tahoma, arial, helvetica, sans-serif;color: #0000ff\">Aucune pr\u00e9sentation n\u2019a \u00e9t\u00e9 effectu\u00e9e dans les instances au sein des diff\u00e9rents EPL des Hauts-de-France, ni m\u00eame les ouvertures propos\u00e9es pour r\u00e9pondre \u00e0 cette strat\u00e9gie dans le cadre du CTREA.<\/span><\/p>\n<p style=\"text-align: justify\"><span style=\"font-family: tahoma, arial, helvetica, sans-serif;color: #0000ff\">Selon un document pr\u00e9paratoire pour le CTREA du 12 novembre (boycott\u00e9 par l\u2019intersyndicale hormis l\u2019UNSA) plusieurs hypoth\u00e8ses sur le mixage sont lanc\u00e9es : <\/span><\/p>\n<ul>\n<li style=\"text-align: justify\"><span style=\"font-family: tahoma, arial, helvetica, sans-serif;color: #0000ff\">soit mettre en \u0153uvre des parcours mixtes 2<sup>nde<\/sup> pro lyc\u00e9e + 1<sup>\u00e8re<\/sup> et term en apprentissage ou 2<sup>nde<\/sup> pro et 1<sup>\u00e8re<\/sup> lyc\u00e9e + term en apprentissage ;<\/span><\/li>\n<li style=\"text-align: justify\"><span style=\"font-family: tahoma, arial, helvetica, sans-serif;color: #0000ff\">soit accueillir quelques apprentis dans les classes de lyc\u00e9es pour \u00e9viter qu\u2019un jeune lyc\u00e9en qui trouverait un contrat d\u2019apprentissage en cours d\u2019ann\u00e9e ne quitte l\u2019\u00e9tablissement pour une autre structure ;<\/span><\/li>\n<li style=\"text-align: justify\"><span style=\"font-family: tahoma, arial, helvetica, sans-serif;color: #0000ff\">soit accueillir indiff\u00e9remment lyc\u00e9ens ou apprentis en mixage pour toute \ufb01li\u00e8re. En pr\u00e9sentant une offre de formation initiale port\u00e9e, soit par un \ufb01nanceur \u00c9tat, soit par un \ufb01nanceur OPCO dans lequel l\u2019apprenant s\u2019inscrirait indiff\u00e9remment sous un statut lyc\u00e9en ou apprenti, avec la possibilit\u00e9 de changer en cours de route. <\/span><\/li>\n<\/ul>\n<p style=\"text-align: justify\"><span style=\"font-family: tahoma, arial, helvetica, sans-serif;color: #0000ff\">Un bilan interm\u00e9diaire serait programm\u00e9 pour la \ufb01n d\u2019ann\u00e9e scolaire, mais avec l\u2019absence de diagnostic sur la \ufb01li\u00e8re pro mixte de l\u2019EPL d\u2019Arras, nous pouvons douter de la sinc\u00e9rit\u00e9 d\u2019un bilan partag\u00e9.<\/span><\/p>\n<h3 style=\"text-align: center\"><span style=\"font-family: tahoma, arial, helvetica, sans-serif;color: #008000\">CDDEAP : UN COMIT\u00c9 TOUJOURS ACTIF<\/span><\/h3>\n<p style=\"text-align: justify\"><span style=\"font-family: tahoma, arial, helvetica, sans-serif;color: #0000ff\">Le comit\u00e9 de d\u00e9fense et de d\u00e9veloppement de l\u2019enseignement agricole public (CDDEAP) a f\u00eat\u00e9, en ce mois de novembre, ses 10 ans. Il a vu le jour le 10 novembre 2009. Et depuis sa cr\u00e9ation, il n\u2019a cess\u00e9 d\u2019\u00eatre \u00e0 l\u2019origine d\u2019initiatives diverses. Et ce d\u00e9but d\u2019ann\u00e9e scolaire 2019\/2020 n\u2019\u00e9chappe pas \u00e0 la r\u00e8gle.<\/span><\/p>\n<p style=\"text-align: justify\"><span style=\"font-family: tahoma, arial, helvetica, sans-serif;color: #0000ff\">Ainsi, \u00e0 l\u2019initiative du S\u00e9nateur des Hauts de Seine, Pierre Ouzoulias, le S\u00e9nat a d\u00e9battu pendant pr\u00e8s de 2 heures, le mercredi 30 octobre, sur le th\u00e8me \u00abquel avenir pour l\u2019enseignement agricole ?\u00bb.<\/span><\/p>\n<p style=\"text-align: justify\"><span style=\"font-family: tahoma, arial, helvetica, sans-serif;color: #0000ff\">Ce d\u00e9bat a vu d\u00e9\ufb01ler \u00e0 la tribune une quinzaine de S\u00e9nateurs de tous bords qui, \u00e0 la quasi unanimit\u00e9, ont soulign\u00e9 la qualit\u00e9 de cet enseignement, mais aussi et surtout l\u2019insuf\ufb01sance des moyens que l\u2019\u00c9tat lui consacre. Beaucoup ont insist\u00e9 sur la place qu\u2019il doit prendre pour accompagner les mutations de l\u2019agriculture, mais aussi de l\u2019agroalimentaire et de l\u2019espace rural.<\/span><\/p>\n<p style=\"text-align: justify\"><span style=\"font-family: tahoma, arial, helvetica, sans-serif;color: #0000ff\">Le Ministre, son cabinet et la DGER \u00e9taient pr\u00e9sents pour entendre, par la voix des repr\u00e9sentants de la Nation, ce que notre comit\u00e9 de d\u00e9fense porte depuis son origine. Et, \u00e0 notre grande (et bonne) surprise une S\u00e9natrice Normande a m\u00eame consacr\u00e9 une bonne partie de son expos\u00e9 \u00e0 un long d\u00e9veloppement sur l\u2019enseignement maritime trop m\u00e9connu et n\u00e9glig\u00e9 par le gouvernement, alors que les besoins de ce secteur d\u2019activit\u00e9 existent.<\/span><\/p>\n<p style=\"text-align: justify\"><span style=\"color: #0000ff;font-family: tahoma, arial, helvetica, sans-serif\">Ce d\u00e9bat au S\u00e9nat venait \u00e0 point nomm\u00e9, au moment o\u00f9 la m\u00eame assembl\u00e9e \u00e9tait amen\u00e9e \u00e0 \u00e9tudier le budget de l\u2019enseignement agricole pour 2020. Il confortait la l\u00e9gitimit\u00e9 de notre demande de revenir sur le projet de suppression de 60 emplois d\u2019enseignants dans ce secteur, surtout dans une p\u00e9riode o\u00f9 il voit les effectifs qu\u2019il scolarise augmenter.<\/span><\/p>\n<figure id=\"attachment_3664\" aria-describedby=\"caption-attachment-3664\" style=\"width: 300px\" class=\"wp-caption aligncenter\"><img fetchpriority=\"high\" decoding=\"async\" class=\"wp-image-3664 size-medium\" src=\"https:\/\/regions-snetap-fsu.fr\/hdf\/wp-content\/uploads\/sites\/5\/2019\/12\/Serres_horticoles_Lomme_4_1119-300x236.png\" alt=\"\" width=\"300\" height=\"236\" \/><figcaption id=\"caption-attachment-3664\" class=\"wp-caption-text\">Visite des serres horticoles de Lomme par le comit\u00e9 le 4 novembre<\/figcaption><\/figure>\n<p style=\"text-align: justify\"><span style=\"font-family: tahoma, arial, helvetica, sans-serif;color: #0000ff\">Parall\u00e8lement, le CDDEAP \u00e0 continu\u00e9 le tour de France des \u00e9tablissements agricoles qu\u2019il avait entam\u00e9 en 2018\/2019 \u00e0 AgroParisTech, puis \u00e0 Blanquefort. Le 4 novembre le comit\u00e9 s\u2019est rendu au Lyc\u00e9e horticole de Lomme (Nord) pour d\u00e9battre de l\u2019avenir de la \ufb01li\u00e8re horticole dans l\u2019agglom\u00e9ration Lilloise, et notamment de d\u00e9fendre l\u2019ouverture d\u2019une \ufb01li\u00e8re bio dans le bac Pro que cet \u00e9tablissement public est en capacit\u00e9 de proposer. La d\u00e9monstration en a \u00e9t\u00e9 faite par la visite des serres horticoles du lyc\u00e9e, guid\u00e9e par le directeur de l\u2019exploitation. Par la pr\u00e9sence de collaborateurs, cette initiative a re\u00e7u le soutien de 2 d\u00e9put\u00e9s FI de la r\u00e9gion, de la M\u00e9tropole Europ\u00e9enne Lilloise et \u00e0 travers un courrier de la Maire de Lille, Martine Aubry, lu \u00e0 l\u2019assembl\u00e9e pr\u00e9sente, \u00e0 laquelle assistait, \u00e0 ce moment l\u00e0, le directeur de l\u2019\u00e9tablissement. Par ce courrier, adress\u00e9 au Ministre de l\u2019Agriculture, elle argumente la n\u00e9cessit\u00e9 de mettre en place cette formation, soulignant par l\u00e0 m\u00eame, l\u2019importance de l\u2019enseignement agricole public dans la dynamisation des territoires.<\/span><\/p>\n<p style=\"text-align: justify\"><span style=\"color: #0000ff;font-family: tahoma, arial, helvetica, sans-serif\">Cette tourn\u00e9e des lyc\u00e9es agricoles va maintenant se poursuivre. La prochaine \u00e9tape est pr\u00e9vue le 25 novembre, o\u00f9 le comit\u00e9 se rendra cette fois \u00e0 Valence (Dr\u00f4me), sur les terres du Ministre de l\u2019Agriculture, et o\u00f9 il l\u2019interpellera de nouveau sur la n\u00e9cessit\u00e9 de donner \u00e0 l\u2019enseignement agricole public, les moyens humains n\u00e9cessaires \u00e0 son d\u00e9veloppement. Reste en projet, pour faire \u00e9cho \u00e0 l\u2019intervention de la S\u00e9natrice le 30 octobre, \u00e0 organiser le d\u00e9placement du comit\u00e9 dans un lyc\u00e9e maritime. Cette \u00e9tape verra probablement le jour d\u00e9but 2020. Le CDDEAD n\u2019a pas \ufb01ni de \u00ab mouiller la chemise \u00bb et de faire parler de lui !<\/span><\/p>\n<h3 style=\"text-align: center\"><span style=\"font-family: tahoma, arial, helvetica, sans-serif;color: #008000\">SOMMAIRE DU BULL N\u00b0405 &#8211; <\/span><\/h3>\n<h3 style=\"text-align: center\"><span style=\"font-family: tahoma, arial, helvetica, sans-serif;color: #008000\">NOVEMBRE &#8211; D\u00c9CEMBRE 2019 &#8211;<\/span><\/h3>\n<h3 style=\"text-align: center\"><span style=\"font-family: tahoma, arial, helvetica, sans-serif;color: #008000\">RETRAITES :<\/span><\/h3>\n<h3 style=\"text-align: center\"><span style=\"font-family: tahoma, arial, helvetica, sans-serif;color: #008000\">IL VA ENCORE FALLOIR SE BATTRE<\/span><\/h3>\n<p style=\"text-align: justify\"><a href=\"https:\/\/www.snetap-fsu.fr\/Bull-no404-Novembre-Decembre-2019-Retraites-il-va-encore-falloir-se-battre.html\" target=\"_blank\" rel=\"noopener noreferrer\"><span style=\"text-decoration: underline;font-family: tahoma, arial, helvetica, sans-serif\"><span style=\"color: #000000;text-decoration: underline\">Lien : SNETAP-FSU &#8211; Bull n\u00b0405-Novembre- D\u00e9cembre 2019- Retraites : il va encore falloir se battre<\/span><\/span><\/a><\/p>\n<p style=\"text-align: justify\"><span style=\"font-family: tahoma, arial, helvetica, sans-serif;color: #0000ff\"><strong>Edito<\/strong><\/span><br class=\"autobr\" \/><span style=\"font-family: tahoma, arial, helvetica, sans-serif;color: #0000ff\">LE GOUVERNEMENT ENTERRE LE PASS\u00c9, LE SNETAP PR\u00c9PARE L\u2019AVENIR<\/span><\/p>\n<p style=\"text-align: justify\"><span style=\"font-family: tahoma, arial, helvetica, sans-serif;color: #0000ff\"><strong> Br\u00e8ves<\/strong><\/span><br class=\"autobr\" \/><span style=\"font-family: tahoma, arial, helvetica, sans-serif;color: #0000ff\">Epreuves du bac g\u00e9n\u00e9ral, entre faux cadrages et vraies in\u00e9galit\u00e9s <\/span><br class=\"autobr\" \/><span style=\"font-family: tahoma, arial, helvetica, sans-serif;color: #0000ff\">Budget 2020\u00a0: le priv\u00e9 perd des \u00e9l\u00e8ves, le public des emplois, cherchez l\u2019erreur\u00a0!<\/span><\/p>\n<p style=\"text-align: justify\"><span style=\"font-family: tahoma, arial, helvetica, sans-serif;color: #0000ff\"><strong>Retraites\u00a0: il va encore falloir se battre <\/strong> <\/span><br class=\"autobr\" \/><span style=\"font-family: tahoma, arial, helvetica, sans-serif;color: #0000ff\">La retraite en France, une longue histoire<\/span><br class=\"autobr\" \/><span style=\"font-family: tahoma, arial, helvetica, sans-serif;color: #0000ff\">Monsieur le Pr\u00e9sident, il faut revoir votre copie\u00a0!.<\/span><br class=\"autobr\" \/><span style=\"font-family: tahoma, arial, helvetica, sans-serif;color: #0000ff\">Retraite par points\u00a0: \u00e7a veut dire quoi\u00a0?<\/span><br class=\"autobr\" \/><span style=\"font-family: tahoma, arial, helvetica, sans-serif;color: #0000ff\">Indexation\u00a0: comment \u00e7a marche\u00a0? <\/span><br class=\"autobr\" \/><span style=\"font-family: tahoma, arial, helvetica, sans-serif;color: #0000ff\">Sorti du chapeau\u00a0: l\u2019\u00e2ge pivot\u00a0! <\/span><br class=\"autobr\" \/><span style=\"font-family: tahoma, arial, helvetica, sans-serif;color: #0000ff\">Le mirage du syst\u00e8me su\u00e9dois <\/span><br class=\"autobr\" \/><span style=\"font-family: tahoma, arial, helvetica, sans-serif;color: #0000ff\">Des m\u00e9canismes de solidarit\u00e9 \u00e0 renforcer<\/span><br class=\"autobr\" \/><span style=\"font-family: tahoma, arial, helvetica, sans-serif;color: #0000ff\">Que propose la <a class=\"cs_glossaire\" style=\"color: #0000ff\" href=\"https:\/\/www.snetap-fsu.fr\/+-FSU-+.html\" name=\"mot96_0\"><span class=\"gl_mot\">FSU<\/span><\/a>\u00a0?<\/span><\/p>\n<p style=\"text-align: justify\"><span style=\"font-family: tahoma, arial, helvetica, sans-serif;color: #0000ff\"><strong>En r\u00e9gion<\/strong><\/span><br class=\"autobr\" \/><span style=\"font-family: tahoma, arial, helvetica, sans-serif;color: #0000ff\">Mixage \u00e0 fond pour les Hauts-de-France avec d\u00e9ni de dialogue social .<\/span><br class=\"autobr\" \/><span style=\"font-family: tahoma, arial, helvetica, sans-serif;color: #0000ff\">Oui madame la marquise, la rentr\u00e9e s\u2019est tr\u00e8s bien pass\u00e9e en Normandie, comme ailleurs dans l\u2019<a class=\"cs_glossaire\" style=\"color: #0000ff\" href=\"https:\/\/www.snetap-fsu.fr\/+-EAP-+.html\" name=\"mot69_1\"><span class=\"gl_mot\">EAP<\/span><\/a>..<\/span><\/p>\n<p style=\"text-align: justify\"><span style=\"color: #0000ff;font-family: tahoma, arial, helvetica, sans-serif\"><strong>Pour info <\/strong><\/span><br class=\"autobr\" \/><span style=\"color: #0000ff;font-family: tahoma, arial, helvetica, sans-serif\">Dotation des personnels <a class=\"cs_glossaire\" style=\"color: #0000ff\" href=\"https:\/\/www.snetap-fsu.fr\/+-ATLS-+.html\" name=\"mot207_2\"><span class=\"gl_mot\">ATLS<\/span><\/a>, exigeons leur am\u00e9lioration\u00a0! .<\/span><\/p>\n<p style=\"text-align: justify\"><span style=\"color: #0000ff;font-family: tahoma, arial, helvetica, sans-serif\"><strong>Actu<\/strong><\/span><br class=\"autobr\" \/><span style=\"color: #0000ff;font-family: tahoma, arial, helvetica, sans-serif\"><a class=\"cs_glossaire\" style=\"color: #0000ff\" href=\"https:\/\/www.snetap-fsu.fr\/+-CDDEAP-+.html\" name=\"mot190_3\"><span class=\"gl_mot\">CDDEAP<\/span><\/a>\u00a0: un comit\u00e9 toujours actif<\/span><\/p>\n<p style=\"text-align: justify\"><span style=\"font-family: tahoma, arial, helvetica, sans-serif;color: #0000ff\">D\u00e9couvrez la revue au lien ci-dessous :<\/span><\/p>\n<p><span style=\"text-decoration: underline\"><span style=\"color: #000000;font-family: tahoma, arial, helvetica, sans-serif\"><a style=\"color: #000000;text-decoration: underline\" href=\"https:\/\/www.snetap-fsu.fr\/Bull-no404-Novembre-Decembre-2019-Retraites-il-va-encore-falloir-se-battre.html\" target=\"_blank\" rel=\"noopener noreferrer\">Lien : SNETAP-FSU &#8211; Bull n\u00b0405-Novembre- D\u00e9cembre 2019- Retraites : il va encore falloir se battre<\/a><\/span><\/span><\/p>\n<p><img decoding=\"async\" class=\"spip_logo spip_logos aligncenter\" src=\"https:\/\/www.snetap-fsu.fr\/local\/cache-vignettes\/L150xH209\/arton6209-b5b91.png?1574848765\" alt=\"\" width=\"182\" height=\"254\" \/><\/p>\n","protected":false},"excerpt":{"rendered":"<p>On parle des Hauts-de-France dans la revue de l&rsquo;Enseignement Agricole n\u00b0 405 &#8211; Novembre, D\u00e9cembre 2019 En amont de l&rsquo;appel \u00e0 la mobilisation du 5 d\u00e9cembre prochain pour la d\u00e9fense de notre syst\u00e8me de retraite et refuser une diminution de nos futures pensions, notre organisation SNETAP-FSU a r\u00e9dig\u00e9 un bulletin sp\u00e9cial \u00ab\u00a0retraite\u00a0\u00bb qui devrait arriver [&hellip;]<\/p>\n","protected":false},"author":138,"featured_media":0,"comment_status":"closed","ping_status":"closed","sticky":false,"template":"","format":"standard","meta":{"ocean_post_layout":"","ocean_both_sidebars_style":"","ocean_both_sidebars_content_width":0,"ocean_both_sidebars_sidebars_width":0,"ocean_sidebar":"","ocean_second_sidebar":"","ocean_disable_margins":"enable","ocean_add_body_class":"","ocean_shortcode_before_top_bar":"","ocean_shortcode_after_top_bar":"","ocean_shortcode_before_header":"","ocean_shortcode_after_header":"","ocean_has_shortcode":"","ocean_shortcode_after_title":"","ocean_shortcode_before_footer_widgets":"","ocean_shortcode_after_footer_widgets":"","ocean_shortcode_before_footer_bottom":"","ocean_shortcode_after_footer_bottom":"","ocean_display_top_bar":"default","ocean_display_header":"default","ocean_header_style":"","ocean_center_header_left_menu":"","ocean_custom_header_template":"","ocean_custom_logo":0,"ocean_custom_retina_logo":0,"ocean_custom_logo_max_width":0,"ocean_custom_logo_tablet_max_width":0,"ocean_custom_logo_mobile_max_width":0,"ocean_custom_logo_max_height":0,"ocean_custom_logo_tablet_max_height":0,"ocean_custom_logo_mobile_max_height":0,"ocean_header_custom_menu":"","ocean_menu_typo_font_family":"","ocean_menu_typo_font_subset":"","ocean_menu_typo_font_size":0,"ocean_menu_typo_font_size_tablet":0,"ocean_menu_typo_font_size_mobile":0,"ocean_menu_typo_font_size_unit":"px","ocean_menu_typo_font_weight":"","ocean_menu_typo_font_weight_tablet":"","ocean_menu_typo_font_weight_mobile":"","ocean_menu_typo_transform":"","ocean_menu_typo_transform_tablet":"","ocean_menu_typo_transform_mobile":"","ocean_menu_typo_line_height":0,"ocean_menu_typo_line_height_tablet":0,"ocean_menu_typo_line_height_mobile":0,"ocean_menu_typo_line_height_unit":"","ocean_menu_typo_spacing":0,"ocean_menu_typo_spacing_tablet":0,"ocean_menu_typo_spacing_mobile":0,"ocean_menu_typo_spacing_unit":"","ocean_menu_link_color":"","ocean_menu_link_color_hover":"","ocean_menu_link_color_active":"","ocean_menu_link_background":"","ocean_menu_link_hover_background":"","ocean_menu_link_active_background":"","ocean_menu_social_links_bg":"","ocean_menu_social_hover_links_bg":"","ocean_menu_social_links_color":"","ocean_menu_social_hover_links_color":"","ocean_disable_title":"default","ocean_disable_heading":"default","ocean_post_title":"","ocean_post_subheading":"","ocean_post_title_style":"","ocean_post_title_background_color":"","ocean_post_title_background":0,"ocean_post_title_bg_image_position":"","ocean_post_title_bg_image_attachment":"","ocean_post_title_bg_image_repeat":"","ocean_post_title_bg_image_size":"","ocean_post_title_height":0,"ocean_post_title_bg_overlay":0.5,"ocean_post_title_bg_overlay_color":"","ocean_disable_breadcrumbs":"default","ocean_breadcrumbs_color":"","ocean_breadcrumbs_separator_color":"","ocean_breadcrumbs_links_color":"","ocean_breadcrumbs_links_hover_color":"","ocean_display_footer_widgets":"default","ocean_display_footer_bottom":"default","ocean_custom_footer_template":"","ocean_post_oembed":"","ocean_post_self_hosted_media":"","ocean_post_video_embed":"","ocean_link_format":"","ocean_link_format_target":"self","ocean_quote_format":"","ocean_quote_format_link":"post","ocean_gallery_link_images":"on","ocean_gallery_id":[],"footnotes":""},"categories":[11],"tags":[],"post_folder":[],"class_list":["post-3662","post","type-post","status-publish","format-standard","hentry","category-communiques","entry"],"yoast_head":"<!-- This site is optimized with the Yoast SEO plugin v27.4 - https:\/\/yoast.com\/product\/yoast-seo-wordpress\/ -->\n<title>On parle des Hauts-de-France dans la revue EA n\u00b0 405 - Formation des sites R\u00e9gionaux du SNETAP-FSU<\/title>\n<meta name=\"robots\" content=\"index, follow, max-snippet:-1, max-image-preview:large, max-video-preview:-1\" \/>\n<link rel=\"canonical\" href=\"https:\/\/regions-snetap-fsu.fr\/formation\/2019\/12\/01\/on-parle-des-hauts-de-france-dans-la-revue-ea-n-405\/\" \/>\n<meta property=\"og:locale\" content=\"fr_FR\" \/>\n<meta property=\"og:type\" content=\"article\" \/>\n<meta property=\"og:title\" content=\"On parle des Hauts-de-France dans la revue EA n\u00b0 405 - Formation des sites R\u00e9gionaux du SNETAP-FSU\" \/>\n<meta property=\"og:description\" content=\"On parle des Hauts-de-France dans la revue de l&rsquo;Enseignement Agricole n\u00b0 405 &#8211; Novembre, D\u00e9cembre 2019 En amont de l&rsquo;appel \u00e0 la mobilisation du 5 d\u00e9cembre prochain pour la d\u00e9fense de notre syst\u00e8me de retraite et refuser une diminution de nos futures pensions, notre organisation SNETAP-FSU a r\u00e9dig\u00e9 un bulletin sp\u00e9cial \u00ab\u00a0retraite\u00a0\u00bb qui devrait arriver [&hellip;]\" \/>\n<meta property=\"og:url\" content=\"https:\/\/regions-snetap-fsu.fr\/formation\/2019\/12\/01\/on-parle-des-hauts-de-france-dans-la-revue-ea-n-405\/\" \/>\n<meta property=\"og:site_name\" content=\"Formation des sites R\u00e9gionaux du SNETAP-FSU\" \/>\n<meta property=\"article:published_time\" content=\"2019-12-01T11:06:40+00:00\" \/>\n<meta name=\"author\" content=\"yoctavien\" \/>\n<meta name=\"twitter:card\" content=\"summary_large_image\" \/>\n<meta name=\"twitter:label1\" content=\"\u00c9crit par\" \/>\n\t<meta name=\"twitter:data1\" content=\"yoctavien\" \/>\n\t<meta name=\"twitter:label2\" content=\"Dur\u00e9e de lecture estim\u00e9e\" \/>\n\t<meta name=\"twitter:data2\" content=\"7 minutes\" \/>\n<script type=\"application\/ld+json\" class=\"yoast-schema-graph\">{\"@context\":\"https:\\\/\\\/schema.org\",\"@graph\":[{\"@type\":\"Article\",\"@id\":\"https:\\\/\\\/regions-snetap-fsu.fr\\\/formation\\\/2019\\\/12\\\/01\\\/on-parle-des-hauts-de-france-dans-la-revue-ea-n-405\\\/#article\",\"isPartOf\":{\"@id\":\"https:\\\/\\\/regions-snetap-fsu.fr\\\/formation\\\/2019\\\/12\\\/01\\\/on-parle-des-hauts-de-france-dans-la-revue-ea-n-405\\\/\"},\"author\":{\"name\":\"yoctavien\",\"@id\":\"https:\\\/\\\/regions-snetap-fsu.fr\\\/formation\\\/#\\\/schema\\\/person\\\/f5dc7b6354e942ca9c5fa8e9ff7e5c93\"},\"headline\":\"On parle des Hauts-de-France dans la revue EA n\u00b0 405\",\"datePublished\":\"2019-12-01T11:06:40+00:00\",\"mainEntityOfPage\":{\"@id\":\"https:\\\/\\\/regions-snetap-fsu.fr\\\/formation\\\/2019\\\/12\\\/01\\\/on-parle-des-hauts-de-france-dans-la-revue-ea-n-405\\\/\"},\"wordCount\":1335,\"publisher\":{\"@id\":\"https:\\\/\\\/regions-snetap-fsu.fr\\\/formation\\\/#organization\"},\"image\":{\"@id\":\"https:\\\/\\\/regions-snetap-fsu.fr\\\/formation\\\/2019\\\/12\\\/01\\\/on-parle-des-hauts-de-france-dans-la-revue-ea-n-405\\\/#primaryimage\"},\"thumbnailUrl\":\"https:\\\/\\\/regions-snetap-fsu.fr\\\/hdf\\\/wp-content\\\/uploads\\\/sites\\\/5\\\/2019\\\/12\\\/Serres_horticoles_Lomme_4_1119-300x236.png\",\"articleSection\":[\"Communiqu\u00e9s\"],\"inLanguage\":\"fr-FR\"},{\"@type\":\"WebPage\",\"@id\":\"https:\\\/\\\/regions-snetap-fsu.fr\\\/formation\\\/2019\\\/12\\\/01\\\/on-parle-des-hauts-de-france-dans-la-revue-ea-n-405\\\/\",\"url\":\"https:\\\/\\\/regions-snetap-fsu.fr\\\/formation\\\/2019\\\/12\\\/01\\\/on-parle-des-hauts-de-france-dans-la-revue-ea-n-405\\\/\",\"name\":\"On parle des Hauts-de-France dans la revue EA n\u00b0 405 - Formation des sites R\u00e9gionaux du SNETAP-FSU\",\"isPartOf\":{\"@id\":\"https:\\\/\\\/regions-snetap-fsu.fr\\\/formation\\\/#website\"},\"primaryImageOfPage\":{\"@id\":\"https:\\\/\\\/regions-snetap-fsu.fr\\\/formation\\\/2019\\\/12\\\/01\\\/on-parle-des-hauts-de-france-dans-la-revue-ea-n-405\\\/#primaryimage\"},\"image\":{\"@id\":\"https:\\\/\\\/regions-snetap-fsu.fr\\\/formation\\\/2019\\\/12\\\/01\\\/on-parle-des-hauts-de-france-dans-la-revue-ea-n-405\\\/#primaryimage\"},\"thumbnailUrl\":\"https:\\\/\\\/regions-snetap-fsu.fr\\\/hdf\\\/wp-content\\\/uploads\\\/sites\\\/5\\\/2019\\\/12\\\/Serres_horticoles_Lomme_4_1119-300x236.png\",\"datePublished\":\"2019-12-01T11:06:40+00:00\",\"breadcrumb\":{\"@id\":\"https:\\\/\\\/regions-snetap-fsu.fr\\\/formation\\\/2019\\\/12\\\/01\\\/on-parle-des-hauts-de-france-dans-la-revue-ea-n-405\\\/#breadcrumb\"},\"inLanguage\":\"fr-FR\",\"potentialAction\":[{\"@type\":\"ReadAction\",\"target\":[\"https:\\\/\\\/regions-snetap-fsu.fr\\\/formation\\\/2019\\\/12\\\/01\\\/on-parle-des-hauts-de-france-dans-la-revue-ea-n-405\\\/\"]}]},{\"@type\":\"ImageObject\",\"inLanguage\":\"fr-FR\",\"@id\":\"https:\\\/\\\/regions-snetap-fsu.fr\\\/formation\\\/2019\\\/12\\\/01\\\/on-parle-des-hauts-de-france-dans-la-revue-ea-n-405\\\/#primaryimage\",\"url\":\"https:\\\/\\\/regions-snetap-fsu.fr\\\/hdf\\\/wp-content\\\/uploads\\\/sites\\\/5\\\/2019\\\/12\\\/Serres_horticoles_Lomme_4_1119-300x236.png\",\"contentUrl\":\"https:\\\/\\\/regions-snetap-fsu.fr\\\/hdf\\\/wp-content\\\/uploads\\\/sites\\\/5\\\/2019\\\/12\\\/Serres_horticoles_Lomme_4_1119-300x236.png\"},{\"@type\":\"BreadcrumbList\",\"@id\":\"https:\\\/\\\/regions-snetap-fsu.fr\\\/formation\\\/2019\\\/12\\\/01\\\/on-parle-des-hauts-de-france-dans-la-revue-ea-n-405\\\/#breadcrumb\",\"itemListElement\":[{\"@type\":\"ListItem\",\"position\":1,\"name\":\"Accueil\",\"item\":\"https:\\\/\\\/regions-snetap-fsu.fr\\\/formation\\\/\"},{\"@type\":\"ListItem\",\"position\":2,\"name\":\"On parle des Hauts-de-France dans la revue EA n\u00b0 405\"}]},{\"@type\":\"WebSite\",\"@id\":\"https:\\\/\\\/regions-snetap-fsu.fr\\\/formation\\\/#website\",\"url\":\"https:\\\/\\\/regions-snetap-fsu.fr\\\/formation\\\/\",\"name\":\"Formation des sites R\u00e9gionaux du SNETAP-FSU\",\"description\":\"\",\"publisher\":{\"@id\":\"https:\\\/\\\/regions-snetap-fsu.fr\\\/formation\\\/#organization\"},\"potentialAction\":[{\"@type\":\"SearchAction\",\"target\":{\"@type\":\"EntryPoint\",\"urlTemplate\":\"https:\\\/\\\/regions-snetap-fsu.fr\\\/formation\\\/?s={search_term_string}\"},\"query-input\":{\"@type\":\"PropertyValueSpecification\",\"valueRequired\":true,\"valueName\":\"search_term_string\"}}],\"inLanguage\":\"fr-FR\"},{\"@type\":\"Organization\",\"@id\":\"https:\\\/\\\/regions-snetap-fsu.fr\\\/formation\\\/#organization\",\"name\":\"Formation des sites R\u00e9gionaux du SNETAP-FSU\",\"url\":\"https:\\\/\\\/regions-snetap-fsu.fr\\\/formation\\\/\",\"logo\":{\"@type\":\"ImageObject\",\"inLanguage\":\"fr-FR\",\"@id\":\"https:\\\/\\\/regions-snetap-fsu.fr\\\/formation\\\/#\\\/schema\\\/logo\\\/image\\\/\",\"url\":\"https:\\\/\\\/regions-snetap-fsu.fr\\\/formation\\\/wp-content\\\/uploads\\\/sites\\\/20\\\/2025\\\/04\\\/cropped-Logo_blanc_fond_transparent_1000x755.png\",\"contentUrl\":\"https:\\\/\\\/regions-snetap-fsu.fr\\\/formation\\\/wp-content\\\/uploads\\\/sites\\\/20\\\/2025\\\/04\\\/cropped-Logo_blanc_fond_transparent_1000x755.png\",\"width\":998,\"height\":689,\"caption\":\"Formation des sites R\u00e9gionaux du SNETAP-FSU\"},\"image\":{\"@id\":\"https:\\\/\\\/regions-snetap-fsu.fr\\\/formation\\\/#\\\/schema\\\/logo\\\/image\\\/\"}},{\"@type\":\"Person\",\"@id\":\"https:\\\/\\\/regions-snetap-fsu.fr\\\/formation\\\/#\\\/schema\\\/person\\\/f5dc7b6354e942ca9c5fa8e9ff7e5c93\",\"name\":\"yoctavien\",\"image\":{\"@type\":\"ImageObject\",\"inLanguage\":\"fr-FR\",\"@id\":\"https:\\\/\\\/secure.gravatar.com\\\/avatar\\\/382642c092b6b9da14641d3c478df2f3da4a2d17eea25691c232d4dbf735c292?s=96&d=mm&r=g\",\"url\":\"https:\\\/\\\/secure.gravatar.com\\\/avatar\\\/382642c092b6b9da14641d3c478df2f3da4a2d17eea25691c232d4dbf735c292?s=96&d=mm&r=g\",\"contentUrl\":\"https:\\\/\\\/secure.gravatar.com\\\/avatar\\\/382642c092b6b9da14641d3c478df2f3da4a2d17eea25691c232d4dbf735c292?s=96&d=mm&r=g\",\"caption\":\"yoctavien\"},\"url\":\"https:\\\/\\\/regions-snetap-fsu.fr\\\/formation\\\/author\\\/yoctavien\\\/\"}]}<\/script>\n<!-- \/ Yoast SEO plugin. -->","yoast_head_json":{"title":"On parle des Hauts-de-France dans la revue EA n\u00b0 405 - Formation des sites R\u00e9gionaux du SNETAP-FSU","robots":{"index":"index","follow":"follow","max-snippet":"max-snippet:-1","max-image-preview":"max-image-preview:large","max-video-preview":"max-video-preview:-1"},"canonical":"https:\/\/regions-snetap-fsu.fr\/formation\/2019\/12\/01\/on-parle-des-hauts-de-france-dans-la-revue-ea-n-405\/","og_locale":"fr_FR","og_type":"article","og_title":"On parle des Hauts-de-France dans la revue EA n\u00b0 405 - Formation des sites R\u00e9gionaux du SNETAP-FSU","og_description":"On parle des Hauts-de-France dans la revue de l&rsquo;Enseignement Agricole n\u00b0 405 &#8211; Novembre, D\u00e9cembre 2019 En amont de l&rsquo;appel \u00e0 la mobilisation du 5 d\u00e9cembre prochain pour la d\u00e9fense de notre syst\u00e8me de retraite et refuser une diminution de nos futures pensions, notre organisation SNETAP-FSU a r\u00e9dig\u00e9 un bulletin sp\u00e9cial \u00ab\u00a0retraite\u00a0\u00bb qui devrait arriver [&hellip;]","og_url":"https:\/\/regions-snetap-fsu.fr\/formation\/2019\/12\/01\/on-parle-des-hauts-de-france-dans-la-revue-ea-n-405\/","og_site_name":"Formation des sites R\u00e9gionaux du SNETAP-FSU","article_published_time":"2019-12-01T11:06:40+00:00","author":"yoctavien","twitter_card":"summary_large_image","twitter_misc":{"\u00c9crit par":"yoctavien","Dur\u00e9e de lecture estim\u00e9e":"7 minutes"},"schema":{"@context":"https:\/\/schema.org","@graph":[{"@type":"Article","@id":"https:\/\/regions-snetap-fsu.fr\/formation\/2019\/12\/01\/on-parle-des-hauts-de-france-dans-la-revue-ea-n-405\/#article","isPartOf":{"@id":"https:\/\/regions-snetap-fsu.fr\/formation\/2019\/12\/01\/on-parle-des-hauts-de-france-dans-la-revue-ea-n-405\/"},"author":{"name":"yoctavien","@id":"https:\/\/regions-snetap-fsu.fr\/formation\/#\/schema\/person\/f5dc7b6354e942ca9c5fa8e9ff7e5c93"},"headline":"On parle des Hauts-de-France dans la revue EA n\u00b0 405","datePublished":"2019-12-01T11:06:40+00:00","mainEntityOfPage":{"@id":"https:\/\/regions-snetap-fsu.fr\/formation\/2019\/12\/01\/on-parle-des-hauts-de-france-dans-la-revue-ea-n-405\/"},"wordCount":1335,"publisher":{"@id":"https:\/\/regions-snetap-fsu.fr\/formation\/#organization"},"image":{"@id":"https:\/\/regions-snetap-fsu.fr\/formation\/2019\/12\/01\/on-parle-des-hauts-de-france-dans-la-revue-ea-n-405\/#primaryimage"},"thumbnailUrl":"https:\/\/regions-snetap-fsu.fr\/hdf\/wp-content\/uploads\/sites\/5\/2019\/12\/Serres_horticoles_Lomme_4_1119-300x236.png","articleSection":["Communiqu\u00e9s"],"inLanguage":"fr-FR"},{"@type":"WebPage","@id":"https:\/\/regions-snetap-fsu.fr\/formation\/2019\/12\/01\/on-parle-des-hauts-de-france-dans-la-revue-ea-n-405\/","url":"https:\/\/regions-snetap-fsu.fr\/formation\/2019\/12\/01\/on-parle-des-hauts-de-france-dans-la-revue-ea-n-405\/","name":"On parle des Hauts-de-France dans la revue EA n\u00b0 405 - Formation des sites R\u00e9gionaux du SNETAP-FSU","isPartOf":{"@id":"https:\/\/regions-snetap-fsu.fr\/formation\/#website"},"primaryImageOfPage":{"@id":"https:\/\/regions-snetap-fsu.fr\/formation\/2019\/12\/01\/on-parle-des-hauts-de-france-dans-la-revue-ea-n-405\/#primaryimage"},"image":{"@id":"https:\/\/regions-snetap-fsu.fr\/formation\/2019\/12\/01\/on-parle-des-hauts-de-france-dans-la-revue-ea-n-405\/#primaryimage"},"thumbnailUrl":"https:\/\/regions-snetap-fsu.fr\/hdf\/wp-content\/uploads\/sites\/5\/2019\/12\/Serres_horticoles_Lomme_4_1119-300x236.png","datePublished":"2019-12-01T11:06:40+00:00","breadcrumb":{"@id":"https:\/\/regions-snetap-fsu.fr\/formation\/2019\/12\/01\/on-parle-des-hauts-de-france-dans-la-revue-ea-n-405\/#breadcrumb"},"inLanguage":"fr-FR","potentialAction":[{"@type":"ReadAction","target":["https:\/\/regions-snetap-fsu.fr\/formation\/2019\/12\/01\/on-parle-des-hauts-de-france-dans-la-revue-ea-n-405\/"]}]},{"@type":"ImageObject","inLanguage":"fr-FR","@id":"https:\/\/regions-snetap-fsu.fr\/formation\/2019\/12\/01\/on-parle-des-hauts-de-france-dans-la-revue-ea-n-405\/#primaryimage","url":"https:\/\/regions-snetap-fsu.fr\/hdf\/wp-content\/uploads\/sites\/5\/2019\/12\/Serres_horticoles_Lomme_4_1119-300x236.png","contentUrl":"https:\/\/regions-snetap-fsu.fr\/hdf\/wp-content\/uploads\/sites\/5\/2019\/12\/Serres_horticoles_Lomme_4_1119-300x236.png"},{"@type":"BreadcrumbList","@id":"https:\/\/regions-snetap-fsu.fr\/formation\/2019\/12\/01\/on-parle-des-hauts-de-france-dans-la-revue-ea-n-405\/#breadcrumb","itemListElement":[{"@type":"ListItem","position":1,"name":"Accueil","item":"https:\/\/regions-snetap-fsu.fr\/formation\/"},{"@type":"ListItem","position":2,"name":"On parle des Hauts-de-France dans la revue EA n\u00b0 405"}]},{"@type":"WebSite","@id":"https:\/\/regions-snetap-fsu.fr\/formation\/#website","url":"https:\/\/regions-snetap-fsu.fr\/formation\/","name":"Formation des sites R\u00e9gionaux du SNETAP-FSU","description":"","publisher":{"@id":"https:\/\/regions-snetap-fsu.fr\/formation\/#organization"},"potentialAction":[{"@type":"SearchAction","target":{"@type":"EntryPoint","urlTemplate":"https:\/\/regions-snetap-fsu.fr\/formation\/?s={search_term_string}"},"query-input":{"@type":"PropertyValueSpecification","valueRequired":true,"valueName":"search_term_string"}}],"inLanguage":"fr-FR"},{"@type":"Organization","@id":"https:\/\/regions-snetap-fsu.fr\/formation\/#organization","name":"Formation des sites R\u00e9gionaux du SNETAP-FSU","url":"https:\/\/regions-snetap-fsu.fr\/formation\/","logo":{"@type":"ImageObject","inLanguage":"fr-FR","@id":"https:\/\/regions-snetap-fsu.fr\/formation\/#\/schema\/logo\/image\/","url":"https:\/\/regions-snetap-fsu.fr\/formation\/wp-content\/uploads\/sites\/20\/2025\/04\/cropped-Logo_blanc_fond_transparent_1000x755.png","contentUrl":"https:\/\/regions-snetap-fsu.fr\/formation\/wp-content\/uploads\/sites\/20\/2025\/04\/cropped-Logo_blanc_fond_transparent_1000x755.png","width":998,"height":689,"caption":"Formation des sites R\u00e9gionaux du SNETAP-FSU"},"image":{"@id":"https:\/\/regions-snetap-fsu.fr\/formation\/#\/schema\/logo\/image\/"}},{"@type":"Person","@id":"https:\/\/regions-snetap-fsu.fr\/formation\/#\/schema\/person\/f5dc7b6354e942ca9c5fa8e9ff7e5c93","name":"yoctavien","image":{"@type":"ImageObject","inLanguage":"fr-FR","@id":"https:\/\/secure.gravatar.com\/avatar\/382642c092b6b9da14641d3c478df2f3da4a2d17eea25691c232d4dbf735c292?s=96&d=mm&r=g","url":"https:\/\/secure.gravatar.com\/avatar\/382642c092b6b9da14641d3c478df2f3da4a2d17eea25691c232d4dbf735c292?s=96&d=mm&r=g","contentUrl":"https:\/\/secure.gravatar.com\/avatar\/382642c092b6b9da14641d3c478df2f3da4a2d17eea25691c232d4dbf735c292?s=96&d=mm&r=g","caption":"yoctavien"},"url":"https:\/\/regions-snetap-fsu.fr\/formation\/author\/yoctavien\/"}]}},"_links":{"self":[{"href":"https:\/\/regions-snetap-fsu.fr\/formation\/wp-json\/wp\/v2\/posts\/3662","targetHints":{"allow":["GET"]}}],"collection":[{"href":"https:\/\/regions-snetap-fsu.fr\/formation\/wp-json\/wp\/v2\/posts"}],"about":[{"href":"https:\/\/regions-snetap-fsu.fr\/formation\/wp-json\/wp\/v2\/types\/post"}],"author":[{"embeddable":true,"href":"https:\/\/regions-snetap-fsu.fr\/formation\/wp-json\/wp\/v2\/users\/138"}],"replies":[{"embeddable":true,"href":"https:\/\/regions-snetap-fsu.fr\/formation\/wp-json\/wp\/v2\/comments?post=3662"}],"version-history":[{"count":0,"href":"https:\/\/regions-snetap-fsu.fr\/formation\/wp-json\/wp\/v2\/posts\/3662\/revisions"}],"wp:attachment":[{"href":"https:\/\/regions-snetap-fsu.fr\/formation\/wp-json\/wp\/v2\/media?parent=3662"}],"wp:term":[{"taxonomy":"category","embeddable":true,"href":"https:\/\/regions-snetap-fsu.fr\/formation\/wp-json\/wp\/v2\/categories?post=3662"},{"taxonomy":"post_tag","embeddable":true,"href":"https:\/\/regions-snetap-fsu.fr\/formation\/wp-json\/wp\/v2\/tags?post=3662"},{"taxonomy":"post_folder","embeddable":true,"href":"https:\/\/regions-snetap-fsu.fr\/formation\/wp-json\/wp\/v2\/post_folder?post=3662"}],"curies":[{"name":"wp","href":"https:\/\/api.w.org\/{rel}","templated":true}]}}