{"id":3637,"date":"2019-11-30T19:06:23","date_gmt":"2019-11-30T18:06:23","guid":{"rendered":"https:\/\/regions-snetap-fsu.fr\/hdf\/?p=3637"},"modified":"2019-11-30T19:06:23","modified_gmt":"2019-11-30T18:06:23","slug":"le-5-decembre-il-ny-aura-que-deux-choix","status":"publish","type":"post","link":"https:\/\/regions-snetap-fsu.fr\/formation\/2019\/11\/30\/le-5-decembre-il-ny-aura-que-deux-choix\/","title":{"rendered":"Le 5 d\u00e9cembre, il n&rsquo;y aura que deux choix !"},"content":{"rendered":"<h2 style=\"text-align: center\"><span style=\"color: #ff0000;font-family: tahoma, arial, helvetica, sans-serif\">Le 5 d\u00e9cembre,<\/span><\/h2>\n<h2 style=\"text-align: center\"><span style=\"color: #ff0000;font-family: tahoma, arial, helvetica, sans-serif\">il n&rsquo;y aura que deux choix !<\/span><\/h2>\n<blockquote>\n<p style=\"text-align: justify\"><span style=\"color: #0000ff;font-family: tahoma, arial, helvetica, sans-serif\">Pour les n\u00e9o-lib\u00e9raux, le gouvernement et le pr\u00e9sident de la r\u00e9publique, qui seront tr\u00e8s attentifs aux chiffres des gr\u00e9vistes et des manifestant\u00b7es secteur par secteur afin de d\u00e9cider jusqu&rsquo;\u00e0 quel niveau ils peuvent utiliser le \u00ab\u00a0presse citron\u00a0\u00bb, seuls deux choix seront \u00e0 faire en cette journ\u00e9e de mobilisation du jeudi 5 d\u00e9cembre 2019&#8230;<\/span><\/p>\n<\/blockquote>\n<p><!--more--><\/p>\n<ul>\n<li style=\"text-align: justify\"><span style=\"color: #0000ff;font-family: tahoma, arial, helvetica, sans-serif\">Non gr\u00e8ve ou non manifestation (pour celles et ceux qui ne seront pas en service) =\u00a0 soutient au projet de r\u00e9forme de retraites \u00e0 points et carte blanche pour cette r\u00e9forme.<\/span><\/li>\n<li style=\"text-align: justify\"><span style=\"color: #0000ff;font-family: tahoma, arial, helvetica, sans-serif\">Gr\u00e8ve ou manifestation = Opposition au projet de r\u00e9forme de retraites \u00e0 points que veut imposer le gouvernement.<\/span><\/li>\n<\/ul>\n<p style=\"text-align: justify\"><span style=\"color: #0000ff;font-family: tahoma, arial, helvetica, sans-serif\">Aucun autre choix ne sera retenu. Aucune excuse ne sera retenue&#8230; Vous \u00eates oblig\u00e9\u00b7es de vous engager dans un de ces deux choix ci-dessus !<\/span><\/p>\n<p style=\"text-align: center\"><strong><span style=\"color: #ff0000;font-family: tahoma, arial, helvetica, sans-serif\">Face \u00e0 l&rsquo;enjeu soci\u00e9tal qui conditionnera notre avenir social,<\/span><\/strong><\/p>\n<p style=\"text-align: center\"><strong><span style=\"color: #ff0000;font-family: tahoma, arial, helvetica, sans-serif\">il n&rsquo;y a pas de non choix possible !<\/span><\/strong><\/p>\n<p style=\"text-align: justify\"><span style=\"color: #0000ff;font-family: tahoma, arial, helvetica, sans-serif\">Selon le nombre de mobilis\u00e9\u00b7es, <\/span><span style=\"color: #0000ff;font-family: tahoma, arial, helvetica, sans-serif\">lors de ce jeudi 5 d\u00e9cembre 2019<\/span><span style=\"color: #0000ff;font-family: tahoma, arial, helvetica, sans-serif\">, notre devise r\u00e9publicaine \u00ab\u00a0Libert\u00e9, \u00c9galit\u00e9, Fraternit\u00e9\u00a0\u00bb sera attaqu\u00e9e ou pas !<\/span><\/p>\n<p style=\"text-align: justify\"><span style=\"color: #0000ff;font-family: tahoma, arial, helvetica, sans-serif\"><strong><span style=\"color: #ff0000\">Libert\u00e9 attaqu\u00e9e <\/span><\/strong>: Cette r\u00e9forme entra\u00eenera une baisse de pouvoir d&rsquo;achat car nous serons majoritairement perdant\u00b7es. Pour \u00e9chapper \u00e0 la mis\u00e8re certain\u00b7es devront prendre \u00ab\u00a0un petit travail\u00a0\u00bb pour combler une faible pension. Celles ou ceux qui ne pourront pas, pour diverses raisons, s&rsquo;appauvriront ou subiront le d\u00e9classement de leur milieu social. Dans ces conditions, comment pouvez-vous avoir la libert\u00e9 de choisir votre vie sociale m\u00e9rit\u00e9e apr\u00e8s plusieurs ann\u00e9es de labeur et de sacrifice ?<\/span><\/p>\n<p><span style=\"text-decoration: underline;color: #000000\"><a style=\"color: #000000;text-decoration: underline\" href=\"https:\/\/www.etmaretraite.fr\/\" target=\"_blank\" rel=\"noopener noreferrer\">Liens : SNES-FSU &#8211; Simulateur retraites<\/a><\/span><\/p>\n<p style=\"text-align: justify\"><span style=\"font-family: tahoma, arial, helvetica, sans-serif\"><strong><span style=\"color: #ff0000\">\u00c9galit\u00e9 attaqu\u00e9e <\/span><\/strong>: <span style=\"color: #0000ff\">La liste des in\u00e9galit\u00e9s qu\u2019induira ce projet de r\u00e9forme des retraites\u00a0 est tr\u00e8s longue. Pour n&rsquo;en citer qu&rsquo;une, ce projet accentuera l&rsquo;in\u00e9galit\u00e9 Hommes\/Femmes, bien plus que notre mod\u00e8le actuel. La\u00a0 situation des femmes est bien connue : elles souffrent des in\u00e9galit\u00e9s de salaires, des faibles r\u00e9mun\u00e9rations des m\u00e9tiers \u00e0 dominante f\u00e9minine, des carri\u00e8res plus courtes que celles des hommes du fait de carri\u00e8res morcel\u00e9es par le temps partiel, la pr\u00e9carit\u00e9 et les interruptions d\u2019activit\u00e9 en raison de l&rsquo;investissement parental et domestique. <\/span><\/span><\/p>\n<p><span style=\"font-family: tahoma, arial, helvetica, sans-serif;color: #0000ff\">Ci-dessous le tract unitaire de deux pages :<\/span><\/p>\n\n\t\t<div class=\"wppdfemb-frame-container-1\" style=\"-webkit-overflow-scrolling:auto;\">\n\t\t\t<iframe class=\"pdfembed-iframe nonfullscreen wppdf-emb-iframe-1\"\n\t\t\t\tsrc=\"https:\/\/regions-snetap-fsu.fr\/formation\/?pdfemb-data=eyJ1cmwiOiJodHRwczpcL1wvcmVnaW9ucy1zbmV0YXAtZnN1LmZyXC9oZGZcL3dwLWNvbnRlbnRcL3VwbG9hZHNcL3NpdGVzXC81XC8yMDE5XC8xMVwvdHJhY3QtdW5pdGFpcmVfcmV0cmFpdGVzX2ZlbW1lc18yOF8xMTE5LnBkZiIsInRpdGxlIjoidHJhY3QgdW5pdGFpcmVfcmV0cmFpdGVzX2ZlbW1lc18yOF8xMTE5IiwiaW5kZXgiOjEsInBkZklEIjowfQ\"\n\t\t\t\ttitle=\"tract unitaire_retraites_femmes_28_1119\"\t\t\t\tdata-pdf-id=\"0\"\n\t\t\t\tdata-pdf-index=\"1\"\n\t\t\t\tstyle=\"border:none;width:100%;max-width:100%;height:100vh;\"\n\t\t\t\tscrolling=\"yes\">\n\t\t\t<\/iframe>\n\t\t<\/div>\n\n\t\t\n<p>&nbsp;<\/p>\n<p style=\"text-align: justify\"><span style=\"font-family: tahoma, arial, helvetica, sans-serif\"><span style=\"color: #0000ff\"><strong><span style=\"color: #ff0000\">Pour les fonctionnaires, le monde enseignant, ce sera une injustice.<\/span><\/strong><br \/>\n<\/span><\/span><\/p>\n<p><span style=\"font-family: tahoma, arial, helvetica, sans-serif;color: #0000ff\">\u00ab\u00a0<em>Il y a un risque que les enseignants soient perdants [&#8230;] Le probl\u00e8me est reconnu et partag\u00e9 [&#8230;] le fait de prendre toute la carri\u00e8re en compte et pas les six derniers mois [&#8230;] les enseignants ont moins de primes que d&rsquo;autres corps comparables<\/em>\u00a0\u00bb Paroles de Jean-Michel Blanquer &#8211; BFMTV (BFM politique), le 13\/10\/19<\/span><\/p>\n<p style=\"text-align: justify\"><strong><span style=\"font-family: tahoma, arial, helvetica, sans-serif;color: #ff0000\">Pendant ce temps, les plus riches creusent toujours l&rsquo;\u00e9cart en devenant encore plus riche. <\/span><\/strong><\/p>\n<p><span style=\"font-family: tahoma, arial, helvetica, sans-serif\"><strong><span style=\"color: #ff0000\">Le moins riche des plus riches est aujourd&rsquo;hui dix fois plus riche qu&rsquo;en 1996 !<\/span><\/strong><\/span><\/p>\n<p style=\"text-align: justify\"><span style=\"font-family: tahoma, arial, helvetica, sans-serif;color: #0000ff\">En 1996, il \u00ab\u00a0suffisait\u00a0\u00bb d&rsquo;avoir 14 millions d&rsquo;euros pour rentrer dans le club des 500 plus grandes fortunes. D\u00e9sormais, il faut quasiment dix fois plus : <strong>le FMIC (Fortune Minimum pour Int\u00e9grer le Classement) est d\u00e9sormais situ\u00e9 aux alentours de 130 millions d&rsquo;euros en 2017<\/strong> (contre 100 millions l&rsquo;ann\u00e9e 2016) (Source : Franceinter.fr &#8211; <a href=\"https:\/\/www.franceinter.fr\/economie\/les-500-francais-les-plus-riches-sont-encore-plus-riches\" target=\"_blank\" rel=\"noopener noreferrer\"><span style=\"text-decoration: underline;color: #000000\">Lien : Franceinter.fr &#8211; Les 500 Fran\u00e7ais les plus riches sont encore plus riches<\/span><\/a>).<br \/>\n<\/span><\/p>\n<p style=\"text-align: justify\"><span style=\"font-family: tahoma, arial, helvetica, sans-serif\"><strong><span style=\"color: #ff0000\">Fraternit\u00e9 attaqu\u00e9e<\/span><\/strong> : <span style=\"color: #0000ff\">Le projet de r\u00e9forme des retraites propose un syst\u00e8me par points. <strong>Au nom du march\u00e9, on remet en cause le principe de solidarit\u00e9 instaur\u00e9 par le Conseil National de la R\u00e9sistance au lendemain du gouvernement de Vichy pour un syst\u00e8me individualis\u00e9 dans lequel nous seront majoritairement perdant\u00b7es. <\/strong>Principe de solidarit\u00e9 qui fait la force de la protection sociale en France et qui contribue \u00e0 assurer la paix.<br \/>\n<\/span><\/span><\/p>\n<p style=\"text-align: justify\"><span style=\"color: #0000ff;font-family: tahoma, arial, helvetica, sans-serif\"><strong><span style=\"color: #ff0000\">Le projet pr\u00e9sent\u00e9 vise \u00e0 nous faire travailler plus longtemps, avec une pension al\u00e9atoire en fonction d\u2019une valeur de point fluctuante.<\/span><\/strong><br \/>\n<\/span><\/p>\n<p style=\"text-align: justify\"><span style=\"font-family: tahoma, arial, helvetica, sans-serif;color: #0000ff\">Avec ce projet, la retraite deviendra une loterie. Aucune le\u00e7on n&rsquo;a \u00e9t\u00e9 retenue depuis la derni\u00e8re crise financi\u00e8re de 2007-2008, faisant augmenter la probabilit\u00e9 d&rsquo;une prochaine crise financi\u00e8re qui s&rsquo;annonce plus dure :<\/span><\/p>\n<ul>\n<li style=\"text-align: justify\"><span style=\"color: #0000ff;font-family: tahoma, arial, helvetica, sans-serif\">l&rsquo;\u00e9conomie mondiale est devenue de plus en plus instable ;<\/span><\/li>\n<li style=\"text-align: justify\"><span style=\"font-family: tahoma, arial, helvetica, sans-serif;color: #0000ff\">Les banques centrales avec les taux directeurs jamais aussi bas et les vastes programmes de rachats d&rsquo;actifs lanc\u00e9s ont explos\u00e9 leur bilan ;<br \/>\n<\/span><\/li>\n<li style=\"text-align: justify\"><span style=\"color: #0000ff;font-family: tahoma, arial, helvetica, sans-serif\">La mont\u00e9e des populismes, de l&rsquo;extr\u00eame droite continue toujours. \u00ab\u00a0<em>La seule mont\u00e9e des populismes comparable \u00e0 celle que nous vivons actuellement a commenc\u00e9 dans les ann\u00e9es 1920 et culmin\u00e9 lors de la seconde guerre mondiale. M\u00eame si les populismes ces derni\u00e8res ann\u00e9es se sont r\u00e9v\u00e9l\u00e9s impr\u00e9visibles, leur mont\u00e9e augmente les risques pesant sur l\u2019ordre mondial et pourrait bien d\u00e9clencher un crise financi\u00e8re<\/em>\u00a0\u00bb \u00e9crit la Deutsche Bank ;<br \/>\n<\/span><\/li>\n<li style=\"text-align: justify\"><span style=\"font-family: tahoma, arial, helvetica, sans-serif;color: #0000ff\">La premi\u00e8re banque allemande se demande si nous sommes \u00e0 court de solutions pour amortir un nouveau choc. En effet, dans le sillage de la crise, les Etats se sont fortement endett\u00e9s pour tenter de sauver leurs \u00e9conomies. Deutsche Bank n\u2019est pas s\u00fbre que les gouvernements aient des marges de man\u0153uvre suffisantes pour agir aussi agressivement en cas de besoin ;<br \/>\n<\/span><\/li>\n<li style=\"text-align: justify\"><span style=\"font-family: tahoma, arial, helvetica, sans-serif;color: #0000ff\">Le Japon vieillissant et surendett\u00e9 est devenu une bombe \u00e0 retardement pour d\u00e9clencher une crise;<br \/>\n<\/span><\/li>\n<li style=\"text-align: justify\"><span style=\"font-family: tahoma, arial, helvetica, sans-serif;color: #0000ff\">Des pays europ\u00e9ens et mondiaux sont en crise politique. Les syst\u00e8mes politiques sont encore plus instable. Nous approchons de la situations des ann\u00e9es 30 avec la perc\u00e9 du fascisme et du nazisme. Hier c&rsquo;\u00e9tait les juifs mis sur le banc des accus\u00e9s, aujourd&rsquo;hui ce sont les musulmans&#8230; ;<\/span><\/li>\n<li style=\"text-align: justify\"><span style=\"font-family: tahoma, arial, helvetica, sans-serif;color: #0000ff\">Le manque d&rsquo;anticipation du changement climatique risquera d&rsquo;accentuer les co\u00fbts financiers non pr\u00e9vus pour r\u00e9parer les d\u00e9g\u00e2ts climatiques et assurer l\u2019accueil des populations d\u00e9plac\u00e9es ayant perdu leur terre.<\/span><\/li>\n<\/ul>\n<p style=\"text-align: justify\"><span style=\"color: #0000ff;font-family: tahoma, arial, helvetica, sans-serif\">Donc oui la probabilit\u00e9 d&rsquo;une crise financi\u00e8re est importante si cela n&rsquo;aboutit pas jusqu&rsquo;au conflit entre les peuples, les communaut\u00e9s&#8230;<\/span><\/p>\n<p style=\"text-align: justify\"><strong><span style=\"color: #ff0000;font-family: tahoma, arial, helvetica, sans-serif\">Dans ces conditions le syst\u00e8me de retraite \u00e0 points sera une loterie. Quelles g\u00e9n\u00e9rations subiront la chute de la valeur du point avant leur mort ?<\/span><\/strong><\/p>\n<p style=\"text-align: justify\"><span style=\"color: #0000ff;font-family: tahoma, arial, helvetica, sans-serif\">N&rsquo;oubliez pas, qu&rsquo;apr\u00e8s les retraites, le pr\u00e9sident Macron s&rsquo;attaquera sur nos heures de service !<\/span><\/p>\n<p><span style=\"color: #0000ff;font-family: tahoma, arial, helvetica, sans-serif\">\u00ab\u00a0&#8230; Donc le passage au nouveau syst\u00e8me pour les enseignants ne peut aller qu&rsquo;avec une transformation de la carri\u00e8re [&#8230;] peut-\u00eatre on change aussi le temps de travail [&#8230;] on regarde aussi les p\u00e9riodes de vacances&#8230;\u00a0\u00bb Pr\u00e9sident Macron &#8211; Rodez le 3\/10\/19<\/span><\/p>\n<p style=\"text-align: justify\"><span style=\"color: #0000ff;font-family: tahoma, arial, helvetica, sans-serif\">D\u00e9j\u00e0 que nos directions avec la complicit\u00e9 de la DRAAF-SRFD anticipent avec la d\u00e9r\u00e9glementation &#8230;<\/span><\/p>\n<p style=\"text-align: center\"><strong><span style=\"color: #ff0000;font-family: tahoma, arial, helvetica, sans-serif\">\u00ab\u00a0Les jeunes dans la gal\u00e8re, les adultes pr\u00e9caires, les vieux dans la mis\u00e8re&#8230;<\/span><\/strong><\/p>\n<p style=\"text-align: center\"><strong><span style=\"color: #ff0000;font-family: tahoma, arial, helvetica, sans-serif\">On n&rsquo;en veut pas de cette soci\u00e9t\u00e9 &#8211; l\u00e0 ! &#8230;<\/span><\/strong><\/p>\n<p style=\"text-align: center\"><strong><span style=\"color: #ff0000;font-family: tahoma, arial, helvetica, sans-serif\">On veut, on veut, un vrai pouvoir d&rsquo;achat !\u00a0\u00bb<\/span><\/strong><\/p>\n<h3 style=\"text-align: center\"><span style=\"color: #008000;font-family: tahoma, arial, helvetica, sans-serif\">Toutes et tous ensemble en gr\u00e8ve&#8230;<\/span><\/h3>\n<h3 style=\"text-align: center\"><span style=\"color: #008000;font-family: tahoma, arial, helvetica, sans-serif\">&#8230;toutes et tous ensemble dans la rue&#8230;<\/span><\/h3>\n<h3 style=\"text-align: center\"><span style=\"color: #008000;font-family: tahoma, arial, helvetica, sans-serif\">&#8230; le jeudi 5 d\u00e9cembre 2019 !<\/span><\/h3>\n<p><img decoding=\"async\" class=\"aligncenter size-medium wp-image-3292\" src=\"https:\/\/regions-snetap-fsu.fr\/hdf\/wp-content\/uploads\/sites\/5\/2019\/10\/Greve_reforme_retraite_5_dec_2019-300x97.png\" alt=\"\" width=\"300\" height=\"97\" \/><\/p>\n","protected":false},"excerpt":{"rendered":"<p>Le 5 d\u00e9cembre, il n&rsquo;y aura que deux choix ! Pour les n\u00e9o-lib\u00e9raux, le gouvernement et le pr\u00e9sident de la r\u00e9publique, qui seront tr\u00e8s attentifs aux chiffres des gr\u00e9vistes et des manifestant\u00b7es secteur par secteur afin de d\u00e9cider jusqu&rsquo;\u00e0 quel niveau ils peuvent utiliser le \u00ab\u00a0presse citron\u00a0\u00bb, seuls deux choix seront \u00e0 faire en cette [&hellip;]<\/p>\n","protected":false},"author":138,"featured_media":0,"comment_status":"closed","ping_status":"closed","sticky":false,"template":"","format":"standard","meta":{"ocean_post_layout":"","ocean_both_sidebars_style":"","ocean_both_sidebars_content_width":0,"ocean_both_sidebars_sidebars_width":0,"ocean_sidebar":"","ocean_second_sidebar":"","ocean_disable_margins":"enable","ocean_add_body_class":"","ocean_shortcode_before_top_bar":"","ocean_shortcode_after_top_bar":"","ocean_shortcode_before_header":"","ocean_shortcode_after_header":"","ocean_has_shortcode":"","ocean_shortcode_after_title":"","ocean_shortcode_before_footer_widgets":"","ocean_shortcode_after_footer_widgets":"","ocean_shortcode_before_footer_bottom":"","ocean_shortcode_after_footer_bottom":"","ocean_display_top_bar":"default","ocean_display_header":"default","ocean_header_style":"","ocean_center_header_left_menu":"","ocean_custom_header_template":"","ocean_custom_logo":0,"ocean_custom_retina_logo":0,"ocean_custom_logo_max_width":0,"ocean_custom_logo_tablet_max_width":0,"ocean_custom_logo_mobile_max_width":0,"ocean_custom_logo_max_height":0,"ocean_custom_logo_tablet_max_height":0,"ocean_custom_logo_mobile_max_height":0,"ocean_header_custom_menu":"","ocean_menu_typo_font_family":"","ocean_menu_typo_font_subset":"","ocean_menu_typo_font_size":0,"ocean_menu_typo_font_size_tablet":0,"ocean_menu_typo_font_size_mobile":0,"ocean_menu_typo_font_size_unit":"px","ocean_menu_typo_font_weight":"","ocean_menu_typo_font_weight_tablet":"","ocean_menu_typo_font_weight_mobile":"","ocean_menu_typo_transform":"","ocean_menu_typo_transform_tablet":"","ocean_menu_typo_transform_mobile":"","ocean_menu_typo_line_height":0,"ocean_menu_typo_line_height_tablet":0,"ocean_menu_typo_line_height_mobile":0,"ocean_menu_typo_line_height_unit":"","ocean_menu_typo_spacing":0,"ocean_menu_typo_spacing_tablet":0,"ocean_menu_typo_spacing_mobile":0,"ocean_menu_typo_spacing_unit":"","ocean_menu_link_color":"","ocean_menu_link_color_hover":"","ocean_menu_link_color_active":"","ocean_menu_link_background":"","ocean_menu_link_hover_background":"","ocean_menu_link_active_background":"","ocean_menu_social_links_bg":"","ocean_menu_social_hover_links_bg":"","ocean_menu_social_links_color":"","ocean_menu_social_hover_links_color":"","ocean_disable_title":"default","ocean_disable_heading":"default","ocean_post_title":"","ocean_post_subheading":"","ocean_post_title_style":"","ocean_post_title_background_color":"","ocean_post_title_background":0,"ocean_post_title_bg_image_position":"","ocean_post_title_bg_image_attachment":"","ocean_post_title_bg_image_repeat":"","ocean_post_title_bg_image_size":"","ocean_post_title_height":0,"ocean_post_title_bg_overlay":0.5,"ocean_post_title_bg_overlay_color":"","ocean_disable_breadcrumbs":"default","ocean_breadcrumbs_color":"","ocean_breadcrumbs_separator_color":"","ocean_breadcrumbs_links_color":"","ocean_breadcrumbs_links_hover_color":"","ocean_display_footer_widgets":"default","ocean_display_footer_bottom":"default","ocean_custom_footer_template":"","ocean_post_oembed":"","ocean_post_self_hosted_media":"","ocean_post_video_embed":"","ocean_link_format":"","ocean_link_format_target":"self","ocean_quote_format":"","ocean_quote_format_link":"post","ocean_gallery_link_images":"on","ocean_gallery_id":[],"footnotes":""},"categories":[3,11],"tags":[],"post_folder":[],"class_list":["post-3637","post","type-post","status-publish","format-standard","hentry","category-actions-greves-manifs","category-communiques","entry"],"yoast_head":"<!-- This site is optimized with the Yoast SEO plugin v27.4 - https:\/\/yoast.com\/product\/yoast-seo-wordpress\/ -->\n<title>Le 5 d\u00e9cembre, il n&#039;y aura que deux choix ! - Formation des sites R\u00e9gionaux du SNETAP-FSU<\/title>\n<meta name=\"robots\" content=\"index, follow, max-snippet:-1, max-image-preview:large, max-video-preview:-1\" \/>\n<link rel=\"canonical\" href=\"https:\/\/regions-snetap-fsu.fr\/formation\/2019\/11\/30\/le-5-decembre-il-ny-aura-que-deux-choix\/\" \/>\n<meta property=\"og:locale\" content=\"fr_FR\" \/>\n<meta property=\"og:type\" content=\"article\" \/>\n<meta property=\"og:title\" content=\"Le 5 d\u00e9cembre, il n&#039;y aura que deux choix ! - Formation des sites R\u00e9gionaux du SNETAP-FSU\" \/>\n<meta property=\"og:description\" content=\"Le 5 d\u00e9cembre, il n&rsquo;y aura que deux choix ! Pour les n\u00e9o-lib\u00e9raux, le gouvernement et le pr\u00e9sident de la r\u00e9publique, qui seront tr\u00e8s attentifs aux chiffres des gr\u00e9vistes et des manifestant\u00b7es secteur par secteur afin de d\u00e9cider jusqu&rsquo;\u00e0 quel niveau ils peuvent utiliser le \u00ab\u00a0presse citron\u00a0\u00bb, seuls deux choix seront \u00e0 faire en cette [&hellip;]\" \/>\n<meta property=\"og:url\" content=\"https:\/\/regions-snetap-fsu.fr\/formation\/2019\/11\/30\/le-5-decembre-il-ny-aura-que-deux-choix\/\" \/>\n<meta property=\"og:site_name\" content=\"Formation des sites R\u00e9gionaux du SNETAP-FSU\" \/>\n<meta property=\"article:published_time\" content=\"2019-11-30T18:06:23+00:00\" \/>\n<meta name=\"author\" content=\"yoctavien\" \/>\n<meta name=\"twitter:card\" content=\"summary_large_image\" \/>\n<meta name=\"twitter:label1\" content=\"\u00c9crit par\" \/>\n\t<meta name=\"twitter:data1\" content=\"yoctavien\" \/>\n\t<meta name=\"twitter:label2\" content=\"Dur\u00e9e de lecture estim\u00e9e\" \/>\n\t<meta name=\"twitter:data2\" content=\"6 minutes\" \/>\n<script type=\"application\/ld+json\" class=\"yoast-schema-graph\">{\"@context\":\"https:\\\/\\\/schema.org\",\"@graph\":[{\"@type\":\"Article\",\"@id\":\"https:\\\/\\\/regions-snetap-fsu.fr\\\/formation\\\/2019\\\/11\\\/30\\\/le-5-decembre-il-ny-aura-que-deux-choix\\\/#article\",\"isPartOf\":{\"@id\":\"https:\\\/\\\/regions-snetap-fsu.fr\\\/formation\\\/2019\\\/11\\\/30\\\/le-5-decembre-il-ny-aura-que-deux-choix\\\/\"},\"author\":{\"name\":\"yoctavien\",\"@id\":\"https:\\\/\\\/regions-snetap-fsu.fr\\\/formation\\\/#\\\/schema\\\/person\\\/f5dc7b6354e942ca9c5fa8e9ff7e5c93\"},\"headline\":\"Le 5 d\u00e9cembre, il n&rsquo;y aura que deux choix !\",\"datePublished\":\"2019-11-30T18:06:23+00:00\",\"mainEntityOfPage\":{\"@id\":\"https:\\\/\\\/regions-snetap-fsu.fr\\\/formation\\\/2019\\\/11\\\/30\\\/le-5-decembre-il-ny-aura-que-deux-choix\\\/\"},\"wordCount\":1184,\"publisher\":{\"@id\":\"https:\\\/\\\/regions-snetap-fsu.fr\\\/formation\\\/#organization\"},\"image\":{\"@id\":\"https:\\\/\\\/regions-snetap-fsu.fr\\\/formation\\\/2019\\\/11\\\/30\\\/le-5-decembre-il-ny-aura-que-deux-choix\\\/#primaryimage\"},\"thumbnailUrl\":\"https:\\\/\\\/regions-snetap-fsu.fr\\\/hdf\\\/wp-content\\\/uploads\\\/sites\\\/5\\\/2019\\\/10\\\/Greve_reforme_retraite_5_dec_2019-300x97.png\",\"articleSection\":[\"Actions - Gr\u00e8ves - Manifs\",\"Communiqu\u00e9s\"],\"inLanguage\":\"fr-FR\"},{\"@type\":\"WebPage\",\"@id\":\"https:\\\/\\\/regions-snetap-fsu.fr\\\/formation\\\/2019\\\/11\\\/30\\\/le-5-decembre-il-ny-aura-que-deux-choix\\\/\",\"url\":\"https:\\\/\\\/regions-snetap-fsu.fr\\\/formation\\\/2019\\\/11\\\/30\\\/le-5-decembre-il-ny-aura-que-deux-choix\\\/\",\"name\":\"Le 5 d\u00e9cembre, il n'y aura que deux choix ! - Formation des sites R\u00e9gionaux du SNETAP-FSU\",\"isPartOf\":{\"@id\":\"https:\\\/\\\/regions-snetap-fsu.fr\\\/formation\\\/#website\"},\"primaryImageOfPage\":{\"@id\":\"https:\\\/\\\/regions-snetap-fsu.fr\\\/formation\\\/2019\\\/11\\\/30\\\/le-5-decembre-il-ny-aura-que-deux-choix\\\/#primaryimage\"},\"image\":{\"@id\":\"https:\\\/\\\/regions-snetap-fsu.fr\\\/formation\\\/2019\\\/11\\\/30\\\/le-5-decembre-il-ny-aura-que-deux-choix\\\/#primaryimage\"},\"thumbnailUrl\":\"https:\\\/\\\/regions-snetap-fsu.fr\\\/hdf\\\/wp-content\\\/uploads\\\/sites\\\/5\\\/2019\\\/10\\\/Greve_reforme_retraite_5_dec_2019-300x97.png\",\"datePublished\":\"2019-11-30T18:06:23+00:00\",\"breadcrumb\":{\"@id\":\"https:\\\/\\\/regions-snetap-fsu.fr\\\/formation\\\/2019\\\/11\\\/30\\\/le-5-decembre-il-ny-aura-que-deux-choix\\\/#breadcrumb\"},\"inLanguage\":\"fr-FR\",\"potentialAction\":[{\"@type\":\"ReadAction\",\"target\":[\"https:\\\/\\\/regions-snetap-fsu.fr\\\/formation\\\/2019\\\/11\\\/30\\\/le-5-decembre-il-ny-aura-que-deux-choix\\\/\"]}]},{\"@type\":\"ImageObject\",\"inLanguage\":\"fr-FR\",\"@id\":\"https:\\\/\\\/regions-snetap-fsu.fr\\\/formation\\\/2019\\\/11\\\/30\\\/le-5-decembre-il-ny-aura-que-deux-choix\\\/#primaryimage\",\"url\":\"https:\\\/\\\/regions-snetap-fsu.fr\\\/hdf\\\/wp-content\\\/uploads\\\/sites\\\/5\\\/2019\\\/10\\\/Greve_reforme_retraite_5_dec_2019-300x97.png\",\"contentUrl\":\"https:\\\/\\\/regions-snetap-fsu.fr\\\/hdf\\\/wp-content\\\/uploads\\\/sites\\\/5\\\/2019\\\/10\\\/Greve_reforme_retraite_5_dec_2019-300x97.png\"},{\"@type\":\"BreadcrumbList\",\"@id\":\"https:\\\/\\\/regions-snetap-fsu.fr\\\/formation\\\/2019\\\/11\\\/30\\\/le-5-decembre-il-ny-aura-que-deux-choix\\\/#breadcrumb\",\"itemListElement\":[{\"@type\":\"ListItem\",\"position\":1,\"name\":\"Accueil\",\"item\":\"https:\\\/\\\/regions-snetap-fsu.fr\\\/formation\\\/\"},{\"@type\":\"ListItem\",\"position\":2,\"name\":\"Le 5 d\u00e9cembre, il n&rsquo;y aura que deux choix !\"}]},{\"@type\":\"WebSite\",\"@id\":\"https:\\\/\\\/regions-snetap-fsu.fr\\\/formation\\\/#website\",\"url\":\"https:\\\/\\\/regions-snetap-fsu.fr\\\/formation\\\/\",\"name\":\"Formation des sites R\u00e9gionaux du SNETAP-FSU\",\"description\":\"\",\"publisher\":{\"@id\":\"https:\\\/\\\/regions-snetap-fsu.fr\\\/formation\\\/#organization\"},\"potentialAction\":[{\"@type\":\"SearchAction\",\"target\":{\"@type\":\"EntryPoint\",\"urlTemplate\":\"https:\\\/\\\/regions-snetap-fsu.fr\\\/formation\\\/?s={search_term_string}\"},\"query-input\":{\"@type\":\"PropertyValueSpecification\",\"valueRequired\":true,\"valueName\":\"search_term_string\"}}],\"inLanguage\":\"fr-FR\"},{\"@type\":\"Organization\",\"@id\":\"https:\\\/\\\/regions-snetap-fsu.fr\\\/formation\\\/#organization\",\"name\":\"Formation des sites R\u00e9gionaux du SNETAP-FSU\",\"url\":\"https:\\\/\\\/regions-snetap-fsu.fr\\\/formation\\\/\",\"logo\":{\"@type\":\"ImageObject\",\"inLanguage\":\"fr-FR\",\"@id\":\"https:\\\/\\\/regions-snetap-fsu.fr\\\/formation\\\/#\\\/schema\\\/logo\\\/image\\\/\",\"url\":\"https:\\\/\\\/regions-snetap-fsu.fr\\\/formation\\\/wp-content\\\/uploads\\\/sites\\\/20\\\/2025\\\/04\\\/cropped-Logo_blanc_fond_transparent_1000x755.png\",\"contentUrl\":\"https:\\\/\\\/regions-snetap-fsu.fr\\\/formation\\\/wp-content\\\/uploads\\\/sites\\\/20\\\/2025\\\/04\\\/cropped-Logo_blanc_fond_transparent_1000x755.png\",\"width\":998,\"height\":689,\"caption\":\"Formation des sites R\u00e9gionaux du SNETAP-FSU\"},\"image\":{\"@id\":\"https:\\\/\\\/regions-snetap-fsu.fr\\\/formation\\\/#\\\/schema\\\/logo\\\/image\\\/\"}},{\"@type\":\"Person\",\"@id\":\"https:\\\/\\\/regions-snetap-fsu.fr\\\/formation\\\/#\\\/schema\\\/person\\\/f5dc7b6354e942ca9c5fa8e9ff7e5c93\",\"name\":\"yoctavien\",\"image\":{\"@type\":\"ImageObject\",\"inLanguage\":\"fr-FR\",\"@id\":\"https:\\\/\\\/secure.gravatar.com\\\/avatar\\\/382642c092b6b9da14641d3c478df2f3da4a2d17eea25691c232d4dbf735c292?s=96&d=mm&r=g\",\"url\":\"https:\\\/\\\/secure.gravatar.com\\\/avatar\\\/382642c092b6b9da14641d3c478df2f3da4a2d17eea25691c232d4dbf735c292?s=96&d=mm&r=g\",\"contentUrl\":\"https:\\\/\\\/secure.gravatar.com\\\/avatar\\\/382642c092b6b9da14641d3c478df2f3da4a2d17eea25691c232d4dbf735c292?s=96&d=mm&r=g\",\"caption\":\"yoctavien\"},\"url\":\"https:\\\/\\\/regions-snetap-fsu.fr\\\/formation\\\/author\\\/yoctavien\\\/\"}]}<\/script>\n<!-- \/ Yoast SEO plugin. -->","yoast_head_json":{"title":"Le 5 d\u00e9cembre, il n'y aura que deux choix ! - Formation des sites R\u00e9gionaux du SNETAP-FSU","robots":{"index":"index","follow":"follow","max-snippet":"max-snippet:-1","max-image-preview":"max-image-preview:large","max-video-preview":"max-video-preview:-1"},"canonical":"https:\/\/regions-snetap-fsu.fr\/formation\/2019\/11\/30\/le-5-decembre-il-ny-aura-que-deux-choix\/","og_locale":"fr_FR","og_type":"article","og_title":"Le 5 d\u00e9cembre, il n'y aura que deux choix ! - Formation des sites R\u00e9gionaux du SNETAP-FSU","og_description":"Le 5 d\u00e9cembre, il n&rsquo;y aura que deux choix ! Pour les n\u00e9o-lib\u00e9raux, le gouvernement et le pr\u00e9sident de la r\u00e9publique, qui seront tr\u00e8s attentifs aux chiffres des gr\u00e9vistes et des manifestant\u00b7es secteur par secteur afin de d\u00e9cider jusqu&rsquo;\u00e0 quel niveau ils peuvent utiliser le \u00ab\u00a0presse citron\u00a0\u00bb, seuls deux choix seront \u00e0 faire en cette [&hellip;]","og_url":"https:\/\/regions-snetap-fsu.fr\/formation\/2019\/11\/30\/le-5-decembre-il-ny-aura-que-deux-choix\/","og_site_name":"Formation des sites R\u00e9gionaux du SNETAP-FSU","article_published_time":"2019-11-30T18:06:23+00:00","author":"yoctavien","twitter_card":"summary_large_image","twitter_misc":{"\u00c9crit par":"yoctavien","Dur\u00e9e de lecture estim\u00e9e":"6 minutes"},"schema":{"@context":"https:\/\/schema.org","@graph":[{"@type":"Article","@id":"https:\/\/regions-snetap-fsu.fr\/formation\/2019\/11\/30\/le-5-decembre-il-ny-aura-que-deux-choix\/#article","isPartOf":{"@id":"https:\/\/regions-snetap-fsu.fr\/formation\/2019\/11\/30\/le-5-decembre-il-ny-aura-que-deux-choix\/"},"author":{"name":"yoctavien","@id":"https:\/\/regions-snetap-fsu.fr\/formation\/#\/schema\/person\/f5dc7b6354e942ca9c5fa8e9ff7e5c93"},"headline":"Le 5 d\u00e9cembre, il n&rsquo;y aura que deux choix !","datePublished":"2019-11-30T18:06:23+00:00","mainEntityOfPage":{"@id":"https:\/\/regions-snetap-fsu.fr\/formation\/2019\/11\/30\/le-5-decembre-il-ny-aura-que-deux-choix\/"},"wordCount":1184,"publisher":{"@id":"https:\/\/regions-snetap-fsu.fr\/formation\/#organization"},"image":{"@id":"https:\/\/regions-snetap-fsu.fr\/formation\/2019\/11\/30\/le-5-decembre-il-ny-aura-que-deux-choix\/#primaryimage"},"thumbnailUrl":"https:\/\/regions-snetap-fsu.fr\/hdf\/wp-content\/uploads\/sites\/5\/2019\/10\/Greve_reforme_retraite_5_dec_2019-300x97.png","articleSection":["Actions - Gr\u00e8ves - Manifs","Communiqu\u00e9s"],"inLanguage":"fr-FR"},{"@type":"WebPage","@id":"https:\/\/regions-snetap-fsu.fr\/formation\/2019\/11\/30\/le-5-decembre-il-ny-aura-que-deux-choix\/","url":"https:\/\/regions-snetap-fsu.fr\/formation\/2019\/11\/30\/le-5-decembre-il-ny-aura-que-deux-choix\/","name":"Le 5 d\u00e9cembre, il n'y aura que deux choix ! - Formation des sites R\u00e9gionaux du SNETAP-FSU","isPartOf":{"@id":"https:\/\/regions-snetap-fsu.fr\/formation\/#website"},"primaryImageOfPage":{"@id":"https:\/\/regions-snetap-fsu.fr\/formation\/2019\/11\/30\/le-5-decembre-il-ny-aura-que-deux-choix\/#primaryimage"},"image":{"@id":"https:\/\/regions-snetap-fsu.fr\/formation\/2019\/11\/30\/le-5-decembre-il-ny-aura-que-deux-choix\/#primaryimage"},"thumbnailUrl":"https:\/\/regions-snetap-fsu.fr\/hdf\/wp-content\/uploads\/sites\/5\/2019\/10\/Greve_reforme_retraite_5_dec_2019-300x97.png","datePublished":"2019-11-30T18:06:23+00:00","breadcrumb":{"@id":"https:\/\/regions-snetap-fsu.fr\/formation\/2019\/11\/30\/le-5-decembre-il-ny-aura-que-deux-choix\/#breadcrumb"},"inLanguage":"fr-FR","potentialAction":[{"@type":"ReadAction","target":["https:\/\/regions-snetap-fsu.fr\/formation\/2019\/11\/30\/le-5-decembre-il-ny-aura-que-deux-choix\/"]}]},{"@type":"ImageObject","inLanguage":"fr-FR","@id":"https:\/\/regions-snetap-fsu.fr\/formation\/2019\/11\/30\/le-5-decembre-il-ny-aura-que-deux-choix\/#primaryimage","url":"https:\/\/regions-snetap-fsu.fr\/hdf\/wp-content\/uploads\/sites\/5\/2019\/10\/Greve_reforme_retraite_5_dec_2019-300x97.png","contentUrl":"https:\/\/regions-snetap-fsu.fr\/hdf\/wp-content\/uploads\/sites\/5\/2019\/10\/Greve_reforme_retraite_5_dec_2019-300x97.png"},{"@type":"BreadcrumbList","@id":"https:\/\/regions-snetap-fsu.fr\/formation\/2019\/11\/30\/le-5-decembre-il-ny-aura-que-deux-choix\/#breadcrumb","itemListElement":[{"@type":"ListItem","position":1,"name":"Accueil","item":"https:\/\/regions-snetap-fsu.fr\/formation\/"},{"@type":"ListItem","position":2,"name":"Le 5 d\u00e9cembre, il n&rsquo;y aura que deux choix !"}]},{"@type":"WebSite","@id":"https:\/\/regions-snetap-fsu.fr\/formation\/#website","url":"https:\/\/regions-snetap-fsu.fr\/formation\/","name":"Formation des sites R\u00e9gionaux du SNETAP-FSU","description":"","publisher":{"@id":"https:\/\/regions-snetap-fsu.fr\/formation\/#organization"},"potentialAction":[{"@type":"SearchAction","target":{"@type":"EntryPoint","urlTemplate":"https:\/\/regions-snetap-fsu.fr\/formation\/?s={search_term_string}"},"query-input":{"@type":"PropertyValueSpecification","valueRequired":true,"valueName":"search_term_string"}}],"inLanguage":"fr-FR"},{"@type":"Organization","@id":"https:\/\/regions-snetap-fsu.fr\/formation\/#organization","name":"Formation des sites R\u00e9gionaux du SNETAP-FSU","url":"https:\/\/regions-snetap-fsu.fr\/formation\/","logo":{"@type":"ImageObject","inLanguage":"fr-FR","@id":"https:\/\/regions-snetap-fsu.fr\/formation\/#\/schema\/logo\/image\/","url":"https:\/\/regions-snetap-fsu.fr\/formation\/wp-content\/uploads\/sites\/20\/2025\/04\/cropped-Logo_blanc_fond_transparent_1000x755.png","contentUrl":"https:\/\/regions-snetap-fsu.fr\/formation\/wp-content\/uploads\/sites\/20\/2025\/04\/cropped-Logo_blanc_fond_transparent_1000x755.png","width":998,"height":689,"caption":"Formation des sites R\u00e9gionaux du SNETAP-FSU"},"image":{"@id":"https:\/\/regions-snetap-fsu.fr\/formation\/#\/schema\/logo\/image\/"}},{"@type":"Person","@id":"https:\/\/regions-snetap-fsu.fr\/formation\/#\/schema\/person\/f5dc7b6354e942ca9c5fa8e9ff7e5c93","name":"yoctavien","image":{"@type":"ImageObject","inLanguage":"fr-FR","@id":"https:\/\/secure.gravatar.com\/avatar\/382642c092b6b9da14641d3c478df2f3da4a2d17eea25691c232d4dbf735c292?s=96&d=mm&r=g","url":"https:\/\/secure.gravatar.com\/avatar\/382642c092b6b9da14641d3c478df2f3da4a2d17eea25691c232d4dbf735c292?s=96&d=mm&r=g","contentUrl":"https:\/\/secure.gravatar.com\/avatar\/382642c092b6b9da14641d3c478df2f3da4a2d17eea25691c232d4dbf735c292?s=96&d=mm&r=g","caption":"yoctavien"},"url":"https:\/\/regions-snetap-fsu.fr\/formation\/author\/yoctavien\/"}]}},"_links":{"self":[{"href":"https:\/\/regions-snetap-fsu.fr\/formation\/wp-json\/wp\/v2\/posts\/3637","targetHints":{"allow":["GET"]}}],"collection":[{"href":"https:\/\/regions-snetap-fsu.fr\/formation\/wp-json\/wp\/v2\/posts"}],"about":[{"href":"https:\/\/regions-snetap-fsu.fr\/formation\/wp-json\/wp\/v2\/types\/post"}],"author":[{"embeddable":true,"href":"https:\/\/regions-snetap-fsu.fr\/formation\/wp-json\/wp\/v2\/users\/138"}],"replies":[{"embeddable":true,"href":"https:\/\/regions-snetap-fsu.fr\/formation\/wp-json\/wp\/v2\/comments?post=3637"}],"version-history":[{"count":0,"href":"https:\/\/regions-snetap-fsu.fr\/formation\/wp-json\/wp\/v2\/posts\/3637\/revisions"}],"wp:attachment":[{"href":"https:\/\/regions-snetap-fsu.fr\/formation\/wp-json\/wp\/v2\/media?parent=3637"}],"wp:term":[{"taxonomy":"category","embeddable":true,"href":"https:\/\/regions-snetap-fsu.fr\/formation\/wp-json\/wp\/v2\/categories?post=3637"},{"taxonomy":"post_tag","embeddable":true,"href":"https:\/\/regions-snetap-fsu.fr\/formation\/wp-json\/wp\/v2\/tags?post=3637"},{"taxonomy":"post_folder","embeddable":true,"href":"https:\/\/regions-snetap-fsu.fr\/formation\/wp-json\/wp\/v2\/post_folder?post=3637"}],"curies":[{"name":"wp","href":"https:\/\/api.w.org\/{rel}","templated":true}]}}