{"id":3630,"date":"2019-11-29T23:27:36","date_gmt":"2019-11-29T22:27:36","guid":{"rendered":"https:\/\/regions-snetap-fsu.fr\/hdf\/?p=3630"},"modified":"2019-11-29T23:27:36","modified_gmt":"2019-11-29T22:27:36","slug":"le-5-decembre-cest-aussi-contre-la-dereglementation","status":"publish","type":"post","link":"https:\/\/regions-snetap-fsu.fr\/formation\/2019\/11\/29\/le-5-decembre-cest-aussi-contre-la-dereglementation\/","title":{"rendered":"Le 5 d\u00e9cembre, c&rsquo;est aussi contre la d\u00e9r\u00e9glementation !"},"content":{"rendered":"<h2 style=\"text-align: center\"><span style=\"color: #ff0000;font-family: tahoma, arial, helvetica, sans-serif\">Le 5 d\u00e9cembre, c&rsquo;est aussi contre la d\u00e9r\u00e9glementation !<\/span><\/h2>\n<blockquote>\n<p class=\"western\" style=\"text-align: justify\"><span style=\"font-family: tahoma, arial, helvetica, sans-serif;color: #0000ff\">Gr\u00e8ve et mobilisation nationale le jeudi 5 d\u00e9cembre, nous devons montrer, dans l\u2019enseignement agricole public que, comme dans les h\u00f4pitaux, les transports, l\u2019agriculture\u2026 Nous en avons marre&#8230;<\/span><\/p>\n<\/blockquote>\n<p><!--more--><\/p>\n<p class=\"western\" style=\"text-align: justify\"><span style=\"font-family: tahoma, arial, helvetica, sans-serif;color: #0000ff\">Le leitmotiv est \u00ab\u00a0il n\u2019y a pas d\u2019autres alternatives\u00a0\u00bb comme dans les ann\u00e9es 80 avec Margaret Thatcher, mais si, il y a d\u2019autres alternatives\u00a0: une vraie priorit\u00e9 pour le service public.<\/span><\/p>\n<p class=\"western\" style=\"text-align: center\"><strong><span style=\"font-family: tahoma, arial, helvetica, sans-serif;color: #ff0000\">Les grandes fortunes n\u2019ont jamais \u00e9t\u00e9 aussi riches.<\/span><\/strong><\/p>\n<p style=\"text-align: justify\"><span style=\"font-family: tahoma, arial, helvetica, sans-serif;color: #0000ff\">\u00ab\u00a0<em>Le classement annuel Challenges des 500 fortunes de France confirme que leur patrimoine se porte de mieux en mieux. Celui des dix premiers a m\u00eame \u00e9t\u00e9 multipli\u00e9 par 12 en 20 ans.<\/em>\u00ab\u00a0<\/span><\/p>\n<p><a href=\"https:\/\/www.franceinter.fr\/economie\/les-500-francais-les-plus-riches-sont-encore-plus-riches\" target=\"_blank\" rel=\"noopener noreferrer\"><span style=\"text-decoration: underline;font-family: tahoma, arial, helvetica, sans-serif\"><span style=\"color: #000000;text-decoration: underline\">Lien : France Inter &#8211; Les 500 Fran\u00e7ais les plus riches sont encore plus riches<\/span><\/span><\/a><\/p>\n<p class=\"western\" style=\"text-align: justify\"><span style=\"font-family: tahoma, arial, helvetica, sans-serif;color: #0000ff\">Le rapport sur la suppression de l\u2019ISF qui devait faire le bilan du \u00ab\u00a0ruissellement\u00a0\u00bb conclut en expliquant qu\u2019on ne peut rien dire\u2026<\/span><\/p>\n<figure id=\"attachment_2458\" aria-describedby=\"caption-attachment-2458\" style=\"width: 300px\" class=\"wp-caption aligncenter\"><img decoding=\"async\" class=\"size-medium wp-image-2458\" src=\"https:\/\/regions-snetap-fsu.fr\/hdf\/wp-content\/uploads\/sites\/5\/2019\/05\/21mai_Paradis_Radis-300x165.jpg\" alt=\"\" width=\"300\" height=\"165\" \/><figcaption id=\"caption-attachment-2458\" class=\"wp-caption-text\">Paradis pour les uns, pas un radis pour l&rsquo;Enseignement Agricole Public !<\/figcaption><\/figure>\n<p class=\"western\" style=\"text-align: justify\"><span style=\"color: #0000ff;font-family: tahoma, arial, helvetica, sans-serif\">La concertation brandie par le gouvernement consiste (comme dans les instances locales de la DRAAF des Hauts-de-France) \u00e0 \u00e9couter pour dire de \u00ab toute fa\u00e7on on fera comme on avait pr\u00e9vu\u2026 \u00bb.<\/span><\/p>\n<p class=\"western\" style=\"text-align: justify\"><strong><span style=\"font-family: tahoma, arial, helvetica, sans-serif;color: #ff0000\">Dernier exemple, apr\u00e8s un an de rencontre et six mois de remise en cause, le rapporteur des travaux sur la retraite n\u2019arrive m\u00eame pas \u00e0 savoir comment ses pr\u00e9conisations seront prises en compte.<\/span><\/strong><\/p>\n<p class=\"western\" style=\"text-align: justify\"><span style=\"font-family: tahoma, arial, helvetica, sans-serif;color: #0000ff\">Faites la projection de votre prochaine retraite (lien ci-dessous), vous verrez.<\/span><\/p>\n<p><span style=\"text-decoration: underline;color: #000000\"><a style=\"color: #000000;text-decoration: underline\" href=\"https:\/\/www.etmaretraite.fr\/\" target=\"_blank\" rel=\"noopener noreferrer\"><span style=\"font-family: tahoma, arial, helvetica, sans-serif\">Lien : SNES-FSU &#8211; Simulateur retraites<\/span><\/a><\/span><\/p>\n<p style=\"text-align: center\"><strong><span style=\"font-family: tahoma, arial, helvetica, sans-serif;color: #ff0000\">Service public<\/span><\/strong><\/p>\n<p class=\"western\" style=\"text-align: justify\"><span style=\"color: #0000ff;font-family: tahoma, arial, helvetica, sans-serif\">Il y a une vraie alternative, la mise en avant et une volont\u00e9 de dynamiser le service public. Il est le seul garant d\u2019un acc\u00e8s gratuit et complet de tous aux soins, \u00e0 l\u2019\u00e9ducation, au travail.<\/span><\/p>\n<p style=\"text-align: justify\"><span style=\"font-family: tahoma, arial, helvetica, sans-serif;color: #0000ff\">Le service public a pour but la protection sociale et sanitaire (s\u00e9curit\u00e9 sociale, service public hospitalier&#8230;), la vocation \u00e9ducative et culturelle (enseignement, recherche, service public audiovisuel&#8230;)&#8230;<\/span><\/p>\n<p style=\"text-align: justify\"><span style=\"color: #0000ff;font-family: tahoma, arial, helvetica, sans-serif\">Le service public est le garant de l&rsquo;\u00e9galit\u00e9 entre citoyen\u00b7nes.<\/span><\/p>\n<p style=\"text-align: justify\"><span class=\"field field--name-field-paragraphe field--type-entity-reference-revisions field--label-hidden field__items\" style=\"color: #0000ff;font-family: tahoma, arial, helvetica, sans-serif\"><span class=\"field__item\"><span class=\"clearfix text-formatted field field--name-field-corps-de-texte field--type-text-long field--label-hidden field__item\">\u00c0 ces principes s\u2019est ajout\u00e9e la <strong>place traditionnellement importante de l\u2019\u00c9tat en France<\/strong>. Depuis l\u2019\u00e9poque de Colbert (XVIIe si\u00e8cle), la puissance publique a toujours consid\u00e9r\u00e9 qu\u2019elle avait un r\u00f4le \u00e0 jouer dans le d\u00e9veloppement \u00e9conomique du pays. Le service public a souvent servi de fondement \u00e0 cette intervention \u00e9conomique \u00e9tatique dans des domaines extr\u00eamement vari\u00e9s\u00a0: transports ferroviaires (Plan Freycinet \u00e0 la fin du XIXe si\u00e8cle), transports a\u00e9ronautiques (Concorde), t\u00e9l\u00e9phone (appui donn\u00e9 \u00e0 l\u2019entreprise Cit-Alcatel durant les ann\u00e9es 1970)\u2026<\/span><\/span><\/span><\/p>\n<p class=\"western\" style=\"text-align: justify\"><span style=\"color: #0000ff;font-family: tahoma, arial, helvetica, sans-serif\">Mais actuellement, dans les lyc\u00e9es c\u2019est \u00ab open-bar \u00bb \u00e0 la d\u00e9r\u00e9glementation. Certains se souviennent peut-\u00eatre avoir dit, comme l\u2019administration, 17 \u00e9l\u00e8ves au lieu de 16 ce n\u2019est pas grave. Au moins \u00e0 l\u2019\u00e9poque, il y \u2018avait une r\u00e8gle. Maintenant c\u2019est 19 au lieu de 16, mais 20, 21, 25 c\u2019est l\u00e9gal puisque les seuils sont devenus indicatifs.<\/span><\/p>\n<p class=\"western\" style=\"text-align: center\"><strong><span style=\"color: #ff0000;font-family: tahoma, arial, helvetica, sans-serif\">La seule certitude de notre minist\u00e8re c\u2019est 300 emplois \u00e0 rendre pour 2021.<\/span><\/strong><\/p>\n<p class=\"western\" style=\"text-align: justify\"><span style=\"color: #0000ff;font-family: tahoma, arial, helvetica, sans-serif\">Le bidouillage des seuils ne suffira pas alors on nous propose la mixit\u00e9. Au m\u00e9pris des statuts des personnels, au m\u00e9pris des bases de la voie scolaire et de l\u2019apprentissage qui sont deux fa\u00e7ons diff\u00e9rentes d\u2019envisager l\u2019enseignement, car cela permet de trouver des financements alternatifs.<\/span><\/p>\n<p class=\"western\" style=\"text-align: justify\"><span style=\"color: #0000ff;font-family: tahoma, arial, helvetica, sans-serif\">Comme d\u2019habitude, depuis 20 ans, le crit\u00e8re de choix est l\u2019argent.<\/span><\/p>\n<p class=\"western\" style=\"text-align: justify\"><strong><span style=\"color: #ff0000;font-family: tahoma, arial, helvetica, sans-serif\">On demande aux personnels d\u2019innover p\u00e9dagogiquement, mais l\u2019objectif est de r\u00e9duire le co\u00fbt de l\u2019enseignement.<\/span><\/strong><\/p>\n<p class=\"western\" style=\"text-align: justify\"><span style=\"color: #0000ff\">Apprendre n\u2019est pas un devoir, une chance, mais un co\u00fbt pour nos dirigeants.<\/span><\/p>\n<p class=\"western\" style=\"text-align: justify\"><span style=\"color: #0000ff;font-family: tahoma, arial, helvetica, sans-serif\">Dans des lyc\u00e9es o\u00f9 les publics sont de plus en plus divers donc difficiles \u00e0 faire avancer ensemble, o\u00f9 l\u2019inclusion n\u2019a souvent pas les moyens de ses ambitions, o\u00f9 les effectifs sont de plus en plus fluctuants (seuils)\u00a0, o\u00f9 le rendu des moyens force \u00e0 faire des choix entre mati\u00e8res, on nous demande d\u2019innover en m\u00e9langeant la voie scolaire et l\u2019apprentissage.<\/span><\/p>\n<p class=\"western\" style=\"text-align: justify\"><span style=\"color: #0000ff;font-family: tahoma, arial, helvetica, sans-serif\">A chaque fois, les bonnes \u00e2mes ont dit \u00ab\u00a0c\u2019est juste pour un moment\u00a0\u00bb, mais citez-moi un seul retour en ailleurs sur une r\u00e9forme lors de ces 20 derni\u00e8res ann\u00e9es.<\/span><\/p>\n<p class=\"western\"><strong><span style=\"color: #ff0000;font-family: tahoma, arial, helvetica, sans-serif\">Allons-nous faire un pas de plus vers l\u2019enterrement du statut d\u2019enseignant ?<\/span><\/strong><\/p>\n<p class=\"western\" style=\"text-align: justify\"><span style=\"color: #0000ff;font-family: tahoma, arial, helvetica, sans-serif\">Allons-nous acter la contractualisation totale de notre statut avec les chefs d\u2019\u00e9tablissement sur l\u2019ensemble des formations d\u2019un EPL (scolaire, apprentis, adultes, alternances\u2026) ?<\/span><\/p>\n<p class=\"western\" style=\"text-align: justify\"><span style=\"color: #0000ff;font-family: tahoma, arial, helvetica, sans-serif\">Allons-nous accepter que l\u2019enseignement devienne un produit comme un autre\u00a0?<\/span><\/p>\n<p class=\"western\" style=\"text-align: justify\"><strong><span style=\"color: #008000;font-family: tahoma, arial, helvetica, sans-serif\">C\u2019est notre capacit\u00e9 de mobilisation dans nos \u00e9tablissements, le 5 d\u00e9cembre et ensuite qui fera, ou pas, faire machine arri\u00e8re \u00e0 la vision capitaliste du gouvernement.<\/span><\/strong><\/p>\n<p class=\"western\" style=\"text-align: justify\"><span style=\"color: #0000ff;font-family: tahoma, arial, helvetica, sans-serif\">Ne pas agir c\u2019est acter la d\u00e9r\u00e9glementation et, alors, nous devrons tous nous regarder dans la glace quand il sera trop tard\u00a0!<\/span><\/p>\n<p style=\"text-align: center\"><span style=\"font-family: tahoma, arial, helvetica, sans-serif\"><strong><span style=\"color: #ff0000\">Toutes et tous ensemble en gr\u00e8ve et \u00e0 la mobilisation le jeudi 5 d\u00e9cembre !<\/span><\/strong><\/span><\/p>\n<p><span style=\"color: #000000;font-family: tahoma, arial, helvetica, sans-serif\"><a style=\"color: #000000\" href=\"https:\/\/regions-snetap-fsu.fr\/hdf\/2019\/11\/23\/ou-se-mobiliser-dans-les-hauts-de-france-pour-le-5-decembre-2019\/\" target=\"_blank\" rel=\"noopener noreferrer\"><span style=\"text-decoration: underline\">Lien : O\u00f9 se mobiliser dans les Hauts-de-France pour le 5 d\u00e9cembre 2019 ?<\/span><\/a><\/span><\/p>\n<figure id=\"attachment_2395\" aria-describedby=\"caption-attachment-2395\" style=\"width: 300px\" class=\"wp-caption aligncenter\"><img fetchpriority=\"high\" decoding=\"async\" class=\"size-medium wp-image-2395\" src=\"https:\/\/regions-snetap-fsu.fr\/hdf\/wp-content\/uploads\/sites\/5\/2019\/05\/18mai19_Snetap_demarre-300x235.jpg\" alt=\"\" width=\"300\" height=\"235\" \/><figcaption id=\"caption-attachment-2395\" class=\"wp-caption-text\">Toutes et tous ensemble dans la rue le 5 !<\/figcaption><\/figure>\n","protected":false},"excerpt":{"rendered":"<p>Le 5 d\u00e9cembre, c&rsquo;est aussi contre la d\u00e9r\u00e9glementation ! Gr\u00e8ve et mobilisation nationale le jeudi 5 d\u00e9cembre, nous devons montrer, dans l\u2019enseignement agricole public que, comme dans les h\u00f4pitaux, les transports, l\u2019agriculture\u2026 Nous en avons marre&#8230;<\/p>\n","protected":false},"author":138,"featured_media":0,"comment_status":"closed","ping_status":"closed","sticky":false,"template":"","format":"standard","meta":{"ocean_post_layout":"","ocean_both_sidebars_style":"","ocean_both_sidebars_content_width":0,"ocean_both_sidebars_sidebars_width":0,"ocean_sidebar":"","ocean_second_sidebar":"","ocean_disable_margins":"enable","ocean_add_body_class":"","ocean_shortcode_before_top_bar":"","ocean_shortcode_after_top_bar":"","ocean_shortcode_before_header":"","ocean_shortcode_after_header":"","ocean_has_shortcode":"","ocean_shortcode_after_title":"","ocean_shortcode_before_footer_widgets":"","ocean_shortcode_after_footer_widgets":"","ocean_shortcode_before_footer_bottom":"","ocean_shortcode_after_footer_bottom":"","ocean_display_top_bar":"default","ocean_display_header":"default","ocean_header_style":"","ocean_center_header_left_menu":"","ocean_custom_header_template":"","ocean_custom_logo":0,"ocean_custom_retina_logo":0,"ocean_custom_logo_max_width":0,"ocean_custom_logo_tablet_max_width":0,"ocean_custom_logo_mobile_max_width":0,"ocean_custom_logo_max_height":0,"ocean_custom_logo_tablet_max_height":0,"ocean_custom_logo_mobile_max_height":0,"ocean_header_custom_menu":"","ocean_menu_typo_font_family":"","ocean_menu_typo_font_subset":"","ocean_menu_typo_font_size":0,"ocean_menu_typo_font_size_tablet":0,"ocean_menu_typo_font_size_mobile":0,"ocean_menu_typo_font_size_unit":"px","ocean_menu_typo_font_weight":"","ocean_menu_typo_font_weight_tablet":"","ocean_menu_typo_font_weight_mobile":"","ocean_menu_typo_transform":"","ocean_menu_typo_transform_tablet":"","ocean_menu_typo_transform_mobile":"","ocean_menu_typo_line_height":0,"ocean_menu_typo_line_height_tablet":0,"ocean_menu_typo_line_height_mobile":0,"ocean_menu_typo_line_height_unit":"","ocean_menu_typo_spacing":0,"ocean_menu_typo_spacing_tablet":0,"ocean_menu_typo_spacing_mobile":0,"ocean_menu_typo_spacing_unit":"","ocean_menu_link_color":"","ocean_menu_link_color_hover":"","ocean_menu_link_color_active":"","ocean_menu_link_background":"","ocean_menu_link_hover_background":"","ocean_menu_link_active_background":"","ocean_menu_social_links_bg":"","ocean_menu_social_hover_links_bg":"","ocean_menu_social_links_color":"","ocean_menu_social_hover_links_color":"","ocean_disable_title":"default","ocean_disable_heading":"default","ocean_post_title":"","ocean_post_subheading":"","ocean_post_title_style":"","ocean_post_title_background_color":"","ocean_post_title_background":0,"ocean_post_title_bg_image_position":"","ocean_post_title_bg_image_attachment":"","ocean_post_title_bg_image_repeat":"","ocean_post_title_bg_image_size":"","ocean_post_title_height":0,"ocean_post_title_bg_overlay":0.5,"ocean_post_title_bg_overlay_color":"","ocean_disable_breadcrumbs":"default","ocean_breadcrumbs_color":"","ocean_breadcrumbs_separator_color":"","ocean_breadcrumbs_links_color":"","ocean_breadcrumbs_links_hover_color":"","ocean_display_footer_widgets":"default","ocean_display_footer_bottom":"default","ocean_custom_footer_template":"","ocean_post_oembed":"","ocean_post_self_hosted_media":"","ocean_post_video_embed":"","ocean_link_format":"","ocean_link_format_target":"self","ocean_quote_format":"","ocean_quote_format_link":"post","ocean_gallery_link_images":"on","ocean_gallery_id":[],"footnotes":""},"categories":[3,11],"tags":[],"post_folder":[],"class_list":["post-3630","post","type-post","status-publish","format-standard","hentry","category-actions-greves-manifs","category-communiques","entry"],"yoast_head":"<!-- This site is optimized with the Yoast SEO plugin v27.4 - https:\/\/yoast.com\/product\/yoast-seo-wordpress\/ -->\n<title>Le 5 d\u00e9cembre, c&#039;est aussi contre la d\u00e9r\u00e9glementation ! - Formation des sites R\u00e9gionaux du SNETAP-FSU<\/title>\n<meta name=\"robots\" content=\"index, follow, max-snippet:-1, max-image-preview:large, max-video-preview:-1\" \/>\n<link rel=\"canonical\" href=\"https:\/\/regions-snetap-fsu.fr\/formation\/2019\/11\/29\/le-5-decembre-cest-aussi-contre-la-dereglementation\/\" \/>\n<meta property=\"og:locale\" content=\"fr_FR\" \/>\n<meta property=\"og:type\" content=\"article\" \/>\n<meta property=\"og:title\" content=\"Le 5 d\u00e9cembre, c&#039;est aussi contre la d\u00e9r\u00e9glementation ! - Formation des sites R\u00e9gionaux du SNETAP-FSU\" \/>\n<meta property=\"og:description\" content=\"Le 5 d\u00e9cembre, c&rsquo;est aussi contre la d\u00e9r\u00e9glementation ! Gr\u00e8ve et mobilisation nationale le jeudi 5 d\u00e9cembre, nous devons montrer, dans l\u2019enseignement agricole public que, comme dans les h\u00f4pitaux, les transports, l\u2019agriculture\u2026 Nous en avons marre&#8230;\" \/>\n<meta property=\"og:url\" content=\"https:\/\/regions-snetap-fsu.fr\/formation\/2019\/11\/29\/le-5-decembre-cest-aussi-contre-la-dereglementation\/\" \/>\n<meta property=\"og:site_name\" content=\"Formation des sites R\u00e9gionaux du SNETAP-FSU\" \/>\n<meta property=\"article:published_time\" content=\"2019-11-29T22:27:36+00:00\" \/>\n<meta name=\"author\" content=\"yoctavien\" \/>\n<meta name=\"twitter:card\" content=\"summary_large_image\" \/>\n<meta name=\"twitter:label1\" content=\"\u00c9crit par\" \/>\n\t<meta name=\"twitter:data1\" content=\"yoctavien\" \/>\n\t<meta name=\"twitter:label2\" content=\"Dur\u00e9e de lecture estim\u00e9e\" \/>\n\t<meta name=\"twitter:data2\" content=\"4 minutes\" \/>\n<script type=\"application\/ld+json\" class=\"yoast-schema-graph\">{\"@context\":\"https:\\\/\\\/schema.org\",\"@graph\":[{\"@type\":\"Article\",\"@id\":\"https:\\\/\\\/regions-snetap-fsu.fr\\\/formation\\\/2019\\\/11\\\/29\\\/le-5-decembre-cest-aussi-contre-la-dereglementation\\\/#article\",\"isPartOf\":{\"@id\":\"https:\\\/\\\/regions-snetap-fsu.fr\\\/formation\\\/2019\\\/11\\\/29\\\/le-5-decembre-cest-aussi-contre-la-dereglementation\\\/\"},\"author\":{\"name\":\"yoctavien\",\"@id\":\"https:\\\/\\\/regions-snetap-fsu.fr\\\/formation\\\/#\\\/schema\\\/person\\\/f5dc7b6354e942ca9c5fa8e9ff7e5c93\"},\"headline\":\"Le 5 d\u00e9cembre, c&rsquo;est aussi contre la d\u00e9r\u00e9glementation !\",\"datePublished\":\"2019-11-29T22:27:36+00:00\",\"mainEntityOfPage\":{\"@id\":\"https:\\\/\\\/regions-snetap-fsu.fr\\\/formation\\\/2019\\\/11\\\/29\\\/le-5-decembre-cest-aussi-contre-la-dereglementation\\\/\"},\"wordCount\":846,\"publisher\":{\"@id\":\"https:\\\/\\\/regions-snetap-fsu.fr\\\/formation\\\/#organization\"},\"image\":{\"@id\":\"https:\\\/\\\/regions-snetap-fsu.fr\\\/formation\\\/2019\\\/11\\\/29\\\/le-5-decembre-cest-aussi-contre-la-dereglementation\\\/#primaryimage\"},\"thumbnailUrl\":\"https:\\\/\\\/regions-snetap-fsu.fr\\\/hdf\\\/wp-content\\\/uploads\\\/sites\\\/5\\\/2019\\\/05\\\/21mai_Paradis_Radis-300x165.jpg\",\"articleSection\":[\"Actions - Gr\u00e8ves - Manifs\",\"Communiqu\u00e9s\"],\"inLanguage\":\"fr-FR\"},{\"@type\":\"WebPage\",\"@id\":\"https:\\\/\\\/regions-snetap-fsu.fr\\\/formation\\\/2019\\\/11\\\/29\\\/le-5-decembre-cest-aussi-contre-la-dereglementation\\\/\",\"url\":\"https:\\\/\\\/regions-snetap-fsu.fr\\\/formation\\\/2019\\\/11\\\/29\\\/le-5-decembre-cest-aussi-contre-la-dereglementation\\\/\",\"name\":\"Le 5 d\u00e9cembre, c'est aussi contre la d\u00e9r\u00e9glementation ! - Formation des sites R\u00e9gionaux du SNETAP-FSU\",\"isPartOf\":{\"@id\":\"https:\\\/\\\/regions-snetap-fsu.fr\\\/formation\\\/#website\"},\"primaryImageOfPage\":{\"@id\":\"https:\\\/\\\/regions-snetap-fsu.fr\\\/formation\\\/2019\\\/11\\\/29\\\/le-5-decembre-cest-aussi-contre-la-dereglementation\\\/#primaryimage\"},\"image\":{\"@id\":\"https:\\\/\\\/regions-snetap-fsu.fr\\\/formation\\\/2019\\\/11\\\/29\\\/le-5-decembre-cest-aussi-contre-la-dereglementation\\\/#primaryimage\"},\"thumbnailUrl\":\"https:\\\/\\\/regions-snetap-fsu.fr\\\/hdf\\\/wp-content\\\/uploads\\\/sites\\\/5\\\/2019\\\/05\\\/21mai_Paradis_Radis-300x165.jpg\",\"datePublished\":\"2019-11-29T22:27:36+00:00\",\"breadcrumb\":{\"@id\":\"https:\\\/\\\/regions-snetap-fsu.fr\\\/formation\\\/2019\\\/11\\\/29\\\/le-5-decembre-cest-aussi-contre-la-dereglementation\\\/#breadcrumb\"},\"inLanguage\":\"fr-FR\",\"potentialAction\":[{\"@type\":\"ReadAction\",\"target\":[\"https:\\\/\\\/regions-snetap-fsu.fr\\\/formation\\\/2019\\\/11\\\/29\\\/le-5-decembre-cest-aussi-contre-la-dereglementation\\\/\"]}]},{\"@type\":\"ImageObject\",\"inLanguage\":\"fr-FR\",\"@id\":\"https:\\\/\\\/regions-snetap-fsu.fr\\\/formation\\\/2019\\\/11\\\/29\\\/le-5-decembre-cest-aussi-contre-la-dereglementation\\\/#primaryimage\",\"url\":\"https:\\\/\\\/regions-snetap-fsu.fr\\\/hdf\\\/wp-content\\\/uploads\\\/sites\\\/5\\\/2019\\\/05\\\/21mai_Paradis_Radis-300x165.jpg\",\"contentUrl\":\"https:\\\/\\\/regions-snetap-fsu.fr\\\/hdf\\\/wp-content\\\/uploads\\\/sites\\\/5\\\/2019\\\/05\\\/21mai_Paradis_Radis-300x165.jpg\"},{\"@type\":\"BreadcrumbList\",\"@id\":\"https:\\\/\\\/regions-snetap-fsu.fr\\\/formation\\\/2019\\\/11\\\/29\\\/le-5-decembre-cest-aussi-contre-la-dereglementation\\\/#breadcrumb\",\"itemListElement\":[{\"@type\":\"ListItem\",\"position\":1,\"name\":\"Accueil\",\"item\":\"https:\\\/\\\/regions-snetap-fsu.fr\\\/formation\\\/\"},{\"@type\":\"ListItem\",\"position\":2,\"name\":\"Le 5 d\u00e9cembre, c&rsquo;est aussi contre la d\u00e9r\u00e9glementation !\"}]},{\"@type\":\"WebSite\",\"@id\":\"https:\\\/\\\/regions-snetap-fsu.fr\\\/formation\\\/#website\",\"url\":\"https:\\\/\\\/regions-snetap-fsu.fr\\\/formation\\\/\",\"name\":\"Formation des sites R\u00e9gionaux du SNETAP-FSU\",\"description\":\"\",\"publisher\":{\"@id\":\"https:\\\/\\\/regions-snetap-fsu.fr\\\/formation\\\/#organization\"},\"potentialAction\":[{\"@type\":\"SearchAction\",\"target\":{\"@type\":\"EntryPoint\",\"urlTemplate\":\"https:\\\/\\\/regions-snetap-fsu.fr\\\/formation\\\/?s={search_term_string}\"},\"query-input\":{\"@type\":\"PropertyValueSpecification\",\"valueRequired\":true,\"valueName\":\"search_term_string\"}}],\"inLanguage\":\"fr-FR\"},{\"@type\":\"Organization\",\"@id\":\"https:\\\/\\\/regions-snetap-fsu.fr\\\/formation\\\/#organization\",\"name\":\"Formation des sites R\u00e9gionaux du SNETAP-FSU\",\"url\":\"https:\\\/\\\/regions-snetap-fsu.fr\\\/formation\\\/\",\"logo\":{\"@type\":\"ImageObject\",\"inLanguage\":\"fr-FR\",\"@id\":\"https:\\\/\\\/regions-snetap-fsu.fr\\\/formation\\\/#\\\/schema\\\/logo\\\/image\\\/\",\"url\":\"https:\\\/\\\/regions-snetap-fsu.fr\\\/formation\\\/wp-content\\\/uploads\\\/sites\\\/20\\\/2025\\\/04\\\/cropped-Logo_blanc_fond_transparent_1000x755.png\",\"contentUrl\":\"https:\\\/\\\/regions-snetap-fsu.fr\\\/formation\\\/wp-content\\\/uploads\\\/sites\\\/20\\\/2025\\\/04\\\/cropped-Logo_blanc_fond_transparent_1000x755.png\",\"width\":998,\"height\":689,\"caption\":\"Formation des sites R\u00e9gionaux du SNETAP-FSU\"},\"image\":{\"@id\":\"https:\\\/\\\/regions-snetap-fsu.fr\\\/formation\\\/#\\\/schema\\\/logo\\\/image\\\/\"}},{\"@type\":\"Person\",\"@id\":\"https:\\\/\\\/regions-snetap-fsu.fr\\\/formation\\\/#\\\/schema\\\/person\\\/f5dc7b6354e942ca9c5fa8e9ff7e5c93\",\"name\":\"yoctavien\",\"image\":{\"@type\":\"ImageObject\",\"inLanguage\":\"fr-FR\",\"@id\":\"https:\\\/\\\/secure.gravatar.com\\\/avatar\\\/382642c092b6b9da14641d3c478df2f3da4a2d17eea25691c232d4dbf735c292?s=96&d=mm&r=g\",\"url\":\"https:\\\/\\\/secure.gravatar.com\\\/avatar\\\/382642c092b6b9da14641d3c478df2f3da4a2d17eea25691c232d4dbf735c292?s=96&d=mm&r=g\",\"contentUrl\":\"https:\\\/\\\/secure.gravatar.com\\\/avatar\\\/382642c092b6b9da14641d3c478df2f3da4a2d17eea25691c232d4dbf735c292?s=96&d=mm&r=g\",\"caption\":\"yoctavien\"},\"url\":\"https:\\\/\\\/regions-snetap-fsu.fr\\\/formation\\\/author\\\/yoctavien\\\/\"}]}<\/script>\n<!-- \/ Yoast SEO plugin. -->","yoast_head_json":{"title":"Le 5 d\u00e9cembre, c'est aussi contre la d\u00e9r\u00e9glementation ! - Formation des sites R\u00e9gionaux du SNETAP-FSU","robots":{"index":"index","follow":"follow","max-snippet":"max-snippet:-1","max-image-preview":"max-image-preview:large","max-video-preview":"max-video-preview:-1"},"canonical":"https:\/\/regions-snetap-fsu.fr\/formation\/2019\/11\/29\/le-5-decembre-cest-aussi-contre-la-dereglementation\/","og_locale":"fr_FR","og_type":"article","og_title":"Le 5 d\u00e9cembre, c'est aussi contre la d\u00e9r\u00e9glementation ! - Formation des sites R\u00e9gionaux du SNETAP-FSU","og_description":"Le 5 d\u00e9cembre, c&rsquo;est aussi contre la d\u00e9r\u00e9glementation ! Gr\u00e8ve et mobilisation nationale le jeudi 5 d\u00e9cembre, nous devons montrer, dans l\u2019enseignement agricole public que, comme dans les h\u00f4pitaux, les transports, l\u2019agriculture\u2026 Nous en avons marre&#8230;","og_url":"https:\/\/regions-snetap-fsu.fr\/formation\/2019\/11\/29\/le-5-decembre-cest-aussi-contre-la-dereglementation\/","og_site_name":"Formation des sites R\u00e9gionaux du SNETAP-FSU","article_published_time":"2019-11-29T22:27:36+00:00","author":"yoctavien","twitter_card":"summary_large_image","twitter_misc":{"\u00c9crit par":"yoctavien","Dur\u00e9e de lecture estim\u00e9e":"4 minutes"},"schema":{"@context":"https:\/\/schema.org","@graph":[{"@type":"Article","@id":"https:\/\/regions-snetap-fsu.fr\/formation\/2019\/11\/29\/le-5-decembre-cest-aussi-contre-la-dereglementation\/#article","isPartOf":{"@id":"https:\/\/regions-snetap-fsu.fr\/formation\/2019\/11\/29\/le-5-decembre-cest-aussi-contre-la-dereglementation\/"},"author":{"name":"yoctavien","@id":"https:\/\/regions-snetap-fsu.fr\/formation\/#\/schema\/person\/f5dc7b6354e942ca9c5fa8e9ff7e5c93"},"headline":"Le 5 d\u00e9cembre, c&rsquo;est aussi contre la d\u00e9r\u00e9glementation !","datePublished":"2019-11-29T22:27:36+00:00","mainEntityOfPage":{"@id":"https:\/\/regions-snetap-fsu.fr\/formation\/2019\/11\/29\/le-5-decembre-cest-aussi-contre-la-dereglementation\/"},"wordCount":846,"publisher":{"@id":"https:\/\/regions-snetap-fsu.fr\/formation\/#organization"},"image":{"@id":"https:\/\/regions-snetap-fsu.fr\/formation\/2019\/11\/29\/le-5-decembre-cest-aussi-contre-la-dereglementation\/#primaryimage"},"thumbnailUrl":"https:\/\/regions-snetap-fsu.fr\/hdf\/wp-content\/uploads\/sites\/5\/2019\/05\/21mai_Paradis_Radis-300x165.jpg","articleSection":["Actions - Gr\u00e8ves - Manifs","Communiqu\u00e9s"],"inLanguage":"fr-FR"},{"@type":"WebPage","@id":"https:\/\/regions-snetap-fsu.fr\/formation\/2019\/11\/29\/le-5-decembre-cest-aussi-contre-la-dereglementation\/","url":"https:\/\/regions-snetap-fsu.fr\/formation\/2019\/11\/29\/le-5-decembre-cest-aussi-contre-la-dereglementation\/","name":"Le 5 d\u00e9cembre, c'est aussi contre la d\u00e9r\u00e9glementation ! - Formation des sites R\u00e9gionaux du SNETAP-FSU","isPartOf":{"@id":"https:\/\/regions-snetap-fsu.fr\/formation\/#website"},"primaryImageOfPage":{"@id":"https:\/\/regions-snetap-fsu.fr\/formation\/2019\/11\/29\/le-5-decembre-cest-aussi-contre-la-dereglementation\/#primaryimage"},"image":{"@id":"https:\/\/regions-snetap-fsu.fr\/formation\/2019\/11\/29\/le-5-decembre-cest-aussi-contre-la-dereglementation\/#primaryimage"},"thumbnailUrl":"https:\/\/regions-snetap-fsu.fr\/hdf\/wp-content\/uploads\/sites\/5\/2019\/05\/21mai_Paradis_Radis-300x165.jpg","datePublished":"2019-11-29T22:27:36+00:00","breadcrumb":{"@id":"https:\/\/regions-snetap-fsu.fr\/formation\/2019\/11\/29\/le-5-decembre-cest-aussi-contre-la-dereglementation\/#breadcrumb"},"inLanguage":"fr-FR","potentialAction":[{"@type":"ReadAction","target":["https:\/\/regions-snetap-fsu.fr\/formation\/2019\/11\/29\/le-5-decembre-cest-aussi-contre-la-dereglementation\/"]}]},{"@type":"ImageObject","inLanguage":"fr-FR","@id":"https:\/\/regions-snetap-fsu.fr\/formation\/2019\/11\/29\/le-5-decembre-cest-aussi-contre-la-dereglementation\/#primaryimage","url":"https:\/\/regions-snetap-fsu.fr\/hdf\/wp-content\/uploads\/sites\/5\/2019\/05\/21mai_Paradis_Radis-300x165.jpg","contentUrl":"https:\/\/regions-snetap-fsu.fr\/hdf\/wp-content\/uploads\/sites\/5\/2019\/05\/21mai_Paradis_Radis-300x165.jpg"},{"@type":"BreadcrumbList","@id":"https:\/\/regions-snetap-fsu.fr\/formation\/2019\/11\/29\/le-5-decembre-cest-aussi-contre-la-dereglementation\/#breadcrumb","itemListElement":[{"@type":"ListItem","position":1,"name":"Accueil","item":"https:\/\/regions-snetap-fsu.fr\/formation\/"},{"@type":"ListItem","position":2,"name":"Le 5 d\u00e9cembre, c&rsquo;est aussi contre la d\u00e9r\u00e9glementation !"}]},{"@type":"WebSite","@id":"https:\/\/regions-snetap-fsu.fr\/formation\/#website","url":"https:\/\/regions-snetap-fsu.fr\/formation\/","name":"Formation des sites R\u00e9gionaux du SNETAP-FSU","description":"","publisher":{"@id":"https:\/\/regions-snetap-fsu.fr\/formation\/#organization"},"potentialAction":[{"@type":"SearchAction","target":{"@type":"EntryPoint","urlTemplate":"https:\/\/regions-snetap-fsu.fr\/formation\/?s={search_term_string}"},"query-input":{"@type":"PropertyValueSpecification","valueRequired":true,"valueName":"search_term_string"}}],"inLanguage":"fr-FR"},{"@type":"Organization","@id":"https:\/\/regions-snetap-fsu.fr\/formation\/#organization","name":"Formation des sites R\u00e9gionaux du SNETAP-FSU","url":"https:\/\/regions-snetap-fsu.fr\/formation\/","logo":{"@type":"ImageObject","inLanguage":"fr-FR","@id":"https:\/\/regions-snetap-fsu.fr\/formation\/#\/schema\/logo\/image\/","url":"https:\/\/regions-snetap-fsu.fr\/formation\/wp-content\/uploads\/sites\/20\/2025\/04\/cropped-Logo_blanc_fond_transparent_1000x755.png","contentUrl":"https:\/\/regions-snetap-fsu.fr\/formation\/wp-content\/uploads\/sites\/20\/2025\/04\/cropped-Logo_blanc_fond_transparent_1000x755.png","width":998,"height":689,"caption":"Formation des sites R\u00e9gionaux du SNETAP-FSU"},"image":{"@id":"https:\/\/regions-snetap-fsu.fr\/formation\/#\/schema\/logo\/image\/"}},{"@type":"Person","@id":"https:\/\/regions-snetap-fsu.fr\/formation\/#\/schema\/person\/f5dc7b6354e942ca9c5fa8e9ff7e5c93","name":"yoctavien","image":{"@type":"ImageObject","inLanguage":"fr-FR","@id":"https:\/\/secure.gravatar.com\/avatar\/382642c092b6b9da14641d3c478df2f3da4a2d17eea25691c232d4dbf735c292?s=96&d=mm&r=g","url":"https:\/\/secure.gravatar.com\/avatar\/382642c092b6b9da14641d3c478df2f3da4a2d17eea25691c232d4dbf735c292?s=96&d=mm&r=g","contentUrl":"https:\/\/secure.gravatar.com\/avatar\/382642c092b6b9da14641d3c478df2f3da4a2d17eea25691c232d4dbf735c292?s=96&d=mm&r=g","caption":"yoctavien"},"url":"https:\/\/regions-snetap-fsu.fr\/formation\/author\/yoctavien\/"}]}},"_links":{"self":[{"href":"https:\/\/regions-snetap-fsu.fr\/formation\/wp-json\/wp\/v2\/posts\/3630","targetHints":{"allow":["GET"]}}],"collection":[{"href":"https:\/\/regions-snetap-fsu.fr\/formation\/wp-json\/wp\/v2\/posts"}],"about":[{"href":"https:\/\/regions-snetap-fsu.fr\/formation\/wp-json\/wp\/v2\/types\/post"}],"author":[{"embeddable":true,"href":"https:\/\/regions-snetap-fsu.fr\/formation\/wp-json\/wp\/v2\/users\/138"}],"replies":[{"embeddable":true,"href":"https:\/\/regions-snetap-fsu.fr\/formation\/wp-json\/wp\/v2\/comments?post=3630"}],"version-history":[{"count":0,"href":"https:\/\/regions-snetap-fsu.fr\/formation\/wp-json\/wp\/v2\/posts\/3630\/revisions"}],"wp:attachment":[{"href":"https:\/\/regions-snetap-fsu.fr\/formation\/wp-json\/wp\/v2\/media?parent=3630"}],"wp:term":[{"taxonomy":"category","embeddable":true,"href":"https:\/\/regions-snetap-fsu.fr\/formation\/wp-json\/wp\/v2\/categories?post=3630"},{"taxonomy":"post_tag","embeddable":true,"href":"https:\/\/regions-snetap-fsu.fr\/formation\/wp-json\/wp\/v2\/tags?post=3630"},{"taxonomy":"post_folder","embeddable":true,"href":"https:\/\/regions-snetap-fsu.fr\/formation\/wp-json\/wp\/v2\/post_folder?post=3630"}],"curies":[{"name":"wp","href":"https:\/\/api.w.org\/{rel}","templated":true}]}}