{"id":3518,"date":"2019-11-23T10:29:45","date_gmt":"2019-11-23T09:29:45","guid":{"rendered":"https:\/\/regions-snetap-fsu.fr\/hdf\/?p=3518"},"modified":"2019-11-23T10:29:45","modified_gmt":"2019-11-23T09:29:45","slug":"ou-se-mobiliser-dans-les-hauts-de-france-pour-le-5-decembre-2019","status":"publish","type":"post","link":"https:\/\/regions-snetap-fsu.fr\/formation\/2019\/11\/23\/ou-se-mobiliser-dans-les-hauts-de-france-pour-le-5-decembre-2019\/","title":{"rendered":"O\u00f9 se mobiliser dans les Hauts-de-France pour le 5 d\u00e9cembre 2019 ?"},"content":{"rendered":"<h2 style=\"text-align: center\"><span style=\"color: #ff0000\">O\u00f9 se mobiliser dans les Hauts-de-France pour le 5 d\u00e9cembre 2019 contre le projet de r\u00e9forme des retraites ?<\/span><\/h2>\n<blockquote>\n<p style=\"text-align: justify\"><span style=\"font-family: tahoma, arial, helvetica, sans-serif;color: #0000ff\">De nombreux lieux de rassemblement seront organis\u00e9s dans les Hauts-de-France par de nombreuses organisations syndicales dont la FSU.<\/span><\/p>\n<p style=\"text-align: justify\"><span style=\"color: #0000ff;font-family: tahoma, arial, helvetica, sans-serif\">Cet article sera susceptible d&rsquo;\u00e9voluer au gr\u00e9 des informations, n&rsquo;h\u00e9sitez pas \u00e0 le consulter r\u00e9guli\u00e8rement.<\/span><\/p>\n<p><span style=\"font-family: tahoma, arial, helvetica, sans-serif;color: #0000ff\">N&rsquo;h\u00e9sitez \u00e0 nous contacter, si vous avez connaissance d&rsquo;un rassemblement non list\u00e9 ci-dessous&#8230;<\/span><\/p><\/blockquote>\n<p><!--more--><\/p>\n<p>&nbsp;<\/p>\n<p><span style=\"font-family: tahoma, arial, helvetica, sans-serif\"><strong><span style=\"color: #ff0000\">Nord<\/span><\/strong><\/span><\/p>\n<ul>\n<li><span style=\"font-family: tahoma, arial, helvetica, sans-serif;color: #0000ff\">Lille : 14h30 &#8211; Porte de Paris (Bus FSU : <span style=\"text-decoration: underline\"><span style=\"color: #000000;text-decoration: underline\"><a style=\"color: #000000;text-decoration: underline\" href=\"https:\/\/regions-snetap-fsu.fr\/hdf\/2019\/11\/17\/bus-fsu-pour-la-manifestation-du-5-decembre-2019-14h30-porte-de-paris-a-lille\/\" target=\"_blank\" rel=\"noopener noreferrer\">Lien : BUS FSU pour le 5 d\u00e9cembre \u00e0 Lille<\/a> <\/span><\/span>)<br \/>\n<\/span><\/li>\n<li><span style=\"font-family: tahoma, arial, helvetica, sans-serif;color: #0000ff\">Dunkerque : 16h &#8211; Place de la gare<br \/>\n<\/span><\/li>\n<li><span style=\"font-family: tahoma, arial, helvetica, sans-serif;color: #0000ff\">Douai : 10h &#8211; Place d&rsquo;Armes<\/span><\/li>\n<li><span style=\"font-family: tahoma, arial, helvetica, sans-serif;color: #0000ff\">Cambrai : D\u00e9part cort\u00e8ge \u00e0 7h30 vers Valencienne, Manif \u00e0 Valencienne puis retour \u00e0 12h30<\/span><\/li>\n<li><span style=\"font-family: tahoma, arial, helvetica, sans-serif;color: #0000ff\">Valencienne : 10h &#8211; Place d&rsquo;Armes<\/span><\/li>\n<li><span style=\"font-family: tahoma, arial, helvetica, sans-serif;color: #0000ff\">Armenti\u00e8res : 10h &#8211; Au d\u00e9part de la CPAM<\/span><\/li>\n<li><span style=\"font-family: tahoma, arial, helvetica, sans-serif\"><span style=\"color: #0000ff\">Bailleul : 11h &#8211; Rassemblement devant l\u2019h\u00f4tel de ville<\/span><\/span><\/li>\n<\/ul>\n<p><strong><span style=\"font-family: tahoma, arial, helvetica, sans-serif;color: #ff0000\">Pas-de-Calais<\/span><\/strong><\/p>\n<ul>\n<li><span style=\"font-family: tahoma, arial, helvetica, sans-serif;color: #0000ff\">Arras : 9h30 &#8211; Gare<br \/>\n<\/span><\/li>\n<li><span style=\"font-family: tahoma, arial, helvetica, sans-serif;color: #0000ff\">Boulogne-sur-mer : 9h30 &#8211; Bourse du travail<br \/>\n<\/span><\/li>\n<li><span style=\"font-family: tahoma, arial, helvetica, sans-serif;color: #0000ff\">Calais : 9h30 &#8211; Bourse du travail<br \/>\n<\/span><\/li>\n<\/ul>\n<p><strong><span style=\"font-family: tahoma, arial, helvetica, sans-serif;color: #ff0000\">Somme<\/span><\/strong><\/p>\n<ul>\n<li><span style=\"font-family: tahoma, arial, helvetica, sans-serif;color: #0000ff\">Amiens : 14h &#8211; Maison de la culture (MACU)<\/span><\/li>\n<li><span style=\"color: #0000ff;font-family: tahoma, arial, helvetica, sans-serif\">Abbeville : 10h &#8211; Devant le lyc\u00e9e Boucher de Perthes<\/span><\/li>\n<\/ul>\n<p><strong><span style=\"font-family: tahoma, arial, helvetica, sans-serif;color: #ff0000\">Aisne<\/span><\/strong><\/p>\n<ul>\n<li><span style=\"font-family: tahoma, arial, helvetica, sans-serif;color: #0000ff\">Saint-Quentin : 15h &#8211; Place 8 octobre<\/span><\/li>\n<li><span style=\"font-family: tahoma, arial, helvetica, sans-serif;color: #0000ff\">Laon : 10h &#8211; Place des droits de l&rsquo;Homme<\/span><\/li>\n<li><span style=\"font-family: tahoma, arial, helvetica, sans-serif;color: #0000ff\">Ch\u00e2teau-Thierry : 16h30 &#8211; <\/span><\/li>\n<li><span style=\"font-family: tahoma, arial, helvetica, sans-serif;color: #0000ff\">Hirson : 14h00 &#8211; ZAC de l&rsquo;Epinette<\/span><\/li>\n<\/ul>\n<p><strong><span style=\"font-family: tahoma, arial, helvetica, sans-serif;color: #ff0000\">Oise<\/span><\/strong><\/p>\n<ul>\n<li><span style=\"font-family: tahoma, arial, helvetica, sans-serif;color: #0000ff\">Beauvais : 14h30 &#8211; Place des Mar\u00e9chaux (devant le lyc\u00e9e F\u00e9lix Faure )<\/span><\/li>\n<li><span style=\"font-family: tahoma, arial, helvetica, sans-serif;color: #0000ff\">Nogent-sur-Oise : 10h00 &#8211; magasin <i>Lidl<\/i> (\u00e0 proximit\u00e9 des meubles Pont Royal)<\/span><\/li>\n<li><span style=\"font-family: tahoma, arial, helvetica, sans-serif;color: #0000ff\">Compi\u00e8gne : 10h00 &#8211; Cour Guynemer<\/span><\/li>\n<li><span style=\"font-family: tahoma, arial, helvetica, sans-serif;color: #0000ff\">Creil : 12h00 &#8211; Bourse du travail<\/span><\/li>\n<\/ul>\n<blockquote>\n<p style=\"text-align: center\"><span style=\"font-family: tahoma, arial, helvetica, sans-serif;color: #ff0000\"><strong>Attention,<\/strong><\/span><\/p>\n<p style=\"text-align: justify\"><span style=\"font-family: tahoma, arial, helvetica, sans-serif;color: #ff0000\"><strong>cet article est susceptible d&rsquo;\u00e9voluer au gr\u00e9 des informations, n&rsquo;h\u00e9sitez pas \u00e0 le consulter r\u00e9guli\u00e8rement.<\/strong><\/span><\/p>\n<\/blockquote>\n<p><img decoding=\"async\" class=\"aligncenter size-medium wp-image-3292\" src=\"https:\/\/regions-snetap-fsu.fr\/hdf\/wp-content\/uploads\/sites\/5\/2019\/10\/Greve_reforme_retraite_5_dec_2019-300x97.png\" alt=\"\" width=\"300\" height=\"97\" \/><\/p>\n","protected":false},"excerpt":{"rendered":"<p>O\u00f9 se mobiliser dans les Hauts-de-France pour le 5 d\u00e9cembre 2019 contre le projet de r\u00e9forme des retraites ? De nombreux lieux de rassemblement seront organis\u00e9s dans les Hauts-de-France par de nombreuses organisations syndicales dont la FSU. Cet article sera susceptible d&rsquo;\u00e9voluer au gr\u00e9 des informations, n&rsquo;h\u00e9sitez pas \u00e0 le consulter r\u00e9guli\u00e8rement. N&rsquo;h\u00e9sitez \u00e0 nous [&hellip;]<\/p>\n","protected":false},"author":138,"featured_media":0,"comment_status":"closed","ping_status":"closed","sticky":false,"template":"","format":"standard","meta":{"ocean_post_layout":"","ocean_both_sidebars_style":"","ocean_both_sidebars_content_width":0,"ocean_both_sidebars_sidebars_width":0,"ocean_sidebar":"","ocean_second_sidebar":"","ocean_disable_margins":"enable","ocean_add_body_class":"","ocean_shortcode_before_top_bar":"","ocean_shortcode_after_top_bar":"","ocean_shortcode_before_header":"","ocean_shortcode_after_header":"","ocean_has_shortcode":"","ocean_shortcode_after_title":"","ocean_shortcode_before_footer_widgets":"","ocean_shortcode_after_footer_widgets":"","ocean_shortcode_before_footer_bottom":"","ocean_shortcode_after_footer_bottom":"","ocean_display_top_bar":"default","ocean_display_header":"default","ocean_header_style":"","ocean_center_header_left_menu":"","ocean_custom_header_template":"","ocean_custom_logo":0,"ocean_custom_retina_logo":0,"ocean_custom_logo_max_width":0,"ocean_custom_logo_tablet_max_width":0,"ocean_custom_logo_mobile_max_width":0,"ocean_custom_logo_max_height":0,"ocean_custom_logo_tablet_max_height":0,"ocean_custom_logo_mobile_max_height":0,"ocean_header_custom_menu":"","ocean_menu_typo_font_family":"","ocean_menu_typo_font_subset":"","ocean_menu_typo_font_size":0,"ocean_menu_typo_font_size_tablet":0,"ocean_menu_typo_font_size_mobile":0,"ocean_menu_typo_font_size_unit":"px","ocean_menu_typo_font_weight":"","ocean_menu_typo_font_weight_tablet":"","ocean_menu_typo_font_weight_mobile":"","ocean_menu_typo_transform":"","ocean_menu_typo_transform_tablet":"","ocean_menu_typo_transform_mobile":"","ocean_menu_typo_line_height":0,"ocean_menu_typo_line_height_tablet":0,"ocean_menu_typo_line_height_mobile":0,"ocean_menu_typo_line_height_unit":"","ocean_menu_typo_spacing":0,"ocean_menu_typo_spacing_tablet":0,"ocean_menu_typo_spacing_mobile":0,"ocean_menu_typo_spacing_unit":"","ocean_menu_link_color":"","ocean_menu_link_color_hover":"","ocean_menu_link_color_active":"","ocean_menu_link_background":"","ocean_menu_link_hover_background":"","ocean_menu_link_active_background":"","ocean_menu_social_links_bg":"","ocean_menu_social_hover_links_bg":"","ocean_menu_social_links_color":"","ocean_menu_social_hover_links_color":"","ocean_disable_title":"default","ocean_disable_heading":"default","ocean_post_title":"","ocean_post_subheading":"","ocean_post_title_style":"","ocean_post_title_background_color":"","ocean_post_title_background":0,"ocean_post_title_bg_image_position":"","ocean_post_title_bg_image_attachment":"","ocean_post_title_bg_image_repeat":"","ocean_post_title_bg_image_size":"","ocean_post_title_height":0,"ocean_post_title_bg_overlay":0.5,"ocean_post_title_bg_overlay_color":"","ocean_disable_breadcrumbs":"default","ocean_breadcrumbs_color":"","ocean_breadcrumbs_separator_color":"","ocean_breadcrumbs_links_color":"","ocean_breadcrumbs_links_hover_color":"","ocean_display_footer_widgets":"default","ocean_display_footer_bottom":"default","ocean_custom_footer_template":"","ocean_post_oembed":"","ocean_post_self_hosted_media":"","ocean_post_video_embed":"","ocean_link_format":"","ocean_link_format_target":"self","ocean_quote_format":"","ocean_quote_format_link":"post","ocean_gallery_link_images":"on","ocean_gallery_id":[],"footnotes":""},"categories":[3],"tags":[],"post_folder":[],"class_list":["post-3518","post","type-post","status-publish","format-standard","hentry","category-actions-greves-manifs","entry"],"yoast_head":"<!-- This site is optimized with the Yoast SEO plugin v27.4 - https:\/\/yoast.com\/product\/yoast-seo-wordpress\/ -->\n<title>O\u00f9 se mobiliser dans les Hauts-de-France pour le 5 d\u00e9cembre 2019 ? - Formation des sites R\u00e9gionaux du SNETAP-FSU<\/title>\n<meta name=\"robots\" content=\"index, follow, max-snippet:-1, max-image-preview:large, max-video-preview:-1\" \/>\n<link rel=\"canonical\" href=\"https:\/\/regions-snetap-fsu.fr\/formation\/2019\/11\/23\/ou-se-mobiliser-dans-les-hauts-de-france-pour-le-5-decembre-2019\/\" \/>\n<meta property=\"og:locale\" content=\"fr_FR\" \/>\n<meta property=\"og:type\" content=\"article\" \/>\n<meta property=\"og:title\" content=\"O\u00f9 se mobiliser dans les Hauts-de-France pour le 5 d\u00e9cembre 2019 ? - Formation des sites R\u00e9gionaux du SNETAP-FSU\" \/>\n<meta property=\"og:description\" content=\"O\u00f9 se mobiliser dans les Hauts-de-France pour le 5 d\u00e9cembre 2019 contre le projet de r\u00e9forme des retraites ? De nombreux lieux de rassemblement seront organis\u00e9s dans les Hauts-de-France par de nombreuses organisations syndicales dont la FSU. Cet article sera susceptible d&rsquo;\u00e9voluer au gr\u00e9 des informations, n&rsquo;h\u00e9sitez pas \u00e0 le consulter r\u00e9guli\u00e8rement. N&rsquo;h\u00e9sitez \u00e0 nous [&hellip;]\" \/>\n<meta property=\"og:url\" content=\"https:\/\/regions-snetap-fsu.fr\/formation\/2019\/11\/23\/ou-se-mobiliser-dans-les-hauts-de-france-pour-le-5-decembre-2019\/\" \/>\n<meta property=\"og:site_name\" content=\"Formation des sites R\u00e9gionaux du SNETAP-FSU\" \/>\n<meta property=\"article:published_time\" content=\"2019-11-23T09:29:45+00:00\" \/>\n<meta name=\"author\" content=\"yoctavien\" \/>\n<meta name=\"twitter:card\" content=\"summary_large_image\" \/>\n<meta name=\"twitter:label1\" content=\"\u00c9crit par\" \/>\n\t<meta name=\"twitter:data1\" content=\"yoctavien\" \/>\n\t<meta name=\"twitter:label2\" content=\"Dur\u00e9e de lecture estim\u00e9e\" \/>\n\t<meta name=\"twitter:data2\" content=\"1 minute\" \/>\n<script type=\"application\/ld+json\" class=\"yoast-schema-graph\">{\"@context\":\"https:\\\/\\\/schema.org\",\"@graph\":[{\"@type\":\"Article\",\"@id\":\"https:\\\/\\\/regions-snetap-fsu.fr\\\/formation\\\/2019\\\/11\\\/23\\\/ou-se-mobiliser-dans-les-hauts-de-france-pour-le-5-decembre-2019\\\/#article\",\"isPartOf\":{\"@id\":\"https:\\\/\\\/regions-snetap-fsu.fr\\\/formation\\\/2019\\\/11\\\/23\\\/ou-se-mobiliser-dans-les-hauts-de-france-pour-le-5-decembre-2019\\\/\"},\"author\":{\"name\":\"yoctavien\",\"@id\":\"https:\\\/\\\/regions-snetap-fsu.fr\\\/formation\\\/#\\\/schema\\\/person\\\/f5dc7b6354e942ca9c5fa8e9ff7e5c93\"},\"headline\":\"O\u00f9 se mobiliser dans les Hauts-de-France pour le 5 d\u00e9cembre 2019 ?\",\"datePublished\":\"2019-11-23T09:29:45+00:00\",\"mainEntityOfPage\":{\"@id\":\"https:\\\/\\\/regions-snetap-fsu.fr\\\/formation\\\/2019\\\/11\\\/23\\\/ou-se-mobiliser-dans-les-hauts-de-france-pour-le-5-decembre-2019\\\/\"},\"wordCount\":270,\"publisher\":{\"@id\":\"https:\\\/\\\/regions-snetap-fsu.fr\\\/formation\\\/#organization\"},\"image\":{\"@id\":\"https:\\\/\\\/regions-snetap-fsu.fr\\\/formation\\\/2019\\\/11\\\/23\\\/ou-se-mobiliser-dans-les-hauts-de-france-pour-le-5-decembre-2019\\\/#primaryimage\"},\"thumbnailUrl\":\"https:\\\/\\\/regions-snetap-fsu.fr\\\/hdf\\\/wp-content\\\/uploads\\\/sites\\\/5\\\/2019\\\/10\\\/Greve_reforme_retraite_5_dec_2019-300x97.png\",\"articleSection\":[\"Actions - Gr\u00e8ves - Manifs\"],\"inLanguage\":\"fr-FR\"},{\"@type\":\"WebPage\",\"@id\":\"https:\\\/\\\/regions-snetap-fsu.fr\\\/formation\\\/2019\\\/11\\\/23\\\/ou-se-mobiliser-dans-les-hauts-de-france-pour-le-5-decembre-2019\\\/\",\"url\":\"https:\\\/\\\/regions-snetap-fsu.fr\\\/formation\\\/2019\\\/11\\\/23\\\/ou-se-mobiliser-dans-les-hauts-de-france-pour-le-5-decembre-2019\\\/\",\"name\":\"O\u00f9 se mobiliser dans les Hauts-de-France pour le 5 d\u00e9cembre 2019 ? - Formation des sites R\u00e9gionaux du SNETAP-FSU\",\"isPartOf\":{\"@id\":\"https:\\\/\\\/regions-snetap-fsu.fr\\\/formation\\\/#website\"},\"primaryImageOfPage\":{\"@id\":\"https:\\\/\\\/regions-snetap-fsu.fr\\\/formation\\\/2019\\\/11\\\/23\\\/ou-se-mobiliser-dans-les-hauts-de-france-pour-le-5-decembre-2019\\\/#primaryimage\"},\"image\":{\"@id\":\"https:\\\/\\\/regions-snetap-fsu.fr\\\/formation\\\/2019\\\/11\\\/23\\\/ou-se-mobiliser-dans-les-hauts-de-france-pour-le-5-decembre-2019\\\/#primaryimage\"},\"thumbnailUrl\":\"https:\\\/\\\/regions-snetap-fsu.fr\\\/hdf\\\/wp-content\\\/uploads\\\/sites\\\/5\\\/2019\\\/10\\\/Greve_reforme_retraite_5_dec_2019-300x97.png\",\"datePublished\":\"2019-11-23T09:29:45+00:00\",\"breadcrumb\":{\"@id\":\"https:\\\/\\\/regions-snetap-fsu.fr\\\/formation\\\/2019\\\/11\\\/23\\\/ou-se-mobiliser-dans-les-hauts-de-france-pour-le-5-decembre-2019\\\/#breadcrumb\"},\"inLanguage\":\"fr-FR\",\"potentialAction\":[{\"@type\":\"ReadAction\",\"target\":[\"https:\\\/\\\/regions-snetap-fsu.fr\\\/formation\\\/2019\\\/11\\\/23\\\/ou-se-mobiliser-dans-les-hauts-de-france-pour-le-5-decembre-2019\\\/\"]}]},{\"@type\":\"ImageObject\",\"inLanguage\":\"fr-FR\",\"@id\":\"https:\\\/\\\/regions-snetap-fsu.fr\\\/formation\\\/2019\\\/11\\\/23\\\/ou-se-mobiliser-dans-les-hauts-de-france-pour-le-5-decembre-2019\\\/#primaryimage\",\"url\":\"https:\\\/\\\/regions-snetap-fsu.fr\\\/hdf\\\/wp-content\\\/uploads\\\/sites\\\/5\\\/2019\\\/10\\\/Greve_reforme_retraite_5_dec_2019-300x97.png\",\"contentUrl\":\"https:\\\/\\\/regions-snetap-fsu.fr\\\/hdf\\\/wp-content\\\/uploads\\\/sites\\\/5\\\/2019\\\/10\\\/Greve_reforme_retraite_5_dec_2019-300x97.png\"},{\"@type\":\"BreadcrumbList\",\"@id\":\"https:\\\/\\\/regions-snetap-fsu.fr\\\/formation\\\/2019\\\/11\\\/23\\\/ou-se-mobiliser-dans-les-hauts-de-france-pour-le-5-decembre-2019\\\/#breadcrumb\",\"itemListElement\":[{\"@type\":\"ListItem\",\"position\":1,\"name\":\"Accueil\",\"item\":\"https:\\\/\\\/regions-snetap-fsu.fr\\\/formation\\\/\"},{\"@type\":\"ListItem\",\"position\":2,\"name\":\"O\u00f9 se mobiliser dans les Hauts-de-France pour le 5 d\u00e9cembre 2019 ?\"}]},{\"@type\":\"WebSite\",\"@id\":\"https:\\\/\\\/regions-snetap-fsu.fr\\\/formation\\\/#website\",\"url\":\"https:\\\/\\\/regions-snetap-fsu.fr\\\/formation\\\/\",\"name\":\"Formation des sites R\u00e9gionaux du SNETAP-FSU\",\"description\":\"\",\"publisher\":{\"@id\":\"https:\\\/\\\/regions-snetap-fsu.fr\\\/formation\\\/#organization\"},\"potentialAction\":[{\"@type\":\"SearchAction\",\"target\":{\"@type\":\"EntryPoint\",\"urlTemplate\":\"https:\\\/\\\/regions-snetap-fsu.fr\\\/formation\\\/?s={search_term_string}\"},\"query-input\":{\"@type\":\"PropertyValueSpecification\",\"valueRequired\":true,\"valueName\":\"search_term_string\"}}],\"inLanguage\":\"fr-FR\"},{\"@type\":\"Organization\",\"@id\":\"https:\\\/\\\/regions-snetap-fsu.fr\\\/formation\\\/#organization\",\"name\":\"Formation des sites R\u00e9gionaux du SNETAP-FSU\",\"url\":\"https:\\\/\\\/regions-snetap-fsu.fr\\\/formation\\\/\",\"logo\":{\"@type\":\"ImageObject\",\"inLanguage\":\"fr-FR\",\"@id\":\"https:\\\/\\\/regions-snetap-fsu.fr\\\/formation\\\/#\\\/schema\\\/logo\\\/image\\\/\",\"url\":\"https:\\\/\\\/regions-snetap-fsu.fr\\\/formation\\\/wp-content\\\/uploads\\\/sites\\\/20\\\/2025\\\/04\\\/cropped-Logo_blanc_fond_transparent_1000x755.png\",\"contentUrl\":\"https:\\\/\\\/regions-snetap-fsu.fr\\\/formation\\\/wp-content\\\/uploads\\\/sites\\\/20\\\/2025\\\/04\\\/cropped-Logo_blanc_fond_transparent_1000x755.png\",\"width\":998,\"height\":689,\"caption\":\"Formation des sites R\u00e9gionaux du SNETAP-FSU\"},\"image\":{\"@id\":\"https:\\\/\\\/regions-snetap-fsu.fr\\\/formation\\\/#\\\/schema\\\/logo\\\/image\\\/\"}},{\"@type\":\"Person\",\"@id\":\"https:\\\/\\\/regions-snetap-fsu.fr\\\/formation\\\/#\\\/schema\\\/person\\\/f5dc7b6354e942ca9c5fa8e9ff7e5c93\",\"name\":\"yoctavien\",\"image\":{\"@type\":\"ImageObject\",\"inLanguage\":\"fr-FR\",\"@id\":\"https:\\\/\\\/secure.gravatar.com\\\/avatar\\\/382642c092b6b9da14641d3c478df2f3da4a2d17eea25691c232d4dbf735c292?s=96&d=mm&r=g\",\"url\":\"https:\\\/\\\/secure.gravatar.com\\\/avatar\\\/382642c092b6b9da14641d3c478df2f3da4a2d17eea25691c232d4dbf735c292?s=96&d=mm&r=g\",\"contentUrl\":\"https:\\\/\\\/secure.gravatar.com\\\/avatar\\\/382642c092b6b9da14641d3c478df2f3da4a2d17eea25691c232d4dbf735c292?s=96&d=mm&r=g\",\"caption\":\"yoctavien\"},\"url\":\"https:\\\/\\\/regions-snetap-fsu.fr\\\/formation\\\/author\\\/yoctavien\\\/\"}]}<\/script>\n<!-- \/ Yoast SEO plugin. -->","yoast_head_json":{"title":"O\u00f9 se mobiliser dans les Hauts-de-France pour le 5 d\u00e9cembre 2019 ? - Formation des sites R\u00e9gionaux du SNETAP-FSU","robots":{"index":"index","follow":"follow","max-snippet":"max-snippet:-1","max-image-preview":"max-image-preview:large","max-video-preview":"max-video-preview:-1"},"canonical":"https:\/\/regions-snetap-fsu.fr\/formation\/2019\/11\/23\/ou-se-mobiliser-dans-les-hauts-de-france-pour-le-5-decembre-2019\/","og_locale":"fr_FR","og_type":"article","og_title":"O\u00f9 se mobiliser dans les Hauts-de-France pour le 5 d\u00e9cembre 2019 ? - Formation des sites R\u00e9gionaux du SNETAP-FSU","og_description":"O\u00f9 se mobiliser dans les Hauts-de-France pour le 5 d\u00e9cembre 2019 contre le projet de r\u00e9forme des retraites ? De nombreux lieux de rassemblement seront organis\u00e9s dans les Hauts-de-France par de nombreuses organisations syndicales dont la FSU. Cet article sera susceptible d&rsquo;\u00e9voluer au gr\u00e9 des informations, n&rsquo;h\u00e9sitez pas \u00e0 le consulter r\u00e9guli\u00e8rement. N&rsquo;h\u00e9sitez \u00e0 nous [&hellip;]","og_url":"https:\/\/regions-snetap-fsu.fr\/formation\/2019\/11\/23\/ou-se-mobiliser-dans-les-hauts-de-france-pour-le-5-decembre-2019\/","og_site_name":"Formation des sites R\u00e9gionaux du SNETAP-FSU","article_published_time":"2019-11-23T09:29:45+00:00","author":"yoctavien","twitter_card":"summary_large_image","twitter_misc":{"\u00c9crit par":"yoctavien","Dur\u00e9e de lecture estim\u00e9e":"1 minute"},"schema":{"@context":"https:\/\/schema.org","@graph":[{"@type":"Article","@id":"https:\/\/regions-snetap-fsu.fr\/formation\/2019\/11\/23\/ou-se-mobiliser-dans-les-hauts-de-france-pour-le-5-decembre-2019\/#article","isPartOf":{"@id":"https:\/\/regions-snetap-fsu.fr\/formation\/2019\/11\/23\/ou-se-mobiliser-dans-les-hauts-de-france-pour-le-5-decembre-2019\/"},"author":{"name":"yoctavien","@id":"https:\/\/regions-snetap-fsu.fr\/formation\/#\/schema\/person\/f5dc7b6354e942ca9c5fa8e9ff7e5c93"},"headline":"O\u00f9 se mobiliser dans les Hauts-de-France pour le 5 d\u00e9cembre 2019 ?","datePublished":"2019-11-23T09:29:45+00:00","mainEntityOfPage":{"@id":"https:\/\/regions-snetap-fsu.fr\/formation\/2019\/11\/23\/ou-se-mobiliser-dans-les-hauts-de-france-pour-le-5-decembre-2019\/"},"wordCount":270,"publisher":{"@id":"https:\/\/regions-snetap-fsu.fr\/formation\/#organization"},"image":{"@id":"https:\/\/regions-snetap-fsu.fr\/formation\/2019\/11\/23\/ou-se-mobiliser-dans-les-hauts-de-france-pour-le-5-decembre-2019\/#primaryimage"},"thumbnailUrl":"https:\/\/regions-snetap-fsu.fr\/hdf\/wp-content\/uploads\/sites\/5\/2019\/10\/Greve_reforme_retraite_5_dec_2019-300x97.png","articleSection":["Actions - Gr\u00e8ves - Manifs"],"inLanguage":"fr-FR"},{"@type":"WebPage","@id":"https:\/\/regions-snetap-fsu.fr\/formation\/2019\/11\/23\/ou-se-mobiliser-dans-les-hauts-de-france-pour-le-5-decembre-2019\/","url":"https:\/\/regions-snetap-fsu.fr\/formation\/2019\/11\/23\/ou-se-mobiliser-dans-les-hauts-de-france-pour-le-5-decembre-2019\/","name":"O\u00f9 se mobiliser dans les Hauts-de-France pour le 5 d\u00e9cembre 2019 ? - Formation des sites R\u00e9gionaux du SNETAP-FSU","isPartOf":{"@id":"https:\/\/regions-snetap-fsu.fr\/formation\/#website"},"primaryImageOfPage":{"@id":"https:\/\/regions-snetap-fsu.fr\/formation\/2019\/11\/23\/ou-se-mobiliser-dans-les-hauts-de-france-pour-le-5-decembre-2019\/#primaryimage"},"image":{"@id":"https:\/\/regions-snetap-fsu.fr\/formation\/2019\/11\/23\/ou-se-mobiliser-dans-les-hauts-de-france-pour-le-5-decembre-2019\/#primaryimage"},"thumbnailUrl":"https:\/\/regions-snetap-fsu.fr\/hdf\/wp-content\/uploads\/sites\/5\/2019\/10\/Greve_reforme_retraite_5_dec_2019-300x97.png","datePublished":"2019-11-23T09:29:45+00:00","breadcrumb":{"@id":"https:\/\/regions-snetap-fsu.fr\/formation\/2019\/11\/23\/ou-se-mobiliser-dans-les-hauts-de-france-pour-le-5-decembre-2019\/#breadcrumb"},"inLanguage":"fr-FR","potentialAction":[{"@type":"ReadAction","target":["https:\/\/regions-snetap-fsu.fr\/formation\/2019\/11\/23\/ou-se-mobiliser-dans-les-hauts-de-france-pour-le-5-decembre-2019\/"]}]},{"@type":"ImageObject","inLanguage":"fr-FR","@id":"https:\/\/regions-snetap-fsu.fr\/formation\/2019\/11\/23\/ou-se-mobiliser-dans-les-hauts-de-france-pour-le-5-decembre-2019\/#primaryimage","url":"https:\/\/regions-snetap-fsu.fr\/hdf\/wp-content\/uploads\/sites\/5\/2019\/10\/Greve_reforme_retraite_5_dec_2019-300x97.png","contentUrl":"https:\/\/regions-snetap-fsu.fr\/hdf\/wp-content\/uploads\/sites\/5\/2019\/10\/Greve_reforme_retraite_5_dec_2019-300x97.png"},{"@type":"BreadcrumbList","@id":"https:\/\/regions-snetap-fsu.fr\/formation\/2019\/11\/23\/ou-se-mobiliser-dans-les-hauts-de-france-pour-le-5-decembre-2019\/#breadcrumb","itemListElement":[{"@type":"ListItem","position":1,"name":"Accueil","item":"https:\/\/regions-snetap-fsu.fr\/formation\/"},{"@type":"ListItem","position":2,"name":"O\u00f9 se mobiliser dans les Hauts-de-France pour le 5 d\u00e9cembre 2019 ?"}]},{"@type":"WebSite","@id":"https:\/\/regions-snetap-fsu.fr\/formation\/#website","url":"https:\/\/regions-snetap-fsu.fr\/formation\/","name":"Formation des sites R\u00e9gionaux du SNETAP-FSU","description":"","publisher":{"@id":"https:\/\/regions-snetap-fsu.fr\/formation\/#organization"},"potentialAction":[{"@type":"SearchAction","target":{"@type":"EntryPoint","urlTemplate":"https:\/\/regions-snetap-fsu.fr\/formation\/?s={search_term_string}"},"query-input":{"@type":"PropertyValueSpecification","valueRequired":true,"valueName":"search_term_string"}}],"inLanguage":"fr-FR"},{"@type":"Organization","@id":"https:\/\/regions-snetap-fsu.fr\/formation\/#organization","name":"Formation des sites R\u00e9gionaux du SNETAP-FSU","url":"https:\/\/regions-snetap-fsu.fr\/formation\/","logo":{"@type":"ImageObject","inLanguage":"fr-FR","@id":"https:\/\/regions-snetap-fsu.fr\/formation\/#\/schema\/logo\/image\/","url":"https:\/\/regions-snetap-fsu.fr\/formation\/wp-content\/uploads\/sites\/20\/2025\/04\/cropped-Logo_blanc_fond_transparent_1000x755.png","contentUrl":"https:\/\/regions-snetap-fsu.fr\/formation\/wp-content\/uploads\/sites\/20\/2025\/04\/cropped-Logo_blanc_fond_transparent_1000x755.png","width":998,"height":689,"caption":"Formation des sites R\u00e9gionaux du SNETAP-FSU"},"image":{"@id":"https:\/\/regions-snetap-fsu.fr\/formation\/#\/schema\/logo\/image\/"}},{"@type":"Person","@id":"https:\/\/regions-snetap-fsu.fr\/formation\/#\/schema\/person\/f5dc7b6354e942ca9c5fa8e9ff7e5c93","name":"yoctavien","image":{"@type":"ImageObject","inLanguage":"fr-FR","@id":"https:\/\/secure.gravatar.com\/avatar\/382642c092b6b9da14641d3c478df2f3da4a2d17eea25691c232d4dbf735c292?s=96&d=mm&r=g","url":"https:\/\/secure.gravatar.com\/avatar\/382642c092b6b9da14641d3c478df2f3da4a2d17eea25691c232d4dbf735c292?s=96&d=mm&r=g","contentUrl":"https:\/\/secure.gravatar.com\/avatar\/382642c092b6b9da14641d3c478df2f3da4a2d17eea25691c232d4dbf735c292?s=96&d=mm&r=g","caption":"yoctavien"},"url":"https:\/\/regions-snetap-fsu.fr\/formation\/author\/yoctavien\/"}]}},"_links":{"self":[{"href":"https:\/\/regions-snetap-fsu.fr\/formation\/wp-json\/wp\/v2\/posts\/3518","targetHints":{"allow":["GET"]}}],"collection":[{"href":"https:\/\/regions-snetap-fsu.fr\/formation\/wp-json\/wp\/v2\/posts"}],"about":[{"href":"https:\/\/regions-snetap-fsu.fr\/formation\/wp-json\/wp\/v2\/types\/post"}],"author":[{"embeddable":true,"href":"https:\/\/regions-snetap-fsu.fr\/formation\/wp-json\/wp\/v2\/users\/138"}],"replies":[{"embeddable":true,"href":"https:\/\/regions-snetap-fsu.fr\/formation\/wp-json\/wp\/v2\/comments?post=3518"}],"version-history":[{"count":0,"href":"https:\/\/regions-snetap-fsu.fr\/formation\/wp-json\/wp\/v2\/posts\/3518\/revisions"}],"wp:attachment":[{"href":"https:\/\/regions-snetap-fsu.fr\/formation\/wp-json\/wp\/v2\/media?parent=3518"}],"wp:term":[{"taxonomy":"category","embeddable":true,"href":"https:\/\/regions-snetap-fsu.fr\/formation\/wp-json\/wp\/v2\/categories?post=3518"},{"taxonomy":"post_tag","embeddable":true,"href":"https:\/\/regions-snetap-fsu.fr\/formation\/wp-json\/wp\/v2\/tags?post=3518"},{"taxonomy":"post_folder","embeddable":true,"href":"https:\/\/regions-snetap-fsu.fr\/formation\/wp-json\/wp\/v2\/post_folder?post=3518"}],"curies":[{"name":"wp","href":"https:\/\/api.w.org\/{rel}","templated":true}]}}