{"id":3378,"date":"2019-10-25T18:13:10","date_gmt":"2019-10-25T16:13:10","guid":{"rendered":"https:\/\/regions-snetap-fsu.fr\/hdf\/?p=3378"},"modified":"2019-10-25T18:13:10","modified_gmt":"2019-10-25T16:13:10","slug":"debat-public-sur-le-revenu-universel-dactivite-a-roubaix-le-06-11-19","status":"publish","type":"post","link":"https:\/\/regions-snetap-fsu.fr\/formation\/2019\/10\/25\/debat-public-sur-le-revenu-universel-dactivite-a-roubaix-le-06-11-19\/","title":{"rendered":"D\u00e9bat public sur le revenu universel d&rsquo;activit\u00e9 \u00e0 Roubaix le 06\/11\/19"},"content":{"rendered":"<h2 style=\"text-align: center\"><span style=\"color: #ff0000;font-family: tahoma, arial, helvetica, sans-serif\">D\u00e9bat public sur le revenu universel d&rsquo;activit\u00e9 \u00e0 Roubaix<\/span><\/h2>\n<h2 style=\"text-align: center\"><span style=\"font-family: tahoma, arial, helvetica, sans-serif;color: #ff0000\"><span id=\"OBJ_PREFIX_DWT243_com_zimbra_date\" class=\"Object\">6 novembre 2019<\/span> \u00e0 18h entr\u00e9e libre<\/span><\/h2>\n<blockquote>\n<p style=\"text-align: justify\"><span style=\"font-family: tahoma, arial, helvetica, sans-serif;color: #0000ff\">Invitation de la part de Michel Lalande, pr\u00e9fet de la r\u00e9gion Hauts-de-France.<\/span><\/p>\n<p><span style=\"font-family: tahoma, arial, helvetica, sans-serif;color: #0000ff\">L&rsquo;entr\u00e9e est libre sans inscription&#8230;<\/span><\/p><\/blockquote>\n<p><!--more--><\/p>\n<p><img fetchpriority=\"high\" decoding=\"async\" class=\"aligncenter wp-image-3381 size-large\" src=\"https:\/\/regions-snetap-fsu.fr\/hdf\/wp-content\/uploads\/sites\/5\/2019\/10\/Invitation_PrefetHdF_RUA_25_1019-1024x482.png\" alt=\"\" width=\"605\" height=\"285\" \/><\/p>\n<p style=\"text-align: justify\" align=\"left\"><span style=\"color: #0000ff;font-family: tahoma, arial, helvetica, sans-serif\">Un d\u00e9bat public sur le revenu universel d\u2019activit\u00e9 est pr\u00e9vu \u00e0 Roubaix le 6 novembre. Port\u00e9 dans le cadre de la strat\u00e9gie nationale de pr\u00e9vention et de lutte contre la pauvret\u00e9 pr\u00e9sent\u00e9e par le Pr\u00e9sident de la R\u00e9publique, cet espace de discussion vise \u00e0 construire ensemble une r\u00e9forme de l\u2019actuel syst\u00e8me de prestations sociales.<\/span><\/p>\n<p style=\"text-align: justify\" align=\"left\"><span style=\"color: #0000ff;font-family: tahoma, arial, helvetica, sans-serif\">Cet \u00e9v\u00e8nement se d\u00e9roulera le <b><span id=\"OBJ_PREFIX_DWT253_com_zimbra_date\" class=\"Object\">mercredi 6 novembre 2019<\/span> \u00e0 18h<\/b> en pr\u00e9sence d\u2019Olivier NOBLECOURT, D\u00e9l\u00e9gu\u00e9 interminist\u00e9riel \u00e0 la pr\u00e9vention et \u00e0 la lutte contre la pauvret\u00e9.<\/span><\/p>\n<p><span style=\"color: #0000ff;font-family: tahoma, arial, helvetica, sans-serif\">Pour en savoir plus<\/span> <span style=\"text-decoration: underline;color: #000000\"><span id=\"OBJ_PREFIX_DWT254_com_zimbra_url\" class=\"Object\"><a style=\"color: #000000;text-decoration: underline\" href=\"https:\/\/www.consultation-rua.gouv.fr\/\" target=\"_blank\" rel=\"noopener noreferrer\">https:\/\/www.consultation-rua.gouv.fr<\/a><\/span><\/span><\/p>\n<p>&nbsp;<\/p>\n","protected":false},"excerpt":{"rendered":"<p>D\u00e9bat public sur le revenu universel d&rsquo;activit\u00e9 \u00e0 Roubaix 6 novembre 2019 \u00e0 18h entr\u00e9e libre Invitation de la part de Michel Lalande, pr\u00e9fet de la r\u00e9gion Hauts-de-France. L&rsquo;entr\u00e9e est libre sans inscription&#8230;<\/p>\n","protected":false},"author":138,"featured_media":0,"comment_status":"closed","ping_status":"closed","sticky":false,"template":"","format":"standard","meta":{"ocean_post_layout":"","ocean_both_sidebars_style":"","ocean_both_sidebars_content_width":0,"ocean_both_sidebars_sidebars_width":0,"ocean_sidebar":"","ocean_second_sidebar":"","ocean_disable_margins":"enable","ocean_add_body_class":"","ocean_shortcode_before_top_bar":"","ocean_shortcode_after_top_bar":"","ocean_shortcode_before_header":"","ocean_shortcode_after_header":"","ocean_has_shortcode":"","ocean_shortcode_after_title":"","ocean_shortcode_before_footer_widgets":"","ocean_shortcode_after_footer_widgets":"","ocean_shortcode_before_footer_bottom":"","ocean_shortcode_after_footer_bottom":"","ocean_display_top_bar":"default","ocean_display_header":"default","ocean_header_style":"","ocean_center_header_left_menu":"","ocean_custom_header_template":"","ocean_custom_logo":0,"ocean_custom_retina_logo":0,"ocean_custom_logo_max_width":0,"ocean_custom_logo_tablet_max_width":0,"ocean_custom_logo_mobile_max_width":0,"ocean_custom_logo_max_height":0,"ocean_custom_logo_tablet_max_height":0,"ocean_custom_logo_mobile_max_height":0,"ocean_header_custom_menu":"","ocean_menu_typo_font_family":"","ocean_menu_typo_font_subset":"","ocean_menu_typo_font_size":0,"ocean_menu_typo_font_size_tablet":0,"ocean_menu_typo_font_size_mobile":0,"ocean_menu_typo_font_size_unit":"px","ocean_menu_typo_font_weight":"","ocean_menu_typo_font_weight_tablet":"","ocean_menu_typo_font_weight_mobile":"","ocean_menu_typo_transform":"","ocean_menu_typo_transform_tablet":"","ocean_menu_typo_transform_mobile":"","ocean_menu_typo_line_height":0,"ocean_menu_typo_line_height_tablet":0,"ocean_menu_typo_line_height_mobile":0,"ocean_menu_typo_line_height_unit":"","ocean_menu_typo_spacing":0,"ocean_menu_typo_spacing_tablet":0,"ocean_menu_typo_spacing_mobile":0,"ocean_menu_typo_spacing_unit":"","ocean_menu_link_color":"","ocean_menu_link_color_hover":"","ocean_menu_link_color_active":"","ocean_menu_link_background":"","ocean_menu_link_hover_background":"","ocean_menu_link_active_background":"","ocean_menu_social_links_bg":"","ocean_menu_social_hover_links_bg":"","ocean_menu_social_links_color":"","ocean_menu_social_hover_links_color":"","ocean_disable_title":"default","ocean_disable_heading":"default","ocean_post_title":"","ocean_post_subheading":"","ocean_post_title_style":"","ocean_post_title_background_color":"","ocean_post_title_background":0,"ocean_post_title_bg_image_position":"","ocean_post_title_bg_image_attachment":"","ocean_post_title_bg_image_repeat":"","ocean_post_title_bg_image_size":"","ocean_post_title_height":0,"ocean_post_title_bg_overlay":0.5,"ocean_post_title_bg_overlay_color":"","ocean_disable_breadcrumbs":"default","ocean_breadcrumbs_color":"","ocean_breadcrumbs_separator_color":"","ocean_breadcrumbs_links_color":"","ocean_breadcrumbs_links_hover_color":"","ocean_display_footer_widgets":"default","ocean_display_footer_bottom":"default","ocean_custom_footer_template":"","ocean_post_oembed":"","ocean_post_self_hosted_media":"","ocean_post_video_embed":"","ocean_link_format":"","ocean_link_format_target":"self","ocean_quote_format":"","ocean_quote_format_link":"post","ocean_gallery_link_images":"on","ocean_gallery_id":[],"footnotes":""},"categories":[27],"tags":[],"post_folder":[],"class_list":["post-3378","post","type-post","status-publish","format-standard","hentry","category-pour-information","entry"],"yoast_head":"<!-- This site is optimized with the Yoast SEO plugin v27.4 - https:\/\/yoast.com\/product\/yoast-seo-wordpress\/ -->\n<title>D\u00e9bat public sur le revenu universel d&#039;activit\u00e9 \u00e0 Roubaix le 06\/11\/19 - Formation des sites R\u00e9gionaux du SNETAP-FSU<\/title>\n<meta name=\"robots\" content=\"index, follow, max-snippet:-1, max-image-preview:large, max-video-preview:-1\" \/>\n<link rel=\"canonical\" href=\"https:\/\/regions-snetap-fsu.fr\/formation\/2019\/10\/25\/debat-public-sur-le-revenu-universel-dactivite-a-roubaix-le-06-11-19\/\" \/>\n<meta property=\"og:locale\" content=\"fr_FR\" \/>\n<meta property=\"og:type\" content=\"article\" \/>\n<meta property=\"og:title\" content=\"D\u00e9bat public sur le revenu universel d&#039;activit\u00e9 \u00e0 Roubaix le 06\/11\/19 - Formation des sites R\u00e9gionaux du SNETAP-FSU\" \/>\n<meta property=\"og:description\" content=\"D\u00e9bat public sur le revenu universel d&rsquo;activit\u00e9 \u00e0 Roubaix 6 novembre 2019 \u00e0 18h entr\u00e9e libre Invitation de la part de Michel Lalande, pr\u00e9fet de la r\u00e9gion Hauts-de-France. L&rsquo;entr\u00e9e est libre sans inscription&#8230;\" \/>\n<meta property=\"og:url\" content=\"https:\/\/regions-snetap-fsu.fr\/formation\/2019\/10\/25\/debat-public-sur-le-revenu-universel-dactivite-a-roubaix-le-06-11-19\/\" \/>\n<meta property=\"og:site_name\" content=\"Formation des sites R\u00e9gionaux du SNETAP-FSU\" \/>\n<meta property=\"article:published_time\" content=\"2019-10-25T16:13:10+00:00\" \/>\n<meta name=\"author\" content=\"yoctavien\" \/>\n<meta name=\"twitter:card\" content=\"summary_large_image\" \/>\n<meta name=\"twitter:label1\" content=\"\u00c9crit par\" \/>\n\t<meta name=\"twitter:data1\" content=\"yoctavien\" \/>\n\t<meta name=\"twitter:label2\" content=\"Dur\u00e9e de lecture estim\u00e9e\" \/>\n\t<meta name=\"twitter:data2\" content=\"1 minute\" \/>\n<script type=\"application\/ld+json\" class=\"yoast-schema-graph\">{\"@context\":\"https:\\\/\\\/schema.org\",\"@graph\":[{\"@type\":\"Article\",\"@id\":\"https:\\\/\\\/regions-snetap-fsu.fr\\\/formation\\\/2019\\\/10\\\/25\\\/debat-public-sur-le-revenu-universel-dactivite-a-roubaix-le-06-11-19\\\/#article\",\"isPartOf\":{\"@id\":\"https:\\\/\\\/regions-snetap-fsu.fr\\\/formation\\\/2019\\\/10\\\/25\\\/debat-public-sur-le-revenu-universel-dactivite-a-roubaix-le-06-11-19\\\/\"},\"author\":{\"name\":\"yoctavien\",\"@id\":\"https:\\\/\\\/regions-snetap-fsu.fr\\\/formation\\\/#\\\/schema\\\/person\\\/f5dc7b6354e942ca9c5fa8e9ff7e5c93\"},\"headline\":\"D\u00e9bat public sur le revenu universel d&rsquo;activit\u00e9 \u00e0 Roubaix le 06\\\/11\\\/19\",\"datePublished\":\"2019-10-25T16:13:10+00:00\",\"mainEntityOfPage\":{\"@id\":\"https:\\\/\\\/regions-snetap-fsu.fr\\\/formation\\\/2019\\\/10\\\/25\\\/debat-public-sur-le-revenu-universel-dactivite-a-roubaix-le-06-11-19\\\/\"},\"wordCount\":150,\"publisher\":{\"@id\":\"https:\\\/\\\/regions-snetap-fsu.fr\\\/formation\\\/#organization\"},\"image\":{\"@id\":\"https:\\\/\\\/regions-snetap-fsu.fr\\\/formation\\\/2019\\\/10\\\/25\\\/debat-public-sur-le-revenu-universel-dactivite-a-roubaix-le-06-11-19\\\/#primaryimage\"},\"thumbnailUrl\":\"https:\\\/\\\/regions-snetap-fsu.fr\\\/hdf\\\/wp-content\\\/uploads\\\/sites\\\/5\\\/2019\\\/10\\\/Invitation_PrefetHdF_RUA_25_1019-1024x482.png\",\"articleSection\":[\"Pour information\"],\"inLanguage\":\"fr-FR\"},{\"@type\":\"WebPage\",\"@id\":\"https:\\\/\\\/regions-snetap-fsu.fr\\\/formation\\\/2019\\\/10\\\/25\\\/debat-public-sur-le-revenu-universel-dactivite-a-roubaix-le-06-11-19\\\/\",\"url\":\"https:\\\/\\\/regions-snetap-fsu.fr\\\/formation\\\/2019\\\/10\\\/25\\\/debat-public-sur-le-revenu-universel-dactivite-a-roubaix-le-06-11-19\\\/\",\"name\":\"D\u00e9bat public sur le revenu universel d'activit\u00e9 \u00e0 Roubaix le 06\\\/11\\\/19 - Formation des sites R\u00e9gionaux du SNETAP-FSU\",\"isPartOf\":{\"@id\":\"https:\\\/\\\/regions-snetap-fsu.fr\\\/formation\\\/#website\"},\"primaryImageOfPage\":{\"@id\":\"https:\\\/\\\/regions-snetap-fsu.fr\\\/formation\\\/2019\\\/10\\\/25\\\/debat-public-sur-le-revenu-universel-dactivite-a-roubaix-le-06-11-19\\\/#primaryimage\"},\"image\":{\"@id\":\"https:\\\/\\\/regions-snetap-fsu.fr\\\/formation\\\/2019\\\/10\\\/25\\\/debat-public-sur-le-revenu-universel-dactivite-a-roubaix-le-06-11-19\\\/#primaryimage\"},\"thumbnailUrl\":\"https:\\\/\\\/regions-snetap-fsu.fr\\\/hdf\\\/wp-content\\\/uploads\\\/sites\\\/5\\\/2019\\\/10\\\/Invitation_PrefetHdF_RUA_25_1019-1024x482.png\",\"datePublished\":\"2019-10-25T16:13:10+00:00\",\"breadcrumb\":{\"@id\":\"https:\\\/\\\/regions-snetap-fsu.fr\\\/formation\\\/2019\\\/10\\\/25\\\/debat-public-sur-le-revenu-universel-dactivite-a-roubaix-le-06-11-19\\\/#breadcrumb\"},\"inLanguage\":\"fr-FR\",\"potentialAction\":[{\"@type\":\"ReadAction\",\"target\":[\"https:\\\/\\\/regions-snetap-fsu.fr\\\/formation\\\/2019\\\/10\\\/25\\\/debat-public-sur-le-revenu-universel-dactivite-a-roubaix-le-06-11-19\\\/\"]}]},{\"@type\":\"ImageObject\",\"inLanguage\":\"fr-FR\",\"@id\":\"https:\\\/\\\/regions-snetap-fsu.fr\\\/formation\\\/2019\\\/10\\\/25\\\/debat-public-sur-le-revenu-universel-dactivite-a-roubaix-le-06-11-19\\\/#primaryimage\",\"url\":\"https:\\\/\\\/regions-snetap-fsu.fr\\\/hdf\\\/wp-content\\\/uploads\\\/sites\\\/5\\\/2019\\\/10\\\/Invitation_PrefetHdF_RUA_25_1019-1024x482.png\",\"contentUrl\":\"https:\\\/\\\/regions-snetap-fsu.fr\\\/hdf\\\/wp-content\\\/uploads\\\/sites\\\/5\\\/2019\\\/10\\\/Invitation_PrefetHdF_RUA_25_1019-1024x482.png\"},{\"@type\":\"BreadcrumbList\",\"@id\":\"https:\\\/\\\/regions-snetap-fsu.fr\\\/formation\\\/2019\\\/10\\\/25\\\/debat-public-sur-le-revenu-universel-dactivite-a-roubaix-le-06-11-19\\\/#breadcrumb\",\"itemListElement\":[{\"@type\":\"ListItem\",\"position\":1,\"name\":\"Accueil\",\"item\":\"https:\\\/\\\/regions-snetap-fsu.fr\\\/formation\\\/\"},{\"@type\":\"ListItem\",\"position\":2,\"name\":\"D\u00e9bat public sur le revenu universel d&rsquo;activit\u00e9 \u00e0 Roubaix le 06\\\/11\\\/19\"}]},{\"@type\":\"WebSite\",\"@id\":\"https:\\\/\\\/regions-snetap-fsu.fr\\\/formation\\\/#website\",\"url\":\"https:\\\/\\\/regions-snetap-fsu.fr\\\/formation\\\/\",\"name\":\"Formation des sites R\u00e9gionaux du SNETAP-FSU\",\"description\":\"\",\"publisher\":{\"@id\":\"https:\\\/\\\/regions-snetap-fsu.fr\\\/formation\\\/#organization\"},\"potentialAction\":[{\"@type\":\"SearchAction\",\"target\":{\"@type\":\"EntryPoint\",\"urlTemplate\":\"https:\\\/\\\/regions-snetap-fsu.fr\\\/formation\\\/?s={search_term_string}\"},\"query-input\":{\"@type\":\"PropertyValueSpecification\",\"valueRequired\":true,\"valueName\":\"search_term_string\"}}],\"inLanguage\":\"fr-FR\"},{\"@type\":\"Organization\",\"@id\":\"https:\\\/\\\/regions-snetap-fsu.fr\\\/formation\\\/#organization\",\"name\":\"Formation des sites R\u00e9gionaux du SNETAP-FSU\",\"url\":\"https:\\\/\\\/regions-snetap-fsu.fr\\\/formation\\\/\",\"logo\":{\"@type\":\"ImageObject\",\"inLanguage\":\"fr-FR\",\"@id\":\"https:\\\/\\\/regions-snetap-fsu.fr\\\/formation\\\/#\\\/schema\\\/logo\\\/image\\\/\",\"url\":\"https:\\\/\\\/regions-snetap-fsu.fr\\\/formation\\\/wp-content\\\/uploads\\\/sites\\\/20\\\/2025\\\/04\\\/cropped-Logo_blanc_fond_transparent_1000x755.png\",\"contentUrl\":\"https:\\\/\\\/regions-snetap-fsu.fr\\\/formation\\\/wp-content\\\/uploads\\\/sites\\\/20\\\/2025\\\/04\\\/cropped-Logo_blanc_fond_transparent_1000x755.png\",\"width\":998,\"height\":689,\"caption\":\"Formation des sites R\u00e9gionaux du SNETAP-FSU\"},\"image\":{\"@id\":\"https:\\\/\\\/regions-snetap-fsu.fr\\\/formation\\\/#\\\/schema\\\/logo\\\/image\\\/\"}},{\"@type\":\"Person\",\"@id\":\"https:\\\/\\\/regions-snetap-fsu.fr\\\/formation\\\/#\\\/schema\\\/person\\\/f5dc7b6354e942ca9c5fa8e9ff7e5c93\",\"name\":\"yoctavien\",\"image\":{\"@type\":\"ImageObject\",\"inLanguage\":\"fr-FR\",\"@id\":\"https:\\\/\\\/secure.gravatar.com\\\/avatar\\\/382642c092b6b9da14641d3c478df2f3da4a2d17eea25691c232d4dbf735c292?s=96&d=mm&r=g\",\"url\":\"https:\\\/\\\/secure.gravatar.com\\\/avatar\\\/382642c092b6b9da14641d3c478df2f3da4a2d17eea25691c232d4dbf735c292?s=96&d=mm&r=g\",\"contentUrl\":\"https:\\\/\\\/secure.gravatar.com\\\/avatar\\\/382642c092b6b9da14641d3c478df2f3da4a2d17eea25691c232d4dbf735c292?s=96&d=mm&r=g\",\"caption\":\"yoctavien\"},\"url\":\"https:\\\/\\\/regions-snetap-fsu.fr\\\/formation\\\/author\\\/yoctavien\\\/\"}]}<\/script>\n<!-- \/ Yoast SEO plugin. -->","yoast_head_json":{"title":"D\u00e9bat public sur le revenu universel d'activit\u00e9 \u00e0 Roubaix le 06\/11\/19 - Formation des sites R\u00e9gionaux du SNETAP-FSU","robots":{"index":"index","follow":"follow","max-snippet":"max-snippet:-1","max-image-preview":"max-image-preview:large","max-video-preview":"max-video-preview:-1"},"canonical":"https:\/\/regions-snetap-fsu.fr\/formation\/2019\/10\/25\/debat-public-sur-le-revenu-universel-dactivite-a-roubaix-le-06-11-19\/","og_locale":"fr_FR","og_type":"article","og_title":"D\u00e9bat public sur le revenu universel d'activit\u00e9 \u00e0 Roubaix le 06\/11\/19 - Formation des sites R\u00e9gionaux du SNETAP-FSU","og_description":"D\u00e9bat public sur le revenu universel d&rsquo;activit\u00e9 \u00e0 Roubaix 6 novembre 2019 \u00e0 18h entr\u00e9e libre Invitation de la part de Michel Lalande, pr\u00e9fet de la r\u00e9gion Hauts-de-France. L&rsquo;entr\u00e9e est libre sans inscription&#8230;","og_url":"https:\/\/regions-snetap-fsu.fr\/formation\/2019\/10\/25\/debat-public-sur-le-revenu-universel-dactivite-a-roubaix-le-06-11-19\/","og_site_name":"Formation des sites R\u00e9gionaux du SNETAP-FSU","article_published_time":"2019-10-25T16:13:10+00:00","author":"yoctavien","twitter_card":"summary_large_image","twitter_misc":{"\u00c9crit par":"yoctavien","Dur\u00e9e de lecture estim\u00e9e":"1 minute"},"schema":{"@context":"https:\/\/schema.org","@graph":[{"@type":"Article","@id":"https:\/\/regions-snetap-fsu.fr\/formation\/2019\/10\/25\/debat-public-sur-le-revenu-universel-dactivite-a-roubaix-le-06-11-19\/#article","isPartOf":{"@id":"https:\/\/regions-snetap-fsu.fr\/formation\/2019\/10\/25\/debat-public-sur-le-revenu-universel-dactivite-a-roubaix-le-06-11-19\/"},"author":{"name":"yoctavien","@id":"https:\/\/regions-snetap-fsu.fr\/formation\/#\/schema\/person\/f5dc7b6354e942ca9c5fa8e9ff7e5c93"},"headline":"D\u00e9bat public sur le revenu universel d&rsquo;activit\u00e9 \u00e0 Roubaix le 06\/11\/19","datePublished":"2019-10-25T16:13:10+00:00","mainEntityOfPage":{"@id":"https:\/\/regions-snetap-fsu.fr\/formation\/2019\/10\/25\/debat-public-sur-le-revenu-universel-dactivite-a-roubaix-le-06-11-19\/"},"wordCount":150,"publisher":{"@id":"https:\/\/regions-snetap-fsu.fr\/formation\/#organization"},"image":{"@id":"https:\/\/regions-snetap-fsu.fr\/formation\/2019\/10\/25\/debat-public-sur-le-revenu-universel-dactivite-a-roubaix-le-06-11-19\/#primaryimage"},"thumbnailUrl":"https:\/\/regions-snetap-fsu.fr\/hdf\/wp-content\/uploads\/sites\/5\/2019\/10\/Invitation_PrefetHdF_RUA_25_1019-1024x482.png","articleSection":["Pour information"],"inLanguage":"fr-FR"},{"@type":"WebPage","@id":"https:\/\/regions-snetap-fsu.fr\/formation\/2019\/10\/25\/debat-public-sur-le-revenu-universel-dactivite-a-roubaix-le-06-11-19\/","url":"https:\/\/regions-snetap-fsu.fr\/formation\/2019\/10\/25\/debat-public-sur-le-revenu-universel-dactivite-a-roubaix-le-06-11-19\/","name":"D\u00e9bat public sur le revenu universel d'activit\u00e9 \u00e0 Roubaix le 06\/11\/19 - Formation des sites R\u00e9gionaux du SNETAP-FSU","isPartOf":{"@id":"https:\/\/regions-snetap-fsu.fr\/formation\/#website"},"primaryImageOfPage":{"@id":"https:\/\/regions-snetap-fsu.fr\/formation\/2019\/10\/25\/debat-public-sur-le-revenu-universel-dactivite-a-roubaix-le-06-11-19\/#primaryimage"},"image":{"@id":"https:\/\/regions-snetap-fsu.fr\/formation\/2019\/10\/25\/debat-public-sur-le-revenu-universel-dactivite-a-roubaix-le-06-11-19\/#primaryimage"},"thumbnailUrl":"https:\/\/regions-snetap-fsu.fr\/hdf\/wp-content\/uploads\/sites\/5\/2019\/10\/Invitation_PrefetHdF_RUA_25_1019-1024x482.png","datePublished":"2019-10-25T16:13:10+00:00","breadcrumb":{"@id":"https:\/\/regions-snetap-fsu.fr\/formation\/2019\/10\/25\/debat-public-sur-le-revenu-universel-dactivite-a-roubaix-le-06-11-19\/#breadcrumb"},"inLanguage":"fr-FR","potentialAction":[{"@type":"ReadAction","target":["https:\/\/regions-snetap-fsu.fr\/formation\/2019\/10\/25\/debat-public-sur-le-revenu-universel-dactivite-a-roubaix-le-06-11-19\/"]}]},{"@type":"ImageObject","inLanguage":"fr-FR","@id":"https:\/\/regions-snetap-fsu.fr\/formation\/2019\/10\/25\/debat-public-sur-le-revenu-universel-dactivite-a-roubaix-le-06-11-19\/#primaryimage","url":"https:\/\/regions-snetap-fsu.fr\/hdf\/wp-content\/uploads\/sites\/5\/2019\/10\/Invitation_PrefetHdF_RUA_25_1019-1024x482.png","contentUrl":"https:\/\/regions-snetap-fsu.fr\/hdf\/wp-content\/uploads\/sites\/5\/2019\/10\/Invitation_PrefetHdF_RUA_25_1019-1024x482.png"},{"@type":"BreadcrumbList","@id":"https:\/\/regions-snetap-fsu.fr\/formation\/2019\/10\/25\/debat-public-sur-le-revenu-universel-dactivite-a-roubaix-le-06-11-19\/#breadcrumb","itemListElement":[{"@type":"ListItem","position":1,"name":"Accueil","item":"https:\/\/regions-snetap-fsu.fr\/formation\/"},{"@type":"ListItem","position":2,"name":"D\u00e9bat public sur le revenu universel d&rsquo;activit\u00e9 \u00e0 Roubaix le 06\/11\/19"}]},{"@type":"WebSite","@id":"https:\/\/regions-snetap-fsu.fr\/formation\/#website","url":"https:\/\/regions-snetap-fsu.fr\/formation\/","name":"Formation des sites R\u00e9gionaux du SNETAP-FSU","description":"","publisher":{"@id":"https:\/\/regions-snetap-fsu.fr\/formation\/#organization"},"potentialAction":[{"@type":"SearchAction","target":{"@type":"EntryPoint","urlTemplate":"https:\/\/regions-snetap-fsu.fr\/formation\/?s={search_term_string}"},"query-input":{"@type":"PropertyValueSpecification","valueRequired":true,"valueName":"search_term_string"}}],"inLanguage":"fr-FR"},{"@type":"Organization","@id":"https:\/\/regions-snetap-fsu.fr\/formation\/#organization","name":"Formation des sites R\u00e9gionaux du SNETAP-FSU","url":"https:\/\/regions-snetap-fsu.fr\/formation\/","logo":{"@type":"ImageObject","inLanguage":"fr-FR","@id":"https:\/\/regions-snetap-fsu.fr\/formation\/#\/schema\/logo\/image\/","url":"https:\/\/regions-snetap-fsu.fr\/formation\/wp-content\/uploads\/sites\/20\/2025\/04\/cropped-Logo_blanc_fond_transparent_1000x755.png","contentUrl":"https:\/\/regions-snetap-fsu.fr\/formation\/wp-content\/uploads\/sites\/20\/2025\/04\/cropped-Logo_blanc_fond_transparent_1000x755.png","width":998,"height":689,"caption":"Formation des sites R\u00e9gionaux du SNETAP-FSU"},"image":{"@id":"https:\/\/regions-snetap-fsu.fr\/formation\/#\/schema\/logo\/image\/"}},{"@type":"Person","@id":"https:\/\/regions-snetap-fsu.fr\/formation\/#\/schema\/person\/f5dc7b6354e942ca9c5fa8e9ff7e5c93","name":"yoctavien","image":{"@type":"ImageObject","inLanguage":"fr-FR","@id":"https:\/\/secure.gravatar.com\/avatar\/382642c092b6b9da14641d3c478df2f3da4a2d17eea25691c232d4dbf735c292?s=96&d=mm&r=g","url":"https:\/\/secure.gravatar.com\/avatar\/382642c092b6b9da14641d3c478df2f3da4a2d17eea25691c232d4dbf735c292?s=96&d=mm&r=g","contentUrl":"https:\/\/secure.gravatar.com\/avatar\/382642c092b6b9da14641d3c478df2f3da4a2d17eea25691c232d4dbf735c292?s=96&d=mm&r=g","caption":"yoctavien"},"url":"https:\/\/regions-snetap-fsu.fr\/formation\/author\/yoctavien\/"}]}},"_links":{"self":[{"href":"https:\/\/regions-snetap-fsu.fr\/formation\/wp-json\/wp\/v2\/posts\/3378","targetHints":{"allow":["GET"]}}],"collection":[{"href":"https:\/\/regions-snetap-fsu.fr\/formation\/wp-json\/wp\/v2\/posts"}],"about":[{"href":"https:\/\/regions-snetap-fsu.fr\/formation\/wp-json\/wp\/v2\/types\/post"}],"author":[{"embeddable":true,"href":"https:\/\/regions-snetap-fsu.fr\/formation\/wp-json\/wp\/v2\/users\/138"}],"replies":[{"embeddable":true,"href":"https:\/\/regions-snetap-fsu.fr\/formation\/wp-json\/wp\/v2\/comments?post=3378"}],"version-history":[{"count":0,"href":"https:\/\/regions-snetap-fsu.fr\/formation\/wp-json\/wp\/v2\/posts\/3378\/revisions"}],"wp:attachment":[{"href":"https:\/\/regions-snetap-fsu.fr\/formation\/wp-json\/wp\/v2\/media?parent=3378"}],"wp:term":[{"taxonomy":"category","embeddable":true,"href":"https:\/\/regions-snetap-fsu.fr\/formation\/wp-json\/wp\/v2\/categories?post=3378"},{"taxonomy":"post_tag","embeddable":true,"href":"https:\/\/regions-snetap-fsu.fr\/formation\/wp-json\/wp\/v2\/tags?post=3378"},{"taxonomy":"post_folder","embeddable":true,"href":"https:\/\/regions-snetap-fsu.fr\/formation\/wp-json\/wp\/v2\/post_folder?post=3378"}],"curies":[{"name":"wp","href":"https:\/\/api.w.org\/{rel}","templated":true}]}}