{"id":3373,"date":"2019-10-25T17:52:51","date_gmt":"2019-10-25T15:52:51","guid":{"rendered":"https:\/\/regions-snetap-fsu.fr\/hdf\/?p=3373"},"modified":"2019-10-25T17:52:51","modified_gmt":"2019-10-25T15:52:51","slug":"conference-debat-le-5-11-avec-les-deux-auteurs-de-louvrage-lentreprise-macron","status":"publish","type":"post","link":"https:\/\/regions-snetap-fsu.fr\/formation\/2019\/10\/25\/conference-debat-le-5-11-avec-les-deux-auteurs-de-louvrage-lentreprise-macron\/","title":{"rendered":"Conf\u00e9rence-d\u00e9bat le 5\/11\/19 avec les deux auteurs de l&rsquo;ouvrage \u00ab\u00a0L&rsquo;entreprise Macron\u00a0\u00bb"},"content":{"rendered":"<h2 style=\"text-align: center\"><span style=\"color: #ff0000;font-family: tahoma, arial, helvetica, sans-serif\">Conf\u00e9rence-d\u00e9bat le 5\/11\/19 avec les deux auteurs de l&rsquo;ouvrage \u00ab\u00a0L&rsquo;entreprise Macron\u00a0\u00bb<\/span><\/h2>\n<p style=\"text-align: justify\"><span style=\"font-family: tahoma, arial, helvetica, sans-serif;color: #0000ff\">Les Amis du Monde diplomatique vous invitent : <strong>Mardi 5 novembre<\/strong><strong> \u00e0 20 heures<\/strong>, <strong>\u00e0 la Maison R\u00e9gionale de l&rsquo;Environnement et des Solidarit\u00e9s (MRES)<\/strong>, 23 rue Gosselet \u00e0 Lille, \u00e0 une rencontre autour de l&rsquo;ouvrage : <strong>\u00ab <a style=\"color: #0000ff\" href=\"https:\/\/www.amis.monde-diplomatique.fr\/L-entreprise-Macron.html\" target=\"_blank\" rel=\"noopener noreferrer\"><span style=\"text-decoration: underline;color: #000000\">L&rsquo;entreprise Macron<\/span><\/a> \u00bb.<\/strong><\/span><\/p>\n<p style=\"text-align: justify\"><span style=\"color: #0000ff;font-family: tahoma, arial, helvetica, sans-serif\">En pr\u00e9sence de 2 de ses auteurs :<\/span><\/p>\n<ul>\n<li style=\"text-align: justify\"><span style=\"color: #0000ff;font-family: tahoma, arial, helvetica, sans-serif\"><strong>R\u00e9mi Lefebvre<\/strong>, professeur de science politique \u00e0 l&rsquo;universit\u00e9 de Lille, sp\u00e9cialiste des partis politiques, du Parti socialiste en particulier, du pouvoir local et des mobilisations \u00e9lectorales.<\/span><\/li>\n<li style=\"text-align: justify\"><span style=\"color: #0000ff;font-family: tahoma, arial, helvetica, sans-serif\"><strong>Julien Fretel<\/strong>, professeur de science politique \u00e0 l&rsquo;Universit\u00e9 Paris 1, sp\u00e9cialiste des partis politiques et de l&rsquo;engagement militant, de la droite et du centre en particulier.<\/span><\/li>\n<\/ul>\n<p><!--more--><\/p>\n<p><img decoding=\"async\" class=\"image_responsive lazy aligncenter\" src=\"https:\/\/www.amis.monde-diplomatique.fr\/IMG\/arton6786-resp394-2.jpg?1571216801\" alt=\"\" width=\"122\" height=\"184\" data-src=\"IMG\/arton6786.jpg\" data-l=\"600\" data-h=\"900\" data-tailles=\"[\\&quot;335\\&quot;,\\&quot;394\\&quot;]\" data-autorisees=\"{&quot;1&quot;:{&quot;1&quot;:&quot;IMG\\\/arton6786-resp335.jpg?1571216801&quot;,&quot;2&quot;:&quot;IMG\\\/arton6786-resp335-2.jpg?1571216801&quot;},&quot;2&quot;:{&quot;1&quot;:&quot;IMG\\\/arton6786-resp394.jpg?1571216801&quot;,&quot;2&quot;:&quot;IMG\\\/arton6786-resp394-2.jpg?1571216801&quot;}}\" data-src-lazy=\"plugins\/image_responsive\/rien.gif?1509715144\" \/><\/p>\n<p style=\"text-align: justify\"><span style=\"font-family: tahoma, arial, helvetica, sans-serif;color: #0000ff\">Comment comprendre ce qui s\u2019est jou\u00e9 en 2017 avec l&rsquo;\u00e9lection d&rsquo;Emmanuel Macron et les raisons de cet <i>\u00ab improbable succ\u00e8s \u00bb<\/i>. Pour la premi\u00e8re fois un homme est \u00e9lu \u00e0 la pr\u00e9sidence de la R\u00e9publique sans passer par les partis traditionnels et un mouvement existant depuis moins de 2 ans s&#8217;empare de la majorit\u00e9 parlementaire. S&rsquo;est-il content\u00e9 d&rsquo;un <i>\u00ab alignement favorable des plan\u00e8tes \u00bb<\/i> ?<\/span><\/p>\n<p style=\"text-align: justify\"><span style=\"font-family: tahoma, arial, helvetica, sans-serif;color: #0000ff\">Qui sont les \u00e9lecteurs de La R\u00e9publique en Marche \u00e0 la pr\u00e9sidentielle et aux l\u00e9gislatives ?<\/span><\/p>\n<p style=\"text-align: justify\"><span style=\"font-family: tahoma, arial, helvetica, sans-serif;color: #0000ff\">Qui sont les \u00e9lites, cadres et militants d\u2019une<i> entreprise<\/i>, dont le principal d\u00e9fi est d\u00e9sormais d\u2019assurer sa p\u00e9rennit\u00e9. Quel est ce nouvel ordre partisan et \u00e9lectoral qui s\u2019est mis en place ?\u00a0<\/span><\/p>\n<p style=\"text-align: justify\"><span style=\"font-family: tahoma, arial, helvetica, sans-serif;color: #0000ff\">Quelle analyse plus r\u00e9cente faire de l&rsquo;exercice du pouvoir d&rsquo;Emmanuel Macron \u00e0 l&rsquo;aune des conditions initiales de son \u00e9lection ?<\/span><\/p>\n<p style=\"text-align: justify\"><span style=\"font-family: tahoma, arial, helvetica, sans-serif;color: #0000ff\">Nous verrons avec nos invit\u00e9s comment, contre toute attente, l&rsquo;entreprise politique singuli\u00e8re <i>En Marche !<\/i> a port\u00e9 son candidat \u00e0 l\u2019\u00c9lys\u00e9e.<\/span><\/p>\n","protected":false},"excerpt":{"rendered":"<p>Conf\u00e9rence-d\u00e9bat le 5\/11\/19 avec les deux auteurs de l&rsquo;ouvrage \u00ab\u00a0L&rsquo;entreprise Macron\u00a0\u00bb Les Amis du Monde diplomatique vous invitent : Mardi 5 novembre \u00e0 20 heures, \u00e0 la Maison R\u00e9gionale de l&rsquo;Environnement et des Solidarit\u00e9s (MRES), 23 rue Gosselet \u00e0 Lille, \u00e0 une rencontre autour de l&rsquo;ouvrage : \u00ab L&rsquo;entreprise Macron \u00bb. En pr\u00e9sence de 2 [&hellip;]<\/p>\n","protected":false},"author":138,"featured_media":0,"comment_status":"closed","ping_status":"closed","sticky":false,"template":"","format":"standard","meta":{"ocean_post_layout":"","ocean_both_sidebars_style":"","ocean_both_sidebars_content_width":0,"ocean_both_sidebars_sidebars_width":0,"ocean_sidebar":"","ocean_second_sidebar":"","ocean_disable_margins":"enable","ocean_add_body_class":"","ocean_shortcode_before_top_bar":"","ocean_shortcode_after_top_bar":"","ocean_shortcode_before_header":"","ocean_shortcode_after_header":"","ocean_has_shortcode":"","ocean_shortcode_after_title":"","ocean_shortcode_before_footer_widgets":"","ocean_shortcode_after_footer_widgets":"","ocean_shortcode_before_footer_bottom":"","ocean_shortcode_after_footer_bottom":"","ocean_display_top_bar":"default","ocean_display_header":"default","ocean_header_style":"","ocean_center_header_left_menu":"","ocean_custom_header_template":"","ocean_custom_logo":0,"ocean_custom_retina_logo":0,"ocean_custom_logo_max_width":0,"ocean_custom_logo_tablet_max_width":0,"ocean_custom_logo_mobile_max_width":0,"ocean_custom_logo_max_height":0,"ocean_custom_logo_tablet_max_height":0,"ocean_custom_logo_mobile_max_height":0,"ocean_header_custom_menu":"","ocean_menu_typo_font_family":"","ocean_menu_typo_font_subset":"","ocean_menu_typo_font_size":0,"ocean_menu_typo_font_size_tablet":0,"ocean_menu_typo_font_size_mobile":0,"ocean_menu_typo_font_size_unit":"px","ocean_menu_typo_font_weight":"","ocean_menu_typo_font_weight_tablet":"","ocean_menu_typo_font_weight_mobile":"","ocean_menu_typo_transform":"","ocean_menu_typo_transform_tablet":"","ocean_menu_typo_transform_mobile":"","ocean_menu_typo_line_height":0,"ocean_menu_typo_line_height_tablet":0,"ocean_menu_typo_line_height_mobile":0,"ocean_menu_typo_line_height_unit":"","ocean_menu_typo_spacing":0,"ocean_menu_typo_spacing_tablet":0,"ocean_menu_typo_spacing_mobile":0,"ocean_menu_typo_spacing_unit":"","ocean_menu_link_color":"","ocean_menu_link_color_hover":"","ocean_menu_link_color_active":"","ocean_menu_link_background":"","ocean_menu_link_hover_background":"","ocean_menu_link_active_background":"","ocean_menu_social_links_bg":"","ocean_menu_social_hover_links_bg":"","ocean_menu_social_links_color":"","ocean_menu_social_hover_links_color":"","ocean_disable_title":"default","ocean_disable_heading":"default","ocean_post_title":"","ocean_post_subheading":"","ocean_post_title_style":"","ocean_post_title_background_color":"","ocean_post_title_background":0,"ocean_post_title_bg_image_position":"","ocean_post_title_bg_image_attachment":"","ocean_post_title_bg_image_repeat":"","ocean_post_title_bg_image_size":"","ocean_post_title_height":0,"ocean_post_title_bg_overlay":0.5,"ocean_post_title_bg_overlay_color":"","ocean_disable_breadcrumbs":"default","ocean_breadcrumbs_color":"","ocean_breadcrumbs_separator_color":"","ocean_breadcrumbs_links_color":"","ocean_breadcrumbs_links_hover_color":"","ocean_display_footer_widgets":"default","ocean_display_footer_bottom":"default","ocean_custom_footer_template":"","ocean_post_oembed":"","ocean_post_self_hosted_media":"","ocean_post_video_embed":"","ocean_link_format":"","ocean_link_format_target":"self","ocean_quote_format":"","ocean_quote_format_link":"post","ocean_gallery_link_images":"on","ocean_gallery_id":[],"footnotes":""},"categories":[27],"tags":[],"post_folder":[],"class_list":["post-3373","post","type-post","status-publish","format-standard","hentry","category-pour-information","entry"],"yoast_head":"<!-- This site is optimized with the Yoast SEO plugin v27.4 - https:\/\/yoast.com\/product\/yoast-seo-wordpress\/ -->\n<title>Conf\u00e9rence-d\u00e9bat le 5\/11\/19 avec les deux auteurs de l&#039;ouvrage &quot;L&#039;entreprise Macron&quot; - Formation des sites R\u00e9gionaux du SNETAP-FSU<\/title>\n<meta name=\"robots\" content=\"index, follow, max-snippet:-1, max-image-preview:large, max-video-preview:-1\" \/>\n<link rel=\"canonical\" href=\"https:\/\/regions-snetap-fsu.fr\/formation\/2019\/10\/25\/conference-debat-le-5-11-avec-les-deux-auteurs-de-louvrage-lentreprise-macron\/\" \/>\n<meta property=\"og:locale\" content=\"fr_FR\" \/>\n<meta property=\"og:type\" content=\"article\" \/>\n<meta property=\"og:title\" content=\"Conf\u00e9rence-d\u00e9bat le 5\/11\/19 avec les deux auteurs de l&#039;ouvrage &quot;L&#039;entreprise Macron&quot; - Formation des sites R\u00e9gionaux du SNETAP-FSU\" \/>\n<meta property=\"og:description\" content=\"Conf\u00e9rence-d\u00e9bat le 5\/11\/19 avec les deux auteurs de l&rsquo;ouvrage \u00ab\u00a0L&rsquo;entreprise Macron\u00a0\u00bb Les Amis du Monde diplomatique vous invitent : Mardi 5 novembre \u00e0 20 heures, \u00e0 la Maison R\u00e9gionale de l&rsquo;Environnement et des Solidarit\u00e9s (MRES), 23 rue Gosselet \u00e0 Lille, \u00e0 une rencontre autour de l&rsquo;ouvrage : \u00ab L&rsquo;entreprise Macron \u00bb. En pr\u00e9sence de 2 [&hellip;]\" \/>\n<meta property=\"og:url\" content=\"https:\/\/regions-snetap-fsu.fr\/formation\/2019\/10\/25\/conference-debat-le-5-11-avec-les-deux-auteurs-de-louvrage-lentreprise-macron\/\" \/>\n<meta property=\"og:site_name\" content=\"Formation des sites R\u00e9gionaux du SNETAP-FSU\" \/>\n<meta property=\"article:published_time\" content=\"2019-10-25T15:52:51+00:00\" \/>\n<meta property=\"og:image\" content=\"https:\/\/www.amis.monde-diplomatique.fr\/IMG\/arton6786-resp394-2.jpg?1571216801\" \/>\n<meta name=\"author\" content=\"yoctavien\" \/>\n<meta name=\"twitter:card\" content=\"summary_large_image\" \/>\n<meta name=\"twitter:label1\" content=\"\u00c9crit par\" \/>\n\t<meta name=\"twitter:data1\" content=\"yoctavien\" \/>\n\t<meta name=\"twitter:label2\" content=\"Dur\u00e9e de lecture estim\u00e9e\" \/>\n\t<meta name=\"twitter:data2\" content=\"1 minute\" \/>\n<script type=\"application\/ld+json\" class=\"yoast-schema-graph\">{\"@context\":\"https:\\\/\\\/schema.org\",\"@graph\":[{\"@type\":\"Article\",\"@id\":\"https:\\\/\\\/regions-snetap-fsu.fr\\\/formation\\\/2019\\\/10\\\/25\\\/conference-debat-le-5-11-avec-les-deux-auteurs-de-louvrage-lentreprise-macron\\\/#article\",\"isPartOf\":{\"@id\":\"https:\\\/\\\/regions-snetap-fsu.fr\\\/formation\\\/2019\\\/10\\\/25\\\/conference-debat-le-5-11-avec-les-deux-auteurs-de-louvrage-lentreprise-macron\\\/\"},\"author\":{\"name\":\"yoctavien\",\"@id\":\"https:\\\/\\\/regions-snetap-fsu.fr\\\/formation\\\/#\\\/schema\\\/person\\\/f5dc7b6354e942ca9c5fa8e9ff7e5c93\"},\"headline\":\"Conf\u00e9rence-d\u00e9bat le 5\\\/11\\\/19 avec les deux auteurs de l&rsquo;ouvrage \u00ab\u00a0L&rsquo;entreprise Macron\u00a0\u00bb\",\"datePublished\":\"2019-10-25T15:52:51+00:00\",\"mainEntityOfPage\":{\"@id\":\"https:\\\/\\\/regions-snetap-fsu.fr\\\/formation\\\/2019\\\/10\\\/25\\\/conference-debat-le-5-11-avec-les-deux-auteurs-de-louvrage-lentreprise-macron\\\/\"},\"wordCount\":292,\"publisher\":{\"@id\":\"https:\\\/\\\/regions-snetap-fsu.fr\\\/formation\\\/#organization\"},\"image\":{\"@id\":\"https:\\\/\\\/regions-snetap-fsu.fr\\\/formation\\\/2019\\\/10\\\/25\\\/conference-debat-le-5-11-avec-les-deux-auteurs-de-louvrage-lentreprise-macron\\\/#primaryimage\"},\"thumbnailUrl\":\"https:\\\/\\\/www.amis.monde-diplomatique.fr\\\/IMG\\\/arton6786-resp394-2.jpg?1571216801\",\"articleSection\":[\"Pour information\"],\"inLanguage\":\"fr-FR\"},{\"@type\":\"WebPage\",\"@id\":\"https:\\\/\\\/regions-snetap-fsu.fr\\\/formation\\\/2019\\\/10\\\/25\\\/conference-debat-le-5-11-avec-les-deux-auteurs-de-louvrage-lentreprise-macron\\\/\",\"url\":\"https:\\\/\\\/regions-snetap-fsu.fr\\\/formation\\\/2019\\\/10\\\/25\\\/conference-debat-le-5-11-avec-les-deux-auteurs-de-louvrage-lentreprise-macron\\\/\",\"name\":\"Conf\u00e9rence-d\u00e9bat le 5\\\/11\\\/19 avec les deux auteurs de l'ouvrage \\\"L'entreprise Macron\\\" - Formation des sites R\u00e9gionaux du SNETAP-FSU\",\"isPartOf\":{\"@id\":\"https:\\\/\\\/regions-snetap-fsu.fr\\\/formation\\\/#website\"},\"primaryImageOfPage\":{\"@id\":\"https:\\\/\\\/regions-snetap-fsu.fr\\\/formation\\\/2019\\\/10\\\/25\\\/conference-debat-le-5-11-avec-les-deux-auteurs-de-louvrage-lentreprise-macron\\\/#primaryimage\"},\"image\":{\"@id\":\"https:\\\/\\\/regions-snetap-fsu.fr\\\/formation\\\/2019\\\/10\\\/25\\\/conference-debat-le-5-11-avec-les-deux-auteurs-de-louvrage-lentreprise-macron\\\/#primaryimage\"},\"thumbnailUrl\":\"https:\\\/\\\/www.amis.monde-diplomatique.fr\\\/IMG\\\/arton6786-resp394-2.jpg?1571216801\",\"datePublished\":\"2019-10-25T15:52:51+00:00\",\"breadcrumb\":{\"@id\":\"https:\\\/\\\/regions-snetap-fsu.fr\\\/formation\\\/2019\\\/10\\\/25\\\/conference-debat-le-5-11-avec-les-deux-auteurs-de-louvrage-lentreprise-macron\\\/#breadcrumb\"},\"inLanguage\":\"fr-FR\",\"potentialAction\":[{\"@type\":\"ReadAction\",\"target\":[\"https:\\\/\\\/regions-snetap-fsu.fr\\\/formation\\\/2019\\\/10\\\/25\\\/conference-debat-le-5-11-avec-les-deux-auteurs-de-louvrage-lentreprise-macron\\\/\"]}]},{\"@type\":\"ImageObject\",\"inLanguage\":\"fr-FR\",\"@id\":\"https:\\\/\\\/regions-snetap-fsu.fr\\\/formation\\\/2019\\\/10\\\/25\\\/conference-debat-le-5-11-avec-les-deux-auteurs-de-louvrage-lentreprise-macron\\\/#primaryimage\",\"url\":\"https:\\\/\\\/www.amis.monde-diplomatique.fr\\\/IMG\\\/arton6786-resp394-2.jpg?1571216801\",\"contentUrl\":\"https:\\\/\\\/www.amis.monde-diplomatique.fr\\\/IMG\\\/arton6786-resp394-2.jpg?1571216801\"},{\"@type\":\"BreadcrumbList\",\"@id\":\"https:\\\/\\\/regions-snetap-fsu.fr\\\/formation\\\/2019\\\/10\\\/25\\\/conference-debat-le-5-11-avec-les-deux-auteurs-de-louvrage-lentreprise-macron\\\/#breadcrumb\",\"itemListElement\":[{\"@type\":\"ListItem\",\"position\":1,\"name\":\"Accueil\",\"item\":\"https:\\\/\\\/regions-snetap-fsu.fr\\\/formation\\\/\"},{\"@type\":\"ListItem\",\"position\":2,\"name\":\"Conf\u00e9rence-d\u00e9bat le 5\\\/11\\\/19 avec les deux auteurs de l&rsquo;ouvrage \u00ab\u00a0L&rsquo;entreprise Macron\u00a0\u00bb\"}]},{\"@type\":\"WebSite\",\"@id\":\"https:\\\/\\\/regions-snetap-fsu.fr\\\/formation\\\/#website\",\"url\":\"https:\\\/\\\/regions-snetap-fsu.fr\\\/formation\\\/\",\"name\":\"Formation des sites R\u00e9gionaux du SNETAP-FSU\",\"description\":\"\",\"publisher\":{\"@id\":\"https:\\\/\\\/regions-snetap-fsu.fr\\\/formation\\\/#organization\"},\"potentialAction\":[{\"@type\":\"SearchAction\",\"target\":{\"@type\":\"EntryPoint\",\"urlTemplate\":\"https:\\\/\\\/regions-snetap-fsu.fr\\\/formation\\\/?s={search_term_string}\"},\"query-input\":{\"@type\":\"PropertyValueSpecification\",\"valueRequired\":true,\"valueName\":\"search_term_string\"}}],\"inLanguage\":\"fr-FR\"},{\"@type\":\"Organization\",\"@id\":\"https:\\\/\\\/regions-snetap-fsu.fr\\\/formation\\\/#organization\",\"name\":\"Formation des sites R\u00e9gionaux du SNETAP-FSU\",\"url\":\"https:\\\/\\\/regions-snetap-fsu.fr\\\/formation\\\/\",\"logo\":{\"@type\":\"ImageObject\",\"inLanguage\":\"fr-FR\",\"@id\":\"https:\\\/\\\/regions-snetap-fsu.fr\\\/formation\\\/#\\\/schema\\\/logo\\\/image\\\/\",\"url\":\"https:\\\/\\\/regions-snetap-fsu.fr\\\/formation\\\/wp-content\\\/uploads\\\/sites\\\/20\\\/2025\\\/04\\\/cropped-Logo_blanc_fond_transparent_1000x755.png\",\"contentUrl\":\"https:\\\/\\\/regions-snetap-fsu.fr\\\/formation\\\/wp-content\\\/uploads\\\/sites\\\/20\\\/2025\\\/04\\\/cropped-Logo_blanc_fond_transparent_1000x755.png\",\"width\":998,\"height\":689,\"caption\":\"Formation des sites R\u00e9gionaux du SNETAP-FSU\"},\"image\":{\"@id\":\"https:\\\/\\\/regions-snetap-fsu.fr\\\/formation\\\/#\\\/schema\\\/logo\\\/image\\\/\"}},{\"@type\":\"Person\",\"@id\":\"https:\\\/\\\/regions-snetap-fsu.fr\\\/formation\\\/#\\\/schema\\\/person\\\/f5dc7b6354e942ca9c5fa8e9ff7e5c93\",\"name\":\"yoctavien\",\"image\":{\"@type\":\"ImageObject\",\"inLanguage\":\"fr-FR\",\"@id\":\"https:\\\/\\\/secure.gravatar.com\\\/avatar\\\/382642c092b6b9da14641d3c478df2f3da4a2d17eea25691c232d4dbf735c292?s=96&d=mm&r=g\",\"url\":\"https:\\\/\\\/secure.gravatar.com\\\/avatar\\\/382642c092b6b9da14641d3c478df2f3da4a2d17eea25691c232d4dbf735c292?s=96&d=mm&r=g\",\"contentUrl\":\"https:\\\/\\\/secure.gravatar.com\\\/avatar\\\/382642c092b6b9da14641d3c478df2f3da4a2d17eea25691c232d4dbf735c292?s=96&d=mm&r=g\",\"caption\":\"yoctavien\"},\"url\":\"https:\\\/\\\/regions-snetap-fsu.fr\\\/formation\\\/author\\\/yoctavien\\\/\"}]}<\/script>\n<!-- \/ Yoast SEO plugin. -->","yoast_head_json":{"title":"Conf\u00e9rence-d\u00e9bat le 5\/11\/19 avec les deux auteurs de l'ouvrage \"L'entreprise Macron\" - Formation des sites R\u00e9gionaux du SNETAP-FSU","robots":{"index":"index","follow":"follow","max-snippet":"max-snippet:-1","max-image-preview":"max-image-preview:large","max-video-preview":"max-video-preview:-1"},"canonical":"https:\/\/regions-snetap-fsu.fr\/formation\/2019\/10\/25\/conference-debat-le-5-11-avec-les-deux-auteurs-de-louvrage-lentreprise-macron\/","og_locale":"fr_FR","og_type":"article","og_title":"Conf\u00e9rence-d\u00e9bat le 5\/11\/19 avec les deux auteurs de l'ouvrage \"L'entreprise Macron\" - Formation des sites R\u00e9gionaux du SNETAP-FSU","og_description":"Conf\u00e9rence-d\u00e9bat le 5\/11\/19 avec les deux auteurs de l&rsquo;ouvrage \u00ab\u00a0L&rsquo;entreprise Macron\u00a0\u00bb Les Amis du Monde diplomatique vous invitent : Mardi 5 novembre \u00e0 20 heures, \u00e0 la Maison R\u00e9gionale de l&rsquo;Environnement et des Solidarit\u00e9s (MRES), 23 rue Gosselet \u00e0 Lille, \u00e0 une rencontre autour de l&rsquo;ouvrage : \u00ab L&rsquo;entreprise Macron \u00bb. En pr\u00e9sence de 2 [&hellip;]","og_url":"https:\/\/regions-snetap-fsu.fr\/formation\/2019\/10\/25\/conference-debat-le-5-11-avec-les-deux-auteurs-de-louvrage-lentreprise-macron\/","og_site_name":"Formation des sites R\u00e9gionaux du SNETAP-FSU","article_published_time":"2019-10-25T15:52:51+00:00","og_image":[{"url":"https:\/\/www.amis.monde-diplomatique.fr\/IMG\/arton6786-resp394-2.jpg?1571216801","type":"","width":"","height":""}],"author":"yoctavien","twitter_card":"summary_large_image","twitter_misc":{"\u00c9crit par":"yoctavien","Dur\u00e9e de lecture estim\u00e9e":"1 minute"},"schema":{"@context":"https:\/\/schema.org","@graph":[{"@type":"Article","@id":"https:\/\/regions-snetap-fsu.fr\/formation\/2019\/10\/25\/conference-debat-le-5-11-avec-les-deux-auteurs-de-louvrage-lentreprise-macron\/#article","isPartOf":{"@id":"https:\/\/regions-snetap-fsu.fr\/formation\/2019\/10\/25\/conference-debat-le-5-11-avec-les-deux-auteurs-de-louvrage-lentreprise-macron\/"},"author":{"name":"yoctavien","@id":"https:\/\/regions-snetap-fsu.fr\/formation\/#\/schema\/person\/f5dc7b6354e942ca9c5fa8e9ff7e5c93"},"headline":"Conf\u00e9rence-d\u00e9bat le 5\/11\/19 avec les deux auteurs de l&rsquo;ouvrage \u00ab\u00a0L&rsquo;entreprise Macron\u00a0\u00bb","datePublished":"2019-10-25T15:52:51+00:00","mainEntityOfPage":{"@id":"https:\/\/regions-snetap-fsu.fr\/formation\/2019\/10\/25\/conference-debat-le-5-11-avec-les-deux-auteurs-de-louvrage-lentreprise-macron\/"},"wordCount":292,"publisher":{"@id":"https:\/\/regions-snetap-fsu.fr\/formation\/#organization"},"image":{"@id":"https:\/\/regions-snetap-fsu.fr\/formation\/2019\/10\/25\/conference-debat-le-5-11-avec-les-deux-auteurs-de-louvrage-lentreprise-macron\/#primaryimage"},"thumbnailUrl":"https:\/\/www.amis.monde-diplomatique.fr\/IMG\/arton6786-resp394-2.jpg?1571216801","articleSection":["Pour information"],"inLanguage":"fr-FR"},{"@type":"WebPage","@id":"https:\/\/regions-snetap-fsu.fr\/formation\/2019\/10\/25\/conference-debat-le-5-11-avec-les-deux-auteurs-de-louvrage-lentreprise-macron\/","url":"https:\/\/regions-snetap-fsu.fr\/formation\/2019\/10\/25\/conference-debat-le-5-11-avec-les-deux-auteurs-de-louvrage-lentreprise-macron\/","name":"Conf\u00e9rence-d\u00e9bat le 5\/11\/19 avec les deux auteurs de l'ouvrage \"L'entreprise Macron\" - Formation des sites R\u00e9gionaux du SNETAP-FSU","isPartOf":{"@id":"https:\/\/regions-snetap-fsu.fr\/formation\/#website"},"primaryImageOfPage":{"@id":"https:\/\/regions-snetap-fsu.fr\/formation\/2019\/10\/25\/conference-debat-le-5-11-avec-les-deux-auteurs-de-louvrage-lentreprise-macron\/#primaryimage"},"image":{"@id":"https:\/\/regions-snetap-fsu.fr\/formation\/2019\/10\/25\/conference-debat-le-5-11-avec-les-deux-auteurs-de-louvrage-lentreprise-macron\/#primaryimage"},"thumbnailUrl":"https:\/\/www.amis.monde-diplomatique.fr\/IMG\/arton6786-resp394-2.jpg?1571216801","datePublished":"2019-10-25T15:52:51+00:00","breadcrumb":{"@id":"https:\/\/regions-snetap-fsu.fr\/formation\/2019\/10\/25\/conference-debat-le-5-11-avec-les-deux-auteurs-de-louvrage-lentreprise-macron\/#breadcrumb"},"inLanguage":"fr-FR","potentialAction":[{"@type":"ReadAction","target":["https:\/\/regions-snetap-fsu.fr\/formation\/2019\/10\/25\/conference-debat-le-5-11-avec-les-deux-auteurs-de-louvrage-lentreprise-macron\/"]}]},{"@type":"ImageObject","inLanguage":"fr-FR","@id":"https:\/\/regions-snetap-fsu.fr\/formation\/2019\/10\/25\/conference-debat-le-5-11-avec-les-deux-auteurs-de-louvrage-lentreprise-macron\/#primaryimage","url":"https:\/\/www.amis.monde-diplomatique.fr\/IMG\/arton6786-resp394-2.jpg?1571216801","contentUrl":"https:\/\/www.amis.monde-diplomatique.fr\/IMG\/arton6786-resp394-2.jpg?1571216801"},{"@type":"BreadcrumbList","@id":"https:\/\/regions-snetap-fsu.fr\/formation\/2019\/10\/25\/conference-debat-le-5-11-avec-les-deux-auteurs-de-louvrage-lentreprise-macron\/#breadcrumb","itemListElement":[{"@type":"ListItem","position":1,"name":"Accueil","item":"https:\/\/regions-snetap-fsu.fr\/formation\/"},{"@type":"ListItem","position":2,"name":"Conf\u00e9rence-d\u00e9bat le 5\/11\/19 avec les deux auteurs de l&rsquo;ouvrage \u00ab\u00a0L&rsquo;entreprise Macron\u00a0\u00bb"}]},{"@type":"WebSite","@id":"https:\/\/regions-snetap-fsu.fr\/formation\/#website","url":"https:\/\/regions-snetap-fsu.fr\/formation\/","name":"Formation des sites R\u00e9gionaux du SNETAP-FSU","description":"","publisher":{"@id":"https:\/\/regions-snetap-fsu.fr\/formation\/#organization"},"potentialAction":[{"@type":"SearchAction","target":{"@type":"EntryPoint","urlTemplate":"https:\/\/regions-snetap-fsu.fr\/formation\/?s={search_term_string}"},"query-input":{"@type":"PropertyValueSpecification","valueRequired":true,"valueName":"search_term_string"}}],"inLanguage":"fr-FR"},{"@type":"Organization","@id":"https:\/\/regions-snetap-fsu.fr\/formation\/#organization","name":"Formation des sites R\u00e9gionaux du SNETAP-FSU","url":"https:\/\/regions-snetap-fsu.fr\/formation\/","logo":{"@type":"ImageObject","inLanguage":"fr-FR","@id":"https:\/\/regions-snetap-fsu.fr\/formation\/#\/schema\/logo\/image\/","url":"https:\/\/regions-snetap-fsu.fr\/formation\/wp-content\/uploads\/sites\/20\/2025\/04\/cropped-Logo_blanc_fond_transparent_1000x755.png","contentUrl":"https:\/\/regions-snetap-fsu.fr\/formation\/wp-content\/uploads\/sites\/20\/2025\/04\/cropped-Logo_blanc_fond_transparent_1000x755.png","width":998,"height":689,"caption":"Formation des sites R\u00e9gionaux du SNETAP-FSU"},"image":{"@id":"https:\/\/regions-snetap-fsu.fr\/formation\/#\/schema\/logo\/image\/"}},{"@type":"Person","@id":"https:\/\/regions-snetap-fsu.fr\/formation\/#\/schema\/person\/f5dc7b6354e942ca9c5fa8e9ff7e5c93","name":"yoctavien","image":{"@type":"ImageObject","inLanguage":"fr-FR","@id":"https:\/\/secure.gravatar.com\/avatar\/382642c092b6b9da14641d3c478df2f3da4a2d17eea25691c232d4dbf735c292?s=96&d=mm&r=g","url":"https:\/\/secure.gravatar.com\/avatar\/382642c092b6b9da14641d3c478df2f3da4a2d17eea25691c232d4dbf735c292?s=96&d=mm&r=g","contentUrl":"https:\/\/secure.gravatar.com\/avatar\/382642c092b6b9da14641d3c478df2f3da4a2d17eea25691c232d4dbf735c292?s=96&d=mm&r=g","caption":"yoctavien"},"url":"https:\/\/regions-snetap-fsu.fr\/formation\/author\/yoctavien\/"}]}},"_links":{"self":[{"href":"https:\/\/regions-snetap-fsu.fr\/formation\/wp-json\/wp\/v2\/posts\/3373","targetHints":{"allow":["GET"]}}],"collection":[{"href":"https:\/\/regions-snetap-fsu.fr\/formation\/wp-json\/wp\/v2\/posts"}],"about":[{"href":"https:\/\/regions-snetap-fsu.fr\/formation\/wp-json\/wp\/v2\/types\/post"}],"author":[{"embeddable":true,"href":"https:\/\/regions-snetap-fsu.fr\/formation\/wp-json\/wp\/v2\/users\/138"}],"replies":[{"embeddable":true,"href":"https:\/\/regions-snetap-fsu.fr\/formation\/wp-json\/wp\/v2\/comments?post=3373"}],"version-history":[{"count":0,"href":"https:\/\/regions-snetap-fsu.fr\/formation\/wp-json\/wp\/v2\/posts\/3373\/revisions"}],"wp:attachment":[{"href":"https:\/\/regions-snetap-fsu.fr\/formation\/wp-json\/wp\/v2\/media?parent=3373"}],"wp:term":[{"taxonomy":"category","embeddable":true,"href":"https:\/\/regions-snetap-fsu.fr\/formation\/wp-json\/wp\/v2\/categories?post=3373"},{"taxonomy":"post_tag","embeddable":true,"href":"https:\/\/regions-snetap-fsu.fr\/formation\/wp-json\/wp\/v2\/tags?post=3373"},{"taxonomy":"post_folder","embeddable":true,"href":"https:\/\/regions-snetap-fsu.fr\/formation\/wp-json\/wp\/v2\/post_folder?post=3373"}],"curies":[{"name":"wp","href":"https:\/\/api.w.org\/{rel}","templated":true}]}}