{"id":3309,"date":"2019-10-22T10:11:11","date_gmt":"2019-10-22T08:11:11","guid":{"rendered":"https:\/\/regions-snetap-fsu.fr\/hdf\/?p=3309"},"modified":"2019-10-22T10:11:11","modified_gmt":"2019-10-22T08:11:11","slug":"soutenons-le-referendum-aeroport-de-paris","status":"publish","type":"post","link":"https:\/\/regions-snetap-fsu.fr\/formation\/2019\/10\/22\/soutenons-le-referendum-aeroport-de-paris\/","title":{"rendered":"Soutenons le r\u00e9f\u00e9rendum A\u00e9roport De Paris"},"content":{"rendered":"<h2 style=\"text-align: center\"><span style=\"font-family: tahoma, arial, helvetica, sans-serif;color: #ff0000\">A\u00e9roports de Paris : non \u00e0 leur privatisation !<\/span><\/h2>\n<h2 style=\"text-align: center\"><span style=\"font-family: tahoma, arial, helvetica, sans-serif;color: #ff0000\">Soutenons le r\u00e9f\u00e9rendum ADP<\/span><\/h2>\n<blockquote>\n<p style=\"text-align: justify\"><span style=\"color: #0000ff;font-family: tahoma, arial, helvetica, sans-serif\">Le projet de privatisation des a\u00e9roports de Paris est \u00e0 l\u2019oppos\u00e9 d\u2019une v\u00e9ritable politique publique. Les finances de l\u2019\u00c9tat pourraient \u00eatre impact\u00e9es de pr\u00e8s de 170 millions d\u2019Euros par an.<\/span><\/p>\n<p style=\"text-align: justify\"><span style=\"font-family: tahoma, arial, helvetica, sans-serif;color: #0000ff\">Ce projet de privatisation pourrait \u00eatre la \u00ab\u00a0porte ouverte\u00a0\u00bb \u00e0 d&rsquo;autres projets de privatisation&#8230; et pourquoi pas l&rsquo;Enseignement Agricole Public (EAP).<\/span><\/p>\n<p style=\"text-align: justify\"><span style=\"font-family: tahoma, arial, helvetica, sans-serif;color: #0000ff\">Avec 4,7 millions de signatures, nous pourrons obtenir un referendum d\u2019initiative partag\u00e9e (RIP). C\u2019est pourquoi, en tant qu\u2019agent\u00b7es des services publics et citoyen\u00b7nes, nous sommes tous concern\u00e9\u00b7es !&#8230;<\/span><\/p>\n<\/blockquote>\n<p><!--more--><\/p>\n<div>\n<div>\n<div style=\"text-align: justify\"><span style=\"color: #0000ff;font-family: tahoma, arial, helvetica, sans-serif;font-size: 12pt\">Prendre quelques minutes (4 maximum) \u00e0 l&rsquo;occasion de ces vacances d&rsquo;automne en ayant sa carte d&rsquo;identit\u00e9 \u00e0 proximit\u00e9&#8230; et le geste citoyen est r\u00e9alis\u00e9.<\/span><\/div>\n<div><span style=\"font-family: tahoma, arial, helvetica, sans-serif;font-size: 12pt\">.<\/span><\/div>\n<div style=\"text-align: justify\"><span style=\"font-family: tahoma, arial, helvetica, sans-serif;color: #0000ff;font-size: 12pt\">Le lien vers le site du r\u00e9f\u00e9rendum d&rsquo;initiative populaire :<span id=\"OBJ_PREFIX_DWT851_com_zimbra_url\" class=\"Object\" style=\"color: #000000;text-decoration: underline\"><\/span><\/span><\/div>\n<div style=\"text-align: justify\"><span style=\"font-family: tahoma, arial, helvetica, sans-serif;color: #0000ff;font-size: 12pt\"><span style=\"text-decoration: underline\"><span id=\"OBJ_PREFIX_DWT851_com_zimbra_url\" class=\"Object\" style=\"color: #000000;text-decoration: underline\"><a style=\"color: #000000;text-decoration: underline\" href=\"https:\/\/www.referendum.interieur.gouv.fr\/soutien\/etape-1\" target=\"_blank\" rel=\"noopener noreferrer\">https:\/\/www.referendum.interieur.gouv.fr\/soutien\/etape-1<\/a><\/span><\/span><\/span><\/div>\n<\/div>\n<\/div>\n<div><span style=\"font-family: tahoma, arial, helvetica, sans-serif;font-size: 12pt\">.<\/span><\/div>\n<div>\n<div style=\"text-align: justify\"><span style=\"font-family: tahoma, arial, helvetica, sans-serif;color: #0000ff;font-size: 12pt\">Le lien vers le dossier du SNETAP qui explique la d\u00e9marche :<span id=\"OBJ_PREFIX_DWT852_com_zimbra_url\" class=\"Object\" style=\"color: #000000\"><\/span><\/span><\/div>\n<div style=\"text-align: justify\"><span style=\"font-family: tahoma, arial, helvetica, sans-serif;color: #0000ff;font-size: 12pt\"><span id=\"OBJ_PREFIX_DWT852_com_zimbra_url\" class=\"Object\" style=\"color: #000000\"><a style=\"color: #000000\" href=\"https:\/\/www.snetap-fsu.fr\/Aeroports-de-Paris-non-a-leur-privatisation.html\" target=\"_blank\" rel=\"noopener noreferrer\"><span style=\"text-decoration: underline\">https:\/\/www.snetap-fsu.fr\/Aeroports-de-Paris-non-a-leur-privatisation.html<\/span><\/a><\/span><\/span><\/div>\n<\/div>\n<div><span style=\"font-family: tahoma, arial, helvetica, sans-serif;font-size: 12pt\">.<\/span><\/div>\n<div>\n<div style=\"text-align: justify\"><span style=\"font-family: tahoma, arial, helvetica, sans-serif;color: #0000ff;font-size: 12pt\">Pour les secr\u00e9taires de section, une bonne id\u00e9e issue de notre groupe de travail \u00ab\u00a0Vigilance Priv\u00e9\u00a0\u00bb du mercredi 16 octobre 2019 dernier : organiser une HMI sur le sujet en salle informatique dans votre \u00e9tablissement.<\/span><\/div>\n<div><span style=\"font-family: tahoma, arial, helvetica, sans-serif;font-size: 12pt\">.<\/span><\/div>\n<div style=\"text-align: justify\"><span style=\"font-family: tahoma, arial, helvetica, sans-serif;font-size: 12pt\"><strong><span style=\"color: #008000\">Ce n&rsquo;est pas une p\u00e9tition, mais une demande de lancer un r\u00e9f\u00e9rendum.<\/span><\/strong><\/span><\/div>\n<div><span style=\"font-family: tahoma, arial, helvetica, sans-serif;font-size: 12pt\">.<\/span><\/div>\n<div style=\"text-align: justify\"><span style=\"color: #0000ff;font-family: tahoma, arial, helvetica, sans-serif;font-size: 12pt\">Attention, nous sommes toutes et tous concern\u00e9\u00b7es, m\u00eame si nous ne prenons pas l&rsquo;avion. Car si le gouvernement privatise l&rsquo;ADP, il aura des \u00ab\u00a0ailes\u00a0\u00bb pour privatiser d&rsquo;autres secteurs. D\u00e9j\u00e0 il y a la Fran\u00e7aise des Jeux, en discussion la gare du Nord \u00e0 Paris et pourquoi pas l&rsquo;enseignement agricole (en tout cas avec les r\u00e9ductions de moyens et les cadeaux au Priv\u00e9, le gouvernement va dans ce sens).<\/span><\/div>\n<div><span style=\"font-family: tahoma, arial, helvetica, sans-serif;font-size: 12pt\">.<\/span><\/div>\n<div style=\"text-align: justify\"><span style=\"color: #0000ff;font-family: tahoma, arial, helvetica, sans-serif;font-size: 12pt\">R\u00e9ponse aux \u00e9cologistes : il ne faut pas se tromper de combat. La privatisation de l&rsquo;ADP ne r\u00e9duira pas les vols, bien au contraire, la privatisation poussera \u00e0 rentabiliser les lignes au maximum avec la n\u00e9cessit\u00e9 d&rsquo;amortir au maximum les avions d&rsquo;ancienne technologie donc les plus polluants&#8230;<\/span><\/div>\n<div><span style=\"font-family: tahoma, arial, helvetica, sans-serif;font-size: 12pt\">.<\/span><\/div>\n<div style=\"text-align: justify\"><span style=\"font-family: tahoma, arial, helvetica, sans-serif;font-size: 12pt\"><strong><span style=\"color: #008000\">Pour les premi\u00e8res et premier qui avaient tent\u00e9, sans succ\u00e8s, de soutenir le r\u00e9f\u00e9rendum ADP, la proc\u00e9dure est simplifi\u00e9e. Il suffit d&rsquo;avoir sa carte d&rsquo;identit\u00e9 \u00e0 proximit\u00e9.<\/span><\/strong><\/span><\/div>\n<div><span style=\"font-family: tahoma, arial, helvetica, sans-serif;font-size: 12pt\">.<\/span><\/div>\n<h3 style=\"text-align: center\"><b><span style=\"color: #ff0000\">Agent\u00b7es des services publics et citoyen\u00b7nes, nous sommes tous <\/span><span id=\"OBJ_PREFIX_DWT853_com_zimbra_url\" class=\"Object\" style=\"color: #0000ff\"><a style=\"color: #0000ff\" href=\"http:\/\/xn--concern-hya.es\" target=\"_blank\" rel=\"noopener noreferrer\">concern\u00e9\u00b7es<\/a><\/span>\u00a0<span style=\"color: #0000ff\">!<\/span><br \/>\n<\/b><\/h3>\n<\/div>\n<div><\/div>\n","protected":false},"excerpt":{"rendered":"<p>A\u00e9roports de Paris : non \u00e0 leur privatisation ! Soutenons le r\u00e9f\u00e9rendum ADP Le projet de privatisation des a\u00e9roports de Paris est \u00e0 l\u2019oppos\u00e9 d\u2019une v\u00e9ritable politique publique. Les finances de l\u2019\u00c9tat pourraient \u00eatre impact\u00e9es de pr\u00e8s de 170 millions d\u2019Euros par an. Ce projet de privatisation pourrait \u00eatre la \u00ab\u00a0porte ouverte\u00a0\u00bb \u00e0 d&rsquo;autres projets [&hellip;]<\/p>\n","protected":false},"author":138,"featured_media":0,"comment_status":"closed","ping_status":"closed","sticky":false,"template":"","format":"standard","meta":{"ocean_post_layout":"","ocean_both_sidebars_style":"","ocean_both_sidebars_content_width":0,"ocean_both_sidebars_sidebars_width":0,"ocean_sidebar":"","ocean_second_sidebar":"","ocean_disable_margins":"enable","ocean_add_body_class":"","ocean_shortcode_before_top_bar":"","ocean_shortcode_after_top_bar":"","ocean_shortcode_before_header":"","ocean_shortcode_after_header":"","ocean_has_shortcode":"","ocean_shortcode_after_title":"","ocean_shortcode_before_footer_widgets":"","ocean_shortcode_after_footer_widgets":"","ocean_shortcode_before_footer_bottom":"","ocean_shortcode_after_footer_bottom":"","ocean_display_top_bar":"default","ocean_display_header":"default","ocean_header_style":"","ocean_center_header_left_menu":"","ocean_custom_header_template":"","ocean_custom_logo":0,"ocean_custom_retina_logo":0,"ocean_custom_logo_max_width":0,"ocean_custom_logo_tablet_max_width":0,"ocean_custom_logo_mobile_max_width":0,"ocean_custom_logo_max_height":0,"ocean_custom_logo_tablet_max_height":0,"ocean_custom_logo_mobile_max_height":0,"ocean_header_custom_menu":"","ocean_menu_typo_font_family":"","ocean_menu_typo_font_subset":"","ocean_menu_typo_font_size":0,"ocean_menu_typo_font_size_tablet":0,"ocean_menu_typo_font_size_mobile":0,"ocean_menu_typo_font_size_unit":"px","ocean_menu_typo_font_weight":"","ocean_menu_typo_font_weight_tablet":"","ocean_menu_typo_font_weight_mobile":"","ocean_menu_typo_transform":"","ocean_menu_typo_transform_tablet":"","ocean_menu_typo_transform_mobile":"","ocean_menu_typo_line_height":0,"ocean_menu_typo_line_height_tablet":0,"ocean_menu_typo_line_height_mobile":0,"ocean_menu_typo_line_height_unit":"","ocean_menu_typo_spacing":0,"ocean_menu_typo_spacing_tablet":0,"ocean_menu_typo_spacing_mobile":0,"ocean_menu_typo_spacing_unit":"","ocean_menu_link_color":"","ocean_menu_link_color_hover":"","ocean_menu_link_color_active":"","ocean_menu_link_background":"","ocean_menu_link_hover_background":"","ocean_menu_link_active_background":"","ocean_menu_social_links_bg":"","ocean_menu_social_hover_links_bg":"","ocean_menu_social_links_color":"","ocean_menu_social_hover_links_color":"","ocean_disable_title":"default","ocean_disable_heading":"default","ocean_post_title":"","ocean_post_subheading":"","ocean_post_title_style":"","ocean_post_title_background_color":"","ocean_post_title_background":0,"ocean_post_title_bg_image_position":"","ocean_post_title_bg_image_attachment":"","ocean_post_title_bg_image_repeat":"","ocean_post_title_bg_image_size":"","ocean_post_title_height":0,"ocean_post_title_bg_overlay":0.5,"ocean_post_title_bg_overlay_color":"","ocean_disable_breadcrumbs":"default","ocean_breadcrumbs_color":"","ocean_breadcrumbs_separator_color":"","ocean_breadcrumbs_links_color":"","ocean_breadcrumbs_links_hover_color":"","ocean_display_footer_widgets":"default","ocean_display_footer_bottom":"default","ocean_custom_footer_template":"","ocean_post_oembed":"","ocean_post_self_hosted_media":"","ocean_post_video_embed":"","ocean_link_format":"","ocean_link_format_target":"self","ocean_quote_format":"","ocean_quote_format_link":"post","ocean_gallery_link_images":"on","ocean_gallery_id":[],"footnotes":""},"categories":[3,27],"tags":[],"post_folder":[],"class_list":["post-3309","post","type-post","status-publish","format-standard","hentry","category-actions-greves-manifs","category-pour-information","entry"],"yoast_head":"<!-- This site is optimized with the Yoast SEO plugin v27.4 - https:\/\/yoast.com\/product\/yoast-seo-wordpress\/ -->\n<title>Soutenons le r\u00e9f\u00e9rendum A\u00e9roport De Paris - Formation des sites R\u00e9gionaux du SNETAP-FSU<\/title>\n<meta name=\"robots\" content=\"index, follow, max-snippet:-1, max-image-preview:large, max-video-preview:-1\" \/>\n<link rel=\"canonical\" href=\"https:\/\/regions-snetap-fsu.fr\/formation\/2019\/10\/22\/soutenons-le-referendum-aeroport-de-paris\/\" \/>\n<meta property=\"og:locale\" content=\"fr_FR\" \/>\n<meta property=\"og:type\" content=\"article\" \/>\n<meta property=\"og:title\" content=\"Soutenons le r\u00e9f\u00e9rendum A\u00e9roport De Paris - Formation des sites R\u00e9gionaux du SNETAP-FSU\" \/>\n<meta property=\"og:description\" content=\"A\u00e9roports de Paris : non \u00e0 leur privatisation ! Soutenons le r\u00e9f\u00e9rendum ADP Le projet de privatisation des a\u00e9roports de Paris est \u00e0 l\u2019oppos\u00e9 d\u2019une v\u00e9ritable politique publique. Les finances de l\u2019\u00c9tat pourraient \u00eatre impact\u00e9es de pr\u00e8s de 170 millions d\u2019Euros par an. Ce projet de privatisation pourrait \u00eatre la \u00ab\u00a0porte ouverte\u00a0\u00bb \u00e0 d&rsquo;autres projets [&hellip;]\" \/>\n<meta property=\"og:url\" content=\"https:\/\/regions-snetap-fsu.fr\/formation\/2019\/10\/22\/soutenons-le-referendum-aeroport-de-paris\/\" \/>\n<meta property=\"og:site_name\" content=\"Formation des sites R\u00e9gionaux du SNETAP-FSU\" \/>\n<meta property=\"article:published_time\" content=\"2019-10-22T08:11:11+00:00\" \/>\n<meta name=\"author\" content=\"yoctavien\" \/>\n<meta name=\"twitter:card\" content=\"summary_large_image\" \/>\n<meta name=\"twitter:label1\" content=\"\u00c9crit par\" \/>\n\t<meta name=\"twitter:data1\" content=\"yoctavien\" \/>\n\t<meta name=\"twitter:label2\" content=\"Dur\u00e9e de lecture estim\u00e9e\" \/>\n\t<meta name=\"twitter:data2\" content=\"2 minutes\" \/>\n<script type=\"application\/ld+json\" class=\"yoast-schema-graph\">{\"@context\":\"https:\\\/\\\/schema.org\",\"@graph\":[{\"@type\":\"Article\",\"@id\":\"https:\\\/\\\/regions-snetap-fsu.fr\\\/formation\\\/2019\\\/10\\\/22\\\/soutenons-le-referendum-aeroport-de-paris\\\/#article\",\"isPartOf\":{\"@id\":\"https:\\\/\\\/regions-snetap-fsu.fr\\\/formation\\\/2019\\\/10\\\/22\\\/soutenons-le-referendum-aeroport-de-paris\\\/\"},\"author\":{\"name\":\"yoctavien\",\"@id\":\"https:\\\/\\\/regions-snetap-fsu.fr\\\/formation\\\/#\\\/schema\\\/person\\\/f5dc7b6354e942ca9c5fa8e9ff7e5c93\"},\"headline\":\"Soutenons le r\u00e9f\u00e9rendum A\u00e9roport De Paris\",\"datePublished\":\"2019-10-22T08:11:11+00:00\",\"mainEntityOfPage\":{\"@id\":\"https:\\\/\\\/regions-snetap-fsu.fr\\\/formation\\\/2019\\\/10\\\/22\\\/soutenons-le-referendum-aeroport-de-paris\\\/\"},\"wordCount\":400,\"publisher\":{\"@id\":\"https:\\\/\\\/regions-snetap-fsu.fr\\\/formation\\\/#organization\"},\"articleSection\":[\"Actions - Gr\u00e8ves - Manifs\",\"Pour information\"],\"inLanguage\":\"fr-FR\"},{\"@type\":\"WebPage\",\"@id\":\"https:\\\/\\\/regions-snetap-fsu.fr\\\/formation\\\/2019\\\/10\\\/22\\\/soutenons-le-referendum-aeroport-de-paris\\\/\",\"url\":\"https:\\\/\\\/regions-snetap-fsu.fr\\\/formation\\\/2019\\\/10\\\/22\\\/soutenons-le-referendum-aeroport-de-paris\\\/\",\"name\":\"Soutenons le r\u00e9f\u00e9rendum A\u00e9roport De Paris - Formation des sites R\u00e9gionaux du SNETAP-FSU\",\"isPartOf\":{\"@id\":\"https:\\\/\\\/regions-snetap-fsu.fr\\\/formation\\\/#website\"},\"datePublished\":\"2019-10-22T08:11:11+00:00\",\"breadcrumb\":{\"@id\":\"https:\\\/\\\/regions-snetap-fsu.fr\\\/formation\\\/2019\\\/10\\\/22\\\/soutenons-le-referendum-aeroport-de-paris\\\/#breadcrumb\"},\"inLanguage\":\"fr-FR\",\"potentialAction\":[{\"@type\":\"ReadAction\",\"target\":[\"https:\\\/\\\/regions-snetap-fsu.fr\\\/formation\\\/2019\\\/10\\\/22\\\/soutenons-le-referendum-aeroport-de-paris\\\/\"]}]},{\"@type\":\"BreadcrumbList\",\"@id\":\"https:\\\/\\\/regions-snetap-fsu.fr\\\/formation\\\/2019\\\/10\\\/22\\\/soutenons-le-referendum-aeroport-de-paris\\\/#breadcrumb\",\"itemListElement\":[{\"@type\":\"ListItem\",\"position\":1,\"name\":\"Accueil\",\"item\":\"https:\\\/\\\/regions-snetap-fsu.fr\\\/formation\\\/\"},{\"@type\":\"ListItem\",\"position\":2,\"name\":\"Soutenons le r\u00e9f\u00e9rendum A\u00e9roport De Paris\"}]},{\"@type\":\"WebSite\",\"@id\":\"https:\\\/\\\/regions-snetap-fsu.fr\\\/formation\\\/#website\",\"url\":\"https:\\\/\\\/regions-snetap-fsu.fr\\\/formation\\\/\",\"name\":\"Formation des sites R\u00e9gionaux du SNETAP-FSU\",\"description\":\"\",\"publisher\":{\"@id\":\"https:\\\/\\\/regions-snetap-fsu.fr\\\/formation\\\/#organization\"},\"potentialAction\":[{\"@type\":\"SearchAction\",\"target\":{\"@type\":\"EntryPoint\",\"urlTemplate\":\"https:\\\/\\\/regions-snetap-fsu.fr\\\/formation\\\/?s={search_term_string}\"},\"query-input\":{\"@type\":\"PropertyValueSpecification\",\"valueRequired\":true,\"valueName\":\"search_term_string\"}}],\"inLanguage\":\"fr-FR\"},{\"@type\":\"Organization\",\"@id\":\"https:\\\/\\\/regions-snetap-fsu.fr\\\/formation\\\/#organization\",\"name\":\"Formation des sites R\u00e9gionaux du SNETAP-FSU\",\"url\":\"https:\\\/\\\/regions-snetap-fsu.fr\\\/formation\\\/\",\"logo\":{\"@type\":\"ImageObject\",\"inLanguage\":\"fr-FR\",\"@id\":\"https:\\\/\\\/regions-snetap-fsu.fr\\\/formation\\\/#\\\/schema\\\/logo\\\/image\\\/\",\"url\":\"https:\\\/\\\/regions-snetap-fsu.fr\\\/formation\\\/wp-content\\\/uploads\\\/sites\\\/20\\\/2025\\\/04\\\/cropped-Logo_blanc_fond_transparent_1000x755.png\",\"contentUrl\":\"https:\\\/\\\/regions-snetap-fsu.fr\\\/formation\\\/wp-content\\\/uploads\\\/sites\\\/20\\\/2025\\\/04\\\/cropped-Logo_blanc_fond_transparent_1000x755.png\",\"width\":998,\"height\":689,\"caption\":\"Formation des sites R\u00e9gionaux du SNETAP-FSU\"},\"image\":{\"@id\":\"https:\\\/\\\/regions-snetap-fsu.fr\\\/formation\\\/#\\\/schema\\\/logo\\\/image\\\/\"}},{\"@type\":\"Person\",\"@id\":\"https:\\\/\\\/regions-snetap-fsu.fr\\\/formation\\\/#\\\/schema\\\/person\\\/f5dc7b6354e942ca9c5fa8e9ff7e5c93\",\"name\":\"yoctavien\",\"image\":{\"@type\":\"ImageObject\",\"inLanguage\":\"fr-FR\",\"@id\":\"https:\\\/\\\/secure.gravatar.com\\\/avatar\\\/382642c092b6b9da14641d3c478df2f3da4a2d17eea25691c232d4dbf735c292?s=96&d=mm&r=g\",\"url\":\"https:\\\/\\\/secure.gravatar.com\\\/avatar\\\/382642c092b6b9da14641d3c478df2f3da4a2d17eea25691c232d4dbf735c292?s=96&d=mm&r=g\",\"contentUrl\":\"https:\\\/\\\/secure.gravatar.com\\\/avatar\\\/382642c092b6b9da14641d3c478df2f3da4a2d17eea25691c232d4dbf735c292?s=96&d=mm&r=g\",\"caption\":\"yoctavien\"},\"url\":\"https:\\\/\\\/regions-snetap-fsu.fr\\\/formation\\\/author\\\/yoctavien\\\/\"}]}<\/script>\n<!-- \/ Yoast SEO plugin. -->","yoast_head_json":{"title":"Soutenons le r\u00e9f\u00e9rendum A\u00e9roport De Paris - Formation des sites R\u00e9gionaux du SNETAP-FSU","robots":{"index":"index","follow":"follow","max-snippet":"max-snippet:-1","max-image-preview":"max-image-preview:large","max-video-preview":"max-video-preview:-1"},"canonical":"https:\/\/regions-snetap-fsu.fr\/formation\/2019\/10\/22\/soutenons-le-referendum-aeroport-de-paris\/","og_locale":"fr_FR","og_type":"article","og_title":"Soutenons le r\u00e9f\u00e9rendum A\u00e9roport De Paris - Formation des sites R\u00e9gionaux du SNETAP-FSU","og_description":"A\u00e9roports de Paris : non \u00e0 leur privatisation ! Soutenons le r\u00e9f\u00e9rendum ADP Le projet de privatisation des a\u00e9roports de Paris est \u00e0 l\u2019oppos\u00e9 d\u2019une v\u00e9ritable politique publique. Les finances de l\u2019\u00c9tat pourraient \u00eatre impact\u00e9es de pr\u00e8s de 170 millions d\u2019Euros par an. Ce projet de privatisation pourrait \u00eatre la \u00ab\u00a0porte ouverte\u00a0\u00bb \u00e0 d&rsquo;autres projets [&hellip;]","og_url":"https:\/\/regions-snetap-fsu.fr\/formation\/2019\/10\/22\/soutenons-le-referendum-aeroport-de-paris\/","og_site_name":"Formation des sites R\u00e9gionaux du SNETAP-FSU","article_published_time":"2019-10-22T08:11:11+00:00","author":"yoctavien","twitter_card":"summary_large_image","twitter_misc":{"\u00c9crit par":"yoctavien","Dur\u00e9e de lecture estim\u00e9e":"2 minutes"},"schema":{"@context":"https:\/\/schema.org","@graph":[{"@type":"Article","@id":"https:\/\/regions-snetap-fsu.fr\/formation\/2019\/10\/22\/soutenons-le-referendum-aeroport-de-paris\/#article","isPartOf":{"@id":"https:\/\/regions-snetap-fsu.fr\/formation\/2019\/10\/22\/soutenons-le-referendum-aeroport-de-paris\/"},"author":{"name":"yoctavien","@id":"https:\/\/regions-snetap-fsu.fr\/formation\/#\/schema\/person\/f5dc7b6354e942ca9c5fa8e9ff7e5c93"},"headline":"Soutenons le r\u00e9f\u00e9rendum A\u00e9roport De Paris","datePublished":"2019-10-22T08:11:11+00:00","mainEntityOfPage":{"@id":"https:\/\/regions-snetap-fsu.fr\/formation\/2019\/10\/22\/soutenons-le-referendum-aeroport-de-paris\/"},"wordCount":400,"publisher":{"@id":"https:\/\/regions-snetap-fsu.fr\/formation\/#organization"},"articleSection":["Actions - Gr\u00e8ves - Manifs","Pour information"],"inLanguage":"fr-FR"},{"@type":"WebPage","@id":"https:\/\/regions-snetap-fsu.fr\/formation\/2019\/10\/22\/soutenons-le-referendum-aeroport-de-paris\/","url":"https:\/\/regions-snetap-fsu.fr\/formation\/2019\/10\/22\/soutenons-le-referendum-aeroport-de-paris\/","name":"Soutenons le r\u00e9f\u00e9rendum A\u00e9roport De Paris - Formation des sites R\u00e9gionaux du SNETAP-FSU","isPartOf":{"@id":"https:\/\/regions-snetap-fsu.fr\/formation\/#website"},"datePublished":"2019-10-22T08:11:11+00:00","breadcrumb":{"@id":"https:\/\/regions-snetap-fsu.fr\/formation\/2019\/10\/22\/soutenons-le-referendum-aeroport-de-paris\/#breadcrumb"},"inLanguage":"fr-FR","potentialAction":[{"@type":"ReadAction","target":["https:\/\/regions-snetap-fsu.fr\/formation\/2019\/10\/22\/soutenons-le-referendum-aeroport-de-paris\/"]}]},{"@type":"BreadcrumbList","@id":"https:\/\/regions-snetap-fsu.fr\/formation\/2019\/10\/22\/soutenons-le-referendum-aeroport-de-paris\/#breadcrumb","itemListElement":[{"@type":"ListItem","position":1,"name":"Accueil","item":"https:\/\/regions-snetap-fsu.fr\/formation\/"},{"@type":"ListItem","position":2,"name":"Soutenons le r\u00e9f\u00e9rendum A\u00e9roport De Paris"}]},{"@type":"WebSite","@id":"https:\/\/regions-snetap-fsu.fr\/formation\/#website","url":"https:\/\/regions-snetap-fsu.fr\/formation\/","name":"Formation des sites R\u00e9gionaux du SNETAP-FSU","description":"","publisher":{"@id":"https:\/\/regions-snetap-fsu.fr\/formation\/#organization"},"potentialAction":[{"@type":"SearchAction","target":{"@type":"EntryPoint","urlTemplate":"https:\/\/regions-snetap-fsu.fr\/formation\/?s={search_term_string}"},"query-input":{"@type":"PropertyValueSpecification","valueRequired":true,"valueName":"search_term_string"}}],"inLanguage":"fr-FR"},{"@type":"Organization","@id":"https:\/\/regions-snetap-fsu.fr\/formation\/#organization","name":"Formation des sites R\u00e9gionaux du SNETAP-FSU","url":"https:\/\/regions-snetap-fsu.fr\/formation\/","logo":{"@type":"ImageObject","inLanguage":"fr-FR","@id":"https:\/\/regions-snetap-fsu.fr\/formation\/#\/schema\/logo\/image\/","url":"https:\/\/regions-snetap-fsu.fr\/formation\/wp-content\/uploads\/sites\/20\/2025\/04\/cropped-Logo_blanc_fond_transparent_1000x755.png","contentUrl":"https:\/\/regions-snetap-fsu.fr\/formation\/wp-content\/uploads\/sites\/20\/2025\/04\/cropped-Logo_blanc_fond_transparent_1000x755.png","width":998,"height":689,"caption":"Formation des sites R\u00e9gionaux du SNETAP-FSU"},"image":{"@id":"https:\/\/regions-snetap-fsu.fr\/formation\/#\/schema\/logo\/image\/"}},{"@type":"Person","@id":"https:\/\/regions-snetap-fsu.fr\/formation\/#\/schema\/person\/f5dc7b6354e942ca9c5fa8e9ff7e5c93","name":"yoctavien","image":{"@type":"ImageObject","inLanguage":"fr-FR","@id":"https:\/\/secure.gravatar.com\/avatar\/382642c092b6b9da14641d3c478df2f3da4a2d17eea25691c232d4dbf735c292?s=96&d=mm&r=g","url":"https:\/\/secure.gravatar.com\/avatar\/382642c092b6b9da14641d3c478df2f3da4a2d17eea25691c232d4dbf735c292?s=96&d=mm&r=g","contentUrl":"https:\/\/secure.gravatar.com\/avatar\/382642c092b6b9da14641d3c478df2f3da4a2d17eea25691c232d4dbf735c292?s=96&d=mm&r=g","caption":"yoctavien"},"url":"https:\/\/regions-snetap-fsu.fr\/formation\/author\/yoctavien\/"}]}},"_links":{"self":[{"href":"https:\/\/regions-snetap-fsu.fr\/formation\/wp-json\/wp\/v2\/posts\/3309","targetHints":{"allow":["GET"]}}],"collection":[{"href":"https:\/\/regions-snetap-fsu.fr\/formation\/wp-json\/wp\/v2\/posts"}],"about":[{"href":"https:\/\/regions-snetap-fsu.fr\/formation\/wp-json\/wp\/v2\/types\/post"}],"author":[{"embeddable":true,"href":"https:\/\/regions-snetap-fsu.fr\/formation\/wp-json\/wp\/v2\/users\/138"}],"replies":[{"embeddable":true,"href":"https:\/\/regions-snetap-fsu.fr\/formation\/wp-json\/wp\/v2\/comments?post=3309"}],"version-history":[{"count":0,"href":"https:\/\/regions-snetap-fsu.fr\/formation\/wp-json\/wp\/v2\/posts\/3309\/revisions"}],"wp:attachment":[{"href":"https:\/\/regions-snetap-fsu.fr\/formation\/wp-json\/wp\/v2\/media?parent=3309"}],"wp:term":[{"taxonomy":"category","embeddable":true,"href":"https:\/\/regions-snetap-fsu.fr\/formation\/wp-json\/wp\/v2\/categories?post=3309"},{"taxonomy":"post_tag","embeddable":true,"href":"https:\/\/regions-snetap-fsu.fr\/formation\/wp-json\/wp\/v2\/tags?post=3309"},{"taxonomy":"post_folder","embeddable":true,"href":"https:\/\/regions-snetap-fsu.fr\/formation\/wp-json\/wp\/v2\/post_folder?post=3309"}],"curies":[{"name":"wp","href":"https:\/\/api.w.org\/{rel}","templated":true}]}}