{"id":3291,"date":"2019-10-19T16:33:28","date_gmt":"2019-10-19T14:33:28","guid":{"rendered":"https:\/\/regions-snetap-fsu.fr\/hdf\/?p=3291"},"modified":"2019-10-19T16:33:28","modified_gmt":"2019-10-19T14:33:28","slug":"reforme-des-retraites-greve-interprofessionnelle-le-5-decembre","status":"publish","type":"post","link":"https:\/\/regions-snetap-fsu.fr\/formation\/2019\/10\/19\/reforme-des-retraites-greve-interprofessionnelle-le-5-decembre\/","title":{"rendered":"R\u00e9forme des retraites : Gr\u00e8ve interprofessionnelle le 5 d\u00e9cembre"},"content":{"rendered":"<h2 class=\"crayon article-titre-6142 surlignable\" style=\"text-align: center\"><span style=\"font-family: tahoma, arial, helvetica, sans-serif;color: #ff0000\">R\u00e9forme des retraites&#8230; <\/span><\/h2>\n<h2 class=\"crayon article-titre-6142 surlignable\" style=\"text-align: center\"><span style=\"font-family: tahoma, arial, helvetica, sans-serif;color: #ff0000\">Toutes et tous en gr\u00e8ve le 5 d\u00e9cembre\u00a0!<\/span><\/h2>\n<blockquote>\n<p style=\"text-align: justify\"><span style=\"color: #0000ff;font-family: tahoma, arial, helvetica, sans-serif\">Le syst\u00e8me individuel \u00e0 points du projet de r\u00e9forme rend al\u00e9atoire le montant des pensions et vise \u00e0 repousser l\u2019\u00e2ge de d\u00e9part \u00e0 la retraite.<\/span><\/p>\n<p class=\"spip\" style=\"text-align: justify\"><span style=\"font-family: tahoma, arial, helvetica, sans-serif;color: #0000ff\">Les agent\u00b7es de la Fonction publique seraient particuli\u00e8rement impact\u00e9\u00b7es car cette r\u00e9forme provoquera une baisse m\u00e9canique du niveau des pensions qui ne sera pas compens\u00e9 par l\u2019int\u00e9gration des primes dans le calcul qui sont tr\u00e8s in\u00e9gales voire inexistantes pour certain\u00b7es agent\u00b7es. C\u2019est notamment le cas des enseignant\u00b7es, enseignant\u00b7es chercheurs, des agent\u00b7es de cat\u00e9gorie C&#8230;.<br \/>\n<\/span><\/p>\n<\/blockquote>\n<p><!--more--><\/p>\n<p><img decoding=\"async\" class=\"aligncenter size-medium wp-image-3292\" src=\"https:\/\/regions-snetap-fsu.fr\/hdf\/wp-content\/uploads\/sites\/5\/2019\/10\/Greve_reforme_retraite_5_dec_2019-300x97.png\" alt=\"\" width=\"300\" height=\"97\" \/><\/p>\n<p style=\"text-align: justify\"><span style=\"color: #0000ff;font-family: tahoma, arial, helvetica, sans-serif\">De tr\u00e8s nombreu\u00b7ses salari\u00e9\u00b7es seront perdant\u00b7es, les enseignant\u00b7es \u00e9tant particuli\u00e8rement vis\u00e9\u00b7es, avec une baisse du montant qui va de 274 \u00e0 952 euros par mois, d&rsquo;apr\u00e8s le SNES-FSU.<\/span><\/p>\n<p><span style=\"color: #0000ff;font-family: tahoma, arial, helvetica, sans-serif\">Pour davantage de pr\u00e9cision, cliquez sur le lien ci-dessous :<\/span><\/p>\n<p><a href=\"https:\/\/www.snes.edu\/Retraites-combattre-un-projet-dangereux.html\" target=\"_blank\" rel=\"noopener noreferrer\"><span style=\"text-decoration: underline;color: #000000;font-family: tahoma, arial, helvetica, sans-serif\">Lien : SNES-FSU &#8211; Retraites : combattre un projet dangereux<\/span><\/a><\/p>\n<p style=\"text-align: justify\"><span style=\"color: #0000ff;font-family: tahoma, arial, helvetica, sans-serif\">Pour l&rsquo;enseignement, <span class=\"gl_mot\">FSU (avec ses organisations syndicales dont le SNETAP-FSU)<\/span>, <span class=\"gl_mot\">CGT<\/span>, <span class=\"gl_mot\">FO<\/span>, Solidaires, <span class=\"gl_mot\">UNEF<\/span>, <span class=\"gl_mot\">UNL<\/span> appellent \u00e0 s\u2019opposer au projet de r\u00e9forme des retraites du gouvernement et porter des propositions alternatives. D\u00e9couvrez cet appel au lien ci-dessous :<\/span><\/p>\n<p><span style=\"text-decoration: underline;color: #000000\"><a style=\"color: #000000;text-decoration: underline\" href=\"https:\/\/www.snetap-fsu.fr\/Reforme-des-retraites-Toutes-et-tous-en-greve-le-5-decembre.html\" target=\"_blank\" rel=\"noopener noreferrer\">Lien : SNETAP-FSU &#8211; R\u00e9forme des retraites. Toutes et tous en gr\u00e8ve le 5 d\u00e9cembre !<\/a><\/span><\/p>\n<p style=\"text-align: justify\"><strong><span style=\"font-family: tahoma, arial, helvetica, sans-serif;color: #ff0000\">Ne pas suivre ce mouvement de gr\u00e8ve, c&rsquo;est prendre le risque de perdre bien plus qu&rsquo;une journ\u00e9e de salaire !<\/span><\/strong><\/p>\n<p style=\"text-align: justify\"><span style=\"color: #0000ff;font-family: tahoma, arial, helvetica, sans-serif\">M\u00eame ce gouvernement des plus lib\u00e9raux que nous avons pu conna\u00eetre depuis la fin de mandature du pr\u00e9sident Fran\u00e7ois Mitterrand regarde avec attention les chiffres de gr\u00e9vistes afin de prendre la d\u00e9cision de l\u00e2cher du lest ou pas, voire m\u00eame de reculer.<\/span><\/p>\n<p style=\"text-align: justify\"><span style=\"color: #0000ff;font-family: tahoma, arial, helvetica, sans-serif\">Nous pouvons vous affirmer que les r\u00e9sultats, nos avanc\u00e9es ou les reculs du gouvernement et de l&rsquo;administration se sont toujours faits en fonction de notre r\u00e9ussite de la mobilisation.<\/span><\/p>\n<p style=\"text-align: justify\"><span style=\"font-family: tahoma, arial, helvetica, sans-serif;color: #0000ff\">N&rsquo;oubliez pas que nos anciens n&rsquo;ont pas obtenu les conqu\u00eates sociales (\u00ab\u00a0acquis sociaux\u00a0\u00bb &#8211; rien n&rsquo;est acquis) en \u00ab\u00a0claquant des doigts\u00a0\u00bb mais gr\u00e2ce \u00e0 leur grande mobilisation.<\/span><\/p>\n<p style=\"text-align: justify\"><span style=\"color: #0000ff;font-family: tahoma, arial, helvetica, sans-serif\">Il y a 66 ans, la grande mobilisation des fonctionnaires a r\u00e9ussi \u00e0 faire plier le gouvernement au sujet de la r\u00e9forme des retraites et ceci dans un contexte difficile. Vous pouvez consulter, les deux liens ci-dessous pour ce rappel historique dans lequel vous remarquerez une similitude du langage du gouvernement actuel :<\/span><\/p>\n<p><span style=\"text-decoration: underline;color: #000000\"><a style=\"color: #000000;text-decoration: underline\" href=\"https:\/\/blogs.mediapart.fr\/jean-marc-b\/blog\/220618\/en-plein-mois-daout-la-greve-generale-de-1953-fait-plier-le-gouvernement\" target=\"_blank\" rel=\"noopener noreferrer\">Lien &#8211; M\u00e9diapart &#8211; En plein mois d&rsquo;ao\u00fbt, la gr\u00e8ve g\u00e9n\u00e9rale de 1953 fait plier le gouvernement<\/a><\/span><\/p>\n<p><span style=\"text-decoration: underline;color: #000000\"><a style=\"color: #000000;text-decoration: underline\" href=\"https:\/\/journal.lutte-ouvriere.org\/2013\/09\/26\/il-y-soixante-ans-aout-1953-greve-generale-des-fonctionnaires-contre-une-reforme-des-retraites_30729.html\" target=\"_blank\" rel=\"noopener noreferrer\">Lien : Lutte ouvri\u00e8re &#8211; Il y a soixante ans, ao\u00fbt 1953 : gr\u00e8ve g\u00e9n\u00e9rale des fonctionnaires contre une r\u00e9forme des retraites<\/a><\/span><\/p>\n<h3 style=\"text-align: center\"><span style=\"font-family: tahoma, arial, helvetica, sans-serif\"><strong><span style=\"color: #008000\">Retenez ce rendez-vous<\/span><\/strong><\/span><\/h3>\n<h3 style=\"text-align: center\"><span style=\"font-family: tahoma, arial, helvetica, sans-serif\"><strong><span style=\"color: #008000\"> \u00e0 ne pas manquer !<br \/>\n<\/span><\/strong><\/span><\/h3>\n<h3 style=\"text-align: center\"><span style=\"font-family: tahoma, arial, helvetica, sans-serif\"><strong><span style=\"color: #008000\">Toutes et tous ensemble&#8230;<\/span><\/strong><\/span><\/h3>\n<h3 style=\"text-align: center\"><span style=\"font-family: tahoma, arial, helvetica, sans-serif\"><strong><span style=\"color: #008000\">avec notre grande mobilisation&#8230;<\/span><\/strong><\/span><\/h3>\n<h3 style=\"text-align: center\"><span style=\"font-family: tahoma, arial, helvetica, sans-serif\"><strong><span style=\"color: #008000\">en interprofessionnel et en intersyndicale&#8230;<\/span><\/strong><\/span><\/h3>\n<h3 style=\"text-align: center\"><span style=\"font-family: tahoma, arial, helvetica, sans-serif\"><strong><span style=\"color: #008000\">prot\u00e9geons nos retraites&#8230;<\/span><\/strong><\/span><\/h3>\n<h3 style=\"text-align: center\"><span style=\"font-family: tahoma, arial, helvetica, sans-serif\"><strong><span style=\"color: #008000\">faisons reculer le gouvernement !<\/span><\/strong><\/span><\/h3>\n\n\t\t<div class=\"wppdfemb-frame-container-1\" style=\"-webkit-overflow-scrolling:auto;\">\n\t\t\t<iframe class=\"pdfembed-iframe nonfullscreen wppdf-emb-iframe-1\"\n\t\t\t\tsrc=\"https:\/\/regions-snetap-fsu.fr\/formation\/?pdfemb-data=eyJ1cmwiOiJodHRwczpcL1wvcmVnaW9ucy1zbmV0YXAtZnN1LmZyXC9oZGZcL3dwLWNvbnRlbnRcL3VwbG9hZHNcL3NpdGVzXC81XC8yMDE5XC8xMFwvUmV0cmFpdGVfVHJhY3RfR3JldmVfNV9kZWNlbWJyZV8yMDE5LnBkZiIsImluZGV4IjoxLCJwZGZJRCI6MH0\"\n\t\t\t\t\t\t\t\tdata-pdf-id=\"0\"\n\t\t\t\tdata-pdf-index=\"1\"\n\t\t\t\tstyle=\"border:none;width:100%;max-width:100%;height:100vh;\"\n\t\t\t\tscrolling=\"yes\">\n\t\t\t<\/iframe>\n\t\t<\/div>\n\n\t\t\n","protected":false},"excerpt":{"rendered":"<p>R\u00e9forme des retraites&#8230; Toutes et tous en gr\u00e8ve le 5 d\u00e9cembre\u00a0! Le syst\u00e8me individuel \u00e0 points du projet de r\u00e9forme rend al\u00e9atoire le montant des pensions et vise \u00e0 repousser l\u2019\u00e2ge de d\u00e9part \u00e0 la retraite. Les agent\u00b7es de la Fonction publique seraient particuli\u00e8rement impact\u00e9\u00b7es car cette r\u00e9forme provoquera une baisse m\u00e9canique du niveau des [&hellip;]<\/p>\n","protected":false},"author":138,"featured_media":0,"comment_status":"closed","ping_status":"closed","sticky":false,"template":"","format":"standard","meta":{"ocean_post_layout":"","ocean_both_sidebars_style":"","ocean_both_sidebars_content_width":0,"ocean_both_sidebars_sidebars_width":0,"ocean_sidebar":"","ocean_second_sidebar":"","ocean_disable_margins":"enable","ocean_add_body_class":"","ocean_shortcode_before_top_bar":"","ocean_shortcode_after_top_bar":"","ocean_shortcode_before_header":"","ocean_shortcode_after_header":"","ocean_has_shortcode":"","ocean_shortcode_after_title":"","ocean_shortcode_before_footer_widgets":"","ocean_shortcode_after_footer_widgets":"","ocean_shortcode_before_footer_bottom":"","ocean_shortcode_after_footer_bottom":"","ocean_display_top_bar":"default","ocean_display_header":"default","ocean_header_style":"","ocean_center_header_left_menu":"","ocean_custom_header_template":"","ocean_custom_logo":0,"ocean_custom_retina_logo":0,"ocean_custom_logo_max_width":0,"ocean_custom_logo_tablet_max_width":0,"ocean_custom_logo_mobile_max_width":0,"ocean_custom_logo_max_height":0,"ocean_custom_logo_tablet_max_height":0,"ocean_custom_logo_mobile_max_height":0,"ocean_header_custom_menu":"","ocean_menu_typo_font_family":"","ocean_menu_typo_font_subset":"","ocean_menu_typo_font_size":0,"ocean_menu_typo_font_size_tablet":0,"ocean_menu_typo_font_size_mobile":0,"ocean_menu_typo_font_size_unit":"px","ocean_menu_typo_font_weight":"","ocean_menu_typo_font_weight_tablet":"","ocean_menu_typo_font_weight_mobile":"","ocean_menu_typo_transform":"","ocean_menu_typo_transform_tablet":"","ocean_menu_typo_transform_mobile":"","ocean_menu_typo_line_height":0,"ocean_menu_typo_line_height_tablet":0,"ocean_menu_typo_line_height_mobile":0,"ocean_menu_typo_line_height_unit":"","ocean_menu_typo_spacing":0,"ocean_menu_typo_spacing_tablet":0,"ocean_menu_typo_spacing_mobile":0,"ocean_menu_typo_spacing_unit":"","ocean_menu_link_color":"","ocean_menu_link_color_hover":"","ocean_menu_link_color_active":"","ocean_menu_link_background":"","ocean_menu_link_hover_background":"","ocean_menu_link_active_background":"","ocean_menu_social_links_bg":"","ocean_menu_social_hover_links_bg":"","ocean_menu_social_links_color":"","ocean_menu_social_hover_links_color":"","ocean_disable_title":"default","ocean_disable_heading":"default","ocean_post_title":"","ocean_post_subheading":"","ocean_post_title_style":"","ocean_post_title_background_color":"","ocean_post_title_background":0,"ocean_post_title_bg_image_position":"","ocean_post_title_bg_image_attachment":"","ocean_post_title_bg_image_repeat":"","ocean_post_title_bg_image_size":"","ocean_post_title_height":0,"ocean_post_title_bg_overlay":0.5,"ocean_post_title_bg_overlay_color":"","ocean_disable_breadcrumbs":"default","ocean_breadcrumbs_color":"","ocean_breadcrumbs_separator_color":"","ocean_breadcrumbs_links_color":"","ocean_breadcrumbs_links_hover_color":"","ocean_display_footer_widgets":"default","ocean_display_footer_bottom":"default","ocean_custom_footer_template":"","ocean_post_oembed":"","ocean_post_self_hosted_media":"","ocean_post_video_embed":"","ocean_link_format":"","ocean_link_format_target":"self","ocean_quote_format":"","ocean_quote_format_link":"post","ocean_gallery_link_images":"on","ocean_gallery_id":[],"footnotes":""},"categories":[3],"tags":[],"post_folder":[],"class_list":["post-3291","post","type-post","status-publish","format-standard","hentry","category-actions-greves-manifs","entry"],"yoast_head":"<!-- This site is optimized with the Yoast SEO plugin v27.4 - https:\/\/yoast.com\/product\/yoast-seo-wordpress\/ -->\n<title>R\u00e9forme des retraites : Gr\u00e8ve interprofessionnelle le 5 d\u00e9cembre - Formation des sites R\u00e9gionaux du SNETAP-FSU<\/title>\n<meta name=\"robots\" content=\"index, follow, max-snippet:-1, max-image-preview:large, max-video-preview:-1\" \/>\n<link rel=\"canonical\" href=\"https:\/\/regions-snetap-fsu.fr\/formation\/2019\/10\/19\/reforme-des-retraites-greve-interprofessionnelle-le-5-decembre\/\" \/>\n<meta property=\"og:locale\" content=\"fr_FR\" \/>\n<meta property=\"og:type\" content=\"article\" \/>\n<meta property=\"og:title\" content=\"R\u00e9forme des retraites : Gr\u00e8ve interprofessionnelle le 5 d\u00e9cembre - Formation des sites R\u00e9gionaux du SNETAP-FSU\" \/>\n<meta property=\"og:description\" content=\"R\u00e9forme des retraites&#8230; Toutes et tous en gr\u00e8ve le 5 d\u00e9cembre\u00a0! Le syst\u00e8me individuel \u00e0 points du projet de r\u00e9forme rend al\u00e9atoire le montant des pensions et vise \u00e0 repousser l\u2019\u00e2ge de d\u00e9part \u00e0 la retraite. Les agent\u00b7es de la Fonction publique seraient particuli\u00e8rement impact\u00e9\u00b7es car cette r\u00e9forme provoquera une baisse m\u00e9canique du niveau des [&hellip;]\" \/>\n<meta property=\"og:url\" content=\"https:\/\/regions-snetap-fsu.fr\/formation\/2019\/10\/19\/reforme-des-retraites-greve-interprofessionnelle-le-5-decembre\/\" \/>\n<meta property=\"og:site_name\" content=\"Formation des sites R\u00e9gionaux du SNETAP-FSU\" \/>\n<meta property=\"article:published_time\" content=\"2019-10-19T14:33:28+00:00\" \/>\n<meta name=\"author\" content=\"yoctavien\" \/>\n<meta name=\"twitter:card\" content=\"summary_large_image\" \/>\n<meta name=\"twitter:label1\" content=\"\u00c9crit par\" \/>\n\t<meta name=\"twitter:data1\" content=\"yoctavien\" \/>\n\t<meta name=\"twitter:label2\" content=\"Dur\u00e9e de lecture estim\u00e9e\" \/>\n\t<meta name=\"twitter:data2\" content=\"2 minutes\" \/>\n<script type=\"application\/ld+json\" class=\"yoast-schema-graph\">{\"@context\":\"https:\\\/\\\/schema.org\",\"@graph\":[{\"@type\":\"Article\",\"@id\":\"https:\\\/\\\/regions-snetap-fsu.fr\\\/formation\\\/2019\\\/10\\\/19\\\/reforme-des-retraites-greve-interprofessionnelle-le-5-decembre\\\/#article\",\"isPartOf\":{\"@id\":\"https:\\\/\\\/regions-snetap-fsu.fr\\\/formation\\\/2019\\\/10\\\/19\\\/reforme-des-retraites-greve-interprofessionnelle-le-5-decembre\\\/\"},\"author\":{\"name\":\"yoctavien\",\"@id\":\"https:\\\/\\\/regions-snetap-fsu.fr\\\/formation\\\/#\\\/schema\\\/person\\\/f5dc7b6354e942ca9c5fa8e9ff7e5c93\"},\"headline\":\"R\u00e9forme des retraites : Gr\u00e8ve interprofessionnelle le 5 d\u00e9cembre\",\"datePublished\":\"2019-10-19T14:33:28+00:00\",\"mainEntityOfPage\":{\"@id\":\"https:\\\/\\\/regions-snetap-fsu.fr\\\/formation\\\/2019\\\/10\\\/19\\\/reforme-des-retraites-greve-interprofessionnelle-le-5-decembre\\\/\"},\"wordCount\":506,\"publisher\":{\"@id\":\"https:\\\/\\\/regions-snetap-fsu.fr\\\/formation\\\/#organization\"},\"image\":{\"@id\":\"https:\\\/\\\/regions-snetap-fsu.fr\\\/formation\\\/2019\\\/10\\\/19\\\/reforme-des-retraites-greve-interprofessionnelle-le-5-decembre\\\/#primaryimage\"},\"thumbnailUrl\":\"https:\\\/\\\/regions-snetap-fsu.fr\\\/hdf\\\/wp-content\\\/uploads\\\/sites\\\/5\\\/2019\\\/10\\\/Greve_reforme_retraite_5_dec_2019-300x97.png\",\"articleSection\":[\"Actions - Gr\u00e8ves - Manifs\"],\"inLanguage\":\"fr-FR\"},{\"@type\":\"WebPage\",\"@id\":\"https:\\\/\\\/regions-snetap-fsu.fr\\\/formation\\\/2019\\\/10\\\/19\\\/reforme-des-retraites-greve-interprofessionnelle-le-5-decembre\\\/\",\"url\":\"https:\\\/\\\/regions-snetap-fsu.fr\\\/formation\\\/2019\\\/10\\\/19\\\/reforme-des-retraites-greve-interprofessionnelle-le-5-decembre\\\/\",\"name\":\"R\u00e9forme des retraites : Gr\u00e8ve interprofessionnelle le 5 d\u00e9cembre - Formation des sites R\u00e9gionaux du SNETAP-FSU\",\"isPartOf\":{\"@id\":\"https:\\\/\\\/regions-snetap-fsu.fr\\\/formation\\\/#website\"},\"primaryImageOfPage\":{\"@id\":\"https:\\\/\\\/regions-snetap-fsu.fr\\\/formation\\\/2019\\\/10\\\/19\\\/reforme-des-retraites-greve-interprofessionnelle-le-5-decembre\\\/#primaryimage\"},\"image\":{\"@id\":\"https:\\\/\\\/regions-snetap-fsu.fr\\\/formation\\\/2019\\\/10\\\/19\\\/reforme-des-retraites-greve-interprofessionnelle-le-5-decembre\\\/#primaryimage\"},\"thumbnailUrl\":\"https:\\\/\\\/regions-snetap-fsu.fr\\\/hdf\\\/wp-content\\\/uploads\\\/sites\\\/5\\\/2019\\\/10\\\/Greve_reforme_retraite_5_dec_2019-300x97.png\",\"datePublished\":\"2019-10-19T14:33:28+00:00\",\"breadcrumb\":{\"@id\":\"https:\\\/\\\/regions-snetap-fsu.fr\\\/formation\\\/2019\\\/10\\\/19\\\/reforme-des-retraites-greve-interprofessionnelle-le-5-decembre\\\/#breadcrumb\"},\"inLanguage\":\"fr-FR\",\"potentialAction\":[{\"@type\":\"ReadAction\",\"target\":[\"https:\\\/\\\/regions-snetap-fsu.fr\\\/formation\\\/2019\\\/10\\\/19\\\/reforme-des-retraites-greve-interprofessionnelle-le-5-decembre\\\/\"]}]},{\"@type\":\"ImageObject\",\"inLanguage\":\"fr-FR\",\"@id\":\"https:\\\/\\\/regions-snetap-fsu.fr\\\/formation\\\/2019\\\/10\\\/19\\\/reforme-des-retraites-greve-interprofessionnelle-le-5-decembre\\\/#primaryimage\",\"url\":\"https:\\\/\\\/regions-snetap-fsu.fr\\\/hdf\\\/wp-content\\\/uploads\\\/sites\\\/5\\\/2019\\\/10\\\/Greve_reforme_retraite_5_dec_2019-300x97.png\",\"contentUrl\":\"https:\\\/\\\/regions-snetap-fsu.fr\\\/hdf\\\/wp-content\\\/uploads\\\/sites\\\/5\\\/2019\\\/10\\\/Greve_reforme_retraite_5_dec_2019-300x97.png\"},{\"@type\":\"BreadcrumbList\",\"@id\":\"https:\\\/\\\/regions-snetap-fsu.fr\\\/formation\\\/2019\\\/10\\\/19\\\/reforme-des-retraites-greve-interprofessionnelle-le-5-decembre\\\/#breadcrumb\",\"itemListElement\":[{\"@type\":\"ListItem\",\"position\":1,\"name\":\"Accueil\",\"item\":\"https:\\\/\\\/regions-snetap-fsu.fr\\\/formation\\\/\"},{\"@type\":\"ListItem\",\"position\":2,\"name\":\"R\u00e9forme des retraites : Gr\u00e8ve interprofessionnelle le 5 d\u00e9cembre\"}]},{\"@type\":\"WebSite\",\"@id\":\"https:\\\/\\\/regions-snetap-fsu.fr\\\/formation\\\/#website\",\"url\":\"https:\\\/\\\/regions-snetap-fsu.fr\\\/formation\\\/\",\"name\":\"Formation des sites R\u00e9gionaux du SNETAP-FSU\",\"description\":\"\",\"publisher\":{\"@id\":\"https:\\\/\\\/regions-snetap-fsu.fr\\\/formation\\\/#organization\"},\"potentialAction\":[{\"@type\":\"SearchAction\",\"target\":{\"@type\":\"EntryPoint\",\"urlTemplate\":\"https:\\\/\\\/regions-snetap-fsu.fr\\\/formation\\\/?s={search_term_string}\"},\"query-input\":{\"@type\":\"PropertyValueSpecification\",\"valueRequired\":true,\"valueName\":\"search_term_string\"}}],\"inLanguage\":\"fr-FR\"},{\"@type\":\"Organization\",\"@id\":\"https:\\\/\\\/regions-snetap-fsu.fr\\\/formation\\\/#organization\",\"name\":\"Formation des sites R\u00e9gionaux du SNETAP-FSU\",\"url\":\"https:\\\/\\\/regions-snetap-fsu.fr\\\/formation\\\/\",\"logo\":{\"@type\":\"ImageObject\",\"inLanguage\":\"fr-FR\",\"@id\":\"https:\\\/\\\/regions-snetap-fsu.fr\\\/formation\\\/#\\\/schema\\\/logo\\\/image\\\/\",\"url\":\"https:\\\/\\\/regions-snetap-fsu.fr\\\/formation\\\/wp-content\\\/uploads\\\/sites\\\/20\\\/2025\\\/04\\\/cropped-Logo_blanc_fond_transparent_1000x755.png\",\"contentUrl\":\"https:\\\/\\\/regions-snetap-fsu.fr\\\/formation\\\/wp-content\\\/uploads\\\/sites\\\/20\\\/2025\\\/04\\\/cropped-Logo_blanc_fond_transparent_1000x755.png\",\"width\":998,\"height\":689,\"caption\":\"Formation des sites R\u00e9gionaux du SNETAP-FSU\"},\"image\":{\"@id\":\"https:\\\/\\\/regions-snetap-fsu.fr\\\/formation\\\/#\\\/schema\\\/logo\\\/image\\\/\"}},{\"@type\":\"Person\",\"@id\":\"https:\\\/\\\/regions-snetap-fsu.fr\\\/formation\\\/#\\\/schema\\\/person\\\/f5dc7b6354e942ca9c5fa8e9ff7e5c93\",\"name\":\"yoctavien\",\"image\":{\"@type\":\"ImageObject\",\"inLanguage\":\"fr-FR\",\"@id\":\"https:\\\/\\\/secure.gravatar.com\\\/avatar\\\/382642c092b6b9da14641d3c478df2f3da4a2d17eea25691c232d4dbf735c292?s=96&d=mm&r=g\",\"url\":\"https:\\\/\\\/secure.gravatar.com\\\/avatar\\\/382642c092b6b9da14641d3c478df2f3da4a2d17eea25691c232d4dbf735c292?s=96&d=mm&r=g\",\"contentUrl\":\"https:\\\/\\\/secure.gravatar.com\\\/avatar\\\/382642c092b6b9da14641d3c478df2f3da4a2d17eea25691c232d4dbf735c292?s=96&d=mm&r=g\",\"caption\":\"yoctavien\"},\"url\":\"https:\\\/\\\/regions-snetap-fsu.fr\\\/formation\\\/author\\\/yoctavien\\\/\"}]}<\/script>\n<!-- \/ Yoast SEO plugin. -->","yoast_head_json":{"title":"R\u00e9forme des retraites : Gr\u00e8ve interprofessionnelle le 5 d\u00e9cembre - Formation des sites R\u00e9gionaux du SNETAP-FSU","robots":{"index":"index","follow":"follow","max-snippet":"max-snippet:-1","max-image-preview":"max-image-preview:large","max-video-preview":"max-video-preview:-1"},"canonical":"https:\/\/regions-snetap-fsu.fr\/formation\/2019\/10\/19\/reforme-des-retraites-greve-interprofessionnelle-le-5-decembre\/","og_locale":"fr_FR","og_type":"article","og_title":"R\u00e9forme des retraites : Gr\u00e8ve interprofessionnelle le 5 d\u00e9cembre - Formation des sites R\u00e9gionaux du SNETAP-FSU","og_description":"R\u00e9forme des retraites&#8230; Toutes et tous en gr\u00e8ve le 5 d\u00e9cembre\u00a0! Le syst\u00e8me individuel \u00e0 points du projet de r\u00e9forme rend al\u00e9atoire le montant des pensions et vise \u00e0 repousser l\u2019\u00e2ge de d\u00e9part \u00e0 la retraite. Les agent\u00b7es de la Fonction publique seraient particuli\u00e8rement impact\u00e9\u00b7es car cette r\u00e9forme provoquera une baisse m\u00e9canique du niveau des [&hellip;]","og_url":"https:\/\/regions-snetap-fsu.fr\/formation\/2019\/10\/19\/reforme-des-retraites-greve-interprofessionnelle-le-5-decembre\/","og_site_name":"Formation des sites R\u00e9gionaux du SNETAP-FSU","article_published_time":"2019-10-19T14:33:28+00:00","author":"yoctavien","twitter_card":"summary_large_image","twitter_misc":{"\u00c9crit par":"yoctavien","Dur\u00e9e de lecture estim\u00e9e":"2 minutes"},"schema":{"@context":"https:\/\/schema.org","@graph":[{"@type":"Article","@id":"https:\/\/regions-snetap-fsu.fr\/formation\/2019\/10\/19\/reforme-des-retraites-greve-interprofessionnelle-le-5-decembre\/#article","isPartOf":{"@id":"https:\/\/regions-snetap-fsu.fr\/formation\/2019\/10\/19\/reforme-des-retraites-greve-interprofessionnelle-le-5-decembre\/"},"author":{"name":"yoctavien","@id":"https:\/\/regions-snetap-fsu.fr\/formation\/#\/schema\/person\/f5dc7b6354e942ca9c5fa8e9ff7e5c93"},"headline":"R\u00e9forme des retraites : Gr\u00e8ve interprofessionnelle le 5 d\u00e9cembre","datePublished":"2019-10-19T14:33:28+00:00","mainEntityOfPage":{"@id":"https:\/\/regions-snetap-fsu.fr\/formation\/2019\/10\/19\/reforme-des-retraites-greve-interprofessionnelle-le-5-decembre\/"},"wordCount":506,"publisher":{"@id":"https:\/\/regions-snetap-fsu.fr\/formation\/#organization"},"image":{"@id":"https:\/\/regions-snetap-fsu.fr\/formation\/2019\/10\/19\/reforme-des-retraites-greve-interprofessionnelle-le-5-decembre\/#primaryimage"},"thumbnailUrl":"https:\/\/regions-snetap-fsu.fr\/hdf\/wp-content\/uploads\/sites\/5\/2019\/10\/Greve_reforme_retraite_5_dec_2019-300x97.png","articleSection":["Actions - Gr\u00e8ves - Manifs"],"inLanguage":"fr-FR"},{"@type":"WebPage","@id":"https:\/\/regions-snetap-fsu.fr\/formation\/2019\/10\/19\/reforme-des-retraites-greve-interprofessionnelle-le-5-decembre\/","url":"https:\/\/regions-snetap-fsu.fr\/formation\/2019\/10\/19\/reforme-des-retraites-greve-interprofessionnelle-le-5-decembre\/","name":"R\u00e9forme des retraites : Gr\u00e8ve interprofessionnelle le 5 d\u00e9cembre - Formation des sites R\u00e9gionaux du SNETAP-FSU","isPartOf":{"@id":"https:\/\/regions-snetap-fsu.fr\/formation\/#website"},"primaryImageOfPage":{"@id":"https:\/\/regions-snetap-fsu.fr\/formation\/2019\/10\/19\/reforme-des-retraites-greve-interprofessionnelle-le-5-decembre\/#primaryimage"},"image":{"@id":"https:\/\/regions-snetap-fsu.fr\/formation\/2019\/10\/19\/reforme-des-retraites-greve-interprofessionnelle-le-5-decembre\/#primaryimage"},"thumbnailUrl":"https:\/\/regions-snetap-fsu.fr\/hdf\/wp-content\/uploads\/sites\/5\/2019\/10\/Greve_reforme_retraite_5_dec_2019-300x97.png","datePublished":"2019-10-19T14:33:28+00:00","breadcrumb":{"@id":"https:\/\/regions-snetap-fsu.fr\/formation\/2019\/10\/19\/reforme-des-retraites-greve-interprofessionnelle-le-5-decembre\/#breadcrumb"},"inLanguage":"fr-FR","potentialAction":[{"@type":"ReadAction","target":["https:\/\/regions-snetap-fsu.fr\/formation\/2019\/10\/19\/reforme-des-retraites-greve-interprofessionnelle-le-5-decembre\/"]}]},{"@type":"ImageObject","inLanguage":"fr-FR","@id":"https:\/\/regions-snetap-fsu.fr\/formation\/2019\/10\/19\/reforme-des-retraites-greve-interprofessionnelle-le-5-decembre\/#primaryimage","url":"https:\/\/regions-snetap-fsu.fr\/hdf\/wp-content\/uploads\/sites\/5\/2019\/10\/Greve_reforme_retraite_5_dec_2019-300x97.png","contentUrl":"https:\/\/regions-snetap-fsu.fr\/hdf\/wp-content\/uploads\/sites\/5\/2019\/10\/Greve_reforme_retraite_5_dec_2019-300x97.png"},{"@type":"BreadcrumbList","@id":"https:\/\/regions-snetap-fsu.fr\/formation\/2019\/10\/19\/reforme-des-retraites-greve-interprofessionnelle-le-5-decembre\/#breadcrumb","itemListElement":[{"@type":"ListItem","position":1,"name":"Accueil","item":"https:\/\/regions-snetap-fsu.fr\/formation\/"},{"@type":"ListItem","position":2,"name":"R\u00e9forme des retraites : Gr\u00e8ve interprofessionnelle le 5 d\u00e9cembre"}]},{"@type":"WebSite","@id":"https:\/\/regions-snetap-fsu.fr\/formation\/#website","url":"https:\/\/regions-snetap-fsu.fr\/formation\/","name":"Formation des sites R\u00e9gionaux du SNETAP-FSU","description":"","publisher":{"@id":"https:\/\/regions-snetap-fsu.fr\/formation\/#organization"},"potentialAction":[{"@type":"SearchAction","target":{"@type":"EntryPoint","urlTemplate":"https:\/\/regions-snetap-fsu.fr\/formation\/?s={search_term_string}"},"query-input":{"@type":"PropertyValueSpecification","valueRequired":true,"valueName":"search_term_string"}}],"inLanguage":"fr-FR"},{"@type":"Organization","@id":"https:\/\/regions-snetap-fsu.fr\/formation\/#organization","name":"Formation des sites R\u00e9gionaux du SNETAP-FSU","url":"https:\/\/regions-snetap-fsu.fr\/formation\/","logo":{"@type":"ImageObject","inLanguage":"fr-FR","@id":"https:\/\/regions-snetap-fsu.fr\/formation\/#\/schema\/logo\/image\/","url":"https:\/\/regions-snetap-fsu.fr\/formation\/wp-content\/uploads\/sites\/20\/2025\/04\/cropped-Logo_blanc_fond_transparent_1000x755.png","contentUrl":"https:\/\/regions-snetap-fsu.fr\/formation\/wp-content\/uploads\/sites\/20\/2025\/04\/cropped-Logo_blanc_fond_transparent_1000x755.png","width":998,"height":689,"caption":"Formation des sites R\u00e9gionaux du SNETAP-FSU"},"image":{"@id":"https:\/\/regions-snetap-fsu.fr\/formation\/#\/schema\/logo\/image\/"}},{"@type":"Person","@id":"https:\/\/regions-snetap-fsu.fr\/formation\/#\/schema\/person\/f5dc7b6354e942ca9c5fa8e9ff7e5c93","name":"yoctavien","image":{"@type":"ImageObject","inLanguage":"fr-FR","@id":"https:\/\/secure.gravatar.com\/avatar\/382642c092b6b9da14641d3c478df2f3da4a2d17eea25691c232d4dbf735c292?s=96&d=mm&r=g","url":"https:\/\/secure.gravatar.com\/avatar\/382642c092b6b9da14641d3c478df2f3da4a2d17eea25691c232d4dbf735c292?s=96&d=mm&r=g","contentUrl":"https:\/\/secure.gravatar.com\/avatar\/382642c092b6b9da14641d3c478df2f3da4a2d17eea25691c232d4dbf735c292?s=96&d=mm&r=g","caption":"yoctavien"},"url":"https:\/\/regions-snetap-fsu.fr\/formation\/author\/yoctavien\/"}]}},"_links":{"self":[{"href":"https:\/\/regions-snetap-fsu.fr\/formation\/wp-json\/wp\/v2\/posts\/3291","targetHints":{"allow":["GET"]}}],"collection":[{"href":"https:\/\/regions-snetap-fsu.fr\/formation\/wp-json\/wp\/v2\/posts"}],"about":[{"href":"https:\/\/regions-snetap-fsu.fr\/formation\/wp-json\/wp\/v2\/types\/post"}],"author":[{"embeddable":true,"href":"https:\/\/regions-snetap-fsu.fr\/formation\/wp-json\/wp\/v2\/users\/138"}],"replies":[{"embeddable":true,"href":"https:\/\/regions-snetap-fsu.fr\/formation\/wp-json\/wp\/v2\/comments?post=3291"}],"version-history":[{"count":0,"href":"https:\/\/regions-snetap-fsu.fr\/formation\/wp-json\/wp\/v2\/posts\/3291\/revisions"}],"wp:attachment":[{"href":"https:\/\/regions-snetap-fsu.fr\/formation\/wp-json\/wp\/v2\/media?parent=3291"}],"wp:term":[{"taxonomy":"category","embeddable":true,"href":"https:\/\/regions-snetap-fsu.fr\/formation\/wp-json\/wp\/v2\/categories?post=3291"},{"taxonomy":"post_tag","embeddable":true,"href":"https:\/\/regions-snetap-fsu.fr\/formation\/wp-json\/wp\/v2\/tags?post=3291"},{"taxonomy":"post_folder","embeddable":true,"href":"https:\/\/regions-snetap-fsu.fr\/formation\/wp-json\/wp\/v2\/post_folder?post=3291"}],"curies":[{"name":"wp","href":"https:\/\/api.w.org\/{rel}","templated":true}]}}