{"id":3196,"date":"2019-10-07T09:17:36","date_gmt":"2019-10-07T07:17:36","guid":{"rendered":"https:\/\/regions-snetap-fsu.fr\/hdf\/?p=3196"},"modified":"2019-10-07T09:17:36","modified_gmt":"2019-10-07T07:17:36","slug":"bienvenue-chez-les-riches-exposition-conferences-debats","status":"publish","type":"post","link":"https:\/\/regions-snetap-fsu.fr\/formation\/2019\/10\/07\/bienvenue-chez-les-riches-exposition-conferences-debats\/","title":{"rendered":"\u00ab\u00a0Bienvenue chez les riches\u00a0\u00bb, exposition, conf\u00e9rences, d\u00e9bats"},"content":{"rendered":"<h2 style=\"text-align: center\"><span style=\"font-family: tahoma, arial, helvetica, sans-serif;color: #ff0000\">\u00ab\u00a0Bienvenue chez les riches\u00a0\u00bb, exposition, conf\u00e9rences, d\u00e9bats<\/span><\/h2>\n<blockquote>\n<p style=\"text-align: justify\"><span style=\"font-size: 12pt\"><span style=\"font-family: tahoma, arial, helvetica, sans-serif;color: #0000ff\">Les 3 Comit\u00e9s locaux ATTAC de la m\u00e9tropole Lilloise sont impliqu\u00e9s dans l&rsquo;exposition \u00ab\u00a0Bienvenue chez les riches\u00a0\u00bb organis\u00e9e par la Maison R\u00e9gionale de l&rsquo;Environnement et des Solidarit\u00e9s (MRES).<\/span><br \/>\n<\/span><\/p>\n<p style=\"text-align: justify\"><span style=\"font-size: 12pt;color: #0000ff;font-family: tahoma, arial, helvetica, sans-serif\">Et vous invitent cordialement aux \u00e9v\u00e8nements pr\u00e9vus, les <span id=\"OBJ_PREFIX_DWT789_com_zimbra_date\" class=\"Object\">mardi<\/span> 8, <span id=\"OBJ_PREFIX_DWT790_com_zimbra_date\" class=\"Object\">jeudi<\/span> 10 et <span id=\"OBJ_PREFIX_DWT791_com_zimbra_date\" class=\"Object\">Lundi<\/span> 14 Octobre 2019&#8230;<\/span><\/p>\n<\/blockquote>\n<p><!--more--><\/p>\n<p>&nbsp;<\/p>\n<div style=\"text-align: center\"><span style=\"font-size: large;color: #008000;font-family: tahoma, arial, helvetica, sans-serif\"><b>\u00ab\u00a0BIENVENUE CHEZ LES RICHES\u00a0\u00bb<\/b><\/span><\/div>\n<div><img fetchpriority=\"high\" decoding=\"async\" class=\"aligncenter\" src=\"https:\/\/webmail.laposte.net\/service\/home\/~\/?auth=co&amp;id=39800&amp;part=2\" alt=\"image.png\" width=\"183\" height=\"276\" \/><\/div>\n<h3 style=\"text-align: center\"><span style=\"font-size: 14pt;font-family: tahoma, arial, helvetica, sans-serif;color: #008000\"><b>Une visite guid\u00e9e avec les Pin\u00e7on-Charlot<\/b><\/span><\/h3>\n<h3 style=\"text-align: center\"><span style=\"font-size: 14pt;font-family: tahoma, arial, helvetica, sans-serif;color: #008000\"><b>Exposition du 8 au 19 Octobre \u00e0 la MRES<\/b><\/span><\/h3>\n<h3 style=\"text-align: center\"><span style=\"font-size: 14pt;font-family: tahoma, arial, helvetica, sans-serif;color: #008000\"><b>23 rue Gosselet, LILLE<\/b><\/span><\/h3>\n<div><span style=\"color: #0000ff;font-family: tahoma, arial, helvetica, sans-serif\"><i><span style=\"font-size: small\">Michel Pin\u00e7on et Monique Pin\u00e7on-Charlot sont un couple de sociologues qui travaillent depuis 50 ans sur la grande bourgeoisie.<\/span><\/i><\/span><\/div>\n<div><span style=\"font-family: tahoma, arial, helvetica, sans-serif\"><i><span style=\"font-size: small\"><span style=\"color: #0000ff\">L\u2019objectif de cette exposition est de mettre leurs recherches \u00e0 la disposition du public.<\/span> <\/span><\/i><\/span><\/div>\n<p style=\"text-align: justify\"><span style=\"font-family: tahoma, arial, helvetica, sans-serif;color: #0000ff\"><b><span id=\"OBJ_PREFIX_DWT792_com_zimbra_date\" class=\"Object\">Mardi<\/span> 8 Octobre \u2013 18h30 \u00e0 la MRES\u00a0:<\/b><\/span><\/p>\n<p style=\"text-align: justify\"><span style=\"font-family: tahoma, arial, helvetica, sans-serif;color: #0000ff\">Rendez-vous pour une <b>\u00ab\u00a0visite guid\u00e9e\u00a0\u00bb<\/b> en compagnie de Monique et Michel Pin\u00e7on-Charlot, \u00c9tienne Lecroart et Rapha\u00eble Perret, suivie d\u2019un temps de rencontre et de discussion avec le public.<\/span><\/p>\n<p style=\"text-align: justify\"><span style=\"font-family: tahoma, arial, helvetica, sans-serif;color: #0000ff\">En partenariat avec Col\u00e8res du pr\u00e9sent.<\/span><\/p>\n<h3 style=\"text-align: center\"><span style=\"color: #008000\"><span style=\"font-family: tahoma, arial, helvetica, sans-serif\"><b><span id=\"OBJ_PREFIX_DWT793_com_zimbra_date\" class=\"Object\">Jeudi<\/span> 10 Octobre &#8211; <\/b><\/span><span style=\"font-family: tahoma, arial, helvetica, sans-serif\"><b>19h \u00e0 l\u2019Espace MARX<\/b><\/span><\/span><\/h3>\n<h3 style=\"text-align: center\"><span style=\"font-family: tahoma, arial, helvetica, sans-serif;color: #008000\"><b>6B rue Roger Salengro, HELLEMMES-LILLE<\/b><\/span><\/h3>\n<p style=\"text-align: justify\"><span style=\"font-family: tahoma, arial, helvetica, sans-serif;color: #0000ff\">Conf\u00e9rence <b>\u00ab\u00a0Comment les riches d\u00e9truisent la plan\u00e8te\u00a0\u00bb <\/b>avec Herv\u00e9 Kempf, journaliste et fondateur de la revue Reporterre, et auteur de l\u2019ouvrage\u00a0Comment les riches d\u00e9truisent la plan\u00e8te en 2006.<\/span><\/p>\n<p style=\"text-align: justify\"><span style=\"color: #0000ff;font-family: tahoma, arial, helvetica, sans-serif\">En partenariat avec les Amis du Monde Diplomatique et l\u2019Espace Marx<\/span><\/p>\n<p><a href=\"https:\/\/regions-snetap-fsu.fr\/hdf\/2019\/10\/05\/comment-les-riches-detruisent-la-planete-une-intervention-dherve-kempf\/\" target=\"_blank\" rel=\"noopener noreferrer\"><span style=\"text-decoration: underline\"><span style=\"color: #000000;text-decoration: underline\"><span style=\"font-family: tahoma, arial, helvetica, sans-serif\">Lien : Comment les riches d\u00e9truisent la plan\u00e8te, une intervention d&rsquo;Herv\u00e9 Kempf<\/span><\/span><\/span><\/a><\/p>\n<h3 style=\"text-align: center\"><span style=\"color: #008000;font-family: tahoma, arial, helvetica, sans-serif\"><b><span id=\"OBJ_PREFIX_DWT794_com_zimbra_date\" class=\"Object\">Lundi<\/span> 14 Octobre \u2013 18h30 \u00e0 l\u2019 ESJ<\/b><\/span><\/h3>\n<h3 style=\"text-align: center\"><span style=\"color: #008000;font-family: tahoma, arial, helvetica, sans-serif\"><b>50 rue Gauthier de Ch\u00e2tillon, LILLE<\/b><\/span><\/h3>\n<p style=\"text-align: justify\"><span style=\"color: #0000ff;font-family: tahoma, arial, helvetica, sans-serif\">En lien \u00e0 la fois avec l\u2019exposition Bienvenue chez les riches et la semaine d\u2019actions contre l\u2019impunit\u00e9 des multinationales, du 12 au 20 Octobre.<\/span><\/p>\n<p style=\"text-align: justify\"><span style=\"color: #0000ff;font-family: tahoma, arial, helvetica, sans-serif\"><b>Conf\u00e9rence-d\u00e9bat\u00a0:<\/b><\/span><\/p>\n<div style=\"text-align: justify\"><span style=\"color: #0000ff;font-family: tahoma, arial, helvetica, sans-serif\"><b>\u00ab\u00a0 L\u2019impunit\u00e9 sociale, fiscale et environnementale des grandes entreprises fran\u00e7aises\u00a0\u00bb<\/b><\/span><\/div>\n<div style=\"text-align: justify\"><span style=\"color: #0000ff;font-family: tahoma, arial, helvetica, sans-serif\">Avec Dominique Plihon, \u00e9conomiste, ancien porte-parole d\u2019ATTAC-France.<\/span><\/div>\n<p style=\"text-align: justify\"><span style=\"color: #0000ff;font-family: tahoma, arial, helvetica, sans-serif\">En partenariat avec ATTAC-M\u00e9tropole<\/span><\/p>\n<p>&nbsp;<\/p>\n","protected":false},"excerpt":{"rendered":"<p>\u00ab\u00a0Bienvenue chez les riches\u00a0\u00bb, exposition, conf\u00e9rences, d\u00e9bats Les 3 Comit\u00e9s locaux ATTAC de la m\u00e9tropole Lilloise sont impliqu\u00e9s dans l&rsquo;exposition \u00ab\u00a0Bienvenue chez les riches\u00a0\u00bb organis\u00e9e par la Maison R\u00e9gionale de l&rsquo;Environnement et des Solidarit\u00e9s (MRES). Et vous invitent cordialement aux \u00e9v\u00e8nements pr\u00e9vus, les mardi 8, jeudi 10 et Lundi 14 Octobre 2019&#8230;<\/p>\n","protected":false},"author":138,"featured_media":0,"comment_status":"closed","ping_status":"closed","sticky":false,"template":"","format":"standard","meta":{"ocean_post_layout":"","ocean_both_sidebars_style":"","ocean_both_sidebars_content_width":0,"ocean_both_sidebars_sidebars_width":0,"ocean_sidebar":"","ocean_second_sidebar":"","ocean_disable_margins":"enable","ocean_add_body_class":"","ocean_shortcode_before_top_bar":"","ocean_shortcode_after_top_bar":"","ocean_shortcode_before_header":"","ocean_shortcode_after_header":"","ocean_has_shortcode":"","ocean_shortcode_after_title":"","ocean_shortcode_before_footer_widgets":"","ocean_shortcode_after_footer_widgets":"","ocean_shortcode_before_footer_bottom":"","ocean_shortcode_after_footer_bottom":"","ocean_display_top_bar":"default","ocean_display_header":"default","ocean_header_style":"","ocean_center_header_left_menu":"","ocean_custom_header_template":"","ocean_custom_logo":0,"ocean_custom_retina_logo":0,"ocean_custom_logo_max_width":0,"ocean_custom_logo_tablet_max_width":0,"ocean_custom_logo_mobile_max_width":0,"ocean_custom_logo_max_height":0,"ocean_custom_logo_tablet_max_height":0,"ocean_custom_logo_mobile_max_height":0,"ocean_header_custom_menu":"","ocean_menu_typo_font_family":"","ocean_menu_typo_font_subset":"","ocean_menu_typo_font_size":0,"ocean_menu_typo_font_size_tablet":0,"ocean_menu_typo_font_size_mobile":0,"ocean_menu_typo_font_size_unit":"px","ocean_menu_typo_font_weight":"","ocean_menu_typo_font_weight_tablet":"","ocean_menu_typo_font_weight_mobile":"","ocean_menu_typo_transform":"","ocean_menu_typo_transform_tablet":"","ocean_menu_typo_transform_mobile":"","ocean_menu_typo_line_height":0,"ocean_menu_typo_line_height_tablet":0,"ocean_menu_typo_line_height_mobile":0,"ocean_menu_typo_line_height_unit":"","ocean_menu_typo_spacing":0,"ocean_menu_typo_spacing_tablet":0,"ocean_menu_typo_spacing_mobile":0,"ocean_menu_typo_spacing_unit":"","ocean_menu_link_color":"","ocean_menu_link_color_hover":"","ocean_menu_link_color_active":"","ocean_menu_link_background":"","ocean_menu_link_hover_background":"","ocean_menu_link_active_background":"","ocean_menu_social_links_bg":"","ocean_menu_social_hover_links_bg":"","ocean_menu_social_links_color":"","ocean_menu_social_hover_links_color":"","ocean_disable_title":"default","ocean_disable_heading":"default","ocean_post_title":"","ocean_post_subheading":"","ocean_post_title_style":"","ocean_post_title_background_color":"","ocean_post_title_background":0,"ocean_post_title_bg_image_position":"","ocean_post_title_bg_image_attachment":"","ocean_post_title_bg_image_repeat":"","ocean_post_title_bg_image_size":"","ocean_post_title_height":0,"ocean_post_title_bg_overlay":0.5,"ocean_post_title_bg_overlay_color":"","ocean_disable_breadcrumbs":"default","ocean_breadcrumbs_color":"","ocean_breadcrumbs_separator_color":"","ocean_breadcrumbs_links_color":"","ocean_breadcrumbs_links_hover_color":"","ocean_display_footer_widgets":"default","ocean_display_footer_bottom":"default","ocean_custom_footer_template":"","ocean_post_oembed":"","ocean_post_self_hosted_media":"","ocean_post_video_embed":"","ocean_link_format":"","ocean_link_format_target":"self","ocean_quote_format":"","ocean_quote_format_link":"post","ocean_gallery_link_images":"on","ocean_gallery_id":[],"footnotes":""},"categories":[27],"tags":[],"post_folder":[],"class_list":["post-3196","post","type-post","status-publish","format-standard","hentry","category-pour-information","entry"],"yoast_head":"<!-- This site is optimized with the Yoast SEO plugin v27.4 - https:\/\/yoast.com\/product\/yoast-seo-wordpress\/ -->\n<title>&quot;Bienvenue chez les riches&quot;, exposition, conf\u00e9rences, d\u00e9bats - Formation des sites R\u00e9gionaux du SNETAP-FSU<\/title>\n<meta name=\"robots\" content=\"index, follow, max-snippet:-1, max-image-preview:large, max-video-preview:-1\" \/>\n<link rel=\"canonical\" href=\"https:\/\/regions-snetap-fsu.fr\/formation\/2019\/10\/07\/bienvenue-chez-les-riches-exposition-conferences-debats\/\" \/>\n<meta property=\"og:locale\" content=\"fr_FR\" \/>\n<meta property=\"og:type\" content=\"article\" \/>\n<meta property=\"og:title\" content=\"&quot;Bienvenue chez les riches&quot;, exposition, conf\u00e9rences, d\u00e9bats - Formation des sites R\u00e9gionaux du SNETAP-FSU\" \/>\n<meta property=\"og:description\" content=\"\u00ab\u00a0Bienvenue chez les riches\u00a0\u00bb, exposition, conf\u00e9rences, d\u00e9bats Les 3 Comit\u00e9s locaux ATTAC de la m\u00e9tropole Lilloise sont impliqu\u00e9s dans l&rsquo;exposition \u00ab\u00a0Bienvenue chez les riches\u00a0\u00bb organis\u00e9e par la Maison R\u00e9gionale de l&rsquo;Environnement et des Solidarit\u00e9s (MRES). Et vous invitent cordialement aux \u00e9v\u00e8nements pr\u00e9vus, les mardi 8, jeudi 10 et Lundi 14 Octobre 2019&#8230;\" \/>\n<meta property=\"og:url\" content=\"https:\/\/regions-snetap-fsu.fr\/formation\/2019\/10\/07\/bienvenue-chez-les-riches-exposition-conferences-debats\/\" \/>\n<meta property=\"og:site_name\" content=\"Formation des sites R\u00e9gionaux du SNETAP-FSU\" \/>\n<meta property=\"article:published_time\" content=\"2019-10-07T07:17:36+00:00\" \/>\n<meta property=\"og:image\" content=\"https:\/\/webmail.laposte.net\/service\/home\/~\/?auth=co&amp;id=39800&amp;part=2\" \/>\n<meta name=\"author\" content=\"yoctavien\" \/>\n<meta name=\"twitter:card\" content=\"summary_large_image\" \/>\n<meta name=\"twitter:label1\" content=\"\u00c9crit par\" \/>\n\t<meta name=\"twitter:data1\" content=\"yoctavien\" \/>\n\t<meta name=\"twitter:label2\" content=\"Dur\u00e9e de lecture estim\u00e9e\" \/>\n\t<meta name=\"twitter:data2\" content=\"1 minute\" \/>\n<script type=\"application\/ld+json\" class=\"yoast-schema-graph\">{\"@context\":\"https:\\\/\\\/schema.org\",\"@graph\":[{\"@type\":\"Article\",\"@id\":\"https:\\\/\\\/regions-snetap-fsu.fr\\\/formation\\\/2019\\\/10\\\/07\\\/bienvenue-chez-les-riches-exposition-conferences-debats\\\/#article\",\"isPartOf\":{\"@id\":\"https:\\\/\\\/regions-snetap-fsu.fr\\\/formation\\\/2019\\\/10\\\/07\\\/bienvenue-chez-les-riches-exposition-conferences-debats\\\/\"},\"author\":{\"name\":\"yoctavien\",\"@id\":\"https:\\\/\\\/regions-snetap-fsu.fr\\\/formation\\\/#\\\/schema\\\/person\\\/f5dc7b6354e942ca9c5fa8e9ff7e5c93\"},\"headline\":\"\u00ab\u00a0Bienvenue chez les riches\u00a0\u00bb, exposition, conf\u00e9rences, d\u00e9bats\",\"datePublished\":\"2019-10-07T07:17:36+00:00\",\"mainEntityOfPage\":{\"@id\":\"https:\\\/\\\/regions-snetap-fsu.fr\\\/formation\\\/2019\\\/10\\\/07\\\/bienvenue-chez-les-riches-exposition-conferences-debats\\\/\"},\"wordCount\":304,\"publisher\":{\"@id\":\"https:\\\/\\\/regions-snetap-fsu.fr\\\/formation\\\/#organization\"},\"image\":{\"@id\":\"https:\\\/\\\/regions-snetap-fsu.fr\\\/formation\\\/2019\\\/10\\\/07\\\/bienvenue-chez-les-riches-exposition-conferences-debats\\\/#primaryimage\"},\"thumbnailUrl\":\"https:\\\/\\\/webmail.laposte.net\\\/service\\\/home\\\/~\\\/?auth=co&amp;id=39800&amp;part=2\",\"articleSection\":[\"Pour information\"],\"inLanguage\":\"fr-FR\"},{\"@type\":\"WebPage\",\"@id\":\"https:\\\/\\\/regions-snetap-fsu.fr\\\/formation\\\/2019\\\/10\\\/07\\\/bienvenue-chez-les-riches-exposition-conferences-debats\\\/\",\"url\":\"https:\\\/\\\/regions-snetap-fsu.fr\\\/formation\\\/2019\\\/10\\\/07\\\/bienvenue-chez-les-riches-exposition-conferences-debats\\\/\",\"name\":\"\\\"Bienvenue chez les riches\\\", exposition, conf\u00e9rences, d\u00e9bats - Formation des sites R\u00e9gionaux du SNETAP-FSU\",\"isPartOf\":{\"@id\":\"https:\\\/\\\/regions-snetap-fsu.fr\\\/formation\\\/#website\"},\"primaryImageOfPage\":{\"@id\":\"https:\\\/\\\/regions-snetap-fsu.fr\\\/formation\\\/2019\\\/10\\\/07\\\/bienvenue-chez-les-riches-exposition-conferences-debats\\\/#primaryimage\"},\"image\":{\"@id\":\"https:\\\/\\\/regions-snetap-fsu.fr\\\/formation\\\/2019\\\/10\\\/07\\\/bienvenue-chez-les-riches-exposition-conferences-debats\\\/#primaryimage\"},\"thumbnailUrl\":\"https:\\\/\\\/webmail.laposte.net\\\/service\\\/home\\\/~\\\/?auth=co&amp;id=39800&amp;part=2\",\"datePublished\":\"2019-10-07T07:17:36+00:00\",\"breadcrumb\":{\"@id\":\"https:\\\/\\\/regions-snetap-fsu.fr\\\/formation\\\/2019\\\/10\\\/07\\\/bienvenue-chez-les-riches-exposition-conferences-debats\\\/#breadcrumb\"},\"inLanguage\":\"fr-FR\",\"potentialAction\":[{\"@type\":\"ReadAction\",\"target\":[\"https:\\\/\\\/regions-snetap-fsu.fr\\\/formation\\\/2019\\\/10\\\/07\\\/bienvenue-chez-les-riches-exposition-conferences-debats\\\/\"]}]},{\"@type\":\"ImageObject\",\"inLanguage\":\"fr-FR\",\"@id\":\"https:\\\/\\\/regions-snetap-fsu.fr\\\/formation\\\/2019\\\/10\\\/07\\\/bienvenue-chez-les-riches-exposition-conferences-debats\\\/#primaryimage\",\"url\":\"https:\\\/\\\/webmail.laposte.net\\\/service\\\/home\\\/~\\\/?auth=co&amp;id=39800&amp;part=2\",\"contentUrl\":\"https:\\\/\\\/webmail.laposte.net\\\/service\\\/home\\\/~\\\/?auth=co&amp;id=39800&amp;part=2\"},{\"@type\":\"BreadcrumbList\",\"@id\":\"https:\\\/\\\/regions-snetap-fsu.fr\\\/formation\\\/2019\\\/10\\\/07\\\/bienvenue-chez-les-riches-exposition-conferences-debats\\\/#breadcrumb\",\"itemListElement\":[{\"@type\":\"ListItem\",\"position\":1,\"name\":\"Accueil\",\"item\":\"https:\\\/\\\/regions-snetap-fsu.fr\\\/formation\\\/\"},{\"@type\":\"ListItem\",\"position\":2,\"name\":\"\u00ab\u00a0Bienvenue chez les riches\u00a0\u00bb, exposition, conf\u00e9rences, d\u00e9bats\"}]},{\"@type\":\"WebSite\",\"@id\":\"https:\\\/\\\/regions-snetap-fsu.fr\\\/formation\\\/#website\",\"url\":\"https:\\\/\\\/regions-snetap-fsu.fr\\\/formation\\\/\",\"name\":\"Formation des sites R\u00e9gionaux du SNETAP-FSU\",\"description\":\"\",\"publisher\":{\"@id\":\"https:\\\/\\\/regions-snetap-fsu.fr\\\/formation\\\/#organization\"},\"potentialAction\":[{\"@type\":\"SearchAction\",\"target\":{\"@type\":\"EntryPoint\",\"urlTemplate\":\"https:\\\/\\\/regions-snetap-fsu.fr\\\/formation\\\/?s={search_term_string}\"},\"query-input\":{\"@type\":\"PropertyValueSpecification\",\"valueRequired\":true,\"valueName\":\"search_term_string\"}}],\"inLanguage\":\"fr-FR\"},{\"@type\":\"Organization\",\"@id\":\"https:\\\/\\\/regions-snetap-fsu.fr\\\/formation\\\/#organization\",\"name\":\"Formation des sites R\u00e9gionaux du SNETAP-FSU\",\"url\":\"https:\\\/\\\/regions-snetap-fsu.fr\\\/formation\\\/\",\"logo\":{\"@type\":\"ImageObject\",\"inLanguage\":\"fr-FR\",\"@id\":\"https:\\\/\\\/regions-snetap-fsu.fr\\\/formation\\\/#\\\/schema\\\/logo\\\/image\\\/\",\"url\":\"https:\\\/\\\/regions-snetap-fsu.fr\\\/formation\\\/wp-content\\\/uploads\\\/sites\\\/20\\\/2025\\\/04\\\/cropped-Logo_blanc_fond_transparent_1000x755.png\",\"contentUrl\":\"https:\\\/\\\/regions-snetap-fsu.fr\\\/formation\\\/wp-content\\\/uploads\\\/sites\\\/20\\\/2025\\\/04\\\/cropped-Logo_blanc_fond_transparent_1000x755.png\",\"width\":998,\"height\":689,\"caption\":\"Formation des sites R\u00e9gionaux du SNETAP-FSU\"},\"image\":{\"@id\":\"https:\\\/\\\/regions-snetap-fsu.fr\\\/formation\\\/#\\\/schema\\\/logo\\\/image\\\/\"}},{\"@type\":\"Person\",\"@id\":\"https:\\\/\\\/regions-snetap-fsu.fr\\\/formation\\\/#\\\/schema\\\/person\\\/f5dc7b6354e942ca9c5fa8e9ff7e5c93\",\"name\":\"yoctavien\",\"image\":{\"@type\":\"ImageObject\",\"inLanguage\":\"fr-FR\",\"@id\":\"https:\\\/\\\/secure.gravatar.com\\\/avatar\\\/382642c092b6b9da14641d3c478df2f3da4a2d17eea25691c232d4dbf735c292?s=96&d=mm&r=g\",\"url\":\"https:\\\/\\\/secure.gravatar.com\\\/avatar\\\/382642c092b6b9da14641d3c478df2f3da4a2d17eea25691c232d4dbf735c292?s=96&d=mm&r=g\",\"contentUrl\":\"https:\\\/\\\/secure.gravatar.com\\\/avatar\\\/382642c092b6b9da14641d3c478df2f3da4a2d17eea25691c232d4dbf735c292?s=96&d=mm&r=g\",\"caption\":\"yoctavien\"},\"url\":\"https:\\\/\\\/regions-snetap-fsu.fr\\\/formation\\\/author\\\/yoctavien\\\/\"}]}<\/script>\n<!-- \/ Yoast SEO plugin. -->","yoast_head_json":{"title":"\"Bienvenue chez les riches\", exposition, conf\u00e9rences, d\u00e9bats - Formation des sites R\u00e9gionaux du SNETAP-FSU","robots":{"index":"index","follow":"follow","max-snippet":"max-snippet:-1","max-image-preview":"max-image-preview:large","max-video-preview":"max-video-preview:-1"},"canonical":"https:\/\/regions-snetap-fsu.fr\/formation\/2019\/10\/07\/bienvenue-chez-les-riches-exposition-conferences-debats\/","og_locale":"fr_FR","og_type":"article","og_title":"\"Bienvenue chez les riches\", exposition, conf\u00e9rences, d\u00e9bats - Formation des sites R\u00e9gionaux du SNETAP-FSU","og_description":"\u00ab\u00a0Bienvenue chez les riches\u00a0\u00bb, exposition, conf\u00e9rences, d\u00e9bats Les 3 Comit\u00e9s locaux ATTAC de la m\u00e9tropole Lilloise sont impliqu\u00e9s dans l&rsquo;exposition \u00ab\u00a0Bienvenue chez les riches\u00a0\u00bb organis\u00e9e par la Maison R\u00e9gionale de l&rsquo;Environnement et des Solidarit\u00e9s (MRES). Et vous invitent cordialement aux \u00e9v\u00e8nements pr\u00e9vus, les mardi 8, jeudi 10 et Lundi 14 Octobre 2019&#8230;","og_url":"https:\/\/regions-snetap-fsu.fr\/formation\/2019\/10\/07\/bienvenue-chez-les-riches-exposition-conferences-debats\/","og_site_name":"Formation des sites R\u00e9gionaux du SNETAP-FSU","article_published_time":"2019-10-07T07:17:36+00:00","og_image":[{"url":"https:\/\/webmail.laposte.net\/service\/home\/~\/?auth=co&amp;id=39800&amp;part=2","type":"","width":"","height":""}],"author":"yoctavien","twitter_card":"summary_large_image","twitter_misc":{"\u00c9crit par":"yoctavien","Dur\u00e9e de lecture estim\u00e9e":"1 minute"},"schema":{"@context":"https:\/\/schema.org","@graph":[{"@type":"Article","@id":"https:\/\/regions-snetap-fsu.fr\/formation\/2019\/10\/07\/bienvenue-chez-les-riches-exposition-conferences-debats\/#article","isPartOf":{"@id":"https:\/\/regions-snetap-fsu.fr\/formation\/2019\/10\/07\/bienvenue-chez-les-riches-exposition-conferences-debats\/"},"author":{"name":"yoctavien","@id":"https:\/\/regions-snetap-fsu.fr\/formation\/#\/schema\/person\/f5dc7b6354e942ca9c5fa8e9ff7e5c93"},"headline":"\u00ab\u00a0Bienvenue chez les riches\u00a0\u00bb, exposition, conf\u00e9rences, d\u00e9bats","datePublished":"2019-10-07T07:17:36+00:00","mainEntityOfPage":{"@id":"https:\/\/regions-snetap-fsu.fr\/formation\/2019\/10\/07\/bienvenue-chez-les-riches-exposition-conferences-debats\/"},"wordCount":304,"publisher":{"@id":"https:\/\/regions-snetap-fsu.fr\/formation\/#organization"},"image":{"@id":"https:\/\/regions-snetap-fsu.fr\/formation\/2019\/10\/07\/bienvenue-chez-les-riches-exposition-conferences-debats\/#primaryimage"},"thumbnailUrl":"https:\/\/webmail.laposte.net\/service\/home\/~\/?auth=co&amp;id=39800&amp;part=2","articleSection":["Pour information"],"inLanguage":"fr-FR"},{"@type":"WebPage","@id":"https:\/\/regions-snetap-fsu.fr\/formation\/2019\/10\/07\/bienvenue-chez-les-riches-exposition-conferences-debats\/","url":"https:\/\/regions-snetap-fsu.fr\/formation\/2019\/10\/07\/bienvenue-chez-les-riches-exposition-conferences-debats\/","name":"\"Bienvenue chez les riches\", exposition, conf\u00e9rences, d\u00e9bats - Formation des sites R\u00e9gionaux du SNETAP-FSU","isPartOf":{"@id":"https:\/\/regions-snetap-fsu.fr\/formation\/#website"},"primaryImageOfPage":{"@id":"https:\/\/regions-snetap-fsu.fr\/formation\/2019\/10\/07\/bienvenue-chez-les-riches-exposition-conferences-debats\/#primaryimage"},"image":{"@id":"https:\/\/regions-snetap-fsu.fr\/formation\/2019\/10\/07\/bienvenue-chez-les-riches-exposition-conferences-debats\/#primaryimage"},"thumbnailUrl":"https:\/\/webmail.laposte.net\/service\/home\/~\/?auth=co&amp;id=39800&amp;part=2","datePublished":"2019-10-07T07:17:36+00:00","breadcrumb":{"@id":"https:\/\/regions-snetap-fsu.fr\/formation\/2019\/10\/07\/bienvenue-chez-les-riches-exposition-conferences-debats\/#breadcrumb"},"inLanguage":"fr-FR","potentialAction":[{"@type":"ReadAction","target":["https:\/\/regions-snetap-fsu.fr\/formation\/2019\/10\/07\/bienvenue-chez-les-riches-exposition-conferences-debats\/"]}]},{"@type":"ImageObject","inLanguage":"fr-FR","@id":"https:\/\/regions-snetap-fsu.fr\/formation\/2019\/10\/07\/bienvenue-chez-les-riches-exposition-conferences-debats\/#primaryimage","url":"https:\/\/webmail.laposte.net\/service\/home\/~\/?auth=co&amp;id=39800&amp;part=2","contentUrl":"https:\/\/webmail.laposte.net\/service\/home\/~\/?auth=co&amp;id=39800&amp;part=2"},{"@type":"BreadcrumbList","@id":"https:\/\/regions-snetap-fsu.fr\/formation\/2019\/10\/07\/bienvenue-chez-les-riches-exposition-conferences-debats\/#breadcrumb","itemListElement":[{"@type":"ListItem","position":1,"name":"Accueil","item":"https:\/\/regions-snetap-fsu.fr\/formation\/"},{"@type":"ListItem","position":2,"name":"\u00ab\u00a0Bienvenue chez les riches\u00a0\u00bb, exposition, conf\u00e9rences, d\u00e9bats"}]},{"@type":"WebSite","@id":"https:\/\/regions-snetap-fsu.fr\/formation\/#website","url":"https:\/\/regions-snetap-fsu.fr\/formation\/","name":"Formation des sites R\u00e9gionaux du SNETAP-FSU","description":"","publisher":{"@id":"https:\/\/regions-snetap-fsu.fr\/formation\/#organization"},"potentialAction":[{"@type":"SearchAction","target":{"@type":"EntryPoint","urlTemplate":"https:\/\/regions-snetap-fsu.fr\/formation\/?s={search_term_string}"},"query-input":{"@type":"PropertyValueSpecification","valueRequired":true,"valueName":"search_term_string"}}],"inLanguage":"fr-FR"},{"@type":"Organization","@id":"https:\/\/regions-snetap-fsu.fr\/formation\/#organization","name":"Formation des sites R\u00e9gionaux du SNETAP-FSU","url":"https:\/\/regions-snetap-fsu.fr\/formation\/","logo":{"@type":"ImageObject","inLanguage":"fr-FR","@id":"https:\/\/regions-snetap-fsu.fr\/formation\/#\/schema\/logo\/image\/","url":"https:\/\/regions-snetap-fsu.fr\/formation\/wp-content\/uploads\/sites\/20\/2025\/04\/cropped-Logo_blanc_fond_transparent_1000x755.png","contentUrl":"https:\/\/regions-snetap-fsu.fr\/formation\/wp-content\/uploads\/sites\/20\/2025\/04\/cropped-Logo_blanc_fond_transparent_1000x755.png","width":998,"height":689,"caption":"Formation des sites R\u00e9gionaux du SNETAP-FSU"},"image":{"@id":"https:\/\/regions-snetap-fsu.fr\/formation\/#\/schema\/logo\/image\/"}},{"@type":"Person","@id":"https:\/\/regions-snetap-fsu.fr\/formation\/#\/schema\/person\/f5dc7b6354e942ca9c5fa8e9ff7e5c93","name":"yoctavien","image":{"@type":"ImageObject","inLanguage":"fr-FR","@id":"https:\/\/secure.gravatar.com\/avatar\/382642c092b6b9da14641d3c478df2f3da4a2d17eea25691c232d4dbf735c292?s=96&d=mm&r=g","url":"https:\/\/secure.gravatar.com\/avatar\/382642c092b6b9da14641d3c478df2f3da4a2d17eea25691c232d4dbf735c292?s=96&d=mm&r=g","contentUrl":"https:\/\/secure.gravatar.com\/avatar\/382642c092b6b9da14641d3c478df2f3da4a2d17eea25691c232d4dbf735c292?s=96&d=mm&r=g","caption":"yoctavien"},"url":"https:\/\/regions-snetap-fsu.fr\/formation\/author\/yoctavien\/"}]}},"_links":{"self":[{"href":"https:\/\/regions-snetap-fsu.fr\/formation\/wp-json\/wp\/v2\/posts\/3196","targetHints":{"allow":["GET"]}}],"collection":[{"href":"https:\/\/regions-snetap-fsu.fr\/formation\/wp-json\/wp\/v2\/posts"}],"about":[{"href":"https:\/\/regions-snetap-fsu.fr\/formation\/wp-json\/wp\/v2\/types\/post"}],"author":[{"embeddable":true,"href":"https:\/\/regions-snetap-fsu.fr\/formation\/wp-json\/wp\/v2\/users\/138"}],"replies":[{"embeddable":true,"href":"https:\/\/regions-snetap-fsu.fr\/formation\/wp-json\/wp\/v2\/comments?post=3196"}],"version-history":[{"count":0,"href":"https:\/\/regions-snetap-fsu.fr\/formation\/wp-json\/wp\/v2\/posts\/3196\/revisions"}],"wp:attachment":[{"href":"https:\/\/regions-snetap-fsu.fr\/formation\/wp-json\/wp\/v2\/media?parent=3196"}],"wp:term":[{"taxonomy":"category","embeddable":true,"href":"https:\/\/regions-snetap-fsu.fr\/formation\/wp-json\/wp\/v2\/categories?post=3196"},{"taxonomy":"post_tag","embeddable":true,"href":"https:\/\/regions-snetap-fsu.fr\/formation\/wp-json\/wp\/v2\/tags?post=3196"},{"taxonomy":"post_folder","embeddable":true,"href":"https:\/\/regions-snetap-fsu.fr\/formation\/wp-json\/wp\/v2\/post_folder?post=3196"}],"curies":[{"name":"wp","href":"https:\/\/api.w.org\/{rel}","templated":true}]}}