{"id":3143,"date":"2019-10-03T18:26:10","date_gmt":"2019-10-03T16:26:10","guid":{"rendered":"https:\/\/regions-snetap-fsu.fr\/hdf\/?p=3143"},"modified":"2019-10-03T18:26:10","modified_gmt":"2019-10-03T16:26:10","slug":"le-char-et-lolivier-une-autre-histoire-de-la-palestine-le-16-octobre-2019","status":"publish","type":"post","link":"https:\/\/regions-snetap-fsu.fr\/formation\/2019\/10\/03\/le-char-et-lolivier-une-autre-histoire-de-la-palestine-le-16-octobre-2019\/","title":{"rendered":"Le Char et l&rsquo;Olivier : une autre histoire de la Palestine, le 16 octobre 2019"},"content":{"rendered":"<h2 style=\"text-align: center\"><span style=\"font-family: tahoma, arial, helvetica, sans-serif;color: #ff0000\">\u00ab\u00a0Le Char et l&rsquo;Olivier : une autre histoire de la Palestine\u00a0\u00bb au Cin\u00e9ma de l&rsquo;Imaginaire (Douchy-les-Mines) en pr\u00e9sence du r\u00e9alisateur Roland Nurier<\/span><\/h2>\n<blockquote>\n<div style=\"text-align: justify\"><span style=\"color: #0000ff;font-family: tahoma, arial, helvetica, sans-serif\">L&rsquo;histoire de la Palestine, de son origine \u00e0 <span id=\"OBJ_PREFIX_DWT514_com_zimbra_date\" class=\"Object\">aujourd&rsquo;hui<\/span>, loin de ce que les m\u00e9dias appellent le conflit isra\u00e9lo-palestinien. Experts internationaux, historiens, diplomates des Nations unies, juristes en Droit International mais aussi, t\u00e9moignages de simples citoyens\u2026 Un \u00e9clairage primordial bas\u00e9 sur des \u00e9l\u00e9ments factuels incontestables, pour se d\u00e9barrasser des clich\u00e9s et id\u00e9es re\u00e7ues !&#8230;<\/span><span style=\"font-size: large\"><br \/>\n<\/span><\/div>\n<\/blockquote>\n<div><\/div>\n<p><!--more--><\/p>\n<div style=\"text-align: justify\"><span style=\"color: #0000ff;font-family: tahoma, arial, helvetica, sans-serif\">Le Service municipal de la Culture de la Ville de Douchy-les-Mines, a le plaisir de vous informer de l&rsquo;organisation d&rsquo;une avant-premi\u00e8re du film \u00ab\u00a0Le Char et l&rsquo;Olivier : une autre histoire de la Palestine\u00a0\u00bb en pr\u00e9sence du r\u00e9alisateur Roland Nurier.<\/span><\/div>\n<p>&nbsp;<\/p>\n<p><img decoding=\"async\" src=\"https:\/\/www.les400coups.org\/evenements\/photos\/charetolivier.jpg\" alt=\"https:\/\/www.les400coups.org\/evenements\/photos\/charetolivier.jpg\" \/><\/p>\n<p style=\"text-align: center\"><span style=\"font-size: 14pt;font-family: tahoma, arial, helvetica, sans-serif;color: #008000\"><span id=\"OBJ_PREFIX_DWT513_com_zimbra_date\" class=\"Object\">Mercredi 16 octobre 2019<\/span> \u00e0 19h<br \/>\nau Cin\u00e9ma de l&rsquo;Imaginaire<br \/>\nPlace Paul Eluard<br \/>\n59282 Douchy-les-Mines<\/span><\/p>\n<p style=\"text-align: justify\"><span style=\"font-family: tahoma, arial, helvetica, sans-serif;color: #0000ff\">Ci-contre, la bande annonce du film :<\/span><span style=\"text-decoration: underline\"><span style=\"color: #000000;text-decoration: underline\"> <a style=\"color: #000000;text-decoration: underline\" href=\"https:\/\/www.youtube.com\/watch?v=W9yu02LuRfA\" target=\"_blank\" rel=\"noopener noreferrer\">Le Char et l&rsquo;olivier, une autre histoire de la Palestine \u2014 Bande-annonce VF (2019)<\/a><\/span><\/span><\/p>\n<p style=\"text-align: justify\"><span style=\"font-family: tahoma, arial, helvetica, sans-serif;color: #0000ff\">Le tarif de s\u00e9ance s&rsquo;\u00e9l\u00e8ve a 4\u20ac, et il est fortement conseill\u00e9 de r\u00e9server.<\/span><br \/>\n<span style=\"font-family: tahoma, arial, helvetica, sans-serif;color: #0000ff\">Pour cela, rendez-vous directement sur place ou appelez le 03 27 22 25 20.<\/span><\/p>\n","protected":false},"excerpt":{"rendered":"<p>\u00ab\u00a0Le Char et l&rsquo;Olivier : une autre histoire de la Palestine\u00a0\u00bb au Cin\u00e9ma de l&rsquo;Imaginaire (Douchy-les-Mines) en pr\u00e9sence du r\u00e9alisateur Roland Nurier L&rsquo;histoire de la Palestine, de son origine \u00e0 aujourd&rsquo;hui, loin de ce que les m\u00e9dias appellent le conflit isra\u00e9lo-palestinien. Experts internationaux, historiens, diplomates des Nations unies, juristes en Droit International mais aussi, t\u00e9moignages [&hellip;]<\/p>\n","protected":false},"author":138,"featured_media":0,"comment_status":"closed","ping_status":"closed","sticky":false,"template":"","format":"standard","meta":{"ocean_post_layout":"","ocean_both_sidebars_style":"","ocean_both_sidebars_content_width":0,"ocean_both_sidebars_sidebars_width":0,"ocean_sidebar":"","ocean_second_sidebar":"","ocean_disable_margins":"enable","ocean_add_body_class":"","ocean_shortcode_before_top_bar":"","ocean_shortcode_after_top_bar":"","ocean_shortcode_before_header":"","ocean_shortcode_after_header":"","ocean_has_shortcode":"","ocean_shortcode_after_title":"","ocean_shortcode_before_footer_widgets":"","ocean_shortcode_after_footer_widgets":"","ocean_shortcode_before_footer_bottom":"","ocean_shortcode_after_footer_bottom":"","ocean_display_top_bar":"default","ocean_display_header":"default","ocean_header_style":"","ocean_center_header_left_menu":"","ocean_custom_header_template":"","ocean_custom_logo":0,"ocean_custom_retina_logo":0,"ocean_custom_logo_max_width":0,"ocean_custom_logo_tablet_max_width":0,"ocean_custom_logo_mobile_max_width":0,"ocean_custom_logo_max_height":0,"ocean_custom_logo_tablet_max_height":0,"ocean_custom_logo_mobile_max_height":0,"ocean_header_custom_menu":"","ocean_menu_typo_font_family":"","ocean_menu_typo_font_subset":"","ocean_menu_typo_font_size":0,"ocean_menu_typo_font_size_tablet":0,"ocean_menu_typo_font_size_mobile":0,"ocean_menu_typo_font_size_unit":"px","ocean_menu_typo_font_weight":"","ocean_menu_typo_font_weight_tablet":"","ocean_menu_typo_font_weight_mobile":"","ocean_menu_typo_transform":"","ocean_menu_typo_transform_tablet":"","ocean_menu_typo_transform_mobile":"","ocean_menu_typo_line_height":0,"ocean_menu_typo_line_height_tablet":0,"ocean_menu_typo_line_height_mobile":0,"ocean_menu_typo_line_height_unit":"","ocean_menu_typo_spacing":0,"ocean_menu_typo_spacing_tablet":0,"ocean_menu_typo_spacing_mobile":0,"ocean_menu_typo_spacing_unit":"","ocean_menu_link_color":"","ocean_menu_link_color_hover":"","ocean_menu_link_color_active":"","ocean_menu_link_background":"","ocean_menu_link_hover_background":"","ocean_menu_link_active_background":"","ocean_menu_social_links_bg":"","ocean_menu_social_hover_links_bg":"","ocean_menu_social_links_color":"","ocean_menu_social_hover_links_color":"","ocean_disable_title":"default","ocean_disable_heading":"default","ocean_post_title":"","ocean_post_subheading":"","ocean_post_title_style":"","ocean_post_title_background_color":"","ocean_post_title_background":0,"ocean_post_title_bg_image_position":"","ocean_post_title_bg_image_attachment":"","ocean_post_title_bg_image_repeat":"","ocean_post_title_bg_image_size":"","ocean_post_title_height":0,"ocean_post_title_bg_overlay":0.5,"ocean_post_title_bg_overlay_color":"","ocean_disable_breadcrumbs":"default","ocean_breadcrumbs_color":"","ocean_breadcrumbs_separator_color":"","ocean_breadcrumbs_links_color":"","ocean_breadcrumbs_links_hover_color":"","ocean_display_footer_widgets":"default","ocean_display_footer_bottom":"default","ocean_custom_footer_template":"","ocean_post_oembed":"","ocean_post_self_hosted_media":"","ocean_post_video_embed":"","ocean_link_format":"","ocean_link_format_target":"self","ocean_quote_format":"","ocean_quote_format_link":"post","ocean_gallery_link_images":"on","ocean_gallery_id":[],"footnotes":""},"categories":[27],"tags":[],"post_folder":[],"class_list":["post-3143","post","type-post","status-publish","format-standard","hentry","category-pour-information","entry"],"yoast_head":"<!-- This site is optimized with the Yoast SEO plugin v27.4 - https:\/\/yoast.com\/product\/yoast-seo-wordpress\/ -->\n<title>Le Char et l&#039;Olivier : une autre histoire de la Palestine, le 16 octobre 2019 - Formation des sites R\u00e9gionaux du SNETAP-FSU<\/title>\n<meta name=\"robots\" content=\"index, follow, max-snippet:-1, max-image-preview:large, max-video-preview:-1\" \/>\n<link rel=\"canonical\" href=\"https:\/\/regions-snetap-fsu.fr\/formation\/2019\/10\/03\/le-char-et-lolivier-une-autre-histoire-de-la-palestine-le-16-octobre-2019\/\" \/>\n<meta property=\"og:locale\" content=\"fr_FR\" \/>\n<meta property=\"og:type\" content=\"article\" \/>\n<meta property=\"og:title\" content=\"Le Char et l&#039;Olivier : une autre histoire de la Palestine, le 16 octobre 2019 - Formation des sites R\u00e9gionaux du SNETAP-FSU\" \/>\n<meta property=\"og:description\" content=\"\u00ab\u00a0Le Char et l&rsquo;Olivier : une autre histoire de la Palestine\u00a0\u00bb au Cin\u00e9ma de l&rsquo;Imaginaire (Douchy-les-Mines) en pr\u00e9sence du r\u00e9alisateur Roland Nurier L&rsquo;histoire de la Palestine, de son origine \u00e0 aujourd&rsquo;hui, loin de ce que les m\u00e9dias appellent le conflit isra\u00e9lo-palestinien. Experts internationaux, historiens, diplomates des Nations unies, juristes en Droit International mais aussi, t\u00e9moignages [&hellip;]\" \/>\n<meta property=\"og:url\" content=\"https:\/\/regions-snetap-fsu.fr\/formation\/2019\/10\/03\/le-char-et-lolivier-une-autre-histoire-de-la-palestine-le-16-octobre-2019\/\" \/>\n<meta property=\"og:site_name\" content=\"Formation des sites R\u00e9gionaux du SNETAP-FSU\" \/>\n<meta property=\"article:published_time\" content=\"2019-10-03T16:26:10+00:00\" \/>\n<meta property=\"og:image\" content=\"https:\/\/www.les400coups.org\/evenements\/photos\/charetolivier.jpg\" \/>\n<meta name=\"author\" content=\"yoctavien\" \/>\n<meta name=\"twitter:card\" content=\"summary_large_image\" \/>\n<meta name=\"twitter:label1\" content=\"\u00c9crit par\" \/>\n\t<meta name=\"twitter:data1\" content=\"yoctavien\" \/>\n\t<meta name=\"twitter:label2\" content=\"Dur\u00e9e de lecture estim\u00e9e\" \/>\n\t<meta name=\"twitter:data2\" content=\"1 minute\" \/>\n<script type=\"application\/ld+json\" class=\"yoast-schema-graph\">{\"@context\":\"https:\\\/\\\/schema.org\",\"@graph\":[{\"@type\":\"Article\",\"@id\":\"https:\\\/\\\/regions-snetap-fsu.fr\\\/formation\\\/2019\\\/10\\\/03\\\/le-char-et-lolivier-une-autre-histoire-de-la-palestine-le-16-octobre-2019\\\/#article\",\"isPartOf\":{\"@id\":\"https:\\\/\\\/regions-snetap-fsu.fr\\\/formation\\\/2019\\\/10\\\/03\\\/le-char-et-lolivier-une-autre-histoire-de-la-palestine-le-16-octobre-2019\\\/\"},\"author\":{\"name\":\"yoctavien\",\"@id\":\"https:\\\/\\\/regions-snetap-fsu.fr\\\/formation\\\/#\\\/schema\\\/person\\\/f5dc7b6354e942ca9c5fa8e9ff7e5c93\"},\"headline\":\"Le Char et l&rsquo;Olivier : une autre histoire de la Palestine, le 16 octobre 2019\",\"datePublished\":\"2019-10-03T16:26:10+00:00\",\"mainEntityOfPage\":{\"@id\":\"https:\\\/\\\/regions-snetap-fsu.fr\\\/formation\\\/2019\\\/10\\\/03\\\/le-char-et-lolivier-une-autre-histoire-de-la-palestine-le-16-octobre-2019\\\/\"},\"wordCount\":205,\"publisher\":{\"@id\":\"https:\\\/\\\/regions-snetap-fsu.fr\\\/formation\\\/#organization\"},\"image\":{\"@id\":\"https:\\\/\\\/regions-snetap-fsu.fr\\\/formation\\\/2019\\\/10\\\/03\\\/le-char-et-lolivier-une-autre-histoire-de-la-palestine-le-16-octobre-2019\\\/#primaryimage\"},\"thumbnailUrl\":\"https:\\\/\\\/www.les400coups.org\\\/evenements\\\/photos\\\/charetolivier.jpg\",\"articleSection\":[\"Pour information\"],\"inLanguage\":\"fr-FR\"},{\"@type\":\"WebPage\",\"@id\":\"https:\\\/\\\/regions-snetap-fsu.fr\\\/formation\\\/2019\\\/10\\\/03\\\/le-char-et-lolivier-une-autre-histoire-de-la-palestine-le-16-octobre-2019\\\/\",\"url\":\"https:\\\/\\\/regions-snetap-fsu.fr\\\/formation\\\/2019\\\/10\\\/03\\\/le-char-et-lolivier-une-autre-histoire-de-la-palestine-le-16-octobre-2019\\\/\",\"name\":\"Le Char et l'Olivier : une autre histoire de la Palestine, le 16 octobre 2019 - Formation des sites R\u00e9gionaux du SNETAP-FSU\",\"isPartOf\":{\"@id\":\"https:\\\/\\\/regions-snetap-fsu.fr\\\/formation\\\/#website\"},\"primaryImageOfPage\":{\"@id\":\"https:\\\/\\\/regions-snetap-fsu.fr\\\/formation\\\/2019\\\/10\\\/03\\\/le-char-et-lolivier-une-autre-histoire-de-la-palestine-le-16-octobre-2019\\\/#primaryimage\"},\"image\":{\"@id\":\"https:\\\/\\\/regions-snetap-fsu.fr\\\/formation\\\/2019\\\/10\\\/03\\\/le-char-et-lolivier-une-autre-histoire-de-la-palestine-le-16-octobre-2019\\\/#primaryimage\"},\"thumbnailUrl\":\"https:\\\/\\\/www.les400coups.org\\\/evenements\\\/photos\\\/charetolivier.jpg\",\"datePublished\":\"2019-10-03T16:26:10+00:00\",\"breadcrumb\":{\"@id\":\"https:\\\/\\\/regions-snetap-fsu.fr\\\/formation\\\/2019\\\/10\\\/03\\\/le-char-et-lolivier-une-autre-histoire-de-la-palestine-le-16-octobre-2019\\\/#breadcrumb\"},\"inLanguage\":\"fr-FR\",\"potentialAction\":[{\"@type\":\"ReadAction\",\"target\":[\"https:\\\/\\\/regions-snetap-fsu.fr\\\/formation\\\/2019\\\/10\\\/03\\\/le-char-et-lolivier-une-autre-histoire-de-la-palestine-le-16-octobre-2019\\\/\"]}]},{\"@type\":\"ImageObject\",\"inLanguage\":\"fr-FR\",\"@id\":\"https:\\\/\\\/regions-snetap-fsu.fr\\\/formation\\\/2019\\\/10\\\/03\\\/le-char-et-lolivier-une-autre-histoire-de-la-palestine-le-16-octobre-2019\\\/#primaryimage\",\"url\":\"https:\\\/\\\/www.les400coups.org\\\/evenements\\\/photos\\\/charetolivier.jpg\",\"contentUrl\":\"https:\\\/\\\/www.les400coups.org\\\/evenements\\\/photos\\\/charetolivier.jpg\"},{\"@type\":\"BreadcrumbList\",\"@id\":\"https:\\\/\\\/regions-snetap-fsu.fr\\\/formation\\\/2019\\\/10\\\/03\\\/le-char-et-lolivier-une-autre-histoire-de-la-palestine-le-16-octobre-2019\\\/#breadcrumb\",\"itemListElement\":[{\"@type\":\"ListItem\",\"position\":1,\"name\":\"Accueil\",\"item\":\"https:\\\/\\\/regions-snetap-fsu.fr\\\/formation\\\/\"},{\"@type\":\"ListItem\",\"position\":2,\"name\":\"Le Char et l&rsquo;Olivier : une autre histoire de la Palestine, le 16 octobre 2019\"}]},{\"@type\":\"WebSite\",\"@id\":\"https:\\\/\\\/regions-snetap-fsu.fr\\\/formation\\\/#website\",\"url\":\"https:\\\/\\\/regions-snetap-fsu.fr\\\/formation\\\/\",\"name\":\"Formation des sites R\u00e9gionaux du SNETAP-FSU\",\"description\":\"\",\"publisher\":{\"@id\":\"https:\\\/\\\/regions-snetap-fsu.fr\\\/formation\\\/#organization\"},\"potentialAction\":[{\"@type\":\"SearchAction\",\"target\":{\"@type\":\"EntryPoint\",\"urlTemplate\":\"https:\\\/\\\/regions-snetap-fsu.fr\\\/formation\\\/?s={search_term_string}\"},\"query-input\":{\"@type\":\"PropertyValueSpecification\",\"valueRequired\":true,\"valueName\":\"search_term_string\"}}],\"inLanguage\":\"fr-FR\"},{\"@type\":\"Organization\",\"@id\":\"https:\\\/\\\/regions-snetap-fsu.fr\\\/formation\\\/#organization\",\"name\":\"Formation des sites R\u00e9gionaux du SNETAP-FSU\",\"url\":\"https:\\\/\\\/regions-snetap-fsu.fr\\\/formation\\\/\",\"logo\":{\"@type\":\"ImageObject\",\"inLanguage\":\"fr-FR\",\"@id\":\"https:\\\/\\\/regions-snetap-fsu.fr\\\/formation\\\/#\\\/schema\\\/logo\\\/image\\\/\",\"url\":\"https:\\\/\\\/regions-snetap-fsu.fr\\\/formation\\\/wp-content\\\/uploads\\\/sites\\\/20\\\/2025\\\/04\\\/cropped-Logo_blanc_fond_transparent_1000x755.png\",\"contentUrl\":\"https:\\\/\\\/regions-snetap-fsu.fr\\\/formation\\\/wp-content\\\/uploads\\\/sites\\\/20\\\/2025\\\/04\\\/cropped-Logo_blanc_fond_transparent_1000x755.png\",\"width\":998,\"height\":689,\"caption\":\"Formation des sites R\u00e9gionaux du SNETAP-FSU\"},\"image\":{\"@id\":\"https:\\\/\\\/regions-snetap-fsu.fr\\\/formation\\\/#\\\/schema\\\/logo\\\/image\\\/\"}},{\"@type\":\"Person\",\"@id\":\"https:\\\/\\\/regions-snetap-fsu.fr\\\/formation\\\/#\\\/schema\\\/person\\\/f5dc7b6354e942ca9c5fa8e9ff7e5c93\",\"name\":\"yoctavien\",\"image\":{\"@type\":\"ImageObject\",\"inLanguage\":\"fr-FR\",\"@id\":\"https:\\\/\\\/secure.gravatar.com\\\/avatar\\\/382642c092b6b9da14641d3c478df2f3da4a2d17eea25691c232d4dbf735c292?s=96&d=mm&r=g\",\"url\":\"https:\\\/\\\/secure.gravatar.com\\\/avatar\\\/382642c092b6b9da14641d3c478df2f3da4a2d17eea25691c232d4dbf735c292?s=96&d=mm&r=g\",\"contentUrl\":\"https:\\\/\\\/secure.gravatar.com\\\/avatar\\\/382642c092b6b9da14641d3c478df2f3da4a2d17eea25691c232d4dbf735c292?s=96&d=mm&r=g\",\"caption\":\"yoctavien\"},\"url\":\"https:\\\/\\\/regions-snetap-fsu.fr\\\/formation\\\/author\\\/yoctavien\\\/\"}]}<\/script>\n<!-- \/ Yoast SEO plugin. -->","yoast_head_json":{"title":"Le Char et l'Olivier : une autre histoire de la Palestine, le 16 octobre 2019 - Formation des sites R\u00e9gionaux du SNETAP-FSU","robots":{"index":"index","follow":"follow","max-snippet":"max-snippet:-1","max-image-preview":"max-image-preview:large","max-video-preview":"max-video-preview:-1"},"canonical":"https:\/\/regions-snetap-fsu.fr\/formation\/2019\/10\/03\/le-char-et-lolivier-une-autre-histoire-de-la-palestine-le-16-octobre-2019\/","og_locale":"fr_FR","og_type":"article","og_title":"Le Char et l'Olivier : une autre histoire de la Palestine, le 16 octobre 2019 - Formation des sites R\u00e9gionaux du SNETAP-FSU","og_description":"\u00ab\u00a0Le Char et l&rsquo;Olivier : une autre histoire de la Palestine\u00a0\u00bb au Cin\u00e9ma de l&rsquo;Imaginaire (Douchy-les-Mines) en pr\u00e9sence du r\u00e9alisateur Roland Nurier L&rsquo;histoire de la Palestine, de son origine \u00e0 aujourd&rsquo;hui, loin de ce que les m\u00e9dias appellent le conflit isra\u00e9lo-palestinien. Experts internationaux, historiens, diplomates des Nations unies, juristes en Droit International mais aussi, t\u00e9moignages [&hellip;]","og_url":"https:\/\/regions-snetap-fsu.fr\/formation\/2019\/10\/03\/le-char-et-lolivier-une-autre-histoire-de-la-palestine-le-16-octobre-2019\/","og_site_name":"Formation des sites R\u00e9gionaux du SNETAP-FSU","article_published_time":"2019-10-03T16:26:10+00:00","og_image":[{"url":"https:\/\/www.les400coups.org\/evenements\/photos\/charetolivier.jpg","type":"","width":"","height":""}],"author":"yoctavien","twitter_card":"summary_large_image","twitter_misc":{"\u00c9crit par":"yoctavien","Dur\u00e9e de lecture estim\u00e9e":"1 minute"},"schema":{"@context":"https:\/\/schema.org","@graph":[{"@type":"Article","@id":"https:\/\/regions-snetap-fsu.fr\/formation\/2019\/10\/03\/le-char-et-lolivier-une-autre-histoire-de-la-palestine-le-16-octobre-2019\/#article","isPartOf":{"@id":"https:\/\/regions-snetap-fsu.fr\/formation\/2019\/10\/03\/le-char-et-lolivier-une-autre-histoire-de-la-palestine-le-16-octobre-2019\/"},"author":{"name":"yoctavien","@id":"https:\/\/regions-snetap-fsu.fr\/formation\/#\/schema\/person\/f5dc7b6354e942ca9c5fa8e9ff7e5c93"},"headline":"Le Char et l&rsquo;Olivier : une autre histoire de la Palestine, le 16 octobre 2019","datePublished":"2019-10-03T16:26:10+00:00","mainEntityOfPage":{"@id":"https:\/\/regions-snetap-fsu.fr\/formation\/2019\/10\/03\/le-char-et-lolivier-une-autre-histoire-de-la-palestine-le-16-octobre-2019\/"},"wordCount":205,"publisher":{"@id":"https:\/\/regions-snetap-fsu.fr\/formation\/#organization"},"image":{"@id":"https:\/\/regions-snetap-fsu.fr\/formation\/2019\/10\/03\/le-char-et-lolivier-une-autre-histoire-de-la-palestine-le-16-octobre-2019\/#primaryimage"},"thumbnailUrl":"https:\/\/www.les400coups.org\/evenements\/photos\/charetolivier.jpg","articleSection":["Pour information"],"inLanguage":"fr-FR"},{"@type":"WebPage","@id":"https:\/\/regions-snetap-fsu.fr\/formation\/2019\/10\/03\/le-char-et-lolivier-une-autre-histoire-de-la-palestine-le-16-octobre-2019\/","url":"https:\/\/regions-snetap-fsu.fr\/formation\/2019\/10\/03\/le-char-et-lolivier-une-autre-histoire-de-la-palestine-le-16-octobre-2019\/","name":"Le Char et l'Olivier : une autre histoire de la Palestine, le 16 octobre 2019 - Formation des sites R\u00e9gionaux du SNETAP-FSU","isPartOf":{"@id":"https:\/\/regions-snetap-fsu.fr\/formation\/#website"},"primaryImageOfPage":{"@id":"https:\/\/regions-snetap-fsu.fr\/formation\/2019\/10\/03\/le-char-et-lolivier-une-autre-histoire-de-la-palestine-le-16-octobre-2019\/#primaryimage"},"image":{"@id":"https:\/\/regions-snetap-fsu.fr\/formation\/2019\/10\/03\/le-char-et-lolivier-une-autre-histoire-de-la-palestine-le-16-octobre-2019\/#primaryimage"},"thumbnailUrl":"https:\/\/www.les400coups.org\/evenements\/photos\/charetolivier.jpg","datePublished":"2019-10-03T16:26:10+00:00","breadcrumb":{"@id":"https:\/\/regions-snetap-fsu.fr\/formation\/2019\/10\/03\/le-char-et-lolivier-une-autre-histoire-de-la-palestine-le-16-octobre-2019\/#breadcrumb"},"inLanguage":"fr-FR","potentialAction":[{"@type":"ReadAction","target":["https:\/\/regions-snetap-fsu.fr\/formation\/2019\/10\/03\/le-char-et-lolivier-une-autre-histoire-de-la-palestine-le-16-octobre-2019\/"]}]},{"@type":"ImageObject","inLanguage":"fr-FR","@id":"https:\/\/regions-snetap-fsu.fr\/formation\/2019\/10\/03\/le-char-et-lolivier-une-autre-histoire-de-la-palestine-le-16-octobre-2019\/#primaryimage","url":"https:\/\/www.les400coups.org\/evenements\/photos\/charetolivier.jpg","contentUrl":"https:\/\/www.les400coups.org\/evenements\/photos\/charetolivier.jpg"},{"@type":"BreadcrumbList","@id":"https:\/\/regions-snetap-fsu.fr\/formation\/2019\/10\/03\/le-char-et-lolivier-une-autre-histoire-de-la-palestine-le-16-octobre-2019\/#breadcrumb","itemListElement":[{"@type":"ListItem","position":1,"name":"Accueil","item":"https:\/\/regions-snetap-fsu.fr\/formation\/"},{"@type":"ListItem","position":2,"name":"Le Char et l&rsquo;Olivier : une autre histoire de la Palestine, le 16 octobre 2019"}]},{"@type":"WebSite","@id":"https:\/\/regions-snetap-fsu.fr\/formation\/#website","url":"https:\/\/regions-snetap-fsu.fr\/formation\/","name":"Formation des sites R\u00e9gionaux du SNETAP-FSU","description":"","publisher":{"@id":"https:\/\/regions-snetap-fsu.fr\/formation\/#organization"},"potentialAction":[{"@type":"SearchAction","target":{"@type":"EntryPoint","urlTemplate":"https:\/\/regions-snetap-fsu.fr\/formation\/?s={search_term_string}"},"query-input":{"@type":"PropertyValueSpecification","valueRequired":true,"valueName":"search_term_string"}}],"inLanguage":"fr-FR"},{"@type":"Organization","@id":"https:\/\/regions-snetap-fsu.fr\/formation\/#organization","name":"Formation des sites R\u00e9gionaux du SNETAP-FSU","url":"https:\/\/regions-snetap-fsu.fr\/formation\/","logo":{"@type":"ImageObject","inLanguage":"fr-FR","@id":"https:\/\/regions-snetap-fsu.fr\/formation\/#\/schema\/logo\/image\/","url":"https:\/\/regions-snetap-fsu.fr\/formation\/wp-content\/uploads\/sites\/20\/2025\/04\/cropped-Logo_blanc_fond_transparent_1000x755.png","contentUrl":"https:\/\/regions-snetap-fsu.fr\/formation\/wp-content\/uploads\/sites\/20\/2025\/04\/cropped-Logo_blanc_fond_transparent_1000x755.png","width":998,"height":689,"caption":"Formation des sites R\u00e9gionaux du SNETAP-FSU"},"image":{"@id":"https:\/\/regions-snetap-fsu.fr\/formation\/#\/schema\/logo\/image\/"}},{"@type":"Person","@id":"https:\/\/regions-snetap-fsu.fr\/formation\/#\/schema\/person\/f5dc7b6354e942ca9c5fa8e9ff7e5c93","name":"yoctavien","image":{"@type":"ImageObject","inLanguage":"fr-FR","@id":"https:\/\/secure.gravatar.com\/avatar\/382642c092b6b9da14641d3c478df2f3da4a2d17eea25691c232d4dbf735c292?s=96&d=mm&r=g","url":"https:\/\/secure.gravatar.com\/avatar\/382642c092b6b9da14641d3c478df2f3da4a2d17eea25691c232d4dbf735c292?s=96&d=mm&r=g","contentUrl":"https:\/\/secure.gravatar.com\/avatar\/382642c092b6b9da14641d3c478df2f3da4a2d17eea25691c232d4dbf735c292?s=96&d=mm&r=g","caption":"yoctavien"},"url":"https:\/\/regions-snetap-fsu.fr\/formation\/author\/yoctavien\/"}]}},"_links":{"self":[{"href":"https:\/\/regions-snetap-fsu.fr\/formation\/wp-json\/wp\/v2\/posts\/3143","targetHints":{"allow":["GET"]}}],"collection":[{"href":"https:\/\/regions-snetap-fsu.fr\/formation\/wp-json\/wp\/v2\/posts"}],"about":[{"href":"https:\/\/regions-snetap-fsu.fr\/formation\/wp-json\/wp\/v2\/types\/post"}],"author":[{"embeddable":true,"href":"https:\/\/regions-snetap-fsu.fr\/formation\/wp-json\/wp\/v2\/users\/138"}],"replies":[{"embeddable":true,"href":"https:\/\/regions-snetap-fsu.fr\/formation\/wp-json\/wp\/v2\/comments?post=3143"}],"version-history":[{"count":0,"href":"https:\/\/regions-snetap-fsu.fr\/formation\/wp-json\/wp\/v2\/posts\/3143\/revisions"}],"wp:attachment":[{"href":"https:\/\/regions-snetap-fsu.fr\/formation\/wp-json\/wp\/v2\/media?parent=3143"}],"wp:term":[{"taxonomy":"category","embeddable":true,"href":"https:\/\/regions-snetap-fsu.fr\/formation\/wp-json\/wp\/v2\/categories?post=3143"},{"taxonomy":"post_tag","embeddable":true,"href":"https:\/\/regions-snetap-fsu.fr\/formation\/wp-json\/wp\/v2\/tags?post=3143"},{"taxonomy":"post_folder","embeddable":true,"href":"https:\/\/regions-snetap-fsu.fr\/formation\/wp-json\/wp\/v2\/post_folder?post=3143"}],"curies":[{"name":"wp","href":"https:\/\/api.w.org\/{rel}","templated":true}]}}