{"id":3112,"date":"2019-09-29T18:15:19","date_gmt":"2019-09-29T16:15:19","guid":{"rendered":"https:\/\/regions-snetap-fsu.fr\/hdf\/?p=3112"},"modified":"2019-09-29T18:15:19","modified_gmt":"2019-09-29T16:15:19","slug":"ensemble-pour-le-retour-de-mohammed-a-roubaix","status":"publish","type":"post","link":"https:\/\/regions-snetap-fsu.fr\/formation\/2019\/09\/29\/ensemble-pour-le-retour-de-mohammed-a-roubaix\/","title":{"rendered":"Ensemble pour le retour de Mohammed \u00e0 Roubaix"},"content":{"rendered":"<h2 style=\"text-align: center\"><span style=\"font-family: tahoma, arial, helvetica, sans-serif;color: #ff0000\">Ensemble pour le retour de Mohammed \u00e0 Roubaix !<br \/>\n<\/span><\/h2>\n<p align=\"center\"><span style=\"font-family: tahoma, arial, helvetica, sans-serif;color: #0000ff\">INVITATION \u00e0 la manifestation<\/span><\/p>\n<p align=\"center\"><span style=\"font-family: tahoma, arial, helvetica, sans-serif;color: #0000ff\"><b>\u201c<\/b><span id=\"OBJ_PREFIX_DWT73_com_zimbra_url\" class=\"Object\"><a style=\"color: #0000ff\" href=\"https:\/\/www.facebook.com\/events\/2425218257594639\" target=\"_blank\" rel=\"noopener noreferrer\"><b>ENSEMBLE POUR LE RETOUR DE MOHAMMED \u00c0 ROUBAIX<\/b><\/a><\/span><b> !\u201d<\/b><\/span><\/p>\n<p align=\"center\"><span style=\"font-family: tahoma, arial, helvetica, sans-serif;color: #0000ff\"><b><span id=\"OBJ_PREFIX_DWT74_com_zimbra_date\" class=\"Object\">Jeudi 3 octobre 2019<\/span> \u00e0 18h<\/b><\/span><\/p>\n<p align=\"center\"><span style=\"font-family: tahoma, arial, helvetica, sans-serif;color: #0000ff\">RDV devant l\u2019H\u00f4tel de Ville \u00e0 Roubaix &#8230;<br \/>\n<\/span><\/p>\n<p style=\"text-align: justify\" align=\"center\"><!--more--><\/p>\n<p style=\"text-align: justify\"><span style=\"color: #0000ff;font-family: tahoma, arial, helvetica, sans-serif\"><b>A Roubaix, nombreux sont celles et ceux qui connaissent et appr\u00e9cient Mohammed Lakel : <\/b>les membres du Secours catholique et de la paroisse de l\u2019Epeule aid\u00e9s par Mohammed pour cultiver un magnifique jardin potager; les membres et b\u00e9n\u00e9ficiaires de l\u2019Univers avec qui Mohammed partage ses repas, les habitants et citoyens de l\u2019Epeule qui le croisent et discutent avec lui au march\u00e9, mais aussi les membres de diff\u00e9rentes associations auxquels Mohammed vient pr\u00eater main forte, ou tout simplement participer \u00e0 une activit\u00e9.<\/span><\/p>\n<p style=\"text-align: justify\"><span style=\"color: #0000ff;font-family: tahoma, arial, helvetica, sans-serif\"><b>Depuis le 6 ao\u00fbt dernier, les Roubaisiens et les Roubaisiennes ne croisent plus Mohammed. <\/b>Ce jour-l\u00e0, il est interpell\u00e9 lors d\u2019un contr\u00f4le d\u2019identit\u00e9 sans motif et plac\u00e9 au centre de r\u00e9tention de Lesquin, priv\u00e9 de sa libert\u00e9 de circulation au seul motif d\u2019\u00eatre \u00e9tranger et donc d\u2019\u00eatre ici \u201csans papiers\u201d.<\/span><\/p>\n<p style=\"text-align: justify\"><span style=\"font-family: tahoma, arial, helvetica, sans-serif;color: #0000ff\">Lui qui vit ici depuis 2012, lui qui s\u2019implique b\u00e9n\u00e9volement dans tant d\u2019associations, lui qui lui qui est toujours l\u00e0 pour les autres, notre ami, notre camarade, voit tout \u00e0 coup sa vie s\u2019arr\u00eater.<\/span><\/p>\n<p style=\"text-align: justify\"><span style=\"font-family: tahoma, arial, helvetica, sans-serif;color: #0000ff\"><b>Cela fait d\u00e9sormais plus d\u2019un mois que notre ami, camarade, concitoyen, Mohammed Lakel nous a \u00e9t\u00e9 arrach\u00e9&#8230;<\/b><\/span><\/p>\n<p style=\"text-align: justify\"><span style=\"color: #0000ff;font-family: tahoma, arial, helvetica, sans-serif\">\u2026 alors que de nombreux citoyens et citoyennes, \u00e9lu-es, repr\u00e9sentant-es syndicaux et associatifs r\u00e9clamaient sa r\u00e9gularisation,<\/span><\/p>\n<p style=\"text-align: justify\"><span style=\"font-family: tahoma, arial, helvetica, sans-serif;color: #0000ff\">&#8230; alors que les m\u00e9dias locaux et nationaux relayaient largement cet \u00e9lan de fraternit\u00e9,<\/span><\/p>\n<p style=\"text-align: justify\"><span style=\"color: #0000ff;font-family: tahoma, arial, helvetica, sans-serif\">\u2026 alors qu\u2019une promesse d\u2019embauche l\u2019attendait \u00e0 la Ferme du Trichon \u00e0 Roubaix,<\/span><\/p>\n<p style=\"text-align: justify\"><span style=\"color: #0000ff;font-family: tahoma, arial, helvetica, sans-serif\">\u2026 alors que son jardin attendait d\u2019\u00eatre soign\u00e9 et arros\u00e9, comme chaque jour, par Mohammed.<\/span><\/p>\n<p style=\"text-align: justify\"><span style=\"color: #0000ff;font-family: tahoma, arial, helvetica, sans-serif\"><b>Parce que <\/b><span id=\"OBJ_PREFIX_DWT75_com_zimbra_url\" class=\"Object\"><a style=\"color: #0000ff\" href=\"https:\/\/www.facebook.com\/hashtag\/mohammeddoitrentrer?source=feed_text&amp;epa=HASHTAG&amp;__xts__%5B0%5D=68.ARCTfIVOo_ggKD4Akn-TI2RZuC1hcPO8l8ygmH7wAfp7QyJ8xNM6_pZ19Gu8FI98BXdXZpgmDjd-XBGx6Wq1M2gd0TSK8D-WK_R5g6tgCewa63w44dQE6_9trcZZlZxN2aTaUS8Lp5eJmYptnGZwlDLHTKqrZNNBbbRh_oyT-mxIMoaaWjjrRovxliWnosDqu_2GXT5phxPY8QUuVihvlYQQcwt7CdEdrfkmakoJWFiQ-oXRUJItCmaUNWFLRsnWxf049bhkqAmiqdbBn30SeXtnzvZaO2OHSwFw2aauf3DDt3GywX0a4XuYp6JHlhxHNpHxDai54JaI5ChIAz6ath7RhSA6&amp;__tn__=%2ANK-R\" target=\"_blank\" rel=\"noopener noreferrer\"><b><span style=\"color: #000000\">#MohammedDoitRentrer<\/span><\/b><\/a><\/span><b>, nous appelons tous les Roubaisiens et Roubaisiennes \u00e0 venir manifester \u00e0 nos c\u00f4t\u00e9s <\/b><span id=\"OBJ_PREFIX_DWT76_com_zimbra_url\" class=\"Object\" style=\"color: #000000\"><a style=\"color: #000000\" href=\"https:\/\/www.facebook.com\/events\/2425218257594639\/\" target=\"_blank\" rel=\"noopener noreferrer\"><b>jeudi 3 octobre d\u00e8s 18h devant l\u2019H\u00f4tel de Ville<\/b><\/a><\/span><b> o\u00f9 se tiendra au m\u00eame moment le Conseil municipal.\u00a0<\/b><\/span><\/p>\n<p><span style=\"font-family: tahoma, arial, helvetica, sans-serif;color: #0000ff\"><b><i>\u2192 Pendant que des \u00e9lu-es roubaisiens prendront la parole pour demander \u00e0 ce que le Maire et les conseillers municipaux signent l\u2019<\/i><\/b><span id=\"OBJ_PREFIX_DWT77_com_zimbra_url\" class=\"Object\"><a style=\"color: #0000ff\" href=\"https:\/\/www.facebook.com\/notes\/comit%C3%A9-de-soutien-%C3%A0-mohammed-lakel\/appel-pour-le-retour-chez-lui-de-mohammed-lakel\/2445926882173188\/\" target=\"_blank\" rel=\"noopener noreferrer\"><b><i><span style=\"color: #000000\">appel demandant \u00e0 la pr\u00e9fecture le retour de Mohammed Lakel<\/span>,<\/i><\/b><\/a><\/span><b><i> nous effectuerons une boucle qui passera par les lieux que Mohammed fr\u00e9quentait et o\u00f9 les personnes le connaissaient bien :\u00a0<\/i><\/b><\/span><\/p>\n<ul>\n<li><span style=\"color: #0000ff\">l<span style=\"font-family: tahoma, arial, helvetica, sans-serif\">e jardin paroissial dont il s&rsquo;occupait,\u00a0<\/span><\/span><\/li>\n<li><span style=\"color: #0000ff;font-family: tahoma, arial, helvetica, sans-serif\">le restaurant L&rsquo;Univers o\u00f9 il avait l\u2019habitude de prendre ses repas,\u00a0<\/span><\/li>\n<li><span style=\"color: #0000ff;font-family: tahoma, arial, helvetica, sans-serif\">le jardin de la<span style=\"color: #000000\"><a style=\"color: #000000\" href=\"https:\/\/www.facebook.com\/FermeUrbaineCirculaire\/\"> Ferme urbaine circulaire du Trichon<\/a><\/span> o\u00f9 un emploi attend Mohammed.\u00a0<\/span><\/li>\n<\/ul>\n<p><span style=\"color: #0000ff;font-family: tahoma, arial, helvetica, sans-serif\">Nous terminerons notre manifestation devant l<span style=\"color: #000000\">&lsquo;<a style=\"color: #000000\" href=\"https:\/\/www.facebook.com\/pages\/H%C3%B4tel-De-Ville-De-Roubaix\/536658393444839\">H\u00f4tel De Ville De Roubaix<\/a><\/span>.<\/span><\/p>\n<p><span style=\"color: #0000ff;font-family: tahoma, arial, helvetica, sans-serif\"><b>Pour le Comit\u00e9 de soutien \u00e0 Mohammed Lakel<\/b><\/span><\/p>\n\n\t\t<div class=\"wppdfemb-frame-container-1\" style=\"-webkit-overflow-scrolling:auto;\">\n\t\t\t<iframe class=\"pdfembed-iframe nonfullscreen wppdf-emb-iframe-1\"\n\t\t\t\tsrc=\"https:\/\/regions-snetap-fsu.fr\/formation\/?pdfemb-data=eyJ1cmwiOiJodHRwczpcL1wvcmVnaW9ucy1zbmV0YXAtZnN1LmZyXC9oZGZcL3dwLWNvbnRlbnRcL3VwbG9hZHNcL3NpdGVzXC81XC8yMDE5XC8wOVwvQWZmaWNoZS1NQU5JRi1Sb3ViYWl4LTAzXzEwXzIwMTkucGRmIiwidGl0bGUiOiJBZmZpY2hlIE1BTklGIFJvdWJhaXggMDNfMTBfMjAxOSIsImluZGV4IjoxLCJwZGZJRCI6MH0\"\n\t\t\t\ttitle=\"Affiche MANIF Roubaix 03_10_2019\"\t\t\t\tdata-pdf-id=\"0\"\n\t\t\t\tdata-pdf-index=\"1\"\n\t\t\t\tstyle=\"border:none;width:100%;max-width:100%;height:100vh;\"\n\t\t\t\tscrolling=\"yes\">\n\t\t\t<\/iframe>\n\t\t<\/div>\n\n\t\t\n<p>&nbsp;<\/p>\n","protected":false},"excerpt":{"rendered":"<p>Ensemble pour le retour de Mohammed \u00e0 Roubaix ! INVITATION \u00e0 la manifestation \u201cENSEMBLE POUR LE RETOUR DE MOHAMMED \u00c0 ROUBAIX !\u201d Jeudi 3 octobre 2019 \u00e0 18h RDV devant l\u2019H\u00f4tel de Ville \u00e0 Roubaix &#8230;<\/p>\n","protected":false},"author":138,"featured_media":0,"comment_status":"closed","ping_status":"closed","sticky":false,"template":"","format":"standard","meta":{"ocean_post_layout":"","ocean_both_sidebars_style":"","ocean_both_sidebars_content_width":0,"ocean_both_sidebars_sidebars_width":0,"ocean_sidebar":"","ocean_second_sidebar":"","ocean_disable_margins":"enable","ocean_add_body_class":"","ocean_shortcode_before_top_bar":"","ocean_shortcode_after_top_bar":"","ocean_shortcode_before_header":"","ocean_shortcode_after_header":"","ocean_has_shortcode":"","ocean_shortcode_after_title":"","ocean_shortcode_before_footer_widgets":"","ocean_shortcode_after_footer_widgets":"","ocean_shortcode_before_footer_bottom":"","ocean_shortcode_after_footer_bottom":"","ocean_display_top_bar":"default","ocean_display_header":"default","ocean_header_style":"","ocean_center_header_left_menu":"","ocean_custom_header_template":"","ocean_custom_logo":0,"ocean_custom_retina_logo":0,"ocean_custom_logo_max_width":0,"ocean_custom_logo_tablet_max_width":0,"ocean_custom_logo_mobile_max_width":0,"ocean_custom_logo_max_height":0,"ocean_custom_logo_tablet_max_height":0,"ocean_custom_logo_mobile_max_height":0,"ocean_header_custom_menu":"","ocean_menu_typo_font_family":"","ocean_menu_typo_font_subset":"","ocean_menu_typo_font_size":0,"ocean_menu_typo_font_size_tablet":0,"ocean_menu_typo_font_size_mobile":0,"ocean_menu_typo_font_size_unit":"px","ocean_menu_typo_font_weight":"","ocean_menu_typo_font_weight_tablet":"","ocean_menu_typo_font_weight_mobile":"","ocean_menu_typo_transform":"","ocean_menu_typo_transform_tablet":"","ocean_menu_typo_transform_mobile":"","ocean_menu_typo_line_height":0,"ocean_menu_typo_line_height_tablet":0,"ocean_menu_typo_line_height_mobile":0,"ocean_menu_typo_line_height_unit":"","ocean_menu_typo_spacing":0,"ocean_menu_typo_spacing_tablet":0,"ocean_menu_typo_spacing_mobile":0,"ocean_menu_typo_spacing_unit":"","ocean_menu_link_color":"","ocean_menu_link_color_hover":"","ocean_menu_link_color_active":"","ocean_menu_link_background":"","ocean_menu_link_hover_background":"","ocean_menu_link_active_background":"","ocean_menu_social_links_bg":"","ocean_menu_social_hover_links_bg":"","ocean_menu_social_links_color":"","ocean_menu_social_hover_links_color":"","ocean_disable_title":"default","ocean_disable_heading":"default","ocean_post_title":"","ocean_post_subheading":"","ocean_post_title_style":"","ocean_post_title_background_color":"","ocean_post_title_background":0,"ocean_post_title_bg_image_position":"","ocean_post_title_bg_image_attachment":"","ocean_post_title_bg_image_repeat":"","ocean_post_title_bg_image_size":"","ocean_post_title_height":0,"ocean_post_title_bg_overlay":0.5,"ocean_post_title_bg_overlay_color":"","ocean_disable_breadcrumbs":"default","ocean_breadcrumbs_color":"","ocean_breadcrumbs_separator_color":"","ocean_breadcrumbs_links_color":"","ocean_breadcrumbs_links_hover_color":"","ocean_display_footer_widgets":"default","ocean_display_footer_bottom":"default","ocean_custom_footer_template":"","ocean_post_oembed":"","ocean_post_self_hosted_media":"","ocean_post_video_embed":"","ocean_link_format":"","ocean_link_format_target":"self","ocean_quote_format":"","ocean_quote_format_link":"post","ocean_gallery_link_images":"on","ocean_gallery_id":[],"footnotes":""},"categories":[21],"tags":[],"post_folder":[],"class_list":["post-3112","post","type-post","status-publish","format-standard","hentry","category-humanitaire","entry"],"yoast_head":"<!-- This site is optimized with the Yoast SEO plugin v27.4 - https:\/\/yoast.com\/product\/yoast-seo-wordpress\/ -->\n<title>Ensemble pour le retour de Mohammed \u00e0 Roubaix - Formation des sites R\u00e9gionaux du SNETAP-FSU<\/title>\n<meta name=\"robots\" content=\"index, follow, max-snippet:-1, max-image-preview:large, max-video-preview:-1\" \/>\n<link rel=\"canonical\" href=\"https:\/\/regions-snetap-fsu.fr\/formation\/2019\/09\/29\/ensemble-pour-le-retour-de-mohammed-a-roubaix\/\" \/>\n<meta property=\"og:locale\" content=\"fr_FR\" \/>\n<meta property=\"og:type\" content=\"article\" \/>\n<meta property=\"og:title\" content=\"Ensemble pour le retour de Mohammed \u00e0 Roubaix - Formation des sites R\u00e9gionaux du SNETAP-FSU\" \/>\n<meta property=\"og:description\" content=\"Ensemble pour le retour de Mohammed \u00e0 Roubaix ! INVITATION \u00e0 la manifestation \u201cENSEMBLE POUR LE RETOUR DE MOHAMMED \u00c0 ROUBAIX !\u201d Jeudi 3 octobre 2019 \u00e0 18h RDV devant l\u2019H\u00f4tel de Ville \u00e0 Roubaix &#8230;\" \/>\n<meta property=\"og:url\" content=\"https:\/\/regions-snetap-fsu.fr\/formation\/2019\/09\/29\/ensemble-pour-le-retour-de-mohammed-a-roubaix\/\" \/>\n<meta property=\"og:site_name\" content=\"Formation des sites R\u00e9gionaux du SNETAP-FSU\" \/>\n<meta property=\"article:published_time\" content=\"2019-09-29T16:15:19+00:00\" \/>\n<meta name=\"author\" content=\"yoctavien\" \/>\n<meta name=\"twitter:card\" content=\"summary_large_image\" \/>\n<meta name=\"twitter:label1\" content=\"\u00c9crit par\" \/>\n\t<meta name=\"twitter:data1\" content=\"yoctavien\" \/>\n\t<meta name=\"twitter:label2\" content=\"Dur\u00e9e de lecture estim\u00e9e\" \/>\n\t<meta name=\"twitter:data2\" content=\"2 minutes\" \/>\n<script type=\"application\/ld+json\" class=\"yoast-schema-graph\">{\"@context\":\"https:\\\/\\\/schema.org\",\"@graph\":[{\"@type\":\"Article\",\"@id\":\"https:\\\/\\\/regions-snetap-fsu.fr\\\/formation\\\/2019\\\/09\\\/29\\\/ensemble-pour-le-retour-de-mohammed-a-roubaix\\\/#article\",\"isPartOf\":{\"@id\":\"https:\\\/\\\/regions-snetap-fsu.fr\\\/formation\\\/2019\\\/09\\\/29\\\/ensemble-pour-le-retour-de-mohammed-a-roubaix\\\/\"},\"author\":{\"name\":\"yoctavien\",\"@id\":\"https:\\\/\\\/regions-snetap-fsu.fr\\\/formation\\\/#\\\/schema\\\/person\\\/f5dc7b6354e942ca9c5fa8e9ff7e5c93\"},\"headline\":\"Ensemble pour le retour de Mohammed \u00e0 Roubaix\",\"datePublished\":\"2019-09-29T16:15:19+00:00\",\"mainEntityOfPage\":{\"@id\":\"https:\\\/\\\/regions-snetap-fsu.fr\\\/formation\\\/2019\\\/09\\\/29\\\/ensemble-pour-le-retour-de-mohammed-a-roubaix\\\/\"},\"wordCount\":452,\"publisher\":{\"@id\":\"https:\\\/\\\/regions-snetap-fsu.fr\\\/formation\\\/#organization\"},\"articleSection\":[\"Bulletins\"],\"inLanguage\":\"fr-FR\"},{\"@type\":\"WebPage\",\"@id\":\"https:\\\/\\\/regions-snetap-fsu.fr\\\/formation\\\/2019\\\/09\\\/29\\\/ensemble-pour-le-retour-de-mohammed-a-roubaix\\\/\",\"url\":\"https:\\\/\\\/regions-snetap-fsu.fr\\\/formation\\\/2019\\\/09\\\/29\\\/ensemble-pour-le-retour-de-mohammed-a-roubaix\\\/\",\"name\":\"Ensemble pour le retour de Mohammed \u00e0 Roubaix - Formation des sites R\u00e9gionaux du SNETAP-FSU\",\"isPartOf\":{\"@id\":\"https:\\\/\\\/regions-snetap-fsu.fr\\\/formation\\\/#website\"},\"datePublished\":\"2019-09-29T16:15:19+00:00\",\"breadcrumb\":{\"@id\":\"https:\\\/\\\/regions-snetap-fsu.fr\\\/formation\\\/2019\\\/09\\\/29\\\/ensemble-pour-le-retour-de-mohammed-a-roubaix\\\/#breadcrumb\"},\"inLanguage\":\"fr-FR\",\"potentialAction\":[{\"@type\":\"ReadAction\",\"target\":[\"https:\\\/\\\/regions-snetap-fsu.fr\\\/formation\\\/2019\\\/09\\\/29\\\/ensemble-pour-le-retour-de-mohammed-a-roubaix\\\/\"]}]},{\"@type\":\"BreadcrumbList\",\"@id\":\"https:\\\/\\\/regions-snetap-fsu.fr\\\/formation\\\/2019\\\/09\\\/29\\\/ensemble-pour-le-retour-de-mohammed-a-roubaix\\\/#breadcrumb\",\"itemListElement\":[{\"@type\":\"ListItem\",\"position\":1,\"name\":\"Accueil\",\"item\":\"https:\\\/\\\/regions-snetap-fsu.fr\\\/formation\\\/\"},{\"@type\":\"ListItem\",\"position\":2,\"name\":\"Ensemble pour le retour de Mohammed \u00e0 Roubaix\"}]},{\"@type\":\"WebSite\",\"@id\":\"https:\\\/\\\/regions-snetap-fsu.fr\\\/formation\\\/#website\",\"url\":\"https:\\\/\\\/regions-snetap-fsu.fr\\\/formation\\\/\",\"name\":\"Formation des sites R\u00e9gionaux du SNETAP-FSU\",\"description\":\"\",\"publisher\":{\"@id\":\"https:\\\/\\\/regions-snetap-fsu.fr\\\/formation\\\/#organization\"},\"potentialAction\":[{\"@type\":\"SearchAction\",\"target\":{\"@type\":\"EntryPoint\",\"urlTemplate\":\"https:\\\/\\\/regions-snetap-fsu.fr\\\/formation\\\/?s={search_term_string}\"},\"query-input\":{\"@type\":\"PropertyValueSpecification\",\"valueRequired\":true,\"valueName\":\"search_term_string\"}}],\"inLanguage\":\"fr-FR\"},{\"@type\":\"Organization\",\"@id\":\"https:\\\/\\\/regions-snetap-fsu.fr\\\/formation\\\/#organization\",\"name\":\"Formation des sites R\u00e9gionaux du SNETAP-FSU\",\"url\":\"https:\\\/\\\/regions-snetap-fsu.fr\\\/formation\\\/\",\"logo\":{\"@type\":\"ImageObject\",\"inLanguage\":\"fr-FR\",\"@id\":\"https:\\\/\\\/regions-snetap-fsu.fr\\\/formation\\\/#\\\/schema\\\/logo\\\/image\\\/\",\"url\":\"https:\\\/\\\/regions-snetap-fsu.fr\\\/formation\\\/wp-content\\\/uploads\\\/sites\\\/20\\\/2025\\\/04\\\/cropped-Logo_blanc_fond_transparent_1000x755.png\",\"contentUrl\":\"https:\\\/\\\/regions-snetap-fsu.fr\\\/formation\\\/wp-content\\\/uploads\\\/sites\\\/20\\\/2025\\\/04\\\/cropped-Logo_blanc_fond_transparent_1000x755.png\",\"width\":998,\"height\":689,\"caption\":\"Formation des sites R\u00e9gionaux du SNETAP-FSU\"},\"image\":{\"@id\":\"https:\\\/\\\/regions-snetap-fsu.fr\\\/formation\\\/#\\\/schema\\\/logo\\\/image\\\/\"}},{\"@type\":\"Person\",\"@id\":\"https:\\\/\\\/regions-snetap-fsu.fr\\\/formation\\\/#\\\/schema\\\/person\\\/f5dc7b6354e942ca9c5fa8e9ff7e5c93\",\"name\":\"yoctavien\",\"image\":{\"@type\":\"ImageObject\",\"inLanguage\":\"fr-FR\",\"@id\":\"https:\\\/\\\/secure.gravatar.com\\\/avatar\\\/382642c092b6b9da14641d3c478df2f3da4a2d17eea25691c232d4dbf735c292?s=96&d=mm&r=g\",\"url\":\"https:\\\/\\\/secure.gravatar.com\\\/avatar\\\/382642c092b6b9da14641d3c478df2f3da4a2d17eea25691c232d4dbf735c292?s=96&d=mm&r=g\",\"contentUrl\":\"https:\\\/\\\/secure.gravatar.com\\\/avatar\\\/382642c092b6b9da14641d3c478df2f3da4a2d17eea25691c232d4dbf735c292?s=96&d=mm&r=g\",\"caption\":\"yoctavien\"},\"url\":\"https:\\\/\\\/regions-snetap-fsu.fr\\\/formation\\\/author\\\/yoctavien\\\/\"}]}<\/script>\n<!-- \/ Yoast SEO plugin. -->","yoast_head_json":{"title":"Ensemble pour le retour de Mohammed \u00e0 Roubaix - Formation des sites R\u00e9gionaux du SNETAP-FSU","robots":{"index":"index","follow":"follow","max-snippet":"max-snippet:-1","max-image-preview":"max-image-preview:large","max-video-preview":"max-video-preview:-1"},"canonical":"https:\/\/regions-snetap-fsu.fr\/formation\/2019\/09\/29\/ensemble-pour-le-retour-de-mohammed-a-roubaix\/","og_locale":"fr_FR","og_type":"article","og_title":"Ensemble pour le retour de Mohammed \u00e0 Roubaix - Formation des sites R\u00e9gionaux du SNETAP-FSU","og_description":"Ensemble pour le retour de Mohammed \u00e0 Roubaix ! INVITATION \u00e0 la manifestation \u201cENSEMBLE POUR LE RETOUR DE MOHAMMED \u00c0 ROUBAIX !\u201d Jeudi 3 octobre 2019 \u00e0 18h RDV devant l\u2019H\u00f4tel de Ville \u00e0 Roubaix &#8230;","og_url":"https:\/\/regions-snetap-fsu.fr\/formation\/2019\/09\/29\/ensemble-pour-le-retour-de-mohammed-a-roubaix\/","og_site_name":"Formation des sites R\u00e9gionaux du SNETAP-FSU","article_published_time":"2019-09-29T16:15:19+00:00","author":"yoctavien","twitter_card":"summary_large_image","twitter_misc":{"\u00c9crit par":"yoctavien","Dur\u00e9e de lecture estim\u00e9e":"2 minutes"},"schema":{"@context":"https:\/\/schema.org","@graph":[{"@type":"Article","@id":"https:\/\/regions-snetap-fsu.fr\/formation\/2019\/09\/29\/ensemble-pour-le-retour-de-mohammed-a-roubaix\/#article","isPartOf":{"@id":"https:\/\/regions-snetap-fsu.fr\/formation\/2019\/09\/29\/ensemble-pour-le-retour-de-mohammed-a-roubaix\/"},"author":{"name":"yoctavien","@id":"https:\/\/regions-snetap-fsu.fr\/formation\/#\/schema\/person\/f5dc7b6354e942ca9c5fa8e9ff7e5c93"},"headline":"Ensemble pour le retour de Mohammed \u00e0 Roubaix","datePublished":"2019-09-29T16:15:19+00:00","mainEntityOfPage":{"@id":"https:\/\/regions-snetap-fsu.fr\/formation\/2019\/09\/29\/ensemble-pour-le-retour-de-mohammed-a-roubaix\/"},"wordCount":452,"publisher":{"@id":"https:\/\/regions-snetap-fsu.fr\/formation\/#organization"},"articleSection":["Bulletins"],"inLanguage":"fr-FR"},{"@type":"WebPage","@id":"https:\/\/regions-snetap-fsu.fr\/formation\/2019\/09\/29\/ensemble-pour-le-retour-de-mohammed-a-roubaix\/","url":"https:\/\/regions-snetap-fsu.fr\/formation\/2019\/09\/29\/ensemble-pour-le-retour-de-mohammed-a-roubaix\/","name":"Ensemble pour le retour de Mohammed \u00e0 Roubaix - Formation des sites R\u00e9gionaux du SNETAP-FSU","isPartOf":{"@id":"https:\/\/regions-snetap-fsu.fr\/formation\/#website"},"datePublished":"2019-09-29T16:15:19+00:00","breadcrumb":{"@id":"https:\/\/regions-snetap-fsu.fr\/formation\/2019\/09\/29\/ensemble-pour-le-retour-de-mohammed-a-roubaix\/#breadcrumb"},"inLanguage":"fr-FR","potentialAction":[{"@type":"ReadAction","target":["https:\/\/regions-snetap-fsu.fr\/formation\/2019\/09\/29\/ensemble-pour-le-retour-de-mohammed-a-roubaix\/"]}]},{"@type":"BreadcrumbList","@id":"https:\/\/regions-snetap-fsu.fr\/formation\/2019\/09\/29\/ensemble-pour-le-retour-de-mohammed-a-roubaix\/#breadcrumb","itemListElement":[{"@type":"ListItem","position":1,"name":"Accueil","item":"https:\/\/regions-snetap-fsu.fr\/formation\/"},{"@type":"ListItem","position":2,"name":"Ensemble pour le retour de Mohammed \u00e0 Roubaix"}]},{"@type":"WebSite","@id":"https:\/\/regions-snetap-fsu.fr\/formation\/#website","url":"https:\/\/regions-snetap-fsu.fr\/formation\/","name":"Formation des sites R\u00e9gionaux du SNETAP-FSU","description":"","publisher":{"@id":"https:\/\/regions-snetap-fsu.fr\/formation\/#organization"},"potentialAction":[{"@type":"SearchAction","target":{"@type":"EntryPoint","urlTemplate":"https:\/\/regions-snetap-fsu.fr\/formation\/?s={search_term_string}"},"query-input":{"@type":"PropertyValueSpecification","valueRequired":true,"valueName":"search_term_string"}}],"inLanguage":"fr-FR"},{"@type":"Organization","@id":"https:\/\/regions-snetap-fsu.fr\/formation\/#organization","name":"Formation des sites R\u00e9gionaux du SNETAP-FSU","url":"https:\/\/regions-snetap-fsu.fr\/formation\/","logo":{"@type":"ImageObject","inLanguage":"fr-FR","@id":"https:\/\/regions-snetap-fsu.fr\/formation\/#\/schema\/logo\/image\/","url":"https:\/\/regions-snetap-fsu.fr\/formation\/wp-content\/uploads\/sites\/20\/2025\/04\/cropped-Logo_blanc_fond_transparent_1000x755.png","contentUrl":"https:\/\/regions-snetap-fsu.fr\/formation\/wp-content\/uploads\/sites\/20\/2025\/04\/cropped-Logo_blanc_fond_transparent_1000x755.png","width":998,"height":689,"caption":"Formation des sites R\u00e9gionaux du SNETAP-FSU"},"image":{"@id":"https:\/\/regions-snetap-fsu.fr\/formation\/#\/schema\/logo\/image\/"}},{"@type":"Person","@id":"https:\/\/regions-snetap-fsu.fr\/formation\/#\/schema\/person\/f5dc7b6354e942ca9c5fa8e9ff7e5c93","name":"yoctavien","image":{"@type":"ImageObject","inLanguage":"fr-FR","@id":"https:\/\/secure.gravatar.com\/avatar\/382642c092b6b9da14641d3c478df2f3da4a2d17eea25691c232d4dbf735c292?s=96&d=mm&r=g","url":"https:\/\/secure.gravatar.com\/avatar\/382642c092b6b9da14641d3c478df2f3da4a2d17eea25691c232d4dbf735c292?s=96&d=mm&r=g","contentUrl":"https:\/\/secure.gravatar.com\/avatar\/382642c092b6b9da14641d3c478df2f3da4a2d17eea25691c232d4dbf735c292?s=96&d=mm&r=g","caption":"yoctavien"},"url":"https:\/\/regions-snetap-fsu.fr\/formation\/author\/yoctavien\/"}]}},"_links":{"self":[{"href":"https:\/\/regions-snetap-fsu.fr\/formation\/wp-json\/wp\/v2\/posts\/3112","targetHints":{"allow":["GET"]}}],"collection":[{"href":"https:\/\/regions-snetap-fsu.fr\/formation\/wp-json\/wp\/v2\/posts"}],"about":[{"href":"https:\/\/regions-snetap-fsu.fr\/formation\/wp-json\/wp\/v2\/types\/post"}],"author":[{"embeddable":true,"href":"https:\/\/regions-snetap-fsu.fr\/formation\/wp-json\/wp\/v2\/users\/138"}],"replies":[{"embeddable":true,"href":"https:\/\/regions-snetap-fsu.fr\/formation\/wp-json\/wp\/v2\/comments?post=3112"}],"version-history":[{"count":0,"href":"https:\/\/regions-snetap-fsu.fr\/formation\/wp-json\/wp\/v2\/posts\/3112\/revisions"}],"wp:attachment":[{"href":"https:\/\/regions-snetap-fsu.fr\/formation\/wp-json\/wp\/v2\/media?parent=3112"}],"wp:term":[{"taxonomy":"category","embeddable":true,"href":"https:\/\/regions-snetap-fsu.fr\/formation\/wp-json\/wp\/v2\/categories?post=3112"},{"taxonomy":"post_tag","embeddable":true,"href":"https:\/\/regions-snetap-fsu.fr\/formation\/wp-json\/wp\/v2\/tags?post=3112"},{"taxonomy":"post_folder","embeddable":true,"href":"https:\/\/regions-snetap-fsu.fr\/formation\/wp-json\/wp\/v2\/post_folder?post=3112"}],"curies":[{"name":"wp","href":"https:\/\/api.w.org\/{rel}","templated":true}]}}