{"id":3077,"date":"2019-09-27T15:37:06","date_gmt":"2019-09-27T13:37:06","guid":{"rendered":"https:\/\/regions-snetap-fsu.fr\/hdf\/?p=3077"},"modified":"2019-09-27T15:37:06","modified_gmt":"2019-09-27T13:37:06","slug":"paye-de-septembre-dun-certain-nombre-dacen","status":"publish","type":"post","link":"https:\/\/regions-snetap-fsu.fr\/formation\/2019\/09\/27\/paye-de-septembre-dun-certain-nombre-dacen\/","title":{"rendered":"Paye de septembre d&rsquo;un certain nombre d&rsquo;ACEN"},"content":{"rendered":"<h2 style=\"text-align: center\"><span style=\"font-family: tahoma, arial, helvetica, sans-serif;color: #ff0000\">Dysfonctionnement des payes de septembre d&rsquo;un certain nombre d&rsquo;ACEN<\/span><\/h2>\n<blockquote>\n<p style=\"text-align: justify\"><span style=\"font-family: tahoma, arial, helvetica, sans-serif;color: #0000ff\">Le minist\u00e8re a inform\u00e9 aux repr\u00e9sentants du personnels, dont le SNETAP-FSU, qu&rsquo;un \u00ab\u00a0certain nombre d&rsquo;ACEN\u00a0\u00bb ne recevront pas leur paye de septembre.<\/span><\/p>\n<p style=\"text-align: justify\"><span style=\"font-family: tahoma, arial, helvetica, sans-serif;color: #0000ff\">Les personnels concern\u00e9s doivent saisir, au plus vite, le SNETAP-FSU&#8230;<\/span><\/p>\n<\/blockquote>\n<p><!--more--><\/p>\n<p><img decoding=\"async\" class=\"aligncenter size-medium wp-image-3080\" src=\"https:\/\/regions-snetap-fsu.fr\/hdf\/wp-content\/uploads\/sites\/5\/2019\/09\/Bulletin_paye_27_919-300x95.jpg\" alt=\"\" width=\"300\" height=\"95\" \/><\/p>\n<div style=\"text-align: justify\" align=\"left\"><span style=\"font-family: tahoma, arial, helvetica, sans-serif;color: #0000ff;font-size: 12pt\">Apr\u00e8s un courriel peu pr\u00e9cis du jeudi 26\/09\/2019,\u00a0 le minist\u00e8re a indiqu\u00e9 \u00e0 vos repr\u00e9sentants SNETAP-FSU, vendredi 27\/09\/2019, que 200 ACEN n\u2019\u00e9taient pas r\u00e9mun\u00e9r\u00e9\u00b7es ce mois-ci pour cause de retard et dysfonctionnements divers\u2026 Certain\u00b7es ne recevront qu\u2019une avance le 3 octobre et d\u2019autres seulement le 12 octobre.<\/span><\/div>\n<div style=\"text-align: justify\" align=\"left\"><\/div>\n<div style=\"text-align: justify\" align=\"left\"><span style=\"color: #0000ff;font-family: tahoma, arial, helvetica, sans-serif;font-size: 12pt\">Le SRH a clairement indiqu\u00e9 qu\u2019il s\u2019agissait d\u2019agent\u00b7es qui n\u2019avaient pas transmis leur dossier complet dans les temps\u2026 de leur faute quoi ! Or, il s\u2019av\u00e8re que des ACEN qui ont bien transmis leur dossier dans les temps, d\u00e9s le mois de juillet sont touch\u00e9\u00b7es !<\/span><\/div>\n<div align=\"left\">\n<p style=\"text-align: justify\"><span style=\"color: #0000ff;font-family: tahoma, arial, helvetica, sans-serif;font-size: 12pt\">Bien entendu, l\u2019administration ne veut pas nous transmettre la liste de ces agent\u00b7es et nous garantit que ces agent\u00b7es ont \u00e9t\u00e9 inform\u00e9\u00b7es par les lyc\u00e9es\u2026. Or, nous savons que ce n\u2019est pas le cas, certain\u00b7es ACEN non pay\u00e9\u00b7es l\u2019ayant appris\u00b7es par notre communiqu\u00e9 adress\u00e9 <span id=\"OBJ_PREFIX_DWT1031_com_zimbra_date\" class=\"Object\">hier<\/span> au ministre\u00a0!<\/span><\/p>\n<p style=\"text-align: justify\"><span style=\"text-decoration: underline;font-family: tahoma, arial, helvetica, sans-serif;font-size: 12pt\"><span style=\"color: #000000\"><a style=\"color: #000000;text-decoration: underline\" href=\"https:\/\/www.snetap-fsu.fr\/200-enseignant-es-agents-precaires-sans-l-integralite-de-leur-remuneration-a-la.html\" target=\"_blank\" rel=\"noopener noreferrer\">Lien : SNETAP-FSU &#8211; Communiqu\u00e9 adress\u00e9 au ministre<\/a><\/span><\/span><\/p>\n<p style=\"text-align: justify\"><span style=\"color: #ff0000;font-family: tahoma, arial, helvetica, sans-serif;font-size: 12pt\">Aussi, nous demandons d\u00e9s <span id=\"OBJ_PREFIX_DWT1033_com_zimbra_date\" class=\"Object\">lundi<\/span> 30\/09\/2019 aux agent\u00b7es ACEN (ancien\u00b7nes comme nouveaux\u00b7velles) de vous rapprocher de votre secr\u00e9taire de section ou de nous contacter par l&rsquo;interm\u00e9diaire de ce blog (Onglet : \u00ab\u00a0Nous contacter\u00a0\u00bb) si malheureusement vous \u00eates de la liste des 200 \u00ab\u00a0non pay\u00e9\u00b7es\u00a0\u00bb.<\/span><\/p>\n<p style=\"text-align: justify\"><span style=\"color: #0000ff;font-family: tahoma, arial, helvetica, sans-serif;font-size: 12pt\">Le minist\u00e8re refuse par ailleurs d\u2019engager \u00ab de lui-m\u00eame \u00bb des proc\u00e9dures d\u2019avance d\u2019aide financi\u00e8re (dossier mont\u00e9 par l\u2019assistant\u00b7e social\u00b7e DRAAF), consid\u00e9rant finalement que c\u2019est un peu de la faute des agent\u00b7es&#8230; qu\u2019ils doivent donc en plus faire des d\u00e9marches pour \u00ab qu\u00e9mander \u00bb cette aide. C\u2019est \u00e9videmment totalement inacceptable. <\/span><\/p>\n<p style=\"text-align: justify\"><span style=\"font-family: tahoma, arial, helvetica, sans-serif;color: #0000ff;font-size: 12pt\">Aussi, les sections concern\u00e9es doivent imm\u00e9diatement alerter la direction qui devra, \u00e0 son niveau prendre ses responsabilit\u00e9s (elle est responsable des conditions de travail des agents. Or un agent non r\u00e9mun\u00e9r\u00e9 est n\u00e9cessairement un agent en souffrance !)<\/span><\/p>\n<p style=\"text-align: justify\"><span style=\"color: #0000ff;font-family: tahoma, arial, helvetica, sans-serif;font-size: 12pt\">Le versement normal des paies devait se faire le 26\/09\/19 (selon le fonctionnement des \u00e9tablissements bancaires, il peut y avoir un d\u00e9calage de 24 heures sur les relev\u00e9s bancaires).<\/span><\/p>\n<\/div>\n","protected":false},"excerpt":{"rendered":"<p>Dysfonctionnement des payes de septembre d&rsquo;un certain nombre d&rsquo;ACEN Le minist\u00e8re a inform\u00e9 aux repr\u00e9sentants du personnels, dont le SNETAP-FSU, qu&rsquo;un \u00ab\u00a0certain nombre d&rsquo;ACEN\u00a0\u00bb ne recevront pas leur paye de septembre. Les personnels concern\u00e9s doivent saisir, au plus vite, le SNETAP-FSU&#8230;<\/p>\n","protected":false},"author":138,"featured_media":0,"comment_status":"closed","ping_status":"closed","sticky":false,"template":"","format":"standard","meta":{"ocean_post_layout":"","ocean_both_sidebars_style":"","ocean_both_sidebars_content_width":0,"ocean_both_sidebars_sidebars_width":0,"ocean_sidebar":"","ocean_second_sidebar":"","ocean_disable_margins":"enable","ocean_add_body_class":"","ocean_shortcode_before_top_bar":"","ocean_shortcode_after_top_bar":"","ocean_shortcode_before_header":"","ocean_shortcode_after_header":"","ocean_has_shortcode":"","ocean_shortcode_after_title":"","ocean_shortcode_before_footer_widgets":"","ocean_shortcode_after_footer_widgets":"","ocean_shortcode_before_footer_bottom":"","ocean_shortcode_after_footer_bottom":"","ocean_display_top_bar":"default","ocean_display_header":"default","ocean_header_style":"","ocean_center_header_left_menu":"","ocean_custom_header_template":"","ocean_custom_logo":0,"ocean_custom_retina_logo":0,"ocean_custom_logo_max_width":0,"ocean_custom_logo_tablet_max_width":0,"ocean_custom_logo_mobile_max_width":0,"ocean_custom_logo_max_height":0,"ocean_custom_logo_tablet_max_height":0,"ocean_custom_logo_mobile_max_height":0,"ocean_header_custom_menu":"","ocean_menu_typo_font_family":"","ocean_menu_typo_font_subset":"","ocean_menu_typo_font_size":0,"ocean_menu_typo_font_size_tablet":0,"ocean_menu_typo_font_size_mobile":0,"ocean_menu_typo_font_size_unit":"px","ocean_menu_typo_font_weight":"","ocean_menu_typo_font_weight_tablet":"","ocean_menu_typo_font_weight_mobile":"","ocean_menu_typo_transform":"","ocean_menu_typo_transform_tablet":"","ocean_menu_typo_transform_mobile":"","ocean_menu_typo_line_height":0,"ocean_menu_typo_line_height_tablet":0,"ocean_menu_typo_line_height_mobile":0,"ocean_menu_typo_line_height_unit":"","ocean_menu_typo_spacing":0,"ocean_menu_typo_spacing_tablet":0,"ocean_menu_typo_spacing_mobile":0,"ocean_menu_typo_spacing_unit":"","ocean_menu_link_color":"","ocean_menu_link_color_hover":"","ocean_menu_link_color_active":"","ocean_menu_link_background":"","ocean_menu_link_hover_background":"","ocean_menu_link_active_background":"","ocean_menu_social_links_bg":"","ocean_menu_social_hover_links_bg":"","ocean_menu_social_links_color":"","ocean_menu_social_hover_links_color":"","ocean_disable_title":"default","ocean_disable_heading":"default","ocean_post_title":"","ocean_post_subheading":"","ocean_post_title_style":"","ocean_post_title_background_color":"","ocean_post_title_background":0,"ocean_post_title_bg_image_position":"","ocean_post_title_bg_image_attachment":"","ocean_post_title_bg_image_repeat":"","ocean_post_title_bg_image_size":"","ocean_post_title_height":0,"ocean_post_title_bg_overlay":0.5,"ocean_post_title_bg_overlay_color":"","ocean_disable_breadcrumbs":"default","ocean_breadcrumbs_color":"","ocean_breadcrumbs_separator_color":"","ocean_breadcrumbs_links_color":"","ocean_breadcrumbs_links_hover_color":"","ocean_display_footer_widgets":"default","ocean_display_footer_bottom":"default","ocean_custom_footer_template":"","ocean_post_oembed":"","ocean_post_self_hosted_media":"","ocean_post_video_embed":"","ocean_link_format":"","ocean_link_format_target":"self","ocean_quote_format":"","ocean_quote_format_link":"post","ocean_gallery_link_images":"on","ocean_gallery_id":[],"footnotes":""},"categories":[11],"tags":[],"post_folder":[],"class_list":["post-3077","post","type-post","status-publish","format-standard","hentry","category-communiques","entry"],"yoast_head":"<!-- This site is optimized with the Yoast SEO plugin v27.4 - https:\/\/yoast.com\/product\/yoast-seo-wordpress\/ -->\n<title>Paye de septembre d&#039;un certain nombre d&#039;ACEN - Formation des sites R\u00e9gionaux du SNETAP-FSU<\/title>\n<meta name=\"robots\" content=\"index, follow, max-snippet:-1, max-image-preview:large, max-video-preview:-1\" \/>\n<link rel=\"canonical\" href=\"https:\/\/regions-snetap-fsu.fr\/formation\/2019\/09\/27\/paye-de-septembre-dun-certain-nombre-dacen\/\" \/>\n<meta property=\"og:locale\" content=\"fr_FR\" \/>\n<meta property=\"og:type\" content=\"article\" \/>\n<meta property=\"og:title\" content=\"Paye de septembre d&#039;un certain nombre d&#039;ACEN - Formation des sites R\u00e9gionaux du SNETAP-FSU\" \/>\n<meta property=\"og:description\" content=\"Dysfonctionnement des payes de septembre d&rsquo;un certain nombre d&rsquo;ACEN Le minist\u00e8re a inform\u00e9 aux repr\u00e9sentants du personnels, dont le SNETAP-FSU, qu&rsquo;un \u00ab\u00a0certain nombre d&rsquo;ACEN\u00a0\u00bb ne recevront pas leur paye de septembre. Les personnels concern\u00e9s doivent saisir, au plus vite, le SNETAP-FSU&#8230;\" \/>\n<meta property=\"og:url\" content=\"https:\/\/regions-snetap-fsu.fr\/formation\/2019\/09\/27\/paye-de-septembre-dun-certain-nombre-dacen\/\" \/>\n<meta property=\"og:site_name\" content=\"Formation des sites R\u00e9gionaux du SNETAP-FSU\" \/>\n<meta property=\"article:published_time\" content=\"2019-09-27T13:37:06+00:00\" \/>\n<meta name=\"author\" content=\"yoctavien\" \/>\n<meta name=\"twitter:card\" content=\"summary_large_image\" \/>\n<meta name=\"twitter:label1\" content=\"\u00c9crit par\" \/>\n\t<meta name=\"twitter:data1\" content=\"yoctavien\" \/>\n\t<meta name=\"twitter:label2\" content=\"Dur\u00e9e de lecture estim\u00e9e\" \/>\n\t<meta name=\"twitter:data2\" content=\"2 minutes\" \/>\n<script type=\"application\/ld+json\" class=\"yoast-schema-graph\">{\"@context\":\"https:\\\/\\\/schema.org\",\"@graph\":[{\"@type\":\"Article\",\"@id\":\"https:\\\/\\\/regions-snetap-fsu.fr\\\/formation\\\/2019\\\/09\\\/27\\\/paye-de-septembre-dun-certain-nombre-dacen\\\/#article\",\"isPartOf\":{\"@id\":\"https:\\\/\\\/regions-snetap-fsu.fr\\\/formation\\\/2019\\\/09\\\/27\\\/paye-de-septembre-dun-certain-nombre-dacen\\\/\"},\"author\":{\"name\":\"yoctavien\",\"@id\":\"https:\\\/\\\/regions-snetap-fsu.fr\\\/formation\\\/#\\\/schema\\\/person\\\/f5dc7b6354e942ca9c5fa8e9ff7e5c93\"},\"headline\":\"Paye de septembre d&rsquo;un certain nombre d&rsquo;ACEN\",\"datePublished\":\"2019-09-27T13:37:06+00:00\",\"mainEntityOfPage\":{\"@id\":\"https:\\\/\\\/regions-snetap-fsu.fr\\\/formation\\\/2019\\\/09\\\/27\\\/paye-de-septembre-dun-certain-nombre-dacen\\\/\"},\"wordCount\":409,\"publisher\":{\"@id\":\"https:\\\/\\\/regions-snetap-fsu.fr\\\/formation\\\/#organization\"},\"image\":{\"@id\":\"https:\\\/\\\/regions-snetap-fsu.fr\\\/formation\\\/2019\\\/09\\\/27\\\/paye-de-septembre-dun-certain-nombre-dacen\\\/#primaryimage\"},\"thumbnailUrl\":\"https:\\\/\\\/regions-snetap-fsu.fr\\\/hdf\\\/wp-content\\\/uploads\\\/sites\\\/5\\\/2019\\\/09\\\/Bulletin_paye_27_919-300x95.jpg\",\"articleSection\":[\"Communiqu\u00e9s\"],\"inLanguage\":\"fr-FR\"},{\"@type\":\"WebPage\",\"@id\":\"https:\\\/\\\/regions-snetap-fsu.fr\\\/formation\\\/2019\\\/09\\\/27\\\/paye-de-septembre-dun-certain-nombre-dacen\\\/\",\"url\":\"https:\\\/\\\/regions-snetap-fsu.fr\\\/formation\\\/2019\\\/09\\\/27\\\/paye-de-septembre-dun-certain-nombre-dacen\\\/\",\"name\":\"Paye de septembre d'un certain nombre d'ACEN - Formation des sites R\u00e9gionaux du SNETAP-FSU\",\"isPartOf\":{\"@id\":\"https:\\\/\\\/regions-snetap-fsu.fr\\\/formation\\\/#website\"},\"primaryImageOfPage\":{\"@id\":\"https:\\\/\\\/regions-snetap-fsu.fr\\\/formation\\\/2019\\\/09\\\/27\\\/paye-de-septembre-dun-certain-nombre-dacen\\\/#primaryimage\"},\"image\":{\"@id\":\"https:\\\/\\\/regions-snetap-fsu.fr\\\/formation\\\/2019\\\/09\\\/27\\\/paye-de-septembre-dun-certain-nombre-dacen\\\/#primaryimage\"},\"thumbnailUrl\":\"https:\\\/\\\/regions-snetap-fsu.fr\\\/hdf\\\/wp-content\\\/uploads\\\/sites\\\/5\\\/2019\\\/09\\\/Bulletin_paye_27_919-300x95.jpg\",\"datePublished\":\"2019-09-27T13:37:06+00:00\",\"breadcrumb\":{\"@id\":\"https:\\\/\\\/regions-snetap-fsu.fr\\\/formation\\\/2019\\\/09\\\/27\\\/paye-de-septembre-dun-certain-nombre-dacen\\\/#breadcrumb\"},\"inLanguage\":\"fr-FR\",\"potentialAction\":[{\"@type\":\"ReadAction\",\"target\":[\"https:\\\/\\\/regions-snetap-fsu.fr\\\/formation\\\/2019\\\/09\\\/27\\\/paye-de-septembre-dun-certain-nombre-dacen\\\/\"]}]},{\"@type\":\"ImageObject\",\"inLanguage\":\"fr-FR\",\"@id\":\"https:\\\/\\\/regions-snetap-fsu.fr\\\/formation\\\/2019\\\/09\\\/27\\\/paye-de-septembre-dun-certain-nombre-dacen\\\/#primaryimage\",\"url\":\"https:\\\/\\\/regions-snetap-fsu.fr\\\/hdf\\\/wp-content\\\/uploads\\\/sites\\\/5\\\/2019\\\/09\\\/Bulletin_paye_27_919-300x95.jpg\",\"contentUrl\":\"https:\\\/\\\/regions-snetap-fsu.fr\\\/hdf\\\/wp-content\\\/uploads\\\/sites\\\/5\\\/2019\\\/09\\\/Bulletin_paye_27_919-300x95.jpg\"},{\"@type\":\"BreadcrumbList\",\"@id\":\"https:\\\/\\\/regions-snetap-fsu.fr\\\/formation\\\/2019\\\/09\\\/27\\\/paye-de-septembre-dun-certain-nombre-dacen\\\/#breadcrumb\",\"itemListElement\":[{\"@type\":\"ListItem\",\"position\":1,\"name\":\"Accueil\",\"item\":\"https:\\\/\\\/regions-snetap-fsu.fr\\\/formation\\\/\"},{\"@type\":\"ListItem\",\"position\":2,\"name\":\"Paye de septembre d&rsquo;un certain nombre d&rsquo;ACEN\"}]},{\"@type\":\"WebSite\",\"@id\":\"https:\\\/\\\/regions-snetap-fsu.fr\\\/formation\\\/#website\",\"url\":\"https:\\\/\\\/regions-snetap-fsu.fr\\\/formation\\\/\",\"name\":\"Formation des sites R\u00e9gionaux du SNETAP-FSU\",\"description\":\"\",\"publisher\":{\"@id\":\"https:\\\/\\\/regions-snetap-fsu.fr\\\/formation\\\/#organization\"},\"potentialAction\":[{\"@type\":\"SearchAction\",\"target\":{\"@type\":\"EntryPoint\",\"urlTemplate\":\"https:\\\/\\\/regions-snetap-fsu.fr\\\/formation\\\/?s={search_term_string}\"},\"query-input\":{\"@type\":\"PropertyValueSpecification\",\"valueRequired\":true,\"valueName\":\"search_term_string\"}}],\"inLanguage\":\"fr-FR\"},{\"@type\":\"Organization\",\"@id\":\"https:\\\/\\\/regions-snetap-fsu.fr\\\/formation\\\/#organization\",\"name\":\"Formation des sites R\u00e9gionaux du SNETAP-FSU\",\"url\":\"https:\\\/\\\/regions-snetap-fsu.fr\\\/formation\\\/\",\"logo\":{\"@type\":\"ImageObject\",\"inLanguage\":\"fr-FR\",\"@id\":\"https:\\\/\\\/regions-snetap-fsu.fr\\\/formation\\\/#\\\/schema\\\/logo\\\/image\\\/\",\"url\":\"https:\\\/\\\/regions-snetap-fsu.fr\\\/formation\\\/wp-content\\\/uploads\\\/sites\\\/20\\\/2025\\\/04\\\/cropped-Logo_blanc_fond_transparent_1000x755.png\",\"contentUrl\":\"https:\\\/\\\/regions-snetap-fsu.fr\\\/formation\\\/wp-content\\\/uploads\\\/sites\\\/20\\\/2025\\\/04\\\/cropped-Logo_blanc_fond_transparent_1000x755.png\",\"width\":998,\"height\":689,\"caption\":\"Formation des sites R\u00e9gionaux du SNETAP-FSU\"},\"image\":{\"@id\":\"https:\\\/\\\/regions-snetap-fsu.fr\\\/formation\\\/#\\\/schema\\\/logo\\\/image\\\/\"}},{\"@type\":\"Person\",\"@id\":\"https:\\\/\\\/regions-snetap-fsu.fr\\\/formation\\\/#\\\/schema\\\/person\\\/f5dc7b6354e942ca9c5fa8e9ff7e5c93\",\"name\":\"yoctavien\",\"image\":{\"@type\":\"ImageObject\",\"inLanguage\":\"fr-FR\",\"@id\":\"https:\\\/\\\/secure.gravatar.com\\\/avatar\\\/382642c092b6b9da14641d3c478df2f3da4a2d17eea25691c232d4dbf735c292?s=96&d=mm&r=g\",\"url\":\"https:\\\/\\\/secure.gravatar.com\\\/avatar\\\/382642c092b6b9da14641d3c478df2f3da4a2d17eea25691c232d4dbf735c292?s=96&d=mm&r=g\",\"contentUrl\":\"https:\\\/\\\/secure.gravatar.com\\\/avatar\\\/382642c092b6b9da14641d3c478df2f3da4a2d17eea25691c232d4dbf735c292?s=96&d=mm&r=g\",\"caption\":\"yoctavien\"},\"url\":\"https:\\\/\\\/regions-snetap-fsu.fr\\\/formation\\\/author\\\/yoctavien\\\/\"}]}<\/script>\n<!-- \/ Yoast SEO plugin. -->","yoast_head_json":{"title":"Paye de septembre d'un certain nombre d'ACEN - Formation des sites R\u00e9gionaux du SNETAP-FSU","robots":{"index":"index","follow":"follow","max-snippet":"max-snippet:-1","max-image-preview":"max-image-preview:large","max-video-preview":"max-video-preview:-1"},"canonical":"https:\/\/regions-snetap-fsu.fr\/formation\/2019\/09\/27\/paye-de-septembre-dun-certain-nombre-dacen\/","og_locale":"fr_FR","og_type":"article","og_title":"Paye de septembre d'un certain nombre d'ACEN - Formation des sites R\u00e9gionaux du SNETAP-FSU","og_description":"Dysfonctionnement des payes de septembre d&rsquo;un certain nombre d&rsquo;ACEN Le minist\u00e8re a inform\u00e9 aux repr\u00e9sentants du personnels, dont le SNETAP-FSU, qu&rsquo;un \u00ab\u00a0certain nombre d&rsquo;ACEN\u00a0\u00bb ne recevront pas leur paye de septembre. Les personnels concern\u00e9s doivent saisir, au plus vite, le SNETAP-FSU&#8230;","og_url":"https:\/\/regions-snetap-fsu.fr\/formation\/2019\/09\/27\/paye-de-septembre-dun-certain-nombre-dacen\/","og_site_name":"Formation des sites R\u00e9gionaux du SNETAP-FSU","article_published_time":"2019-09-27T13:37:06+00:00","author":"yoctavien","twitter_card":"summary_large_image","twitter_misc":{"\u00c9crit par":"yoctavien","Dur\u00e9e de lecture estim\u00e9e":"2 minutes"},"schema":{"@context":"https:\/\/schema.org","@graph":[{"@type":"Article","@id":"https:\/\/regions-snetap-fsu.fr\/formation\/2019\/09\/27\/paye-de-septembre-dun-certain-nombre-dacen\/#article","isPartOf":{"@id":"https:\/\/regions-snetap-fsu.fr\/formation\/2019\/09\/27\/paye-de-septembre-dun-certain-nombre-dacen\/"},"author":{"name":"yoctavien","@id":"https:\/\/regions-snetap-fsu.fr\/formation\/#\/schema\/person\/f5dc7b6354e942ca9c5fa8e9ff7e5c93"},"headline":"Paye de septembre d&rsquo;un certain nombre d&rsquo;ACEN","datePublished":"2019-09-27T13:37:06+00:00","mainEntityOfPage":{"@id":"https:\/\/regions-snetap-fsu.fr\/formation\/2019\/09\/27\/paye-de-septembre-dun-certain-nombre-dacen\/"},"wordCount":409,"publisher":{"@id":"https:\/\/regions-snetap-fsu.fr\/formation\/#organization"},"image":{"@id":"https:\/\/regions-snetap-fsu.fr\/formation\/2019\/09\/27\/paye-de-septembre-dun-certain-nombre-dacen\/#primaryimage"},"thumbnailUrl":"https:\/\/regions-snetap-fsu.fr\/hdf\/wp-content\/uploads\/sites\/5\/2019\/09\/Bulletin_paye_27_919-300x95.jpg","articleSection":["Communiqu\u00e9s"],"inLanguage":"fr-FR"},{"@type":"WebPage","@id":"https:\/\/regions-snetap-fsu.fr\/formation\/2019\/09\/27\/paye-de-septembre-dun-certain-nombre-dacen\/","url":"https:\/\/regions-snetap-fsu.fr\/formation\/2019\/09\/27\/paye-de-septembre-dun-certain-nombre-dacen\/","name":"Paye de septembre d'un certain nombre d'ACEN - Formation des sites R\u00e9gionaux du SNETAP-FSU","isPartOf":{"@id":"https:\/\/regions-snetap-fsu.fr\/formation\/#website"},"primaryImageOfPage":{"@id":"https:\/\/regions-snetap-fsu.fr\/formation\/2019\/09\/27\/paye-de-septembre-dun-certain-nombre-dacen\/#primaryimage"},"image":{"@id":"https:\/\/regions-snetap-fsu.fr\/formation\/2019\/09\/27\/paye-de-septembre-dun-certain-nombre-dacen\/#primaryimage"},"thumbnailUrl":"https:\/\/regions-snetap-fsu.fr\/hdf\/wp-content\/uploads\/sites\/5\/2019\/09\/Bulletin_paye_27_919-300x95.jpg","datePublished":"2019-09-27T13:37:06+00:00","breadcrumb":{"@id":"https:\/\/regions-snetap-fsu.fr\/formation\/2019\/09\/27\/paye-de-septembre-dun-certain-nombre-dacen\/#breadcrumb"},"inLanguage":"fr-FR","potentialAction":[{"@type":"ReadAction","target":["https:\/\/regions-snetap-fsu.fr\/formation\/2019\/09\/27\/paye-de-septembre-dun-certain-nombre-dacen\/"]}]},{"@type":"ImageObject","inLanguage":"fr-FR","@id":"https:\/\/regions-snetap-fsu.fr\/formation\/2019\/09\/27\/paye-de-septembre-dun-certain-nombre-dacen\/#primaryimage","url":"https:\/\/regions-snetap-fsu.fr\/hdf\/wp-content\/uploads\/sites\/5\/2019\/09\/Bulletin_paye_27_919-300x95.jpg","contentUrl":"https:\/\/regions-snetap-fsu.fr\/hdf\/wp-content\/uploads\/sites\/5\/2019\/09\/Bulletin_paye_27_919-300x95.jpg"},{"@type":"BreadcrumbList","@id":"https:\/\/regions-snetap-fsu.fr\/formation\/2019\/09\/27\/paye-de-septembre-dun-certain-nombre-dacen\/#breadcrumb","itemListElement":[{"@type":"ListItem","position":1,"name":"Accueil","item":"https:\/\/regions-snetap-fsu.fr\/formation\/"},{"@type":"ListItem","position":2,"name":"Paye de septembre d&rsquo;un certain nombre d&rsquo;ACEN"}]},{"@type":"WebSite","@id":"https:\/\/regions-snetap-fsu.fr\/formation\/#website","url":"https:\/\/regions-snetap-fsu.fr\/formation\/","name":"Formation des sites R\u00e9gionaux du SNETAP-FSU","description":"","publisher":{"@id":"https:\/\/regions-snetap-fsu.fr\/formation\/#organization"},"potentialAction":[{"@type":"SearchAction","target":{"@type":"EntryPoint","urlTemplate":"https:\/\/regions-snetap-fsu.fr\/formation\/?s={search_term_string}"},"query-input":{"@type":"PropertyValueSpecification","valueRequired":true,"valueName":"search_term_string"}}],"inLanguage":"fr-FR"},{"@type":"Organization","@id":"https:\/\/regions-snetap-fsu.fr\/formation\/#organization","name":"Formation des sites R\u00e9gionaux du SNETAP-FSU","url":"https:\/\/regions-snetap-fsu.fr\/formation\/","logo":{"@type":"ImageObject","inLanguage":"fr-FR","@id":"https:\/\/regions-snetap-fsu.fr\/formation\/#\/schema\/logo\/image\/","url":"https:\/\/regions-snetap-fsu.fr\/formation\/wp-content\/uploads\/sites\/20\/2025\/04\/cropped-Logo_blanc_fond_transparent_1000x755.png","contentUrl":"https:\/\/regions-snetap-fsu.fr\/formation\/wp-content\/uploads\/sites\/20\/2025\/04\/cropped-Logo_blanc_fond_transparent_1000x755.png","width":998,"height":689,"caption":"Formation des sites R\u00e9gionaux du SNETAP-FSU"},"image":{"@id":"https:\/\/regions-snetap-fsu.fr\/formation\/#\/schema\/logo\/image\/"}},{"@type":"Person","@id":"https:\/\/regions-snetap-fsu.fr\/formation\/#\/schema\/person\/f5dc7b6354e942ca9c5fa8e9ff7e5c93","name":"yoctavien","image":{"@type":"ImageObject","inLanguage":"fr-FR","@id":"https:\/\/secure.gravatar.com\/avatar\/382642c092b6b9da14641d3c478df2f3da4a2d17eea25691c232d4dbf735c292?s=96&d=mm&r=g","url":"https:\/\/secure.gravatar.com\/avatar\/382642c092b6b9da14641d3c478df2f3da4a2d17eea25691c232d4dbf735c292?s=96&d=mm&r=g","contentUrl":"https:\/\/secure.gravatar.com\/avatar\/382642c092b6b9da14641d3c478df2f3da4a2d17eea25691c232d4dbf735c292?s=96&d=mm&r=g","caption":"yoctavien"},"url":"https:\/\/regions-snetap-fsu.fr\/formation\/author\/yoctavien\/"}]}},"_links":{"self":[{"href":"https:\/\/regions-snetap-fsu.fr\/formation\/wp-json\/wp\/v2\/posts\/3077","targetHints":{"allow":["GET"]}}],"collection":[{"href":"https:\/\/regions-snetap-fsu.fr\/formation\/wp-json\/wp\/v2\/posts"}],"about":[{"href":"https:\/\/regions-snetap-fsu.fr\/formation\/wp-json\/wp\/v2\/types\/post"}],"author":[{"embeddable":true,"href":"https:\/\/regions-snetap-fsu.fr\/formation\/wp-json\/wp\/v2\/users\/138"}],"replies":[{"embeddable":true,"href":"https:\/\/regions-snetap-fsu.fr\/formation\/wp-json\/wp\/v2\/comments?post=3077"}],"version-history":[{"count":0,"href":"https:\/\/regions-snetap-fsu.fr\/formation\/wp-json\/wp\/v2\/posts\/3077\/revisions"}],"wp:attachment":[{"href":"https:\/\/regions-snetap-fsu.fr\/formation\/wp-json\/wp\/v2\/media?parent=3077"}],"wp:term":[{"taxonomy":"category","embeddable":true,"href":"https:\/\/regions-snetap-fsu.fr\/formation\/wp-json\/wp\/v2\/categories?post=3077"},{"taxonomy":"post_tag","embeddable":true,"href":"https:\/\/regions-snetap-fsu.fr\/formation\/wp-json\/wp\/v2\/tags?post=3077"},{"taxonomy":"post_folder","embeddable":true,"href":"https:\/\/regions-snetap-fsu.fr\/formation\/wp-json\/wp\/v2\/post_folder?post=3077"}],"curies":[{"name":"wp","href":"https:\/\/api.w.org\/{rel}","templated":true}]}}