{"id":3052,"date":"2019-09-22T11:30:22","date_gmt":"2019-09-22T09:30:22","guid":{"rendered":"https:\/\/regions-snetap-fsu.fr\/hdf\/?p=3052"},"modified":"2019-09-22T11:30:22","modified_gmt":"2019-09-22T09:30:22","slug":"24-septembre-manifestations-contre-le-projet-de-loi-retraites","status":"publish","type":"post","link":"https:\/\/regions-snetap-fsu.fr\/formation\/2019\/09\/22\/24-septembre-manifestations-contre-le-projet-de-loi-retraites\/","title":{"rendered":"24 septembre : Manifestations contre le projet de Loi Retraites"},"content":{"rendered":"<h2 style=\"text-align: center\"><span style=\"font-family: tahoma, arial, helvetica, sans-serif;color: #ff0000\">24 septembre : Manifestations dans les Hauts-de-France contre le projet de Loi Retraites du gouvernement<\/span><\/h2>\n<blockquote>\n<h3 class=\"soustitre\" style=\"text-align: center\"><span style=\"color: #008080;font-family: tahoma, arial, helvetica, sans-serif\">Retraites par point Attention danger\u00a0!!!<\/span><\/h3>\n<p style=\"text-align: justify\"><span style=\"font-family: tahoma, arial, helvetica, sans-serif;color: #0000ff\">Le projet de loi Retraites du gouvernement est bien avanc\u00e9. Son objectif : diminuer le montant des pensions de toutes et tous, les enseignant\u00b7es \u00e9tant particuli\u00e8rement vis\u00e9\u00b7es avec une perte du montant estim\u00e9 de la retraite compris entre 23 et 30 % \u2026 si dur\u00e9e compl\u00e8te de cotisation&#8230;<\/span><\/p>\n<\/blockquote>\n<p><!--more--><\/p>\n<p><img decoding=\"async\" class=\"aligncenter size-medium wp-image-3057\" src=\"https:\/\/regions-snetap-fsu.fr\/hdf\/wp-content\/uploads\/sites\/5\/2019\/09\/Panneau_attention_retraite_22_919-300x158.jpg\" alt=\"\" width=\"300\" height=\"158\" \/><\/p>\n<p style=\"text-align: justify\"><span style=\"font-family: tahoma, arial, helvetica, sans-serif;color: #0000ff\">La FSU apporte son soutien \u00e0 la journ\u00e9e d\u2019action du 24 septembre initi\u00e9e par la CGT .<\/span><\/p>\n<p style=\"text-align: justify\"><span style=\"font-family: tahoma, arial, helvetica, sans-serif;color: #0000ff\">Elle appelle ceux et celles qui le peuvent \u00e0 se joindre aux manifestations pr\u00e9vues dans les Hauts-de-France.<\/span><\/p>\n<p style=\"text-align: center\"><strong><span style=\"color: #ff0000;font-family: tahoma, arial, helvetica, sans-serif\">Manifestation r\u00e9gionale \u00e0 Lille, 14h30, Porte de Paris.<\/span><br class=\"autobr\" \/><\/strong><\/p>\n<p style=\"text-align: justify\"><span style=\"color: #0000ff;font-family: tahoma, arial, helvetica, sans-serif\">D\u2019autres manifestations sont pr\u00e9vues le matin et\/ou en cours de d\u00e9cision.<\/span><\/p>\n<p><span style=\"font-family: tahoma, arial, helvetica, sans-serif;color: #0000ff\">Entre autres :<\/span><\/p>\n<ul>\n<li><span style=\"color: #ff0000;font-family: tahoma, arial, helvetica, sans-serif\"><strong>Boulogne sur mer<\/strong>, 9h30, bourse du travail.<\/span><\/li>\n<li><span style=\"color: #ff0000;font-family: tahoma, arial, helvetica, sans-serif\"><strong>Creil<\/strong>, 14h, H\u00f4pital de Creil.<\/span><\/li>\n<\/ul>\n<p><span style=\"font-family: tahoma, arial, helvetica, sans-serif;color: #0000ff\">La liste sera mise \u00e0 jour au fur et \u00e0 mesure.<\/span><\/p>\n<p style=\"text-align: justify\"><span style=\"font-family: tahoma, arial, helvetica, sans-serif;color: #0000ff\">Un pr\u00e9avis national a \u00e9t\u00e9 d\u00e9pos\u00e9 par la FSU et d\u2019ores et d\u00e9j\u00e0, le Snetap-FSU a d\u00e9pos\u00e9 un pr\u00e9avis de gr\u00e8ve sp\u00e9cifique pour la journ\u00e9e du 24 septembre afin de permettre \u00e0 tous les agent\u00b7es qui le souhaitent de faire gr\u00e8ve et de se joindre \u00e0 tous les rassemblements pr\u00e9vus ce jour.<br \/>\n<\/span><\/p>\n<p><span style=\"font-family: tahoma, arial, helvetica, sans-serif\"><a href=\"https:\/\/www.snetap-fsu.fr\/IMG\/pdf\/preavis_24_septembre_2019-2.pdf\" target=\"_blank\" rel=\"noopener noreferrer\"><span style=\"text-decoration: underline\"><span style=\"color: #000000;text-decoration: underline\">Lien : SNETAP-FSU &#8211; le pr\u00e9avis de gr\u00e8ve pour le 24 septembre 2019 adress\u00e9 \u00e0 M. Didier Guillaume, Ministre de l\u2019Agriculture.<\/span><\/span><\/a><\/span><\/p>\n<p><span style=\"text-decoration: underline\"><span style=\"color: #000000\"><a style=\"color: #000000;text-decoration: underline\" href=\"https:\/\/www.snetap-fsu.fr\/Reforme-gouvernementale-des-retraites-a-tres-haut-risque-dans-la-Fonction.html\" target=\"_blank\" rel=\"noopener noreferrer\"><span style=\"font-family: tahoma, arial, helvetica, sans-serif\">Lien : SNETAP-FSU &#8211; R\u00e9forme gouvernementale des retraites : \u00e0 tr\u00e8s haut risque dans la Fonction publique !<\/span><\/a><\/span><\/span><\/p>\n<p><span style=\"font-family: tahoma, arial, helvetica, sans-serif;color: #ff0000\">Ci-dessous trois visuels pour la fabrication de pancartes :<\/span><\/p>\n<p><a href=\"https:\/\/webmail.laposte.net\/service\/home\/~\/?auth=co&amp;loc=fr&amp;id=35672&amp;part=3\" target=\"_blank\" rel=\"noopener noreferrer\"><span style=\"text-decoration: underline\"><span style=\"color: #000000;font-family: tahoma, arial, helvetica, sans-serif;text-decoration: underline\">Lien : Visuel FSU &#8211; La retraite on la veut meilleure<\/span><\/span><\/a><\/p>\n<p><a href=\"https:\/\/webmail.laposte.net\/service\/home\/~\/?auth=co&amp;loc=fr&amp;id=35672&amp;part=4\" target=\"_blank\" rel=\"noopener noreferrer\"><span style=\"text-decoration: underline\"><span style=\"font-family: tahoma, arial, helvetica, sans-serif;color: #000000;text-decoration: underline\">Lien : Visuel FSU &#8211; La retraite \u00e0 points, on va s&rsquo;en occuper jusqu&rsquo;au dernier point<\/span><\/span><\/a><\/p>\n<p><a href=\"https:\/\/webmail.laposte.net\/service\/home\/~\/?auth=co&amp;loc=fr&amp;id=35672&amp;part=2\" target=\"_blank\" rel=\"noopener noreferrer\"><span style=\"text-decoration: underline\"><span style=\"font-family: tahoma, arial, helvetica, sans-serif;color: #000000;text-decoration: underline\">Lien : Visuel FSU -Retraite In\u00e9galit\u00e9 Hommes\/Femmes<\/span><\/span><\/a><\/p>\n<p>&nbsp;<\/p>\n","protected":false},"excerpt":{"rendered":"<p>24 septembre : Manifestations dans les Hauts-de-France contre le projet de Loi Retraites du gouvernement Retraites par point Attention danger\u00a0!!! Le projet de loi Retraites du gouvernement est bien avanc\u00e9. Son objectif : diminuer le montant des pensions de toutes et tous, les enseignant\u00b7es \u00e9tant particuli\u00e8rement vis\u00e9\u00b7es avec une perte du montant estim\u00e9 de la [&hellip;]<\/p>\n","protected":false},"author":138,"featured_media":0,"comment_status":"closed","ping_status":"closed","sticky":false,"template":"","format":"standard","meta":{"ocean_post_layout":"","ocean_both_sidebars_style":"","ocean_both_sidebars_content_width":0,"ocean_both_sidebars_sidebars_width":0,"ocean_sidebar":"","ocean_second_sidebar":"","ocean_disable_margins":"enable","ocean_add_body_class":"","ocean_shortcode_before_top_bar":"","ocean_shortcode_after_top_bar":"","ocean_shortcode_before_header":"","ocean_shortcode_after_header":"","ocean_has_shortcode":"","ocean_shortcode_after_title":"","ocean_shortcode_before_footer_widgets":"","ocean_shortcode_after_footer_widgets":"","ocean_shortcode_before_footer_bottom":"","ocean_shortcode_after_footer_bottom":"","ocean_display_top_bar":"default","ocean_display_header":"default","ocean_header_style":"","ocean_center_header_left_menu":"","ocean_custom_header_template":"","ocean_custom_logo":0,"ocean_custom_retina_logo":0,"ocean_custom_logo_max_width":0,"ocean_custom_logo_tablet_max_width":0,"ocean_custom_logo_mobile_max_width":0,"ocean_custom_logo_max_height":0,"ocean_custom_logo_tablet_max_height":0,"ocean_custom_logo_mobile_max_height":0,"ocean_header_custom_menu":"","ocean_menu_typo_font_family":"","ocean_menu_typo_font_subset":"","ocean_menu_typo_font_size":0,"ocean_menu_typo_font_size_tablet":0,"ocean_menu_typo_font_size_mobile":0,"ocean_menu_typo_font_size_unit":"px","ocean_menu_typo_font_weight":"","ocean_menu_typo_font_weight_tablet":"","ocean_menu_typo_font_weight_mobile":"","ocean_menu_typo_transform":"","ocean_menu_typo_transform_tablet":"","ocean_menu_typo_transform_mobile":"","ocean_menu_typo_line_height":0,"ocean_menu_typo_line_height_tablet":0,"ocean_menu_typo_line_height_mobile":0,"ocean_menu_typo_line_height_unit":"","ocean_menu_typo_spacing":0,"ocean_menu_typo_spacing_tablet":0,"ocean_menu_typo_spacing_mobile":0,"ocean_menu_typo_spacing_unit":"","ocean_menu_link_color":"","ocean_menu_link_color_hover":"","ocean_menu_link_color_active":"","ocean_menu_link_background":"","ocean_menu_link_hover_background":"","ocean_menu_link_active_background":"","ocean_menu_social_links_bg":"","ocean_menu_social_hover_links_bg":"","ocean_menu_social_links_color":"","ocean_menu_social_hover_links_color":"","ocean_disable_title":"default","ocean_disable_heading":"default","ocean_post_title":"","ocean_post_subheading":"","ocean_post_title_style":"","ocean_post_title_background_color":"","ocean_post_title_background":0,"ocean_post_title_bg_image_position":"","ocean_post_title_bg_image_attachment":"","ocean_post_title_bg_image_repeat":"","ocean_post_title_bg_image_size":"","ocean_post_title_height":0,"ocean_post_title_bg_overlay":0.5,"ocean_post_title_bg_overlay_color":"","ocean_disable_breadcrumbs":"default","ocean_breadcrumbs_color":"","ocean_breadcrumbs_separator_color":"","ocean_breadcrumbs_links_color":"","ocean_breadcrumbs_links_hover_color":"","ocean_display_footer_widgets":"default","ocean_display_footer_bottom":"default","ocean_custom_footer_template":"","ocean_post_oembed":"","ocean_post_self_hosted_media":"","ocean_post_video_embed":"","ocean_link_format":"","ocean_link_format_target":"self","ocean_quote_format":"","ocean_quote_format_link":"post","ocean_gallery_link_images":"on","ocean_gallery_id":[],"footnotes":""},"categories":[3],"tags":[],"post_folder":[],"class_list":["post-3052","post","type-post","status-publish","format-standard","hentry","category-actions-greves-manifs","entry"],"yoast_head":"<!-- This site is optimized with the Yoast SEO plugin v27.4 - https:\/\/yoast.com\/product\/yoast-seo-wordpress\/ -->\n<title>24 septembre : Manifestations contre le projet de Loi Retraites - Formation des sites R\u00e9gionaux du SNETAP-FSU<\/title>\n<meta name=\"robots\" content=\"index, follow, max-snippet:-1, max-image-preview:large, max-video-preview:-1\" \/>\n<link rel=\"canonical\" href=\"https:\/\/regions-snetap-fsu.fr\/formation\/2019\/09\/22\/24-septembre-manifestations-contre-le-projet-de-loi-retraites\/\" \/>\n<meta property=\"og:locale\" content=\"fr_FR\" \/>\n<meta property=\"og:type\" content=\"article\" \/>\n<meta property=\"og:title\" content=\"24 septembre : Manifestations contre le projet de Loi Retraites - Formation des sites R\u00e9gionaux du SNETAP-FSU\" \/>\n<meta property=\"og:description\" content=\"24 septembre : Manifestations dans les Hauts-de-France contre le projet de Loi Retraites du gouvernement Retraites par point Attention danger\u00a0!!! Le projet de loi Retraites du gouvernement est bien avanc\u00e9. Son objectif : diminuer le montant des pensions de toutes et tous, les enseignant\u00b7es \u00e9tant particuli\u00e8rement vis\u00e9\u00b7es avec une perte du montant estim\u00e9 de la [&hellip;]\" \/>\n<meta property=\"og:url\" content=\"https:\/\/regions-snetap-fsu.fr\/formation\/2019\/09\/22\/24-septembre-manifestations-contre-le-projet-de-loi-retraites\/\" \/>\n<meta property=\"og:site_name\" content=\"Formation des sites R\u00e9gionaux du SNETAP-FSU\" \/>\n<meta property=\"article:published_time\" content=\"2019-09-22T09:30:22+00:00\" \/>\n<meta name=\"author\" content=\"yoctavien\" \/>\n<meta name=\"twitter:card\" content=\"summary_large_image\" \/>\n<meta name=\"twitter:label1\" content=\"\u00c9crit par\" \/>\n\t<meta name=\"twitter:data1\" content=\"yoctavien\" \/>\n\t<meta name=\"twitter:label2\" content=\"Dur\u00e9e de lecture estim\u00e9e\" \/>\n\t<meta name=\"twitter:data2\" content=\"1 minute\" \/>\n<script type=\"application\/ld+json\" class=\"yoast-schema-graph\">{\"@context\":\"https:\\\/\\\/schema.org\",\"@graph\":[{\"@type\":\"Article\",\"@id\":\"https:\\\/\\\/regions-snetap-fsu.fr\\\/formation\\\/2019\\\/09\\\/22\\\/24-septembre-manifestations-contre-le-projet-de-loi-retraites\\\/#article\",\"isPartOf\":{\"@id\":\"https:\\\/\\\/regions-snetap-fsu.fr\\\/formation\\\/2019\\\/09\\\/22\\\/24-septembre-manifestations-contre-le-projet-de-loi-retraites\\\/\"},\"author\":{\"name\":\"yoctavien\",\"@id\":\"https:\\\/\\\/regions-snetap-fsu.fr\\\/formation\\\/#\\\/schema\\\/person\\\/f5dc7b6354e942ca9c5fa8e9ff7e5c93\"},\"headline\":\"24 septembre : Manifestations contre le projet de Loi Retraites\",\"datePublished\":\"2019-09-22T09:30:22+00:00\",\"mainEntityOfPage\":{\"@id\":\"https:\\\/\\\/regions-snetap-fsu.fr\\\/formation\\\/2019\\\/09\\\/22\\\/24-septembre-manifestations-contre-le-projet-de-loi-retraites\\\/\"},\"wordCount\":295,\"publisher\":{\"@id\":\"https:\\\/\\\/regions-snetap-fsu.fr\\\/formation\\\/#organization\"},\"image\":{\"@id\":\"https:\\\/\\\/regions-snetap-fsu.fr\\\/formation\\\/2019\\\/09\\\/22\\\/24-septembre-manifestations-contre-le-projet-de-loi-retraites\\\/#primaryimage\"},\"thumbnailUrl\":\"https:\\\/\\\/regions-snetap-fsu.fr\\\/hdf\\\/wp-content\\\/uploads\\\/sites\\\/5\\\/2019\\\/09\\\/Panneau_attention_retraite_22_919-300x158.jpg\",\"articleSection\":[\"Actions - Gr\u00e8ves - Manifs\"],\"inLanguage\":\"fr-FR\"},{\"@type\":\"WebPage\",\"@id\":\"https:\\\/\\\/regions-snetap-fsu.fr\\\/formation\\\/2019\\\/09\\\/22\\\/24-septembre-manifestations-contre-le-projet-de-loi-retraites\\\/\",\"url\":\"https:\\\/\\\/regions-snetap-fsu.fr\\\/formation\\\/2019\\\/09\\\/22\\\/24-septembre-manifestations-contre-le-projet-de-loi-retraites\\\/\",\"name\":\"24 septembre : Manifestations contre le projet de Loi Retraites - Formation des sites R\u00e9gionaux du SNETAP-FSU\",\"isPartOf\":{\"@id\":\"https:\\\/\\\/regions-snetap-fsu.fr\\\/formation\\\/#website\"},\"primaryImageOfPage\":{\"@id\":\"https:\\\/\\\/regions-snetap-fsu.fr\\\/formation\\\/2019\\\/09\\\/22\\\/24-septembre-manifestations-contre-le-projet-de-loi-retraites\\\/#primaryimage\"},\"image\":{\"@id\":\"https:\\\/\\\/regions-snetap-fsu.fr\\\/formation\\\/2019\\\/09\\\/22\\\/24-septembre-manifestations-contre-le-projet-de-loi-retraites\\\/#primaryimage\"},\"thumbnailUrl\":\"https:\\\/\\\/regions-snetap-fsu.fr\\\/hdf\\\/wp-content\\\/uploads\\\/sites\\\/5\\\/2019\\\/09\\\/Panneau_attention_retraite_22_919-300x158.jpg\",\"datePublished\":\"2019-09-22T09:30:22+00:00\",\"breadcrumb\":{\"@id\":\"https:\\\/\\\/regions-snetap-fsu.fr\\\/formation\\\/2019\\\/09\\\/22\\\/24-septembre-manifestations-contre-le-projet-de-loi-retraites\\\/#breadcrumb\"},\"inLanguage\":\"fr-FR\",\"potentialAction\":[{\"@type\":\"ReadAction\",\"target\":[\"https:\\\/\\\/regions-snetap-fsu.fr\\\/formation\\\/2019\\\/09\\\/22\\\/24-septembre-manifestations-contre-le-projet-de-loi-retraites\\\/\"]}]},{\"@type\":\"ImageObject\",\"inLanguage\":\"fr-FR\",\"@id\":\"https:\\\/\\\/regions-snetap-fsu.fr\\\/formation\\\/2019\\\/09\\\/22\\\/24-septembre-manifestations-contre-le-projet-de-loi-retraites\\\/#primaryimage\",\"url\":\"https:\\\/\\\/regions-snetap-fsu.fr\\\/hdf\\\/wp-content\\\/uploads\\\/sites\\\/5\\\/2019\\\/09\\\/Panneau_attention_retraite_22_919-300x158.jpg\",\"contentUrl\":\"https:\\\/\\\/regions-snetap-fsu.fr\\\/hdf\\\/wp-content\\\/uploads\\\/sites\\\/5\\\/2019\\\/09\\\/Panneau_attention_retraite_22_919-300x158.jpg\"},{\"@type\":\"BreadcrumbList\",\"@id\":\"https:\\\/\\\/regions-snetap-fsu.fr\\\/formation\\\/2019\\\/09\\\/22\\\/24-septembre-manifestations-contre-le-projet-de-loi-retraites\\\/#breadcrumb\",\"itemListElement\":[{\"@type\":\"ListItem\",\"position\":1,\"name\":\"Accueil\",\"item\":\"https:\\\/\\\/regions-snetap-fsu.fr\\\/formation\\\/\"},{\"@type\":\"ListItem\",\"position\":2,\"name\":\"24 septembre : Manifestations contre le projet de Loi Retraites\"}]},{\"@type\":\"WebSite\",\"@id\":\"https:\\\/\\\/regions-snetap-fsu.fr\\\/formation\\\/#website\",\"url\":\"https:\\\/\\\/regions-snetap-fsu.fr\\\/formation\\\/\",\"name\":\"Formation des sites R\u00e9gionaux du SNETAP-FSU\",\"description\":\"\",\"publisher\":{\"@id\":\"https:\\\/\\\/regions-snetap-fsu.fr\\\/formation\\\/#organization\"},\"potentialAction\":[{\"@type\":\"SearchAction\",\"target\":{\"@type\":\"EntryPoint\",\"urlTemplate\":\"https:\\\/\\\/regions-snetap-fsu.fr\\\/formation\\\/?s={search_term_string}\"},\"query-input\":{\"@type\":\"PropertyValueSpecification\",\"valueRequired\":true,\"valueName\":\"search_term_string\"}}],\"inLanguage\":\"fr-FR\"},{\"@type\":\"Organization\",\"@id\":\"https:\\\/\\\/regions-snetap-fsu.fr\\\/formation\\\/#organization\",\"name\":\"Formation des sites R\u00e9gionaux du SNETAP-FSU\",\"url\":\"https:\\\/\\\/regions-snetap-fsu.fr\\\/formation\\\/\",\"logo\":{\"@type\":\"ImageObject\",\"inLanguage\":\"fr-FR\",\"@id\":\"https:\\\/\\\/regions-snetap-fsu.fr\\\/formation\\\/#\\\/schema\\\/logo\\\/image\\\/\",\"url\":\"https:\\\/\\\/regions-snetap-fsu.fr\\\/formation\\\/wp-content\\\/uploads\\\/sites\\\/20\\\/2025\\\/04\\\/cropped-Logo_blanc_fond_transparent_1000x755.png\",\"contentUrl\":\"https:\\\/\\\/regions-snetap-fsu.fr\\\/formation\\\/wp-content\\\/uploads\\\/sites\\\/20\\\/2025\\\/04\\\/cropped-Logo_blanc_fond_transparent_1000x755.png\",\"width\":998,\"height\":689,\"caption\":\"Formation des sites R\u00e9gionaux du SNETAP-FSU\"},\"image\":{\"@id\":\"https:\\\/\\\/regions-snetap-fsu.fr\\\/formation\\\/#\\\/schema\\\/logo\\\/image\\\/\"}},{\"@type\":\"Person\",\"@id\":\"https:\\\/\\\/regions-snetap-fsu.fr\\\/formation\\\/#\\\/schema\\\/person\\\/f5dc7b6354e942ca9c5fa8e9ff7e5c93\",\"name\":\"yoctavien\",\"image\":{\"@type\":\"ImageObject\",\"inLanguage\":\"fr-FR\",\"@id\":\"https:\\\/\\\/secure.gravatar.com\\\/avatar\\\/382642c092b6b9da14641d3c478df2f3da4a2d17eea25691c232d4dbf735c292?s=96&d=mm&r=g\",\"url\":\"https:\\\/\\\/secure.gravatar.com\\\/avatar\\\/382642c092b6b9da14641d3c478df2f3da4a2d17eea25691c232d4dbf735c292?s=96&d=mm&r=g\",\"contentUrl\":\"https:\\\/\\\/secure.gravatar.com\\\/avatar\\\/382642c092b6b9da14641d3c478df2f3da4a2d17eea25691c232d4dbf735c292?s=96&d=mm&r=g\",\"caption\":\"yoctavien\"},\"url\":\"https:\\\/\\\/regions-snetap-fsu.fr\\\/formation\\\/author\\\/yoctavien\\\/\"}]}<\/script>\n<!-- \/ Yoast SEO plugin. -->","yoast_head_json":{"title":"24 septembre : Manifestations contre le projet de Loi Retraites - Formation des sites R\u00e9gionaux du SNETAP-FSU","robots":{"index":"index","follow":"follow","max-snippet":"max-snippet:-1","max-image-preview":"max-image-preview:large","max-video-preview":"max-video-preview:-1"},"canonical":"https:\/\/regions-snetap-fsu.fr\/formation\/2019\/09\/22\/24-septembre-manifestations-contre-le-projet-de-loi-retraites\/","og_locale":"fr_FR","og_type":"article","og_title":"24 septembre : Manifestations contre le projet de Loi Retraites - Formation des sites R\u00e9gionaux du SNETAP-FSU","og_description":"24 septembre : Manifestations dans les Hauts-de-France contre le projet de Loi Retraites du gouvernement Retraites par point Attention danger\u00a0!!! Le projet de loi Retraites du gouvernement est bien avanc\u00e9. Son objectif : diminuer le montant des pensions de toutes et tous, les enseignant\u00b7es \u00e9tant particuli\u00e8rement vis\u00e9\u00b7es avec une perte du montant estim\u00e9 de la [&hellip;]","og_url":"https:\/\/regions-snetap-fsu.fr\/formation\/2019\/09\/22\/24-septembre-manifestations-contre-le-projet-de-loi-retraites\/","og_site_name":"Formation des sites R\u00e9gionaux du SNETAP-FSU","article_published_time":"2019-09-22T09:30:22+00:00","author":"yoctavien","twitter_card":"summary_large_image","twitter_misc":{"\u00c9crit par":"yoctavien","Dur\u00e9e de lecture estim\u00e9e":"1 minute"},"schema":{"@context":"https:\/\/schema.org","@graph":[{"@type":"Article","@id":"https:\/\/regions-snetap-fsu.fr\/formation\/2019\/09\/22\/24-septembre-manifestations-contre-le-projet-de-loi-retraites\/#article","isPartOf":{"@id":"https:\/\/regions-snetap-fsu.fr\/formation\/2019\/09\/22\/24-septembre-manifestations-contre-le-projet-de-loi-retraites\/"},"author":{"name":"yoctavien","@id":"https:\/\/regions-snetap-fsu.fr\/formation\/#\/schema\/person\/f5dc7b6354e942ca9c5fa8e9ff7e5c93"},"headline":"24 septembre : Manifestations contre le projet de Loi Retraites","datePublished":"2019-09-22T09:30:22+00:00","mainEntityOfPage":{"@id":"https:\/\/regions-snetap-fsu.fr\/formation\/2019\/09\/22\/24-septembre-manifestations-contre-le-projet-de-loi-retraites\/"},"wordCount":295,"publisher":{"@id":"https:\/\/regions-snetap-fsu.fr\/formation\/#organization"},"image":{"@id":"https:\/\/regions-snetap-fsu.fr\/formation\/2019\/09\/22\/24-septembre-manifestations-contre-le-projet-de-loi-retraites\/#primaryimage"},"thumbnailUrl":"https:\/\/regions-snetap-fsu.fr\/hdf\/wp-content\/uploads\/sites\/5\/2019\/09\/Panneau_attention_retraite_22_919-300x158.jpg","articleSection":["Actions - Gr\u00e8ves - Manifs"],"inLanguage":"fr-FR"},{"@type":"WebPage","@id":"https:\/\/regions-snetap-fsu.fr\/formation\/2019\/09\/22\/24-septembre-manifestations-contre-le-projet-de-loi-retraites\/","url":"https:\/\/regions-snetap-fsu.fr\/formation\/2019\/09\/22\/24-septembre-manifestations-contre-le-projet-de-loi-retraites\/","name":"24 septembre : Manifestations contre le projet de Loi Retraites - Formation des sites R\u00e9gionaux du SNETAP-FSU","isPartOf":{"@id":"https:\/\/regions-snetap-fsu.fr\/formation\/#website"},"primaryImageOfPage":{"@id":"https:\/\/regions-snetap-fsu.fr\/formation\/2019\/09\/22\/24-septembre-manifestations-contre-le-projet-de-loi-retraites\/#primaryimage"},"image":{"@id":"https:\/\/regions-snetap-fsu.fr\/formation\/2019\/09\/22\/24-septembre-manifestations-contre-le-projet-de-loi-retraites\/#primaryimage"},"thumbnailUrl":"https:\/\/regions-snetap-fsu.fr\/hdf\/wp-content\/uploads\/sites\/5\/2019\/09\/Panneau_attention_retraite_22_919-300x158.jpg","datePublished":"2019-09-22T09:30:22+00:00","breadcrumb":{"@id":"https:\/\/regions-snetap-fsu.fr\/formation\/2019\/09\/22\/24-septembre-manifestations-contre-le-projet-de-loi-retraites\/#breadcrumb"},"inLanguage":"fr-FR","potentialAction":[{"@type":"ReadAction","target":["https:\/\/regions-snetap-fsu.fr\/formation\/2019\/09\/22\/24-septembre-manifestations-contre-le-projet-de-loi-retraites\/"]}]},{"@type":"ImageObject","inLanguage":"fr-FR","@id":"https:\/\/regions-snetap-fsu.fr\/formation\/2019\/09\/22\/24-septembre-manifestations-contre-le-projet-de-loi-retraites\/#primaryimage","url":"https:\/\/regions-snetap-fsu.fr\/hdf\/wp-content\/uploads\/sites\/5\/2019\/09\/Panneau_attention_retraite_22_919-300x158.jpg","contentUrl":"https:\/\/regions-snetap-fsu.fr\/hdf\/wp-content\/uploads\/sites\/5\/2019\/09\/Panneau_attention_retraite_22_919-300x158.jpg"},{"@type":"BreadcrumbList","@id":"https:\/\/regions-snetap-fsu.fr\/formation\/2019\/09\/22\/24-septembre-manifestations-contre-le-projet-de-loi-retraites\/#breadcrumb","itemListElement":[{"@type":"ListItem","position":1,"name":"Accueil","item":"https:\/\/regions-snetap-fsu.fr\/formation\/"},{"@type":"ListItem","position":2,"name":"24 septembre : Manifestations contre le projet de Loi Retraites"}]},{"@type":"WebSite","@id":"https:\/\/regions-snetap-fsu.fr\/formation\/#website","url":"https:\/\/regions-snetap-fsu.fr\/formation\/","name":"Formation des sites R\u00e9gionaux du SNETAP-FSU","description":"","publisher":{"@id":"https:\/\/regions-snetap-fsu.fr\/formation\/#organization"},"potentialAction":[{"@type":"SearchAction","target":{"@type":"EntryPoint","urlTemplate":"https:\/\/regions-snetap-fsu.fr\/formation\/?s={search_term_string}"},"query-input":{"@type":"PropertyValueSpecification","valueRequired":true,"valueName":"search_term_string"}}],"inLanguage":"fr-FR"},{"@type":"Organization","@id":"https:\/\/regions-snetap-fsu.fr\/formation\/#organization","name":"Formation des sites R\u00e9gionaux du SNETAP-FSU","url":"https:\/\/regions-snetap-fsu.fr\/formation\/","logo":{"@type":"ImageObject","inLanguage":"fr-FR","@id":"https:\/\/regions-snetap-fsu.fr\/formation\/#\/schema\/logo\/image\/","url":"https:\/\/regions-snetap-fsu.fr\/formation\/wp-content\/uploads\/sites\/20\/2025\/04\/cropped-Logo_blanc_fond_transparent_1000x755.png","contentUrl":"https:\/\/regions-snetap-fsu.fr\/formation\/wp-content\/uploads\/sites\/20\/2025\/04\/cropped-Logo_blanc_fond_transparent_1000x755.png","width":998,"height":689,"caption":"Formation des sites R\u00e9gionaux du SNETAP-FSU"},"image":{"@id":"https:\/\/regions-snetap-fsu.fr\/formation\/#\/schema\/logo\/image\/"}},{"@type":"Person","@id":"https:\/\/regions-snetap-fsu.fr\/formation\/#\/schema\/person\/f5dc7b6354e942ca9c5fa8e9ff7e5c93","name":"yoctavien","image":{"@type":"ImageObject","inLanguage":"fr-FR","@id":"https:\/\/secure.gravatar.com\/avatar\/382642c092b6b9da14641d3c478df2f3da4a2d17eea25691c232d4dbf735c292?s=96&d=mm&r=g","url":"https:\/\/secure.gravatar.com\/avatar\/382642c092b6b9da14641d3c478df2f3da4a2d17eea25691c232d4dbf735c292?s=96&d=mm&r=g","contentUrl":"https:\/\/secure.gravatar.com\/avatar\/382642c092b6b9da14641d3c478df2f3da4a2d17eea25691c232d4dbf735c292?s=96&d=mm&r=g","caption":"yoctavien"},"url":"https:\/\/regions-snetap-fsu.fr\/formation\/author\/yoctavien\/"}]}},"_links":{"self":[{"href":"https:\/\/regions-snetap-fsu.fr\/formation\/wp-json\/wp\/v2\/posts\/3052","targetHints":{"allow":["GET"]}}],"collection":[{"href":"https:\/\/regions-snetap-fsu.fr\/formation\/wp-json\/wp\/v2\/posts"}],"about":[{"href":"https:\/\/regions-snetap-fsu.fr\/formation\/wp-json\/wp\/v2\/types\/post"}],"author":[{"embeddable":true,"href":"https:\/\/regions-snetap-fsu.fr\/formation\/wp-json\/wp\/v2\/users\/138"}],"replies":[{"embeddable":true,"href":"https:\/\/regions-snetap-fsu.fr\/formation\/wp-json\/wp\/v2\/comments?post=3052"}],"version-history":[{"count":0,"href":"https:\/\/regions-snetap-fsu.fr\/formation\/wp-json\/wp\/v2\/posts\/3052\/revisions"}],"wp:attachment":[{"href":"https:\/\/regions-snetap-fsu.fr\/formation\/wp-json\/wp\/v2\/media?parent=3052"}],"wp:term":[{"taxonomy":"category","embeddable":true,"href":"https:\/\/regions-snetap-fsu.fr\/formation\/wp-json\/wp\/v2\/categories?post=3052"},{"taxonomy":"post_tag","embeddable":true,"href":"https:\/\/regions-snetap-fsu.fr\/formation\/wp-json\/wp\/v2\/tags?post=3052"},{"taxonomy":"post_folder","embeddable":true,"href":"https:\/\/regions-snetap-fsu.fr\/formation\/wp-json\/wp\/v2\/post_folder?post=3052"}],"curies":[{"name":"wp","href":"https:\/\/api.w.org\/{rel}","templated":true}]}}