{"id":3024,"date":"2019-09-16T23:26:05","date_gmt":"2019-09-16T21:26:05","guid":{"rendered":"https:\/\/regions-snetap-fsu.fr\/hdf\/?p=3024"},"modified":"2019-09-16T23:26:05","modified_gmt":"2019-09-16T21:26:05","slug":"epl-du-pas-de-calais-un-nouveau-directeur-qui-apporte-de-lespoir","status":"publish","type":"post","link":"https:\/\/regions-snetap-fsu.fr\/formation\/2019\/09\/16\/epl-du-pas-de-calais-un-nouveau-directeur-qui-apporte-de-lespoir\/","title":{"rendered":"EPL du Pas-de-Calais : Un nouveau directeur qui apporte de l&rsquo;espoir"},"content":{"rendered":"<h2 style=\"text-align: center\"><span style=\"font-family: tahoma, arial, helvetica, sans-serif;color: #ff0000\">EPL du Pas-de-Calais : Un nouveau directeur qui apporte de l&rsquo;espoir devant les sections SNETAP-FSU toujours vigilantes<br \/>\n<\/span><\/h2>\n<blockquote>\n<p style=\"text-align: justify\"><span style=\"font-family: tahoma, arial, helvetica, sans-serif;color: #0000ff\">Lors des r\u00e9unions pl\u00e9ni\u00e8res de pr\u00e9rentr\u00e9e du 30\/08\/19 sur les sites de Tilloy-les-Mofflaines et de Radinghem, le nouveau directeur a pr\u00e9sent\u00e9 ses grandes id\u00e9es pour l&rsquo;EPL du Pas-de-Calais &#8230;<\/span><\/p>\n<\/blockquote>\n<p><!--more--><\/p>\n<h3 style=\"text-align: center\"><span style=\"color: #008000;font-family: tahoma, arial, helvetica, sans-serif\">Rappel du contexte<\/span><\/h3>\n<p style=\"text-align: justify\"><span style=\"font-family: tahoma, arial, helvetica, sans-serif\"><span style=\"color: #0000ff\">Avec l&rsquo;ancienne \u00e9quipe de direction pr\u00e9sid\u00e9e par l&rsquo;ancienne directrice, une certaine oligarchie d\u00e9viant dans le c\u00e9sarisme s&rsquo;\u00e9tait form\u00e9e.<\/span><\/span><\/p>\n<p><span style=\"font-family: tahoma, arial, helvetica, sans-serif;color: #0000ff\">La confiance n&rsquo;existait plus dans l&rsquo;\u00e9tablissement et le pouvoir \u00e9tait regroup\u00e9 dans quelles mains.<\/span><\/p>\n<p style=\"text-align: justify\"><span style=\"font-family: tahoma, arial, helvetica, sans-serif\"><span style=\"color: #0000ff\">Les conditions de travail se sont d\u00e9grad\u00e9es pour atteindre un niveau jamais vu dans l&rsquo;histoire de l&rsquo;EPL du Pas-de-Calais (d\u00e9missions, arr\u00eat de travail, burn-out, intimidation, flicage, chantage \u00e0 l&#8217;emploi, harc\u00e8lement psychologique), la communication \u00e9tait de mauvaise qualit\u00e9, le dialogue social n&rsquo;existait plus. Bref beaucoup de souffrance au travail qui persistait malgr\u00e9 les conclusions d&rsquo;une expertise sur les risques psycho-sociaux (RPS) aupr\u00e8s d&rsquo;un cabinet ext\u00e9rieur sp\u00e9cialis\u00e9 : ANTEGO et les interpellations du SNETAP-FSU.<\/span><\/span><\/p>\n<p style=\"text-align: justify\"><span style=\"font-family: tahoma, arial, helvetica, sans-serif\"><span style=\"color: #0000ff\">Depuis ces conclusions transmises seulement oralement aux repr\u00e9sentants du personnel aucun plan d&rsquo;action n&rsquo;a \u00e9t\u00e9 \u00e9labor\u00e9 pour am\u00e9liorer ces conditions travail. Pire, les repr\u00e9sentant\u00b7es du SNETAP-FSU ont du faire face aux m\u00e9pris du syndicalisme et de leur repr\u00e9sentativit\u00e9 du personnel.<\/span><br \/>\n<\/span><\/p>\n<p style=\"text-align: justify\"><span style=\"font-family: tahoma, arial, helvetica, sans-serif;color: #0000ff\">M\u00eame lors d&rsquo;un conseil administration (CA), un camarade du SNETAP-FSU s&rsquo;est vu lui refuser la parole en tant que repr\u00e9sentant du personnel sous la complicit\u00e9 du Pr\u00e9sident d\u00e9pass\u00e9 par les \u00e9v\u00e9nements. Lors de plusieurs CA, nous avons du faire retirer plusieurs d\u00e9lib\u00e9rations ill\u00e9gales quelques fois avec l&rsquo;aide du conseil du repr\u00e9sentant de la DRAAF. <\/span><\/p>\n<p style=\"text-align: justify\"><span style=\"font-family: tahoma, arial, helvetica, sans-serif;color: #0000ff\">Devant ces conditions anxiog\u00e8nes et ces attaques r\u00e9p\u00e9titives (notamment le harc\u00e8lement psychologique), le SNETAP-FSU a su prendre ses responsabilit\u00e9s jusqu&rsquo;au bout et faire reconna\u00eetre ces faits \u00e0 la DRAAF\/SRFD et \u00e0 la DGER. <\/span><span style=\"font-family: tahoma, arial, helvetica, sans-serif;color: #0000ff\">Cela s&rsquo;est conclu par la mutation de la directrice du CFA-CFPPA, la mutation du directeur adjoint de Tilloy-les-Mofflaines et l&rsquo;encouragement \u00e0 la mobilit\u00e9 de la directrice de l&rsquo;EPL. Quelques membres de la direction virulents et\/ou complices de cette malveillance sont encore pr\u00e9sents, mais le SNETAP-FSU reste vigilant et \u00e0 d\u00e9j\u00e0 fait appel \u00e0 la vigilance aupr\u00e8s du nouveau directeur. <\/span><\/p>\n<h3 style=\"text-align: center\"><span style=\"font-family: tahoma, arial, helvetica, sans-serif;color: #008000\">Le discours du nouveau directeur<\/span><\/h3>\n<p style=\"text-align: justify\"><span style=\"color: #0000ff;font-family: tahoma, arial, helvetica, sans-serif\">Le SNETAP-FSU a not\u00e9 que le nouveau directeur a effectu\u00e9 une bonne synth\u00e8se de la rencontre intersyndicale (avec SUD-Rural) que nous avons eu en juillet dernier avant sa prise de poste au sein de l&rsquo;EPL du Pas-de-Calais.<\/span><\/p>\n<p style=\"text-align: justify\"><span style=\"font-family: tahoma, arial, helvetica, sans-serif;color: #0000ff\">Dans son langage, il a exprim\u00e9 son souhait d&rsquo;instaurer une bonne relation entre la communaut\u00e9 \u00e9ducative, le personnel de direction et lui-m\u00eame. Ceci en rappelant les valeurs d&rsquo;un \u00e9tablissement public, du service public et les droits et devoir de tout fonctionnaire d\u2019\u00c9tat. <\/span><\/p>\n<p style=\"text-align: justify\"><span style=\"color: #0000ff;font-family: tahoma, arial, helvetica, sans-serif\">Valeurs et philosophie qui sont les m\u00eames pour le SNETAP-FSU et que nous avons toujours d\u00e9fendues et que nous continuons \u00e0 d\u00e9fendre. C&rsquo;est pourquoi que nous avons r\u00e9pondu que cela fait longtemps, d\u00e9j\u00e0, que nous n&rsquo;avons plus entendu ces bonnes paroles au sein de l&rsquo;EPL du Pas-de-Calais et que nous attendons que ces paroles se traduisent en actes. <\/span><\/p>\n<p style=\"text-align: justify\"><strong><span style=\"font-family: tahoma, arial, helvetica, sans-serif;color: #ff0000\">Suite \u00e0 ce discours, le SNETAP-FSU a de l&rsquo;espoir pour un meilleur respect du personnel et pour davantage d&#8217;empathie sur nos conditions de travail mais il restera plus que jamais vigilant \u00e0 ce que ces paroles ne restent pas que de simples paroles ou une belle tentative de communication. <\/span><\/strong><\/p>\n<p>&nbsp;<\/p>\n","protected":false},"excerpt":{"rendered":"<p>EPL du Pas-de-Calais : Un nouveau directeur qui apporte de l&rsquo;espoir devant les sections SNETAP-FSU toujours vigilantes Lors des r\u00e9unions pl\u00e9ni\u00e8res de pr\u00e9rentr\u00e9e du 30\/08\/19 sur les sites de Tilloy-les-Mofflaines et de Radinghem, le nouveau directeur a pr\u00e9sent\u00e9 ses grandes id\u00e9es pour l&rsquo;EPL du Pas-de-Calais &#8230;<\/p>\n","protected":false},"author":138,"featured_media":0,"comment_status":"closed","ping_status":"closed","sticky":false,"template":"","format":"standard","meta":{"ocean_post_layout":"","ocean_both_sidebars_style":"","ocean_both_sidebars_content_width":0,"ocean_both_sidebars_sidebars_width":0,"ocean_sidebar":"","ocean_second_sidebar":"","ocean_disable_margins":"enable","ocean_add_body_class":"","ocean_shortcode_before_top_bar":"","ocean_shortcode_after_top_bar":"","ocean_shortcode_before_header":"","ocean_shortcode_after_header":"","ocean_has_shortcode":"","ocean_shortcode_after_title":"","ocean_shortcode_before_footer_widgets":"","ocean_shortcode_after_footer_widgets":"","ocean_shortcode_before_footer_bottom":"","ocean_shortcode_after_footer_bottom":"","ocean_display_top_bar":"default","ocean_display_header":"default","ocean_header_style":"","ocean_center_header_left_menu":"","ocean_custom_header_template":"","ocean_custom_logo":0,"ocean_custom_retina_logo":0,"ocean_custom_logo_max_width":0,"ocean_custom_logo_tablet_max_width":0,"ocean_custom_logo_mobile_max_width":0,"ocean_custom_logo_max_height":0,"ocean_custom_logo_tablet_max_height":0,"ocean_custom_logo_mobile_max_height":0,"ocean_header_custom_menu":"","ocean_menu_typo_font_family":"","ocean_menu_typo_font_subset":"","ocean_menu_typo_font_size":0,"ocean_menu_typo_font_size_tablet":0,"ocean_menu_typo_font_size_mobile":0,"ocean_menu_typo_font_size_unit":"px","ocean_menu_typo_font_weight":"","ocean_menu_typo_font_weight_tablet":"","ocean_menu_typo_font_weight_mobile":"","ocean_menu_typo_transform":"","ocean_menu_typo_transform_tablet":"","ocean_menu_typo_transform_mobile":"","ocean_menu_typo_line_height":0,"ocean_menu_typo_line_height_tablet":0,"ocean_menu_typo_line_height_mobile":0,"ocean_menu_typo_line_height_unit":"","ocean_menu_typo_spacing":0,"ocean_menu_typo_spacing_tablet":0,"ocean_menu_typo_spacing_mobile":0,"ocean_menu_typo_spacing_unit":"","ocean_menu_link_color":"","ocean_menu_link_color_hover":"","ocean_menu_link_color_active":"","ocean_menu_link_background":"","ocean_menu_link_hover_background":"","ocean_menu_link_active_background":"","ocean_menu_social_links_bg":"","ocean_menu_social_hover_links_bg":"","ocean_menu_social_links_color":"","ocean_menu_social_hover_links_color":"","ocean_disable_title":"default","ocean_disable_heading":"default","ocean_post_title":"","ocean_post_subheading":"","ocean_post_title_style":"","ocean_post_title_background_color":"","ocean_post_title_background":0,"ocean_post_title_bg_image_position":"","ocean_post_title_bg_image_attachment":"","ocean_post_title_bg_image_repeat":"","ocean_post_title_bg_image_size":"","ocean_post_title_height":0,"ocean_post_title_bg_overlay":0.5,"ocean_post_title_bg_overlay_color":"","ocean_disable_breadcrumbs":"default","ocean_breadcrumbs_color":"","ocean_breadcrumbs_separator_color":"","ocean_breadcrumbs_links_color":"","ocean_breadcrumbs_links_hover_color":"","ocean_display_footer_widgets":"default","ocean_display_footer_bottom":"default","ocean_custom_footer_template":"","ocean_post_oembed":"","ocean_post_self_hosted_media":"","ocean_post_video_embed":"","ocean_link_format":"","ocean_link_format_target":"self","ocean_quote_format":"","ocean_quote_format_link":"post","ocean_gallery_link_images":"on","ocean_gallery_id":[],"footnotes":""},"categories":[11],"tags":[],"post_folder":[],"class_list":["post-3024","post","type-post","status-publish","format-standard","hentry","category-communiques","entry"],"yoast_head":"<!-- This site is optimized with the Yoast SEO plugin v27.4 - https:\/\/yoast.com\/product\/yoast-seo-wordpress\/ -->\n<title>EPL du Pas-de-Calais : Un nouveau directeur qui apporte de l&#039;espoir - Formation des sites R\u00e9gionaux du SNETAP-FSU<\/title>\n<meta name=\"robots\" content=\"index, follow, max-snippet:-1, max-image-preview:large, max-video-preview:-1\" \/>\n<link rel=\"canonical\" href=\"https:\/\/regions-snetap-fsu.fr\/formation\/2019\/09\/16\/epl-du-pas-de-calais-un-nouveau-directeur-qui-apporte-de-lespoir\/\" \/>\n<meta property=\"og:locale\" content=\"fr_FR\" \/>\n<meta property=\"og:type\" content=\"article\" \/>\n<meta property=\"og:title\" content=\"EPL du Pas-de-Calais : Un nouveau directeur qui apporte de l&#039;espoir - Formation des sites R\u00e9gionaux du SNETAP-FSU\" \/>\n<meta property=\"og:description\" content=\"EPL du Pas-de-Calais : Un nouveau directeur qui apporte de l&rsquo;espoir devant les sections SNETAP-FSU toujours vigilantes Lors des r\u00e9unions pl\u00e9ni\u00e8res de pr\u00e9rentr\u00e9e du 30\/08\/19 sur les sites de Tilloy-les-Mofflaines et de Radinghem, le nouveau directeur a pr\u00e9sent\u00e9 ses grandes id\u00e9es pour l&rsquo;EPL du Pas-de-Calais &#8230;\" \/>\n<meta property=\"og:url\" content=\"https:\/\/regions-snetap-fsu.fr\/formation\/2019\/09\/16\/epl-du-pas-de-calais-un-nouveau-directeur-qui-apporte-de-lespoir\/\" \/>\n<meta property=\"og:site_name\" content=\"Formation des sites R\u00e9gionaux du SNETAP-FSU\" \/>\n<meta property=\"article:published_time\" content=\"2019-09-16T21:26:05+00:00\" \/>\n<meta name=\"author\" content=\"yoctavien\" \/>\n<meta name=\"twitter:card\" content=\"summary_large_image\" \/>\n<meta name=\"twitter:label1\" content=\"\u00c9crit par\" \/>\n\t<meta name=\"twitter:data1\" content=\"yoctavien\" \/>\n\t<meta name=\"twitter:label2\" content=\"Dur\u00e9e de lecture estim\u00e9e\" \/>\n\t<meta name=\"twitter:data2\" content=\"3 minutes\" \/>\n<script type=\"application\/ld+json\" class=\"yoast-schema-graph\">{\"@context\":\"https:\\\/\\\/schema.org\",\"@graph\":[{\"@type\":\"Article\",\"@id\":\"https:\\\/\\\/regions-snetap-fsu.fr\\\/formation\\\/2019\\\/09\\\/16\\\/epl-du-pas-de-calais-un-nouveau-directeur-qui-apporte-de-lespoir\\\/#article\",\"isPartOf\":{\"@id\":\"https:\\\/\\\/regions-snetap-fsu.fr\\\/formation\\\/2019\\\/09\\\/16\\\/epl-du-pas-de-calais-un-nouveau-directeur-qui-apporte-de-lespoir\\\/\"},\"author\":{\"name\":\"yoctavien\",\"@id\":\"https:\\\/\\\/regions-snetap-fsu.fr\\\/formation\\\/#\\\/schema\\\/person\\\/f5dc7b6354e942ca9c5fa8e9ff7e5c93\"},\"headline\":\"EPL du Pas-de-Calais : Un nouveau directeur qui apporte de l&rsquo;espoir\",\"datePublished\":\"2019-09-16T21:26:05+00:00\",\"mainEntityOfPage\":{\"@id\":\"https:\\\/\\\/regions-snetap-fsu.fr\\\/formation\\\/2019\\\/09\\\/16\\\/epl-du-pas-de-calais-un-nouveau-directeur-qui-apporte-de-lespoir\\\/\"},\"wordCount\":613,\"publisher\":{\"@id\":\"https:\\\/\\\/regions-snetap-fsu.fr\\\/formation\\\/#organization\"},\"articleSection\":[\"Communiqu\u00e9s\"],\"inLanguage\":\"fr-FR\"},{\"@type\":\"WebPage\",\"@id\":\"https:\\\/\\\/regions-snetap-fsu.fr\\\/formation\\\/2019\\\/09\\\/16\\\/epl-du-pas-de-calais-un-nouveau-directeur-qui-apporte-de-lespoir\\\/\",\"url\":\"https:\\\/\\\/regions-snetap-fsu.fr\\\/formation\\\/2019\\\/09\\\/16\\\/epl-du-pas-de-calais-un-nouveau-directeur-qui-apporte-de-lespoir\\\/\",\"name\":\"EPL du Pas-de-Calais : Un nouveau directeur qui apporte de l'espoir - Formation des sites R\u00e9gionaux du SNETAP-FSU\",\"isPartOf\":{\"@id\":\"https:\\\/\\\/regions-snetap-fsu.fr\\\/formation\\\/#website\"},\"datePublished\":\"2019-09-16T21:26:05+00:00\",\"breadcrumb\":{\"@id\":\"https:\\\/\\\/regions-snetap-fsu.fr\\\/formation\\\/2019\\\/09\\\/16\\\/epl-du-pas-de-calais-un-nouveau-directeur-qui-apporte-de-lespoir\\\/#breadcrumb\"},\"inLanguage\":\"fr-FR\",\"potentialAction\":[{\"@type\":\"ReadAction\",\"target\":[\"https:\\\/\\\/regions-snetap-fsu.fr\\\/formation\\\/2019\\\/09\\\/16\\\/epl-du-pas-de-calais-un-nouveau-directeur-qui-apporte-de-lespoir\\\/\"]}]},{\"@type\":\"BreadcrumbList\",\"@id\":\"https:\\\/\\\/regions-snetap-fsu.fr\\\/formation\\\/2019\\\/09\\\/16\\\/epl-du-pas-de-calais-un-nouveau-directeur-qui-apporte-de-lespoir\\\/#breadcrumb\",\"itemListElement\":[{\"@type\":\"ListItem\",\"position\":1,\"name\":\"Accueil\",\"item\":\"https:\\\/\\\/regions-snetap-fsu.fr\\\/formation\\\/\"},{\"@type\":\"ListItem\",\"position\":2,\"name\":\"EPL du Pas-de-Calais : Un nouveau directeur qui apporte de l&rsquo;espoir\"}]},{\"@type\":\"WebSite\",\"@id\":\"https:\\\/\\\/regions-snetap-fsu.fr\\\/formation\\\/#website\",\"url\":\"https:\\\/\\\/regions-snetap-fsu.fr\\\/formation\\\/\",\"name\":\"Formation des sites R\u00e9gionaux du SNETAP-FSU\",\"description\":\"\",\"publisher\":{\"@id\":\"https:\\\/\\\/regions-snetap-fsu.fr\\\/formation\\\/#organization\"},\"potentialAction\":[{\"@type\":\"SearchAction\",\"target\":{\"@type\":\"EntryPoint\",\"urlTemplate\":\"https:\\\/\\\/regions-snetap-fsu.fr\\\/formation\\\/?s={search_term_string}\"},\"query-input\":{\"@type\":\"PropertyValueSpecification\",\"valueRequired\":true,\"valueName\":\"search_term_string\"}}],\"inLanguage\":\"fr-FR\"},{\"@type\":\"Organization\",\"@id\":\"https:\\\/\\\/regions-snetap-fsu.fr\\\/formation\\\/#organization\",\"name\":\"Formation des sites R\u00e9gionaux du SNETAP-FSU\",\"url\":\"https:\\\/\\\/regions-snetap-fsu.fr\\\/formation\\\/\",\"logo\":{\"@type\":\"ImageObject\",\"inLanguage\":\"fr-FR\",\"@id\":\"https:\\\/\\\/regions-snetap-fsu.fr\\\/formation\\\/#\\\/schema\\\/logo\\\/image\\\/\",\"url\":\"https:\\\/\\\/regions-snetap-fsu.fr\\\/formation\\\/wp-content\\\/uploads\\\/sites\\\/20\\\/2025\\\/04\\\/cropped-Logo_blanc_fond_transparent_1000x755.png\",\"contentUrl\":\"https:\\\/\\\/regions-snetap-fsu.fr\\\/formation\\\/wp-content\\\/uploads\\\/sites\\\/20\\\/2025\\\/04\\\/cropped-Logo_blanc_fond_transparent_1000x755.png\",\"width\":998,\"height\":689,\"caption\":\"Formation des sites R\u00e9gionaux du SNETAP-FSU\"},\"image\":{\"@id\":\"https:\\\/\\\/regions-snetap-fsu.fr\\\/formation\\\/#\\\/schema\\\/logo\\\/image\\\/\"}},{\"@type\":\"Person\",\"@id\":\"https:\\\/\\\/regions-snetap-fsu.fr\\\/formation\\\/#\\\/schema\\\/person\\\/f5dc7b6354e942ca9c5fa8e9ff7e5c93\",\"name\":\"yoctavien\",\"image\":{\"@type\":\"ImageObject\",\"inLanguage\":\"fr-FR\",\"@id\":\"https:\\\/\\\/secure.gravatar.com\\\/avatar\\\/382642c092b6b9da14641d3c478df2f3da4a2d17eea25691c232d4dbf735c292?s=96&d=mm&r=g\",\"url\":\"https:\\\/\\\/secure.gravatar.com\\\/avatar\\\/382642c092b6b9da14641d3c478df2f3da4a2d17eea25691c232d4dbf735c292?s=96&d=mm&r=g\",\"contentUrl\":\"https:\\\/\\\/secure.gravatar.com\\\/avatar\\\/382642c092b6b9da14641d3c478df2f3da4a2d17eea25691c232d4dbf735c292?s=96&d=mm&r=g\",\"caption\":\"yoctavien\"},\"url\":\"https:\\\/\\\/regions-snetap-fsu.fr\\\/formation\\\/author\\\/yoctavien\\\/\"}]}<\/script>\n<!-- \/ Yoast SEO plugin. -->","yoast_head_json":{"title":"EPL du Pas-de-Calais : Un nouveau directeur qui apporte de l'espoir - Formation des sites R\u00e9gionaux du SNETAP-FSU","robots":{"index":"index","follow":"follow","max-snippet":"max-snippet:-1","max-image-preview":"max-image-preview:large","max-video-preview":"max-video-preview:-1"},"canonical":"https:\/\/regions-snetap-fsu.fr\/formation\/2019\/09\/16\/epl-du-pas-de-calais-un-nouveau-directeur-qui-apporte-de-lespoir\/","og_locale":"fr_FR","og_type":"article","og_title":"EPL du Pas-de-Calais : Un nouveau directeur qui apporte de l'espoir - Formation des sites R\u00e9gionaux du SNETAP-FSU","og_description":"EPL du Pas-de-Calais : Un nouveau directeur qui apporte de l&rsquo;espoir devant les sections SNETAP-FSU toujours vigilantes Lors des r\u00e9unions pl\u00e9ni\u00e8res de pr\u00e9rentr\u00e9e du 30\/08\/19 sur les sites de Tilloy-les-Mofflaines et de Radinghem, le nouveau directeur a pr\u00e9sent\u00e9 ses grandes id\u00e9es pour l&rsquo;EPL du Pas-de-Calais &#8230;","og_url":"https:\/\/regions-snetap-fsu.fr\/formation\/2019\/09\/16\/epl-du-pas-de-calais-un-nouveau-directeur-qui-apporte-de-lespoir\/","og_site_name":"Formation des sites R\u00e9gionaux du SNETAP-FSU","article_published_time":"2019-09-16T21:26:05+00:00","author":"yoctavien","twitter_card":"summary_large_image","twitter_misc":{"\u00c9crit par":"yoctavien","Dur\u00e9e de lecture estim\u00e9e":"3 minutes"},"schema":{"@context":"https:\/\/schema.org","@graph":[{"@type":"Article","@id":"https:\/\/regions-snetap-fsu.fr\/formation\/2019\/09\/16\/epl-du-pas-de-calais-un-nouveau-directeur-qui-apporte-de-lespoir\/#article","isPartOf":{"@id":"https:\/\/regions-snetap-fsu.fr\/formation\/2019\/09\/16\/epl-du-pas-de-calais-un-nouveau-directeur-qui-apporte-de-lespoir\/"},"author":{"name":"yoctavien","@id":"https:\/\/regions-snetap-fsu.fr\/formation\/#\/schema\/person\/f5dc7b6354e942ca9c5fa8e9ff7e5c93"},"headline":"EPL du Pas-de-Calais : Un nouveau directeur qui apporte de l&rsquo;espoir","datePublished":"2019-09-16T21:26:05+00:00","mainEntityOfPage":{"@id":"https:\/\/regions-snetap-fsu.fr\/formation\/2019\/09\/16\/epl-du-pas-de-calais-un-nouveau-directeur-qui-apporte-de-lespoir\/"},"wordCount":613,"publisher":{"@id":"https:\/\/regions-snetap-fsu.fr\/formation\/#organization"},"articleSection":["Communiqu\u00e9s"],"inLanguage":"fr-FR"},{"@type":"WebPage","@id":"https:\/\/regions-snetap-fsu.fr\/formation\/2019\/09\/16\/epl-du-pas-de-calais-un-nouveau-directeur-qui-apporte-de-lespoir\/","url":"https:\/\/regions-snetap-fsu.fr\/formation\/2019\/09\/16\/epl-du-pas-de-calais-un-nouveau-directeur-qui-apporte-de-lespoir\/","name":"EPL du Pas-de-Calais : Un nouveau directeur qui apporte de l'espoir - Formation des sites R\u00e9gionaux du SNETAP-FSU","isPartOf":{"@id":"https:\/\/regions-snetap-fsu.fr\/formation\/#website"},"datePublished":"2019-09-16T21:26:05+00:00","breadcrumb":{"@id":"https:\/\/regions-snetap-fsu.fr\/formation\/2019\/09\/16\/epl-du-pas-de-calais-un-nouveau-directeur-qui-apporte-de-lespoir\/#breadcrumb"},"inLanguage":"fr-FR","potentialAction":[{"@type":"ReadAction","target":["https:\/\/regions-snetap-fsu.fr\/formation\/2019\/09\/16\/epl-du-pas-de-calais-un-nouveau-directeur-qui-apporte-de-lespoir\/"]}]},{"@type":"BreadcrumbList","@id":"https:\/\/regions-snetap-fsu.fr\/formation\/2019\/09\/16\/epl-du-pas-de-calais-un-nouveau-directeur-qui-apporte-de-lespoir\/#breadcrumb","itemListElement":[{"@type":"ListItem","position":1,"name":"Accueil","item":"https:\/\/regions-snetap-fsu.fr\/formation\/"},{"@type":"ListItem","position":2,"name":"EPL du Pas-de-Calais : Un nouveau directeur qui apporte de l&rsquo;espoir"}]},{"@type":"WebSite","@id":"https:\/\/regions-snetap-fsu.fr\/formation\/#website","url":"https:\/\/regions-snetap-fsu.fr\/formation\/","name":"Formation des sites R\u00e9gionaux du SNETAP-FSU","description":"","publisher":{"@id":"https:\/\/regions-snetap-fsu.fr\/formation\/#organization"},"potentialAction":[{"@type":"SearchAction","target":{"@type":"EntryPoint","urlTemplate":"https:\/\/regions-snetap-fsu.fr\/formation\/?s={search_term_string}"},"query-input":{"@type":"PropertyValueSpecification","valueRequired":true,"valueName":"search_term_string"}}],"inLanguage":"fr-FR"},{"@type":"Organization","@id":"https:\/\/regions-snetap-fsu.fr\/formation\/#organization","name":"Formation des sites R\u00e9gionaux du SNETAP-FSU","url":"https:\/\/regions-snetap-fsu.fr\/formation\/","logo":{"@type":"ImageObject","inLanguage":"fr-FR","@id":"https:\/\/regions-snetap-fsu.fr\/formation\/#\/schema\/logo\/image\/","url":"https:\/\/regions-snetap-fsu.fr\/formation\/wp-content\/uploads\/sites\/20\/2025\/04\/cropped-Logo_blanc_fond_transparent_1000x755.png","contentUrl":"https:\/\/regions-snetap-fsu.fr\/formation\/wp-content\/uploads\/sites\/20\/2025\/04\/cropped-Logo_blanc_fond_transparent_1000x755.png","width":998,"height":689,"caption":"Formation des sites R\u00e9gionaux du SNETAP-FSU"},"image":{"@id":"https:\/\/regions-snetap-fsu.fr\/formation\/#\/schema\/logo\/image\/"}},{"@type":"Person","@id":"https:\/\/regions-snetap-fsu.fr\/formation\/#\/schema\/person\/f5dc7b6354e942ca9c5fa8e9ff7e5c93","name":"yoctavien","image":{"@type":"ImageObject","inLanguage":"fr-FR","@id":"https:\/\/secure.gravatar.com\/avatar\/382642c092b6b9da14641d3c478df2f3da4a2d17eea25691c232d4dbf735c292?s=96&d=mm&r=g","url":"https:\/\/secure.gravatar.com\/avatar\/382642c092b6b9da14641d3c478df2f3da4a2d17eea25691c232d4dbf735c292?s=96&d=mm&r=g","contentUrl":"https:\/\/secure.gravatar.com\/avatar\/382642c092b6b9da14641d3c478df2f3da4a2d17eea25691c232d4dbf735c292?s=96&d=mm&r=g","caption":"yoctavien"},"url":"https:\/\/regions-snetap-fsu.fr\/formation\/author\/yoctavien\/"}]}},"_links":{"self":[{"href":"https:\/\/regions-snetap-fsu.fr\/formation\/wp-json\/wp\/v2\/posts\/3024","targetHints":{"allow":["GET"]}}],"collection":[{"href":"https:\/\/regions-snetap-fsu.fr\/formation\/wp-json\/wp\/v2\/posts"}],"about":[{"href":"https:\/\/regions-snetap-fsu.fr\/formation\/wp-json\/wp\/v2\/types\/post"}],"author":[{"embeddable":true,"href":"https:\/\/regions-snetap-fsu.fr\/formation\/wp-json\/wp\/v2\/users\/138"}],"replies":[{"embeddable":true,"href":"https:\/\/regions-snetap-fsu.fr\/formation\/wp-json\/wp\/v2\/comments?post=3024"}],"version-history":[{"count":0,"href":"https:\/\/regions-snetap-fsu.fr\/formation\/wp-json\/wp\/v2\/posts\/3024\/revisions"}],"wp:attachment":[{"href":"https:\/\/regions-snetap-fsu.fr\/formation\/wp-json\/wp\/v2\/media?parent=3024"}],"wp:term":[{"taxonomy":"category","embeddable":true,"href":"https:\/\/regions-snetap-fsu.fr\/formation\/wp-json\/wp\/v2\/categories?post=3024"},{"taxonomy":"post_tag","embeddable":true,"href":"https:\/\/regions-snetap-fsu.fr\/formation\/wp-json\/wp\/v2\/tags?post=3024"},{"taxonomy":"post_folder","embeddable":true,"href":"https:\/\/regions-snetap-fsu.fr\/formation\/wp-json\/wp\/v2\/post_folder?post=3024"}],"curies":[{"name":"wp","href":"https:\/\/api.w.org\/{rel}","templated":true}]}}