{"id":2961,"date":"2019-08-31T10:25:33","date_gmt":"2019-08-31T08:25:33","guid":{"rendered":"https:\/\/regions-snetap-fsu.fr\/hdf\/?p=2961"},"modified":"2019-08-31T10:25:33","modified_gmt":"2019-08-31T08:25:33","slug":"appel-petition-pour-le-retour-chez-lui-de-mohammed-lakel","status":"publish","type":"post","link":"https:\/\/regions-snetap-fsu.fr\/formation\/2019\/08\/31\/appel-petition-pour-le-retour-chez-lui-de-mohammed-lakel\/","title":{"rendered":"Appel p\u00e9tition pour le retour chez lui de Mohammed Lakel"},"content":{"rendered":"<h2 style=\"text-align: center\"><span style=\"color: #ff0000;font-family: tahoma, arial, helvetica, sans-serif\">Appel p\u00e9tition pour le retour chez lui de Mohammed Lakel<\/span><\/h2>\n<blockquote><p><span style=\"font-family: tahoma, arial, helvetica, sans-serif;color: #0000ff\">Mohammed Lakel a \u00e9t\u00e9 expuls\u00e9. Si comme nous, vous refusez cette injustice, vous pouvez signer l&rsquo;appel pour le retour de Mohammed dont le texte est ci-dessous :<\/span><\/p><\/blockquote>\n<p><!--more--><\/p>\n<p style=\"text-align: justify\"><span style=\"font-family: tahoma, arial, helvetica, sans-serif;color: #0000ff\">Depuis 2012, Mohammed Lakel vit en France.<\/span><\/p>\n<p style=\"text-align: justify\"><span style=\"font-family: tahoma, arial, helvetica, sans-serif;color: #0000ff\">Jardinier de la paroisse du Bienheureux Charles de Foucauld dans le quartier de l\u2019\u00c9peule \u00e0 Roubaix, membre du bureau du Comit\u00e9 des sans-papiers du Nord, il travaille et s\u2019implique b\u00e9n\u00e9volement au sein de nombreuses associations de la m\u00e9tropole lilloise (le Secours catholique, la Popote, l\u2019Univers\u2026).<\/span><\/p>\n<p style=\"text-align: justify\"><span style=\"font-family: tahoma, arial, helvetica, sans-serif;color: #0000ff\">Participant aux mobilisations syndicales, \u00e9tudiantes, pour les droits des femmes, de Nuit Debout, des gilets jaunes et bien s\u00fbr des sans-papiers, Mohammed r\u00e9pond pr\u00e9sent, avec celles et ceux qui luttent contre la r\u00e9signation et pour la d\u00e9fense des droits.<\/span><\/p>\n<p style=\"text-align: justify\"><span style=\"font-family: tahoma, arial, helvetica, sans-serif;color: #0000ff\">Dans ses combats, il a nou\u00e9 de nombreuses amiti\u00e9s, vivaces et ind\u00e9fectibles.<\/span><\/p>\n<p style=\"text-align: justify\"><span style=\"font-family: tahoma, arial, helvetica, sans-serif;color: #0000ff\">Mohammed a construit sa vie ici. Chez lui, c\u2019est ici.<\/span><\/p>\n<p style=\"text-align: justify\"><span style=\"color: #0000ff;font-family: tahoma, arial, helvetica, sans-serif\">Le 6 ao\u00fbt dernier, Mohammed Lakel a \u00e9t\u00e9 arr\u00eat\u00e9, au seul motif qu\u2019il \u00e9tait sans-papiers, et plac\u00e9 au centre de r\u00e9tention de Lesquin. La pr\u00e9fecture de Lille demandait un contrat de travail pour que son dossier soit \u00e9tudi\u00e9 par la Codrese (la commission d\u00e9partementale charg\u00e9e du r\u00e9examen de la situation des demandeurs \u00e9trangers). Celle-ci doit se r\u00e9unir d\u00e9but septembre et statuer sur son cas, alors qu\u2019un emploi de jardinier \u00e0 la Ferme du Trichon l&rsquo;attend d\u00e9sormais \u00e0 Roubaix.<\/span><\/p>\n<p style=\"text-align: justify\"><span style=\"font-family: tahoma, arial, helvetica, sans-serif;color: #0000ff\">Face \u00e0 un mouvement de solidarit\u00e9 massif de ses ami\u00b7es, de ses camarades, des \u00e9lu\u00b7es, des organisations associatives, partidaires, syndicales, des citoyen\u00b7nes, la pr\u00e9fecture du Nord a r\u00e9pondu par le m\u00e9pris, la violence, et a expuls\u00e9 Mohammed vers l\u2019Alg\u00e9rie, le 19 ao\u00fbt.<\/span><\/p>\n<p style=\"text-align: justify\"><span style=\"color: #0000ff;font-family: tahoma, arial, helvetica, sans-serif\">Par notre signature de cet appel, nous demandons :<\/span><\/p>\n<p style=\"text-align: justify\"><span style=\"color: #0000ff;font-family: tahoma, arial, helvetica, sans-serif\">&#8211; l\u2019\u00e9tude, en septembre, du dossier de Mohammed par la Codrese<\/span><\/p>\n<p style=\"text-align: justify\"><span style=\"color: #0000ff;font-family: tahoma, arial, helvetica, sans-serif\">&#8211; la r\u00e9gularisation de Mohammed<\/span><\/p>\n<p style=\"text-align: justify\"><span style=\"color: #0000ff;font-family: tahoma, arial, helvetica, sans-serif\">&#8211; le retour imm\u00e9diat de Mohammed<\/span><\/p>\n<p style=\"text-align: justify\"><span style=\"color: #0000ff\"><span style=\"font-family: tahoma, arial, helvetica, sans-serif\">Le Comit\u00e9 Mohammed Lakel,<\/span> Lille, le <span id=\"OBJ_PREFIX_DWT2268_com_zimbra_date\" class=\"Object\">21 ao\u00fbt 2019<\/span>.<\/span><\/p>\n<p style=\"text-align: justify\"><span style=\"font-family: tahoma, arial, helvetica, sans-serif\"><span style=\"color: #ff0000\"><strong>Pour signer cet appel, merci d\u2019envoyer un courriel \u00e0<\/strong><\/span> <span style=\"text-decoration: underline;color: #000000\"><a style=\"color: #000000;text-decoration: underline\" href=\"mailto:comite.mohammed.lakel@gmail.com\">comite.mohammed.lakel@gmail.com<\/a><\/span><\/span><\/p>\n<p><span style=\"font-family: tahoma, arial, helvetica, sans-serif\"><span style=\"color: #ff0000\">Indiquez simplement : <strong>Pr\u00e9nom NOM, Commune <\/strong>(pour une signature individuelle) <\/span><span style=\"color: #ff0000\">ou <strong>Organisation <\/strong>(en pr\u00e9cisant si \u00e7&rsquo;est une organisation associative, partidaire, syndicale ou un collectif)<\/span><\/span><\/p>\n<p><span style=\"color: #000000\"><a style=\"color: #000000\" href=\"https:\/\/www.facebook.com\/notes\/comit%C3%A9-de-soutien-%C3%A0-mohammed-lakel\/appel-pour-le-retour-chez-lui-de-mohammed-lakel\/2445926882173188\/\" target=\"_blank\" rel=\"noopener noreferrer\"><span style=\"text-decoration: underline\">Lien : Facebook &#8211; Appel pour le retour chez lui de Mohammed Lakel<\/span> <\/a><\/span><\/p>\n","protected":false},"excerpt":{"rendered":"<p>Appel p\u00e9tition pour le retour chez lui de Mohammed Lakel Mohammed Lakel a \u00e9t\u00e9 expuls\u00e9. Si comme nous, vous refusez cette injustice, vous pouvez signer l&rsquo;appel pour le retour de Mohammed dont le texte est ci-dessous :<\/p>\n","protected":false},"author":138,"featured_media":0,"comment_status":"closed","ping_status":"closed","sticky":false,"template":"","format":"standard","meta":{"ocean_post_layout":"","ocean_both_sidebars_style":"","ocean_both_sidebars_content_width":0,"ocean_both_sidebars_sidebars_width":0,"ocean_sidebar":"","ocean_second_sidebar":"","ocean_disable_margins":"enable","ocean_add_body_class":"","ocean_shortcode_before_top_bar":"","ocean_shortcode_after_top_bar":"","ocean_shortcode_before_header":"","ocean_shortcode_after_header":"","ocean_has_shortcode":"","ocean_shortcode_after_title":"","ocean_shortcode_before_footer_widgets":"","ocean_shortcode_after_footer_widgets":"","ocean_shortcode_before_footer_bottom":"","ocean_shortcode_after_footer_bottom":"","ocean_display_top_bar":"default","ocean_display_header":"default","ocean_header_style":"","ocean_center_header_left_menu":"","ocean_custom_header_template":"","ocean_custom_logo":0,"ocean_custom_retina_logo":0,"ocean_custom_logo_max_width":0,"ocean_custom_logo_tablet_max_width":0,"ocean_custom_logo_mobile_max_width":0,"ocean_custom_logo_max_height":0,"ocean_custom_logo_tablet_max_height":0,"ocean_custom_logo_mobile_max_height":0,"ocean_header_custom_menu":"","ocean_menu_typo_font_family":"","ocean_menu_typo_font_subset":"","ocean_menu_typo_font_size":0,"ocean_menu_typo_font_size_tablet":0,"ocean_menu_typo_font_size_mobile":0,"ocean_menu_typo_font_size_unit":"px","ocean_menu_typo_font_weight":"","ocean_menu_typo_font_weight_tablet":"","ocean_menu_typo_font_weight_mobile":"","ocean_menu_typo_transform":"","ocean_menu_typo_transform_tablet":"","ocean_menu_typo_transform_mobile":"","ocean_menu_typo_line_height":0,"ocean_menu_typo_line_height_tablet":0,"ocean_menu_typo_line_height_mobile":0,"ocean_menu_typo_line_height_unit":"","ocean_menu_typo_spacing":0,"ocean_menu_typo_spacing_tablet":0,"ocean_menu_typo_spacing_mobile":0,"ocean_menu_typo_spacing_unit":"","ocean_menu_link_color":"","ocean_menu_link_color_hover":"","ocean_menu_link_color_active":"","ocean_menu_link_background":"","ocean_menu_link_hover_background":"","ocean_menu_link_active_background":"","ocean_menu_social_links_bg":"","ocean_menu_social_hover_links_bg":"","ocean_menu_social_links_color":"","ocean_menu_social_hover_links_color":"","ocean_disable_title":"default","ocean_disable_heading":"default","ocean_post_title":"","ocean_post_subheading":"","ocean_post_title_style":"","ocean_post_title_background_color":"","ocean_post_title_background":0,"ocean_post_title_bg_image_position":"","ocean_post_title_bg_image_attachment":"","ocean_post_title_bg_image_repeat":"","ocean_post_title_bg_image_size":"","ocean_post_title_height":0,"ocean_post_title_bg_overlay":0.5,"ocean_post_title_bg_overlay_color":"","ocean_disable_breadcrumbs":"default","ocean_breadcrumbs_color":"","ocean_breadcrumbs_separator_color":"","ocean_breadcrumbs_links_color":"","ocean_breadcrumbs_links_hover_color":"","ocean_display_footer_widgets":"default","ocean_display_footer_bottom":"default","ocean_custom_footer_template":"","ocean_post_oembed":"","ocean_post_self_hosted_media":"","ocean_post_video_embed":"","ocean_link_format":"","ocean_link_format_target":"self","ocean_quote_format":"","ocean_quote_format_link":"post","ocean_gallery_link_images":"on","ocean_gallery_id":[],"footnotes":""},"categories":[21,26],"tags":[],"post_folder":[],"class_list":["post-2961","post","type-post","status-publish","format-standard","hentry","category-humanitaire","category-petitions","entry"],"yoast_head":"<!-- This site is optimized with the Yoast SEO plugin v27.4 - https:\/\/yoast.com\/product\/yoast-seo-wordpress\/ -->\n<title>Appel p\u00e9tition pour le retour chez lui de Mohammed Lakel - Formation des sites R\u00e9gionaux du SNETAP-FSU<\/title>\n<meta name=\"robots\" content=\"index, follow, max-snippet:-1, max-image-preview:large, max-video-preview:-1\" \/>\n<link rel=\"canonical\" href=\"https:\/\/regions-snetap-fsu.fr\/formation\/2019\/08\/31\/appel-petition-pour-le-retour-chez-lui-de-mohammed-lakel\/\" \/>\n<meta property=\"og:locale\" content=\"fr_FR\" \/>\n<meta property=\"og:type\" content=\"article\" \/>\n<meta property=\"og:title\" content=\"Appel p\u00e9tition pour le retour chez lui de Mohammed Lakel - Formation des sites R\u00e9gionaux du SNETAP-FSU\" \/>\n<meta property=\"og:description\" content=\"Appel p\u00e9tition pour le retour chez lui de Mohammed Lakel Mohammed Lakel a \u00e9t\u00e9 expuls\u00e9. Si comme nous, vous refusez cette injustice, vous pouvez signer l&rsquo;appel pour le retour de Mohammed dont le texte est ci-dessous :\" \/>\n<meta property=\"og:url\" content=\"https:\/\/regions-snetap-fsu.fr\/formation\/2019\/08\/31\/appel-petition-pour-le-retour-chez-lui-de-mohammed-lakel\/\" \/>\n<meta property=\"og:site_name\" content=\"Formation des sites R\u00e9gionaux du SNETAP-FSU\" \/>\n<meta property=\"article:published_time\" content=\"2019-08-31T08:25:33+00:00\" \/>\n<meta name=\"author\" content=\"yoctavien\" \/>\n<meta name=\"twitter:card\" content=\"summary_large_image\" \/>\n<meta name=\"twitter:label1\" content=\"\u00c9crit par\" \/>\n\t<meta name=\"twitter:data1\" content=\"yoctavien\" \/>\n\t<meta name=\"twitter:label2\" content=\"Dur\u00e9e de lecture estim\u00e9e\" \/>\n\t<meta name=\"twitter:data2\" content=\"2 minutes\" \/>\n<script type=\"application\/ld+json\" class=\"yoast-schema-graph\">{\"@context\":\"https:\\\/\\\/schema.org\",\"@graph\":[{\"@type\":\"Article\",\"@id\":\"https:\\\/\\\/regions-snetap-fsu.fr\\\/formation\\\/2019\\\/08\\\/31\\\/appel-petition-pour-le-retour-chez-lui-de-mohammed-lakel\\\/#article\",\"isPartOf\":{\"@id\":\"https:\\\/\\\/regions-snetap-fsu.fr\\\/formation\\\/2019\\\/08\\\/31\\\/appel-petition-pour-le-retour-chez-lui-de-mohammed-lakel\\\/\"},\"author\":{\"name\":\"yoctavien\",\"@id\":\"https:\\\/\\\/regions-snetap-fsu.fr\\\/formation\\\/#\\\/schema\\\/person\\\/f5dc7b6354e942ca9c5fa8e9ff7e5c93\"},\"headline\":\"Appel p\u00e9tition pour le retour chez lui de Mohammed Lakel\",\"datePublished\":\"2019-08-31T08:25:33+00:00\",\"mainEntityOfPage\":{\"@id\":\"https:\\\/\\\/regions-snetap-fsu.fr\\\/formation\\\/2019\\\/08\\\/31\\\/appel-petition-pour-le-retour-chez-lui-de-mohammed-lakel\\\/\"},\"wordCount\":403,\"publisher\":{\"@id\":\"https:\\\/\\\/regions-snetap-fsu.fr\\\/formation\\\/#organization\"},\"articleSection\":[\"Bulletins\",\"P\u00e9titions\"],\"inLanguage\":\"fr-FR\"},{\"@type\":\"WebPage\",\"@id\":\"https:\\\/\\\/regions-snetap-fsu.fr\\\/formation\\\/2019\\\/08\\\/31\\\/appel-petition-pour-le-retour-chez-lui-de-mohammed-lakel\\\/\",\"url\":\"https:\\\/\\\/regions-snetap-fsu.fr\\\/formation\\\/2019\\\/08\\\/31\\\/appel-petition-pour-le-retour-chez-lui-de-mohammed-lakel\\\/\",\"name\":\"Appel p\u00e9tition pour le retour chez lui de Mohammed Lakel - Formation des sites R\u00e9gionaux du SNETAP-FSU\",\"isPartOf\":{\"@id\":\"https:\\\/\\\/regions-snetap-fsu.fr\\\/formation\\\/#website\"},\"datePublished\":\"2019-08-31T08:25:33+00:00\",\"breadcrumb\":{\"@id\":\"https:\\\/\\\/regions-snetap-fsu.fr\\\/formation\\\/2019\\\/08\\\/31\\\/appel-petition-pour-le-retour-chez-lui-de-mohammed-lakel\\\/#breadcrumb\"},\"inLanguage\":\"fr-FR\",\"potentialAction\":[{\"@type\":\"ReadAction\",\"target\":[\"https:\\\/\\\/regions-snetap-fsu.fr\\\/formation\\\/2019\\\/08\\\/31\\\/appel-petition-pour-le-retour-chez-lui-de-mohammed-lakel\\\/\"]}]},{\"@type\":\"BreadcrumbList\",\"@id\":\"https:\\\/\\\/regions-snetap-fsu.fr\\\/formation\\\/2019\\\/08\\\/31\\\/appel-petition-pour-le-retour-chez-lui-de-mohammed-lakel\\\/#breadcrumb\",\"itemListElement\":[{\"@type\":\"ListItem\",\"position\":1,\"name\":\"Accueil\",\"item\":\"https:\\\/\\\/regions-snetap-fsu.fr\\\/formation\\\/\"},{\"@type\":\"ListItem\",\"position\":2,\"name\":\"Appel p\u00e9tition pour le retour chez lui de Mohammed Lakel\"}]},{\"@type\":\"WebSite\",\"@id\":\"https:\\\/\\\/regions-snetap-fsu.fr\\\/formation\\\/#website\",\"url\":\"https:\\\/\\\/regions-snetap-fsu.fr\\\/formation\\\/\",\"name\":\"Formation des sites R\u00e9gionaux du SNETAP-FSU\",\"description\":\"\",\"publisher\":{\"@id\":\"https:\\\/\\\/regions-snetap-fsu.fr\\\/formation\\\/#organization\"},\"potentialAction\":[{\"@type\":\"SearchAction\",\"target\":{\"@type\":\"EntryPoint\",\"urlTemplate\":\"https:\\\/\\\/regions-snetap-fsu.fr\\\/formation\\\/?s={search_term_string}\"},\"query-input\":{\"@type\":\"PropertyValueSpecification\",\"valueRequired\":true,\"valueName\":\"search_term_string\"}}],\"inLanguage\":\"fr-FR\"},{\"@type\":\"Organization\",\"@id\":\"https:\\\/\\\/regions-snetap-fsu.fr\\\/formation\\\/#organization\",\"name\":\"Formation des sites R\u00e9gionaux du SNETAP-FSU\",\"url\":\"https:\\\/\\\/regions-snetap-fsu.fr\\\/formation\\\/\",\"logo\":{\"@type\":\"ImageObject\",\"inLanguage\":\"fr-FR\",\"@id\":\"https:\\\/\\\/regions-snetap-fsu.fr\\\/formation\\\/#\\\/schema\\\/logo\\\/image\\\/\",\"url\":\"https:\\\/\\\/regions-snetap-fsu.fr\\\/formation\\\/wp-content\\\/uploads\\\/sites\\\/20\\\/2025\\\/04\\\/cropped-Logo_blanc_fond_transparent_1000x755.png\",\"contentUrl\":\"https:\\\/\\\/regions-snetap-fsu.fr\\\/formation\\\/wp-content\\\/uploads\\\/sites\\\/20\\\/2025\\\/04\\\/cropped-Logo_blanc_fond_transparent_1000x755.png\",\"width\":998,\"height\":689,\"caption\":\"Formation des sites R\u00e9gionaux du SNETAP-FSU\"},\"image\":{\"@id\":\"https:\\\/\\\/regions-snetap-fsu.fr\\\/formation\\\/#\\\/schema\\\/logo\\\/image\\\/\"}},{\"@type\":\"Person\",\"@id\":\"https:\\\/\\\/regions-snetap-fsu.fr\\\/formation\\\/#\\\/schema\\\/person\\\/f5dc7b6354e942ca9c5fa8e9ff7e5c93\",\"name\":\"yoctavien\",\"image\":{\"@type\":\"ImageObject\",\"inLanguage\":\"fr-FR\",\"@id\":\"https:\\\/\\\/secure.gravatar.com\\\/avatar\\\/382642c092b6b9da14641d3c478df2f3da4a2d17eea25691c232d4dbf735c292?s=96&d=mm&r=g\",\"url\":\"https:\\\/\\\/secure.gravatar.com\\\/avatar\\\/382642c092b6b9da14641d3c478df2f3da4a2d17eea25691c232d4dbf735c292?s=96&d=mm&r=g\",\"contentUrl\":\"https:\\\/\\\/secure.gravatar.com\\\/avatar\\\/382642c092b6b9da14641d3c478df2f3da4a2d17eea25691c232d4dbf735c292?s=96&d=mm&r=g\",\"caption\":\"yoctavien\"},\"url\":\"https:\\\/\\\/regions-snetap-fsu.fr\\\/formation\\\/author\\\/yoctavien\\\/\"}]}<\/script>\n<!-- \/ Yoast SEO plugin. -->","yoast_head_json":{"title":"Appel p\u00e9tition pour le retour chez lui de Mohammed Lakel - Formation des sites R\u00e9gionaux du SNETAP-FSU","robots":{"index":"index","follow":"follow","max-snippet":"max-snippet:-1","max-image-preview":"max-image-preview:large","max-video-preview":"max-video-preview:-1"},"canonical":"https:\/\/regions-snetap-fsu.fr\/formation\/2019\/08\/31\/appel-petition-pour-le-retour-chez-lui-de-mohammed-lakel\/","og_locale":"fr_FR","og_type":"article","og_title":"Appel p\u00e9tition pour le retour chez lui de Mohammed Lakel - Formation des sites R\u00e9gionaux du SNETAP-FSU","og_description":"Appel p\u00e9tition pour le retour chez lui de Mohammed Lakel Mohammed Lakel a \u00e9t\u00e9 expuls\u00e9. Si comme nous, vous refusez cette injustice, vous pouvez signer l&rsquo;appel pour le retour de Mohammed dont le texte est ci-dessous :","og_url":"https:\/\/regions-snetap-fsu.fr\/formation\/2019\/08\/31\/appel-petition-pour-le-retour-chez-lui-de-mohammed-lakel\/","og_site_name":"Formation des sites R\u00e9gionaux du SNETAP-FSU","article_published_time":"2019-08-31T08:25:33+00:00","author":"yoctavien","twitter_card":"summary_large_image","twitter_misc":{"\u00c9crit par":"yoctavien","Dur\u00e9e de lecture estim\u00e9e":"2 minutes"},"schema":{"@context":"https:\/\/schema.org","@graph":[{"@type":"Article","@id":"https:\/\/regions-snetap-fsu.fr\/formation\/2019\/08\/31\/appel-petition-pour-le-retour-chez-lui-de-mohammed-lakel\/#article","isPartOf":{"@id":"https:\/\/regions-snetap-fsu.fr\/formation\/2019\/08\/31\/appel-petition-pour-le-retour-chez-lui-de-mohammed-lakel\/"},"author":{"name":"yoctavien","@id":"https:\/\/regions-snetap-fsu.fr\/formation\/#\/schema\/person\/f5dc7b6354e942ca9c5fa8e9ff7e5c93"},"headline":"Appel p\u00e9tition pour le retour chez lui de Mohammed Lakel","datePublished":"2019-08-31T08:25:33+00:00","mainEntityOfPage":{"@id":"https:\/\/regions-snetap-fsu.fr\/formation\/2019\/08\/31\/appel-petition-pour-le-retour-chez-lui-de-mohammed-lakel\/"},"wordCount":403,"publisher":{"@id":"https:\/\/regions-snetap-fsu.fr\/formation\/#organization"},"articleSection":["Bulletins","P\u00e9titions"],"inLanguage":"fr-FR"},{"@type":"WebPage","@id":"https:\/\/regions-snetap-fsu.fr\/formation\/2019\/08\/31\/appel-petition-pour-le-retour-chez-lui-de-mohammed-lakel\/","url":"https:\/\/regions-snetap-fsu.fr\/formation\/2019\/08\/31\/appel-petition-pour-le-retour-chez-lui-de-mohammed-lakel\/","name":"Appel p\u00e9tition pour le retour chez lui de Mohammed Lakel - Formation des sites R\u00e9gionaux du SNETAP-FSU","isPartOf":{"@id":"https:\/\/regions-snetap-fsu.fr\/formation\/#website"},"datePublished":"2019-08-31T08:25:33+00:00","breadcrumb":{"@id":"https:\/\/regions-snetap-fsu.fr\/formation\/2019\/08\/31\/appel-petition-pour-le-retour-chez-lui-de-mohammed-lakel\/#breadcrumb"},"inLanguage":"fr-FR","potentialAction":[{"@type":"ReadAction","target":["https:\/\/regions-snetap-fsu.fr\/formation\/2019\/08\/31\/appel-petition-pour-le-retour-chez-lui-de-mohammed-lakel\/"]}]},{"@type":"BreadcrumbList","@id":"https:\/\/regions-snetap-fsu.fr\/formation\/2019\/08\/31\/appel-petition-pour-le-retour-chez-lui-de-mohammed-lakel\/#breadcrumb","itemListElement":[{"@type":"ListItem","position":1,"name":"Accueil","item":"https:\/\/regions-snetap-fsu.fr\/formation\/"},{"@type":"ListItem","position":2,"name":"Appel p\u00e9tition pour le retour chez lui de Mohammed Lakel"}]},{"@type":"WebSite","@id":"https:\/\/regions-snetap-fsu.fr\/formation\/#website","url":"https:\/\/regions-snetap-fsu.fr\/formation\/","name":"Formation des sites R\u00e9gionaux du SNETAP-FSU","description":"","publisher":{"@id":"https:\/\/regions-snetap-fsu.fr\/formation\/#organization"},"potentialAction":[{"@type":"SearchAction","target":{"@type":"EntryPoint","urlTemplate":"https:\/\/regions-snetap-fsu.fr\/formation\/?s={search_term_string}"},"query-input":{"@type":"PropertyValueSpecification","valueRequired":true,"valueName":"search_term_string"}}],"inLanguage":"fr-FR"},{"@type":"Organization","@id":"https:\/\/regions-snetap-fsu.fr\/formation\/#organization","name":"Formation des sites R\u00e9gionaux du SNETAP-FSU","url":"https:\/\/regions-snetap-fsu.fr\/formation\/","logo":{"@type":"ImageObject","inLanguage":"fr-FR","@id":"https:\/\/regions-snetap-fsu.fr\/formation\/#\/schema\/logo\/image\/","url":"https:\/\/regions-snetap-fsu.fr\/formation\/wp-content\/uploads\/sites\/20\/2025\/04\/cropped-Logo_blanc_fond_transparent_1000x755.png","contentUrl":"https:\/\/regions-snetap-fsu.fr\/formation\/wp-content\/uploads\/sites\/20\/2025\/04\/cropped-Logo_blanc_fond_transparent_1000x755.png","width":998,"height":689,"caption":"Formation des sites R\u00e9gionaux du SNETAP-FSU"},"image":{"@id":"https:\/\/regions-snetap-fsu.fr\/formation\/#\/schema\/logo\/image\/"}},{"@type":"Person","@id":"https:\/\/regions-snetap-fsu.fr\/formation\/#\/schema\/person\/f5dc7b6354e942ca9c5fa8e9ff7e5c93","name":"yoctavien","image":{"@type":"ImageObject","inLanguage":"fr-FR","@id":"https:\/\/secure.gravatar.com\/avatar\/382642c092b6b9da14641d3c478df2f3da4a2d17eea25691c232d4dbf735c292?s=96&d=mm&r=g","url":"https:\/\/secure.gravatar.com\/avatar\/382642c092b6b9da14641d3c478df2f3da4a2d17eea25691c232d4dbf735c292?s=96&d=mm&r=g","contentUrl":"https:\/\/secure.gravatar.com\/avatar\/382642c092b6b9da14641d3c478df2f3da4a2d17eea25691c232d4dbf735c292?s=96&d=mm&r=g","caption":"yoctavien"},"url":"https:\/\/regions-snetap-fsu.fr\/formation\/author\/yoctavien\/"}]}},"_links":{"self":[{"href":"https:\/\/regions-snetap-fsu.fr\/formation\/wp-json\/wp\/v2\/posts\/2961","targetHints":{"allow":["GET"]}}],"collection":[{"href":"https:\/\/regions-snetap-fsu.fr\/formation\/wp-json\/wp\/v2\/posts"}],"about":[{"href":"https:\/\/regions-snetap-fsu.fr\/formation\/wp-json\/wp\/v2\/types\/post"}],"author":[{"embeddable":true,"href":"https:\/\/regions-snetap-fsu.fr\/formation\/wp-json\/wp\/v2\/users\/138"}],"replies":[{"embeddable":true,"href":"https:\/\/regions-snetap-fsu.fr\/formation\/wp-json\/wp\/v2\/comments?post=2961"}],"version-history":[{"count":0,"href":"https:\/\/regions-snetap-fsu.fr\/formation\/wp-json\/wp\/v2\/posts\/2961\/revisions"}],"wp:attachment":[{"href":"https:\/\/regions-snetap-fsu.fr\/formation\/wp-json\/wp\/v2\/media?parent=2961"}],"wp:term":[{"taxonomy":"category","embeddable":true,"href":"https:\/\/regions-snetap-fsu.fr\/formation\/wp-json\/wp\/v2\/categories?post=2961"},{"taxonomy":"post_tag","embeddable":true,"href":"https:\/\/regions-snetap-fsu.fr\/formation\/wp-json\/wp\/v2\/tags?post=2961"},{"taxonomy":"post_folder","embeddable":true,"href":"https:\/\/regions-snetap-fsu.fr\/formation\/wp-json\/wp\/v2\/post_folder?post=2961"}],"curies":[{"name":"wp","href":"https:\/\/api.w.org\/{rel}","templated":true}]}}