{"id":2828,"date":"2019-06-25T18:40:48","date_gmt":"2019-06-25T16:40:48","guid":{"rendered":"https:\/\/regions-snetap-fsu.fr\/hdf\/?p=2828"},"modified":"2019-06-25T18:40:48","modified_gmt":"2019-06-25T16:40:48","slug":"lintersyndicale-a-bloque-les-corrections-a-lomme-ce-mardi-25-juin-2019","status":"publish","type":"post","link":"https:\/\/regions-snetap-fsu.fr\/formation\/2019\/06\/25\/lintersyndicale-a-bloque-les-corrections-a-lomme-ce-mardi-25-juin-2019\/","title":{"rendered":"L&rsquo;intersyndicale a bloqu\u00e9 les corrections \u00e0 Lomme ce mardi 25 juin 2019 !"},"content":{"rendered":"<h2 style=\"text-align: center\"><span style=\"color: #ff0000\">L&rsquo;intersyndicale a bloqu\u00e9<\/span><\/h2>\n<h2 style=\"text-align: center\"><span style=\"color: #ff0000\">les corrections<\/span><\/h2>\n<h2 style=\"text-align: center\"><span style=\"color: #ff0000\">\u00e0 Lomme ce mardi 25 juin 2019 !<\/span><\/h2>\n<blockquote>\n<p style=\"text-align: justify\"><span style=\"font-family: tahoma, arial, helvetica, sans-serif;color: #0000ff\">Une vingtaine de militant\u00b7es de l&rsquo;intersyndicale des Hauts-de-France ont bloqu\u00e9 les corrections du baccalaur\u00e9at au Lyc\u00e9e horticole de Lomme.<\/span><\/p>\n<p style=\"text-align: justify\"><span style=\"color: #0000ff;font-family: tahoma, arial, helvetica, sans-serif\">Retour de cette action qui <\/span><span style=\"color: #0000ff;font-family: tahoma, arial, helvetica, sans-serif\">dans le calme <\/span><span style=\"color: #0000ff;font-family: tahoma, arial, helvetica, sans-serif\">fut un succ\u00e8s et a permis d&rsquo;obtenir une rencontre avec le cabinet du Ministre ce jeudi 27 juin 2019&#8230;<\/span><\/p>\n<\/blockquote>\n<p><!--more--><\/p>\n<p><span style=\"text-decoration: underline\"><span style=\"color: #000000\"><a style=\"color: #000000;text-decoration: underline\" href=\"https:\/\/regions-snetap-fsu.fr\/hdf\/2019\/06\/25\/blocage-du-centre-de-correction-de-lomme\/\" target=\"_blank\" rel=\"noopener noreferrer\">Lien : Premier bilan du blocage du centre de correction de Lomme<\/a><\/span><\/span><\/p>\n<p style=\"text-align: justify\"><span style=\"color: #0000ff;font-family: tahoma, arial, helvetica, sans-serif;font-size: 12pt\">Arriv\u00e9s \u00e0 7h du matin, les militant\u00b7es ont coup\u00e9 l\u2019acc\u00e8s aux copies en bloquant l\u2019endroit o\u00f9 elles \u00e9taient stock\u00e9es. Le directeur de la DRAAF arriv\u00e9 vers 9h sur demande de l\u2019intersyndicale a \u00e9cout\u00e9 les demandes des personnels pr\u00e9sents : faire remonter au minist\u00e8re l\u2019exasp\u00e9ration des personnels et demander la tenue de vraie n\u00e9gociation avant la fin de la semaine (<span id=\"OBJ_PREFIX_DWT161_com_zimbra_date\" class=\"Object\">jeudi<\/span> au plus tard) sur les bases des diff\u00e9rentes demandes des syndicats publics et priv\u00e9s.<\/span><\/p>\n<p><span style=\"text-decoration: underline\"><span style=\"color: #000000\"><a style=\"color: #000000;text-decoration: underline\" href=\"https:\/\/drive.google.com\/open?id=15N5pQcota_3DNopD_niMHOCGH4xYuN9X\" target=\"_blank\" rel=\"noopener noreferrer\">Lien : JT 12\/13 Nord &#8211; Pas-de-Calais France 3<\/a><\/span><\/span><\/p>\n<div style=\"text-align: justify\" align=\"left\"><span style=\"color: #0000ff;font-family: tahoma, arial, helvetica, sans-serif;font-size: 12pt\">Des repr\u00e9sentants de l\u2019intersyndicale ont ensuite expliqu\u00e9 leur d\u00e9marche aux correctrices\/correcteurs pr\u00e9sent\u00b7es r\u00e9uni\u00b7es dans l\u2019amphith\u00e9\u00e2tre du lyc\u00e9e.<\/span><\/div>\n<div align=\"left\">.<\/div>\n<div align=\"left\">\n<div style=\"text-align: justify\" align=\"left\"><span style=\"color: #0000ff;font-family: tahoma, arial, helvetica, sans-serif;font-size: 12pt\"><b>L\u2019action nationale (Montauban et Rennes la semaine derni\u00e8re, Romans, Troyes, Blois et Brest <span id=\"OBJ_PREFIX_DWT162_com_zimbra_date\" class=\"Object\">aujourd\u2019hui<\/span>) a permis, vers midi, d\u2019obtenir un rendez-vous avec le cabinet du Ministre, <span id=\"OBJ_PREFIX_DWT163_com_zimbra_date\" class=\"Object\">jeudi 27 juin 2019<\/span>, \u00e0 13H, sur la base d\u2019une vraie n\u00e9gociation : d\u00e9pr\u00e9carisation, seuils, apprentissage, moyens\u2026<\/b><\/span><\/div>\n<\/div>\n<div align=\"left\">.<\/div>\n<div style=\"text-align: justify\" align=\"left\"><span style=\"color: #0000ff;font-family: tahoma, arial, helvetica, sans-serif;font-size: 12pt\">De nouveau, vers 12H30, des d\u00e9l\u00e9gu\u00e9s de l\u2019intersyndicale ont expliqu\u00e9 ce r\u00e9sultat aux correcteurs pr\u00e9sents. Ils en ont profit\u00e9 pour leur demander de faire un point sur les probl\u00e8mes que pr\u00e9sentera la rentr\u00e9e dans leur \u00e9tablissement.<\/span><\/div>\n<div align=\"left\">.<\/div>\n<div align=\"left\">\n<div style=\"text-align: justify\" align=\"left\"><span style=\"color: #0000ff;font-family: tahoma, arial, helvetica, sans-serif;font-size: 12pt\">Le blocage a \u00e9t\u00e9 lev\u00e9 vers 13h dans le calme.<\/span><\/div>\n<\/div>\n<div align=\"left\">.<\/div>\n<div align=\"left\"><span style=\"font-family: tahoma, arial, helvetica, sans-serif;color: #0000ff\">Ci-dessous l&rsquo;article de 2 page de la Voix du Nord :<\/span><\/div>\n<div align=\"left\">\n\t\t<div class=\"wppdfemb-frame-container-1\" style=\"-webkit-overflow-scrolling:auto;\">\n\t\t\t<iframe class=\"pdfembed-iframe nonfullscreen wppdf-emb-iframe-1\"\n\t\t\t\tsrc=\"https:\/\/regions-snetap-fsu.fr\/formation\/?pdfemb-data=eyJ1cmwiOiJodHRwczpcL1wvcmVnaW9ucy1zbmV0YXAtZnN1LmZyXC9oZGZcL3dwLWNvbnRlbnRcL3VwbG9hZHNcL3NpdGVzXC81XC8yMDE5XC8wNlwvTGFfdm9peF9kdV9Ob3JkX0xvbW1lX2Jsb2NhZ2VfY29waWVzX2JhY18yNV82MTkucGRmIiwiaW5kZXgiOjEsInBkZklEIjowfQ\"\n\t\t\t\t\t\t\t\tdata-pdf-id=\"0\"\n\t\t\t\tdata-pdf-index=\"1\"\n\t\t\t\tstyle=\"border:none;width:100%;max-width:100%;height:100vh;\"\n\t\t\t\tscrolling=\"yes\">\n\t\t\t<\/iframe>\n\t\t<\/div>\n\n\t\t<\/div>\n<div align=\"left\"><span style=\"color: #000000;font-family: tahoma, arial, helvetica, sans-serif;font-size: 12pt\">.<\/span><\/div>\n<div align=\"left\">\n<div style=\"text-align: justify\" align=\"left\"><span style=\"color: #0000ff;font-family: tahoma, arial, helvetica, sans-serif;font-size: 12pt\">Le SNETAP-FSU ne manquera pas de vous informer des n\u00e9gociations du <span id=\"OBJ_PREFIX_DWT164_com_zimbra_date\" class=\"Object\">jeudi<\/span> 27 juin 2019 d\u00e8s que possible.<\/span><\/div>\n<\/div>\n<div align=\"left\"><\/div>\n<h3 style=\"text-align: center\" align=\"left\"><span style=\"color: #ff0000;font-family: tahoma, arial, helvetica, sans-serif;font-size: 12pt\"><b>Restons vigilants pour reprendre l\u2019action d\u00e8s <span id=\"OBJ_PREFIX_DWT165_com_zimbra_date\" class=\"Object\">vendredi<\/span> 28 juin 2019 au cas o\u00f9 le Ministre tente de nouveau de refuser de VRAIES n\u00e9gociations.<\/b><\/span><\/h3>\n<h3 style=\"text-align: center\" align=\"left\"><span style=\"color: #008000;font-family: tahoma, arial, helvetica, sans-serif;font-size: 12pt\"><b>Les actions de ce jour montrent que, malheureusement, le Minist\u00e8re ne conna\u00eet que le rapport de force, esp\u00e9rons que nous n\u2019aurons pas \u00e0 montrer de quoi nous sommes capables pour prot\u00e9ger l\u2019enseignement agricole.<\/b><\/span><\/h3>\n<p><span style=\"text-decoration: underline;color: #000000\"><a style=\"color: #000000;text-decoration: underline\" href=\"https:\/\/www.snetap-fsu.fr\/apres-blocage.html\" target=\"_blank\" rel=\"noopener noreferrer\">Lien : 26 juin &#8211; un point sur l\u2019action par Jean-Marie Le Boiteux, Secr\u00e9taire g\u00e9n\u00e9ral SNETAP-FSU<\/a><\/span><\/p>\n","protected":false},"excerpt":{"rendered":"<p>L&rsquo;intersyndicale a bloqu\u00e9 les corrections \u00e0 Lomme ce mardi 25 juin 2019 ! Une vingtaine de militant\u00b7es de l&rsquo;intersyndicale des Hauts-de-France ont bloqu\u00e9 les corrections du baccalaur\u00e9at au Lyc\u00e9e horticole de Lomme. Retour de cette action qui dans le calme fut un succ\u00e8s et a permis d&rsquo;obtenir une rencontre avec le cabinet du Ministre ce [&hellip;]<\/p>\n","protected":false},"author":138,"featured_media":0,"comment_status":"closed","ping_status":"closed","sticky":false,"template":"","format":"standard","meta":{"ocean_post_layout":"","ocean_both_sidebars_style":"","ocean_both_sidebars_content_width":0,"ocean_both_sidebars_sidebars_width":0,"ocean_sidebar":"","ocean_second_sidebar":"","ocean_disable_margins":"enable","ocean_add_body_class":"","ocean_shortcode_before_top_bar":"","ocean_shortcode_after_top_bar":"","ocean_shortcode_before_header":"","ocean_shortcode_after_header":"","ocean_has_shortcode":"","ocean_shortcode_after_title":"","ocean_shortcode_before_footer_widgets":"","ocean_shortcode_after_footer_widgets":"","ocean_shortcode_before_footer_bottom":"","ocean_shortcode_after_footer_bottom":"","ocean_display_top_bar":"default","ocean_display_header":"default","ocean_header_style":"","ocean_center_header_left_menu":"","ocean_custom_header_template":"","ocean_custom_logo":0,"ocean_custom_retina_logo":0,"ocean_custom_logo_max_width":0,"ocean_custom_logo_tablet_max_width":0,"ocean_custom_logo_mobile_max_width":0,"ocean_custom_logo_max_height":0,"ocean_custom_logo_tablet_max_height":0,"ocean_custom_logo_mobile_max_height":0,"ocean_header_custom_menu":"","ocean_menu_typo_font_family":"","ocean_menu_typo_font_subset":"","ocean_menu_typo_font_size":0,"ocean_menu_typo_font_size_tablet":0,"ocean_menu_typo_font_size_mobile":0,"ocean_menu_typo_font_size_unit":"px","ocean_menu_typo_font_weight":"","ocean_menu_typo_font_weight_tablet":"","ocean_menu_typo_font_weight_mobile":"","ocean_menu_typo_transform":"","ocean_menu_typo_transform_tablet":"","ocean_menu_typo_transform_mobile":"","ocean_menu_typo_line_height":0,"ocean_menu_typo_line_height_tablet":0,"ocean_menu_typo_line_height_mobile":0,"ocean_menu_typo_line_height_unit":"","ocean_menu_typo_spacing":0,"ocean_menu_typo_spacing_tablet":0,"ocean_menu_typo_spacing_mobile":0,"ocean_menu_typo_spacing_unit":"","ocean_menu_link_color":"","ocean_menu_link_color_hover":"","ocean_menu_link_color_active":"","ocean_menu_link_background":"","ocean_menu_link_hover_background":"","ocean_menu_link_active_background":"","ocean_menu_social_links_bg":"","ocean_menu_social_hover_links_bg":"","ocean_menu_social_links_color":"","ocean_menu_social_hover_links_color":"","ocean_disable_title":"default","ocean_disable_heading":"default","ocean_post_title":"","ocean_post_subheading":"","ocean_post_title_style":"","ocean_post_title_background_color":"","ocean_post_title_background":0,"ocean_post_title_bg_image_position":"","ocean_post_title_bg_image_attachment":"","ocean_post_title_bg_image_repeat":"","ocean_post_title_bg_image_size":"","ocean_post_title_height":0,"ocean_post_title_bg_overlay":0.5,"ocean_post_title_bg_overlay_color":"","ocean_disable_breadcrumbs":"default","ocean_breadcrumbs_color":"","ocean_breadcrumbs_separator_color":"","ocean_breadcrumbs_links_color":"","ocean_breadcrumbs_links_hover_color":"","ocean_display_footer_widgets":"default","ocean_display_footer_bottom":"default","ocean_custom_footer_template":"","ocean_post_oembed":"","ocean_post_self_hosted_media":"","ocean_post_video_embed":"","ocean_link_format":"","ocean_link_format_target":"self","ocean_quote_format":"","ocean_quote_format_link":"post","ocean_gallery_link_images":"on","ocean_gallery_id":[],"footnotes":""},"categories":[3],"tags":[],"post_folder":[],"class_list":["post-2828","post","type-post","status-publish","format-standard","hentry","category-actions-greves-manifs","entry"],"yoast_head":"<!-- This site is optimized with the Yoast SEO plugin v27.4 - https:\/\/yoast.com\/product\/yoast-seo-wordpress\/ -->\n<title>L&#039;intersyndicale a bloqu\u00e9 les corrections \u00e0 Lomme ce mardi 25 juin 2019 ! - Formation des sites R\u00e9gionaux du SNETAP-FSU<\/title>\n<meta name=\"robots\" content=\"index, follow, max-snippet:-1, max-image-preview:large, max-video-preview:-1\" \/>\n<link rel=\"canonical\" href=\"https:\/\/regions-snetap-fsu.fr\/formation\/2019\/06\/25\/lintersyndicale-a-bloque-les-corrections-a-lomme-ce-mardi-25-juin-2019\/\" \/>\n<meta property=\"og:locale\" content=\"fr_FR\" \/>\n<meta property=\"og:type\" content=\"article\" \/>\n<meta property=\"og:title\" content=\"L&#039;intersyndicale a bloqu\u00e9 les corrections \u00e0 Lomme ce mardi 25 juin 2019 ! - Formation des sites R\u00e9gionaux du SNETAP-FSU\" \/>\n<meta property=\"og:description\" content=\"L&rsquo;intersyndicale a bloqu\u00e9 les corrections \u00e0 Lomme ce mardi 25 juin 2019 ! Une vingtaine de militant\u00b7es de l&rsquo;intersyndicale des Hauts-de-France ont bloqu\u00e9 les corrections du baccalaur\u00e9at au Lyc\u00e9e horticole de Lomme. Retour de cette action qui dans le calme fut un succ\u00e8s et a permis d&rsquo;obtenir une rencontre avec le cabinet du Ministre ce [&hellip;]\" \/>\n<meta property=\"og:url\" content=\"https:\/\/regions-snetap-fsu.fr\/formation\/2019\/06\/25\/lintersyndicale-a-bloque-les-corrections-a-lomme-ce-mardi-25-juin-2019\/\" \/>\n<meta property=\"og:site_name\" content=\"Formation des sites R\u00e9gionaux du SNETAP-FSU\" \/>\n<meta property=\"article:published_time\" content=\"2019-06-25T16:40:48+00:00\" \/>\n<meta name=\"author\" content=\"yoctavien\" \/>\n<meta name=\"twitter:card\" content=\"summary_large_image\" \/>\n<meta name=\"twitter:label1\" content=\"\u00c9crit par\" \/>\n\t<meta name=\"twitter:data1\" content=\"yoctavien\" \/>\n\t<meta name=\"twitter:label2\" content=\"Dur\u00e9e de lecture estim\u00e9e\" \/>\n\t<meta name=\"twitter:data2\" content=\"2 minutes\" \/>\n<script type=\"application\/ld+json\" class=\"yoast-schema-graph\">{\"@context\":\"https:\\\/\\\/schema.org\",\"@graph\":[{\"@type\":\"Article\",\"@id\":\"https:\\\/\\\/regions-snetap-fsu.fr\\\/formation\\\/2019\\\/06\\\/25\\\/lintersyndicale-a-bloque-les-corrections-a-lomme-ce-mardi-25-juin-2019\\\/#article\",\"isPartOf\":{\"@id\":\"https:\\\/\\\/regions-snetap-fsu.fr\\\/formation\\\/2019\\\/06\\\/25\\\/lintersyndicale-a-bloque-les-corrections-a-lomme-ce-mardi-25-juin-2019\\\/\"},\"author\":{\"name\":\"yoctavien\",\"@id\":\"https:\\\/\\\/regions-snetap-fsu.fr\\\/formation\\\/#\\\/schema\\\/person\\\/f5dc7b6354e942ca9c5fa8e9ff7e5c93\"},\"headline\":\"L&rsquo;intersyndicale a bloqu\u00e9 les corrections \u00e0 Lomme ce mardi 25 juin 2019 !\",\"datePublished\":\"2019-06-25T16:40:48+00:00\",\"mainEntityOfPage\":{\"@id\":\"https:\\\/\\\/regions-snetap-fsu.fr\\\/formation\\\/2019\\\/06\\\/25\\\/lintersyndicale-a-bloque-les-corrections-a-lomme-ce-mardi-25-juin-2019\\\/\"},\"wordCount\":429,\"publisher\":{\"@id\":\"https:\\\/\\\/regions-snetap-fsu.fr\\\/formation\\\/#organization\"},\"articleSection\":[\"Actions - Gr\u00e8ves - Manifs\"],\"inLanguage\":\"fr-FR\"},{\"@type\":\"WebPage\",\"@id\":\"https:\\\/\\\/regions-snetap-fsu.fr\\\/formation\\\/2019\\\/06\\\/25\\\/lintersyndicale-a-bloque-les-corrections-a-lomme-ce-mardi-25-juin-2019\\\/\",\"url\":\"https:\\\/\\\/regions-snetap-fsu.fr\\\/formation\\\/2019\\\/06\\\/25\\\/lintersyndicale-a-bloque-les-corrections-a-lomme-ce-mardi-25-juin-2019\\\/\",\"name\":\"L'intersyndicale a bloqu\u00e9 les corrections \u00e0 Lomme ce mardi 25 juin 2019 ! - Formation des sites R\u00e9gionaux du SNETAP-FSU\",\"isPartOf\":{\"@id\":\"https:\\\/\\\/regions-snetap-fsu.fr\\\/formation\\\/#website\"},\"datePublished\":\"2019-06-25T16:40:48+00:00\",\"breadcrumb\":{\"@id\":\"https:\\\/\\\/regions-snetap-fsu.fr\\\/formation\\\/2019\\\/06\\\/25\\\/lintersyndicale-a-bloque-les-corrections-a-lomme-ce-mardi-25-juin-2019\\\/#breadcrumb\"},\"inLanguage\":\"fr-FR\",\"potentialAction\":[{\"@type\":\"ReadAction\",\"target\":[\"https:\\\/\\\/regions-snetap-fsu.fr\\\/formation\\\/2019\\\/06\\\/25\\\/lintersyndicale-a-bloque-les-corrections-a-lomme-ce-mardi-25-juin-2019\\\/\"]}]},{\"@type\":\"BreadcrumbList\",\"@id\":\"https:\\\/\\\/regions-snetap-fsu.fr\\\/formation\\\/2019\\\/06\\\/25\\\/lintersyndicale-a-bloque-les-corrections-a-lomme-ce-mardi-25-juin-2019\\\/#breadcrumb\",\"itemListElement\":[{\"@type\":\"ListItem\",\"position\":1,\"name\":\"Accueil\",\"item\":\"https:\\\/\\\/regions-snetap-fsu.fr\\\/formation\\\/\"},{\"@type\":\"ListItem\",\"position\":2,\"name\":\"L&rsquo;intersyndicale a bloqu\u00e9 les corrections \u00e0 Lomme ce mardi 25 juin 2019 !\"}]},{\"@type\":\"WebSite\",\"@id\":\"https:\\\/\\\/regions-snetap-fsu.fr\\\/formation\\\/#website\",\"url\":\"https:\\\/\\\/regions-snetap-fsu.fr\\\/formation\\\/\",\"name\":\"Formation des sites R\u00e9gionaux du SNETAP-FSU\",\"description\":\"\",\"publisher\":{\"@id\":\"https:\\\/\\\/regions-snetap-fsu.fr\\\/formation\\\/#organization\"},\"potentialAction\":[{\"@type\":\"SearchAction\",\"target\":{\"@type\":\"EntryPoint\",\"urlTemplate\":\"https:\\\/\\\/regions-snetap-fsu.fr\\\/formation\\\/?s={search_term_string}\"},\"query-input\":{\"@type\":\"PropertyValueSpecification\",\"valueRequired\":true,\"valueName\":\"search_term_string\"}}],\"inLanguage\":\"fr-FR\"},{\"@type\":\"Organization\",\"@id\":\"https:\\\/\\\/regions-snetap-fsu.fr\\\/formation\\\/#organization\",\"name\":\"Formation des sites R\u00e9gionaux du SNETAP-FSU\",\"url\":\"https:\\\/\\\/regions-snetap-fsu.fr\\\/formation\\\/\",\"logo\":{\"@type\":\"ImageObject\",\"inLanguage\":\"fr-FR\",\"@id\":\"https:\\\/\\\/regions-snetap-fsu.fr\\\/formation\\\/#\\\/schema\\\/logo\\\/image\\\/\",\"url\":\"https:\\\/\\\/regions-snetap-fsu.fr\\\/formation\\\/wp-content\\\/uploads\\\/sites\\\/20\\\/2025\\\/04\\\/cropped-Logo_blanc_fond_transparent_1000x755.png\",\"contentUrl\":\"https:\\\/\\\/regions-snetap-fsu.fr\\\/formation\\\/wp-content\\\/uploads\\\/sites\\\/20\\\/2025\\\/04\\\/cropped-Logo_blanc_fond_transparent_1000x755.png\",\"width\":998,\"height\":689,\"caption\":\"Formation des sites R\u00e9gionaux du SNETAP-FSU\"},\"image\":{\"@id\":\"https:\\\/\\\/regions-snetap-fsu.fr\\\/formation\\\/#\\\/schema\\\/logo\\\/image\\\/\"}},{\"@type\":\"Person\",\"@id\":\"https:\\\/\\\/regions-snetap-fsu.fr\\\/formation\\\/#\\\/schema\\\/person\\\/f5dc7b6354e942ca9c5fa8e9ff7e5c93\",\"name\":\"yoctavien\",\"image\":{\"@type\":\"ImageObject\",\"inLanguage\":\"fr-FR\",\"@id\":\"https:\\\/\\\/secure.gravatar.com\\\/avatar\\\/382642c092b6b9da14641d3c478df2f3da4a2d17eea25691c232d4dbf735c292?s=96&d=mm&r=g\",\"url\":\"https:\\\/\\\/secure.gravatar.com\\\/avatar\\\/382642c092b6b9da14641d3c478df2f3da4a2d17eea25691c232d4dbf735c292?s=96&d=mm&r=g\",\"contentUrl\":\"https:\\\/\\\/secure.gravatar.com\\\/avatar\\\/382642c092b6b9da14641d3c478df2f3da4a2d17eea25691c232d4dbf735c292?s=96&d=mm&r=g\",\"caption\":\"yoctavien\"},\"url\":\"https:\\\/\\\/regions-snetap-fsu.fr\\\/formation\\\/author\\\/yoctavien\\\/\"}]}<\/script>\n<!-- \/ Yoast SEO plugin. -->","yoast_head_json":{"title":"L'intersyndicale a bloqu\u00e9 les corrections \u00e0 Lomme ce mardi 25 juin 2019 ! - Formation des sites R\u00e9gionaux du SNETAP-FSU","robots":{"index":"index","follow":"follow","max-snippet":"max-snippet:-1","max-image-preview":"max-image-preview:large","max-video-preview":"max-video-preview:-1"},"canonical":"https:\/\/regions-snetap-fsu.fr\/formation\/2019\/06\/25\/lintersyndicale-a-bloque-les-corrections-a-lomme-ce-mardi-25-juin-2019\/","og_locale":"fr_FR","og_type":"article","og_title":"L'intersyndicale a bloqu\u00e9 les corrections \u00e0 Lomme ce mardi 25 juin 2019 ! - Formation des sites R\u00e9gionaux du SNETAP-FSU","og_description":"L&rsquo;intersyndicale a bloqu\u00e9 les corrections \u00e0 Lomme ce mardi 25 juin 2019 ! Une vingtaine de militant\u00b7es de l&rsquo;intersyndicale des Hauts-de-France ont bloqu\u00e9 les corrections du baccalaur\u00e9at au Lyc\u00e9e horticole de Lomme. Retour de cette action qui dans le calme fut un succ\u00e8s et a permis d&rsquo;obtenir une rencontre avec le cabinet du Ministre ce [&hellip;]","og_url":"https:\/\/regions-snetap-fsu.fr\/formation\/2019\/06\/25\/lintersyndicale-a-bloque-les-corrections-a-lomme-ce-mardi-25-juin-2019\/","og_site_name":"Formation des sites R\u00e9gionaux du SNETAP-FSU","article_published_time":"2019-06-25T16:40:48+00:00","author":"yoctavien","twitter_card":"summary_large_image","twitter_misc":{"\u00c9crit par":"yoctavien","Dur\u00e9e de lecture estim\u00e9e":"2 minutes"},"schema":{"@context":"https:\/\/schema.org","@graph":[{"@type":"Article","@id":"https:\/\/regions-snetap-fsu.fr\/formation\/2019\/06\/25\/lintersyndicale-a-bloque-les-corrections-a-lomme-ce-mardi-25-juin-2019\/#article","isPartOf":{"@id":"https:\/\/regions-snetap-fsu.fr\/formation\/2019\/06\/25\/lintersyndicale-a-bloque-les-corrections-a-lomme-ce-mardi-25-juin-2019\/"},"author":{"name":"yoctavien","@id":"https:\/\/regions-snetap-fsu.fr\/formation\/#\/schema\/person\/f5dc7b6354e942ca9c5fa8e9ff7e5c93"},"headline":"L&rsquo;intersyndicale a bloqu\u00e9 les corrections \u00e0 Lomme ce mardi 25 juin 2019 !","datePublished":"2019-06-25T16:40:48+00:00","mainEntityOfPage":{"@id":"https:\/\/regions-snetap-fsu.fr\/formation\/2019\/06\/25\/lintersyndicale-a-bloque-les-corrections-a-lomme-ce-mardi-25-juin-2019\/"},"wordCount":429,"publisher":{"@id":"https:\/\/regions-snetap-fsu.fr\/formation\/#organization"},"articleSection":["Actions - Gr\u00e8ves - Manifs"],"inLanguage":"fr-FR"},{"@type":"WebPage","@id":"https:\/\/regions-snetap-fsu.fr\/formation\/2019\/06\/25\/lintersyndicale-a-bloque-les-corrections-a-lomme-ce-mardi-25-juin-2019\/","url":"https:\/\/regions-snetap-fsu.fr\/formation\/2019\/06\/25\/lintersyndicale-a-bloque-les-corrections-a-lomme-ce-mardi-25-juin-2019\/","name":"L'intersyndicale a bloqu\u00e9 les corrections \u00e0 Lomme ce mardi 25 juin 2019 ! - Formation des sites R\u00e9gionaux du SNETAP-FSU","isPartOf":{"@id":"https:\/\/regions-snetap-fsu.fr\/formation\/#website"},"datePublished":"2019-06-25T16:40:48+00:00","breadcrumb":{"@id":"https:\/\/regions-snetap-fsu.fr\/formation\/2019\/06\/25\/lintersyndicale-a-bloque-les-corrections-a-lomme-ce-mardi-25-juin-2019\/#breadcrumb"},"inLanguage":"fr-FR","potentialAction":[{"@type":"ReadAction","target":["https:\/\/regions-snetap-fsu.fr\/formation\/2019\/06\/25\/lintersyndicale-a-bloque-les-corrections-a-lomme-ce-mardi-25-juin-2019\/"]}]},{"@type":"BreadcrumbList","@id":"https:\/\/regions-snetap-fsu.fr\/formation\/2019\/06\/25\/lintersyndicale-a-bloque-les-corrections-a-lomme-ce-mardi-25-juin-2019\/#breadcrumb","itemListElement":[{"@type":"ListItem","position":1,"name":"Accueil","item":"https:\/\/regions-snetap-fsu.fr\/formation\/"},{"@type":"ListItem","position":2,"name":"L&rsquo;intersyndicale a bloqu\u00e9 les corrections \u00e0 Lomme ce mardi 25 juin 2019 !"}]},{"@type":"WebSite","@id":"https:\/\/regions-snetap-fsu.fr\/formation\/#website","url":"https:\/\/regions-snetap-fsu.fr\/formation\/","name":"Formation des sites R\u00e9gionaux du SNETAP-FSU","description":"","publisher":{"@id":"https:\/\/regions-snetap-fsu.fr\/formation\/#organization"},"potentialAction":[{"@type":"SearchAction","target":{"@type":"EntryPoint","urlTemplate":"https:\/\/regions-snetap-fsu.fr\/formation\/?s={search_term_string}"},"query-input":{"@type":"PropertyValueSpecification","valueRequired":true,"valueName":"search_term_string"}}],"inLanguage":"fr-FR"},{"@type":"Organization","@id":"https:\/\/regions-snetap-fsu.fr\/formation\/#organization","name":"Formation des sites R\u00e9gionaux du SNETAP-FSU","url":"https:\/\/regions-snetap-fsu.fr\/formation\/","logo":{"@type":"ImageObject","inLanguage":"fr-FR","@id":"https:\/\/regions-snetap-fsu.fr\/formation\/#\/schema\/logo\/image\/","url":"https:\/\/regions-snetap-fsu.fr\/formation\/wp-content\/uploads\/sites\/20\/2025\/04\/cropped-Logo_blanc_fond_transparent_1000x755.png","contentUrl":"https:\/\/regions-snetap-fsu.fr\/formation\/wp-content\/uploads\/sites\/20\/2025\/04\/cropped-Logo_blanc_fond_transparent_1000x755.png","width":998,"height":689,"caption":"Formation des sites R\u00e9gionaux du SNETAP-FSU"},"image":{"@id":"https:\/\/regions-snetap-fsu.fr\/formation\/#\/schema\/logo\/image\/"}},{"@type":"Person","@id":"https:\/\/regions-snetap-fsu.fr\/formation\/#\/schema\/person\/f5dc7b6354e942ca9c5fa8e9ff7e5c93","name":"yoctavien","image":{"@type":"ImageObject","inLanguage":"fr-FR","@id":"https:\/\/secure.gravatar.com\/avatar\/382642c092b6b9da14641d3c478df2f3da4a2d17eea25691c232d4dbf735c292?s=96&d=mm&r=g","url":"https:\/\/secure.gravatar.com\/avatar\/382642c092b6b9da14641d3c478df2f3da4a2d17eea25691c232d4dbf735c292?s=96&d=mm&r=g","contentUrl":"https:\/\/secure.gravatar.com\/avatar\/382642c092b6b9da14641d3c478df2f3da4a2d17eea25691c232d4dbf735c292?s=96&d=mm&r=g","caption":"yoctavien"},"url":"https:\/\/regions-snetap-fsu.fr\/formation\/author\/yoctavien\/"}]}},"_links":{"self":[{"href":"https:\/\/regions-snetap-fsu.fr\/formation\/wp-json\/wp\/v2\/posts\/2828","targetHints":{"allow":["GET"]}}],"collection":[{"href":"https:\/\/regions-snetap-fsu.fr\/formation\/wp-json\/wp\/v2\/posts"}],"about":[{"href":"https:\/\/regions-snetap-fsu.fr\/formation\/wp-json\/wp\/v2\/types\/post"}],"author":[{"embeddable":true,"href":"https:\/\/regions-snetap-fsu.fr\/formation\/wp-json\/wp\/v2\/users\/138"}],"replies":[{"embeddable":true,"href":"https:\/\/regions-snetap-fsu.fr\/formation\/wp-json\/wp\/v2\/comments?post=2828"}],"version-history":[{"count":0,"href":"https:\/\/regions-snetap-fsu.fr\/formation\/wp-json\/wp\/v2\/posts\/2828\/revisions"}],"wp:attachment":[{"href":"https:\/\/regions-snetap-fsu.fr\/formation\/wp-json\/wp\/v2\/media?parent=2828"}],"wp:term":[{"taxonomy":"category","embeddable":true,"href":"https:\/\/regions-snetap-fsu.fr\/formation\/wp-json\/wp\/v2\/categories?post=2828"},{"taxonomy":"post_tag","embeddable":true,"href":"https:\/\/regions-snetap-fsu.fr\/formation\/wp-json\/wp\/v2\/tags?post=2828"},{"taxonomy":"post_folder","embeddable":true,"href":"https:\/\/regions-snetap-fsu.fr\/formation\/wp-json\/wp\/v2\/post_folder?post=2828"}],"curies":[{"name":"wp","href":"https:\/\/api.w.org\/{rel}","templated":true}]}}